{"id":8381,"count":104,"description":"","link":"https:\/\/www.emagister.com\/blog\/empleo\/mercado-laboral\/","name":"Mercado laboral","slug":"mercado-laboral","taxonomy":"category","parent":8334,"meta":[],"acf":{"subtitulo":"","estilo_titulo":"","articulos_fijos":[{"ID":49377,"post_author":"255","post_date":"2020-02-03 09:38:07","post_date_gmt":"2020-02-03 08:38:07","post_content":"<p style=\"text-align: justify;\"><strong>Trabajar desde casa<\/strong> es una actividad cada vez m\u00e1s frecuente. De hecho, hay <a href=\"https:\/\/www.emagister.com\/blog\/5-profesiones-ideales-para-teletrabajo\/\">algunas profesiones<\/a> en las que el desplazamiento al lugar de trabajo se convierte en una simple formalidad. Por este motivo, muchas empresas est\u00e1n empezando a fomentar el<strong> teletrabajo<\/strong>, una f\u00f3rmula para ahorrar tiempo y gastos de desplazamiento. Adem\u00e1s, esta opci\u00f3n aumenta las posibilidades laborales de las personas con movilidad reducida. Tambi\u00e9n se plantea como una herramienta de conciliaci\u00f3n laboral y familiar.\u00a0<!--more--><\/p>\r\n<p style=\"text-align: justify;\">Sin embargo, <strong>la larga tradici\u00f3n de presencialidad<\/strong> en el mercado laboral genera a\u00fan muchos prejuicios. Hay que tener en cuenta que las nuevas tecnolog\u00edas han abierto un nuevo abanico de opciones, pero todav\u00eda estamos en<strong> periodo de adaptaci\u00f3n.<\/strong> Ante todo, hay que desterrar la idea de que trabajar desde casa equivale a no hacer nada o a rendir menos. Por otra parte, los mismos trabajadores deben realizar un esfuerzo para que todo funcione.<\/p>\r\n[my_courses q='teletrabajo eficaz' type='' segment='' category='' method='' size='' page='' sort='' show_more_link='' av_uid='av-14n5t8h' custom_class=''][\/my_courses]\r\n<p style=\"text-align: justify;\">En este post te presentamos algunos consejos b\u00e1sicos. \u00bfEres aut\u00f3nomo y trabajas desde casa? \u00bfTu empresa te ha propuesto probar el teletrabajo? \u00bfViajas a menudo y no tienes un puesto de trabajo fijo? Estas <strong>10 acciones<\/strong> te lo pondr\u00e1n f\u00e1cil para rendir sin interferencias. \u00a1Ponlas en pr\u00e1ctica y d\u00e9jate de prejuicios!<\/p>\r\n\r\n<h3 style=\"text-align: justify;\"><strong>10 claves para que el teletrabajo funcione<\/strong><\/h3>\r\n<ol>\r\n \t<li style=\"text-align: justify;\"><strong>Considerarlo un trabajo tan serio como el presencial. <\/strong>Lo m\u00e1s importante es que t\u00fa mismo te lo tomes en serio. As\u00ed pues, debes valorar este empleo como cualquier otro.<\/li>\r\n \t<li style=\"text-align: justify;\"><strong>Marcarse unos horarios y h\u00e1bitos estrictos.<\/strong> Otra cuesti\u00f3n b\u00e1sica es establecer una rutina diaria. En este sentido, es recomendable poner el despertador con tiempo, ducharse y desayunar antes de empezar. Igual que si tuvi\u00e9ramos que salir de casa.<\/li>\r\n \t<li style=\"text-align: justify;\"><strong>Tener un espacio propio donde trabajar.<\/strong> Trabajar en el dormitorio o la cocina no es buena idea. El desorden o la asociaci\u00f3n de ideas con otras obligaciones nos pueden desconcentrar.<\/li>\r\n \t<li style=\"text-align: justify;\"><strong>Mantener el contacto con los compa\u00f1eros.<\/strong> Aunque no los veamos a diario, hay muchas maneras de tener una relaci\u00f3n fluida con los compa\u00f1eros: quedar para comer, hablar por las redes sociales, trabajar presencialmente algunos d\u00edas, etc.<\/li>\r\n \t<li style=\"text-align: justify;\"><strong>Separar el ocio de las obligaciones laborales.<\/strong> El teletrabajo tiene el riesgo de volvernos adictos al mundo laboral. Aunque tengamos acceso al sistema de la empresa o al mail de trabajo, hay que saber separar las diversas parcelas de la vida.<\/li>\r\n \t<li style=\"text-align: justify;\"><strong>No llevar una vida sedentaria.<\/strong> Si trabajamos desde casa y adem\u00e1s salimos poco a la calle, estamos expuestos a problemas de salud. As\u00ed pues, antes o despu\u00e9s de trabajar, m\u00e1rcate como objetivo hacer ejercicio.<\/li>\r\n \t<li style=\"text-align: justify;\"><strong>Hacer peque\u00f1as pausas para comer o estirar los m\u00fasculos.<\/strong> Las contracturas pueden aparecer si estamos mucho rato en la misma posici\u00f3n. Igualmente, tenemos derecho a parar durante unos minutos para coger fuerzas.<\/li>\r\n \t<li style=\"text-align: justify;\"><strong>No consultar las redes sociales.<\/strong> Cuando trabajamos solos y desde casa, la tentaci\u00f3n de consultar las redes sociales es mayor. Ev\u00edtalas.<\/li>\r\n \t<li style=\"text-align: justify;\"><strong>Tener un mail y un tel\u00e9fono de trabajo.<\/strong> Es \u00fatil para separar la parcela personal de la laboral. No uses el correo electr\u00f3nico privado para trabajar.<\/li>\r\n \t<li style=\"text-align: justify;\"><strong>Contar con el apoyo de quienes conviven con nosotros.<\/strong> La familia debe contribuir a respetar los espacios y a no molestar.<\/li>\r\n<\/ol>\r\n[my_courses q='teletrabajo prevencion' type='' segment='' category='' method='' size='' page='' sort='' show_more_link='' av_uid='av-nmthk1' custom_class=''][\/my_courses]","post_title":"10 consejos para tener \u00e9xito en el teletrabajo","post_excerpt":"","post_status":"publish","comment_status":"open","ping_status":"closed","post_password":"","post_name":"10-consejos-exito-teletrabajo","to_ping":"","pinged":"","post_modified":"2020-04-16 11:56:18","post_modified_gmt":"2020-04-16 09:56:18","post_content_filtered":"","post_parent":0,"guid":"https:\/\/www.emagister.com\/blog\/?p=49377","menu_order":0,"post_type":"post","post_mime_type":"","comment_count":"10","filter":"raw"},{"ID":38508,"post_author":"239","post_date":"2022-10-11 10:37:14","post_date_gmt":"2022-10-11 08:37:14","post_content":"<!-- wp:paragraph -->\n<p><span style=\"font-weight: 400;\">Las buenas ideas, la necesidad de reinventarse o de encontrar una ocupaci\u00f3n ideal, el esfuerzo por adaptarse a las condiciones de ciertos mercados, o la importancia de dar respuesta a los nuevos problemas que van surgiendo cada d\u00eda en nuestra sociedad, son algunos de los catalizadores que llevan a la creaci\u00f3n de <\/span><b>nuevas profesiones<\/b><span style=\"font-weight: 400;\">. Algunas de ellas es posible que no duren demasiado, pero al parecer, otras han llegado no solo para quedarse sino para convertirse en algo habitual dentro de unos a\u00f1os. <\/span><\/p>\n<!-- \/wp:paragraph -->\n\n<!-- wp:paragraph -->\n<p><span style=\"font-weight: 400;\">A continuaci\u00f3n, te vamos a contar cu\u00e1les son algunas de estas nuevas profesiones e intentaremos descubrir qu\u00e9 formaci\u00f3n (\u00a1o formaciones!) es necesaria para poder desarrollarlas. Como podr\u00e1s comprobar, las hay en muy diversos sectores.<\/span><\/p>\n<!-- \/wp:paragraph -->\n\n<!-- wp:paragraph -->\n<p><b>Dise\u00f1ador de \u00f3rganos<\/b><\/p>\n<!-- \/wp:paragraph -->\n\n<!-- wp:paragraph -->\n<p><span style=\"font-weight: 400;\">La revoluci\u00f3n de las impresoras 3D ofrece infinitas posibilidades, y las aplicaciones en el sector sanitario van a cambiar la historia de la medicina. El dise\u00f1ador de \u00f3rganos se encarga crear \u00f3rganos para probar nuevos f\u00e1rmacos o espec\u00edficos para cada paciente. Esto \u00faltimo no es todav\u00eda posible, pero son diversas las empresas que est\u00e1n trabajando en ello. Tambi\u00e9n se dedican de la bioimpresi\u00f3n en investigaci\u00f3n oncol\u00f3gica, del desarrollo de pr\u00f3tesis o implantes personalizados &nbsp;y de la creaci\u00f3n de nuevos f\u00e1rmacos.<\/span><\/p>\n<!-- \/wp:paragraph -->\n\n<!-- wp:paragraph -->\n<p><span style=\"font-weight: 400;\">El dise\u00f1ador de \u00f3rganos es un ingeniero con conocimientos de biomedicina, o un bi\u00f3logo experto en impresi\u00f3n 3D.<\/span><\/p>\n<!-- \/wp:paragraph -->\n\n<!-- wp:paragraph -->\n<p><span style=\"font-weight: 400;\">Formaci\u00f3n necesaria: <\/span><\/p>\n<!-- \/wp:paragraph -->\n\n<!-- wp:list -->\n<ul><li><a href=\"https:\/\/www.emagister.com\/impresion-3d-tps-7697752.htm\"><span style=\"font-weight: 400;\">Cursos de impresi\u00f3n 3D<\/span><\/a><\/li><li><a href=\"https:\/\/www.emagister.com\/universidades\/grado-biologia-tit-182.htm\"><span style=\"font-weight: 400;\">Biolog\u00eda<\/span><\/a><\/li><li><a href=\"https:\/\/www.emagister.com\/universidades\/grado-biotecnologia-tit-269.htm\"><span style=\"font-weight: 400;\">Biotecnolog\u00eda<\/span><\/a><\/li><li><a href=\"https:\/\/www.emagister.com\/universidades\/grado-ingenieria-del-software-tit-282.htm\"><span style=\"font-weight: 400;\">Ingenier\u00eda del Software<\/span><\/a><\/li><li><a href=\"https:\/\/www.emagister.com\/formacion-profesional\/curso-formacion-profesional-imagen-para-diagnostico-medicina-nuclear-stematica-1060.htm\"><span style=\"font-weight: 400;\">Ciclo Superior de FP de Imagen para el Diagn\u00f3stico y Medicina Nuclear.<\/span><\/a><\/li><li><a href=\"https:\/\/www.emagister.com\/universidades\/grado-medicina-tit-249.htm\"><span style=\"font-weight: 400;\">Medicina<\/span><\/a><span style=\"font-weight: 400;\">.<\/span><\/li><\/ul>\n<!-- \/wp:list -->\n\n<!-- wp:shortcode -->\n[my_courses q='biomedico impresion 3d' type='' segment='' category='' method='' size='' page='' sort='' show_more_link='' custom_class='' av_uid='av-q8vwa0']\n<!-- \/wp:shortcode -->\n\n<!-- wp:paragraph -->\n<p><b>Agricultor Chef<\/b><\/p>\n<!-- \/wp:paragraph -->\n\n<!-- wp:paragraph -->\n<p><span style=\"font-weight: 400;\">Para explicarlo en pocas palabras: el cocinero que tiene su propio huerto. Esta profesi\u00f3n surge de la colaboraci\u00f3n entre chefs y agricultores que trabajan juntos para controlar toda la cadena por la que pasa un alimento hasta que llega a la cocina. La creciente preocupaci\u00f3n, adem\u00e1s, por una alimentaci\u00f3n saludable y por la \u00f3ptima combinaci\u00f3n de alimentos de calidad, hacen que este tipo nuevo de profesional necesite tambi\u00e9n tener conocimientos de diet\u00e9tica y nutrici\u00f3n. <\/span><\/p>\n<!-- \/wp:paragraph -->\n\n<!-- wp:paragraph -->\n<p><span style=\"font-weight: 400;\">Formaci\u00f3n necesaria:<\/span><\/p>\n<!-- \/wp:paragraph -->\n\n<!-- wp:list -->\n<ul><li><a href=\"https:\/\/www.emagister.com\/universidades\/carreras-universitarias-cocina-tematica-754.htm\"><span style=\"font-weight: 400;\">Ciencias Gastron\u00f3micas y Culinarias<\/span><\/a><\/li><li><a href=\"https:\/\/www.emagister.com\/formacion-profesional\/curso-formacion-profesional-cocina-restauracion-stematica-959.htm\"><span style=\"font-weight: 400;\">FP B\u00e1sica de Cocina y Restauraci\u00f3n<\/span><\/a><\/li><li><a href=\"https:\/\/www.emagister.com\/formacion-profesional\/curso-formacion-profesional-actividades-agropecuarias-stematica-950.htm\"><span style=\"font-weight: 400;\">FP B\u00e1sica de Actividades Agropecuarias<\/span><\/a><\/li><li><a href=\"https:\/\/www.emagister.com\/formacion-profesional\/curso-formacion-profesional-cocina-gastronomia-stematica-71.htm\"><span style=\"font-weight: 400;\">Grado Medio en Cocina y Gastronom\u00eda<\/span><\/a><\/li><li><a href=\"https:\/\/www.emagister.com\/formacion-profesional\/curso-formacion-profesional-produccion-agroecologica-stematica-12.htm\"><span style=\"font-weight: 400;\">Grado Medio en Producci\u00f3n Agroecol\u00f3gica<\/span><\/a><\/li><li><a href=\"https:\/\/www.emagister.com\/formacion-profesional\/curso-formacion-profesional-direccion-cocina-stematica-73.htm\"><span style=\"font-weight: 400;\">Grado Superior de Direcci\u00f3n de Cocina<\/span><\/a><\/li><li><a href=\"https:\/\/www.emagister.com\/universidades\/carreras-universitarias-nutricion-tematica-175.htm\"><span style=\"font-weight: 400;\">Carrera de Nutrici\u00f3n Humana y Diet\u00e9tica<\/span><\/a><\/li><\/ul>\n<!-- \/wp:list -->\n\n<!-- wp:shortcode -->\n[my_courses q='chef agricultura' type='' segment='' category='' method='' size='' page='' sort='' show_more_link='' custom_class='' av_uid='av-q8vwa0']\n<!-- \/wp:shortcode -->\n\n<!-- wp:paragraph -->\n<p><b>Piloto de drones (RPAS)<\/b><\/p>\n<!-- \/wp:paragraph -->\n\n<!-- wp:paragraph -->\n<p><span style=\"font-weight: 400;\">La implantaci\u00f3n de los drones en diversas \u00e1reas es ya una realidad, y para manejarlos es preciso, no solo contar con una formaci\u00f3n adecuada sino tambi\u00e9n con una licencia espec\u00edfica. Las RPAS (<\/span><span style=\"font-weight: 400;\">por sus siglas en ingl\u00e9s, <\/span><i><span style=\"font-weight: 400;\">Remotedly Piloted Aircraft System<\/span><\/i><span style=\"font-weight: 400;\">) ya se est\u00e1n utilizando en la agricultura, la seguridad industrial, en la industria cinematogr\u00e1fica, en sistemas de detecci\u00f3n y vigilancia, en tareas de salvamento\u2026 e incluso para actividades de ocio como las carreras. <\/span><a href=\"https:\/\/www.emagister.com\/blog\/necesitas-piloto-drones\/\"><span style=\"font-weight: 400;\">En este art\u00edculo de nuestro blog<\/span><\/a><span style=\"font-weight: 400;\"> encontrar\u00e1s m\u00e1s informaci\u00f3n. Pero incluso en este campo ya est\u00e1 apareciendo la especializaci\u00f3n, por lo que un perfil que, adem\u00e1s, incorpore conocimientos de electr\u00f3nica o de desarrollo de aplicaciones abren las posibilidades de encontrar empleo.<\/span><\/p>\n<!-- \/wp:paragraph -->\n\n<!-- wp:paragraph -->\n<p><span style=\"font-weight: 400;\">Formaci\u00f3n necesaria: <\/span><\/p>\n<!-- \/wp:paragraph -->\n\n<!-- wp:list -->\n<ul><li><a href=\"https:\/\/www.emagister.com\/i\/cursos-piloto-drones-kwes-42272020040449535065545266978099.htm\"><span style=\"font-weight: 400;\">Curso de piloto de RPAS<\/span><\/a><\/li><li><a href=\"https:\/\/www.emagister.com\/formacion-profesional\/curso-formacion-profesional-electricidad-electronica-stematica-956.htm\"><span style=\"font-weight: 400;\">FP B\u00e1sica de Electricidad y Electr\u00f3nica<\/span><\/a><\/li><li><a href=\"https:\/\/www.emagister.com\/formacion-profesional\/curso-formacion-profesional-desarrollo-aplicaciones-multiplataforma-stematica-113.htm\"><span style=\"font-weight: 400;\">FP de Grado Superior de Desarrollo de Aplicaciones Multiplataforma<\/span><\/a><\/li><li><a href=\"https:\/\/www.emagister.com\/formacion-profesional\/curso-formacion-profesional-mantenimiento-electronico-stematica-879.htm\"><span style=\"font-weight: 400;\">FP de Grado Superior de Mantenimiento Electr\u00f3nico<\/span><\/a><\/li><li><a href=\"https:\/\/www.emagister.com\/universidades\/grado-ingenieria-electronica-industrial-automatica-tit-229.htm\"><span style=\"font-weight: 400;\">Ingenier\u00eda Electr\u00f3nica y Autom\u00e1tica<\/span><\/a><\/li><\/ul>\n<!-- \/wp:list -->\n\n<!-- wp:shortcode -->\n[my_courses q='piloto drones' type='' segment='' category='' method='' size='' page='' sort='' show_more_link='' custom_class='' av_uid='av-q8vwa0']\n<!-- \/wp:shortcode -->\n\n<!-- wp:paragraph -->\n<p><b><i>Compliance officer<\/i><\/b><\/p>\n<!-- \/wp:paragraph -->\n\n<!-- wp:paragraph -->\n<p><span style=\"font-weight: 400;\">Los compliance officer o responsables de cumplimiento normativo suponen una nueva especializaci\u00f3n en el mundo de la abogac\u00eda. Estos profesionales se encargan de la implantaci\u00f3n de modelos de prevenci\u00f3n de delitos y se exige a las empresas para evitar comportamientos fraudulentos que se puedan producir a nivel interno. Su funci\u00f3n, por tanto es la de establecer los mecanismos necesarios para garantizar que tanto socios como empleados cumplan con las diferentes normativas. Por tanto, adem\u00e1s de conocimientos de derecho y espec\u00edficos de compliance, es necesario tambi\u00e9n tener nociones de aquello a lo que se dedica la compa\u00f1\u00eda (financiera, industria\u2026)<\/span><\/p>\n<!-- \/wp:paragraph -->\n\n<!-- wp:paragraph -->\n<p><span style=\"font-weight: 400;\">Formaci\u00f3n necesaria:<\/span><\/p>\n<!-- \/wp:paragraph -->\n\n<!-- wp:list -->\n<ul><li style=\"font-weight: 400;\"><a href=\"https:\/\/www.emagister.com\/universidades\/grado-derecho-tit-192.htm\"><span style=\"font-weight: 400;\">Carrera de Derecho<\/span><\/a><\/li><li style=\"font-weight: 400;\"><a href=\"https:\/\/www.emagister.com\/compliance-tps-1470767.htm\"><span style=\"font-weight: 400;\">M\u00e1ster en <\/span><i><span style=\"font-weight: 400;\">Compliance<\/span><\/i><\/a><\/li><\/ul>\n<!-- \/wp:list -->\n\n<!-- wp:shortcode -->\n[my_courses q='compliance officer' type='' segment='' category='' method='' size='' page='' sort='' show_more_link='' custom_class='' av_uid='av-q8vwa0']\n<!-- \/wp:shortcode -->\n\n<!-- wp:paragraph -->\n<p><b>Responable de relaciones virtuales<\/b><\/p>\n<!-- \/wp:paragraph -->\n\n<!-- wp:paragraph -->\n<p><span style=\"font-weight: 400;\">Son los encargados de gestionar equipos en un entorno en el que todo est\u00e1 conectado a internet, siendo especialistas en trabajar con los avatares e identidades digitales de los usuarios, incluso de investigar la imagen online de futuros aspirantes a trabajar en una empresa. Se prev\u00e9 que cada vez m\u00e1s entren a formar parte de los departamentos de Recursos Humanos de diferentes compa\u00f1\u00edas, como ya lo son los responsables de prevenci\u00f3n de riesgos o de relaciones laborales.<\/span><\/p>\n<!-- \/wp:paragraph -->\n\n<!-- wp:paragraph -->\n<p><span style=\"font-weight: 400;\">Formaci\u00f3n necesaria:<\/span><\/p>\n<!-- \/wp:paragraph -->\n\n<!-- wp:list -->\n<ul><li style=\"font-weight: 400;\"><a href=\"https:\/\/www.emagister.com\/universidades\/grado-relaciones-laborales-recursos-humanos-tit-188.htm\"><span style=\"font-weight: 400;\">Carrera de Relaciones Laborales y Recursos Humanos<\/span><\/a><\/li><li style=\"font-weight: 400;\"><a href=\"https:\/\/www.emagister.com\/rrhh-2-0-tps-10150184.htm\"><span style=\"font-weight: 400;\">Master en Recursos Humanos 2.0<\/span><\/a><\/li><li style=\"font-weight: 400;\"><a href=\"https:\/\/www.emagister.com\/master\/master-marketing-digital-kwes-36405.htm\"><span style=\"font-weight: 400;\">Cursos o Masters en Marketing Digital<\/span><\/a><\/li><\/ul>\n<!-- \/wp:list -->\n\n<!-- wp:shortcode -->\n[my_courses q='recursos humanos 2.0' type='' segment='' category='' method='' size='' page='' sort='' show_more_link='' custom_class='' av_uid='av-q8vwa0']\n<!-- \/wp:shortcode -->\n\n<!-- wp:paragraph -->\n<p><b>Almacenador de Energ\u00eda<\/b><\/p>\n<!-- \/wp:paragraph -->\n\n<!-- wp:paragraph -->\n<p><span style=\"font-weight: 400;\">Es un profesional que se encarga de crear soluciones para canalizar y almacenar la energ\u00eda que se genera, especialmente mediante sistemas de energ\u00edas renovables. Pero no estamos hablando solamente de energ\u00eda e\u00f3lica o fotovoltaica, sino tambi\u00e9n de nuevas maneras de generar energ\u00eda, por ejemplo a trav\u00e9s de la piel, de la ropa o de otras soluciones creativas.<\/span><\/p>\n<!-- \/wp:paragraph -->\n\n<!-- wp:paragraph -->\n<p><span style=\"font-weight: 400;\">Formaci\u00f3n necesaria:<\/span><\/p>\n<!-- \/wp:paragraph -->\n\n<!-- wp:list -->\n<ul><li style=\"font-weight: 400;\"><a href=\"https:\/\/www.emagister.com\/universidades\/grado-ingenieria-tecnologias-industriales-tit-234.htm\"><span style=\"font-weight: 400;\">Ingenier\u00eda Industrial<\/span><\/a><\/li><li style=\"font-weight: 400;\"><a href=\"https:\/\/www.emagister.com\/master\/master-energias-renovables-tematica-781.htm\"><span style=\"font-weight: 400;\">M\u00e1sters de Eficiencia Energ\u00e9tica y Energ\u00edas Renovables<\/span><\/a><\/li><\/ul>\n<!-- \/wp:list -->\n\n<!-- wp:shortcode -->\n[my_courses q='almacenamiento energia' type='' segment='' category='' method='' size='' page='' sort='' show_more_link='' custom_class='' av_uid='av-q8vwa0']\n<!-- \/wp:shortcode -->\n\n<!-- wp:paragraph -->\n<p><b>Agregador de Talento<\/b><\/p>\n<!-- \/wp:paragraph -->\n\n<!-- wp:paragraph -->\n<p><span style=\"font-weight: 400;\">La implantaci\u00f3n de la <\/span><i><span style=\"font-weight: 400;\">gig economy<\/span><\/i><span style=\"font-weight: 400;\"> o el trabajo por proyectos est\u00e1 llevando a que las empresas necesiten un profesional experto en encontrar a otros profesionales adecuados para las necesidades de un proyecto temporal o por un per\u00edodo determinado. Es aqu\u00ed donde entra en juego el agregador de talento, que es un especialista en construir equipos y trabajar con bases de datos de profesionales de diferentes sectores. Se trata de una evoluci\u00f3n del <\/span><i><span style=\"font-weight: 400;\">headhunting<\/span><\/i><span style=\"font-weight: 400;\"> o reclutamiento de perfiles especializados, y que conoce a la perfecci\u00f3n el sector en el que opera su compa\u00f1\u00eda. <\/span><\/p>\n<!-- \/wp:paragraph -->\n\n<!-- wp:paragraph -->\n<p><span style=\"font-weight: 400;\">Formaci\u00f3n necesaria:<\/span><\/p>\n<!-- \/wp:paragraph -->\n\n<!-- wp:list -->\n<ul><li style=\"font-weight: 400;\"><a href=\"https:\/\/www.emagister.com\/universidades\/grado-relaciones-laborales-recursos-humanos-tit-188.htm\"><span style=\"font-weight: 400;\">Carrera de Relaciones Laborales y Recursos Humanos<\/span><\/a><\/li><li style=\"font-weight: 400;\"><a href=\"https:\/\/www.emagister.com\/universidades\/grado-psicologia-tit-255.htm\"><span style=\"font-weight: 400;\">Carrera de Psicolog\u00eda<\/span><\/a><\/li><li style=\"font-weight: 400;\"><span style=\"font-weight: 400;\">Master en Recursos Humanos<\/span><\/li><\/ul>\n<!-- \/wp:list -->\n\n<!-- wp:shortcode -->\n[my_courses q='seleccion talento rrhh' type='' segment='' category='' method='' size='' page='' sort='' show_more_link='' custom_class='' av_uid='av-q8vwa0']\n<!-- \/wp:shortcode -->\n\n<!-- wp:paragraph -->\n<p><span style=\"font-weight: 400;\">Como puedes comprobar, estas nuevas profesiones son muy distintas entre s\u00ed, y aparecen por la evoluci\u00f3n de sectores espec\u00edficos o por la suma de dos o m\u00e1s disciplinas. <a href=\"https:\/\/www.emagister.com\/blog\/las-profesiones-del-futuro-ya-estan-aqui-ii\/\">En este enlace puedes leer la segunda parte de este art\u00edculo<\/a>.<\/span><\/p>\n<!-- \/wp:paragraph -->\n\n<!-- wp:paragraph -->\n<p><span style=\"font-weight: 400;\">\u00bfY t\u00fa? \u00bfHas realizado alguna de estas formaciones que te van a preparar para los nuevos retos del mercado laboral? No olvides compartir tu opini\u00f3n con los dem\u00e1s en Emagister (tanto si los has realizado a trav\u00e9s de nuestra plataforma como si no), y as\u00ed estar\u00e1s ayudando a que otras personas elijan su mejor formaci\u00f3n.<\/span><\/p>\n<!-- \/wp:paragraph -->\n\n<!-- wp:paragraph -->\n<p><span style=\"font-weight: 400;\">Fuente: <\/span><span style=\"font-weight: 400;\">Expansi\u00f3n<\/span><\/p>\n<!-- \/wp:paragraph -->","post_title":"Las profesiones del futuro... que ya est\u00e1n aqu\u00ed (I)","post_excerpt":"","post_status":"publish","comment_status":"open","ping_status":"closed","post_password":"","post_name":"las-profesiones-del-futuro-ya-estan-aqui-i","to_ping":"","pinged":"","post_modified":"2022-10-11 10:41:55","post_modified_gmt":"2022-10-11 08:41:55","post_content_filtered":"","post_parent":0,"guid":"https:\/\/www.emagister.com\/blog\/?p=38508","menu_order":0,"post_type":"post","post_mime_type":"","comment_count":"2","filter":"raw"},{"ID":38517,"post_author":"239","post_date":"2022-10-11 10:26:23","post_date_gmt":"2022-10-11 08:26:23","post_content":"<!-- wp:paragraph -->\n<p><span style=\"font-weight: 400;\">El mercado laboral no es estanco, sino que siempre est\u00e1 en constante evoluci\u00f3n. Incluso en los momentos en los que la econom\u00eda pasa por una mala \u00e9poca, o precisamente por eso, van apareciendo <\/span><b>nuevas profesiones<\/b><span style=\"font-weight: 400;\"> que si bien antes ni siquiera exist\u00edan, pueden llegar a ser claves en el futuro.<\/span><\/p>\n<!-- \/wp:paragraph -->\n\n<!-- wp:paragraph -->\n<p><a href=\"https:\/\/www.emagister.com\/blog\/las-profesiones-del-futuro-ya-estan-aqui-i\/\"><span style=\"font-weight: 400;\">En este art\u00edculo<\/span><\/a><span style=\"font-weight: 400;\"> ya os habl\u00e1bamos sobre algunas de ellas, como la de<\/span><b> piloto de drones<\/b><span style=\"font-weight: 400;\">, <\/span><b>dise\u00f1ador de \u00f3rganos<\/b><span style=\"font-weight: 400;\"> o <\/span><b><i>compliance officer<\/i><\/b><span style=\"font-weight: 400;\">. Hoy os traemos la segunda parte de este art\u00edculo en la que descubriremos otras siete de estas profesiones que nos hacen pensar en el futuro pero que en realidad est\u00e1n muy presentes. Y lo m\u00e1s interesante de todo: qu\u00e9 formaci\u00f3n necesitas para poder dedicarte a ellas.<\/span><\/p>\n<!-- \/wp:paragraph -->\n\n<!-- wp:paragraph -->\n<p><b>Arquitecto de nuevas realidades<\/b><\/p>\n<!-- \/wp:paragraph -->\n\n<!-- wp:paragraph -->\n<p><span style=\"font-weight: 400;\">Se trata de un experto en dise\u00f1ar y\/o desarrollar entornos basado en la realidad virtual (un escenario ficticio) o en la realidad aumentada (un entorno real con aplicaciones virtuales). Lo primero que nos viene a la mente son los videojuegos, pero tanto la realidad vrtual como la aumentada tienen sus aplicaciones en el campo de la salud (entrenamiento para cirujanos, tratamiento de fobias), la automovil\u00edstica (dise\u00f1o de prototipos) o incluso el turismo o la educaci\u00f3n. Los creadores de estos entornos generalmente se integran en un equipo multisdiplinar, t\u00e9cnico y creativo, pero cada vez m\u00e1s se tiende a demandar los dos perfiles en uno.<\/span><\/p>\n<!-- \/wp:paragraph -->\n\n<!-- wp:paragraph -->\n<p><span style=\"font-weight: 400;\">Formaci\u00f3n necesaria:<\/span><\/p>\n<!-- \/wp:paragraph -->\n\n<!-- wp:list -->\n<ul><li><a href=\"https:\/\/www.emagister.com\/formacion-profesional\/curso-formacion-profesional-animaciones-3d-juegos-entornos-interactivos-stematica-886.htm\"><span style=\"font-weight: 400;\">Grado Superior de FP de Animaciones 3D, Juegos y Entornos Interactivos<\/span><\/a><\/li><li><a href=\"https:\/\/www.emagister.com\/formacion-profesional\/curso-formacion-profesional-desarrollo-aplicaciones-multiplataforma-stematica-113.htm\"><span style=\"font-weight: 400;\">Grado Superior de FP de Desarrollo de Aplicaciones Multiplataforma<\/span><\/a><\/li><li><a href=\"https:\/\/www.emagister.com\/universidades\/grado-ingenieria-del-software-tit-282.htm\"><span style=\"font-weight: 400;\">Ingenier\u00eda de Software<\/span><\/a><\/li><li><a href=\"https:\/\/www.emagister.com\/master-oficial\/master-oficial-desarrollo-aplicaciones-kwes-3137.htm\"><span style=\"font-weight: 400;\">M\u00e1ster de Desarrollo de Aplicaciones<\/span><\/a><\/li><li><a href=\"https:\/\/www.emagister.com\/i\/cursos-metaverso-kwes-42272020040449535065545267459656.htm\">Cursos de Metaverso<\/a><\/li><\/ul>\n<!-- \/wp:list -->\n\n<!-- wp:shortcode -->\n[my_courses q='realidad virtual' type='' segment='' category='' method='' size='' page='' sort='' show_more_link='' custom_class='' av_uid='av-q8vwa0']\n<!-- \/wp:shortcode -->\n\n<!-- wp:paragraph -->\n<p><b>Arque\u00f3logo Digital<\/b><\/p>\n<!-- \/wp:paragraph -->\n\n<!-- wp:paragraph -->\n<p><span style=\"font-weight: 400;\">Es un profesional que se encarga de gestionar los problemas relacionados con la identidad digital, tanto de empresas como de personas. Sus tareas van desde el conseguir el borrado de informaci\u00f3n que pueda da\u00f1ar la imagen de su cliente a investigar contenidos antiguos que han quedado olvidados en la red. Se trata de un perfil mixto que combine los conocimientos inform\u00e1ticos con los jur\u00eddicos, especialmente los relacionados con las leyes de protecci\u00f3n de datos.<\/span><\/p>\n<!-- \/wp:paragraph -->\n\n<!-- wp:paragraph -->\n<p><span style=\"font-weight: 400;\">Formaci\u00f3n necesaria:<\/span><\/p>\n<!-- \/wp:paragraph -->\n\n<!-- wp:list -->\n<ul><li style=\"font-weight: 400;\"><a href=\"https:\/\/www.emagister.com\/universidades\/grado-derecho-tit-192.htm\"><span style=\"font-weight: 400;\">Carrera de Derecho<\/span><\/a><\/li><li style=\"font-weight: 400;\"><a href=\"https:\/\/www.emagister.com\/master\/master-marketing-digital-kwes-36405.htm\"><span style=\"font-weight: 400;\">Cursos o Masters en Marketing Digital<\/span><\/a><\/li><li style=\"font-weight: 400;\"><a href=\"https:\/\/www.emagister.com\/master\/master-proteccion-datos-kwes-729.htm\"><span style=\"font-weight: 400;\">M\u00e1sters relacionados con la Protecci\u00f3n de Datos<\/span><\/a><\/li><\/ul>\n<!-- \/wp:list -->\n\n<!-- wp:shortcode -->\n[my_courses q='proteccion datos' type='' segment='' category='' method='' size='' page='' sort='' show_more_link='' custom_class='' av_uid='av-q8vwa0']\n<!-- \/wp:shortcode -->\n\n<!-- wp:paragraph -->\n<p><b>Experto en ciberseguridad<\/b><\/p>\n<!-- \/wp:paragraph -->\n\n<!-- wp:paragraph -->\n<p><span style=\"font-weight: 400;\">En este caso estamos hablando de diferentes perfiles profesionales que se encargan de evitar los ciberataques en empresas privadas y entidades p\u00fablicas. Por un lado tenemos al <\/span><b>CISO (<\/b><b><i>Chief Information Security Officer<\/i><\/b><b>) <\/b><span style=\"font-weight: 400;\">u<\/span><b> Oficial de Seguridad de la Informaci\u00f3n<\/b><span style=\"font-weight: 400;\">, que es el ejecutivo que se encarga de establecer las pol\u00edticas de seguridad de una organizaci\u00f3n. Por otro lado est\u00e1n los <\/span><b>consultores de <\/b><b><i>hacking<\/i><\/b><b> \u00e9tico<\/b><span style=\"font-weight: 400;\">, que para resumir diremos que son hackers que se encargan de poner a prueba la seguridad de la empresa e implementarla. Por \u00faltimo, est\u00e1 la figura del <\/span><b>DPO (<\/b><b><i>Data Protection Officer<\/i><\/b><b>) <\/b><span style=\"font-weight: 400;\">o<\/span><b> Delegado de Protecci\u00f3n de Datos<\/b><span style=\"font-weight: 400;\">,<\/span> <span style=\"font-weight: 400;\">que a partir de 2018 va a ser una figura obligatoria en la Administraci\u00f3n y en algunas empresas privadas, y que es un abogado especializado en Protecci\u00f3n de Datos<\/span><\/p>\n<!-- \/wp:paragraph -->\n\n<!-- wp:paragraph -->\n<p><span style=\"font-weight: 400;\">Formaci\u00f3n necesaria:<\/span><\/p>\n<!-- \/wp:paragraph -->\n\n<!-- wp:list -->\n<ul><li><a href=\"https:\/\/www.emagister.com\/master\/master-seguridad-informatica-tematica-276.htm\"><span style=\"font-weight: 400;\">M\u00e1ster en Seguridad de la Informaci\u00f3n Empresarial<\/span><\/a><span style=\"font-weight: 400;\">.<\/span><\/li><li><a href=\"https:\/\/www.emagister.com\/universidades\/grado-ingenieria-del-software-tit-282.htm\"><span style=\"font-weight: 400;\">Ingenier\u00eda del Software<\/span><\/a><\/li><li><a href=\"https:\/\/www.emagister.com\/universidades\/grado-derecho-tit-192.htm\"><span style=\"font-weight: 400;\">Carrera de Derecho<\/span><\/a><\/li><li><a href=\"https:\/\/www.emagister.com\/master\/master-proteccion-datos-kwes-729.htm\"><span style=\"font-weight: 400;\">M\u00e1sters relacionados con la Protecci\u00f3n de Datos<\/span><\/a><\/li><\/ul>\n<!-- \/wp:list -->\n\n<!-- wp:shortcode -->\n[my_courses q='ciberseguridad' type='' segment='' category='' method='' size='' page='' sort='' show_more_link='' custom_class='' av_uid='av-q8vwa0']\n<!-- \/wp:shortcode -->\n\n<!-- wp:paragraph -->\n<p><b><i>Growth Hacker<\/i><\/b><\/p>\n<!-- \/wp:paragraph -->\n\n<!-- wp:paragraph -->\n<p><span style=\"font-weight: 400;\">Uno de los caminos que pueden tomar los expertos en m\u00e1rketing digital es el de convertirse en un experto en identificar e implementar nuevas maneras de hacer crecer a una empresa en intenet. Se trata de perfiles tanto anal\u00edticos como creativos que adem\u00e1s tengan nociones de psicolog\u00eda del usuario, usabilidad y desarrollo de producto.<\/span><\/p>\n<!-- \/wp:paragraph -->\n\n<!-- wp:paragraph -->\n<p><span style=\"font-weight: 400;\">Formaci\u00f3n necesaria:<\/span><\/p>\n<!-- \/wp:paragraph -->\n\n<!-- wp:list -->\n<ul><li><a href=\"https:\/\/www.emagister.com\/i\/formacion-profesional\/curso-formacion-profesional-marketing-publicidad-stematica-874.htm\"><span style=\"font-weight: 400;\">Grado Superior de FP de Marketing y Publicidad<\/span><\/a><\/li><li><a href=\"https:\/\/www.emagister.com\/universidades\/grado-marketing-tit-275.htm\"><span style=\"font-weight: 400;\">Grado Universitario de Marketing<\/span><\/a><\/li><li><a href=\"https:\/\/www.emagister.com\/universidades\/grado-publicidad-relaciones-publicas-tit-256.htm\"><span style=\"font-weight: 400;\">Grado Universitario de Publicidad<\/span><\/a><\/li><li><a href=\"https:\/\/www.emagister.com\/master\/master-marketing-digital-kwes-36405.htm\"><span style=\"font-weight: 400;\">M\u00e1ster en Marketing Digital<\/span><\/a><\/li><li><a href=\"https:\/\/www.emagister.com\/master\/master-analisis-datos-kwes-1778.htm\"><span style=\"font-weight: 400;\">Master en An\u00e1lisis de Datos<\/span><\/a><\/li><\/ul>\n<!-- \/wp:list -->\n\n<!-- wp:shortcode -->\n[my_courses q='growth hacker' type='' segment='' category='' method='' size='' page='' sort='' show_more_link='' custom_class='' av_uid='av-q8vwa0']\n<!-- \/wp:shortcode -->\n\n<!-- wp:paragraph -->\n<p><b>Enfermero de la salud medioambiental<\/b><\/p>\n<!-- \/wp:paragraph -->\n\n<!-- wp:paragraph -->\n<p><span style=\"font-weight: 400;\">Se trata en realidad de m\u00e9dicos especialistas en enfermedades provocadas por el entorno o la alimentaci\u00f3n, como el estr\u00e9s, las alergias, intolerancias, hipersensibilidades a ciertos productos qu\u00edmicos o enfermedades raras. Pueden ser tanto m\u00e9dicos que trabajen en hospitales como en departamentos de calidad de ciertas empresas o nutricionistas.<\/span><\/p>\n<!-- \/wp:paragraph -->\n\n<!-- wp:paragraph -->\n<p><span style=\"font-weight: 400;\">Formaci\u00f3n necesaria:<\/span><\/p>\n<!-- \/wp:paragraph -->\n\n<!-- wp:list -->\n<ul><li style=\"font-weight: 400;\"><a href=\"https:\/\/www.emagister.com\/universidades\/carreras-universitarias-nutricion-tematica-175.htm\"><span style=\"font-weight: 400;\">Carrera de Nutrici\u00f3n Humana y Diet\u00e9tica<\/span><\/a><\/li><li style=\"font-weight: 400;\"><a href=\"https:\/\/www.emagister.com\/universidades\/grado-medicina-tit-249.htm\"><span style=\"font-weight: 400;\">Medicina<\/span><\/a><\/li><li style=\"font-weight: 400;\"><a href=\"https:\/\/www.emagister.com\/master\/patologia-clinica-tps-1157863.htm\"><span style=\"font-weight: 400;\">Cursos o Masters en Patolog\u00eda Ambiental<\/span><\/a><\/li><\/ul>\n<!-- \/wp:list -->\n\n<!-- wp:shortcode -->\n[my_courses q='enfermeria ambiental' type='' segment='' category='' method='' size='' page='' sort='' show_more_link='' custom_class='' av_uid='av-q8vwa0']\n<!-- \/wp:shortcode -->\n\n<!-- wp:paragraph -->\n<p><b>Experto en videojuegos<\/b><\/p>\n<!-- \/wp:paragraph -->\n\n<!-- wp:paragraph -->\n<p><span style=\"font-weight: 400;\">La industria de los videojuegos hace tiempo que ha superado en facturaci\u00f3n a la musical y cinematogr\u00e1fica, y las tecnolog\u00edas m\u00f3viles no han hecho sino aumentar este crecimiento. En esta categor\u00eda, en realidad entran distintos tipos de profesionales, entre los que encontramos programadores, animadores, dibujantes y dise\u00f1adores (gr\u00e1ficos y de UX), desarrolladores (del juego y de apps), expertos en realidad virtual y analistas de datos\u2026 entre muchos otros.<\/span><\/p>\n<!-- \/wp:paragraph -->\n\n<!-- wp:paragraph -->\n<p><span style=\"font-weight: 400;\">En este blog tenemos varios art\u00edculos sobre el tema que sirven para ampliar esta informaci\u00f3n:<\/span><\/p>\n<!-- \/wp:paragraph -->\n\n<!-- wp:list -->\n<ul><li style=\"font-weight: 400;\"><a href=\"https:\/\/www.emagister.com\/blog\/blog\/que-necesito-para-ser-disenador-de-videojuegos\/\"><span style=\"font-weight: 400;\">\u00bfQu\u00e9 necesito para ser dise\u00f1ador de videojuegos?<\/span><\/a><\/li><li style=\"font-weight: 400;\"><a href=\"https:\/\/www.emagister.com\/blog\/blog\/que-tengo-que-estudiar-para-programar-videojuegos-y-que-lenguajes-son-los-mas-utilizados\/\"><span style=\"font-weight: 400;\">Qu\u00e9 tengo que estudiar para programar videojuegos y qu\u00e9 lenguajes son los m\u00e1s utilizados<\/span><\/a><\/li><li style=\"font-weight: 400;\"><span style=\"font-weight: 400;\"><a href=\"https:\/\/www.emagister.com\/blog\/blog\/que-tengo-que-estudiar-para-dedicarme-la-produccion-de-videojuegos\/\">\u00bfQu\u00e9 tengo que estudiar para dedicarme a la producci\u00f3n de videojuegos?<\/a><\/span><\/li><\/ul>\n<!-- \/wp:list -->\n\n<!-- wp:paragraph -->\n<p><span style=\"font-weight: 400;\">Formaci\u00f3n necesaria:<\/span><\/p>\n<!-- \/wp:paragraph -->\n\n<!-- wp:list -->\n<ul><li><a href=\"https:\/\/www.emagister.com\/universidades\/carreras-universitarias-diseno-videojuegos-tematica-773.htm\"><span style=\"font-weight: 400;\">Grado en Dise\u00f1o y Desarrollo de Videojuegos<\/span><\/a><\/li><li><a href=\"https:\/\/www.emagister.com\/master\/master-diseno-grafico-tematica-414.htm\"><span style=\"font-weight: 400;\">M\u00e1sters en Dise\u00f1o Gr\u00e1fico<\/span><\/a><\/li><li><a href=\"https:\/\/www.emagister.com\/universidades\/carreras-universitarias-ingenieria-informatica-tematica-59.htm\"><span style=\"font-weight: 400;\">Ingenier\u00eda Inform\u00e1tica<\/span><\/a><\/li><li><span style=\"font-weight: 400;\">Cursos de <\/span><a href=\"https:\/\/www.emagister.com\/cursos-lenguaje-c-tematica-552.htm\"><span style=\"font-weight: 400;\">C#<\/span><\/a><span style=\"font-weight: 400;\">, <\/span><a href=\"https:\/\/www.emagister.com\/cursos-javascript-tematica-558.htm\"><span style=\"font-weight: 400;\">JavaScript<\/span><\/a><span style=\"font-weight: 400;\">, <\/span><a href=\"https:\/\/www.emagister.com\/cursos-java-tematica-551.htm\"><span style=\"font-weight: 400;\">Java<\/span><\/a><span style=\"font-weight: 400;\">, <\/span><a href=\"https:\/\/www.emagister.com\/cursos-objective-c-kwes-1000006526.htm\"><span style=\"font-weight: 400;\">Objective-C<\/span><\/a><span style=\"font-weight: 400;\">\u2026<\/span><\/li><li><a href=\"https:\/\/www.emagister.com\/cursos-gestion-proyectos-tematica-587.htm\"><span style=\"font-weight: 400;\">Cursos de Gesti\u00f3n de Proyectos<\/span><\/a><\/li><li><a href=\"https:\/\/www.emagister.com\/formacion-profesional\/curso-formacion-profesional-animaciones-3d-juegos-entornos-interactivos-stematica-886.htm\"><span style=\"font-weight: 400;\">Grado Superior de FP de Animaciones 3D, Juegos y Entornos Interactivos<\/span><\/a><\/li><li><a href=\"https:\/\/www.emagister.com\/formacion-profesional\/curso-formacion-profesional-desarrollo-aplicaciones-multiplataforma-stematica-113.htm\"><span style=\"font-weight: 400;\">Grado Superior de FP de Desarrollo de Aplicaciones Multiplataforma<\/span><\/a><\/li><li><a href=\"https:\/\/www.emagister.com\/universidades\/grado-ingenieria-del-software-tit-282.htm\"><span style=\"font-weight: 400;\">Ingenier\u00eda de Software<\/span><\/a><\/li><li><a href=\"https:\/\/www.emagister.com\/master-oficial\/master-oficial-desarrollo-aplicaciones-kwes-3137.htm\"><span style=\"font-weight: 400;\">M\u00e1ster de Desarrollo de Aplicaciones<\/span><\/a><\/li><li><a href=\"https:\/\/www.emagister.com\/master\/master-analisis-datos-kwes-1778.htm\"><span style=\"font-weight: 400;\">Master en An\u00e1lisis de Datos<\/span><\/a><\/li><\/ul>\n<!-- \/wp:list -->\n\n<!-- wp:shortcode -->\n[my_courses q='videojuegos' type='' segment='' category='' method='' size='' page='' sort='' show_more_link='' custom_class='' av_uid='av-q8vwa0']\n<!-- \/wp:shortcode -->\n\n<!-- wp:paragraph -->\n<p><b>Tecn\u00f3logo financiero<\/b><\/p>\n<!-- \/wp:paragraph -->\n\n<!-- wp:paragraph -->\n<p><span style=\"font-weight: 400;\">Se trata de un especialista en finanzas digitales que empieza a estar muy buscado tanto por bancos tradicionales como por las nuevas empresas \u201c<\/span><i><span style=\"font-weight: 400;\">fintech<\/span><\/i><span style=\"font-weight: 400;\">\u201d que est\u00e1n apareciendo en el mercado. Son profesionales que provienen del mundo de las empresariales o la econom\u00eda, pero tambi\u00e9n hay matem\u00e1ticos, inform\u00e1ticos o expertos en estad\u00edstica con experiencia en finanzas.<\/span><\/p>\n<!-- \/wp:paragraph -->\n\n<!-- wp:paragraph -->\n<p><span style=\"font-weight: 400;\">Formaci\u00f3n necesaria:<\/span><\/p>\n<!-- \/wp:paragraph -->\n\n<!-- wp:list -->\n<ul><li style=\"font-weight: 400;\"><a href=\"https:\/\/www.emagister.com\/universidades\/grado-administracion-direccion-empresas-tit-196.htm\"><span style=\"font-weight: 400;\">Grado en Administraci\u00f3n y Direcci\u00f3n de Empresas<\/span><\/a><\/li><li style=\"font-weight: 400;\"><a href=\"https:\/\/www.emagister.com\/master\/master-analisis-datos-kwes-1778.htm\"><span style=\"font-weight: 400;\">Master en An\u00e1lisis de Datos<\/span><\/a><\/li><li style=\"font-weight: 400;\"><a href=\"https:\/\/www.emagister.com\/master\/master-economia-tematica-48.htm\"><span style=\"font-weight: 400;\">Master en Econom\u00eda<\/span><\/a><\/li><\/ul>\n<!-- \/wp:list -->\n\n<!-- wp:shortcode -->\n[my_courses q='tecnologia financiera' type='' segment='' category='' method='' size='' page='' sort='' show_more_link='' custom_class='' av_uid='av-q8vwa0']\n<!-- \/wp:shortcode -->\n\n<!-- wp:paragraph -->\n<p><span style=\"font-weight: 400;\">Estas son solo algunas de las nuevas profesiones que est\u00e1n apareciendo por la evoluci\u00f3n de sectores espec\u00edficos, necesidades que antes no exist\u00edan o por la suma de varias disciplinas.<\/span><\/p>\n<!-- \/wp:paragraph -->\n\n<!-- wp:paragraph -->\n<p><span style=\"font-weight: 400;\">\u00bfY t\u00fa? \u00bfHas realizado alguna de estas formaciones que te van a preparar para los nuevos retos del mercado laboral? No olvides compartir tu opini\u00f3n con los dem\u00e1s en Emagister (tanto si los has realizado a trav\u00e9s de nuestra plataforma como si no), y as\u00ed estar\u00e1s ayudando a que otras personas elijan su mejor formaci\u00f3n.<\/span><\/p>\n<!-- \/wp:paragraph -->\n\n<!-- wp:paragraph -->\n<p><span style=\"font-weight: 400;\">Fuente: <\/span><span style=\"font-weight: 400;\">Expansi\u00f3n<\/span><\/p>\n<!-- \/wp:paragraph -->","post_title":"Las profesiones del futuro... que ya est\u00e1n aqu\u00ed (y II)","post_excerpt":"","post_status":"publish","comment_status":"open","ping_status":"closed","post_password":"","post_name":"las-profesiones-del-futuro-ya-estan-aqui-ii","to_ping":"","pinged":"","post_modified":"2022-10-11 10:29:27","post_modified_gmt":"2022-10-11 08:29:27","post_content_filtered":"","post_parent":0,"guid":"https:\/\/www.emagister.com\/blog\/?p=38517","menu_order":0,"post_type":"post","post_mime_type":"","comment_count":"0","filter":"raw"},{"ID":16919,"post_author":"96","post_date":"2022-12-13 14:51:36","post_date_gmt":"2022-12-13 13:51:36","post_content":"<!-- wp:paragraph -->\n<p><\/p>\n<!-- \/wp:paragraph -->\n\n<!-- wp:paragraph -->\n<p>Las <strong>competencias profesionales<\/strong> son las capacidades que tenemos para poner en pr\u00e1ctica todos nuestros conocimientos, habilidades y valores en el \u00e1mbito profesional. Son las &nbsp;cualidades que en los \u00faltimos a\u00f1os han cobrado una especial relevancia en los procesos de selecci\u00f3n.<\/p>\n<!-- \/wp:paragraph -->\n\n<!-- wp:paragraph -->\n<p>Dichos procesos son cada vez m\u00e1s exhaustivos y detallados con el fin de recopilar la mayor cantidad de informaci\u00f3n sobre los posibles candidatos. Los reclutadores han encontrado nuevas metodolog\u00edas de calidad para determinar cu\u00e1les son los puntos fuertes y d\u00e9biles de cada uno de los perfiles que desean acceder a un puesto de trabajo. El objetivo principal es saber cu\u00e1les son las habilidades o <em>skills<\/em>, y as\u00ed poder encontrar <strong>\"el mejor talento\"<\/strong>.<\/p>\n<!-- \/wp:paragraph -->\n\n<!-- wp:paragraph -->\n<p>A continuaci\u00f3n desde <a href=\"https:\/\/www.emagister.com\"><strong>Emagister<\/strong><\/a> os detallaremos las 11 competencias m\u00e1s demandadas en las entrevistas de trabajo:<\/p>\n<!-- \/wp:paragraph -->\n\n<!-- wp:heading {\"level\":3} -->\n<h3><b>Desarrollo de ideas y capacidad para innovar<\/b> <\/h3>\n<!-- \/wp:heading -->\n\n<!-- wp:paragraph -->\n<p>Es la habilidad para ofrecer creatividad y originalidad. Un estilo innovador permite pensar en las maneras en las que &nbsp;se puede mejorar en el futuro. El desarrollo de nuevas ideas permiten mejorar procesos, proyectos, metodolog\u00edas de trabajo en situaciones concretas y en general en cualquier sector de la empresa.<\/p>\n<!-- \/wp:paragraph -->\n\n<!-- wp:heading {\"level\":3} -->\n<h3><b>Productividad y capacidad para trabajar con rigor<\/b><\/h3>\n<!-- \/wp:heading -->\n\n<!-- wp:paragraph -->\n<p>Trabajar con calidad y en forma detallada. Es la capacidad para focalizarse en el aprendizaje para conseguir profundizar y desarrollar conocimientos y habilidades espec\u00edficas en \u00e1reas concretas de la compa\u00f1\u00eda. Esta habilidad tambi\u00e9n est\u00e1 relacionada con la mejora del propio rendimiento, gestionando adecuadamente el tiempo seg\u00fan las diferentes actividades, estableciendo prioridades, desarrollando pr\u00e1cticas de mejora y realizando un seguimiento de todas las tareas con el fin de medir los resultados.<\/p>\n<!-- \/wp:paragraph -->\n\n<!-- wp:heading {\"level\":3} -->\n<h3><b>Capacidad anal\u00edtica, pensamiento cr\u00edtico<\/b><\/h3>\n<!-- \/wp:heading -->\n\n<!-- wp:paragraph -->\n<p>Entender y analizar de forma profunda la informaci\u00f3n. Evaluando problemas, creando argumentos s\u00f3lidos para presentar puntos de vistas basados en hechos concretos con el fin de tomar decisiones acertadas y positivas para la compa\u00f1\u00eda.<\/p>\n<!-- \/wp:paragraph -->\n\n<!-- wp:heading {\"level\":3} -->\n<h3><b>Dominios de las nuevas Tecnolog\u00edas (TIC)<\/b><\/h3>\n<!-- \/wp:heading -->\n\n<!-- wp:paragraph -->\n<p>Hoy cualquier puesto de trabajo requiere un buen uso de la tecnolog\u00eda. Desde navegar por Internet hasta el &nbsp;uso de programas inform\u00e1ticos espec\u00edficos, generales y redes sociales. Adem\u00e1s algunos expertos consideran que el propio profesional debe preocuparse por crear y gestionar su propia marca personal.<\/p>\n<!-- \/wp:paragraph -->\n\n<!-- wp:heading {\"level\":3} -->\n<h3><b>Capacidad de comunicaci\u00f3n<\/b><\/h3>\n<!-- \/wp:heading -->\n\n<!-- wp:paragraph -->\n<p>Transmitir informaci\u00f3n de forma eficaz y comunicar opiniones con seguridad, confianza y convicci\u00f3n. Esto es una habilidad importante, que permite que sean valoradas las opiniones del trabajador e incluso logre convencer a los dem\u00e1s.&nbsp;Dentro de las capacidades para comunicarse, los reclutadores consideran las escucha activa, la habilidad para interactuar con asertividad, empat\u00eda y adem\u00e1s de relaciones sociales cordiales, rec\u00edprocas y c\u00e1lidas con su entorno y red de contacto. El fin es favorecer a los proyectos dentro y fuera de la empresa.<\/p>\n<!-- \/wp:paragraph -->\n\n<!-- wp:heading {\"level\":3} -->\n<h3><b>Identificaci\u00f3n y compromiso con la compa\u00f1\u00eda<\/b><\/h3>\n<!-- \/wp:heading -->\n\n<!-- wp:paragraph -->\n<p>Capacidad de compromiso y de involucrarse con las necesidades, principios&nbsp;y objetivos de la organizaci\u00f3n. Implica una gran vinculaci\u00f3n con el proyecto y &nbsp;estar dispuesto a realizar grandes esfuerzos para llegar a los objetivos que plantea la compa\u00f1\u00eda.<\/p>\n<!-- \/wp:paragraph -->\n\n<!-- wp:heading {\"level\":3} -->\n<h3><b>Trabajo en equipo<\/b><\/h3>\n<!-- \/wp:heading -->\n\n<!-- wp:paragraph -->\n<p>Trabajar en colaboraci\u00f3n con otras personas hacia un objetivo en com\u00fan. La idea es que el profesional proponga ideas o ayude a concretarlas, respetando las opiniones de los dem\u00e1s sin necesidad de sobresalir ni de ser el \u201cprotagonista\u201d.<\/p>\n<!-- \/wp:paragraph -->\n\n<!-- wp:heading {\"level\":3} -->\n<h3><b>Capacidad para gestionar el estr\u00e9s<\/b><\/h3>\n<!-- \/wp:heading -->\n\n<!-- wp:paragraph -->\n<p>Trabajar con un alto nivel de presi\u00f3n y responsabilidad. Es la habilidad para enfrentar con determinaci\u00f3n los retos y desaf\u00edos que impone el trabajo.<\/p>\n<!-- \/wp:paragraph -->\n\n<!-- wp:heading {\"level\":3} -->\n<h3><b>Adaptaci\u00f3n o flexibilidad<\/b><\/h3>\n<!-- \/wp:heading -->\n\n<!-- wp:paragraph -->\n<p>Las empresas necesitan profesionales que sepan adaptarse y trabajar eficientemente en distintas situaciones, personas o grupos. Personas que sepan aceptar diferentes puntos de vista, cambiar y aceptar f\u00e1cilmente los cambios en la propia organizaci\u00f3n, siendo flexibles ante nuevas ideas, &nbsp;cambios y enfoques.&nbsp;En este aspecto tambi\u00e9n se valora muy positivamente la capacidad de aprender y el inter\u00e9s por reciclarse profesionalmente y llegar a desarrollar una visi\u00f3n global de la empresa<\/p>\n<!-- \/wp:paragraph -->\n\n<!-- wp:heading {\"level\":3} -->\n<h3 id=\"h-orientacion-al-logro\"><b>Orientaci\u00f3n al logro<\/b><\/h3>\n<!-- \/wp:heading -->\n\n<!-- wp:paragraph -->\n<p>Contribuir a la consecuci\u00f3n de resultados y a conseguir objetivos. Es el tipo de profesional que probablemente trabaje m\u00e1s duro que muchos otros para cumplir con los objetivos y desarrollar actividades. \u201cHacer que las cosas sucedan\u201d.<\/p>\n<!-- \/wp:paragraph -->\n\n<!-- wp:generateblocks\/headline {\"uniqueId\":\"fa095c14\",\"element\":\"h3\"} -->\n<h3 class=\"gb-headline gb-headline-fa095c14 gb-headline-text\"><strong><b>Identificaci\u00f3n de oportunidades y resoluci\u00f3n de problemas<\/b><\/strong><\/h3>\n<!-- \/wp:generateblocks\/headline -->\n\n<!-- wp:paragraph -->\n<p>Identificar los problemas, obst\u00e1culos u oportunidades que se pueden presentar dentro de una compa\u00f1\u00eda y responder con una acci\u00f3n determinada. Capacidad para evitar problemas o crear oportunidades futuras, con &nbsp;una fuerte resistencia hacia el abandono o frustraci\u00f3n. Las empresas buscan reclutar profesionales capaces de resolver problemas de forma r\u00e1pida.<\/p>\n<!-- \/wp:paragraph -->\n\n<!-- wp:paragraph -->\n<p><\/p>\n<!-- \/wp:paragraph -->","post_title":"Las 11 skills m\u00e1s demandadas en las entrevistas de trabajo","post_excerpt":"","post_status":"publish","comment_status":"open","ping_status":"closed","post_password":"","post_name":"competencias-profesionales-mas-valoradas-en-el-mercado-laboral","to_ping":"","pinged":"","post_modified":"2022-12-13 14:51:38","post_modified_gmt":"2022-12-13 13:51:38","post_content_filtered":"","post_parent":0,"guid":"https:\/\/www.emagister.com\/blog\/?p=16919","menu_order":877,"post_type":"post","post_mime_type":"","comment_count":"2","filter":"raw"},{"ID":18989,"post_author":"141","post_date":"2022-12-13 15:06:53","post_date_gmt":"2022-12-13 14:06:53","post_content":"<!-- wp:paragraph -->\n<p>Sobrepasas los 50 a\u00f1os y tienes m\u00e1s de veinte de experiencia en el sector en el que trabajabas hasta hace dos d\u00edas. Desafortunadamente, la empresa para la que prestabas tus servicios decide prescindir de ti, &nbsp;como tantas otras empresas que deben hacer recortes, y t\u00fa, como tantos otros que se han quedado desempleados en un mal momento.<\/p>\n<!-- \/wp:paragraph -->\n\n<!-- wp:paragraph -->\n<p>Hoy en d\u00eda <strong>buscar trabajo<\/strong> es complicado, para j\u00f3venes y no tan j\u00f3venes. Pero eso no significa que sea imposible. El primer consejo es no perder la confianza en uno mismo y a partir de ah\u00ed, abrirse a las diferentes posibilidades que se nos ofrezcan. No prestes demasiada atenci\u00f3n a las estad\u00edsticas que pretenden derrumbar la moral de todo desempleado. Perm\u00edtete el tiempo justo para descansar, ver las cosas con perspectiva y comprender que a\u00fan tienes la energ\u00eda para seguir trabajando.<\/p>\n<!-- \/wp:paragraph -->\n\n<!-- wp:paragraph -->\n<p>Sigue leyendo los siguientes consejos que te ofrecemos y c\u00e9ntrate en hacer tus mejores esfuerzos por conseguir un nuevo reto profesional.<\/p>\n<!-- \/wp:paragraph -->\n\n<!-- wp:heading {\"level\":3} -->\n<h3 id=\"h-estrategias-para-encontrar-un-trabajo-pasados-los-50\">Estrategias para encontrar un trabajo pasados los 50<\/h3>\n<!-- \/wp:heading -->\n\n<!-- wp:list -->\n<ul><li><strong>Mejora tus habilidades en el uso de las nuevas tecnolog\u00edas.<\/strong> Hoy en d\u00eda se hace pr\u00e1cticamente imprescindible saber usar un ordenador, empieza desde lo m\u00e1s b\u00e1sico con la mecanograf\u00eda y hazte experto en ofim\u00e1tica. Si ya vienes de vuelta con estos temas, aprende programaci\u00f3n y prueba suerte en el mundo de las app.<\/li><li><strong>\u00c1brete a nuevos mercados.<\/strong> Buscar trabajo a los 50 no tiene por qu\u00e9 significar buscar un reemplazo en lo mismo que has estado haciendo durante\u00a0los \u00faltimos veinte a\u00f1os. Rec\u00edclate, analiza tus conocimientos y la experiencia que ya posees y estudia en qu\u00e9 otros campos puedes aplicarlos.<\/li><li><strong>Ampl\u00eda tu red de contactos.<\/strong> La gente que te rodea debe saber que est\u00e1s en b\u00fasqueda activa de empleo, pero no te limites a ellos. Si tienes tiempo, busca una causa por la que hacer voluntariado o ap\u00fantate a alguna asociaci\u00f3n. En definitiva, se trata de extender las posibilidades en tu b\u00fasqueda a la vez que sigues desarrollando tus habilidades. Adem\u00e1s, al mantenerte activo rellenar\u00e1s ese temido hueco temporal en el curr\u00edculum.<\/li><li><strong>Explora el networking online.<\/strong> Desde LinkedIn, pasando por Facebook, Twitter y aterrizando en los blogs, Internet ofrece un mundo de posibilidades para estar conectados con otros profesionales y miles de empresas que buscan gente dispuesta a asumir nuevos retos. Aprende a usar Wordpress y empieza a hacerte una marca digital.<\/li><li><strong>Emprende junto a un joven.<\/strong> Nunca es tarde para hacer realidad aquel proyecto que siempre quisiste hacer, y recuerda que no est\u00e1s solo en el exigente camino de la b\u00fasqueda de empleo. Forma un t\u00e1ndem senior-junior, hay mucha gente joven con mucho talento y energ\u00eda, t\u00fa pones la serenidad y la experiencia.<\/li><li><strong>Ponte en forma.<\/strong> Buscar empleo es un trabajo en s\u00ed mismo y puede resultar agotador. No olvides aquello del \u00ab<em>mens sana in corpore sano<\/em>\u00bb, haz ejercicio para equilibrar la balanza, f\u00edsica y mental.<\/li><li><strong>S\u00e9 flexible.<\/strong> No te cierres exclusivamente a lo que ya sabes del mundo porque el mundo cambia cada d\u00eda, de manera exponencial. Solo los que son capaces de adaptarse a esos cambios y se mantienen\u00a0constantes en su b\u00fasqueda lograr\u00e1n lo que se propongan.<\/li><\/ul>\n<!-- \/wp:list -->","post_title":"Profesionales a los 50 a\u00f1os, \u00bfhay empleo?","post_excerpt":"","post_status":"publish","comment_status":"open","ping_status":"closed","post_password":"","post_name":"profesionales-los-50-anos-hay-empleo","to_ping":"","pinged":"","post_modified":"2022-12-13 15:06:55","post_modified_gmt":"2022-12-13 14:06:55","post_content_filtered":"","post_parent":0,"guid":"https:\/\/www.emagister.com\/blog\/?p=18989","menu_order":639,"post_type":"post","post_mime_type":"","comment_count":"1","filter":"raw"},{"ID":13790,"post_author":"96","post_date":"2022-12-13 15:15:31","post_date_gmt":"2022-12-13 14:15:31","post_content":"<!-- wp:paragraph -->\n<p>Seg\u00fan algunos expertos en el mercado laboral, en 20 a\u00f1os el 47% de los puestos de trabajo desaparecer\u00e1. Lo cual no significa que habr\u00e1 menos empleo, sino que variar\u00e1 la forma de desarrollarlo. Todo apunta a que los sistemas de organizaci\u00f3n ser\u00e1n diferentes, lo que algunos en la actualidad llaman <em>Econom\u00eda colaborativa<\/em>.<\/p>\n<!-- \/wp:paragraph -->\n\n<!-- wp:paragraph -->\n<p>En un curso enfocado para los trabajadores <a href=\"https:\/\/www.emagister.com\/cursos-emprendedores-kwes-313.htm\" target=\"_blank\" rel=\"noreferrer noopener\">emprendedores<\/a> o freelance organizado por Infojobs, tres expertos en la materia, l\u00edderes en sus propios proyectos, nos cuentan sus experiencias y nos dan algunos consejos para desarrollarte como <a href=\"https:\/\/www.emagister.com\/cursos-empresarios-autonomos-kwes-6961.htm\" target=\"_blank\" rel=\"noreferrer noopener\">trabajador aut\u00f3nomo <\/a>y entender este nuevo tipo de econom\u00eda.<\/p>\n<!-- \/wp:paragraph -->\n\n<!-- wp:paragraph -->\n<p><strong>Javier Creus, la filosof\u00eda de la econom\u00eda colaborativa<\/strong><\/p>\n<!-- \/wp:paragraph -->\n\n<!-- wp:paragraph -->\n<p>Javier Creus es el fundador de Ideas for Change, un grupo de reflexi\u00f3n estrat\u00e9gica para empresas y organizaciones, \u00a0es considerado como uno de los estrategas principales y l\u00edderes de pensamiento en econom\u00eda colaborativa \u00a0y 2P modelos de negocio, la innovaci\u00f3n de los ciudadanos y la sociedad en red en Espa\u00f1a.<\/p>\n<!-- \/wp:paragraph -->\n\n<!-- wp:image {\"align\":\"left\",\"id\":13793,\"linkDestination\":\"custom\"} -->\n<figure class=\"wp-block-image alignleft\"><a href=\"https:\/\/www.emagister.com\/blog\/wp-content\/uploads\/2014\/03\/javier_creus.jpg\"><img src=\"https:\/\/www.emagister.com\/blog\/wp-content\/uploads\/2014\/03\/javier_creus.jpg\" alt=\"javier_creus\" class=\"wp-image-13793\"\/><\/a><\/figure>\n<!-- \/wp:image -->\n\n<!-- wp:paragraph -->\n<p><\/p>\n<!-- \/wp:paragraph -->\n\n<!-- wp:paragraph -->\n<p><strong><em>&nbsp;Sus frases:<\/em><\/strong><\/p>\n<!-- \/wp:paragraph -->\n\n<!-- wp:paragraph -->\n<p>&nbsp;Creus nos habla de conceptos e ideas que tienen algunas empresas que est\u00e1n cambiando la forma de &nbsp;desarrollar su negocio:<\/p>\n<!-- \/wp:paragraph -->\n\n<!-- wp:paragraph -->\n<p>&nbsp;1. \u201cEn WhatsApp son 55 personas que conectan a 50 millones \u00bfC\u00f3mo 55 personas pueden generar tanto valor\u201d.<\/p>\n<!-- \/wp:paragraph -->\n\n<!-- wp:paragraph -->\n<p>&nbsp;2.&nbsp;\u201cLa forma en la que podemos interactuar, no exige que nos conozcamos\u201d. Lo importante es aprovechar las &nbsp; &nbsp;potencialidades de las personas, Pensemos en empoderar a la gente.<\/p>\n<!-- \/wp:paragraph -->\n\n<!-- wp:paragraph -->\n<p>3.&nbsp;\u201cLo inclusivo encuentra la manera de integrar a la gente, es una forma diferente de colaborar en esta nueva econom\u00eda\u201d.<\/p>\n<!-- \/wp:paragraph -->\n\n<!-- wp:paragraph -->\n<p>4. \u201cLas econom\u00eda colaborativas son m\u00e1s eficientes, crecen m\u00e1s r\u00e1pido y piensan diferente, por ello es importante la confianza en estas organizaciones, en los pares, fiarnos de un desconocido. No solo debes confiar en los que llevan tu mismo uniforme\u201d.<\/p>\n<!-- \/wp:paragraph -->\n\n<!-- wp:paragraph -->\n<p>5. \u201cLas econom\u00edas colaborativas comparten, cooperan, tienen un sistema de Holocracia, con cadenas de valores abiertas\u201d.<\/p>\n<!-- \/wp:paragraph -->\n\n<!-- wp:paragraph -->\n<p>6. \u201cEste tipo de econom\u00eda no es una revoluci\u00f3n, es un renacimiento, eres el centro del mundo, puedes hacer varias cosas a la vez\u201d.<\/p>\n<!-- \/wp:paragraph -->\n\n<!-- wp:paragraph -->\n<p>7. \u201cMejor tener conversaciones m\u00e1s que reuniones\u201d.<\/p>\n<!-- \/wp:paragraph -->\n\n<!-- wp:paragraph -->\n<p><strong>Laura Ribas: Consejos para crear tu propia empresa<\/strong><\/p>\n<!-- \/wp:paragraph -->\n\n<!-- wp:paragraph -->\n<p>Laura es directora de una plataforma donde se \u00a0encuentra formaci\u00f3n en marketing online para impulsar a profesionales y negocios con el fin de que alcancen sus objetivos, es experta en emprendimiento online y gesti\u00f3n del talento. Esta consultora y conferenciante, es autora de cursos como <em>Textos que venden<\/em> y <em>Email Marketing F\u00f3rmula Estrat\u00e9gica<\/em>.<\/p>\n<!-- \/wp:paragraph -->\n\n<!-- wp:paragraph -->\n<p>Laura graduada en marketing online por la<a href=\"https:\/\/www.emagister.com\/eae-business-school-barcelona-cursos-55794-centrodetalles.htm\" target=\"_blank\" rel=\"noreferrer noopener\"> EAE <\/a>y en Gesti\u00f3n de Proyectos culturales por la <a href=\"https:\/\/www.emagister.com\/uoc-universitat-oberta-catalunya-cursos-64377-centrodetalles.htm\" target=\"_blank\" rel=\"noreferrer noopener\">UOC<\/a> y con un <em>Bachelor in Arts and Graphic Design por la Southampton University (UK)<\/em>,habla que su experiencia m\u00e1s valorada es la aprendida por la vida misma.<\/p>\n<!-- \/wp:paragraph -->\n\n<!-- wp:image {\"align\":\"left\",\"id\":13794,\"linkDestination\":\"custom\"} -->\n<figure class=\"wp-block-image alignleft\"><a href=\"https:\/\/www.emagister.com\/blog\/wp-content\/uploads\/2014\/03\/laura_ribas.jpg\"><img src=\"https:\/\/www.emagister.com\/blog\/wp-content\/uploads\/2014\/03\/laura_ribas.jpg\" alt=\"laura_ribas\" class=\"wp-image-13794\"\/><\/a><\/figure>\n<!-- \/wp:image -->\n\n<!-- wp:paragraph -->\n<p><strong>5 Consejos de Laura:<\/strong><\/p>\n<!-- \/wp:paragraph -->\n\n<!-- wp:paragraph -->\n<p>1. Puedes pasar de negocio <em>offline<\/em> a negocio <em>online<\/em>. Su experiencia as\u00ed lo demuestra, actualmente ha creado su propia empresa con un equipo virtual que lo gestiona con las herramientas que la tecnolog\u00eda le ofrece como: Asana, Google Drive, Google Calendar, Google Sites y Hangouts.<\/p>\n<!-- \/wp:paragraph -->\n\n<!-- wp:paragraph -->\n<p>2. El talento en la punta de los dedos: Actualmente esta joven catalana, cuenta con un equipo multidisciplinario y de todas partes del mundo. Dise\u00f1adores en M\u00e9xico, en Argentina y otras partes de Espa\u00f1a. Adem\u00e1s tiene contratada un Virtual Assistant, persona que se encarga de aquellas tareas que ya no puede ejecutar &nbsp;y le dan el tiempo para pensar y crear ideas para crecer.<\/p>\n<!-- \/wp:paragraph -->\n\n<!-- wp:paragraph -->\n<p>3. Laura nos habla de la importancia de tener colaboraciones estrat\u00e9gicas, conocer y colaborar con m\u00e1s gente para poder crecer.<\/p>\n<!-- \/wp:paragraph -->\n\n<!-- wp:paragraph -->\n<p>4. Crea tu manual de operaciones: Ella ha creado su propia Wiki con los manuales, tutoriales y v\u00eddeos en donde explica a los nuevos empleados todo lo que necesitan saber de la empresa.<\/p>\n<!-- \/wp:paragraph -->\n\n<!-- wp:paragraph -->\n<p>5. Talento vs. habilidades: Laura prefiere trabajar con talentos m\u00e1s que con habilidades. A la hora de reclutar su criterio de selecci\u00f3n es fichar gente talentosa, flexible y con ganas de aprender, personas con potencial de desarrollo. \u201cEl tener talento en tu empresa perfiles <em>Rockstar<\/em> te permite pensar en cosas estrat\u00e9gicas para crecer\u201d.<\/p>\n<!-- \/wp:paragraph -->\n\n<!-- wp:paragraph -->\n<p><strong>Mar Abad, \u201cLo que hemos aprendido por el camino\u201d<\/strong><\/p>\n<!-- \/wp:paragraph -->\n\n<!-- wp:paragraph -->\n<p>Mar es fundadora y redactora \u00a0jefe de la revista Yorokobu, nos explic\u00f3 los inicios de este proyecto y c\u00f3mo han conseguido crear un equipo en red, algo que adem\u00e1s de libertad les ofrece enormes posibilidades en el mercado. Una forma de trabajar que les ha llevado a ser un referente en su sector.<\/p>\n<!-- \/wp:paragraph -->\n\n<!-- wp:image {\"align\":\"left\",\"id\":13796,\"linkDestination\":\"custom\"} -->\n<figure class=\"wp-block-image alignleft\"><a href=\"https:\/\/www.emagister.com\/blog\/wp-content\/uploads\/2014\/03\/mar_abad.jpg\"><img src=\"https:\/\/www.emagister.com\/blog\/wp-content\/uploads\/2014\/03\/mar_abad.jpg\" alt=\"mar_abad\" class=\"wp-image-13796\"\/><\/a><\/figure>\n<!-- \/wp:image -->\n\n<!-- wp:paragraph -->\n<p><strong>Las ideas de Mar:<\/strong><\/p>\n<!-- \/wp:paragraph -->\n\n<!-- wp:paragraph -->\n<p>1. Para crecer necesitas talento, recursos humanos din\u00e1micos y &nbsp;flexibles.<\/p>\n<!-- \/wp:paragraph -->\n\n<!-- wp:paragraph -->\n<p>2. Tener un &nbsp;con la repartici\u00f3n clara de sus funciones. Es fundamental la confianza: varios criterios &nbsp;aportan &nbsp; &nbsp;riqueza.<\/p>\n<!-- \/wp:paragraph -->\n\n<!-- wp:paragraph -->\n<p>3. Es posible trabajar desde casa, conectados a un ordenador, reuniones en un caf\u00e9 y reuniones remotas &nbsp;gracias a la ayuda a la tecnolog\u00eda.<\/p>\n<!-- \/wp:paragraph -->\n\n<!-- wp:paragraph -->\n<p>4. Importante es tener la actitud de aprender, arriesgar, prueba-error, diversificar y no aferrarte a lo que &nbsp;m\u00e1s te gusta. Un equilibrio entre lo que t\u00fa quieres ser con lo que el mercado quiere que seas.<\/p>\n<!-- \/wp:paragraph -->\n\n<!-- wp:paragraph -->\n<p>5. Descubrir qu\u00e9 es lo que mejor funciona y potenciarlo, en vez de focalizarte en &nbsp;buscar problemas, busca la soluci\u00f3n.<\/p>\n<!-- \/wp:paragraph -->\n\n<!-- wp:paragraph -->\n<p>Estos tres emprendedores, precursores de esta nueva econom\u00eda, basados en su experiencia, ven posible que los<em> freelance<\/em>, pueden desarrollar sus propios proyectos y superar a la crisis. \u00bfCrees que son posibles las organizaciones sin asalariados?<\/p>\n<!-- \/wp:paragraph -->\n\n<!-- wp:heading {\"level\":4} -->\n<h4 id=\"h-articulos-relacionados\">Art\u00edculos relacionados:<\/h4>\n<!-- \/wp:heading -->\n\n<!-- wp:list {\"fontSize\":\"medium\"} -->\n<ul class=\"has-medium-font-size\"><li><h5><a title=\"C\u00f3mo convertirte en tu propio jefe\" href=\"https:\/\/www.emagister.com\/blog\/autoempleo-por-donde-empiezo\/\" target=\"_blank\" rel=\"noopener\">C\u00f3mo convertirte en tu propio jefe<\/a> <\/h5><\/li><li><a title=\"\u00bfPuedo facturar sin ser aut\u00f3nomo?\" href=\"https:\/\/www.emagister.com\/blog\/puedo-facturar-sin-ser-autonomo\/\" target=\"_blank\" rel=\"noopener\"><span style=\"font-size: 13px;\">\u00bfPuedo facturar sin ser aut\u00f3nomo?<\/span><\/a><br> <h5>\u00a0<\/h5> <\/li><\/ul>\n<!-- \/wp:list -->","post_title":"Conoce la econom\u00eda colaborativa y hazte aut\u00f3nomo","post_excerpt":"","post_status":"publish","comment_status":"open","ping_status":"closed","post_password":"","post_name":"conoce-la-economia-colaborativa-y-hazte-autonomo","to_ping":"","pinged":"","post_modified":"2022-12-13 15:15:33","post_modified_gmt":"2022-12-13 14:15:33","post_content_filtered":"","post_parent":0,"guid":"https:\/\/www.emagister.com\/blog\/?p=13790","menu_order":1169,"post_type":"post","post_mime_type":"","comment_count":"0","filter":"raw"}],"descripcion_lo_ultimo":"","sidebar":"","enlaces":false,"mostrar_faldon":"1","texto_faldon":"Encuentra en Emagister tu curso ideal","link_faldon":"https:\/\/www.emagister.com","link_texto_faldon":"Buscar cursos","hreflang":[{"url":""}],"fecha":"no"},"z_taxonomy_image_url":"https:\/\/www.emagister.com\/blog\/wp-content\/uploads\/2017\/06\/2-encontrar-empleo.jpg","yoast_head":"<!-- This site is optimized with the Yoast SEO Premium plugin v18.1 (Yoast SEO v27.0) - https:\/\/yoast.com\/product\/yoast-seo-premium-wordpress\/ -->\n<title>Mercado laboral - Blog Emagister<\/title>\n<meta name=\"description\" content=\"Las profesiones m\u00e1s demandadas, los empleos mejor pagados, las profesiones del futuro, el teletrabajo, encontrar empleo despu\u00e9s de los 50, la reducci\u00f3n de jornada, trabajar en verano. Todos estos temas y mucho m\u00e1s en la Gu\u00eda Emagister sobre el Mercado Laboral.\" \/>\n<meta name=\"robots\" content=\"index, follow\" \/>\n<link rel=\"canonical\" href=\"https:\/\/www.emagister.com\/blog\/empleo\/mercado-laboral\/\" \/>\n<meta property=\"og:locale\" content=\"es_ES\" \/>\n<meta property=\"og:type\" content=\"article\" \/>\n<meta property=\"og:title\" content=\"Mercado laboral archivos\" \/>\n<meta property=\"og:description\" content=\"Las profesiones m\u00e1s demandadas, los empleos mejor pagados, las profesiones del futuro, el teletrabajo, encontrar empleo despu\u00e9s de los 50, la reducci\u00f3n de jornada, trabajar en verano. Todos estos temas y mucho m\u00e1s en la Gu\u00eda Emagister sobre el Mercado Laboral.\" \/>\n<meta property=\"og:url\" content=\"https:\/\/www.emagister.com\/blog\/empleo\/mercado-laboral\/\" \/>\n<meta property=\"og:site_name\" content=\"Blog Emagister\" \/>\n<meta name=\"twitter:card\" content=\"summary_large_image\" \/>\n<meta name=\"twitter:site\" content=\"@emagister\" \/>\n<script type=\"application\/ld+json\" class=\"yoast-schema-graph\">{\"@context\":\"https:\/\/schema.org\",\"@graph\":[{\"@type\":\"CollectionPage\",\"@id\":\"https:\/\/www.emagister.com\/blog\/empleo\/mercado-laboral\/\",\"url\":\"https:\/\/www.emagister.com\/blog\/empleo\/mercado-laboral\/\",\"name\":\"Mercado laboral - Blog Emagister\",\"isPartOf\":{\"@id\":\"https:\/\/www.emagister.com\/blog\/#website\"},\"description\":\"Las profesiones m\u00e1s demandadas, los empleos mejor pagados, las profesiones del futuro, el teletrabajo, encontrar empleo despu\u00e9s de los 50, la reducci\u00f3n de jornada, trabajar en verano. Todos estos temas y mucho m\u00e1s en la Gu\u00eda Emagister sobre el Mercado Laboral.\",\"breadcrumb\":{\"@id\":\"https:\/\/www.emagister.com\/blog\/empleo\/mercado-laboral\/#breadcrumb\"},\"inLanguage\":\"es\"},{\"@type\":\"BreadcrumbList\",\"@id\":\"https:\/\/www.emagister.com\/blog\/empleo\/mercado-laboral\/#breadcrumb\",\"itemListElement\":[{\"@type\":\"ListItem\",\"position\":1,\"name\":\"Blog Emagister\",\"item\":\"https:\/\/www.emagister.com\/blog\/\"},{\"@type\":\"ListItem\",\"position\":2,\"name\":\"Encontrar empleo\",\"item\":\"https:\/\/www.emagister.com\/blog\/empleo\/\"},{\"@type\":\"ListItem\",\"position\":3,\"name\":\"Mercado laboral\"}]},{\"@type\":\"WebSite\",\"@id\":\"https:\/\/www.emagister.com\/blog\/#website\",\"url\":\"https:\/\/www.emagister.com\/blog\/\",\"name\":\"Blog Emagister\",\"description\":\"Gu\u00eda de orientaci\u00f3n sobre estudios y tendencias de formaci\u00f3n\",\"publisher\":{\"@id\":\"https:\/\/www.emagister.com\/blog\/#organization\"},\"potentialAction\":[{\"@type\":\"SearchAction\",\"target\":{\"@type\":\"EntryPoint\",\"urlTemplate\":\"https:\/\/www.emagister.com\/blog\/?s={search_term_string}\"},\"query-input\":{\"@type\":\"PropertyValueSpecification\",\"valueRequired\":true,\"valueName\":\"search_term_string\"}}],\"inLanguage\":\"es\"},{\"@type\":\"Organization\",\"@id\":\"https:\/\/www.emagister.com\/blog\/#organization\",\"name\":\"Emagister\",\"url\":\"https:\/\/www.emagister.com\/blog\/\",\"logo\":{\"@type\":\"ImageObject\",\"inLanguage\":\"es\",\"@id\":\"https:\/\/www.emagister.com\/blog\/#\/schema\/logo\/image\/\",\"url\":\"https:\/\/www.emagister.com\/blog\/wp-content\/uploads\/2017\/02\/photo.png\",\"contentUrl\":\"https:\/\/www.emagister.com\/blog\/wp-content\/uploads\/2017\/02\/photo.png\",\"width\":120,\"height\":120,\"caption\":\"Emagister\"},\"image\":{\"@id\":\"https:\/\/www.emagister.com\/blog\/#\/schema\/logo\/image\/\"},\"sameAs\":[\"https:\/\/www.facebook.com\/Emagister\/\",\"https:\/\/x.com\/emagister\",\"https:\/\/www.instagram.com\/emagister\/\",\"https:\/\/www.linkedin.com\/company\/emagister-com\/\",\"https:\/\/www.pinterest.es\/emagister\/\",\"https:\/\/www.youtube.com\/user\/emagister\/\",\"https:\/\/es.wikipedia.org\/wiki\/Emagister\"]}]}<\/script>\n<!-- \/ Yoast SEO Premium plugin. -->","yoast_head_json":{"title":"Mercado laboral - Blog Emagister","description":"Las profesiones m\u00e1s demandadas, los empleos mejor pagados, las profesiones del futuro, el teletrabajo, encontrar empleo despu\u00e9s de los 50, la reducci\u00f3n de jornada, trabajar en verano. Todos estos temas y mucho m\u00e1s en la Gu\u00eda Emagister sobre el Mercado Laboral.","robots":{"index":"index","follow":"follow"},"canonical":"https:\/\/www.emagister.com\/blog\/empleo\/mercado-laboral\/","og_locale":"es_ES","og_type":"article","og_title":"Mercado laboral archivos","og_description":"Las profesiones m\u00e1s demandadas, los empleos mejor pagados, las profesiones del futuro, el teletrabajo, encontrar empleo despu\u00e9s de los 50, la reducci\u00f3n de jornada, trabajar en verano. Todos estos temas y mucho m\u00e1s en la Gu\u00eda Emagister sobre el Mercado Laboral.","og_url":"https:\/\/www.emagister.com\/blog\/empleo\/mercado-laboral\/","og_site_name":"Blog Emagister","twitter_card":"summary_large_image","twitter_site":"@emagister","schema":{"@context":"https:\/\/schema.org","@graph":[{"@type":"CollectionPage","@id":"https:\/\/www.emagister.com\/blog\/empleo\/mercado-laboral\/","url":"https:\/\/www.emagister.com\/blog\/empleo\/mercado-laboral\/","name":"Mercado laboral - Blog Emagister","isPartOf":{"@id":"https:\/\/www.emagister.com\/blog\/#website"},"description":"Las profesiones m\u00e1s demandadas, los empleos mejor pagados, las profesiones del futuro, el teletrabajo, encontrar empleo despu\u00e9s de los 50, la reducci\u00f3n de jornada, trabajar en verano. Todos estos temas y mucho m\u00e1s en la Gu\u00eda Emagister sobre el Mercado Laboral.","breadcrumb":{"@id":"https:\/\/www.emagister.com\/blog\/empleo\/mercado-laboral\/#breadcrumb"},"inLanguage":"es"},{"@type":"BreadcrumbList","@id":"https:\/\/www.emagister.com\/blog\/empleo\/mercado-laboral\/#breadcrumb","itemListElement":[{"@type":"ListItem","position":1,"name":"Blog Emagister","item":"https:\/\/www.emagister.com\/blog\/"},{"@type":"ListItem","position":2,"name":"Encontrar empleo","item":"https:\/\/www.emagister.com\/blog\/empleo\/"},{"@type":"ListItem","position":3,"name":"Mercado laboral"}]},{"@type":"WebSite","@id":"https:\/\/www.emagister.com\/blog\/#website","url":"https:\/\/www.emagister.com\/blog\/","name":"Blog Emagister","description":"Gu\u00eda de orientaci\u00f3n sobre estudios y tendencias de formaci\u00f3n","publisher":{"@id":"https:\/\/www.emagister.com\/blog\/#organization"},"potentialAction":[{"@type":"SearchAction","target":{"@type":"EntryPoint","urlTemplate":"https:\/\/www.emagister.com\/blog\/?s={search_term_string}"},"query-input":{"@type":"PropertyValueSpecification","valueRequired":true,"valueName":"search_term_string"}}],"inLanguage":"es"},{"@type":"Organization","@id":"https:\/\/www.emagister.com\/blog\/#organization","name":"Emagister","url":"https:\/\/www.emagister.com\/blog\/","logo":{"@type":"ImageObject","inLanguage":"es","@id":"https:\/\/www.emagister.com\/blog\/#\/schema\/logo\/image\/","url":"https:\/\/www.emagister.com\/blog\/wp-content\/uploads\/2017\/02\/photo.png","contentUrl":"https:\/\/www.emagister.com\/blog\/wp-content\/uploads\/2017\/02\/photo.png","width":120,"height":120,"caption":"Emagister"},"image":{"@id":"https:\/\/www.emagister.com\/blog\/#\/schema\/logo\/image\/"},"sameAs":["https:\/\/www.facebook.com\/Emagister\/","https:\/\/x.com\/emagister","https:\/\/www.instagram.com\/emagister\/","https:\/\/www.linkedin.com\/company\/emagister-com\/","https:\/\/www.pinterest.es\/emagister\/","https:\/\/www.youtube.com\/user\/emagister\/","https:\/\/es.wikipedia.org\/wiki\/Emagister"]}]}},"_links":{"self":[{"href":"https:\/\/www.emagister.com\/blog\/wp-json\/wp\/v2\/categories\/8381","targetHints":{"allow":["GET"]}}],"collection":[{"href":"https:\/\/www.emagister.com\/blog\/wp-json\/wp\/v2\/categories"}],"about":[{"href":"https:\/\/www.emagister.com\/blog\/wp-json\/wp\/v2\/taxonomies\/category"}],"up":[{"embeddable":true,"href":"https:\/\/www.emagister.com\/blog\/wp-json\/wp\/v2\/categories\/8334"}],"wp:post_type":[{"href":"https:\/\/www.emagister.com\/blog\/wp-json\/wp\/v2\/posts?categories=8381"}],"curies":[{"name":"wp","href":"https:\/\/api.w.org\/{rel}","templated":true}]}}