{"id":11554,"date":"2013-12-24T12:07:19","date_gmt":"2013-12-24T11:07:19","guid":{"rendered":"https:\/\/www.emagister.com\/blog\/?p=11554"},"modified":"2021-05-03T12:03:29","modified_gmt":"2021-05-03T10:03:29","slug":"procedimiento-para-obtener-la-acreditacion-profesional","status":"publish","type":"post","link":"https:\/\/www.emagister.com\/blog\/procedimiento-para-obtener-la-acreditacion-profesional\/","title":{"rendered":"Acreditaci\u00f3n de competencias profesionales: el proceso"},"content":{"rendered":"<p>Una vez entregados y admitidos como v\u00e1lidos todos los documentos para justificar la solicitud de la acreditaci\u00f3n profesional, se inicia un proceso que consta de tres fases:<!--more--><\/p>\n<ul>\n<li>Asesoramiento<\/li>\n<li>Evaluaci\u00f3n<\/li>\n<li>Acreditaci\u00f3n y registro<\/li>\n<\/ul>\n<p><strong>Asesoramiento<\/strong><\/p>\n<p>El asesor o asesores son expertos en el sector profesional que se est\u00e1 tratando en cada caso y designados por la Administraci\u00f3n para esa tarea.<\/p>\n<p>Son los encargados de analizar las competencias profesionales de cada candidato\/a y emitir un informe orientativo valorando la conveniencia o no de pasar a la segunda fase.<\/p>\n<ul>\n<li>Un asesor revisa la documentaci\u00f3n sobre el historial profesional y formativo que has aportado y si lo estima necesario te ayuda a completarlo.<\/li>\n<li>Te comunicar\u00e1n las fechas del encuentro con el asesor. Puede ser presencial (en centros p\u00fablicos o privados de formaci\u00f3n profesional) o v\u00eda telem\u00e1tica.<\/li>\n<li>El asesor elabora un Informe para la Comisi\u00f3n de Evaluaci\u00f3n haciendo constar las competencias profesionales que considera justificadas en relaci\u00f3n con la Unidad de Competencia que quieres acreditar.<\/li>\n<li>Tambi\u00e9n te aconseja en qu\u00e9 Unidades de Competencia podr\u00edas evaluarte con probabilidades razonables de \u00e9xito.<\/li>\n<li>Si no fuera as\u00ed te aconsejar\u00e1 qu\u00e9 formaci\u00f3n complementaria podr\u00edas realizar.<\/li>\n<\/ul>\n<p>Una vez valoradas conjuntamente las posibilidades, cada candidato\/a decide si sigue adelante y pasa a la siguiente fase.<\/p>\n<p><strong>Evaluaci\u00f3n<\/strong><\/p>\n<p>Un equipo de evaluadores expertos en el sector profesional que se est\u00e1 tratando en cada caso y designados por la Administraci\u00f3n para esa tarea revisar\u00e1<\/p>\n<ul>\n<li>toda la documentaci\u00f3n aportada por cada candidato\/a.<\/li>\n<li>el informe emitido por el asesor.<\/li>\n<\/ul>\n<p>Puede darse el caso que debas demostrar alguna competencia si a juicio de los evaluadores no queda del todo justificada en la documentaci\u00f3n aportada. La demostraci\u00f3n puede ser:<\/p>\n<ul>\n<li>una prueba profesional de competencia<\/li>\n<li>una simulaci\u00f3n de una situaci\u00f3n profesional<\/li>\n<li>o la observaci\u00f3n directa en el puesto de trabajo<\/li>\n<\/ul>\n<p>La Comisi\u00f3n de Evaluaci\u00f3n informa sobre las Unidades de Competencia que han quedado demostradas y las oportunidades para completar tu formaci\u00f3n y obtener la acreditaci\u00f3n completa de T\u00edtulos de Formaci\u00f3n Profesional o Certificados de Profesionalidad.<\/p>\n<p><strong>Acreditaci\u00f3n y registro<\/strong><\/p>\n<p>Superada la evaluaci\u00f3n obtienes una acreditaci\u00f3n oficial por cada Unidad de Competencia demostrada.<\/p>\n<ul>\n<li>La Administraci\u00f3n transfiere los resultados a un registro oficial que garantiza la protecci\u00f3n de datos. Se actualizar\u00e1 a a medida que puedas acreditar nuevas competencias.<\/li>\n<li>Se adjunta un documento con todo tipo de orientaciones sobre la formaci\u00f3n complementaria que deber\u00edas realizar para la obtenci\u00f3n de un t\u00edtulo oficial.<\/li>\n<\/ul>\n<p>La acreditaci\u00f3n de una o m\u00e1s Unidades de Competencia permite ir completando la formaci\u00f3n hasta poder obtener el T\u00edtulo de Formaci\u00f3n Profesional o el Certificado de Profesionalidad.<\/p>\n<ul>\n<li>En caso de obtener la acreditaci\u00f3n oficial de todas las Unidades de Competencia contenidas en un Certificado de Profesionalidad ya puedes solicitar la expedici\u00f3n del correspondiente Certificado.<\/li>\n<li>En caso de obtener la acreditaci\u00f3n oficial de todas las Unidades de Competencia contenidas en un T\u00edtulo de Formaci\u00f3n Profesional se abre la posibilidad de matr\u00edcula en un centro oficial para cursar aquellos M\u00f3dulos Profesionales que no est\u00e9n relacionados con las Unidades de Competencia que conforman el T\u00edtulo.<\/li>\n<\/ul>\n<p>La administraci\u00f3n educativa reconoce las Unidades de Competencia acreditadas para convalidar los m\u00f3dulos profesionales.<\/p>\n<p>Tambi\u00e9n te puede interesar c\u00f3mo obtener <a href=\"https:\/\/www.emagister.com\/blog\/formacion-continua\/certificados-profesionalidad\/\">Certificados de Profesionalidad<\/a>\u00a0o cursos de <a href=\"https:\/\/www.emagister.com\/formacion-profesional\/\">Formaci\u00f3n Profesional<\/a> seg\u00fan tu especialidad.<\/p>\n","protected":false},"excerpt":{"rendered":"<p>Una vez entregados y admitidos como v\u00e1lidos todos los documentos para justificar la solicitud de la acreditaci\u00f3n profesional, se inicia &#8230; <a title=\"Acreditaci\u00f3n de competencias profesionales: el proceso\" class=\"read-more\" href=\"https:\/\/www.emagister.com\/blog\/procedimiento-para-obtener-la-acreditacion-profesional\/\" aria-label=\"M\u00e1s en Acreditaci\u00f3n de competencias profesionales: el proceso\">Leer m\u00e1s<\/a><\/p>\n","protected":false},"author":94,"featured_media":10163,"comment_status":"open","ping_status":"open","sticky":false,"template":"","format":"standard","meta":{"_acf_changed":false,"inline_featured_image":false,"footnotes":""},"categories":[8344],"tags":[],"class_list":["post-11554","post","type-post","status-publish","format-standard","has-post-thumbnail","hentry","category-certificados-profesionalidad","generate-columns","tablet-grid-50","mobile-grid-100","grid-parent","grid-25"],"acf":{"mostrar_faldon":"-1","texto_faldon":"","link_faldon":"","link_texto_faldon":"","estilo_titulo":""},"yoast_head":"<!-- This site is optimized with the Yoast SEO Premium plugin v18.1 (Yoast SEO v27.0) - https:\/\/yoast.com\/product\/yoast-seo-premium-wordpress\/ -->\n<title>C\u00f3mo acreditar mis competencias profesionales<\/title>\n<meta name=\"robots\" content=\"index, follow\" \/>\n<link rel=\"canonical\" href=\"https:\/\/www.emagister.com\/blog\/procedimiento-para-obtener-la-acreditacion-profesional\/\" \/>\n<meta property=\"og:locale\" content=\"es_ES\" \/>\n<meta property=\"og:type\" content=\"article\" \/>\n<meta property=\"og:title\" content=\"Acreditaci\u00f3n de competencias profesionales: el proceso\" \/>\n<meta property=\"og:description\" content=\"Una vez entregados y admitidos como v\u00e1lidos todos los documentos para justificar la solicitud de la acreditaci\u00f3n profesional, se inicia ... Leer m\u00e1s\" \/>\n<meta property=\"og:url\" content=\"https:\/\/www.emagister.com\/blog\/procedimiento-para-obtener-la-acreditacion-profesional\/\" \/>\n<meta property=\"og:site_name\" content=\"Blog Emagister\" \/>\n<meta property=\"article:publisher\" content=\"https:\/\/www.facebook.com\/Emagister\/\" \/>\n<meta property=\"article:author\" content=\"https:\/\/www.facebook.com\/sonia.ribo.9\" \/>\n<meta property=\"article:published_time\" content=\"2013-12-24T11:07:19+00:00\" \/>\n<meta property=\"article:modified_time\" content=\"2021-05-03T10:03:29+00:00\" \/>\n<meta property=\"og:image\" content=\"https:\/\/www.emagister.com\/blog\/wp-content\/uploads\/2013\/12\/compass-verd-600x241.png\" \/>\n\t<meta property=\"og:image:width\" content=\"600\" \/>\n\t<meta property=\"og:image:height\" content=\"241\" \/>\n\t<meta property=\"og:image:type\" content=\"image\/png\" \/>\n<meta name=\"author\" content=\"Sonia Ribo\" \/>\n<meta name=\"twitter:card\" content=\"summary_large_image\" \/>\n<meta name=\"twitter:creator\" content=\"@soniaribo\" \/>\n<meta name=\"twitter:site\" content=\"@emagister\" \/>\n<meta name=\"twitter:label1\" content=\"Escrito por\" \/>\n\t<meta name=\"twitter:data1\" content=\"Sonia Ribo\" \/>\n\t<meta name=\"twitter:label2\" content=\"Tiempo de lectura\" \/>\n\t<meta name=\"twitter:data2\" content=\"3 minutos\" \/>\n<script type=\"application\/ld+json\" class=\"yoast-schema-graph\">{\"@context\":\"https:\/\/schema.org\",\"@graph\":[{\"@type\":\"Article\",\"@id\":\"https:\/\/www.emagister.com\/blog\/procedimiento-para-obtener-la-acreditacion-profesional\/#article\",\"isPartOf\":{\"@id\":\"https:\/\/www.emagister.com\/blog\/procedimiento-para-obtener-la-acreditacion-profesional\/\"},\"author\":{\"name\":\"Sonia Ribo\",\"@id\":\"https:\/\/www.emagister.com\/blog\/#\/schema\/person\/b13231ce954d76e9ebc3b5771df738ae\"},\"headline\":\"Acreditaci\u00f3n de competencias profesionales: el proceso\",\"datePublished\":\"2013-12-24T11:07:19+00:00\",\"dateModified\":\"2021-05-03T10:03:29+00:00\",\"mainEntityOfPage\":{\"@id\":\"https:\/\/www.emagister.com\/blog\/procedimiento-para-obtener-la-acreditacion-profesional\/\"},\"wordCount\":593,\"commentCount\":2,\"publisher\":{\"@id\":\"https:\/\/www.emagister.com\/blog\/#organization\"},\"image\":{\"@id\":\"https:\/\/www.emagister.com\/blog\/procedimiento-para-obtener-la-acreditacion-profesional\/#primaryimage\"},\"thumbnailUrl\":\"https:\/\/www.emagister.com\/blog\/wp-content\/uploads\/2013\/12\/compass-verd-600x241.png\",\"articleSection\":[\"Certificados de profesionalidad\"],\"inLanguage\":\"es\",\"potentialAction\":[{\"@type\":\"CommentAction\",\"name\":\"Comment\",\"target\":[\"https:\/\/www.emagister.com\/blog\/procedimiento-para-obtener-la-acreditacion-profesional\/#respond\"]}]},{\"@type\":\"WebPage\",\"@id\":\"https:\/\/www.emagister.com\/blog\/procedimiento-para-obtener-la-acreditacion-profesional\/\",\"url\":\"https:\/\/www.emagister.com\/blog\/procedimiento-para-obtener-la-acreditacion-profesional\/\",\"name\":\"C\u00f3mo acreditar mis competencias profesionales\",\"isPartOf\":{\"@id\":\"https:\/\/www.emagister.com\/blog\/#website\"},\"primaryImageOfPage\":{\"@id\":\"https:\/\/www.emagister.com\/blog\/procedimiento-para-obtener-la-acreditacion-profesional\/#primaryimage\"},\"image\":{\"@id\":\"https:\/\/www.emagister.com\/blog\/procedimiento-para-obtener-la-acreditacion-profesional\/#primaryimage\"},\"thumbnailUrl\":\"https:\/\/www.emagister.com\/blog\/wp-content\/uploads\/2013\/12\/compass-verd-600x241.png\",\"datePublished\":\"2013-12-24T11:07:19+00:00\",\"dateModified\":\"2021-05-03T10:03:29+00:00\",\"breadcrumb\":{\"@id\":\"https:\/\/www.emagister.com\/blog\/procedimiento-para-obtener-la-acreditacion-profesional\/#breadcrumb\"},\"inLanguage\":\"es\",\"potentialAction\":[{\"@type\":\"ReadAction\",\"target\":[\"https:\/\/www.emagister.com\/blog\/procedimiento-para-obtener-la-acreditacion-profesional\/\"]}]},{\"@type\":\"ImageObject\",\"inLanguage\":\"es\",\"@id\":\"https:\/\/www.emagister.com\/blog\/procedimiento-para-obtener-la-acreditacion-profesional\/#primaryimage\",\"url\":\"https:\/\/www.emagister.com\/blog\/wp-content\/uploads\/2013\/12\/compass-verd-600x241.png\",\"contentUrl\":\"https:\/\/www.emagister.com\/blog\/wp-content\/uploads\/2013\/12\/compass-verd-600x241.png\",\"width\":600,\"height\":241},{\"@type\":\"BreadcrumbList\",\"@id\":\"https:\/\/www.emagister.com\/blog\/procedimiento-para-obtener-la-acreditacion-profesional\/#breadcrumb\",\"itemListElement\":[{\"@type\":\"ListItem\",\"position\":1,\"name\":\"Blog Emagister\",\"item\":\"https:\/\/www.emagister.com\/blog\/\"},{\"@type\":\"ListItem\",\"position\":2,\"name\":\"Formaci\u00f3n continua\",\"item\":\"https:\/\/www.emagister.com\/blog\/formacion-continua\/\"},{\"@type\":\"ListItem\",\"position\":3,\"name\":\"Certificados de profesionalidad\",\"item\":\"https:\/\/www.emagister.com\/blog\/formacion-continua\/certificados-profesionalidad\/\"},{\"@type\":\"ListItem\",\"position\":4,\"name\":\"Acreditaci\u00f3n de competencias profesionales: el proceso\"}]},{\"@type\":\"WebSite\",\"@id\":\"https:\/\/www.emagister.com\/blog\/#website\",\"url\":\"https:\/\/www.emagister.com\/blog\/\",\"name\":\"Blog Emagister\",\"description\":\"Gu\u00eda de orientaci\u00f3n sobre estudios y tendencias de formaci\u00f3n\",\"publisher\":{\"@id\":\"https:\/\/www.emagister.com\/blog\/#organization\"},\"potentialAction\":[{\"@type\":\"SearchAction\",\"target\":{\"@type\":\"EntryPoint\",\"urlTemplate\":\"https:\/\/www.emagister.com\/blog\/?s={search_term_string}\"},\"query-input\":{\"@type\":\"PropertyValueSpecification\",\"valueRequired\":true,\"valueName\":\"search_term_string\"}}],\"inLanguage\":\"es\"},{\"@type\":\"Organization\",\"@id\":\"https:\/\/www.emagister.com\/blog\/#organization\",\"name\":\"Emagister\",\"url\":\"https:\/\/www.emagister.com\/blog\/\",\"logo\":{\"@type\":\"ImageObject\",\"inLanguage\":\"es\",\"@id\":\"https:\/\/www.emagister.com\/blog\/#\/schema\/logo\/image\/\",\"url\":\"https:\/\/www.emagister.com\/blog\/wp-content\/uploads\/2017\/02\/photo.png\",\"contentUrl\":\"https:\/\/www.emagister.com\/blog\/wp-content\/uploads\/2017\/02\/photo.png\",\"width\":120,\"height\":120,\"caption\":\"Emagister\"},\"image\":{\"@id\":\"https:\/\/www.emagister.com\/blog\/#\/schema\/logo\/image\/\"},\"sameAs\":[\"https:\/\/www.facebook.com\/Emagister\/\",\"https:\/\/x.com\/emagister\",\"https:\/\/www.instagram.com\/emagister\/\",\"https:\/\/www.linkedin.com\/company\/emagister-com\/\",\"https:\/\/www.pinterest.es\/emagister\/\",\"https:\/\/www.youtube.com\/user\/emagister\/\",\"https:\/\/es.wikipedia.org\/wiki\/Emagister\"]},{\"@type\":\"Person\",\"@id\":\"https:\/\/www.emagister.com\/blog\/#\/schema\/person\/b13231ce954d76e9ebc3b5771df738ae\",\"name\":\"Sonia Ribo\",\"image\":{\"@type\":\"ImageObject\",\"inLanguage\":\"es\",\"@id\":\"https:\/\/www.emagister.com\/blog\/#\/schema\/person\/image\/\",\"url\":\"https:\/\/secure.gravatar.com\/avatar\/8c116e1b60ede2c2b744d95ca29d9b6ff80170b1bec985210e0034e72c293c74?s=96&r=g\",\"contentUrl\":\"https:\/\/secure.gravatar.com\/avatar\/8c116e1b60ede2c2b744d95ca29d9b6ff80170b1bec985210e0034e72c293c74?s=96&r=g\",\"caption\":\"Sonia Ribo\"},\"description\":\"Soy periodista. He trabajado 12 a\u00f1os en la radio: en Radio Nacional y la Cadena SER. Ahora me dedico a la comunicaci\u00f3n digital y redacci\u00f3n de contenidos en Emagister. Presento un programa de radio de baloncesto de formaci\u00f3n en Badalona que se llama Fem B\u00e0squet.\",\"sameAs\":[\"https:\/\/www.facebook.com\/sonia.ribo.9\",\"https:\/\/x.com\/soniaribo\"],\"url\":\"https:\/\/www.emagister.com\/blog\/author\/sonia\/\"}]}<\/script>\n<!-- \/ Yoast SEO Premium plugin. -->","yoast_head_json":{"title":"C\u00f3mo acreditar mis competencias profesionales","robots":{"index":"index","follow":"follow"},"canonical":"https:\/\/www.emagister.com\/blog\/procedimiento-para-obtener-la-acreditacion-profesional\/","og_locale":"es_ES","og_type":"article","og_title":"Acreditaci\u00f3n de competencias profesionales: el proceso","og_description":"Una vez entregados y admitidos como v\u00e1lidos todos los documentos para justificar la solicitud de la acreditaci\u00f3n profesional, se inicia ... Leer m\u00e1s","og_url":"https:\/\/www.emagister.com\/blog\/procedimiento-para-obtener-la-acreditacion-profesional\/","og_site_name":"Blog Emagister","article_publisher":"https:\/\/www.facebook.com\/Emagister\/","article_author":"https:\/\/www.facebook.com\/sonia.ribo.9","article_published_time":"2013-12-24T11:07:19+00:00","article_modified_time":"2021-05-03T10:03:29+00:00","og_image":[{"width":600,"height":241,"url":"https:\/\/www.emagister.com\/blog\/wp-content\/uploads\/2013\/12\/compass-verd-600x241.png","type":"image\/png"}],"author":"Sonia Ribo","twitter_card":"summary_large_image","twitter_creator":"@soniaribo","twitter_site":"@emagister","twitter_misc":{"Escrito por":"Sonia Ribo","Tiempo de lectura":"3 minutos"},"schema":{"@context":"https:\/\/schema.org","@graph":[{"@type":"Article","@id":"https:\/\/www.emagister.com\/blog\/procedimiento-para-obtener-la-acreditacion-profesional\/#article","isPartOf":{"@id":"https:\/\/www.emagister.com\/blog\/procedimiento-para-obtener-la-acreditacion-profesional\/"},"author":{"name":"Sonia Ribo","@id":"https:\/\/www.emagister.com\/blog\/#\/schema\/person\/b13231ce954d76e9ebc3b5771df738ae"},"headline":"Acreditaci\u00f3n de competencias profesionales: el proceso","datePublished":"2013-12-24T11:07:19+00:00","dateModified":"2021-05-03T10:03:29+00:00","mainEntityOfPage":{"@id":"https:\/\/www.emagister.com\/blog\/procedimiento-para-obtener-la-acreditacion-profesional\/"},"wordCount":593,"commentCount":2,"publisher":{"@id":"https:\/\/www.emagister.com\/blog\/#organization"},"image":{"@id":"https:\/\/www.emagister.com\/blog\/procedimiento-para-obtener-la-acreditacion-profesional\/#primaryimage"},"thumbnailUrl":"https:\/\/www.emagister.com\/blog\/wp-content\/uploads\/2013\/12\/compass-verd-600x241.png","articleSection":["Certificados de profesionalidad"],"inLanguage":"es","potentialAction":[{"@type":"CommentAction","name":"Comment","target":["https:\/\/www.emagister.com\/blog\/procedimiento-para-obtener-la-acreditacion-profesional\/#respond"]}]},{"@type":"WebPage","@id":"https:\/\/www.emagister.com\/blog\/procedimiento-para-obtener-la-acreditacion-profesional\/","url":"https:\/\/www.emagister.com\/blog\/procedimiento-para-obtener-la-acreditacion-profesional\/","name":"C\u00f3mo acreditar mis competencias profesionales","isPartOf":{"@id":"https:\/\/www.emagister.com\/blog\/#website"},"primaryImageOfPage":{"@id":"https:\/\/www.emagister.com\/blog\/procedimiento-para-obtener-la-acreditacion-profesional\/#primaryimage"},"image":{"@id":"https:\/\/www.emagister.com\/blog\/procedimiento-para-obtener-la-acreditacion-profesional\/#primaryimage"},"thumbnailUrl":"https:\/\/www.emagister.com\/blog\/wp-content\/uploads\/2013\/12\/compass-verd-600x241.png","datePublished":"2013-12-24T11:07:19+00:00","dateModified":"2021-05-03T10:03:29+00:00","breadcrumb":{"@id":"https:\/\/www.emagister.com\/blog\/procedimiento-para-obtener-la-acreditacion-profesional\/#breadcrumb"},"inLanguage":"es","potentialAction":[{"@type":"ReadAction","target":["https:\/\/www.emagister.com\/blog\/procedimiento-para-obtener-la-acreditacion-profesional\/"]}]},{"@type":"ImageObject","inLanguage":"es","@id":"https:\/\/www.emagister.com\/blog\/procedimiento-para-obtener-la-acreditacion-profesional\/#primaryimage","url":"https:\/\/www.emagister.com\/blog\/wp-content\/uploads\/2013\/12\/compass-verd-600x241.png","contentUrl":"https:\/\/www.emagister.com\/blog\/wp-content\/uploads\/2013\/12\/compass-verd-600x241.png","width":600,"height":241},{"@type":"BreadcrumbList","@id":"https:\/\/www.emagister.com\/blog\/procedimiento-para-obtener-la-acreditacion-profesional\/#breadcrumb","itemListElement":[{"@type":"ListItem","position":1,"name":"Blog Emagister","item":"https:\/\/www.emagister.com\/blog\/"},{"@type":"ListItem","position":2,"name":"Formaci\u00f3n continua","item":"https:\/\/www.emagister.com\/blog\/formacion-continua\/"},{"@type":"ListItem","position":3,"name":"Certificados de profesionalidad","item":"https:\/\/www.emagister.com\/blog\/formacion-continua\/certificados-profesionalidad\/"},{"@type":"ListItem","position":4,"name":"Acreditaci\u00f3n de competencias profesionales: el proceso"}]},{"@type":"WebSite","@id":"https:\/\/www.emagister.com\/blog\/#website","url":"https:\/\/www.emagister.com\/blog\/","name":"Blog Emagister","description":"Gu\u00eda de orientaci\u00f3n sobre estudios y tendencias de formaci\u00f3n","publisher":{"@id":"https:\/\/www.emagister.com\/blog\/#organization"},"potentialAction":[{"@type":"SearchAction","target":{"@type":"EntryPoint","urlTemplate":"https:\/\/www.emagister.com\/blog\/?s={search_term_string}"},"query-input":{"@type":"PropertyValueSpecification","valueRequired":true,"valueName":"search_term_string"}}],"inLanguage":"es"},{"@type":"Organization","@id":"https:\/\/www.emagister.com\/blog\/#organization","name":"Emagister","url":"https:\/\/www.emagister.com\/blog\/","logo":{"@type":"ImageObject","inLanguage":"es","@id":"https:\/\/www.emagister.com\/blog\/#\/schema\/logo\/image\/","url":"https:\/\/www.emagister.com\/blog\/wp-content\/uploads\/2017\/02\/photo.png","contentUrl":"https:\/\/www.emagister.com\/blog\/wp-content\/uploads\/2017\/02\/photo.png","width":120,"height":120,"caption":"Emagister"},"image":{"@id":"https:\/\/www.emagister.com\/blog\/#\/schema\/logo\/image\/"},"sameAs":["https:\/\/www.facebook.com\/Emagister\/","https:\/\/x.com\/emagister","https:\/\/www.instagram.com\/emagister\/","https:\/\/www.linkedin.com\/company\/emagister-com\/","https:\/\/www.pinterest.es\/emagister\/","https:\/\/www.youtube.com\/user\/emagister\/","https:\/\/es.wikipedia.org\/wiki\/Emagister"]},{"@type":"Person","@id":"https:\/\/www.emagister.com\/blog\/#\/schema\/person\/b13231ce954d76e9ebc3b5771df738ae","name":"Sonia Ribo","image":{"@type":"ImageObject","inLanguage":"es","@id":"https:\/\/www.emagister.com\/blog\/#\/schema\/person\/image\/","url":"https:\/\/secure.gravatar.com\/avatar\/8c116e1b60ede2c2b744d95ca29d9b6ff80170b1bec985210e0034e72c293c74?s=96&r=g","contentUrl":"https:\/\/secure.gravatar.com\/avatar\/8c116e1b60ede2c2b744d95ca29d9b6ff80170b1bec985210e0034e72c293c74?s=96&r=g","caption":"Sonia Ribo"},"description":"Soy periodista. He trabajado 12 a\u00f1os en la radio: en Radio Nacional y la Cadena SER. Ahora me dedico a la comunicaci\u00f3n digital y redacci\u00f3n de contenidos en Emagister. Presento un programa de radio de baloncesto de formaci\u00f3n en Badalona que se llama Fem B\u00e0squet.","sameAs":["https:\/\/www.facebook.com\/sonia.ribo.9","https:\/\/x.com\/soniaribo"],"url":"https:\/\/www.emagister.com\/blog\/author\/sonia\/"}]}},"_links":{"self":[{"href":"https:\/\/www.emagister.com\/blog\/wp-json\/wp\/v2\/posts\/11554","targetHints":{"allow":["GET"]}}],"collection":[{"href":"https:\/\/www.emagister.com\/blog\/wp-json\/wp\/v2\/posts"}],"about":[{"href":"https:\/\/www.emagister.com\/blog\/wp-json\/wp\/v2\/types\/post"}],"author":[{"embeddable":true,"href":"https:\/\/www.emagister.com\/blog\/wp-json\/wp\/v2\/users\/94"}],"replies":[{"embeddable":true,"href":"https:\/\/www.emagister.com\/blog\/wp-json\/wp\/v2\/comments?post=11554"}],"version-history":[{"count":1,"href":"https:\/\/www.emagister.com\/blog\/wp-json\/wp\/v2\/posts\/11554\/revisions"}],"predecessor-version":[{"id":125635,"href":"https:\/\/www.emagister.com\/blog\/wp-json\/wp\/v2\/posts\/11554\/revisions\/125635"}],"wp:featuredmedia":[{"embeddable":true,"href":"https:\/\/www.emagister.com\/blog\/wp-json\/wp\/v2\/media\/10163"}],"wp:attachment":[{"href":"https:\/\/www.emagister.com\/blog\/wp-json\/wp\/v2\/media?parent=11554"}],"wp:term":[{"taxonomy":"category","embeddable":true,"href":"https:\/\/www.emagister.com\/blog\/wp-json\/wp\/v2\/categories?post=11554"},{"taxonomy":"post_tag","embeddable":true,"href":"https:\/\/www.emagister.com\/blog\/wp-json\/wp\/v2\/tags?post=11554"}],"curies":[{"name":"wp","href":"https:\/\/api.w.org\/{rel}","templated":true}]}}