{"id":116866,"date":"2021-04-26T08:49:00","date_gmt":"2021-04-26T06:49:00","guid":{"rendered":"https:\/\/www.emagister.com\/blog\/?p=116866"},"modified":"2021-09-09T13:34:47","modified_gmt":"2021-09-09T11:34:47","slug":"programa-att-nueva-iniciativa-del-programa-de-becas-de-la-fundacion-amancio-ortega","status":"publish","type":"post","link":"https:\/\/www.emagister.com\/blog\/programa-att-nueva-iniciativa-del-programa-de-becas-de-la-fundacion-amancio-ortega\/","title":{"rendered":"Programa ATT: nueva iniciativa del Programa de Becas de la Fundaci\u00f3n Amancio Ortega"},"content":{"rendered":"\n<p>Desde su fundaci\u00f3n en el a\u00f1o 2010, <strong>el programa de becas de La Fundaci\u00f3n Amancio Ortega ha beneficiado a m\u00e1s de 3.000 estudiantes <\/strong>y cuenta con un<strong> presupuesto superior a los 12 millones de euros<\/strong>, destinados a impulsar el aprendizaje del ingl\u00e9s, adem\u00e1s de proporcionarles la oportunidad de adaptarse a nuevos entornos sociales y culturales.<\/p>\n\n\n\n<!--more-->\n\n\n\n<p>En los primeros a\u00f1os de ejecuci\u00f3n del programa, se ofrecieron 50 becas de 1\u00ba de Bachillerato en Estados Unidos a estudiantes de centros educativos de Galicia, luego de tres a\u00f1os, se extendi\u00f3 la operativa para el resto de Espa\u00f1a y se agreg\u00f3 a Canad\u00e1 como pa\u00eds destino.<\/p>\n\n\n\n<p>Sin embargo, el pasado 21 de marzo pasado el brote de <strong>la crisis sanitaria oblig\u00f3 a la fundaci\u00f3n a repatriar a los 600 estudiantes becados en el programa 2019\/2021<\/strong>. Esta dura decisi\u00f3n fue tomada por el mismo fundador y empresario textil Amancio Ortega, un poco m\u00e1s de una semana despu\u00e9s de decretarse el estado de alarma en el pa\u00eds. Los responsables de la fundaci\u00f3n tuvieron la dura tarea de contactar a cada familia de los estudiantes beneficiados para contarles las novedades.<\/p>\n\n\n\n<p>Tras esta repatriaci\u00f3n y tomando en cuenta las enormes dificultades e incertidumbre que traer\u00eda consigo la realizaci\u00f3n del<strong> programa 2020\/2021<\/strong>, la Organizaci\u00f3n de la <strong>Fundaci\u00f3n Amancio Ortega<\/strong> decidi\u00f3 en abril de 2020 cancelar la edici\u00f3n 2020\/2021 y su vez idealizar y poner en marcha un <strong>nuevo programa alternativo<\/strong>, que ofrezca el mismo nivel y con la misma calidad educativa para sus beneficiarios.<\/p>\n\n\n\n<p>Es as\u00ed, que a partir de mayo de 2020, la organizaci\u00f3n replante\u00f3 su estrategia y se puso en\u00a0 contacto con reconocidas universidades como <strong>Cambridge <\/strong>y <strong>MIT <\/strong>(<strong>Massachusetts Institute of Technology<\/strong>) y como resultado se cre\u00f3 <strong>Advanced Talent Training<\/strong>, un programa multidisciplinario dictado en ingl\u00e9s y dise\u00f1ado en conjunto por el equipo t\u00e9cnico de la Fundaci\u00f3n y las prestigiosas universidades.\u00a0<\/p>\n\n\n\n<p>El nuevo programa de formaci\u00f3n <strong>ser\u00e1 impartido de forma 100% <em>online<\/em><\/strong><em> <\/em>y cuenta con clases, charlas, talleres y actividades en grupo, idealizados exclusivamente para los estudiantes beneficiarios. En la primera fase del mismo, los estudiantes se familiarizar\u00e1n y ser\u00e1n capacitados en disciplinas <strong>STEAM<\/strong><strong> <\/strong>(<strong>Science<\/strong>, <strong>Technology<\/strong>, <strong>Engineering<\/strong>, <strong>Arts <\/strong>and <strong>Mathematics<\/strong>), abordando temas y asignaturas como la <a href=\"https:\/\/www.emagister.com\/blog\/inteligencia-artificial-y-nuevas-tecnologias-para-incrementar-la-motivacion-y-el-rendimiento-de-los-alumnos\/\"><strong>inteligen<\/strong><\/a><strong><a href=\"https:\/\/www.emagister.com\/blog\/inteligencia-artificial-y-nuevas-tecnologias-para-incrementar-la-motivacion-y-el-rendimiento-de-los-alumnos\/\" target=\"_blank\" rel=\"noreferrer noopener\">c<\/a><\/strong><a href=\"https:\/\/www.emagister.com\/blog\/inteligencia-artificial-y-nuevas-tecnologias-para-incrementar-la-motivacion-y-el-rendimiento-de-los-alumnos\/\"><strong>ia artificial<\/strong><\/a>, la exploraci\u00f3n del espacio, la relaci\u00f3n entre la <a href=\"https:\/\/www.emagister.com\/blog\/la-importancia-de-la-musica-en-la-educacion\/\" target=\"_blank\" rel=\"noreferrer noopener\"><strong>m\u00fasica<\/strong><\/a><strong> <\/strong>y la <strong>f\u00edsica del sonido<\/strong> o la <strong>creatividad matem\u00e1tica<\/strong>.<\/p>\n\n\n\n<p>Su duraci\u00f3n es la misma que el anterior programa: desde este mes de octubre a junio de 2021 y estar\u00e1 dirigido a los estudiantes de 1\u00ba de Bachillerato que fueron seleccionados en la edici\u00f3n 2020\/21 del <strong>Programa de Becas de la Fundaci\u00f3n<\/strong>.<\/p>\n\n\n\n<p>\u00bfTe encuentras en b\u00fasquedas de becas educativas? \u00a1Te podemos brindar toda la informaci\u00f3n que necesitas en tu proceso, con nuestra <strong>Gu\u00eda Emagister: <\/strong><a href=\"https:\/\/www.emagister.com\/blog\/becas\/financiar-estudios\/\" target=\"_blank\" rel=\"noreferrer noopener\"><strong>C\u00f3mo Financiar tus Estudios<\/strong><\/a>.\u00a0<\/p>\n\n\n\n<p>Adem\u00e1s, en<a href=\"https:\/\/www.emagister.com\/blog\/donde-encontrar-y-solicitar-las-becas\/\" target=\"_blank\" rel=\"noreferrer noopener\"> este art\u00edculo<\/a> encontrar\u00e1s puedes encontrar mayor informaci\u00f3n de <strong>d\u00f3nde encontrar y solicitar becas<\/strong>.<\/p>\n","protected":false},"excerpt":{"rendered":"<p>Desde su fundaci\u00f3n en el a\u00f1o 2010, el programa de becas de La Fundaci\u00f3n Amancio Ortega ha beneficiado a m\u00e1s &#8230; <a title=\"Programa ATT: nueva iniciativa del Programa de Becas de la Fundaci\u00f3n Amancio Ortega\" class=\"read-more\" href=\"https:\/\/www.emagister.com\/blog\/programa-att-nueva-iniciativa-del-programa-de-becas-de-la-fundacion-amancio-ortega\/\" aria-label=\"M\u00e1s en Programa ATT: nueva iniciativa del Programa de Becas de la Fundaci\u00f3n Amancio Ortega\">Leer m\u00e1s<\/a><\/p>\n","protected":false},"author":285,"featured_media":116957,"comment_status":"open","ping_status":"closed","sticky":false,"template":"","format":"standard","meta":{"_acf_changed":false,"inline_featured_image":false,"footnotes":""},"categories":[8358],"tags":[],"class_list":["post-116866","post","type-post","status-publish","format-standard","has-post-thumbnail","hentry","category-becas-bachillerato","generate-columns","tablet-grid-50","mobile-grid-100","grid-parent","grid-25"],"acf":{"mostrar_faldon":"-1","texto_faldon":"","link_faldon":"","link_texto_faldon":"","noticiasElPais":{"custom_snippet_image":false,"custom_snippet_title":"","custom_snippet_description":""},"noticiasLaVanguardia":{"custom_snippet_image":false,"custom_snippet_title":"","custom_snippet_description":""},"hreflang":[{"url":""}],"estilo_titulo":"","fecha":"no"},"yoast_head":"<!-- This site is optimized with the Yoast SEO Premium plugin v18.1 (Yoast SEO v27.0) - https:\/\/yoast.com\/product\/yoast-seo-premium-wordpress\/ -->\n<title>Programa ATT: nueva iniciativa del Programa de Becas de la Fundaci\u00f3n Amancio Ortega - Blog Emagister<\/title>\n<meta name=\"robots\" content=\"index, follow\" \/>\n<link rel=\"canonical\" href=\"https:\/\/www.emagister.com\/blog\/programa-att-nueva-iniciativa-del-programa-de-becas-de-la-fundacion-amancio-ortega\/\" \/>\n<meta property=\"og:locale\" content=\"es_ES\" \/>\n<meta property=\"og:type\" content=\"article\" \/>\n<meta property=\"og:title\" content=\"Programa ATT: nueva iniciativa del Programa de Becas de la Fundaci\u00f3n Amancio Ortega\" \/>\n<meta property=\"og:description\" content=\"Desde su fundaci\u00f3n en el a\u00f1o 2010, el programa de becas de La Fundaci\u00f3n Amancio Ortega ha beneficiado a m\u00e1s ... Leer m\u00e1s\" \/>\n<meta property=\"og:url\" content=\"https:\/\/www.emagister.com\/blog\/programa-att-nueva-iniciativa-del-programa-de-becas-de-la-fundacion-amancio-ortega\/\" \/>\n<meta property=\"og:site_name\" content=\"Blog Emagister\" \/>\n<meta property=\"article:publisher\" content=\"https:\/\/www.facebook.com\/Emagister\/\" \/>\n<meta property=\"article:published_time\" content=\"2021-04-26T06:49:00+00:00\" \/>\n<meta property=\"article:modified_time\" content=\"2021-09-09T11:34:47+00:00\" \/>\n<meta property=\"og:image\" content=\"https:\/\/www.emagister.com\/blog\/wp-content\/uploads\/2021\/04\/becas-estados-unidos.jpg\" \/>\n\t<meta property=\"og:image:width\" content=\"1920\" \/>\n\t<meta property=\"og:image:height\" content=\"1183\" \/>\n\t<meta property=\"og:image:type\" content=\"image\/jpeg\" \/>\n<meta name=\"author\" content=\"Blog Emagister\" \/>\n<meta name=\"twitter:card\" content=\"summary_large_image\" \/>\n<meta name=\"twitter:creator\" content=\"@emagister\" \/>\n<meta name=\"twitter:site\" content=\"@emagister\" \/>\n<meta name=\"twitter:label1\" content=\"Escrito por\" \/>\n\t<meta name=\"twitter:data1\" content=\"Blog Emagister\" \/>\n\t<meta name=\"twitter:label2\" content=\"Tiempo de lectura\" \/>\n\t<meta name=\"twitter:data2\" content=\"3 minutos\" \/>\n<script type=\"application\/ld+json\" class=\"yoast-schema-graph\">{\"@context\":\"https:\/\/schema.org\",\"@graph\":[{\"@type\":\"Article\",\"@id\":\"https:\/\/www.emagister.com\/blog\/programa-att-nueva-iniciativa-del-programa-de-becas-de-la-fundacion-amancio-ortega\/#article\",\"isPartOf\":{\"@id\":\"https:\/\/www.emagister.com\/blog\/programa-att-nueva-iniciativa-del-programa-de-becas-de-la-fundacion-amancio-ortega\/\"},\"author\":{\"name\":\"Blog Emagister\",\"@id\":\"https:\/\/www.emagister.com\/blog\/#\/schema\/person\/776af158d79a20bccf84defca072a501\"},\"headline\":\"Programa ATT: nueva iniciativa del Programa de Becas de la Fundaci\u00f3n Amancio Ortega\",\"datePublished\":\"2021-04-26T06:49:00+00:00\",\"dateModified\":\"2021-09-09T11:34:47+00:00\",\"mainEntityOfPage\":{\"@id\":\"https:\/\/www.emagister.com\/blog\/programa-att-nueva-iniciativa-del-programa-de-becas-de-la-fundacion-amancio-ortega\/\"},\"wordCount\":510,\"commentCount\":0,\"publisher\":{\"@id\":\"https:\/\/www.emagister.com\/blog\/#organization\"},\"image\":{\"@id\":\"https:\/\/www.emagister.com\/blog\/programa-att-nueva-iniciativa-del-programa-de-becas-de-la-fundacion-amancio-ortega\/#primaryimage\"},\"thumbnailUrl\":\"https:\/\/www.emagister.com\/blog\/wp-content\/uploads\/2021\/04\/becas-estados-unidos.jpg\",\"articleSection\":[\"Becas de Bachillerato\"],\"inLanguage\":\"es\",\"potentialAction\":[{\"@type\":\"CommentAction\",\"name\":\"Comment\",\"target\":[\"https:\/\/www.emagister.com\/blog\/programa-att-nueva-iniciativa-del-programa-de-becas-de-la-fundacion-amancio-ortega\/#respond\"]}]},{\"@type\":\"WebPage\",\"@id\":\"https:\/\/www.emagister.com\/blog\/programa-att-nueva-iniciativa-del-programa-de-becas-de-la-fundacion-amancio-ortega\/\",\"url\":\"https:\/\/www.emagister.com\/blog\/programa-att-nueva-iniciativa-del-programa-de-becas-de-la-fundacion-amancio-ortega\/\",\"name\":\"Programa ATT: nueva iniciativa del Programa de Becas de la Fundaci\u00f3n Amancio Ortega - Blog Emagister\",\"isPartOf\":{\"@id\":\"https:\/\/www.emagister.com\/blog\/#website\"},\"primaryImageOfPage\":{\"@id\":\"https:\/\/www.emagister.com\/blog\/programa-att-nueva-iniciativa-del-programa-de-becas-de-la-fundacion-amancio-ortega\/#primaryimage\"},\"image\":{\"@id\":\"https:\/\/www.emagister.com\/blog\/programa-att-nueva-iniciativa-del-programa-de-becas-de-la-fundacion-amancio-ortega\/#primaryimage\"},\"thumbnailUrl\":\"https:\/\/www.emagister.com\/blog\/wp-content\/uploads\/2021\/04\/becas-estados-unidos.jpg\",\"datePublished\":\"2021-04-26T06:49:00+00:00\",\"dateModified\":\"2021-09-09T11:34:47+00:00\",\"breadcrumb\":{\"@id\":\"https:\/\/www.emagister.com\/blog\/programa-att-nueva-iniciativa-del-programa-de-becas-de-la-fundacion-amancio-ortega\/#breadcrumb\"},\"inLanguage\":\"es\",\"potentialAction\":[{\"@type\":\"ReadAction\",\"target\":[\"https:\/\/www.emagister.com\/blog\/programa-att-nueva-iniciativa-del-programa-de-becas-de-la-fundacion-amancio-ortega\/\"]}]},{\"@type\":\"ImageObject\",\"inLanguage\":\"es\",\"@id\":\"https:\/\/www.emagister.com\/blog\/programa-att-nueva-iniciativa-del-programa-de-becas-de-la-fundacion-amancio-ortega\/#primaryimage\",\"url\":\"https:\/\/www.emagister.com\/blog\/wp-content\/uploads\/2021\/04\/becas-estados-unidos.jpg\",\"contentUrl\":\"https:\/\/www.emagister.com\/blog\/wp-content\/uploads\/2021\/04\/becas-estados-unidos.jpg\",\"width\":1920,\"height\":1183,\"caption\":\"Illustrative form showing application for scholarship concept with pen\"},{\"@type\":\"BreadcrumbList\",\"@id\":\"https:\/\/www.emagister.com\/blog\/programa-att-nueva-iniciativa-del-programa-de-becas-de-la-fundacion-amancio-ortega\/#breadcrumb\",\"itemListElement\":[{\"@type\":\"ListItem\",\"position\":1,\"name\":\"Blog Emagister\",\"item\":\"https:\/\/www.emagister.com\/blog\/\"},{\"@type\":\"ListItem\",\"position\":2,\"name\":\"Sistema educativo y titulaciones\",\"item\":\"https:\/\/www.emagister.com\/blog\/titulaciones\/\"},{\"@type\":\"ListItem\",\"position\":3,\"name\":\"Bachillerato\",\"item\":\"https:\/\/www.emagister.com\/blog\/titulaciones\/bachillerato\/\"},{\"@type\":\"ListItem\",\"position\":4,\"name\":\"Becas de Bachillerato\",\"item\":\"https:\/\/www.emagister.com\/blog\/titulaciones\/bachillerato\/becas-bachillerato\/\"},{\"@type\":\"ListItem\",\"position\":5,\"name\":\"Programa ATT: nueva iniciativa del Programa de Becas de la Fundaci\u00f3n Amancio Ortega\"}]},{\"@type\":\"WebSite\",\"@id\":\"https:\/\/www.emagister.com\/blog\/#website\",\"url\":\"https:\/\/www.emagister.com\/blog\/\",\"name\":\"Blog Emagister\",\"description\":\"Gu\u00eda de orientaci\u00f3n sobre estudios y tendencias de formaci\u00f3n\",\"publisher\":{\"@id\":\"https:\/\/www.emagister.com\/blog\/#organization\"},\"potentialAction\":[{\"@type\":\"SearchAction\",\"target\":{\"@type\":\"EntryPoint\",\"urlTemplate\":\"https:\/\/www.emagister.com\/blog\/?s={search_term_string}\"},\"query-input\":{\"@type\":\"PropertyValueSpecification\",\"valueRequired\":true,\"valueName\":\"search_term_string\"}}],\"inLanguage\":\"es\"},{\"@type\":\"Organization\",\"@id\":\"https:\/\/www.emagister.com\/blog\/#organization\",\"name\":\"Emagister\",\"url\":\"https:\/\/www.emagister.com\/blog\/\",\"logo\":{\"@type\":\"ImageObject\",\"inLanguage\":\"es\",\"@id\":\"https:\/\/www.emagister.com\/blog\/#\/schema\/logo\/image\/\",\"url\":\"https:\/\/www.emagister.com\/blog\/wp-content\/uploads\/2017\/02\/photo.png\",\"contentUrl\":\"https:\/\/www.emagister.com\/blog\/wp-content\/uploads\/2017\/02\/photo.png\",\"width\":120,\"height\":120,\"caption\":\"Emagister\"},\"image\":{\"@id\":\"https:\/\/www.emagister.com\/blog\/#\/schema\/logo\/image\/\"},\"sameAs\":[\"https:\/\/www.facebook.com\/Emagister\/\",\"https:\/\/x.com\/emagister\",\"https:\/\/www.instagram.com\/emagister\/\",\"https:\/\/www.linkedin.com\/company\/emagister-com\/\",\"https:\/\/www.pinterest.es\/emagister\/\",\"https:\/\/www.youtube.com\/user\/emagister\/\",\"https:\/\/es.wikipedia.org\/wiki\/Emagister\"]},{\"@type\":\"Person\",\"@id\":\"https:\/\/www.emagister.com\/blog\/#\/schema\/person\/776af158d79a20bccf84defca072a501\",\"name\":\"Blog Emagister\",\"image\":{\"@type\":\"ImageObject\",\"inLanguage\":\"es\",\"@id\":\"https:\/\/www.emagister.com\/blog\/#\/schema\/person\/image\/\",\"url\":\"https:\/\/secure.gravatar.com\/avatar\/44dc9fc526e06eb47a16c88f9b66a081ab656cfa8d8ad442778aa78886bdaff1?s=96&r=g\",\"contentUrl\":\"https:\/\/secure.gravatar.com\/avatar\/44dc9fc526e06eb47a16c88f9b66a081ab656cfa8d8ad442778aa78886bdaff1?s=96&r=g\",\"caption\":\"Blog Emagister\"},\"url\":\"https:\/\/www.emagister.com\/blog\/author\/blog-emagister\/\"}]}<\/script>\n<!-- \/ Yoast SEO Premium plugin. -->","yoast_head_json":{"title":"Programa ATT: nueva iniciativa del Programa de Becas de la Fundaci\u00f3n Amancio Ortega - Blog Emagister","robots":{"index":"index","follow":"follow"},"canonical":"https:\/\/www.emagister.com\/blog\/programa-att-nueva-iniciativa-del-programa-de-becas-de-la-fundacion-amancio-ortega\/","og_locale":"es_ES","og_type":"article","og_title":"Programa ATT: nueva iniciativa del Programa de Becas de la Fundaci\u00f3n Amancio Ortega","og_description":"Desde su fundaci\u00f3n en el a\u00f1o 2010, el programa de becas de La Fundaci\u00f3n Amancio Ortega ha beneficiado a m\u00e1s ... Leer m\u00e1s","og_url":"https:\/\/www.emagister.com\/blog\/programa-att-nueva-iniciativa-del-programa-de-becas-de-la-fundacion-amancio-ortega\/","og_site_name":"Blog Emagister","article_publisher":"https:\/\/www.facebook.com\/Emagister\/","article_published_time":"2021-04-26T06:49:00+00:00","article_modified_time":"2021-09-09T11:34:47+00:00","og_image":[{"width":1920,"height":1183,"url":"https:\/\/www.emagister.com\/blog\/wp-content\/uploads\/2021\/04\/becas-estados-unidos.jpg","type":"image\/jpeg"}],"author":"Blog Emagister","twitter_card":"summary_large_image","twitter_creator":"@emagister","twitter_site":"@emagister","twitter_misc":{"Escrito por":"Blog Emagister","Tiempo de lectura":"3 minutos"},"schema":{"@context":"https:\/\/schema.org","@graph":[{"@type":"Article","@id":"https:\/\/www.emagister.com\/blog\/programa-att-nueva-iniciativa-del-programa-de-becas-de-la-fundacion-amancio-ortega\/#article","isPartOf":{"@id":"https:\/\/www.emagister.com\/blog\/programa-att-nueva-iniciativa-del-programa-de-becas-de-la-fundacion-amancio-ortega\/"},"author":{"name":"Blog Emagister","@id":"https:\/\/www.emagister.com\/blog\/#\/schema\/person\/776af158d79a20bccf84defca072a501"},"headline":"Programa ATT: nueva iniciativa del Programa de Becas de la Fundaci\u00f3n Amancio Ortega","datePublished":"2021-04-26T06:49:00+00:00","dateModified":"2021-09-09T11:34:47+00:00","mainEntityOfPage":{"@id":"https:\/\/www.emagister.com\/blog\/programa-att-nueva-iniciativa-del-programa-de-becas-de-la-fundacion-amancio-ortega\/"},"wordCount":510,"commentCount":0,"publisher":{"@id":"https:\/\/www.emagister.com\/blog\/#organization"},"image":{"@id":"https:\/\/www.emagister.com\/blog\/programa-att-nueva-iniciativa-del-programa-de-becas-de-la-fundacion-amancio-ortega\/#primaryimage"},"thumbnailUrl":"https:\/\/www.emagister.com\/blog\/wp-content\/uploads\/2021\/04\/becas-estados-unidos.jpg","articleSection":["Becas de Bachillerato"],"inLanguage":"es","potentialAction":[{"@type":"CommentAction","name":"Comment","target":["https:\/\/www.emagister.com\/blog\/programa-att-nueva-iniciativa-del-programa-de-becas-de-la-fundacion-amancio-ortega\/#respond"]}]},{"@type":"WebPage","@id":"https:\/\/www.emagister.com\/blog\/programa-att-nueva-iniciativa-del-programa-de-becas-de-la-fundacion-amancio-ortega\/","url":"https:\/\/www.emagister.com\/blog\/programa-att-nueva-iniciativa-del-programa-de-becas-de-la-fundacion-amancio-ortega\/","name":"Programa ATT: nueva iniciativa del Programa de Becas de la Fundaci\u00f3n Amancio Ortega - Blog Emagister","isPartOf":{"@id":"https:\/\/www.emagister.com\/blog\/#website"},"primaryImageOfPage":{"@id":"https:\/\/www.emagister.com\/blog\/programa-att-nueva-iniciativa-del-programa-de-becas-de-la-fundacion-amancio-ortega\/#primaryimage"},"image":{"@id":"https:\/\/www.emagister.com\/blog\/programa-att-nueva-iniciativa-del-programa-de-becas-de-la-fundacion-amancio-ortega\/#primaryimage"},"thumbnailUrl":"https:\/\/www.emagister.com\/blog\/wp-content\/uploads\/2021\/04\/becas-estados-unidos.jpg","datePublished":"2021-04-26T06:49:00+00:00","dateModified":"2021-09-09T11:34:47+00:00","breadcrumb":{"@id":"https:\/\/www.emagister.com\/blog\/programa-att-nueva-iniciativa-del-programa-de-becas-de-la-fundacion-amancio-ortega\/#breadcrumb"},"inLanguage":"es","potentialAction":[{"@type":"ReadAction","target":["https:\/\/www.emagister.com\/blog\/programa-att-nueva-iniciativa-del-programa-de-becas-de-la-fundacion-amancio-ortega\/"]}]},{"@type":"ImageObject","inLanguage":"es","@id":"https:\/\/www.emagister.com\/blog\/programa-att-nueva-iniciativa-del-programa-de-becas-de-la-fundacion-amancio-ortega\/#primaryimage","url":"https:\/\/www.emagister.com\/blog\/wp-content\/uploads\/2021\/04\/becas-estados-unidos.jpg","contentUrl":"https:\/\/www.emagister.com\/blog\/wp-content\/uploads\/2021\/04\/becas-estados-unidos.jpg","width":1920,"height":1183,"caption":"Illustrative form showing application for scholarship concept with pen"},{"@type":"BreadcrumbList","@id":"https:\/\/www.emagister.com\/blog\/programa-att-nueva-iniciativa-del-programa-de-becas-de-la-fundacion-amancio-ortega\/#breadcrumb","itemListElement":[{"@type":"ListItem","position":1,"name":"Blog Emagister","item":"https:\/\/www.emagister.com\/blog\/"},{"@type":"ListItem","position":2,"name":"Sistema educativo y titulaciones","item":"https:\/\/www.emagister.com\/blog\/titulaciones\/"},{"@type":"ListItem","position":3,"name":"Bachillerato","item":"https:\/\/www.emagister.com\/blog\/titulaciones\/bachillerato\/"},{"@type":"ListItem","position":4,"name":"Becas de Bachillerato","item":"https:\/\/www.emagister.com\/blog\/titulaciones\/bachillerato\/becas-bachillerato\/"},{"@type":"ListItem","position":5,"name":"Programa ATT: nueva iniciativa del Programa de Becas de la Fundaci\u00f3n Amancio Ortega"}]},{"@type":"WebSite","@id":"https:\/\/www.emagister.com\/blog\/#website","url":"https:\/\/www.emagister.com\/blog\/","name":"Blog Emagister","description":"Gu\u00eda de orientaci\u00f3n sobre estudios y tendencias de formaci\u00f3n","publisher":{"@id":"https:\/\/www.emagister.com\/blog\/#organization"},"potentialAction":[{"@type":"SearchAction","target":{"@type":"EntryPoint","urlTemplate":"https:\/\/www.emagister.com\/blog\/?s={search_term_string}"},"query-input":{"@type":"PropertyValueSpecification","valueRequired":true,"valueName":"search_term_string"}}],"inLanguage":"es"},{"@type":"Organization","@id":"https:\/\/www.emagister.com\/blog\/#organization","name":"Emagister","url":"https:\/\/www.emagister.com\/blog\/","logo":{"@type":"ImageObject","inLanguage":"es","@id":"https:\/\/www.emagister.com\/blog\/#\/schema\/logo\/image\/","url":"https:\/\/www.emagister.com\/blog\/wp-content\/uploads\/2017\/02\/photo.png","contentUrl":"https:\/\/www.emagister.com\/blog\/wp-content\/uploads\/2017\/02\/photo.png","width":120,"height":120,"caption":"Emagister"},"image":{"@id":"https:\/\/www.emagister.com\/blog\/#\/schema\/logo\/image\/"},"sameAs":["https:\/\/www.facebook.com\/Emagister\/","https:\/\/x.com\/emagister","https:\/\/www.instagram.com\/emagister\/","https:\/\/www.linkedin.com\/company\/emagister-com\/","https:\/\/www.pinterest.es\/emagister\/","https:\/\/www.youtube.com\/user\/emagister\/","https:\/\/es.wikipedia.org\/wiki\/Emagister"]},{"@type":"Person","@id":"https:\/\/www.emagister.com\/blog\/#\/schema\/person\/776af158d79a20bccf84defca072a501","name":"Blog Emagister","image":{"@type":"ImageObject","inLanguage":"es","@id":"https:\/\/www.emagister.com\/blog\/#\/schema\/person\/image\/","url":"https:\/\/secure.gravatar.com\/avatar\/44dc9fc526e06eb47a16c88f9b66a081ab656cfa8d8ad442778aa78886bdaff1?s=96&r=g","contentUrl":"https:\/\/secure.gravatar.com\/avatar\/44dc9fc526e06eb47a16c88f9b66a081ab656cfa8d8ad442778aa78886bdaff1?s=96&r=g","caption":"Blog Emagister"},"url":"https:\/\/www.emagister.com\/blog\/author\/blog-emagister\/"}]}},"_links":{"self":[{"href":"https:\/\/www.emagister.com\/blog\/wp-json\/wp\/v2\/posts\/116866","targetHints":{"allow":["GET"]}}],"collection":[{"href":"https:\/\/www.emagister.com\/blog\/wp-json\/wp\/v2\/posts"}],"about":[{"href":"https:\/\/www.emagister.com\/blog\/wp-json\/wp\/v2\/types\/post"}],"author":[{"embeddable":true,"href":"https:\/\/www.emagister.com\/blog\/wp-json\/wp\/v2\/users\/285"}],"replies":[{"embeddable":true,"href":"https:\/\/www.emagister.com\/blog\/wp-json\/wp\/v2\/comments?post=116866"}],"version-history":[{"count":2,"href":"https:\/\/www.emagister.com\/blog\/wp-json\/wp\/v2\/posts\/116866\/revisions"}],"predecessor-version":[{"id":132063,"href":"https:\/\/www.emagister.com\/blog\/wp-json\/wp\/v2\/posts\/116866\/revisions\/132063"}],"wp:featuredmedia":[{"embeddable":true,"href":"https:\/\/www.emagister.com\/blog\/wp-json\/wp\/v2\/media\/116957"}],"wp:attachment":[{"href":"https:\/\/www.emagister.com\/blog\/wp-json\/wp\/v2\/media?parent=116866"}],"wp:term":[{"taxonomy":"category","embeddable":true,"href":"https:\/\/www.emagister.com\/blog\/wp-json\/wp\/v2\/categories?post=116866"},{"taxonomy":"post_tag","embeddable":true,"href":"https:\/\/www.emagister.com\/blog\/wp-json\/wp\/v2\/tags?post=116866"}],"curies":[{"name":"wp","href":"https:\/\/api.w.org\/{rel}","templated":true}]}}