{"id":11733,"date":"2021-01-02T11:42:00","date_gmt":"2021-01-02T10:42:00","guid":{"rendered":"https:\/\/www.emagister.com\/blog\/?p=11733"},"modified":"2021-11-15T11:14:04","modified_gmt":"2021-11-15T10:14:04","slug":"programas-de-cualificacion-profesional-inicial-pcpi","status":"publish","type":"post","link":"https:\/\/www.emagister.com\/blog\/programas-de-cualificacion-profesional-inicial-pcpi\/","title":{"rendered":"Programas de Cualificaci\u00f3n Profesional Inicial (PCPI)"},"content":{"rendered":"<h2>\u00bfQu\u00e9 son los PCPI?<\/h2>\n<p>Los<strong> PCPI o Programas de Cualificaci\u00f3n Profesional Inicial<\/strong> fueron pensados para alcanzar las competencias profesionales necesarias para desempe\u00f1ar una determinada profesi\u00f3n (<strong>certificados de profesionalidad<\/strong>) y poder obtener, a la vez, el t\u00edtulo de <strong>Graduado en Educaci\u00f3n Secundaria Obligatoria (ESO)<\/strong>.<\/p>\n<p><em><strong>Importante<\/strong><\/em>: Los PCPI son programas <strong>en proceso de extinci\u00f3n<\/strong>, ya que la <strong>LOMCE<\/strong> los remplaz\u00f3 por los programas de <a href=\"https:\/\/www.emagister.com\/blog\/fp-basica-una-oportunidad-formarse-sin-la\/\"><strong>Formaci\u00f3n Profesional B\u00e1sica<\/strong><\/a>\u00a0y la <strong>LOMLOE<\/strong>, de pr\u00f3xima aplicaci\u00f3n, mantiene y estabiliza la FP B\u00e1sica.<\/p>\n<p><!--more--><\/p>\n<h2>\u00bfC\u00f3mo acceder a un PCPI?<\/h2>\n<p>Para inscribirse en los PCPI tienes que ser mayor de 16 a\u00f1os, o cumplirlos en el a\u00f1o natural de inicio del programa, menor de 22 a\u00f1os, y no tener el t\u00edtulo de Graduado en ESO.<\/p>\n<h2>\u00bfCu\u00e1nto duran y en qu\u00e9 consisten los m\u00f3dulos PCPI?<\/h2>\n<p>Estos programas tienen una duraci\u00f3n de <strong>dos a\u00f1os<\/strong> y permiten adquirir una cualificaci\u00f3n profesional a la vez que la ESO, realizando los m\u00f3dulos de car\u00e1cter voluntario.<\/p>\n<h3><strong>M\u00f3dulos PCPI<\/strong><\/h3>\n<p>Los PCPI incluyen varios tipos de m\u00f3dulos:<\/p>\n<ul>\n<li>\n<h4>M\u00f3dulos espec\u00edficos profesionales.<\/h4>\n<\/li>\n<\/ul>\n<p>Estos m\u00f3dulos est\u00e1n dirigidos a la adquisici\u00f3n y desarrollo de\u00a0las competencias profesionales incluidas en el perfil profesional del programa.<\/p>\n<p>Incluyen un m\u00f3dulo de\u00a0formaci\u00f3n en centros de trabajo.<\/p>\n<ul>\n<li>\n<h4>M\u00f3dulos formativos de car\u00e1cter general.<\/h4>\n<\/li>\n<\/ul>\n<p>Para poder desarrollar las\u00a0competencias b\u00e1sicas que posibiliten cursar un ciclo formativo de grado medio.<\/p>\n<p>Son impartidos por el profesorado de ense\u00f1anza\u00a0secundaria\u00a0y se\u00a0organizan en torno a tres \u00e1mbitos: de comunicaci\u00f3n, social y\u00a0cient\u00edfico-tecnol\u00f3gico.<\/p>\n<ul>\n<li>\n<h4>M\u00f3dulos voluntarios.<\/h4>\n<\/li>\n<\/ul>\n<p>Sirven para completar la formaci\u00f3n necesaria para la\u00a0obtenci\u00f3n del t\u00edtulo de Graduado en ESO y pueden cursarse simult\u00e1neamente\u00a0con los m\u00f3dulos obligatorios o bien una vez superados \u00e9stos.<\/p>\n<p>Se imparten en los centros educativos.<\/p>\n<h2><strong>\u00bfC\u00f3mo se eval\u00faan y qu\u00e9 certificados entregan?<\/strong><\/h2>\n<p>Los profesores que imparten los diferentes m\u00f3dulos profesionales eval\u00faan a\u00a0cada alumno de forma colegiada para determinar la calificaci\u00f3n de los m\u00f3dulos\u00a0profesionales, la calificaci\u00f3n global de los m\u00f3dulos obligatorios y la calificaci\u00f3n\u00a0global de los m\u00f3dulos voluntarios.<\/p>\n<p>Los alumnos que hayan cursado un PCPI pueden obtener las siguientes\u00a0acreditaciones oficiales:<\/p>\n<ul>\n<li>El certificado de profesionalidad de nivel 1 que corresponda en funci\u00f3n de los\u00a0m\u00f3dulos profesionales espec\u00edficos superados.<\/li>\n<li>Un certificado acad\u00e9mico que permite el acceso a los ciclos de Grado Medio de\u00a0Formaci\u00f3n Profesional, si supera los m\u00f3dulos obligatorios.<\/li>\n<li>El certificado del Programa de Cualificaci\u00f3n Profesional Inicial, si supera todos\u00a0los m\u00f3dulos del programa. En este caso, se obtendr\u00e1 tambi\u00e9n el t\u00edtulo de\u00a0Graduado en Educaci\u00f3n Secundaria Obligatoria.<\/li>\n<\/ul>\n<p>Cada Comunidad Aut\u00f3noma establece la denominaci\u00f3n de los programas que\u00a0oferta.<\/p>\n<h2><strong>\u00bfEs los mismo que la FP B\u00e1sica?<\/strong><\/h2>\n<p>Los PCPI son programas <strong>en proceso de extinci\u00f3n<\/strong>, ya que la <strong>LOMCE<\/strong> los remplaz\u00f3 por los programas de <strong>Formaci\u00f3n Profesional B\u00e1sica<\/strong>\u00a0y la <strong>LOMLOE<\/strong>, de pr\u00f3xima aplicaci\u00f3n, mantiene y estabiliza la FP B\u00e1sica.<\/p>\n<p>Tambi\u00e9n te puede interesar: <a href=\"https:\/\/www.emagister.com\/blog\/fp-basica-una-oportunidad-formarse-sin-la\/\">FP B\u00e1sica<\/a>, <a href=\"https:\/\/www.emagister.com\/blog\/que-es-la-formacion-profesional-dual\/\">Qu\u00e9 es la FP dual<\/a> o <a href=\"https:\/\/www.emagister.com\/blog\/como-acreditar-tus-competencias-profesionales\/\">C\u00f3mo acreditar tus competencias profesionales<\/a>.<\/p>\n\n<div class=\"courses\"><div class=\"course\"><div class=\"inside\"><span class=\"course_name directory ofuscado\" onclick=\"window.location.href='https:\/\/www.emagister.com\/seminario-reiki-usui-maestria-cursos-3699215.htm';\">Seminario Reiki Usui Maestr\u00eda<\/span><div class=\"course_center\">Marianela Garcet<\/div><div class=\"course_rating\"><i class=\"course_rating_star\"><\/i><\/div><div class=\"course_price\">250 \u20ac<\/div><span class=\"course_button directory ofuscado\" onclick=\"window.location.href='https:\/\/www.emagister.com\/seminario-reiki-usui-maestria-cursos-3699215.htm';\">Ver m\u00e1s<\/span><\/div><\/div><div class=\"course\"><div class=\"inside\"><span class=\"course_name directory ofuscado\" onclick=\"window.location.href='https:\/\/www.emagister.com\/tarot-como-camino-evolucion-espiritual-cursos-3699217.htm';\">El TAROT Como Camino de Evoluci\u00f3n Espiritual<\/span><div class=\"course_center\">Marianela Garcet<\/div><div class=\"course_rating\"><i class=\"course_rating_star\"><\/i><\/div><div class=\"course_price\">50 \u20ac<\/div><span class=\"course_button directory ofuscado\" onclick=\"window.location.href='https:\/\/www.emagister.com\/tarot-como-camino-evolucion-espiritual-cursos-3699217.htm';\">Ver m\u00e1s<\/span><\/div><\/div><div class=\"course\"><div class=\"inside\"><span class=\"course_name directory ofuscado\" onclick=\"window.location.href='https:\/\/www.emagister.com\/seminario-reiki-usui-maestria-cursos-3699214.htm';\">Seminario Reiki Usui Maestr\u00eda.<\/span><div class=\"course_center\">Marianela Garcet<\/div><div class=\"course_rating\"><i class=\"course_rating_star\"><\/i><\/div><div class=\"course_price\">250 \u20ac<\/div><span class=\"course_button directory ofuscado\" onclick=\"window.location.href='https:\/\/www.emagister.com\/seminario-reiki-usui-maestria-cursos-3699214.htm';\">Ver m\u00e1s<\/span><\/div><\/div><div class=\"course\"><div class=\"inside\"><span class=\"course_name directory ofuscado\" onclick=\"window.location.href='https:\/\/www.emagister.com\/metafisica-nueva-energia-1er-nivel-cursos-3699219.htm';\">Metaf\u00edsica Nueva Energ\u00eda 1er Nivel<\/span><div class=\"course_center\">Marianela Garcet<\/div><div class=\"course_rating\"><i class=\"course_rating_star\"><\/i><\/div><div class=\"course_price\">80 \u20ac<\/div><span class=\"course_button directory ofuscado\" onclick=\"window.location.href='https:\/\/www.emagister.com\/metafisica-nueva-energia-1er-nivel-cursos-3699219.htm';\">Ver m\u00e1s<\/span><\/div><\/div><div class=\"courses_more_wpr\"><span class=\"courses_more directory ofuscado\" onclick=\"window.location.href='https:\/\/www.emagister.com\/web\/search?q=fp%20basica&#038;token=668d173c-ff0d-4d4f-bd13-3db820a3b96a&#038;idTipoCurso=1090&#038;segment=8&#038;sort=purePPL';\">Ver todos los cursos<svg height=\"20\" viewBox=\"0 0 20 20\" width=\"20\" xmlns=\"http:\/\/www.w3.org\/2000\/svg\"><path d=\"m12.77 10.332-4.602 4.531c-.184.184-.48.184-.664 0l-.277-.277c-.184-.184-.184-.48 0-.664l3.996-3.922-3.993-3.922c-.183-.183-.183-.48 0-.664l.278-.277c.183-.184.48-.184.664 0l4.601 4.531c.18.184.18.48-.003.664z\" fill=\"#4cb7ac\" fill-rule=\"evenodd\"\/><\/svg><\/span><\/div><\/div>\n\n\n\n<p><em>Art\u00edculo actualizado en 2021<\/em><\/p>\n","protected":false},"excerpt":{"rendered":"<p>Los PCPI, sustituidos ahora por la FP B\u00e1sica, fueron pensados para alcanzar competencias profesionales y poder obtener el t\u00edtulo de Graduado en Educaci\u00f3n Secundaria Obligatoria (ESO).<\/p>\n","protected":false},"author":94,"featured_media":134250,"comment_status":"open","ping_status":"open","sticky":false,"template":"","format":"standard","meta":{"_acf_changed":false,"inline_featured_image":false,"footnotes":""},"categories":[8330,8336,8339,8341,8368],"tags":[],"class_list":["post-11733","post","type-post","status-publish","format-standard","has-post-thumbnail","hentry","category-orientacion","category-noticias","category-fp","category-eso","category-estudiar-sin-la-eso","generate-columns","tablet-grid-50","mobile-grid-100","grid-parent","grid-25"],"acf":{"mostrar_faldon":"1","texto_faldon":"Encuentra en Emagister tu ciclo de FP B\u00e1sica","link_faldon":"https:\/\/www.emagister.com\/formacion-profesional\/","link_texto_faldon":"Buscar FP","noticiasElPais":{"custom_snippet_image":false,"custom_snippet_title":"","custom_snippet_description":""},"noticiasLaVanguardia":{"custom_snippet_image":false,"custom_snippet_title":"","custom_snippet_description":""},"hreflang":[{"url":""}],"estilo_titulo":"","fecha":"no"},"yoast_head":"<!-- This site is optimized with the Yoast SEO Premium plugin v18.1 (Yoast SEO v27.0) - https:\/\/yoast.com\/product\/yoast-seo-premium-wordpress\/ -->\n<title>Qu\u00e9 son los PCPI<\/title>\n<meta name=\"description\" content=\"Los PCPI, sustituidos ahora por la FP B\u00e1sica, fueron pensados para alcanzar competencias profesionales y poder obtener el t\u00edtulo de Graduado en Educaci\u00f3n Secundaria Obligatoria (ESO).\" \/>\n<meta name=\"robots\" content=\"index, follow\" \/>\n<link rel=\"canonical\" href=\"https:\/\/www.emagister.com\/blog\/programas-de-cualificacion-profesional-inicial-pcpi\/\" \/>\n<meta property=\"og:locale\" content=\"es_ES\" \/>\n<meta property=\"og:type\" content=\"article\" \/>\n<meta property=\"og:title\" content=\"Programas de Cualificaci\u00f3n Profesional Inicial (PCPI)\" \/>\n<meta property=\"og:description\" content=\"Los PCPI, sustituidos ahora por la FP B\u00e1sica, fueron pensados para alcanzar competencias profesionales y poder obtener el t\u00edtulo de Graduado en Educaci\u00f3n Secundaria Obligatoria (ESO).\" \/>\n<meta property=\"og:url\" content=\"https:\/\/www.emagister.com\/blog\/programas-de-cualificacion-profesional-inicial-pcpi\/\" \/>\n<meta property=\"og:site_name\" content=\"Blog Emagister\" \/>\n<meta property=\"article:publisher\" content=\"https:\/\/www.facebook.com\/Emagister\/\" \/>\n<meta property=\"article:author\" content=\"https:\/\/www.facebook.com\/sonia.ribo.9\" \/>\n<meta property=\"article:published_time\" content=\"2021-01-02T10:42:00+00:00\" \/>\n<meta property=\"article:modified_time\" content=\"2021-11-15T10:14:04+00:00\" \/>\n<meta property=\"og:image\" content=\"https:\/\/www.emagister.com\/blog\/wp-content\/uploads\/2014\/01\/PCPI.jpg\" \/>\n\t<meta property=\"og:image:width\" content=\"1920\" \/>\n\t<meta property=\"og:image:height\" content=\"1280\" \/>\n\t<meta property=\"og:image:type\" content=\"image\/jpeg\" \/>\n<meta name=\"author\" content=\"Sonia Ribo\" \/>\n<meta name=\"twitter:card\" content=\"summary_large_image\" \/>\n<meta name=\"twitter:creator\" content=\"@soniaribo\" \/>\n<meta name=\"twitter:site\" content=\"@emagister\" \/>\n<meta name=\"twitter:label1\" content=\"Escrito por\" \/>\n\t<meta name=\"twitter:data1\" content=\"Sonia Ribo\" \/>\n\t<meta name=\"twitter:label2\" content=\"Tiempo de lectura\" \/>\n\t<meta name=\"twitter:data2\" content=\"3 minutos\" \/>\n<script type=\"application\/ld+json\" class=\"yoast-schema-graph\">{\"@context\":\"https:\/\/schema.org\",\"@graph\":[{\"@type\":\"Article\",\"@id\":\"https:\/\/www.emagister.com\/blog\/programas-de-cualificacion-profesional-inicial-pcpi\/#article\",\"isPartOf\":{\"@id\":\"https:\/\/www.emagister.com\/blog\/programas-de-cualificacion-profesional-inicial-pcpi\/\"},\"author\":{\"name\":\"Sonia Ribo\",\"@id\":\"https:\/\/www.emagister.com\/blog\/#\/schema\/person\/b13231ce954d76e9ebc3b5771df738ae\"},\"headline\":\"Programas de Cualificaci\u00f3n Profesional Inicial (PCPI)\",\"datePublished\":\"2021-01-02T10:42:00+00:00\",\"dateModified\":\"2021-11-15T10:14:04+00:00\",\"mainEntityOfPage\":{\"@id\":\"https:\/\/www.emagister.com\/blog\/programas-de-cualificacion-profesional-inicial-pcpi\/\"},\"wordCount\":572,\"commentCount\":29,\"publisher\":{\"@id\":\"https:\/\/www.emagister.com\/blog\/#organization\"},\"image\":{\"@id\":\"https:\/\/www.emagister.com\/blog\/programas-de-cualificacion-profesional-inicial-pcpi\/#primaryimage\"},\"thumbnailUrl\":\"https:\/\/www.emagister.com\/blog\/wp-content\/uploads\/2014\/01\/PCPI.jpg\",\"articleSection\":[\"Si no sabes qu\u00e9 estudiar\",\"Actualidad Emagister\",\"Formaci\u00f3n profesional\",\"Educaci\u00f3n Secundaria Obligatoria (ESO)\",\"Opciones sin la ESO\"],\"inLanguage\":\"es\",\"potentialAction\":[{\"@type\":\"CommentAction\",\"name\":\"Comment\",\"target\":[\"https:\/\/www.emagister.com\/blog\/programas-de-cualificacion-profesional-inicial-pcpi\/#respond\"]}]},{\"@type\":\"WebPage\",\"@id\":\"https:\/\/www.emagister.com\/blog\/programas-de-cualificacion-profesional-inicial-pcpi\/\",\"url\":\"https:\/\/www.emagister.com\/blog\/programas-de-cualificacion-profesional-inicial-pcpi\/\",\"name\":\"Qu\u00e9 son los PCPI\",\"isPartOf\":{\"@id\":\"https:\/\/www.emagister.com\/blog\/#website\"},\"primaryImageOfPage\":{\"@id\":\"https:\/\/www.emagister.com\/blog\/programas-de-cualificacion-profesional-inicial-pcpi\/#primaryimage\"},\"image\":{\"@id\":\"https:\/\/www.emagister.com\/blog\/programas-de-cualificacion-profesional-inicial-pcpi\/#primaryimage\"},\"thumbnailUrl\":\"https:\/\/www.emagister.com\/blog\/wp-content\/uploads\/2014\/01\/PCPI.jpg\",\"datePublished\":\"2021-01-02T10:42:00+00:00\",\"dateModified\":\"2021-11-15T10:14:04+00:00\",\"description\":\"Los PCPI, sustituidos ahora por la FP B\u00e1sica, fueron pensados para alcanzar competencias profesionales y poder obtener el t\u00edtulo de Graduado en Educaci\u00f3n Secundaria Obligatoria (ESO).\",\"breadcrumb\":{\"@id\":\"https:\/\/www.emagister.com\/blog\/programas-de-cualificacion-profesional-inicial-pcpi\/#breadcrumb\"},\"inLanguage\":\"es\",\"potentialAction\":[{\"@type\":\"ReadAction\",\"target\":[\"https:\/\/www.emagister.com\/blog\/programas-de-cualificacion-profesional-inicial-pcpi\/\"]}]},{\"@type\":\"ImageObject\",\"inLanguage\":\"es\",\"@id\":\"https:\/\/www.emagister.com\/blog\/programas-de-cualificacion-profesional-inicial-pcpi\/#primaryimage\",\"url\":\"https:\/\/www.emagister.com\/blog\/wp-content\/uploads\/2014\/01\/PCPI.jpg\",\"contentUrl\":\"https:\/\/www.emagister.com\/blog\/wp-content\/uploads\/2014\/01\/PCPI.jpg\",\"width\":1920,\"height\":1280,\"caption\":\"PCPI\"},{\"@type\":\"BreadcrumbList\",\"@id\":\"https:\/\/www.emagister.com\/blog\/programas-de-cualificacion-profesional-inicial-pcpi\/#breadcrumb\",\"itemListElement\":[{\"@type\":\"ListItem\",\"position\":1,\"name\":\"Blog Emagister\",\"item\":\"https:\/\/www.emagister.com\/blog\/\"},{\"@type\":\"ListItem\",\"position\":2,\"name\":\"Sistema educativo y titulaciones\",\"item\":\"https:\/\/www.emagister.com\/blog\/titulaciones\/\"},{\"@type\":\"ListItem\",\"position\":3,\"name\":\"Educaci\u00f3n Secundaria Obligatoria (ESO)\",\"item\":\"https:\/\/www.emagister.com\/blog\/titulaciones\/eso\/\"},{\"@type\":\"ListItem\",\"position\":4,\"name\":\"Opciones sin la ESO\",\"item\":\"https:\/\/www.emagister.com\/blog\/titulaciones\/eso\/estudiar-sin-la-eso\/\"},{\"@type\":\"ListItem\",\"position\":5,\"name\":\"Programas de Cualificaci\u00f3n Profesional Inicial (PCPI)\"}]},{\"@type\":\"WebSite\",\"@id\":\"https:\/\/www.emagister.com\/blog\/#website\",\"url\":\"https:\/\/www.emagister.com\/blog\/\",\"name\":\"Blog Emagister\",\"description\":\"Gu\u00eda de orientaci\u00f3n sobre estudios y tendencias de formaci\u00f3n\",\"publisher\":{\"@id\":\"https:\/\/www.emagister.com\/blog\/#organization\"},\"potentialAction\":[{\"@type\":\"SearchAction\",\"target\":{\"@type\":\"EntryPoint\",\"urlTemplate\":\"https:\/\/www.emagister.com\/blog\/?s={search_term_string}\"},\"query-input\":{\"@type\":\"PropertyValueSpecification\",\"valueRequired\":true,\"valueName\":\"search_term_string\"}}],\"inLanguage\":\"es\"},{\"@type\":\"Organization\",\"@id\":\"https:\/\/www.emagister.com\/blog\/#organization\",\"name\":\"Emagister\",\"url\":\"https:\/\/www.emagister.com\/blog\/\",\"logo\":{\"@type\":\"ImageObject\",\"inLanguage\":\"es\",\"@id\":\"https:\/\/www.emagister.com\/blog\/#\/schema\/logo\/image\/\",\"url\":\"https:\/\/www.emagister.com\/blog\/wp-content\/uploads\/2017\/02\/photo.png\",\"contentUrl\":\"https:\/\/www.emagister.com\/blog\/wp-content\/uploads\/2017\/02\/photo.png\",\"width\":120,\"height\":120,\"caption\":\"Emagister\"},\"image\":{\"@id\":\"https:\/\/www.emagister.com\/blog\/#\/schema\/logo\/image\/\"},\"sameAs\":[\"https:\/\/www.facebook.com\/Emagister\/\",\"https:\/\/x.com\/emagister\",\"https:\/\/www.instagram.com\/emagister\/\",\"https:\/\/www.linkedin.com\/company\/emagister-com\/\",\"https:\/\/www.pinterest.es\/emagister\/\",\"https:\/\/www.youtube.com\/user\/emagister\/\",\"https:\/\/es.wikipedia.org\/wiki\/Emagister\"]},{\"@type\":\"Person\",\"@id\":\"https:\/\/www.emagister.com\/blog\/#\/schema\/person\/b13231ce954d76e9ebc3b5771df738ae\",\"name\":\"Sonia Ribo\",\"image\":{\"@type\":\"ImageObject\",\"inLanguage\":\"es\",\"@id\":\"https:\/\/www.emagister.com\/blog\/#\/schema\/person\/image\/\",\"url\":\"https:\/\/secure.gravatar.com\/avatar\/8c116e1b60ede2c2b744d95ca29d9b6ff80170b1bec985210e0034e72c293c74?s=96&r=g\",\"contentUrl\":\"https:\/\/secure.gravatar.com\/avatar\/8c116e1b60ede2c2b744d95ca29d9b6ff80170b1bec985210e0034e72c293c74?s=96&r=g\",\"caption\":\"Sonia Ribo\"},\"description\":\"Soy periodista. He trabajado 12 a\u00f1os en la radio: en Radio Nacional y la Cadena SER. Ahora me dedico a la comunicaci\u00f3n digital y redacci\u00f3n de contenidos en Emagister. Presento un programa de radio de baloncesto de formaci\u00f3n en Badalona que se llama Fem B\u00e0squet.\",\"sameAs\":[\"https:\/\/www.facebook.com\/sonia.ribo.9\",\"https:\/\/x.com\/soniaribo\"],\"url\":\"https:\/\/www.emagister.com\/blog\/author\/sonia\/\"}]}<\/script>\n<!-- \/ Yoast SEO Premium plugin. -->","yoast_head_json":{"title":"Qu\u00e9 son los PCPI","description":"Los PCPI, sustituidos ahora por la FP B\u00e1sica, fueron pensados para alcanzar competencias profesionales y poder obtener el t\u00edtulo de Graduado en Educaci\u00f3n Secundaria Obligatoria (ESO).","robots":{"index":"index","follow":"follow"},"canonical":"https:\/\/www.emagister.com\/blog\/programas-de-cualificacion-profesional-inicial-pcpi\/","og_locale":"es_ES","og_type":"article","og_title":"Programas de Cualificaci\u00f3n Profesional Inicial (PCPI)","og_description":"Los PCPI, sustituidos ahora por la FP B\u00e1sica, fueron pensados para alcanzar competencias profesionales y poder obtener el t\u00edtulo de Graduado en Educaci\u00f3n Secundaria Obligatoria (ESO).","og_url":"https:\/\/www.emagister.com\/blog\/programas-de-cualificacion-profesional-inicial-pcpi\/","og_site_name":"Blog Emagister","article_publisher":"https:\/\/www.facebook.com\/Emagister\/","article_author":"https:\/\/www.facebook.com\/sonia.ribo.9","article_published_time":"2021-01-02T10:42:00+00:00","article_modified_time":"2021-11-15T10:14:04+00:00","og_image":[{"width":1920,"height":1280,"url":"https:\/\/www.emagister.com\/blog\/wp-content\/uploads\/2014\/01\/PCPI.jpg","type":"image\/jpeg"}],"author":"Sonia Ribo","twitter_card":"summary_large_image","twitter_creator":"@soniaribo","twitter_site":"@emagister","twitter_misc":{"Escrito por":"Sonia Ribo","Tiempo de lectura":"3 minutos"},"schema":{"@context":"https:\/\/schema.org","@graph":[{"@type":"Article","@id":"https:\/\/www.emagister.com\/blog\/programas-de-cualificacion-profesional-inicial-pcpi\/#article","isPartOf":{"@id":"https:\/\/www.emagister.com\/blog\/programas-de-cualificacion-profesional-inicial-pcpi\/"},"author":{"name":"Sonia Ribo","@id":"https:\/\/www.emagister.com\/blog\/#\/schema\/person\/b13231ce954d76e9ebc3b5771df738ae"},"headline":"Programas de Cualificaci\u00f3n Profesional Inicial (PCPI)","datePublished":"2021-01-02T10:42:00+00:00","dateModified":"2021-11-15T10:14:04+00:00","mainEntityOfPage":{"@id":"https:\/\/www.emagister.com\/blog\/programas-de-cualificacion-profesional-inicial-pcpi\/"},"wordCount":572,"commentCount":29,"publisher":{"@id":"https:\/\/www.emagister.com\/blog\/#organization"},"image":{"@id":"https:\/\/www.emagister.com\/blog\/programas-de-cualificacion-profesional-inicial-pcpi\/#primaryimage"},"thumbnailUrl":"https:\/\/www.emagister.com\/blog\/wp-content\/uploads\/2014\/01\/PCPI.jpg","articleSection":["Si no sabes qu\u00e9 estudiar","Actualidad Emagister","Formaci\u00f3n profesional","Educaci\u00f3n Secundaria Obligatoria (ESO)","Opciones sin la ESO"],"inLanguage":"es","potentialAction":[{"@type":"CommentAction","name":"Comment","target":["https:\/\/www.emagister.com\/blog\/programas-de-cualificacion-profesional-inicial-pcpi\/#respond"]}]},{"@type":"WebPage","@id":"https:\/\/www.emagister.com\/blog\/programas-de-cualificacion-profesional-inicial-pcpi\/","url":"https:\/\/www.emagister.com\/blog\/programas-de-cualificacion-profesional-inicial-pcpi\/","name":"Qu\u00e9 son los PCPI","isPartOf":{"@id":"https:\/\/www.emagister.com\/blog\/#website"},"primaryImageOfPage":{"@id":"https:\/\/www.emagister.com\/blog\/programas-de-cualificacion-profesional-inicial-pcpi\/#primaryimage"},"image":{"@id":"https:\/\/www.emagister.com\/blog\/programas-de-cualificacion-profesional-inicial-pcpi\/#primaryimage"},"thumbnailUrl":"https:\/\/www.emagister.com\/blog\/wp-content\/uploads\/2014\/01\/PCPI.jpg","datePublished":"2021-01-02T10:42:00+00:00","dateModified":"2021-11-15T10:14:04+00:00","description":"Los PCPI, sustituidos ahora por la FP B\u00e1sica, fueron pensados para alcanzar competencias profesionales y poder obtener el t\u00edtulo de Graduado en Educaci\u00f3n Secundaria Obligatoria (ESO).","breadcrumb":{"@id":"https:\/\/www.emagister.com\/blog\/programas-de-cualificacion-profesional-inicial-pcpi\/#breadcrumb"},"inLanguage":"es","potentialAction":[{"@type":"ReadAction","target":["https:\/\/www.emagister.com\/blog\/programas-de-cualificacion-profesional-inicial-pcpi\/"]}]},{"@type":"ImageObject","inLanguage":"es","@id":"https:\/\/www.emagister.com\/blog\/programas-de-cualificacion-profesional-inicial-pcpi\/#primaryimage","url":"https:\/\/www.emagister.com\/blog\/wp-content\/uploads\/2014\/01\/PCPI.jpg","contentUrl":"https:\/\/www.emagister.com\/blog\/wp-content\/uploads\/2014\/01\/PCPI.jpg","width":1920,"height":1280,"caption":"PCPI"},{"@type":"BreadcrumbList","@id":"https:\/\/www.emagister.com\/blog\/programas-de-cualificacion-profesional-inicial-pcpi\/#breadcrumb","itemListElement":[{"@type":"ListItem","position":1,"name":"Blog Emagister","item":"https:\/\/www.emagister.com\/blog\/"},{"@type":"ListItem","position":2,"name":"Sistema educativo y titulaciones","item":"https:\/\/www.emagister.com\/blog\/titulaciones\/"},{"@type":"ListItem","position":3,"name":"Educaci\u00f3n Secundaria Obligatoria (ESO)","item":"https:\/\/www.emagister.com\/blog\/titulaciones\/eso\/"},{"@type":"ListItem","position":4,"name":"Opciones sin la ESO","item":"https:\/\/www.emagister.com\/blog\/titulaciones\/eso\/estudiar-sin-la-eso\/"},{"@type":"ListItem","position":5,"name":"Programas de Cualificaci\u00f3n Profesional Inicial (PCPI)"}]},{"@type":"WebSite","@id":"https:\/\/www.emagister.com\/blog\/#website","url":"https:\/\/www.emagister.com\/blog\/","name":"Blog Emagister","description":"Gu\u00eda de orientaci\u00f3n sobre estudios y tendencias de formaci\u00f3n","publisher":{"@id":"https:\/\/www.emagister.com\/blog\/#organization"},"potentialAction":[{"@type":"SearchAction","target":{"@type":"EntryPoint","urlTemplate":"https:\/\/www.emagister.com\/blog\/?s={search_term_string}"},"query-input":{"@type":"PropertyValueSpecification","valueRequired":true,"valueName":"search_term_string"}}],"inLanguage":"es"},{"@type":"Organization","@id":"https:\/\/www.emagister.com\/blog\/#organization","name":"Emagister","url":"https:\/\/www.emagister.com\/blog\/","logo":{"@type":"ImageObject","inLanguage":"es","@id":"https:\/\/www.emagister.com\/blog\/#\/schema\/logo\/image\/","url":"https:\/\/www.emagister.com\/blog\/wp-content\/uploads\/2017\/02\/photo.png","contentUrl":"https:\/\/www.emagister.com\/blog\/wp-content\/uploads\/2017\/02\/photo.png","width":120,"height":120,"caption":"Emagister"},"image":{"@id":"https:\/\/www.emagister.com\/blog\/#\/schema\/logo\/image\/"},"sameAs":["https:\/\/www.facebook.com\/Emagister\/","https:\/\/x.com\/emagister","https:\/\/www.instagram.com\/emagister\/","https:\/\/www.linkedin.com\/company\/emagister-com\/","https:\/\/www.pinterest.es\/emagister\/","https:\/\/www.youtube.com\/user\/emagister\/","https:\/\/es.wikipedia.org\/wiki\/Emagister"]},{"@type":"Person","@id":"https:\/\/www.emagister.com\/blog\/#\/schema\/person\/b13231ce954d76e9ebc3b5771df738ae","name":"Sonia Ribo","image":{"@type":"ImageObject","inLanguage":"es","@id":"https:\/\/www.emagister.com\/blog\/#\/schema\/person\/image\/","url":"https:\/\/secure.gravatar.com\/avatar\/8c116e1b60ede2c2b744d95ca29d9b6ff80170b1bec985210e0034e72c293c74?s=96&r=g","contentUrl":"https:\/\/secure.gravatar.com\/avatar\/8c116e1b60ede2c2b744d95ca29d9b6ff80170b1bec985210e0034e72c293c74?s=96&r=g","caption":"Sonia Ribo"},"description":"Soy periodista. He trabajado 12 a\u00f1os en la radio: en Radio Nacional y la Cadena SER. Ahora me dedico a la comunicaci\u00f3n digital y redacci\u00f3n de contenidos en Emagister. Presento un programa de radio de baloncesto de formaci\u00f3n en Badalona que se llama Fem B\u00e0squet.","sameAs":["https:\/\/www.facebook.com\/sonia.ribo.9","https:\/\/x.com\/soniaribo"],"url":"https:\/\/www.emagister.com\/blog\/author\/sonia\/"}]}},"_links":{"self":[{"href":"https:\/\/www.emagister.com\/blog\/wp-json\/wp\/v2\/posts\/11733","targetHints":{"allow":["GET"]}}],"collection":[{"href":"https:\/\/www.emagister.com\/blog\/wp-json\/wp\/v2\/posts"}],"about":[{"href":"https:\/\/www.emagister.com\/blog\/wp-json\/wp\/v2\/types\/post"}],"author":[{"embeddable":true,"href":"https:\/\/www.emagister.com\/blog\/wp-json\/wp\/v2\/users\/94"}],"replies":[{"embeddable":true,"href":"https:\/\/www.emagister.com\/blog\/wp-json\/wp\/v2\/comments?post=11733"}],"version-history":[{"count":7,"href":"https:\/\/www.emagister.com\/blog\/wp-json\/wp\/v2\/posts\/11733\/revisions"}],"predecessor-version":[{"id":134269,"href":"https:\/\/www.emagister.com\/blog\/wp-json\/wp\/v2\/posts\/11733\/revisions\/134269"}],"wp:featuredmedia":[{"embeddable":true,"href":"https:\/\/www.emagister.com\/blog\/wp-json\/wp\/v2\/media\/134250"}],"wp:attachment":[{"href":"https:\/\/www.emagister.com\/blog\/wp-json\/wp\/v2\/media?parent=11733"}],"wp:term":[{"taxonomy":"category","embeddable":true,"href":"https:\/\/www.emagister.com\/blog\/wp-json\/wp\/v2\/categories?post=11733"},{"taxonomy":"post_tag","embeddable":true,"href":"https:\/\/www.emagister.com\/blog\/wp-json\/wp\/v2\/tags?post=11733"}],"curies":[{"name":"wp","href":"https:\/\/api.w.org\/{rel}","templated":true}]}}