{"id":11863,"date":"2014-01-09T10:38:15","date_gmt":"2014-01-09T09:38:15","guid":{"rendered":"https:\/\/www.emagister.com\/blog\/?p=11863"},"modified":"2021-05-21T13:04:32","modified_gmt":"2021-05-21T11:04:32","slug":"titulos-y-convalidaciones-fp","status":"publish","type":"post","link":"https:\/\/www.emagister.com\/blog\/titulos-y-convalidaciones-fp\/","title":{"rendered":"T\u00edtulos y convalidaciones en la FP"},"content":{"rendered":"<p>A medida que avanzas en tus estudios de Formaci\u00f3n Profesional, puedes conseguir titulaciones que adem\u00e1s de certificar<!--more--> tus conocimientos, te abren el camino a una formaci\u00f3n superior.<\/p>\n<ul>\n<li>Con la FP B\u00e0sica<\/li>\n<\/ul>\n<p>Los alumnos que superen un ciclo de Formaci\u00f3n Profesional B\u00e1sica recibir\u00e1n&nbsp;el t\u00edtulo Profesional B\u00e1sico correspondiente, que permite el acceso a los ciclos&nbsp;formativos de grado medio de la Formaci\u00f3n Profesional del sistema educativo y&nbsp;al t\u00edtulo de Graduado en Educaci\u00f3n Secundaria Obligatoria.<\/p>\n<ul>\n<li>Con FP Media<\/li>\n<\/ul>\n<p>Los alumnos que superen los ciclos formativos de Grado Medio de la&nbsp;Formaci\u00f3n Profesional recibir\u00e1n el t\u00edtulo de T\u00e9cnico de la correspondiente&nbsp;profesi\u00f3n, que permite el acceso a los ciclos formativos de Grado Superior.<\/p>\n<ul>\n<li>Con FP Superior<\/li>\n<\/ul>\n<p>Los alumnos que superen los ciclos formativos de Grado Superior de la&nbsp;Formaci\u00f3n Profesional obtendr\u00e1n el t\u00edtulo de T\u00e9cnico Superior, que permite el&nbsp;acceso, previa superaci\u00f3n de las pruebas de admisi\u00f3n correspondientes, a los&nbsp;estudios universitarios de grado.<\/p>\n<p>Los alumnos con t\u00edtulo de T\u00e9cnico o de T\u00e9cnico Superior pueden obtener el&nbsp;t\u00edtulo de Bachiller si superan la evaluaci\u00f3n final de Bachillerato en relaci\u00f3n con&nbsp;las materias del bloque de asignaturas troncales que como m\u00ednimo se deban&nbsp;cursar en la modalidad y opci\u00f3n escogidas.<\/p>\n<ul>\n<li>Si no has acabado un ciclo<\/li>\n<\/ul>\n<p>Los alumnos que no superen en su totalidad los ciclos de Formaci\u00f3n&nbsp;Profesional B\u00e1sica, o de cada uno de los ciclos formativos de Grado Medio o&nbsp;Superior, recibir\u00e1n un certificado acad\u00e9mico de los m\u00f3dulos profesionales y&nbsp;bloques o materias superados, a modo de acreditaci\u00f3n parcial acumulable de&nbsp;las competencias profesionales.<\/p>\n<p><strong>Convalidaciones<\/strong><\/p>\n<p>Los requisitos para solicitar la convalidaci\u00f3n de los m\u00f3dulos profesionales de&nbsp;los ciclos formativos de Formaci\u00f3n Profesional son los siguientes:<\/p>\n<ul>\n<li>Matricularse en las ense\u00f1anzas que se pretenden convalidar.<\/li>\n<li>Solicitarlo a la direcci\u00f3n del centro educativo donde se haya formalizado la&nbsp;matr\u00edcula.<\/li>\n<li>Haber superado una formaci\u00f3n con validez acad\u00e9mica que incluya los&nbsp;contenidos m\u00ednimos de los m\u00f3dulos profesionales de los ciclos formativos&nbsp;susceptibles de convalidaci\u00f3n.<\/li>\n<\/ul>\n<p>La solicitud de convalidaci\u00f3n debe adjuntar:<\/p>\n<ul>\n<li>Fotocopia del Documento Nacional de Identidad, o fotocopia del Pasaporte&nbsp;o de la Tarjeta de Extranjero\/a o del Permiso de Residencia o del Visado de&nbsp;Estudios.<\/li>\n<li>Original o fotocopia compulsada de la certificaci\u00f3n acad\u00e9mica oficial o del t\u00edtulo&nbsp;o del libro de calificaciones de los estudios cursados.<\/li>\n<\/ul>\n<p>En el caso de estudios&nbsp;universitarios:<\/p>\n<ul>\n<li>Ees obligatorio original o fotocopia compulsada de la certificaci\u00f3n&nbsp;acad\u00e9mica oficial, con indicaci\u00f3n de las horas o cr\u00e9ditos de cada materia&nbsp;superada.<\/li>\n<li>Se adjuntar\u00e1n tambi\u00e9n original o&nbsp;fotocopia compulsada de los programas oficiales sellados por la universidad de&nbsp;las asignaturas superadas.<\/li>\n<\/ul>\n<p>Si necesitas m\u00e1s informaci\u00f3n, este cuadro de convalidaciones&nbsp;te puede ser muy \u00fatil.<\/p>\n<p>En Emagister puedes encontrar la <a href=\"https:\/\/www.emagister.com\/formacion-profesional\/\">Formaci\u00f3n Profesional<\/a>&nbsp;que mejor se adapte a tus necesidades.<\/p>\n<p>Tambi\u00e9n te puede interesar c\u00f3mo preparar las pruebas libres para <a href=\"https:\/\/www.emagister.com\/blog\/pruebas-para-la-obtencion-directa-del-titulo\/\">T\u00e9cnico o T\u00e9cnico Superior<\/a>, qu\u00e9 es la <a href=\"https:\/\/www.emagister.com\/blog\/que-es-la-formacion-profesional-dual\/\">FP dual<\/a> o qu\u00e9 son los <a href=\"https:\/\/www.emagister.com\/blog\/programas-de-cualificacion-profesional-inicial-pcpi\/\">PCPI<\/a>.<\/p>\n<p>&nbsp;<\/p>\n","protected":false},"excerpt":{"rendered":"<p>A medida que avanzas en tus estudios de Formaci\u00f3n Profesional, puedes conseguir titulaciones que adem\u00e1s de certificar<\/p>\n","protected":false},"author":94,"featured_media":94004,"comment_status":"open","ping_status":"open","sticky":false,"template":"","format":"standard","meta":{"_acf_changed":false,"inline_featured_image":false,"footnotes":""},"categories":[8339],"tags":[826,827],"class_list":["post-11863","post","type-post","status-publish","format-standard","has-post-thumbnail","hentry","category-fp","tag-titulos-fp","tag-convalidaciones-fp","generate-columns","tablet-grid-50","mobile-grid-100","grid-parent","grid-25"],"acf":{"mostrar_faldon":"-1","texto_faldon":"","link_faldon":"","link_texto_faldon":"","hreflang":[{"url":""}],"estilo_titulo":"","fecha":"no","noticiasElPais":{"custom_snippet_image":false,"custom_snippet_title":"","custom_snippet_description":""},"noticiasLaVanguardia":{"custom_snippet_image":false,"custom_snippet_title":"","custom_snippet_description":""}},"yoast_head":"<!-- This site is optimized with the Yoast SEO Premium plugin v18.1 (Yoast SEO v27.0) - https:\/\/yoast.com\/product\/yoast-seo-premium-wordpress\/ -->\n<title>Qu\u00e9 puedo conseguir con los ciclos de formaci\u00f3n profesional<\/title>\n<meta name=\"robots\" content=\"index, follow\" \/>\n<link rel=\"canonical\" href=\"https:\/\/www.emagister.com\/blog\/titulos-y-convalidaciones-fp\/\" \/>\n<meta property=\"og:locale\" content=\"es_ES\" \/>\n<meta property=\"og:type\" content=\"article\" \/>\n<meta property=\"og:title\" content=\"T\u00edtulos y convalidaciones en la FP\" \/>\n<meta property=\"og:description\" content=\"A medida que avanzas en tus estudios de Formaci\u00f3n Profesional, puedes conseguir titulaciones que adem\u00e1s de certificar\" \/>\n<meta property=\"og:url\" content=\"https:\/\/www.emagister.com\/blog\/titulos-y-convalidaciones-fp\/\" \/>\n<meta property=\"og:site_name\" content=\"Blog Emagister\" \/>\n<meta property=\"article:publisher\" content=\"https:\/\/www.facebook.com\/Emagister\/\" \/>\n<meta property=\"article:author\" content=\"https:\/\/www.facebook.com\/sonia.ribo.9\" \/>\n<meta property=\"article:published_time\" content=\"2014-01-09T09:38:15+00:00\" \/>\n<meta property=\"article:modified_time\" content=\"2021-05-21T11:04:32+00:00\" \/>\n<meta property=\"og:image\" content=\"https:\/\/www.emagister.com\/blog\/wp-content\/uploads\/2014\/01\/GettyImages-1154050215.jpg\" \/>\n\t<meta property=\"og:image:width\" content=\"1920\" \/>\n\t<meta property=\"og:image:height\" content=\"1280\" \/>\n\t<meta property=\"og:image:type\" content=\"image\/jpeg\" \/>\n<meta name=\"author\" content=\"Sonia Ribo\" \/>\n<meta name=\"twitter:card\" content=\"summary_large_image\" \/>\n<meta name=\"twitter:creator\" content=\"@soniaribo\" \/>\n<meta name=\"twitter:site\" content=\"@emagister\" \/>\n<meta name=\"twitter:label1\" content=\"Escrito por\" \/>\n\t<meta name=\"twitter:data1\" content=\"Sonia Ribo\" \/>\n\t<meta name=\"twitter:label2\" content=\"Tiempo de lectura\" \/>\n\t<meta name=\"twitter:data2\" content=\"2 minutos\" \/>\n<script type=\"application\/ld+json\" class=\"yoast-schema-graph\">{\"@context\":\"https:\/\/schema.org\",\"@graph\":[{\"@type\":\"Article\",\"@id\":\"https:\/\/www.emagister.com\/blog\/titulos-y-convalidaciones-fp\/#article\",\"isPartOf\":{\"@id\":\"https:\/\/www.emagister.com\/blog\/titulos-y-convalidaciones-fp\/\"},\"author\":{\"name\":\"Sonia Ribo\",\"@id\":\"https:\/\/www.emagister.com\/blog\/#\/schema\/person\/b13231ce954d76e9ebc3b5771df738ae\"},\"headline\":\"T\u00edtulos y convalidaciones en la FP\",\"datePublished\":\"2014-01-09T09:38:15+00:00\",\"dateModified\":\"2021-05-21T11:04:32+00:00\",\"mainEntityOfPage\":{\"@id\":\"https:\/\/www.emagister.com\/blog\/titulos-y-convalidaciones-fp\/\"},\"wordCount\":572,\"commentCount\":12,\"publisher\":{\"@id\":\"https:\/\/www.emagister.com\/blog\/#organization\"},\"image\":{\"@id\":\"https:\/\/www.emagister.com\/blog\/titulos-y-convalidaciones-fp\/#primaryimage\"},\"thumbnailUrl\":\"https:\/\/www.emagister.com\/blog\/wp-content\/uploads\/2014\/01\/GettyImages-1154050215.jpg\",\"keywords\":[\"t\u00edtulos FP\",\"convalidaciones FP\"],\"articleSection\":[\"Formaci\u00f3n profesional\"],\"inLanguage\":\"es\",\"potentialAction\":[{\"@type\":\"CommentAction\",\"name\":\"Comment\",\"target\":[\"https:\/\/www.emagister.com\/blog\/titulos-y-convalidaciones-fp\/#respond\"]}]},{\"@type\":\"WebPage\",\"@id\":\"https:\/\/www.emagister.com\/blog\/titulos-y-convalidaciones-fp\/\",\"url\":\"https:\/\/www.emagister.com\/blog\/titulos-y-convalidaciones-fp\/\",\"name\":\"Qu\u00e9 puedo conseguir con los ciclos de formaci\u00f3n profesional\",\"isPartOf\":{\"@id\":\"https:\/\/www.emagister.com\/blog\/#website\"},\"primaryImageOfPage\":{\"@id\":\"https:\/\/www.emagister.com\/blog\/titulos-y-convalidaciones-fp\/#primaryimage\"},\"image\":{\"@id\":\"https:\/\/www.emagister.com\/blog\/titulos-y-convalidaciones-fp\/#primaryimage\"},\"thumbnailUrl\":\"https:\/\/www.emagister.com\/blog\/wp-content\/uploads\/2014\/01\/GettyImages-1154050215.jpg\",\"datePublished\":\"2014-01-09T09:38:15+00:00\",\"dateModified\":\"2021-05-21T11:04:32+00:00\",\"breadcrumb\":{\"@id\":\"https:\/\/www.emagister.com\/blog\/titulos-y-convalidaciones-fp\/#breadcrumb\"},\"inLanguage\":\"es\",\"potentialAction\":[{\"@type\":\"ReadAction\",\"target\":[\"https:\/\/www.emagister.com\/blog\/titulos-y-convalidaciones-fp\/\"]}]},{\"@type\":\"ImageObject\",\"inLanguage\":\"es\",\"@id\":\"https:\/\/www.emagister.com\/blog\/titulos-y-convalidaciones-fp\/#primaryimage\",\"url\":\"https:\/\/www.emagister.com\/blog\/wp-content\/uploads\/2014\/01\/GettyImages-1154050215.jpg\",\"contentUrl\":\"https:\/\/www.emagister.com\/blog\/wp-content\/uploads\/2014\/01\/GettyImages-1154050215.jpg\",\"width\":1920,\"height\":1280,\"caption\":\"Black Graduation Cap with Degree\"},{\"@type\":\"BreadcrumbList\",\"@id\":\"https:\/\/www.emagister.com\/blog\/titulos-y-convalidaciones-fp\/#breadcrumb\",\"itemListElement\":[{\"@type\":\"ListItem\",\"position\":1,\"name\":\"Blog Emagister\",\"item\":\"https:\/\/www.emagister.com\/blog\/\"},{\"@type\":\"ListItem\",\"position\":2,\"name\":\"Sistema educativo y titulaciones\",\"item\":\"https:\/\/www.emagister.com\/blog\/titulaciones\/\"},{\"@type\":\"ListItem\",\"position\":3,\"name\":\"Formaci\u00f3n profesional\",\"item\":\"https:\/\/www.emagister.com\/blog\/titulaciones\/fp\/\"},{\"@type\":\"ListItem\",\"position\":4,\"name\":\"T\u00edtulos y convalidaciones en la FP\"}]},{\"@type\":\"WebSite\",\"@id\":\"https:\/\/www.emagister.com\/blog\/#website\",\"url\":\"https:\/\/www.emagister.com\/blog\/\",\"name\":\"Blog Emagister\",\"description\":\"Gu\u00eda de orientaci\u00f3n sobre estudios y tendencias de formaci\u00f3n\",\"publisher\":{\"@id\":\"https:\/\/www.emagister.com\/blog\/#organization\"},\"potentialAction\":[{\"@type\":\"SearchAction\",\"target\":{\"@type\":\"EntryPoint\",\"urlTemplate\":\"https:\/\/www.emagister.com\/blog\/?s={search_term_string}\"},\"query-input\":{\"@type\":\"PropertyValueSpecification\",\"valueRequired\":true,\"valueName\":\"search_term_string\"}}],\"inLanguage\":\"es\"},{\"@type\":\"Organization\",\"@id\":\"https:\/\/www.emagister.com\/blog\/#organization\",\"name\":\"Emagister\",\"url\":\"https:\/\/www.emagister.com\/blog\/\",\"logo\":{\"@type\":\"ImageObject\",\"inLanguage\":\"es\",\"@id\":\"https:\/\/www.emagister.com\/blog\/#\/schema\/logo\/image\/\",\"url\":\"https:\/\/www.emagister.com\/blog\/wp-content\/uploads\/2017\/02\/photo.png\",\"contentUrl\":\"https:\/\/www.emagister.com\/blog\/wp-content\/uploads\/2017\/02\/photo.png\",\"width\":120,\"height\":120,\"caption\":\"Emagister\"},\"image\":{\"@id\":\"https:\/\/www.emagister.com\/blog\/#\/schema\/logo\/image\/\"},\"sameAs\":[\"https:\/\/www.facebook.com\/Emagister\/\",\"https:\/\/x.com\/emagister\",\"https:\/\/www.instagram.com\/emagister\/\",\"https:\/\/www.linkedin.com\/company\/emagister-com\/\",\"https:\/\/www.pinterest.es\/emagister\/\",\"https:\/\/www.youtube.com\/user\/emagister\/\",\"https:\/\/es.wikipedia.org\/wiki\/Emagister\"]},{\"@type\":\"Person\",\"@id\":\"https:\/\/www.emagister.com\/blog\/#\/schema\/person\/b13231ce954d76e9ebc3b5771df738ae\",\"name\":\"Sonia Ribo\",\"image\":{\"@type\":\"ImageObject\",\"inLanguage\":\"es\",\"@id\":\"https:\/\/www.emagister.com\/blog\/#\/schema\/person\/image\/\",\"url\":\"https:\/\/secure.gravatar.com\/avatar\/8c116e1b60ede2c2b744d95ca29d9b6ff80170b1bec985210e0034e72c293c74?s=96&r=g\",\"contentUrl\":\"https:\/\/secure.gravatar.com\/avatar\/8c116e1b60ede2c2b744d95ca29d9b6ff80170b1bec985210e0034e72c293c74?s=96&r=g\",\"caption\":\"Sonia Ribo\"},\"description\":\"Soy periodista. He trabajado 12 a\u00f1os en la radio: en Radio Nacional y la Cadena SER. Ahora me dedico a la comunicaci\u00f3n digital y redacci\u00f3n de contenidos en Emagister. Presento un programa de radio de baloncesto de formaci\u00f3n en Badalona que se llama Fem B\u00e0squet.\",\"sameAs\":[\"https:\/\/www.facebook.com\/sonia.ribo.9\",\"https:\/\/x.com\/soniaribo\"],\"url\":\"https:\/\/www.emagister.com\/blog\/author\/sonia\/\"}]}<\/script>\n<!-- \/ Yoast SEO Premium plugin. -->","yoast_head_json":{"title":"Qu\u00e9 puedo conseguir con los ciclos de formaci\u00f3n profesional","robots":{"index":"index","follow":"follow"},"canonical":"https:\/\/www.emagister.com\/blog\/titulos-y-convalidaciones-fp\/","og_locale":"es_ES","og_type":"article","og_title":"T\u00edtulos y convalidaciones en la FP","og_description":"A medida que avanzas en tus estudios de Formaci\u00f3n Profesional, puedes conseguir titulaciones que adem\u00e1s de certificar","og_url":"https:\/\/www.emagister.com\/blog\/titulos-y-convalidaciones-fp\/","og_site_name":"Blog Emagister","article_publisher":"https:\/\/www.facebook.com\/Emagister\/","article_author":"https:\/\/www.facebook.com\/sonia.ribo.9","article_published_time":"2014-01-09T09:38:15+00:00","article_modified_time":"2021-05-21T11:04:32+00:00","og_image":[{"width":1920,"height":1280,"url":"https:\/\/www.emagister.com\/blog\/wp-content\/uploads\/2014\/01\/GettyImages-1154050215.jpg","type":"image\/jpeg"}],"author":"Sonia Ribo","twitter_card":"summary_large_image","twitter_creator":"@soniaribo","twitter_site":"@emagister","twitter_misc":{"Escrito por":"Sonia Ribo","Tiempo de lectura":"2 minutos"},"schema":{"@context":"https:\/\/schema.org","@graph":[{"@type":"Article","@id":"https:\/\/www.emagister.com\/blog\/titulos-y-convalidaciones-fp\/#article","isPartOf":{"@id":"https:\/\/www.emagister.com\/blog\/titulos-y-convalidaciones-fp\/"},"author":{"name":"Sonia Ribo","@id":"https:\/\/www.emagister.com\/blog\/#\/schema\/person\/b13231ce954d76e9ebc3b5771df738ae"},"headline":"T\u00edtulos y convalidaciones en la FP","datePublished":"2014-01-09T09:38:15+00:00","dateModified":"2021-05-21T11:04:32+00:00","mainEntityOfPage":{"@id":"https:\/\/www.emagister.com\/blog\/titulos-y-convalidaciones-fp\/"},"wordCount":572,"commentCount":12,"publisher":{"@id":"https:\/\/www.emagister.com\/blog\/#organization"},"image":{"@id":"https:\/\/www.emagister.com\/blog\/titulos-y-convalidaciones-fp\/#primaryimage"},"thumbnailUrl":"https:\/\/www.emagister.com\/blog\/wp-content\/uploads\/2014\/01\/GettyImages-1154050215.jpg","keywords":["t\u00edtulos FP","convalidaciones FP"],"articleSection":["Formaci\u00f3n profesional"],"inLanguage":"es","potentialAction":[{"@type":"CommentAction","name":"Comment","target":["https:\/\/www.emagister.com\/blog\/titulos-y-convalidaciones-fp\/#respond"]}]},{"@type":"WebPage","@id":"https:\/\/www.emagister.com\/blog\/titulos-y-convalidaciones-fp\/","url":"https:\/\/www.emagister.com\/blog\/titulos-y-convalidaciones-fp\/","name":"Qu\u00e9 puedo conseguir con los ciclos de formaci\u00f3n profesional","isPartOf":{"@id":"https:\/\/www.emagister.com\/blog\/#website"},"primaryImageOfPage":{"@id":"https:\/\/www.emagister.com\/blog\/titulos-y-convalidaciones-fp\/#primaryimage"},"image":{"@id":"https:\/\/www.emagister.com\/blog\/titulos-y-convalidaciones-fp\/#primaryimage"},"thumbnailUrl":"https:\/\/www.emagister.com\/blog\/wp-content\/uploads\/2014\/01\/GettyImages-1154050215.jpg","datePublished":"2014-01-09T09:38:15+00:00","dateModified":"2021-05-21T11:04:32+00:00","breadcrumb":{"@id":"https:\/\/www.emagister.com\/blog\/titulos-y-convalidaciones-fp\/#breadcrumb"},"inLanguage":"es","potentialAction":[{"@type":"ReadAction","target":["https:\/\/www.emagister.com\/blog\/titulos-y-convalidaciones-fp\/"]}]},{"@type":"ImageObject","inLanguage":"es","@id":"https:\/\/www.emagister.com\/blog\/titulos-y-convalidaciones-fp\/#primaryimage","url":"https:\/\/www.emagister.com\/blog\/wp-content\/uploads\/2014\/01\/GettyImages-1154050215.jpg","contentUrl":"https:\/\/www.emagister.com\/blog\/wp-content\/uploads\/2014\/01\/GettyImages-1154050215.jpg","width":1920,"height":1280,"caption":"Black Graduation Cap with Degree"},{"@type":"BreadcrumbList","@id":"https:\/\/www.emagister.com\/blog\/titulos-y-convalidaciones-fp\/#breadcrumb","itemListElement":[{"@type":"ListItem","position":1,"name":"Blog Emagister","item":"https:\/\/www.emagister.com\/blog\/"},{"@type":"ListItem","position":2,"name":"Sistema educativo y titulaciones","item":"https:\/\/www.emagister.com\/blog\/titulaciones\/"},{"@type":"ListItem","position":3,"name":"Formaci\u00f3n profesional","item":"https:\/\/www.emagister.com\/blog\/titulaciones\/fp\/"},{"@type":"ListItem","position":4,"name":"T\u00edtulos y convalidaciones en la FP"}]},{"@type":"WebSite","@id":"https:\/\/www.emagister.com\/blog\/#website","url":"https:\/\/www.emagister.com\/blog\/","name":"Blog Emagister","description":"Gu\u00eda de orientaci\u00f3n sobre estudios y tendencias de formaci\u00f3n","publisher":{"@id":"https:\/\/www.emagister.com\/blog\/#organization"},"potentialAction":[{"@type":"SearchAction","target":{"@type":"EntryPoint","urlTemplate":"https:\/\/www.emagister.com\/blog\/?s={search_term_string}"},"query-input":{"@type":"PropertyValueSpecification","valueRequired":true,"valueName":"search_term_string"}}],"inLanguage":"es"},{"@type":"Organization","@id":"https:\/\/www.emagister.com\/blog\/#organization","name":"Emagister","url":"https:\/\/www.emagister.com\/blog\/","logo":{"@type":"ImageObject","inLanguage":"es","@id":"https:\/\/www.emagister.com\/blog\/#\/schema\/logo\/image\/","url":"https:\/\/www.emagister.com\/blog\/wp-content\/uploads\/2017\/02\/photo.png","contentUrl":"https:\/\/www.emagister.com\/blog\/wp-content\/uploads\/2017\/02\/photo.png","width":120,"height":120,"caption":"Emagister"},"image":{"@id":"https:\/\/www.emagister.com\/blog\/#\/schema\/logo\/image\/"},"sameAs":["https:\/\/www.facebook.com\/Emagister\/","https:\/\/x.com\/emagister","https:\/\/www.instagram.com\/emagister\/","https:\/\/www.linkedin.com\/company\/emagister-com\/","https:\/\/www.pinterest.es\/emagister\/","https:\/\/www.youtube.com\/user\/emagister\/","https:\/\/es.wikipedia.org\/wiki\/Emagister"]},{"@type":"Person","@id":"https:\/\/www.emagister.com\/blog\/#\/schema\/person\/b13231ce954d76e9ebc3b5771df738ae","name":"Sonia Ribo","image":{"@type":"ImageObject","inLanguage":"es","@id":"https:\/\/www.emagister.com\/blog\/#\/schema\/person\/image\/","url":"https:\/\/secure.gravatar.com\/avatar\/8c116e1b60ede2c2b744d95ca29d9b6ff80170b1bec985210e0034e72c293c74?s=96&r=g","contentUrl":"https:\/\/secure.gravatar.com\/avatar\/8c116e1b60ede2c2b744d95ca29d9b6ff80170b1bec985210e0034e72c293c74?s=96&r=g","caption":"Sonia Ribo"},"description":"Soy periodista. He trabajado 12 a\u00f1os en la radio: en Radio Nacional y la Cadena SER. Ahora me dedico a la comunicaci\u00f3n digital y redacci\u00f3n de contenidos en Emagister. Presento un programa de radio de baloncesto de formaci\u00f3n en Badalona que se llama Fem B\u00e0squet.","sameAs":["https:\/\/www.facebook.com\/sonia.ribo.9","https:\/\/x.com\/soniaribo"],"url":"https:\/\/www.emagister.com\/blog\/author\/sonia\/"}]}},"_links":{"self":[{"href":"https:\/\/www.emagister.com\/blog\/wp-json\/wp\/v2\/posts\/11863","targetHints":{"allow":["GET"]}}],"collection":[{"href":"https:\/\/www.emagister.com\/blog\/wp-json\/wp\/v2\/posts"}],"about":[{"href":"https:\/\/www.emagister.com\/blog\/wp-json\/wp\/v2\/types\/post"}],"author":[{"embeddable":true,"href":"https:\/\/www.emagister.com\/blog\/wp-json\/wp\/v2\/users\/94"}],"replies":[{"embeddable":true,"href":"https:\/\/www.emagister.com\/blog\/wp-json\/wp\/v2\/comments?post=11863"}],"version-history":[{"count":2,"href":"https:\/\/www.emagister.com\/blog\/wp-json\/wp\/v2\/posts\/11863\/revisions"}],"predecessor-version":[{"id":128191,"href":"https:\/\/www.emagister.com\/blog\/wp-json\/wp\/v2\/posts\/11863\/revisions\/128191"}],"wp:featuredmedia":[{"embeddable":true,"href":"https:\/\/www.emagister.com\/blog\/wp-json\/wp\/v2\/media\/94004"}],"wp:attachment":[{"href":"https:\/\/www.emagister.com\/blog\/wp-json\/wp\/v2\/media?parent=11863"}],"wp:term":[{"taxonomy":"category","embeddable":true,"href":"https:\/\/www.emagister.com\/blog\/wp-json\/wp\/v2\/categories?post=11863"},{"taxonomy":"post_tag","embeddable":true,"href":"https:\/\/www.emagister.com\/blog\/wp-json\/wp\/v2\/tags?post=11863"}],"curies":[{"name":"wp","href":"https:\/\/api.w.org\/{rel}","templated":true}]}}