{"id":12904,"date":"2014-01-11T09:18:18","date_gmt":"2014-01-11T08:18:18","guid":{"rendered":"https:\/\/www.emagister.com\/blog\/?p=12904"},"modified":"2021-05-03T11:58:40","modified_gmt":"2021-05-03T09:58:40","slug":"uv-general","status":"publish","type":"post","link":"https:\/\/www.emagister.com\/blog\/uv-general\/","title":{"rendered":"UV: investigaci\u00f3n para mejorar la formaci\u00f3n"},"content":{"rendered":"<p><strong>\u00bfCu\u00e1les cree que son los puntos fuertes de la UV?<\/strong><\/p>\n<p>Adem\u00e1s de la movilidad internacional con el apoyo a las becas Erasmus, destaca\u00a0la potencia de la universidad en temas de investigaci\u00f3n y transferencia en las diferentes \u00e1reas del saber.<\/p>\n<p>La variedad y calidad de los estudios ofrecidos tanto en grado como en posgrado: con unos n\u00fameros de entrada de estudiantes ajustados a la plantilla docente, evitando tanto la masificaci\u00f3n como la ineficiencia.<\/p>\n<p>Finalmente, pero no menos importante, la Universitat de Val\u00e8ncia posee muy buenas instalaciones de todo tipo: cient\u00edficas, docentes, deportivas y culturales, bibliotecarias y facilidades para uso de nuevas tecnolog\u00edas.<\/p>\n<p><!--more--><\/p>\n<p><img loading=\"lazy\" decoding=\"async\" class=\"aligncenter size-medium wp-image-12920\" src=\"https:\/\/www.emagister.com\/blog\/wp-content\/uploads\/2014\/02\/uv-estudiants-300x250.jpg\" alt=\"VALENCIA 14 1 10ESTUDIANTES EN LA FACULTAD DE FILOSOFIAFOTO MIGUEL LORENZO\" width=\"300\" height=\"250\" \/><\/p>\n<p><strong>\u00bfC\u00f3mo se consigue tener prestigio a nivel internacional?<\/strong><\/p>\n<p>En las diferentes clasificaciones internacionales lo que m\u00e1s influye son los logros en investigaci\u00f3n y transferencia y la calidad contrastada internacionalmente de estos logros: como la publicaci\u00f3n en revistas reconocidas internacionalmente, la colaboraci\u00f3n con grupos internacionales de prestigio, la obtenci\u00f3n de resultados que se patenten en pa\u00edses de elevada competencia tecnol\u00f3gica o la participaci\u00f3n en proyectos emblem\u00e1ticos de \u00e1mbito global.<\/p>\n<p>En estas clasificaciones la Universitat de Val\u00e8ncia est\u00e1 entre las 5 a 7 universidades espa\u00f1olas de cabeza. En particular en el \u00e1rea de F\u00edsica es la primera universidad espa\u00f1ola y ocupa el lugar 70 del ranking mundial.<\/p>\n<p><strong>\u00a0\u00bfQu\u00e9 papel juega la investigaci\u00f3n en la expansi\u00f3n de la UV? \u00bfC\u00f3mo se mantiene en tiempos de recortes?<\/strong><\/p>\n<p>Para la Universitat de Val\u00e8ncia la investigaci\u00f3n forma parte de sus se\u00f1as de identidad y es por lo tanto esencial.<\/p>\n<p>De esta forma, la dr\u00e1stica disminuci\u00f3n tanto de las ayudas p\u00fablicas para proyectos como de los contratos con las empresas privadas, debido a la situaci\u00f3n de declive econ\u00f3mico de nuestro pa\u00eds, son muy perjudiciales para mantener las posiciones que tanto ha costado conseguir.<\/p>\n<p>La influencia de estas carencias en los resultados todav\u00eda no se han podido evaluar, pero lo que s\u00ed se est\u00e1 ya advirtiendo es en la fuga de cerebros entre los que podr\u00edan ser los investigadores de la pr\u00f3xima generaci\u00f3n.<\/p>\n<p><a href=\"https:\/\/www.emagister.com\/blog\/wp-content\/uploads\/2014\/02\/uv-laboratori.jpg\"><img loading=\"lazy\" decoding=\"async\" class=\"aligncenter size-medium wp-image-12921\" src=\"https:\/\/www.emagister.com\/blog\/wp-content\/uploads\/2014\/02\/uv-laboratori-200x300.jpg\" alt=\"VALENCIA SEPT 2000 \u00a9 MIGUEL LORENZODEPARTAMENTO DE BIOLOGIA VEGETAL\" width=\"200\" height=\"300\" \/><\/a><\/p>\n<p><strong>\u00bfQu\u00e9 estudios son los m\u00e1s solicitados? \u00bfQu\u00e9 sectores est\u00e1n en auge?<\/strong><\/p>\n<p>El mayor n\u00famero de estudiantes est\u00e1 desde siempre en el \u00e1rea de ciencias sociales, aunque los estudios relacionados con ciencias de la salud est\u00e1n muy demandados.<\/p>\n<p><strong>\u00bfHa aumentado la demanda de Postgrados? \u00bfPor qu\u00e9 es importante una especializaci\u00f3n hoy en d\u00eda?<\/strong><\/p>\n<p>La progresi\u00f3n de la demanda de estudios de m\u00e1ster es un poco irregular y esto es l\u00f3gico pues est\u00e1 m\u00e1s ligada a los vaivenes del mercado laboral.<\/p>\n<p>En el curso 12-13 el aumento del precio de la matr\u00edcula tuvo un efecto disuasorio y se not\u00f3 un descenso. El hecho de que un m\u00e1ster sea en general de una duraci\u00f3n corta lo hace muy apropiado para completar aspectos de la formaci\u00f3n que se puedan ir necesitando a lo largo de la vida laboral, no siempre para especializarse m\u00e1s, sino para tener un curriculum diferenciado.<\/p>\n<p><img loading=\"lazy\" decoding=\"async\" class=\"aligncenter size-full wp-image-12917\" src=\"https:\/\/www.emagister.com\/blog\/wp-content\/uploads\/2014\/02\/uv-logo.jpg\" alt=\"uv - logo\" width=\"195\" height=\"258\" srcset=\"https:\/\/www.emagister.com\/blog\/wp-content\/uploads\/2014\/02\/uv-logo.jpg 195w, https:\/\/www.emagister.com\/blog\/wp-content\/uploads\/2014\/02\/uv-logo-60x80.jpg 60w\" sizes=\"auto, (max-width: 195px) 100vw, 195px\" \/><\/p>\n<p><strong>\u00bfPor d\u00f3nde pasa el futuro de la UV?<\/strong><\/p>\n<p>Es dif\u00edcil predecirlo ya que las universidades europeas est\u00e1n en un momento crucial de su larga historia.\u00a0Es posible que estemos a las puertas de un cambio de modelo que todav\u00eda\u00a0 no se percibe con claridad.<\/p>\n<p>La Universitat de Val\u00e8ncia tiene una estructura lo bastante fuerte y a la vez lo bastante diversa y flexible para poder adaptarse a las necesidades de la sociedad valenciana en la que est\u00e1 fuertemente imbricada y mantener una razonable situaci\u00f3n en el \u00e1mbito internacional.<\/p>\n<p><strong>\u00bfQu\u00e9 le dir\u00eda a los alumnos que est\u00e1n pensando en estudiar en la UV?<\/strong><\/p>\n<p>Les animar\u00eda por supuesto a que lo hicieran y que una vez que sean estudiantes de la Universitat de Val\u00e8ncia intenten aprovechar al m\u00e1ximo las oportunidades de todo tipo que les ofrece para su formaci\u00f3n integral.<\/p>\n<p>Desde el punto de vista de mi \u00e1rea de internacionalizaci\u00f3n, les recordar\u00eda que el estudio de otros idiomas es esencial para estar en buenas condiciones para aprovechar estas oportunidades.<\/p>\n<p>&nbsp;<\/p>\n<p>La Universitat de Val\u00e8ncia tambi\u00e9n destaca por el apoyo y apuesta por el programa de <a href=\"https:\/\/www.emagister.com\/blog\/erasmus-y-universitat-de-valencia-la-pareja-perfecta\/\">becas Erasmus<\/a>.<\/p>\n","protected":false},"excerpt":{"rendered":"<p>\u00bfCu\u00e1les cree que son los puntos fuertes de la UV? Adem\u00e1s de la movilidad internacional con el apoyo a las &#8230; <a title=\"UV: investigaci\u00f3n para mejorar la formaci\u00f3n\" class=\"read-more\" href=\"https:\/\/www.emagister.com\/blog\/uv-general\/\" aria-label=\"M\u00e1s en UV: investigaci\u00f3n para mejorar la formaci\u00f3n\">Leer m\u00e1s<\/a><\/p>\n","protected":false},"author":94,"featured_media":9635,"comment_status":"open","ping_status":"open","sticky":false,"template":"","format":"standard","meta":{"_acf_changed":false,"inline_featured_image":false,"footnotes":""},"categories":[8329],"tags":[],"class_list":["post-12904","post","type-post","status-publish","format-standard","has-post-thumbnail","hentry","category-titulaciones","generate-columns","tablet-grid-50","mobile-grid-100","grid-parent","grid-25"],"acf":{"mostrar_faldon":"-1","texto_faldon":"","link_faldon":"","link_texto_faldon":"","hreflang":false,"estilo_titulo":""},"yoast_head":"<!-- This site is optimized with the Yoast SEO Premium plugin v18.1 (Yoast SEO v27.0) - https:\/\/yoast.com\/product\/yoast-seo-premium-wordpress\/ -->\n<title>UV: investigaci\u00f3n para mejorar la formaci\u00f3n - Blog Emagister<\/title>\n<meta name=\"robots\" content=\"index, follow\" \/>\n<link rel=\"canonical\" href=\"https:\/\/www.emagister.com\/blog\/uv-general\/\" \/>\n<meta property=\"og:locale\" content=\"es_ES\" \/>\n<meta property=\"og:type\" content=\"article\" \/>\n<meta property=\"og:title\" content=\"UV: investigaci\u00f3n para mejorar la formaci\u00f3n\" \/>\n<meta property=\"og:description\" content=\"\u00bfCu\u00e1les cree que son los puntos fuertes de la UV? Adem\u00e1s de la movilidad internacional con el apoyo a las ... Leer m\u00e1s\" \/>\n<meta property=\"og:url\" content=\"https:\/\/www.emagister.com\/blog\/uv-general\/\" \/>\n<meta property=\"og:site_name\" content=\"Blog Emagister\" \/>\n<meta property=\"article:publisher\" content=\"https:\/\/www.facebook.com\/Emagister\/\" \/>\n<meta property=\"article:author\" content=\"https:\/\/www.facebook.com\/sonia.ribo.9\" \/>\n<meta property=\"article:published_time\" content=\"2014-01-11T08:18:18+00:00\" \/>\n<meta property=\"article:modified_time\" content=\"2021-05-03T09:58:40+00:00\" \/>\n<meta property=\"og:image\" content=\"https:\/\/www.emagister.com\/blog\/wp-content\/uploads\/2013\/11\/proces-verd.png\" \/>\n\t<meta property=\"og:image:width\" content=\"805\" \/>\n\t<meta property=\"og:image:height\" content=\"324\" \/>\n\t<meta property=\"og:image:type\" content=\"image\/png\" \/>\n<meta name=\"author\" content=\"Sonia Ribo\" \/>\n<meta name=\"twitter:card\" content=\"summary_large_image\" \/>\n<meta name=\"twitter:creator\" content=\"@soniaribo\" \/>\n<meta name=\"twitter:site\" content=\"@emagister\" \/>\n<meta name=\"twitter:label1\" content=\"Escrito por\" \/>\n\t<meta name=\"twitter:data1\" content=\"Sonia Ribo\" \/>\n\t<meta name=\"twitter:label2\" content=\"Tiempo de lectura\" \/>\n\t<meta name=\"twitter:data2\" content=\"4 minutos\" \/>\n<script type=\"application\/ld+json\" class=\"yoast-schema-graph\">{\"@context\":\"https:\/\/schema.org\",\"@graph\":[{\"@type\":\"Article\",\"@id\":\"https:\/\/www.emagister.com\/blog\/uv-general\/#article\",\"isPartOf\":{\"@id\":\"https:\/\/www.emagister.com\/blog\/uv-general\/\"},\"author\":{\"name\":\"Sonia Ribo\",\"@id\":\"https:\/\/www.emagister.com\/blog\/#\/schema\/person\/b13231ce954d76e9ebc3b5771df738ae\"},\"headline\":\"UV: investigaci\u00f3n para mejorar la formaci\u00f3n\",\"datePublished\":\"2014-01-11T08:18:18+00:00\",\"dateModified\":\"2021-05-03T09:58:40+00:00\",\"mainEntityOfPage\":{\"@id\":\"https:\/\/www.emagister.com\/blog\/uv-general\/\"},\"wordCount\":731,\"commentCount\":0,\"publisher\":{\"@id\":\"https:\/\/www.emagister.com\/blog\/#organization\"},\"image\":{\"@id\":\"https:\/\/www.emagister.com\/blog\/uv-general\/#primaryimage\"},\"thumbnailUrl\":\"https:\/\/www.emagister.com\/blog\/wp-content\/uploads\/2013\/11\/proces-verd.png\",\"articleSection\":[\"Sistema educativo y titulaciones\"],\"inLanguage\":\"es\",\"potentialAction\":[{\"@type\":\"CommentAction\",\"name\":\"Comment\",\"target\":[\"https:\/\/www.emagister.com\/blog\/uv-general\/#respond\"]}]},{\"@type\":\"WebPage\",\"@id\":\"https:\/\/www.emagister.com\/blog\/uv-general\/\",\"url\":\"https:\/\/www.emagister.com\/blog\/uv-general\/\",\"name\":\"UV: investigaci\u00f3n para mejorar la formaci\u00f3n - Blog Emagister\",\"isPartOf\":{\"@id\":\"https:\/\/www.emagister.com\/blog\/#website\"},\"primaryImageOfPage\":{\"@id\":\"https:\/\/www.emagister.com\/blog\/uv-general\/#primaryimage\"},\"image\":{\"@id\":\"https:\/\/www.emagister.com\/blog\/uv-general\/#primaryimage\"},\"thumbnailUrl\":\"https:\/\/www.emagister.com\/blog\/wp-content\/uploads\/2013\/11\/proces-verd.png\",\"datePublished\":\"2014-01-11T08:18:18+00:00\",\"dateModified\":\"2021-05-03T09:58:40+00:00\",\"breadcrumb\":{\"@id\":\"https:\/\/www.emagister.com\/blog\/uv-general\/#breadcrumb\"},\"inLanguage\":\"es\",\"potentialAction\":[{\"@type\":\"ReadAction\",\"target\":[\"https:\/\/www.emagister.com\/blog\/uv-general\/\"]}]},{\"@type\":\"ImageObject\",\"inLanguage\":\"es\",\"@id\":\"https:\/\/www.emagister.com\/blog\/uv-general\/#primaryimage\",\"url\":\"https:\/\/www.emagister.com\/blog\/wp-content\/uploads\/2013\/11\/proces-verd.png\",\"contentUrl\":\"https:\/\/www.emagister.com\/blog\/wp-content\/uploads\/2013\/11\/proces-verd.png\",\"width\":805,\"height\":324},{\"@type\":\"BreadcrumbList\",\"@id\":\"https:\/\/www.emagister.com\/blog\/uv-general\/#breadcrumb\",\"itemListElement\":[{\"@type\":\"ListItem\",\"position\":1,\"name\":\"Blog Emagister\",\"item\":\"https:\/\/www.emagister.com\/blog\/\"},{\"@type\":\"ListItem\",\"position\":2,\"name\":\"Sistema educativo y titulaciones\",\"item\":\"https:\/\/www.emagister.com\/blog\/titulaciones\/\"},{\"@type\":\"ListItem\",\"position\":3,\"name\":\"UV: investigaci\u00f3n para mejorar la formaci\u00f3n\"}]},{\"@type\":\"WebSite\",\"@id\":\"https:\/\/www.emagister.com\/blog\/#website\",\"url\":\"https:\/\/www.emagister.com\/blog\/\",\"name\":\"Blog Emagister\",\"description\":\"Gu\u00eda de orientaci\u00f3n sobre estudios y tendencias de formaci\u00f3n\",\"publisher\":{\"@id\":\"https:\/\/www.emagister.com\/blog\/#organization\"},\"potentialAction\":[{\"@type\":\"SearchAction\",\"target\":{\"@type\":\"EntryPoint\",\"urlTemplate\":\"https:\/\/www.emagister.com\/blog\/?s={search_term_string}\"},\"query-input\":{\"@type\":\"PropertyValueSpecification\",\"valueRequired\":true,\"valueName\":\"search_term_string\"}}],\"inLanguage\":\"es\"},{\"@type\":\"Organization\",\"@id\":\"https:\/\/www.emagister.com\/blog\/#organization\",\"name\":\"Emagister\",\"url\":\"https:\/\/www.emagister.com\/blog\/\",\"logo\":{\"@type\":\"ImageObject\",\"inLanguage\":\"es\",\"@id\":\"https:\/\/www.emagister.com\/blog\/#\/schema\/logo\/image\/\",\"url\":\"https:\/\/www.emagister.com\/blog\/wp-content\/uploads\/2017\/02\/photo.png\",\"contentUrl\":\"https:\/\/www.emagister.com\/blog\/wp-content\/uploads\/2017\/02\/photo.png\",\"width\":120,\"height\":120,\"caption\":\"Emagister\"},\"image\":{\"@id\":\"https:\/\/www.emagister.com\/blog\/#\/schema\/logo\/image\/\"},\"sameAs\":[\"https:\/\/www.facebook.com\/Emagister\/\",\"https:\/\/x.com\/emagister\",\"https:\/\/www.instagram.com\/emagister\/\",\"https:\/\/www.linkedin.com\/company\/emagister-com\/\",\"https:\/\/www.pinterest.es\/emagister\/\",\"https:\/\/www.youtube.com\/user\/emagister\/\",\"https:\/\/es.wikipedia.org\/wiki\/Emagister\"]},{\"@type\":\"Person\",\"@id\":\"https:\/\/www.emagister.com\/blog\/#\/schema\/person\/b13231ce954d76e9ebc3b5771df738ae\",\"name\":\"Sonia Ribo\",\"image\":{\"@type\":\"ImageObject\",\"inLanguage\":\"es\",\"@id\":\"https:\/\/www.emagister.com\/blog\/#\/schema\/person\/image\/\",\"url\":\"https:\/\/secure.gravatar.com\/avatar\/8c116e1b60ede2c2b744d95ca29d9b6ff80170b1bec985210e0034e72c293c74?s=96&r=g\",\"contentUrl\":\"https:\/\/secure.gravatar.com\/avatar\/8c116e1b60ede2c2b744d95ca29d9b6ff80170b1bec985210e0034e72c293c74?s=96&r=g\",\"caption\":\"Sonia Ribo\"},\"description\":\"Soy periodista. He trabajado 12 a\u00f1os en la radio: en Radio Nacional y la Cadena SER. Ahora me dedico a la comunicaci\u00f3n digital y redacci\u00f3n de contenidos en Emagister. Presento un programa de radio de baloncesto de formaci\u00f3n en Badalona que se llama Fem B\u00e0squet.\",\"sameAs\":[\"https:\/\/www.facebook.com\/sonia.ribo.9\",\"https:\/\/x.com\/soniaribo\"],\"url\":\"https:\/\/www.emagister.com\/blog\/author\/sonia\/\"}]}<\/script>\n<!-- \/ Yoast SEO Premium plugin. -->","yoast_head_json":{"title":"UV: investigaci\u00f3n para mejorar la formaci\u00f3n - Blog Emagister","robots":{"index":"index","follow":"follow"},"canonical":"https:\/\/www.emagister.com\/blog\/uv-general\/","og_locale":"es_ES","og_type":"article","og_title":"UV: investigaci\u00f3n para mejorar la formaci\u00f3n","og_description":"\u00bfCu\u00e1les cree que son los puntos fuertes de la UV? Adem\u00e1s de la movilidad internacional con el apoyo a las ... Leer m\u00e1s","og_url":"https:\/\/www.emagister.com\/blog\/uv-general\/","og_site_name":"Blog Emagister","article_publisher":"https:\/\/www.facebook.com\/Emagister\/","article_author":"https:\/\/www.facebook.com\/sonia.ribo.9","article_published_time":"2014-01-11T08:18:18+00:00","article_modified_time":"2021-05-03T09:58:40+00:00","og_image":[{"width":805,"height":324,"url":"https:\/\/www.emagister.com\/blog\/wp-content\/uploads\/2013\/11\/proces-verd.png","type":"image\/png"}],"author":"Sonia Ribo","twitter_card":"summary_large_image","twitter_creator":"@soniaribo","twitter_site":"@emagister","twitter_misc":{"Escrito por":"Sonia Ribo","Tiempo de lectura":"4 minutos"},"schema":{"@context":"https:\/\/schema.org","@graph":[{"@type":"Article","@id":"https:\/\/www.emagister.com\/blog\/uv-general\/#article","isPartOf":{"@id":"https:\/\/www.emagister.com\/blog\/uv-general\/"},"author":{"name":"Sonia Ribo","@id":"https:\/\/www.emagister.com\/blog\/#\/schema\/person\/b13231ce954d76e9ebc3b5771df738ae"},"headline":"UV: investigaci\u00f3n para mejorar la formaci\u00f3n","datePublished":"2014-01-11T08:18:18+00:00","dateModified":"2021-05-03T09:58:40+00:00","mainEntityOfPage":{"@id":"https:\/\/www.emagister.com\/blog\/uv-general\/"},"wordCount":731,"commentCount":0,"publisher":{"@id":"https:\/\/www.emagister.com\/blog\/#organization"},"image":{"@id":"https:\/\/www.emagister.com\/blog\/uv-general\/#primaryimage"},"thumbnailUrl":"https:\/\/www.emagister.com\/blog\/wp-content\/uploads\/2013\/11\/proces-verd.png","articleSection":["Sistema educativo y titulaciones"],"inLanguage":"es","potentialAction":[{"@type":"CommentAction","name":"Comment","target":["https:\/\/www.emagister.com\/blog\/uv-general\/#respond"]}]},{"@type":"WebPage","@id":"https:\/\/www.emagister.com\/blog\/uv-general\/","url":"https:\/\/www.emagister.com\/blog\/uv-general\/","name":"UV: investigaci\u00f3n para mejorar la formaci\u00f3n - Blog Emagister","isPartOf":{"@id":"https:\/\/www.emagister.com\/blog\/#website"},"primaryImageOfPage":{"@id":"https:\/\/www.emagister.com\/blog\/uv-general\/#primaryimage"},"image":{"@id":"https:\/\/www.emagister.com\/blog\/uv-general\/#primaryimage"},"thumbnailUrl":"https:\/\/www.emagister.com\/blog\/wp-content\/uploads\/2013\/11\/proces-verd.png","datePublished":"2014-01-11T08:18:18+00:00","dateModified":"2021-05-03T09:58:40+00:00","breadcrumb":{"@id":"https:\/\/www.emagister.com\/blog\/uv-general\/#breadcrumb"},"inLanguage":"es","potentialAction":[{"@type":"ReadAction","target":["https:\/\/www.emagister.com\/blog\/uv-general\/"]}]},{"@type":"ImageObject","inLanguage":"es","@id":"https:\/\/www.emagister.com\/blog\/uv-general\/#primaryimage","url":"https:\/\/www.emagister.com\/blog\/wp-content\/uploads\/2013\/11\/proces-verd.png","contentUrl":"https:\/\/www.emagister.com\/blog\/wp-content\/uploads\/2013\/11\/proces-verd.png","width":805,"height":324},{"@type":"BreadcrumbList","@id":"https:\/\/www.emagister.com\/blog\/uv-general\/#breadcrumb","itemListElement":[{"@type":"ListItem","position":1,"name":"Blog Emagister","item":"https:\/\/www.emagister.com\/blog\/"},{"@type":"ListItem","position":2,"name":"Sistema educativo y titulaciones","item":"https:\/\/www.emagister.com\/blog\/titulaciones\/"},{"@type":"ListItem","position":3,"name":"UV: investigaci\u00f3n para mejorar la formaci\u00f3n"}]},{"@type":"WebSite","@id":"https:\/\/www.emagister.com\/blog\/#website","url":"https:\/\/www.emagister.com\/blog\/","name":"Blog Emagister","description":"Gu\u00eda de orientaci\u00f3n sobre estudios y tendencias de formaci\u00f3n","publisher":{"@id":"https:\/\/www.emagister.com\/blog\/#organization"},"potentialAction":[{"@type":"SearchAction","target":{"@type":"EntryPoint","urlTemplate":"https:\/\/www.emagister.com\/blog\/?s={search_term_string}"},"query-input":{"@type":"PropertyValueSpecification","valueRequired":true,"valueName":"search_term_string"}}],"inLanguage":"es"},{"@type":"Organization","@id":"https:\/\/www.emagister.com\/blog\/#organization","name":"Emagister","url":"https:\/\/www.emagister.com\/blog\/","logo":{"@type":"ImageObject","inLanguage":"es","@id":"https:\/\/www.emagister.com\/blog\/#\/schema\/logo\/image\/","url":"https:\/\/www.emagister.com\/blog\/wp-content\/uploads\/2017\/02\/photo.png","contentUrl":"https:\/\/www.emagister.com\/blog\/wp-content\/uploads\/2017\/02\/photo.png","width":120,"height":120,"caption":"Emagister"},"image":{"@id":"https:\/\/www.emagister.com\/blog\/#\/schema\/logo\/image\/"},"sameAs":["https:\/\/www.facebook.com\/Emagister\/","https:\/\/x.com\/emagister","https:\/\/www.instagram.com\/emagister\/","https:\/\/www.linkedin.com\/company\/emagister-com\/","https:\/\/www.pinterest.es\/emagister\/","https:\/\/www.youtube.com\/user\/emagister\/","https:\/\/es.wikipedia.org\/wiki\/Emagister"]},{"@type":"Person","@id":"https:\/\/www.emagister.com\/blog\/#\/schema\/person\/b13231ce954d76e9ebc3b5771df738ae","name":"Sonia Ribo","image":{"@type":"ImageObject","inLanguage":"es","@id":"https:\/\/www.emagister.com\/blog\/#\/schema\/person\/image\/","url":"https:\/\/secure.gravatar.com\/avatar\/8c116e1b60ede2c2b744d95ca29d9b6ff80170b1bec985210e0034e72c293c74?s=96&r=g","contentUrl":"https:\/\/secure.gravatar.com\/avatar\/8c116e1b60ede2c2b744d95ca29d9b6ff80170b1bec985210e0034e72c293c74?s=96&r=g","caption":"Sonia Ribo"},"description":"Soy periodista. He trabajado 12 a\u00f1os en la radio: en Radio Nacional y la Cadena SER. Ahora me dedico a la comunicaci\u00f3n digital y redacci\u00f3n de contenidos en Emagister. Presento un programa de radio de baloncesto de formaci\u00f3n en Badalona que se llama Fem B\u00e0squet.","sameAs":["https:\/\/www.facebook.com\/sonia.ribo.9","https:\/\/x.com\/soniaribo"],"url":"https:\/\/www.emagister.com\/blog\/author\/sonia\/"}]}},"_links":{"self":[{"href":"https:\/\/www.emagister.com\/blog\/wp-json\/wp\/v2\/posts\/12904","targetHints":{"allow":["GET"]}}],"collection":[{"href":"https:\/\/www.emagister.com\/blog\/wp-json\/wp\/v2\/posts"}],"about":[{"href":"https:\/\/www.emagister.com\/blog\/wp-json\/wp\/v2\/types\/post"}],"author":[{"embeddable":true,"href":"https:\/\/www.emagister.com\/blog\/wp-json\/wp\/v2\/users\/94"}],"replies":[{"embeddable":true,"href":"https:\/\/www.emagister.com\/blog\/wp-json\/wp\/v2\/comments?post=12904"}],"version-history":[{"count":1,"href":"https:\/\/www.emagister.com\/blog\/wp-json\/wp\/v2\/posts\/12904\/revisions"}],"predecessor-version":[{"id":125250,"href":"https:\/\/www.emagister.com\/blog\/wp-json\/wp\/v2\/posts\/12904\/revisions\/125250"}],"wp:featuredmedia":[{"embeddable":true,"href":"https:\/\/www.emagister.com\/blog\/wp-json\/wp\/v2\/media\/9635"}],"wp:attachment":[{"href":"https:\/\/www.emagister.com\/blog\/wp-json\/wp\/v2\/media?parent=12904"}],"wp:term":[{"taxonomy":"category","embeddable":true,"href":"https:\/\/www.emagister.com\/blog\/wp-json\/wp\/v2\/categories?post=12904"},{"taxonomy":"post_tag","embeddable":true,"href":"https:\/\/www.emagister.com\/blog\/wp-json\/wp\/v2\/tags?post=12904"}],"curies":[{"name":"wp","href":"https:\/\/api.w.org\/{rel}","templated":true}]}}