{"id":132510,"date":"2021-09-28T08:19:00","date_gmt":"2021-09-28T06:19:00","guid":{"rendered":"https:\/\/www.emagister.com\/blog\/?p=132510"},"modified":"2021-10-06T17:43:09","modified_gmt":"2021-10-06T15:43:09","slug":"consulta-calendario-escolar-por-comunidades","status":"publish","type":"post","link":"https:\/\/www.emagister.com\/blog\/consulta-calendario-escolar-por-comunidades\/","title":{"rendered":"Consulta el calendario escolar del curso 2021-2022 por comunidades"},"content":{"rendered":"\n<p><\/p>\n\n\n\n<p>Con la llegada de un nuevo curso escolar llegan tambi\u00e9n las preguntas en torno a las vacaciones y d\u00edas festivos que podremos disfrutar en nuestras respectivas comunidades aut\u00f3nomas. Es por ello que te presentamos este post con los calendarios actualizados para el <strong>a\u00f1o acad\u00e9mico 2021-2022<\/strong>, donde podr\u00e1s realizar cualquier consulta. \u00bfA\u00fan no conoces tus d\u00edas festivos? \u00bfA qu\u00e9 esperas para averiguarlos.<\/p>\n\n\n\n<h2 class=\"gb-headline gb-headline-44be3a9f gb-headline-text\"><strong>Andaluc\u00eda<\/strong><\/h2>\n\n\n\n<p>La Junta de Andaluc\u00eda ya ha dado a conocer los d\u00edas lectivos del pr\u00f3ximo curso. Los alumnos de Educaci\u00f3n Infantil y Primaria comienzan las clases el 10 de septiembre, mientras que aquellos que asisten a la ESO, Bachillerato y Formaci\u00f3n profesional lo har\u00e1n el d\u00eda 15. El final de curso, por otro lado, est\u00e1 planteado entre los d\u00edas 22 y 24 de junio en funci\u00f3n de la provincia. Disfrutar\u00e1n, adem\u00e1s, de los puentes del d\u00eda de la Hispanidad y de la Constituci\u00f3n, y sus vacaciones de Navidad est\u00e1n comprendidas entre el 23 de diciembre y el 9 de enero.<\/p>\n\n\n\n<p><strong>M\u00e1s informaci\u00f3n: <\/strong><strong>calendario escolar Andaluc\u00eda<\/strong><\/p>\n\n\n\n<h2 class=\"wp-block-heading\" id=\"h-arag-n\"><strong>Arag\u00f3n<\/strong><\/h2>\n\n\n\n<p>Para los alumnos aragoneses las clases comienzan el 8 de septiembre en todos los niveles de ense\u00f1anza a excepci\u00f3n del Bachillerato, que atrasa su inicio hasta el 13 de septiembre. Para todos los niveles el final de curso est\u00e1 planteado para el 22 de junio de 2022. Por su parte, su periodo de Navidad est\u00e1 comprendido entre los d\u00edas 22 de diciembre y 7 de enero.&nbsp;<\/p>\n\n\n\n<p><strong>M\u00e1s informaci\u00f3n: <\/strong><strong>calendario escolar Arag\u00f3n<\/strong><\/p>\n\n\n\n<h2 class=\"gb-headline gb-headline-e2076d1c gb-headline-text\"><strong>Asturias<\/strong><\/h2>\n\n\n\n<p>El 9 de septiembre es la fecha indicada por Asturias para el comienzo de la actividad lectiva en los niveles de Educaci\u00f3n Infantil, Primaria y Educaci\u00f3n especial; mientras que los alumnos de la ESO y Bachillerato comenzar\u00e1n sus clases el 14 de septiembre. Sus vacaciones de Navidad est\u00e1n comprendidas entre los d\u00edas 24 de diciembre y 7 de enero, y la Semana Santa se extiende del 11 al 15 de abril.<\/p>\n\n\n\n<p><strong>M\u00e1s informaci\u00f3n: <\/strong><strong>calendario escolar Asturias<\/strong><\/p>\n\n\n\n<h2 class=\"gb-headline gb-headline-3a5ac69c gb-headline-text\"><strong>Islas Baleares<\/strong><\/h2>\n\n\n\n<p>En el caso del archipi\u00e9lago balear, los alumnos de Infantil, Primaria, Secundaria, Bachillerato y los estudiantes de educaci\u00f3n especial iniciar\u00e1n el curso el 10 de septiembre y lo finalizar\u00e1n el 23 de junio, con un total de 176 d\u00edas lectivos. Los alumnos de Formaci\u00f3n Profesional, por su parte, comenzar\u00e1n el 24 de septiembre y terminar\u00e1n el 23 de junio. Las vacaciones de Navidad estar\u00e1n comprendidas entre el 23 de diciembre y el 9 de enero, mientras que las de Semana Santa se extienden del 14 al 24 de abril.<\/p>\n\n\n\n<p><strong>M\u00e1s informaci\u00f3n: <\/strong><strong>calendario escolar Islas Baleares<\/strong><\/p>\n\n\n\n<h2 class=\"gb-headline gb-headline-d2f292f4 gb-headline-text\"><strong>Islas Canarias<\/strong><\/h2>\n\n\n\n<p>Todos los niveles de ense\u00f1anza de las Islas Canarias comienzan sus clases entre los d\u00edas 9 y 10 de septiembre. Del mismo modo, terminar\u00e1n el periodo escolar el 23 de junio. Las vacaciones de Navidad tendr\u00e1n lugar entre el 23 de diciembre y el 7 de enero, mientras que la Semana Santa est\u00e1 comprendida para la poblaci\u00f3n insular entre el 11 y 15 de abril. Adem\u00e1s, disfrutar\u00e1n de las fiestas locales de cada Isla entre los meses de septiembre, octubre y febrero.<\/p>\n\n\n\n<p><strong>M\u00e1s informaci\u00f3n: <\/strong><strong>calendario escolar Islas Canarias<\/strong><\/p>\n\n\n\n<h2 class=\"wp-block-heading\"><strong>Cantabria<\/strong><\/h2>\n\n\n\n<p>Cantabria fija el comienzo del periodo escolar el 7 de septiembre para Infantil, Primaria y Educaci\u00f3n Especial. Los alumnos de la ESO, Bachillerato y Formaci\u00f3n Profesional lo har\u00e1n un d\u00eda m\u00e1s tarde, el 8 de septiembre. Adem\u00e1s, terminar\u00e1n su a\u00f1o acad\u00e9mico el 23 y 24 de junio respectivamente. Sus vacaciones de Navidad tendr\u00e1n lugar entre el 24 de diciembre y el 7 de enero, mientras que las vacaciones de Semana Santa se disfrutar\u00e1n entre los d\u00edas 14 y 24 de abril. La primera semana de noviembre y la semana del 21 al 25 de febrero ser\u00e1n, adem\u00e1s, d\u00edas no lectivos para los alumnos c\u00e1ntabros.&nbsp;<\/p>\n\n\n\n<p><strong>M\u00e1s informaci\u00f3n: <\/strong><strong>calendario escolar Cantabria<\/strong><\/p>\n\n\n\n<h2 class=\"gb-headline gb-headline-c9ebb80e gb-headline-text\"><strong>Castilla \u2013 La Mancha<\/strong><\/h2>\n\n\n\n<p>Castilla &#8211; La Mancha vivir\u00e1 su particular vuelta a las clases el d\u00eda 9 de septiembre para las ense\u00f1anzas de Infantil, Primaria, Educaci\u00f3n Espacial, ESO y Bachillerato. La Formaci\u00f3n Profesional de Grado Medio y Superior, por su parte, comienza el 13 de septiembre. Las vacaciones de Navidad se extienden del 23 de diciembre al 7 de enero, y las vacaciones de Semana Santa del 11 al 18 de abril. Adem\u00e1s, el 31 de mayo, martes, ser\u00e1 festivo, al ser el D\u00eda de Castilla -La Mancha.<\/p>\n\n\n\n<p><strong>M\u00e1s informaci\u00f3n: <\/strong><strong>calendario escolar Castilla- La Mancha<\/strong><\/p>\n\n\n\n<h2 class=\"gb-headline gb-headline-af6a9ed7 gb-headline-text\"><strong>Castilla y Le\u00f3n<\/strong><\/h2>\n\n\n\n<p>Los alumnos del segundo ciclo de Educaci\u00f3n Infantil, Primaria y Educaci\u00f3n Especial han sido los primeros en comenzar sus clases, el 10 de septiembre. Por otro lado, los estudiantes de ESO y Bachillerato inician el curso el 15 de septiembre. Para todos ellos, el final del a\u00f1o escolar est\u00e1 planteado el 23 de junio, las vacaciones de Navidad entre el 23 de diciembre y el 9 de enero, y las vacaciones de Semana Santa entre el 7 y el 17 de abril. El 28 de febrero y el 1 de marzo, lunes y martes, ser\u00e1n no lectivos por celebrarse las fiestas de Carnaval.<\/p>\n\n\n\n<p><strong>M\u00e1s informaci\u00f3n: <\/strong><strong>calendario escolar Castilla y Le\u00f3n<\/strong><\/p>\n\n\n\n<h2 class=\"gb-headline gb-headline-620c34d3 gb-headline-text\"><strong>Catalu\u00f1a<\/strong><\/h2>\n\n\n\n<p>Los alumnos catalanes de Primaria, ESO y Bachillerato comienzan su periodo escolar el 13 de septiembre, situ\u00e1ndose el fin de curso el 22 de junio. En el caso de las Navidades, se disfrutar\u00e1n entre el 23 de diciembre y el 7 de enero. La Semana Santa, por su parte, entre los d\u00edas 11 y 18 de abril (ambos inclu\u00eddos). La Formaci\u00f3n Profesional, en cambio, comenzar\u00e1 sus clases el 20 de septiembre y seguir\u00e1 el calendario establecido.&nbsp;<\/p>\n\n\n\n<p><strong>M\u00e1s informaci\u00f3n: <\/strong><strong>calendario escolar Catalu\u00f1a<\/strong><\/p>\n\n\n\n<h2 class=\"gb-headline gb-headline-0ae0ee57 gb-headline-text\"><strong>Comunidad Valenciana<\/strong><\/h2>\n\n\n\n<p>En la Comunidad Valenciana, el curso escolar 2021-2022 arrancar\u00e1 el 8 de septiembre en Infantil, Primaria, Secundaria, Bachillerato y Formaci\u00f3n Profesional, terminando el 17 de junio para la ESO, Bachillera y FP y el 21 de junio para el resto de niveles. Las vacaciones de Navidad se establecen del 23 de diciembre al 7 de enero y las de Pascua del 14 al 25 de abril. Adem\u00e1s, ser\u00e1n d\u00edas no lectivos el 12 de octubre , el 1 de noviembre (fiesta de Todos los Santos), el 6 y el 8 de diciembre.<\/p>\n\n\n\n<p><strong>M\u00e1s informaci\u00f3n: <\/strong><strong>calendario escolar Comunidad Valenciana<\/strong><\/p>\n\n\n\n<h2 class=\"gb-headline gb-headline-2715c3f6 gb-headline-text\"><strong>Extremadura<\/strong><\/h2>\n\n\n\n<p>Las actividades lectivas comenzar\u00e1n el 9 de septiembre para los alumnos extreme\u00f1os del segundo ciclo de Infantil, Primaria, Educaci\u00f3n Especial, ESO y Bachillerato. El curso finalizar\u00e1 el 21 de junio. En cuanto a los periodos no lectivos, estos comprender\u00e1n del 23 de diciembre al 9 de enero en el caso de Navidad y del 11 al 18 de abril en Semana Santa.&nbsp;<\/p>\n\n\n\n<p><strong>M\u00e1s informaci\u00f3n: <\/strong><strong>calendario escolar Extremadura<\/strong><\/p>\n\n\n\n<h2 class=\"gb-headline gb-headline-3a317df2 gb-headline-text\"><strong>Galicia<\/strong><\/h2>\n\n\n\n<p>Los alumnos gallegos de Infantil, Primaria y Educaci\u00f3n Especial empezar\u00e1n sus clases el 9 de septiembre, mientras que los estudiantes de la ESO, Bachillerato y Formaci\u00f3n Profesional comenzar\u00e1n su periodo lectivo el d\u00eda 15 del mismo mes. Para todos ellos, el fin de curso est\u00e1 planteado el 22 de junio y las vacaciones de Navidad entre el 22 de diciembre y el 7 de enero. Las jornadas festivas por la celebraci\u00f3n del Carnaval est\u00e1n planteadas entre el 28 de febrero y el 2 de marzo.<\/p>\n\n\n\n<p><strong>M\u00e1s informaci\u00f3n: <\/strong><strong>calendario escolar Galicia<\/strong><\/p>\n\n\n\n<h2 class=\"gb-headline gb-headline-515c772c gb-headline-text\"><strong>Madrid<\/strong><\/h2>\n\n\n\n<p>En la Comunidad de Madrid los principales niveles de ense\u00f1anza comienzan sus clases entre el 7 (Infantil, Primaria y Especial) y el 8 (ESO, Bachillerato y FP) de septiembre, terminando todos ellos sus clases el 24 de junio. El 11 de octubre y el 7 de diciembre se plantean como d\u00edas no lectivos, para realizarse el puente de la Hispanidad y de la Constituci\u00f3n. Las vacaciones de Navidad tendr\u00e1n lugar entre el 23 de diciembre y el 7 de enero, mientras que la Semana Santa comprende un periodo entre el 8 y el 18 de abril. El 2 de mayo no ser\u00e1 lectivo por conmemorarse el D\u00eda de la Comunidad de Madrid.<\/p>\n\n\n\n<p><strong>M\u00e1s informaci\u00f3n: <\/strong><strong>calendario escolar Madrid<\/strong><\/p>\n\n\n\n<h2 class=\"gb-headline gb-headline-96c6707b gb-headline-text\"><strong>Murcia<\/strong><\/h2>\n\n\n\n<p>En el caso de Murcia, nos encontramos con un calendario escolar en el que las ense\u00f1anzas Infantiles, Primarias y de Educaci\u00f3n Especial comienzan entre el 6 y el 9 de septiembre. Mientras tanto, la Educaci\u00f3n Secundaria Obligatoria y el Bachillerato se atrasa hasta el d\u00eda 13 de septiembre. Las clases finalizar\u00e1n durante la segunda quincena de junio. Las vacaciones de Navidad tendr\u00e1n lugar entre el 24 de diciembre y el 6 de enero, y las vacaciones de Semana Santa entre el 11 y 15 de abril. Cada localidad tiene adem\u00e1s 5 d\u00edas festivos a elegir, adem\u00e1s de las festividades locales, pero con los par\u00e1metros mencionados acotados.<\/p>\n\n\n\n<p><strong>M\u00e1s informaci\u00f3n: <\/strong><strong>calendario escolar Murcia<\/strong><\/p>\n\n\n\n<h2 class=\"gb-headline gb-headline-b9de4850 gb-headline-text\"><strong>Navarra<\/strong><\/h2>\n\n\n\n<p>En cuanto al calendario escolar de Navarra, cada centro educativo aprueba en base a unas determinadas normas sus propias fechas. Sin embargo, la comunidad da un marco general que es el siguiente. Los alumnos de Educaci\u00f3n infantil, Educaci\u00f3n Primaria y Educaci\u00f3n Especial comenzar\u00e1n sus clases entre el 8 y 10 de septiembre y las terminar\u00e1n entre el 20 y 22 de junio. Por su parte, los estudiantes de Educaci\u00f3n Secundaria Obligatoria, Bachillerato y Formaci\u00f3n Profesional iniciar\u00e1n el 8 de septiembre y finalizar\u00e1n el 22 de junio. Las vacaciones de Navidad corresponden al periodo comprendido entre el&nbsp; 23 de diciembre y el 9 de enero (ambos incluidos) y las de Semana Santa del 14 al 24 de abril.<\/p>\n\n\n\n<p><strong>M\u00e1s informaci\u00f3n: <\/strong><strong>calendario escolar Navarra<\/strong><\/p>\n\n\n\n<h2 class=\"gb-headline gb-headline-d4a8f780 gb-headline-text\"><strong>Pa\u00eds Vasco<\/strong><\/h2>\n\n\n\n<p>El inicio de curso para los alumnos del Pa\u00eds Vasco se contempla para el d\u00eda 8 de septiembre para todos los niveles educativos principales, siendo la fecha de finalizaci\u00f3n el 21 de junio. Las vacaciones de Navidad se extender\u00e1n del 24 de diciembre al 6 de enero y las vacaciones de Semana Santa del 14 al 18 de abril.&nbsp;<\/p>\n\n\n\n<p><strong>M\u00e1s informaci\u00f3n: <\/strong><strong>calendario escolar Pa\u00eds Vasco<\/strong><\/p>\n\n\n\n<h2 class=\"gb-headline gb-headline-a880e850 gb-headline-text\"><strong>La Rioja<\/strong><\/h2>\n\n\n\n<p>Los alumnos de la Rioja se gu\u00edan por un calendario escolar que da comienzo a las clases el 6 de septiembre y finaliza el 27 de junio de 2022. Entre el 23 de diciembre y el 7 de enero tendr\u00e1n lugar los d\u00edas libres por Navidad, mientras que del 11 al 18 de abril se contemplan las vacaciones de Semana Santa. En Logro\u00f1o, la semana del 20 al 24 de septiembre es festiva, as\u00ed como los d\u00edas 9 y 10 de marzo. El 9 y 10 de junio son festivos en La Rioja.<\/p>\n\n\n\n<p><strong>M\u00e1s informaci\u00f3n: <\/strong><strong>calendario escolar La Rioja<\/strong><\/p>\n\n\n\n<h2 class=\"gb-headline gb-headline-9b19e002 gb-headline-text\"><strong>Ceuta y Melilla<\/strong><\/h2>\n\n\n\n<p>En la ciudad aut\u00f3noma de Melilla los alumnos de los niveles principales empiezan clases el 7 de septiembre, a excepci\u00f3n de los alumnos de Formaci\u00f3n Profesional que tienen programado su inicio el 13 de septiembre. Del mismo modo, todos los niveles acabar\u00e1n sus clases el 22 de junio de 2022. La Semana Santa, por su parte, se alarga dos semanas, del 4 al 17 de abril. En el caso de Ceuta, coincide el inicio de clases para estudiantes de Formaci\u00f3n Profesional, el resto de niveles comienzan el d\u00eda 10 de septiembre y terminan, igualmente, el 22 de junio. La Navidad, en ambos casos, se extiende del 23 de diciembre al 9 de enero.<\/p>\n\n\n\n<p><strong>M\u00e1s informaci\u00f3n: <\/strong><strong>calendario escolar Ceuta<\/strong><strong> y <\/strong><strong>Melilla<\/strong><\/p>\n\n\n\n<p>No dudes en contactar con&nbsp;<strong><a href=\"https:\/\/www.emagister.com\/contact\/student\" target=\"_blank\" rel=\"noreferrer noopener\">Emagister<\/a>&nbsp;<\/strong>para cualquier duda o informaci\u00f3n sobre alg\u00fan curso.<\/p>\n","protected":false},"excerpt":{"rendered":"<p>Conoce cu\u00e1l es el periodo lectivo de tu comunidad aut\u00f3noma para este curso acad\u00e9mico.<\/p>\n","protected":false},"author":285,"featured_media":132511,"comment_status":"open","ping_status":"closed","sticky":false,"template":"","format":"standard","meta":{"_acf_changed":false,"inline_featured_image":false,"footnotes":""},"categories":[8329,8336],"tags":[829,894,1196,1414,1488,8540,8541],"class_list":["post-132510","post","type-post","status-publish","format-standard","has-post-thumbnail","hentry","category-titulaciones","category-noticias","tag-bachillerato","tag-calendario","tag-eso","tag-primaria","tag-infantil","tag-calendario-escolar","tag-vacaciones-escolares","generate-columns","tablet-grid-50","mobile-grid-100","grid-parent","grid-25"],"acf":{"mostrar_faldon":"-1","texto_faldon":"","link_faldon":"","link_texto_faldon":"","noticiasElPais":{"custom_snippet_image":false,"custom_snippet_title":"","custom_snippet_description":""},"noticiasLaVanguardia":{"custom_snippet_image":false,"custom_snippet_title":"","custom_snippet_description":""},"hreflang":[{"url":""}],"estilo_titulo":"","fecha":"publication"},"yoast_head":"<!-- This site is optimized with the Yoast SEO Premium plugin v18.1 (Yoast SEO v27.0) - https:\/\/yoast.com\/product\/yoast-seo-premium-wordpress\/ -->\n<title>Consulta el calendario escolar del curso 2021-2022 por comunidades - Blog Emagister<\/title>\n<meta name=\"description\" content=\"Consulta los festivos y vacaciones de tu comunidad aut\u00f3noma y descubre tu periodo lectivo durante el curso 2021-2022.\" \/>\n<meta name=\"robots\" content=\"index, follow\" \/>\n<link rel=\"canonical\" href=\"https:\/\/www.emagister.com\/blog\/consulta-calendario-escolar-por-comunidades\/\" \/>\n<meta property=\"og:locale\" content=\"es_ES\" \/>\n<meta property=\"og:type\" content=\"article\" \/>\n<meta property=\"og:title\" content=\"Consulta el calendario escolar del curso 2021-2022 por comunidades\" \/>\n<meta property=\"og:description\" content=\"Consulta los festivos y vacaciones de tu comunidad aut\u00f3noma y descubre tu periodo lectivo durante el curso 2021-2022.\" \/>\n<meta property=\"og:url\" content=\"https:\/\/www.emagister.com\/blog\/consulta-calendario-escolar-por-comunidades\/\" \/>\n<meta property=\"og:site_name\" content=\"Blog Emagister\" \/>\n<meta property=\"article:publisher\" content=\"https:\/\/www.facebook.com\/Emagister\/\" \/>\n<meta property=\"article:published_time\" content=\"2021-09-28T06:19:00+00:00\" \/>\n<meta property=\"article:modified_time\" content=\"2021-10-06T15:43:09+00:00\" \/>\n<meta property=\"og:image\" content=\"https:\/\/www.emagister.com\/blog\/wp-content\/uploads\/2021\/09\/calendario-escolar.jpg\" \/>\n\t<meta property=\"og:image:width\" content=\"2100\" \/>\n\t<meta property=\"og:image:height\" content=\"1300\" \/>\n\t<meta property=\"og:image:type\" content=\"image\/jpeg\" \/>\n<meta name=\"author\" content=\"Blog Emagister\" \/>\n<meta name=\"twitter:card\" content=\"summary_large_image\" \/>\n<meta name=\"twitter:creator\" content=\"@emagister\" \/>\n<meta name=\"twitter:site\" content=\"@emagister\" \/>\n<meta name=\"twitter:label1\" content=\"Escrito por\" \/>\n\t<meta name=\"twitter:data1\" content=\"Blog Emagister\" \/>\n\t<meta name=\"twitter:label2\" content=\"Tiempo de lectura\" \/>\n\t<meta name=\"twitter:data2\" content=\"8 minutos\" \/>\n<script type=\"application\/ld+json\" class=\"yoast-schema-graph\">{\"@context\":\"https:\/\/schema.org\",\"@graph\":[{\"@type\":\"Article\",\"@id\":\"https:\/\/www.emagister.com\/blog\/consulta-calendario-escolar-por-comunidades\/#article\",\"isPartOf\":{\"@id\":\"https:\/\/www.emagister.com\/blog\/consulta-calendario-escolar-por-comunidades\/\"},\"author\":{\"name\":\"Blog Emagister\",\"@id\":\"https:\/\/www.emagister.com\/blog\/#\/schema\/person\/776af158d79a20bccf84defca072a501\"},\"headline\":\"Consulta el calendario escolar del curso 2021-2022 por comunidades\",\"datePublished\":\"2021-09-28T06:19:00+00:00\",\"dateModified\":\"2021-10-06T15:43:09+00:00\",\"mainEntityOfPage\":{\"@id\":\"https:\/\/www.emagister.com\/blog\/consulta-calendario-escolar-por-comunidades\/\"},\"wordCount\":1866,\"commentCount\":0,\"publisher\":{\"@id\":\"https:\/\/www.emagister.com\/blog\/#organization\"},\"image\":{\"@id\":\"https:\/\/www.emagister.com\/blog\/consulta-calendario-escolar-por-comunidades\/#primaryimage\"},\"thumbnailUrl\":\"https:\/\/www.emagister.com\/blog\/wp-content\/uploads\/2021\/09\/calendario-escolar.jpg\",\"keywords\":[\"bachillerato\",\"calendario\",\"ESO\",\"Primaria\",\"infantil\",\"calendario escolar\",\"vacaciones escolares\"],\"articleSection\":[\"Sistema educativo y titulaciones\",\"Actualidad Emagister\"],\"inLanguage\":\"es\",\"potentialAction\":[{\"@type\":\"CommentAction\",\"name\":\"Comment\",\"target\":[\"https:\/\/www.emagister.com\/blog\/consulta-calendario-escolar-por-comunidades\/#respond\"]}]},{\"@type\":\"WebPage\",\"@id\":\"https:\/\/www.emagister.com\/blog\/consulta-calendario-escolar-por-comunidades\/\",\"url\":\"https:\/\/www.emagister.com\/blog\/consulta-calendario-escolar-por-comunidades\/\",\"name\":\"Consulta el calendario escolar del curso 2021-2022 por comunidades - Blog Emagister\",\"isPartOf\":{\"@id\":\"https:\/\/www.emagister.com\/blog\/#website\"},\"primaryImageOfPage\":{\"@id\":\"https:\/\/www.emagister.com\/blog\/consulta-calendario-escolar-por-comunidades\/#primaryimage\"},\"image\":{\"@id\":\"https:\/\/www.emagister.com\/blog\/consulta-calendario-escolar-por-comunidades\/#primaryimage\"},\"thumbnailUrl\":\"https:\/\/www.emagister.com\/blog\/wp-content\/uploads\/2021\/09\/calendario-escolar.jpg\",\"datePublished\":\"2021-09-28T06:19:00+00:00\",\"dateModified\":\"2021-10-06T15:43:09+00:00\",\"description\":\"Consulta los festivos y vacaciones de tu comunidad aut\u00f3noma y descubre tu periodo lectivo durante el curso 2021-2022.\",\"breadcrumb\":{\"@id\":\"https:\/\/www.emagister.com\/blog\/consulta-calendario-escolar-por-comunidades\/#breadcrumb\"},\"inLanguage\":\"es\",\"potentialAction\":[{\"@type\":\"ReadAction\",\"target\":[\"https:\/\/www.emagister.com\/blog\/consulta-calendario-escolar-por-comunidades\/\"]}]},{\"@type\":\"ImageObject\",\"inLanguage\":\"es\",\"@id\":\"https:\/\/www.emagister.com\/blog\/consulta-calendario-escolar-por-comunidades\/#primaryimage\",\"url\":\"https:\/\/www.emagister.com\/blog\/wp-content\/uploads\/2021\/09\/calendario-escolar.jpg\",\"contentUrl\":\"https:\/\/www.emagister.com\/blog\/wp-content\/uploads\/2021\/09\/calendario-escolar.jpg\",\"width\":2100,\"height\":1300,\"caption\":\"calendario escolar\"},{\"@type\":\"BreadcrumbList\",\"@id\":\"https:\/\/www.emagister.com\/blog\/consulta-calendario-escolar-por-comunidades\/#breadcrumb\",\"itemListElement\":[{\"@type\":\"ListItem\",\"position\":1,\"name\":\"Blog Emagister\",\"item\":\"https:\/\/www.emagister.com\/blog\/\"},{\"@type\":\"ListItem\",\"position\":2,\"name\":\"Sistema educativo y titulaciones\",\"item\":\"https:\/\/www.emagister.com\/blog\/titulaciones\/\"},{\"@type\":\"ListItem\",\"position\":3,\"name\":\"Consulta el calendario escolar del curso 2021-2022 por comunidades\"}]},{\"@type\":\"WebSite\",\"@id\":\"https:\/\/www.emagister.com\/blog\/#website\",\"url\":\"https:\/\/www.emagister.com\/blog\/\",\"name\":\"Blog Emagister\",\"description\":\"Gu\u00eda de orientaci\u00f3n sobre estudios y tendencias de formaci\u00f3n\",\"publisher\":{\"@id\":\"https:\/\/www.emagister.com\/blog\/#organization\"},\"potentialAction\":[{\"@type\":\"SearchAction\",\"target\":{\"@type\":\"EntryPoint\",\"urlTemplate\":\"https:\/\/www.emagister.com\/blog\/?s={search_term_string}\"},\"query-input\":{\"@type\":\"PropertyValueSpecification\",\"valueRequired\":true,\"valueName\":\"search_term_string\"}}],\"inLanguage\":\"es\"},{\"@type\":\"Organization\",\"@id\":\"https:\/\/www.emagister.com\/blog\/#organization\",\"name\":\"Emagister\",\"url\":\"https:\/\/www.emagister.com\/blog\/\",\"logo\":{\"@type\":\"ImageObject\",\"inLanguage\":\"es\",\"@id\":\"https:\/\/www.emagister.com\/blog\/#\/schema\/logo\/image\/\",\"url\":\"https:\/\/www.emagister.com\/blog\/wp-content\/uploads\/2017\/02\/photo.png\",\"contentUrl\":\"https:\/\/www.emagister.com\/blog\/wp-content\/uploads\/2017\/02\/photo.png\",\"width\":120,\"height\":120,\"caption\":\"Emagister\"},\"image\":{\"@id\":\"https:\/\/www.emagister.com\/blog\/#\/schema\/logo\/image\/\"},\"sameAs\":[\"https:\/\/www.facebook.com\/Emagister\/\",\"https:\/\/x.com\/emagister\",\"https:\/\/www.instagram.com\/emagister\/\",\"https:\/\/www.linkedin.com\/company\/emagister-com\/\",\"https:\/\/www.pinterest.es\/emagister\/\",\"https:\/\/www.youtube.com\/user\/emagister\/\",\"https:\/\/es.wikipedia.org\/wiki\/Emagister\"]},{\"@type\":\"Person\",\"@id\":\"https:\/\/www.emagister.com\/blog\/#\/schema\/person\/776af158d79a20bccf84defca072a501\",\"name\":\"Blog Emagister\",\"image\":{\"@type\":\"ImageObject\",\"inLanguage\":\"es\",\"@id\":\"https:\/\/www.emagister.com\/blog\/#\/schema\/person\/image\/\",\"url\":\"https:\/\/secure.gravatar.com\/avatar\/44dc9fc526e06eb47a16c88f9b66a081ab656cfa8d8ad442778aa78886bdaff1?s=96&r=g\",\"contentUrl\":\"https:\/\/secure.gravatar.com\/avatar\/44dc9fc526e06eb47a16c88f9b66a081ab656cfa8d8ad442778aa78886bdaff1?s=96&r=g\",\"caption\":\"Blog Emagister\"},\"url\":\"https:\/\/www.emagister.com\/blog\/author\/blog-emagister\/\"}]}<\/script>\n<!-- \/ Yoast SEO Premium plugin. -->","yoast_head_json":{"title":"Consulta el calendario escolar del curso 2021-2022 por comunidades - Blog Emagister","description":"Consulta los festivos y vacaciones de tu comunidad aut\u00f3noma y descubre tu periodo lectivo durante el curso 2021-2022.","robots":{"index":"index","follow":"follow"},"canonical":"https:\/\/www.emagister.com\/blog\/consulta-calendario-escolar-por-comunidades\/","og_locale":"es_ES","og_type":"article","og_title":"Consulta el calendario escolar del curso 2021-2022 por comunidades","og_description":"Consulta los festivos y vacaciones de tu comunidad aut\u00f3noma y descubre tu periodo lectivo durante el curso 2021-2022.","og_url":"https:\/\/www.emagister.com\/blog\/consulta-calendario-escolar-por-comunidades\/","og_site_name":"Blog Emagister","article_publisher":"https:\/\/www.facebook.com\/Emagister\/","article_published_time":"2021-09-28T06:19:00+00:00","article_modified_time":"2021-10-06T15:43:09+00:00","og_image":[{"width":2100,"height":1300,"url":"https:\/\/www.emagister.com\/blog\/wp-content\/uploads\/2021\/09\/calendario-escolar.jpg","type":"image\/jpeg"}],"author":"Blog Emagister","twitter_card":"summary_large_image","twitter_creator":"@emagister","twitter_site":"@emagister","twitter_misc":{"Escrito por":"Blog Emagister","Tiempo de lectura":"8 minutos"},"schema":{"@context":"https:\/\/schema.org","@graph":[{"@type":"Article","@id":"https:\/\/www.emagister.com\/blog\/consulta-calendario-escolar-por-comunidades\/#article","isPartOf":{"@id":"https:\/\/www.emagister.com\/blog\/consulta-calendario-escolar-por-comunidades\/"},"author":{"name":"Blog Emagister","@id":"https:\/\/www.emagister.com\/blog\/#\/schema\/person\/776af158d79a20bccf84defca072a501"},"headline":"Consulta el calendario escolar del curso 2021-2022 por comunidades","datePublished":"2021-09-28T06:19:00+00:00","dateModified":"2021-10-06T15:43:09+00:00","mainEntityOfPage":{"@id":"https:\/\/www.emagister.com\/blog\/consulta-calendario-escolar-por-comunidades\/"},"wordCount":1866,"commentCount":0,"publisher":{"@id":"https:\/\/www.emagister.com\/blog\/#organization"},"image":{"@id":"https:\/\/www.emagister.com\/blog\/consulta-calendario-escolar-por-comunidades\/#primaryimage"},"thumbnailUrl":"https:\/\/www.emagister.com\/blog\/wp-content\/uploads\/2021\/09\/calendario-escolar.jpg","keywords":["bachillerato","calendario","ESO","Primaria","infantil","calendario escolar","vacaciones escolares"],"articleSection":["Sistema educativo y titulaciones","Actualidad Emagister"],"inLanguage":"es","potentialAction":[{"@type":"CommentAction","name":"Comment","target":["https:\/\/www.emagister.com\/blog\/consulta-calendario-escolar-por-comunidades\/#respond"]}]},{"@type":"WebPage","@id":"https:\/\/www.emagister.com\/blog\/consulta-calendario-escolar-por-comunidades\/","url":"https:\/\/www.emagister.com\/blog\/consulta-calendario-escolar-por-comunidades\/","name":"Consulta el calendario escolar del curso 2021-2022 por comunidades - Blog Emagister","isPartOf":{"@id":"https:\/\/www.emagister.com\/blog\/#website"},"primaryImageOfPage":{"@id":"https:\/\/www.emagister.com\/blog\/consulta-calendario-escolar-por-comunidades\/#primaryimage"},"image":{"@id":"https:\/\/www.emagister.com\/blog\/consulta-calendario-escolar-por-comunidades\/#primaryimage"},"thumbnailUrl":"https:\/\/www.emagister.com\/blog\/wp-content\/uploads\/2021\/09\/calendario-escolar.jpg","datePublished":"2021-09-28T06:19:00+00:00","dateModified":"2021-10-06T15:43:09+00:00","description":"Consulta los festivos y vacaciones de tu comunidad aut\u00f3noma y descubre tu periodo lectivo durante el curso 2021-2022.","breadcrumb":{"@id":"https:\/\/www.emagister.com\/blog\/consulta-calendario-escolar-por-comunidades\/#breadcrumb"},"inLanguage":"es","potentialAction":[{"@type":"ReadAction","target":["https:\/\/www.emagister.com\/blog\/consulta-calendario-escolar-por-comunidades\/"]}]},{"@type":"ImageObject","inLanguage":"es","@id":"https:\/\/www.emagister.com\/blog\/consulta-calendario-escolar-por-comunidades\/#primaryimage","url":"https:\/\/www.emagister.com\/blog\/wp-content\/uploads\/2021\/09\/calendario-escolar.jpg","contentUrl":"https:\/\/www.emagister.com\/blog\/wp-content\/uploads\/2021\/09\/calendario-escolar.jpg","width":2100,"height":1300,"caption":"calendario escolar"},{"@type":"BreadcrumbList","@id":"https:\/\/www.emagister.com\/blog\/consulta-calendario-escolar-por-comunidades\/#breadcrumb","itemListElement":[{"@type":"ListItem","position":1,"name":"Blog Emagister","item":"https:\/\/www.emagister.com\/blog\/"},{"@type":"ListItem","position":2,"name":"Sistema educativo y titulaciones","item":"https:\/\/www.emagister.com\/blog\/titulaciones\/"},{"@type":"ListItem","position":3,"name":"Consulta el calendario escolar del curso 2021-2022 por comunidades"}]},{"@type":"WebSite","@id":"https:\/\/www.emagister.com\/blog\/#website","url":"https:\/\/www.emagister.com\/blog\/","name":"Blog Emagister","description":"Gu\u00eda de orientaci\u00f3n sobre estudios y tendencias de formaci\u00f3n","publisher":{"@id":"https:\/\/www.emagister.com\/blog\/#organization"},"potentialAction":[{"@type":"SearchAction","target":{"@type":"EntryPoint","urlTemplate":"https:\/\/www.emagister.com\/blog\/?s={search_term_string}"},"query-input":{"@type":"PropertyValueSpecification","valueRequired":true,"valueName":"search_term_string"}}],"inLanguage":"es"},{"@type":"Organization","@id":"https:\/\/www.emagister.com\/blog\/#organization","name":"Emagister","url":"https:\/\/www.emagister.com\/blog\/","logo":{"@type":"ImageObject","inLanguage":"es","@id":"https:\/\/www.emagister.com\/blog\/#\/schema\/logo\/image\/","url":"https:\/\/www.emagister.com\/blog\/wp-content\/uploads\/2017\/02\/photo.png","contentUrl":"https:\/\/www.emagister.com\/blog\/wp-content\/uploads\/2017\/02\/photo.png","width":120,"height":120,"caption":"Emagister"},"image":{"@id":"https:\/\/www.emagister.com\/blog\/#\/schema\/logo\/image\/"},"sameAs":["https:\/\/www.facebook.com\/Emagister\/","https:\/\/x.com\/emagister","https:\/\/www.instagram.com\/emagister\/","https:\/\/www.linkedin.com\/company\/emagister-com\/","https:\/\/www.pinterest.es\/emagister\/","https:\/\/www.youtube.com\/user\/emagister\/","https:\/\/es.wikipedia.org\/wiki\/Emagister"]},{"@type":"Person","@id":"https:\/\/www.emagister.com\/blog\/#\/schema\/person\/776af158d79a20bccf84defca072a501","name":"Blog Emagister","image":{"@type":"ImageObject","inLanguage":"es","@id":"https:\/\/www.emagister.com\/blog\/#\/schema\/person\/image\/","url":"https:\/\/secure.gravatar.com\/avatar\/44dc9fc526e06eb47a16c88f9b66a081ab656cfa8d8ad442778aa78886bdaff1?s=96&r=g","contentUrl":"https:\/\/secure.gravatar.com\/avatar\/44dc9fc526e06eb47a16c88f9b66a081ab656cfa8d8ad442778aa78886bdaff1?s=96&r=g","caption":"Blog Emagister"},"url":"https:\/\/www.emagister.com\/blog\/author\/blog-emagister\/"}]}},"_links":{"self":[{"href":"https:\/\/www.emagister.com\/blog\/wp-json\/wp\/v2\/posts\/132510","targetHints":{"allow":["GET"]}}],"collection":[{"href":"https:\/\/www.emagister.com\/blog\/wp-json\/wp\/v2\/posts"}],"about":[{"href":"https:\/\/www.emagister.com\/blog\/wp-json\/wp\/v2\/types\/post"}],"author":[{"embeddable":true,"href":"https:\/\/www.emagister.com\/blog\/wp-json\/wp\/v2\/users\/285"}],"replies":[{"embeddable":true,"href":"https:\/\/www.emagister.com\/blog\/wp-json\/wp\/v2\/comments?post=132510"}],"version-history":[{"count":4,"href":"https:\/\/www.emagister.com\/blog\/wp-json\/wp\/v2\/posts\/132510\/revisions"}],"predecessor-version":[{"id":132713,"href":"https:\/\/www.emagister.com\/blog\/wp-json\/wp\/v2\/posts\/132510\/revisions\/132713"}],"wp:featuredmedia":[{"embeddable":true,"href":"https:\/\/www.emagister.com\/blog\/wp-json\/wp\/v2\/media\/132511"}],"wp:attachment":[{"href":"https:\/\/www.emagister.com\/blog\/wp-json\/wp\/v2\/media?parent=132510"}],"wp:term":[{"taxonomy":"category","embeddable":true,"href":"https:\/\/www.emagister.com\/blog\/wp-json\/wp\/v2\/categories?post=132510"},{"taxonomy":"post_tag","embeddable":true,"href":"https:\/\/www.emagister.com\/blog\/wp-json\/wp\/v2\/tags?post=132510"}],"curies":[{"name":"wp","href":"https:\/\/api.w.org\/{rel}","templated":true}]}}