{"id":14658,"date":"2014-06-30T15:39:04","date_gmt":"2014-06-30T13:39:04","guid":{"rendered":"https:\/\/www.emagister.com\/blog\/?p=14658"},"modified":"2026-02-27T14:21:36","modified_gmt":"2026-02-27T13:21:36","slug":"como-motivar-tus-hijos-para-que-estudien-durante-sus-vacaciones","status":"publish","type":"post","link":"https:\/\/www.emagister.com\/blog\/como-motivar-tus-hijos-para-que-estudien-durante-sus-vacaciones\/","title":{"rendered":"C\u00f3mo motivar a tus hijos para que estudien durante sus vacaciones"},"content":{"rendered":"<p>Llegan las esperadas vacaciones de verano, termina la rutina de la escuela y empiezan los d\u00edas de sol, de campamentos, de bicicletas, de correr y re\u00edr con los amigos, de levantarte cuando te d\u00e9 la gana y acostarte cuando quieras. Todo un c\u00famulo de sensaciones que hacen dif\u00edcil concentrarse en el estudio. <a href=\"https:\/\/www.emagister.com?pfichas=5795\" target=\"_blank\">Estudiar<\/a><span style=\"text-decoration: underline;\">\u00a0<\/span>es como volver al pasado y los chicos y chicas s\u00f3lo reconocen el presente. El futuro les queda lejos.<\/p>\n<p>Los padres sabemos que las acciones del pasado ser\u00e1n las que nos ense\u00f1en a vivir el presente, que llegar\u00e1 un d\u00eda que el futuro atrapar\u00e1 a nuestros hijos, ser\u00e1 entonces su presente, con todas sus consecuencias. Es decir, mientras nuestros hijos s\u00f3lo entienden de presente, <a href=\"https:\/\/www.emagister.com\/cursos-escuela-padres-kwes-1000002564.htm?pfichas=5795\" target=\"_blank\">nosotros nos preocupamos por su futuro<\/a>, palabra que para ellos no tiene ning\u00fan significado y para nosotros es nuestra principal preocupaci\u00f3n hacia ellos y lo que les pueda deparar.<\/p>\n<p>Los padres sabemos que estudiar y aprender les facilitar\u00e1 la vida en el futuro. Pero, \u00bfc\u00f3mo podemos hacerles entender algo que a\u00fan no han vivido? \u00bfC\u00f3mo hacer que tus hijos no abandonen el pasado este verano y no dejen sus tareas a un lado?<!--more--><\/p>\n<p>Para los estudiantes abrir los libros en verano es una <b>obligaci\u00f3n<\/b>, cuando lo que tendr\u00eda que ser es un <b>h\u00e1bito<\/b>, una actividad m\u00e1s dentro de estos d\u00edas de asueto.<\/p>\n<p>Motivarles para que aprendan este h\u00e1bito es una de nuestras tareas como padres. En este art\u00edculo te ofrecemos <strong>5 ideas que pueden ayudarte.<\/strong><\/p>\n<p><strong>1.-<\/strong> <b>Impl\u00edcate\u00a0 : <\/b>Muestra inter\u00e9s por las asignaturas de tus hijos, pregunta a los profesores c\u00f3mo ven su evoluci\u00f3n intelectual, d\u00f3nde tienen que mejorar, qu\u00e9 tareas les resultan m\u00e1s complicadas y el porqu\u00e9. P\u00eddeles consejo pedag\u00f3gico si hace falta.<\/p>\n<p><strong>2.-<\/strong> <b>Impl\u00edcale : <\/b>Estar al d\u00eda de los<b> <\/b>intereses de tu hijo<b> <\/b>es fundamental para que se sienta apoyado, preg\u00fantale a \u00e9l c\u00f3mo quiere organizar su tiempo de vacaciones. Una buena opci\u00f3n es crear un plan de estudios \u201c veraniego\u201d d\u00f3nde \u00e9l mismo elija cu\u00e1ndo estudiar. Que sea \u00e9l mismo el que escoja su lugar de estudio. No todos nos concentramos en una mesa y en una silla, \u00bf su habitaci\u00f3n?\u00a0 \u00bfel sof\u00e1 de casa? \u00bfen el jard\u00edn? \u00bfsentado bajo un \u00e1rbol? \u00bfen la biblioteca? \u00bfen silencio o con m\u00fasica ? Preg\u00fantale, que piense cu\u00e1l podr\u00eda ser su lugar preferido de estudio y que se ponga a ello.<\/p>\n<p><strong>3.-<\/strong> <b>Quien madruga&#8230; : <\/b>Por la ma\u00f1ana es cuando mas despejados estamos y nuestro cerebro absorbe m\u00e1s informaci\u00f3n. Adem\u00e1s si lo primero que hacemos en el d\u00eda es terminar nuestras tareas sentiremos la recompensa de tener todo el d\u00eda libre.<\/p>\n<p><strong>4.-<\/strong> <b>Estudiar no es un castigo : <\/b>Estudiar es aprender. Si tu hijo ha suspendido alguna asignatura, que no se sienta que estudiar es un castigo por su suspenso, sino, una nueva oportunidad para conseguir un objetivo: aprobar.<\/p>\n<p><strong>5.-<\/strong> <b>Disfrutar: <\/b>Gozar\u00a0juntos de las horas de estudio, sobre todo, si los ni\u00f1os son peque\u00f1os. Esto proporcionar\u00e1 un clima de complicidad, de camarader\u00eda, de juego. No mostrar nunca s\u00edntomas de nerviosismo, m\u00e1s bien incentivarles a que ellos mismos busquen sus propios recursos para superar las dificultades que se puedan encontrar haciendo sus tareas. Nuestro objetivo es no coartar\u00a0 su autoestima, sino ense\u00f1arles a confiar en sus propias capacidades.<\/p>\n","protected":false},"excerpt":{"rendered":"<p>Llegan las esperadas vacaciones de verano, termina la rutina de la escuela y empiezan los d\u00edas de sol, de campamentos, &#8230; <a title=\"C\u00f3mo motivar a tus hijos para que estudien durante sus vacaciones\" class=\"read-more\" href=\"https:\/\/www.emagister.com\/blog\/como-motivar-tus-hijos-para-que-estudien-durante-sus-vacaciones\/\" aria-label=\"M\u00e1s en C\u00f3mo motivar a tus hijos para que estudien durante sus vacaciones\">Leer m\u00e1s<\/a><\/p>\n","protected":false},"author":116,"featured_media":163455,"comment_status":"open","ping_status":"open","sticky":false,"template":"","format":"standard","meta":{"_acf_changed":false,"inline_featured_image":false,"footnotes":""},"categories":[429],"tags":[583,902],"class_list":["post-14658","post","type-post","status-publish","format-standard","has-post-thumbnail","hentry","category-para-padres","tag-motivacion","tag-estudios-verano","generate-columns","tablet-grid-50","mobile-grid-100","grid-parent","grid-25"],"acf":{"hreflang":[{"url":""}],"estilo_titulo":"","fecha":"no","noticiasElPais":{"custom_snippet_image":false,"custom_snippet_title":"","custom_snippet_description":""},"noticiasLaVanguardia":{"custom_snippet_image":false,"custom_snippet_title":"","custom_snippet_description":""},"mostrar_faldon":"-1","texto_faldon":"","link_faldon":"","link_texto_faldon":"","link_button_faldon":"","bannerid1":"","bannerid2":""},"yoast_head":"<!-- This site is optimized with the Yoast SEO Premium plugin v18.1 (Yoast SEO v27.0) - https:\/\/yoast.com\/product\/yoast-seo-premium-wordpress\/ -->\n<title>C\u00f3mo motivar a tus hijos para que estudien durante sus vacaciones - Blog Emagister<\/title>\n<meta name=\"robots\" content=\"index, follow\" \/>\n<link rel=\"canonical\" href=\"https:\/\/www.emagister.com\/blog\/como-motivar-tus-hijos-para-que-estudien-durante-sus-vacaciones\/\" \/>\n<meta property=\"og:locale\" content=\"es_ES\" \/>\n<meta property=\"og:type\" content=\"article\" \/>\n<meta property=\"og:title\" content=\"C\u00f3mo motivar a tus hijos para que estudien durante sus vacaciones\" \/>\n<meta property=\"og:description\" content=\"Llegan las esperadas vacaciones de verano, termina la rutina de la escuela y empiezan los d\u00edas de sol, de campamentos, ... Leer m\u00e1s\" \/>\n<meta property=\"og:url\" content=\"https:\/\/www.emagister.com\/blog\/como-motivar-tus-hijos-para-que-estudien-durante-sus-vacaciones\/\" \/>\n<meta property=\"og:site_name\" content=\"Blog Emagister\" \/>\n<meta property=\"article:publisher\" content=\"https:\/\/www.facebook.com\/Emagister\/\" \/>\n<meta property=\"article:published_time\" content=\"2014-06-30T13:39:04+00:00\" \/>\n<meta property=\"article:modified_time\" content=\"2026-02-27T13:21:36+00:00\" \/>\n<meta property=\"og:image\" content=\"https:\/\/www.emagister.com\/blog\/wp-content\/uploads\/2014\/06\/GettyImages-1406353670-scaled.jpeg\" \/>\n\t<meta property=\"og:image:width\" content=\"2560\" \/>\n\t<meta property=\"og:image:height\" content=\"1707\" \/>\n\t<meta property=\"og:image:type\" content=\"image\/jpeg\" \/>\n<meta name=\"author\" content=\"N\u00faria Navarro\" \/>\n<meta name=\"twitter:card\" content=\"summary_large_image\" \/>\n<meta name=\"twitter:creator\" content=\"@emagister\" \/>\n<meta name=\"twitter:site\" content=\"@emagister\" \/>\n<meta name=\"twitter:label1\" content=\"Escrito por\" \/>\n\t<meta name=\"twitter:data1\" content=\"N\u00faria Navarro\" \/>\n\t<meta name=\"twitter:label2\" content=\"Tiempo de lectura\" \/>\n\t<meta name=\"twitter:data2\" content=\"3 minutos\" \/>\n<script type=\"application\/ld+json\" class=\"yoast-schema-graph\">{\"@context\":\"https:\/\/schema.org\",\"@graph\":[{\"@type\":\"Article\",\"@id\":\"https:\/\/www.emagister.com\/blog\/como-motivar-tus-hijos-para-que-estudien-durante-sus-vacaciones\/#article\",\"isPartOf\":{\"@id\":\"https:\/\/www.emagister.com\/blog\/como-motivar-tus-hijos-para-que-estudien-durante-sus-vacaciones\/\"},\"author\":{\"name\":\"N\u00faria Navarro\",\"@id\":\"https:\/\/www.emagister.com\/blog\/#\/schema\/person\/4d8edf63d9f145c30664346e39a094bb\"},\"headline\":\"C\u00f3mo motivar a tus hijos para que estudien durante sus vacaciones\",\"datePublished\":\"2014-06-30T13:39:04+00:00\",\"dateModified\":\"2026-02-27T13:21:36+00:00\",\"mainEntityOfPage\":{\"@id\":\"https:\/\/www.emagister.com\/blog\/como-motivar-tus-hijos-para-que-estudien-durante-sus-vacaciones\/\"},\"wordCount\":594,\"commentCount\":0,\"publisher\":{\"@id\":\"https:\/\/www.emagister.com\/blog\/#organization\"},\"image\":{\"@id\":\"https:\/\/www.emagister.com\/blog\/como-motivar-tus-hijos-para-que-estudien-durante-sus-vacaciones\/#primaryimage\"},\"thumbnailUrl\":\"https:\/\/www.emagister.com\/blog\/wp-content\/uploads\/2014\/06\/GettyImages-1406353670-scaled.jpeg\",\"keywords\":[\"motivaci\u00f3n\",\"estudios verano\"],\"articleSection\":[\"Ser padres\"],\"inLanguage\":\"es\",\"potentialAction\":[{\"@type\":\"CommentAction\",\"name\":\"Comment\",\"target\":[\"https:\/\/www.emagister.com\/blog\/como-motivar-tus-hijos-para-que-estudien-durante-sus-vacaciones\/#respond\"]}]},{\"@type\":\"WebPage\",\"@id\":\"https:\/\/www.emagister.com\/blog\/como-motivar-tus-hijos-para-que-estudien-durante-sus-vacaciones\/\",\"url\":\"https:\/\/www.emagister.com\/blog\/como-motivar-tus-hijos-para-que-estudien-durante-sus-vacaciones\/\",\"name\":\"C\u00f3mo motivar a tus hijos para que estudien durante sus vacaciones - Blog Emagister\",\"isPartOf\":{\"@id\":\"https:\/\/www.emagister.com\/blog\/#website\"},\"primaryImageOfPage\":{\"@id\":\"https:\/\/www.emagister.com\/blog\/como-motivar-tus-hijos-para-que-estudien-durante-sus-vacaciones\/#primaryimage\"},\"image\":{\"@id\":\"https:\/\/www.emagister.com\/blog\/como-motivar-tus-hijos-para-que-estudien-durante-sus-vacaciones\/#primaryimage\"},\"thumbnailUrl\":\"https:\/\/www.emagister.com\/blog\/wp-content\/uploads\/2014\/06\/GettyImages-1406353670-scaled.jpeg\",\"datePublished\":\"2014-06-30T13:39:04+00:00\",\"dateModified\":\"2026-02-27T13:21:36+00:00\",\"breadcrumb\":{\"@id\":\"https:\/\/www.emagister.com\/blog\/como-motivar-tus-hijos-para-que-estudien-durante-sus-vacaciones\/#breadcrumb\"},\"inLanguage\":\"es\",\"potentialAction\":[{\"@type\":\"ReadAction\",\"target\":[\"https:\/\/www.emagister.com\/blog\/como-motivar-tus-hijos-para-que-estudien-durante-sus-vacaciones\/\"]}]},{\"@type\":\"ImageObject\",\"inLanguage\":\"es\",\"@id\":\"https:\/\/www.emagister.com\/blog\/como-motivar-tus-hijos-para-que-estudien-durante-sus-vacaciones\/#primaryimage\",\"url\":\"https:\/\/www.emagister.com\/blog\/wp-content\/uploads\/2014\/06\/GettyImages-1406353670-scaled.jpeg\",\"contentUrl\":\"https:\/\/www.emagister.com\/blog\/wp-content\/uploads\/2014\/06\/GettyImages-1406353670-scaled.jpeg\",\"width\":2560,\"height\":1707,\"caption\":\"multhietnic latin and caucasian children nailing tent pegs on a summer camp with woman instructor. learning to pitch a tent. Vacation concept\"},{\"@type\":\"BreadcrumbList\",\"@id\":\"https:\/\/www.emagister.com\/blog\/como-motivar-tus-hijos-para-que-estudien-durante-sus-vacaciones\/#breadcrumb\",\"itemListElement\":[{\"@type\":\"ListItem\",\"position\":1,\"name\":\"Blog Emagister\",\"item\":\"https:\/\/www.emagister.com\/blog\/\"},{\"@type\":\"ListItem\",\"position\":2,\"name\":\"Sistema educativo y titulaciones\",\"item\":\"https:\/\/www.emagister.com\/blog\/titulaciones\/\"},{\"@type\":\"ListItem\",\"position\":3,\"name\":\"Educaci\u00f3n primaria\",\"item\":\"https:\/\/www.emagister.com\/blog\/titulaciones\/educacion-primaria\/\"},{\"@type\":\"ListItem\",\"position\":4,\"name\":\"Ser padres\",\"item\":\"https:\/\/www.emagister.com\/blog\/titulaciones\/educacion-primaria\/para-padres\/\"},{\"@type\":\"ListItem\",\"position\":5,\"name\":\"C\u00f3mo motivar a tus hijos para que estudien durante sus vacaciones\"}]},{\"@type\":\"WebSite\",\"@id\":\"https:\/\/www.emagister.com\/blog\/#website\",\"url\":\"https:\/\/www.emagister.com\/blog\/\",\"name\":\"Blog Emagister\",\"description\":\"Gu\u00eda de orientaci\u00f3n sobre estudios y tendencias de formaci\u00f3n\",\"publisher\":{\"@id\":\"https:\/\/www.emagister.com\/blog\/#organization\"},\"potentialAction\":[{\"@type\":\"SearchAction\",\"target\":{\"@type\":\"EntryPoint\",\"urlTemplate\":\"https:\/\/www.emagister.com\/blog\/?s={search_term_string}\"},\"query-input\":{\"@type\":\"PropertyValueSpecification\",\"valueRequired\":true,\"valueName\":\"search_term_string\"}}],\"inLanguage\":\"es\"},{\"@type\":\"Organization\",\"@id\":\"https:\/\/www.emagister.com\/blog\/#organization\",\"name\":\"Emagister\",\"url\":\"https:\/\/www.emagister.com\/blog\/\",\"logo\":{\"@type\":\"ImageObject\",\"inLanguage\":\"es\",\"@id\":\"https:\/\/www.emagister.com\/blog\/#\/schema\/logo\/image\/\",\"url\":\"https:\/\/www.emagister.com\/blog\/wp-content\/uploads\/2017\/02\/photo.png\",\"contentUrl\":\"https:\/\/www.emagister.com\/blog\/wp-content\/uploads\/2017\/02\/photo.png\",\"width\":120,\"height\":120,\"caption\":\"Emagister\"},\"image\":{\"@id\":\"https:\/\/www.emagister.com\/blog\/#\/schema\/logo\/image\/\"},\"sameAs\":[\"https:\/\/www.facebook.com\/Emagister\/\",\"https:\/\/x.com\/emagister\",\"https:\/\/www.instagram.com\/emagister\/\",\"https:\/\/www.linkedin.com\/company\/emagister-com\/\",\"https:\/\/www.pinterest.es\/emagister\/\",\"https:\/\/www.youtube.com\/user\/emagister\/\",\"https:\/\/es.wikipedia.org\/wiki\/Emagister\"]},{\"@type\":\"Person\",\"@id\":\"https:\/\/www.emagister.com\/blog\/#\/schema\/person\/4d8edf63d9f145c30664346e39a094bb\",\"name\":\"N\u00faria Navarro\",\"image\":{\"@type\":\"ImageObject\",\"inLanguage\":\"es\",\"@id\":\"https:\/\/www.emagister.com\/blog\/#\/schema\/person\/image\/\",\"url\":\"https:\/\/secure.gravatar.com\/avatar\/8013916947664581d55f25ed2111b4e9e2ac332285d8f991fdbe6ccabf7cafa2?s=96&r=g\",\"contentUrl\":\"https:\/\/secure.gravatar.com\/avatar\/8013916947664581d55f25ed2111b4e9e2ac332285d8f991fdbe6ccabf7cafa2?s=96&r=g\",\"caption\":\"N\u00faria Navarro\"},\"description\":\"Publicitaria. M\u00e1ster en Comunicaci\u00f3n Corporativa e Institucional. Formadora de competencias b\u00e1sicas en inform\u00e1tica y comunicaci\u00f3n 2.0 para padres y madres. Me apasionan las Artes, la creatividad y todo lo relacionado con la comunicaci\u00f3n. Ense\u00f1ar y aprender cuando ense\u00f1o es uno de mis objetivos vocacionales que voy consiguiendo d\u00eda a d\u00eda.\",\"url\":\"https:\/\/www.emagister.com\/blog\/author\/nuria\/\"}]}<\/script>\n<!-- \/ Yoast SEO Premium plugin. -->","yoast_head_json":{"title":"C\u00f3mo motivar a tus hijos para que estudien durante sus vacaciones - Blog Emagister","robots":{"index":"index","follow":"follow"},"canonical":"https:\/\/www.emagister.com\/blog\/como-motivar-tus-hijos-para-que-estudien-durante-sus-vacaciones\/","og_locale":"es_ES","og_type":"article","og_title":"C\u00f3mo motivar a tus hijos para que estudien durante sus vacaciones","og_description":"Llegan las esperadas vacaciones de verano, termina la rutina de la escuela y empiezan los d\u00edas de sol, de campamentos, ... Leer m\u00e1s","og_url":"https:\/\/www.emagister.com\/blog\/como-motivar-tus-hijos-para-que-estudien-durante-sus-vacaciones\/","og_site_name":"Blog Emagister","article_publisher":"https:\/\/www.facebook.com\/Emagister\/","article_published_time":"2014-06-30T13:39:04+00:00","article_modified_time":"2026-02-27T13:21:36+00:00","og_image":[{"width":2560,"height":1707,"url":"https:\/\/www.emagister.com\/blog\/wp-content\/uploads\/2014\/06\/GettyImages-1406353670-scaled.jpeg","type":"image\/jpeg"}],"author":"N\u00faria Navarro","twitter_card":"summary_large_image","twitter_creator":"@emagister","twitter_site":"@emagister","twitter_misc":{"Escrito por":"N\u00faria Navarro","Tiempo de lectura":"3 minutos"},"schema":{"@context":"https:\/\/schema.org","@graph":[{"@type":"Article","@id":"https:\/\/www.emagister.com\/blog\/como-motivar-tus-hijos-para-que-estudien-durante-sus-vacaciones\/#article","isPartOf":{"@id":"https:\/\/www.emagister.com\/blog\/como-motivar-tus-hijos-para-que-estudien-durante-sus-vacaciones\/"},"author":{"name":"N\u00faria Navarro","@id":"https:\/\/www.emagister.com\/blog\/#\/schema\/person\/4d8edf63d9f145c30664346e39a094bb"},"headline":"C\u00f3mo motivar a tus hijos para que estudien durante sus vacaciones","datePublished":"2014-06-30T13:39:04+00:00","dateModified":"2026-02-27T13:21:36+00:00","mainEntityOfPage":{"@id":"https:\/\/www.emagister.com\/blog\/como-motivar-tus-hijos-para-que-estudien-durante-sus-vacaciones\/"},"wordCount":594,"commentCount":0,"publisher":{"@id":"https:\/\/www.emagister.com\/blog\/#organization"},"image":{"@id":"https:\/\/www.emagister.com\/blog\/como-motivar-tus-hijos-para-que-estudien-durante-sus-vacaciones\/#primaryimage"},"thumbnailUrl":"https:\/\/www.emagister.com\/blog\/wp-content\/uploads\/2014\/06\/GettyImages-1406353670-scaled.jpeg","keywords":["motivaci\u00f3n","estudios verano"],"articleSection":["Ser padres"],"inLanguage":"es","potentialAction":[{"@type":"CommentAction","name":"Comment","target":["https:\/\/www.emagister.com\/blog\/como-motivar-tus-hijos-para-que-estudien-durante-sus-vacaciones\/#respond"]}]},{"@type":"WebPage","@id":"https:\/\/www.emagister.com\/blog\/como-motivar-tus-hijos-para-que-estudien-durante-sus-vacaciones\/","url":"https:\/\/www.emagister.com\/blog\/como-motivar-tus-hijos-para-que-estudien-durante-sus-vacaciones\/","name":"C\u00f3mo motivar a tus hijos para que estudien durante sus vacaciones - Blog Emagister","isPartOf":{"@id":"https:\/\/www.emagister.com\/blog\/#website"},"primaryImageOfPage":{"@id":"https:\/\/www.emagister.com\/blog\/como-motivar-tus-hijos-para-que-estudien-durante-sus-vacaciones\/#primaryimage"},"image":{"@id":"https:\/\/www.emagister.com\/blog\/como-motivar-tus-hijos-para-que-estudien-durante-sus-vacaciones\/#primaryimage"},"thumbnailUrl":"https:\/\/www.emagister.com\/blog\/wp-content\/uploads\/2014\/06\/GettyImages-1406353670-scaled.jpeg","datePublished":"2014-06-30T13:39:04+00:00","dateModified":"2026-02-27T13:21:36+00:00","breadcrumb":{"@id":"https:\/\/www.emagister.com\/blog\/como-motivar-tus-hijos-para-que-estudien-durante-sus-vacaciones\/#breadcrumb"},"inLanguage":"es","potentialAction":[{"@type":"ReadAction","target":["https:\/\/www.emagister.com\/blog\/como-motivar-tus-hijos-para-que-estudien-durante-sus-vacaciones\/"]}]},{"@type":"ImageObject","inLanguage":"es","@id":"https:\/\/www.emagister.com\/blog\/como-motivar-tus-hijos-para-que-estudien-durante-sus-vacaciones\/#primaryimage","url":"https:\/\/www.emagister.com\/blog\/wp-content\/uploads\/2014\/06\/GettyImages-1406353670-scaled.jpeg","contentUrl":"https:\/\/www.emagister.com\/blog\/wp-content\/uploads\/2014\/06\/GettyImages-1406353670-scaled.jpeg","width":2560,"height":1707,"caption":"multhietnic latin and caucasian children nailing tent pegs on a summer camp with woman instructor. learning to pitch a tent. Vacation concept"},{"@type":"BreadcrumbList","@id":"https:\/\/www.emagister.com\/blog\/como-motivar-tus-hijos-para-que-estudien-durante-sus-vacaciones\/#breadcrumb","itemListElement":[{"@type":"ListItem","position":1,"name":"Blog Emagister","item":"https:\/\/www.emagister.com\/blog\/"},{"@type":"ListItem","position":2,"name":"Sistema educativo y titulaciones","item":"https:\/\/www.emagister.com\/blog\/titulaciones\/"},{"@type":"ListItem","position":3,"name":"Educaci\u00f3n primaria","item":"https:\/\/www.emagister.com\/blog\/titulaciones\/educacion-primaria\/"},{"@type":"ListItem","position":4,"name":"Ser padres","item":"https:\/\/www.emagister.com\/blog\/titulaciones\/educacion-primaria\/para-padres\/"},{"@type":"ListItem","position":5,"name":"C\u00f3mo motivar a tus hijos para que estudien durante sus vacaciones"}]},{"@type":"WebSite","@id":"https:\/\/www.emagister.com\/blog\/#website","url":"https:\/\/www.emagister.com\/blog\/","name":"Blog Emagister","description":"Gu\u00eda de orientaci\u00f3n sobre estudios y tendencias de formaci\u00f3n","publisher":{"@id":"https:\/\/www.emagister.com\/blog\/#organization"},"potentialAction":[{"@type":"SearchAction","target":{"@type":"EntryPoint","urlTemplate":"https:\/\/www.emagister.com\/blog\/?s={search_term_string}"},"query-input":{"@type":"PropertyValueSpecification","valueRequired":true,"valueName":"search_term_string"}}],"inLanguage":"es"},{"@type":"Organization","@id":"https:\/\/www.emagister.com\/blog\/#organization","name":"Emagister","url":"https:\/\/www.emagister.com\/blog\/","logo":{"@type":"ImageObject","inLanguage":"es","@id":"https:\/\/www.emagister.com\/blog\/#\/schema\/logo\/image\/","url":"https:\/\/www.emagister.com\/blog\/wp-content\/uploads\/2017\/02\/photo.png","contentUrl":"https:\/\/www.emagister.com\/blog\/wp-content\/uploads\/2017\/02\/photo.png","width":120,"height":120,"caption":"Emagister"},"image":{"@id":"https:\/\/www.emagister.com\/blog\/#\/schema\/logo\/image\/"},"sameAs":["https:\/\/www.facebook.com\/Emagister\/","https:\/\/x.com\/emagister","https:\/\/www.instagram.com\/emagister\/","https:\/\/www.linkedin.com\/company\/emagister-com\/","https:\/\/www.pinterest.es\/emagister\/","https:\/\/www.youtube.com\/user\/emagister\/","https:\/\/es.wikipedia.org\/wiki\/Emagister"]},{"@type":"Person","@id":"https:\/\/www.emagister.com\/blog\/#\/schema\/person\/4d8edf63d9f145c30664346e39a094bb","name":"N\u00faria Navarro","image":{"@type":"ImageObject","inLanguage":"es","@id":"https:\/\/www.emagister.com\/blog\/#\/schema\/person\/image\/","url":"https:\/\/secure.gravatar.com\/avatar\/8013916947664581d55f25ed2111b4e9e2ac332285d8f991fdbe6ccabf7cafa2?s=96&r=g","contentUrl":"https:\/\/secure.gravatar.com\/avatar\/8013916947664581d55f25ed2111b4e9e2ac332285d8f991fdbe6ccabf7cafa2?s=96&r=g","caption":"N\u00faria Navarro"},"description":"Publicitaria. M\u00e1ster en Comunicaci\u00f3n Corporativa e Institucional. Formadora de competencias b\u00e1sicas en inform\u00e1tica y comunicaci\u00f3n 2.0 para padres y madres. Me apasionan las Artes, la creatividad y todo lo relacionado con la comunicaci\u00f3n. Ense\u00f1ar y aprender cuando ense\u00f1o es uno de mis objetivos vocacionales que voy consiguiendo d\u00eda a d\u00eda.","url":"https:\/\/www.emagister.com\/blog\/author\/nuria\/"}]}},"_links":{"self":[{"href":"https:\/\/www.emagister.com\/blog\/wp-json\/wp\/v2\/posts\/14658","targetHints":{"allow":["GET"]}}],"collection":[{"href":"https:\/\/www.emagister.com\/blog\/wp-json\/wp\/v2\/posts"}],"about":[{"href":"https:\/\/www.emagister.com\/blog\/wp-json\/wp\/v2\/types\/post"}],"author":[{"embeddable":true,"href":"https:\/\/www.emagister.com\/blog\/wp-json\/wp\/v2\/users\/116"}],"replies":[{"embeddable":true,"href":"https:\/\/www.emagister.com\/blog\/wp-json\/wp\/v2\/comments?post=14658"}],"version-history":[{"count":1,"href":"https:\/\/www.emagister.com\/blog\/wp-json\/wp\/v2\/posts\/14658\/revisions"}],"predecessor-version":[{"id":163456,"href":"https:\/\/www.emagister.com\/blog\/wp-json\/wp\/v2\/posts\/14658\/revisions\/163456"}],"wp:featuredmedia":[{"embeddable":true,"href":"https:\/\/www.emagister.com\/blog\/wp-json\/wp\/v2\/media\/163455"}],"wp:attachment":[{"href":"https:\/\/www.emagister.com\/blog\/wp-json\/wp\/v2\/media?parent=14658"}],"wp:term":[{"taxonomy":"category","embeddable":true,"href":"https:\/\/www.emagister.com\/blog\/wp-json\/wp\/v2\/categories?post=14658"},{"taxonomy":"post_tag","embeddable":true,"href":"https:\/\/www.emagister.com\/blog\/wp-json\/wp\/v2\/tags?post=14658"}],"curies":[{"name":"wp","href":"https:\/\/api.w.org\/{rel}","templated":true}]}}