{"id":147667,"date":"2022-07-08T12:43:58","date_gmt":"2022-07-08T10:43:58","guid":{"rendered":"https:\/\/www.emagister.com\/blog\/?p=147667"},"modified":"2022-07-08T12:44:01","modified_gmt":"2022-07-08T10:44:01","slug":"becas-cam-22-23-ceac-fp-oficial-nos-informa-sobre-las-novedades","status":"publish","type":"post","link":"https:\/\/www.emagister.com\/blog\/becas-cam-22-23-ceac-fp-oficial-nos-informa-sobre-las-novedades\/","title":{"rendered":"Becas CAM 22-23: CEAC FP Oficial nos informa sobre las novedades"},"content":{"rendered":"\n<p>La <strong>Comunidad de Madrid<\/strong> abri\u00f3 ayer 7 de julio el plazo para la solicitud de las<strong> becas para FP y bachillerato<\/strong>.\u00a0<\/p>\n\n\n\n<p>Estas ayudas van dirigidas a los <strong>estudiantes de FP de la Comunidad de Madrid<\/strong> en centros privados como <strong>CEAC FP Oficial<\/strong>.\u00a0<\/p>\n\n\n\n<h2 class=\"wp-block-heading\" id=\"h-cuales-son-las-novedades-para-este-curso-2022-2023\">\u00bfCu\u00e1les son las novedades para este curso 2022-2023?\u00a0<\/h2>\n\n\n\n<p>?<strong> Becas para cursar FP de Grado Medio: <\/strong>Este a\u00f1o tambi\u00e9n podr\u00e1n solicitar la beca los alumnos con inter\u00e9s en cursar un ciclo formativo de grado medio en Madrid.&nbsp;<\/p>\n\n\n\n<div class=\"wp-block-image\"><figure class=\"alignright size-full\"><a href=\"https:\/\/www.emagister.com\/centro-estudios-ceac-cursos-282-centrodetalles.htm\"><img loading=\"lazy\" decoding=\"async\" width=\"220\" height=\"147\" src=\"https:\/\/www.emagister.com\/blog\/wp-content\/uploads\/2022\/03\/m-27.png\" alt=\"\" class=\"wp-image-141888\" srcset=\"https:\/\/www.emagister.com\/blog\/wp-content\/uploads\/2022\/03\/m-27.png 220w, https:\/\/www.emagister.com\/blog\/wp-content\/uploads\/2022\/03\/m-27-80x53.png 80w\" sizes=\"auto, (max-width: 220px) 100vw, 220px\" \/><\/a><\/figure><\/div>\n\n\n\n<p>? <strong>Mayor dotaci\u00f3n presupuestaria respecto al curso anterior:<\/strong> La Comunidad de Madrid cuenta con un presupuesto de 30,5 millones para becas. Esto supone un incremento de m\u00e1s de la mitad respecto al a\u00f1o anterior.&nbsp;<\/p>\n\n\n\n<p>? <strong>Subida de la renta per c\u00e1pita<\/strong> hasta 35.000<\/p>\n\n\n\n<p>El plazo para la solicitud de esta beca es <strong>del 7 al 28 de julio<\/strong>.\u00a0<\/p>\n\n\n\n<h2 class=\"wp-block-heading\" id=\"h-estudiar-en-ceac-fp-oficial-con-las-becas-cam\">Estudiar en CEAC FP Oficial con las becas CAM<\/h2>\n\n\n\n<p>El a\u00f1o pasado, <strong>25.000 alumnos<\/strong>, no lograron obtener una plaza en un centro p\u00fablico.\u00a0<\/p>\n\n\n\n<p><strong>CEAC Formaci\u00f3n Profesional Oficial<\/strong> nace para ofrecer<strong> FP reglada<\/strong>, es decir, un t\u00edtulo <strong>100% oficial<\/strong>.\u00a0<\/p>\n\n\n\n<p>La finalidad de <strong>CEAC<\/strong> en este sentido es ofrecer una formaci\u00f3n de calidad enfocada al empleo, que conecte a los j\u00f3venes con su futuro laboral: <strong>Presencial, oficial y orientada a la pr\u00e1ctica<\/strong>. Usando su metodolog\u00eda: <em>learning by doing<\/em>.<\/p>\n\n\n\n<p><strong>CEAC <\/strong>ofrece <strong>16 titulaciones de FP <\/strong>de las familias profesionales:<strong> Sanidad, inform\u00e1tica y comunicaciones, servicios socioculturales y a la comunidad, Imagen y sonido y administraci\u00f3n y gesti\u00f3n<\/strong>, en su instituto de Madrid de m\u00e1s de 6.000m equipados con la tecnolog\u00eda m\u00e1s puntera.\u00a0 \u00bfQuieres que te ayudemos a solicitar tu beca para FP? \u00a1Contacta con nosotros!<\/p>\n","protected":false},"excerpt":{"rendered":"<p>La Comunidad de Madrid abri\u00f3 ayer 7 de julio el plazo para la solicitud de las becas para FP y &#8230; <a title=\"Becas CAM 22-23: CEAC FP Oficial nos informa sobre las novedades\" class=\"read-more\" href=\"https:\/\/www.emagister.com\/blog\/becas-cam-22-23-ceac-fp-oficial-nos-informa-sobre-las-novedades\/\" aria-label=\"M\u00e1s en Becas CAM 22-23: CEAC FP Oficial nos informa sobre las novedades\">Leer m\u00e1s<\/a><\/p>\n","protected":false},"author":285,"featured_media":147668,"comment_status":"open","ping_status":"closed","sticky":false,"template":"","format":"standard","meta":{"_acf_changed":false,"inline_featured_image":false,"footnotes":""},"categories":[785],"tags":[2832,3265,4934,9516,10141],"class_list":["post-147667","post","type-post","status-publish","format-standard","has-post-thumbnail","hentry","category-nuestros-clientes","tag-noticias-de-centros-de-formacion","tag-centros-de-formacion","tag-ceac-centro-de-estudios","tag-9516","tag-noticiaselpais","generate-columns","tablet-grid-50","mobile-grid-100","grid-parent","grid-25"],"acf":{"mostrar_faldon":"-1","texto_faldon":"Descubre toda la oferta formativa del centro de estudios CEAC","link_faldon":"https:\/\/www.emagister.com\/cursos-ceac-cen-282.htm","link_texto_faldon":"Ver cursos","hreflang":[{"url":""}],"estilo_titulo":"","fecha":"no","noticiasElPais":{"custom_snippet_image":false,"custom_snippet_title":"","custom_snippet_description":""},"noticiasLaVanguardia":{"custom_snippet_image":false,"custom_snippet_title":"","custom_snippet_description":""}},"yoast_head":"<!-- This site is optimized with the Yoast SEO Premium plugin v18.1 (Yoast SEO v27.0) - https:\/\/yoast.com\/product\/yoast-seo-premium-wordpress\/ -->\n<title>Becas CAM 22-23: CEAC FP Oficial nos informa sobre las novedades - Blog Emagister<\/title>\n<meta name=\"robots\" content=\"index, follow\" \/>\n<link rel=\"canonical\" href=\"https:\/\/www.emagister.com\/blog\/becas-cam-22-23-ceac-fp-oficial-nos-informa-sobre-las-novedades\/\" \/>\n<meta property=\"og:locale\" content=\"es_ES\" \/>\n<meta property=\"og:type\" content=\"article\" \/>\n<meta property=\"og:title\" content=\"Becas CAM 22-23: CEAC FP Oficial nos informa sobre las novedades\" \/>\n<meta property=\"og:description\" content=\"La Comunidad de Madrid abri\u00f3 ayer 7 de julio el plazo para la solicitud de las becas para FP y ... Leer m\u00e1s\" \/>\n<meta property=\"og:url\" content=\"https:\/\/www.emagister.com\/blog\/becas-cam-22-23-ceac-fp-oficial-nos-informa-sobre-las-novedades\/\" \/>\n<meta property=\"og:site_name\" content=\"Blog Emagister\" \/>\n<meta property=\"article:publisher\" content=\"https:\/\/www.facebook.com\/Emagister\/\" \/>\n<meta property=\"article:published_time\" content=\"2022-07-08T10:43:58+00:00\" \/>\n<meta property=\"article:modified_time\" content=\"2022-07-08T10:44:01+00:00\" \/>\n<meta property=\"og:image\" content=\"https:\/\/www.emagister.com\/blog\/wp-content\/uploads\/2022\/07\/GettyImages-1334063560.jpg\" \/>\n\t<meta property=\"og:image:width\" content=\"2121\" \/>\n\t<meta property=\"og:image:height\" content=\"1414\" \/>\n\t<meta property=\"og:image:type\" content=\"image\/jpeg\" \/>\n<meta name=\"author\" content=\"Blog Emagister\" \/>\n<meta name=\"twitter:card\" content=\"summary_large_image\" \/>\n<meta name=\"twitter:creator\" content=\"@emagister\" \/>\n<meta name=\"twitter:site\" content=\"@emagister\" \/>\n<meta name=\"twitter:label1\" content=\"Escrito por\" \/>\n\t<meta name=\"twitter:data1\" content=\"Blog Emagister\" \/>\n\t<meta name=\"twitter:label2\" content=\"Tiempo de lectura\" \/>\n\t<meta name=\"twitter:data2\" content=\"2 minutos\" \/>\n<script type=\"application\/ld+json\" class=\"yoast-schema-graph\">{\"@context\":\"https:\/\/schema.org\",\"@graph\":[{\"@type\":\"Article\",\"@id\":\"https:\/\/www.emagister.com\/blog\/becas-cam-22-23-ceac-fp-oficial-nos-informa-sobre-las-novedades\/#article\",\"isPartOf\":{\"@id\":\"https:\/\/www.emagister.com\/blog\/becas-cam-22-23-ceac-fp-oficial-nos-informa-sobre-las-novedades\/\"},\"author\":{\"name\":\"Blog Emagister\",\"@id\":\"https:\/\/www.emagister.com\/blog\/#\/schema\/person\/776af158d79a20bccf84defca072a501\"},\"headline\":\"Becas CAM 22-23: CEAC FP Oficial nos informa sobre las novedades\",\"datePublished\":\"2022-07-08T10:43:58+00:00\",\"dateModified\":\"2022-07-08T10:44:01+00:00\",\"mainEntityOfPage\":{\"@id\":\"https:\/\/www.emagister.com\/blog\/becas-cam-22-23-ceac-fp-oficial-nos-informa-sobre-las-novedades\/\"},\"wordCount\":293,\"commentCount\":0,\"publisher\":{\"@id\":\"https:\/\/www.emagister.com\/blog\/#organization\"},\"image\":{\"@id\":\"https:\/\/www.emagister.com\/blog\/becas-cam-22-23-ceac-fp-oficial-nos-informa-sobre-las-novedades\/#primaryimage\"},\"thumbnailUrl\":\"https:\/\/www.emagister.com\/blog\/wp-content\/uploads\/2022\/07\/GettyImages-1334063560.jpg\",\"keywords\":[\"Noticias de centros de formaci\u00f3n\",\"Centros de formaci\u00f3n\",\"CEAC Centro de Estudios\",\"57288010012953505150666653574570\",\"noticiasElPais\"],\"articleSection\":[\"Nuestros clientes\"],\"inLanguage\":\"es\",\"potentialAction\":[{\"@type\":\"CommentAction\",\"name\":\"Comment\",\"target\":[\"https:\/\/www.emagister.com\/blog\/becas-cam-22-23-ceac-fp-oficial-nos-informa-sobre-las-novedades\/#respond\"]}]},{\"@type\":\"WebPage\",\"@id\":\"https:\/\/www.emagister.com\/blog\/becas-cam-22-23-ceac-fp-oficial-nos-informa-sobre-las-novedades\/\",\"url\":\"https:\/\/www.emagister.com\/blog\/becas-cam-22-23-ceac-fp-oficial-nos-informa-sobre-las-novedades\/\",\"name\":\"Becas CAM 22-23: CEAC FP Oficial nos informa sobre las novedades - Blog Emagister\",\"isPartOf\":{\"@id\":\"https:\/\/www.emagister.com\/blog\/#website\"},\"primaryImageOfPage\":{\"@id\":\"https:\/\/www.emagister.com\/blog\/becas-cam-22-23-ceac-fp-oficial-nos-informa-sobre-las-novedades\/#primaryimage\"},\"image\":{\"@id\":\"https:\/\/www.emagister.com\/blog\/becas-cam-22-23-ceac-fp-oficial-nos-informa-sobre-las-novedades\/#primaryimage\"},\"thumbnailUrl\":\"https:\/\/www.emagister.com\/blog\/wp-content\/uploads\/2022\/07\/GettyImages-1334063560.jpg\",\"datePublished\":\"2022-07-08T10:43:58+00:00\",\"dateModified\":\"2022-07-08T10:44:01+00:00\",\"breadcrumb\":{\"@id\":\"https:\/\/www.emagister.com\/blog\/becas-cam-22-23-ceac-fp-oficial-nos-informa-sobre-las-novedades\/#breadcrumb\"},\"inLanguage\":\"es\",\"potentialAction\":[{\"@type\":\"ReadAction\",\"target\":[\"https:\/\/www.emagister.com\/blog\/becas-cam-22-23-ceac-fp-oficial-nos-informa-sobre-las-novedades\/\"]}]},{\"@type\":\"ImageObject\",\"inLanguage\":\"es\",\"@id\":\"https:\/\/www.emagister.com\/blog\/becas-cam-22-23-ceac-fp-oficial-nos-informa-sobre-las-novedades\/#primaryimage\",\"url\":\"https:\/\/www.emagister.com\/blog\/wp-content\/uploads\/2022\/07\/GettyImages-1334063560.jpg\",\"contentUrl\":\"https:\/\/www.emagister.com\/blog\/wp-content\/uploads\/2022\/07\/GettyImages-1334063560.jpg\",\"width\":2121,\"height\":1414},{\"@type\":\"BreadcrumbList\",\"@id\":\"https:\/\/www.emagister.com\/blog\/becas-cam-22-23-ceac-fp-oficial-nos-informa-sobre-las-novedades\/#breadcrumb\",\"itemListElement\":[{\"@type\":\"ListItem\",\"position\":1,\"name\":\"Blog Emagister\",\"item\":\"https:\/\/www.emagister.com\/blog\/\"},{\"@type\":\"ListItem\",\"position\":2,\"name\":\"Nuestros clientes\",\"item\":\"https:\/\/www.emagister.com\/blog\/nuestros-clientes\/\"},{\"@type\":\"ListItem\",\"position\":3,\"name\":\"Becas CAM 22-23: CEAC FP Oficial nos informa sobre las novedades\"}]},{\"@type\":\"WebSite\",\"@id\":\"https:\/\/www.emagister.com\/blog\/#website\",\"url\":\"https:\/\/www.emagister.com\/blog\/\",\"name\":\"Blog Emagister\",\"description\":\"Gu\u00eda de orientaci\u00f3n sobre estudios y tendencias de formaci\u00f3n\",\"publisher\":{\"@id\":\"https:\/\/www.emagister.com\/blog\/#organization\"},\"potentialAction\":[{\"@type\":\"SearchAction\",\"target\":{\"@type\":\"EntryPoint\",\"urlTemplate\":\"https:\/\/www.emagister.com\/blog\/?s={search_term_string}\"},\"query-input\":{\"@type\":\"PropertyValueSpecification\",\"valueRequired\":true,\"valueName\":\"search_term_string\"}}],\"inLanguage\":\"es\"},{\"@type\":\"Organization\",\"@id\":\"https:\/\/www.emagister.com\/blog\/#organization\",\"name\":\"Emagister\",\"url\":\"https:\/\/www.emagister.com\/blog\/\",\"logo\":{\"@type\":\"ImageObject\",\"inLanguage\":\"es\",\"@id\":\"https:\/\/www.emagister.com\/blog\/#\/schema\/logo\/image\/\",\"url\":\"https:\/\/www.emagister.com\/blog\/wp-content\/uploads\/2017\/02\/photo.png\",\"contentUrl\":\"https:\/\/www.emagister.com\/blog\/wp-content\/uploads\/2017\/02\/photo.png\",\"width\":120,\"height\":120,\"caption\":\"Emagister\"},\"image\":{\"@id\":\"https:\/\/www.emagister.com\/blog\/#\/schema\/logo\/image\/\"},\"sameAs\":[\"https:\/\/www.facebook.com\/Emagister\/\",\"https:\/\/x.com\/emagister\",\"https:\/\/www.instagram.com\/emagister\/\",\"https:\/\/www.linkedin.com\/company\/emagister-com\/\",\"https:\/\/www.pinterest.es\/emagister\/\",\"https:\/\/www.youtube.com\/user\/emagister\/\",\"https:\/\/es.wikipedia.org\/wiki\/Emagister\"]},{\"@type\":\"Person\",\"@id\":\"https:\/\/www.emagister.com\/blog\/#\/schema\/person\/776af158d79a20bccf84defca072a501\",\"name\":\"Blog Emagister\",\"image\":{\"@type\":\"ImageObject\",\"inLanguage\":\"es\",\"@id\":\"https:\/\/www.emagister.com\/blog\/#\/schema\/person\/image\/\",\"url\":\"https:\/\/secure.gravatar.com\/avatar\/44dc9fc526e06eb47a16c88f9b66a081ab656cfa8d8ad442778aa78886bdaff1?s=96&r=g\",\"contentUrl\":\"https:\/\/secure.gravatar.com\/avatar\/44dc9fc526e06eb47a16c88f9b66a081ab656cfa8d8ad442778aa78886bdaff1?s=96&r=g\",\"caption\":\"Blog Emagister\"},\"url\":\"https:\/\/www.emagister.com\/blog\/author\/blog-emagister\/\"}]}<\/script>\n<!-- \/ Yoast SEO Premium plugin. -->","yoast_head_json":{"title":"Becas CAM 22-23: CEAC FP Oficial nos informa sobre las novedades - Blog Emagister","robots":{"index":"index","follow":"follow"},"canonical":"https:\/\/www.emagister.com\/blog\/becas-cam-22-23-ceac-fp-oficial-nos-informa-sobre-las-novedades\/","og_locale":"es_ES","og_type":"article","og_title":"Becas CAM 22-23: CEAC FP Oficial nos informa sobre las novedades","og_description":"La Comunidad de Madrid abri\u00f3 ayer 7 de julio el plazo para la solicitud de las becas para FP y ... Leer m\u00e1s","og_url":"https:\/\/www.emagister.com\/blog\/becas-cam-22-23-ceac-fp-oficial-nos-informa-sobre-las-novedades\/","og_site_name":"Blog Emagister","article_publisher":"https:\/\/www.facebook.com\/Emagister\/","article_published_time":"2022-07-08T10:43:58+00:00","article_modified_time":"2022-07-08T10:44:01+00:00","og_image":[{"width":2121,"height":1414,"url":"https:\/\/www.emagister.com\/blog\/wp-content\/uploads\/2022\/07\/GettyImages-1334063560.jpg","type":"image\/jpeg"}],"author":"Blog Emagister","twitter_card":"summary_large_image","twitter_creator":"@emagister","twitter_site":"@emagister","twitter_misc":{"Escrito por":"Blog Emagister","Tiempo de lectura":"2 minutos"},"schema":{"@context":"https:\/\/schema.org","@graph":[{"@type":"Article","@id":"https:\/\/www.emagister.com\/blog\/becas-cam-22-23-ceac-fp-oficial-nos-informa-sobre-las-novedades\/#article","isPartOf":{"@id":"https:\/\/www.emagister.com\/blog\/becas-cam-22-23-ceac-fp-oficial-nos-informa-sobre-las-novedades\/"},"author":{"name":"Blog Emagister","@id":"https:\/\/www.emagister.com\/blog\/#\/schema\/person\/776af158d79a20bccf84defca072a501"},"headline":"Becas CAM 22-23: CEAC FP Oficial nos informa sobre las novedades","datePublished":"2022-07-08T10:43:58+00:00","dateModified":"2022-07-08T10:44:01+00:00","mainEntityOfPage":{"@id":"https:\/\/www.emagister.com\/blog\/becas-cam-22-23-ceac-fp-oficial-nos-informa-sobre-las-novedades\/"},"wordCount":293,"commentCount":0,"publisher":{"@id":"https:\/\/www.emagister.com\/blog\/#organization"},"image":{"@id":"https:\/\/www.emagister.com\/blog\/becas-cam-22-23-ceac-fp-oficial-nos-informa-sobre-las-novedades\/#primaryimage"},"thumbnailUrl":"https:\/\/www.emagister.com\/blog\/wp-content\/uploads\/2022\/07\/GettyImages-1334063560.jpg","keywords":["Noticias de centros de formaci\u00f3n","Centros de formaci\u00f3n","CEAC Centro de Estudios","57288010012953505150666653574570","noticiasElPais"],"articleSection":["Nuestros clientes"],"inLanguage":"es","potentialAction":[{"@type":"CommentAction","name":"Comment","target":["https:\/\/www.emagister.com\/blog\/becas-cam-22-23-ceac-fp-oficial-nos-informa-sobre-las-novedades\/#respond"]}]},{"@type":"WebPage","@id":"https:\/\/www.emagister.com\/blog\/becas-cam-22-23-ceac-fp-oficial-nos-informa-sobre-las-novedades\/","url":"https:\/\/www.emagister.com\/blog\/becas-cam-22-23-ceac-fp-oficial-nos-informa-sobre-las-novedades\/","name":"Becas CAM 22-23: CEAC FP Oficial nos informa sobre las novedades - Blog Emagister","isPartOf":{"@id":"https:\/\/www.emagister.com\/blog\/#website"},"primaryImageOfPage":{"@id":"https:\/\/www.emagister.com\/blog\/becas-cam-22-23-ceac-fp-oficial-nos-informa-sobre-las-novedades\/#primaryimage"},"image":{"@id":"https:\/\/www.emagister.com\/blog\/becas-cam-22-23-ceac-fp-oficial-nos-informa-sobre-las-novedades\/#primaryimage"},"thumbnailUrl":"https:\/\/www.emagister.com\/blog\/wp-content\/uploads\/2022\/07\/GettyImages-1334063560.jpg","datePublished":"2022-07-08T10:43:58+00:00","dateModified":"2022-07-08T10:44:01+00:00","breadcrumb":{"@id":"https:\/\/www.emagister.com\/blog\/becas-cam-22-23-ceac-fp-oficial-nos-informa-sobre-las-novedades\/#breadcrumb"},"inLanguage":"es","potentialAction":[{"@type":"ReadAction","target":["https:\/\/www.emagister.com\/blog\/becas-cam-22-23-ceac-fp-oficial-nos-informa-sobre-las-novedades\/"]}]},{"@type":"ImageObject","inLanguage":"es","@id":"https:\/\/www.emagister.com\/blog\/becas-cam-22-23-ceac-fp-oficial-nos-informa-sobre-las-novedades\/#primaryimage","url":"https:\/\/www.emagister.com\/blog\/wp-content\/uploads\/2022\/07\/GettyImages-1334063560.jpg","contentUrl":"https:\/\/www.emagister.com\/blog\/wp-content\/uploads\/2022\/07\/GettyImages-1334063560.jpg","width":2121,"height":1414},{"@type":"BreadcrumbList","@id":"https:\/\/www.emagister.com\/blog\/becas-cam-22-23-ceac-fp-oficial-nos-informa-sobre-las-novedades\/#breadcrumb","itemListElement":[{"@type":"ListItem","position":1,"name":"Blog Emagister","item":"https:\/\/www.emagister.com\/blog\/"},{"@type":"ListItem","position":2,"name":"Nuestros clientes","item":"https:\/\/www.emagister.com\/blog\/nuestros-clientes\/"},{"@type":"ListItem","position":3,"name":"Becas CAM 22-23: CEAC FP Oficial nos informa sobre las novedades"}]},{"@type":"WebSite","@id":"https:\/\/www.emagister.com\/blog\/#website","url":"https:\/\/www.emagister.com\/blog\/","name":"Blog Emagister","description":"Gu\u00eda de orientaci\u00f3n sobre estudios y tendencias de formaci\u00f3n","publisher":{"@id":"https:\/\/www.emagister.com\/blog\/#organization"},"potentialAction":[{"@type":"SearchAction","target":{"@type":"EntryPoint","urlTemplate":"https:\/\/www.emagister.com\/blog\/?s={search_term_string}"},"query-input":{"@type":"PropertyValueSpecification","valueRequired":true,"valueName":"search_term_string"}}],"inLanguage":"es"},{"@type":"Organization","@id":"https:\/\/www.emagister.com\/blog\/#organization","name":"Emagister","url":"https:\/\/www.emagister.com\/blog\/","logo":{"@type":"ImageObject","inLanguage":"es","@id":"https:\/\/www.emagister.com\/blog\/#\/schema\/logo\/image\/","url":"https:\/\/www.emagister.com\/blog\/wp-content\/uploads\/2017\/02\/photo.png","contentUrl":"https:\/\/www.emagister.com\/blog\/wp-content\/uploads\/2017\/02\/photo.png","width":120,"height":120,"caption":"Emagister"},"image":{"@id":"https:\/\/www.emagister.com\/blog\/#\/schema\/logo\/image\/"},"sameAs":["https:\/\/www.facebook.com\/Emagister\/","https:\/\/x.com\/emagister","https:\/\/www.instagram.com\/emagister\/","https:\/\/www.linkedin.com\/company\/emagister-com\/","https:\/\/www.pinterest.es\/emagister\/","https:\/\/www.youtube.com\/user\/emagister\/","https:\/\/es.wikipedia.org\/wiki\/Emagister"]},{"@type":"Person","@id":"https:\/\/www.emagister.com\/blog\/#\/schema\/person\/776af158d79a20bccf84defca072a501","name":"Blog Emagister","image":{"@type":"ImageObject","inLanguage":"es","@id":"https:\/\/www.emagister.com\/blog\/#\/schema\/person\/image\/","url":"https:\/\/secure.gravatar.com\/avatar\/44dc9fc526e06eb47a16c88f9b66a081ab656cfa8d8ad442778aa78886bdaff1?s=96&r=g","contentUrl":"https:\/\/secure.gravatar.com\/avatar\/44dc9fc526e06eb47a16c88f9b66a081ab656cfa8d8ad442778aa78886bdaff1?s=96&r=g","caption":"Blog Emagister"},"url":"https:\/\/www.emagister.com\/blog\/author\/blog-emagister\/"}]}},"_links":{"self":[{"href":"https:\/\/www.emagister.com\/blog\/wp-json\/wp\/v2\/posts\/147667","targetHints":{"allow":["GET"]}}],"collection":[{"href":"https:\/\/www.emagister.com\/blog\/wp-json\/wp\/v2\/posts"}],"about":[{"href":"https:\/\/www.emagister.com\/blog\/wp-json\/wp\/v2\/types\/post"}],"author":[{"embeddable":true,"href":"https:\/\/www.emagister.com\/blog\/wp-json\/wp\/v2\/users\/285"}],"replies":[{"embeddable":true,"href":"https:\/\/www.emagister.com\/blog\/wp-json\/wp\/v2\/comments?post=147667"}],"version-history":[{"count":3,"href":"https:\/\/www.emagister.com\/blog\/wp-json\/wp\/v2\/posts\/147667\/revisions"}],"predecessor-version":[{"id":147671,"href":"https:\/\/www.emagister.com\/blog\/wp-json\/wp\/v2\/posts\/147667\/revisions\/147671"}],"wp:featuredmedia":[{"embeddable":true,"href":"https:\/\/www.emagister.com\/blog\/wp-json\/wp\/v2\/media\/147668"}],"wp:attachment":[{"href":"https:\/\/www.emagister.com\/blog\/wp-json\/wp\/v2\/media?parent=147667"}],"wp:term":[{"taxonomy":"category","embeddable":true,"href":"https:\/\/www.emagister.com\/blog\/wp-json\/wp\/v2\/categories?post=147667"},{"taxonomy":"post_tag","embeddable":true,"href":"https:\/\/www.emagister.com\/blog\/wp-json\/wp\/v2\/tags?post=147667"}],"curies":[{"name":"wp","href":"https:\/\/api.w.org\/{rel}","templated":true}]}}