{"id":152044,"date":"2022-12-15T08:58:05","date_gmt":"2022-12-15T07:58:05","guid":{"rendered":"https:\/\/www.emagister.com\/blog\/?p=152044"},"modified":"2022-12-15T08:58:06","modified_gmt":"2022-12-15T07:58:06","slug":"salud-y-tecnologia-fueron-las-categorias-de-formacion-que-mas-crecieron-en-2022","status":"publish","type":"post","link":"https:\/\/www.emagister.com\/blog\/salud-y-tecnologia-fueron-las-categorias-de-formacion-que-mas-crecieron-en-2022\/","title":{"rendered":"Salud y Tecnolog\u00eda fueron las categor\u00edas de formaci\u00f3n que m\u00e1s crecieron en 2022&nbsp;"},"content":{"rendered":"\n<p>La curva de crecimiento en la demanda por l<strong>a Formaci\u00f3n\u00a0 Profesional (FP) <\/strong>aument\u00f3 un 16% este a\u00f1o frente al 2021, gracias a la<strong> alta empleabilidad\u00a0<\/strong>que obtienen en el mercado laboral los perfiles profesionales con esta titulaci\u00f3n, siendo <strong>Salud y Educaci\u00f3n <\/strong>las categor\u00edas de mayor preferencia por los espa\u00f1oles.\u00a0\u00a0<\/p>\n\n\n\n<p>De cada 100 j\u00f3venes que piden informaci\u00f3n sobre este tipo de formaci\u00f3n 28 terminan matricul\u00e1ndose en un centro para<strong> iniciar estudios de FP<\/strong>. La <strong>Formaci\u00f3n Profesional<\/strong> es el segmento de formaci\u00f3n con<strong> mayor crecimiento<\/strong> y con la tasa de matriculaci\u00f3n m\u00e1s\u00a0 alta del mercado, 28% si se compara con otros segmentos (Cursos 21%, M\u00e1steres 24% y Oposiciones 19%). Los programas de <strong>Auxiliar de Enfermer\u00eda, Farmacia y Educaci\u00f3n\u00a0Infantil <\/strong>son los m\u00e1s demandados, al igual que los cursos de <strong>T\u00e9cnico Superior en\u00a0Laboratorio Cl\u00ednico y Biom\u00e9dico, T\u00e9cnico Superior en Documentaci\u00f3n y Administraci\u00f3n\u00a0 Sanitaria y T\u00e9cnico superior en Anatom\u00eda Patol\u00f3gica y Citodiagn\u00f3stico<\/strong>.\u00a0\u00a0<\/p>\n\n\n\n<p>Estos fueron solo algunos de los datos presentado por<strong> Emagister.com<\/strong>, durante la\u00a0 celebraci\u00f3n de las <strong>VII Jornadas Profesionales<\/strong>, un evento que logra reunir cada a\u00f1o,\u00a0tanto en Madrid como en Barcelona, a directivos y responsables de marketing de <strong>m\u00e1s\u00a0de 500 centros de formaci\u00f3n, universidades y escuelas de negocio <\/strong>para abordar la<strong> visi\u00f3n\u00a0actual y proyecci\u00f3n del mercado de la formaci\u00f3n<\/strong>.\u00a0<\/p>\n\n\n\n<p>Solo en el primer semestre de 2022, <strong>30.550 estudiantes<\/strong> se hab\u00edan matriculado para\u00a0cursar una<strong> Formaci\u00f3n Profesional <\/strong>(presencial, distancia u online) relacionadas con\u00a0programas de <strong>Enfermer\u00eda, Farmacia, Educaci\u00f3n Infantil, Emergencias Sanitarias, Integraci\u00f3n Social, Administraci\u00f3n y Finanzas, Higiene bucodental, Imagen para\u00a0 Diagnostico y Medicina Nuclear, gesti\u00f3n Administrativa, Laboratorio cl\u00ednico.\u00a0\u00a0<\/strong><\/p>\n\n\n\n<blockquote class=\"wp-block-quote is-layout-flow wp-block-quote-is-layout-flow\">\n<p>El aumento en la demanda de la Formaci\u00f3n Profesional lleg\u00f3 para quedarse. La FP est\u00e1 de moda y es una clara oportunidad de crecimiento para los centros de formaci\u00f3n. <\/p>\n<cite>Ferran Ferrer, CEO de Emagister<\/cite><\/blockquote>\n\n\n\n<p>Ferrer advierte que muchos centros est\u00e1n centrando la oferta acad\u00e9mica solo en los <strong>programas de mayor demanda<\/strong>, dejando de lado los programas que este a\u00f1o han ido\u00a0conquistando espacios dentro del mercado de la formaci\u00f3n y que representan un cambio en la preferencia de los usuarios. <\/p>\n\n\n\n<blockquote class=\"wp-block-quote is-layout-flow wp-block-quote-is-layout-flow\">\n<p>Este a\u00f1o el mercado comenz\u00f3 con un decrecimiento\u00a0 generalizado. Sin embargo, a partir del tercer trimestre se ha venido recuperando,\u00a0 llegando a los niveles de 2021 en captaci\u00f3n de usuarios interesados e inscritos en\u00a0 centros de formaci\u00f3n. El sector de la formaci\u00f3n comenz\u00f3 a crecer nuevamente.<\/p>\n<cite>Ferran Ferrer, CEO de Emagister<\/cite><\/blockquote>\n\n\n\n<h2 class=\"wp-block-heading\" id=\"h-otras-preferencias-en-formacion\">Otras preferencias en formaci\u00f3n\u00a0<\/h2>\n\n\n\n<p>Los <strong>cursos de Idiomas, inform\u00e1tica y salud<\/strong> contin\u00faan siendo los m\u00e1s buscados por los\u00a0usuarios que se inclinan por la <strong>Formaci\u00f3n Subvencionada<\/strong>, mientras que los programas\u00a0 vinculados al sector industrial han registrado un leve descenso en este segmento\u00a0 durante el 2022.\u00a0<\/p>\n\n\n\n<blockquote class=\"wp-block-quote is-layout-flow wp-block-quote-is-layout-flow\">\n<p>A pesar de los cambios del mercado despu\u00e9s de la pandemia hay algunos indicadores\u00a0 que se mantienen: contin\u00faa el crecimiento sostenido de la Formaci\u00f3n Online, en grados\u00a0 (Educaci\u00f3n, Salud y Derecho son las categor\u00edas de mayor demanda) y masters oficiales\u00a0 (Educaci\u00f3n y Derecho \u2013 programas habilitadores son los m\u00e1s buscados) en los que\u00a0 domina la preferencia por la presencialidad como modo de impartici\u00f3n; aunque la\u00a0formaci\u00f3n online en este segmento contin\u00faa en crecimiento desde hace un par de a\u00f1os\u00a0 y cada vez ocupa m\u00e1s espacio en el mercado. <\/p>\n<cite>Ferran Ferrer, CEO de Emagister<\/cite><\/blockquote>\n\n\n\n<figure class=\"wp-block-image size-large\"><img loading=\"lazy\" decoding=\"async\" width=\"1707\" height=\"1280\" src=\"https:\/\/www.emagister.com\/blog\/wp-content\/uploads\/2022\/12\/Fotos-jornadas-2-1707x1280.jpg\" alt=\"\" class=\"wp-image-152058\" srcset=\"https:\/\/www.emagister.com\/blog\/wp-content\/uploads\/2022\/12\/Fotos-jornadas-2-1707x1280.jpg 1707w, https:\/\/www.emagister.com\/blog\/wp-content\/uploads\/2022\/12\/Fotos-jornadas-2-80x60.jpg 80w, https:\/\/www.emagister.com\/blog\/wp-content\/uploads\/2022\/12\/Fotos-jornadas-2-1536x1152.jpg 1536w, https:\/\/www.emagister.com\/blog\/wp-content\/uploads\/2022\/12\/Fotos-jornadas-2-2048x1536.jpg 2048w, https:\/\/www.emagister.com\/blog\/wp-content\/uploads\/2022\/12\/Fotos-jornadas-2-300x225.jpg 300w\" sizes=\"auto, (max-width: 1707px) 100vw, 1707px\" \/><\/figure>\n\n\n\n<p>En el evento, que se celebr\u00f3 como cada a\u00f1o a casa llena, representantes de <strong>Educaedu,\u00a0 Educaweb, Infoempleo, Meta, Google, UNIR, UOC, EU, UDIMA, Universidad Fco de Vitoria, EAE\u00a0 Business School, Implika, Campus Training, MasterD, Ilerna, Linkia, Ironhack,\u00a0 Domestika, Nuclio y MEDAC<\/strong> tambi\u00e9n mostraron su visi\u00f3n estrat\u00e9gica y \u00faltimas\u00a0 tendencias en captaci\u00f3n de nuevos estudiantes.<\/p>\n","protected":false},"excerpt":{"rendered":"<p>Matriculaciones en las FP aumentaron un 16% vs al 2021 por la alta empleabilidad de los  perfiles con esta titulaci\u00f3n <\/p>\n","protected":false},"author":285,"featured_media":152055,"comment_status":"open","ping_status":"closed","sticky":false,"template":"","format":"standard","meta":{"_acf_changed":false,"inline_featured_image":false,"footnotes":""},"categories":[8336],"tags":[13172,8548],"class_list":["post-152044","post","type-post","status-publish","format-standard","has-post-thumbnail","hentry","category-noticias","tag-actualidad-emagister","tag-jornadas-profesionales-emagister","generate-columns","tablet-grid-50","mobile-grid-100","grid-parent","grid-25"],"acf":{"mostrar_faldon":"-1","texto_faldon":"Descubre toda la oferta formativa de Emagister","link_faldon":"https:\/\/www.emagister.com","link_texto_faldon":"Ver cursos","hreflang":[{"url":""}],"estilo_titulo":"","fecha":"no","noticiasElPais":{"custom_snippet_image":false,"custom_snippet_title":"","custom_snippet_description":""},"noticiasLaVanguardia":{"custom_snippet_image":false,"custom_snippet_title":"","custom_snippet_description":""}},"yoast_head":"<!-- This site is optimized with the Yoast SEO Premium plugin v18.1 (Yoast SEO v27.0) - https:\/\/yoast.com\/product\/yoast-seo-premium-wordpress\/ -->\n<title>Salud y Tecnolog\u00eda fueron las categor\u00edas de formaci\u00f3n que m\u00e1s crecieron en 2022&nbsp; - Blog Emagister<\/title>\n<meta name=\"robots\" content=\"index, follow\" \/>\n<link rel=\"canonical\" href=\"https:\/\/www.emagister.com\/blog\/salud-y-tecnologia-fueron-las-categorias-de-formacion-que-mas-crecieron-en-2022\/\" \/>\n<meta property=\"og:locale\" content=\"es_ES\" \/>\n<meta property=\"og:type\" content=\"article\" \/>\n<meta property=\"og:title\" content=\"Salud y Tecnolog\u00eda fueron las categor\u00edas de formaci\u00f3n que m\u00e1s crecieron en 2022&nbsp;\" \/>\n<meta property=\"og:description\" content=\"Matriculaciones en las FP aumentaron un 16% vs al 2021 por la alta empleabilidad de los perfiles con esta titulaci\u00f3n\" \/>\n<meta property=\"og:url\" content=\"https:\/\/www.emagister.com\/blog\/salud-y-tecnologia-fueron-las-categorias-de-formacion-que-mas-crecieron-en-2022\/\" \/>\n<meta property=\"og:site_name\" content=\"Blog Emagister\" \/>\n<meta property=\"article:publisher\" content=\"https:\/\/www.facebook.com\/Emagister\/\" \/>\n<meta property=\"article:published_time\" content=\"2022-12-15T07:58:05+00:00\" \/>\n<meta property=\"article:modified_time\" content=\"2022-12-15T07:58:06+00:00\" \/>\n<meta property=\"og:image\" content=\"https:\/\/www.emagister.com\/blog\/wp-content\/uploads\/2022\/12\/Fotos-jornadas-3-scaled.jpg\" \/>\n\t<meta property=\"og:image:width\" content=\"2560\" \/>\n\t<meta property=\"og:image:height\" content=\"1920\" \/>\n\t<meta property=\"og:image:type\" content=\"image\/jpeg\" \/>\n<meta name=\"author\" content=\"Blog Emagister\" \/>\n<meta name=\"twitter:card\" content=\"summary_large_image\" \/>\n<meta name=\"twitter:creator\" content=\"@emagister\" \/>\n<meta name=\"twitter:site\" content=\"@emagister\" \/>\n<meta name=\"twitter:label1\" content=\"Escrito por\" \/>\n\t<meta name=\"twitter:data1\" content=\"Blog Emagister\" \/>\n\t<meta name=\"twitter:label2\" content=\"Tiempo de lectura\" \/>\n\t<meta name=\"twitter:data2\" content=\"3 minutos\" \/>\n<script type=\"application\/ld+json\" class=\"yoast-schema-graph\">{\"@context\":\"https:\/\/schema.org\",\"@graph\":[{\"@type\":\"Article\",\"@id\":\"https:\/\/www.emagister.com\/blog\/salud-y-tecnologia-fueron-las-categorias-de-formacion-que-mas-crecieron-en-2022\/#article\",\"isPartOf\":{\"@id\":\"https:\/\/www.emagister.com\/blog\/salud-y-tecnologia-fueron-las-categorias-de-formacion-que-mas-crecieron-en-2022\/\"},\"author\":{\"name\":\"Blog Emagister\",\"@id\":\"https:\/\/www.emagister.com\/blog\/#\/schema\/person\/776af158d79a20bccf84defca072a501\"},\"headline\":\"Salud y Tecnolog\u00eda fueron las categor\u00edas de formaci\u00f3n que m\u00e1s crecieron en 2022&nbsp;\",\"datePublished\":\"2022-12-15T07:58:05+00:00\",\"dateModified\":\"2022-12-15T07:58:06+00:00\",\"mainEntityOfPage\":{\"@id\":\"https:\/\/www.emagister.com\/blog\/salud-y-tecnologia-fueron-las-categorias-de-formacion-que-mas-crecieron-en-2022\/\"},\"wordCount\":660,\"commentCount\":0,\"publisher\":{\"@id\":\"https:\/\/www.emagister.com\/blog\/#organization\"},\"image\":{\"@id\":\"https:\/\/www.emagister.com\/blog\/salud-y-tecnologia-fueron-las-categorias-de-formacion-que-mas-crecieron-en-2022\/#primaryimage\"},\"thumbnailUrl\":\"https:\/\/www.emagister.com\/blog\/wp-content\/uploads\/2022\/12\/Fotos-jornadas-3-scaled.jpg\",\"keywords\":[\"actualidad Emagister\",\"jornadas profesionales emagister\"],\"articleSection\":[\"Actualidad Emagister\"],\"inLanguage\":\"es\",\"potentialAction\":[{\"@type\":\"CommentAction\",\"name\":\"Comment\",\"target\":[\"https:\/\/www.emagister.com\/blog\/salud-y-tecnologia-fueron-las-categorias-de-formacion-que-mas-crecieron-en-2022\/#respond\"]}]},{\"@type\":\"WebPage\",\"@id\":\"https:\/\/www.emagister.com\/blog\/salud-y-tecnologia-fueron-las-categorias-de-formacion-que-mas-crecieron-en-2022\/\",\"url\":\"https:\/\/www.emagister.com\/blog\/salud-y-tecnologia-fueron-las-categorias-de-formacion-que-mas-crecieron-en-2022\/\",\"name\":\"Salud y Tecnolog\u00eda fueron las categor\u00edas de formaci\u00f3n que m\u00e1s crecieron en 2022&nbsp; - Blog Emagister\",\"isPartOf\":{\"@id\":\"https:\/\/www.emagister.com\/blog\/#website\"},\"primaryImageOfPage\":{\"@id\":\"https:\/\/www.emagister.com\/blog\/salud-y-tecnologia-fueron-las-categorias-de-formacion-que-mas-crecieron-en-2022\/#primaryimage\"},\"image\":{\"@id\":\"https:\/\/www.emagister.com\/blog\/salud-y-tecnologia-fueron-las-categorias-de-formacion-que-mas-crecieron-en-2022\/#primaryimage\"},\"thumbnailUrl\":\"https:\/\/www.emagister.com\/blog\/wp-content\/uploads\/2022\/12\/Fotos-jornadas-3-scaled.jpg\",\"datePublished\":\"2022-12-15T07:58:05+00:00\",\"dateModified\":\"2022-12-15T07:58:06+00:00\",\"breadcrumb\":{\"@id\":\"https:\/\/www.emagister.com\/blog\/salud-y-tecnologia-fueron-las-categorias-de-formacion-que-mas-crecieron-en-2022\/#breadcrumb\"},\"inLanguage\":\"es\",\"potentialAction\":[{\"@type\":\"ReadAction\",\"target\":[\"https:\/\/www.emagister.com\/blog\/salud-y-tecnologia-fueron-las-categorias-de-formacion-que-mas-crecieron-en-2022\/\"]}]},{\"@type\":\"ImageObject\",\"inLanguage\":\"es\",\"@id\":\"https:\/\/www.emagister.com\/blog\/salud-y-tecnologia-fueron-las-categorias-de-formacion-que-mas-crecieron-en-2022\/#primaryimage\",\"url\":\"https:\/\/www.emagister.com\/blog\/wp-content\/uploads\/2022\/12\/Fotos-jornadas-3-scaled.jpg\",\"contentUrl\":\"https:\/\/www.emagister.com\/blog\/wp-content\/uploads\/2022\/12\/Fotos-jornadas-3-scaled.jpg\",\"width\":2560,\"height\":1920},{\"@type\":\"BreadcrumbList\",\"@id\":\"https:\/\/www.emagister.com\/blog\/salud-y-tecnologia-fueron-las-categorias-de-formacion-que-mas-crecieron-en-2022\/#breadcrumb\",\"itemListElement\":[{\"@type\":\"ListItem\",\"position\":1,\"name\":\"Blog Emagister\",\"item\":\"https:\/\/www.emagister.com\/blog\/\"},{\"@type\":\"ListItem\",\"position\":2,\"name\":\"Actualidad Emagister\",\"item\":\"https:\/\/www.emagister.com\/blog\/noticias\/\"},{\"@type\":\"ListItem\",\"position\":3,\"name\":\"Salud y Tecnolog\u00eda fueron las categor\u00edas de formaci\u00f3n que m\u00e1s crecieron en 2022&nbsp;\"}]},{\"@type\":\"WebSite\",\"@id\":\"https:\/\/www.emagister.com\/blog\/#website\",\"url\":\"https:\/\/www.emagister.com\/blog\/\",\"name\":\"Blog Emagister\",\"description\":\"Gu\u00eda de orientaci\u00f3n sobre estudios y tendencias de formaci\u00f3n\",\"publisher\":{\"@id\":\"https:\/\/www.emagister.com\/blog\/#organization\"},\"potentialAction\":[{\"@type\":\"SearchAction\",\"target\":{\"@type\":\"EntryPoint\",\"urlTemplate\":\"https:\/\/www.emagister.com\/blog\/?s={search_term_string}\"},\"query-input\":{\"@type\":\"PropertyValueSpecification\",\"valueRequired\":true,\"valueName\":\"search_term_string\"}}],\"inLanguage\":\"es\"},{\"@type\":\"Organization\",\"@id\":\"https:\/\/www.emagister.com\/blog\/#organization\",\"name\":\"Emagister\",\"url\":\"https:\/\/www.emagister.com\/blog\/\",\"logo\":{\"@type\":\"ImageObject\",\"inLanguage\":\"es\",\"@id\":\"https:\/\/www.emagister.com\/blog\/#\/schema\/logo\/image\/\",\"url\":\"https:\/\/www.emagister.com\/blog\/wp-content\/uploads\/2017\/02\/photo.png\",\"contentUrl\":\"https:\/\/www.emagister.com\/blog\/wp-content\/uploads\/2017\/02\/photo.png\",\"width\":120,\"height\":120,\"caption\":\"Emagister\"},\"image\":{\"@id\":\"https:\/\/www.emagister.com\/blog\/#\/schema\/logo\/image\/\"},\"sameAs\":[\"https:\/\/www.facebook.com\/Emagister\/\",\"https:\/\/x.com\/emagister\",\"https:\/\/www.instagram.com\/emagister\/\",\"https:\/\/www.linkedin.com\/company\/emagister-com\/\",\"https:\/\/www.pinterest.es\/emagister\/\",\"https:\/\/www.youtube.com\/user\/emagister\/\",\"https:\/\/es.wikipedia.org\/wiki\/Emagister\"]},{\"@type\":\"Person\",\"@id\":\"https:\/\/www.emagister.com\/blog\/#\/schema\/person\/776af158d79a20bccf84defca072a501\",\"name\":\"Blog Emagister\",\"image\":{\"@type\":\"ImageObject\",\"inLanguage\":\"es\",\"@id\":\"https:\/\/www.emagister.com\/blog\/#\/schema\/person\/image\/\",\"url\":\"https:\/\/secure.gravatar.com\/avatar\/44dc9fc526e06eb47a16c88f9b66a081ab656cfa8d8ad442778aa78886bdaff1?s=96&r=g\",\"contentUrl\":\"https:\/\/secure.gravatar.com\/avatar\/44dc9fc526e06eb47a16c88f9b66a081ab656cfa8d8ad442778aa78886bdaff1?s=96&r=g\",\"caption\":\"Blog Emagister\"},\"url\":\"https:\/\/www.emagister.com\/blog\/author\/blog-emagister\/\"}]}<\/script>\n<!-- \/ Yoast SEO Premium plugin. -->","yoast_head_json":{"title":"Salud y Tecnolog\u00eda fueron las categor\u00edas de formaci\u00f3n que m\u00e1s crecieron en 2022&nbsp; - Blog Emagister","robots":{"index":"index","follow":"follow"},"canonical":"https:\/\/www.emagister.com\/blog\/salud-y-tecnologia-fueron-las-categorias-de-formacion-que-mas-crecieron-en-2022\/","og_locale":"es_ES","og_type":"article","og_title":"Salud y Tecnolog\u00eda fueron las categor\u00edas de formaci\u00f3n que m\u00e1s crecieron en 2022&nbsp;","og_description":"Matriculaciones en las FP aumentaron un 16% vs al 2021 por la alta empleabilidad de los perfiles con esta titulaci\u00f3n","og_url":"https:\/\/www.emagister.com\/blog\/salud-y-tecnologia-fueron-las-categorias-de-formacion-que-mas-crecieron-en-2022\/","og_site_name":"Blog Emagister","article_publisher":"https:\/\/www.facebook.com\/Emagister\/","article_published_time":"2022-12-15T07:58:05+00:00","article_modified_time":"2022-12-15T07:58:06+00:00","og_image":[{"width":2560,"height":1920,"url":"https:\/\/www.emagister.com\/blog\/wp-content\/uploads\/2022\/12\/Fotos-jornadas-3-scaled.jpg","type":"image\/jpeg"}],"author":"Blog Emagister","twitter_card":"summary_large_image","twitter_creator":"@emagister","twitter_site":"@emagister","twitter_misc":{"Escrito por":"Blog Emagister","Tiempo de lectura":"3 minutos"},"schema":{"@context":"https:\/\/schema.org","@graph":[{"@type":"Article","@id":"https:\/\/www.emagister.com\/blog\/salud-y-tecnologia-fueron-las-categorias-de-formacion-que-mas-crecieron-en-2022\/#article","isPartOf":{"@id":"https:\/\/www.emagister.com\/blog\/salud-y-tecnologia-fueron-las-categorias-de-formacion-que-mas-crecieron-en-2022\/"},"author":{"name":"Blog Emagister","@id":"https:\/\/www.emagister.com\/blog\/#\/schema\/person\/776af158d79a20bccf84defca072a501"},"headline":"Salud y Tecnolog\u00eda fueron las categor\u00edas de formaci\u00f3n que m\u00e1s crecieron en 2022&nbsp;","datePublished":"2022-12-15T07:58:05+00:00","dateModified":"2022-12-15T07:58:06+00:00","mainEntityOfPage":{"@id":"https:\/\/www.emagister.com\/blog\/salud-y-tecnologia-fueron-las-categorias-de-formacion-que-mas-crecieron-en-2022\/"},"wordCount":660,"commentCount":0,"publisher":{"@id":"https:\/\/www.emagister.com\/blog\/#organization"},"image":{"@id":"https:\/\/www.emagister.com\/blog\/salud-y-tecnologia-fueron-las-categorias-de-formacion-que-mas-crecieron-en-2022\/#primaryimage"},"thumbnailUrl":"https:\/\/www.emagister.com\/blog\/wp-content\/uploads\/2022\/12\/Fotos-jornadas-3-scaled.jpg","keywords":["actualidad Emagister","jornadas profesionales emagister"],"articleSection":["Actualidad Emagister"],"inLanguage":"es","potentialAction":[{"@type":"CommentAction","name":"Comment","target":["https:\/\/www.emagister.com\/blog\/salud-y-tecnologia-fueron-las-categorias-de-formacion-que-mas-crecieron-en-2022\/#respond"]}]},{"@type":"WebPage","@id":"https:\/\/www.emagister.com\/blog\/salud-y-tecnologia-fueron-las-categorias-de-formacion-que-mas-crecieron-en-2022\/","url":"https:\/\/www.emagister.com\/blog\/salud-y-tecnologia-fueron-las-categorias-de-formacion-que-mas-crecieron-en-2022\/","name":"Salud y Tecnolog\u00eda fueron las categor\u00edas de formaci\u00f3n que m\u00e1s crecieron en 2022&nbsp; - Blog Emagister","isPartOf":{"@id":"https:\/\/www.emagister.com\/blog\/#website"},"primaryImageOfPage":{"@id":"https:\/\/www.emagister.com\/blog\/salud-y-tecnologia-fueron-las-categorias-de-formacion-que-mas-crecieron-en-2022\/#primaryimage"},"image":{"@id":"https:\/\/www.emagister.com\/blog\/salud-y-tecnologia-fueron-las-categorias-de-formacion-que-mas-crecieron-en-2022\/#primaryimage"},"thumbnailUrl":"https:\/\/www.emagister.com\/blog\/wp-content\/uploads\/2022\/12\/Fotos-jornadas-3-scaled.jpg","datePublished":"2022-12-15T07:58:05+00:00","dateModified":"2022-12-15T07:58:06+00:00","breadcrumb":{"@id":"https:\/\/www.emagister.com\/blog\/salud-y-tecnologia-fueron-las-categorias-de-formacion-que-mas-crecieron-en-2022\/#breadcrumb"},"inLanguage":"es","potentialAction":[{"@type":"ReadAction","target":["https:\/\/www.emagister.com\/blog\/salud-y-tecnologia-fueron-las-categorias-de-formacion-que-mas-crecieron-en-2022\/"]}]},{"@type":"ImageObject","inLanguage":"es","@id":"https:\/\/www.emagister.com\/blog\/salud-y-tecnologia-fueron-las-categorias-de-formacion-que-mas-crecieron-en-2022\/#primaryimage","url":"https:\/\/www.emagister.com\/blog\/wp-content\/uploads\/2022\/12\/Fotos-jornadas-3-scaled.jpg","contentUrl":"https:\/\/www.emagister.com\/blog\/wp-content\/uploads\/2022\/12\/Fotos-jornadas-3-scaled.jpg","width":2560,"height":1920},{"@type":"BreadcrumbList","@id":"https:\/\/www.emagister.com\/blog\/salud-y-tecnologia-fueron-las-categorias-de-formacion-que-mas-crecieron-en-2022\/#breadcrumb","itemListElement":[{"@type":"ListItem","position":1,"name":"Blog Emagister","item":"https:\/\/www.emagister.com\/blog\/"},{"@type":"ListItem","position":2,"name":"Actualidad Emagister","item":"https:\/\/www.emagister.com\/blog\/noticias\/"},{"@type":"ListItem","position":3,"name":"Salud y Tecnolog\u00eda fueron las categor\u00edas de formaci\u00f3n que m\u00e1s crecieron en 2022&nbsp;"}]},{"@type":"WebSite","@id":"https:\/\/www.emagister.com\/blog\/#website","url":"https:\/\/www.emagister.com\/blog\/","name":"Blog Emagister","description":"Gu\u00eda de orientaci\u00f3n sobre estudios y tendencias de formaci\u00f3n","publisher":{"@id":"https:\/\/www.emagister.com\/blog\/#organization"},"potentialAction":[{"@type":"SearchAction","target":{"@type":"EntryPoint","urlTemplate":"https:\/\/www.emagister.com\/blog\/?s={search_term_string}"},"query-input":{"@type":"PropertyValueSpecification","valueRequired":true,"valueName":"search_term_string"}}],"inLanguage":"es"},{"@type":"Organization","@id":"https:\/\/www.emagister.com\/blog\/#organization","name":"Emagister","url":"https:\/\/www.emagister.com\/blog\/","logo":{"@type":"ImageObject","inLanguage":"es","@id":"https:\/\/www.emagister.com\/blog\/#\/schema\/logo\/image\/","url":"https:\/\/www.emagister.com\/blog\/wp-content\/uploads\/2017\/02\/photo.png","contentUrl":"https:\/\/www.emagister.com\/blog\/wp-content\/uploads\/2017\/02\/photo.png","width":120,"height":120,"caption":"Emagister"},"image":{"@id":"https:\/\/www.emagister.com\/blog\/#\/schema\/logo\/image\/"},"sameAs":["https:\/\/www.facebook.com\/Emagister\/","https:\/\/x.com\/emagister","https:\/\/www.instagram.com\/emagister\/","https:\/\/www.linkedin.com\/company\/emagister-com\/","https:\/\/www.pinterest.es\/emagister\/","https:\/\/www.youtube.com\/user\/emagister\/","https:\/\/es.wikipedia.org\/wiki\/Emagister"]},{"@type":"Person","@id":"https:\/\/www.emagister.com\/blog\/#\/schema\/person\/776af158d79a20bccf84defca072a501","name":"Blog Emagister","image":{"@type":"ImageObject","inLanguage":"es","@id":"https:\/\/www.emagister.com\/blog\/#\/schema\/person\/image\/","url":"https:\/\/secure.gravatar.com\/avatar\/44dc9fc526e06eb47a16c88f9b66a081ab656cfa8d8ad442778aa78886bdaff1?s=96&r=g","contentUrl":"https:\/\/secure.gravatar.com\/avatar\/44dc9fc526e06eb47a16c88f9b66a081ab656cfa8d8ad442778aa78886bdaff1?s=96&r=g","caption":"Blog Emagister"},"url":"https:\/\/www.emagister.com\/blog\/author\/blog-emagister\/"}]}},"_links":{"self":[{"href":"https:\/\/www.emagister.com\/blog\/wp-json\/wp\/v2\/posts\/152044","targetHints":{"allow":["GET"]}}],"collection":[{"href":"https:\/\/www.emagister.com\/blog\/wp-json\/wp\/v2\/posts"}],"about":[{"href":"https:\/\/www.emagister.com\/blog\/wp-json\/wp\/v2\/types\/post"}],"author":[{"embeddable":true,"href":"https:\/\/www.emagister.com\/blog\/wp-json\/wp\/v2\/users\/285"}],"replies":[{"embeddable":true,"href":"https:\/\/www.emagister.com\/blog\/wp-json\/wp\/v2\/comments?post=152044"}],"version-history":[{"count":9,"href":"https:\/\/www.emagister.com\/blog\/wp-json\/wp\/v2\/posts\/152044\/revisions"}],"predecessor-version":[{"id":152061,"href":"https:\/\/www.emagister.com\/blog\/wp-json\/wp\/v2\/posts\/152044\/revisions\/152061"}],"wp:featuredmedia":[{"embeddable":true,"href":"https:\/\/www.emagister.com\/blog\/wp-json\/wp\/v2\/media\/152055"}],"wp:attachment":[{"href":"https:\/\/www.emagister.com\/blog\/wp-json\/wp\/v2\/media?parent=152044"}],"wp:term":[{"taxonomy":"category","embeddable":true,"href":"https:\/\/www.emagister.com\/blog\/wp-json\/wp\/v2\/categories?post=152044"},{"taxonomy":"post_tag","embeddable":true,"href":"https:\/\/www.emagister.com\/blog\/wp-json\/wp\/v2\/tags?post=152044"}],"curies":[{"name":"wp","href":"https:\/\/api.w.org\/{rel}","templated":true}]}}