{"id":154527,"date":"2023-05-05T09:55:46","date_gmt":"2023-05-05T07:55:46","guid":{"rendered":"https:\/\/www.emagister.com\/blog\/?p=154527"},"modified":"2023-05-05T09:55:46","modified_gmt":"2023-05-05T07:55:46","slug":"cuales-son-los-factores-del-gasto-calorico","status":"publish","type":"post","link":"https:\/\/www.emagister.com\/blog\/cuales-son-los-factores-del-gasto-calorico\/","title":{"rendered":"\u00bfCu\u00e1les son los factores del gasto cal\u00f3rico?"},"content":{"rendered":"\n<p>El gasto cal\u00f3rico es un factor clave en la p\u00e9rdida de peso y el mantenimiento de una vida saludable. El gasto cal\u00f3rico se refiere a la cantidad de energ\u00eda que el cuerpo utiliza para llevar a cabo sus funciones b\u00e1sicas, como la respiraci\u00f3n, la digesti\u00f3n y la circulaci\u00f3n sangu\u00ednea, as\u00ed como para realizar actividades f\u00edsicas diarias. El gasto cal\u00f3rico est\u00e1 influenciado por diversos factores, como la edad, el g\u00e9nero, la altura, el peso y la actividad f\u00edsica.\u00a0<\/p>\n\n\n<div class=\"wp-block-image\">\n<figure class=\"alignright size-full is-resized\"><img loading=\"lazy\" decoding=\"async\" src=\"https:\/\/www.emagister.com\/blog\/wp-content\/uploads\/2023\/05\/image-15.png\" alt=\"\" class=\"wp-image-154528\" width=\"252\" height=\"59\" srcset=\"https:\/\/www.emagister.com\/blog\/wp-content\/uploads\/2023\/05\/image-15.png 252w, https:\/\/www.emagister.com\/blog\/wp-content\/uploads\/2023\/05\/image-15-80x19.png 80w\" sizes=\"auto, (max-width: 252px) 100vw, 252px\" \/><\/figure>\n<\/div>\n\n\n<p>En este art\u00edculo, exploraremos los factores principales que afectan el gasto cal\u00f3rico y las diferentes formas de calcularlo para que puedas tener una mejor comprensi\u00f3n de c\u00f3mo funciona tu cuerpo y c\u00f3mo puedes utilizar esta informaci\u00f3n para alcanzar tus objetivos de salud y bienestar. Y si quieres aprender m\u00e1s del tema de manera profesional, no te pierdas la oferta formativa en nutrici\u00f3n y diet\u00e9tica del Instituto DYN.\u00a0<\/p>\n\n\n\n<p>\u00bfQu\u00e9 es el gasto cal\u00f3rico y cu\u00e1les son sus factores?<\/p>\n\n\n\n<p>El gasto cal\u00f3rico se refiere a la <strong>cantidad de energ\u00eda que el cuerpo utiliza<\/strong> para llevar a cabo sus funciones b\u00e1sicas y para realizar actividades f\u00edsicas diarias. El cuerpo quema calor\u00edas para respirar, digerir alimentos, mantener la temperatura corporal, realizar tareas diarias y hacer ejercicio. El gasto cal\u00f3rico var\u00eda seg\u00fan varios factores:<\/p>\n\n\n\n<ul class=\"wp-block-list\"><li><strong>Edad.<\/strong> El gasto cal\u00f3rico disminuye con la edad debido a la disminuci\u00f3n de la masa muscular y la actividad f\u00edsica.<\/li><li><strong>G\u00e9nero<\/strong>. Los hombres tienden a tener un gasto cal\u00f3rico mayor que las mujeres debido a su mayor masa muscular.<\/li><li><strong>Altura y peso<\/strong>. El gasto cal\u00f3rico aumenta con la altura y el peso debido a que los cuerpos m\u00e1s grandes requieren m\u00e1s energ\u00eda para funcionar.<\/li><li><strong>Actividad f\u00edsica<\/strong>. El gasto cal\u00f3rico aumenta con la actividad f\u00edsica. Cuanto m\u00e1s activa sea una persona, mayor ser\u00e1 su gasto cal\u00f3rico.<\/li><li><strong>Composici\u00f3n corporal<\/strong>. La masa muscular magra (m\u00fasculo) quema m\u00e1s calor\u00edas que la masa grasa, por lo que las personas con m\u00e1s m\u00fasculo tienden a tener un gasto cal\u00f3rico mayor.<\/li><li><strong>Gen\u00e9tica<\/strong>. La gen\u00e9tica tambi\u00e9n puede influir en el gasto cal\u00f3rico, ya que algunas personas pueden tener un metabolismo m\u00e1s r\u00e1pido que otras.<\/li><li><strong>Enfermedades y trastornos<\/strong>. Algunas enfermedades y trastornos pueden afectar el gasto cal\u00f3rico, como la hipertiroidismo o la diabetes.<\/li><\/ul>\n\n\n\n<p>\u00bfC\u00f3mo se calcula el gasto cal\u00f3rico?<\/p>\n\n\n\n<p>Existen diferentes formas de calcular el gasto cal\u00f3rico, algunas de las m\u00e1s comunes son:<\/p>\n\n\n\n<ul class=\"wp-block-list\"><li><strong>Tasa metab\u00f3lica basal (TMB):<\/strong> es la cantidad de calor\u00edas que el cuerpo necesita para realizar sus funciones b\u00e1sicas en reposo. La TMB se puede calcular utilizando ecuaciones matem\u00e1ticas que tienen en cuenta la edad, g\u00e9nero, altura y peso. Un ejemplo de ecuaci\u00f3n com\u00fanmente utilizada es la ecuaci\u00f3n de Harris-Benedict.<\/li><li><strong>Factor de actividad f\u00edsica (FAP):<\/strong> se refiere a la cantidad de calor\u00edas que se queman durante la actividad f\u00edsica diaria. Este factor puede variar seg\u00fan el nivel de actividad f\u00edsica de cada persona. Por ejemplo, una persona sedentaria tendr\u00eda un FAP menor que una persona que realiza ejercicio moderado o intenso.<\/li><\/ul>\n\n\n\n<ul class=\"wp-block-list\"><li><strong>Termog\u00e9nesis de los alimentos:<\/strong> se refiere a la cantidad de calor\u00edas que se queman durante la digesti\u00f3n y el metabolismo de los alimentos. Esta cantidad var\u00eda seg\u00fan los tipos de alimentos que se consumen.<\/li><\/ul>\n\n\n\n<ul class=\"wp-block-list\"><li><strong>Dispositivos de seguimiento de actividad:<\/strong> tambi\u00e9n existen dispositivos como los relojes inteligentes o pulseras de actividad que utilizan sensores para medir la actividad f\u00edsica diaria y estimar el gasto cal\u00f3rico.<\/li><\/ul>\n\n\n\n<p>Es importante tener en cuenta que estos c\u00e1lculos son estimaciones y pueden variar seg\u00fan cada individuo. El gasto cal\u00f3rico tambi\u00e9n puede ser influenciado por otros factores como la gen\u00e9tica, la salud y el ambiente. Por lo tanto, es importante utilizar estos c\u00e1lculos como una gu\u00eda y no como una medida precisa y exacta.<\/p>\n\n\n\n<p>\u00bfC\u00f3mo hacer un d\u00e9ficit cal\u00f3rico?<\/p>\n\n\n\n<p>Para crear un d\u00e9ficit cal\u00f3rico, se necesita consumir menos calor\u00edas de las que se queman. Hay dos formas principales de hacerlo:<\/p>\n\n\n\n<ul class=\"wp-block-list\"><li><strong>Reducir la ingesta cal\u00f3rica:<\/strong> una forma de crear un d\u00e9ficit cal\u00f3rico es reducir la cantidad de calor\u00edas que se consumen a trav\u00e9s de la alimentaci\u00f3n. Para ello, se puede disminuir el tama\u00f1o de las porciones, limitar el consumo de alimentos ricos en grasas y az\u00facares, y aumentar la ingesta de alimentos nutritivos y bajos en calor\u00edas como frutas, verduras, prote\u00ednas magras y granos enteros.<\/li><\/ul>\n\n\n\n<ul class=\"wp-block-list\"><li><strong>Aumentar el gasto cal\u00f3rico<\/strong>: otra forma de crear un d\u00e9ficit cal\u00f3rico es aumentar la cantidad de calor\u00edas que se queman a trav\u00e9s de la actividad f\u00edsica. Esto se puede lograr a trav\u00e9s del ejercicio regular y la actividad f\u00edsica diaria, como caminar, subir escaleras, hacer tareas del hogar, etc.<\/li><\/ul>\n\n\n\n<p>Es importante tener en cuenta que el objetivo es crear un d\u00e9ficit cal\u00f3rico de manera sostenible y segura para la salud. Una p\u00e9rdida de peso saludable y sostenible implica crear un d\u00e9ficit cal\u00f3rico de alrededor de 500 a 1000 calor\u00edas por d\u00eda, lo que se traduce en una p\u00e9rdida de peso de 0,5 a 1 kilogramo por semana.&nbsp;<\/p>\n\n\n\n<p>Se debe evitar crear un d\u00e9ficit demasiado grande, ya que puede tener efectos negativos en la salud y llevar a una p\u00e9rdida de masa muscular en lugar de grasa. Por lo tanto, se recomienda trabajar con un profesional de la salud o un nutricionista para crear un plan personalizado que sea adecuado para cada individuo.<\/p>\n","protected":false},"excerpt":{"rendered":"<p>El gasto cal\u00f3rico es un factor clave en la p\u00e9rdida de peso y el mantenimiento de una vida saludable. El &#8230; <a title=\"\u00bfCu\u00e1les son los factores del gasto cal\u00f3rico?\" class=\"read-more\" href=\"https:\/\/www.emagister.com\/blog\/cuales-son-los-factores-del-gasto-calorico\/\" aria-label=\"M\u00e1s en \u00bfCu\u00e1les son los factores del gasto cal\u00f3rico?\">Leer m\u00e1s<\/a><\/p>\n","protected":false},"author":285,"featured_media":154529,"comment_status":"open","ping_status":"closed","sticky":false,"template":"","format":"standard","meta":{"_acf_changed":false,"inline_featured_image":false,"footnotes":""},"categories":[785],"tags":[2832,5849,5850,12497,13179],"class_list":["post-154527","post","type-post","status-publish","format-standard","has-post-thumbnail","hentry","category-nuestros-clientes","tag-noticias-de-centros-de-formacion","tag-5849","tag-instituto-dyn","tag-ij_sector_center_99997192958079401036578245562648_127","tag-centros-de-formacion-2","generate-columns","tablet-grid-50","mobile-grid-100","grid-parent","grid-25"],"acf":{"bannerid1":"","bannerid2":"","mostrar_faldon":"-1","texto_faldon":"Descubre toda la oferta formativa de Instituto DYN ","link_faldon":"https:\/\/www.emagister.com\/cursos-instituto-dyn-cen-176987.htm?pfichas=39190&gclid=Cj0KCQjw0tKiBhC6ARIsAAOXutlqs4fTsbUuctA47yI-OFuWg8yT7YjVedqO1typwKWKvUlZ7BC4aF0aAiIJEALw_wcB","link_texto_faldon":"Ver cursos","link_button_faldon":"https:\/\/www.emagister.com\/topemagister?emagister=pf-39350-blog-faldon","noticiasElPais":{"custom_snippet_image":false,"custom_snippet_title":"","custom_snippet_description":""},"noticiasLaVanguardia":{"custom_snippet_image":false,"custom_snippet_title":"","custom_snippet_description":""},"hreflang":[{"url":""}],"estilo_titulo":"","fecha":"no"},"yoast_head":"<!-- This site is optimized with the Yoast SEO Premium plugin v18.1 (Yoast SEO v27.0) - https:\/\/yoast.com\/product\/yoast-seo-premium-wordpress\/ -->\n<title>\u00bfCu\u00e1les son los factores del gasto cal\u00f3rico? - Blog Emagister<\/title>\n<meta name=\"robots\" content=\"index, follow\" \/>\n<link rel=\"canonical\" href=\"https:\/\/www.emagister.com\/blog\/cuales-son-los-factores-del-gasto-calorico\/\" \/>\n<meta property=\"og:locale\" content=\"es_ES\" \/>\n<meta property=\"og:type\" content=\"article\" \/>\n<meta property=\"og:title\" content=\"\u00bfCu\u00e1les son los factores del gasto cal\u00f3rico?\" \/>\n<meta property=\"og:description\" content=\"El gasto cal\u00f3rico es un factor clave en la p\u00e9rdida de peso y el mantenimiento de una vida saludable. El ... Leer m\u00e1s\" \/>\n<meta property=\"og:url\" content=\"https:\/\/www.emagister.com\/blog\/cuales-son-los-factores-del-gasto-calorico\/\" \/>\n<meta property=\"og:site_name\" content=\"Blog Emagister\" \/>\n<meta property=\"article:publisher\" content=\"https:\/\/www.facebook.com\/Emagister\/\" \/>\n<meta property=\"article:published_time\" content=\"2023-05-05T07:55:46+00:00\" \/>\n<meta property=\"og:image\" content=\"https:\/\/www.emagister.com\/blog\/wp-content\/uploads\/2023\/05\/GettyImages-663845678.jpg\" \/>\n\t<meta property=\"og:image:width\" content=\"2120\" \/>\n\t<meta property=\"og:image:height\" content=\"1415\" \/>\n\t<meta property=\"og:image:type\" content=\"image\/jpeg\" \/>\n<meta name=\"author\" content=\"Blog Emagister\" \/>\n<meta name=\"twitter:card\" content=\"summary_large_image\" \/>\n<meta name=\"twitter:creator\" content=\"@emagister\" \/>\n<meta name=\"twitter:site\" content=\"@emagister\" \/>\n<meta name=\"twitter:label1\" content=\"Escrito por\" \/>\n\t<meta name=\"twitter:data1\" content=\"Blog Emagister\" \/>\n\t<meta name=\"twitter:label2\" content=\"Tiempo de lectura\" \/>\n\t<meta name=\"twitter:data2\" content=\"5 minutos\" \/>\n<script type=\"application\/ld+json\" class=\"yoast-schema-graph\">{\"@context\":\"https:\/\/schema.org\",\"@graph\":[{\"@type\":\"Article\",\"@id\":\"https:\/\/www.emagister.com\/blog\/cuales-son-los-factores-del-gasto-calorico\/#article\",\"isPartOf\":{\"@id\":\"https:\/\/www.emagister.com\/blog\/cuales-son-los-factores-del-gasto-calorico\/\"},\"author\":{\"name\":\"Blog Emagister\",\"@id\":\"https:\/\/www.emagister.com\/blog\/#\/schema\/person\/776af158d79a20bccf84defca072a501\"},\"headline\":\"\u00bfCu\u00e1les son los factores del gasto cal\u00f3rico?\",\"datePublished\":\"2023-05-05T07:55:46+00:00\",\"mainEntityOfPage\":{\"@id\":\"https:\/\/www.emagister.com\/blog\/cuales-son-los-factores-del-gasto-calorico\/\"},\"wordCount\":982,\"commentCount\":0,\"publisher\":{\"@id\":\"https:\/\/www.emagister.com\/blog\/#organization\"},\"image\":{\"@id\":\"https:\/\/www.emagister.com\/blog\/cuales-son-los-factores-del-gasto-calorico\/#primaryimage\"},\"thumbnailUrl\":\"https:\/\/www.emagister.com\/blog\/wp-content\/uploads\/2023\/05\/GettyImages-663845678.jpg\",\"keywords\":[\"Noticias de centros de formaci\u00f3n\",\"99997192958079401036578245562648\",\"INSTITUTO DYN\",\"ij_sector_center_99997192958079401036578245562648_127\",\"centros de formacion\"],\"articleSection\":[\"Nuestros clientes\"],\"inLanguage\":\"es\",\"potentialAction\":[{\"@type\":\"CommentAction\",\"name\":\"Comment\",\"target\":[\"https:\/\/www.emagister.com\/blog\/cuales-son-los-factores-del-gasto-calorico\/#respond\"]}]},{\"@type\":\"WebPage\",\"@id\":\"https:\/\/www.emagister.com\/blog\/cuales-son-los-factores-del-gasto-calorico\/\",\"url\":\"https:\/\/www.emagister.com\/blog\/cuales-son-los-factores-del-gasto-calorico\/\",\"name\":\"\u00bfCu\u00e1les son los factores del gasto cal\u00f3rico? - Blog Emagister\",\"isPartOf\":{\"@id\":\"https:\/\/www.emagister.com\/blog\/#website\"},\"primaryImageOfPage\":{\"@id\":\"https:\/\/www.emagister.com\/blog\/cuales-son-los-factores-del-gasto-calorico\/#primaryimage\"},\"image\":{\"@id\":\"https:\/\/www.emagister.com\/blog\/cuales-son-los-factores-del-gasto-calorico\/#primaryimage\"},\"thumbnailUrl\":\"https:\/\/www.emagister.com\/blog\/wp-content\/uploads\/2023\/05\/GettyImages-663845678.jpg\",\"datePublished\":\"2023-05-05T07:55:46+00:00\",\"breadcrumb\":{\"@id\":\"https:\/\/www.emagister.com\/blog\/cuales-son-los-factores-del-gasto-calorico\/#breadcrumb\"},\"inLanguage\":\"es\",\"potentialAction\":[{\"@type\":\"ReadAction\",\"target\":[\"https:\/\/www.emagister.com\/blog\/cuales-son-los-factores-del-gasto-calorico\/\"]}]},{\"@type\":\"ImageObject\",\"inLanguage\":\"es\",\"@id\":\"https:\/\/www.emagister.com\/blog\/cuales-son-los-factores-del-gasto-calorico\/#primaryimage\",\"url\":\"https:\/\/www.emagister.com\/blog\/wp-content\/uploads\/2023\/05\/GettyImages-663845678.jpg\",\"contentUrl\":\"https:\/\/www.emagister.com\/blog\/wp-content\/uploads\/2023\/05\/GettyImages-663845678.jpg\",\"width\":2120,\"height\":1415},{\"@type\":\"BreadcrumbList\",\"@id\":\"https:\/\/www.emagister.com\/blog\/cuales-son-los-factores-del-gasto-calorico\/#breadcrumb\",\"itemListElement\":[{\"@type\":\"ListItem\",\"position\":1,\"name\":\"Blog Emagister\",\"item\":\"https:\/\/www.emagister.com\/blog\/\"},{\"@type\":\"ListItem\",\"position\":2,\"name\":\"Nuestros clientes\",\"item\":\"https:\/\/www.emagister.com\/blog\/nuestros-clientes\/\"},{\"@type\":\"ListItem\",\"position\":3,\"name\":\"\u00bfCu\u00e1les son los factores del gasto cal\u00f3rico?\"}]},{\"@type\":\"WebSite\",\"@id\":\"https:\/\/www.emagister.com\/blog\/#website\",\"url\":\"https:\/\/www.emagister.com\/blog\/\",\"name\":\"Blog Emagister\",\"description\":\"Gu\u00eda de orientaci\u00f3n sobre estudios y tendencias de formaci\u00f3n\",\"publisher\":{\"@id\":\"https:\/\/www.emagister.com\/blog\/#organization\"},\"potentialAction\":[{\"@type\":\"SearchAction\",\"target\":{\"@type\":\"EntryPoint\",\"urlTemplate\":\"https:\/\/www.emagister.com\/blog\/?s={search_term_string}\"},\"query-input\":{\"@type\":\"PropertyValueSpecification\",\"valueRequired\":true,\"valueName\":\"search_term_string\"}}],\"inLanguage\":\"es\"},{\"@type\":\"Organization\",\"@id\":\"https:\/\/www.emagister.com\/blog\/#organization\",\"name\":\"Emagister\",\"url\":\"https:\/\/www.emagister.com\/blog\/\",\"logo\":{\"@type\":\"ImageObject\",\"inLanguage\":\"es\",\"@id\":\"https:\/\/www.emagister.com\/blog\/#\/schema\/logo\/image\/\",\"url\":\"https:\/\/www.emagister.com\/blog\/wp-content\/uploads\/2017\/02\/photo.png\",\"contentUrl\":\"https:\/\/www.emagister.com\/blog\/wp-content\/uploads\/2017\/02\/photo.png\",\"width\":120,\"height\":120,\"caption\":\"Emagister\"},\"image\":{\"@id\":\"https:\/\/www.emagister.com\/blog\/#\/schema\/logo\/image\/\"},\"sameAs\":[\"https:\/\/www.facebook.com\/Emagister\/\",\"https:\/\/x.com\/emagister\",\"https:\/\/www.instagram.com\/emagister\/\",\"https:\/\/www.linkedin.com\/company\/emagister-com\/\",\"https:\/\/www.pinterest.es\/emagister\/\",\"https:\/\/www.youtube.com\/user\/emagister\/\",\"https:\/\/es.wikipedia.org\/wiki\/Emagister\"]},{\"@type\":\"Person\",\"@id\":\"https:\/\/www.emagister.com\/blog\/#\/schema\/person\/776af158d79a20bccf84defca072a501\",\"name\":\"Blog Emagister\",\"image\":{\"@type\":\"ImageObject\",\"inLanguage\":\"es\",\"@id\":\"https:\/\/www.emagister.com\/blog\/#\/schema\/person\/image\/\",\"url\":\"https:\/\/secure.gravatar.com\/avatar\/44dc9fc526e06eb47a16c88f9b66a081ab656cfa8d8ad442778aa78886bdaff1?s=96&r=g\",\"contentUrl\":\"https:\/\/secure.gravatar.com\/avatar\/44dc9fc526e06eb47a16c88f9b66a081ab656cfa8d8ad442778aa78886bdaff1?s=96&r=g\",\"caption\":\"Blog Emagister\"},\"url\":\"https:\/\/www.emagister.com\/blog\/author\/blog-emagister\/\"}]}<\/script>\n<!-- \/ Yoast SEO Premium plugin. -->","yoast_head_json":{"title":"\u00bfCu\u00e1les son los factores del gasto cal\u00f3rico? - Blog Emagister","robots":{"index":"index","follow":"follow"},"canonical":"https:\/\/www.emagister.com\/blog\/cuales-son-los-factores-del-gasto-calorico\/","og_locale":"es_ES","og_type":"article","og_title":"\u00bfCu\u00e1les son los factores del gasto cal\u00f3rico?","og_description":"El gasto cal\u00f3rico es un factor clave en la p\u00e9rdida de peso y el mantenimiento de una vida saludable. El ... Leer m\u00e1s","og_url":"https:\/\/www.emagister.com\/blog\/cuales-son-los-factores-del-gasto-calorico\/","og_site_name":"Blog Emagister","article_publisher":"https:\/\/www.facebook.com\/Emagister\/","article_published_time":"2023-05-05T07:55:46+00:00","og_image":[{"width":2120,"height":1415,"url":"https:\/\/www.emagister.com\/blog\/wp-content\/uploads\/2023\/05\/GettyImages-663845678.jpg","type":"image\/jpeg"}],"author":"Blog Emagister","twitter_card":"summary_large_image","twitter_creator":"@emagister","twitter_site":"@emagister","twitter_misc":{"Escrito por":"Blog Emagister","Tiempo de lectura":"5 minutos"},"schema":{"@context":"https:\/\/schema.org","@graph":[{"@type":"Article","@id":"https:\/\/www.emagister.com\/blog\/cuales-son-los-factores-del-gasto-calorico\/#article","isPartOf":{"@id":"https:\/\/www.emagister.com\/blog\/cuales-son-los-factores-del-gasto-calorico\/"},"author":{"name":"Blog Emagister","@id":"https:\/\/www.emagister.com\/blog\/#\/schema\/person\/776af158d79a20bccf84defca072a501"},"headline":"\u00bfCu\u00e1les son los factores del gasto cal\u00f3rico?","datePublished":"2023-05-05T07:55:46+00:00","mainEntityOfPage":{"@id":"https:\/\/www.emagister.com\/blog\/cuales-son-los-factores-del-gasto-calorico\/"},"wordCount":982,"commentCount":0,"publisher":{"@id":"https:\/\/www.emagister.com\/blog\/#organization"},"image":{"@id":"https:\/\/www.emagister.com\/blog\/cuales-son-los-factores-del-gasto-calorico\/#primaryimage"},"thumbnailUrl":"https:\/\/www.emagister.com\/blog\/wp-content\/uploads\/2023\/05\/GettyImages-663845678.jpg","keywords":["Noticias de centros de formaci\u00f3n","99997192958079401036578245562648","INSTITUTO DYN","ij_sector_center_99997192958079401036578245562648_127","centros de formacion"],"articleSection":["Nuestros clientes"],"inLanguage":"es","potentialAction":[{"@type":"CommentAction","name":"Comment","target":["https:\/\/www.emagister.com\/blog\/cuales-son-los-factores-del-gasto-calorico\/#respond"]}]},{"@type":"WebPage","@id":"https:\/\/www.emagister.com\/blog\/cuales-son-los-factores-del-gasto-calorico\/","url":"https:\/\/www.emagister.com\/blog\/cuales-son-los-factores-del-gasto-calorico\/","name":"\u00bfCu\u00e1les son los factores del gasto cal\u00f3rico? - Blog Emagister","isPartOf":{"@id":"https:\/\/www.emagister.com\/blog\/#website"},"primaryImageOfPage":{"@id":"https:\/\/www.emagister.com\/blog\/cuales-son-los-factores-del-gasto-calorico\/#primaryimage"},"image":{"@id":"https:\/\/www.emagister.com\/blog\/cuales-son-los-factores-del-gasto-calorico\/#primaryimage"},"thumbnailUrl":"https:\/\/www.emagister.com\/blog\/wp-content\/uploads\/2023\/05\/GettyImages-663845678.jpg","datePublished":"2023-05-05T07:55:46+00:00","breadcrumb":{"@id":"https:\/\/www.emagister.com\/blog\/cuales-son-los-factores-del-gasto-calorico\/#breadcrumb"},"inLanguage":"es","potentialAction":[{"@type":"ReadAction","target":["https:\/\/www.emagister.com\/blog\/cuales-son-los-factores-del-gasto-calorico\/"]}]},{"@type":"ImageObject","inLanguage":"es","@id":"https:\/\/www.emagister.com\/blog\/cuales-son-los-factores-del-gasto-calorico\/#primaryimage","url":"https:\/\/www.emagister.com\/blog\/wp-content\/uploads\/2023\/05\/GettyImages-663845678.jpg","contentUrl":"https:\/\/www.emagister.com\/blog\/wp-content\/uploads\/2023\/05\/GettyImages-663845678.jpg","width":2120,"height":1415},{"@type":"BreadcrumbList","@id":"https:\/\/www.emagister.com\/blog\/cuales-son-los-factores-del-gasto-calorico\/#breadcrumb","itemListElement":[{"@type":"ListItem","position":1,"name":"Blog Emagister","item":"https:\/\/www.emagister.com\/blog\/"},{"@type":"ListItem","position":2,"name":"Nuestros clientes","item":"https:\/\/www.emagister.com\/blog\/nuestros-clientes\/"},{"@type":"ListItem","position":3,"name":"\u00bfCu\u00e1les son los factores del gasto cal\u00f3rico?"}]},{"@type":"WebSite","@id":"https:\/\/www.emagister.com\/blog\/#website","url":"https:\/\/www.emagister.com\/blog\/","name":"Blog Emagister","description":"Gu\u00eda de orientaci\u00f3n sobre estudios y tendencias de formaci\u00f3n","publisher":{"@id":"https:\/\/www.emagister.com\/blog\/#organization"},"potentialAction":[{"@type":"SearchAction","target":{"@type":"EntryPoint","urlTemplate":"https:\/\/www.emagister.com\/blog\/?s={search_term_string}"},"query-input":{"@type":"PropertyValueSpecification","valueRequired":true,"valueName":"search_term_string"}}],"inLanguage":"es"},{"@type":"Organization","@id":"https:\/\/www.emagister.com\/blog\/#organization","name":"Emagister","url":"https:\/\/www.emagister.com\/blog\/","logo":{"@type":"ImageObject","inLanguage":"es","@id":"https:\/\/www.emagister.com\/blog\/#\/schema\/logo\/image\/","url":"https:\/\/www.emagister.com\/blog\/wp-content\/uploads\/2017\/02\/photo.png","contentUrl":"https:\/\/www.emagister.com\/blog\/wp-content\/uploads\/2017\/02\/photo.png","width":120,"height":120,"caption":"Emagister"},"image":{"@id":"https:\/\/www.emagister.com\/blog\/#\/schema\/logo\/image\/"},"sameAs":["https:\/\/www.facebook.com\/Emagister\/","https:\/\/x.com\/emagister","https:\/\/www.instagram.com\/emagister\/","https:\/\/www.linkedin.com\/company\/emagister-com\/","https:\/\/www.pinterest.es\/emagister\/","https:\/\/www.youtube.com\/user\/emagister\/","https:\/\/es.wikipedia.org\/wiki\/Emagister"]},{"@type":"Person","@id":"https:\/\/www.emagister.com\/blog\/#\/schema\/person\/776af158d79a20bccf84defca072a501","name":"Blog Emagister","image":{"@type":"ImageObject","inLanguage":"es","@id":"https:\/\/www.emagister.com\/blog\/#\/schema\/person\/image\/","url":"https:\/\/secure.gravatar.com\/avatar\/44dc9fc526e06eb47a16c88f9b66a081ab656cfa8d8ad442778aa78886bdaff1?s=96&r=g","contentUrl":"https:\/\/secure.gravatar.com\/avatar\/44dc9fc526e06eb47a16c88f9b66a081ab656cfa8d8ad442778aa78886bdaff1?s=96&r=g","caption":"Blog Emagister"},"url":"https:\/\/www.emagister.com\/blog\/author\/blog-emagister\/"}]}},"_links":{"self":[{"href":"https:\/\/www.emagister.com\/blog\/wp-json\/wp\/v2\/posts\/154527","targetHints":{"allow":["GET"]}}],"collection":[{"href":"https:\/\/www.emagister.com\/blog\/wp-json\/wp\/v2\/posts"}],"about":[{"href":"https:\/\/www.emagister.com\/blog\/wp-json\/wp\/v2\/types\/post"}],"author":[{"embeddable":true,"href":"https:\/\/www.emagister.com\/blog\/wp-json\/wp\/v2\/users\/285"}],"replies":[{"embeddable":true,"href":"https:\/\/www.emagister.com\/blog\/wp-json\/wp\/v2\/comments?post=154527"}],"version-history":[{"count":2,"href":"https:\/\/www.emagister.com\/blog\/wp-json\/wp\/v2\/posts\/154527\/revisions"}],"predecessor-version":[{"id":154531,"href":"https:\/\/www.emagister.com\/blog\/wp-json\/wp\/v2\/posts\/154527\/revisions\/154531"}],"wp:featuredmedia":[{"embeddable":true,"href":"https:\/\/www.emagister.com\/blog\/wp-json\/wp\/v2\/media\/154529"}],"wp:attachment":[{"href":"https:\/\/www.emagister.com\/blog\/wp-json\/wp\/v2\/media?parent=154527"}],"wp:term":[{"taxonomy":"category","embeddable":true,"href":"https:\/\/www.emagister.com\/blog\/wp-json\/wp\/v2\/categories?post=154527"},{"taxonomy":"post_tag","embeddable":true,"href":"https:\/\/www.emagister.com\/blog\/wp-json\/wp\/v2\/tags?post=154527"}],"curies":[{"name":"wp","href":"https:\/\/api.w.org\/{rel}","templated":true}]}}