{"id":155455,"date":"2023-07-07T14:01:55","date_gmt":"2023-07-07T12:01:55","guid":{"rendered":"https:\/\/www.emagister.com\/blog\/?p=155455"},"modified":"2023-07-07T14:27:28","modified_gmt":"2023-07-07T12:27:28","slug":"el-impacto-de-la-industria-cultural-y-creativa-en-tu-carrera-profesional","status":"publish","type":"post","link":"https:\/\/www.emagister.com\/blog\/el-impacto-de-la-industria-cultural-y-creativa-en-tu-carrera-profesional\/","title":{"rendered":"El impacto de la industria cultural y creativa en tu carrera profesional"},"content":{"rendered":"\n<p>En un mundo cada vez m\u00e1s centrado en la cultura y la originalidad, las industrias culturales y creativas se han convertido en un <strong>sector en crecimiento con innumerables oportunidades para profesionales talentosos y apasionados<\/strong>, ya que abarcan una gran variedad de sectores, como el de la m\u00fasica, el cine, el turismo cultural, arte, e incluso medios de comunicaci\u00f3n, convirti\u00e9ndose en motores econ\u00f3micos que influyen cada vez m\u00e1s en la sociedad actual.\u00a0<\/p>\n\n\n<div class=\"wp-block-image\">\n<figure class=\"alignright size-full\"><img loading=\"lazy\" decoding=\"async\" width=\"300\" height=\"200\" src=\"https:\/\/www.emagister.com\/blog\/wp-content\/uploads\/2023\/07\/image-13.png\" alt=\"\" class=\"wp-image-155459\" srcset=\"https:\/\/www.emagister.com\/blog\/wp-content\/uploads\/2023\/07\/image-13.png 300w, https:\/\/www.emagister.com\/blog\/wp-content\/uploads\/2023\/07\/image-13-245x163.png 245w, https:\/\/www.emagister.com\/blog\/wp-content\/uploads\/2023\/07\/image-13-80x53.png 80w\" sizes=\"auto, (max-width: 300px) 100vw, 300px\" \/><\/figure>\n<\/div>\n\n\n<h2 class=\"gb-headline gb-headline-33ebfa3a gb-headline-text\"><strong>Un sector en pleno desarrollo<\/strong><\/h2>\n\n\n\n<p>Una industria creativa y cultural es un sector econ\u00f3mico que se enfoca en la creaci\u00f3n, producci\u00f3n y comercializaci\u00f3n de bienes y servicios basados en la expresi\u00f3n cultural, la creatividad y el talento art\u00edstico. <strong>El objetivo de estas industrias es generar valor econ\u00f3mico, contribuir al desarrollo cultural de la sociedad e impulsar la innovaci\u00f3n.<\/strong><\/p>\n\n\n\n<p>Dentro de estas industrias, existen numerosas \u00e1reas y disciplinas como: artes visuales y esc\u00e9nicas; cine, televisi\u00f3n y medios digitales; editorial y medios de comunicaci\u00f3n; dise\u00f1o y moda; m\u00fasica y espect\u00e1culos; o turismo y patrimonio cultural. Sin embargo, es importante destacar que estas industrias no solo se limitan a las actividades art\u00edsticas tradicionales, sino que tambi\u00e9n se extienden a sectores como la arquitectura, la publicidad, la gastronom\u00eda, la realidad virtual, el dise\u00f1o de juegos y otras muchas \u00e1reas donde la creatividad y la expresi\u00f3n cultural desempe\u00f1an un papel central.<\/p>\n\n\n\n<p>De hecho, la industria cultural y creativa <strong>no solo genera empleo o contribuye a la econom\u00eda del pa\u00eds, sino que tambi\u00e9n fomenta la promoci\u00f3n de la diversidad cultural, la expresi\u00f3n creativa o el intercambio de ideas<\/strong>. Se trata de un sector que est\u00e1 en constante evoluci\u00f3n debido a los avances tecnol\u00f3gicos, las oportunidades emergentes en el mercado global y las nuevas formas de distribuci\u00f3n digital.<\/p>\n\n\n\n<h2 class=\"gb-headline gb-headline-71666877 gb-headline-text\"><strong>Estas son las ventajas profesionales de la industria cultural<\/strong><\/h2>\n\n\n\n<p>Es un hecho que cualquier persona desea ver impulsada su trayectoria profesional con nuevas oportunidades laborales. El sector de las industrias culturales y creativas est\u00e1 lleno de empresas, organizaciones culturales, agencias de publicidad, compa\u00f1\u00edas de medios y otras <strong>entidades que abren sus puertas a profesionales, valorando su visi\u00f3n art\u00edstica y creatividad.<\/strong><\/p>\n\n\n\n<p>Sin embargo, tambi\u00e9n ofrece un <strong>entorno propicio para la autogesti\u00f3n y el emprendimiento en caso de que el profesional quiera crear su propio proyecto creativo<\/strong>, ya que mediante una formaci\u00f3n adecuada como puede ser un M\u00e1ster Oficial en Industrias Culturales y Creativas aprender\u00e1 a desarrollar un modelo de negocio s\u00f3lido y promover su trabajo de manera efectiva.<\/p>\n\n\n\n<p>Otra ventaja que aporta este sector a los profesionales es que, gracias a la tendencia de crecimiento y desarrollo que experimentan estas industrias en todo el mundo, sumado al avance de la tecnolog\u00eda y la globalizaci\u00f3n, <strong>se han ampliado considerablemente las posibilidades de producci\u00f3n y distribuci\u00f3n de contenido cultural y art\u00edstico<\/strong>. Estudiar una formaci\u00f3n relacionada con el sector le permitir\u00e1 estar al tanto de las tendencias actuales, los cambios en el mercado y las innovaciones tecnol\u00f3gicas, adquiriendo una ventaja competitiva.<\/p>\n\n\n\n<p>Adem\u00e1s, el interesado puede <strong>desarrollar habilidades transferibles que son altamente valoradas en el mercado laboral en general<\/strong>, como son: pensamiento cr\u00edtico, resoluci\u00f3n de problemas, comunicaci\u00f3n efectiva, trabajo en equipo, capacidad para adaptarse a entornos cambiantes y gesti\u00f3n de proyectos.<br>Si eres un profesional apasionado por la cultura y buscas avanzar en tu carrera, <strong>el <\/strong><strong>M\u00e1ster en Direcci\u00f3n y Gesti\u00f3n de Industrias Culturales y Creativas de la Escuela de Negocios de la UEMC<\/strong><strong> es el camino perfecto para alcanzar tus metas.<\/strong> \u00a1No pierdas la oportunidad de desarrollar habilidades valiosas y contribuir a la promoci\u00f3n de la cultura, el arte y la diversidad con esta<strong> formaci\u00f3n 100% online<\/strong>!<\/p>\n","protected":false},"excerpt":{"rendered":"<p>En un mundo cada vez m\u00e1s centrado en la cultura y la originalidad, las industrias culturales y creativas se han &#8230; <a title=\"El impacto de la industria cultural y creativa en tu carrera profesional\" class=\"read-more\" href=\"https:\/\/www.emagister.com\/blog\/el-impacto-de-la-industria-cultural-y-creativa-en-tu-carrera-profesional\/\" aria-label=\"M\u00e1s en El impacto de la industria cultural y creativa en tu carrera profesional\">Leer m\u00e1s<\/a><\/p>\n","protected":false},"author":285,"featured_media":155456,"comment_status":"open","ping_status":"closed","sticky":false,"template":"","format":"standard","meta":{"_acf_changed":false,"inline_featured_image":false,"footnotes":""},"categories":[785],"tags":[8292,8320,9062,10141],"class_list":["post-155455","post","type-post","status-publish","format-standard","has-post-thumbnail","hentry","category-nuestros-clientes","tag-uemc","tag-8320","tag-universidad-europea-miguel-de-cervantes-uemc","tag-noticiaselpais","generate-columns","tablet-grid-50","mobile-grid-100","grid-parent","grid-25"],"acf":{"bannerid1":"","bannerid2":"","mostrar_faldon":"-1","texto_faldon":"","link_faldon":"","link_texto_faldon":"","link_button_faldon":"","noticiasElPais":{"custom_snippet_image":false,"custom_snippet_title":"","custom_snippet_description":""},"noticiasLaVanguardia":{"custom_snippet_image":false,"custom_snippet_title":"","custom_snippet_description":""},"hreflang":[{"url":""}],"estilo_titulo":"","fecha":"no"},"yoast_head":"<!-- This site is optimized with the Yoast SEO Premium plugin v18.1 (Yoast SEO v27.0) - https:\/\/yoast.com\/product\/yoast-seo-premium-wordpress\/ -->\n<title>El impacto de la industria cultural y creativa en tu carrera profesional - Blog Emagister<\/title>\n<meta name=\"robots\" content=\"index, follow\" \/>\n<link rel=\"canonical\" href=\"https:\/\/www.emagister.com\/blog\/el-impacto-de-la-industria-cultural-y-creativa-en-tu-carrera-profesional\/\" \/>\n<meta property=\"og:locale\" content=\"es_ES\" \/>\n<meta property=\"og:type\" content=\"article\" \/>\n<meta property=\"og:title\" content=\"El impacto de la industria cultural y creativa en tu carrera profesional\" \/>\n<meta property=\"og:description\" content=\"En un mundo cada vez m\u00e1s centrado en la cultura y la originalidad, las industrias culturales y creativas se han ... Leer m\u00e1s\" \/>\n<meta property=\"og:url\" content=\"https:\/\/www.emagister.com\/blog\/el-impacto-de-la-industria-cultural-y-creativa-en-tu-carrera-profesional\/\" \/>\n<meta property=\"og:site_name\" content=\"Blog Emagister\" \/>\n<meta property=\"article:publisher\" content=\"https:\/\/www.facebook.com\/Emagister\/\" \/>\n<meta property=\"article:published_time\" content=\"2023-07-07T12:01:55+00:00\" \/>\n<meta property=\"article:modified_time\" content=\"2023-07-07T12:27:28+00:00\" \/>\n<meta property=\"og:image\" content=\"https:\/\/www.emagister.com\/blog\/wp-content\/uploads\/2023\/07\/GettyImages-637080884.jpg\" \/>\n\t<meta property=\"og:image:width\" content=\"2055\" \/>\n\t<meta property=\"og:image:height\" content=\"1459\" \/>\n\t<meta property=\"og:image:type\" content=\"image\/jpeg\" \/>\n<meta name=\"author\" content=\"Blog Emagister\" \/>\n<meta name=\"twitter:card\" content=\"summary_large_image\" \/>\n<meta name=\"twitter:creator\" content=\"@emagister\" \/>\n<meta name=\"twitter:site\" content=\"@emagister\" \/>\n<meta name=\"twitter:label1\" content=\"Escrito por\" \/>\n\t<meta name=\"twitter:data1\" content=\"Blog Emagister\" \/>\n\t<meta name=\"twitter:label2\" content=\"Tiempo de lectura\" \/>\n\t<meta name=\"twitter:data2\" content=\"3 minutos\" \/>\n<script type=\"application\/ld+json\" class=\"yoast-schema-graph\">{\"@context\":\"https:\/\/schema.org\",\"@graph\":[{\"@type\":\"Article\",\"@id\":\"https:\/\/www.emagister.com\/blog\/el-impacto-de-la-industria-cultural-y-creativa-en-tu-carrera-profesional\/#article\",\"isPartOf\":{\"@id\":\"https:\/\/www.emagister.com\/blog\/el-impacto-de-la-industria-cultural-y-creativa-en-tu-carrera-profesional\/\"},\"author\":{\"name\":\"Blog Emagister\",\"@id\":\"https:\/\/www.emagister.com\/blog\/#\/schema\/person\/776af158d79a20bccf84defca072a501\"},\"headline\":\"El impacto de la industria cultural y creativa en tu carrera profesional\",\"datePublished\":\"2023-07-07T12:01:55+00:00\",\"dateModified\":\"2023-07-07T12:27:28+00:00\",\"mainEntityOfPage\":{\"@id\":\"https:\/\/www.emagister.com\/blog\/el-impacto-de-la-industria-cultural-y-creativa-en-tu-carrera-profesional\/\"},\"wordCount\":655,\"commentCount\":0,\"publisher\":{\"@id\":\"https:\/\/www.emagister.com\/blog\/#organization\"},\"image\":{\"@id\":\"https:\/\/www.emagister.com\/blog\/el-impacto-de-la-industria-cultural-y-creativa-en-tu-carrera-profesional\/#primaryimage\"},\"thumbnailUrl\":\"https:\/\/www.emagister.com\/blog\/wp-content\/uploads\/2023\/07\/GettyImages-637080884.jpg\",\"keywords\":[\"UEMC\",\"47051060051666516549655152654556\",\"Universidad Europea Miguel de Cervantes UEMC\",\"noticiasElPais\"],\"articleSection\":[\"Nuestros clientes\"],\"inLanguage\":\"es\",\"potentialAction\":[{\"@type\":\"CommentAction\",\"name\":\"Comment\",\"target\":[\"https:\/\/www.emagister.com\/blog\/el-impacto-de-la-industria-cultural-y-creativa-en-tu-carrera-profesional\/#respond\"]}]},{\"@type\":\"WebPage\",\"@id\":\"https:\/\/www.emagister.com\/blog\/el-impacto-de-la-industria-cultural-y-creativa-en-tu-carrera-profesional\/\",\"url\":\"https:\/\/www.emagister.com\/blog\/el-impacto-de-la-industria-cultural-y-creativa-en-tu-carrera-profesional\/\",\"name\":\"El impacto de la industria cultural y creativa en tu carrera profesional - Blog Emagister\",\"isPartOf\":{\"@id\":\"https:\/\/www.emagister.com\/blog\/#website\"},\"primaryImageOfPage\":{\"@id\":\"https:\/\/www.emagister.com\/blog\/el-impacto-de-la-industria-cultural-y-creativa-en-tu-carrera-profesional\/#primaryimage\"},\"image\":{\"@id\":\"https:\/\/www.emagister.com\/blog\/el-impacto-de-la-industria-cultural-y-creativa-en-tu-carrera-profesional\/#primaryimage\"},\"thumbnailUrl\":\"https:\/\/www.emagister.com\/blog\/wp-content\/uploads\/2023\/07\/GettyImages-637080884.jpg\",\"datePublished\":\"2023-07-07T12:01:55+00:00\",\"dateModified\":\"2023-07-07T12:27:28+00:00\",\"breadcrumb\":{\"@id\":\"https:\/\/www.emagister.com\/blog\/el-impacto-de-la-industria-cultural-y-creativa-en-tu-carrera-profesional\/#breadcrumb\"},\"inLanguage\":\"es\",\"potentialAction\":[{\"@type\":\"ReadAction\",\"target\":[\"https:\/\/www.emagister.com\/blog\/el-impacto-de-la-industria-cultural-y-creativa-en-tu-carrera-profesional\/\"]}]},{\"@type\":\"ImageObject\",\"inLanguage\":\"es\",\"@id\":\"https:\/\/www.emagister.com\/blog\/el-impacto-de-la-industria-cultural-y-creativa-en-tu-carrera-profesional\/#primaryimage\",\"url\":\"https:\/\/www.emagister.com\/blog\/wp-content\/uploads\/2023\/07\/GettyImages-637080884.jpg\",\"contentUrl\":\"https:\/\/www.emagister.com\/blog\/wp-content\/uploads\/2023\/07\/GettyImages-637080884.jpg\",\"width\":2055,\"height\":1459},{\"@type\":\"BreadcrumbList\",\"@id\":\"https:\/\/www.emagister.com\/blog\/el-impacto-de-la-industria-cultural-y-creativa-en-tu-carrera-profesional\/#breadcrumb\",\"itemListElement\":[{\"@type\":\"ListItem\",\"position\":1,\"name\":\"Blog Emagister\",\"item\":\"https:\/\/www.emagister.com\/blog\/\"},{\"@type\":\"ListItem\",\"position\":2,\"name\":\"Nuestros clientes\",\"item\":\"https:\/\/www.emagister.com\/blog\/nuestros-clientes\/\"},{\"@type\":\"ListItem\",\"position\":3,\"name\":\"El impacto de la industria cultural y creativa en tu carrera profesional\"}]},{\"@type\":\"WebSite\",\"@id\":\"https:\/\/www.emagister.com\/blog\/#website\",\"url\":\"https:\/\/www.emagister.com\/blog\/\",\"name\":\"Blog Emagister\",\"description\":\"Gu\u00eda de orientaci\u00f3n sobre estudios y tendencias de formaci\u00f3n\",\"publisher\":{\"@id\":\"https:\/\/www.emagister.com\/blog\/#organization\"},\"potentialAction\":[{\"@type\":\"SearchAction\",\"target\":{\"@type\":\"EntryPoint\",\"urlTemplate\":\"https:\/\/www.emagister.com\/blog\/?s={search_term_string}\"},\"query-input\":{\"@type\":\"PropertyValueSpecification\",\"valueRequired\":true,\"valueName\":\"search_term_string\"}}],\"inLanguage\":\"es\"},{\"@type\":\"Organization\",\"@id\":\"https:\/\/www.emagister.com\/blog\/#organization\",\"name\":\"Emagister\",\"url\":\"https:\/\/www.emagister.com\/blog\/\",\"logo\":{\"@type\":\"ImageObject\",\"inLanguage\":\"es\",\"@id\":\"https:\/\/www.emagister.com\/blog\/#\/schema\/logo\/image\/\",\"url\":\"https:\/\/www.emagister.com\/blog\/wp-content\/uploads\/2017\/02\/photo.png\",\"contentUrl\":\"https:\/\/www.emagister.com\/blog\/wp-content\/uploads\/2017\/02\/photo.png\",\"width\":120,\"height\":120,\"caption\":\"Emagister\"},\"image\":{\"@id\":\"https:\/\/www.emagister.com\/blog\/#\/schema\/logo\/image\/\"},\"sameAs\":[\"https:\/\/www.facebook.com\/Emagister\/\",\"https:\/\/x.com\/emagister\",\"https:\/\/www.instagram.com\/emagister\/\",\"https:\/\/www.linkedin.com\/company\/emagister-com\/\",\"https:\/\/www.pinterest.es\/emagister\/\",\"https:\/\/www.youtube.com\/user\/emagister\/\",\"https:\/\/es.wikipedia.org\/wiki\/Emagister\"]},{\"@type\":\"Person\",\"@id\":\"https:\/\/www.emagister.com\/blog\/#\/schema\/person\/776af158d79a20bccf84defca072a501\",\"name\":\"Blog Emagister\",\"image\":{\"@type\":\"ImageObject\",\"inLanguage\":\"es\",\"@id\":\"https:\/\/www.emagister.com\/blog\/#\/schema\/person\/image\/\",\"url\":\"https:\/\/secure.gravatar.com\/avatar\/44dc9fc526e06eb47a16c88f9b66a081ab656cfa8d8ad442778aa78886bdaff1?s=96&r=g\",\"contentUrl\":\"https:\/\/secure.gravatar.com\/avatar\/44dc9fc526e06eb47a16c88f9b66a081ab656cfa8d8ad442778aa78886bdaff1?s=96&r=g\",\"caption\":\"Blog Emagister\"},\"url\":\"https:\/\/www.emagister.com\/blog\/author\/blog-emagister\/\"}]}<\/script>\n<!-- \/ Yoast SEO Premium plugin. -->","yoast_head_json":{"title":"El impacto de la industria cultural y creativa en tu carrera profesional - Blog Emagister","robots":{"index":"index","follow":"follow"},"canonical":"https:\/\/www.emagister.com\/blog\/el-impacto-de-la-industria-cultural-y-creativa-en-tu-carrera-profesional\/","og_locale":"es_ES","og_type":"article","og_title":"El impacto de la industria cultural y creativa en tu carrera profesional","og_description":"En un mundo cada vez m\u00e1s centrado en la cultura y la originalidad, las industrias culturales y creativas se han ... Leer m\u00e1s","og_url":"https:\/\/www.emagister.com\/blog\/el-impacto-de-la-industria-cultural-y-creativa-en-tu-carrera-profesional\/","og_site_name":"Blog Emagister","article_publisher":"https:\/\/www.facebook.com\/Emagister\/","article_published_time":"2023-07-07T12:01:55+00:00","article_modified_time":"2023-07-07T12:27:28+00:00","og_image":[{"width":2055,"height":1459,"url":"https:\/\/www.emagister.com\/blog\/wp-content\/uploads\/2023\/07\/GettyImages-637080884.jpg","type":"image\/jpeg"}],"author":"Blog Emagister","twitter_card":"summary_large_image","twitter_creator":"@emagister","twitter_site":"@emagister","twitter_misc":{"Escrito por":"Blog Emagister","Tiempo de lectura":"3 minutos"},"schema":{"@context":"https:\/\/schema.org","@graph":[{"@type":"Article","@id":"https:\/\/www.emagister.com\/blog\/el-impacto-de-la-industria-cultural-y-creativa-en-tu-carrera-profesional\/#article","isPartOf":{"@id":"https:\/\/www.emagister.com\/blog\/el-impacto-de-la-industria-cultural-y-creativa-en-tu-carrera-profesional\/"},"author":{"name":"Blog Emagister","@id":"https:\/\/www.emagister.com\/blog\/#\/schema\/person\/776af158d79a20bccf84defca072a501"},"headline":"El impacto de la industria cultural y creativa en tu carrera profesional","datePublished":"2023-07-07T12:01:55+00:00","dateModified":"2023-07-07T12:27:28+00:00","mainEntityOfPage":{"@id":"https:\/\/www.emagister.com\/blog\/el-impacto-de-la-industria-cultural-y-creativa-en-tu-carrera-profesional\/"},"wordCount":655,"commentCount":0,"publisher":{"@id":"https:\/\/www.emagister.com\/blog\/#organization"},"image":{"@id":"https:\/\/www.emagister.com\/blog\/el-impacto-de-la-industria-cultural-y-creativa-en-tu-carrera-profesional\/#primaryimage"},"thumbnailUrl":"https:\/\/www.emagister.com\/blog\/wp-content\/uploads\/2023\/07\/GettyImages-637080884.jpg","keywords":["UEMC","47051060051666516549655152654556","Universidad Europea Miguel de Cervantes UEMC","noticiasElPais"],"articleSection":["Nuestros clientes"],"inLanguage":"es","potentialAction":[{"@type":"CommentAction","name":"Comment","target":["https:\/\/www.emagister.com\/blog\/el-impacto-de-la-industria-cultural-y-creativa-en-tu-carrera-profesional\/#respond"]}]},{"@type":"WebPage","@id":"https:\/\/www.emagister.com\/blog\/el-impacto-de-la-industria-cultural-y-creativa-en-tu-carrera-profesional\/","url":"https:\/\/www.emagister.com\/blog\/el-impacto-de-la-industria-cultural-y-creativa-en-tu-carrera-profesional\/","name":"El impacto de la industria cultural y creativa en tu carrera profesional - Blog Emagister","isPartOf":{"@id":"https:\/\/www.emagister.com\/blog\/#website"},"primaryImageOfPage":{"@id":"https:\/\/www.emagister.com\/blog\/el-impacto-de-la-industria-cultural-y-creativa-en-tu-carrera-profesional\/#primaryimage"},"image":{"@id":"https:\/\/www.emagister.com\/blog\/el-impacto-de-la-industria-cultural-y-creativa-en-tu-carrera-profesional\/#primaryimage"},"thumbnailUrl":"https:\/\/www.emagister.com\/blog\/wp-content\/uploads\/2023\/07\/GettyImages-637080884.jpg","datePublished":"2023-07-07T12:01:55+00:00","dateModified":"2023-07-07T12:27:28+00:00","breadcrumb":{"@id":"https:\/\/www.emagister.com\/blog\/el-impacto-de-la-industria-cultural-y-creativa-en-tu-carrera-profesional\/#breadcrumb"},"inLanguage":"es","potentialAction":[{"@type":"ReadAction","target":["https:\/\/www.emagister.com\/blog\/el-impacto-de-la-industria-cultural-y-creativa-en-tu-carrera-profesional\/"]}]},{"@type":"ImageObject","inLanguage":"es","@id":"https:\/\/www.emagister.com\/blog\/el-impacto-de-la-industria-cultural-y-creativa-en-tu-carrera-profesional\/#primaryimage","url":"https:\/\/www.emagister.com\/blog\/wp-content\/uploads\/2023\/07\/GettyImages-637080884.jpg","contentUrl":"https:\/\/www.emagister.com\/blog\/wp-content\/uploads\/2023\/07\/GettyImages-637080884.jpg","width":2055,"height":1459},{"@type":"BreadcrumbList","@id":"https:\/\/www.emagister.com\/blog\/el-impacto-de-la-industria-cultural-y-creativa-en-tu-carrera-profesional\/#breadcrumb","itemListElement":[{"@type":"ListItem","position":1,"name":"Blog Emagister","item":"https:\/\/www.emagister.com\/blog\/"},{"@type":"ListItem","position":2,"name":"Nuestros clientes","item":"https:\/\/www.emagister.com\/blog\/nuestros-clientes\/"},{"@type":"ListItem","position":3,"name":"El impacto de la industria cultural y creativa en tu carrera profesional"}]},{"@type":"WebSite","@id":"https:\/\/www.emagister.com\/blog\/#website","url":"https:\/\/www.emagister.com\/blog\/","name":"Blog Emagister","description":"Gu\u00eda de orientaci\u00f3n sobre estudios y tendencias de formaci\u00f3n","publisher":{"@id":"https:\/\/www.emagister.com\/blog\/#organization"},"potentialAction":[{"@type":"SearchAction","target":{"@type":"EntryPoint","urlTemplate":"https:\/\/www.emagister.com\/blog\/?s={search_term_string}"},"query-input":{"@type":"PropertyValueSpecification","valueRequired":true,"valueName":"search_term_string"}}],"inLanguage":"es"},{"@type":"Organization","@id":"https:\/\/www.emagister.com\/blog\/#organization","name":"Emagister","url":"https:\/\/www.emagister.com\/blog\/","logo":{"@type":"ImageObject","inLanguage":"es","@id":"https:\/\/www.emagister.com\/blog\/#\/schema\/logo\/image\/","url":"https:\/\/www.emagister.com\/blog\/wp-content\/uploads\/2017\/02\/photo.png","contentUrl":"https:\/\/www.emagister.com\/blog\/wp-content\/uploads\/2017\/02\/photo.png","width":120,"height":120,"caption":"Emagister"},"image":{"@id":"https:\/\/www.emagister.com\/blog\/#\/schema\/logo\/image\/"},"sameAs":["https:\/\/www.facebook.com\/Emagister\/","https:\/\/x.com\/emagister","https:\/\/www.instagram.com\/emagister\/","https:\/\/www.linkedin.com\/company\/emagister-com\/","https:\/\/www.pinterest.es\/emagister\/","https:\/\/www.youtube.com\/user\/emagister\/","https:\/\/es.wikipedia.org\/wiki\/Emagister"]},{"@type":"Person","@id":"https:\/\/www.emagister.com\/blog\/#\/schema\/person\/776af158d79a20bccf84defca072a501","name":"Blog Emagister","image":{"@type":"ImageObject","inLanguage":"es","@id":"https:\/\/www.emagister.com\/blog\/#\/schema\/person\/image\/","url":"https:\/\/secure.gravatar.com\/avatar\/44dc9fc526e06eb47a16c88f9b66a081ab656cfa8d8ad442778aa78886bdaff1?s=96&r=g","contentUrl":"https:\/\/secure.gravatar.com\/avatar\/44dc9fc526e06eb47a16c88f9b66a081ab656cfa8d8ad442778aa78886bdaff1?s=96&r=g","caption":"Blog Emagister"},"url":"https:\/\/www.emagister.com\/blog\/author\/blog-emagister\/"}]}},"_links":{"self":[{"href":"https:\/\/www.emagister.com\/blog\/wp-json\/wp\/v2\/posts\/155455","targetHints":{"allow":["GET"]}}],"collection":[{"href":"https:\/\/www.emagister.com\/blog\/wp-json\/wp\/v2\/posts"}],"about":[{"href":"https:\/\/www.emagister.com\/blog\/wp-json\/wp\/v2\/types\/post"}],"author":[{"embeddable":true,"href":"https:\/\/www.emagister.com\/blog\/wp-json\/wp\/v2\/users\/285"}],"replies":[{"embeddable":true,"href":"https:\/\/www.emagister.com\/blog\/wp-json\/wp\/v2\/comments?post=155455"}],"version-history":[{"count":3,"href":"https:\/\/www.emagister.com\/blog\/wp-json\/wp\/v2\/posts\/155455\/revisions"}],"predecessor-version":[{"id":155460,"href":"https:\/\/www.emagister.com\/blog\/wp-json\/wp\/v2\/posts\/155455\/revisions\/155460"}],"wp:featuredmedia":[{"embeddable":true,"href":"https:\/\/www.emagister.com\/blog\/wp-json\/wp\/v2\/media\/155456"}],"wp:attachment":[{"href":"https:\/\/www.emagister.com\/blog\/wp-json\/wp\/v2\/media?parent=155455"}],"wp:term":[{"taxonomy":"category","embeddable":true,"href":"https:\/\/www.emagister.com\/blog\/wp-json\/wp\/v2\/categories?post=155455"},{"taxonomy":"post_tag","embeddable":true,"href":"https:\/\/www.emagister.com\/blog\/wp-json\/wp\/v2\/tags?post=155455"}],"curies":[{"name":"wp","href":"https:\/\/api.w.org\/{rel}","templated":true}]}}