{"id":15573,"date":"2014-08-18T16:05:38","date_gmt":"2014-08-18T14:05:38","guid":{"rendered":"https:\/\/www.emagister.com\/blog\/?p=15573"},"modified":"2021-05-03T12:10:17","modified_gmt":"2021-05-03T10:10:17","slug":"becas-generales-estudios-postobligatorio","status":"publish","type":"post","link":"https:\/\/www.emagister.com\/blog\/becas-generales-estudios-postobligatorio\/","title":{"rendered":"No dejes para ma\u00f1ana la ayuda que puedes solicitar hoy: convocatoria de becas generales del MECD"},"content":{"rendered":"<p>\u00bfEres estudiante universitario? \u00bfEst\u00e1s disfrutando de las vacaciones de verano y est\u00e1s desconectado de las gestiones acad\u00e9micas desde hace varias semanas? \u00bfCansado, quiz\u00e1s, de tanto descanso? Es el momento de volver a la realidad y agilizar tr\u00e1mites para que la vuelta a la rutina en septiembre no sea tan dura. \u00a1Pide una beca para que la<a href=\"https:\/\/www.emagister.com\/universidades\/?pfichas=5795\" target=\"_blank\" rel=\"noopener\"> Universidad <\/a>no se te haga cuesta arriba!<\/p>\n<p><!--more--><\/p>\n<p>El Ministerio de Educaci\u00f3n public\u00f3 el pasado 7 de agosto la convocatoria de <a href=\"https:\/\/www.emagister.com\/ahorro\">becas<\/a> de car\u00e1cter general para estudios universitarios, formaci\u00f3n profesional, o ense\u00f1anzas art\u00edsticas o deportivas, entre otros, para el curso pr\u00f3ximo, 2014-2015, y que cubre, o puede llegar a cubrir, el coste de la matr\u00edcula del curso, adem\u00e1s de una ayuda para el transporte, seg\u00fan cada caso. Hasta el pr\u00f3ximo 15 de octubre est\u00e1 el plazo abierto para solicitar esta beca.<\/p>\n<p><strong>La pol\u00e9mica<\/strong><\/p>\n<p>Mucho se ha escrito y hablado durante el curso pasado sobre los recortes en el presupuesto, o los retrasos en el pago de las cuant\u00edas a los becados, con todo, y en lo que se refiere a las ayudas a nivel nacional, esta beca sigue siendo a la mayor presupuesto se dedica, este a\u00f1o, como el anterior, 1.411 millones de euros.<\/p>\n<p>\u00bfHa sido uno de los beneficiarios en anteriores convocatorias? \u00bfCrees que tienes posibilidades de acceder a ella? A continuaci\u00f3n te explicamos brevemente el proceso de solicitud y los requisitos.<\/p>\n<p><b>Siguiendo la estela del curso 2013-1014<\/b><\/p>\n<p>En la convocatoria actualmente en vigor se mantienen los umbrales de renta familiares y los requisitos acad\u00e9micos de acceso a las ayudas, que el Ministerio endureci\u00f3 ya en el curso 2012-2013, y que tanta pol\u00e9mica suscitaron. Podr\u00e1n acceder a estas becas, por tanto, los estudiantes de grado, m\u00e1ster, formaci\u00f3n profesional, o ense\u00f1anzas art\u00edsticas, deportivas o militares, entre otros.<\/p>\n<p>En el caso de los estudiantes universitarios, y respecto a la <a href=\"https:\/\/www.emagister.com\/blog\/reforma-de-sistema-de-becas-de-grado\/\">convocatoria anterior<\/a>, del curso 2013-2014, cambia el porcentaje m\u00ednimo de cr\u00e9ditos que los estudiantes deben aprobar para poder acceder a esta beca, en el caso de las carreras t\u00e9cnicas, ingenier\u00edas y arquitecturas para las que se reduce de un 50 a un 40%.<\/p>\n<p><b>Requisitos: nota media y renta<\/b><\/p>\n<p>Los estudiantes s\u00f3lo podr\u00e1n acceder a la beca si cuentan con una nota m\u00ednima de 5,5, si optan a una beca de matr\u00edcula. En el caso de que los solicitantes intenten acceder a una beca de matr\u00edcula y ayudas complementarias, la nota media asciende a un 6,5. Adem\u00e1s, se les exige a los solicitantes de segundos y posteriores cursos haber superado en los \u00faltimos estudios cursados los siguientes porcentajes de los cr\u00e9ditos matriculados: el 90% en Artes y Humanidades y Ciencias Sociales y Jur\u00eddicas; 65% en Ciencias; 80% en Ciencias de la Salud; y 65% en Ingenier\u00eda o Arquitectura y ense\u00f1anzas t\u00e9cnicas.<\/p>\n<p>Pero, como ha venido sucediendo con las <a href=\"https:\/\/www.emagister.com\/blog\/donde-encontrar-y-solicitar-las-becas\/\">becas <\/a>otorgadas por el Ministerio de Educaci\u00f3n, junto con la nota media, se tendr\u00e1 en cuenta, adem\u00e1s, la renta familiar del solicitante, la cuant\u00eda asociada a la residencia y la cuant\u00eda variable.<\/p>\n<p>\u00bfNecesitas m\u00e1s informaci\u00f3n sobre los <a href=\"https:\/\/www.emagister.com\/blog\/requisitos-academicos-para-acceder-una-beca-de-estudios\/\">requisitos<\/a> de acceso a esta beca? En el siguiente enlace encontrar\u00e1s toda la informaci\u00f3n sobre los requisitos de esta convocatoria. Tambi\u00e9n all\u00ed tendr\u00e1s acceso a la solicitud, que se tramita exclusivamente online.<\/p>\n","protected":false},"excerpt":{"rendered":"<p>\u00bfEres estudiante universitario? \u00bfEst\u00e1s disfrutando de las vacaciones de verano y est\u00e1s desconectado de las gestiones acad\u00e9micas desde hace varias &#8230; <a title=\"No dejes para ma\u00f1ana la ayuda que puedes solicitar hoy: convocatoria de becas generales del MECD\" class=\"read-more\" href=\"https:\/\/www.emagister.com\/blog\/becas-generales-estudios-postobligatorio\/\" aria-label=\"M\u00e1s en No dejes para ma\u00f1ana la ayuda que puedes solicitar hoy: convocatoria de becas generales del MECD\">Leer m\u00e1s<\/a><\/p>\n","protected":false},"author":124,"featured_media":15605,"comment_status":"open","ping_status":"open","sticky":false,"template":"","format":"standard","meta":{"_acf_changed":false,"inline_featured_image":false,"footnotes":""},"categories":[8363],"tags":[1082,1083,92,545,846,926,1081],"class_list":["post-15573","post","type-post","status-publish","format-standard","has-post-thumbnail","hentry","category-becas-mec","tag-ayuda","tag-postobligatorio","tag-formacion","tag-estudio","tag-beca","tag-universidad","tag-mecd","generate-columns","tablet-grid-50","mobile-grid-100","grid-parent","grid-25"],"acf":{"bannerid1":null,"bannerid2":null,"hreflang":null,"estilo_titulo":null,"fecha":null,"mostrar_faldon":null,"texto_faldon":null,"link_faldon":null,"link_texto_faldon":null,"link_button_faldon":null,"noticiasElPais":null,"noticiasLaVanguardia":null},"yoast_head":"<!-- This site is optimized with the Yoast SEO Premium plugin v18.1 (Yoast SEO v27.0) - https:\/\/yoast.com\/product\/yoast-seo-premium-wordpress\/ -->\n<title>Beca de estudios postobligatorios<\/title>\n<meta name=\"description\" content=\"Agiliza tr\u00e1mites y solicita ya la beca de car\u00e1cter general para estudios postobligatorios para el curso 2014-2015 del MECD.\" \/>\n<meta name=\"robots\" content=\"index, follow\" \/>\n<link rel=\"canonical\" href=\"https:\/\/www.emagister.com\/blog\/becas-generales-estudios-postobligatorio\/\" \/>\n<meta property=\"og:locale\" content=\"es_ES\" \/>\n<meta property=\"og:type\" content=\"article\" \/>\n<meta property=\"og:title\" content=\"No dejes para ma\u00f1ana la ayuda que puedes solicitar hoy: convocatoria de becas generales del MECD\" \/>\n<meta property=\"og:description\" content=\"Agiliza tr\u00e1mites y solicita ya la beca de car\u00e1cter general para estudios postobligatorios para el curso 2014-2015 del MECD.\" \/>\n<meta property=\"og:url\" content=\"https:\/\/www.emagister.com\/blog\/becas-generales-estudios-postobligatorio\/\" \/>\n<meta property=\"og:site_name\" content=\"Blog Emagister\" \/>\n<meta property=\"article:publisher\" content=\"https:\/\/www.facebook.com\/Emagister\/\" \/>\n<meta property=\"article:published_time\" content=\"2014-08-18T14:05:38+00:00\" \/>\n<meta property=\"article:modified_time\" content=\"2021-05-03T10:10:17+00:00\" \/>\n<meta property=\"og:image\" content=\"https:\/\/www.emagister.com\/blog\/wp-content\/uploads\/2014\/08\/166147614.jpg\" \/>\n\t<meta property=\"og:image:width\" content=\"2121\" \/>\n\t<meta property=\"og:image:height\" content=\"1416\" \/>\n\t<meta property=\"og:image:type\" content=\"image\/jpeg\" \/>\n<meta name=\"author\" content=\"Lidia Vicente\" \/>\n<meta name=\"twitter:card\" content=\"summary_large_image\" \/>\n<meta name=\"twitter:creator\" content=\"@emagister\" \/>\n<meta name=\"twitter:site\" content=\"@emagister\" \/>\n<meta name=\"twitter:label1\" content=\"Escrito por\" \/>\n\t<meta name=\"twitter:data1\" content=\"Lidia Vicente\" \/>\n\t<meta name=\"twitter:label2\" content=\"Tiempo de lectura\" \/>\n\t<meta name=\"twitter:data2\" content=\"3 minutos\" \/>\n<script type=\"application\/ld+json\" class=\"yoast-schema-graph\">{\"@context\":\"https:\/\/schema.org\",\"@graph\":[{\"@type\":\"Article\",\"@id\":\"https:\/\/www.emagister.com\/blog\/becas-generales-estudios-postobligatorio\/#article\",\"isPartOf\":{\"@id\":\"https:\/\/www.emagister.com\/blog\/becas-generales-estudios-postobligatorio\/\"},\"author\":{\"name\":\"Lidia Vicente\",\"@id\":\"https:\/\/www.emagister.com\/blog\/#\/schema\/person\/b56da377b0d821994a0baa2d3de06841\"},\"headline\":\"No dejes para ma\u00f1ana la ayuda que puedes solicitar hoy: convocatoria de becas generales del MECD\",\"datePublished\":\"2014-08-18T14:05:38+00:00\",\"dateModified\":\"2021-05-03T10:10:17+00:00\",\"mainEntityOfPage\":{\"@id\":\"https:\/\/www.emagister.com\/blog\/becas-generales-estudios-postobligatorio\/\"},\"wordCount\":586,\"commentCount\":0,\"publisher\":{\"@id\":\"https:\/\/www.emagister.com\/blog\/#organization\"},\"image\":{\"@id\":\"https:\/\/www.emagister.com\/blog\/becas-generales-estudios-postobligatorio\/#primaryimage\"},\"thumbnailUrl\":\"https:\/\/www.emagister.com\/blog\/wp-content\/uploads\/2014\/08\/166147614.jpg\",\"keywords\":[\"ayuda\",\"postobligatorio\",\"formaci\u00f3n\",\"estudio\",\"beca\",\"Universidad\",\"MECD\"],\"articleSection\":[\"Becas MEC\"],\"inLanguage\":\"es\",\"potentialAction\":[{\"@type\":\"CommentAction\",\"name\":\"Comment\",\"target\":[\"https:\/\/www.emagister.com\/blog\/becas-generales-estudios-postobligatorio\/#respond\"]}]},{\"@type\":\"WebPage\",\"@id\":\"https:\/\/www.emagister.com\/blog\/becas-generales-estudios-postobligatorio\/\",\"url\":\"https:\/\/www.emagister.com\/blog\/becas-generales-estudios-postobligatorio\/\",\"name\":\"Beca de estudios postobligatorios\",\"isPartOf\":{\"@id\":\"https:\/\/www.emagister.com\/blog\/#website\"},\"primaryImageOfPage\":{\"@id\":\"https:\/\/www.emagister.com\/blog\/becas-generales-estudios-postobligatorio\/#primaryimage\"},\"image\":{\"@id\":\"https:\/\/www.emagister.com\/blog\/becas-generales-estudios-postobligatorio\/#primaryimage\"},\"thumbnailUrl\":\"https:\/\/www.emagister.com\/blog\/wp-content\/uploads\/2014\/08\/166147614.jpg\",\"datePublished\":\"2014-08-18T14:05:38+00:00\",\"dateModified\":\"2021-05-03T10:10:17+00:00\",\"description\":\"Agiliza tr\u00e1mites y solicita ya la beca de car\u00e1cter general para estudios postobligatorios para el curso 2014-2015 del MECD.\",\"breadcrumb\":{\"@id\":\"https:\/\/www.emagister.com\/blog\/becas-generales-estudios-postobligatorio\/#breadcrumb\"},\"inLanguage\":\"es\",\"potentialAction\":[{\"@type\":\"ReadAction\",\"target\":[\"https:\/\/www.emagister.com\/blog\/becas-generales-estudios-postobligatorio\/\"]}]},{\"@type\":\"ImageObject\",\"inLanguage\":\"es\",\"@id\":\"https:\/\/www.emagister.com\/blog\/becas-generales-estudios-postobligatorio\/#primaryimage\",\"url\":\"https:\/\/www.emagister.com\/blog\/wp-content\/uploads\/2014\/08\/166147614.jpg\",\"contentUrl\":\"https:\/\/www.emagister.com\/blog\/wp-content\/uploads\/2014\/08\/166147614.jpg\",\"width\":2121,\"height\":1416},{\"@type\":\"BreadcrumbList\",\"@id\":\"https:\/\/www.emagister.com\/blog\/becas-generales-estudios-postobligatorio\/#breadcrumb\",\"itemListElement\":[{\"@type\":\"ListItem\",\"position\":1,\"name\":\"Blog Emagister\",\"item\":\"https:\/\/www.emagister.com\/blog\/\"},{\"@type\":\"ListItem\",\"position\":2,\"name\":\"Becas y ayudas\",\"item\":\"https:\/\/www.emagister.com\/blog\/becas\/\"},{\"@type\":\"ListItem\",\"position\":3,\"name\":\"Becas MEC\",\"item\":\"https:\/\/www.emagister.com\/blog\/becas\/becas-mec\/\"},{\"@type\":\"ListItem\",\"position\":4,\"name\":\"No dejes para ma\u00f1ana la ayuda que puedes solicitar hoy: convocatoria de becas generales del MECD\"}]},{\"@type\":\"WebSite\",\"@id\":\"https:\/\/www.emagister.com\/blog\/#website\",\"url\":\"https:\/\/www.emagister.com\/blog\/\",\"name\":\"Blog Emagister\",\"description\":\"Gu\u00eda de orientaci\u00f3n sobre estudios y tendencias de formaci\u00f3n\",\"publisher\":{\"@id\":\"https:\/\/www.emagister.com\/blog\/#organization\"},\"potentialAction\":[{\"@type\":\"SearchAction\",\"target\":{\"@type\":\"EntryPoint\",\"urlTemplate\":\"https:\/\/www.emagister.com\/blog\/?s={search_term_string}\"},\"query-input\":{\"@type\":\"PropertyValueSpecification\",\"valueRequired\":true,\"valueName\":\"search_term_string\"}}],\"inLanguage\":\"es\"},{\"@type\":\"Organization\",\"@id\":\"https:\/\/www.emagister.com\/blog\/#organization\",\"name\":\"Emagister\",\"url\":\"https:\/\/www.emagister.com\/blog\/\",\"logo\":{\"@type\":\"ImageObject\",\"inLanguage\":\"es\",\"@id\":\"https:\/\/www.emagister.com\/blog\/#\/schema\/logo\/image\/\",\"url\":\"https:\/\/www.emagister.com\/blog\/wp-content\/uploads\/2017\/02\/photo.png\",\"contentUrl\":\"https:\/\/www.emagister.com\/blog\/wp-content\/uploads\/2017\/02\/photo.png\",\"width\":120,\"height\":120,\"caption\":\"Emagister\"},\"image\":{\"@id\":\"https:\/\/www.emagister.com\/blog\/#\/schema\/logo\/image\/\"},\"sameAs\":[\"https:\/\/www.facebook.com\/Emagister\/\",\"https:\/\/x.com\/emagister\",\"https:\/\/www.instagram.com\/emagister\/\",\"https:\/\/www.linkedin.com\/company\/emagister-com\/\",\"https:\/\/www.pinterest.es\/emagister\/\",\"https:\/\/www.youtube.com\/user\/emagister\/\",\"https:\/\/es.wikipedia.org\/wiki\/Emagister\"]},{\"@type\":\"Person\",\"@id\":\"https:\/\/www.emagister.com\/blog\/#\/schema\/person\/b56da377b0d821994a0baa2d3de06841\",\"name\":\"Lidia Vicente\",\"image\":{\"@type\":\"ImageObject\",\"inLanguage\":\"es\",\"@id\":\"https:\/\/www.emagister.com\/blog\/#\/schema\/person\/image\/\",\"url\":\"https:\/\/secure.gravatar.com\/avatar\/9bed7728689237c400d1b8bc157d0045dcb5b2c51fd2e968668d71e173372170?s=96&r=g\",\"contentUrl\":\"https:\/\/secure.gravatar.com\/avatar\/9bed7728689237c400d1b8bc157d0045dcb5b2c51fd2e968668d71e173372170?s=96&r=g\",\"caption\":\"Lidia Vicente\"},\"description\":\"Periodista, traductora y europe\u00edsta convencida. Fascinada con las redes sociales y la comunicaci\u00f3n 2.0, en general. Adicta a los tr\u00e1mites burocr\u00e1ticos y a los diarios oficiales.\",\"url\":\"https:\/\/www.emagister.com\/blog\/author\/lidiavicente\/\"}]}<\/script>\n<!-- \/ Yoast SEO Premium plugin. -->","yoast_head_json":{"title":"Beca de estudios postobligatorios","description":"Agiliza tr\u00e1mites y solicita ya la beca de car\u00e1cter general para estudios postobligatorios para el curso 2014-2015 del MECD.","robots":{"index":"index","follow":"follow"},"canonical":"https:\/\/www.emagister.com\/blog\/becas-generales-estudios-postobligatorio\/","og_locale":"es_ES","og_type":"article","og_title":"No dejes para ma\u00f1ana la ayuda que puedes solicitar hoy: convocatoria de becas generales del MECD","og_description":"Agiliza tr\u00e1mites y solicita ya la beca de car\u00e1cter general para estudios postobligatorios para el curso 2014-2015 del MECD.","og_url":"https:\/\/www.emagister.com\/blog\/becas-generales-estudios-postobligatorio\/","og_site_name":"Blog Emagister","article_publisher":"https:\/\/www.facebook.com\/Emagister\/","article_published_time":"2014-08-18T14:05:38+00:00","article_modified_time":"2021-05-03T10:10:17+00:00","og_image":[{"width":2121,"height":1416,"url":"https:\/\/www.emagister.com\/blog\/wp-content\/uploads\/2014\/08\/166147614.jpg","type":"image\/jpeg"}],"author":"Lidia Vicente","twitter_card":"summary_large_image","twitter_creator":"@emagister","twitter_site":"@emagister","twitter_misc":{"Escrito por":"Lidia Vicente","Tiempo de lectura":"3 minutos"},"schema":{"@context":"https:\/\/schema.org","@graph":[{"@type":"Article","@id":"https:\/\/www.emagister.com\/blog\/becas-generales-estudios-postobligatorio\/#article","isPartOf":{"@id":"https:\/\/www.emagister.com\/blog\/becas-generales-estudios-postobligatorio\/"},"author":{"name":"Lidia Vicente","@id":"https:\/\/www.emagister.com\/blog\/#\/schema\/person\/b56da377b0d821994a0baa2d3de06841"},"headline":"No dejes para ma\u00f1ana la ayuda que puedes solicitar hoy: convocatoria de becas generales del MECD","datePublished":"2014-08-18T14:05:38+00:00","dateModified":"2021-05-03T10:10:17+00:00","mainEntityOfPage":{"@id":"https:\/\/www.emagister.com\/blog\/becas-generales-estudios-postobligatorio\/"},"wordCount":586,"commentCount":0,"publisher":{"@id":"https:\/\/www.emagister.com\/blog\/#organization"},"image":{"@id":"https:\/\/www.emagister.com\/blog\/becas-generales-estudios-postobligatorio\/#primaryimage"},"thumbnailUrl":"https:\/\/www.emagister.com\/blog\/wp-content\/uploads\/2014\/08\/166147614.jpg","keywords":["ayuda","postobligatorio","formaci\u00f3n","estudio","beca","Universidad","MECD"],"articleSection":["Becas MEC"],"inLanguage":"es","potentialAction":[{"@type":"CommentAction","name":"Comment","target":["https:\/\/www.emagister.com\/blog\/becas-generales-estudios-postobligatorio\/#respond"]}]},{"@type":"WebPage","@id":"https:\/\/www.emagister.com\/blog\/becas-generales-estudios-postobligatorio\/","url":"https:\/\/www.emagister.com\/blog\/becas-generales-estudios-postobligatorio\/","name":"Beca de estudios postobligatorios","isPartOf":{"@id":"https:\/\/www.emagister.com\/blog\/#website"},"primaryImageOfPage":{"@id":"https:\/\/www.emagister.com\/blog\/becas-generales-estudios-postobligatorio\/#primaryimage"},"image":{"@id":"https:\/\/www.emagister.com\/blog\/becas-generales-estudios-postobligatorio\/#primaryimage"},"thumbnailUrl":"https:\/\/www.emagister.com\/blog\/wp-content\/uploads\/2014\/08\/166147614.jpg","datePublished":"2014-08-18T14:05:38+00:00","dateModified":"2021-05-03T10:10:17+00:00","description":"Agiliza tr\u00e1mites y solicita ya la beca de car\u00e1cter general para estudios postobligatorios para el curso 2014-2015 del MECD.","breadcrumb":{"@id":"https:\/\/www.emagister.com\/blog\/becas-generales-estudios-postobligatorio\/#breadcrumb"},"inLanguage":"es","potentialAction":[{"@type":"ReadAction","target":["https:\/\/www.emagister.com\/blog\/becas-generales-estudios-postobligatorio\/"]}]},{"@type":"ImageObject","inLanguage":"es","@id":"https:\/\/www.emagister.com\/blog\/becas-generales-estudios-postobligatorio\/#primaryimage","url":"https:\/\/www.emagister.com\/blog\/wp-content\/uploads\/2014\/08\/166147614.jpg","contentUrl":"https:\/\/www.emagister.com\/blog\/wp-content\/uploads\/2014\/08\/166147614.jpg","width":2121,"height":1416},{"@type":"BreadcrumbList","@id":"https:\/\/www.emagister.com\/blog\/becas-generales-estudios-postobligatorio\/#breadcrumb","itemListElement":[{"@type":"ListItem","position":1,"name":"Blog Emagister","item":"https:\/\/www.emagister.com\/blog\/"},{"@type":"ListItem","position":2,"name":"Becas y ayudas","item":"https:\/\/www.emagister.com\/blog\/becas\/"},{"@type":"ListItem","position":3,"name":"Becas MEC","item":"https:\/\/www.emagister.com\/blog\/becas\/becas-mec\/"},{"@type":"ListItem","position":4,"name":"No dejes para ma\u00f1ana la ayuda que puedes solicitar hoy: convocatoria de becas generales del MECD"}]},{"@type":"WebSite","@id":"https:\/\/www.emagister.com\/blog\/#website","url":"https:\/\/www.emagister.com\/blog\/","name":"Blog Emagister","description":"Gu\u00eda de orientaci\u00f3n sobre estudios y tendencias de formaci\u00f3n","publisher":{"@id":"https:\/\/www.emagister.com\/blog\/#organization"},"potentialAction":[{"@type":"SearchAction","target":{"@type":"EntryPoint","urlTemplate":"https:\/\/www.emagister.com\/blog\/?s={search_term_string}"},"query-input":{"@type":"PropertyValueSpecification","valueRequired":true,"valueName":"search_term_string"}}],"inLanguage":"es"},{"@type":"Organization","@id":"https:\/\/www.emagister.com\/blog\/#organization","name":"Emagister","url":"https:\/\/www.emagister.com\/blog\/","logo":{"@type":"ImageObject","inLanguage":"es","@id":"https:\/\/www.emagister.com\/blog\/#\/schema\/logo\/image\/","url":"https:\/\/www.emagister.com\/blog\/wp-content\/uploads\/2017\/02\/photo.png","contentUrl":"https:\/\/www.emagister.com\/blog\/wp-content\/uploads\/2017\/02\/photo.png","width":120,"height":120,"caption":"Emagister"},"image":{"@id":"https:\/\/www.emagister.com\/blog\/#\/schema\/logo\/image\/"},"sameAs":["https:\/\/www.facebook.com\/Emagister\/","https:\/\/x.com\/emagister","https:\/\/www.instagram.com\/emagister\/","https:\/\/www.linkedin.com\/company\/emagister-com\/","https:\/\/www.pinterest.es\/emagister\/","https:\/\/www.youtube.com\/user\/emagister\/","https:\/\/es.wikipedia.org\/wiki\/Emagister"]},{"@type":"Person","@id":"https:\/\/www.emagister.com\/blog\/#\/schema\/person\/b56da377b0d821994a0baa2d3de06841","name":"Lidia Vicente","image":{"@type":"ImageObject","inLanguage":"es","@id":"https:\/\/www.emagister.com\/blog\/#\/schema\/person\/image\/","url":"https:\/\/secure.gravatar.com\/avatar\/9bed7728689237c400d1b8bc157d0045dcb5b2c51fd2e968668d71e173372170?s=96&r=g","contentUrl":"https:\/\/secure.gravatar.com\/avatar\/9bed7728689237c400d1b8bc157d0045dcb5b2c51fd2e968668d71e173372170?s=96&r=g","caption":"Lidia Vicente"},"description":"Periodista, traductora y europe\u00edsta convencida. Fascinada con las redes sociales y la comunicaci\u00f3n 2.0, en general. Adicta a los tr\u00e1mites burocr\u00e1ticos y a los diarios oficiales.","url":"https:\/\/www.emagister.com\/blog\/author\/lidiavicente\/"}]}},"_links":{"self":[{"href":"https:\/\/www.emagister.com\/blog\/wp-json\/wp\/v2\/posts\/15573","targetHints":{"allow":["GET"]}}],"collection":[{"href":"https:\/\/www.emagister.com\/blog\/wp-json\/wp\/v2\/posts"}],"about":[{"href":"https:\/\/www.emagister.com\/blog\/wp-json\/wp\/v2\/types\/post"}],"author":[{"embeddable":true,"href":"https:\/\/www.emagister.com\/blog\/wp-json\/wp\/v2\/users\/124"}],"replies":[{"embeddable":true,"href":"https:\/\/www.emagister.com\/blog\/wp-json\/wp\/v2\/comments?post=15573"}],"version-history":[{"count":1,"href":"https:\/\/www.emagister.com\/blog\/wp-json\/wp\/v2\/posts\/15573\/revisions"}],"predecessor-version":[{"id":126208,"href":"https:\/\/www.emagister.com\/blog\/wp-json\/wp\/v2\/posts\/15573\/revisions\/126208"}],"wp:featuredmedia":[{"embeddable":true,"href":"https:\/\/www.emagister.com\/blog\/wp-json\/wp\/v2\/media\/15605"}],"wp:attachment":[{"href":"https:\/\/www.emagister.com\/blog\/wp-json\/wp\/v2\/media?parent=15573"}],"wp:term":[{"taxonomy":"category","embeddable":true,"href":"https:\/\/www.emagister.com\/blog\/wp-json\/wp\/v2\/categories?post=15573"},{"taxonomy":"post_tag","embeddable":true,"href":"https:\/\/www.emagister.com\/blog\/wp-json\/wp\/v2\/tags?post=15573"}],"curies":[{"name":"wp","href":"https:\/\/api.w.org\/{rel}","templated":true}]}}