{"id":156312,"date":"2023-09-21T13:05:04","date_gmt":"2023-09-21T11:05:04","guid":{"rendered":"https:\/\/www.emagister.com\/blog\/?p=156312"},"modified":"2023-09-21T13:05:14","modified_gmt":"2023-09-21T11:05:14","slug":"el-grupo-aspasia-formara-a-los-agentes-del-cambio","status":"publish","type":"post","link":"https:\/\/www.emagister.com\/blog\/el-grupo-aspasia-formara-a-los-agentes-del-cambio\/","title":{"rendered":"El Grupo Aspasia formar\u00e1 a los \u2018Agentes del Cambio\u2019"},"content":{"rendered":"\n<p>El Grupo Aspasia formar\u00e1 en Madrid, Castilla y Le\u00f3n y Andaluc\u00eda a j\u00f3venes de hasta 35 a\u00f1os, que est\u00e9n en situaci\u00f3n de desempleo o trabajen en pymes, para que se conviertan en expertos que contribuyan al proceso de digitalizaci\u00f3n de las peque\u00f1as empresas.&nbsp;<\/p>\n\n\n\n<p>El proyecto se encuentra enmarcado dentro de la iniciativa Generaci\u00f3n Digital, que forma parte del Plan Nacional de Capacidades Digitales y est\u00e1 liderada por la Secretaria de Estado de Digitalizaci\u00f3n e Inteligencia Artificial (SEDIA) del Ministerio de Asuntos Econ\u00f3micos y Transformaci\u00f3n Digital, en colaboraci\u00f3n con la Fundaci\u00f3n EOI F.S.P.<\/p>\n\n\n\n<p>Adem\u00e1s, destaca la gratuidad del mismo para los usuarios. Se trata de un programa financiado por la Uni\u00f3n Europea a trav\u00e9s de los fondos Next Generation EU, que busca modernizar, impulsar el emprendimiento, el crecimiento empresarial y la mejora de las competencias digitales. Con especial atenci\u00f3n en las pymes y aut\u00f3nomos.<\/p>\n\n\n\n<p><strong>Agentes del Cambio<\/strong><\/p>\n\n\n\n<p>Gracias al proyecto \u2018Agentes del Cambio\u2019, j\u00f3venes de hasta 35 a\u00f1os adquirir\u00e1n habilidades esenciales en gesti\u00f3n digital sin costo que les permitir\u00e1 dar un salto hacia un futuro lleno de oportunidades. El objetivo es que los usurarios adquieran los conocimientos y habilidades necesarias para desempe\u00f1ar un trabajo como agentes de transformaci\u00f3n digital y con ello mejorar la productividad y las posibilidades de crecimiento de sus empresas.<\/p>\n\n\n\n<p>Una parte de los fondos destinados al desarrollo del programa est\u00e1 destinado al apoyo de la contrataci\u00f3n. De este modo, 15.000 peque\u00f1as y&nbsp; medianas emprsas podr\u00e1n solicitar ayuda para la contrataci\u00f3n de estos participantes de hasta 20.000 lo que convierte a \u00e9sta formaci\u00f3n en una gran oportunidad de empleo. Adem\u00e1s, los nuevos agentes del cambio acceder\u00e1n a una red de profesionales y mentores que les guiar\u00e1n en su camino y con los que podr\u00e1n compartir experiencias.<\/p>\n\n\n\n<p><strong>El programa<\/strong><\/p>\n\n\n\n<p><strong>Objetivo<\/strong>: Formar a j\u00f3venes desempleados en gesti\u00f3n digital para que puedan incorporarse como agentes de transformaci\u00f3n digital en pymes espa\u00f1olas.<\/p>\n\n\n\n<p><strong>Requisitos<\/strong>: J\u00f3venes de hasta 35 a\u00f1os en situaci\u00f3n de desempleo con cierto nivel de estudios y experiencia profesional.<\/p>\n\n\n\n<p><strong>Duraci\u00f3n<\/strong>: 150 horas lectivas grupales (15ECTS)<\/p>\n\n\n\n<p><strong>\u00c1reas de Enfoque<\/strong>:<\/p>\n\n\n\n<ul class=\"wp-block-list\"><li>Gesti\u00f3n empresarial y estrat\u00e9gica.<\/li><li>Innovaci\u00f3n.<\/li><li>Procesos con el cliente.<\/li><li>Tecnolog\u00edas y habilitadores de la transformaci\u00f3n digital.<\/li><li>Soft Skills.<\/li><\/ul>\n\n\n\n<p><strong>Mentorizaci\u00f3n<\/strong>: Desarrollo del Plan de Transformaci\u00f3n Digital para una pyme.<\/p>\n\n\n\n<p><strong>Apoyo para la Contrataci\u00f3n<\/strong>: Ayudas de hasta 20,000 euros para la contrataci\u00f3n indefinida de los este perfil para 15.000 pymes<\/p>\n","protected":false},"excerpt":{"rendered":"<p>El Grupo Aspasia formar\u00e1 en Madrid, Castilla y Le\u00f3n y Andaluc\u00eda a j\u00f3venes de hasta 35 a\u00f1os, que est\u00e9n en &#8230; <a title=\"El Grupo Aspasia formar\u00e1 a los \u2018Agentes del Cambio\u2019\" class=\"read-more\" href=\"https:\/\/www.emagister.com\/blog\/el-grupo-aspasia-formara-a-los-agentes-del-cambio\/\" aria-label=\"M\u00e1s en El Grupo Aspasia formar\u00e1 a los \u2018Agentes del Cambio\u2019\">Leer m\u00e1s<\/a><\/p>\n","protected":false},"author":285,"featured_media":0,"comment_status":"open","ping_status":"closed","sticky":false,"template":"","format":"standard","meta":{"_acf_changed":false,"inline_featured_image":false,"footnotes":""},"categories":[785],"tags":[12920,13059,13060],"class_list":["post-156312","post","type-post","status-publish","format-standard","hentry","category-nuestros-clientes","tag-noticiaselpais-2","tag-13059","tag-aspasia","generate-columns","tablet-grid-50","mobile-grid-100","grid-parent","grid-25"],"acf":{"bannerid1":"","bannerid2":"","mostrar_faldon":"-1","texto_faldon":"Descubre toda la oferta formativa de Aspasia","link_faldon":"","link_texto_faldon":"Ver cursos","link_button_faldon":"","noticiasElPais":{"custom_snippet_image":false,"custom_snippet_title":"","custom_snippet_description":""},"noticiasLaVanguardia":{"custom_snippet_image":false,"custom_snippet_title":"","custom_snippet_description":""},"hreflang":[{"url":""}],"estilo_titulo":"","fecha":"no"},"yoast_head":"<!-- This site is optimized with the Yoast SEO Premium plugin v18.1 (Yoast SEO v27.0) - https:\/\/yoast.com\/product\/yoast-seo-premium-wordpress\/ -->\n<title>El Grupo Aspasia formar\u00e1 a los \u2018Agentes del Cambio\u2019 - Blog Emagister<\/title>\n<meta name=\"robots\" content=\"index, follow\" \/>\n<link rel=\"canonical\" href=\"https:\/\/www.emagister.com\/blog\/el-grupo-aspasia-formara-a-los-agentes-del-cambio\/\" \/>\n<meta property=\"og:locale\" content=\"es_ES\" \/>\n<meta property=\"og:type\" content=\"article\" \/>\n<meta property=\"og:title\" content=\"El Grupo Aspasia formar\u00e1 a los \u2018Agentes del Cambio\u2019\" \/>\n<meta property=\"og:description\" content=\"El Grupo Aspasia formar\u00e1 en Madrid, Castilla y Le\u00f3n y Andaluc\u00eda a j\u00f3venes de hasta 35 a\u00f1os, que est\u00e9n en ... Leer m\u00e1s\" \/>\n<meta property=\"og:url\" content=\"https:\/\/www.emagister.com\/blog\/el-grupo-aspasia-formara-a-los-agentes-del-cambio\/\" \/>\n<meta property=\"og:site_name\" content=\"Blog Emagister\" \/>\n<meta property=\"article:publisher\" content=\"https:\/\/www.facebook.com\/Emagister\/\" \/>\n<meta property=\"article:published_time\" content=\"2023-09-21T11:05:04+00:00\" \/>\n<meta property=\"article:modified_time\" content=\"2023-09-21T11:05:14+00:00\" \/>\n<meta name=\"author\" content=\"Blog Emagister\" \/>\n<meta name=\"twitter:card\" content=\"summary_large_image\" \/>\n<meta name=\"twitter:creator\" content=\"@emagister\" \/>\n<meta name=\"twitter:site\" content=\"@emagister\" \/>\n<meta name=\"twitter:label1\" content=\"Escrito por\" \/>\n\t<meta name=\"twitter:data1\" content=\"Blog Emagister\" \/>\n\t<meta name=\"twitter:label2\" content=\"Tiempo de lectura\" \/>\n\t<meta name=\"twitter:data2\" content=\"2 minutos\" \/>\n<script type=\"application\/ld+json\" class=\"yoast-schema-graph\">{\"@context\":\"https:\/\/schema.org\",\"@graph\":[{\"@type\":\"Article\",\"@id\":\"https:\/\/www.emagister.com\/blog\/el-grupo-aspasia-formara-a-los-agentes-del-cambio\/#article\",\"isPartOf\":{\"@id\":\"https:\/\/www.emagister.com\/blog\/el-grupo-aspasia-formara-a-los-agentes-del-cambio\/\"},\"author\":{\"name\":\"Blog Emagister\",\"@id\":\"https:\/\/www.emagister.com\/blog\/#\/schema\/person\/776af158d79a20bccf84defca072a501\"},\"headline\":\"El Grupo Aspasia formar\u00e1 a los \u2018Agentes del Cambio\u2019\",\"datePublished\":\"2023-09-21T11:05:04+00:00\",\"dateModified\":\"2023-09-21T11:05:14+00:00\",\"mainEntityOfPage\":{\"@id\":\"https:\/\/www.emagister.com\/blog\/el-grupo-aspasia-formara-a-los-agentes-del-cambio\/\"},\"wordCount\":441,\"commentCount\":0,\"publisher\":{\"@id\":\"https:\/\/www.emagister.com\/blog\/#organization\"},\"keywords\":[\"noticiasElPa\u00eds\",\"38775090090255577050526851524566\",\"Aspasia\"],\"articleSection\":[\"Nuestros clientes\"],\"inLanguage\":\"es\",\"potentialAction\":[{\"@type\":\"CommentAction\",\"name\":\"Comment\",\"target\":[\"https:\/\/www.emagister.com\/blog\/el-grupo-aspasia-formara-a-los-agentes-del-cambio\/#respond\"]}]},{\"@type\":\"WebPage\",\"@id\":\"https:\/\/www.emagister.com\/blog\/el-grupo-aspasia-formara-a-los-agentes-del-cambio\/\",\"url\":\"https:\/\/www.emagister.com\/blog\/el-grupo-aspasia-formara-a-los-agentes-del-cambio\/\",\"name\":\"El Grupo Aspasia formar\u00e1 a los \u2018Agentes del Cambio\u2019 - Blog Emagister\",\"isPartOf\":{\"@id\":\"https:\/\/www.emagister.com\/blog\/#website\"},\"datePublished\":\"2023-09-21T11:05:04+00:00\",\"dateModified\":\"2023-09-21T11:05:14+00:00\",\"breadcrumb\":{\"@id\":\"https:\/\/www.emagister.com\/blog\/el-grupo-aspasia-formara-a-los-agentes-del-cambio\/#breadcrumb\"},\"inLanguage\":\"es\",\"potentialAction\":[{\"@type\":\"ReadAction\",\"target\":[\"https:\/\/www.emagister.com\/blog\/el-grupo-aspasia-formara-a-los-agentes-del-cambio\/\"]}]},{\"@type\":\"BreadcrumbList\",\"@id\":\"https:\/\/www.emagister.com\/blog\/el-grupo-aspasia-formara-a-los-agentes-del-cambio\/#breadcrumb\",\"itemListElement\":[{\"@type\":\"ListItem\",\"position\":1,\"name\":\"Blog Emagister\",\"item\":\"https:\/\/www.emagister.com\/blog\/\"},{\"@type\":\"ListItem\",\"position\":2,\"name\":\"Nuestros clientes\",\"item\":\"https:\/\/www.emagister.com\/blog\/nuestros-clientes\/\"},{\"@type\":\"ListItem\",\"position\":3,\"name\":\"El Grupo Aspasia formar\u00e1 a los \u2018Agentes del Cambio\u2019\"}]},{\"@type\":\"WebSite\",\"@id\":\"https:\/\/www.emagister.com\/blog\/#website\",\"url\":\"https:\/\/www.emagister.com\/blog\/\",\"name\":\"Blog Emagister\",\"description\":\"Gu\u00eda de orientaci\u00f3n sobre estudios y tendencias de formaci\u00f3n\",\"publisher\":{\"@id\":\"https:\/\/www.emagister.com\/blog\/#organization\"},\"potentialAction\":[{\"@type\":\"SearchAction\",\"target\":{\"@type\":\"EntryPoint\",\"urlTemplate\":\"https:\/\/www.emagister.com\/blog\/?s={search_term_string}\"},\"query-input\":{\"@type\":\"PropertyValueSpecification\",\"valueRequired\":true,\"valueName\":\"search_term_string\"}}],\"inLanguage\":\"es\"},{\"@type\":\"Organization\",\"@id\":\"https:\/\/www.emagister.com\/blog\/#organization\",\"name\":\"Emagister\",\"url\":\"https:\/\/www.emagister.com\/blog\/\",\"logo\":{\"@type\":\"ImageObject\",\"inLanguage\":\"es\",\"@id\":\"https:\/\/www.emagister.com\/blog\/#\/schema\/logo\/image\/\",\"url\":\"https:\/\/www.emagister.com\/blog\/wp-content\/uploads\/2017\/02\/photo.png\",\"contentUrl\":\"https:\/\/www.emagister.com\/blog\/wp-content\/uploads\/2017\/02\/photo.png\",\"width\":120,\"height\":120,\"caption\":\"Emagister\"},\"image\":{\"@id\":\"https:\/\/www.emagister.com\/blog\/#\/schema\/logo\/image\/\"},\"sameAs\":[\"https:\/\/www.facebook.com\/Emagister\/\",\"https:\/\/x.com\/emagister\",\"https:\/\/www.instagram.com\/emagister\/\",\"https:\/\/www.linkedin.com\/company\/emagister-com\/\",\"https:\/\/www.pinterest.es\/emagister\/\",\"https:\/\/www.youtube.com\/user\/emagister\/\",\"https:\/\/es.wikipedia.org\/wiki\/Emagister\"]},{\"@type\":\"Person\",\"@id\":\"https:\/\/www.emagister.com\/blog\/#\/schema\/person\/776af158d79a20bccf84defca072a501\",\"name\":\"Blog Emagister\",\"image\":{\"@type\":\"ImageObject\",\"inLanguage\":\"es\",\"@id\":\"https:\/\/www.emagister.com\/blog\/#\/schema\/person\/image\/\",\"url\":\"https:\/\/secure.gravatar.com\/avatar\/44dc9fc526e06eb47a16c88f9b66a081ab656cfa8d8ad442778aa78886bdaff1?s=96&r=g\",\"contentUrl\":\"https:\/\/secure.gravatar.com\/avatar\/44dc9fc526e06eb47a16c88f9b66a081ab656cfa8d8ad442778aa78886bdaff1?s=96&r=g\",\"caption\":\"Blog Emagister\"},\"url\":\"https:\/\/www.emagister.com\/blog\/author\/blog-emagister\/\"}]}<\/script>\n<!-- \/ Yoast SEO Premium plugin. -->","yoast_head_json":{"title":"El Grupo Aspasia formar\u00e1 a los \u2018Agentes del Cambio\u2019 - Blog Emagister","robots":{"index":"index","follow":"follow"},"canonical":"https:\/\/www.emagister.com\/blog\/el-grupo-aspasia-formara-a-los-agentes-del-cambio\/","og_locale":"es_ES","og_type":"article","og_title":"El Grupo Aspasia formar\u00e1 a los \u2018Agentes del Cambio\u2019","og_description":"El Grupo Aspasia formar\u00e1 en Madrid, Castilla y Le\u00f3n y Andaluc\u00eda a j\u00f3venes de hasta 35 a\u00f1os, que est\u00e9n en ... Leer m\u00e1s","og_url":"https:\/\/www.emagister.com\/blog\/el-grupo-aspasia-formara-a-los-agentes-del-cambio\/","og_site_name":"Blog Emagister","article_publisher":"https:\/\/www.facebook.com\/Emagister\/","article_published_time":"2023-09-21T11:05:04+00:00","article_modified_time":"2023-09-21T11:05:14+00:00","author":"Blog Emagister","twitter_card":"summary_large_image","twitter_creator":"@emagister","twitter_site":"@emagister","twitter_misc":{"Escrito por":"Blog Emagister","Tiempo de lectura":"2 minutos"},"schema":{"@context":"https:\/\/schema.org","@graph":[{"@type":"Article","@id":"https:\/\/www.emagister.com\/blog\/el-grupo-aspasia-formara-a-los-agentes-del-cambio\/#article","isPartOf":{"@id":"https:\/\/www.emagister.com\/blog\/el-grupo-aspasia-formara-a-los-agentes-del-cambio\/"},"author":{"name":"Blog Emagister","@id":"https:\/\/www.emagister.com\/blog\/#\/schema\/person\/776af158d79a20bccf84defca072a501"},"headline":"El Grupo Aspasia formar\u00e1 a los \u2018Agentes del Cambio\u2019","datePublished":"2023-09-21T11:05:04+00:00","dateModified":"2023-09-21T11:05:14+00:00","mainEntityOfPage":{"@id":"https:\/\/www.emagister.com\/blog\/el-grupo-aspasia-formara-a-los-agentes-del-cambio\/"},"wordCount":441,"commentCount":0,"publisher":{"@id":"https:\/\/www.emagister.com\/blog\/#organization"},"keywords":["noticiasElPa\u00eds","38775090090255577050526851524566","Aspasia"],"articleSection":["Nuestros clientes"],"inLanguage":"es","potentialAction":[{"@type":"CommentAction","name":"Comment","target":["https:\/\/www.emagister.com\/blog\/el-grupo-aspasia-formara-a-los-agentes-del-cambio\/#respond"]}]},{"@type":"WebPage","@id":"https:\/\/www.emagister.com\/blog\/el-grupo-aspasia-formara-a-los-agentes-del-cambio\/","url":"https:\/\/www.emagister.com\/blog\/el-grupo-aspasia-formara-a-los-agentes-del-cambio\/","name":"El Grupo Aspasia formar\u00e1 a los \u2018Agentes del Cambio\u2019 - Blog Emagister","isPartOf":{"@id":"https:\/\/www.emagister.com\/blog\/#website"},"datePublished":"2023-09-21T11:05:04+00:00","dateModified":"2023-09-21T11:05:14+00:00","breadcrumb":{"@id":"https:\/\/www.emagister.com\/blog\/el-grupo-aspasia-formara-a-los-agentes-del-cambio\/#breadcrumb"},"inLanguage":"es","potentialAction":[{"@type":"ReadAction","target":["https:\/\/www.emagister.com\/blog\/el-grupo-aspasia-formara-a-los-agentes-del-cambio\/"]}]},{"@type":"BreadcrumbList","@id":"https:\/\/www.emagister.com\/blog\/el-grupo-aspasia-formara-a-los-agentes-del-cambio\/#breadcrumb","itemListElement":[{"@type":"ListItem","position":1,"name":"Blog Emagister","item":"https:\/\/www.emagister.com\/blog\/"},{"@type":"ListItem","position":2,"name":"Nuestros clientes","item":"https:\/\/www.emagister.com\/blog\/nuestros-clientes\/"},{"@type":"ListItem","position":3,"name":"El Grupo Aspasia formar\u00e1 a los \u2018Agentes del Cambio\u2019"}]},{"@type":"WebSite","@id":"https:\/\/www.emagister.com\/blog\/#website","url":"https:\/\/www.emagister.com\/blog\/","name":"Blog Emagister","description":"Gu\u00eda de orientaci\u00f3n sobre estudios y tendencias de formaci\u00f3n","publisher":{"@id":"https:\/\/www.emagister.com\/blog\/#organization"},"potentialAction":[{"@type":"SearchAction","target":{"@type":"EntryPoint","urlTemplate":"https:\/\/www.emagister.com\/blog\/?s={search_term_string}"},"query-input":{"@type":"PropertyValueSpecification","valueRequired":true,"valueName":"search_term_string"}}],"inLanguage":"es"},{"@type":"Organization","@id":"https:\/\/www.emagister.com\/blog\/#organization","name":"Emagister","url":"https:\/\/www.emagister.com\/blog\/","logo":{"@type":"ImageObject","inLanguage":"es","@id":"https:\/\/www.emagister.com\/blog\/#\/schema\/logo\/image\/","url":"https:\/\/www.emagister.com\/blog\/wp-content\/uploads\/2017\/02\/photo.png","contentUrl":"https:\/\/www.emagister.com\/blog\/wp-content\/uploads\/2017\/02\/photo.png","width":120,"height":120,"caption":"Emagister"},"image":{"@id":"https:\/\/www.emagister.com\/blog\/#\/schema\/logo\/image\/"},"sameAs":["https:\/\/www.facebook.com\/Emagister\/","https:\/\/x.com\/emagister","https:\/\/www.instagram.com\/emagister\/","https:\/\/www.linkedin.com\/company\/emagister-com\/","https:\/\/www.pinterest.es\/emagister\/","https:\/\/www.youtube.com\/user\/emagister\/","https:\/\/es.wikipedia.org\/wiki\/Emagister"]},{"@type":"Person","@id":"https:\/\/www.emagister.com\/blog\/#\/schema\/person\/776af158d79a20bccf84defca072a501","name":"Blog Emagister","image":{"@type":"ImageObject","inLanguage":"es","@id":"https:\/\/www.emagister.com\/blog\/#\/schema\/person\/image\/","url":"https:\/\/secure.gravatar.com\/avatar\/44dc9fc526e06eb47a16c88f9b66a081ab656cfa8d8ad442778aa78886bdaff1?s=96&r=g","contentUrl":"https:\/\/secure.gravatar.com\/avatar\/44dc9fc526e06eb47a16c88f9b66a081ab656cfa8d8ad442778aa78886bdaff1?s=96&r=g","caption":"Blog Emagister"},"url":"https:\/\/www.emagister.com\/blog\/author\/blog-emagister\/"}]}},"_links":{"self":[{"href":"https:\/\/www.emagister.com\/blog\/wp-json\/wp\/v2\/posts\/156312","targetHints":{"allow":["GET"]}}],"collection":[{"href":"https:\/\/www.emagister.com\/blog\/wp-json\/wp\/v2\/posts"}],"about":[{"href":"https:\/\/www.emagister.com\/blog\/wp-json\/wp\/v2\/types\/post"}],"author":[{"embeddable":true,"href":"https:\/\/www.emagister.com\/blog\/wp-json\/wp\/v2\/users\/285"}],"replies":[{"embeddable":true,"href":"https:\/\/www.emagister.com\/blog\/wp-json\/wp\/v2\/comments?post=156312"}],"version-history":[{"count":4,"href":"https:\/\/www.emagister.com\/blog\/wp-json\/wp\/v2\/posts\/156312\/revisions"}],"predecessor-version":[{"id":156316,"href":"https:\/\/www.emagister.com\/blog\/wp-json\/wp\/v2\/posts\/156312\/revisions\/156316"}],"wp:attachment":[{"href":"https:\/\/www.emagister.com\/blog\/wp-json\/wp\/v2\/media?parent=156312"}],"wp:term":[{"taxonomy":"category","embeddable":true,"href":"https:\/\/www.emagister.com\/blog\/wp-json\/wp\/v2\/categories?post=156312"},{"taxonomy":"post_tag","embeddable":true,"href":"https:\/\/www.emagister.com\/blog\/wp-json\/wp\/v2\/tags?post=156312"}],"curies":[{"name":"wp","href":"https:\/\/api.w.org\/{rel}","templated":true}]}}