{"id":156563,"date":"2023-10-10T13:02:59","date_gmt":"2023-10-10T11:02:59","guid":{"rendered":"https:\/\/www.emagister.com\/blog\/?p=156563"},"modified":"2023-10-10T13:03:01","modified_gmt":"2023-10-10T11:03:01","slug":"essae-formacion-se-estrena-en-la-fp-oficial-con-su-nuevo-centro-de-madrid","status":"publish","type":"post","link":"https:\/\/www.emagister.com\/blog\/essae-formacion-se-estrena-en-la-fp-oficial-con-su-nuevo-centro-de-madrid\/","title":{"rendered":"<strong>ESSAE Formaci\u00f3n se estrena en la FP Oficial con su nuevo centro de Madrid<\/strong>"},"content":{"rendered":"\n<p><strong><em>ESSAE Formaci\u00f3n acaba de abrir un centro de FP Oficial Sanitario en La Tablas (Madrid), donde se impartir\u00e1n ciclos formativos de grado medio y superior.<\/em><\/strong><\/p>\n\n\n\n<p>En 2022, la tasa de empleabilidad de la FP (42,2%) super\u00f3 por primera vez la tasa de los t\u00edtulos universitarios (38,5%). Teniendo en cuenta que esta tendencia <\/p>\n\n\n<div class=\"wp-block-image\">\n<figure class=\"alignright size-full\"><img loading=\"lazy\" decoding=\"async\" width=\"300\" height=\"200\" src=\"https:\/\/www.emagister.com\/blog\/wp-content\/uploads\/2023\/10\/image-27.png\" alt=\"\" class=\"wp-image-156564\" srcset=\"https:\/\/www.emagister.com\/blog\/wp-content\/uploads\/2023\/10\/image-27.png 300w, https:\/\/www.emagister.com\/blog\/wp-content\/uploads\/2023\/10\/image-27-245x163.png 245w, https:\/\/www.emagister.com\/blog\/wp-content\/uploads\/2023\/10\/image-27-80x53.png 80w\" sizes=\"auto, (max-width: 300px) 100vw, 300px\" \/><\/figure>\n<\/div>\n\n\n<p>continuar\u00e1 creciendo, y en un contexto en el cada vez m\u00e1s j\u00f3venes eligen la FP como alternativa a la universidad, <strong>ESSAE Formaci\u00f3n<\/strong> ha puesto en marcha un <strong>centro de FP Oficial Sanitario en Madrid<\/strong>, ubicado en el n\u00famero 6 de la Calle Isabel Colbrand (barrio de Las Tablas).<\/p>\n\n\n\n<p><strong>En \u00e9l se imparten, por el momento, <\/strong>los siguientes ciclos: <strong>Grado Medio de FP de Auxiliar de Enfermer\u00eda (TCAE)<\/strong>, el<strong> Grado Medio de FP de Farmacia y Parafarmacia<\/strong> y el <strong>Grado Superior de FP de Higiene Bucodental<\/strong>.\u00a0<\/p>\n\n\n\n<p>Irene Prieto, CEO del Grupo ESSAE, se\u00f1ala que \u201cla FP ofrece una formaci\u00f3n oficial, pr\u00e1ctica y directa, para especializar a los profesionales sanitarios con las m\u00e1ximas garant\u00edas y que se puedan incorporar a trabajar en un corto periodo de tiempo\u201d.&nbsp;<\/p>\n\n\n\n<p><strong>ESSAE, 20 a\u00f1os de experiencia sanitaria<\/strong><\/p>\n\n\n\n<p>Cuatro de cada diez ofertas de empleo ya buscan titulados con FP, lo que hace que cada vez m\u00e1s j\u00f3venes elijan esta formaci\u00f3n y, ante la <strong>falta de plazas en institutos p\u00fablicos<\/strong>, muchos optan por matricularse en centros privados de FP como ESSAE.&nbsp;<\/p>\n\n\n\n<p>Una de las ventajas de estudiar en ESSAE es que <strong>el alumno realiza pr\u00e1cticas en centros de trabajo<\/strong> como parte de su formaci\u00f3n, lo que aumenta sus posibilidades de conseguir un empleo estable. M\u00e1s del 60% de las empresas que cuentan con estudiantes de FP en pr\u00e1cticas deciden incorporarlos en su plantilla.<\/p>\n\n\n\n<p>Adem\u00e1s, la escuela de ESSAE tiene la ventaja de contar con <strong>dobles titulaciones universitarias y mentor\u00edas individualizadas<\/strong>, que ofrecen al alumno una atenci\u00f3n personalizada, acompa\u00f1\u00e1ndole en el proceso de desarrollo de las habilidades necesarias para el perfecto desempe\u00f1o de su labor profesional.\u00a0<br><strong>>> <\/strong><strong>Ver todos los cursos de ESSAE.<\/strong><\/p>\n","protected":false},"excerpt":{"rendered":"<p>ESSAE Formaci\u00f3n acaba de abrir un centro de FP Oficial Sanitario en La Tablas (Madrid), donde se impartir\u00e1n ciclos formativos &#8230; <a title=\"ESSAE Formaci\u00f3n se estrena en la FP Oficial con su nuevo centro de Madrid\" class=\"read-more\" href=\"https:\/\/www.emagister.com\/blog\/essae-formacion-se-estrena-en-la-fp-oficial-con-su-nuevo-centro-de-madrid\/\" aria-label=\"M\u00e1s en ESSAE Formaci\u00f3n se estrena en la FP Oficial con su nuevo centro de Madrid\">Leer m\u00e1s<\/a><\/p>\n","protected":false},"author":285,"featured_media":156565,"comment_status":"open","ping_status":"closed","sticky":false,"template":"","format":"standard","meta":{"_acf_changed":false,"inline_featured_image":false,"footnotes":""},"categories":[785],"tags":[10141,10531,11118],"class_list":["post-156563","post","type-post","status-publish","format-standard","has-post-thumbnail","hentry","category-nuestros-clientes","tag-noticiaselpais","tag-10531","tag-essae-escuela-superior","generate-columns","tablet-grid-50","mobile-grid-100","grid-parent","grid-25"],"acf":{"hreflang":[{"url":""}],"estilo_titulo":"","fecha":"no","bannerid1":"","bannerid2":"","noticiasElPais":{"custom_snippet_image":false,"custom_snippet_title":"","custom_snippet_description":""},"noticiasLaVanguardia":{"custom_snippet_image":false,"custom_snippet_title":"","custom_snippet_description":""},"mostrar_faldon":"-1","texto_faldon":"Descubre toda la oferta formativa de ESSAE ESCUELA SUPERIOR","link_faldon":"https:\/\/www.emagister.com\/essae-escuela-superior-cursos-61848-centrodetalles.htm","link_texto_faldon":"Ver cursos","link_button_faldon":"https:\/\/www.emagister.com\/essae-escuela-superior-cursos-61848-centrodetalles.htm"},"yoast_head":"<!-- This site is optimized with the Yoast SEO Premium plugin v18.1 (Yoast SEO v27.0) - https:\/\/yoast.com\/product\/yoast-seo-premium-wordpress\/ -->\n<title>ESSAE Formaci\u00f3n se estrena en la FP Oficial con su nuevo centro de Madrid - Blog Emagister<\/title>\n<meta name=\"robots\" content=\"index, follow\" \/>\n<link rel=\"canonical\" href=\"https:\/\/www.emagister.com\/blog\/essae-formacion-se-estrena-en-la-fp-oficial-con-su-nuevo-centro-de-madrid\/\" \/>\n<meta property=\"og:locale\" content=\"es_ES\" \/>\n<meta property=\"og:type\" content=\"article\" \/>\n<meta property=\"og:title\" content=\"ESSAE Formaci\u00f3n se estrena en la FP Oficial con su nuevo centro de Madrid\" \/>\n<meta property=\"og:description\" content=\"ESSAE Formaci\u00f3n acaba de abrir un centro de FP Oficial Sanitario en La Tablas (Madrid), donde se impartir\u00e1n ciclos formativos ... Leer m\u00e1s\" \/>\n<meta property=\"og:url\" content=\"https:\/\/www.emagister.com\/blog\/essae-formacion-se-estrena-en-la-fp-oficial-con-su-nuevo-centro-de-madrid\/\" \/>\n<meta property=\"og:site_name\" content=\"Blog Emagister\" \/>\n<meta property=\"article:publisher\" content=\"https:\/\/www.facebook.com\/Emagister\/\" \/>\n<meta property=\"article:published_time\" content=\"2023-10-10T11:02:59+00:00\" \/>\n<meta property=\"article:modified_time\" content=\"2023-10-10T11:03:01+00:00\" \/>\n<meta property=\"og:image\" content=\"https:\/\/www.emagister.com\/blog\/wp-content\/uploads\/2023\/10\/GettyImages-1457587309.jpg\" \/>\n\t<meta property=\"og:image:width\" content=\"2121\" \/>\n\t<meta property=\"og:image:height\" content=\"1414\" \/>\n\t<meta property=\"og:image:type\" content=\"image\/jpeg\" \/>\n<meta name=\"author\" content=\"Blog Emagister\" \/>\n<meta name=\"twitter:card\" content=\"summary_large_image\" \/>\n<meta name=\"twitter:creator\" content=\"@emagister\" \/>\n<meta name=\"twitter:site\" content=\"@emagister\" \/>\n<meta name=\"twitter:label1\" content=\"Escrito por\" \/>\n\t<meta name=\"twitter:data1\" content=\"Blog Emagister\" \/>\n\t<meta name=\"twitter:label2\" content=\"Tiempo de lectura\" \/>\n\t<meta name=\"twitter:data2\" content=\"2 minutos\" \/>\n<script type=\"application\/ld+json\" class=\"yoast-schema-graph\">{\"@context\":\"https:\/\/schema.org\",\"@graph\":[{\"@type\":\"Article\",\"@id\":\"https:\/\/www.emagister.com\/blog\/essae-formacion-se-estrena-en-la-fp-oficial-con-su-nuevo-centro-de-madrid\/#article\",\"isPartOf\":{\"@id\":\"https:\/\/www.emagister.com\/blog\/essae-formacion-se-estrena-en-la-fp-oficial-con-su-nuevo-centro-de-madrid\/\"},\"author\":{\"name\":\"Blog Emagister\",\"@id\":\"https:\/\/www.emagister.com\/blog\/#\/schema\/person\/776af158d79a20bccf84defca072a501\"},\"headline\":\"ESSAE Formaci\u00f3n se estrena en la FP Oficial con su nuevo centro de Madrid\",\"datePublished\":\"2023-10-10T11:02:59+00:00\",\"dateModified\":\"2023-10-10T11:03:01+00:00\",\"mainEntityOfPage\":{\"@id\":\"https:\/\/www.emagister.com\/blog\/essae-formacion-se-estrena-en-la-fp-oficial-con-su-nuevo-centro-de-madrid\/\"},\"wordCount\":364,\"commentCount\":0,\"publisher\":{\"@id\":\"https:\/\/www.emagister.com\/blog\/#organization\"},\"image\":{\"@id\":\"https:\/\/www.emagister.com\/blog\/essae-formacion-se-estrena-en-la-fp-oficial-con-su-nuevo-centro-de-madrid\/#primaryimage\"},\"thumbnailUrl\":\"https:\/\/www.emagister.com\/blog\/wp-content\/uploads\/2023\/10\/GettyImages-1457587309.jpg\",\"keywords\":[\"noticiasElPais\",\"120011160\",\"ESSAE ESCUELA SUPERIOR\"],\"articleSection\":[\"Nuestros clientes\"],\"inLanguage\":\"es\",\"potentialAction\":[{\"@type\":\"CommentAction\",\"name\":\"Comment\",\"target\":[\"https:\/\/www.emagister.com\/blog\/essae-formacion-se-estrena-en-la-fp-oficial-con-su-nuevo-centro-de-madrid\/#respond\"]}]},{\"@type\":\"WebPage\",\"@id\":\"https:\/\/www.emagister.com\/blog\/essae-formacion-se-estrena-en-la-fp-oficial-con-su-nuevo-centro-de-madrid\/\",\"url\":\"https:\/\/www.emagister.com\/blog\/essae-formacion-se-estrena-en-la-fp-oficial-con-su-nuevo-centro-de-madrid\/\",\"name\":\"ESSAE Formaci\u00f3n se estrena en la FP Oficial con su nuevo centro de Madrid - Blog Emagister\",\"isPartOf\":{\"@id\":\"https:\/\/www.emagister.com\/blog\/#website\"},\"primaryImageOfPage\":{\"@id\":\"https:\/\/www.emagister.com\/blog\/essae-formacion-se-estrena-en-la-fp-oficial-con-su-nuevo-centro-de-madrid\/#primaryimage\"},\"image\":{\"@id\":\"https:\/\/www.emagister.com\/blog\/essae-formacion-se-estrena-en-la-fp-oficial-con-su-nuevo-centro-de-madrid\/#primaryimage\"},\"thumbnailUrl\":\"https:\/\/www.emagister.com\/blog\/wp-content\/uploads\/2023\/10\/GettyImages-1457587309.jpg\",\"datePublished\":\"2023-10-10T11:02:59+00:00\",\"dateModified\":\"2023-10-10T11:03:01+00:00\",\"breadcrumb\":{\"@id\":\"https:\/\/www.emagister.com\/blog\/essae-formacion-se-estrena-en-la-fp-oficial-con-su-nuevo-centro-de-madrid\/#breadcrumb\"},\"inLanguage\":\"es\",\"potentialAction\":[{\"@type\":\"ReadAction\",\"target\":[\"https:\/\/www.emagister.com\/blog\/essae-formacion-se-estrena-en-la-fp-oficial-con-su-nuevo-centro-de-madrid\/\"]}]},{\"@type\":\"ImageObject\",\"inLanguage\":\"es\",\"@id\":\"https:\/\/www.emagister.com\/blog\/essae-formacion-se-estrena-en-la-fp-oficial-con-su-nuevo-centro-de-madrid\/#primaryimage\",\"url\":\"https:\/\/www.emagister.com\/blog\/wp-content\/uploads\/2023\/10\/GettyImages-1457587309.jpg\",\"contentUrl\":\"https:\/\/www.emagister.com\/blog\/wp-content\/uploads\/2023\/10\/GettyImages-1457587309.jpg\",\"width\":2121,\"height\":1414},{\"@type\":\"BreadcrumbList\",\"@id\":\"https:\/\/www.emagister.com\/blog\/essae-formacion-se-estrena-en-la-fp-oficial-con-su-nuevo-centro-de-madrid\/#breadcrumb\",\"itemListElement\":[{\"@type\":\"ListItem\",\"position\":1,\"name\":\"Blog Emagister\",\"item\":\"https:\/\/www.emagister.com\/blog\/\"},{\"@type\":\"ListItem\",\"position\":2,\"name\":\"Nuestros clientes\",\"item\":\"https:\/\/www.emagister.com\/blog\/nuestros-clientes\/\"},{\"@type\":\"ListItem\",\"position\":3,\"name\":\"ESSAE Formaci\u00f3n se estrena en la FP Oficial con su nuevo centro de Madrid\"}]},{\"@type\":\"WebSite\",\"@id\":\"https:\/\/www.emagister.com\/blog\/#website\",\"url\":\"https:\/\/www.emagister.com\/blog\/\",\"name\":\"Blog Emagister\",\"description\":\"Gu\u00eda de orientaci\u00f3n sobre estudios y tendencias de formaci\u00f3n\",\"publisher\":{\"@id\":\"https:\/\/www.emagister.com\/blog\/#organization\"},\"potentialAction\":[{\"@type\":\"SearchAction\",\"target\":{\"@type\":\"EntryPoint\",\"urlTemplate\":\"https:\/\/www.emagister.com\/blog\/?s={search_term_string}\"},\"query-input\":{\"@type\":\"PropertyValueSpecification\",\"valueRequired\":true,\"valueName\":\"search_term_string\"}}],\"inLanguage\":\"es\"},{\"@type\":\"Organization\",\"@id\":\"https:\/\/www.emagister.com\/blog\/#organization\",\"name\":\"Emagister\",\"url\":\"https:\/\/www.emagister.com\/blog\/\",\"logo\":{\"@type\":\"ImageObject\",\"inLanguage\":\"es\",\"@id\":\"https:\/\/www.emagister.com\/blog\/#\/schema\/logo\/image\/\",\"url\":\"https:\/\/www.emagister.com\/blog\/wp-content\/uploads\/2017\/02\/photo.png\",\"contentUrl\":\"https:\/\/www.emagister.com\/blog\/wp-content\/uploads\/2017\/02\/photo.png\",\"width\":120,\"height\":120,\"caption\":\"Emagister\"},\"image\":{\"@id\":\"https:\/\/www.emagister.com\/blog\/#\/schema\/logo\/image\/\"},\"sameAs\":[\"https:\/\/www.facebook.com\/Emagister\/\",\"https:\/\/x.com\/emagister\",\"https:\/\/www.instagram.com\/emagister\/\",\"https:\/\/www.linkedin.com\/company\/emagister-com\/\",\"https:\/\/www.pinterest.es\/emagister\/\",\"https:\/\/www.youtube.com\/user\/emagister\/\",\"https:\/\/es.wikipedia.org\/wiki\/Emagister\"]},{\"@type\":\"Person\",\"@id\":\"https:\/\/www.emagister.com\/blog\/#\/schema\/person\/776af158d79a20bccf84defca072a501\",\"name\":\"Blog Emagister\",\"image\":{\"@type\":\"ImageObject\",\"inLanguage\":\"es\",\"@id\":\"https:\/\/www.emagister.com\/blog\/#\/schema\/person\/image\/\",\"url\":\"https:\/\/secure.gravatar.com\/avatar\/44dc9fc526e06eb47a16c88f9b66a081ab656cfa8d8ad442778aa78886bdaff1?s=96&r=g\",\"contentUrl\":\"https:\/\/secure.gravatar.com\/avatar\/44dc9fc526e06eb47a16c88f9b66a081ab656cfa8d8ad442778aa78886bdaff1?s=96&r=g\",\"caption\":\"Blog Emagister\"},\"url\":\"https:\/\/www.emagister.com\/blog\/author\/blog-emagister\/\"}]}<\/script>\n<!-- \/ Yoast SEO Premium plugin. -->","yoast_head_json":{"title":"ESSAE Formaci\u00f3n se estrena en la FP Oficial con su nuevo centro de Madrid - Blog Emagister","robots":{"index":"index","follow":"follow"},"canonical":"https:\/\/www.emagister.com\/blog\/essae-formacion-se-estrena-en-la-fp-oficial-con-su-nuevo-centro-de-madrid\/","og_locale":"es_ES","og_type":"article","og_title":"ESSAE Formaci\u00f3n se estrena en la FP Oficial con su nuevo centro de Madrid","og_description":"ESSAE Formaci\u00f3n acaba de abrir un centro de FP Oficial Sanitario en La Tablas (Madrid), donde se impartir\u00e1n ciclos formativos ... Leer m\u00e1s","og_url":"https:\/\/www.emagister.com\/blog\/essae-formacion-se-estrena-en-la-fp-oficial-con-su-nuevo-centro-de-madrid\/","og_site_name":"Blog Emagister","article_publisher":"https:\/\/www.facebook.com\/Emagister\/","article_published_time":"2023-10-10T11:02:59+00:00","article_modified_time":"2023-10-10T11:03:01+00:00","og_image":[{"width":2121,"height":1414,"url":"https:\/\/www.emagister.com\/blog\/wp-content\/uploads\/2023\/10\/GettyImages-1457587309.jpg","type":"image\/jpeg"}],"author":"Blog Emagister","twitter_card":"summary_large_image","twitter_creator":"@emagister","twitter_site":"@emagister","twitter_misc":{"Escrito por":"Blog Emagister","Tiempo de lectura":"2 minutos"},"schema":{"@context":"https:\/\/schema.org","@graph":[{"@type":"Article","@id":"https:\/\/www.emagister.com\/blog\/essae-formacion-se-estrena-en-la-fp-oficial-con-su-nuevo-centro-de-madrid\/#article","isPartOf":{"@id":"https:\/\/www.emagister.com\/blog\/essae-formacion-se-estrena-en-la-fp-oficial-con-su-nuevo-centro-de-madrid\/"},"author":{"name":"Blog Emagister","@id":"https:\/\/www.emagister.com\/blog\/#\/schema\/person\/776af158d79a20bccf84defca072a501"},"headline":"ESSAE Formaci\u00f3n se estrena en la FP Oficial con su nuevo centro de Madrid","datePublished":"2023-10-10T11:02:59+00:00","dateModified":"2023-10-10T11:03:01+00:00","mainEntityOfPage":{"@id":"https:\/\/www.emagister.com\/blog\/essae-formacion-se-estrena-en-la-fp-oficial-con-su-nuevo-centro-de-madrid\/"},"wordCount":364,"commentCount":0,"publisher":{"@id":"https:\/\/www.emagister.com\/blog\/#organization"},"image":{"@id":"https:\/\/www.emagister.com\/blog\/essae-formacion-se-estrena-en-la-fp-oficial-con-su-nuevo-centro-de-madrid\/#primaryimage"},"thumbnailUrl":"https:\/\/www.emagister.com\/blog\/wp-content\/uploads\/2023\/10\/GettyImages-1457587309.jpg","keywords":["noticiasElPais","120011160","ESSAE ESCUELA SUPERIOR"],"articleSection":["Nuestros clientes"],"inLanguage":"es","potentialAction":[{"@type":"CommentAction","name":"Comment","target":["https:\/\/www.emagister.com\/blog\/essae-formacion-se-estrena-en-la-fp-oficial-con-su-nuevo-centro-de-madrid\/#respond"]}]},{"@type":"WebPage","@id":"https:\/\/www.emagister.com\/blog\/essae-formacion-se-estrena-en-la-fp-oficial-con-su-nuevo-centro-de-madrid\/","url":"https:\/\/www.emagister.com\/blog\/essae-formacion-se-estrena-en-la-fp-oficial-con-su-nuevo-centro-de-madrid\/","name":"ESSAE Formaci\u00f3n se estrena en la FP Oficial con su nuevo centro de Madrid - Blog Emagister","isPartOf":{"@id":"https:\/\/www.emagister.com\/blog\/#website"},"primaryImageOfPage":{"@id":"https:\/\/www.emagister.com\/blog\/essae-formacion-se-estrena-en-la-fp-oficial-con-su-nuevo-centro-de-madrid\/#primaryimage"},"image":{"@id":"https:\/\/www.emagister.com\/blog\/essae-formacion-se-estrena-en-la-fp-oficial-con-su-nuevo-centro-de-madrid\/#primaryimage"},"thumbnailUrl":"https:\/\/www.emagister.com\/blog\/wp-content\/uploads\/2023\/10\/GettyImages-1457587309.jpg","datePublished":"2023-10-10T11:02:59+00:00","dateModified":"2023-10-10T11:03:01+00:00","breadcrumb":{"@id":"https:\/\/www.emagister.com\/blog\/essae-formacion-se-estrena-en-la-fp-oficial-con-su-nuevo-centro-de-madrid\/#breadcrumb"},"inLanguage":"es","potentialAction":[{"@type":"ReadAction","target":["https:\/\/www.emagister.com\/blog\/essae-formacion-se-estrena-en-la-fp-oficial-con-su-nuevo-centro-de-madrid\/"]}]},{"@type":"ImageObject","inLanguage":"es","@id":"https:\/\/www.emagister.com\/blog\/essae-formacion-se-estrena-en-la-fp-oficial-con-su-nuevo-centro-de-madrid\/#primaryimage","url":"https:\/\/www.emagister.com\/blog\/wp-content\/uploads\/2023\/10\/GettyImages-1457587309.jpg","contentUrl":"https:\/\/www.emagister.com\/blog\/wp-content\/uploads\/2023\/10\/GettyImages-1457587309.jpg","width":2121,"height":1414},{"@type":"BreadcrumbList","@id":"https:\/\/www.emagister.com\/blog\/essae-formacion-se-estrena-en-la-fp-oficial-con-su-nuevo-centro-de-madrid\/#breadcrumb","itemListElement":[{"@type":"ListItem","position":1,"name":"Blog Emagister","item":"https:\/\/www.emagister.com\/blog\/"},{"@type":"ListItem","position":2,"name":"Nuestros clientes","item":"https:\/\/www.emagister.com\/blog\/nuestros-clientes\/"},{"@type":"ListItem","position":3,"name":"ESSAE Formaci\u00f3n se estrena en la FP Oficial con su nuevo centro de Madrid"}]},{"@type":"WebSite","@id":"https:\/\/www.emagister.com\/blog\/#website","url":"https:\/\/www.emagister.com\/blog\/","name":"Blog Emagister","description":"Gu\u00eda de orientaci\u00f3n sobre estudios y tendencias de formaci\u00f3n","publisher":{"@id":"https:\/\/www.emagister.com\/blog\/#organization"},"potentialAction":[{"@type":"SearchAction","target":{"@type":"EntryPoint","urlTemplate":"https:\/\/www.emagister.com\/blog\/?s={search_term_string}"},"query-input":{"@type":"PropertyValueSpecification","valueRequired":true,"valueName":"search_term_string"}}],"inLanguage":"es"},{"@type":"Organization","@id":"https:\/\/www.emagister.com\/blog\/#organization","name":"Emagister","url":"https:\/\/www.emagister.com\/blog\/","logo":{"@type":"ImageObject","inLanguage":"es","@id":"https:\/\/www.emagister.com\/blog\/#\/schema\/logo\/image\/","url":"https:\/\/www.emagister.com\/blog\/wp-content\/uploads\/2017\/02\/photo.png","contentUrl":"https:\/\/www.emagister.com\/blog\/wp-content\/uploads\/2017\/02\/photo.png","width":120,"height":120,"caption":"Emagister"},"image":{"@id":"https:\/\/www.emagister.com\/blog\/#\/schema\/logo\/image\/"},"sameAs":["https:\/\/www.facebook.com\/Emagister\/","https:\/\/x.com\/emagister","https:\/\/www.instagram.com\/emagister\/","https:\/\/www.linkedin.com\/company\/emagister-com\/","https:\/\/www.pinterest.es\/emagister\/","https:\/\/www.youtube.com\/user\/emagister\/","https:\/\/es.wikipedia.org\/wiki\/Emagister"]},{"@type":"Person","@id":"https:\/\/www.emagister.com\/blog\/#\/schema\/person\/776af158d79a20bccf84defca072a501","name":"Blog Emagister","image":{"@type":"ImageObject","inLanguage":"es","@id":"https:\/\/www.emagister.com\/blog\/#\/schema\/person\/image\/","url":"https:\/\/secure.gravatar.com\/avatar\/44dc9fc526e06eb47a16c88f9b66a081ab656cfa8d8ad442778aa78886bdaff1?s=96&r=g","contentUrl":"https:\/\/secure.gravatar.com\/avatar\/44dc9fc526e06eb47a16c88f9b66a081ab656cfa8d8ad442778aa78886bdaff1?s=96&r=g","caption":"Blog Emagister"},"url":"https:\/\/www.emagister.com\/blog\/author\/blog-emagister\/"}]}},"_links":{"self":[{"href":"https:\/\/www.emagister.com\/blog\/wp-json\/wp\/v2\/posts\/156563","targetHints":{"allow":["GET"]}}],"collection":[{"href":"https:\/\/www.emagister.com\/blog\/wp-json\/wp\/v2\/posts"}],"about":[{"href":"https:\/\/www.emagister.com\/blog\/wp-json\/wp\/v2\/types\/post"}],"author":[{"embeddable":true,"href":"https:\/\/www.emagister.com\/blog\/wp-json\/wp\/v2\/users\/285"}],"replies":[{"embeddable":true,"href":"https:\/\/www.emagister.com\/blog\/wp-json\/wp\/v2\/comments?post=156563"}],"version-history":[{"count":2,"href":"https:\/\/www.emagister.com\/blog\/wp-json\/wp\/v2\/posts\/156563\/revisions"}],"predecessor-version":[{"id":156567,"href":"https:\/\/www.emagister.com\/blog\/wp-json\/wp\/v2\/posts\/156563\/revisions\/156567"}],"wp:featuredmedia":[{"embeddable":true,"href":"https:\/\/www.emagister.com\/blog\/wp-json\/wp\/v2\/media\/156565"}],"wp:attachment":[{"href":"https:\/\/www.emagister.com\/blog\/wp-json\/wp\/v2\/media?parent=156563"}],"wp:term":[{"taxonomy":"category","embeddable":true,"href":"https:\/\/www.emagister.com\/blog\/wp-json\/wp\/v2\/categories?post=156563"},{"taxonomy":"post_tag","embeddable":true,"href":"https:\/\/www.emagister.com\/blog\/wp-json\/wp\/v2\/tags?post=156563"}],"curies":[{"name":"wp","href":"https:\/\/api.w.org\/{rel}","templated":true}]}}