{"id":16095,"date":"2014-10-07T16:37:42","date_gmt":"2014-10-07T14:37:42","guid":{"rendered":"https:\/\/www.emagister.com\/blog\/?p=16095"},"modified":"2021-05-03T12:04:55","modified_gmt":"2021-05-03T10:04:55","slug":"marca-la-diferencia","status":"publish","type":"post","link":"https:\/\/www.emagister.com\/blog\/marca-la-diferencia\/","title":{"rendered":"Trabaja el &#8216;branding&#8217; de tu empresa y marca la diferencia"},"content":{"rendered":"<p>Las marcas corporativas son mucho m\u00e1s que un logotipo que, grabado en una etiqueta, diferencia los productos. Las marcas, s\u00ed, diferencian pero van mucho m\u00e1s all\u00e1. De esto se encarga el <a href=\"https:\/\/www.emagister.com\/cursos-branding-kwes-126.htm?pfichas=5795\" target=\"_blank\" rel=\"noopener\"><em>branding<\/em><\/a>, la disciplina que trabaja con las <strong>marcas<\/strong> como esos <strong>intangibles que nos generan emociones<\/strong>. \u00bfQui\u00e9n no se ha sentido orgulloso de pertenecer a un colectivo o ha afirmado alguna vez eso de \u201cyo soy de <em>Cola Cao<\/em>\u201d?.<\/p>\n<p><strong>Las marcas hacen que nos sintamos parte de un grupo y que con ellas, expresemos, incluso, valores<\/strong>. Pero, \u00bfson de esto conscientes las empresas en nuestro pa\u00eds? Un estudio elaborado por Aebrand (Asociaci\u00f3n espa\u00f1ola de empresas de branding) en colaboraci\u00f3n con ESADE Brand Institute revela la situaci\u00f3n del branding en Espa\u00f1a. Este informe se ha elaborado a partir de encuestas online a personas con responsabilidad directa en gesti\u00f3n de marca corporativa.<\/p>\n<p><!--more--><\/p>\n<p><b>Qu\u00e9 es la marca corporativa<\/b><\/p>\n<p><b><\/b>El <strong>84%<\/strong> de los encuestados todav\u00eda entiende por <strong>marca corporativa la expresi\u00f3n gr\u00e1fica de su identidad<\/strong> (<em>naming, logo, colores corporativos\u2026<\/em>) y el 79% cree que es un activo intangible de alto valor estrat\u00e9gico.<\/p>\n<p><b>Qu\u00e9 constituyen las marcas corporativas<\/b><\/p>\n<p><b><\/b>Seg\u00fan dicho estudio, para el <strong>44% de los encuestados, los valores corporativos tienen mucha importancia<\/strong>, <strong>seguidos por la historia de la empresa<\/strong>, la cultura organizativa, el personaje clave de la organizaci\u00f3n en la actualidad y el patrimonio de la empresa.<\/p>\n<p><b>Qu\u00e9 p\u00fablicos se tienen en cuenta&#8230;<\/b><\/p>\n<p><b><\/b>Principalmente, <strong>los clientes son los m\u00e1s considerados, en un 91% de los casos<\/strong>, <strong>seguidos por los consumidores finales (76%),<\/strong> los empleados (67%) y los accionistas (61%). Llama la atenci\u00f3n que no se tengan en cuenta a los medios de comunicaci\u00f3n, cuando son uno de los p\u00fablicos m\u00e1s influyentes y que todo mapa de p\u00fablicos de una organizaci\u00f3n deber\u00eda considerar.<\/p>\n<p><b>Para qu\u00e9 es importante la marca<\/b><\/p>\n<p><b><\/b><strong>El 92% responde que para la imagen y la reputaci\u00f3n de la empresa<\/strong>. El 72% para la relaci\u00f3n con los grupos de inter\u00e9s externo, el 70% para la definici\u00f3n de la estrategia y el 59% para la alineaci\u00f3n del personal con los objetivos empresariales.<\/p>\n<p><b>Objetivos de marca<\/b><\/p>\n<p><b><\/b>Para <strong>el 86% de los encuestados, el objetivo principal de la marca corporativa es contribuir a la reputaci\u00f3n corporativa<\/strong>. Despu\u00e9s, le siguen generar v\u00ednculos con clientes y ofrecer garant\u00eda de calidad para marcas producto.<\/p>\n<p>La marca en s\u00ed, y esto es algo que pronto aprend\u00ed en la universidad, constituye un factor clave y esencial para el \u00e9xito de una empresa. Pero tambi\u00e9n hay factores que contribuyen al \u00e9xito de una marca. Es el caso del compromiso de la alta direcci\u00f3n, que tiene mucha importancia para el 78% de los encuestados, la claridad de los objetivos estrat\u00e9gicos de la marca, es muy relevante para el 67%, y la alineaci\u00f3n estrat\u00e9gica interna de la organizaci\u00f3n, que es muy importante para el 56%.<\/p>\n<p>En conclusi\u00f3n, <strong>las empresas deben invertir en potenciar y proteger un activo tan valioso como es la marca<\/strong>. De este modo, el <em>branding<\/em> crecer\u00e1 como sector en el que trabajan muchos profesionales.<\/p>\n","protected":false},"excerpt":{"rendered":"<p>Las marcas corporativas son mucho m\u00e1s que un logotipo que, grabado en una etiqueta, diferencia los productos. Las marcas, s\u00ed, &#8230; <a title=\"Trabaja el &#8216;branding&#8217; de tu empresa y marca la diferencia\" class=\"read-more\" href=\"https:\/\/www.emagister.com\/blog\/marca-la-diferencia\/\" aria-label=\"M\u00e1s en Trabaja el &#8216;branding&#8217; de tu empresa y marca la diferencia\">Leer m\u00e1s<\/a><\/p>\n","protected":false},"author":123,"featured_media":16232,"comment_status":"open","ping_status":"open","sticky":false,"template":"","format":"standard","meta":{"_acf_changed":false,"inline_featured_image":false,"footnotes":""},"categories":[759],"tags":[103,667,1161,1236],"class_list":["post-16095","post","type-post","status-publish","format-standard","has-post-thumbnail","hentry","category-para-profesionales","tag-empresas","tag-marca","tag-marca-personal","tag-branding-empresas","generate-columns","tablet-grid-50","mobile-grid-100","grid-parent","grid-25"],"acf":{"bannerid1":null,"bannerid2":null,"hreflang":null,"estilo_titulo":null,"fecha":null,"mostrar_faldon":null,"texto_faldon":null,"link_faldon":null,"link_texto_faldon":null,"link_button_faldon":null,"noticiasElPais":null,"noticiasLaVanguardia":null},"yoast_head":"<!-- This site is optimized with the Yoast SEO Premium plugin v18.1 (Yoast SEO v27.0) - https:\/\/yoast.com\/product\/yoast-seo-premium-wordpress\/ -->\n<title>Trabaja el &#039;branding&#039; de tu empresa y marca la diferencia - Blog Emagister<\/title>\n<meta name=\"robots\" content=\"index, follow\" \/>\n<link rel=\"canonical\" href=\"https:\/\/www.emagister.com\/blog\/marca-la-diferencia\/\" \/>\n<meta property=\"og:locale\" content=\"es_ES\" \/>\n<meta property=\"og:type\" content=\"article\" \/>\n<meta property=\"og:title\" content=\"Trabaja el &#039;branding&#039; de tu empresa y marca la diferencia\" \/>\n<meta property=\"og:description\" content=\"Las marcas corporativas son mucho m\u00e1s que un logotipo que, grabado en una etiqueta, diferencia los productos. Las marcas, s\u00ed, ... Leer m\u00e1s\" \/>\n<meta property=\"og:url\" content=\"https:\/\/www.emagister.com\/blog\/marca-la-diferencia\/\" \/>\n<meta property=\"og:site_name\" content=\"Blog Emagister\" \/>\n<meta property=\"article:publisher\" content=\"https:\/\/www.facebook.com\/Emagister\/\" \/>\n<meta property=\"article:published_time\" content=\"2014-10-07T14:37:42+00:00\" \/>\n<meta property=\"article:modified_time\" content=\"2021-05-03T10:04:55+00:00\" \/>\n<meta property=\"og:image\" content=\"https:\/\/www.emagister.com\/blog\/wp-content\/uploads\/2014\/09\/462048891.jpg\" \/>\n\t<meta property=\"og:image:width\" content=\"2122\" \/>\n\t<meta property=\"og:image:height\" content=\"1415\" \/>\n\t<meta property=\"og:image:type\" content=\"image\/jpeg\" \/>\n<meta name=\"author\" content=\"Ana Costa\" \/>\n<meta name=\"twitter:card\" content=\"summary_large_image\" \/>\n<meta name=\"twitter:creator\" content=\"@anacostagozalbo\" \/>\n<meta name=\"twitter:site\" content=\"@emagister\" \/>\n<meta name=\"twitter:label1\" content=\"Escrito por\" \/>\n\t<meta name=\"twitter:data1\" content=\"Ana Costa\" \/>\n\t<meta name=\"twitter:label2\" content=\"Tiempo de lectura\" \/>\n\t<meta name=\"twitter:data2\" content=\"3 minutos\" \/>\n<script type=\"application\/ld+json\" class=\"yoast-schema-graph\">{\"@context\":\"https:\/\/schema.org\",\"@graph\":[{\"@type\":\"Article\",\"@id\":\"https:\/\/www.emagister.com\/blog\/marca-la-diferencia\/#article\",\"isPartOf\":{\"@id\":\"https:\/\/www.emagister.com\/blog\/marca-la-diferencia\/\"},\"author\":{\"name\":\"Ana Costa\",\"@id\":\"https:\/\/www.emagister.com\/blog\/#\/schema\/person\/cf86cc89e3a43ee72ac920e5eb720b24\"},\"headline\":\"Trabaja el &#8216;branding&#8217; de tu empresa y marca la diferencia\",\"datePublished\":\"2014-10-07T14:37:42+00:00\",\"dateModified\":\"2021-05-03T10:04:55+00:00\",\"mainEntityOfPage\":{\"@id\":\"https:\/\/www.emagister.com\/blog\/marca-la-diferencia\/\"},\"wordCount\":529,\"commentCount\":0,\"publisher\":{\"@id\":\"https:\/\/www.emagister.com\/blog\/#organization\"},\"image\":{\"@id\":\"https:\/\/www.emagister.com\/blog\/marca-la-diferencia\/#primaryimage\"},\"thumbnailUrl\":\"https:\/\/www.emagister.com\/blog\/wp-content\/uploads\/2014\/09\/462048891.jpg\",\"keywords\":[\"empresas\",\"marca\",\"marca personal\",\"branding empresas\"],\"articleSection\":[\"Competencias profesionales\"],\"inLanguage\":\"es\",\"potentialAction\":[{\"@type\":\"CommentAction\",\"name\":\"Comment\",\"target\":[\"https:\/\/www.emagister.com\/blog\/marca-la-diferencia\/#respond\"]}]},{\"@type\":\"WebPage\",\"@id\":\"https:\/\/www.emagister.com\/blog\/marca-la-diferencia\/\",\"url\":\"https:\/\/www.emagister.com\/blog\/marca-la-diferencia\/\",\"name\":\"Trabaja el 'branding' de tu empresa y marca la diferencia - Blog Emagister\",\"isPartOf\":{\"@id\":\"https:\/\/www.emagister.com\/blog\/#website\"},\"primaryImageOfPage\":{\"@id\":\"https:\/\/www.emagister.com\/blog\/marca-la-diferencia\/#primaryimage\"},\"image\":{\"@id\":\"https:\/\/www.emagister.com\/blog\/marca-la-diferencia\/#primaryimage\"},\"thumbnailUrl\":\"https:\/\/www.emagister.com\/blog\/wp-content\/uploads\/2014\/09\/462048891.jpg\",\"datePublished\":\"2014-10-07T14:37:42+00:00\",\"dateModified\":\"2021-05-03T10:04:55+00:00\",\"breadcrumb\":{\"@id\":\"https:\/\/www.emagister.com\/blog\/marca-la-diferencia\/#breadcrumb\"},\"inLanguage\":\"es\",\"potentialAction\":[{\"@type\":\"ReadAction\",\"target\":[\"https:\/\/www.emagister.com\/blog\/marca-la-diferencia\/\"]}]},{\"@type\":\"ImageObject\",\"inLanguage\":\"es\",\"@id\":\"https:\/\/www.emagister.com\/blog\/marca-la-diferencia\/#primaryimage\",\"url\":\"https:\/\/www.emagister.com\/blog\/wp-content\/uploads\/2014\/09\/462048891.jpg\",\"contentUrl\":\"https:\/\/www.emagister.com\/blog\/wp-content\/uploads\/2014\/09\/462048891.jpg\",\"width\":2122,\"height\":1415},{\"@type\":\"BreadcrumbList\",\"@id\":\"https:\/\/www.emagister.com\/blog\/marca-la-diferencia\/#breadcrumb\",\"itemListElement\":[{\"@type\":\"ListItem\",\"position\":1,\"name\":\"Blog Emagister\",\"item\":\"https:\/\/www.emagister.com\/blog\/\"},{\"@type\":\"ListItem\",\"position\":2,\"name\":\"Formaci\u00f3n continua\",\"item\":\"https:\/\/www.emagister.com\/blog\/formacion-continua\/\"},{\"@type\":\"ListItem\",\"position\":3,\"name\":\"Competencias profesionales\",\"item\":\"https:\/\/www.emagister.com\/blog\/formacion-continua\/para-profesionales\/\"},{\"@type\":\"ListItem\",\"position\":4,\"name\":\"Trabaja el &#8216;branding&#8217; de tu empresa y marca la diferencia\"}]},{\"@type\":\"WebSite\",\"@id\":\"https:\/\/www.emagister.com\/blog\/#website\",\"url\":\"https:\/\/www.emagister.com\/blog\/\",\"name\":\"Blog Emagister\",\"description\":\"Gu\u00eda de orientaci\u00f3n sobre estudios y tendencias de formaci\u00f3n\",\"publisher\":{\"@id\":\"https:\/\/www.emagister.com\/blog\/#organization\"},\"potentialAction\":[{\"@type\":\"SearchAction\",\"target\":{\"@type\":\"EntryPoint\",\"urlTemplate\":\"https:\/\/www.emagister.com\/blog\/?s={search_term_string}\"},\"query-input\":{\"@type\":\"PropertyValueSpecification\",\"valueRequired\":true,\"valueName\":\"search_term_string\"}}],\"inLanguage\":\"es\"},{\"@type\":\"Organization\",\"@id\":\"https:\/\/www.emagister.com\/blog\/#organization\",\"name\":\"Emagister\",\"url\":\"https:\/\/www.emagister.com\/blog\/\",\"logo\":{\"@type\":\"ImageObject\",\"inLanguage\":\"es\",\"@id\":\"https:\/\/www.emagister.com\/blog\/#\/schema\/logo\/image\/\",\"url\":\"https:\/\/www.emagister.com\/blog\/wp-content\/uploads\/2017\/02\/photo.png\",\"contentUrl\":\"https:\/\/www.emagister.com\/blog\/wp-content\/uploads\/2017\/02\/photo.png\",\"width\":120,\"height\":120,\"caption\":\"Emagister\"},\"image\":{\"@id\":\"https:\/\/www.emagister.com\/blog\/#\/schema\/logo\/image\/\"},\"sameAs\":[\"https:\/\/www.facebook.com\/Emagister\/\",\"https:\/\/x.com\/emagister\",\"https:\/\/www.instagram.com\/emagister\/\",\"https:\/\/www.linkedin.com\/company\/emagister-com\/\",\"https:\/\/www.pinterest.es\/emagister\/\",\"https:\/\/www.youtube.com\/user\/emagister\/\",\"https:\/\/es.wikipedia.org\/wiki\/Emagister\"]},{\"@type\":\"Person\",\"@id\":\"https:\/\/www.emagister.com\/blog\/#\/schema\/person\/cf86cc89e3a43ee72ac920e5eb720b24\",\"name\":\"Ana Costa\",\"image\":{\"@type\":\"ImageObject\",\"inLanguage\":\"es\",\"@id\":\"https:\/\/www.emagister.com\/blog\/#\/schema\/person\/image\/\",\"url\":\"https:\/\/secure.gravatar.com\/avatar\/3dff5b3a81d22ee31250888f92a372024d0ca7b0739682a76789295c9dff5515?s=96&r=g\",\"contentUrl\":\"https:\/\/secure.gravatar.com\/avatar\/3dff5b3a81d22ee31250888f92a372024d0ca7b0739682a76789295c9dff5515?s=96&r=g\",\"caption\":\"Ana Costa\"},\"description\":\"Publicista y periodista con experiencia en redacci\u00f3n de contenidos para medios digitales. Tambi\u00e9n me apasiona la locuci\u00f3n. En febrero de 2014, present\u00e9 el XXVIII Certamen de los Premios Nacionales a la Moda de la Comunidad Valenciana, organizado por la delegaci\u00f3n valenciana de ANDE, asociaci\u00f3n de nuevos y j\u00f3venes dise\u00f1adores. Usuario competente en el manejo y gesti\u00f3n de redes sociales.\",\"sameAs\":[\"https:\/\/x.com\/anacostagozalbo\"],\"url\":\"https:\/\/www.emagister.com\/blog\/author\/anacosta\/\"}]}<\/script>\n<!-- \/ Yoast SEO Premium plugin. -->","yoast_head_json":{"title":"Trabaja el 'branding' de tu empresa y marca la diferencia - Blog Emagister","robots":{"index":"index","follow":"follow"},"canonical":"https:\/\/www.emagister.com\/blog\/marca-la-diferencia\/","og_locale":"es_ES","og_type":"article","og_title":"Trabaja el 'branding' de tu empresa y marca la diferencia","og_description":"Las marcas corporativas son mucho m\u00e1s que un logotipo que, grabado en una etiqueta, diferencia los productos. Las marcas, s\u00ed, ... Leer m\u00e1s","og_url":"https:\/\/www.emagister.com\/blog\/marca-la-diferencia\/","og_site_name":"Blog Emagister","article_publisher":"https:\/\/www.facebook.com\/Emagister\/","article_published_time":"2014-10-07T14:37:42+00:00","article_modified_time":"2021-05-03T10:04:55+00:00","og_image":[{"width":2122,"height":1415,"url":"https:\/\/www.emagister.com\/blog\/wp-content\/uploads\/2014\/09\/462048891.jpg","type":"image\/jpeg"}],"author":"Ana Costa","twitter_card":"summary_large_image","twitter_creator":"@anacostagozalbo","twitter_site":"@emagister","twitter_misc":{"Escrito por":"Ana Costa","Tiempo de lectura":"3 minutos"},"schema":{"@context":"https:\/\/schema.org","@graph":[{"@type":"Article","@id":"https:\/\/www.emagister.com\/blog\/marca-la-diferencia\/#article","isPartOf":{"@id":"https:\/\/www.emagister.com\/blog\/marca-la-diferencia\/"},"author":{"name":"Ana Costa","@id":"https:\/\/www.emagister.com\/blog\/#\/schema\/person\/cf86cc89e3a43ee72ac920e5eb720b24"},"headline":"Trabaja el &#8216;branding&#8217; de tu empresa y marca la diferencia","datePublished":"2014-10-07T14:37:42+00:00","dateModified":"2021-05-03T10:04:55+00:00","mainEntityOfPage":{"@id":"https:\/\/www.emagister.com\/blog\/marca-la-diferencia\/"},"wordCount":529,"commentCount":0,"publisher":{"@id":"https:\/\/www.emagister.com\/blog\/#organization"},"image":{"@id":"https:\/\/www.emagister.com\/blog\/marca-la-diferencia\/#primaryimage"},"thumbnailUrl":"https:\/\/www.emagister.com\/blog\/wp-content\/uploads\/2014\/09\/462048891.jpg","keywords":["empresas","marca","marca personal","branding empresas"],"articleSection":["Competencias profesionales"],"inLanguage":"es","potentialAction":[{"@type":"CommentAction","name":"Comment","target":["https:\/\/www.emagister.com\/blog\/marca-la-diferencia\/#respond"]}]},{"@type":"WebPage","@id":"https:\/\/www.emagister.com\/blog\/marca-la-diferencia\/","url":"https:\/\/www.emagister.com\/blog\/marca-la-diferencia\/","name":"Trabaja el 'branding' de tu empresa y marca la diferencia - Blog Emagister","isPartOf":{"@id":"https:\/\/www.emagister.com\/blog\/#website"},"primaryImageOfPage":{"@id":"https:\/\/www.emagister.com\/blog\/marca-la-diferencia\/#primaryimage"},"image":{"@id":"https:\/\/www.emagister.com\/blog\/marca-la-diferencia\/#primaryimage"},"thumbnailUrl":"https:\/\/www.emagister.com\/blog\/wp-content\/uploads\/2014\/09\/462048891.jpg","datePublished":"2014-10-07T14:37:42+00:00","dateModified":"2021-05-03T10:04:55+00:00","breadcrumb":{"@id":"https:\/\/www.emagister.com\/blog\/marca-la-diferencia\/#breadcrumb"},"inLanguage":"es","potentialAction":[{"@type":"ReadAction","target":["https:\/\/www.emagister.com\/blog\/marca-la-diferencia\/"]}]},{"@type":"ImageObject","inLanguage":"es","@id":"https:\/\/www.emagister.com\/blog\/marca-la-diferencia\/#primaryimage","url":"https:\/\/www.emagister.com\/blog\/wp-content\/uploads\/2014\/09\/462048891.jpg","contentUrl":"https:\/\/www.emagister.com\/blog\/wp-content\/uploads\/2014\/09\/462048891.jpg","width":2122,"height":1415},{"@type":"BreadcrumbList","@id":"https:\/\/www.emagister.com\/blog\/marca-la-diferencia\/#breadcrumb","itemListElement":[{"@type":"ListItem","position":1,"name":"Blog Emagister","item":"https:\/\/www.emagister.com\/blog\/"},{"@type":"ListItem","position":2,"name":"Formaci\u00f3n continua","item":"https:\/\/www.emagister.com\/blog\/formacion-continua\/"},{"@type":"ListItem","position":3,"name":"Competencias profesionales","item":"https:\/\/www.emagister.com\/blog\/formacion-continua\/para-profesionales\/"},{"@type":"ListItem","position":4,"name":"Trabaja el &#8216;branding&#8217; de tu empresa y marca la diferencia"}]},{"@type":"WebSite","@id":"https:\/\/www.emagister.com\/blog\/#website","url":"https:\/\/www.emagister.com\/blog\/","name":"Blog Emagister","description":"Gu\u00eda de orientaci\u00f3n sobre estudios y tendencias de formaci\u00f3n","publisher":{"@id":"https:\/\/www.emagister.com\/blog\/#organization"},"potentialAction":[{"@type":"SearchAction","target":{"@type":"EntryPoint","urlTemplate":"https:\/\/www.emagister.com\/blog\/?s={search_term_string}"},"query-input":{"@type":"PropertyValueSpecification","valueRequired":true,"valueName":"search_term_string"}}],"inLanguage":"es"},{"@type":"Organization","@id":"https:\/\/www.emagister.com\/blog\/#organization","name":"Emagister","url":"https:\/\/www.emagister.com\/blog\/","logo":{"@type":"ImageObject","inLanguage":"es","@id":"https:\/\/www.emagister.com\/blog\/#\/schema\/logo\/image\/","url":"https:\/\/www.emagister.com\/blog\/wp-content\/uploads\/2017\/02\/photo.png","contentUrl":"https:\/\/www.emagister.com\/blog\/wp-content\/uploads\/2017\/02\/photo.png","width":120,"height":120,"caption":"Emagister"},"image":{"@id":"https:\/\/www.emagister.com\/blog\/#\/schema\/logo\/image\/"},"sameAs":["https:\/\/www.facebook.com\/Emagister\/","https:\/\/x.com\/emagister","https:\/\/www.instagram.com\/emagister\/","https:\/\/www.linkedin.com\/company\/emagister-com\/","https:\/\/www.pinterest.es\/emagister\/","https:\/\/www.youtube.com\/user\/emagister\/","https:\/\/es.wikipedia.org\/wiki\/Emagister"]},{"@type":"Person","@id":"https:\/\/www.emagister.com\/blog\/#\/schema\/person\/cf86cc89e3a43ee72ac920e5eb720b24","name":"Ana Costa","image":{"@type":"ImageObject","inLanguage":"es","@id":"https:\/\/www.emagister.com\/blog\/#\/schema\/person\/image\/","url":"https:\/\/secure.gravatar.com\/avatar\/3dff5b3a81d22ee31250888f92a372024d0ca7b0739682a76789295c9dff5515?s=96&r=g","contentUrl":"https:\/\/secure.gravatar.com\/avatar\/3dff5b3a81d22ee31250888f92a372024d0ca7b0739682a76789295c9dff5515?s=96&r=g","caption":"Ana Costa"},"description":"Publicista y periodista con experiencia en redacci\u00f3n de contenidos para medios digitales. Tambi\u00e9n me apasiona la locuci\u00f3n. En febrero de 2014, present\u00e9 el XXVIII Certamen de los Premios Nacionales a la Moda de la Comunidad Valenciana, organizado por la delegaci\u00f3n valenciana de ANDE, asociaci\u00f3n de nuevos y j\u00f3venes dise\u00f1adores. Usuario competente en el manejo y gesti\u00f3n de redes sociales.","sameAs":["https:\/\/x.com\/anacostagozalbo"],"url":"https:\/\/www.emagister.com\/blog\/author\/anacosta\/"}]}},"_links":{"self":[{"href":"https:\/\/www.emagister.com\/blog\/wp-json\/wp\/v2\/posts\/16095","targetHints":{"allow":["GET"]}}],"collection":[{"href":"https:\/\/www.emagister.com\/blog\/wp-json\/wp\/v2\/posts"}],"about":[{"href":"https:\/\/www.emagister.com\/blog\/wp-json\/wp\/v2\/types\/post"}],"author":[{"embeddable":true,"href":"https:\/\/www.emagister.com\/blog\/wp-json\/wp\/v2\/users\/123"}],"replies":[{"embeddable":true,"href":"https:\/\/www.emagister.com\/blog\/wp-json\/wp\/v2\/comments?post=16095"}],"version-history":[{"count":1,"href":"https:\/\/www.emagister.com\/blog\/wp-json\/wp\/v2\/posts\/16095\/revisions"}],"predecessor-version":[{"id":125818,"href":"https:\/\/www.emagister.com\/blog\/wp-json\/wp\/v2\/posts\/16095\/revisions\/125818"}],"wp:featuredmedia":[{"embeddable":true,"href":"https:\/\/www.emagister.com\/blog\/wp-json\/wp\/v2\/media\/16232"}],"wp:attachment":[{"href":"https:\/\/www.emagister.com\/blog\/wp-json\/wp\/v2\/media?parent=16095"}],"wp:term":[{"taxonomy":"category","embeddable":true,"href":"https:\/\/www.emagister.com\/blog\/wp-json\/wp\/v2\/categories?post=16095"},{"taxonomy":"post_tag","embeddable":true,"href":"https:\/\/www.emagister.com\/blog\/wp-json\/wp\/v2\/tags?post=16095"}],"curies":[{"name":"wp","href":"https:\/\/api.w.org\/{rel}","templated":true}]}}