{"id":16996,"date":"2014-12-15T12:00:20","date_gmt":"2014-12-15T11:00:20","guid":{"rendered":"https:\/\/www.emagister.com\/blog\/?p=16996"},"modified":"2017-07-12T16:17:40","modified_gmt":"2017-07-12T14:17:40","slug":"intef-cursos-en-red-para-profesorado-universitario","status":"publish","type":"post","link":"https:\/\/www.emagister.com\/blog\/intef-cursos-en-red-para-profesorado-universitario\/","title":{"rendered":"INTEF: Cursos en red para profesorado no universitario"},"content":{"rendered":"<p>El Ministerio de Educaci\u00f3n, a trav\u00e9s del Instituto Nacional de Tecnolog\u00edas Educativas y de Formaci\u00f3n del Profesorado (INTEF), ha abierto la convocatoria para adjudicar\u00a010.000 plazas (en dos convocatorias) para realizar cursos de formaci\u00f3n en red para el profesorado\u00a0no universitario.<\/p>\n<p>El INTEF trabaja mediante una plataforma moodle en su\u00a0portal <strong>Formaci\u00f3n en Red<\/strong> para ofrecer a docentes no universitarios que trabajen en centros financiados con fondos p\u00fablicos una amplia variedad de cursos de actualizaci\u00f3n en contenidos y competencias docentes. Las actividades son pr\u00e1cticas y el concepto de \u00abred\u00bb implica que una parte del conocimiento se adquire a partir de la interacci\u00f3n con otros profesores que realicen el curso.<\/p>\n<p>Si trabajas en docencia en instituciones p\u00fablicas, sigue leyendo para saber m\u00e1s.<\/p>\n<p><!--more--><\/p>\n<p><strong>\u00bfQui\u00e9nes pueden presentarse a esta convocatoria?<\/strong><\/p>\n<p>La convocatoria estar\u00e1 abierta desde el 15 hasta el\u00a029 de enero de 2015 para docentes, asesores de\u00a0formaci\u00f3n, asesores t\u00e9cnicos docentes, miembros de los departamentos de orientaci\u00f3n y\u00a0de equipos de orientaci\u00f3n o de atenci\u00f3n temprana de los centros no universitarios sostenidos con fondos\u00a0p\u00fablicos.\u00a0Tambi\u00e9n hay\u00a0plazas para los docentes y asesores t\u00e9cnicos\u00a0docentes que participen en los programas del Ministerio de Educaci\u00f3n, Cultura y Deporte\u00a0en el exterior.<\/p>\n<p>La segunda convocatoria se abrir\u00e1 el 15 de mayo de 2015.<\/p>\n<p><strong>\u00bfQu\u00e9 ofrece el INTEF?<\/strong><\/p>\n<p>Los cursos son online, de dos meses de duraci\u00f3n aproximadamente (70 horas) y en esta convocatoria hay\u00a022 cursos\u00a0disponibles. Algunos tienen requisitos espec\u00edficos (para docentes de educaci\u00f3n infantil o primaria, educaci\u00f3n en ingl\u00e9s, matem\u00e1ticas o ciencias), pero la mayor\u00eda apunta a mejorar las competencias TIC del profesorado, y actualizar as\u00ed sus habilidades docentes para las nuevas generaciones. Solo se puede solicitar un curso por convocatoria.<\/p>\n<p><strong>\u00bfC\u00f3mo presento mi solicitud?<\/strong><\/p>\n<p>Los interesados en solicitar una plaza para un curso de la primera convocatoria deben rellenar la solicitud a trav\u00e9s del apartado Tr\u00e1mites y servicios de la p\u00e1gina web del Ministerio. Debes incluir tus datos y tus certificaciones escaneadas en formato PDF, y confirmar la solicitud mediante firma electr\u00f3nica.<\/p>\n<p>Los documentos que debes presentar son los siguientes:<\/p>\n<ul>\n<li>certificado firmado y sellado de estar impartiendo docencia directa, de\u00a0trabajar\u00a0como asesor de formaci\u00f3n o asesor t\u00e9cnico docente,\u00a0expedidos por el centro de trabajo seg\u00fan anexo III<\/li>\n<li>certificaci\u00f3n de otros m\u00e9ritos (ser funcionario, trabajar en Ceuta o Melilla, ejercer de director, coordinador, o participar en proyectos de innovaci\u00f3n docente, o haber recibido premios otorgados por el MEC).<\/li>\n<\/ul>\n<p><strong>\u00bfC\u00f3mo se seleccionan los candidatos?<\/strong><\/p>\n<p>El sistema de selecci\u00f3n es de concurrencia competitiva, de tal forma que las solicitudes se priorizar\u00e1n de acuerdo con la puntuaci\u00f3n obtenida siguiendo los baremos establecidos en la convocatoria. Una vez realizados los listados priorizados, se adjudicar\u00e1n en orden las plazas disponibles para cada curso. Algunos cursos tienen muchas plazas, por lo que podr\u00edan aceptarse todos los candidatos.<\/p>\n<p>El proceso de digitalizaci\u00f3n creciente que vive nuestra sociedad debe ser tenido en cuenta desde las etapas m\u00e1s b\u00e1sicas de educaci\u00f3n y el profesorado debe <a href=\"https:\/\/www.emagister.com\/innovacion-educativa-tps-1867408.htm?pfichas=5795\">capacitarse <\/a>para saber entender la realidad m\u00e1s directa del alumnado, y\u00a0poder orientar esas habilidades de forma que el estudiante pueda aplicarlas a su educaci\u00f3n y a su futuro laboral.<\/p>\n","protected":false},"excerpt":{"rendered":"<p>El Ministerio de Educaci\u00f3n, a trav\u00e9s del Instituto Nacional de Tecnolog\u00edas Educativas y de Formaci\u00f3n del Profesorado (INTEF), ha abierto &#8230; <a title=\"INTEF: Cursos en red para profesorado no universitario\" class=\"read-more\" href=\"https:\/\/www.emagister.com\/blog\/intef-cursos-en-red-para-profesorado-universitario\/\" aria-label=\"M\u00e1s en INTEF: Cursos en red para profesorado no universitario\">Leer m\u00e1s<\/a><\/p>\n","protected":false},"author":119,"featured_media":17023,"comment_status":"open","ping_status":"open","sticky":false,"template":"","format":"standard","meta":{"_acf_changed":false,"inline_featured_image":false,"footnotes":""},"categories":[759],"tags":[1446,954,1444,1445],"class_list":["post-16996","post","type-post","status-publish","format-standard","has-post-thumbnail","hentry","category-para-profesionales","tag-intef","tag-profesorado","tag-formacion-en-red","tag-mec","generate-columns","tablet-grid-50","mobile-grid-100","grid-parent","grid-25"],"acf":{"bannerid1":null,"bannerid2":null,"hreflang":null,"estilo_titulo":null,"fecha":null,"mostrar_faldon":null,"texto_faldon":null,"link_faldon":null,"link_texto_faldon":null,"link_button_faldon":null,"noticiasElPais":null,"noticiasLaVanguardia":null},"yoast_head":"<!-- This site is optimized with the Yoast SEO Premium plugin v18.1 (Yoast SEO v27.0) - https:\/\/yoast.com\/product\/yoast-seo-premium-wordpress\/ -->\n<title>INTEF: Cursos en red para profesorado no universitario - Blog Emagister<\/title>\n<meta name=\"robots\" content=\"index, follow\" \/>\n<link rel=\"canonical\" href=\"https:\/\/www.emagister.com\/blog\/intef-cursos-en-red-para-profesorado-universitario\/\" \/>\n<meta property=\"og:locale\" content=\"es_ES\" \/>\n<meta property=\"og:type\" content=\"article\" \/>\n<meta property=\"og:title\" content=\"INTEF: Cursos en red para profesorado no universitario\" \/>\n<meta property=\"og:description\" content=\"El Ministerio de Educaci\u00f3n, a trav\u00e9s del Instituto Nacional de Tecnolog\u00edas Educativas y de Formaci\u00f3n del Profesorado (INTEF), ha abierto ... Leer m\u00e1s\" \/>\n<meta property=\"og:url\" content=\"https:\/\/www.emagister.com\/blog\/intef-cursos-en-red-para-profesorado-universitario\/\" \/>\n<meta property=\"og:site_name\" content=\"Blog Emagister\" \/>\n<meta property=\"article:publisher\" content=\"https:\/\/www.facebook.com\/Emagister\/\" \/>\n<meta property=\"article:published_time\" content=\"2014-12-15T11:00:20+00:00\" \/>\n<meta property=\"article:modified_time\" content=\"2017-07-12T14:17:40+00:00\" \/>\n<meta property=\"og:image\" content=\"https:\/\/www.emagister.com\/blog\/wp-content\/uploads\/2014\/12\/474238185.jpg\" \/>\n\t<meta property=\"og:image:width\" content=\"725\" \/>\n\t<meta property=\"og:image:height\" content=\"483\" \/>\n\t<meta property=\"og:image:type\" content=\"image\/jpeg\" \/>\n<meta name=\"author\" content=\"Paula Meiss\" \/>\n<meta name=\"twitter:card\" content=\"summary_large_image\" \/>\n<meta name=\"twitter:creator\" content=\"@emagister\" \/>\n<meta name=\"twitter:site\" content=\"@emagister\" \/>\n<meta name=\"twitter:label1\" content=\"Escrito por\" \/>\n\t<meta name=\"twitter:data1\" content=\"Paula Meiss\" \/>\n\t<meta name=\"twitter:label2\" content=\"Tiempo de lectura\" \/>\n\t<meta name=\"twitter:data2\" content=\"3 minutos\" \/>\n<script type=\"application\/ld+json\" class=\"yoast-schema-graph\">{\"@context\":\"https:\/\/schema.org\",\"@graph\":[{\"@type\":\"Article\",\"@id\":\"https:\/\/www.emagister.com\/blog\/intef-cursos-en-red-para-profesorado-universitario\/#article\",\"isPartOf\":{\"@id\":\"https:\/\/www.emagister.com\/blog\/intef-cursos-en-red-para-profesorado-universitario\/\"},\"author\":{\"name\":\"Paula Meiss\",\"@id\":\"https:\/\/www.emagister.com\/blog\/#\/schema\/person\/25a84f650780b171624e02b4b51c9d32\"},\"headline\":\"INTEF: Cursos en red para profesorado no universitario\",\"datePublished\":\"2014-12-15T11:00:20+00:00\",\"dateModified\":\"2017-07-12T14:17:40+00:00\",\"mainEntityOfPage\":{\"@id\":\"https:\/\/www.emagister.com\/blog\/intef-cursos-en-red-para-profesorado-universitario\/\"},\"wordCount\":567,\"commentCount\":0,\"publisher\":{\"@id\":\"https:\/\/www.emagister.com\/blog\/#organization\"},\"image\":{\"@id\":\"https:\/\/www.emagister.com\/blog\/intef-cursos-en-red-para-profesorado-universitario\/#primaryimage\"},\"thumbnailUrl\":\"https:\/\/www.emagister.com\/blog\/wp-content\/uploads\/2014\/12\/474238185.jpg\",\"keywords\":[\"INTEF\",\"profesorado\",\"formaci\u00f3n en red\",\"MEC\"],\"articleSection\":[\"Competencias profesionales\"],\"inLanguage\":\"es\",\"potentialAction\":[{\"@type\":\"CommentAction\",\"name\":\"Comment\",\"target\":[\"https:\/\/www.emagister.com\/blog\/intef-cursos-en-red-para-profesorado-universitario\/#respond\"]}]},{\"@type\":\"WebPage\",\"@id\":\"https:\/\/www.emagister.com\/blog\/intef-cursos-en-red-para-profesorado-universitario\/\",\"url\":\"https:\/\/www.emagister.com\/blog\/intef-cursos-en-red-para-profesorado-universitario\/\",\"name\":\"INTEF: Cursos en red para profesorado no universitario - Blog Emagister\",\"isPartOf\":{\"@id\":\"https:\/\/www.emagister.com\/blog\/#website\"},\"primaryImageOfPage\":{\"@id\":\"https:\/\/www.emagister.com\/blog\/intef-cursos-en-red-para-profesorado-universitario\/#primaryimage\"},\"image\":{\"@id\":\"https:\/\/www.emagister.com\/blog\/intef-cursos-en-red-para-profesorado-universitario\/#primaryimage\"},\"thumbnailUrl\":\"https:\/\/www.emagister.com\/blog\/wp-content\/uploads\/2014\/12\/474238185.jpg\",\"datePublished\":\"2014-12-15T11:00:20+00:00\",\"dateModified\":\"2017-07-12T14:17:40+00:00\",\"breadcrumb\":{\"@id\":\"https:\/\/www.emagister.com\/blog\/intef-cursos-en-red-para-profesorado-universitario\/#breadcrumb\"},\"inLanguage\":\"es\",\"potentialAction\":[{\"@type\":\"ReadAction\",\"target\":[\"https:\/\/www.emagister.com\/blog\/intef-cursos-en-red-para-profesorado-universitario\/\"]}]},{\"@type\":\"ImageObject\",\"inLanguage\":\"es\",\"@id\":\"https:\/\/www.emagister.com\/blog\/intef-cursos-en-red-para-profesorado-universitario\/#primaryimage\",\"url\":\"https:\/\/www.emagister.com\/blog\/wp-content\/uploads\/2014\/12\/474238185.jpg\",\"contentUrl\":\"https:\/\/www.emagister.com\/blog\/wp-content\/uploads\/2014\/12\/474238185.jpg\",\"width\":725,\"height\":483},{\"@type\":\"BreadcrumbList\",\"@id\":\"https:\/\/www.emagister.com\/blog\/intef-cursos-en-red-para-profesorado-universitario\/#breadcrumb\",\"itemListElement\":[{\"@type\":\"ListItem\",\"position\":1,\"name\":\"Blog Emagister\",\"item\":\"https:\/\/www.emagister.com\/blog\/\"},{\"@type\":\"ListItem\",\"position\":2,\"name\":\"Formaci\u00f3n continua\",\"item\":\"https:\/\/www.emagister.com\/blog\/formacion-continua\/\"},{\"@type\":\"ListItem\",\"position\":3,\"name\":\"Competencias profesionales\",\"item\":\"https:\/\/www.emagister.com\/blog\/formacion-continua\/para-profesionales\/\"},{\"@type\":\"ListItem\",\"position\":4,\"name\":\"INTEF: Cursos en red para profesorado no universitario\"}]},{\"@type\":\"WebSite\",\"@id\":\"https:\/\/www.emagister.com\/blog\/#website\",\"url\":\"https:\/\/www.emagister.com\/blog\/\",\"name\":\"Blog Emagister\",\"description\":\"Gu\u00eda de orientaci\u00f3n sobre estudios y tendencias de formaci\u00f3n\",\"publisher\":{\"@id\":\"https:\/\/www.emagister.com\/blog\/#organization\"},\"potentialAction\":[{\"@type\":\"SearchAction\",\"target\":{\"@type\":\"EntryPoint\",\"urlTemplate\":\"https:\/\/www.emagister.com\/blog\/?s={search_term_string}\"},\"query-input\":{\"@type\":\"PropertyValueSpecification\",\"valueRequired\":true,\"valueName\":\"search_term_string\"}}],\"inLanguage\":\"es\"},{\"@type\":\"Organization\",\"@id\":\"https:\/\/www.emagister.com\/blog\/#organization\",\"name\":\"Emagister\",\"url\":\"https:\/\/www.emagister.com\/blog\/\",\"logo\":{\"@type\":\"ImageObject\",\"inLanguage\":\"es\",\"@id\":\"https:\/\/www.emagister.com\/blog\/#\/schema\/logo\/image\/\",\"url\":\"https:\/\/www.emagister.com\/blog\/wp-content\/uploads\/2017\/02\/photo.png\",\"contentUrl\":\"https:\/\/www.emagister.com\/blog\/wp-content\/uploads\/2017\/02\/photo.png\",\"width\":120,\"height\":120,\"caption\":\"Emagister\"},\"image\":{\"@id\":\"https:\/\/www.emagister.com\/blog\/#\/schema\/logo\/image\/\"},\"sameAs\":[\"https:\/\/www.facebook.com\/Emagister\/\",\"https:\/\/x.com\/emagister\",\"https:\/\/www.instagram.com\/emagister\/\",\"https:\/\/www.linkedin.com\/company\/emagister-com\/\",\"https:\/\/www.pinterest.es\/emagister\/\",\"https:\/\/www.youtube.com\/user\/emagister\/\",\"https:\/\/es.wikipedia.org\/wiki\/Emagister\"]},{\"@type\":\"Person\",\"@id\":\"https:\/\/www.emagister.com\/blog\/#\/schema\/person\/25a84f650780b171624e02b4b51c9d32\",\"name\":\"Paula Meiss\",\"image\":{\"@type\":\"ImageObject\",\"inLanguage\":\"es\",\"@id\":\"https:\/\/www.emagister.com\/blog\/#\/schema\/person\/image\/\",\"url\":\"https:\/\/secure.gravatar.com\/avatar\/7193c30fd82ed3afcf43bad607755e070fa49e9367f36a498c3a037665babba0?s=96&r=g\",\"contentUrl\":\"https:\/\/secure.gravatar.com\/avatar\/7193c30fd82ed3afcf43bad607755e070fa49e9367f36a498c3a037665babba0?s=96&r=g\",\"caption\":\"Paula Meiss\"},\"description\":\"Traductora profesional desde 2009 y editora de publicaciones cient\u00edficas y de divulgaci\u00f3n en estudios literarios, humanidades y ciencias sociales. Con experiencia en SEO, traducci\u00f3n de p\u00e1ginas web y localizaci\u00f3n de contenidos para Latinoam\u00e9rica y Espa\u00f1a.\",\"url\":\"https:\/\/www.emagister.com\/blog\/author\/paula\/\"}]}<\/script>\n<!-- \/ Yoast SEO Premium plugin. -->","yoast_head_json":{"title":"INTEF: Cursos en red para profesorado no universitario - Blog Emagister","robots":{"index":"index","follow":"follow"},"canonical":"https:\/\/www.emagister.com\/blog\/intef-cursos-en-red-para-profesorado-universitario\/","og_locale":"es_ES","og_type":"article","og_title":"INTEF: Cursos en red para profesorado no universitario","og_description":"El Ministerio de Educaci\u00f3n, a trav\u00e9s del Instituto Nacional de Tecnolog\u00edas Educativas y de Formaci\u00f3n del Profesorado (INTEF), ha abierto ... Leer m\u00e1s","og_url":"https:\/\/www.emagister.com\/blog\/intef-cursos-en-red-para-profesorado-universitario\/","og_site_name":"Blog Emagister","article_publisher":"https:\/\/www.facebook.com\/Emagister\/","article_published_time":"2014-12-15T11:00:20+00:00","article_modified_time":"2017-07-12T14:17:40+00:00","og_image":[{"width":725,"height":483,"url":"https:\/\/www.emagister.com\/blog\/wp-content\/uploads\/2014\/12\/474238185.jpg","type":"image\/jpeg"}],"author":"Paula Meiss","twitter_card":"summary_large_image","twitter_creator":"@emagister","twitter_site":"@emagister","twitter_misc":{"Escrito por":"Paula Meiss","Tiempo de lectura":"3 minutos"},"schema":{"@context":"https:\/\/schema.org","@graph":[{"@type":"Article","@id":"https:\/\/www.emagister.com\/blog\/intef-cursos-en-red-para-profesorado-universitario\/#article","isPartOf":{"@id":"https:\/\/www.emagister.com\/blog\/intef-cursos-en-red-para-profesorado-universitario\/"},"author":{"name":"Paula Meiss","@id":"https:\/\/www.emagister.com\/blog\/#\/schema\/person\/25a84f650780b171624e02b4b51c9d32"},"headline":"INTEF: Cursos en red para profesorado no universitario","datePublished":"2014-12-15T11:00:20+00:00","dateModified":"2017-07-12T14:17:40+00:00","mainEntityOfPage":{"@id":"https:\/\/www.emagister.com\/blog\/intef-cursos-en-red-para-profesorado-universitario\/"},"wordCount":567,"commentCount":0,"publisher":{"@id":"https:\/\/www.emagister.com\/blog\/#organization"},"image":{"@id":"https:\/\/www.emagister.com\/blog\/intef-cursos-en-red-para-profesorado-universitario\/#primaryimage"},"thumbnailUrl":"https:\/\/www.emagister.com\/blog\/wp-content\/uploads\/2014\/12\/474238185.jpg","keywords":["INTEF","profesorado","formaci\u00f3n en red","MEC"],"articleSection":["Competencias profesionales"],"inLanguage":"es","potentialAction":[{"@type":"CommentAction","name":"Comment","target":["https:\/\/www.emagister.com\/blog\/intef-cursos-en-red-para-profesorado-universitario\/#respond"]}]},{"@type":"WebPage","@id":"https:\/\/www.emagister.com\/blog\/intef-cursos-en-red-para-profesorado-universitario\/","url":"https:\/\/www.emagister.com\/blog\/intef-cursos-en-red-para-profesorado-universitario\/","name":"INTEF: Cursos en red para profesorado no universitario - Blog Emagister","isPartOf":{"@id":"https:\/\/www.emagister.com\/blog\/#website"},"primaryImageOfPage":{"@id":"https:\/\/www.emagister.com\/blog\/intef-cursos-en-red-para-profesorado-universitario\/#primaryimage"},"image":{"@id":"https:\/\/www.emagister.com\/blog\/intef-cursos-en-red-para-profesorado-universitario\/#primaryimage"},"thumbnailUrl":"https:\/\/www.emagister.com\/blog\/wp-content\/uploads\/2014\/12\/474238185.jpg","datePublished":"2014-12-15T11:00:20+00:00","dateModified":"2017-07-12T14:17:40+00:00","breadcrumb":{"@id":"https:\/\/www.emagister.com\/blog\/intef-cursos-en-red-para-profesorado-universitario\/#breadcrumb"},"inLanguage":"es","potentialAction":[{"@type":"ReadAction","target":["https:\/\/www.emagister.com\/blog\/intef-cursos-en-red-para-profesorado-universitario\/"]}]},{"@type":"ImageObject","inLanguage":"es","@id":"https:\/\/www.emagister.com\/blog\/intef-cursos-en-red-para-profesorado-universitario\/#primaryimage","url":"https:\/\/www.emagister.com\/blog\/wp-content\/uploads\/2014\/12\/474238185.jpg","contentUrl":"https:\/\/www.emagister.com\/blog\/wp-content\/uploads\/2014\/12\/474238185.jpg","width":725,"height":483},{"@type":"BreadcrumbList","@id":"https:\/\/www.emagister.com\/blog\/intef-cursos-en-red-para-profesorado-universitario\/#breadcrumb","itemListElement":[{"@type":"ListItem","position":1,"name":"Blog Emagister","item":"https:\/\/www.emagister.com\/blog\/"},{"@type":"ListItem","position":2,"name":"Formaci\u00f3n continua","item":"https:\/\/www.emagister.com\/blog\/formacion-continua\/"},{"@type":"ListItem","position":3,"name":"Competencias profesionales","item":"https:\/\/www.emagister.com\/blog\/formacion-continua\/para-profesionales\/"},{"@type":"ListItem","position":4,"name":"INTEF: Cursos en red para profesorado no universitario"}]},{"@type":"WebSite","@id":"https:\/\/www.emagister.com\/blog\/#website","url":"https:\/\/www.emagister.com\/blog\/","name":"Blog Emagister","description":"Gu\u00eda de orientaci\u00f3n sobre estudios y tendencias de formaci\u00f3n","publisher":{"@id":"https:\/\/www.emagister.com\/blog\/#organization"},"potentialAction":[{"@type":"SearchAction","target":{"@type":"EntryPoint","urlTemplate":"https:\/\/www.emagister.com\/blog\/?s={search_term_string}"},"query-input":{"@type":"PropertyValueSpecification","valueRequired":true,"valueName":"search_term_string"}}],"inLanguage":"es"},{"@type":"Organization","@id":"https:\/\/www.emagister.com\/blog\/#organization","name":"Emagister","url":"https:\/\/www.emagister.com\/blog\/","logo":{"@type":"ImageObject","inLanguage":"es","@id":"https:\/\/www.emagister.com\/blog\/#\/schema\/logo\/image\/","url":"https:\/\/www.emagister.com\/blog\/wp-content\/uploads\/2017\/02\/photo.png","contentUrl":"https:\/\/www.emagister.com\/blog\/wp-content\/uploads\/2017\/02\/photo.png","width":120,"height":120,"caption":"Emagister"},"image":{"@id":"https:\/\/www.emagister.com\/blog\/#\/schema\/logo\/image\/"},"sameAs":["https:\/\/www.facebook.com\/Emagister\/","https:\/\/x.com\/emagister","https:\/\/www.instagram.com\/emagister\/","https:\/\/www.linkedin.com\/company\/emagister-com\/","https:\/\/www.pinterest.es\/emagister\/","https:\/\/www.youtube.com\/user\/emagister\/","https:\/\/es.wikipedia.org\/wiki\/Emagister"]},{"@type":"Person","@id":"https:\/\/www.emagister.com\/blog\/#\/schema\/person\/25a84f650780b171624e02b4b51c9d32","name":"Paula Meiss","image":{"@type":"ImageObject","inLanguage":"es","@id":"https:\/\/www.emagister.com\/blog\/#\/schema\/person\/image\/","url":"https:\/\/secure.gravatar.com\/avatar\/7193c30fd82ed3afcf43bad607755e070fa49e9367f36a498c3a037665babba0?s=96&r=g","contentUrl":"https:\/\/secure.gravatar.com\/avatar\/7193c30fd82ed3afcf43bad607755e070fa49e9367f36a498c3a037665babba0?s=96&r=g","caption":"Paula Meiss"},"description":"Traductora profesional desde 2009 y editora de publicaciones cient\u00edficas y de divulgaci\u00f3n en estudios literarios, humanidades y ciencias sociales. Con experiencia en SEO, traducci\u00f3n de p\u00e1ginas web y localizaci\u00f3n de contenidos para Latinoam\u00e9rica y Espa\u00f1a.","url":"https:\/\/www.emagister.com\/blog\/author\/paula\/"}]}},"_links":{"self":[{"href":"https:\/\/www.emagister.com\/blog\/wp-json\/wp\/v2\/posts\/16996","targetHints":{"allow":["GET"]}}],"collection":[{"href":"https:\/\/www.emagister.com\/blog\/wp-json\/wp\/v2\/posts"}],"about":[{"href":"https:\/\/www.emagister.com\/blog\/wp-json\/wp\/v2\/types\/post"}],"author":[{"embeddable":true,"href":"https:\/\/www.emagister.com\/blog\/wp-json\/wp\/v2\/users\/119"}],"replies":[{"embeddable":true,"href":"https:\/\/www.emagister.com\/blog\/wp-json\/wp\/v2\/comments?post=16996"}],"version-history":[{"count":0,"href":"https:\/\/www.emagister.com\/blog\/wp-json\/wp\/v2\/posts\/16996\/revisions"}],"wp:featuredmedia":[{"embeddable":true,"href":"https:\/\/www.emagister.com\/blog\/wp-json\/wp\/v2\/media\/17023"}],"wp:attachment":[{"href":"https:\/\/www.emagister.com\/blog\/wp-json\/wp\/v2\/media?parent=16996"}],"wp:term":[{"taxonomy":"category","embeddable":true,"href":"https:\/\/www.emagister.com\/blog\/wp-json\/wp\/v2\/categories?post=16996"},{"taxonomy":"post_tag","embeddable":true,"href":"https:\/\/www.emagister.com\/blog\/wp-json\/wp\/v2\/tags?post=16996"}],"curies":[{"name":"wp","href":"https:\/\/api.w.org\/{rel}","templated":true}]}}