{"id":17653,"date":"2015-02-11T16:00:36","date_gmt":"2015-02-11T15:00:36","guid":{"rendered":"https:\/\/www.emagister.com\/blog\/?p=17653"},"modified":"2021-05-03T12:04:56","modified_gmt":"2021-05-03T10:04:56","slug":"los-tuits-seran-resultados-de-busqueda-de-google","status":"publish","type":"post","link":"https:\/\/www.emagister.com\/blog\/los-tuits-seran-resultados-de-busqueda-de-google\/","title":{"rendered":"Los tuits ser\u00e1n resultados de b\u00fasqueda de Google"},"content":{"rendered":"<p>La gesti\u00f3n del <a href=\"https:\/\/www.emagister.com\/cursos-seo-kwes-1000000702.htm?pfichas=5795\" target=\"_blank\" rel=\"noopener\">SEO<\/a> podr\u00eda verse ligeramente alterada despu\u00e9s de que Google y <a href=\"https:\/\/www.emagister.com\/web\/search\/?action=search&amp;q=Twitter&amp;segment=&amp;idsegment=1&amp;p=1&amp;sorter=5&amp;pfichas=5795https:\/\/www.emagister.com\/web\/search\/?action=search&amp;q=Twitter&amp;segment=&amp;idsegment=1&amp;p=1&amp;sorter=5&amp;pfichas=5795\" target=\"_blank\" rel=\"noopener\">Twitter <\/a>hayan acordado que, a partir de este primer semestre de 2015, los tuits tambi\u00e9n aparezcan en los resultados de b\u00fasqueda del gigante de Internet. Aunque se desconocen los detalles del convenio, los ingenieros de ambas compa\u00f1\u00edas ya est\u00e1n manos a la obra.<\/p>\n<p>Ojo a empresas, instituciones y personajes p\u00fablicos porque en los pr\u00f3ximos meses no solo los <a href=\"https:\/\/www.emagister.com\/web\/search\/?action=search&amp;q=Marketing%20digital&amp;segment=&amp;idsegment=1&amp;p=1&amp;sorter=5&amp;pfichas=5795\" target=\"_blank\" rel=\"noopener\">sitios web<\/a> ser\u00e1n indexables para Google. Si Twitter ya es una herramienta completamente viral, que los mensajes aparezcan en las p\u00e1ginas de Google puede ser el colof\u00f3n de la red comunicativa mucho m\u00e1s social.<\/p>\n<p>\u00bfQuieres saber m\u00e1s sobre este tema? \u00bfQuieres saber c\u00f3mo afecta? Contin\u00faa leyendo.<\/p>\n<p><!--more--><\/p>\n<p>Pero esto puede ser positivo o un cuchillo de doble filo. Y es que los mensajes poco afortunados tambi\u00e9n pueden ser relevantes en el posicionamiento natural de Google, cosa que puede ser totalmente contraproducente.<\/p>\n<p><strong>CONSEJOS<\/strong><\/p>\n<p>Esto tiene soluci\u00f3n, y por ello te propongo algunas claves fundamentales de la gesti\u00f3n SEO:<\/p>\n<ul>\n<li><strong>Contenido cuidado<\/strong>. La primera, y m\u00e1s obvia, ya te la adelantaba. Muchos cuidado con esos mensajes pol\u00e9micos porque pueden impactar en m\u00e1s p\u00fablico. Quiz\u00e1s un p\u00fablico que m\u00e1s mayor que no usa Twitter pero s\u00ed que dedica tiempo a buscar informaci\u00f3n y temas que le interesan en Google. Por tanto el impacto del tuit puede tener un efecto multiplicador. Ejemplos de tuits pol\u00e9micos de famosos hay para dar y vender.<\/li>\n<li><strong>Indexable<\/strong>. Si partimos de mensajes que queremos que se difundan y sean lo m\u00e1s visibles que se pueda, pasamos a las claves del SEO propiamente dichas. Haz que el tuit sea indexable a Google, es decir, que sea amigable, que el robot del buscador lo encuentre bas\u00e1ndose en las palabras clave.<\/li>\n<li><strong>Saturaci\u00f3n<\/strong>. No es bueno bombardear con tuits sobre un tema determinado. Podr\u00eda provocar perder seguidores.<\/li>\n<li><strong>Linkbuilding<\/strong>. Tambi\u00e9n puede ser que desde un site o un blog enlacen a un tuit.<\/li>\n<\/ul>\n<p>Estos son algunos conceptos b\u00e1sicos pero el <a href=\"https:\/\/www.emagister.com\/web\/search\/?action=search&amp;q=seo&amp;segment=&amp;idsegment=1&amp;p=1&amp;sorter=5&amp;pfichas=5795\" target=\"_blank\" rel=\"noopener\">SEO <\/a>es como una carrera de fondo ya que los resultados no suelen ser inmediatos. Sin embargo con este acuerdo entre gigantes partimos de que Twitter es un medio muy social y que ya es m\u00e1s que conocido para Google por lo que las cosas no parten totalmente de cero como pasar\u00eda si queremos posicionar una web o un blog que acabamos de crear. De ah\u00ed que haya que tener precauci\u00f3n con los tuits que se lanzan.<\/p>\n","protected":false},"excerpt":{"rendered":"<p>La gesti\u00f3n del SEO podr\u00eda verse ligeramente alterada despu\u00e9s de que Google y Twitter hayan acordado que, a partir de &#8230; <a title=\"Los tuits ser\u00e1n resultados de b\u00fasqueda de Google\" class=\"read-more\" href=\"https:\/\/www.emagister.com\/blog\/los-tuits-seran-resultados-de-busqueda-de-google\/\" aria-label=\"M\u00e1s en Los tuits ser\u00e1n resultados de b\u00fasqueda de Google\">Leer m\u00e1s<\/a><\/p>\n","protected":false},"author":123,"featured_media":17689,"comment_status":"open","ping_status":"open","sticky":false,"template":"","format":"standard","meta":{"_acf_changed":false,"inline_featured_image":false,"footnotes":""},"categories":[759],"tags":[634,635,1339,1459,1667,1668,34,405,503],"class_list":["post-17653","post","type-post","status-publish","format-standard","has-post-thumbnail","hentry","category-para-profesionales","tag-posicionamiento-web","tag-seo","tag-blog","tag-google","tag-linkbuilding","tag-viralizacion","tag-redes-sociales","tag-twitter","tag-marketing-digital","generate-columns","tablet-grid-50","mobile-grid-100","grid-parent","grid-25"],"acf":{"bannerid1":null,"bannerid2":null,"hreflang":null,"estilo_titulo":null,"fecha":null,"mostrar_faldon":null,"texto_faldon":null,"link_faldon":null,"link_texto_faldon":null,"link_button_faldon":null,"noticiasElPais":null,"noticiasLaVanguardia":null},"yoast_head":"<!-- This site is optimized with the Yoast SEO Premium plugin v18.1 (Yoast SEO v27.0) - https:\/\/yoast.com\/product\/yoast-seo-premium-wordpress\/ -->\n<title>Los tuits ser\u00e1n resultados de b\u00fasqueda de Google - Blog Emagister<\/title>\n<meta name=\"robots\" content=\"index, follow\" \/>\n<link rel=\"canonical\" href=\"https:\/\/www.emagister.com\/blog\/los-tuits-seran-resultados-de-busqueda-de-google\/\" \/>\n<meta property=\"og:locale\" content=\"es_ES\" \/>\n<meta property=\"og:type\" content=\"article\" \/>\n<meta property=\"og:title\" content=\"Los tuits ser\u00e1n resultados de b\u00fasqueda de Google\" \/>\n<meta property=\"og:description\" content=\"La gesti\u00f3n del SEO podr\u00eda verse ligeramente alterada despu\u00e9s de que Google y Twitter hayan acordado que, a partir de ... Leer m\u00e1s\" \/>\n<meta property=\"og:url\" content=\"https:\/\/www.emagister.com\/blog\/los-tuits-seran-resultados-de-busqueda-de-google\/\" \/>\n<meta property=\"og:site_name\" content=\"Blog Emagister\" \/>\n<meta property=\"article:publisher\" content=\"https:\/\/www.facebook.com\/Emagister\/\" \/>\n<meta property=\"article:published_time\" content=\"2015-02-11T15:00:36+00:00\" \/>\n<meta property=\"article:modified_time\" content=\"2021-05-03T10:04:56+00:00\" \/>\n<meta property=\"og:image\" content=\"https:\/\/www.emagister.com\/blog\/wp-content\/uploads\/2015\/02\/135413656.jpg\" \/>\n\t<meta property=\"og:image:width\" content=\"2122\" \/>\n\t<meta property=\"og:image:height\" content=\"1415\" \/>\n\t<meta property=\"og:image:type\" content=\"image\/jpeg\" \/>\n<meta name=\"author\" content=\"Ana Costa\" \/>\n<meta name=\"twitter:card\" content=\"summary_large_image\" \/>\n<meta name=\"twitter:creator\" content=\"@anacostagozalbo\" \/>\n<meta name=\"twitter:site\" content=\"@emagister\" \/>\n<meta name=\"twitter:label1\" content=\"Escrito por\" \/>\n\t<meta name=\"twitter:data1\" content=\"Ana Costa\" \/>\n\t<meta name=\"twitter:label2\" content=\"Tiempo de lectura\" \/>\n\t<meta name=\"twitter:data2\" content=\"2 minutos\" \/>\n<script type=\"application\/ld+json\" class=\"yoast-schema-graph\">{\"@context\":\"https:\/\/schema.org\",\"@graph\":[{\"@type\":\"Article\",\"@id\":\"https:\/\/www.emagister.com\/blog\/los-tuits-seran-resultados-de-busqueda-de-google\/#article\",\"isPartOf\":{\"@id\":\"https:\/\/www.emagister.com\/blog\/los-tuits-seran-resultados-de-busqueda-de-google\/\"},\"author\":{\"name\":\"Ana Costa\",\"@id\":\"https:\/\/www.emagister.com\/blog\/#\/schema\/person\/cf86cc89e3a43ee72ac920e5eb720b24\"},\"headline\":\"Los tuits ser\u00e1n resultados de b\u00fasqueda de Google\",\"datePublished\":\"2015-02-11T15:00:36+00:00\",\"dateModified\":\"2021-05-03T10:04:56+00:00\",\"mainEntityOfPage\":{\"@id\":\"https:\/\/www.emagister.com\/blog\/los-tuits-seran-resultados-de-busqueda-de-google\/\"},\"wordCount\":448,\"commentCount\":0,\"publisher\":{\"@id\":\"https:\/\/www.emagister.com\/blog\/#organization\"},\"image\":{\"@id\":\"https:\/\/www.emagister.com\/blog\/los-tuits-seran-resultados-de-busqueda-de-google\/#primaryimage\"},\"thumbnailUrl\":\"https:\/\/www.emagister.com\/blog\/wp-content\/uploads\/2015\/02\/135413656.jpg\",\"keywords\":[\"posicionamiento web\",\"SEO\",\"Creaci\u00f3n de blogs\",\"google\",\"linkbuilding\",\"viralizaci\u00f3n\",\"redes sociales\",\"twitter\",\"marketing digital\"],\"articleSection\":[\"Competencias profesionales\"],\"inLanguage\":\"es\",\"potentialAction\":[{\"@type\":\"CommentAction\",\"name\":\"Comment\",\"target\":[\"https:\/\/www.emagister.com\/blog\/los-tuits-seran-resultados-de-busqueda-de-google\/#respond\"]}]},{\"@type\":\"WebPage\",\"@id\":\"https:\/\/www.emagister.com\/blog\/los-tuits-seran-resultados-de-busqueda-de-google\/\",\"url\":\"https:\/\/www.emagister.com\/blog\/los-tuits-seran-resultados-de-busqueda-de-google\/\",\"name\":\"Los tuits ser\u00e1n resultados de b\u00fasqueda de Google - Blog Emagister\",\"isPartOf\":{\"@id\":\"https:\/\/www.emagister.com\/blog\/#website\"},\"primaryImageOfPage\":{\"@id\":\"https:\/\/www.emagister.com\/blog\/los-tuits-seran-resultados-de-busqueda-de-google\/#primaryimage\"},\"image\":{\"@id\":\"https:\/\/www.emagister.com\/blog\/los-tuits-seran-resultados-de-busqueda-de-google\/#primaryimage\"},\"thumbnailUrl\":\"https:\/\/www.emagister.com\/blog\/wp-content\/uploads\/2015\/02\/135413656.jpg\",\"datePublished\":\"2015-02-11T15:00:36+00:00\",\"dateModified\":\"2021-05-03T10:04:56+00:00\",\"breadcrumb\":{\"@id\":\"https:\/\/www.emagister.com\/blog\/los-tuits-seran-resultados-de-busqueda-de-google\/#breadcrumb\"},\"inLanguage\":\"es\",\"potentialAction\":[{\"@type\":\"ReadAction\",\"target\":[\"https:\/\/www.emagister.com\/blog\/los-tuits-seran-resultados-de-busqueda-de-google\/\"]}]},{\"@type\":\"ImageObject\",\"inLanguage\":\"es\",\"@id\":\"https:\/\/www.emagister.com\/blog\/los-tuits-seran-resultados-de-busqueda-de-google\/#primaryimage\",\"url\":\"https:\/\/www.emagister.com\/blog\/wp-content\/uploads\/2015\/02\/135413656.jpg\",\"contentUrl\":\"https:\/\/www.emagister.com\/blog\/wp-content\/uploads\/2015\/02\/135413656.jpg\",\"width\":2122,\"height\":1415},{\"@type\":\"BreadcrumbList\",\"@id\":\"https:\/\/www.emagister.com\/blog\/los-tuits-seran-resultados-de-busqueda-de-google\/#breadcrumb\",\"itemListElement\":[{\"@type\":\"ListItem\",\"position\":1,\"name\":\"Blog Emagister\",\"item\":\"https:\/\/www.emagister.com\/blog\/\"},{\"@type\":\"ListItem\",\"position\":2,\"name\":\"Formaci\u00f3n continua\",\"item\":\"https:\/\/www.emagister.com\/blog\/formacion-continua\/\"},{\"@type\":\"ListItem\",\"position\":3,\"name\":\"Competencias profesionales\",\"item\":\"https:\/\/www.emagister.com\/blog\/formacion-continua\/para-profesionales\/\"},{\"@type\":\"ListItem\",\"position\":4,\"name\":\"Los tuits ser\u00e1n resultados de b\u00fasqueda de Google\"}]},{\"@type\":\"WebSite\",\"@id\":\"https:\/\/www.emagister.com\/blog\/#website\",\"url\":\"https:\/\/www.emagister.com\/blog\/\",\"name\":\"Blog Emagister\",\"description\":\"Gu\u00eda de orientaci\u00f3n sobre estudios y tendencias de formaci\u00f3n\",\"publisher\":{\"@id\":\"https:\/\/www.emagister.com\/blog\/#organization\"},\"potentialAction\":[{\"@type\":\"SearchAction\",\"target\":{\"@type\":\"EntryPoint\",\"urlTemplate\":\"https:\/\/www.emagister.com\/blog\/?s={search_term_string}\"},\"query-input\":{\"@type\":\"PropertyValueSpecification\",\"valueRequired\":true,\"valueName\":\"search_term_string\"}}],\"inLanguage\":\"es\"},{\"@type\":\"Organization\",\"@id\":\"https:\/\/www.emagister.com\/blog\/#organization\",\"name\":\"Emagister\",\"url\":\"https:\/\/www.emagister.com\/blog\/\",\"logo\":{\"@type\":\"ImageObject\",\"inLanguage\":\"es\",\"@id\":\"https:\/\/www.emagister.com\/blog\/#\/schema\/logo\/image\/\",\"url\":\"https:\/\/www.emagister.com\/blog\/wp-content\/uploads\/2017\/02\/photo.png\",\"contentUrl\":\"https:\/\/www.emagister.com\/blog\/wp-content\/uploads\/2017\/02\/photo.png\",\"width\":120,\"height\":120,\"caption\":\"Emagister\"},\"image\":{\"@id\":\"https:\/\/www.emagister.com\/blog\/#\/schema\/logo\/image\/\"},\"sameAs\":[\"https:\/\/www.facebook.com\/Emagister\/\",\"https:\/\/x.com\/emagister\",\"https:\/\/www.instagram.com\/emagister\/\",\"https:\/\/www.linkedin.com\/company\/emagister-com\/\",\"https:\/\/www.pinterest.es\/emagister\/\",\"https:\/\/www.youtube.com\/user\/emagister\/\",\"https:\/\/es.wikipedia.org\/wiki\/Emagister\"]},{\"@type\":\"Person\",\"@id\":\"https:\/\/www.emagister.com\/blog\/#\/schema\/person\/cf86cc89e3a43ee72ac920e5eb720b24\",\"name\":\"Ana Costa\",\"image\":{\"@type\":\"ImageObject\",\"inLanguage\":\"es\",\"@id\":\"https:\/\/www.emagister.com\/blog\/#\/schema\/person\/image\/\",\"url\":\"https:\/\/secure.gravatar.com\/avatar\/3dff5b3a81d22ee31250888f92a372024d0ca7b0739682a76789295c9dff5515?s=96&r=g\",\"contentUrl\":\"https:\/\/secure.gravatar.com\/avatar\/3dff5b3a81d22ee31250888f92a372024d0ca7b0739682a76789295c9dff5515?s=96&r=g\",\"caption\":\"Ana Costa\"},\"description\":\"Publicista y periodista con experiencia en redacci\u00f3n de contenidos para medios digitales. Tambi\u00e9n me apasiona la locuci\u00f3n. En febrero de 2014, present\u00e9 el XXVIII Certamen de los Premios Nacionales a la Moda de la Comunidad Valenciana, organizado por la delegaci\u00f3n valenciana de ANDE, asociaci\u00f3n de nuevos y j\u00f3venes dise\u00f1adores. Usuario competente en el manejo y gesti\u00f3n de redes sociales.\",\"sameAs\":[\"https:\/\/x.com\/anacostagozalbo\"],\"url\":\"https:\/\/www.emagister.com\/blog\/author\/anacosta\/\"}]}<\/script>\n<!-- \/ Yoast SEO Premium plugin. -->","yoast_head_json":{"title":"Los tuits ser\u00e1n resultados de b\u00fasqueda de Google - Blog Emagister","robots":{"index":"index","follow":"follow"},"canonical":"https:\/\/www.emagister.com\/blog\/los-tuits-seran-resultados-de-busqueda-de-google\/","og_locale":"es_ES","og_type":"article","og_title":"Los tuits ser\u00e1n resultados de b\u00fasqueda de Google","og_description":"La gesti\u00f3n del SEO podr\u00eda verse ligeramente alterada despu\u00e9s de que Google y Twitter hayan acordado que, a partir de ... Leer m\u00e1s","og_url":"https:\/\/www.emagister.com\/blog\/los-tuits-seran-resultados-de-busqueda-de-google\/","og_site_name":"Blog Emagister","article_publisher":"https:\/\/www.facebook.com\/Emagister\/","article_published_time":"2015-02-11T15:00:36+00:00","article_modified_time":"2021-05-03T10:04:56+00:00","og_image":[{"width":2122,"height":1415,"url":"https:\/\/www.emagister.com\/blog\/wp-content\/uploads\/2015\/02\/135413656.jpg","type":"image\/jpeg"}],"author":"Ana Costa","twitter_card":"summary_large_image","twitter_creator":"@anacostagozalbo","twitter_site":"@emagister","twitter_misc":{"Escrito por":"Ana Costa","Tiempo de lectura":"2 minutos"},"schema":{"@context":"https:\/\/schema.org","@graph":[{"@type":"Article","@id":"https:\/\/www.emagister.com\/blog\/los-tuits-seran-resultados-de-busqueda-de-google\/#article","isPartOf":{"@id":"https:\/\/www.emagister.com\/blog\/los-tuits-seran-resultados-de-busqueda-de-google\/"},"author":{"name":"Ana Costa","@id":"https:\/\/www.emagister.com\/blog\/#\/schema\/person\/cf86cc89e3a43ee72ac920e5eb720b24"},"headline":"Los tuits ser\u00e1n resultados de b\u00fasqueda de Google","datePublished":"2015-02-11T15:00:36+00:00","dateModified":"2021-05-03T10:04:56+00:00","mainEntityOfPage":{"@id":"https:\/\/www.emagister.com\/blog\/los-tuits-seran-resultados-de-busqueda-de-google\/"},"wordCount":448,"commentCount":0,"publisher":{"@id":"https:\/\/www.emagister.com\/blog\/#organization"},"image":{"@id":"https:\/\/www.emagister.com\/blog\/los-tuits-seran-resultados-de-busqueda-de-google\/#primaryimage"},"thumbnailUrl":"https:\/\/www.emagister.com\/blog\/wp-content\/uploads\/2015\/02\/135413656.jpg","keywords":["posicionamiento web","SEO","Creaci\u00f3n de blogs","google","linkbuilding","viralizaci\u00f3n","redes sociales","twitter","marketing digital"],"articleSection":["Competencias profesionales"],"inLanguage":"es","potentialAction":[{"@type":"CommentAction","name":"Comment","target":["https:\/\/www.emagister.com\/blog\/los-tuits-seran-resultados-de-busqueda-de-google\/#respond"]}]},{"@type":"WebPage","@id":"https:\/\/www.emagister.com\/blog\/los-tuits-seran-resultados-de-busqueda-de-google\/","url":"https:\/\/www.emagister.com\/blog\/los-tuits-seran-resultados-de-busqueda-de-google\/","name":"Los tuits ser\u00e1n resultados de b\u00fasqueda de Google - Blog Emagister","isPartOf":{"@id":"https:\/\/www.emagister.com\/blog\/#website"},"primaryImageOfPage":{"@id":"https:\/\/www.emagister.com\/blog\/los-tuits-seran-resultados-de-busqueda-de-google\/#primaryimage"},"image":{"@id":"https:\/\/www.emagister.com\/blog\/los-tuits-seran-resultados-de-busqueda-de-google\/#primaryimage"},"thumbnailUrl":"https:\/\/www.emagister.com\/blog\/wp-content\/uploads\/2015\/02\/135413656.jpg","datePublished":"2015-02-11T15:00:36+00:00","dateModified":"2021-05-03T10:04:56+00:00","breadcrumb":{"@id":"https:\/\/www.emagister.com\/blog\/los-tuits-seran-resultados-de-busqueda-de-google\/#breadcrumb"},"inLanguage":"es","potentialAction":[{"@type":"ReadAction","target":["https:\/\/www.emagister.com\/blog\/los-tuits-seran-resultados-de-busqueda-de-google\/"]}]},{"@type":"ImageObject","inLanguage":"es","@id":"https:\/\/www.emagister.com\/blog\/los-tuits-seran-resultados-de-busqueda-de-google\/#primaryimage","url":"https:\/\/www.emagister.com\/blog\/wp-content\/uploads\/2015\/02\/135413656.jpg","contentUrl":"https:\/\/www.emagister.com\/blog\/wp-content\/uploads\/2015\/02\/135413656.jpg","width":2122,"height":1415},{"@type":"BreadcrumbList","@id":"https:\/\/www.emagister.com\/blog\/los-tuits-seran-resultados-de-busqueda-de-google\/#breadcrumb","itemListElement":[{"@type":"ListItem","position":1,"name":"Blog Emagister","item":"https:\/\/www.emagister.com\/blog\/"},{"@type":"ListItem","position":2,"name":"Formaci\u00f3n continua","item":"https:\/\/www.emagister.com\/blog\/formacion-continua\/"},{"@type":"ListItem","position":3,"name":"Competencias profesionales","item":"https:\/\/www.emagister.com\/blog\/formacion-continua\/para-profesionales\/"},{"@type":"ListItem","position":4,"name":"Los tuits ser\u00e1n resultados de b\u00fasqueda de Google"}]},{"@type":"WebSite","@id":"https:\/\/www.emagister.com\/blog\/#website","url":"https:\/\/www.emagister.com\/blog\/","name":"Blog Emagister","description":"Gu\u00eda de orientaci\u00f3n sobre estudios y tendencias de formaci\u00f3n","publisher":{"@id":"https:\/\/www.emagister.com\/blog\/#organization"},"potentialAction":[{"@type":"SearchAction","target":{"@type":"EntryPoint","urlTemplate":"https:\/\/www.emagister.com\/blog\/?s={search_term_string}"},"query-input":{"@type":"PropertyValueSpecification","valueRequired":true,"valueName":"search_term_string"}}],"inLanguage":"es"},{"@type":"Organization","@id":"https:\/\/www.emagister.com\/blog\/#organization","name":"Emagister","url":"https:\/\/www.emagister.com\/blog\/","logo":{"@type":"ImageObject","inLanguage":"es","@id":"https:\/\/www.emagister.com\/blog\/#\/schema\/logo\/image\/","url":"https:\/\/www.emagister.com\/blog\/wp-content\/uploads\/2017\/02\/photo.png","contentUrl":"https:\/\/www.emagister.com\/blog\/wp-content\/uploads\/2017\/02\/photo.png","width":120,"height":120,"caption":"Emagister"},"image":{"@id":"https:\/\/www.emagister.com\/blog\/#\/schema\/logo\/image\/"},"sameAs":["https:\/\/www.facebook.com\/Emagister\/","https:\/\/x.com\/emagister","https:\/\/www.instagram.com\/emagister\/","https:\/\/www.linkedin.com\/company\/emagister-com\/","https:\/\/www.pinterest.es\/emagister\/","https:\/\/www.youtube.com\/user\/emagister\/","https:\/\/es.wikipedia.org\/wiki\/Emagister"]},{"@type":"Person","@id":"https:\/\/www.emagister.com\/blog\/#\/schema\/person\/cf86cc89e3a43ee72ac920e5eb720b24","name":"Ana Costa","image":{"@type":"ImageObject","inLanguage":"es","@id":"https:\/\/www.emagister.com\/blog\/#\/schema\/person\/image\/","url":"https:\/\/secure.gravatar.com\/avatar\/3dff5b3a81d22ee31250888f92a372024d0ca7b0739682a76789295c9dff5515?s=96&r=g","contentUrl":"https:\/\/secure.gravatar.com\/avatar\/3dff5b3a81d22ee31250888f92a372024d0ca7b0739682a76789295c9dff5515?s=96&r=g","caption":"Ana Costa"},"description":"Publicista y periodista con experiencia en redacci\u00f3n de contenidos para medios digitales. Tambi\u00e9n me apasiona la locuci\u00f3n. En febrero de 2014, present\u00e9 el XXVIII Certamen de los Premios Nacionales a la Moda de la Comunidad Valenciana, organizado por la delegaci\u00f3n valenciana de ANDE, asociaci\u00f3n de nuevos y j\u00f3venes dise\u00f1adores. Usuario competente en el manejo y gesti\u00f3n de redes sociales.","sameAs":["https:\/\/x.com\/anacostagozalbo"],"url":"https:\/\/www.emagister.com\/blog\/author\/anacosta\/"}]}},"_links":{"self":[{"href":"https:\/\/www.emagister.com\/blog\/wp-json\/wp\/v2\/posts\/17653","targetHints":{"allow":["GET"]}}],"collection":[{"href":"https:\/\/www.emagister.com\/blog\/wp-json\/wp\/v2\/posts"}],"about":[{"href":"https:\/\/www.emagister.com\/blog\/wp-json\/wp\/v2\/types\/post"}],"author":[{"embeddable":true,"href":"https:\/\/www.emagister.com\/blog\/wp-json\/wp\/v2\/users\/123"}],"replies":[{"embeddable":true,"href":"https:\/\/www.emagister.com\/blog\/wp-json\/wp\/v2\/comments?post=17653"}],"version-history":[{"count":1,"href":"https:\/\/www.emagister.com\/blog\/wp-json\/wp\/v2\/posts\/17653\/revisions"}],"predecessor-version":[{"id":125821,"href":"https:\/\/www.emagister.com\/blog\/wp-json\/wp\/v2\/posts\/17653\/revisions\/125821"}],"wp:featuredmedia":[{"embeddable":true,"href":"https:\/\/www.emagister.com\/blog\/wp-json\/wp\/v2\/media\/17689"}],"wp:attachment":[{"href":"https:\/\/www.emagister.com\/blog\/wp-json\/wp\/v2\/media?parent=17653"}],"wp:term":[{"taxonomy":"category","embeddable":true,"href":"https:\/\/www.emagister.com\/blog\/wp-json\/wp\/v2\/categories?post=17653"},{"taxonomy":"post_tag","embeddable":true,"href":"https:\/\/www.emagister.com\/blog\/wp-json\/wp\/v2\/tags?post=17653"}],"curies":[{"name":"wp","href":"https:\/\/api.w.org\/{rel}","templated":true}]}}