{"id":18022,"date":"2015-03-10T11:00:28","date_gmt":"2015-03-10T10:00:28","guid":{"rendered":"https:\/\/www.emagister.com\/blog\/?p=18022"},"modified":"2021-12-01T16:25:38","modified_gmt":"2021-12-01T15:25:38","slug":"como-tengo-que-preinscribir-mi-hijoa-en-la-escuela","status":"publish","type":"post","link":"https:\/\/www.emagister.com\/blog\/como-tengo-que-preinscribir-mi-hijoa-en-la-escuela\/","title":{"rendered":"\u00bfC\u00f3mo preinscribir a mi hijo\/a en la escuela?"},"content":{"rendered":"<p>Antes del primer d\u00eda de cole, de la primera vez que pisar\u00e1 un aula, tendr\u00e1s que escoger el centro a d\u00f3nde vas a llevar a tu peque\u00f1o\/a. Elegir colegio no es una tarea f\u00e1cil, y no solo por los tr\u00e1mites burocr\u00e1ticos, cada vez m\u00e1s simplificados, sino por lo importante que resultar\u00e1 para tu vida, y sobre todo para la de tu hijo, la escuela en la que se formar\u00e1.<\/p>\n<p>Sigue leyendo para entender el procedimiento de inscripci\u00f3n escolar.<\/p>\n<p><!--more--><\/p>\n<p>Desde mediados de febrero en muchas comunidades aut\u00f3nomas los padres o tutores legales est\u00e1n llevando a cabo la preinscripci\u00f3n escolar de sus hijos. Los criterios para prematricular a tu hijo en un colegio los dictan las comunidades aut\u00f3nomas y se resuelven en las oficinas territoriales de educaci\u00f3n de tu comunidad o, en algunas autonom\u00edas, en la oficina municipal correspondiente. Algunos gobiernos auton\u00f3micos ofrecen la posibilidad de presentar la documentaci\u00f3n de forma telem\u00e1tica.<\/p>\n<p>Para prematricular a tu hijo en alguno de los ciclos escolares existentes (educaci\u00f3n infantil, primaria, ESO, FP, bachillerato, <a href=\"https:\/\/www.emagister.com\/web\/search\/?action=search&amp;q=estudios%20art%C3%ADsticos&amp;segment=&amp;idsegment=1&amp;p=1&amp;sorter=5\" target=\"_blank\" rel=\"noopener\">estudios art\u00edsticos<\/a> y de <a href=\"https:\/\/www.emagister.com\/web\/search\/?action=search&amp;q=idiomas&amp;segment=&amp;idsegment=1&amp;p=1&amp;sorter=5\" target=\"_blank\" rel=\"noopener\">idiomas<\/a>), deber\u00e1s rellenar un formulario espec\u00edfico y presentar una documentaci\u00f3n acreditativa. Solicitar\u00e1s colegio en base al mapa escolar de tu comunidad y se te asignar\u00e1 plaza en alguna de las escuelas que solicites a partir de una puntuaci\u00f3n determinada.<\/p>\n<p>\u00bfQu\u00e9 criterios se valoran en esa puntuaci\u00f3n? Entre otros:<\/p>\n<ul>\n<li>Si vives o trabajas cerca del colegio que solicitas.<\/li>\n<li>Si el alumno para el que pides una plaza ya tiene uno o varios hermanos en ese colegio.<\/li>\n<li>Si el cabeza de familia percibe una renda m\u00ednima de inserci\u00f3n.<\/li>\n<li>Si el futuro alumno tiene alguna discapacidad o enfermedad cr\u00f3nica.<\/li>\n<li>Si se trata de una familia numerosa.<\/li>\n<\/ul>\n<p>Para facilitar la decisi\u00f3n de los padres a la hora de solicitar escuela, la Fundaci\u00f3 Jaume Bofill, una entidad catalana dedicada a la mejora de la calidad educativa, ha editado una gu\u00eda pr\u00e1ctica de preinscripci\u00f3n. El documento <em>8 orientacions per triar escola<\/em>\u00a0te recomienda:<\/p>\n<ol>\n<li>Hablar con otros padres que ya tengan\u00a0hijos escolarizados, para conocer su experiencia.<\/li>\n<li>Olvidar tus prejuicios sobre la calidad del centro (a menudo, infundados), el tipo de alumnado que asiste, etc. Para quit\u00e1rselos de encima, adem\u00e1s de contar con las opiniones de otros\u00a0padres, la gu\u00eda recomienda visitar todas las escuelas para las que se solicita plaza.<\/li>\n<li>Mirar las webs de las escuelas. Encontrar\u00e1s una descripci\u00f3n del proyecto educativo y te har\u00e1s una idea del centro antes de visitarlo de forma presencial.<\/li>\n<li>Aprovechar las jornadas de puertas abiertas. Son el d\u00eda ideal para ir la escuela y preguntar todas tus dudas al personal docente.<\/li>\n<li>Pensar en toda la escolaridad de tu hijo. Las primeras etapas de escolarizaci\u00f3n son fundamentales para la formaci\u00f3n del ni\u00f1o, pero tambi\u00e9n lo ser\u00e1 el per\u00edodo en el que haga la ESO, la FP y\/o el bachillerato.<\/li>\n<li>Cotejar la informaci\u00f3n de la escuela con tus criterios como padre\/madre. Cuando ya hayas visitado la escuela y conozcas su proyecto educativo, las instalaciones de que dispone, y dem\u00e1s caracter\u00edsticas, piensa si se corresponde con\u00a0el estilo educativo que deseas para tu hijo, sus\u00a0necesidades y las de la familia en general.<\/li>\n<li>Valorar las posibilidades de obtener plaza\u00a0en comparaci\u00f3n con las de otras familias. Tu familia no es la \u00fanica, ni tiene m\u00e1s derechos que las dem\u00e1s. Hay que\u00a0recordar que las plazas son limitadas, hay familias con m\u00e1s dificultades que la propia\u00a0y, en consecuencia, es posible que tu hijo no entre\u00a0en la escuela de tu agrado.<\/li>\n<li>Tomarte tu tiempo. Quiz\u00e1s es el punto que resume los restantes: escoger el colegio de tus hijos es una de las decisiones m\u00e1s importantes de\u00a0la vida. La escuela ideal no existe, pero s\u00ed aquella en la que tus hijos aprender\u00e1n a leer y a escribir, a socializarse, a crecer.<\/li>\n<\/ol>\n<p><strong>\u00bfD\u00f3nde puedo informarme y\/o realizar los tr\u00e1mites de forma telem\u00e1tica?<\/strong><\/p>\n<ul>\n<li>Andaluc\u00eda<\/li>\n<li>Arag\u00f3n<\/li>\n<li>Asturias<\/li>\n<li>Cantabria<\/li>\n<li>Castilla-La Mancha<\/li>\n<li>Castilla y Le\u00f3n<\/li>\n<li>Catalunya<\/li>\n<li>Ceuta<\/li>\n<li>Comunitat Valenciana<\/li>\n<li>Comunidad de Madrid<\/li>\n<li>Euskadi<\/li>\n<li>Extremadura<\/li>\n<li>Galicia<\/li>\n<li>Illes Balears<\/li>\n<li>Islas Canarias<\/li>\n<li>La Rioja<\/li>\n<li>Melilla<\/li>\n<li>Navarra<\/li>\n<li>Regi\u00f3n de Murcia<\/li>\n<\/ul>\n","protected":false},"excerpt":{"rendered":"<p>Antes del primer d\u00eda de cole, de la primera vez que pisar\u00e1 un aula, tendr\u00e1s que escoger el centro a &#8230; <a title=\"\u00bfC\u00f3mo preinscribir a mi hijo\/a en la escuela?\" class=\"read-more\" href=\"https:\/\/www.emagister.com\/blog\/como-tengo-que-preinscribir-mi-hijoa-en-la-escuela\/\" aria-label=\"M\u00e1s en \u00bfC\u00f3mo preinscribir a mi hijo\/a en la escuela?\">Leer m\u00e1s<\/a><\/p>\n","protected":false},"author":92,"featured_media":18063,"comment_status":"open","ping_status":"open","sticky":false,"template":"","format":"standard","meta":{"_acf_changed":false,"inline_featured_image":false,"footnotes":""},"categories":[8518],"tags":[1773,1774,1775],"class_list":["post-18022","post","type-post","status-publish","format-standard","has-post-thumbnail","hentry","category-educacion-primaria","tag-prematricula","tag-preinscripcion-escolar","tag-consejos-para-padres","generate-columns","tablet-grid-50","mobile-grid-100","grid-parent","grid-25"],"acf":{"mostrar_faldon":"-1","texto_faldon":"","link_faldon":"","link_texto_faldon":"","hreflang":false,"estilo_titulo":""},"yoast_head":"<!-- This site is optimized with the Yoast SEO Premium plugin v18.1 (Yoast SEO v27.0) - https:\/\/yoast.com\/product\/yoast-seo-premium-wordpress\/ -->\n<title>\u00bfC\u00f3mo preinscribir a mi hijo\/a en la escuela? - Blog Emagister<\/title>\n<meta name=\"robots\" content=\"index, follow\" \/>\n<link rel=\"canonical\" href=\"https:\/\/www.emagister.com\/blog\/como-tengo-que-preinscribir-mi-hijoa-en-la-escuela\/\" \/>\n<meta property=\"og:locale\" content=\"es_ES\" \/>\n<meta property=\"og:type\" content=\"article\" \/>\n<meta property=\"og:title\" content=\"\u00bfC\u00f3mo preinscribir a mi hijo\/a en la escuela?\" \/>\n<meta property=\"og:description\" content=\"Antes del primer d\u00eda de cole, de la primera vez que pisar\u00e1 un aula, tendr\u00e1s que escoger el centro a ... Leer m\u00e1s\" \/>\n<meta property=\"og:url\" content=\"https:\/\/www.emagister.com\/blog\/como-tengo-que-preinscribir-mi-hijoa-en-la-escuela\/\" \/>\n<meta property=\"og:site_name\" content=\"Blog Emagister\" \/>\n<meta property=\"article:publisher\" content=\"https:\/\/www.facebook.com\/Emagister\/\" \/>\n<meta property=\"article:published_time\" content=\"2015-03-10T10:00:28+00:00\" \/>\n<meta property=\"article:modified_time\" content=\"2021-12-01T15:25:38+00:00\" \/>\n<meta property=\"og:image\" content=\"https:\/\/www.emagister.com\/blog\/wp-content\/uploads\/2015\/03\/back-to-school.jpg\" \/>\n\t<meta property=\"og:image:width\" content=\"640\" \/>\n\t<meta property=\"og:image:height\" content=\"366\" \/>\n\t<meta property=\"og:image:type\" content=\"image\/jpeg\" \/>\n<meta name=\"author\" content=\"Mart\u00ed Farr\u00e9\" \/>\n<meta name=\"twitter:card\" content=\"summary_large_image\" \/>\n<meta name=\"twitter:creator\" content=\"@emagister\" \/>\n<meta name=\"twitter:site\" content=\"@emagister\" \/>\n<meta name=\"twitter:label1\" content=\"Escrito por\" \/>\n\t<meta name=\"twitter:data1\" content=\"Mart\u00ed Farr\u00e9\" \/>\n\t<meta name=\"twitter:label2\" content=\"Tiempo de lectura\" \/>\n\t<meta name=\"twitter:data2\" content=\"4 minutos\" \/>\n<script type=\"application\/ld+json\" class=\"yoast-schema-graph\">{\"@context\":\"https:\/\/schema.org\",\"@graph\":[{\"@type\":\"Article\",\"@id\":\"https:\/\/www.emagister.com\/blog\/como-tengo-que-preinscribir-mi-hijoa-en-la-escuela\/#article\",\"isPartOf\":{\"@id\":\"https:\/\/www.emagister.com\/blog\/como-tengo-que-preinscribir-mi-hijoa-en-la-escuela\/\"},\"author\":{\"name\":\"Mart\u00ed Farr\u00e9\",\"@id\":\"https:\/\/www.emagister.com\/blog\/#\/schema\/person\/cee940959b59b525dc1baa04811b34af\"},\"headline\":\"\u00bfC\u00f3mo preinscribir a mi hijo\/a en la escuela?\",\"datePublished\":\"2015-03-10T10:00:28+00:00\",\"dateModified\":\"2021-12-01T15:25:38+00:00\",\"mainEntityOfPage\":{\"@id\":\"https:\/\/www.emagister.com\/blog\/como-tengo-que-preinscribir-mi-hijoa-en-la-escuela\/\"},\"wordCount\":735,\"commentCount\":0,\"publisher\":{\"@id\":\"https:\/\/www.emagister.com\/blog\/#organization\"},\"image\":{\"@id\":\"https:\/\/www.emagister.com\/blog\/como-tengo-que-preinscribir-mi-hijoa-en-la-escuela\/#primaryimage\"},\"thumbnailUrl\":\"https:\/\/www.emagister.com\/blog\/wp-content\/uploads\/2015\/03\/back-to-school.jpg\",\"keywords\":[\"prematr\u00edcula\",\"preinscripci\u00f3n escolar\",\"consejos para padres\"],\"articleSection\":[\"Educaci\u00f3n primaria\"],\"inLanguage\":\"es\",\"potentialAction\":[{\"@type\":\"CommentAction\",\"name\":\"Comment\",\"target\":[\"https:\/\/www.emagister.com\/blog\/como-tengo-que-preinscribir-mi-hijoa-en-la-escuela\/#respond\"]}]},{\"@type\":\"WebPage\",\"@id\":\"https:\/\/www.emagister.com\/blog\/como-tengo-que-preinscribir-mi-hijoa-en-la-escuela\/\",\"url\":\"https:\/\/www.emagister.com\/blog\/como-tengo-que-preinscribir-mi-hijoa-en-la-escuela\/\",\"name\":\"\u00bfC\u00f3mo preinscribir a mi hijo\/a en la escuela? - Blog Emagister\",\"isPartOf\":{\"@id\":\"https:\/\/www.emagister.com\/blog\/#website\"},\"primaryImageOfPage\":{\"@id\":\"https:\/\/www.emagister.com\/blog\/como-tengo-que-preinscribir-mi-hijoa-en-la-escuela\/#primaryimage\"},\"image\":{\"@id\":\"https:\/\/www.emagister.com\/blog\/como-tengo-que-preinscribir-mi-hijoa-en-la-escuela\/#primaryimage\"},\"thumbnailUrl\":\"https:\/\/www.emagister.com\/blog\/wp-content\/uploads\/2015\/03\/back-to-school.jpg\",\"datePublished\":\"2015-03-10T10:00:28+00:00\",\"dateModified\":\"2021-12-01T15:25:38+00:00\",\"breadcrumb\":{\"@id\":\"https:\/\/www.emagister.com\/blog\/como-tengo-que-preinscribir-mi-hijoa-en-la-escuela\/#breadcrumb\"},\"inLanguage\":\"es\",\"potentialAction\":[{\"@type\":\"ReadAction\",\"target\":[\"https:\/\/www.emagister.com\/blog\/como-tengo-que-preinscribir-mi-hijoa-en-la-escuela\/\"]}]},{\"@type\":\"ImageObject\",\"inLanguage\":\"es\",\"@id\":\"https:\/\/www.emagister.com\/blog\/como-tengo-que-preinscribir-mi-hijoa-en-la-escuela\/#primaryimage\",\"url\":\"https:\/\/www.emagister.com\/blog\/wp-content\/uploads\/2015\/03\/back-to-school.jpg\",\"contentUrl\":\"https:\/\/www.emagister.com\/blog\/wp-content\/uploads\/2015\/03\/back-to-school.jpg\",\"width\":640,\"height\":366},{\"@type\":\"BreadcrumbList\",\"@id\":\"https:\/\/www.emagister.com\/blog\/como-tengo-que-preinscribir-mi-hijoa-en-la-escuela\/#breadcrumb\",\"itemListElement\":[{\"@type\":\"ListItem\",\"position\":1,\"name\":\"Blog Emagister\",\"item\":\"https:\/\/www.emagister.com\/blog\/\"},{\"@type\":\"ListItem\",\"position\":2,\"name\":\"Sistema educativo y titulaciones\",\"item\":\"https:\/\/www.emagister.com\/blog\/titulaciones\/\"},{\"@type\":\"ListItem\",\"position\":3,\"name\":\"Educaci\u00f3n primaria\",\"item\":\"https:\/\/www.emagister.com\/blog\/titulaciones\/educacion-primaria\/\"},{\"@type\":\"ListItem\",\"position\":4,\"name\":\"\u00bfC\u00f3mo preinscribir a mi hijo\/a en la escuela?\"}]},{\"@type\":\"WebSite\",\"@id\":\"https:\/\/www.emagister.com\/blog\/#website\",\"url\":\"https:\/\/www.emagister.com\/blog\/\",\"name\":\"Blog Emagister\",\"description\":\"Gu\u00eda de orientaci\u00f3n sobre estudios y tendencias de formaci\u00f3n\",\"publisher\":{\"@id\":\"https:\/\/www.emagister.com\/blog\/#organization\"},\"potentialAction\":[{\"@type\":\"SearchAction\",\"target\":{\"@type\":\"EntryPoint\",\"urlTemplate\":\"https:\/\/www.emagister.com\/blog\/?s={search_term_string}\"},\"query-input\":{\"@type\":\"PropertyValueSpecification\",\"valueRequired\":true,\"valueName\":\"search_term_string\"}}],\"inLanguage\":\"es\"},{\"@type\":\"Organization\",\"@id\":\"https:\/\/www.emagister.com\/blog\/#organization\",\"name\":\"Emagister\",\"url\":\"https:\/\/www.emagister.com\/blog\/\",\"logo\":{\"@type\":\"ImageObject\",\"inLanguage\":\"es\",\"@id\":\"https:\/\/www.emagister.com\/blog\/#\/schema\/logo\/image\/\",\"url\":\"https:\/\/www.emagister.com\/blog\/wp-content\/uploads\/2017\/02\/photo.png\",\"contentUrl\":\"https:\/\/www.emagister.com\/blog\/wp-content\/uploads\/2017\/02\/photo.png\",\"width\":120,\"height\":120,\"caption\":\"Emagister\"},\"image\":{\"@id\":\"https:\/\/www.emagister.com\/blog\/#\/schema\/logo\/image\/\"},\"sameAs\":[\"https:\/\/www.facebook.com\/Emagister\/\",\"https:\/\/x.com\/emagister\",\"https:\/\/www.instagram.com\/emagister\/\",\"https:\/\/www.linkedin.com\/company\/emagister-com\/\",\"https:\/\/www.pinterest.es\/emagister\/\",\"https:\/\/www.youtube.com\/user\/emagister\/\",\"https:\/\/es.wikipedia.org\/wiki\/Emagister\"]},{\"@type\":\"Person\",\"@id\":\"https:\/\/www.emagister.com\/blog\/#\/schema\/person\/cee940959b59b525dc1baa04811b34af\",\"name\":\"Mart\u00ed Farr\u00e9\",\"image\":{\"@type\":\"ImageObject\",\"inLanguage\":\"es\",\"@id\":\"https:\/\/www.emagister.com\/blog\/#\/schema\/person\/image\/\",\"url\":\"https:\/\/secure.gravatar.com\/avatar\/d0c3bfaa3fa412aa26879ba4f36a3fb99c3ef234b729166ce00c1e1c60927227?s=96&r=g\",\"contentUrl\":\"https:\/\/secure.gravatar.com\/avatar\/d0c3bfaa3fa412aa26879ba4f36a3fb99c3ef234b729166ce00c1e1c60927227?s=96&r=g\",\"caption\":\"Mart\u00ed Farr\u00e9\"},\"description\":\"Barcelona, 1974. Ha trabajado como redactor, corrector, validador, indexador, cron\u00f3logo, dise\u00f1ador de colecciones, asistente de edici\u00f3n y un largo etc\u00e9tera en el sector editorial -para empresas como Planeta Actimedia, Ediciones B, RBA, Oc\u00e9ano, Edicions Riama o Angle Editorial- y tambi\u00e9n de periodista cultural -y de otros menesteres- en medios como Dominical de El Peri\u00f3dico de Catalunya, El Triangle, M\u00e9s Tarragona, Ja\u00e7, Scanner FM o la agencia Temas de Comunicaci\u00f3n.\",\"url\":\"https:\/\/www.emagister.com\/blog\/author\/marti\/\"}]}<\/script>\n<!-- \/ Yoast SEO Premium plugin. -->","yoast_head_json":{"title":"\u00bfC\u00f3mo preinscribir a mi hijo\/a en la escuela? - Blog Emagister","robots":{"index":"index","follow":"follow"},"canonical":"https:\/\/www.emagister.com\/blog\/como-tengo-que-preinscribir-mi-hijoa-en-la-escuela\/","og_locale":"es_ES","og_type":"article","og_title":"\u00bfC\u00f3mo preinscribir a mi hijo\/a en la escuela?","og_description":"Antes del primer d\u00eda de cole, de la primera vez que pisar\u00e1 un aula, tendr\u00e1s que escoger el centro a ... Leer m\u00e1s","og_url":"https:\/\/www.emagister.com\/blog\/como-tengo-que-preinscribir-mi-hijoa-en-la-escuela\/","og_site_name":"Blog Emagister","article_publisher":"https:\/\/www.facebook.com\/Emagister\/","article_published_time":"2015-03-10T10:00:28+00:00","article_modified_time":"2021-12-01T15:25:38+00:00","og_image":[{"width":640,"height":366,"url":"https:\/\/www.emagister.com\/blog\/wp-content\/uploads\/2015\/03\/back-to-school.jpg","type":"image\/jpeg"}],"author":"Mart\u00ed Farr\u00e9","twitter_card":"summary_large_image","twitter_creator":"@emagister","twitter_site":"@emagister","twitter_misc":{"Escrito por":"Mart\u00ed Farr\u00e9","Tiempo de lectura":"4 minutos"},"schema":{"@context":"https:\/\/schema.org","@graph":[{"@type":"Article","@id":"https:\/\/www.emagister.com\/blog\/como-tengo-que-preinscribir-mi-hijoa-en-la-escuela\/#article","isPartOf":{"@id":"https:\/\/www.emagister.com\/blog\/como-tengo-que-preinscribir-mi-hijoa-en-la-escuela\/"},"author":{"name":"Mart\u00ed Farr\u00e9","@id":"https:\/\/www.emagister.com\/blog\/#\/schema\/person\/cee940959b59b525dc1baa04811b34af"},"headline":"\u00bfC\u00f3mo preinscribir a mi hijo\/a en la escuela?","datePublished":"2015-03-10T10:00:28+00:00","dateModified":"2021-12-01T15:25:38+00:00","mainEntityOfPage":{"@id":"https:\/\/www.emagister.com\/blog\/como-tengo-que-preinscribir-mi-hijoa-en-la-escuela\/"},"wordCount":735,"commentCount":0,"publisher":{"@id":"https:\/\/www.emagister.com\/blog\/#organization"},"image":{"@id":"https:\/\/www.emagister.com\/blog\/como-tengo-que-preinscribir-mi-hijoa-en-la-escuela\/#primaryimage"},"thumbnailUrl":"https:\/\/www.emagister.com\/blog\/wp-content\/uploads\/2015\/03\/back-to-school.jpg","keywords":["prematr\u00edcula","preinscripci\u00f3n escolar","consejos para padres"],"articleSection":["Educaci\u00f3n primaria"],"inLanguage":"es","potentialAction":[{"@type":"CommentAction","name":"Comment","target":["https:\/\/www.emagister.com\/blog\/como-tengo-que-preinscribir-mi-hijoa-en-la-escuela\/#respond"]}]},{"@type":"WebPage","@id":"https:\/\/www.emagister.com\/blog\/como-tengo-que-preinscribir-mi-hijoa-en-la-escuela\/","url":"https:\/\/www.emagister.com\/blog\/como-tengo-que-preinscribir-mi-hijoa-en-la-escuela\/","name":"\u00bfC\u00f3mo preinscribir a mi hijo\/a en la escuela? - Blog Emagister","isPartOf":{"@id":"https:\/\/www.emagister.com\/blog\/#website"},"primaryImageOfPage":{"@id":"https:\/\/www.emagister.com\/blog\/como-tengo-que-preinscribir-mi-hijoa-en-la-escuela\/#primaryimage"},"image":{"@id":"https:\/\/www.emagister.com\/blog\/como-tengo-que-preinscribir-mi-hijoa-en-la-escuela\/#primaryimage"},"thumbnailUrl":"https:\/\/www.emagister.com\/blog\/wp-content\/uploads\/2015\/03\/back-to-school.jpg","datePublished":"2015-03-10T10:00:28+00:00","dateModified":"2021-12-01T15:25:38+00:00","breadcrumb":{"@id":"https:\/\/www.emagister.com\/blog\/como-tengo-que-preinscribir-mi-hijoa-en-la-escuela\/#breadcrumb"},"inLanguage":"es","potentialAction":[{"@type":"ReadAction","target":["https:\/\/www.emagister.com\/blog\/como-tengo-que-preinscribir-mi-hijoa-en-la-escuela\/"]}]},{"@type":"ImageObject","inLanguage":"es","@id":"https:\/\/www.emagister.com\/blog\/como-tengo-que-preinscribir-mi-hijoa-en-la-escuela\/#primaryimage","url":"https:\/\/www.emagister.com\/blog\/wp-content\/uploads\/2015\/03\/back-to-school.jpg","contentUrl":"https:\/\/www.emagister.com\/blog\/wp-content\/uploads\/2015\/03\/back-to-school.jpg","width":640,"height":366},{"@type":"BreadcrumbList","@id":"https:\/\/www.emagister.com\/blog\/como-tengo-que-preinscribir-mi-hijoa-en-la-escuela\/#breadcrumb","itemListElement":[{"@type":"ListItem","position":1,"name":"Blog Emagister","item":"https:\/\/www.emagister.com\/blog\/"},{"@type":"ListItem","position":2,"name":"Sistema educativo y titulaciones","item":"https:\/\/www.emagister.com\/blog\/titulaciones\/"},{"@type":"ListItem","position":3,"name":"Educaci\u00f3n primaria","item":"https:\/\/www.emagister.com\/blog\/titulaciones\/educacion-primaria\/"},{"@type":"ListItem","position":4,"name":"\u00bfC\u00f3mo preinscribir a mi hijo\/a en la escuela?"}]},{"@type":"WebSite","@id":"https:\/\/www.emagister.com\/blog\/#website","url":"https:\/\/www.emagister.com\/blog\/","name":"Blog Emagister","description":"Gu\u00eda de orientaci\u00f3n sobre estudios y tendencias de formaci\u00f3n","publisher":{"@id":"https:\/\/www.emagister.com\/blog\/#organization"},"potentialAction":[{"@type":"SearchAction","target":{"@type":"EntryPoint","urlTemplate":"https:\/\/www.emagister.com\/blog\/?s={search_term_string}"},"query-input":{"@type":"PropertyValueSpecification","valueRequired":true,"valueName":"search_term_string"}}],"inLanguage":"es"},{"@type":"Organization","@id":"https:\/\/www.emagister.com\/blog\/#organization","name":"Emagister","url":"https:\/\/www.emagister.com\/blog\/","logo":{"@type":"ImageObject","inLanguage":"es","@id":"https:\/\/www.emagister.com\/blog\/#\/schema\/logo\/image\/","url":"https:\/\/www.emagister.com\/blog\/wp-content\/uploads\/2017\/02\/photo.png","contentUrl":"https:\/\/www.emagister.com\/blog\/wp-content\/uploads\/2017\/02\/photo.png","width":120,"height":120,"caption":"Emagister"},"image":{"@id":"https:\/\/www.emagister.com\/blog\/#\/schema\/logo\/image\/"},"sameAs":["https:\/\/www.facebook.com\/Emagister\/","https:\/\/x.com\/emagister","https:\/\/www.instagram.com\/emagister\/","https:\/\/www.linkedin.com\/company\/emagister-com\/","https:\/\/www.pinterest.es\/emagister\/","https:\/\/www.youtube.com\/user\/emagister\/","https:\/\/es.wikipedia.org\/wiki\/Emagister"]},{"@type":"Person","@id":"https:\/\/www.emagister.com\/blog\/#\/schema\/person\/cee940959b59b525dc1baa04811b34af","name":"Mart\u00ed Farr\u00e9","image":{"@type":"ImageObject","inLanguage":"es","@id":"https:\/\/www.emagister.com\/blog\/#\/schema\/person\/image\/","url":"https:\/\/secure.gravatar.com\/avatar\/d0c3bfaa3fa412aa26879ba4f36a3fb99c3ef234b729166ce00c1e1c60927227?s=96&r=g","contentUrl":"https:\/\/secure.gravatar.com\/avatar\/d0c3bfaa3fa412aa26879ba4f36a3fb99c3ef234b729166ce00c1e1c60927227?s=96&r=g","caption":"Mart\u00ed Farr\u00e9"},"description":"Barcelona, 1974. Ha trabajado como redactor, corrector, validador, indexador, cron\u00f3logo, dise\u00f1ador de colecciones, asistente de edici\u00f3n y un largo etc\u00e9tera en el sector editorial -para empresas como Planeta Actimedia, Ediciones B, RBA, Oc\u00e9ano, Edicions Riama o Angle Editorial- y tambi\u00e9n de periodista cultural -y de otros menesteres- en medios como Dominical de El Peri\u00f3dico de Catalunya, El Triangle, M\u00e9s Tarragona, Ja\u00e7, Scanner FM o la agencia Temas de Comunicaci\u00f3n.","url":"https:\/\/www.emagister.com\/blog\/author\/marti\/"}]}},"_links":{"self":[{"href":"https:\/\/www.emagister.com\/blog\/wp-json\/wp\/v2\/posts\/18022","targetHints":{"allow":["GET"]}}],"collection":[{"href":"https:\/\/www.emagister.com\/blog\/wp-json\/wp\/v2\/posts"}],"about":[{"href":"https:\/\/www.emagister.com\/blog\/wp-json\/wp\/v2\/types\/post"}],"author":[{"embeddable":true,"href":"https:\/\/www.emagister.com\/blog\/wp-json\/wp\/v2\/users\/92"}],"replies":[{"embeddable":true,"href":"https:\/\/www.emagister.com\/blog\/wp-json\/wp\/v2\/comments?post=18022"}],"version-history":[{"count":5,"href":"https:\/\/www.emagister.com\/blog\/wp-json\/wp\/v2\/posts\/18022\/revisions"}],"predecessor-version":[{"id":136075,"href":"https:\/\/www.emagister.com\/blog\/wp-json\/wp\/v2\/posts\/18022\/revisions\/136075"}],"wp:featuredmedia":[{"embeddable":true,"href":"https:\/\/www.emagister.com\/blog\/wp-json\/wp\/v2\/media\/18063"}],"wp:attachment":[{"href":"https:\/\/www.emagister.com\/blog\/wp-json\/wp\/v2\/media?parent=18022"}],"wp:term":[{"taxonomy":"category","embeddable":true,"href":"https:\/\/www.emagister.com\/blog\/wp-json\/wp\/v2\/categories?post=18022"},{"taxonomy":"post_tag","embeddable":true,"href":"https:\/\/www.emagister.com\/blog\/wp-json\/wp\/v2\/tags?post=18022"}],"curies":[{"name":"wp","href":"https:\/\/api.w.org\/{rel}","templated":true}]}}