{"id":18173,"date":"2015-03-19T08:02:06","date_gmt":"2015-03-19T07:02:06","guid":{"rendered":"https:\/\/www.emagister.com\/blog\/?p=18173"},"modified":"2021-05-03T12:10:49","modified_gmt":"2021-05-03T10:10:49","slug":"19-de-marzo-un-libro-para-papa","status":"publish","type":"post","link":"https:\/\/www.emagister.com\/blog\/19-de-marzo-un-libro-para-papa\/","title":{"rendered":"19 de marzo, un libro para pap\u00e1"},"content":{"rendered":"<p>El 19 de marzo es un gran d\u00eda; festejar la paternidad, el papel m\u00e1s exigente y comprometido de nuestra vida, compensado con las mayores\u00a0alegr\u00edas, donde el amor es el principal ingrediente. Tenemos la costumbre de poner un d\u00eda para casi todo. Eso est\u00e1 bien porque \u00a0nos conciencia, reconcilia, compromete o\u00a0congratula: recordamos para no olvidar. Y sobre todo, es un d\u00eda para regalar, por ejemplo, \u00a0un libro.<\/p>\n<p>El d\u00eda del padre se festeja\u00a0en muchos lugares del mundo, pero no el mismo d\u00eda en todos ellos. \u00bfDesde cu\u00e1ndo se celebra \u00a0el 19 de marzo en Espa\u00f1a? En 1948, Manuela Vicente Ferrero, maestra de \u00a0la Escuela Santo \u00c1ngel del madrile\u00f1o barrio de Vallecas, vio que algunos padres se quejaban porque los ni\u00f1os siempre regalaban artesan\u00edas hechas por ellos a las madres, y nunca a los padres. La maestra propuso a los alumnos\u00a0hacer algo parecido para los celosos\u00a0padres y no se le ocurri\u00f3 mejor fecha que el d\u00eda de la festividad de San Jos\u00e9.<\/p>\n<p>Si pens\u00e1is que a vuestro padre le agrada recibir libros y no sab\u00e9is cu\u00e1l\u00a0elegir, aqu\u00ed van unas ideas. Porque padre no hay m\u00e1s que uno, hay un libro especial para cada cual, elige el tuyo.<\/p>\n<p><!--more--><\/p>\n<p><strong>Novelas<\/strong><\/p>\n<p><strong>Hist\u00f3rica<\/strong><\/p>\n<ul>\n<li><strong>EL ESTANDARTE P\u00daRPURA<\/strong>, de Massimiliano Colombo. Ediciones B.<em> \u00a0<\/em>Un autor de bestseller que entusiasma a todos los amantes de las historias\u00a0de h\u00e9roes, romanos y batallas \u00e9picas, de coraje, valent\u00eda y sangre.<\/li>\n<li><strong>LOS \u00daLTIMOS ESPA\u00d1OLES DE MAUTHAUSEN<\/strong>, de Carlos Hernandez de Miguel. Ediciones B.\u00a0Su autor nos revela un mundo de deportados, verdugos y c\u00f3mplices, lleno de torturas inimaginables, pero un ejemplo de solidaridad, dignidad y resistencia.<\/li>\n<\/ul>\n<p><strong>Biogr\u00e1fica<\/strong><\/p>\n<ul>\n<li><strong>EL FRANCOTIRADOR<\/strong>, de Chirs Kile, Jim DeFelice y Scott McWewn. Editorial Cr\u00edtica. El francotirador m\u00e1s letal de la historia de EE.UU, un relato del d\u00eda a d\u00eda en la guerra de Irak, reflexi\u00f3n\u00a0sobre la convivencia cotidiana con la violencia y la muerte. Ha sido llevada a la pantalla por el director Clint Eastwood.<\/li>\n<\/ul>\n<p><strong>Narrativa<\/strong><\/p>\n<ul>\n<li><strong>EL MAESTRO<\/strong>, de M\u00e0rius Moll\u00e0. Ediciones B. Una novela sobre los sue\u00f1os que mantienen vivos, los viejos ideales que nunca se olvidan y la fuerza de los ni\u00f1os para cambiar el mundo. La obra esta \u00a0muy bien documentada sobre la Escuela Moderna de Ferrer i Gu\u00e0rdia que existi\u00f3 en Barcelona a comienzos del siglo XX. Muy recomendable.<\/li>\n<\/ul>\n<p><strong>Polic\u00edaca<\/strong><\/p>\n<ul>\n<li><strong>EL AROMA DEL CRIMEN, <\/strong>de\u00a0Xavier Gutierrez. Destino, colecci\u00f3n \u00c1ncora &amp; Delf\u00edn. Su autor, psic\u00f3logo, cocinero y escritor, sit\u00faa \u00a0esta <a href=\"https:\/\/www.emagister.com\/web\/search\/?action=search&amp;origen=buscador_principal&amp;esBusquedaUsuario=1&amp;q=escritura+creativa\" target=\"_blank\" rel=\"noopener\">novela negra<\/a> en la ciudad de San Sebastian. Dos asesinatos sin conexi\u00f3n aparente, y seg\u00fan avanza la investigaci\u00f3n del instructor de la Ertzaintza Vicente Parra,\u00a0descubre la relaci\u00f3n de los dos cr\u00edmenes. Curiosa mezcla de novela negra y\u00a0gastronom\u00eda, donde nada es lo que parece.<\/li>\n<\/ul>\n<p><strong>Ciencia Ficci\u00f3n<\/strong><\/p>\n<ul>\n<li><strong>EL MARCIANO<\/strong>, de Andy Weir. Ediciones B. Ganadora del premio Goodreads de 2014 a la mejor novela de ciencia ficci\u00f3n, el \u00fanico premio del mundo que otorgan los lectores. Es ideal para aquellos padres que convivieron de j\u00f3venes con Isaac Asimov, Mazinger Z o Carl Sagan y su serie \u00abCosmos\u00bb. Ridley Scott ha comprado los derechos cinematogr\u00e1ficos de la novela, \u00bfhabr\u00e1 pel\u00edcula pronto?<\/li>\n<\/ul>\n<p><strong>Poes\u00eda<\/strong><\/p>\n<ul>\n<li><strong>TODOS LOS POEMAS (1975-2012)<\/strong>, de Joan Margarit Consarnau. Austral. \u00a0Heredero de la poes\u00eda clara y dif\u00edcil de Salvador Espriu y de la poes\u00eda bondadosa e intensa de Miquel Mart\u00ed i Pol, Joan Margarit ser\u00eda, sin duda, el elegido. La dureza y, al mismo tiempo, la ternura del refugio contra la intemperie que es su extensa obra po\u00e9tica lo sit\u00faan entre los poetas catalanes m\u00e1s valorados por la cr\u00edtica y los lectores.<\/li>\n<\/ul>\n<p><strong>Formaci\u00f3n<\/strong><\/p>\n<ul>\n<li>\u00a0<strong>EL GRAN LIBRO DEL COMMUNITY MANAGER<\/strong>, de Manuel Moreno Molina. Gesti\u00f3n 2000. Sexta edici\u00f3n.\u00a0El autor,\u00a0m\u00e1s conocido como @TreceBits, entra a fondo en la actualidad de la importante labor del community manager y desentra\u00f1a <a href=\"https:\/\/www.emagister.com\/web\/search\/?q=community%20manager\" target=\"_blank\" rel=\"noopener\">los secretos de esta nueva profesi\u00f3n.<\/a><\/li>\n<\/ul>\n<p><strong>Pol\u00edtica<\/strong><\/p>\n<ul>\n<li><strong>ESPA\u00d1A 3.0<\/strong>, de Javier Santiso Guimaras. Deusto. <a href=\"https:\/\/www.emagister.com\/web\/search\/?action=search&amp;origen=buscador_principal&amp;esBusquedaUsuario=1&amp;q=pol%C3%ADtica\" target=\"_blank\" rel=\"noopener\">Ensayo pol\u00edtico y reflexi\u00f3n l\u00facida<\/a>, ya que para\u00a0el autor debemos\u00a0resetear el pa\u00eds \u00a0y as\u00ed \u00a0afrontar el futuro con garant\u00edas, sin perder los valores esenciales. \u00abEducaci\u00f3n, <a href=\"https:\/\/www.emagister.com\/master\/web\/search\/?action=search&amp;origen=buscador_principal&amp;esBusquedaUsuario=1&amp;q=innovaci%C3%B3n\" target=\"_blank\" rel=\"noopener\">innovaci\u00f3n<\/a>, digitalizaci\u00f3n e <a href=\"https:\/\/www.emagister.com\/master\/web\/search\/?action=search&amp;origen=buscador_principal&amp;esBusquedaUsuario=1&amp;q=internacionalizaci%C3%B3n\" target=\"_blank\" rel=\"noopener\">internacionalizaci\u00f3n<\/a>, sin estos objetivos b\u00e1sicos\u00a0seguiremos teniendo una clase obrera sin obras, una clase media sin medios y una clase alta sin clase\u00bb, nos dice el autor.<\/li>\n<\/ul>\n<p><strong>Deporte<\/strong><\/p>\n<ul>\n<li><strong>GU\u00cdA DE ALIMENTACI\u00d3N PARA RUNNERS<\/strong>, de Albert Grabulosa. Ediciones B. \u00a1Para padres deportistas! Este\u00a0<a href=\"https:\/\/www.emagister.com\/web\/search\/?action=search&amp;origen=buscador_principal&amp;esBusquedaUsuario=1&amp;q=dietista\">dietista-nutricionista<\/a> \u00a0nos ofrece la informaci\u00f3n y las herramientas para rectificar los errores alimentarios m\u00e1s comunes e incentivar un estilo de vida saludable. \u00a1Arriba del sof\u00e1 y a correr!<\/li>\n<\/ul>\n<p><strong>Cocina<\/strong><\/p>\n<ul>\n<li><strong>M\u00c1S DE 999 RECETAS SIN BOBADAS<\/strong>\u00a0de<strong>\u00a0<\/strong>David de Jorge y Mart\u00edn Berasategui. Debate. Estas dos estrellas del firmamento gastron\u00f3mico y medi\u00e1tico presentan una cocina sencilla y con sentido com\u00fan. Un\u00a0nutrido recetario que se aleja de las extravagancias y de los ingredientes ex\u00f3ticos, <a href=\"https:\/\/www.emagister.com\/web\/search\/?action=search&amp;origen=buscador_principal&amp;esBusquedaUsuario=1&amp;q=cocina+profesional\" target=\"_blank\" rel=\"noopener\">recetas para padres ocupados\u00a0y con buen gusto.<\/a><\/li>\n<\/ul>\n<p><strong>M\u00fasica<\/strong><\/p>\n<ul>\n<li><strong>MAM\u00c1 QUIERO SER DJ, <\/strong>de Eme DJ. L\u00e9eme libros.\u00a0El t\u00edtulo podr\u00eda ser tambi\u00e9n \u00abPap\u00e1, quiero ser DJ\u00bb. \u00a0Marta nos cuenta c\u00f3mo gracias a la colaboraci\u00f3n y textos de otros profesionales pudo ir desarrollando la idea de <a href=\"https:\/\/www.emagister.com\/web\/search\/?action=search&amp;origen=buscador_principal&amp;esBusquedaUsuario=1&amp;q=dj+profesional\">un libro did\u00e1ctico<\/a> y a la vez biogr\u00e1fico.\u00a0Cuenta, adem\u00e1s, con ilustraciones de Jos\u00e9 Luis Algar, compositor y\u00a0\u00a0dise\u00f1ador gr\u00e1fico.\u00a0Tambi\u00e9n puedes escuchar una <em>playlist<\/em> que incluye algunos de los temas favoritos de Eme DJ.<\/li>\n<\/ul>\n<p>&nbsp;<\/p>\n<p>\u00bfPens\u00e1is que es\u00a0una buena lista o le a\u00f1adir\u00edais alg\u00fan otro libro? \u00a0Ahora, toca dar el \u00faltimo\u00a0paso, ir a la librer\u00eda, sana\u00a0costumbre, y comprar con todo el amor del mundo un buen libro para pap\u00e1.<\/p>\n","protected":false},"excerpt":{"rendered":"<p>El 19 de marzo es un gran d\u00eda; festejar la paternidad, el papel m\u00e1s exigente y comprometido de nuestra vida, &#8230; <a title=\"19 de marzo, un libro para pap\u00e1\" class=\"read-more\" href=\"https:\/\/www.emagister.com\/blog\/19-de-marzo-un-libro-para-papa\/\" aria-label=\"M\u00e1s en 19 de marzo, un libro para pap\u00e1\">Leer m\u00e1s<\/a><\/p>\n","protected":false},"author":132,"featured_media":18199,"comment_status":"open","ping_status":"open","sticky":false,"template":"","format":"standard","meta":{"_acf_changed":false,"inline_featured_image":false,"footnotes":""},"categories":[429],"tags":[539,1813,1814],"class_list":["post-18173","post","type-post","status-publish","format-standard","has-post-thumbnail","hentry","category-para-padres","tag-libros","tag-dia-del-padre","tag-regalos","generate-columns","tablet-grid-50","mobile-grid-100","grid-parent","grid-25"],"acf":{"mostrar_faldon":"-1","texto_faldon":"","link_faldon":"","link_texto_faldon":"","hreflang":false,"estilo_titulo":""},"yoast_head":"<!-- This site is optimized with the Yoast SEO Premium plugin v18.1 (Yoast SEO v27.0) - https:\/\/yoast.com\/product\/yoast-seo-premium-wordpress\/ -->\n<title>19 de marzo, un libro para pap\u00e1 - Blog Emagister<\/title>\n<meta name=\"robots\" content=\"index, follow\" \/>\n<link rel=\"canonical\" href=\"https:\/\/www.emagister.com\/blog\/19-de-marzo-un-libro-para-papa\/\" \/>\n<meta property=\"og:locale\" content=\"es_ES\" \/>\n<meta property=\"og:type\" content=\"article\" \/>\n<meta property=\"og:title\" content=\"19 de marzo, un libro para pap\u00e1\" \/>\n<meta property=\"og:description\" content=\"El 19 de marzo es un gran d\u00eda; festejar la paternidad, el papel m\u00e1s exigente y comprometido de nuestra vida, ... Leer m\u00e1s\" \/>\n<meta property=\"og:url\" content=\"https:\/\/www.emagister.com\/blog\/19-de-marzo-un-libro-para-papa\/\" \/>\n<meta property=\"og:site_name\" content=\"Blog Emagister\" \/>\n<meta property=\"article:publisher\" content=\"https:\/\/www.facebook.com\/Emagister\/\" \/>\n<meta property=\"article:published_time\" content=\"2015-03-19T07:02:06+00:00\" \/>\n<meta property=\"article:modified_time\" content=\"2021-05-03T10:10:49+00:00\" \/>\n<meta property=\"og:image\" content=\"https:\/\/www.emagister.com\/blog\/wp-content\/uploads\/2015\/03\/121353127.jpg\" \/>\n\t<meta property=\"og:image:width\" content=\"1852\" \/>\n\t<meta property=\"og:image:height\" content=\"1280\" \/>\n\t<meta property=\"og:image:type\" content=\"image\/jpeg\" \/>\n<meta name=\"author\" content=\"Pedro Vega\" \/>\n<meta name=\"twitter:card\" content=\"summary_large_image\" \/>\n<meta name=\"twitter:creator\" content=\"@emagister\" \/>\n<meta name=\"twitter:site\" content=\"@emagister\" \/>\n<meta name=\"twitter:label1\" content=\"Escrito por\" \/>\n\t<meta name=\"twitter:data1\" content=\"Pedro Vega\" \/>\n\t<meta name=\"twitter:label2\" content=\"Tiempo de lectura\" \/>\n\t<meta name=\"twitter:data2\" content=\"5 minutos\" \/>\n<script type=\"application\/ld+json\" class=\"yoast-schema-graph\">{\"@context\":\"https:\/\/schema.org\",\"@graph\":[{\"@type\":\"Article\",\"@id\":\"https:\/\/www.emagister.com\/blog\/19-de-marzo-un-libro-para-papa\/#article\",\"isPartOf\":{\"@id\":\"https:\/\/www.emagister.com\/blog\/19-de-marzo-un-libro-para-papa\/\"},\"author\":{\"name\":\"Pedro Vega\",\"@id\":\"https:\/\/www.emagister.com\/blog\/#\/schema\/person\/f8214b417e0da600afaebd3f3bdb464a\"},\"headline\":\"19 de marzo, un libro para pap\u00e1\",\"datePublished\":\"2015-03-19T07:02:06+00:00\",\"dateModified\":\"2021-05-03T10:10:49+00:00\",\"mainEntityOfPage\":{\"@id\":\"https:\/\/www.emagister.com\/blog\/19-de-marzo-un-libro-para-papa\/\"},\"wordCount\":1004,\"commentCount\":0,\"publisher\":{\"@id\":\"https:\/\/www.emagister.com\/blog\/#organization\"},\"image\":{\"@id\":\"https:\/\/www.emagister.com\/blog\/19-de-marzo-un-libro-para-papa\/#primaryimage\"},\"thumbnailUrl\":\"https:\/\/www.emagister.com\/blog\/wp-content\/uploads\/2015\/03\/121353127.jpg\",\"keywords\":[\"libros\",\"D\u00eda del Padre\",\"regalos\"],\"articleSection\":[\"Ser padres\"],\"inLanguage\":\"es\",\"potentialAction\":[{\"@type\":\"CommentAction\",\"name\":\"Comment\",\"target\":[\"https:\/\/www.emagister.com\/blog\/19-de-marzo-un-libro-para-papa\/#respond\"]}]},{\"@type\":\"WebPage\",\"@id\":\"https:\/\/www.emagister.com\/blog\/19-de-marzo-un-libro-para-papa\/\",\"url\":\"https:\/\/www.emagister.com\/blog\/19-de-marzo-un-libro-para-papa\/\",\"name\":\"19 de marzo, un libro para pap\u00e1 - Blog Emagister\",\"isPartOf\":{\"@id\":\"https:\/\/www.emagister.com\/blog\/#website\"},\"primaryImageOfPage\":{\"@id\":\"https:\/\/www.emagister.com\/blog\/19-de-marzo-un-libro-para-papa\/#primaryimage\"},\"image\":{\"@id\":\"https:\/\/www.emagister.com\/blog\/19-de-marzo-un-libro-para-papa\/#primaryimage\"},\"thumbnailUrl\":\"https:\/\/www.emagister.com\/blog\/wp-content\/uploads\/2015\/03\/121353127.jpg\",\"datePublished\":\"2015-03-19T07:02:06+00:00\",\"dateModified\":\"2021-05-03T10:10:49+00:00\",\"breadcrumb\":{\"@id\":\"https:\/\/www.emagister.com\/blog\/19-de-marzo-un-libro-para-papa\/#breadcrumb\"},\"inLanguage\":\"es\",\"potentialAction\":[{\"@type\":\"ReadAction\",\"target\":[\"https:\/\/www.emagister.com\/blog\/19-de-marzo-un-libro-para-papa\/\"]}]},{\"@type\":\"ImageObject\",\"inLanguage\":\"es\",\"@id\":\"https:\/\/www.emagister.com\/blog\/19-de-marzo-un-libro-para-papa\/#primaryimage\",\"url\":\"https:\/\/www.emagister.com\/blog\/wp-content\/uploads\/2015\/03\/121353127.jpg\",\"contentUrl\":\"https:\/\/www.emagister.com\/blog\/wp-content\/uploads\/2015\/03\/121353127.jpg\",\"width\":1852,\"height\":1280},{\"@type\":\"BreadcrumbList\",\"@id\":\"https:\/\/www.emagister.com\/blog\/19-de-marzo-un-libro-para-papa\/#breadcrumb\",\"itemListElement\":[{\"@type\":\"ListItem\",\"position\":1,\"name\":\"Blog Emagister\",\"item\":\"https:\/\/www.emagister.com\/blog\/\"},{\"@type\":\"ListItem\",\"position\":2,\"name\":\"Sistema educativo y titulaciones\",\"item\":\"https:\/\/www.emagister.com\/blog\/titulaciones\/\"},{\"@type\":\"ListItem\",\"position\":3,\"name\":\"Educaci\u00f3n primaria\",\"item\":\"https:\/\/www.emagister.com\/blog\/titulaciones\/educacion-primaria\/\"},{\"@type\":\"ListItem\",\"position\":4,\"name\":\"Ser padres\",\"item\":\"https:\/\/www.emagister.com\/blog\/titulaciones\/educacion-primaria\/para-padres\/\"},{\"@type\":\"ListItem\",\"position\":5,\"name\":\"19 de marzo, un libro para pap\u00e1\"}]},{\"@type\":\"WebSite\",\"@id\":\"https:\/\/www.emagister.com\/blog\/#website\",\"url\":\"https:\/\/www.emagister.com\/blog\/\",\"name\":\"Blog Emagister\",\"description\":\"Gu\u00eda de orientaci\u00f3n sobre estudios y tendencias de formaci\u00f3n\",\"publisher\":{\"@id\":\"https:\/\/www.emagister.com\/blog\/#organization\"},\"potentialAction\":[{\"@type\":\"SearchAction\",\"target\":{\"@type\":\"EntryPoint\",\"urlTemplate\":\"https:\/\/www.emagister.com\/blog\/?s={search_term_string}\"},\"query-input\":{\"@type\":\"PropertyValueSpecification\",\"valueRequired\":true,\"valueName\":\"search_term_string\"}}],\"inLanguage\":\"es\"},{\"@type\":\"Organization\",\"@id\":\"https:\/\/www.emagister.com\/blog\/#organization\",\"name\":\"Emagister\",\"url\":\"https:\/\/www.emagister.com\/blog\/\",\"logo\":{\"@type\":\"ImageObject\",\"inLanguage\":\"es\",\"@id\":\"https:\/\/www.emagister.com\/blog\/#\/schema\/logo\/image\/\",\"url\":\"https:\/\/www.emagister.com\/blog\/wp-content\/uploads\/2017\/02\/photo.png\",\"contentUrl\":\"https:\/\/www.emagister.com\/blog\/wp-content\/uploads\/2017\/02\/photo.png\",\"width\":120,\"height\":120,\"caption\":\"Emagister\"},\"image\":{\"@id\":\"https:\/\/www.emagister.com\/blog\/#\/schema\/logo\/image\/\"},\"sameAs\":[\"https:\/\/www.facebook.com\/Emagister\/\",\"https:\/\/x.com\/emagister\",\"https:\/\/www.instagram.com\/emagister\/\",\"https:\/\/www.linkedin.com\/company\/emagister-com\/\",\"https:\/\/www.pinterest.es\/emagister\/\",\"https:\/\/www.youtube.com\/user\/emagister\/\",\"https:\/\/es.wikipedia.org\/wiki\/Emagister\"]},{\"@type\":\"Person\",\"@id\":\"https:\/\/www.emagister.com\/blog\/#\/schema\/person\/f8214b417e0da600afaebd3f3bdb464a\",\"name\":\"Pedro Vega\",\"image\":{\"@type\":\"ImageObject\",\"inLanguage\":\"es\",\"@id\":\"https:\/\/www.emagister.com\/blog\/#\/schema\/person\/image\/\",\"url\":\"https:\/\/secure.gravatar.com\/avatar\/f094bab11635806754a4d671e50b305ca9f7170d03e066b15e6c1b2cde6d548d?s=96&r=g\",\"contentUrl\":\"https:\/\/secure.gravatar.com\/avatar\/f094bab11635806754a4d671e50b305ca9f7170d03e066b15e6c1b2cde6d548d?s=96&r=g\",\"caption\":\"Pedro Vega\"},\"sameAs\":[\"http:\/\/www.socialtravelbarcelona.com\"],\"url\":\"https:\/\/www.emagister.com\/blog\/author\/pedrov\/\"}]}<\/script>\n<!-- \/ Yoast SEO Premium plugin. -->","yoast_head_json":{"title":"19 de marzo, un libro para pap\u00e1 - Blog Emagister","robots":{"index":"index","follow":"follow"},"canonical":"https:\/\/www.emagister.com\/blog\/19-de-marzo-un-libro-para-papa\/","og_locale":"es_ES","og_type":"article","og_title":"19 de marzo, un libro para pap\u00e1","og_description":"El 19 de marzo es un gran d\u00eda; festejar la paternidad, el papel m\u00e1s exigente y comprometido de nuestra vida, ... Leer m\u00e1s","og_url":"https:\/\/www.emagister.com\/blog\/19-de-marzo-un-libro-para-papa\/","og_site_name":"Blog Emagister","article_publisher":"https:\/\/www.facebook.com\/Emagister\/","article_published_time":"2015-03-19T07:02:06+00:00","article_modified_time":"2021-05-03T10:10:49+00:00","og_image":[{"width":1852,"height":1280,"url":"https:\/\/www.emagister.com\/blog\/wp-content\/uploads\/2015\/03\/121353127.jpg","type":"image\/jpeg"}],"author":"Pedro Vega","twitter_card":"summary_large_image","twitter_creator":"@emagister","twitter_site":"@emagister","twitter_misc":{"Escrito por":"Pedro Vega","Tiempo de lectura":"5 minutos"},"schema":{"@context":"https:\/\/schema.org","@graph":[{"@type":"Article","@id":"https:\/\/www.emagister.com\/blog\/19-de-marzo-un-libro-para-papa\/#article","isPartOf":{"@id":"https:\/\/www.emagister.com\/blog\/19-de-marzo-un-libro-para-papa\/"},"author":{"name":"Pedro Vega","@id":"https:\/\/www.emagister.com\/blog\/#\/schema\/person\/f8214b417e0da600afaebd3f3bdb464a"},"headline":"19 de marzo, un libro para pap\u00e1","datePublished":"2015-03-19T07:02:06+00:00","dateModified":"2021-05-03T10:10:49+00:00","mainEntityOfPage":{"@id":"https:\/\/www.emagister.com\/blog\/19-de-marzo-un-libro-para-papa\/"},"wordCount":1004,"commentCount":0,"publisher":{"@id":"https:\/\/www.emagister.com\/blog\/#organization"},"image":{"@id":"https:\/\/www.emagister.com\/blog\/19-de-marzo-un-libro-para-papa\/#primaryimage"},"thumbnailUrl":"https:\/\/www.emagister.com\/blog\/wp-content\/uploads\/2015\/03\/121353127.jpg","keywords":["libros","D\u00eda del Padre","regalos"],"articleSection":["Ser padres"],"inLanguage":"es","potentialAction":[{"@type":"CommentAction","name":"Comment","target":["https:\/\/www.emagister.com\/blog\/19-de-marzo-un-libro-para-papa\/#respond"]}]},{"@type":"WebPage","@id":"https:\/\/www.emagister.com\/blog\/19-de-marzo-un-libro-para-papa\/","url":"https:\/\/www.emagister.com\/blog\/19-de-marzo-un-libro-para-papa\/","name":"19 de marzo, un libro para pap\u00e1 - Blog Emagister","isPartOf":{"@id":"https:\/\/www.emagister.com\/blog\/#website"},"primaryImageOfPage":{"@id":"https:\/\/www.emagister.com\/blog\/19-de-marzo-un-libro-para-papa\/#primaryimage"},"image":{"@id":"https:\/\/www.emagister.com\/blog\/19-de-marzo-un-libro-para-papa\/#primaryimage"},"thumbnailUrl":"https:\/\/www.emagister.com\/blog\/wp-content\/uploads\/2015\/03\/121353127.jpg","datePublished":"2015-03-19T07:02:06+00:00","dateModified":"2021-05-03T10:10:49+00:00","breadcrumb":{"@id":"https:\/\/www.emagister.com\/blog\/19-de-marzo-un-libro-para-papa\/#breadcrumb"},"inLanguage":"es","potentialAction":[{"@type":"ReadAction","target":["https:\/\/www.emagister.com\/blog\/19-de-marzo-un-libro-para-papa\/"]}]},{"@type":"ImageObject","inLanguage":"es","@id":"https:\/\/www.emagister.com\/blog\/19-de-marzo-un-libro-para-papa\/#primaryimage","url":"https:\/\/www.emagister.com\/blog\/wp-content\/uploads\/2015\/03\/121353127.jpg","contentUrl":"https:\/\/www.emagister.com\/blog\/wp-content\/uploads\/2015\/03\/121353127.jpg","width":1852,"height":1280},{"@type":"BreadcrumbList","@id":"https:\/\/www.emagister.com\/blog\/19-de-marzo-un-libro-para-papa\/#breadcrumb","itemListElement":[{"@type":"ListItem","position":1,"name":"Blog Emagister","item":"https:\/\/www.emagister.com\/blog\/"},{"@type":"ListItem","position":2,"name":"Sistema educativo y titulaciones","item":"https:\/\/www.emagister.com\/blog\/titulaciones\/"},{"@type":"ListItem","position":3,"name":"Educaci\u00f3n primaria","item":"https:\/\/www.emagister.com\/blog\/titulaciones\/educacion-primaria\/"},{"@type":"ListItem","position":4,"name":"Ser padres","item":"https:\/\/www.emagister.com\/blog\/titulaciones\/educacion-primaria\/para-padres\/"},{"@type":"ListItem","position":5,"name":"19 de marzo, un libro para pap\u00e1"}]},{"@type":"WebSite","@id":"https:\/\/www.emagister.com\/blog\/#website","url":"https:\/\/www.emagister.com\/blog\/","name":"Blog Emagister","description":"Gu\u00eda de orientaci\u00f3n sobre estudios y tendencias de formaci\u00f3n","publisher":{"@id":"https:\/\/www.emagister.com\/blog\/#organization"},"potentialAction":[{"@type":"SearchAction","target":{"@type":"EntryPoint","urlTemplate":"https:\/\/www.emagister.com\/blog\/?s={search_term_string}"},"query-input":{"@type":"PropertyValueSpecification","valueRequired":true,"valueName":"search_term_string"}}],"inLanguage":"es"},{"@type":"Organization","@id":"https:\/\/www.emagister.com\/blog\/#organization","name":"Emagister","url":"https:\/\/www.emagister.com\/blog\/","logo":{"@type":"ImageObject","inLanguage":"es","@id":"https:\/\/www.emagister.com\/blog\/#\/schema\/logo\/image\/","url":"https:\/\/www.emagister.com\/blog\/wp-content\/uploads\/2017\/02\/photo.png","contentUrl":"https:\/\/www.emagister.com\/blog\/wp-content\/uploads\/2017\/02\/photo.png","width":120,"height":120,"caption":"Emagister"},"image":{"@id":"https:\/\/www.emagister.com\/blog\/#\/schema\/logo\/image\/"},"sameAs":["https:\/\/www.facebook.com\/Emagister\/","https:\/\/x.com\/emagister","https:\/\/www.instagram.com\/emagister\/","https:\/\/www.linkedin.com\/company\/emagister-com\/","https:\/\/www.pinterest.es\/emagister\/","https:\/\/www.youtube.com\/user\/emagister\/","https:\/\/es.wikipedia.org\/wiki\/Emagister"]},{"@type":"Person","@id":"https:\/\/www.emagister.com\/blog\/#\/schema\/person\/f8214b417e0da600afaebd3f3bdb464a","name":"Pedro Vega","image":{"@type":"ImageObject","inLanguage":"es","@id":"https:\/\/www.emagister.com\/blog\/#\/schema\/person\/image\/","url":"https:\/\/secure.gravatar.com\/avatar\/f094bab11635806754a4d671e50b305ca9f7170d03e066b15e6c1b2cde6d548d?s=96&r=g","contentUrl":"https:\/\/secure.gravatar.com\/avatar\/f094bab11635806754a4d671e50b305ca9f7170d03e066b15e6c1b2cde6d548d?s=96&r=g","caption":"Pedro Vega"},"sameAs":["http:\/\/www.socialtravelbarcelona.com"],"url":"https:\/\/www.emagister.com\/blog\/author\/pedrov\/"}]}},"_links":{"self":[{"href":"https:\/\/www.emagister.com\/blog\/wp-json\/wp\/v2\/posts\/18173","targetHints":{"allow":["GET"]}}],"collection":[{"href":"https:\/\/www.emagister.com\/blog\/wp-json\/wp\/v2\/posts"}],"about":[{"href":"https:\/\/www.emagister.com\/blog\/wp-json\/wp\/v2\/types\/post"}],"author":[{"embeddable":true,"href":"https:\/\/www.emagister.com\/blog\/wp-json\/wp\/v2\/users\/132"}],"replies":[{"embeddable":true,"href":"https:\/\/www.emagister.com\/blog\/wp-json\/wp\/v2\/comments?post=18173"}],"version-history":[{"count":1,"href":"https:\/\/www.emagister.com\/blog\/wp-json\/wp\/v2\/posts\/18173\/revisions"}],"predecessor-version":[{"id":126286,"href":"https:\/\/www.emagister.com\/blog\/wp-json\/wp\/v2\/posts\/18173\/revisions\/126286"}],"wp:featuredmedia":[{"embeddable":true,"href":"https:\/\/www.emagister.com\/blog\/wp-json\/wp\/v2\/media\/18199"}],"wp:attachment":[{"href":"https:\/\/www.emagister.com\/blog\/wp-json\/wp\/v2\/media?parent=18173"}],"wp:term":[{"taxonomy":"category","embeddable":true,"href":"https:\/\/www.emagister.com\/blog\/wp-json\/wp\/v2\/categories?post=18173"},{"taxonomy":"post_tag","embeddable":true,"href":"https:\/\/www.emagister.com\/blog\/wp-json\/wp\/v2\/tags?post=18173"}],"curies":[{"name":"wp","href":"https:\/\/api.w.org\/{rel}","templated":true}]}}