{"id":18682,"date":"2019-06-09T18:37:00","date_gmt":"2019-06-09T16:37:00","guid":{"rendered":"https:\/\/www.emagister.com\/blog\/?p=18682"},"modified":"2019-06-21T10:47:36","modified_gmt":"2019-06-21T08:47:36","slug":"formate-como-jefe-de-proyecto","status":"publish","type":"post","link":"https:\/\/www.emagister.com\/blog\/formate-como-jefe-de-proyecto\/","title":{"rendered":"F\u00f3rmate como jefe de proyecto"},"content":{"rendered":"<p>La existencia de\u00a0<strong>proyectos<\/strong>\u00a0es intr\u00ednseca a la historia de la humanidad. Desde tiempos inmemoriales,\u00a0\u00a0se ha llevado a cabo la ejecuci\u00f3n de grandes empresas como levantar pir\u00e1mides, descubrir grandes novedades, conquistar civilizaciones o construir simples puentes.<\/p>\n<p>El\u00a0<strong>\u00e9xito o fracaso<\/strong>\u00a0a menudo depende de forma directa\u00a0<strong>del responsable de la ejecuci\u00f3n<\/strong>\u00a0de la idea. Si se cuenta con un profesional catalizador de cambios, alineado con los objetivos del negocio, con\u00a0<strong>perspectiva estrat\u00e9gica<\/strong>, sabedor de las restricciones del d\u00eda a d\u00eda y conciliador de intereses, tenemos el \u00e9xito pr\u00e1cticamente garantizado.<\/p>\n<p><strong>\u00bfTienes el perfil adecuado para serlo? Aver\u00edgualo con este post.<\/strong><\/p>\n<p><!--more--><\/p>\n<p>A un<strong>\u00a0<\/strong><strong>jefe de proyecto<\/strong>\u00a0a menudo se le ve como\u00a0<strong>un equilibrista que utiliza arte y ciencia<\/strong>\u00a0a partes iguales para gestionar con \u00e9xito sus proyectos dentro del contexto empresarial actual, sometido a grandes cambios y condicionado por mercados inestables. Pero si este responsable cuenta con\u00a0<strong>conocimientos metodol\u00f3gicos y procedimentales<\/strong>\u00a0que le ayuden a gestionar equipos, decidir sobre aspectos financieros o supervisar la calidad de lo que se ejecuta, es m\u00e1s factible que la empresa acometida llegue a buen puerto.Debe contar tambi\u00e9n con una serie de\u00a0<strong>habilidades personales, experiencia y capacidad<\/strong>\u00a0para orquestar todos estos\u00a0aspectos, para\u00a0conseguir que los objetivos del proyecto se cumplan y est\u00e9n alineados con la estrategia corporativa.<\/p>\n<div class=\"courses\"><div class=\"course\"><div class=\"inside\"><a href=\"https:\/\/www.emagister.com\/mba-gestion-gerencia-proyectos-online-cursos-2840035.htm\" class=\"course_name directory\">MBA Especialidad en Gesti\u00f3n de Proyectos<\/a><div class=\"course_center\">Instituto Europeo de Posgrado (IEP)<\/div><div class=\"course_rating\"><svg fill=\"none\" height=\"13\" viewBox=\"0 0 13 13\" width=\"13\" xmlns=\"http:\/\/www.w3.org\/2000\/svg\"><path d=\"m5.79999.990059-1.58 3.220001-3.549999.52c-.6399996.09-.9.87-.43 1.32l2.559999 2.51-.6 3.53004c-.11.64.56 1.12 1.13.82l3.18-1.67v-10.680041c-.29 0-.56.14-.71.43z\" fill=\"#f5ba41\"\/><path d=\"m10.8 12.0901-.6-3.53004 2.57-2.5c.46-.45.21-1.23-.43-1.33l-3.56-.52-1.58-3.220001c-.15-.28-.42-.43-.7-.43v10.680041l3.18 1.67c.56.3 1.23-.18 1.12-.82z\" fill=\"#e5e5e5\"\/><\/svg><\/i><svg fill=\"none\" height=\"13\" viewBox=\"0 0 13 13\" width=\"13\" xmlns=\"http:\/\/www.w3.org\/2000\/svg\"><path d=\"m5.79999.990059-1.58 3.220001-3.549999.52c-.6399996.09-.9.87-.43 1.32l2.559999 2.51-.6 3.53004c-.11.64.56 1.12 1.13.82l3.18-1.67v-10.680041c-.29 0-.56.14-.71.43z\" fill=\"#f5ba41\"\/><path d=\"m10.8 12.0901-.6-3.53004 2.57-2.5c.46-.45.21-1.23-.43-1.33l-3.56-.52-1.58-3.220001c-.15-.28-.42-.43-.7-.43v10.680041l3.18 1.67c.56.3 1.23-.18 1.12-.82z\" fill=\"#e5e5e5\"\/><\/svg><\/i><svg fill=\"none\" height=\"13\" viewBox=\"0 0 13 13\" width=\"13\" xmlns=\"http:\/\/www.w3.org\/2000\/svg\"><path d=\"m5.79999.990059-1.58 3.220001-3.549999.52c-.6399996.09-.9.87-.43 1.32l2.559999 2.51-.6 3.53004c-.11.64.56 1.12 1.13.82l3.18-1.67v-10.680041c-.29 0-.56.14-.71.43z\" fill=\"#f5ba41\"\/><path d=\"m10.8 12.0901-.6-3.53004 2.57-2.5c.46-.45.21-1.23-.43-1.33l-3.56-.52-1.58-3.220001c-.15-.28-.42-.43-.7-.43v10.680041l3.18 1.67c.56.3 1.23-.18 1.12-.82z\" fill=\"#e5e5e5\"\/><\/svg><\/i><svg fill=\"none\" height=\"13\" viewBox=\"0 0 13 13\" width=\"13\" xmlns=\"http:\/\/www.w3.org\/2000\/svg\"><path d=\"m5.79999.990059-1.58 3.220001-3.549999.52c-.6399996.09-.9.87-.43 1.32l2.559999 2.51-.6 3.53004c-.11.64.56 1.12 1.13.82l3.18-1.67v-10.680041c-.29 0-.56.14-.71.43z\" fill=\"#f5ba41\"\/><path d=\"m10.8 12.0901-.6-3.53004 2.57-2.5c.46-.45.21-1.23-.43-1.33l-3.56-.52-1.58-3.220001c-.15-.28-.42-.43-.7-.43v10.680041l3.18 1.67c.56.3 1.23-.18 1.12-.82z\" fill=\"#e5e5e5\"\/><\/svg><\/i><svg fill=\"none\" height=\"13\" viewBox=\"0 0 13 13\" width=\"13\" xmlns=\"http:\/\/www.w3.org\/2000\/svg\"><path d=\"m5.79999.990059-1.58 3.220001-3.549999.52c-.6399996.09-.9.87-.43 1.32l2.559999 2.51-.6 3.53004c-.11.64.56 1.12 1.13.82l3.18-1.67v-10.680041c-.29 0-.56.14-.71.43z\" fill=\"#f5ba41\"\/><path d=\"m10.8 12.0901-.6-3.53004 2.57-2.5c.46-.45.21-1.23-.43-1.33l-3.56-.52-1.58-3.220001c-.15-.28-.42-.43-.7-.43v10.680041l3.18 1.67c.56.3 1.23-.18 1.12-.82z\" fill=\"#e5e5e5\"\/><\/svg><\/i><\/div><div class=\"course_price\"><div class=\"course_price_text\">Precio Emagister<\/div><del>7.750 \u20ac<\/del>  3.643 \u20ac<\/div><a href=\"https:\/\/www.emagister.com\/mba-gestion-gerencia-proyectos-online-cursos-2840035.htm\" class=\"course_button directory\">Ver m\u00e1s<\/a><\/div><\/div><div class=\"course\"><div class=\"inside\"><a href=\"https:\/\/www.emagister.com\/global-master-project-management-cursos-3654122.htm\" class=\"course_name directory\">Master en Project Management H\u00edbrido<\/a><div class=\"course_center\">EAE Madrid<\/div><div class=\"course_rating\"><svg fill=\"none\" height=\"13\" viewBox=\"0 0 13 13\" width=\"13\" xmlns=\"http:\/\/www.w3.org\/2000\/svg\"><path d=\"m5.79999.990059-1.58 3.220001-3.549999.52c-.6399996.09-.9.87-.43 1.32l2.559999 2.51-.6 3.53004c-.11.64.56 1.12 1.13.82l3.18-1.67v-10.680041c-.29 0-.56.14-.71.43z\" fill=\"#f5ba41\"\/><path d=\"m10.8 12.0901-.6-3.53004 2.57-2.5c.46-.45.21-1.23-.43-1.33l-3.56-.52-1.58-3.220001c-.15-.28-.42-.43-.7-.43v10.680041l3.18 1.67c.56.3 1.23-.18 1.12-.82z\" fill=\"#e5e5e5\"\/><\/svg><\/i><svg fill=\"none\" height=\"13\" viewBox=\"0 0 13 13\" width=\"13\" xmlns=\"http:\/\/www.w3.org\/2000\/svg\"><path d=\"m5.79999.990059-1.58 3.220001-3.549999.52c-.6399996.09-.9.87-.43 1.32l2.559999 2.51-.6 3.53004c-.11.64.56 1.12 1.13.82l3.18-1.67v-10.680041c-.29 0-.56.14-.71.43z\" fill=\"#f5ba41\"\/><path d=\"m10.8 12.0901-.6-3.53004 2.57-2.5c.46-.45.21-1.23-.43-1.33l-3.56-.52-1.58-3.220001c-.15-.28-.42-.43-.7-.43v10.680041l3.18 1.67c.56.3 1.23-.18 1.12-.82z\" fill=\"#e5e5e5\"\/><\/svg><\/i><svg fill=\"none\" height=\"13\" viewBox=\"0 0 13 13\" width=\"13\" xmlns=\"http:\/\/www.w3.org\/2000\/svg\"><path d=\"m5.79999.990059-1.58 3.220001-3.549999.52c-.6399996.09-.9.87-.43 1.32l2.559999 2.51-.6 3.53004c-.11.64.56 1.12 1.13.82l3.18-1.67v-10.680041c-.29 0-.56.14-.71.43z\" fill=\"#f5ba41\"\/><path d=\"m10.8 12.0901-.6-3.53004 2.57-2.5c.46-.45.21-1.23-.43-1.33l-3.56-.52-1.58-3.220001c-.15-.28-.42-.43-.7-.43v10.680041l3.18 1.67c.56.3 1.23-.18 1.12-.82z\" fill=\"#e5e5e5\"\/><\/svg><\/i><svg fill=\"none\" height=\"13\" viewBox=\"0 0 13 13\" width=\"13\" xmlns=\"http:\/\/www.w3.org\/2000\/svg\"><path d=\"m5.79999.990059-1.58 3.220001-3.549999.52c-.6399996.09-.9.87-.43 1.32l2.559999 2.51-.6 3.53004c-.11.64.56 1.12 1.13.82l3.18-1.67v-10.680041c-.29 0-.56.14-.71.43z\" fill=\"#f5ba41\"\/><path d=\"m10.8 12.0901-.6-3.53004 2.57-2.5c.46-.45.21-1.23-.43-1.33l-3.56-.52-1.58-3.220001c-.15-.28-.42-.43-.7-.43v10.680041l3.18 1.67c.56.3 1.23-.18 1.12-.82z\" fill=\"#e5e5e5\"\/><\/svg><\/i><svg fill=\"none\" height=\"13\" viewBox=\"0 0 13 13\" width=\"13\" xmlns=\"http:\/\/www.w3.org\/2000\/svg\"><path d=\"m5.79999.990059-1.58 3.220001-3.549999.52c-.6399996.09-.9.87-.43 1.32l2.559999 2.51-.6 3.53004c-.11.64.56 1.12 1.13.82l3.18-1.67v-10.680041c-.29 0-.56.14-.71.43z\" fill=\"#f5ba41\"\/><path d=\"m10.8 12.0901-.6-3.53004 2.57-2.5c.46-.45.21-1.23-.43-1.33l-3.56-.52-1.58-3.220001c-.15-.28-.42-.43-.7-.43v10.680041l3.18 1.67c.56.3 1.23-.18 1.12-.82z\" fill=\"#e5e5e5\"\/><\/svg><\/i><\/div><div class=\"course_price\"><div class=\"course_price_text\">Precio a consultar<\/div><\/div><a href=\"https:\/\/www.emagister.com\/global-master-project-management-cursos-3654122.htm\" class=\"course_button directory\">Ver m\u00e1s<\/a><\/div><\/div><div class=\"courses_more_wpr\"><span class=\"courses_more directory ofuscado\" onclick=\"window.location.href='https:\/\/www.emagister.com\/web\/search?q=director%20de%20proyectos&#038;token=668d173c-ff0d-4d4f-bd13-3db820a3b96a&#038;segment=1&#038;idCategSeg=587&#038;idTipoImpartAgrupado=2&#038;sort=purePPL';\">Ver todos los cursos<svg height=\"20\" viewBox=\"0 0 20 20\" width=\"20\" xmlns=\"http:\/\/www.w3.org\/2000\/svg\"><path d=\"m12.77 10.332-4.602 4.531c-.184.184-.48.184-.664 0l-.277-.277c-.184-.184-.184-.48 0-.664l3.996-3.922-3.993-3.922c-.183-.183-.183-.48 0-.664l.278-.277c.183-.184.48-.184.664 0l4.601 4.531c.18.184.18.48-.003.664z\" fill=\"#4cb7ac\" fill-rule=\"evenodd\"\/><\/svg><\/span><\/div><\/div>\n<p><strong>\u00bfPor qu\u00e9 es tan valioso este puesto?<\/strong><\/p>\n<p>Dentro de este marco, la\u00a0<strong>correcta gesti\u00f3n de proyectos<\/strong>\u00a0se ha convertido en una competencia primordial para los profesionales y estrat\u00e9gica para las organizaciones, puesto que se pueden vincular los resultados de los proyectos con los objetivos del negocio y, por tanto, enfrentarse a un mercado cada vez m\u00e1s competitivo. Pero esto no afecta s\u00f3lo a las grandes acciones, sino tambi\u00e9n a proyectos de menor tama\u00f1o o de menor envergadura, igualmente determinantes para el futuro de cualquier empresa.<\/p>\n<p><strong>Buenas razones para formarte como jefe de proyecto<\/strong><\/p>\n<p>Las empresas est\u00e1n buscando profesionales que acrediten estas habilidades, y la forma m\u00e1s simple y segura es contratar personal con una\u00a0<strong>certificaci\u00f3n\u00a0en <a href=\"https:\/\/www.emagister.com\/cursos-direccion-proyectos-kwes-1000006290.htm\" target=\"_blank\" rel=\"noopener\">direcci\u00f3n de proyectos<\/a><\/strong>. \u00c9sta acredita una trayectoria profesional y unos conocimientos concretos estandarizados a nivel mundial. Las certificaciones se basan en est\u00e1ndares que surgen cuando las empresas, con el objetivo de mejorar sus patrones de eficacia y eficiencia, se van dotando de m\u00e9todos de gesti\u00f3n que ayuden a los procesos de mejora continua.<\/p>\n<p>Pero este no es el \u00fanico motivo por el cual es aconsejable\u00a0obtener una <a href=\"https:\/\/www.emagister.com\/cursos-pmp-kwes-36266.htm\" target=\"_blank\" rel=\"noopener\">certificaci\u00f3n<\/a>. A nivel\u00a0<strong>personal<\/strong>\u00a0vamos a obtener\u00a0un aprendizaje de buenas pr\u00e1cticas y una f\u00e9rrea metodolog\u00eda de gesti\u00f3n que nos va a enriquecer.\u00a0 Tambi\u00e9n nos puede ayudar a\u00a0<strong>encontrar o mejorar nuestro puesto de trabajo<\/strong>, ya que debido a los requisitos de algunos proyectos, el director debe\u00a0poseer\u00a0una certificaci\u00f3n. Podemos\u00a0<strong>ampliar nuestros horizontes profesionales<\/strong>\u00a0pasando de tener un perfil meramente t\u00e9cnico, a tener actitudes y formaci\u00f3n como responsable y gestor.\u00a0 Por otro lado, se puede conseguir una\u00a0<strong>mejora salarial<\/strong>\u00a0como consecuencia de la homologaci\u00f3n de nuestros conocimientos.<\/p>\n<p><strong>Cursos para ponerse manos a la obra<\/strong><\/p>\n<p>Si todo lo anterior te ha convencido\u00a0de que es un muy buena idea orientar tu trayectoria laboral hacia la figura del jefe de proyecto, no pierdas m\u00e1s tiempo y empieza ya. Aqu\u00ed tienes algunos\u00a0<a href=\"https:\/\/www.emagister.com\/cursos-gestion-proyectos-tematica-587.htm\">cursos<\/a> y <a href=\"https:\/\/www.emagister.com\/master\/master-gestion-proyectos-tematica-587.htm\">masters\u00a0<\/a>que pueden\u00a0\u00a0ayudar a formarte como director de proyecto e incluso obtener una certificaci\u00f3n:<\/p>\n<ul>\n<li><a href=\"https:\/\/www.emagister.com\/master-project-management-pmp-cursos-3340404.htm\">M\u00e1ster online en Project Management PMP\u00ae<\/a>\u00a0de\u00a0<a href=\"https:\/\/www.emagister.com\/unir-cursos-1144294-centrodetalles.htm\">UNIR<\/a><\/li>\n<li><a href=\"https:\/\/www.emagister.com\/master-project-management-part-time-cursos-2999927.htm\">M\u00e1ster en Project Management en Barcelona y Madrid &#8211; Part time<\/a> de\u00a0<a href=\"https:\/\/www.emagister.com\/eae-business-school-barcelona-cursos-55794-centrodetalles.htm\">EAE Business School<\/a><\/li>\n<li><a href=\"https:\/\/www.emagister.com\/master-project-management-cursos-2742469.htm\" target=\"_blank\" rel=\"noopener\">M\u00e1ster en Project Management en Madrid y Bilbao<\/a>\u00a0de\u00a0<a href=\"https:\/\/www.emagister.com\/esden-business-school-cursos-7914-centrodetalles.htm\" target=\"_blank\" rel=\"noopener\">ESDEN<\/a>.<\/li>\n<li><a href=\"https:\/\/www.emagister.com\/master-online-gestion-proyectos-cursos-1055394.htm\" target=\"_blank\" rel=\"noopener\">M\u00e1ster online en Direcci\u00f3n y Gesti\u00f3n de Proyectos. Executive Master in Project Management<\/a> de\u00a0<a class=\"centro app_Track\" title=\"Universidad de Valencia \" href=\"https:\/\/www.emagister.com\/universidad-valencia-grados-cursos-23170-centrodetalles.htm\">Universidad de Valencia<\/a><\/li>\n<li><a href=\"https:\/\/www.emagister.com\/project-management-professional-pmp-cursos-3386495.htm\">Curso de\u00a0Project Management Professional PMP en Madrid<\/a> de\u00a0<a href=\"https:\/\/www.emagister.com\/ide-cesem-instituto-directivos-empresa-cursos-1113393-centrodetalles.htm\">IDE CESEM, Instituto de Directivos de Empresa<\/a><\/li>\n<li><a href=\"https:\/\/www.emagister.com\/curso-preparacion-para-certificacion-pmp-del-pmi-cursos-2877575.htm\" target=\"_blank\" rel=\"noopener\">Curso online de Preparaci\u00f3n para la Certificaci\u00f3n PMP-PMI<\/a> en\u00a0<a class=\"premium-center\" title=\"ENFOC PROYECTOS \u2013 Escuela Internacional de Direcci\u00f3n de Proyectos\" href=\"https:\/\/www.emagister.com\/eigp-escuela-internacional-gestion-proyectos-cursos-96871-centrodetalles.htm\">EIGP \u2013 Escuela Internacional de Gesti\u00f3n de Proyectos<\/a><\/li>\n<\/ul>\n<div class=\"courses\"><div class=\"course\"><div class=\"inside\"><a href=\"https:\/\/www.emagister.com\/master-project-management-pt-cursos-2881139.htm\" class=\"course_name directory\">M\u00e1ster en Project Management<\/a><div class=\"course_center\">EAE Madrid<\/div><div class=\"course_rating\"><svg fill=\"none\" height=\"13\" viewBox=\"0 0 13 13\" width=\"13\" xmlns=\"http:\/\/www.w3.org\/2000\/svg\"><path d=\"m5.79999.990059-1.58 3.220001-3.549999.52c-.6399996.09-.9.87-.43 1.32l2.559999 2.51-.6 3.53004c-.11.64.56 1.12 1.13.82l3.18-1.67v-10.680041c-.29 0-.56.14-.71.43z\" fill=\"#f5ba41\"\/><path d=\"m10.8 12.0901-.6-3.53004 2.57-2.5c.46-.45.21-1.23-.43-1.33l-3.56-.52-1.58-3.220001c-.15-.28-.42-.43-.7-.43v10.680041l3.18 1.67c.56.3 1.23-.18 1.12-.82z\" fill=\"#e5e5e5\"\/><\/svg><\/i><svg fill=\"none\" height=\"13\" viewBox=\"0 0 13 13\" width=\"13\" xmlns=\"http:\/\/www.w3.org\/2000\/svg\"><path d=\"m5.79999.990059-1.58 3.220001-3.549999.52c-.6399996.09-.9.87-.43 1.32l2.559999 2.51-.6 3.53004c-.11.64.56 1.12 1.13.82l3.18-1.67v-10.680041c-.29 0-.56.14-.71.43z\" fill=\"#f5ba41\"\/><path d=\"m10.8 12.0901-.6-3.53004 2.57-2.5c.46-.45.21-1.23-.43-1.33l-3.56-.52-1.58-3.220001c-.15-.28-.42-.43-.7-.43v10.680041l3.18 1.67c.56.3 1.23-.18 1.12-.82z\" fill=\"#e5e5e5\"\/><\/svg><\/i><svg fill=\"none\" height=\"13\" viewBox=\"0 0 13 13\" width=\"13\" xmlns=\"http:\/\/www.w3.org\/2000\/svg\"><path d=\"m5.79999.990059-1.58 3.220001-3.549999.52c-.6399996.09-.9.87-.43 1.32l2.559999 2.51-.6 3.53004c-.11.64.56 1.12 1.13.82l3.18-1.67v-10.680041c-.29 0-.56.14-.71.43z\" fill=\"#f5ba41\"\/><path d=\"m10.8 12.0901-.6-3.53004 2.57-2.5c.46-.45.21-1.23-.43-1.33l-3.56-.52-1.58-3.220001c-.15-.28-.42-.43-.7-.43v10.680041l3.18 1.67c.56.3 1.23-.18 1.12-.82z\" fill=\"#e5e5e5\"\/><\/svg><\/i><svg fill=\"none\" height=\"13\" viewBox=\"0 0 13 13\" width=\"13\" xmlns=\"http:\/\/www.w3.org\/2000\/svg\"><path d=\"m5.79999.990059-1.58 3.220001-3.549999.52c-.6399996.09-.9.87-.43 1.32l2.559999 2.51-.6 3.53004c-.11.64.56 1.12 1.13.82l3.18-1.67v-10.680041c-.29 0-.56.14-.71.43z\" fill=\"#f5ba41\"\/><path d=\"m10.8 12.0901-.6-3.53004 2.57-2.5c.46-.45.21-1.23-.43-1.33l-3.56-.52-1.58-3.220001c-.15-.28-.42-.43-.7-.43v10.680041l3.18 1.67c.56.3 1.23-.18 1.12-.82z\" fill=\"#e5e5e5\"\/><\/svg><\/i><svg fill=\"none\" height=\"13\" viewBox=\"0 0 13 13\" width=\"13\" xmlns=\"http:\/\/www.w3.org\/2000\/svg\"><path d=\"m5.79999.990059-1.58 3.220001-3.549999.52c-.6399996.09-.9.87-.43 1.32l2.559999 2.51-.6 3.53004c-.11.64.56 1.12 1.13.82l3.18-1.67v-10.680041c-.29 0-.56.14-.71.43z\" fill=\"#f5ba41\"\/><path d=\"m10.8 12.0901-.6-3.53004 2.57-2.5c.46-.45.21-1.23-.43-1.33l-3.56-.52-1.58-3.220001c-.15-.28-.42-.43-.7-.43v10.680041l3.18 1.67c.56.3 1.23-.18 1.12-.82z\" fill=\"#e5e5e5\"\/><\/svg><\/i><\/div><div class=\"course_price\"><div class=\"course_price_text\">Precio a consultar<\/div><\/div><a href=\"https:\/\/www.emagister.com\/master-project-management-pt-cursos-2881139.htm\" class=\"course_button directory\">Ver m\u00e1s<\/a><\/div><\/div><div class=\"course\"><div class=\"inside\"><a href=\"https:\/\/www.emagister.com\/master-universitario-direccion-gestion-proyectos-cursos-3742132.htm\" class=\"course_name directory\">M\u00e1ster universitario en direcci\u00f3n y gesti\u00f3n de proyectos<\/a><div class=\"course_center\">UNIE UNIVERSIDAD<\/div><div class=\"course_rating\"><svg fill=\"none\" height=\"13\" viewBox=\"0 0 13 13\" width=\"13\" xmlns=\"http:\/\/www.w3.org\/2000\/svg\"><path d=\"m5.79999.990059-1.58 3.220001-3.549999.52c-.6399996.09-.9.87-.43 1.32l2.559999 2.51-.6 3.53004c-.11.64.56 1.12 1.13.82l3.18-1.67v-10.680041c-.29 0-.56.14-.71.43z\" fill=\"#f5ba41\"\/><path d=\"m10.8 12.0901-.6-3.53004 2.57-2.5c.46-.45.21-1.23-.43-1.33l-3.56-.52-1.58-3.220001c-.15-.28-.42-.43-.7-.43v10.680041l3.18 1.67c.56.3 1.23-.18 1.12-.82z\" fill=\"#e5e5e5\"\/><\/svg><\/i><svg fill=\"none\" height=\"13\" viewBox=\"0 0 13 13\" width=\"13\" xmlns=\"http:\/\/www.w3.org\/2000\/svg\"><path d=\"m5.79999.990059-1.58 3.220001-3.549999.52c-.6399996.09-.9.87-.43 1.32l2.559999 2.51-.6 3.53004c-.11.64.56 1.12 1.13.82l3.18-1.67v-10.680041c-.29 0-.56.14-.71.43z\" fill=\"#f5ba41\"\/><path d=\"m10.8 12.0901-.6-3.53004 2.57-2.5c.46-.45.21-1.23-.43-1.33l-3.56-.52-1.58-3.220001c-.15-.28-.42-.43-.7-.43v10.680041l3.18 1.67c.56.3 1.23-.18 1.12-.82z\" fill=\"#e5e5e5\"\/><\/svg><\/i><svg fill=\"none\" height=\"13\" viewBox=\"0 0 13 13\" width=\"13\" xmlns=\"http:\/\/www.w3.org\/2000\/svg\"><path d=\"m5.79999.990059-1.58 3.220001-3.549999.52c-.6399996.09-.9.87-.43 1.32l2.559999 2.51-.6 3.53004c-.11.64.56 1.12 1.13.82l3.18-1.67v-10.680041c-.29 0-.56.14-.71.43z\" fill=\"#f5ba41\"\/><path d=\"m10.8 12.0901-.6-3.53004 2.57-2.5c.46-.45.21-1.23-.43-1.33l-3.56-.52-1.58-3.220001c-.15-.28-.42-.43-.7-.43v10.680041l3.18 1.67c.56.3 1.23-.18 1.12-.82z\" fill=\"#e5e5e5\"\/><\/svg><\/i><svg fill=\"none\" height=\"13\" viewBox=\"0 0 13 13\" width=\"13\" xmlns=\"http:\/\/www.w3.org\/2000\/svg\"><path d=\"m5.79999.990059-1.58 3.220001-3.549999.52c-.6399996.09-.9.87-.43 1.32l2.559999 2.51-.6 3.53004c-.11.64.56 1.12 1.13.82l3.18-1.67v-10.680041c-.29 0-.56.14-.71.43z\" fill=\"#f5ba41\"\/><path d=\"m10.8 12.0901-.6-3.53004 2.57-2.5c.46-.45.21-1.23-.43-1.33l-3.56-.52-1.58-3.220001c-.15-.28-.42-.43-.7-.43v10.680041l3.18 1.67c.56.3 1.23-.18 1.12-.82z\" fill=\"#e5e5e5\"\/><\/svg><\/i><svg fill=\"none\" height=\"13\" viewBox=\"0 0 13 13\" width=\"13\" xmlns=\"http:\/\/www.w3.org\/2000\/svg\"><path d=\"m5.79999.990059-1.58 3.220001-3.549999.52c-.6399996.09-.9.87-.43 1.32l2.559999 2.51-.6 3.53004c-.11.64.56 1.12 1.13.82l3.18-1.67v-10.680041c-.29 0-.56.14-.71.43z\" fill=\"#f5ba41\"\/><path d=\"m10.8 12.0901-.6-3.53004 2.57-2.5c.46-.45.21-1.23-.43-1.33l-3.56-.52-1.58-3.220001c-.15-.28-.42-.43-.7-.43v10.680041l3.18 1.67c.56.3 1.23-.18 1.12-.82z\" fill=\"#e5e5e5\"\/><\/svg><\/i><\/div><div class=\"course_price\"><div class=\"course_price_text\">Precio a consultar<\/div><\/div><a href=\"https:\/\/www.emagister.com\/master-universitario-direccion-gestion-proyectos-cursos-3742132.htm\" class=\"course_button directory\">Ver m\u00e1s<\/a><\/div><\/div><div class=\"courses_more_wpr\"><span class=\"courses_more directory ofuscado\" onclick=\"window.location.href='https:\/\/www.emagister.com\/web\/search?q=director%20de%20proyectos&#038;token=668d173c-ff0d-4d4f-bd13-3db820a3b96a&#038;segment=1&#038;idCategSeg=587&#038;idTipoImpartAgrupado=1&#038;sort=purePPL';\">Ver todos los cursos<svg height=\"20\" viewBox=\"0 0 20 20\" width=\"20\" xmlns=\"http:\/\/www.w3.org\/2000\/svg\"><path d=\"m12.77 10.332-4.602 4.531c-.184.184-.48.184-.664 0l-.277-.277c-.184-.184-.184-.48 0-.664l3.996-3.922-3.993-3.922c-.183-.183-.183-.48 0-.664l.278-.277c.183-.184.48-.184.664 0l4.601 4.531c.18.184.18.48-.003.664z\" fill=\"#4cb7ac\" fill-rule=\"evenodd\"\/><\/svg><\/span><\/div><\/div>\n","protected":false},"excerpt":{"rendered":"<p>La existencia de\u00a0proyectos\u00a0es intr\u00ednseca a la historia de la humanidad. Desde tiempos inmemoriales,\u00a0\u00a0se ha llevado a cabo la ejecuci\u00f3n de &#8230; <a title=\"F\u00f3rmate como jefe de proyecto\" class=\"read-more\" href=\"https:\/\/www.emagister.com\/blog\/formate-como-jefe-de-proyecto\/\" aria-label=\"M\u00e1s en F\u00f3rmate como jefe de proyecto\">Leer m\u00e1s<\/a><\/p>\n","protected":false},"author":135,"featured_media":18746,"comment_status":"open","ping_status":"open","sticky":false,"template":"","format":"standard","meta":{"_acf_changed":false,"inline_featured_image":false,"footnotes":""},"categories":[8408],"tags":[81,92,633,1915,1916,1917,1940,1941],"class_list":["post-18682","post","type-post","status-publish","format-standard","has-post-thumbnail","hentry","category-empresariales","tag-cursos","tag-formacion","tag-consejos","tag-pmp","tag-gestion-de-proyectos","tag-jefe-de-proyecto","tag-project-management","tag-direccion-de-proyectos","generate-columns","tablet-grid-50","mobile-grid-100","grid-parent","grid-25"],"acf":{"mostrar_faldon":"1","texto_faldon":"Todos los cursos de gesti\u00f3n de proyectos","link_faldon":"https:\/\/www.emagister.com\/cursos-gestion-proyectos-tematica-587.htm","link_texto_faldon":"Buscar cursos","hreflang":false,"estilo_titulo":"","fecha":"no"},"yoast_head":"<!-- This site is optimized with the Yoast SEO Premium plugin v18.1 (Yoast SEO v27.0) - https:\/\/yoast.com\/product\/yoast-seo-premium-wordpress\/ -->\n<title>F\u00f3rmate como jefe de proyecto - Blog Emagister<\/title>\n<meta name=\"robots\" content=\"index, follow\" \/>\n<link rel=\"canonical\" href=\"https:\/\/www.emagister.com\/blog\/formate-como-jefe-de-proyecto\/\" \/>\n<meta property=\"og:locale\" content=\"es_ES\" \/>\n<meta property=\"og:type\" content=\"article\" \/>\n<meta property=\"og:title\" content=\"F\u00f3rmate como jefe de proyecto\" \/>\n<meta property=\"og:description\" content=\"La existencia de\u00a0proyectos\u00a0es intr\u00ednseca a la historia de la humanidad. Desde tiempos inmemoriales,\u00a0\u00a0se ha llevado a cabo la ejecuci\u00f3n de ... Leer m\u00e1s\" \/>\n<meta property=\"og:url\" content=\"https:\/\/www.emagister.com\/blog\/formate-como-jefe-de-proyecto\/\" \/>\n<meta property=\"og:site_name\" content=\"Blog Emagister\" \/>\n<meta property=\"article:publisher\" content=\"https:\/\/www.facebook.com\/Emagister\/\" \/>\n<meta property=\"article:published_time\" content=\"2019-06-09T16:37:00+00:00\" \/>\n<meta property=\"article:modified_time\" content=\"2019-06-21T08:47:36+00:00\" \/>\n<meta property=\"og:image\" content=\"https:\/\/www.emagister.com\/blog\/wp-content\/uploads\/2015\/03\/ThinkstockPhotos-179510259-scaled.jpg\" \/>\n\t<meta property=\"og:image:width\" content=\"2560\" \/>\n\t<meta property=\"og:image:height\" content=\"1706\" \/>\n\t<meta property=\"og:image:type\" content=\"image\/jpeg\" \/>\n<meta name=\"author\" content=\"Pablo Pellicer\" \/>\n<meta name=\"twitter:card\" content=\"summary_large_image\" \/>\n<meta name=\"twitter:creator\" content=\"@emagister\" \/>\n<meta name=\"twitter:site\" content=\"@emagister\" \/>\n<meta name=\"twitter:label1\" content=\"Escrito por\" \/>\n\t<meta name=\"twitter:data1\" content=\"Pablo Pellicer\" \/>\n\t<meta name=\"twitter:label2\" content=\"Tiempo de lectura\" \/>\n\t<meta name=\"twitter:data2\" content=\"4 minutos\" \/>\n<script type=\"application\/ld+json\" class=\"yoast-schema-graph\">{\"@context\":\"https:\/\/schema.org\",\"@graph\":[{\"@type\":\"Article\",\"@id\":\"https:\/\/www.emagister.com\/blog\/formate-como-jefe-de-proyecto\/#article\",\"isPartOf\":{\"@id\":\"https:\/\/www.emagister.com\/blog\/formate-como-jefe-de-proyecto\/\"},\"author\":{\"name\":\"Pablo Pellicer\",\"@id\":\"https:\/\/www.emagister.com\/blog\/#\/schema\/person\/3d9e88e1a20cbc80f5b71b75dabae3bd\"},\"headline\":\"F\u00f3rmate como jefe de proyecto\",\"datePublished\":\"2019-06-09T16:37:00+00:00\",\"dateModified\":\"2019-06-21T08:47:36+00:00\",\"mainEntityOfPage\":{\"@id\":\"https:\/\/www.emagister.com\/blog\/formate-como-jefe-de-proyecto\/\"},\"wordCount\":727,\"commentCount\":0,\"publisher\":{\"@id\":\"https:\/\/www.emagister.com\/blog\/#organization\"},\"image\":{\"@id\":\"https:\/\/www.emagister.com\/blog\/formate-como-jefe-de-proyecto\/#primaryimage\"},\"thumbnailUrl\":\"https:\/\/www.emagister.com\/blog\/wp-content\/uploads\/2015\/03\/ThinkstockPhotos-179510259-scaled.jpg\",\"keywords\":[\"cursos\",\"formaci\u00f3n\",\"consejos\",\"PMP\",\"Gesti\u00f3n de proyectos\",\"jefe de proyecto\",\"project management\",\"direcci\u00f3n de proyectos\"],\"articleSection\":[\"Profesiones de Empresariales\"],\"inLanguage\":\"es\",\"potentialAction\":[{\"@type\":\"CommentAction\",\"name\":\"Comment\",\"target\":[\"https:\/\/www.emagister.com\/blog\/formate-como-jefe-de-proyecto\/#respond\"]}]},{\"@type\":\"WebPage\",\"@id\":\"https:\/\/www.emagister.com\/blog\/formate-como-jefe-de-proyecto\/\",\"url\":\"https:\/\/www.emagister.com\/blog\/formate-como-jefe-de-proyecto\/\",\"name\":\"F\u00f3rmate como jefe de proyecto - Blog Emagister\",\"isPartOf\":{\"@id\":\"https:\/\/www.emagister.com\/blog\/#website\"},\"primaryImageOfPage\":{\"@id\":\"https:\/\/www.emagister.com\/blog\/formate-como-jefe-de-proyecto\/#primaryimage\"},\"image\":{\"@id\":\"https:\/\/www.emagister.com\/blog\/formate-como-jefe-de-proyecto\/#primaryimage\"},\"thumbnailUrl\":\"https:\/\/www.emagister.com\/blog\/wp-content\/uploads\/2015\/03\/ThinkstockPhotos-179510259-scaled.jpg\",\"datePublished\":\"2019-06-09T16:37:00+00:00\",\"dateModified\":\"2019-06-21T08:47:36+00:00\",\"breadcrumb\":{\"@id\":\"https:\/\/www.emagister.com\/blog\/formate-como-jefe-de-proyecto\/#breadcrumb\"},\"inLanguage\":\"es\",\"potentialAction\":[{\"@type\":\"ReadAction\",\"target\":[\"https:\/\/www.emagister.com\/blog\/formate-como-jefe-de-proyecto\/\"]}]},{\"@type\":\"ImageObject\",\"inLanguage\":\"es\",\"@id\":\"https:\/\/www.emagister.com\/blog\/formate-como-jefe-de-proyecto\/#primaryimage\",\"url\":\"https:\/\/www.emagister.com\/blog\/wp-content\/uploads\/2015\/03\/ThinkstockPhotos-179510259-scaled.jpg\",\"contentUrl\":\"https:\/\/www.emagister.com\/blog\/wp-content\/uploads\/2015\/03\/ThinkstockPhotos-179510259-scaled.jpg\",\"width\":2560,\"height\":1706},{\"@type\":\"BreadcrumbList\",\"@id\":\"https:\/\/www.emagister.com\/blog\/formate-como-jefe-de-proyecto\/#breadcrumb\",\"itemListElement\":[{\"@type\":\"ListItem\",\"position\":1,\"name\":\"Blog Emagister\",\"item\":\"https:\/\/www.emagister.com\/blog\/\"},{\"@type\":\"ListItem\",\"position\":2,\"name\":\"Profesiones con futuro\",\"item\":\"https:\/\/www.emagister.com\/blog\/profesiones\/\"},{\"@type\":\"ListItem\",\"position\":3,\"name\":\"Profesiones de Empresariales\",\"item\":\"https:\/\/www.emagister.com\/blog\/profesiones\/empresariales\/\"},{\"@type\":\"ListItem\",\"position\":4,\"name\":\"F\u00f3rmate como jefe de proyecto\"}]},{\"@type\":\"WebSite\",\"@id\":\"https:\/\/www.emagister.com\/blog\/#website\",\"url\":\"https:\/\/www.emagister.com\/blog\/\",\"name\":\"Blog Emagister\",\"description\":\"Gu\u00eda de orientaci\u00f3n sobre estudios y tendencias de formaci\u00f3n\",\"publisher\":{\"@id\":\"https:\/\/www.emagister.com\/blog\/#organization\"},\"potentialAction\":[{\"@type\":\"SearchAction\",\"target\":{\"@type\":\"EntryPoint\",\"urlTemplate\":\"https:\/\/www.emagister.com\/blog\/?s={search_term_string}\"},\"query-input\":{\"@type\":\"PropertyValueSpecification\",\"valueRequired\":true,\"valueName\":\"search_term_string\"}}],\"inLanguage\":\"es\"},{\"@type\":\"Organization\",\"@id\":\"https:\/\/www.emagister.com\/blog\/#organization\",\"name\":\"Emagister\",\"url\":\"https:\/\/www.emagister.com\/blog\/\",\"logo\":{\"@type\":\"ImageObject\",\"inLanguage\":\"es\",\"@id\":\"https:\/\/www.emagister.com\/blog\/#\/schema\/logo\/image\/\",\"url\":\"https:\/\/www.emagister.com\/blog\/wp-content\/uploads\/2017\/02\/photo.png\",\"contentUrl\":\"https:\/\/www.emagister.com\/blog\/wp-content\/uploads\/2017\/02\/photo.png\",\"width\":120,\"height\":120,\"caption\":\"Emagister\"},\"image\":{\"@id\":\"https:\/\/www.emagister.com\/blog\/#\/schema\/logo\/image\/\"},\"sameAs\":[\"https:\/\/www.facebook.com\/Emagister\/\",\"https:\/\/x.com\/emagister\",\"https:\/\/www.instagram.com\/emagister\/\",\"https:\/\/www.linkedin.com\/company\/emagister-com\/\",\"https:\/\/www.pinterest.es\/emagister\/\",\"https:\/\/www.youtube.com\/user\/emagister\/\",\"https:\/\/es.wikipedia.org\/wiki\/Emagister\"]},{\"@type\":\"Person\",\"@id\":\"https:\/\/www.emagister.com\/blog\/#\/schema\/person\/3d9e88e1a20cbc80f5b71b75dabae3bd\",\"name\":\"Pablo Pellicer\",\"image\":{\"@type\":\"ImageObject\",\"inLanguage\":\"es\",\"@id\":\"https:\/\/www.emagister.com\/blog\/#\/schema\/person\/image\/\",\"url\":\"https:\/\/secure.gravatar.com\/avatar\/e92a692202bdaf7fa9ede29d40f0606e553241a1fdc21515e405d8f7ab64efdc?s=96&r=g\",\"contentUrl\":\"https:\/\/secure.gravatar.com\/avatar\/e92a692202bdaf7fa9ede29d40f0606e553241a1fdc21515e405d8f7ab64efdc?s=96&r=g\",\"caption\":\"Pablo Pellicer\"},\"description\":\"Ingeniero inform\u00e1tico especializado en consultor\u00eda de Business Intelligence. Entusiasta de las nuevas tecnolog\u00edas, la investigaci\u00f3n tecnol\u00f3gica y la comunicaci\u00f3n. Apasionado por los viajes y el mundo del motor.\",\"url\":\"https:\/\/www.emagister.com\/blog\/author\/pablop\/\"}]}<\/script>\n<!-- \/ Yoast SEO Premium plugin. -->","yoast_head_json":{"title":"F\u00f3rmate como jefe de proyecto - Blog Emagister","robots":{"index":"index","follow":"follow"},"canonical":"https:\/\/www.emagister.com\/blog\/formate-como-jefe-de-proyecto\/","og_locale":"es_ES","og_type":"article","og_title":"F\u00f3rmate como jefe de proyecto","og_description":"La existencia de\u00a0proyectos\u00a0es intr\u00ednseca a la historia de la humanidad. Desde tiempos inmemoriales,\u00a0\u00a0se ha llevado a cabo la ejecuci\u00f3n de ... Leer m\u00e1s","og_url":"https:\/\/www.emagister.com\/blog\/formate-como-jefe-de-proyecto\/","og_site_name":"Blog Emagister","article_publisher":"https:\/\/www.facebook.com\/Emagister\/","article_published_time":"2019-06-09T16:37:00+00:00","article_modified_time":"2019-06-21T08:47:36+00:00","og_image":[{"width":2560,"height":1706,"url":"https:\/\/www.emagister.com\/blog\/wp-content\/uploads\/2015\/03\/ThinkstockPhotos-179510259-scaled.jpg","type":"image\/jpeg"}],"author":"Pablo Pellicer","twitter_card":"summary_large_image","twitter_creator":"@emagister","twitter_site":"@emagister","twitter_misc":{"Escrito por":"Pablo Pellicer","Tiempo de lectura":"4 minutos"},"schema":{"@context":"https:\/\/schema.org","@graph":[{"@type":"Article","@id":"https:\/\/www.emagister.com\/blog\/formate-como-jefe-de-proyecto\/#article","isPartOf":{"@id":"https:\/\/www.emagister.com\/blog\/formate-como-jefe-de-proyecto\/"},"author":{"name":"Pablo Pellicer","@id":"https:\/\/www.emagister.com\/blog\/#\/schema\/person\/3d9e88e1a20cbc80f5b71b75dabae3bd"},"headline":"F\u00f3rmate como jefe de proyecto","datePublished":"2019-06-09T16:37:00+00:00","dateModified":"2019-06-21T08:47:36+00:00","mainEntityOfPage":{"@id":"https:\/\/www.emagister.com\/blog\/formate-como-jefe-de-proyecto\/"},"wordCount":727,"commentCount":0,"publisher":{"@id":"https:\/\/www.emagister.com\/blog\/#organization"},"image":{"@id":"https:\/\/www.emagister.com\/blog\/formate-como-jefe-de-proyecto\/#primaryimage"},"thumbnailUrl":"https:\/\/www.emagister.com\/blog\/wp-content\/uploads\/2015\/03\/ThinkstockPhotos-179510259-scaled.jpg","keywords":["cursos","formaci\u00f3n","consejos","PMP","Gesti\u00f3n de proyectos","jefe de proyecto","project management","direcci\u00f3n de proyectos"],"articleSection":["Profesiones de Empresariales"],"inLanguage":"es","potentialAction":[{"@type":"CommentAction","name":"Comment","target":["https:\/\/www.emagister.com\/blog\/formate-como-jefe-de-proyecto\/#respond"]}]},{"@type":"WebPage","@id":"https:\/\/www.emagister.com\/blog\/formate-como-jefe-de-proyecto\/","url":"https:\/\/www.emagister.com\/blog\/formate-como-jefe-de-proyecto\/","name":"F\u00f3rmate como jefe de proyecto - Blog Emagister","isPartOf":{"@id":"https:\/\/www.emagister.com\/blog\/#website"},"primaryImageOfPage":{"@id":"https:\/\/www.emagister.com\/blog\/formate-como-jefe-de-proyecto\/#primaryimage"},"image":{"@id":"https:\/\/www.emagister.com\/blog\/formate-como-jefe-de-proyecto\/#primaryimage"},"thumbnailUrl":"https:\/\/www.emagister.com\/blog\/wp-content\/uploads\/2015\/03\/ThinkstockPhotos-179510259-scaled.jpg","datePublished":"2019-06-09T16:37:00+00:00","dateModified":"2019-06-21T08:47:36+00:00","breadcrumb":{"@id":"https:\/\/www.emagister.com\/blog\/formate-como-jefe-de-proyecto\/#breadcrumb"},"inLanguage":"es","potentialAction":[{"@type":"ReadAction","target":["https:\/\/www.emagister.com\/blog\/formate-como-jefe-de-proyecto\/"]}]},{"@type":"ImageObject","inLanguage":"es","@id":"https:\/\/www.emagister.com\/blog\/formate-como-jefe-de-proyecto\/#primaryimage","url":"https:\/\/www.emagister.com\/blog\/wp-content\/uploads\/2015\/03\/ThinkstockPhotos-179510259-scaled.jpg","contentUrl":"https:\/\/www.emagister.com\/blog\/wp-content\/uploads\/2015\/03\/ThinkstockPhotos-179510259-scaled.jpg","width":2560,"height":1706},{"@type":"BreadcrumbList","@id":"https:\/\/www.emagister.com\/blog\/formate-como-jefe-de-proyecto\/#breadcrumb","itemListElement":[{"@type":"ListItem","position":1,"name":"Blog Emagister","item":"https:\/\/www.emagister.com\/blog\/"},{"@type":"ListItem","position":2,"name":"Profesiones con futuro","item":"https:\/\/www.emagister.com\/blog\/profesiones\/"},{"@type":"ListItem","position":3,"name":"Profesiones de Empresariales","item":"https:\/\/www.emagister.com\/blog\/profesiones\/empresariales\/"},{"@type":"ListItem","position":4,"name":"F\u00f3rmate como jefe de proyecto"}]},{"@type":"WebSite","@id":"https:\/\/www.emagister.com\/blog\/#website","url":"https:\/\/www.emagister.com\/blog\/","name":"Blog Emagister","description":"Gu\u00eda de orientaci\u00f3n sobre estudios y tendencias de formaci\u00f3n","publisher":{"@id":"https:\/\/www.emagister.com\/blog\/#organization"},"potentialAction":[{"@type":"SearchAction","target":{"@type":"EntryPoint","urlTemplate":"https:\/\/www.emagister.com\/blog\/?s={search_term_string}"},"query-input":{"@type":"PropertyValueSpecification","valueRequired":true,"valueName":"search_term_string"}}],"inLanguage":"es"},{"@type":"Organization","@id":"https:\/\/www.emagister.com\/blog\/#organization","name":"Emagister","url":"https:\/\/www.emagister.com\/blog\/","logo":{"@type":"ImageObject","inLanguage":"es","@id":"https:\/\/www.emagister.com\/blog\/#\/schema\/logo\/image\/","url":"https:\/\/www.emagister.com\/blog\/wp-content\/uploads\/2017\/02\/photo.png","contentUrl":"https:\/\/www.emagister.com\/blog\/wp-content\/uploads\/2017\/02\/photo.png","width":120,"height":120,"caption":"Emagister"},"image":{"@id":"https:\/\/www.emagister.com\/blog\/#\/schema\/logo\/image\/"},"sameAs":["https:\/\/www.facebook.com\/Emagister\/","https:\/\/x.com\/emagister","https:\/\/www.instagram.com\/emagister\/","https:\/\/www.linkedin.com\/company\/emagister-com\/","https:\/\/www.pinterest.es\/emagister\/","https:\/\/www.youtube.com\/user\/emagister\/","https:\/\/es.wikipedia.org\/wiki\/Emagister"]},{"@type":"Person","@id":"https:\/\/www.emagister.com\/blog\/#\/schema\/person\/3d9e88e1a20cbc80f5b71b75dabae3bd","name":"Pablo Pellicer","image":{"@type":"ImageObject","inLanguage":"es","@id":"https:\/\/www.emagister.com\/blog\/#\/schema\/person\/image\/","url":"https:\/\/secure.gravatar.com\/avatar\/e92a692202bdaf7fa9ede29d40f0606e553241a1fdc21515e405d8f7ab64efdc?s=96&r=g","contentUrl":"https:\/\/secure.gravatar.com\/avatar\/e92a692202bdaf7fa9ede29d40f0606e553241a1fdc21515e405d8f7ab64efdc?s=96&r=g","caption":"Pablo Pellicer"},"description":"Ingeniero inform\u00e1tico especializado en consultor\u00eda de Business Intelligence. Entusiasta de las nuevas tecnolog\u00edas, la investigaci\u00f3n tecnol\u00f3gica y la comunicaci\u00f3n. Apasionado por los viajes y el mundo del motor.","url":"https:\/\/www.emagister.com\/blog\/author\/pablop\/"}]}},"_links":{"self":[{"href":"https:\/\/www.emagister.com\/blog\/wp-json\/wp\/v2\/posts\/18682","targetHints":{"allow":["GET"]}}],"collection":[{"href":"https:\/\/www.emagister.com\/blog\/wp-json\/wp\/v2\/posts"}],"about":[{"href":"https:\/\/www.emagister.com\/blog\/wp-json\/wp\/v2\/types\/post"}],"author":[{"embeddable":true,"href":"https:\/\/www.emagister.com\/blog\/wp-json\/wp\/v2\/users\/135"}],"replies":[{"embeddable":true,"href":"https:\/\/www.emagister.com\/blog\/wp-json\/wp\/v2\/comments?post=18682"}],"version-history":[{"count":0,"href":"https:\/\/www.emagister.com\/blog\/wp-json\/wp\/v2\/posts\/18682\/revisions"}],"wp:featuredmedia":[{"embeddable":true,"href":"https:\/\/www.emagister.com\/blog\/wp-json\/wp\/v2\/media\/18746"}],"wp:attachment":[{"href":"https:\/\/www.emagister.com\/blog\/wp-json\/wp\/v2\/media?parent=18682"}],"wp:term":[{"taxonomy":"category","embeddable":true,"href":"https:\/\/www.emagister.com\/blog\/wp-json\/wp\/v2\/categories?post=18682"},{"taxonomy":"post_tag","embeddable":true,"href":"https:\/\/www.emagister.com\/blog\/wp-json\/wp\/v2\/tags?post=18682"}],"curies":[{"name":"wp","href":"https:\/\/api.w.org\/{rel}","templated":true}]}}