{"id":18787,"date":"2019-04-16T18:07:44","date_gmt":"2019-04-16T16:07:44","guid":{"rendered":"https:\/\/www.emagister.com\/blog\/?p=18787"},"modified":"2021-06-15T09:23:07","modified_gmt":"2021-06-15T07:23:07","slug":"becas-iberoamerica-para-estudiantes-de-grado","status":"publish","type":"post","link":"https:\/\/www.emagister.com\/blog\/becas-iberoamerica-para-estudiantes-de-grado\/","title":{"rendered":"Becas Iberoam\u00e9rica para estudiantes de grado"},"content":{"rendered":"<p style=\"text-align: justify;\">Si est\u00e1s pensando en cursar parte de tus estudios de grado en una universidad extranjera para ampliar tus conocimientos y mejorar tu expediente, puedes optar a una de las <strong>1.000 becas Iberoam\u00e9rica para estudiantes de grado<\/strong> que ofrece Santander Universidades para promover la movilidad internacional entre estudiantes iberoamericanos.<\/p>\n<p style=\"text-align: justify;\">De momento, este a\u00f1o es la \u00faltima oportunidad para solicitar una de estas becas, que llevan concedi\u00e9ndose desde el a\u00f1o 2011 y que, cuando terminen, habr\u00e1n ayudado a 5.000 estudiantes a disfrutar de una <strong>experiencia \u00fanica<\/strong> que no solo enriquece el curriculum, sino tambi\u00e9n las vivencias personales.<\/p>\n<p style=\"text-align: justify;\">Sigue leyendo si quieres conocer todos los detalles.<\/p>\n<p style=\"text-align: justify;\"><!--more--><\/p>\n<p style=\"text-align: justify;\"><strong>\u00bfEn qu\u00e9 consiste la beca?<\/strong><\/p>\n<p style=\"text-align: justify;\">La beca consiste en una ayuda econ\u00f3mica de <strong>3.000 euros<\/strong> para realizar un <strong>semestre acad\u00e9mico<\/strong> en una de las universidades participantes que, en esta ocasi\u00f3n, son <strong>Argentina, Brasil, Chile, Colombia, M\u00e9xico, Portugal, Puerto Rico y Uruguay<\/strong>. El dinero tiene como objetivo colaborar en los gastos de manutenci\u00f3n, viaje, alojamiento, matr\u00edcula o seguro de viaje del estudiante becado. Un punto a favor de estas becas es que son compatibles con otras ayudas que se&nbsp;puedan conseguir por otras v\u00edas alternativas, as\u00ed que inf\u00f3rmate de &nbsp;otras fuentes de financiaci\u00f3n posibles.<\/p>\n<p style=\"text-align: justify;\"><strong>\u00bfCu\u00e1ndo podr\u00e1s disfrutarla?<\/strong><\/p>\n<p style=\"text-align: justify;\">Es interesante que conozcas&nbsp;los plazos que tienes para realizar tu semestre en la universidad de destino y puedas as\u00ed organizarte cuanto antes. Tus <strong>seis meses de estudios en Iberoam\u00e9rica<\/strong> tienes que completarlos&nbsp;entre el 1 de julio de este a\u00f1o y el 31 de agosto de 2016, y los m\u00e1s tarde que puedes comenzar es a&nbsp;finales de marzo de 2016.<\/p>\n<p style=\"text-align: justify;\"><strong>\u00bfQui\u00e9n puede solicitarla?<\/strong><\/p>\n<p style=\"text-align: justify;\">Para poder optar a una de estas becas has de estar <strong>matriculado en estudios de grado o licenciatura<\/strong> en algunas de las universidades participantes en este programa. Tienes que haber finalizado ya los dos primeros a\u00f1os de la carrera o tener conseguidos al menos la mitad de los cr\u00e9ditos.<\/p>\n<p style=\"text-align: justify;\">Da igual el tipo de grado o de licenciatura que est\u00e9s estudiante, sea de<a href=\"https:\/\/www.emagister.com\/cursos-ciencias-tematica-471.htm\" target=\"_blank\" rel=\"noopener noreferrer\"> ciencias<\/a>&nbsp;o&nbsp;de <a href=\"https:\/\/www.emagister.com\/cursos-cultura-humanidades-tematica-11.htm\" target=\"_blank\" rel=\"noopener noreferrer\">humanidades<\/a>, las oportunidades son las mismas.&nbsp;Lo importante es que est\u00e9s matriculado en el momento de solicitar la beca, as\u00ed que recuerda que no podr\u00e1s pedirla si ya has terminado o si est\u00e1s cursando<a href=\"https:\/\/www.emagister.com\/master\/\"> un m\u00e1ster o un postgrado<\/a>.<\/p>\n<p style=\"text-align: justify;\"><strong>\u00bfC\u00f3mo acceder a ella?<\/strong><\/p>\n<p style=\"text-align: justify;\">Tienes <strong>hasta el 31 de mayo<\/strong> para solicitarla, rellenando el formulario de inscripci\u00f3n que encontrar\u00e1s en la p\u00e1gina web de Becas&nbsp;Santander. Pero una vez inscrito, has de ponerte enseguida en contacto con la <strong>oficina de relaciones internacionales o el departamento de becas de tu propia universidad<\/strong>, ya que \u00e9sta ser\u00e1 la encargada de gestionar todo el proceso de elecci\u00f3n de los becados seg\u00fan sus propios criterios y normas internas.<\/p>\n<p style=\"text-align: justify;\">Asimismo, tambi\u00e9n ser\u00e1 el propio centro quien elija la universidad de destino, aunque siempre puedes hacerles saber tus preferencias. Tambi\u00e9n ser\u00e1 tu universidad la que te haga entrega del dinero una vez haya sido concedida. Si eres uno de los seleccionados, tienes la obligaci\u00f3n de contratar un seguro especial comercializado por el propio Banco Santander, cuya prima asciende a 97 euros y tendr\u00e1 como duraci\u00f3n los seis meses de la beca.<\/p>\n<div class=\"courses\"><div class=\"course\"><div class=\"inside\"><a href=\"https:\/\/www.emagister.com\/mba-administracion-direccion-empresas-oficial-cursos-2868816.htm\" class=\"course_name directory\">MBA - Administraci\u00f3n y direcci\u00f3n de empresas-oficial<\/a><div class=\"course_center\">UNIVERSIDAD EUROPEA<\/div><div class=\"course_rating\"><svg fill=\"none\" height=\"13\" viewBox=\"0 0 13 13\" width=\"13\" xmlns=\"http:\/\/www.w3.org\/2000\/svg\"><path d=\"m5.79999.990059-1.58 3.220001-3.549999.52c-.6399996.09-.9.87-.43 1.32l2.559999 2.51-.6 3.53004c-.11.64.56 1.12 1.13.82l3.18-1.67v-10.680041c-.29 0-.56.14-.71.43z\" fill=\"#f5ba41\"\/><path d=\"m10.8 12.0901-.6-3.53004 2.57-2.5c.46-.45.21-1.23-.43-1.33l-3.56-.52-1.58-3.220001c-.15-.28-.42-.43-.7-.43v10.680041l3.18 1.67c.56.3 1.23-.18 1.12-.82z\" fill=\"#e5e5e5\"\/><\/svg><\/i><svg fill=\"none\" height=\"13\" viewBox=\"0 0 13 13\" width=\"13\" xmlns=\"http:\/\/www.w3.org\/2000\/svg\"><path d=\"m5.79999.990059-1.58 3.220001-3.549999.52c-.6399996.09-.9.87-.43 1.32l2.559999 2.51-.6 3.53004c-.11.64.56 1.12 1.13.82l3.18-1.67v-10.680041c-.29 0-.56.14-.71.43z\" fill=\"#f5ba41\"\/><path d=\"m10.8 12.0901-.6-3.53004 2.57-2.5c.46-.45.21-1.23-.43-1.33l-3.56-.52-1.58-3.220001c-.15-.28-.42-.43-.7-.43v10.680041l3.18 1.67c.56.3 1.23-.18 1.12-.82z\" fill=\"#e5e5e5\"\/><\/svg><\/i><svg fill=\"none\" height=\"13\" viewBox=\"0 0 13 13\" width=\"13\" xmlns=\"http:\/\/www.w3.org\/2000\/svg\"><path d=\"m5.79999.990059-1.58 3.220001-3.549999.52c-.6399996.09-.9.87-.43 1.32l2.559999 2.51-.6 3.53004c-.11.64.56 1.12 1.13.82l3.18-1.67v-10.680041c-.29 0-.56.14-.71.43z\" fill=\"#f5ba41\"\/><path d=\"m10.8 12.0901-.6-3.53004 2.57-2.5c.46-.45.21-1.23-.43-1.33l-3.56-.52-1.58-3.220001c-.15-.28-.42-.43-.7-.43v10.680041l3.18 1.67c.56.3 1.23-.18 1.12-.82z\" fill=\"#e5e5e5\"\/><\/svg><\/i><svg fill=\"none\" height=\"13\" viewBox=\"0 0 13 13\" width=\"13\" xmlns=\"http:\/\/www.w3.org\/2000\/svg\"><path d=\"m5.79999.990059-1.58 3.220001-3.549999.52c-.6399996.09-.9.87-.43 1.32l2.559999 2.51-.6 3.53004c-.11.64.56 1.12 1.13.82l3.18-1.67v-10.680041c-.29 0-.56.14-.71.43z\" fill=\"#f5ba41\"\/><path d=\"m10.8 12.0901-.6-3.53004 2.57-2.5c.46-.45.21-1.23-.43-1.33l-3.56-.52-1.58-3.220001c-.15-.28-.42-.43-.7-.43v10.680041l3.18 1.67c.56.3 1.23-.18 1.12-.82z\" fill=\"#e5e5e5\"\/><\/svg><\/i><svg height=\"14\" viewBox=\"0 0 15 14\" width=\"15\" xmlns=\"http:\/\/www.w3.org\/2000\/svg\"><path d=\"m7.293 11.013-4.315 2.269.824-4.805-3.492-3.404 4.825-.7 2.158-4.373 2.158 4.372 4.825.701-3.492 3.404.825 4.805z\" fill=\"#e5e5e5\" fill-rule=\"evenodd\"\/><\/svg><\/i><\/div><div class=\"course_price\"><div class=\"course_price_text\">Precio a consultar<\/div><\/div><a href=\"https:\/\/www.emagister.com\/mba-administracion-direccion-empresas-oficial-cursos-2868816.htm\" class=\"course_button directory\">Ver m\u00e1s<\/a><\/div><\/div><div class=\"course\"><div class=\"inside\"><span class=\"course_name directory ofuscado\" onclick=\"window.location.href='https:\/\/www.emagister.com\/jornada-puertas-abiertas-cursos-3825093.htm';\">Jornadas de Puertas Abiertas<\/span><div class=\"course_center\">UNIE UNIVERSIDAD<\/div><div class=\"course_rating\"><i class=\"course_rating_star\"><\/i><\/div><div class=\"course_price\"><\/div><span class=\"course_button directory ofuscado\" onclick=\"window.location.href='https:\/\/www.emagister.com\/jornada-puertas-abiertas-cursos-3825093.htm';\">Ver m\u00e1s<\/span><\/div><\/div><div class=\"courses_more_wpr\"><span class=\"courses_more directory ofuscado\" onclick=\"window.location.href='https:\/\/www.emagister.com\/web\/search?q=beca&#038;token=668d173c-ff0d-4d4f-bd13-3db820a3b96a&#038;segment=1&#038;sort=purePPL';\">Ver todos los cursos<svg height=\"20\" viewBox=\"0 0 20 20\" width=\"20\" xmlns=\"http:\/\/www.w3.org\/2000\/svg\"><path d=\"m12.77 10.332-4.602 4.531c-.184.184-.48.184-.664 0l-.277-.277c-.184-.184-.184-.48 0-.664l3.996-3.922-3.993-3.922c-.183-.183-.183-.48 0-.664l.278-.277c.183-.184.48-.184.664 0l4.601 4.531c.18.184.18.48-.003.664z\" fill=\"#4cb7ac\" fill-rule=\"evenodd\"\/><\/svg><\/span><\/div><\/div>\n","protected":false},"excerpt":{"rendered":"<p>Si est\u00e1s pensando en cursar parte de tus estudios de grado en una universidad extranjera para ampliar tus conocimientos y &#8230; <a title=\"Becas Iberoam\u00e9rica para estudiantes de grado\" class=\"read-more\" href=\"https:\/\/www.emagister.com\/blog\/becas-iberoamerica-para-estudiantes-de-grado\/\" aria-label=\"M\u00e1s en Becas Iberoam\u00e9rica para estudiantes de grado\">Leer m\u00e1s<\/a><\/p>\n","protected":false},"author":136,"featured_media":111627,"comment_status":"open","ping_status":"open","sticky":false,"template":"","format":"standard","meta":{"_acf_changed":false,"inline_featured_image":false,"footnotes":""},"categories":[8395,8331,8332,8360],"tags":[897,1058,1429,49,158,180],"class_list":["post-18787","post","type-post","status-publish","format-standard","has-post-thumbnail","hentry","category-carrera-en-el-extranjero","category-estudiar-en-extranjero","category-becas","category-becas-universitarias","tag-estudiar-en-el-extranjero-2","tag-iberoamerica","tag-becas-iberoamerica","tag-universidades","tag-educacion","tag-becas","generate-columns","tablet-grid-50","mobile-grid-100","grid-parent","grid-25"],"acf":{"mostrar_faldon":"1","texto_faldon":"Toda la informaci\u00f3n sobre becas","link_faldon":"https:\/\/www.emagister.com\/blog\/becas\/","link_texto_faldon":"Becas","hreflang":[{"url":""}],"estilo_titulo":"","fecha":"no","noticiasElPais":{"custom_snippet_image":false,"custom_snippet_title":"","custom_snippet_description":""},"noticiasLaVanguardia":{"custom_snippet_image":false,"custom_snippet_title":"","custom_snippet_description":""}},"yoast_head":"<!-- This site is optimized with the Yoast SEO Premium plugin v18.1 (Yoast SEO v27.0) - https:\/\/yoast.com\/product\/yoast-seo-premium-wordpress\/ -->\n<title>Becas Iberoam\u00e9rica para estudiantes de grado - Blog Emagister<\/title>\n<meta name=\"description\" content=\"Si est\u00e1s pensando en cursar parte de tus estudios de grado en una universidad extranjera para ampliar tus conocimientos y mejorar tu expediente, puedes optar a una de las 1.000 becas Iberoam\u00e9rica para estudiantes de grado que ofrece Santander Universidades para promover la movilidad internacional entre estudiantes iberoamericanos.\" \/>\n<meta name=\"robots\" content=\"index, follow\" \/>\n<link rel=\"canonical\" href=\"https:\/\/www.emagister.com\/blog\/becas-iberoamerica-para-estudiantes-de-grado\/\" \/>\n<meta property=\"og:locale\" content=\"es_ES\" \/>\n<meta property=\"og:type\" content=\"article\" \/>\n<meta property=\"og:title\" content=\"Becas Iberoam\u00e9rica para estudiantes de grado\" \/>\n<meta property=\"og:description\" content=\"Si est\u00e1s pensando en cursar parte de tus estudios de grado en una universidad extranjera para ampliar tus conocimientos y mejorar tu expediente, puedes optar a una de las 1.000 becas Iberoam\u00e9rica para estudiantes de grado que ofrece Santander Universidades para promover la movilidad internacional entre estudiantes iberoamericanos.\" \/>\n<meta property=\"og:url\" content=\"https:\/\/www.emagister.com\/blog\/becas-iberoamerica-para-estudiantes-de-grado\/\" \/>\n<meta property=\"og:site_name\" content=\"Blog Emagister\" \/>\n<meta property=\"article:publisher\" content=\"https:\/\/www.facebook.com\/Emagister\/\" \/>\n<meta property=\"article:author\" content=\"https:\/\/www.facebook.com\/patricia.cardaba\" \/>\n<meta property=\"article:published_time\" content=\"2019-04-16T16:07:44+00:00\" \/>\n<meta property=\"article:modified_time\" content=\"2021-06-15T07:23:07+00:00\" \/>\n<meta property=\"og:image\" content=\"https:\/\/www.emagister.com\/blog\/wp-content\/uploads\/2019\/04\/beca-becas-estudiar-invertir-educacion.jpg\" \/>\n\t<meta property=\"og:image:width\" content=\"1920\" \/>\n\t<meta property=\"og:image:height\" content=\"1198\" \/>\n\t<meta property=\"og:image:type\" content=\"image\/jpeg\" \/>\n<meta name=\"author\" content=\"Patricia Velasco\" \/>\n<meta name=\"twitter:card\" content=\"summary_large_image\" \/>\n<meta name=\"twitter:creator\" content=\"@ilusionrecuerdo\" \/>\n<meta name=\"twitter:site\" content=\"@emagister\" \/>\n<meta name=\"twitter:label1\" content=\"Escrito por\" \/>\n\t<meta name=\"twitter:data1\" content=\"Patricia Velasco\" \/>\n\t<meta name=\"twitter:label2\" content=\"Tiempo de lectura\" \/>\n\t<meta name=\"twitter:data2\" content=\"3 minutos\" \/>\n<script type=\"application\/ld+json\" class=\"yoast-schema-graph\">{\"@context\":\"https:\/\/schema.org\",\"@graph\":[{\"@type\":\"Article\",\"@id\":\"https:\/\/www.emagister.com\/blog\/becas-iberoamerica-para-estudiantes-de-grado\/#article\",\"isPartOf\":{\"@id\":\"https:\/\/www.emagister.com\/blog\/becas-iberoamerica-para-estudiantes-de-grado\/\"},\"author\":{\"name\":\"Patricia Velasco\",\"@id\":\"https:\/\/www.emagister.com\/blog\/#\/schema\/person\/082f0eeb8083e7b252d0b3f6e9f5738e\"},\"headline\":\"Becas Iberoam\u00e9rica para estudiantes de grado\",\"datePublished\":\"2019-04-16T16:07:44+00:00\",\"dateModified\":\"2021-06-15T07:23:07+00:00\",\"mainEntityOfPage\":{\"@id\":\"https:\/\/www.emagister.com\/blog\/becas-iberoamerica-para-estudiantes-de-grado\/\"},\"wordCount\":582,\"commentCount\":5,\"publisher\":{\"@id\":\"https:\/\/www.emagister.com\/blog\/#organization\"},\"image\":{\"@id\":\"https:\/\/www.emagister.com\/blog\/becas-iberoamerica-para-estudiantes-de-grado\/#primaryimage\"},\"thumbnailUrl\":\"https:\/\/www.emagister.com\/blog\/wp-content\/uploads\/2019\/04\/beca-becas-estudiar-invertir-educacion.jpg\",\"keywords\":[\"estudiar en el extranjero\",\"Iberoam\u00e9rica\",\"Becas Iberoamerica\",\"Universidades\",\"educaci\u00f3n\",\"becas\"],\"articleSection\":[\"Estudiar una carrera en el extranjero\",\"Estudiar en el extranjero\",\"Becas y ayudas\",\"Becas Universitarias\"],\"inLanguage\":\"es\",\"potentialAction\":[{\"@type\":\"CommentAction\",\"name\":\"Comment\",\"target\":[\"https:\/\/www.emagister.com\/blog\/becas-iberoamerica-para-estudiantes-de-grado\/#respond\"]}]},{\"@type\":\"WebPage\",\"@id\":\"https:\/\/www.emagister.com\/blog\/becas-iberoamerica-para-estudiantes-de-grado\/\",\"url\":\"https:\/\/www.emagister.com\/blog\/becas-iberoamerica-para-estudiantes-de-grado\/\",\"name\":\"Becas Iberoam\u00e9rica para estudiantes de grado - Blog Emagister\",\"isPartOf\":{\"@id\":\"https:\/\/www.emagister.com\/blog\/#website\"},\"primaryImageOfPage\":{\"@id\":\"https:\/\/www.emagister.com\/blog\/becas-iberoamerica-para-estudiantes-de-grado\/#primaryimage\"},\"image\":{\"@id\":\"https:\/\/www.emagister.com\/blog\/becas-iberoamerica-para-estudiantes-de-grado\/#primaryimage\"},\"thumbnailUrl\":\"https:\/\/www.emagister.com\/blog\/wp-content\/uploads\/2019\/04\/beca-becas-estudiar-invertir-educacion.jpg\",\"datePublished\":\"2019-04-16T16:07:44+00:00\",\"dateModified\":\"2021-06-15T07:23:07+00:00\",\"description\":\"Si est\u00e1s pensando en cursar parte de tus estudios de grado en una universidad extranjera para ampliar tus conocimientos y mejorar tu expediente, puedes optar a una de las 1.000 becas Iberoam\u00e9rica para estudiantes de grado que ofrece Santander Universidades para promover la movilidad internacional entre estudiantes iberoamericanos.\",\"breadcrumb\":{\"@id\":\"https:\/\/www.emagister.com\/blog\/becas-iberoamerica-para-estudiantes-de-grado\/#breadcrumb\"},\"inLanguage\":\"es\",\"potentialAction\":[{\"@type\":\"ReadAction\",\"target\":[\"https:\/\/www.emagister.com\/blog\/becas-iberoamerica-para-estudiantes-de-grado\/\"]}]},{\"@type\":\"ImageObject\",\"inLanguage\":\"es\",\"@id\":\"https:\/\/www.emagister.com\/blog\/becas-iberoamerica-para-estudiantes-de-grado\/#primaryimage\",\"url\":\"https:\/\/www.emagister.com\/blog\/wp-content\/uploads\/2019\/04\/beca-becas-estudiar-invertir-educacion.jpg\",\"contentUrl\":\"https:\/\/www.emagister.com\/blog\/wp-content\/uploads\/2019\/04\/beca-becas-estudiar-invertir-educacion.jpg\",\"width\":1920,\"height\":1198,\"caption\":\"Graduation cap on the tube goes and coins that are in people's hands.\"},{\"@type\":\"BreadcrumbList\",\"@id\":\"https:\/\/www.emagister.com\/blog\/becas-iberoamerica-para-estudiantes-de-grado\/#breadcrumb\",\"itemListElement\":[{\"@type\":\"ListItem\",\"position\":1,\"name\":\"Blog Emagister\",\"item\":\"https:\/\/www.emagister.com\/blog\/\"},{\"@type\":\"ListItem\",\"position\":2,\"name\":\"Sistema educativo y titulaciones\",\"item\":\"https:\/\/www.emagister.com\/blog\/titulaciones\/\"},{\"@type\":\"ListItem\",\"position\":3,\"name\":\"Carreras universitarias\",\"item\":\"https:\/\/www.emagister.com\/blog\/titulaciones\/carreras\/\"},{\"@type\":\"ListItem\",\"position\":4,\"name\":\"Becas Universitarias\",\"item\":\"https:\/\/www.emagister.com\/blog\/titulaciones\/carreras\/becas-universitarias\/\"},{\"@type\":\"ListItem\",\"position\":5,\"name\":\"Becas Iberoam\u00e9rica para estudiantes de grado\"}]},{\"@type\":\"WebSite\",\"@id\":\"https:\/\/www.emagister.com\/blog\/#website\",\"url\":\"https:\/\/www.emagister.com\/blog\/\",\"name\":\"Blog Emagister\",\"description\":\"Gu\u00eda de orientaci\u00f3n sobre estudios y tendencias de formaci\u00f3n\",\"publisher\":{\"@id\":\"https:\/\/www.emagister.com\/blog\/#organization\"},\"potentialAction\":[{\"@type\":\"SearchAction\",\"target\":{\"@type\":\"EntryPoint\",\"urlTemplate\":\"https:\/\/www.emagister.com\/blog\/?s={search_term_string}\"},\"query-input\":{\"@type\":\"PropertyValueSpecification\",\"valueRequired\":true,\"valueName\":\"search_term_string\"}}],\"inLanguage\":\"es\"},{\"@type\":\"Organization\",\"@id\":\"https:\/\/www.emagister.com\/blog\/#organization\",\"name\":\"Emagister\",\"url\":\"https:\/\/www.emagister.com\/blog\/\",\"logo\":{\"@type\":\"ImageObject\",\"inLanguage\":\"es\",\"@id\":\"https:\/\/www.emagister.com\/blog\/#\/schema\/logo\/image\/\",\"url\":\"https:\/\/www.emagister.com\/blog\/wp-content\/uploads\/2017\/02\/photo.png\",\"contentUrl\":\"https:\/\/www.emagister.com\/blog\/wp-content\/uploads\/2017\/02\/photo.png\",\"width\":120,\"height\":120,\"caption\":\"Emagister\"},\"image\":{\"@id\":\"https:\/\/www.emagister.com\/blog\/#\/schema\/logo\/image\/\"},\"sameAs\":[\"https:\/\/www.facebook.com\/Emagister\/\",\"https:\/\/x.com\/emagister\",\"https:\/\/www.instagram.com\/emagister\/\",\"https:\/\/www.linkedin.com\/company\/emagister-com\/\",\"https:\/\/www.pinterest.es\/emagister\/\",\"https:\/\/www.youtube.com\/user\/emagister\/\",\"https:\/\/es.wikipedia.org\/wiki\/Emagister\"]},{\"@type\":\"Person\",\"@id\":\"https:\/\/www.emagister.com\/blog\/#\/schema\/person\/082f0eeb8083e7b252d0b3f6e9f5738e\",\"name\":\"Patricia Velasco\",\"image\":{\"@type\":\"ImageObject\",\"inLanguage\":\"es\",\"@id\":\"https:\/\/www.emagister.com\/blog\/#\/schema\/person\/image\/\",\"url\":\"https:\/\/secure.gravatar.com\/avatar\/e2cb91d6201e98da2aa9c7d858190459b27c626999742d25bb24fae136c9064e?s=96&r=g\",\"contentUrl\":\"https:\/\/secure.gravatar.com\/avatar\/e2cb91d6201e98da2aa9c7d858190459b27c626999742d25bb24fae136c9064e?s=96&r=g\",\"caption\":\"Patricia Velasco\"},\"description\":\"Periodista de profesi\u00f3n desde hace m\u00e1s de 14 a\u00f1os, viajera por necesidad y escritora por vocaci\u00f3n. Apasionada de la comunicaci\u00f3n y del mundo digital, mantengo mi propio blog de viajes para unir mis dos pasiones.\",\"sameAs\":[\"http:\/\/deilusionarecuerdo.com\/\",\"https:\/\/www.facebook.com\/patricia.cardaba\",\"https:\/\/x.com\/@ilusionrecuerdo\"],\"url\":\"https:\/\/www.emagister.com\/blog\/author\/patriciav\/\"}]}<\/script>\n<!-- \/ Yoast SEO Premium plugin. -->","yoast_head_json":{"title":"Becas Iberoam\u00e9rica para estudiantes de grado - Blog Emagister","description":"Si est\u00e1s pensando en cursar parte de tus estudios de grado en una universidad extranjera para ampliar tus conocimientos y mejorar tu expediente, puedes optar a una de las 1.000 becas Iberoam\u00e9rica para estudiantes de grado que ofrece Santander Universidades para promover la movilidad internacional entre estudiantes iberoamericanos.","robots":{"index":"index","follow":"follow"},"canonical":"https:\/\/www.emagister.com\/blog\/becas-iberoamerica-para-estudiantes-de-grado\/","og_locale":"es_ES","og_type":"article","og_title":"Becas Iberoam\u00e9rica para estudiantes de grado","og_description":"Si est\u00e1s pensando en cursar parte de tus estudios de grado en una universidad extranjera para ampliar tus conocimientos y mejorar tu expediente, puedes optar a una de las 1.000 becas Iberoam\u00e9rica para estudiantes de grado que ofrece Santander Universidades para promover la movilidad internacional entre estudiantes iberoamericanos.","og_url":"https:\/\/www.emagister.com\/blog\/becas-iberoamerica-para-estudiantes-de-grado\/","og_site_name":"Blog Emagister","article_publisher":"https:\/\/www.facebook.com\/Emagister\/","article_author":"https:\/\/www.facebook.com\/patricia.cardaba","article_published_time":"2019-04-16T16:07:44+00:00","article_modified_time":"2021-06-15T07:23:07+00:00","og_image":[{"width":1920,"height":1198,"url":"https:\/\/www.emagister.com\/blog\/wp-content\/uploads\/2019\/04\/beca-becas-estudiar-invertir-educacion.jpg","type":"image\/jpeg"}],"author":"Patricia Velasco","twitter_card":"summary_large_image","twitter_creator":"@ilusionrecuerdo","twitter_site":"@emagister","twitter_misc":{"Escrito por":"Patricia Velasco","Tiempo de lectura":"3 minutos"},"schema":{"@context":"https:\/\/schema.org","@graph":[{"@type":"Article","@id":"https:\/\/www.emagister.com\/blog\/becas-iberoamerica-para-estudiantes-de-grado\/#article","isPartOf":{"@id":"https:\/\/www.emagister.com\/blog\/becas-iberoamerica-para-estudiantes-de-grado\/"},"author":{"name":"Patricia Velasco","@id":"https:\/\/www.emagister.com\/blog\/#\/schema\/person\/082f0eeb8083e7b252d0b3f6e9f5738e"},"headline":"Becas Iberoam\u00e9rica para estudiantes de grado","datePublished":"2019-04-16T16:07:44+00:00","dateModified":"2021-06-15T07:23:07+00:00","mainEntityOfPage":{"@id":"https:\/\/www.emagister.com\/blog\/becas-iberoamerica-para-estudiantes-de-grado\/"},"wordCount":582,"commentCount":5,"publisher":{"@id":"https:\/\/www.emagister.com\/blog\/#organization"},"image":{"@id":"https:\/\/www.emagister.com\/blog\/becas-iberoamerica-para-estudiantes-de-grado\/#primaryimage"},"thumbnailUrl":"https:\/\/www.emagister.com\/blog\/wp-content\/uploads\/2019\/04\/beca-becas-estudiar-invertir-educacion.jpg","keywords":["estudiar en el extranjero","Iberoam\u00e9rica","Becas Iberoamerica","Universidades","educaci\u00f3n","becas"],"articleSection":["Estudiar una carrera en el extranjero","Estudiar en el extranjero","Becas y ayudas","Becas Universitarias"],"inLanguage":"es","potentialAction":[{"@type":"CommentAction","name":"Comment","target":["https:\/\/www.emagister.com\/blog\/becas-iberoamerica-para-estudiantes-de-grado\/#respond"]}]},{"@type":"WebPage","@id":"https:\/\/www.emagister.com\/blog\/becas-iberoamerica-para-estudiantes-de-grado\/","url":"https:\/\/www.emagister.com\/blog\/becas-iberoamerica-para-estudiantes-de-grado\/","name":"Becas Iberoam\u00e9rica para estudiantes de grado - Blog Emagister","isPartOf":{"@id":"https:\/\/www.emagister.com\/blog\/#website"},"primaryImageOfPage":{"@id":"https:\/\/www.emagister.com\/blog\/becas-iberoamerica-para-estudiantes-de-grado\/#primaryimage"},"image":{"@id":"https:\/\/www.emagister.com\/blog\/becas-iberoamerica-para-estudiantes-de-grado\/#primaryimage"},"thumbnailUrl":"https:\/\/www.emagister.com\/blog\/wp-content\/uploads\/2019\/04\/beca-becas-estudiar-invertir-educacion.jpg","datePublished":"2019-04-16T16:07:44+00:00","dateModified":"2021-06-15T07:23:07+00:00","description":"Si est\u00e1s pensando en cursar parte de tus estudios de grado en una universidad extranjera para ampliar tus conocimientos y mejorar tu expediente, puedes optar a una de las 1.000 becas Iberoam\u00e9rica para estudiantes de grado que ofrece Santander Universidades para promover la movilidad internacional entre estudiantes iberoamericanos.","breadcrumb":{"@id":"https:\/\/www.emagister.com\/blog\/becas-iberoamerica-para-estudiantes-de-grado\/#breadcrumb"},"inLanguage":"es","potentialAction":[{"@type":"ReadAction","target":["https:\/\/www.emagister.com\/blog\/becas-iberoamerica-para-estudiantes-de-grado\/"]}]},{"@type":"ImageObject","inLanguage":"es","@id":"https:\/\/www.emagister.com\/blog\/becas-iberoamerica-para-estudiantes-de-grado\/#primaryimage","url":"https:\/\/www.emagister.com\/blog\/wp-content\/uploads\/2019\/04\/beca-becas-estudiar-invertir-educacion.jpg","contentUrl":"https:\/\/www.emagister.com\/blog\/wp-content\/uploads\/2019\/04\/beca-becas-estudiar-invertir-educacion.jpg","width":1920,"height":1198,"caption":"Graduation cap on the tube goes and coins that are in people's hands."},{"@type":"BreadcrumbList","@id":"https:\/\/www.emagister.com\/blog\/becas-iberoamerica-para-estudiantes-de-grado\/#breadcrumb","itemListElement":[{"@type":"ListItem","position":1,"name":"Blog Emagister","item":"https:\/\/www.emagister.com\/blog\/"},{"@type":"ListItem","position":2,"name":"Sistema educativo y titulaciones","item":"https:\/\/www.emagister.com\/blog\/titulaciones\/"},{"@type":"ListItem","position":3,"name":"Carreras universitarias","item":"https:\/\/www.emagister.com\/blog\/titulaciones\/carreras\/"},{"@type":"ListItem","position":4,"name":"Becas Universitarias","item":"https:\/\/www.emagister.com\/blog\/titulaciones\/carreras\/becas-universitarias\/"},{"@type":"ListItem","position":5,"name":"Becas Iberoam\u00e9rica para estudiantes de grado"}]},{"@type":"WebSite","@id":"https:\/\/www.emagister.com\/blog\/#website","url":"https:\/\/www.emagister.com\/blog\/","name":"Blog Emagister","description":"Gu\u00eda de orientaci\u00f3n sobre estudios y tendencias de formaci\u00f3n","publisher":{"@id":"https:\/\/www.emagister.com\/blog\/#organization"},"potentialAction":[{"@type":"SearchAction","target":{"@type":"EntryPoint","urlTemplate":"https:\/\/www.emagister.com\/blog\/?s={search_term_string}"},"query-input":{"@type":"PropertyValueSpecification","valueRequired":true,"valueName":"search_term_string"}}],"inLanguage":"es"},{"@type":"Organization","@id":"https:\/\/www.emagister.com\/blog\/#organization","name":"Emagister","url":"https:\/\/www.emagister.com\/blog\/","logo":{"@type":"ImageObject","inLanguage":"es","@id":"https:\/\/www.emagister.com\/blog\/#\/schema\/logo\/image\/","url":"https:\/\/www.emagister.com\/blog\/wp-content\/uploads\/2017\/02\/photo.png","contentUrl":"https:\/\/www.emagister.com\/blog\/wp-content\/uploads\/2017\/02\/photo.png","width":120,"height":120,"caption":"Emagister"},"image":{"@id":"https:\/\/www.emagister.com\/blog\/#\/schema\/logo\/image\/"},"sameAs":["https:\/\/www.facebook.com\/Emagister\/","https:\/\/x.com\/emagister","https:\/\/www.instagram.com\/emagister\/","https:\/\/www.linkedin.com\/company\/emagister-com\/","https:\/\/www.pinterest.es\/emagister\/","https:\/\/www.youtube.com\/user\/emagister\/","https:\/\/es.wikipedia.org\/wiki\/Emagister"]},{"@type":"Person","@id":"https:\/\/www.emagister.com\/blog\/#\/schema\/person\/082f0eeb8083e7b252d0b3f6e9f5738e","name":"Patricia Velasco","image":{"@type":"ImageObject","inLanguage":"es","@id":"https:\/\/www.emagister.com\/blog\/#\/schema\/person\/image\/","url":"https:\/\/secure.gravatar.com\/avatar\/e2cb91d6201e98da2aa9c7d858190459b27c626999742d25bb24fae136c9064e?s=96&r=g","contentUrl":"https:\/\/secure.gravatar.com\/avatar\/e2cb91d6201e98da2aa9c7d858190459b27c626999742d25bb24fae136c9064e?s=96&r=g","caption":"Patricia Velasco"},"description":"Periodista de profesi\u00f3n desde hace m\u00e1s de 14 a\u00f1os, viajera por necesidad y escritora por vocaci\u00f3n. Apasionada de la comunicaci\u00f3n y del mundo digital, mantengo mi propio blog de viajes para unir mis dos pasiones.","sameAs":["http:\/\/deilusionarecuerdo.com\/","https:\/\/www.facebook.com\/patricia.cardaba","https:\/\/x.com\/@ilusionrecuerdo"],"url":"https:\/\/www.emagister.com\/blog\/author\/patriciav\/"}]}},"_links":{"self":[{"href":"https:\/\/www.emagister.com\/blog\/wp-json\/wp\/v2\/posts\/18787","targetHints":{"allow":["GET"]}}],"collection":[{"href":"https:\/\/www.emagister.com\/blog\/wp-json\/wp\/v2\/posts"}],"about":[{"href":"https:\/\/www.emagister.com\/blog\/wp-json\/wp\/v2\/types\/post"}],"author":[{"embeddable":true,"href":"https:\/\/www.emagister.com\/blog\/wp-json\/wp\/v2\/users\/136"}],"replies":[{"embeddable":true,"href":"https:\/\/www.emagister.com\/blog\/wp-json\/wp\/v2\/comments?post=18787"}],"version-history":[{"count":1,"href":"https:\/\/www.emagister.com\/blog\/wp-json\/wp\/v2\/posts\/18787\/revisions"}],"predecessor-version":[{"id":111628,"href":"https:\/\/www.emagister.com\/blog\/wp-json\/wp\/v2\/posts\/18787\/revisions\/111628"}],"wp:featuredmedia":[{"embeddable":true,"href":"https:\/\/www.emagister.com\/blog\/wp-json\/wp\/v2\/media\/111627"}],"wp:attachment":[{"href":"https:\/\/www.emagister.com\/blog\/wp-json\/wp\/v2\/media?parent=18787"}],"wp:term":[{"taxonomy":"category","embeddable":true,"href":"https:\/\/www.emagister.com\/blog\/wp-json\/wp\/v2\/categories?post=18787"},{"taxonomy":"post_tag","embeddable":true,"href":"https:\/\/www.emagister.com\/blog\/wp-json\/wp\/v2\/tags?post=18787"}],"curies":[{"name":"wp","href":"https:\/\/api.w.org\/{rel}","templated":true}]}}