{"id":18960,"date":"2021-11-09T16:22:00","date_gmt":"2021-11-09T15:22:00","guid":{"rendered":"https:\/\/www.emagister.com\/blog\/?p=18960"},"modified":"2021-11-09T16:36:35","modified_gmt":"2021-11-09T15:36:35","slug":"el-grado-de-informacion-y-documentacion-que-salidas-profesionales-tiene","status":"publish","type":"post","link":"https:\/\/www.emagister.com\/blog\/el-grado-de-informacion-y-documentacion-que-salidas-profesionales-tiene\/","title":{"rendered":"El Grado de Informaci\u00f3n y Documentaci\u00f3n, \u00bfqu\u00e9 salidas profesionales tiene?"},"content":{"rendered":"\n<p class=\"yoast-reading-time__wrapper\"><span class=\"yoast-reading-time__icon\"><svg aria-hidden=\"true\" focusable=\"false\" data-icon=\"clock\" width=\"20\" height=\"20\" fill=\"none\" stroke=\"currentColor\" style=\"display:inline-block;vertical-align:-0.1em\" role=\"img\" xmlns=\"http:\/\/www.w3.org\/2000\/svg\" viewbox=\"0 0 24 24\"><path stroke-linecap=\"round\" stroke-linejoin=\"round\" stroke-width=\"2\" d=\"M12 8v4l3 3m6-3a9 9 0 11-18 0 9 9 0 0118 0z\"><\/path><\/svg><\/span><span class=\"yoast-reading-time__spacer\" style=\"display:inline-block;width:1em\"><\/span><span class=\"yoast-reading-time__descriptive-text\">Tiempo de lectura estimado:  <\/span><span class=\"yoast-reading-time__reading-time\">4<\/span><span class=\"yoast-reading-time__time-unit\"> minutos<\/span><\/p>\n\n\n<p style=\"text-align: justify;\">En el podio de los tres trabajos m\u00e1s deseados en Gran Breta\u00f1a, la <strong>profesi\u00f3n de bibliotecario<\/strong> ocupa el segundo lugar. \u00bfTe sorprende? El bibliotecario del siglo XXI nada tiene que ver ya con el falso estereotipo del guardi\u00e1n de libros taciturno y solitario tantas veces retratado en el cine. Ahora es un gestor de informaci\u00f3n totalmente orientado al usuario e inmerso en la era digital. Te explicamos c\u00f3mo se ha adaptado esta titulaci\u00f3n al siglo XXI.<\/p>\n<p style=\"text-align: justify;\"><!--more--><\/p>\n<p style=\"text-align: justify;\">En primer lugar, ya no se habla de <strong>Biblioteconom\u00eda y Documentaci\u00f3n<\/strong> como carrera universitaria, sino del <strong><a href=\"https:\/\/www.emagister.com\/universidades\/carreras-universitarias-documentacion-tematica-854.htm\" target=\"_blank\" rel=\"noopener\">Grado de Informaci\u00f3n y Documentaci\u00f3n<\/a><\/strong> que forma gestores de informaci\u00f3n para la sociedad del conocimiento. <strong>Adelaida Ferrer, <\/strong><strong>ex Directora del CRAI<\/strong> (Centro de Recursos para el Aprendizaje y la Investigaci\u00f3n de la Universidad de Barcelona), nos cuenta en qu\u00e9 consiste y qu\u00e9 salidas profesionales tiene.<\/p>\n<p style=\"text-align: justify;\">\u00abEn la sociedad actual la informaci\u00f3n y el conocimiento se han multiplicado exponencialmente con la popularizaci\u00f3n de Internet, por lo que hoy en d\u00eda es m\u00e1s necesaria que nunca una figura que gestione dicha informaci\u00f3n y conocimiento. De ah\u00ed que el <strong>Grado de Informaci\u00f3n y Documentaci\u00f3n<\/strong> se dirija hacia la gesti\u00f3n de recursos y la evaluaci\u00f3n de calidad, siempre en torno al usuario y fomentando el <em>ask your librarian<\/em>\u00bb, explica.<\/p>\n<p style=\"text-align: justify;\">El <strong>Grado de Informaci\u00f3n y Documentaci\u00f3n<\/strong> es una opci\u00f3n formativa de primer nivel, pero tambi\u00e9n es interesante como una segunda carrera complementaria a la primera. En este sentido, Adelaida Ferrer nos cuenta que cada universidad tiene su propio programa formativo con una l\u00ednea determinada que despu\u00e9s se complementa con cursos de postgrado y m\u00e1ster de especializaci\u00f3n: \u00abEn Catalu\u00f1a, la Universidad Aut\u00f3noma de Barcelona pone m\u00e1s \u00e9nfasis en la archiv\u00edstica, la UOC tiene un enfoque m\u00e1s digital, mientras que la Universidad de Barcelona remite m\u00e1s a la tradici\u00f3n\u00bb.<\/p>\n<p style=\"text-align: justify;\">Vayamos a cuestiones m\u00e1s pr\u00e1cticas acerca del <strong>Grado de Informaci\u00f3n y Documentaci\u00f3n<\/strong> que seguro te rondan la cabeza.<\/p>\n<h2 style=\"text-align: justify;\"><strong>\u00bfQu\u00e9 salidas profesionales ofrece?<\/strong><\/h2>\n<p style=\"text-align: justify;\">M\u00e1s all\u00e1 del cl\u00e1sico bibliotecario o archivero, hay muchos otros puestos de trabajo: documentalista, gestor de contenidos, consultor y auditor de informaci\u00f3n, formador, <a href=\"https:\/\/www.emagister.com\/blog\/community-manager\/\" target=\"_blank\" rel=\"noopener\">community manager<\/a>, y cada vez m\u00e1s cargos vinculados a contenidos digitales y entornos web. Seguro que si has visitado la biblioteca p\u00fablica de tu localidad te habr\u00e1s fijado en la cantidad de actividades que organizan para fomentar h\u00e1bitos de lectura entre ni\u00f1os y j\u00f3venes, as\u00ed como charlas sobre distintas tem\u00e1ticas o clubes de lectura para adultos. Por otro lado hay que distinguir entre el empleo en la administraci\u00f3n p\u00fablica, mediante concursos y oposiciones, y el empleo en centros de documentaci\u00f3n privados que pueden ser laboratorios, bufetes de abogados, departamentos financieros, museos, ONG, etc.<\/p>\n<h2 style=\"text-align: justify;\"><strong>\u00bfCu\u00e1l es la tendencia actual de las bibliotecas?<\/strong><\/h2>\n<p style=\"text-align: justify;\">\u00abLas <strong>bibliotecas<\/strong> van hacia lo digital y tienden hacia la <em>googlelizaci\u00f3n<\/em>, es decir, que la b\u00fasqueda de informaci\u00f3n sea a partir de una \u00fanica ventana y te permita acceder a todo el material, ya sean textos, im\u00e1genes, sellos, cuadros, etc. Las nuevas tecnolog\u00edas, Internet y sobre todo la\u00a0web 2.0 han hecho cambiar muy r\u00e1pidamente el trabajo de <strong>bibliotecario<\/strong>. Antes Internet era m\u00e1s bien una herramienta de trabajo interno pero ahora las redes sociales son una herramienta de comunicaci\u00f3n con el usuario y una forma de trabajar\u00bb. Los websites son una parte fundamental de las <strong>bibliotecas<\/strong> y se tiene muy en cuenta la usabilidad, la accesibilidad y la arquitectura de la informaci\u00f3n. Pero Adelaida Ferrer insiste en aclarar que \u00abel <strong>bibliotecario<\/strong> tiene una relaci\u00f3n amigable con la inform\u00e1tica ya que parte de sus funciones pueden tener que ver con la gesti\u00f3n de blogs o la creaci\u00f3n de videotutoriales, pero no es ni pretende ser un inform\u00e1tico\u00bb.<\/p>\n<h2 style=\"text-align: justify;\"><strong>\u00bfCu\u00e1l es el perfil id\u00f3neo para ejercer como bibliotecario o documentalista?<\/strong><\/h2>\n<p style=\"text-align: justify;\">Hay algunas aptitudes y habilidades esenciales: buen trato con la gente y dotes de comunicaci\u00f3n, nociones de inform\u00e1tica y nuevas tecnolog\u00edas, ser organizado y saber trabajar en equipo, tener inquietud por conocer e inter\u00e9s por la cultura en general. Adelaida Ferrer recomienda adem\u00e1s \u00abser pr\u00e1ctico, flexible y saber adaptarse f\u00e1cilmente al cambio, porque se trata de una profesi\u00f3n din\u00e1mica muy sujeta a cambios\u00bb.<\/p>\n<div class=\"courses\"><div class=\"course\"><div class=\"inside\"><a href=\"https:\/\/www.emagister.com\/grado-comunicacion-audiovisual-cursos-2846907.htm\" class=\"course_name directory\">Grado en Comunicaci\u00f3n Audiovisual<\/a><div class=\"course_center\">Universidad Pontificia de Salamanca<\/div><div class=\"course_rating\"><svg fill=\"none\" height=\"13\" viewBox=\"0 0 13 13\" width=\"13\" xmlns=\"http:\/\/www.w3.org\/2000\/svg\"><path d=\"m5.79999.990059-1.58 3.220001-3.549999.52c-.6399996.09-.9.87-.43 1.32l2.559999 2.51-.6 3.53004c-.11.64.56 1.12 1.13.82l3.18-1.67v-10.680041c-.29 0-.56.14-.71.43z\" fill=\"#f5ba41\"\/><path d=\"m10.8 12.0901-.6-3.53004 2.57-2.5c.46-.45.21-1.23-.43-1.33l-3.56-.52-1.58-3.220001c-.15-.28-.42-.43-.7-.43v10.680041l3.18 1.67c.56.3 1.23-.18 1.12-.82z\" fill=\"#e5e5e5\"\/><\/svg><\/i><svg fill=\"none\" height=\"13\" viewBox=\"0 0 13 13\" width=\"13\" xmlns=\"http:\/\/www.w3.org\/2000\/svg\"><path d=\"m5.79999.990059-1.58 3.220001-3.549999.52c-.6399996.09-.9.87-.43 1.32l2.559999 2.51-.6 3.53004c-.11.64.56 1.12 1.13.82l3.18-1.67v-10.680041c-.29 0-.56.14-.71.43z\" fill=\"#f5ba41\"\/><path d=\"m10.8 12.0901-.6-3.53004 2.57-2.5c.46-.45.21-1.23-.43-1.33l-3.56-.52-1.58-3.220001c-.15-.28-.42-.43-.7-.43v10.680041l3.18 1.67c.56.3 1.23-.18 1.12-.82z\" fill=\"#e5e5e5\"\/><\/svg><\/i><svg fill=\"none\" height=\"13\" viewBox=\"0 0 13 13\" width=\"13\" xmlns=\"http:\/\/www.w3.org\/2000\/svg\"><path d=\"m5.79999.990059-1.58 3.220001-3.549999.52c-.6399996.09-.9.87-.43 1.32l2.559999 2.51-.6 3.53004c-.11.64.56 1.12 1.13.82l3.18-1.67v-10.680041c-.29 0-.56.14-.71.43z\" fill=\"#f5ba41\"\/><path d=\"m10.8 12.0901-.6-3.53004 2.57-2.5c.46-.45.21-1.23-.43-1.33l-3.56-.52-1.58-3.220001c-.15-.28-.42-.43-.7-.43v10.680041l3.18 1.67c.56.3 1.23-.18 1.12-.82z\" fill=\"#e5e5e5\"\/><\/svg><\/i><svg fill=\"none\" height=\"13\" viewBox=\"0 0 13 13\" width=\"13\" xmlns=\"http:\/\/www.w3.org\/2000\/svg\"><path d=\"m5.79999.990059-1.58 3.220001-3.549999.52c-.6399996.09-.9.87-.43 1.32l2.559999 2.51-.6 3.53004c-.11.64.56 1.12 1.13.82l3.18-1.67v-10.680041c-.29 0-.56.14-.71.43z\" fill=\"#f5ba41\"\/><path d=\"m10.8 12.0901-.6-3.53004 2.57-2.5c.46-.45.21-1.23-.43-1.33l-3.56-.52-1.58-3.220001c-.15-.28-.42-.43-.7-.43v10.680041l3.18 1.67c.56.3 1.23-.18 1.12-.82z\" fill=\"#e5e5e5\"\/><\/svg><\/i><svg fill=\"none\" height=\"13\" viewBox=\"0 0 13 13\" width=\"13\" xmlns=\"http:\/\/www.w3.org\/2000\/svg\"><path d=\"m5.79999.990059-1.58 3.220001-3.549999.52c-.6399996.09-.9.87-.43 1.32l2.559999 2.51-.6 3.53004c-.11.64.56 1.12 1.13.82l3.18-1.67v-10.680041c-.29 0-.56.14-.71.43z\" fill=\"#f5ba41\"\/><path d=\"m10.8 12.0901-.6-3.53004 2.57-2.5c.46-.45.21-1.23-.43-1.33l-3.56-.52-1.58-3.220001c-.15-.28-.42-.43-.7-.43v10.680041l3.18 1.67c.56.3 1.23-.18 1.12-.82z\" fill=\"#e5e5e5\"\/><\/svg><\/i><\/div><div class=\"course_price\">7.560 \u20ac<\/div><a href=\"https:\/\/www.emagister.com\/grado-comunicacion-audiovisual-cursos-2846907.htm\" class=\"course_button directory\">Ver m\u00e1s<\/a><\/div><\/div><div class=\"course\"><div class=\"inside\"><a href=\"https:\/\/www.emagister.com\/grado-universitario-administracion-direccion-empresas-ade-online-cursos-3800488.htm\" class=\"course_name directory\">Grado en Administraci\u00f3n y Direcci\u00f3n de Empresas<\/a><div class=\"course_center\">IUNIT<\/div><div class=\"course_rating\"><i class=\"course_rating_star\"><\/i><\/div><div class=\"course_price\"><div class=\"course_price_text\">Precio Emagister<\/div><del>5.100 \u20ac<\/del>  4.250 \u20ac<\/div><a href=\"https:\/\/www.emagister.com\/grado-universitario-administracion-direccion-empresas-ade-online-cursos-3800488.htm\" class=\"course_button directory\">Ver m\u00e1s<\/a><\/div><\/div><div class=\"course\"><div class=\"inside\"><a href=\"https:\/\/www.emagister.com\/grado-produccio-n-musical-sonido-para-industria-del-entretenimiento-cursos-3771316.htm\" class=\"course_name directory\">Grado en produccio\u0301n musical y sonido para la industria del entretenimiento<\/a><div class=\"course_center\">EUNEIZ<\/div><div class=\"course_rating\"><svg fill=\"none\" height=\"13\" viewBox=\"0 0 13 13\" width=\"13\" xmlns=\"http:\/\/www.w3.org\/2000\/svg\"><path d=\"m5.79999.990059-1.58 3.220001-3.549999.52c-.6399996.09-.9.87-.43 1.32l2.559999 2.51-.6 3.53004c-.11.64.56 1.12 1.13.82l3.18-1.67v-10.680041c-.29 0-.56.14-.71.43z\" fill=\"#f5ba41\"\/><path d=\"m10.8 12.0901-.6-3.53004 2.57-2.5c.46-.45.21-1.23-.43-1.33l-3.56-.52-1.58-3.220001c-.15-.28-.42-.43-.7-.43v10.680041l3.18 1.67c.56.3 1.23-.18 1.12-.82z\" fill=\"#e5e5e5\"\/><\/svg><\/i><svg fill=\"none\" height=\"13\" viewBox=\"0 0 13 13\" width=\"13\" xmlns=\"http:\/\/www.w3.org\/2000\/svg\"><path d=\"m5.79999.990059-1.58 3.220001-3.549999.52c-.6399996.09-.9.87-.43 1.32l2.559999 2.51-.6 3.53004c-.11.64.56 1.12 1.13.82l3.18-1.67v-10.680041c-.29 0-.56.14-.71.43z\" fill=\"#f5ba41\"\/><path d=\"m10.8 12.0901-.6-3.53004 2.57-2.5c.46-.45.21-1.23-.43-1.33l-3.56-.52-1.58-3.220001c-.15-.28-.42-.43-.7-.43v10.680041l3.18 1.67c.56.3 1.23-.18 1.12-.82z\" fill=\"#e5e5e5\"\/><\/svg><\/i><svg fill=\"none\" height=\"13\" viewBox=\"0 0 13 13\" width=\"13\" xmlns=\"http:\/\/www.w3.org\/2000\/svg\"><path d=\"m5.79999.990059-1.58 3.220001-3.549999.52c-.6399996.09-.9.87-.43 1.32l2.559999 2.51-.6 3.53004c-.11.64.56 1.12 1.13.82l3.18-1.67v-10.680041c-.29 0-.56.14-.71.43z\" fill=\"#f5ba41\"\/><path d=\"m10.8 12.0901-.6-3.53004 2.57-2.5c.46-.45.21-1.23-.43-1.33l-3.56-.52-1.58-3.220001c-.15-.28-.42-.43-.7-.43v10.680041l3.18 1.67c.56.3 1.23-.18 1.12-.82z\" fill=\"#e5e5e5\"\/><\/svg><\/i><svg fill=\"none\" height=\"13\" viewBox=\"0 0 13 13\" width=\"13\" xmlns=\"http:\/\/www.w3.org\/2000\/svg\"><path d=\"m5.79999.990059-1.58 3.220001-3.549999.52c-.6399996.09-.9.87-.43 1.32l2.559999 2.51-.6 3.53004c-.11.64.56 1.12 1.13.82l3.18-1.67v-10.680041c-.29 0-.56.14-.71.43z\" fill=\"#f5ba41\"\/><path d=\"m10.8 12.0901-.6-3.53004 2.57-2.5c.46-.45.21-1.23-.43-1.33l-3.56-.52-1.58-3.220001c-.15-.28-.42-.43-.7-.43v10.680041l3.18 1.67c.56.3 1.23-.18 1.12-.82z\" fill=\"#e5e5e5\"\/><\/svg><\/i><svg fill=\"none\" height=\"13\" viewBox=\"0 0 13 13\" width=\"13\" xmlns=\"http:\/\/www.w3.org\/2000\/svg\"><path d=\"m5.79999.990059-1.58 3.220001-3.549999.52c-.6399996.09-.9.87-.43 1.32l2.559999 2.51-.6 3.53004c-.11.64.56 1.12 1.13.82l3.18-1.67v-10.680041c-.29 0-.56.14-.71.43z\" fill=\"#f5ba41\"\/><path d=\"m10.8 12.0901-.6-3.53004 2.57-2.5c.46-.45.21-1.23-.43-1.33l-3.56-.52-1.58-3.220001c-.15-.28-.42-.43-.7-.43v10.680041l3.18 1.67c.56.3 1.23-.18 1.12-.82z\" fill=\"#e5e5e5\"\/><\/svg><\/i><\/div><div class=\"course_price\">9.120 \u20ac<\/div><a href=\"https:\/\/www.emagister.com\/grado-produccio-n-musical-sonido-para-industria-del-entretenimiento-cursos-3771316.htm\" class=\"course_button directory\">Ver m\u00e1s<\/a><\/div><\/div><div class=\"course\"><div class=\"inside\"><a href=\"https:\/\/www.emagister.com\/titulo-superior-direccion-marketing-global-cursos-3469590.htm\" class=\"course_name directory\">T\u00edtulo Superior en Direcci\u00f3n de Marketing Global [TSDMG] - ESIC<\/a><div class=\"course_center\">EIG EDUCATION<\/div><div class=\"course_rating\"><svg fill=\"none\" height=\"13\" viewBox=\"0 0 13 13\" width=\"13\" xmlns=\"http:\/\/www.w3.org\/2000\/svg\"><path d=\"m5.79999.990059-1.58 3.220001-3.549999.52c-.6399996.09-.9.87-.43 1.32l2.559999 2.51-.6 3.53004c-.11.64.56 1.12 1.13.82l3.18-1.67v-10.680041c-.29 0-.56.14-.71.43z\" fill=\"#f5ba41\"\/><path d=\"m10.8 12.0901-.6-3.53004 2.57-2.5c.46-.45.21-1.23-.43-1.33l-3.56-.52-1.58-3.220001c-.15-.28-.42-.43-.7-.43v10.680041l3.18 1.67c.56.3 1.23-.18 1.12-.82z\" fill=\"#e5e5e5\"\/><\/svg><\/i><svg fill=\"none\" height=\"13\" viewBox=\"0 0 13 13\" width=\"13\" xmlns=\"http:\/\/www.w3.org\/2000\/svg\"><path d=\"m5.79999.990059-1.58 3.220001-3.549999.52c-.6399996.09-.9.87-.43 1.32l2.559999 2.51-.6 3.53004c-.11.64.56 1.12 1.13.82l3.18-1.67v-10.680041c-.29 0-.56.14-.71.43z\" fill=\"#f5ba41\"\/><path d=\"m10.8 12.0901-.6-3.53004 2.57-2.5c.46-.45.21-1.23-.43-1.33l-3.56-.52-1.58-3.220001c-.15-.28-.42-.43-.7-.43v10.680041l3.18 1.67c.56.3 1.23-.18 1.12-.82z\" fill=\"#e5e5e5\"\/><\/svg><\/i><svg fill=\"none\" height=\"13\" viewBox=\"0 0 13 13\" width=\"13\" xmlns=\"http:\/\/www.w3.org\/2000\/svg\"><path d=\"m5.79999.990059-1.58 3.220001-3.549999.52c-.6399996.09-.9.87-.43 1.32l2.559999 2.51-.6 3.53004c-.11.64.56 1.12 1.13.82l3.18-1.67v-10.680041c-.29 0-.56.14-.71.43z\" fill=\"#f5ba41\"\/><path d=\"m10.8 12.0901-.6-3.53004 2.57-2.5c.46-.45.21-1.23-.43-1.33l-3.56-.52-1.58-3.220001c-.15-.28-.42-.43-.7-.43v10.680041l3.18 1.67c.56.3 1.23-.18 1.12-.82z\" fill=\"#e5e5e5\"\/><\/svg><\/i><svg fill=\"none\" height=\"13\" viewBox=\"0 0 13 13\" width=\"13\" xmlns=\"http:\/\/www.w3.org\/2000\/svg\"><path d=\"m5.79999.990059-1.58 3.220001-3.549999.52c-.6399996.09-.9.87-.43 1.32l2.559999 2.51-.6 3.53004c-.11.64.56 1.12 1.13.82l3.18-1.67v-10.680041c-.29 0-.56.14-.71.43z\" fill=\"#f5ba41\"\/><path d=\"m10.8 12.0901-.6-3.53004 2.57-2.5c.46-.45.21-1.23-.43-1.33l-3.56-.52-1.58-3.220001c-.15-.28-.42-.43-.7-.43v10.680041l3.18 1.67c.56.3 1.23-.18 1.12-.82z\" fill=\"#e5e5e5\"\/><\/svg><\/i><svg fill=\"none\" height=\"13\" viewBox=\"0 0 13 13\" width=\"13\" xmlns=\"http:\/\/www.w3.org\/2000\/svg\"><path d=\"m5.79999.990059-1.58 3.220001-3.549999.52c-.6399996.09-.9.87-.43 1.32l2.559999 2.51-.6 3.53004c-.11.64.56 1.12 1.13.82l3.18-1.67v-10.680041c-.29 0-.56.14-.71.43z\" fill=\"#f5ba41\"\/><path d=\"m10.8 12.0901-.6-3.53004 2.57-2.5c.46-.45.21-1.23-.43-1.33l-3.56-.52-1.58-3.220001c-.15-.28-.42-.43-.7-.43v10.680041l3.18 1.67c.56.3 1.23-.18 1.12-.82z\" fill=\"#e5e5e5\"\/><\/svg><\/i><\/div><div class=\"course_price\"><div class=\"course_price_text\">Precio Emagister<\/div><del>8.150 \u20ac<\/del>  7.335 \u20ac<\/div><a href=\"https:\/\/www.emagister.com\/titulo-superior-direccion-marketing-global-cursos-3469590.htm\" class=\"course_button directory\">Ver m\u00e1s<\/a><\/div><\/div><div class=\"courses_more_wpr\"><span class=\"courses_more directory ofuscado\" onclick=\"window.location.href='https:\/\/www.emagister.com\/web\/search?q=formaci\u00f3n&#038;token=668d173c-ff0d-4d4f-bd13-3db820a3b96a&#038;segment=9&#038;idCategSeg=751&#038;sort=purePPL';\">Ver todos los cursos<svg height=\"20\" viewBox=\"0 0 20 20\" width=\"20\" xmlns=\"http:\/\/www.w3.org\/2000\/svg\"><path d=\"m12.77 10.332-4.602 4.531c-.184.184-.48.184-.664 0l-.277-.277c-.184-.184-.184-.48 0-.664l3.996-3.922-3.993-3.922c-.183-.183-.183-.48 0-.664l.278-.277c.183-.184.48-.184.664 0l4.601 4.531c.18.184.18.48-.003.664z\" fill=\"#4cb7ac\" fill-rule=\"evenodd\"\/><\/svg><\/span><\/div><\/div>\n<div class=\"courses\"><div class=\"course\"><div class=\"inside\"><a href=\"https:\/\/www.emagister.com\/master-documentacion-digital-grabacion-tratamiento-datos-titulacion-universitaria-cursos-3331464.htm\" class=\"course_name directory\">M\u00e1ster en Documentaci\u00f3n Digital, Grabaci\u00f3n y Tratamiento de Datos + Titulaci\u00f3n Universitaria<\/a><div class=\"course_center\">EDUCA BUSINESS SCHOOL<\/div><div class=\"course_rating\"><svg fill=\"none\" height=\"13\" viewBox=\"0 0 13 13\" width=\"13\" xmlns=\"http:\/\/www.w3.org\/2000\/svg\"><path d=\"m5.79999.990059-1.58 3.220001-3.549999.52c-.6399996.09-.9.87-.43 1.32l2.559999 2.51-.6 3.53004c-.11.64.56 1.12 1.13.82l3.18-1.67v-10.680041c-.29 0-.56.14-.71.43z\" fill=\"#f5ba41\"\/><path d=\"m10.8 12.0901-.6-3.53004 2.57-2.5c.46-.45.21-1.23-.43-1.33l-3.56-.52-1.58-3.220001c-.15-.28-.42-.43-.7-.43v10.680041l3.18 1.67c.56.3 1.23-.18 1.12-.82z\" fill=\"#e5e5e5\"\/><\/svg><\/i><svg fill=\"none\" height=\"13\" viewBox=\"0 0 13 13\" width=\"13\" xmlns=\"http:\/\/www.w3.org\/2000\/svg\"><path d=\"m5.79999.990059-1.58 3.220001-3.549999.52c-.6399996.09-.9.87-.43 1.32l2.559999 2.51-.6 3.53004c-.11.64.56 1.12 1.13.82l3.18-1.67v-10.680041c-.29 0-.56.14-.71.43z\" fill=\"#f5ba41\"\/><path d=\"m10.8 12.0901-.6-3.53004 2.57-2.5c.46-.45.21-1.23-.43-1.33l-3.56-.52-1.58-3.220001c-.15-.28-.42-.43-.7-.43v10.680041l3.18 1.67c.56.3 1.23-.18 1.12-.82z\" fill=\"#e5e5e5\"\/><\/svg><\/i><svg fill=\"none\" height=\"13\" viewBox=\"0 0 13 13\" width=\"13\" xmlns=\"http:\/\/www.w3.org\/2000\/svg\"><path d=\"m5.79999.990059-1.58 3.220001-3.549999.52c-.6399996.09-.9.87-.43 1.32l2.559999 2.51-.6 3.53004c-.11.64.56 1.12 1.13.82l3.18-1.67v-10.680041c-.29 0-.56.14-.71.43z\" fill=\"#f5ba41\"\/><path d=\"m10.8 12.0901-.6-3.53004 2.57-2.5c.46-.45.21-1.23-.43-1.33l-3.56-.52-1.58-3.220001c-.15-.28-.42-.43-.7-.43v10.680041l3.18 1.67c.56.3 1.23-.18 1.12-.82z\" fill=\"#e5e5e5\"\/><\/svg><\/i><svg fill=\"none\" height=\"13\" viewBox=\"0 0 13 13\" width=\"13\" xmlns=\"http:\/\/www.w3.org\/2000\/svg\"><path d=\"m5.79999.990059-1.58 3.220001-3.549999.52c-.6399996.09-.9.87-.43 1.32l2.559999 2.51-.6 3.53004c-.11.64.56 1.12 1.13.82l3.18-1.67v-10.680041c-.29 0-.56.14-.71.43z\" fill=\"#f5ba41\"\/><path d=\"m10.8 12.0901-.6-3.53004 2.57-2.5c.46-.45.21-1.23-.43-1.33l-3.56-.52-1.58-3.220001c-.15-.28-.42-.43-.7-.43v10.680041l3.18 1.67c.56.3 1.23-.18 1.12-.82z\" fill=\"#e5e5e5\"\/><\/svg><\/i><svg fill=\"none\" height=\"13\" viewBox=\"0 0 13 13\" width=\"13\" xmlns=\"http:\/\/www.w3.org\/2000\/svg\"><path d=\"m5.79999.990059-1.58 3.220001-3.549999.52c-.6399996.09-.9.87-.43 1.32l2.559999 2.51-.6 3.53004c-.11.64.56 1.12 1.13.82l3.18-1.67v-10.680041c-.29 0-.56.14-.71.43z\" fill=\"#f5ba41\"\/><path d=\"m10.8 12.0901-.6-3.53004 2.57-2.5c.46-.45.21-1.23-.43-1.33l-3.56-.52-1.58-3.220001c-.15-.28-.42-.43-.7-.43v10.680041l3.18 1.67c.56.3 1.23-.18 1.12-.82z\" fill=\"#e5e5e5\"\/><\/svg><\/i><\/div><div class=\"course_price\"><div class=\"course_price_text\">Precio Emagister<\/div><del>2.495 \u20ac<\/del>  1.895 \u20ac<\/div><a href=\"https:\/\/www.emagister.com\/master-documentacion-digital-grabacion-tratamiento-datos-titulacion-universitaria-cursos-3331464.htm\" class=\"course_button directory\">Ver m\u00e1s<\/a><\/div><\/div><div class=\"course\"><div class=\"inside\"><span class=\"course_name directory ofuscado\" onclick=\"window.location.href='https:\/\/www.emagister.com\/maestria-internacional-auxiliar-grabacion-datos-digitalizacion-cursos-3761616.htm';\">Maestr\u00eda Internacional en Auxiliar de Grabaci\u00f3n de Datos y Digitalizaci\u00f3n<\/span><div class=\"course_center\">ESNECA BUSINESS SCHOOL.<\/div><div class=\"course_rating\"><svg fill=\"none\" height=\"13\" viewBox=\"0 0 13 13\" width=\"13\" xmlns=\"http:\/\/www.w3.org\/2000\/svg\"><path d=\"m5.79999.990059-1.58 3.220001-3.549999.52c-.6399996.09-.9.87-.43 1.32l2.559999 2.51-.6 3.53004c-.11.64.56 1.12 1.13.82l3.18-1.67v-10.680041c-.29 0-.56.14-.71.43z\" fill=\"#f5ba41\"\/><path d=\"m10.8 12.0901-.6-3.53004 2.57-2.5c.46-.45.21-1.23-.43-1.33l-3.56-.52-1.58-3.220001c-.15-.28-.42-.43-.7-.43v10.680041l3.18 1.67c.56.3 1.23-.18 1.12-.82z\" fill=\"#e5e5e5\"\/><\/svg><\/i><svg fill=\"none\" height=\"13\" viewBox=\"0 0 13 13\" width=\"13\" xmlns=\"http:\/\/www.w3.org\/2000\/svg\"><path d=\"m5.79999.990059-1.58 3.220001-3.549999.52c-.6399996.09-.9.87-.43 1.32l2.559999 2.51-.6 3.53004c-.11.64.56 1.12 1.13.82l3.18-1.67v-10.680041c-.29 0-.56.14-.71.43z\" fill=\"#f5ba41\"\/><path d=\"m10.8 12.0901-.6-3.53004 2.57-2.5c.46-.45.21-1.23-.43-1.33l-3.56-.52-1.58-3.220001c-.15-.28-.42-.43-.7-.43v10.680041l3.18 1.67c.56.3 1.23-.18 1.12-.82z\" fill=\"#e5e5e5\"\/><\/svg><\/i><svg fill=\"none\" height=\"13\" viewBox=\"0 0 13 13\" width=\"13\" xmlns=\"http:\/\/www.w3.org\/2000\/svg\"><path d=\"m5.79999.990059-1.58 3.220001-3.549999.52c-.6399996.09-.9.87-.43 1.32l2.559999 2.51-.6 3.53004c-.11.64.56 1.12 1.13.82l3.18-1.67v-10.680041c-.29 0-.56.14-.71.43z\" fill=\"#f5ba41\"\/><path d=\"m10.8 12.0901-.6-3.53004 2.57-2.5c.46-.45.21-1.23-.43-1.33l-3.56-.52-1.58-3.220001c-.15-.28-.42-.43-.7-.43v10.680041l3.18 1.67c.56.3 1.23-.18 1.12-.82z\" fill=\"#e5e5e5\"\/><\/svg><\/i><svg fill=\"none\" height=\"13\" viewBox=\"0 0 13 13\" width=\"13\" xmlns=\"http:\/\/www.w3.org\/2000\/svg\"><path d=\"m5.79999.990059-1.58 3.220001-3.549999.52c-.6399996.09-.9.87-.43 1.32l2.559999 2.51-.6 3.53004c-.11.64.56 1.12 1.13.82l3.18-1.67v-10.680041c-.29 0-.56.14-.71.43z\" fill=\"#f5ba41\"\/><path d=\"m10.8 12.0901-.6-3.53004 2.57-2.5c.46-.45.21-1.23-.43-1.33l-3.56-.52-1.58-3.220001c-.15-.28-.42-.43-.7-.43v10.680041l3.18 1.67c.56.3 1.23-.18 1.12-.82z\" fill=\"#e5e5e5\"\/><\/svg><\/i><svg fill=\"none\" height=\"13\" viewBox=\"0 0 13 13\" width=\"13\" xmlns=\"http:\/\/www.w3.org\/2000\/svg\"><path d=\"m5.79999.990059-1.58 3.220001-3.549999.52c-.6399996.09-.9.87-.43 1.32l2.559999 2.51-.6 3.53004c-.11.64.56 1.12 1.13.82l3.18-1.67v-10.680041c-.29 0-.56.14-.71.43z\" fill=\"#f5ba41\"\/><path d=\"m10.8 12.0901-.6-3.53004 2.57-2.5c.46-.45.21-1.23-.43-1.33l-3.56-.52-1.58-3.220001c-.15-.28-.42-.43-.7-.43v10.680041l3.18 1.67c.56.3 1.23-.18 1.12-.82z\" fill=\"#e5e5e5\"\/><\/svg><\/i><\/div><div class=\"course_price\"><div class=\"course_price_text\">Precio Emagister<\/div><del>2.026 \u20ac<\/del>  506 \u20ac<\/div><span class=\"course_button directory ofuscado\" onclick=\"window.location.href='https:\/\/www.emagister.com\/maestria-internacional-auxiliar-grabacion-datos-digitalizacion-cursos-3761616.htm';\">Ver m\u00e1s<\/span><\/div><\/div><div class=\"courses_more_wpr\"><span class=\"courses_more directory ofuscado\" onclick=\"window.location.href='https:\/\/www.emagister.com\/web\/search?q=documentacion&#038;token=668d173c-ff0d-4d4f-bd13-3db820a3b96a&#038;segment=2&#038;idCategSeg=854&#038;sort=purePPL';\">Ver todos los cursos<svg height=\"20\" viewBox=\"0 0 20 20\" width=\"20\" xmlns=\"http:\/\/www.w3.org\/2000\/svg\"><path d=\"m12.77 10.332-4.602 4.531c-.184.184-.48.184-.664 0l-.277-.277c-.184-.184-.184-.48 0-.664l3.996-3.922-3.993-3.922c-.183-.183-.183-.48 0-.664l.278-.277c.183-.184.48-.184.664 0l4.601 4.531c.18.184.18.48-.003.664z\" fill=\"#4cb7ac\" fill-rule=\"evenodd\"\/><\/svg><\/span><\/div><\/div>\n<p><em>Art\u00edculo creado en 2015 y actualizado en 2021<\/em><\/p>","protected":false},"excerpt":{"rendered":"<p>Este grado forma gestores de informaci\u00f3n para la sociedad del conocimiento. Te contamos en qu\u00e9 consiste y qu\u00e9 salidas profesionales tiene.<\/p>\n","protected":false},"author":133,"featured_media":133968,"comment_status":"open","ping_status":"open","sticky":false,"template":"","format":"standard","meta":{"_acf_changed":false,"inline_featured_image":false,"footnotes":""},"categories":[8330,8336,8376,8412],"tags":[92,1059,1582,2025,2026,2027,2028,2029],"class_list":["post-18960","post","type-post","status-publish","format-standard","has-post-thumbnail","hentry","category-orientacion","category-noticias","category-elegir-carrera","category-humanidades-cultura","tag-formacion","tag-estudios-de-grado-2","tag-biblioteconomia","tag-informacion-y-documentacion","tag-documentalista","tag-gestor-de-informacion","tag-gestor-de-contenidos","tag-bibliotecario","generate-columns","tablet-grid-50","mobile-grid-100","grid-parent","grid-25"],"acf":{"estilo_titulo":"","mostrar_faldon":"1","texto_faldon":"Encuentra en Emagister tu Grado en Documentaci\u00f3n","link_faldon":"https:\/\/www.emagister.com\/universidades\/carreras-universitarias-documentacion-tematica-854.htm","link_texto_faldon":"Buscar grados","noticiasElPais":{"custom_snippet_image":false,"custom_snippet_title":"","custom_snippet_description":""},"noticiasLaVanguardia":{"custom_snippet_image":false,"custom_snippet_title":"","custom_snippet_description":""},"hreflang":[{"url":""}],"fecha":"modification"},"yoast_head":"<!-- This site is optimized with the Yoast SEO Premium plugin v18.1 (Yoast SEO v27.0) - https:\/\/yoast.com\/product\/yoast-seo-premium-wordpress\/ -->\n<title>El Grado de Informaci\u00f3n y Documentaci\u00f3n, \u00bfqu\u00e9 salidas profesionales tiene? - Blog Emagister<\/title>\n<meta name=\"description\" content=\"El Grado de Informaci\u00f3n y Documentaci\u00f3n forma gestores de informaci\u00f3n para la sociedad del conocimiento. En este post te contamos en qu\u00e9 consiste y qu\u00e9 salidas profesionales tiene.\" \/>\n<meta name=\"robots\" content=\"index, follow\" \/>\n<link rel=\"canonical\" href=\"https:\/\/www.emagister.com\/blog\/el-grado-de-informacion-y-documentacion-que-salidas-profesionales-tiene\/\" \/>\n<meta property=\"og:locale\" content=\"es_ES\" \/>\n<meta property=\"og:type\" content=\"article\" \/>\n<meta property=\"og:title\" content=\"El Grado de Informaci\u00f3n y Documentaci\u00f3n, \u00bfqu\u00e9 salidas profesionales tiene?\" \/>\n<meta property=\"og:description\" content=\"El Grado de Informaci\u00f3n y Documentaci\u00f3n forma gestores de informaci\u00f3n para la sociedad del conocimiento. En este post te contamos en qu\u00e9 consiste y qu\u00e9 salidas profesionales tiene.\" \/>\n<meta property=\"og:url\" content=\"https:\/\/www.emagister.com\/blog\/el-grado-de-informacion-y-documentacion-que-salidas-profesionales-tiene\/\" \/>\n<meta property=\"og:site_name\" content=\"Blog Emagister\" \/>\n<meta property=\"article:publisher\" content=\"https:\/\/www.facebook.com\/Emagister\/\" \/>\n<meta property=\"article:published_time\" content=\"2021-11-09T15:22:00+00:00\" \/>\n<meta property=\"article:modified_time\" content=\"2021-11-09T15:36:35+00:00\" \/>\n<meta property=\"og:image\" content=\"https:\/\/www.emagister.com\/blog\/wp-content\/uploads\/2015\/04\/Documentacion-2.jpg\" \/>\n\t<meta property=\"og:image:width\" content=\"2121\" \/>\n\t<meta property=\"og:image:height\" content=\"1414\" \/>\n\t<meta property=\"og:image:type\" content=\"image\/jpeg\" \/>\n<meta name=\"author\" content=\"Susanna Rodr\u00edguez\" \/>\n<meta name=\"twitter:card\" content=\"summary_large_image\" \/>\n<meta name=\"twitter:creator\" content=\"@susannarafi\" \/>\n<meta name=\"twitter:site\" content=\"@emagister\" \/>\n<meta name=\"twitter:label1\" content=\"Escrito por\" \/>\n\t<meta name=\"twitter:data1\" content=\"Susanna Rodr\u00edguez\" \/>\n\t<meta name=\"twitter:label2\" content=\"Tiempo de lectura\" \/>\n\t<meta name=\"twitter:data2\" content=\"4 minutos\" \/>\n<script type=\"application\/ld+json\" class=\"yoast-schema-graph\">{\"@context\":\"https:\/\/schema.org\",\"@graph\":[{\"@type\":\"Article\",\"@id\":\"https:\/\/www.emagister.com\/blog\/el-grado-de-informacion-y-documentacion-que-salidas-profesionales-tiene\/#article\",\"isPartOf\":{\"@id\":\"https:\/\/www.emagister.com\/blog\/el-grado-de-informacion-y-documentacion-que-salidas-profesionales-tiene\/\"},\"author\":{\"name\":\"Susanna Rodr\u00edguez\",\"@id\":\"https:\/\/www.emagister.com\/blog\/#\/schema\/person\/84df2c142aa694f6a8b2ab668c595bb0\"},\"headline\":\"El Grado de Informaci\u00f3n y Documentaci\u00f3n, \u00bfqu\u00e9 salidas profesionales tiene?\",\"datePublished\":\"2021-11-09T15:22:00+00:00\",\"dateModified\":\"2021-11-09T15:36:35+00:00\",\"mainEntityOfPage\":{\"@id\":\"https:\/\/www.emagister.com\/blog\/el-grado-de-informacion-y-documentacion-que-salidas-profesionales-tiene\/\"},\"wordCount\":814,\"commentCount\":0,\"publisher\":{\"@id\":\"https:\/\/www.emagister.com\/blog\/#organization\"},\"image\":{\"@id\":\"https:\/\/www.emagister.com\/blog\/el-grado-de-informacion-y-documentacion-que-salidas-profesionales-tiene\/#primaryimage\"},\"thumbnailUrl\":\"https:\/\/www.emagister.com\/blog\/wp-content\/uploads\/2015\/04\/Documentacion-2.jpg\",\"keywords\":[\"formaci\u00f3n\",\"estudios de grado\",\"biblioteconom\u00eda\",\"informaci\u00f3n y documentaci\u00f3n\",\"documentalista\",\"gestor de informaci\u00f3n\",\"gestor de contenidos\",\"bibliotecario\"],\"articleSection\":[\"Si no sabes qu\u00e9 estudiar\",\"Actualidad Emagister\",\"Qu\u00e9 carrera elegir\",\"Profesiones de Humanidades y Cultura\"],\"inLanguage\":\"es\",\"potentialAction\":[{\"@type\":\"CommentAction\",\"name\":\"Comment\",\"target\":[\"https:\/\/www.emagister.com\/blog\/el-grado-de-informacion-y-documentacion-que-salidas-profesionales-tiene\/#respond\"]}]},{\"@type\":\"WebPage\",\"@id\":\"https:\/\/www.emagister.com\/blog\/el-grado-de-informacion-y-documentacion-que-salidas-profesionales-tiene\/\",\"url\":\"https:\/\/www.emagister.com\/blog\/el-grado-de-informacion-y-documentacion-que-salidas-profesionales-tiene\/\",\"name\":\"El Grado de Informaci\u00f3n y Documentaci\u00f3n, \u00bfqu\u00e9 salidas profesionales tiene? - Blog Emagister\",\"isPartOf\":{\"@id\":\"https:\/\/www.emagister.com\/blog\/#website\"},\"primaryImageOfPage\":{\"@id\":\"https:\/\/www.emagister.com\/blog\/el-grado-de-informacion-y-documentacion-que-salidas-profesionales-tiene\/#primaryimage\"},\"image\":{\"@id\":\"https:\/\/www.emagister.com\/blog\/el-grado-de-informacion-y-documentacion-que-salidas-profesionales-tiene\/#primaryimage\"},\"thumbnailUrl\":\"https:\/\/www.emagister.com\/blog\/wp-content\/uploads\/2015\/04\/Documentacion-2.jpg\",\"datePublished\":\"2021-11-09T15:22:00+00:00\",\"dateModified\":\"2021-11-09T15:36:35+00:00\",\"description\":\"El Grado de Informaci\u00f3n y Documentaci\u00f3n forma gestores de informaci\u00f3n para la sociedad del conocimiento. En este post te contamos en qu\u00e9 consiste y qu\u00e9 salidas profesionales tiene.\",\"breadcrumb\":{\"@id\":\"https:\/\/www.emagister.com\/blog\/el-grado-de-informacion-y-documentacion-que-salidas-profesionales-tiene\/#breadcrumb\"},\"inLanguage\":\"es\",\"potentialAction\":[{\"@type\":\"ReadAction\",\"target\":[\"https:\/\/www.emagister.com\/blog\/el-grado-de-informacion-y-documentacion-que-salidas-profesionales-tiene\/\"]}]},{\"@type\":\"ImageObject\",\"inLanguage\":\"es\",\"@id\":\"https:\/\/www.emagister.com\/blog\/el-grado-de-informacion-y-documentacion-que-salidas-profesionales-tiene\/#primaryimage\",\"url\":\"https:\/\/www.emagister.com\/blog\/wp-content\/uploads\/2015\/04\/Documentacion-2.jpg\",\"contentUrl\":\"https:\/\/www.emagister.com\/blog\/wp-content\/uploads\/2015\/04\/Documentacion-2.jpg\",\"width\":2121,\"height\":1414},{\"@type\":\"BreadcrumbList\",\"@id\":\"https:\/\/www.emagister.com\/blog\/el-grado-de-informacion-y-documentacion-que-salidas-profesionales-tiene\/#breadcrumb\",\"itemListElement\":[{\"@type\":\"ListItem\",\"position\":1,\"name\":\"Blog Emagister\",\"item\":\"https:\/\/www.emagister.com\/blog\/\"},{\"@type\":\"ListItem\",\"position\":2,\"name\":\"Sistema educativo y titulaciones\",\"item\":\"https:\/\/www.emagister.com\/blog\/titulaciones\/\"},{\"@type\":\"ListItem\",\"position\":3,\"name\":\"Carreras universitarias\",\"item\":\"https:\/\/www.emagister.com\/blog\/titulaciones\/carreras\/\"},{\"@type\":\"ListItem\",\"position\":4,\"name\":\"Qu\u00e9 carrera elegir\",\"item\":\"https:\/\/www.emagister.com\/blog\/titulaciones\/carreras\/elegir-carrera\/\"},{\"@type\":\"ListItem\",\"position\":5,\"name\":\"El Grado de Informaci\u00f3n y Documentaci\u00f3n, \u00bfqu\u00e9 salidas profesionales tiene?\"}]},{\"@type\":\"WebSite\",\"@id\":\"https:\/\/www.emagister.com\/blog\/#website\",\"url\":\"https:\/\/www.emagister.com\/blog\/\",\"name\":\"Blog Emagister\",\"description\":\"Gu\u00eda de orientaci\u00f3n sobre estudios y tendencias de formaci\u00f3n\",\"publisher\":{\"@id\":\"https:\/\/www.emagister.com\/blog\/#organization\"},\"potentialAction\":[{\"@type\":\"SearchAction\",\"target\":{\"@type\":\"EntryPoint\",\"urlTemplate\":\"https:\/\/www.emagister.com\/blog\/?s={search_term_string}\"},\"query-input\":{\"@type\":\"PropertyValueSpecification\",\"valueRequired\":true,\"valueName\":\"search_term_string\"}}],\"inLanguage\":\"es\"},{\"@type\":\"Organization\",\"@id\":\"https:\/\/www.emagister.com\/blog\/#organization\",\"name\":\"Emagister\",\"url\":\"https:\/\/www.emagister.com\/blog\/\",\"logo\":{\"@type\":\"ImageObject\",\"inLanguage\":\"es\",\"@id\":\"https:\/\/www.emagister.com\/blog\/#\/schema\/logo\/image\/\",\"url\":\"https:\/\/www.emagister.com\/blog\/wp-content\/uploads\/2017\/02\/photo.png\",\"contentUrl\":\"https:\/\/www.emagister.com\/blog\/wp-content\/uploads\/2017\/02\/photo.png\",\"width\":120,\"height\":120,\"caption\":\"Emagister\"},\"image\":{\"@id\":\"https:\/\/www.emagister.com\/blog\/#\/schema\/logo\/image\/\"},\"sameAs\":[\"https:\/\/www.facebook.com\/Emagister\/\",\"https:\/\/x.com\/emagister\",\"https:\/\/www.instagram.com\/emagister\/\",\"https:\/\/www.linkedin.com\/company\/emagister-com\/\",\"https:\/\/www.pinterest.es\/emagister\/\",\"https:\/\/www.youtube.com\/user\/emagister\/\",\"https:\/\/es.wikipedia.org\/wiki\/Emagister\"]},{\"@type\":\"Person\",\"@id\":\"https:\/\/www.emagister.com\/blog\/#\/schema\/person\/84df2c142aa694f6a8b2ab668c595bb0\",\"name\":\"Susanna Rodr\u00edguez\",\"image\":{\"@type\":\"ImageObject\",\"inLanguage\":\"es\",\"@id\":\"https:\/\/www.emagister.com\/blog\/#\/schema\/person\/image\/\",\"url\":\"https:\/\/secure.gravatar.com\/avatar\/91191c4f17223e82f02bf1e6ceaa1a27da4f4370e0b88374c63cb0ccccb319da?s=96&r=g\",\"contentUrl\":\"https:\/\/secure.gravatar.com\/avatar\/91191c4f17223e82f02bf1e6ceaa1a27da4f4370e0b88374c63cb0ccccb319da?s=96&r=g\",\"caption\":\"Susanna Rodr\u00edguez\"},\"description\":\"Periodista con larga experiencia en consultor\u00eda, me reorient\u00e9 hacia la comunicaci\u00f3n y el marketing y me especialic\u00e9 en viajes y turismo. Tambi\u00e9n soy escritora y blogger de viajes. Apasionada de la fotograf\u00eda y del senderismo, me gusta estar cerca de la naturaleza. En aprendizaje constante.\",\"sameAs\":[\"http:\/\/www.enrutapress.com\/companysdeviatge\/?lang=es\",\"https:\/\/x.com\/susannarafi\"],\"url\":\"https:\/\/www.emagister.com\/blog\/author\/susannar\/\"}]}<\/script>\n<!-- \/ Yoast SEO Premium plugin. -->","yoast_head_json":{"title":"El Grado de Informaci\u00f3n y Documentaci\u00f3n, \u00bfqu\u00e9 salidas profesionales tiene? - Blog Emagister","description":"El Grado de Informaci\u00f3n y Documentaci\u00f3n forma gestores de informaci\u00f3n para la sociedad del conocimiento. En este post te contamos en qu\u00e9 consiste y qu\u00e9 salidas profesionales tiene.","robots":{"index":"index","follow":"follow"},"canonical":"https:\/\/www.emagister.com\/blog\/el-grado-de-informacion-y-documentacion-que-salidas-profesionales-tiene\/","og_locale":"es_ES","og_type":"article","og_title":"El Grado de Informaci\u00f3n y Documentaci\u00f3n, \u00bfqu\u00e9 salidas profesionales tiene?","og_description":"El Grado de Informaci\u00f3n y Documentaci\u00f3n forma gestores de informaci\u00f3n para la sociedad del conocimiento. En este post te contamos en qu\u00e9 consiste y qu\u00e9 salidas profesionales tiene.","og_url":"https:\/\/www.emagister.com\/blog\/el-grado-de-informacion-y-documentacion-que-salidas-profesionales-tiene\/","og_site_name":"Blog Emagister","article_publisher":"https:\/\/www.facebook.com\/Emagister\/","article_published_time":"2021-11-09T15:22:00+00:00","article_modified_time":"2021-11-09T15:36:35+00:00","og_image":[{"width":2121,"height":1414,"url":"https:\/\/www.emagister.com\/blog\/wp-content\/uploads\/2015\/04\/Documentacion-2.jpg","type":"image\/jpeg"}],"author":"Susanna Rodr\u00edguez","twitter_card":"summary_large_image","twitter_creator":"@susannarafi","twitter_site":"@emagister","twitter_misc":{"Escrito por":"Susanna Rodr\u00edguez","Tiempo de lectura":"4 minutos"},"schema":{"@context":"https:\/\/schema.org","@graph":[{"@type":"Article","@id":"https:\/\/www.emagister.com\/blog\/el-grado-de-informacion-y-documentacion-que-salidas-profesionales-tiene\/#article","isPartOf":{"@id":"https:\/\/www.emagister.com\/blog\/el-grado-de-informacion-y-documentacion-que-salidas-profesionales-tiene\/"},"author":{"name":"Susanna Rodr\u00edguez","@id":"https:\/\/www.emagister.com\/blog\/#\/schema\/person\/84df2c142aa694f6a8b2ab668c595bb0"},"headline":"El Grado de Informaci\u00f3n y Documentaci\u00f3n, \u00bfqu\u00e9 salidas profesionales tiene?","datePublished":"2021-11-09T15:22:00+00:00","dateModified":"2021-11-09T15:36:35+00:00","mainEntityOfPage":{"@id":"https:\/\/www.emagister.com\/blog\/el-grado-de-informacion-y-documentacion-que-salidas-profesionales-tiene\/"},"wordCount":814,"commentCount":0,"publisher":{"@id":"https:\/\/www.emagister.com\/blog\/#organization"},"image":{"@id":"https:\/\/www.emagister.com\/blog\/el-grado-de-informacion-y-documentacion-que-salidas-profesionales-tiene\/#primaryimage"},"thumbnailUrl":"https:\/\/www.emagister.com\/blog\/wp-content\/uploads\/2015\/04\/Documentacion-2.jpg","keywords":["formaci\u00f3n","estudios de grado","biblioteconom\u00eda","informaci\u00f3n y documentaci\u00f3n","documentalista","gestor de informaci\u00f3n","gestor de contenidos","bibliotecario"],"articleSection":["Si no sabes qu\u00e9 estudiar","Actualidad Emagister","Qu\u00e9 carrera elegir","Profesiones de Humanidades y Cultura"],"inLanguage":"es","potentialAction":[{"@type":"CommentAction","name":"Comment","target":["https:\/\/www.emagister.com\/blog\/el-grado-de-informacion-y-documentacion-que-salidas-profesionales-tiene\/#respond"]}]},{"@type":"WebPage","@id":"https:\/\/www.emagister.com\/blog\/el-grado-de-informacion-y-documentacion-que-salidas-profesionales-tiene\/","url":"https:\/\/www.emagister.com\/blog\/el-grado-de-informacion-y-documentacion-que-salidas-profesionales-tiene\/","name":"El Grado de Informaci\u00f3n y Documentaci\u00f3n, \u00bfqu\u00e9 salidas profesionales tiene? - Blog Emagister","isPartOf":{"@id":"https:\/\/www.emagister.com\/blog\/#website"},"primaryImageOfPage":{"@id":"https:\/\/www.emagister.com\/blog\/el-grado-de-informacion-y-documentacion-que-salidas-profesionales-tiene\/#primaryimage"},"image":{"@id":"https:\/\/www.emagister.com\/blog\/el-grado-de-informacion-y-documentacion-que-salidas-profesionales-tiene\/#primaryimage"},"thumbnailUrl":"https:\/\/www.emagister.com\/blog\/wp-content\/uploads\/2015\/04\/Documentacion-2.jpg","datePublished":"2021-11-09T15:22:00+00:00","dateModified":"2021-11-09T15:36:35+00:00","description":"El Grado de Informaci\u00f3n y Documentaci\u00f3n forma gestores de informaci\u00f3n para la sociedad del conocimiento. En este post te contamos en qu\u00e9 consiste y qu\u00e9 salidas profesionales tiene.","breadcrumb":{"@id":"https:\/\/www.emagister.com\/blog\/el-grado-de-informacion-y-documentacion-que-salidas-profesionales-tiene\/#breadcrumb"},"inLanguage":"es","potentialAction":[{"@type":"ReadAction","target":["https:\/\/www.emagister.com\/blog\/el-grado-de-informacion-y-documentacion-que-salidas-profesionales-tiene\/"]}]},{"@type":"ImageObject","inLanguage":"es","@id":"https:\/\/www.emagister.com\/blog\/el-grado-de-informacion-y-documentacion-que-salidas-profesionales-tiene\/#primaryimage","url":"https:\/\/www.emagister.com\/blog\/wp-content\/uploads\/2015\/04\/Documentacion-2.jpg","contentUrl":"https:\/\/www.emagister.com\/blog\/wp-content\/uploads\/2015\/04\/Documentacion-2.jpg","width":2121,"height":1414},{"@type":"BreadcrumbList","@id":"https:\/\/www.emagister.com\/blog\/el-grado-de-informacion-y-documentacion-que-salidas-profesionales-tiene\/#breadcrumb","itemListElement":[{"@type":"ListItem","position":1,"name":"Blog Emagister","item":"https:\/\/www.emagister.com\/blog\/"},{"@type":"ListItem","position":2,"name":"Sistema educativo y titulaciones","item":"https:\/\/www.emagister.com\/blog\/titulaciones\/"},{"@type":"ListItem","position":3,"name":"Carreras universitarias","item":"https:\/\/www.emagister.com\/blog\/titulaciones\/carreras\/"},{"@type":"ListItem","position":4,"name":"Qu\u00e9 carrera elegir","item":"https:\/\/www.emagister.com\/blog\/titulaciones\/carreras\/elegir-carrera\/"},{"@type":"ListItem","position":5,"name":"El Grado de Informaci\u00f3n y Documentaci\u00f3n, \u00bfqu\u00e9 salidas profesionales tiene?"}]},{"@type":"WebSite","@id":"https:\/\/www.emagister.com\/blog\/#website","url":"https:\/\/www.emagister.com\/blog\/","name":"Blog Emagister","description":"Gu\u00eda de orientaci\u00f3n sobre estudios y tendencias de formaci\u00f3n","publisher":{"@id":"https:\/\/www.emagister.com\/blog\/#organization"},"potentialAction":[{"@type":"SearchAction","target":{"@type":"EntryPoint","urlTemplate":"https:\/\/www.emagister.com\/blog\/?s={search_term_string}"},"query-input":{"@type":"PropertyValueSpecification","valueRequired":true,"valueName":"search_term_string"}}],"inLanguage":"es"},{"@type":"Organization","@id":"https:\/\/www.emagister.com\/blog\/#organization","name":"Emagister","url":"https:\/\/www.emagister.com\/blog\/","logo":{"@type":"ImageObject","inLanguage":"es","@id":"https:\/\/www.emagister.com\/blog\/#\/schema\/logo\/image\/","url":"https:\/\/www.emagister.com\/blog\/wp-content\/uploads\/2017\/02\/photo.png","contentUrl":"https:\/\/www.emagister.com\/blog\/wp-content\/uploads\/2017\/02\/photo.png","width":120,"height":120,"caption":"Emagister"},"image":{"@id":"https:\/\/www.emagister.com\/blog\/#\/schema\/logo\/image\/"},"sameAs":["https:\/\/www.facebook.com\/Emagister\/","https:\/\/x.com\/emagister","https:\/\/www.instagram.com\/emagister\/","https:\/\/www.linkedin.com\/company\/emagister-com\/","https:\/\/www.pinterest.es\/emagister\/","https:\/\/www.youtube.com\/user\/emagister\/","https:\/\/es.wikipedia.org\/wiki\/Emagister"]},{"@type":"Person","@id":"https:\/\/www.emagister.com\/blog\/#\/schema\/person\/84df2c142aa694f6a8b2ab668c595bb0","name":"Susanna Rodr\u00edguez","image":{"@type":"ImageObject","inLanguage":"es","@id":"https:\/\/www.emagister.com\/blog\/#\/schema\/person\/image\/","url":"https:\/\/secure.gravatar.com\/avatar\/91191c4f17223e82f02bf1e6ceaa1a27da4f4370e0b88374c63cb0ccccb319da?s=96&r=g","contentUrl":"https:\/\/secure.gravatar.com\/avatar\/91191c4f17223e82f02bf1e6ceaa1a27da4f4370e0b88374c63cb0ccccb319da?s=96&r=g","caption":"Susanna Rodr\u00edguez"},"description":"Periodista con larga experiencia en consultor\u00eda, me reorient\u00e9 hacia la comunicaci\u00f3n y el marketing y me especialic\u00e9 en viajes y turismo. Tambi\u00e9n soy escritora y blogger de viajes. Apasionada de la fotograf\u00eda y del senderismo, me gusta estar cerca de la naturaleza. En aprendizaje constante.","sameAs":["http:\/\/www.enrutapress.com\/companysdeviatge\/?lang=es","https:\/\/x.com\/susannarafi"],"url":"https:\/\/www.emagister.com\/blog\/author\/susannar\/"}]}},"_links":{"self":[{"href":"https:\/\/www.emagister.com\/blog\/wp-json\/wp\/v2\/posts\/18960","targetHints":{"allow":["GET"]}}],"collection":[{"href":"https:\/\/www.emagister.com\/blog\/wp-json\/wp\/v2\/posts"}],"about":[{"href":"https:\/\/www.emagister.com\/blog\/wp-json\/wp\/v2\/types\/post"}],"author":[{"embeddable":true,"href":"https:\/\/www.emagister.com\/blog\/wp-json\/wp\/v2\/users\/133"}],"replies":[{"embeddable":true,"href":"https:\/\/www.emagister.com\/blog\/wp-json\/wp\/v2\/comments?post=18960"}],"version-history":[{"count":12,"href":"https:\/\/www.emagister.com\/blog\/wp-json\/wp\/v2\/posts\/18960\/revisions"}],"predecessor-version":[{"id":134033,"href":"https:\/\/www.emagister.com\/blog\/wp-json\/wp\/v2\/posts\/18960\/revisions\/134033"}],"wp:featuredmedia":[{"embeddable":true,"href":"https:\/\/www.emagister.com\/blog\/wp-json\/wp\/v2\/media\/133968"}],"wp:attachment":[{"href":"https:\/\/www.emagister.com\/blog\/wp-json\/wp\/v2\/media?parent=18960"}],"wp:term":[{"taxonomy":"category","embeddable":true,"href":"https:\/\/www.emagister.com\/blog\/wp-json\/wp\/v2\/categories?post=18960"},{"taxonomy":"post_tag","embeddable":true,"href":"https:\/\/www.emagister.com\/blog\/wp-json\/wp\/v2\/tags?post=18960"}],"curies":[{"name":"wp","href":"https:\/\/api.w.org\/{rel}","templated":true}]}}