{"id":19390,"date":"2015-05-06T12:05:02","date_gmt":"2015-05-06T10:05:02","guid":{"rendered":"https:\/\/www.emagister.com\/blog\/?p=19390"},"modified":"2017-07-13T18:31:12","modified_gmt":"2017-07-13T16:31:12","slug":"cursos-verano-universidad-oviedo","status":"publish","type":"post","link":"https:\/\/www.emagister.com\/blog\/cursos-verano-universidad-oviedo\/","title":{"rendered":"Estudiantes de la Universidad de Oviedo: \u00a1se acerca un verano diferente!"},"content":{"rendered":"<p>\u00bfTodav\u00eda no tienes claro qu\u00e9 vas a hacer este <a href=\"https:\/\/www.emagister.com\/cursos-verano-arquitectura-tps-984212.htm\" target=\"_blank\" rel=\"noopener\">verano<\/a>? \u00bfEres estudiante de la Universidad de Oviedo? \u00bfTe gustar\u00eda aprovechar estos meses para seguir form\u00e1ndote? \u00bfEstabas pensando en ir al extranjero y mejorar tu nivel de idioma? La Universidad de Oviedo ha abierto la convocatoria de ayudas de movilidad para participar en cursos de verano enfocado a estudiantes de grado y postgrado en instituciones de educaci\u00f3n superior que tengan un convenio de colaboraci\u00f3n con este centro.<\/p>\n<p><!--more--><\/p>\n<p>Los <a href=\"https:\/\/www.emagister.com\/curso-verano-odontologia-tps-980877.htm\" target=\"_blank\" rel=\"noopener\">cursos<\/a> que deben realizar los estudiantes deben estar orientados a\u00a0promover e incentivar la cooperaci\u00f3n cultural con otros pa\u00edses, as\u00ed como el perfeccionamiento ling\u00fc\u00edstico en el idioma del pa\u00eds de acogida. La beca consistir\u00e1 en el pago de la matr\u00edcula del curso y 150.- euros, en concepto de gastos, para cada estudiante seleccionado. Las universidades que participan en este programa son Universidad Estatal de Nueva York (EEUU), Universidad de Perugia (Italia) y Universidad de El Manar (T\u00fanez).<\/p>\n<p><strong>Requisitos<\/strong><\/p>\n<p>Los solicitantes deber\u00e1n estar matriculados en alguno de los programas de grado o postgrado (m\u00e1ster o doctorado) de la Universidad de Oviedo durante el curso 2014-2015 y deben ser ciudadanos de la Uni\u00f3n Europea.<\/p>\n<p>Los estudiantes beneficiarios en a\u00f1os anteriores de becas para <a href=\"https:\/\/www.emagister.com\/cursos-verano-tarragona-tps-1077776.htm\" target=\"_blank\" rel=\"noopener\">cursos de verano<\/a> no podr\u00e1n optar a las ayudas para cursos de verano 2015, a excepci\u00f3n de las movilidades convocadas en el marco del convenio con la Universidad de El Manar (T\u00fanez), que permiten repetir en el mismo destino.<\/p>\n<p><strong>Evaluaci\u00f3n de solicitudes<\/strong><\/p>\n<p>A la hora de valorar las solicitudes, se tendr\u00e1 la nota media del expediente acad\u00e9mico del estudiante. Adem\u00e1s, la comisi\u00f3n encargada de la valoraci\u00f3n de las solicitudes podr\u00e1 convocar a los aspirantes en determinados destinos a entrevistas personales para valorar su motivaci\u00f3n y <a href=\"https:\/\/www.emagister.com\/cursos-idiomas-tematica-460.htm\" target=\"_blank\" rel=\"noopener\">fluidez oral <\/a>en el idioma.<\/p>\n<p>Siguiendo el orden de puntuaci\u00f3n, se asignar\u00e1 a cada estudiante la plaza correspondiente de acuerdo con el orden de preferencia indicado en su solicitud. Las ayudas de esta\u00a0convocatoria son compatibles con otras ayudas o subvenciones, p\u00fablicas o privadas para la misma finalidad.<\/p>\n<p><strong>Documentaci\u00f3n<\/strong><\/p>\n<p>Los interesados en esta beca deben presentar la solicitud, puedes acceder a ella en el siguiente enlace. En el caso de estudiantes que no pertenezcan a la Uni\u00f3n Europea, o a estados de la Asociaci\u00f3n Europea de Libre Comercio, es necesario presentar el permiso de residencia v\u00e1lido para residir en Espa\u00f1a durante el per\u00edodo de realizaci\u00f3n de la movilidad.<\/p>\n<p>Del mismo modo, en los destinos que requieran acreditar un <a href=\"https:\/\/www.emagister.com\/subvencionados\/inem-idiomas-tps-1428043.htm\" target=\"_blank\" rel=\"noopener\">nivel de idioma<\/a> determinado, el solicitante debe presentar un certificado oficial que documente el nivel de competencia ling\u00fc\u00edstica requerido seg\u00fan\u00a0el Marco Com\u00fan Europeo de Referencia.<\/p>\n<p>Toda la documentaci\u00f3n debe enviarse a la Unidad de Registro General de la Universidad de Oviedo, Plaza de Riego, n\u00ba4 (Oviedo).<\/p>\n<p>\u00a1No pierdas esta oportunidad \u00fanica de formarte este verano en el extranjero!<\/p>\n","protected":false},"excerpt":{"rendered":"<p>\u00bfTodav\u00eda no tienes claro qu\u00e9 vas a hacer este verano? \u00bfEres estudiante de la Universidad de Oviedo? \u00bfTe gustar\u00eda aprovechar &#8230; <a title=\"Estudiantes de la Universidad de Oviedo: \u00a1se acerca un verano diferente!\" class=\"read-more\" href=\"https:\/\/www.emagister.com\/blog\/cursos-verano-universidad-oviedo\/\" aria-label=\"M\u00e1s en Estudiantes de la Universidad de Oviedo: \u00a1se acerca un verano diferente!\">Leer m\u00e1s<\/a><\/p>\n","protected":false},"author":124,"featured_media":19760,"comment_status":"open","ping_status":"open","sticky":false,"template":"","format":"standard","meta":{"_acf_changed":false,"inline_featured_image":false,"footnotes":""},"categories":[8331],"tags":[81,926,2150],"class_list":["post-19390","post","type-post","status-publish","format-standard","has-post-thumbnail","hentry","category-estudiar-en-extranjero","tag-cursos","tag-universidad","tag-oviedo","generate-columns","tablet-grid-50","mobile-grid-100","grid-parent","grid-25"],"acf":{"bannerid1":null,"bannerid2":null,"hreflang":null,"estilo_titulo":null,"fecha":null,"mostrar_faldon":null,"texto_faldon":null,"link_faldon":null,"link_texto_faldon":null,"link_button_faldon":null,"noticiasElPais":null,"noticiasLaVanguardia":null},"yoast_head":"<!-- This site is optimized with the Yoast SEO Premium plugin v18.1 (Yoast SEO v27.0) - https:\/\/yoast.com\/product\/yoast-seo-premium-wordpress\/ -->\n<title>Becas para cursos en el extranjero<\/title>\n<meta name=\"description\" content=\"La Universidad de Oviedo convoca becas para cursar estudios de verano en el extranjero.\" \/>\n<meta name=\"robots\" content=\"index, follow\" \/>\n<link rel=\"canonical\" href=\"https:\/\/www.emagister.com\/blog\/cursos-verano-universidad-oviedo\/\" \/>\n<meta property=\"og:locale\" content=\"es_ES\" \/>\n<meta property=\"og:type\" content=\"article\" \/>\n<meta property=\"og:title\" content=\"Estudiantes de la Universidad de Oviedo: \u00a1se acerca un verano diferente!\" \/>\n<meta property=\"og:description\" content=\"La Universidad de Oviedo convoca becas para cursar estudios de verano en el extranjero.\" \/>\n<meta property=\"og:url\" content=\"https:\/\/www.emagister.com\/blog\/cursos-verano-universidad-oviedo\/\" \/>\n<meta property=\"og:site_name\" content=\"Blog Emagister\" \/>\n<meta property=\"article:publisher\" content=\"https:\/\/www.facebook.com\/Emagister\/\" \/>\n<meta property=\"article:published_time\" content=\"2015-05-06T10:05:02+00:00\" \/>\n<meta property=\"article:modified_time\" content=\"2017-07-13T16:31:12+00:00\" \/>\n<meta property=\"og:image\" content=\"https:\/\/www.emagister.com\/blog\/wp-content\/uploads\/2015\/05\/ThinkstockPhotos-179230108-1.jpg\" \/>\n\t<meta property=\"og:image:width\" content=\"2122\" \/>\n\t<meta property=\"og:image:height\" content=\"1415\" \/>\n\t<meta property=\"og:image:type\" content=\"image\/jpeg\" \/>\n<meta name=\"author\" content=\"Lidia Vicente\" \/>\n<meta name=\"twitter:card\" content=\"summary_large_image\" \/>\n<meta name=\"twitter:creator\" content=\"@emagister\" \/>\n<meta name=\"twitter:site\" content=\"@emagister\" \/>\n<meta name=\"twitter:label1\" content=\"Escrito por\" \/>\n\t<meta name=\"twitter:data1\" content=\"Lidia Vicente\" \/>\n\t<meta name=\"twitter:label2\" content=\"Tiempo de lectura\" \/>\n\t<meta name=\"twitter:data2\" content=\"2 minutos\" \/>\n<script type=\"application\/ld+json\" class=\"yoast-schema-graph\">{\"@context\":\"https:\/\/schema.org\",\"@graph\":[{\"@type\":\"Article\",\"@id\":\"https:\/\/www.emagister.com\/blog\/cursos-verano-universidad-oviedo\/#article\",\"isPartOf\":{\"@id\":\"https:\/\/www.emagister.com\/blog\/cursos-verano-universidad-oviedo\/\"},\"author\":{\"name\":\"Lidia Vicente\",\"@id\":\"https:\/\/www.emagister.com\/blog\/#\/schema\/person\/b56da377b0d821994a0baa2d3de06841\"},\"headline\":\"Estudiantes de la Universidad de Oviedo: \u00a1se acerca un verano diferente!\",\"datePublished\":\"2015-05-06T10:05:02+00:00\",\"dateModified\":\"2017-07-13T16:31:12+00:00\",\"mainEntityOfPage\":{\"@id\":\"https:\/\/www.emagister.com\/blog\/cursos-verano-universidad-oviedo\/\"},\"wordCount\":507,\"commentCount\":0,\"publisher\":{\"@id\":\"https:\/\/www.emagister.com\/blog\/#organization\"},\"image\":{\"@id\":\"https:\/\/www.emagister.com\/blog\/cursos-verano-universidad-oviedo\/#primaryimage\"},\"thumbnailUrl\":\"https:\/\/www.emagister.com\/blog\/wp-content\/uploads\/2015\/05\/ThinkstockPhotos-179230108-1.jpg\",\"keywords\":[\"cursos\",\"Universidad\",\"oviedo\"],\"articleSection\":[\"Estudiar en el extranjero\"],\"inLanguage\":\"es\",\"potentialAction\":[{\"@type\":\"CommentAction\",\"name\":\"Comment\",\"target\":[\"https:\/\/www.emagister.com\/blog\/cursos-verano-universidad-oviedo\/#respond\"]}]},{\"@type\":\"WebPage\",\"@id\":\"https:\/\/www.emagister.com\/blog\/cursos-verano-universidad-oviedo\/\",\"url\":\"https:\/\/www.emagister.com\/blog\/cursos-verano-universidad-oviedo\/\",\"name\":\"Becas para cursos en el extranjero\",\"isPartOf\":{\"@id\":\"https:\/\/www.emagister.com\/blog\/#website\"},\"primaryImageOfPage\":{\"@id\":\"https:\/\/www.emagister.com\/blog\/cursos-verano-universidad-oviedo\/#primaryimage\"},\"image\":{\"@id\":\"https:\/\/www.emagister.com\/blog\/cursos-verano-universidad-oviedo\/#primaryimage\"},\"thumbnailUrl\":\"https:\/\/www.emagister.com\/blog\/wp-content\/uploads\/2015\/05\/ThinkstockPhotos-179230108-1.jpg\",\"datePublished\":\"2015-05-06T10:05:02+00:00\",\"dateModified\":\"2017-07-13T16:31:12+00:00\",\"description\":\"La Universidad de Oviedo convoca becas para cursar estudios de verano en el extranjero.\",\"breadcrumb\":{\"@id\":\"https:\/\/www.emagister.com\/blog\/cursos-verano-universidad-oviedo\/#breadcrumb\"},\"inLanguage\":\"es\",\"potentialAction\":[{\"@type\":\"ReadAction\",\"target\":[\"https:\/\/www.emagister.com\/blog\/cursos-verano-universidad-oviedo\/\"]}]},{\"@type\":\"ImageObject\",\"inLanguage\":\"es\",\"@id\":\"https:\/\/www.emagister.com\/blog\/cursos-verano-universidad-oviedo\/#primaryimage\",\"url\":\"https:\/\/www.emagister.com\/blog\/wp-content\/uploads\/2015\/05\/ThinkstockPhotos-179230108-1.jpg\",\"contentUrl\":\"https:\/\/www.emagister.com\/blog\/wp-content\/uploads\/2015\/05\/ThinkstockPhotos-179230108-1.jpg\",\"width\":2122,\"height\":1415},{\"@type\":\"BreadcrumbList\",\"@id\":\"https:\/\/www.emagister.com\/blog\/cursos-verano-universidad-oviedo\/#breadcrumb\",\"itemListElement\":[{\"@type\":\"ListItem\",\"position\":1,\"name\":\"Blog Emagister\",\"item\":\"https:\/\/www.emagister.com\/blog\/\"},{\"@type\":\"ListItem\",\"position\":2,\"name\":\"Estudiar en el extranjero\",\"item\":\"https:\/\/www.emagister.com\/blog\/estudiar-en-extranjero\/\"},{\"@type\":\"ListItem\",\"position\":3,\"name\":\"Estudiantes de la Universidad de Oviedo: \u00a1se acerca un verano diferente!\"}]},{\"@type\":\"WebSite\",\"@id\":\"https:\/\/www.emagister.com\/blog\/#website\",\"url\":\"https:\/\/www.emagister.com\/blog\/\",\"name\":\"Blog Emagister\",\"description\":\"Gu\u00eda de orientaci\u00f3n sobre estudios y tendencias de formaci\u00f3n\",\"publisher\":{\"@id\":\"https:\/\/www.emagister.com\/blog\/#organization\"},\"potentialAction\":[{\"@type\":\"SearchAction\",\"target\":{\"@type\":\"EntryPoint\",\"urlTemplate\":\"https:\/\/www.emagister.com\/blog\/?s={search_term_string}\"},\"query-input\":{\"@type\":\"PropertyValueSpecification\",\"valueRequired\":true,\"valueName\":\"search_term_string\"}}],\"inLanguage\":\"es\"},{\"@type\":\"Organization\",\"@id\":\"https:\/\/www.emagister.com\/blog\/#organization\",\"name\":\"Emagister\",\"url\":\"https:\/\/www.emagister.com\/blog\/\",\"logo\":{\"@type\":\"ImageObject\",\"inLanguage\":\"es\",\"@id\":\"https:\/\/www.emagister.com\/blog\/#\/schema\/logo\/image\/\",\"url\":\"https:\/\/www.emagister.com\/blog\/wp-content\/uploads\/2017\/02\/photo.png\",\"contentUrl\":\"https:\/\/www.emagister.com\/blog\/wp-content\/uploads\/2017\/02\/photo.png\",\"width\":120,\"height\":120,\"caption\":\"Emagister\"},\"image\":{\"@id\":\"https:\/\/www.emagister.com\/blog\/#\/schema\/logo\/image\/\"},\"sameAs\":[\"https:\/\/www.facebook.com\/Emagister\/\",\"https:\/\/x.com\/emagister\",\"https:\/\/www.instagram.com\/emagister\/\",\"https:\/\/www.linkedin.com\/company\/emagister-com\/\",\"https:\/\/www.pinterest.es\/emagister\/\",\"https:\/\/www.youtube.com\/user\/emagister\/\",\"https:\/\/es.wikipedia.org\/wiki\/Emagister\"]},{\"@type\":\"Person\",\"@id\":\"https:\/\/www.emagister.com\/blog\/#\/schema\/person\/b56da377b0d821994a0baa2d3de06841\",\"name\":\"Lidia Vicente\",\"image\":{\"@type\":\"ImageObject\",\"inLanguage\":\"es\",\"@id\":\"https:\/\/www.emagister.com\/blog\/#\/schema\/person\/image\/\",\"url\":\"https:\/\/secure.gravatar.com\/avatar\/9bed7728689237c400d1b8bc157d0045dcb5b2c51fd2e968668d71e173372170?s=96&r=g\",\"contentUrl\":\"https:\/\/secure.gravatar.com\/avatar\/9bed7728689237c400d1b8bc157d0045dcb5b2c51fd2e968668d71e173372170?s=96&r=g\",\"caption\":\"Lidia Vicente\"},\"description\":\"Periodista, traductora y europe\u00edsta convencida. Fascinada con las redes sociales y la comunicaci\u00f3n 2.0, en general. Adicta a los tr\u00e1mites burocr\u00e1ticos y a los diarios oficiales.\",\"url\":\"https:\/\/www.emagister.com\/blog\/author\/lidiavicente\/\"}]}<\/script>\n<!-- \/ Yoast SEO Premium plugin. -->","yoast_head_json":{"title":"Becas para cursos en el extranjero","description":"La Universidad de Oviedo convoca becas para cursar estudios de verano en el extranjero.","robots":{"index":"index","follow":"follow"},"canonical":"https:\/\/www.emagister.com\/blog\/cursos-verano-universidad-oviedo\/","og_locale":"es_ES","og_type":"article","og_title":"Estudiantes de la Universidad de Oviedo: \u00a1se acerca un verano diferente!","og_description":"La Universidad de Oviedo convoca becas para cursar estudios de verano en el extranjero.","og_url":"https:\/\/www.emagister.com\/blog\/cursos-verano-universidad-oviedo\/","og_site_name":"Blog Emagister","article_publisher":"https:\/\/www.facebook.com\/Emagister\/","article_published_time":"2015-05-06T10:05:02+00:00","article_modified_time":"2017-07-13T16:31:12+00:00","og_image":[{"width":2122,"height":1415,"url":"https:\/\/www.emagister.com\/blog\/wp-content\/uploads\/2015\/05\/ThinkstockPhotos-179230108-1.jpg","type":"image\/jpeg"}],"author":"Lidia Vicente","twitter_card":"summary_large_image","twitter_creator":"@emagister","twitter_site":"@emagister","twitter_misc":{"Escrito por":"Lidia Vicente","Tiempo de lectura":"2 minutos"},"schema":{"@context":"https:\/\/schema.org","@graph":[{"@type":"Article","@id":"https:\/\/www.emagister.com\/blog\/cursos-verano-universidad-oviedo\/#article","isPartOf":{"@id":"https:\/\/www.emagister.com\/blog\/cursos-verano-universidad-oviedo\/"},"author":{"name":"Lidia Vicente","@id":"https:\/\/www.emagister.com\/blog\/#\/schema\/person\/b56da377b0d821994a0baa2d3de06841"},"headline":"Estudiantes de la Universidad de Oviedo: \u00a1se acerca un verano diferente!","datePublished":"2015-05-06T10:05:02+00:00","dateModified":"2017-07-13T16:31:12+00:00","mainEntityOfPage":{"@id":"https:\/\/www.emagister.com\/blog\/cursos-verano-universidad-oviedo\/"},"wordCount":507,"commentCount":0,"publisher":{"@id":"https:\/\/www.emagister.com\/blog\/#organization"},"image":{"@id":"https:\/\/www.emagister.com\/blog\/cursos-verano-universidad-oviedo\/#primaryimage"},"thumbnailUrl":"https:\/\/www.emagister.com\/blog\/wp-content\/uploads\/2015\/05\/ThinkstockPhotos-179230108-1.jpg","keywords":["cursos","Universidad","oviedo"],"articleSection":["Estudiar en el extranjero"],"inLanguage":"es","potentialAction":[{"@type":"CommentAction","name":"Comment","target":["https:\/\/www.emagister.com\/blog\/cursos-verano-universidad-oviedo\/#respond"]}]},{"@type":"WebPage","@id":"https:\/\/www.emagister.com\/blog\/cursos-verano-universidad-oviedo\/","url":"https:\/\/www.emagister.com\/blog\/cursos-verano-universidad-oviedo\/","name":"Becas para cursos en el extranjero","isPartOf":{"@id":"https:\/\/www.emagister.com\/blog\/#website"},"primaryImageOfPage":{"@id":"https:\/\/www.emagister.com\/blog\/cursos-verano-universidad-oviedo\/#primaryimage"},"image":{"@id":"https:\/\/www.emagister.com\/blog\/cursos-verano-universidad-oviedo\/#primaryimage"},"thumbnailUrl":"https:\/\/www.emagister.com\/blog\/wp-content\/uploads\/2015\/05\/ThinkstockPhotos-179230108-1.jpg","datePublished":"2015-05-06T10:05:02+00:00","dateModified":"2017-07-13T16:31:12+00:00","description":"La Universidad de Oviedo convoca becas para cursar estudios de verano en el extranjero.","breadcrumb":{"@id":"https:\/\/www.emagister.com\/blog\/cursos-verano-universidad-oviedo\/#breadcrumb"},"inLanguage":"es","potentialAction":[{"@type":"ReadAction","target":["https:\/\/www.emagister.com\/blog\/cursos-verano-universidad-oviedo\/"]}]},{"@type":"ImageObject","inLanguage":"es","@id":"https:\/\/www.emagister.com\/blog\/cursos-verano-universidad-oviedo\/#primaryimage","url":"https:\/\/www.emagister.com\/blog\/wp-content\/uploads\/2015\/05\/ThinkstockPhotos-179230108-1.jpg","contentUrl":"https:\/\/www.emagister.com\/blog\/wp-content\/uploads\/2015\/05\/ThinkstockPhotos-179230108-1.jpg","width":2122,"height":1415},{"@type":"BreadcrumbList","@id":"https:\/\/www.emagister.com\/blog\/cursos-verano-universidad-oviedo\/#breadcrumb","itemListElement":[{"@type":"ListItem","position":1,"name":"Blog Emagister","item":"https:\/\/www.emagister.com\/blog\/"},{"@type":"ListItem","position":2,"name":"Estudiar en el extranjero","item":"https:\/\/www.emagister.com\/blog\/estudiar-en-extranjero\/"},{"@type":"ListItem","position":3,"name":"Estudiantes de la Universidad de Oviedo: \u00a1se acerca un verano diferente!"}]},{"@type":"WebSite","@id":"https:\/\/www.emagister.com\/blog\/#website","url":"https:\/\/www.emagister.com\/blog\/","name":"Blog Emagister","description":"Gu\u00eda de orientaci\u00f3n sobre estudios y tendencias de formaci\u00f3n","publisher":{"@id":"https:\/\/www.emagister.com\/blog\/#organization"},"potentialAction":[{"@type":"SearchAction","target":{"@type":"EntryPoint","urlTemplate":"https:\/\/www.emagister.com\/blog\/?s={search_term_string}"},"query-input":{"@type":"PropertyValueSpecification","valueRequired":true,"valueName":"search_term_string"}}],"inLanguage":"es"},{"@type":"Organization","@id":"https:\/\/www.emagister.com\/blog\/#organization","name":"Emagister","url":"https:\/\/www.emagister.com\/blog\/","logo":{"@type":"ImageObject","inLanguage":"es","@id":"https:\/\/www.emagister.com\/blog\/#\/schema\/logo\/image\/","url":"https:\/\/www.emagister.com\/blog\/wp-content\/uploads\/2017\/02\/photo.png","contentUrl":"https:\/\/www.emagister.com\/blog\/wp-content\/uploads\/2017\/02\/photo.png","width":120,"height":120,"caption":"Emagister"},"image":{"@id":"https:\/\/www.emagister.com\/blog\/#\/schema\/logo\/image\/"},"sameAs":["https:\/\/www.facebook.com\/Emagister\/","https:\/\/x.com\/emagister","https:\/\/www.instagram.com\/emagister\/","https:\/\/www.linkedin.com\/company\/emagister-com\/","https:\/\/www.pinterest.es\/emagister\/","https:\/\/www.youtube.com\/user\/emagister\/","https:\/\/es.wikipedia.org\/wiki\/Emagister"]},{"@type":"Person","@id":"https:\/\/www.emagister.com\/blog\/#\/schema\/person\/b56da377b0d821994a0baa2d3de06841","name":"Lidia Vicente","image":{"@type":"ImageObject","inLanguage":"es","@id":"https:\/\/www.emagister.com\/blog\/#\/schema\/person\/image\/","url":"https:\/\/secure.gravatar.com\/avatar\/9bed7728689237c400d1b8bc157d0045dcb5b2c51fd2e968668d71e173372170?s=96&r=g","contentUrl":"https:\/\/secure.gravatar.com\/avatar\/9bed7728689237c400d1b8bc157d0045dcb5b2c51fd2e968668d71e173372170?s=96&r=g","caption":"Lidia Vicente"},"description":"Periodista, traductora y europe\u00edsta convencida. Fascinada con las redes sociales y la comunicaci\u00f3n 2.0, en general. Adicta a los tr\u00e1mites burocr\u00e1ticos y a los diarios oficiales.","url":"https:\/\/www.emagister.com\/blog\/author\/lidiavicente\/"}]}},"_links":{"self":[{"href":"https:\/\/www.emagister.com\/blog\/wp-json\/wp\/v2\/posts\/19390","targetHints":{"allow":["GET"]}}],"collection":[{"href":"https:\/\/www.emagister.com\/blog\/wp-json\/wp\/v2\/posts"}],"about":[{"href":"https:\/\/www.emagister.com\/blog\/wp-json\/wp\/v2\/types\/post"}],"author":[{"embeddable":true,"href":"https:\/\/www.emagister.com\/blog\/wp-json\/wp\/v2\/users\/124"}],"replies":[{"embeddable":true,"href":"https:\/\/www.emagister.com\/blog\/wp-json\/wp\/v2\/comments?post=19390"}],"version-history":[{"count":0,"href":"https:\/\/www.emagister.com\/blog\/wp-json\/wp\/v2\/posts\/19390\/revisions"}],"wp:featuredmedia":[{"embeddable":true,"href":"https:\/\/www.emagister.com\/blog\/wp-json\/wp\/v2\/media\/19760"}],"wp:attachment":[{"href":"https:\/\/www.emagister.com\/blog\/wp-json\/wp\/v2\/media?parent=19390"}],"wp:term":[{"taxonomy":"category","embeddable":true,"href":"https:\/\/www.emagister.com\/blog\/wp-json\/wp\/v2\/categories?post=19390"},{"taxonomy":"post_tag","embeddable":true,"href":"https:\/\/www.emagister.com\/blog\/wp-json\/wp\/v2\/tags?post=19390"}],"curies":[{"name":"wp","href":"https:\/\/api.w.org\/{rel}","templated":true}]}}