{"id":19414,"date":"2015-05-14T12:22:22","date_gmt":"2015-05-14T10:22:22","guid":{"rendered":"https:\/\/www.emagister.com\/blog\/?p=19414"},"modified":"2021-05-21T14:18:36","modified_gmt":"2021-05-21T12:18:36","slug":"un-nuevo-cambio-de-paradigma-para-profesionales-emprendedores","status":"publish","type":"post","link":"https:\/\/www.emagister.com\/blog\/un-nuevo-cambio-de-paradigma-para-profesionales-emprendedores\/","title":{"rendered":"Un nuevo cambio de paradigma para profesionales emprendedores"},"content":{"rendered":"<p>Emprender es una palabra que se encuentra en constante resonancia en el vocabulario del mundo empresarial y corporativo, con muchos profesionales que se encuentran con&nbsp;oportunidades laborales que manifiestan la necesidad de un cambio para&nbsp;poder encontrar escenarios de actuaci\u00f3n diferenciados.<\/p>\n<p><!--more--><\/p>\n<p>Un <strong>cambio de paradigma<\/strong> requiere de la capacidad de adaptaci\u00f3n y de visi\u00f3n global por parte de los nuevos profesionales para poder comprender cuales son las necesidades y demandas sociales que abarcan los diferentes sectores del <a href=\"https:\/\/www.emagister.com\/web\/search\/?action=search&amp;origen=buscador_principal&amp;esBusquedaUsuario=1&amp;q=mercado+economico\" target=\"_blank\" rel=\"noopener\"><strong>mercado econ\u00f3mico<\/strong><\/a>.&nbsp; Sin duda, uno de los cambios m\u00e1s significativos es la nueva era de la <strong>digitalizaci\u00f3n<\/strong>, que ha abierto las puertas a un mundo lleno de posibilidades, donde nos encontramos sin l\u00edmites fronterizos que dan&nbsp;mayor relevancia a las nuevas tecnolog\u00edas que para crear nuevas formas de trabajar y nuevos modelos de negocio.<\/p>\n<p>La <a href=\"https:\/\/www.emagister.com\/web\/search\/?action=search&amp;origen=buscador_principal&amp;esBusquedaUsuario=1&amp;q=era+digital\" target=\"_blank\" rel=\"noopener\"><strong>era digital<\/strong><\/a>&nbsp;necesita&nbsp;aprendizajes que permitan a los profesionales emprendedores ser capaces de interrelacionar los nuevos conocimientos que ponen a prueba las antiguas creencias y posibilidades. En relaci\u00f3n acon todo ello, el emprendedor se encuentra ante la incertidumbre y la complejidad de adquirir y de desarrollar h\u00e1bitos intelectuales, en gran medida no conscientes, que lo&nbsp;preparen para un escenario en el cual casi todo es m\u00e1s accesible, complejo, global, flexible y cambiante.<\/p>\n<p>Debemos comprender y enfatizar sobre la importancia de que cada profesional debe ser capaz de afrontar niveles elevados de \u00abambig\u00fcedad creativa\u00bb, puesto que nos encontramos ante la posibilidad de poder construir, aprender, de conocer, desaprender, arriesgar y aprovechar todo lo que antes requer\u00eda de un tiempo prolongado. Ahora lo podemos conseguir con menos limitaciones y con un tiempo que podr\u00edamos categorizar como \u00abinstante tecnol\u00f3gico\u00bb.<\/p>\n<p>Quiz\u00e1s debamos ser capaces de respondernos los interrogantes necesarios que nos sugieran respuestas gu\u00edas para comprender qu\u00e9 es ser un profesional de la era digital. <strong><em>\u00bfC\u00f3mo aprendo, reacciono, me adapto, pienso, decido y act\u00fao ante el nuevo paradigma digital? \u00bfC\u00f3mo afecta este nuevo paradigma a mis posibilidades de emprendimiento? \u00bfQu\u00e9 oportunidades me ofrece y cu\u00e1les son las desventajas a las que me enfrento?<\/em><\/strong> Quiz\u00e1s las respuestas las encontremos despu\u00e9s de un largo tiempo de reflexi\u00f3n y an\u00e1lisis o quiz\u00e1s necesitemos de ayuda de expertos para poder obtener una visi\u00f3n integradora y m\u00e1s objetiva de la realidad presente.<\/p>\n<p>Junto al nuevo paradigma de la digitalizaci\u00f3n, encontramos otras caracter\u00edsticas adyacentes que se vislumbran en las nuevas formas de hacer negocio y de <a href=\"https:\/\/www.emagister.com\/web\/search\/?action=search&amp;origen=buscador_principal&amp;esBusquedaUsuario=1&amp;q=emprender\" target=\"_blank\" rel=\"noopener\"><strong>emprender<\/strong><\/a>.&nbsp; Una de las caracter\u00edsticas que requieren trabajo por parte del emprendedor es la habilidad de ser polivalente ante las exigencias constantes a las que se debe enfrentar. Un emprendedor es su propio jefe y, por ende, debe tener un bagaje de conocimiento amplio y cualificado para comprender su negocio o su proyecto empresarial de una forma amplia y estrat\u00e9gica, identificando las diferentes alternativas mediante la visi\u00f3n de recursos y potenciales, y a su vez prepar\u00e1ndose para hacer frente a las amenazas y retos.<\/p>\n<p>Otra de las demandas a las que se enfrenta el nuevo emprendedor es la necesidad de predisposici\u00f3n y flexibilidad de movilidad. Puesto que vivimos en un mundo altamente interconectado e interactuamos&nbsp;con la globalidad propiamente dicha, podemos trascender nuestro proyecto empresarial a la <a href=\"https:\/\/www.emagister.com\/web\/search\/?action=search&amp;origen=buscador_principal&amp;esBusquedaUsuario=1&amp;q=internacionalizacion\" target=\"_blank\" rel=\"noopener\"><strong>internacionalizaci\u00f3n <\/strong><\/a>proporcionando nuevos escenarios de actuaci\u00f3n para cubrir necesidades no solo locales, sino tambi\u00e9n globales. Ligado a la movilidad, vemos que para ello debemos como profesionales y emprendedores tener el conocimiento de otros <a href=\"https:\/\/www.emagister.com\/web\/search\/?action=search&amp;origen=buscador_principal&amp;esBusquedaUsuario=1&amp;q=idiomas\" target=\"_blank\" rel=\"noopener\"><strong>idiomas<\/strong><\/a> que ampl\u00eden la oportunidad de hacer un contacto directo con otras culturas, para poder ser capaces de interrelacionarnos &nbsp;y proliferar nuestra actividad comercial en otros lugares del mundo, como un proceso de expansi\u00f3n global en donde las alternativas u oportunidades sugieran nuevos retos para alcanzar el \u00e9xito emprendedor.<\/p>\n","protected":false},"excerpt":{"rendered":"<p>Emprender es una palabra que se encuentra en constante resonancia en el vocabulario del mundo empresarial y corporativo, con muchos &#8230; <a title=\"Un nuevo cambio de paradigma para profesionales emprendedores\" class=\"read-more\" href=\"https:\/\/www.emagister.com\/blog\/un-nuevo-cambio-de-paradigma-para-profesionales-emprendedores\/\" aria-label=\"M\u00e1s en Un nuevo cambio de paradigma para profesionales emprendedores\">Leer m\u00e1s<\/a><\/p>\n","protected":false},"author":139,"featured_media":19855,"comment_status":"open","ping_status":"open","sticky":false,"template":"","format":"standard","meta":{"_acf_changed":false,"inline_featured_image":false,"footnotes":""},"categories":[759],"tags":[299,1587,2165,2166],"class_list":["post-19414","post","type-post","status-publish","format-standard","has-post-thumbnail","hentry","category-para-profesionales","tag-emprendimiento","tag-era-digital","tag-mercado-economico","tag-internacionalizacion","generate-columns","tablet-grid-50","mobile-grid-100","grid-parent","grid-25"],"acf":{"noticiasElPais":{"custom_snippet_image":false,"custom_snippet_title":"","custom_snippet_description":""},"noticiasLaVanguardia":{"custom_snippet_image":false,"custom_snippet_title":"","custom_snippet_description":""},"hreflang":[{"url":""}],"estilo_titulo":"","fecha":"no"},"yoast_head":"<!-- This site is optimized with the Yoast SEO Premium plugin v18.1 (Yoast SEO v27.0) - https:\/\/yoast.com\/product\/yoast-seo-premium-wordpress\/ -->\n<title>Un nuevo cambio de paradigma para profesionales emprendedores<\/title>\n<meta name=\"robots\" content=\"index, follow\" \/>\n<link rel=\"canonical\" href=\"https:\/\/www.emagister.com\/blog\/un-nuevo-cambio-de-paradigma-para-profesionales-emprendedores\/\" \/>\n<meta property=\"og:locale\" content=\"es_ES\" \/>\n<meta property=\"og:type\" content=\"article\" \/>\n<meta property=\"og:title\" content=\"Un nuevo cambio de paradigma para profesionales emprendedores\" \/>\n<meta property=\"og:description\" content=\"Emprender es una palabra que se encuentra en constante resonancia en el vocabulario del mundo empresarial y corporativo, con muchos ... Leer m\u00e1s\" \/>\n<meta property=\"og:url\" content=\"https:\/\/www.emagister.com\/blog\/un-nuevo-cambio-de-paradigma-para-profesionales-emprendedores\/\" \/>\n<meta property=\"og:site_name\" content=\"Blog Emagister\" \/>\n<meta property=\"article:publisher\" content=\"https:\/\/www.facebook.com\/Emagister\/\" \/>\n<meta property=\"article:published_time\" content=\"2015-05-14T10:22:22+00:00\" \/>\n<meta property=\"article:modified_time\" content=\"2021-05-21T12:18:36+00:00\" \/>\n<meta property=\"og:image\" content=\"https:\/\/www.emagister.com\/blog\/wp-content\/uploads\/2015\/05\/ThinkstockPhotos-462509917.jpg\" \/>\n\t<meta property=\"og:image:width\" content=\"2024\" \/>\n\t<meta property=\"og:image:height\" content=\"1482\" \/>\n\t<meta property=\"og:image:type\" content=\"image\/jpeg\" \/>\n<meta name=\"author\" content=\"Diana Hortoneda\" \/>\n<meta name=\"twitter:card\" content=\"summary_large_image\" \/>\n<meta name=\"twitter:creator\" content=\"@emagister\" \/>\n<meta name=\"twitter:site\" content=\"@emagister\" \/>\n<meta name=\"twitter:label1\" content=\"Escrito por\" \/>\n\t<meta name=\"twitter:data1\" content=\"Diana Hortoneda\" \/>\n\t<meta name=\"twitter:label2\" content=\"Tiempo de lectura\" \/>\n\t<meta name=\"twitter:data2\" content=\"3 minutos\" \/>\n<script type=\"application\/ld+json\" class=\"yoast-schema-graph\">{\"@context\":\"https:\/\/schema.org\",\"@graph\":[{\"@type\":\"Article\",\"@id\":\"https:\/\/www.emagister.com\/blog\/un-nuevo-cambio-de-paradigma-para-profesionales-emprendedores\/#article\",\"isPartOf\":{\"@id\":\"https:\/\/www.emagister.com\/blog\/un-nuevo-cambio-de-paradigma-para-profesionales-emprendedores\/\"},\"author\":{\"name\":\"Diana Hortoneda\",\"@id\":\"https:\/\/www.emagister.com\/blog\/#\/schema\/person\/97b24b572db3f067346dc889b2f39b69\"},\"headline\":\"Un nuevo cambio de paradigma para profesionales emprendedores\",\"datePublished\":\"2015-05-14T10:22:22+00:00\",\"dateModified\":\"2021-05-21T12:18:36+00:00\",\"mainEntityOfPage\":{\"@id\":\"https:\/\/www.emagister.com\/blog\/un-nuevo-cambio-de-paradigma-para-profesionales-emprendedores\/\"},\"wordCount\":655,\"commentCount\":0,\"publisher\":{\"@id\":\"https:\/\/www.emagister.com\/blog\/#organization\"},\"image\":{\"@id\":\"https:\/\/www.emagister.com\/blog\/un-nuevo-cambio-de-paradigma-para-profesionales-emprendedores\/#primaryimage\"},\"thumbnailUrl\":\"https:\/\/www.emagister.com\/blog\/wp-content\/uploads\/2015\/05\/ThinkstockPhotos-462509917.jpg\",\"keywords\":[\"emprendimiento\",\"era digital\",\"mercado econ\u00f3mico\",\"internacionalizaci\u00f3n\"],\"articleSection\":[\"Competencias profesionales\"],\"inLanguage\":\"es\",\"potentialAction\":[{\"@type\":\"CommentAction\",\"name\":\"Comment\",\"target\":[\"https:\/\/www.emagister.com\/blog\/un-nuevo-cambio-de-paradigma-para-profesionales-emprendedores\/#respond\"]}]},{\"@type\":\"WebPage\",\"@id\":\"https:\/\/www.emagister.com\/blog\/un-nuevo-cambio-de-paradigma-para-profesionales-emprendedores\/\",\"url\":\"https:\/\/www.emagister.com\/blog\/un-nuevo-cambio-de-paradigma-para-profesionales-emprendedores\/\",\"name\":\"Un nuevo cambio de paradigma para profesionales emprendedores\",\"isPartOf\":{\"@id\":\"https:\/\/www.emagister.com\/blog\/#website\"},\"primaryImageOfPage\":{\"@id\":\"https:\/\/www.emagister.com\/blog\/un-nuevo-cambio-de-paradigma-para-profesionales-emprendedores\/#primaryimage\"},\"image\":{\"@id\":\"https:\/\/www.emagister.com\/blog\/un-nuevo-cambio-de-paradigma-para-profesionales-emprendedores\/#primaryimage\"},\"thumbnailUrl\":\"https:\/\/www.emagister.com\/blog\/wp-content\/uploads\/2015\/05\/ThinkstockPhotos-462509917.jpg\",\"datePublished\":\"2015-05-14T10:22:22+00:00\",\"dateModified\":\"2021-05-21T12:18:36+00:00\",\"breadcrumb\":{\"@id\":\"https:\/\/www.emagister.com\/blog\/un-nuevo-cambio-de-paradigma-para-profesionales-emprendedores\/#breadcrumb\"},\"inLanguage\":\"es\",\"potentialAction\":[{\"@type\":\"ReadAction\",\"target\":[\"https:\/\/www.emagister.com\/blog\/un-nuevo-cambio-de-paradigma-para-profesionales-emprendedores\/\"]}]},{\"@type\":\"ImageObject\",\"inLanguage\":\"es\",\"@id\":\"https:\/\/www.emagister.com\/blog\/un-nuevo-cambio-de-paradigma-para-profesionales-emprendedores\/#primaryimage\",\"url\":\"https:\/\/www.emagister.com\/blog\/wp-content\/uploads\/2015\/05\/ThinkstockPhotos-462509917.jpg\",\"contentUrl\":\"https:\/\/www.emagister.com\/blog\/wp-content\/uploads\/2015\/05\/ThinkstockPhotos-462509917.jpg\",\"width\":2024,\"height\":1482},{\"@type\":\"BreadcrumbList\",\"@id\":\"https:\/\/www.emagister.com\/blog\/un-nuevo-cambio-de-paradigma-para-profesionales-emprendedores\/#breadcrumb\",\"itemListElement\":[{\"@type\":\"ListItem\",\"position\":1,\"name\":\"Blog Emagister\",\"item\":\"https:\/\/www.emagister.com\/blog\/\"},{\"@type\":\"ListItem\",\"position\":2,\"name\":\"Formaci\u00f3n continua\",\"item\":\"https:\/\/www.emagister.com\/blog\/formacion-continua\/\"},{\"@type\":\"ListItem\",\"position\":3,\"name\":\"Competencias profesionales\",\"item\":\"https:\/\/www.emagister.com\/blog\/formacion-continua\/para-profesionales\/\"},{\"@type\":\"ListItem\",\"position\":4,\"name\":\"Un nuevo cambio de paradigma para profesionales emprendedores\"}]},{\"@type\":\"WebSite\",\"@id\":\"https:\/\/www.emagister.com\/blog\/#website\",\"url\":\"https:\/\/www.emagister.com\/blog\/\",\"name\":\"Blog Emagister\",\"description\":\"Gu\u00eda de orientaci\u00f3n sobre estudios y tendencias de formaci\u00f3n\",\"publisher\":{\"@id\":\"https:\/\/www.emagister.com\/blog\/#organization\"},\"potentialAction\":[{\"@type\":\"SearchAction\",\"target\":{\"@type\":\"EntryPoint\",\"urlTemplate\":\"https:\/\/www.emagister.com\/blog\/?s={search_term_string}\"},\"query-input\":{\"@type\":\"PropertyValueSpecification\",\"valueRequired\":true,\"valueName\":\"search_term_string\"}}],\"inLanguage\":\"es\"},{\"@type\":\"Organization\",\"@id\":\"https:\/\/www.emagister.com\/blog\/#organization\",\"name\":\"Emagister\",\"url\":\"https:\/\/www.emagister.com\/blog\/\",\"logo\":{\"@type\":\"ImageObject\",\"inLanguage\":\"es\",\"@id\":\"https:\/\/www.emagister.com\/blog\/#\/schema\/logo\/image\/\",\"url\":\"https:\/\/www.emagister.com\/blog\/wp-content\/uploads\/2017\/02\/photo.png\",\"contentUrl\":\"https:\/\/www.emagister.com\/blog\/wp-content\/uploads\/2017\/02\/photo.png\",\"width\":120,\"height\":120,\"caption\":\"Emagister\"},\"image\":{\"@id\":\"https:\/\/www.emagister.com\/blog\/#\/schema\/logo\/image\/\"},\"sameAs\":[\"https:\/\/www.facebook.com\/Emagister\/\",\"https:\/\/x.com\/emagister\",\"https:\/\/www.instagram.com\/emagister\/\",\"https:\/\/www.linkedin.com\/company\/emagister-com\/\",\"https:\/\/www.pinterest.es\/emagister\/\",\"https:\/\/www.youtube.com\/user\/emagister\/\",\"https:\/\/es.wikipedia.org\/wiki\/Emagister\"]},{\"@type\":\"Person\",\"@id\":\"https:\/\/www.emagister.com\/blog\/#\/schema\/person\/97b24b572db3f067346dc889b2f39b69\",\"name\":\"Diana Hortoneda\",\"image\":{\"@type\":\"ImageObject\",\"inLanguage\":\"es\",\"@id\":\"https:\/\/www.emagister.com\/blog\/#\/schema\/person\/image\/\",\"url\":\"https:\/\/secure.gravatar.com\/avatar\/ecbd7babfdf3046204dfa9d325e004eafb1504b65044a12386f55aa860f07206?s=96&r=g\",\"contentUrl\":\"https:\/\/secure.gravatar.com\/avatar\/ecbd7babfdf3046204dfa9d325e004eafb1504b65044a12386f55aa860f07206?s=96&r=g\",\"caption\":\"Diana Hortoneda\"},\"url\":\"https:\/\/www.emagister.com\/blog\/author\/dianah\/\"}]}<\/script>\n<!-- \/ Yoast SEO Premium plugin. -->","yoast_head_json":{"title":"Un nuevo cambio de paradigma para profesionales emprendedores","robots":{"index":"index","follow":"follow"},"canonical":"https:\/\/www.emagister.com\/blog\/un-nuevo-cambio-de-paradigma-para-profesionales-emprendedores\/","og_locale":"es_ES","og_type":"article","og_title":"Un nuevo cambio de paradigma para profesionales emprendedores","og_description":"Emprender es una palabra que se encuentra en constante resonancia en el vocabulario del mundo empresarial y corporativo, con muchos ... Leer m\u00e1s","og_url":"https:\/\/www.emagister.com\/blog\/un-nuevo-cambio-de-paradigma-para-profesionales-emprendedores\/","og_site_name":"Blog Emagister","article_publisher":"https:\/\/www.facebook.com\/Emagister\/","article_published_time":"2015-05-14T10:22:22+00:00","article_modified_time":"2021-05-21T12:18:36+00:00","og_image":[{"width":2024,"height":1482,"url":"https:\/\/www.emagister.com\/blog\/wp-content\/uploads\/2015\/05\/ThinkstockPhotos-462509917.jpg","type":"image\/jpeg"}],"author":"Diana Hortoneda","twitter_card":"summary_large_image","twitter_creator":"@emagister","twitter_site":"@emagister","twitter_misc":{"Escrito por":"Diana Hortoneda","Tiempo de lectura":"3 minutos"},"schema":{"@context":"https:\/\/schema.org","@graph":[{"@type":"Article","@id":"https:\/\/www.emagister.com\/blog\/un-nuevo-cambio-de-paradigma-para-profesionales-emprendedores\/#article","isPartOf":{"@id":"https:\/\/www.emagister.com\/blog\/un-nuevo-cambio-de-paradigma-para-profesionales-emprendedores\/"},"author":{"name":"Diana Hortoneda","@id":"https:\/\/www.emagister.com\/blog\/#\/schema\/person\/97b24b572db3f067346dc889b2f39b69"},"headline":"Un nuevo cambio de paradigma para profesionales emprendedores","datePublished":"2015-05-14T10:22:22+00:00","dateModified":"2021-05-21T12:18:36+00:00","mainEntityOfPage":{"@id":"https:\/\/www.emagister.com\/blog\/un-nuevo-cambio-de-paradigma-para-profesionales-emprendedores\/"},"wordCount":655,"commentCount":0,"publisher":{"@id":"https:\/\/www.emagister.com\/blog\/#organization"},"image":{"@id":"https:\/\/www.emagister.com\/blog\/un-nuevo-cambio-de-paradigma-para-profesionales-emprendedores\/#primaryimage"},"thumbnailUrl":"https:\/\/www.emagister.com\/blog\/wp-content\/uploads\/2015\/05\/ThinkstockPhotos-462509917.jpg","keywords":["emprendimiento","era digital","mercado econ\u00f3mico","internacionalizaci\u00f3n"],"articleSection":["Competencias profesionales"],"inLanguage":"es","potentialAction":[{"@type":"CommentAction","name":"Comment","target":["https:\/\/www.emagister.com\/blog\/un-nuevo-cambio-de-paradigma-para-profesionales-emprendedores\/#respond"]}]},{"@type":"WebPage","@id":"https:\/\/www.emagister.com\/blog\/un-nuevo-cambio-de-paradigma-para-profesionales-emprendedores\/","url":"https:\/\/www.emagister.com\/blog\/un-nuevo-cambio-de-paradigma-para-profesionales-emprendedores\/","name":"Un nuevo cambio de paradigma para profesionales emprendedores","isPartOf":{"@id":"https:\/\/www.emagister.com\/blog\/#website"},"primaryImageOfPage":{"@id":"https:\/\/www.emagister.com\/blog\/un-nuevo-cambio-de-paradigma-para-profesionales-emprendedores\/#primaryimage"},"image":{"@id":"https:\/\/www.emagister.com\/blog\/un-nuevo-cambio-de-paradigma-para-profesionales-emprendedores\/#primaryimage"},"thumbnailUrl":"https:\/\/www.emagister.com\/blog\/wp-content\/uploads\/2015\/05\/ThinkstockPhotos-462509917.jpg","datePublished":"2015-05-14T10:22:22+00:00","dateModified":"2021-05-21T12:18:36+00:00","breadcrumb":{"@id":"https:\/\/www.emagister.com\/blog\/un-nuevo-cambio-de-paradigma-para-profesionales-emprendedores\/#breadcrumb"},"inLanguage":"es","potentialAction":[{"@type":"ReadAction","target":["https:\/\/www.emagister.com\/blog\/un-nuevo-cambio-de-paradigma-para-profesionales-emprendedores\/"]}]},{"@type":"ImageObject","inLanguage":"es","@id":"https:\/\/www.emagister.com\/blog\/un-nuevo-cambio-de-paradigma-para-profesionales-emprendedores\/#primaryimage","url":"https:\/\/www.emagister.com\/blog\/wp-content\/uploads\/2015\/05\/ThinkstockPhotos-462509917.jpg","contentUrl":"https:\/\/www.emagister.com\/blog\/wp-content\/uploads\/2015\/05\/ThinkstockPhotos-462509917.jpg","width":2024,"height":1482},{"@type":"BreadcrumbList","@id":"https:\/\/www.emagister.com\/blog\/un-nuevo-cambio-de-paradigma-para-profesionales-emprendedores\/#breadcrumb","itemListElement":[{"@type":"ListItem","position":1,"name":"Blog Emagister","item":"https:\/\/www.emagister.com\/blog\/"},{"@type":"ListItem","position":2,"name":"Formaci\u00f3n continua","item":"https:\/\/www.emagister.com\/blog\/formacion-continua\/"},{"@type":"ListItem","position":3,"name":"Competencias profesionales","item":"https:\/\/www.emagister.com\/blog\/formacion-continua\/para-profesionales\/"},{"@type":"ListItem","position":4,"name":"Un nuevo cambio de paradigma para profesionales emprendedores"}]},{"@type":"WebSite","@id":"https:\/\/www.emagister.com\/blog\/#website","url":"https:\/\/www.emagister.com\/blog\/","name":"Blog Emagister","description":"Gu\u00eda de orientaci\u00f3n sobre estudios y tendencias de formaci\u00f3n","publisher":{"@id":"https:\/\/www.emagister.com\/blog\/#organization"},"potentialAction":[{"@type":"SearchAction","target":{"@type":"EntryPoint","urlTemplate":"https:\/\/www.emagister.com\/blog\/?s={search_term_string}"},"query-input":{"@type":"PropertyValueSpecification","valueRequired":true,"valueName":"search_term_string"}}],"inLanguage":"es"},{"@type":"Organization","@id":"https:\/\/www.emagister.com\/blog\/#organization","name":"Emagister","url":"https:\/\/www.emagister.com\/blog\/","logo":{"@type":"ImageObject","inLanguage":"es","@id":"https:\/\/www.emagister.com\/blog\/#\/schema\/logo\/image\/","url":"https:\/\/www.emagister.com\/blog\/wp-content\/uploads\/2017\/02\/photo.png","contentUrl":"https:\/\/www.emagister.com\/blog\/wp-content\/uploads\/2017\/02\/photo.png","width":120,"height":120,"caption":"Emagister"},"image":{"@id":"https:\/\/www.emagister.com\/blog\/#\/schema\/logo\/image\/"},"sameAs":["https:\/\/www.facebook.com\/Emagister\/","https:\/\/x.com\/emagister","https:\/\/www.instagram.com\/emagister\/","https:\/\/www.linkedin.com\/company\/emagister-com\/","https:\/\/www.pinterest.es\/emagister\/","https:\/\/www.youtube.com\/user\/emagister\/","https:\/\/es.wikipedia.org\/wiki\/Emagister"]},{"@type":"Person","@id":"https:\/\/www.emagister.com\/blog\/#\/schema\/person\/97b24b572db3f067346dc889b2f39b69","name":"Diana Hortoneda","image":{"@type":"ImageObject","inLanguage":"es","@id":"https:\/\/www.emagister.com\/blog\/#\/schema\/person\/image\/","url":"https:\/\/secure.gravatar.com\/avatar\/ecbd7babfdf3046204dfa9d325e004eafb1504b65044a12386f55aa860f07206?s=96&r=g","contentUrl":"https:\/\/secure.gravatar.com\/avatar\/ecbd7babfdf3046204dfa9d325e004eafb1504b65044a12386f55aa860f07206?s=96&r=g","caption":"Diana Hortoneda"},"url":"https:\/\/www.emagister.com\/blog\/author\/dianah\/"}]}},"_links":{"self":[{"href":"https:\/\/www.emagister.com\/blog\/wp-json\/wp\/v2\/posts\/19414","targetHints":{"allow":["GET"]}}],"collection":[{"href":"https:\/\/www.emagister.com\/blog\/wp-json\/wp\/v2\/posts"}],"about":[{"href":"https:\/\/www.emagister.com\/blog\/wp-json\/wp\/v2\/types\/post"}],"author":[{"embeddable":true,"href":"https:\/\/www.emagister.com\/blog\/wp-json\/wp\/v2\/users\/139"}],"replies":[{"embeddable":true,"href":"https:\/\/www.emagister.com\/blog\/wp-json\/wp\/v2\/comments?post=19414"}],"version-history":[{"count":2,"href":"https:\/\/www.emagister.com\/blog\/wp-json\/wp\/v2\/posts\/19414\/revisions"}],"predecessor-version":[{"id":128627,"href":"https:\/\/www.emagister.com\/blog\/wp-json\/wp\/v2\/posts\/19414\/revisions\/128627"}],"wp:featuredmedia":[{"embeddable":true,"href":"https:\/\/www.emagister.com\/blog\/wp-json\/wp\/v2\/media\/19855"}],"wp:attachment":[{"href":"https:\/\/www.emagister.com\/blog\/wp-json\/wp\/v2\/media?parent=19414"}],"wp:term":[{"taxonomy":"category","embeddable":true,"href":"https:\/\/www.emagister.com\/blog\/wp-json\/wp\/v2\/categories?post=19414"},{"taxonomy":"post_tag","embeddable":true,"href":"https:\/\/www.emagister.com\/blog\/wp-json\/wp\/v2\/tags?post=19414"}],"curies":[{"name":"wp","href":"https:\/\/api.w.org\/{rel}","templated":true}]}}