{"id":19436,"date":"2015-05-22T10:00:54","date_gmt":"2015-05-22T08:00:54","guid":{"rendered":"https:\/\/www.emagister.com\/blog\/?p=19436"},"modified":"2021-05-03T12:08:30","modified_gmt":"2021-05-03T10:08:30","slug":"formate-durante-el-verano","status":"publish","type":"post","link":"https:\/\/www.emagister.com\/blog\/formate-durante-el-verano\/","title":{"rendered":"F\u00f3rmate durante el verano"},"content":{"rendered":"<p>Estudiar durante el verano recuerda a \u00e9pocas infantiles en las que durante las vacaciones hab\u00eda que hacer los deberes o hincar los codos para las recuperaciones. Sin embargo, en las fases de formaci\u00f3n superior o especializaci\u00f3n profesional, los meses estivales pueden suponer una buena oportunidad para llevar a cabo cursos o m\u00e1sters aprovechando el tiempo libre que proporcionan los d\u00edas vacacionales.<\/p>\n<p><!--more--><\/p>\n<p>El buen tiempo o las ganas de descanso pueden suponer una traba a la hora de decidir utilizar dicho tiempo para el estudio. Sin embargo, la experiencia puede resultar m\u00e1s que agradable y, sobre todo, beneficiosa. Los periodos invertidos en el aprendizaje de cualquier disciplina nunca resultan en balde ya que los conocimientos adquiridos siempre ser\u00e1n\u00a0beneficiosos tanto a la hora de enfrentarse al mundo laboral como a nivel personal.<\/p>\n<p>Las universidades y escuelas profesionales han ampliado durante los \u00faltimos a\u00f1os sus ofertas de formaci\u00f3n estival, por lo que hay numerosas posibilidades de encontrar un curso, posgrado o m\u00e1ster que se adapte a las necesidades de cada estudiante. Aqu\u00ed exponemos\u00a0algunos ejemplos:<\/p>\n<p><a href=\"https:\/\/www.emagister.com\/web\/search\/?searchAction=search&amp;q=moda\" target=\"_blank\" rel=\"noopener\"><b>Moda:<\/b><\/a> quien piense que el sector est\u00e1 saturado o que no tiene demasiadas salidas profesionales est\u00e1 equivocado. Dentro de este\u00a0mundo hay una gran cantidad de ramificaciones que incluyen una amplia variedad de profesiones. Un <a href=\"https:\/\/www.emagister.com\/curso-verano-para-aprender-tecnicas-complementarias-moda-cursos-2948143.htm\" target=\"_blank\" rel=\"noopener\">curso avanzado en t\u00e9cnicas de moda y adem\u00e1s en ingl\u00e9s <\/a>puede ser un elemento destacado\u00a0de tu\u00a0curr\u00edculum. Si tienes\u00a0una visi\u00f3n especial para detectar tendencias, tambi\u00e9n puedes especializarte en <a href=\"https:\/\/www.emagister.com\/curso-sobre-estilo-tendencias-actuales-moda-cursos-2491133.htm\" target=\"_blank\" rel=\"noopener\"><i>coolhunting<\/i><\/a>: una buena manera de aprovechar un verano.<\/p>\n<p><a href=\"https:\/\/www.emagister.com\/web\/search\/?action=search&amp;origen=buscador_principal&amp;esBusquedaUsuario=1&amp;q=coaching\" target=\"_blank\" rel=\"noopener\"><b>Coaching: <\/b><\/a>una de las palabras m\u00e1s escuchadas durante los \u00faltimos a\u00f1os en los \u00e1mbitos profesionales. Aquellas personas que quieran desarrollar herramientas para alcanzar un <a href=\"https:\/\/www.emagister.com\/master-coach-pnl-verano-madrid-cursos-2673499.htm\" target=\"_blank\" rel=\"noopener\">nivel de excelencia personal<\/a> pueden invertir el tiempo de\u00a0los meses estivales para formarse en dicho campo.<\/p>\n<p><a href=\"https:\/\/www.emagister.com\/web\/search\/?action=search&amp;origen=buscador_principal&amp;esBusquedaUsuario=1&amp;q=sanidad\" target=\"_blank\" rel=\"noopener\"><b>Sanidad:<\/b><\/a> en la divisi\u00f3n de la salud tambi\u00e9n hay oportunidades como, por ejemplo, un <a href=\"https:\/\/www.emagister.com\/celador-sanidad-intensivo-verano-cursos-2930295.htm\" target=\"_blank\" rel=\"noopener\">curso intensivo de celador<\/a> o de <a href=\"https:\/\/www.emagister.com\/auxiliar-enfermeria-intensivo-verano-cursos-2928578.htm\" target=\"_blank\" rel=\"noopener\">auxiliar de enfermer\u00eda<\/a>. Asimismo, los interesados en la psicolog\u00eda tambi\u00e9n pueden encontrar especializaciones en <a href=\"https:\/\/www.emagister.com\/psicopatologia-emociones-estres-salud-cursos-2670117.htm\" target=\"_blank\" rel=\"noopener\">psicopatolog\u00eda de las emociones<\/a> o en <a href=\"https:\/\/www.emagister.com\/problemas-ambientales-problemas-salud-cursos-2259982.htm\" target=\"_blank\" rel=\"noopener\">problemas ambientales<\/a> que derivan en problemas para la salud.<\/p>\n<p><a href=\"https:\/\/www.emagister.com\/web\/search\/?action=search&amp;origen=buscador_principal&amp;esBusquedaUsuario=1&amp;q=campamento+verano\" target=\"_blank\" rel=\"noopener\"><b>Campamentos especializados:<\/b><\/a> el tiempo libre tambi\u00e9n puede aprovecharse a\u00f1 desarrollar una actividad de ocio que puede acabar convirti\u00e9ndose en una profesi\u00f3n. Existen campamentos de verano para j\u00f3venes especializados en disciplinas concretas como pueden ser el <a href=\"https:\/\/www.emagister.com\/actividades-para-ninos-durante-vacaciones-verano-cursos-2846993.htm\" target=\"_blank\" rel=\"noopener\">ingl\u00e9s<\/a> o la <a href=\"https:\/\/www.emagister.com\/campus-fotografia-verano-para-jovenes-cursos-2863323.htm\" target=\"_blank\" rel=\"noopener\">fotograf\u00eda<\/a>. Explorar un hobby puede convertirse en algo m\u00e1s.<\/p>\n<p><a href=\"https:\/\/www.emagister.com\/web\/search\/?action=search&amp;origen=buscador_principal&amp;esBusquedaUsuario=1&amp;q=selectividad\" target=\"_blank\" rel=\"noopener\"><b>Selectividad\/PAU:<\/b><\/a> el examen de acceso a la universidad puede suponer una traba para algunos estudiantes que no han conseguido superarlo o que no han alcanzado la nota de corte necesaria para acceder al grado que quer\u00edan. Pero existe la opci\u00f3n de llevar a cabo un <a href=\"https:\/\/www.emagister.com\/selectividad-pau-intensivo-verano-alumnos-procedentes-cfgs-2015-cursos-2874829.htm\" target=\"_blank\" rel=\"noopener\">curso intensivo durante el verano <\/a>para obtener mejores resultados.<\/p>\n<p><a href=\"https:\/\/www.emagister.com\/web\/search\/?action=search&amp;origen=buscador_principal&amp;esBusquedaUsuario=1&amp;q=trabajo+social\" target=\"_blank\" rel=\"noopener\"><b>Trabajo social:<\/b><\/a> cursos como los centrados en la <a href=\"https:\/\/www.emagister.com\/atencion-personas-sin-hogar-ed-verano-2015-cursos-3147152.htm\" target=\"_blank\" rel=\"noopener\">atenci\u00f3n a personas sin hogar<\/a> o el <a href=\"https:\/\/www.emagister.com\/aprender-finalidad-caracteristicas-del-acogimiento-familiar-cursos-2865533.htm\" target=\"_blank\" rel=\"noopener\">acogimiento familiar<\/a> son una buena opci\u00f3n para aquellos estudiantes o profesionales del trabajo social que quieran ampliar sus conocimientos o especializarse en alguna rama.<\/p>\n<p>El marcarse retos y llegar a los objetivos puede ser igual de gratificante que unas vacaciones. E incluso se puede combinar el tiempo libre con la obtenci\u00f3n de conocimientos: es cuesti\u00f3n de organizaci\u00f3n.<\/p>\n","protected":false},"excerpt":{"rendered":"<p>Estudiar durante el verano recuerda a \u00e9pocas infantiles en las que durante las vacaciones hab\u00eda que hacer los deberes o &#8230; <a title=\"F\u00f3rmate durante el verano\" class=\"read-more\" href=\"https:\/\/www.emagister.com\/blog\/formate-durante-el-verano\/\" aria-label=\"M\u00e1s en F\u00f3rmate durante el verano\">Leer m\u00e1s<\/a><\/p>\n","protected":false},"author":130,"featured_media":19951,"comment_status":"open","ping_status":"open","sticky":false,"template":"","format":"standard","meta":{"_acf_changed":false,"inline_featured_image":false,"footnotes":""},"categories":[8378],"tags":[199,426,1214],"class_list":["post-19436","post","type-post","status-publish","format-standard","has-post-thumbnail","hentry","category-retomar-estudios","tag-cursos-de-verano","tag-formacion-para-adultos","tag-formacion-continua","generate-columns","tablet-grid-50","mobile-grid-100","grid-parent","grid-25"],"acf":{"bannerid1":null,"bannerid2":null,"hreflang":null,"estilo_titulo":null,"fecha":null,"mostrar_faldon":null,"texto_faldon":null,"link_faldon":null,"link_texto_faldon":null,"link_button_faldon":null,"noticiasElPais":null,"noticiasLaVanguardia":null},"yoast_head":"<!-- This site is optimized with the Yoast SEO Premium plugin v18.1 (Yoast SEO v27.0) - https:\/\/yoast.com\/product\/yoast-seo-premium-wordpress\/ -->\n<title>F\u00f3rmate durante el verano - Blog Emagister<\/title>\n<meta name=\"robots\" content=\"index, follow\" \/>\n<link rel=\"canonical\" href=\"https:\/\/www.emagister.com\/blog\/formate-durante-el-verano\/\" \/>\n<meta property=\"og:locale\" content=\"es_ES\" \/>\n<meta property=\"og:type\" content=\"article\" \/>\n<meta property=\"og:title\" content=\"F\u00f3rmate durante el verano\" \/>\n<meta property=\"og:description\" content=\"Estudiar durante el verano recuerda a \u00e9pocas infantiles en las que durante las vacaciones hab\u00eda que hacer los deberes o ... Leer m\u00e1s\" \/>\n<meta property=\"og:url\" content=\"https:\/\/www.emagister.com\/blog\/formate-durante-el-verano\/\" \/>\n<meta property=\"og:site_name\" content=\"Blog Emagister\" \/>\n<meta property=\"article:publisher\" content=\"https:\/\/www.facebook.com\/Emagister\/\" \/>\n<meta property=\"article:published_time\" content=\"2015-05-22T08:00:54+00:00\" \/>\n<meta property=\"article:modified_time\" content=\"2021-05-03T10:08:30+00:00\" \/>\n<meta property=\"og:image\" content=\"https:\/\/www.emagister.com\/blog\/wp-content\/uploads\/2015\/04\/ThinkstockPhotos-186523933-scaled.jpg\" \/>\n\t<meta property=\"og:image:width\" content=\"2560\" \/>\n\t<meta property=\"og:image:height\" content=\"1713\" \/>\n\t<meta property=\"og:image:type\" content=\"image\/jpeg\" \/>\n<meta name=\"author\" content=\"Carmen L\u00f3pez\" \/>\n<meta name=\"twitter:card\" content=\"summary_large_image\" \/>\n<meta name=\"twitter:creator\" content=\"@emagister\" \/>\n<meta name=\"twitter:site\" content=\"@emagister\" \/>\n<meta name=\"twitter:label1\" content=\"Escrito por\" \/>\n\t<meta name=\"twitter:data1\" content=\"Carmen L\u00f3pez\" \/>\n\t<meta name=\"twitter:label2\" content=\"Tiempo de lectura\" \/>\n\t<meta name=\"twitter:data2\" content=\"3 minutos\" \/>\n<script type=\"application\/ld+json\" class=\"yoast-schema-graph\">{\"@context\":\"https:\/\/schema.org\",\"@graph\":[{\"@type\":\"Article\",\"@id\":\"https:\/\/www.emagister.com\/blog\/formate-durante-el-verano\/#article\",\"isPartOf\":{\"@id\":\"https:\/\/www.emagister.com\/blog\/formate-durante-el-verano\/\"},\"author\":{\"name\":\"Carmen L\u00f3pez\",\"@id\":\"https:\/\/www.emagister.com\/blog\/#\/schema\/person\/f03b2d4c2e6932a080b47b75f0eb8c6d\"},\"headline\":\"F\u00f3rmate durante el verano\",\"datePublished\":\"2015-05-22T08:00:54+00:00\",\"dateModified\":\"2021-05-03T10:08:30+00:00\",\"mainEntityOfPage\":{\"@id\":\"https:\/\/www.emagister.com\/blog\/formate-durante-el-verano\/\"},\"wordCount\":553,\"commentCount\":0,\"publisher\":{\"@id\":\"https:\/\/www.emagister.com\/blog\/#organization\"},\"image\":{\"@id\":\"https:\/\/www.emagister.com\/blog\/formate-durante-el-verano\/#primaryimage\"},\"thumbnailUrl\":\"https:\/\/www.emagister.com\/blog\/wp-content\/uploads\/2015\/04\/ThinkstockPhotos-186523933-scaled.jpg\",\"keywords\":[\"cursos de verano\",\"formaci\u00f3n para adultos\",\"formaci\u00f3n continua\"],\"articleSection\":[\"Retomar estudios\"],\"inLanguage\":\"es\",\"potentialAction\":[{\"@type\":\"CommentAction\",\"name\":\"Comment\",\"target\":[\"https:\/\/www.emagister.com\/blog\/formate-durante-el-verano\/#respond\"]}]},{\"@type\":\"WebPage\",\"@id\":\"https:\/\/www.emagister.com\/blog\/formate-durante-el-verano\/\",\"url\":\"https:\/\/www.emagister.com\/blog\/formate-durante-el-verano\/\",\"name\":\"F\u00f3rmate durante el verano - Blog Emagister\",\"isPartOf\":{\"@id\":\"https:\/\/www.emagister.com\/blog\/#website\"},\"primaryImageOfPage\":{\"@id\":\"https:\/\/www.emagister.com\/blog\/formate-durante-el-verano\/#primaryimage\"},\"image\":{\"@id\":\"https:\/\/www.emagister.com\/blog\/formate-durante-el-verano\/#primaryimage\"},\"thumbnailUrl\":\"https:\/\/www.emagister.com\/blog\/wp-content\/uploads\/2015\/04\/ThinkstockPhotos-186523933-scaled.jpg\",\"datePublished\":\"2015-05-22T08:00:54+00:00\",\"dateModified\":\"2021-05-03T10:08:30+00:00\",\"breadcrumb\":{\"@id\":\"https:\/\/www.emagister.com\/blog\/formate-durante-el-verano\/#breadcrumb\"},\"inLanguage\":\"es\",\"potentialAction\":[{\"@type\":\"ReadAction\",\"target\":[\"https:\/\/www.emagister.com\/blog\/formate-durante-el-verano\/\"]}]},{\"@type\":\"ImageObject\",\"inLanguage\":\"es\",\"@id\":\"https:\/\/www.emagister.com\/blog\/formate-durante-el-verano\/#primaryimage\",\"url\":\"https:\/\/www.emagister.com\/blog\/wp-content\/uploads\/2015\/04\/ThinkstockPhotos-186523933-scaled.jpg\",\"contentUrl\":\"https:\/\/www.emagister.com\/blog\/wp-content\/uploads\/2015\/04\/ThinkstockPhotos-186523933-scaled.jpg\",\"width\":2560,\"height\":1713},{\"@type\":\"BreadcrumbList\",\"@id\":\"https:\/\/www.emagister.com\/blog\/formate-durante-el-verano\/#breadcrumb\",\"itemListElement\":[{\"@type\":\"ListItem\",\"position\":1,\"name\":\"Blog Emagister\",\"item\":\"https:\/\/www.emagister.com\/blog\/\"},{\"@type\":\"ListItem\",\"position\":2,\"name\":\"Si no sabes qu\u00e9 estudiar\",\"item\":\"https:\/\/www.emagister.com\/blog\/orientacion\/\"},{\"@type\":\"ListItem\",\"position\":3,\"name\":\"Retomar estudios\",\"item\":\"https:\/\/www.emagister.com\/blog\/orientacion\/retomar-estudios\/\"},{\"@type\":\"ListItem\",\"position\":4,\"name\":\"F\u00f3rmate durante el verano\"}]},{\"@type\":\"WebSite\",\"@id\":\"https:\/\/www.emagister.com\/blog\/#website\",\"url\":\"https:\/\/www.emagister.com\/blog\/\",\"name\":\"Blog Emagister\",\"description\":\"Gu\u00eda de orientaci\u00f3n sobre estudios y tendencias de formaci\u00f3n\",\"publisher\":{\"@id\":\"https:\/\/www.emagister.com\/blog\/#organization\"},\"potentialAction\":[{\"@type\":\"SearchAction\",\"target\":{\"@type\":\"EntryPoint\",\"urlTemplate\":\"https:\/\/www.emagister.com\/blog\/?s={search_term_string}\"},\"query-input\":{\"@type\":\"PropertyValueSpecification\",\"valueRequired\":true,\"valueName\":\"search_term_string\"}}],\"inLanguage\":\"es\"},{\"@type\":\"Organization\",\"@id\":\"https:\/\/www.emagister.com\/blog\/#organization\",\"name\":\"Emagister\",\"url\":\"https:\/\/www.emagister.com\/blog\/\",\"logo\":{\"@type\":\"ImageObject\",\"inLanguage\":\"es\",\"@id\":\"https:\/\/www.emagister.com\/blog\/#\/schema\/logo\/image\/\",\"url\":\"https:\/\/www.emagister.com\/blog\/wp-content\/uploads\/2017\/02\/photo.png\",\"contentUrl\":\"https:\/\/www.emagister.com\/blog\/wp-content\/uploads\/2017\/02\/photo.png\",\"width\":120,\"height\":120,\"caption\":\"Emagister\"},\"image\":{\"@id\":\"https:\/\/www.emagister.com\/blog\/#\/schema\/logo\/image\/\"},\"sameAs\":[\"https:\/\/www.facebook.com\/Emagister\/\",\"https:\/\/x.com\/emagister\",\"https:\/\/www.instagram.com\/emagister\/\",\"https:\/\/www.linkedin.com\/company\/emagister-com\/\",\"https:\/\/www.pinterest.es\/emagister\/\",\"https:\/\/www.youtube.com\/user\/emagister\/\",\"https:\/\/es.wikipedia.org\/wiki\/Emagister\"]},{\"@type\":\"Person\",\"@id\":\"https:\/\/www.emagister.com\/blog\/#\/schema\/person\/f03b2d4c2e6932a080b47b75f0eb8c6d\",\"name\":\"Carmen L\u00f3pez\",\"image\":{\"@type\":\"ImageObject\",\"inLanguage\":\"es\",\"@id\":\"https:\/\/www.emagister.com\/blog\/#\/schema\/person\/image\/\",\"url\":\"https:\/\/secure.gravatar.com\/avatar\/d7d9814ed4a3e4b8827894114246383ab2a52b1aa102c3f519bab4a312c70f48?s=96&r=g\",\"contentUrl\":\"https:\/\/secure.gravatar.com\/avatar\/d7d9814ed4a3e4b8827894114246383ab2a52b1aa102c3f519bab4a312c70f48?s=96&r=g\",\"caption\":\"Carmen L\u00f3pez\"},\"url\":\"https:\/\/www.emagister.com\/blog\/author\/carmenl\/\"}]}<\/script>\n<!-- \/ Yoast SEO Premium plugin. -->","yoast_head_json":{"title":"F\u00f3rmate durante el verano - Blog Emagister","robots":{"index":"index","follow":"follow"},"canonical":"https:\/\/www.emagister.com\/blog\/formate-durante-el-verano\/","og_locale":"es_ES","og_type":"article","og_title":"F\u00f3rmate durante el verano","og_description":"Estudiar durante el verano recuerda a \u00e9pocas infantiles en las que durante las vacaciones hab\u00eda que hacer los deberes o ... Leer m\u00e1s","og_url":"https:\/\/www.emagister.com\/blog\/formate-durante-el-verano\/","og_site_name":"Blog Emagister","article_publisher":"https:\/\/www.facebook.com\/Emagister\/","article_published_time":"2015-05-22T08:00:54+00:00","article_modified_time":"2021-05-03T10:08:30+00:00","og_image":[{"width":2560,"height":1713,"url":"https:\/\/www.emagister.com\/blog\/wp-content\/uploads\/2015\/04\/ThinkstockPhotos-186523933-scaled.jpg","type":"image\/jpeg"}],"author":"Carmen L\u00f3pez","twitter_card":"summary_large_image","twitter_creator":"@emagister","twitter_site":"@emagister","twitter_misc":{"Escrito por":"Carmen L\u00f3pez","Tiempo de lectura":"3 minutos"},"schema":{"@context":"https:\/\/schema.org","@graph":[{"@type":"Article","@id":"https:\/\/www.emagister.com\/blog\/formate-durante-el-verano\/#article","isPartOf":{"@id":"https:\/\/www.emagister.com\/blog\/formate-durante-el-verano\/"},"author":{"name":"Carmen L\u00f3pez","@id":"https:\/\/www.emagister.com\/blog\/#\/schema\/person\/f03b2d4c2e6932a080b47b75f0eb8c6d"},"headline":"F\u00f3rmate durante el verano","datePublished":"2015-05-22T08:00:54+00:00","dateModified":"2021-05-03T10:08:30+00:00","mainEntityOfPage":{"@id":"https:\/\/www.emagister.com\/blog\/formate-durante-el-verano\/"},"wordCount":553,"commentCount":0,"publisher":{"@id":"https:\/\/www.emagister.com\/blog\/#organization"},"image":{"@id":"https:\/\/www.emagister.com\/blog\/formate-durante-el-verano\/#primaryimage"},"thumbnailUrl":"https:\/\/www.emagister.com\/blog\/wp-content\/uploads\/2015\/04\/ThinkstockPhotos-186523933-scaled.jpg","keywords":["cursos de verano","formaci\u00f3n para adultos","formaci\u00f3n continua"],"articleSection":["Retomar estudios"],"inLanguage":"es","potentialAction":[{"@type":"CommentAction","name":"Comment","target":["https:\/\/www.emagister.com\/blog\/formate-durante-el-verano\/#respond"]}]},{"@type":"WebPage","@id":"https:\/\/www.emagister.com\/blog\/formate-durante-el-verano\/","url":"https:\/\/www.emagister.com\/blog\/formate-durante-el-verano\/","name":"F\u00f3rmate durante el verano - Blog Emagister","isPartOf":{"@id":"https:\/\/www.emagister.com\/blog\/#website"},"primaryImageOfPage":{"@id":"https:\/\/www.emagister.com\/blog\/formate-durante-el-verano\/#primaryimage"},"image":{"@id":"https:\/\/www.emagister.com\/blog\/formate-durante-el-verano\/#primaryimage"},"thumbnailUrl":"https:\/\/www.emagister.com\/blog\/wp-content\/uploads\/2015\/04\/ThinkstockPhotos-186523933-scaled.jpg","datePublished":"2015-05-22T08:00:54+00:00","dateModified":"2021-05-03T10:08:30+00:00","breadcrumb":{"@id":"https:\/\/www.emagister.com\/blog\/formate-durante-el-verano\/#breadcrumb"},"inLanguage":"es","potentialAction":[{"@type":"ReadAction","target":["https:\/\/www.emagister.com\/blog\/formate-durante-el-verano\/"]}]},{"@type":"ImageObject","inLanguage":"es","@id":"https:\/\/www.emagister.com\/blog\/formate-durante-el-verano\/#primaryimage","url":"https:\/\/www.emagister.com\/blog\/wp-content\/uploads\/2015\/04\/ThinkstockPhotos-186523933-scaled.jpg","contentUrl":"https:\/\/www.emagister.com\/blog\/wp-content\/uploads\/2015\/04\/ThinkstockPhotos-186523933-scaled.jpg","width":2560,"height":1713},{"@type":"BreadcrumbList","@id":"https:\/\/www.emagister.com\/blog\/formate-durante-el-verano\/#breadcrumb","itemListElement":[{"@type":"ListItem","position":1,"name":"Blog Emagister","item":"https:\/\/www.emagister.com\/blog\/"},{"@type":"ListItem","position":2,"name":"Si no sabes qu\u00e9 estudiar","item":"https:\/\/www.emagister.com\/blog\/orientacion\/"},{"@type":"ListItem","position":3,"name":"Retomar estudios","item":"https:\/\/www.emagister.com\/blog\/orientacion\/retomar-estudios\/"},{"@type":"ListItem","position":4,"name":"F\u00f3rmate durante el verano"}]},{"@type":"WebSite","@id":"https:\/\/www.emagister.com\/blog\/#website","url":"https:\/\/www.emagister.com\/blog\/","name":"Blog Emagister","description":"Gu\u00eda de orientaci\u00f3n sobre estudios y tendencias de formaci\u00f3n","publisher":{"@id":"https:\/\/www.emagister.com\/blog\/#organization"},"potentialAction":[{"@type":"SearchAction","target":{"@type":"EntryPoint","urlTemplate":"https:\/\/www.emagister.com\/blog\/?s={search_term_string}"},"query-input":{"@type":"PropertyValueSpecification","valueRequired":true,"valueName":"search_term_string"}}],"inLanguage":"es"},{"@type":"Organization","@id":"https:\/\/www.emagister.com\/blog\/#organization","name":"Emagister","url":"https:\/\/www.emagister.com\/blog\/","logo":{"@type":"ImageObject","inLanguage":"es","@id":"https:\/\/www.emagister.com\/blog\/#\/schema\/logo\/image\/","url":"https:\/\/www.emagister.com\/blog\/wp-content\/uploads\/2017\/02\/photo.png","contentUrl":"https:\/\/www.emagister.com\/blog\/wp-content\/uploads\/2017\/02\/photo.png","width":120,"height":120,"caption":"Emagister"},"image":{"@id":"https:\/\/www.emagister.com\/blog\/#\/schema\/logo\/image\/"},"sameAs":["https:\/\/www.facebook.com\/Emagister\/","https:\/\/x.com\/emagister","https:\/\/www.instagram.com\/emagister\/","https:\/\/www.linkedin.com\/company\/emagister-com\/","https:\/\/www.pinterest.es\/emagister\/","https:\/\/www.youtube.com\/user\/emagister\/","https:\/\/es.wikipedia.org\/wiki\/Emagister"]},{"@type":"Person","@id":"https:\/\/www.emagister.com\/blog\/#\/schema\/person\/f03b2d4c2e6932a080b47b75f0eb8c6d","name":"Carmen L\u00f3pez","image":{"@type":"ImageObject","inLanguage":"es","@id":"https:\/\/www.emagister.com\/blog\/#\/schema\/person\/image\/","url":"https:\/\/secure.gravatar.com\/avatar\/d7d9814ed4a3e4b8827894114246383ab2a52b1aa102c3f519bab4a312c70f48?s=96&r=g","contentUrl":"https:\/\/secure.gravatar.com\/avatar\/d7d9814ed4a3e4b8827894114246383ab2a52b1aa102c3f519bab4a312c70f48?s=96&r=g","caption":"Carmen L\u00f3pez"},"url":"https:\/\/www.emagister.com\/blog\/author\/carmenl\/"}]}},"_links":{"self":[{"href":"https:\/\/www.emagister.com\/blog\/wp-json\/wp\/v2\/posts\/19436","targetHints":{"allow":["GET"]}}],"collection":[{"href":"https:\/\/www.emagister.com\/blog\/wp-json\/wp\/v2\/posts"}],"about":[{"href":"https:\/\/www.emagister.com\/blog\/wp-json\/wp\/v2\/types\/post"}],"author":[{"embeddable":true,"href":"https:\/\/www.emagister.com\/blog\/wp-json\/wp\/v2\/users\/130"}],"replies":[{"embeddable":true,"href":"https:\/\/www.emagister.com\/blog\/wp-json\/wp\/v2\/comments?post=19436"}],"version-history":[{"count":1,"href":"https:\/\/www.emagister.com\/blog\/wp-json\/wp\/v2\/posts\/19436\/revisions"}],"predecessor-version":[{"id":126003,"href":"https:\/\/www.emagister.com\/blog\/wp-json\/wp\/v2\/posts\/19436\/revisions\/126003"}],"wp:featuredmedia":[{"embeddable":true,"href":"https:\/\/www.emagister.com\/blog\/wp-json\/wp\/v2\/media\/19951"}],"wp:attachment":[{"href":"https:\/\/www.emagister.com\/blog\/wp-json\/wp\/v2\/media?parent=19436"}],"wp:term":[{"taxonomy":"category","embeddable":true,"href":"https:\/\/www.emagister.com\/blog\/wp-json\/wp\/v2\/categories?post=19436"},{"taxonomy":"post_tag","embeddable":true,"href":"https:\/\/www.emagister.com\/blog\/wp-json\/wp\/v2\/tags?post=19436"}],"curies":[{"name":"wp","href":"https:\/\/api.w.org\/{rel}","templated":true}]}}