{"id":19692,"date":"2015-05-28T13:28:33","date_gmt":"2015-05-28T11:28:33","guid":{"rendered":"https:\/\/www.emagister.com\/blog\/?p=19692"},"modified":"2021-05-03T11:58:16","modified_gmt":"2021-05-03T09:58:16","slug":"way-2015-un-foro-de-ceo-europeos-en-barcelona","status":"publish","type":"post","link":"https:\/\/www.emagister.com\/blog\/way-2015-un-foro-de-ceo-europeos-en-barcelona\/","title":{"rendered":"This Way Up 2015, un foro de CEO europeos en Barcelona"},"content":{"rendered":"<p style=\"text-align: justify;\">Barcelona acoge cada vez m\u00e1s eventos profesionales internacionales y se ha convertido tambi\u00e9n en incubadora de <em>startups<\/em> y plataforma de lanzamiento de <a href=\"https:\/\/www.emagister.com\/web\/search\/?action=search&amp;origen=buscador_principal&amp;esBusquedaUsuario=1&amp;q=emprendedores\" target=\"_blank\" rel=\"noopener\">emprendedores<\/a>. Muy pronto tendr\u00e1 lugar el pr\u00f3ximo gran <strong>encuentro de l\u00edderes empresariales de \u00e1mbito europeo:\u00a0This Way Up 2015.<\/strong><\/p>\n<p style=\"text-align: justify;\"><!--more--><\/p>\n<p style=\"text-align: justify;\">Conectar, colaborar, innovar y avanzar. Estos son los objetivos de <strong>This Way Up 2015<\/strong><strong>, el<\/strong> <strong>foro europeo para el crecimiento del <\/strong><a href=\"https:\/\/www.emagister.com\/web\/search\/?searchAction=search&amp;idsegment=1&amp;q=liderazgo\" target=\"_blank\" rel=\"noopener\"><strong>liderazgo<\/strong><\/a><strong> y la colaboraci\u00f3n entre l\u00edderes <\/strong>que se celebrar\u00e1 el <strong>16 de junio en Barcelona<\/strong>. Este evento pone en contacto a <a href=\"https:\/\/www.emagister.com\/web\/search\/?action=search&amp;origen=buscador_principal&amp;esBusquedaUsuario=1&amp;q=empresarios\" target=\"_blank\" rel=\"noopener\">empresarios<\/a> e inversores de toda Europa para fomentar la colaboraci\u00f3n y lograr que a partir de experiencias compartidas los participantes puedan hacer frente a las dificultades de su empresa.<\/p>\n<p style=\"text-align: justify;\">This Way Up 2015 proporciona una <strong>plataforma de conocimiento compartido<\/strong>, centr\u00e1ndose en estudios de casos reales y en temas de inter\u00e9s para las <a href=\"https:\/\/www.emagister.com\/web\/search\/?action=search&amp;origen=buscador_principal&amp;esBusquedaUsuario=1&amp;q=pymes\" target=\"_blank\" rel=\"noopener\">pymes<\/a>. Se abordan cuestiones empresariales relevantes y complejas de todos los sectores y los CEO tienen la oportunidad de conocer y aprender de sus colegas.<\/p>\n<p style=\"text-align: justify;\">El programa incluye tres tipos de sesiones:<\/p>\n<ul style=\"text-align: justify;\">\n<li><strong>Trending Topics Talks<\/strong>: conferencias de l\u00edderes de distintos sectores con productos y modelos de negocios rompedores (la <a href=\"https:\/\/www.emagister.com\/web\/search\/?action=search&amp;origen=buscador_principal&amp;esBusquedaUsuario=1&amp;q=econom%C3%ADa\" target=\"_blank\" rel=\"noopener\">econom\u00eda<\/a> en red, la nueva fuerza laboral, etc.).<\/li>\n<li><strong>Strategic Challenges<\/strong>: charlas de CEOs sobre retos reales que han llevado a cabo en sus <a href=\"https:\/\/www.emagister.com\/blog\/?s=empresa\" target=\"_blank\">empresas<\/a>.<\/li>\n<li><strong>Idea Labs<\/strong>: debates entre un grupo de expertos y directores generales centrados en soluciones empresariales espec\u00edficas aplicables en todas las industrias para mejorar el rendimiento (el desarrollo de <a href=\"https:\/\/www.emagister.com\/blog\/?s=talento\" target=\"_blank\">talento<\/a>, juntas directivas y asesores, la gesti\u00f3n del cambio, etc.).<\/li>\n<\/ul>\n<p style=\"text-align: justify;\">Los organizadores de This Way Up 2015 exponen <strong>cuatro motivos por los que asistir<\/strong> a este evento \u00fanico:<\/p>\n<ul style=\"text-align: justify;\">\n<li>Formar parte de la red de CEO de Europa para el crecimiento empresarial futuro.<\/li>\n<li>Compartir conocimientos y aprender de l\u00edderes empresariales con experiencia.<\/li>\n<li>Construir una caja de herramientas llena de habilidades para asumir los retos del ma\u00f1ana.<\/li>\n<li>Definir los compromisos SMART (Espec\u00edficos, Medibles, Alcanzables, Realistas y acotados en el Tiempo) que llevan a las empresas al siguiente nivel.<\/li>\n<\/ul>\n<p style=\"text-align: justify;\">En cuanto a <strong>cuestiones m\u00e1s pr\u00e1cticas<\/strong>, esta edici\u00f3n de <strong>This Way Up<\/strong> tendr\u00e1 lugar en el World Trade Center de Barcelona y la cena de clausura se har\u00e1 el Palacete Alb\u00e9niz, dise\u00f1ado para la Exposici\u00f3n Internacional de 1929 y rodeado de los Jardines de Joan Maragall.<\/p>\n<p style=\"text-align: justify;\">Si est\u00e1s interesado en asistir, hay tres tipos de entradas en funci\u00f3n de si eres CEO de una empresa ya consolidada y en plena expansi\u00f3n, si eres CEO de una empresa con perspectivas de futuro crecimiento o bien un inversor (<em>business angel<\/em>, capital riesgo, etc.). Reservando la entrada ahora todav\u00eda puedes beneficiarte de descuentos importantes en las tres modalidades.<\/p>\n<p style=\"text-align: justify;\">Si a\u00fan no est\u00e1s convencido, te facilitamos algunos datos del a\u00f1o pasado. Acudieron a <strong>This Way Up<\/strong> 2014 m\u00e1s de 150 CEO y 50 expertos de 33 nacionalidades que representaban un total de 13 sectores industriales. Su valoraci\u00f3n fue muy positiva, consider\u00e1ndolo un evento de <em>networking<\/em> muy bien organizado y lleno de entusiasmo, inspiraci\u00f3n y evoluci\u00f3n para directivos. Este v\u00eddeo que lo resume en unos pocos minutos te ayudar\u00e1 a hacerte una idea de qu\u00e9 encontrar\u00e1s en esta nueva edici\u00f3n.<\/p>\n","protected":false},"excerpt":{"rendered":"<p>Barcelona acoge cada vez m\u00e1s eventos profesionales internacionales y se ha convertido tambi\u00e9n en incubadora de startups y plataforma de &#8230; <a title=\"This Way Up 2015, un foro de CEO europeos en Barcelona\" class=\"read-more\" href=\"https:\/\/www.emagister.com\/blog\/way-2015-un-foro-de-ceo-europeos-en-barcelona\/\" aria-label=\"M\u00e1s en This Way Up 2015, un foro de CEO europeos en Barcelona\">Leer m\u00e1s<\/a><\/p>\n","protected":false},"author":133,"featured_media":20084,"comment_status":"open","ping_status":"open","sticky":false,"template":"","format":"standard","meta":{"_acf_changed":false,"inline_featured_image":false,"footnotes":""},"categories":[8336],"tags":[2292,2293,2294,2295,1110,1163,1555,2005],"class_list":["post-19692","post","type-post","status-publish","format-standard","has-post-thumbnail","hentry","category-noticias","tag-empresarios","tag-pymes","tag-empresas-directivos","tag-this-way-up","tag-emprendedores","tag-networking","tag-startup","tag-liderazgo","generate-columns","tablet-grid-50","mobile-grid-100","grid-parent","grid-25"],"acf":{"bannerid1":null,"bannerid2":null,"hreflang":null,"estilo_titulo":null,"fecha":null,"mostrar_faldon":null,"texto_faldon":null,"link_faldon":null,"link_texto_faldon":null,"link_button_faldon":null,"noticiasElPais":null,"noticiasLaVanguardia":null},"yoast_head":"<!-- This site is optimized with the Yoast SEO Premium plugin v18.1 (Yoast SEO v27.0) - https:\/\/yoast.com\/product\/yoast-seo-premium-wordpress\/ -->\n<title>This Way Up 2015, un foro de CEO europeos en Barcelona - Blog Emagister<\/title>\n<meta name=\"robots\" content=\"index, follow\" \/>\n<link rel=\"canonical\" href=\"https:\/\/www.emagister.com\/blog\/way-2015-un-foro-de-ceo-europeos-en-barcelona\/\" \/>\n<meta property=\"og:locale\" content=\"es_ES\" \/>\n<meta property=\"og:type\" content=\"article\" \/>\n<meta property=\"og:title\" content=\"This Way Up 2015, un foro de CEO europeos en Barcelona\" \/>\n<meta property=\"og:description\" content=\"Barcelona acoge cada vez m\u00e1s eventos profesionales internacionales y se ha convertido tambi\u00e9n en incubadora de startups y plataforma de ... Leer m\u00e1s\" \/>\n<meta property=\"og:url\" content=\"https:\/\/www.emagister.com\/blog\/way-2015-un-foro-de-ceo-europeos-en-barcelona\/\" \/>\n<meta property=\"og:site_name\" content=\"Blog Emagister\" \/>\n<meta property=\"article:publisher\" content=\"https:\/\/www.facebook.com\/Emagister\/\" \/>\n<meta property=\"article:published_time\" content=\"2015-05-28T11:28:33+00:00\" \/>\n<meta property=\"article:modified_time\" content=\"2021-05-03T09:58:16+00:00\" \/>\n<meta property=\"og:image\" content=\"https:\/\/www.emagister.com\/blog\/wp-content\/uploads\/2015\/05\/ThinkstockPhotos-183993890.jpg\" \/>\n\t<meta property=\"og:image:width\" content=\"2122\" \/>\n\t<meta property=\"og:image:height\" content=\"1415\" \/>\n\t<meta property=\"og:image:type\" content=\"image\/jpeg\" \/>\n<meta name=\"author\" content=\"Susanna Rodr\u00edguez\" \/>\n<meta name=\"twitter:card\" content=\"summary_large_image\" \/>\n<meta name=\"twitter:creator\" content=\"@susannarafi\" \/>\n<meta name=\"twitter:site\" content=\"@emagister\" \/>\n<meta name=\"twitter:label1\" content=\"Escrito por\" \/>\n\t<meta name=\"twitter:data1\" content=\"Susanna Rodr\u00edguez\" \/>\n\t<meta name=\"twitter:label2\" content=\"Tiempo de lectura\" \/>\n\t<meta name=\"twitter:data2\" content=\"3 minutos\" \/>\n<script type=\"application\/ld+json\" class=\"yoast-schema-graph\">{\"@context\":\"https:\/\/schema.org\",\"@graph\":[{\"@type\":\"Article\",\"@id\":\"https:\/\/www.emagister.com\/blog\/way-2015-un-foro-de-ceo-europeos-en-barcelona\/#article\",\"isPartOf\":{\"@id\":\"https:\/\/www.emagister.com\/blog\/way-2015-un-foro-de-ceo-europeos-en-barcelona\/\"},\"author\":{\"name\":\"Susanna Rodr\u00edguez\",\"@id\":\"https:\/\/www.emagister.com\/blog\/#\/schema\/person\/84df2c142aa694f6a8b2ab668c595bb0\"},\"headline\":\"This Way Up 2015, un foro de CEO europeos en Barcelona\",\"datePublished\":\"2015-05-28T11:28:33+00:00\",\"dateModified\":\"2021-05-03T09:58:16+00:00\",\"mainEntityOfPage\":{\"@id\":\"https:\/\/www.emagister.com\/blog\/way-2015-un-foro-de-ceo-europeos-en-barcelona\/\"},\"wordCount\":543,\"commentCount\":0,\"publisher\":{\"@id\":\"https:\/\/www.emagister.com\/blog\/#organization\"},\"image\":{\"@id\":\"https:\/\/www.emagister.com\/blog\/way-2015-un-foro-de-ceo-europeos-en-barcelona\/#primaryimage\"},\"thumbnailUrl\":\"https:\/\/www.emagister.com\/blog\/wp-content\/uploads\/2015\/05\/ThinkstockPhotos-183993890.jpg\",\"keywords\":[\"empresarios\",\"pymes\",\"empresas directivos\",\"This Way Up\",\"emprendedores\",\"networking\",\"startup\",\"liderazgo\"],\"articleSection\":[\"Actualidad Emagister\"],\"inLanguage\":\"es\",\"potentialAction\":[{\"@type\":\"CommentAction\",\"name\":\"Comment\",\"target\":[\"https:\/\/www.emagister.com\/blog\/way-2015-un-foro-de-ceo-europeos-en-barcelona\/#respond\"]}]},{\"@type\":\"WebPage\",\"@id\":\"https:\/\/www.emagister.com\/blog\/way-2015-un-foro-de-ceo-europeos-en-barcelona\/\",\"url\":\"https:\/\/www.emagister.com\/blog\/way-2015-un-foro-de-ceo-europeos-en-barcelona\/\",\"name\":\"This Way Up 2015, un foro de CEO europeos en Barcelona - Blog Emagister\",\"isPartOf\":{\"@id\":\"https:\/\/www.emagister.com\/blog\/#website\"},\"primaryImageOfPage\":{\"@id\":\"https:\/\/www.emagister.com\/blog\/way-2015-un-foro-de-ceo-europeos-en-barcelona\/#primaryimage\"},\"image\":{\"@id\":\"https:\/\/www.emagister.com\/blog\/way-2015-un-foro-de-ceo-europeos-en-barcelona\/#primaryimage\"},\"thumbnailUrl\":\"https:\/\/www.emagister.com\/blog\/wp-content\/uploads\/2015\/05\/ThinkstockPhotos-183993890.jpg\",\"datePublished\":\"2015-05-28T11:28:33+00:00\",\"dateModified\":\"2021-05-03T09:58:16+00:00\",\"breadcrumb\":{\"@id\":\"https:\/\/www.emagister.com\/blog\/way-2015-un-foro-de-ceo-europeos-en-barcelona\/#breadcrumb\"},\"inLanguage\":\"es\",\"potentialAction\":[{\"@type\":\"ReadAction\",\"target\":[\"https:\/\/www.emagister.com\/blog\/way-2015-un-foro-de-ceo-europeos-en-barcelona\/\"]}]},{\"@type\":\"ImageObject\",\"inLanguage\":\"es\",\"@id\":\"https:\/\/www.emagister.com\/blog\/way-2015-un-foro-de-ceo-europeos-en-barcelona\/#primaryimage\",\"url\":\"https:\/\/www.emagister.com\/blog\/wp-content\/uploads\/2015\/05\/ThinkstockPhotos-183993890.jpg\",\"contentUrl\":\"https:\/\/www.emagister.com\/blog\/wp-content\/uploads\/2015\/05\/ThinkstockPhotos-183993890.jpg\",\"width\":2122,\"height\":1415},{\"@type\":\"BreadcrumbList\",\"@id\":\"https:\/\/www.emagister.com\/blog\/way-2015-un-foro-de-ceo-europeos-en-barcelona\/#breadcrumb\",\"itemListElement\":[{\"@type\":\"ListItem\",\"position\":1,\"name\":\"Blog Emagister\",\"item\":\"https:\/\/www.emagister.com\/blog\/\"},{\"@type\":\"ListItem\",\"position\":2,\"name\":\"Actualidad Emagister\",\"item\":\"https:\/\/www.emagister.com\/blog\/noticias\/\"},{\"@type\":\"ListItem\",\"position\":3,\"name\":\"This Way Up 2015, un foro de CEO europeos en Barcelona\"}]},{\"@type\":\"WebSite\",\"@id\":\"https:\/\/www.emagister.com\/blog\/#website\",\"url\":\"https:\/\/www.emagister.com\/blog\/\",\"name\":\"Blog Emagister\",\"description\":\"Gu\u00eda de orientaci\u00f3n sobre estudios y tendencias de formaci\u00f3n\",\"publisher\":{\"@id\":\"https:\/\/www.emagister.com\/blog\/#organization\"},\"potentialAction\":[{\"@type\":\"SearchAction\",\"target\":{\"@type\":\"EntryPoint\",\"urlTemplate\":\"https:\/\/www.emagister.com\/blog\/?s={search_term_string}\"},\"query-input\":{\"@type\":\"PropertyValueSpecification\",\"valueRequired\":true,\"valueName\":\"search_term_string\"}}],\"inLanguage\":\"es\"},{\"@type\":\"Organization\",\"@id\":\"https:\/\/www.emagister.com\/blog\/#organization\",\"name\":\"Emagister\",\"url\":\"https:\/\/www.emagister.com\/blog\/\",\"logo\":{\"@type\":\"ImageObject\",\"inLanguage\":\"es\",\"@id\":\"https:\/\/www.emagister.com\/blog\/#\/schema\/logo\/image\/\",\"url\":\"https:\/\/www.emagister.com\/blog\/wp-content\/uploads\/2017\/02\/photo.png\",\"contentUrl\":\"https:\/\/www.emagister.com\/blog\/wp-content\/uploads\/2017\/02\/photo.png\",\"width\":120,\"height\":120,\"caption\":\"Emagister\"},\"image\":{\"@id\":\"https:\/\/www.emagister.com\/blog\/#\/schema\/logo\/image\/\"},\"sameAs\":[\"https:\/\/www.facebook.com\/Emagister\/\",\"https:\/\/x.com\/emagister\",\"https:\/\/www.instagram.com\/emagister\/\",\"https:\/\/www.linkedin.com\/company\/emagister-com\/\",\"https:\/\/www.pinterest.es\/emagister\/\",\"https:\/\/www.youtube.com\/user\/emagister\/\",\"https:\/\/es.wikipedia.org\/wiki\/Emagister\"]},{\"@type\":\"Person\",\"@id\":\"https:\/\/www.emagister.com\/blog\/#\/schema\/person\/84df2c142aa694f6a8b2ab668c595bb0\",\"name\":\"Susanna Rodr\u00edguez\",\"image\":{\"@type\":\"ImageObject\",\"inLanguage\":\"es\",\"@id\":\"https:\/\/www.emagister.com\/blog\/#\/schema\/person\/image\/\",\"url\":\"https:\/\/secure.gravatar.com\/avatar\/91191c4f17223e82f02bf1e6ceaa1a27da4f4370e0b88374c63cb0ccccb319da?s=96&r=g\",\"contentUrl\":\"https:\/\/secure.gravatar.com\/avatar\/91191c4f17223e82f02bf1e6ceaa1a27da4f4370e0b88374c63cb0ccccb319da?s=96&r=g\",\"caption\":\"Susanna Rodr\u00edguez\"},\"description\":\"Periodista con larga experiencia en consultor\u00eda, me reorient\u00e9 hacia la comunicaci\u00f3n y el marketing y me especialic\u00e9 en viajes y turismo. Tambi\u00e9n soy escritora y blogger de viajes. Apasionada de la fotograf\u00eda y del senderismo, me gusta estar cerca de la naturaleza. En aprendizaje constante.\",\"sameAs\":[\"http:\/\/www.enrutapress.com\/companysdeviatge\/?lang=es\",\"https:\/\/x.com\/susannarafi\"],\"url\":\"https:\/\/www.emagister.com\/blog\/author\/susannar\/\"}]}<\/script>\n<!-- \/ Yoast SEO Premium plugin. -->","yoast_head_json":{"title":"This Way Up 2015, un foro de CEO europeos en Barcelona - Blog Emagister","robots":{"index":"index","follow":"follow"},"canonical":"https:\/\/www.emagister.com\/blog\/way-2015-un-foro-de-ceo-europeos-en-barcelona\/","og_locale":"es_ES","og_type":"article","og_title":"This Way Up 2015, un foro de CEO europeos en Barcelona","og_description":"Barcelona acoge cada vez m\u00e1s eventos profesionales internacionales y se ha convertido tambi\u00e9n en incubadora de startups y plataforma de ... Leer m\u00e1s","og_url":"https:\/\/www.emagister.com\/blog\/way-2015-un-foro-de-ceo-europeos-en-barcelona\/","og_site_name":"Blog Emagister","article_publisher":"https:\/\/www.facebook.com\/Emagister\/","article_published_time":"2015-05-28T11:28:33+00:00","article_modified_time":"2021-05-03T09:58:16+00:00","og_image":[{"width":2122,"height":1415,"url":"https:\/\/www.emagister.com\/blog\/wp-content\/uploads\/2015\/05\/ThinkstockPhotos-183993890.jpg","type":"image\/jpeg"}],"author":"Susanna Rodr\u00edguez","twitter_card":"summary_large_image","twitter_creator":"@susannarafi","twitter_site":"@emagister","twitter_misc":{"Escrito por":"Susanna Rodr\u00edguez","Tiempo de lectura":"3 minutos"},"schema":{"@context":"https:\/\/schema.org","@graph":[{"@type":"Article","@id":"https:\/\/www.emagister.com\/blog\/way-2015-un-foro-de-ceo-europeos-en-barcelona\/#article","isPartOf":{"@id":"https:\/\/www.emagister.com\/blog\/way-2015-un-foro-de-ceo-europeos-en-barcelona\/"},"author":{"name":"Susanna Rodr\u00edguez","@id":"https:\/\/www.emagister.com\/blog\/#\/schema\/person\/84df2c142aa694f6a8b2ab668c595bb0"},"headline":"This Way Up 2015, un foro de CEO europeos en Barcelona","datePublished":"2015-05-28T11:28:33+00:00","dateModified":"2021-05-03T09:58:16+00:00","mainEntityOfPage":{"@id":"https:\/\/www.emagister.com\/blog\/way-2015-un-foro-de-ceo-europeos-en-barcelona\/"},"wordCount":543,"commentCount":0,"publisher":{"@id":"https:\/\/www.emagister.com\/blog\/#organization"},"image":{"@id":"https:\/\/www.emagister.com\/blog\/way-2015-un-foro-de-ceo-europeos-en-barcelona\/#primaryimage"},"thumbnailUrl":"https:\/\/www.emagister.com\/blog\/wp-content\/uploads\/2015\/05\/ThinkstockPhotos-183993890.jpg","keywords":["empresarios","pymes","empresas directivos","This Way Up","emprendedores","networking","startup","liderazgo"],"articleSection":["Actualidad Emagister"],"inLanguage":"es","potentialAction":[{"@type":"CommentAction","name":"Comment","target":["https:\/\/www.emagister.com\/blog\/way-2015-un-foro-de-ceo-europeos-en-barcelona\/#respond"]}]},{"@type":"WebPage","@id":"https:\/\/www.emagister.com\/blog\/way-2015-un-foro-de-ceo-europeos-en-barcelona\/","url":"https:\/\/www.emagister.com\/blog\/way-2015-un-foro-de-ceo-europeos-en-barcelona\/","name":"This Way Up 2015, un foro de CEO europeos en Barcelona - Blog Emagister","isPartOf":{"@id":"https:\/\/www.emagister.com\/blog\/#website"},"primaryImageOfPage":{"@id":"https:\/\/www.emagister.com\/blog\/way-2015-un-foro-de-ceo-europeos-en-barcelona\/#primaryimage"},"image":{"@id":"https:\/\/www.emagister.com\/blog\/way-2015-un-foro-de-ceo-europeos-en-barcelona\/#primaryimage"},"thumbnailUrl":"https:\/\/www.emagister.com\/blog\/wp-content\/uploads\/2015\/05\/ThinkstockPhotos-183993890.jpg","datePublished":"2015-05-28T11:28:33+00:00","dateModified":"2021-05-03T09:58:16+00:00","breadcrumb":{"@id":"https:\/\/www.emagister.com\/blog\/way-2015-un-foro-de-ceo-europeos-en-barcelona\/#breadcrumb"},"inLanguage":"es","potentialAction":[{"@type":"ReadAction","target":["https:\/\/www.emagister.com\/blog\/way-2015-un-foro-de-ceo-europeos-en-barcelona\/"]}]},{"@type":"ImageObject","inLanguage":"es","@id":"https:\/\/www.emagister.com\/blog\/way-2015-un-foro-de-ceo-europeos-en-barcelona\/#primaryimage","url":"https:\/\/www.emagister.com\/blog\/wp-content\/uploads\/2015\/05\/ThinkstockPhotos-183993890.jpg","contentUrl":"https:\/\/www.emagister.com\/blog\/wp-content\/uploads\/2015\/05\/ThinkstockPhotos-183993890.jpg","width":2122,"height":1415},{"@type":"BreadcrumbList","@id":"https:\/\/www.emagister.com\/blog\/way-2015-un-foro-de-ceo-europeos-en-barcelona\/#breadcrumb","itemListElement":[{"@type":"ListItem","position":1,"name":"Blog Emagister","item":"https:\/\/www.emagister.com\/blog\/"},{"@type":"ListItem","position":2,"name":"Actualidad Emagister","item":"https:\/\/www.emagister.com\/blog\/noticias\/"},{"@type":"ListItem","position":3,"name":"This Way Up 2015, un foro de CEO europeos en Barcelona"}]},{"@type":"WebSite","@id":"https:\/\/www.emagister.com\/blog\/#website","url":"https:\/\/www.emagister.com\/blog\/","name":"Blog Emagister","description":"Gu\u00eda de orientaci\u00f3n sobre estudios y tendencias de formaci\u00f3n","publisher":{"@id":"https:\/\/www.emagister.com\/blog\/#organization"},"potentialAction":[{"@type":"SearchAction","target":{"@type":"EntryPoint","urlTemplate":"https:\/\/www.emagister.com\/blog\/?s={search_term_string}"},"query-input":{"@type":"PropertyValueSpecification","valueRequired":true,"valueName":"search_term_string"}}],"inLanguage":"es"},{"@type":"Organization","@id":"https:\/\/www.emagister.com\/blog\/#organization","name":"Emagister","url":"https:\/\/www.emagister.com\/blog\/","logo":{"@type":"ImageObject","inLanguage":"es","@id":"https:\/\/www.emagister.com\/blog\/#\/schema\/logo\/image\/","url":"https:\/\/www.emagister.com\/blog\/wp-content\/uploads\/2017\/02\/photo.png","contentUrl":"https:\/\/www.emagister.com\/blog\/wp-content\/uploads\/2017\/02\/photo.png","width":120,"height":120,"caption":"Emagister"},"image":{"@id":"https:\/\/www.emagister.com\/blog\/#\/schema\/logo\/image\/"},"sameAs":["https:\/\/www.facebook.com\/Emagister\/","https:\/\/x.com\/emagister","https:\/\/www.instagram.com\/emagister\/","https:\/\/www.linkedin.com\/company\/emagister-com\/","https:\/\/www.pinterest.es\/emagister\/","https:\/\/www.youtube.com\/user\/emagister\/","https:\/\/es.wikipedia.org\/wiki\/Emagister"]},{"@type":"Person","@id":"https:\/\/www.emagister.com\/blog\/#\/schema\/person\/84df2c142aa694f6a8b2ab668c595bb0","name":"Susanna Rodr\u00edguez","image":{"@type":"ImageObject","inLanguage":"es","@id":"https:\/\/www.emagister.com\/blog\/#\/schema\/person\/image\/","url":"https:\/\/secure.gravatar.com\/avatar\/91191c4f17223e82f02bf1e6ceaa1a27da4f4370e0b88374c63cb0ccccb319da?s=96&r=g","contentUrl":"https:\/\/secure.gravatar.com\/avatar\/91191c4f17223e82f02bf1e6ceaa1a27da4f4370e0b88374c63cb0ccccb319da?s=96&r=g","caption":"Susanna Rodr\u00edguez"},"description":"Periodista con larga experiencia en consultor\u00eda, me reorient\u00e9 hacia la comunicaci\u00f3n y el marketing y me especialic\u00e9 en viajes y turismo. Tambi\u00e9n soy escritora y blogger de viajes. Apasionada de la fotograf\u00eda y del senderismo, me gusta estar cerca de la naturaleza. En aprendizaje constante.","sameAs":["http:\/\/www.enrutapress.com\/companysdeviatge\/?lang=es","https:\/\/x.com\/susannarafi"],"url":"https:\/\/www.emagister.com\/blog\/author\/susannar\/"}]}},"_links":{"self":[{"href":"https:\/\/www.emagister.com\/blog\/wp-json\/wp\/v2\/posts\/19692","targetHints":{"allow":["GET"]}}],"collection":[{"href":"https:\/\/www.emagister.com\/blog\/wp-json\/wp\/v2\/posts"}],"about":[{"href":"https:\/\/www.emagister.com\/blog\/wp-json\/wp\/v2\/types\/post"}],"author":[{"embeddable":true,"href":"https:\/\/www.emagister.com\/blog\/wp-json\/wp\/v2\/users\/133"}],"replies":[{"embeddable":true,"href":"https:\/\/www.emagister.com\/blog\/wp-json\/wp\/v2\/comments?post=19692"}],"version-history":[{"count":1,"href":"https:\/\/www.emagister.com\/blog\/wp-json\/wp\/v2\/posts\/19692\/revisions"}],"predecessor-version":[{"id":125223,"href":"https:\/\/www.emagister.com\/blog\/wp-json\/wp\/v2\/posts\/19692\/revisions\/125223"}],"wp:featuredmedia":[{"embeddable":true,"href":"https:\/\/www.emagister.com\/blog\/wp-json\/wp\/v2\/media\/20084"}],"wp:attachment":[{"href":"https:\/\/www.emagister.com\/blog\/wp-json\/wp\/v2\/media?parent=19692"}],"wp:term":[{"taxonomy":"category","embeddable":true,"href":"https:\/\/www.emagister.com\/blog\/wp-json\/wp\/v2\/categories?post=19692"},{"taxonomy":"post_tag","embeddable":true,"href":"https:\/\/www.emagister.com\/blog\/wp-json\/wp\/v2\/tags?post=19692"}],"curies":[{"name":"wp","href":"https:\/\/api.w.org\/{rel}","templated":true}]}}