{"id":22008,"date":"2015-09-09T09:00:12","date_gmt":"2015-09-09T07:00:12","guid":{"rendered":"https:\/\/www.emagister.com\/blog\/?p=22008"},"modified":"2017-07-13T18:02:58","modified_gmt":"2017-07-13T16:02:58","slug":"los-titulos-fp-mas-salidas","status":"publish","type":"post","link":"https:\/\/www.emagister.com\/blog\/los-titulos-fp-mas-salidas\/","title":{"rendered":"Los t\u00edtulos de FP con m\u00e1s salidas"},"content":{"rendered":"<p style=\"text-align: justify;\"><span style=\"font-weight: 400;\">La situaci\u00f3n del mercado laboral como consecuencia de la crisis o la subida de las tasas universitarias son algunos de los motivos que dirigen a muchos estudiantes a la <\/span><a href=\"https:\/\/www.emagister.com\/formacion-profesional\/\" target=\"_blank\"><span style=\"font-weight: 400;\">Formaci\u00f3n Profesional<\/span><\/a><span style=\"font-weight: 400;\">. Adem\u00e1s, estas titulaciones tambi\u00e9n ofrecen otras ventajas como son la especializaci\u00f3n en un \u00e1rea concreta o la duraci\u00f3n de los cursos, que suele ser menor que la de los grados universitarios.<\/span><\/p>\n<p style=\"text-align: justify;\"><!--more--><\/p>\n<p style=\"text-align: justify;\">Hay que tener en cuenta que algunos t\u00edtulos tienen una mejor perspectiva de colocaci\u00f3n a la hora de buscar trabajo, aunque nunca viene de m\u00e1s echar una ojeada a las estad\u00edsticas. Algunas de las especializaciones tienen m\u00e1s salidas que otras lo que puede ayudar a los estudiantes a decantarse por un tema u otro. <span style=\"font-weight: 400;\">Seg\u00fan datos del estudio llevado a cabo por el <strong>Ministerio de Educaci\u00f3n<\/strong>, durante el 2014 la mayor\u00eda de los contratos de trabajo relacionados con la <strong>Formaci\u00f3n profesional<\/strong> los concentraron nueve titulaciones. En Espa\u00f1a se imparten actualmente 172 t\u00edtulos de FP. En concreto, los ciclos formativos de <\/span><span style=\"font-weight: 400;\"><strong>Gesti\u00f3n Administrativa, Cuidados Auxiliares de Enfermer\u00eda y Administraci\u00f3n y Finanzas<\/strong> son los que m\u00e1s \u00e9xito tuvieron en lo que a contratos se refiere.<\/span><\/p>\n<p style=\"text-align: justify;\">A estos, tambi\u00e9n seg\u00fan los datos extra\u00eddos de este informe ministerial, les siguen los t\u00edtulos de <strong>Educaci\u00f3n Infantil, Electromec\u00e1nica o Peluquer\u00eda<\/strong>. El porcentaje de alumnos de Formaci\u00f3n Profesional que encontraron un trabajo aument\u00f3 un 14% desde el a\u00f1o anterior, lo que no deja de ser, como poco, llamativo teniendo en cuenta la situaci\u00f3n econ\u00f3mica actual.<\/p>\n<figure id=\"attachment_22055\" aria-describedby=\"caption-attachment-22055\" style=\"width: 428px\" class=\"wp-caption aligncenter\"><img loading=\"lazy\" decoding=\"async\" class=\"wp-image-22055 size-full\" src=\"https:\/\/www.emagister.com\/blog\/wp-content\/uploads\/2015\/09\/ThinkstockPhotos-474998338.jpg\" alt=\"Flat Hexagonal School Subjects Icons with Long Shadows\" width=\"438\" height=\"394\" srcset=\"https:\/\/www.emagister.com\/blog\/wp-content\/uploads\/2015\/09\/ThinkstockPhotos-474998338.jpg 438w, https:\/\/www.emagister.com\/blog\/wp-content\/uploads\/2015\/09\/ThinkstockPhotos-474998338-80x72.jpg 80w\" sizes=\"auto, (max-width: 438px) 100vw, 438px\" \/><figcaption id=\"caption-attachment-22055\" class=\"wp-caption-text\"><em>Las titulaciones de Formaci\u00f3n Profesional que se imparten en el pa\u00eds est\u00e1n divididas en 16 familias profesionales, con m\u00faltiples salidas laborales<\/em><\/figcaption><\/figure>\n<p style=\"text-align: justify;\">Por si acaso, no hay que dejar de observar un dato significativo y es que en este mapa de inserci\u00f3n laboral no se contempla si los titulados fueron contratados para desarrollar un trabajo relacionado con su formaci\u00f3n o no. Evidentemente es una cuesti\u00f3n importante, as\u00ed que lo recomendable es tomarse la tabla de porcentajes como una lista orientativa. Las exigencias del mercado tambi\u00e9n van cambiando as\u00ed que ninguna cifra es fiable al 100%.<\/p>\n<p style=\"text-align: justify;\">Las titulaciones de Formaci\u00f3n Profesional que se imparten en el pa\u00eds est\u00e1n divididas en 16 familias profesionales. En ellas se incluyen los cursos de FP b\u00e1sica, los de grado medio y los de grado superior (28, 55 y 89 respectivamente). No ser\u00e1 por oferta\u2026<\/p>\n<p style=\"text-align: justify;\"><b>\u00bfCu\u00e1l es el ranking completo?<\/b><\/p>\n<p style=\"text-align: justify;\"><span style=\"font-weight: 400;\">Seg\u00fan el gr\u00e1fico elaborado por el peri\u00f3dico <\/span><span style=\"font-weight: 400;\">El Pa\u00eds<\/span><span style=\"font-weight: 400;\"> a partir del informe del ministerio, la lista de los 10 primeros quedar\u00eda de la siguiente manera (los datos s\u00f3lo corresponden a las titulaciones de grado medio y superior):<\/span><\/p>\n<ol style=\"text-align: justify;\">\n<li><a href=\"https:\/\/www.emagister.com\/formacion-profesional\/tecnico-gestion-administrativa-loe-tit-26.htm\" target=\"_blank\"><span style=\"font-weight: 400;\">Gesti\u00f3n administrativa<\/span><\/a><span style=\"font-weight: 400;\"> 17%<\/span><\/li>\n<li><a href=\"https:\/\/www.emagister.com\/formacion-profesional\/tecnico-cuidados-auxiliares-enfermeria-logse-tit-114.htm\" target=\"_blank\"><span style=\"font-weight: 400;\">Cuidados auxiliares de enfermer\u00eda<\/span><\/a><span style=\"font-weight: 400;\"> 12,6%<\/span><\/li>\n<li><a href=\"https:\/\/www.emagister.com\/formacion-profesional\/tecnico-superior-administracion-finanzas-loe-tit-141.htm\" target=\"_blank\"><span style=\"font-weight: 400;\">Administraci\u00f3n y finanzas<\/span><\/a><span style=\"font-weight: 400;\"> 10,8%<\/span><\/li>\n<li><a href=\"https:\/\/www.emagister.com\/formacion-profesional\/tecnico-superior-educacion-infantil-loe-tit-263.htm\" target=\"_blank\"><span style=\"font-weight: 400;\">Educaci\u00f3n infantil<\/span><\/a><span style=\"font-weight: 400;\"> 3,3%<\/span><\/li>\n<li><a href=\"https:\/\/www.emagister.com\/formacion-profesional\/tecnico-electromecanica-vehiculos-automoviles-loe-tit-134.htm\" target=\"_blank\"><span style=\"font-weight: 400;\">Electromec\u00e1nica de veh\u00edculos autom\u00f3viles<\/span><\/a><span style=\"font-weight: 400;\"> 2,9%<\/span><\/li>\n<li><a href=\"https:\/\/www.emagister.com\/formacion-profesional\/tecnico-peluqueria-cosmetica-capilar-loe-tit-71.htm\" target=\"_blank\"><span style=\"font-weight: 400;\">Peluquer\u00eda y cosm\u00e9tica capilar<\/span><\/a><span style=\"font-weight: 400;\"> 2,6%<\/span><\/li>\n<li><a href=\"https:\/\/www.emagister.com\/formacion-profesional\/tecnico-equipos-electronicos-consumo-logse-tit-50.htm\" target=\"_blank\"><span style=\"font-weight: 400;\">Equipos electr\u00f3nicos de consumo<\/span><\/a><span style=\"font-weight: 400;\"> 2,5%<\/span><\/li>\n<li><a href=\"https:\/\/www.emagister.com\/formacion-profesional\/tecnico-superior-desarrollo-aplicaciones-multiplataforma-loe-tit-218.htm\" target=\"_blank\"><span style=\"font-weight: 400;\">Desarrollo de aplicaciones multiplataforma<\/span><\/a><span style=\"font-weight: 400;\"> 1,8%<\/span><\/li>\n<li><a href=\"https:\/\/www.emagister.com\/formacion-profesional\/tecnico-superior-laboratorio-clinico-biomedico-loe-tit-394.htm\" target=\"_blank\"><span style=\"font-weight: 400;\">Laboratorio cl\u00ednico y biom\u00e9dico<\/span><\/a><span style=\"font-weight: 400;\"> 1,7%<\/span><\/li>\n<li><a href=\"https:\/\/www.emagister.com\/formacion-profesional\/tecnico-mecanizado-loe-tit-57.htm\" target=\"_blank\"><span style=\"font-weight: 400;\">Mecanizado<\/span><\/a><span style=\"font-weight: 400;\"> 1,6%<\/span><\/li>\n<\/ol>\n<p style=\"text-align: justify;\"><span style=\"font-weight: 400;\">Con la llegada de la LOMCE (Ley Org\u00e1nica para la Mejora de la Calidad Educativa, tambi\u00e9n conocida como <\/span><i><span style=\"font-weight: 400;\">Ley Wert<\/span><\/i><span style=\"font-weight: 400;\">) apareci\u00f3 una nueva v\u00eda llamada Formaci\u00f3n Profesional Dual, que permite al alumno combinar horas de estudio y formaci\u00f3n pr\u00e1ctica en empresas. Las ofertas y caracter\u00edsticas de este tipo de titulaci\u00f3n var\u00edan seg\u00fan cada Comunidad Aut\u00f3noma: los detalles pueden consultarse en la <\/span><span style=\"font-weight: 400;\">web del Ministerio<\/span><span style=\"font-weight: 400;\">.<\/span><\/p>\n<p style=\"text-align: justify;\"><span style=\"font-weight: 400;\">Si est\u00e1s pensando en escoger una titulaci\u00f3n de\u00a0<\/span><span style=\"font-weight: 400;\"><a href=\"https:\/\/www.emagister.com\/formacion-profesional\/\" target=\"_blank\">Formaci\u00f3n Profesional<\/a>\u00a0<\/span><span style=\"font-weight: 400;\">como v\u00eda educativa, en <\/span><b><a href=\"https:\/\/www.emagister.com\">Emagister<\/a><\/b><span style=\"font-weight: 400;\"> puedes encontrar todas las opciones<strong> \u00a1Encuentra la m\u00e1s adecuada para ti!<\/strong><\/span><\/p>\n","protected":false},"excerpt":{"rendered":"<p>La situaci\u00f3n del mercado laboral como consecuencia de la crisis o la subida de las tasas universitarias son algunos de &#8230; <a title=\"Los t\u00edtulos de FP con m\u00e1s salidas\" class=\"read-more\" href=\"https:\/\/www.emagister.com\/blog\/los-titulos-fp-mas-salidas\/\" aria-label=\"M\u00e1s en Los t\u00edtulos de FP con m\u00e1s salidas\">Leer m\u00e1s<\/a><\/p>\n","protected":false},"author":130,"featured_media":22053,"comment_status":"open","ping_status":"open","sticky":false,"template":"","format":"standard","meta":{"_acf_changed":false,"inline_featured_image":false,"footnotes":""},"categories":[8330,8375,8380,8437],"tags":[96,661,890,891,1285,2737,5781],"class_list":["post-22008","post","type-post","status-publish","format-standard","has-post-thumbnail","hentry","category-orientacion","category-elegir-fp","category-estudiar-para-trabajar","category-fp-empleo","tag-formacion-profesional","tag-trabajo","tag-grado-medio","tag-grado-superior","tag-salidas-laborales","tag-fp-basica","tag-que-estudiar-para-encontrar-empleo","generate-columns","tablet-grid-50","mobile-grid-100","grid-parent","grid-25"],"acf":{"bannerid1":null,"bannerid2":null,"hreflang":null,"estilo_titulo":null,"fecha":null,"mostrar_faldon":null,"texto_faldon":null,"link_faldon":null,"link_texto_faldon":null,"link_button_faldon":null,"noticiasElPais":null,"noticiasLaVanguardia":null},"yoast_head":"<!-- This site is optimized with the Yoast SEO Premium plugin v18.1 (Yoast SEO v27.0) - https:\/\/yoast.com\/product\/yoast-seo-premium-wordpress\/ -->\n<title>Los t\u00edtulos de FP con m\u00e1s salidas - Blog Emagister<\/title>\n<meta name=\"description\" content=\"En Espa\u00f1a se imparten 172 t\u00edtulos de FP. Los ciclos formativos de Gesti\u00f3n Administrativa, o Cuidados Auxiliares de Enfermer\u00eda cuentan con muchas salidas\" \/>\n<meta name=\"robots\" content=\"index, follow\" \/>\n<link rel=\"canonical\" href=\"https:\/\/www.emagister.com\/blog\/los-titulos-fp-mas-salidas\/\" \/>\n<meta property=\"og:locale\" content=\"es_ES\" \/>\n<meta property=\"og:type\" content=\"article\" \/>\n<meta property=\"og:title\" content=\"Los t\u00edtulos de FP con m\u00e1s salidas\" \/>\n<meta property=\"og:description\" content=\"En Espa\u00f1a se imparten 172 t\u00edtulos de FP. Los ciclos formativos de Gesti\u00f3n Administrativa, o Cuidados Auxiliares de Enfermer\u00eda cuentan con muchas salidas\" \/>\n<meta property=\"og:url\" content=\"https:\/\/www.emagister.com\/blog\/los-titulos-fp-mas-salidas\/\" \/>\n<meta property=\"og:site_name\" content=\"Blog Emagister\" \/>\n<meta property=\"article:publisher\" content=\"https:\/\/www.facebook.com\/Emagister\/\" \/>\n<meta property=\"article:published_time\" content=\"2015-09-09T07:00:12+00:00\" \/>\n<meta property=\"article:modified_time\" content=\"2017-07-13T16:02:58+00:00\" \/>\n<meta property=\"og:image\" content=\"https:\/\/www.emagister.com\/blog\/wp-content\/uploads\/2015\/09\/ThinkstockPhotos-166671623.jpg\" \/>\n\t<meta property=\"og:image:width\" content=\"507\" \/>\n\t<meta property=\"og:image:height\" content=\"338\" \/>\n\t<meta property=\"og:image:type\" content=\"image\/jpeg\" \/>\n<meta name=\"author\" content=\"Carmen L\u00f3pez\" \/>\n<meta name=\"twitter:card\" content=\"summary_large_image\" \/>\n<meta name=\"twitter:creator\" content=\"@emagister\" \/>\n<meta name=\"twitter:site\" content=\"@emagister\" \/>\n<meta name=\"twitter:label1\" content=\"Escrito por\" \/>\n\t<meta name=\"twitter:data1\" content=\"Carmen L\u00f3pez\" \/>\n\t<meta name=\"twitter:label2\" content=\"Tiempo de lectura\" \/>\n\t<meta name=\"twitter:data2\" content=\"3 minutos\" \/>\n<script type=\"application\/ld+json\" class=\"yoast-schema-graph\">{\"@context\":\"https:\/\/schema.org\",\"@graph\":[{\"@type\":\"Article\",\"@id\":\"https:\/\/www.emagister.com\/blog\/los-titulos-fp-mas-salidas\/#article\",\"isPartOf\":{\"@id\":\"https:\/\/www.emagister.com\/blog\/los-titulos-fp-mas-salidas\/\"},\"author\":{\"name\":\"Carmen L\u00f3pez\",\"@id\":\"https:\/\/www.emagister.com\/blog\/#\/schema\/person\/f03b2d4c2e6932a080b47b75f0eb8c6d\"},\"headline\":\"Los t\u00edtulos de FP con m\u00e1s salidas\",\"datePublished\":\"2015-09-09T07:00:12+00:00\",\"dateModified\":\"2017-07-13T16:02:58+00:00\",\"mainEntityOfPage\":{\"@id\":\"https:\/\/www.emagister.com\/blog\/los-titulos-fp-mas-salidas\/\"},\"wordCount\":628,\"commentCount\":1,\"publisher\":{\"@id\":\"https:\/\/www.emagister.com\/blog\/#organization\"},\"image\":{\"@id\":\"https:\/\/www.emagister.com\/blog\/los-titulos-fp-mas-salidas\/#primaryimage\"},\"thumbnailUrl\":\"https:\/\/www.emagister.com\/blog\/wp-content\/uploads\/2015\/09\/ThinkstockPhotos-166671623.jpg\",\"keywords\":[\"formaci\u00f3n profesional\",\"trabajo\",\"Grado Medio\",\"Grado Superior\",\"salidas laborales\",\"fp basica\",\"qu\u00e9 estudiar para encontrar empleo\"],\"articleSection\":[\"Si no sabes qu\u00e9 estudiar\",\"Qu\u00e9 FP elegir\",\"Qu\u00e9 estudiar para trabajar\",\"FP y empleo\"],\"inLanguage\":\"es\",\"potentialAction\":[{\"@type\":\"CommentAction\",\"name\":\"Comment\",\"target\":[\"https:\/\/www.emagister.com\/blog\/los-titulos-fp-mas-salidas\/#respond\"]}]},{\"@type\":\"WebPage\",\"@id\":\"https:\/\/www.emagister.com\/blog\/los-titulos-fp-mas-salidas\/\",\"url\":\"https:\/\/www.emagister.com\/blog\/los-titulos-fp-mas-salidas\/\",\"name\":\"Los t\u00edtulos de FP con m\u00e1s salidas - Blog Emagister\",\"isPartOf\":{\"@id\":\"https:\/\/www.emagister.com\/blog\/#website\"},\"primaryImageOfPage\":{\"@id\":\"https:\/\/www.emagister.com\/blog\/los-titulos-fp-mas-salidas\/#primaryimage\"},\"image\":{\"@id\":\"https:\/\/www.emagister.com\/blog\/los-titulos-fp-mas-salidas\/#primaryimage\"},\"thumbnailUrl\":\"https:\/\/www.emagister.com\/blog\/wp-content\/uploads\/2015\/09\/ThinkstockPhotos-166671623.jpg\",\"datePublished\":\"2015-09-09T07:00:12+00:00\",\"dateModified\":\"2017-07-13T16:02:58+00:00\",\"description\":\"En Espa\u00f1a se imparten 172 t\u00edtulos de FP. Los ciclos formativos de Gesti\u00f3n Administrativa, o Cuidados Auxiliares de Enfermer\u00eda cuentan con muchas salidas\",\"breadcrumb\":{\"@id\":\"https:\/\/www.emagister.com\/blog\/los-titulos-fp-mas-salidas\/#breadcrumb\"},\"inLanguage\":\"es\",\"potentialAction\":[{\"@type\":\"ReadAction\",\"target\":[\"https:\/\/www.emagister.com\/blog\/los-titulos-fp-mas-salidas\/\"]}]},{\"@type\":\"ImageObject\",\"inLanguage\":\"es\",\"@id\":\"https:\/\/www.emagister.com\/blog\/los-titulos-fp-mas-salidas\/#primaryimage\",\"url\":\"https:\/\/www.emagister.com\/blog\/wp-content\/uploads\/2015\/09\/ThinkstockPhotos-166671623.jpg\",\"contentUrl\":\"https:\/\/www.emagister.com\/blog\/wp-content\/uploads\/2015\/09\/ThinkstockPhotos-166671623.jpg\",\"width\":507,\"height\":338,\"caption\":\"Hands Up\"},{\"@type\":\"BreadcrumbList\",\"@id\":\"https:\/\/www.emagister.com\/blog\/los-titulos-fp-mas-salidas\/#breadcrumb\",\"itemListElement\":[{\"@type\":\"ListItem\",\"position\":1,\"name\":\"Blog Emagister\",\"item\":\"https:\/\/www.emagister.com\/blog\/\"},{\"@type\":\"ListItem\",\"position\":2,\"name\":\"Sistema educativo y titulaciones\",\"item\":\"https:\/\/www.emagister.com\/blog\/titulaciones\/\"},{\"@type\":\"ListItem\",\"position\":3,\"name\":\"Formaci\u00f3n profesional\",\"item\":\"https:\/\/www.emagister.com\/blog\/titulaciones\/fp\/\"},{\"@type\":\"ListItem\",\"position\":4,\"name\":\"Qu\u00e9 FP elegir\",\"item\":\"https:\/\/www.emagister.com\/blog\/titulaciones\/fp\/elegir-fp\/\"},{\"@type\":\"ListItem\",\"position\":5,\"name\":\"Los t\u00edtulos de FP con m\u00e1s salidas\"}]},{\"@type\":\"WebSite\",\"@id\":\"https:\/\/www.emagister.com\/blog\/#website\",\"url\":\"https:\/\/www.emagister.com\/blog\/\",\"name\":\"Blog Emagister\",\"description\":\"Gu\u00eda de orientaci\u00f3n sobre estudios y tendencias de formaci\u00f3n\",\"publisher\":{\"@id\":\"https:\/\/www.emagister.com\/blog\/#organization\"},\"potentialAction\":[{\"@type\":\"SearchAction\",\"target\":{\"@type\":\"EntryPoint\",\"urlTemplate\":\"https:\/\/www.emagister.com\/blog\/?s={search_term_string}\"},\"query-input\":{\"@type\":\"PropertyValueSpecification\",\"valueRequired\":true,\"valueName\":\"search_term_string\"}}],\"inLanguage\":\"es\"},{\"@type\":\"Organization\",\"@id\":\"https:\/\/www.emagister.com\/blog\/#organization\",\"name\":\"Emagister\",\"url\":\"https:\/\/www.emagister.com\/blog\/\",\"logo\":{\"@type\":\"ImageObject\",\"inLanguage\":\"es\",\"@id\":\"https:\/\/www.emagister.com\/blog\/#\/schema\/logo\/image\/\",\"url\":\"https:\/\/www.emagister.com\/blog\/wp-content\/uploads\/2017\/02\/photo.png\",\"contentUrl\":\"https:\/\/www.emagister.com\/blog\/wp-content\/uploads\/2017\/02\/photo.png\",\"width\":120,\"height\":120,\"caption\":\"Emagister\"},\"image\":{\"@id\":\"https:\/\/www.emagister.com\/blog\/#\/schema\/logo\/image\/\"},\"sameAs\":[\"https:\/\/www.facebook.com\/Emagister\/\",\"https:\/\/x.com\/emagister\",\"https:\/\/www.instagram.com\/emagister\/\",\"https:\/\/www.linkedin.com\/company\/emagister-com\/\",\"https:\/\/www.pinterest.es\/emagister\/\",\"https:\/\/www.youtube.com\/user\/emagister\/\",\"https:\/\/es.wikipedia.org\/wiki\/Emagister\"]},{\"@type\":\"Person\",\"@id\":\"https:\/\/www.emagister.com\/blog\/#\/schema\/person\/f03b2d4c2e6932a080b47b75f0eb8c6d\",\"name\":\"Carmen L\u00f3pez\",\"image\":{\"@type\":\"ImageObject\",\"inLanguage\":\"es\",\"@id\":\"https:\/\/www.emagister.com\/blog\/#\/schema\/person\/image\/\",\"url\":\"https:\/\/secure.gravatar.com\/avatar\/d7d9814ed4a3e4b8827894114246383ab2a52b1aa102c3f519bab4a312c70f48?s=96&r=g\",\"contentUrl\":\"https:\/\/secure.gravatar.com\/avatar\/d7d9814ed4a3e4b8827894114246383ab2a52b1aa102c3f519bab4a312c70f48?s=96&r=g\",\"caption\":\"Carmen L\u00f3pez\"},\"url\":\"https:\/\/www.emagister.com\/blog\/author\/carmenl\/\"}]}<\/script>\n<!-- \/ Yoast SEO Premium plugin. -->","yoast_head_json":{"title":"Los t\u00edtulos de FP con m\u00e1s salidas - Blog Emagister","description":"En Espa\u00f1a se imparten 172 t\u00edtulos de FP. Los ciclos formativos de Gesti\u00f3n Administrativa, o Cuidados Auxiliares de Enfermer\u00eda cuentan con muchas salidas","robots":{"index":"index","follow":"follow"},"canonical":"https:\/\/www.emagister.com\/blog\/los-titulos-fp-mas-salidas\/","og_locale":"es_ES","og_type":"article","og_title":"Los t\u00edtulos de FP con m\u00e1s salidas","og_description":"En Espa\u00f1a se imparten 172 t\u00edtulos de FP. Los ciclos formativos de Gesti\u00f3n Administrativa, o Cuidados Auxiliares de Enfermer\u00eda cuentan con muchas salidas","og_url":"https:\/\/www.emagister.com\/blog\/los-titulos-fp-mas-salidas\/","og_site_name":"Blog Emagister","article_publisher":"https:\/\/www.facebook.com\/Emagister\/","article_published_time":"2015-09-09T07:00:12+00:00","article_modified_time":"2017-07-13T16:02:58+00:00","og_image":[{"width":507,"height":338,"url":"https:\/\/www.emagister.com\/blog\/wp-content\/uploads\/2015\/09\/ThinkstockPhotos-166671623.jpg","type":"image\/jpeg"}],"author":"Carmen L\u00f3pez","twitter_card":"summary_large_image","twitter_creator":"@emagister","twitter_site":"@emagister","twitter_misc":{"Escrito por":"Carmen L\u00f3pez","Tiempo de lectura":"3 minutos"},"schema":{"@context":"https:\/\/schema.org","@graph":[{"@type":"Article","@id":"https:\/\/www.emagister.com\/blog\/los-titulos-fp-mas-salidas\/#article","isPartOf":{"@id":"https:\/\/www.emagister.com\/blog\/los-titulos-fp-mas-salidas\/"},"author":{"name":"Carmen L\u00f3pez","@id":"https:\/\/www.emagister.com\/blog\/#\/schema\/person\/f03b2d4c2e6932a080b47b75f0eb8c6d"},"headline":"Los t\u00edtulos de FP con m\u00e1s salidas","datePublished":"2015-09-09T07:00:12+00:00","dateModified":"2017-07-13T16:02:58+00:00","mainEntityOfPage":{"@id":"https:\/\/www.emagister.com\/blog\/los-titulos-fp-mas-salidas\/"},"wordCount":628,"commentCount":1,"publisher":{"@id":"https:\/\/www.emagister.com\/blog\/#organization"},"image":{"@id":"https:\/\/www.emagister.com\/blog\/los-titulos-fp-mas-salidas\/#primaryimage"},"thumbnailUrl":"https:\/\/www.emagister.com\/blog\/wp-content\/uploads\/2015\/09\/ThinkstockPhotos-166671623.jpg","keywords":["formaci\u00f3n profesional","trabajo","Grado Medio","Grado Superior","salidas laborales","fp basica","qu\u00e9 estudiar para encontrar empleo"],"articleSection":["Si no sabes qu\u00e9 estudiar","Qu\u00e9 FP elegir","Qu\u00e9 estudiar para trabajar","FP y empleo"],"inLanguage":"es","potentialAction":[{"@type":"CommentAction","name":"Comment","target":["https:\/\/www.emagister.com\/blog\/los-titulos-fp-mas-salidas\/#respond"]}]},{"@type":"WebPage","@id":"https:\/\/www.emagister.com\/blog\/los-titulos-fp-mas-salidas\/","url":"https:\/\/www.emagister.com\/blog\/los-titulos-fp-mas-salidas\/","name":"Los t\u00edtulos de FP con m\u00e1s salidas - Blog Emagister","isPartOf":{"@id":"https:\/\/www.emagister.com\/blog\/#website"},"primaryImageOfPage":{"@id":"https:\/\/www.emagister.com\/blog\/los-titulos-fp-mas-salidas\/#primaryimage"},"image":{"@id":"https:\/\/www.emagister.com\/blog\/los-titulos-fp-mas-salidas\/#primaryimage"},"thumbnailUrl":"https:\/\/www.emagister.com\/blog\/wp-content\/uploads\/2015\/09\/ThinkstockPhotos-166671623.jpg","datePublished":"2015-09-09T07:00:12+00:00","dateModified":"2017-07-13T16:02:58+00:00","description":"En Espa\u00f1a se imparten 172 t\u00edtulos de FP. Los ciclos formativos de Gesti\u00f3n Administrativa, o Cuidados Auxiliares de Enfermer\u00eda cuentan con muchas salidas","breadcrumb":{"@id":"https:\/\/www.emagister.com\/blog\/los-titulos-fp-mas-salidas\/#breadcrumb"},"inLanguage":"es","potentialAction":[{"@type":"ReadAction","target":["https:\/\/www.emagister.com\/blog\/los-titulos-fp-mas-salidas\/"]}]},{"@type":"ImageObject","inLanguage":"es","@id":"https:\/\/www.emagister.com\/blog\/los-titulos-fp-mas-salidas\/#primaryimage","url":"https:\/\/www.emagister.com\/blog\/wp-content\/uploads\/2015\/09\/ThinkstockPhotos-166671623.jpg","contentUrl":"https:\/\/www.emagister.com\/blog\/wp-content\/uploads\/2015\/09\/ThinkstockPhotos-166671623.jpg","width":507,"height":338,"caption":"Hands Up"},{"@type":"BreadcrumbList","@id":"https:\/\/www.emagister.com\/blog\/los-titulos-fp-mas-salidas\/#breadcrumb","itemListElement":[{"@type":"ListItem","position":1,"name":"Blog Emagister","item":"https:\/\/www.emagister.com\/blog\/"},{"@type":"ListItem","position":2,"name":"Sistema educativo y titulaciones","item":"https:\/\/www.emagister.com\/blog\/titulaciones\/"},{"@type":"ListItem","position":3,"name":"Formaci\u00f3n profesional","item":"https:\/\/www.emagister.com\/blog\/titulaciones\/fp\/"},{"@type":"ListItem","position":4,"name":"Qu\u00e9 FP elegir","item":"https:\/\/www.emagister.com\/blog\/titulaciones\/fp\/elegir-fp\/"},{"@type":"ListItem","position":5,"name":"Los t\u00edtulos de FP con m\u00e1s salidas"}]},{"@type":"WebSite","@id":"https:\/\/www.emagister.com\/blog\/#website","url":"https:\/\/www.emagister.com\/blog\/","name":"Blog Emagister","description":"Gu\u00eda de orientaci\u00f3n sobre estudios y tendencias de formaci\u00f3n","publisher":{"@id":"https:\/\/www.emagister.com\/blog\/#organization"},"potentialAction":[{"@type":"SearchAction","target":{"@type":"EntryPoint","urlTemplate":"https:\/\/www.emagister.com\/blog\/?s={search_term_string}"},"query-input":{"@type":"PropertyValueSpecification","valueRequired":true,"valueName":"search_term_string"}}],"inLanguage":"es"},{"@type":"Organization","@id":"https:\/\/www.emagister.com\/blog\/#organization","name":"Emagister","url":"https:\/\/www.emagister.com\/blog\/","logo":{"@type":"ImageObject","inLanguage":"es","@id":"https:\/\/www.emagister.com\/blog\/#\/schema\/logo\/image\/","url":"https:\/\/www.emagister.com\/blog\/wp-content\/uploads\/2017\/02\/photo.png","contentUrl":"https:\/\/www.emagister.com\/blog\/wp-content\/uploads\/2017\/02\/photo.png","width":120,"height":120,"caption":"Emagister"},"image":{"@id":"https:\/\/www.emagister.com\/blog\/#\/schema\/logo\/image\/"},"sameAs":["https:\/\/www.facebook.com\/Emagister\/","https:\/\/x.com\/emagister","https:\/\/www.instagram.com\/emagister\/","https:\/\/www.linkedin.com\/company\/emagister-com\/","https:\/\/www.pinterest.es\/emagister\/","https:\/\/www.youtube.com\/user\/emagister\/","https:\/\/es.wikipedia.org\/wiki\/Emagister"]},{"@type":"Person","@id":"https:\/\/www.emagister.com\/blog\/#\/schema\/person\/f03b2d4c2e6932a080b47b75f0eb8c6d","name":"Carmen L\u00f3pez","image":{"@type":"ImageObject","inLanguage":"es","@id":"https:\/\/www.emagister.com\/blog\/#\/schema\/person\/image\/","url":"https:\/\/secure.gravatar.com\/avatar\/d7d9814ed4a3e4b8827894114246383ab2a52b1aa102c3f519bab4a312c70f48?s=96&r=g","contentUrl":"https:\/\/secure.gravatar.com\/avatar\/d7d9814ed4a3e4b8827894114246383ab2a52b1aa102c3f519bab4a312c70f48?s=96&r=g","caption":"Carmen L\u00f3pez"},"url":"https:\/\/www.emagister.com\/blog\/author\/carmenl\/"}]}},"_links":{"self":[{"href":"https:\/\/www.emagister.com\/blog\/wp-json\/wp\/v2\/posts\/22008","targetHints":{"allow":["GET"]}}],"collection":[{"href":"https:\/\/www.emagister.com\/blog\/wp-json\/wp\/v2\/posts"}],"about":[{"href":"https:\/\/www.emagister.com\/blog\/wp-json\/wp\/v2\/types\/post"}],"author":[{"embeddable":true,"href":"https:\/\/www.emagister.com\/blog\/wp-json\/wp\/v2\/users\/130"}],"replies":[{"embeddable":true,"href":"https:\/\/www.emagister.com\/blog\/wp-json\/wp\/v2\/comments?post=22008"}],"version-history":[{"count":0,"href":"https:\/\/www.emagister.com\/blog\/wp-json\/wp\/v2\/posts\/22008\/revisions"}],"wp:featuredmedia":[{"embeddable":true,"href":"https:\/\/www.emagister.com\/blog\/wp-json\/wp\/v2\/media\/22053"}],"wp:attachment":[{"href":"https:\/\/www.emagister.com\/blog\/wp-json\/wp\/v2\/media?parent=22008"}],"wp:term":[{"taxonomy":"category","embeddable":true,"href":"https:\/\/www.emagister.com\/blog\/wp-json\/wp\/v2\/categories?post=22008"},{"taxonomy":"post_tag","embeddable":true,"href":"https:\/\/www.emagister.com\/blog\/wp-json\/wp\/v2\/tags?post=22008"}],"curies":[{"name":"wp","href":"https:\/\/api.w.org\/{rel}","templated":true}]}}