{"id":36526,"date":"2023-01-17T12:14:10","date_gmt":"2023-01-17T11:14:10","guid":{"rendered":"https:\/\/www.emagister.com\/blog\/?p=36526"},"modified":"2023-01-17T12:14:12","modified_gmt":"2023-01-17T11:14:12","slug":"necesitas-profesor-fp","status":"publish","type":"post","link":"https:\/\/www.emagister.com\/blog\/necesitas-profesor-fp\/","title":{"rendered":"Qu\u00e9 necesitas para ser profesor de FP"},"content":{"rendered":"\n<p>Para ser <strong>profesor o profesora de Formaci\u00f3n Profesional<\/strong>, adem\u00e1s de tener una serie de conocimientos y competencias, es necesaria una gran <strong>vocaci\u00f3n<\/strong>, ya que puede llegar a ser una profesi\u00f3n <strong>tan gratificante como exigente<\/strong>. Quiz\u00e1 no fuese la primera opci\u00f3n laboral que escogiste cuando acabaste tu formaci\u00f3n, pero tanto si lo ten\u00edas claro desde el principio como si no, hay una serie de requisitos que debes conocer.<\/p>\n\n\n\n<p>Si quieres ser profesor en un <strong>centro privado o concertado<\/strong>, la mejor opci\u00f3n es hacerles llegar tu <strong><em>curr\u00edculum<\/em><\/strong> para cuando tengan una plaza disponible, y el proceso de selecci\u00f3n depender\u00e1 de cada centro. Para entrar en un <strong>centro p\u00fablico<\/strong> es necesario superar unas <a href=\"https:\/\/www.emagister.com\/oposiciones-convocatorias\/\" target=\"_blank\" rel=\"noreferrer noopener\"><strong>oposiciones<\/strong><\/a><strong> <\/strong>o entrar en las bolsas de interinos de las comunidades aut\u00f3nomas.<\/p>\n\n\n\n<p>Pero tanto si optas por la educaci\u00f3n p\u00fablica como por la privada, tienes que saber que hay una serie de <strong>requisitos y titulaciones indispensables<\/strong> para las dos opciones:<\/p>\n\n\n\n<h2 class=\"wp-block-heading\" id=\"h-requisitos-para-ser-profesor-tecnico-de-fp\"><strong>Requisitos para ser profesor t\u00e9cnico de FP<\/strong><\/h2>\n\n\n\n<ul class=\"wp-block-list\"><li>Ser mayor de edad y ciudadano de la Uni\u00f3n Europea.<\/li><li>No contar con un expediente disciplinario previo que inhabilite el desempe\u00f1o en el cargo.<\/li><li>No poseer limitaci\u00f3n f\u00edsica o ps\u00edquica alguna, que impida el adecuado desempe\u00f1o de las tareas de docente.<\/li><li>Dependiendo de la Comunidad Aut\u00f3noma de inter\u00e9s, se debe autentificar el dominio de la lengua co-oficial establecida en la misma.<\/li><li>Contar con una <strong>Carrera universitaria<\/strong> (grado, licenciatura, ingenier\u00eda\u2026) que tenga relaci\u00f3n con la especialidad que elijas para impartir clase <strong>o ciclo formativo de grado superior<\/strong> que tenga relaci\u00f3n con la especialidad.<\/li><li>Para los titulados universitarios: estar en posesi\u00f3n del t\u00edtulo de <a href=\"https:\/\/www.emagister.com\/blog\/10-opciones-para-cursar-el-master-de-formacion-del-profesorado\/\" target=\"_blank\" rel=\"noreferrer noopener\"><strong>M\u00e1ster de Formaci\u00f3n del Profesorado<\/strong><\/a>. Esto es obligatorio para impartir clase en cualquier tipo de centro, tanto p\u00fablico como privado.<\/li><li>Para los titulados en FP superior: estar en posesi\u00f3n del <a href=\"https:\/\/www.emagister.com\/i\/certificado-formacion-pedagogica-didactica-profesorado-tecnico-fp.htm\" target=\"_blank\" rel=\"noreferrer noopener\"><strong>CAP de FP (Certificado Oficial de Formaci\u00f3n Pedag\u00f3gica y Did\u00e1ctica para Profesorado de Formaci\u00f3n Profesional sin carrera)<\/strong><\/a><strong>.\u00a0<\/strong><\/li><\/ul>\n\n\n\n<p>Vale recalcar que cada Comunidad Aut\u00f3noma puede requerir requisitos adicionales o <strong>requisitos propios<\/strong>, como por ejemplo la exigencia de alguna titulaci\u00f3n necesaria, la exigencia de una experiencia profesional relacionada con la materia a impartir o tener experiencia como docente en centros p\u00fablicos.<\/p>\n\n\n\n<p>Hay profesionales que no poseen una titulaci\u00f3n universitaria, y por tanto no pueden cursar el M\u00e1ster de Formaci\u00f3n del Profesorado. Si este es tu caso, necesitas llevar a cabo una formaci\u00f3n pedag\u00f3gica y did\u00e1ctica que pueda ser equivalente y que te habilite para el ejercicio de la docencia.<\/p>\n\n\n\n<p>Las personas que aprobaron el antiguo <strong>CAP (Certificado de Aptitud Pedag\u00f3gica)<\/strong> antes de 2009 est\u00e1n exentos de cursar este m\u00e1ster para acceder a este tipo de oposiciones.<\/p>\n\n\n\n<p>Tambi\u00e9n hay que saber que para las personas con un certificado de discapacidad de m\u00e1s del 33%, algunas comunidades aut\u00f3nomas <strong>reservan una serie de plazas<\/strong>, que oscilan entre el 5% y el 7%.<\/p>\n\n\n\n<h2 class=\"wp-block-heading\"><strong>Oposiciones a Profesor de FP<\/strong><\/h2>\n\n\n\n<p>Como el resto de las oposiciones, para los cargos de profesores o maestros, cada a\u00f1o se publican las convocatorias en el <strong>Bolet\u00edn Oficial de la Provincia (BOP)<\/strong>, en las gacetas municipales y tablones de anuncios de los ayuntamientos, y en el <strong>Bolet\u00edn Oficial del Estado<\/strong> (<strong>BOE<\/strong>).<\/p>\n\n\n\n<p>Todos los a\u00f1os, las convocatorias son llevadas a cabo entre enero y abril, mientras que las oposiciones se efect\u00faan a partir de finales de junio.<\/p>\n\n\n\n<p>Recomendamos consultar con cada comunidad aut\u00f3noma el contenido de las pruebas de oposici\u00f3n, as\u00ed como los temarios. Para prepararlas, puedes encontrar diversas opciones en el <a href=\"https:\/\/www.emagister.com\/oposiciones-convocatorias\/\" target=\"_blank\" rel=\"noreferrer noopener\"><strong>buscador de oposiciones<\/strong><\/a><strong> <\/strong>de <strong>Emagister <\/strong>o consultar el <a href=\"https:\/\/www.emagister.com\/rankings\/ranking-escuelas-academias-para-oposiciones-mejor-valoracion-rankt-20.htm\" target=\"_blank\" rel=\"noreferrer noopener\"><strong>ranking de academias de preparaci\u00f3n de oposiciones mejor valoradas.<\/strong><\/a><\/p>\n\n\n\n<h2 class=\"wp-block-heading\" id=\"h-plazas\"><strong>Plazas<\/strong><\/h2>\n\n\n\n<p>Aunque la informaci\u00f3n oficial de las plazas para las oposiciones del 2023 no est\u00e1 confirmada en su totalidad, el sitio web especialista en oposiciones <strong>Magister.com<\/strong> ha publicado un listado con las previsiones de plazas por cada Comunidad Aut\u00f3noma:<\/p>\n\n\n\n<ul class=\"wp-block-list\"><li>Madrid: 3.700 plazas<\/li><li>Andaluc\u00eda: 3.800 plazas<\/li><li>Arag\u00f3n: 1021 plazas<\/li><li>Asturias: 780 plazas<\/li><li>Baleares: 1080 plazas<\/li><li>Canarias: 1210 plazas<\/li><li>Cantabria: 595 plazas<\/li><li>Castilla de la Mancha: 1157<\/li><li>Castilla y Le\u00f3n: 1050 plazas<\/li><li>Catalu\u00f1a: 5005 plazas<\/li><li>Extremadura: 720 plazas<\/li><li>Galicia: 3000 plazas<\/li><li>La Rioja: 338 plazas<\/li><li>MEC: Ceuta-Melilla: 200 plazas<\/li><li>Murcia: 1300 plazas<\/li><li>Navarra: 883 plazas<\/li><li>Pa\u00eds Vasco: 1900 plazas<\/li><li>C. Valenciana: m\u00e1s de 2500 plazas<\/li><\/ul>\n\n\n\n<h3 class=\"wp-block-heading\"><strong>Bolsa de interinos<\/strong><\/h3>\n\n\n\n<p>Cada comunidad aut\u00f3noma tiene una <strong>bolsa de profesores interinos<\/strong>, que puede ser otra manera de acceder al empleo p\u00fablico de manera temporal o mientras no se convocan nuevas oposiciones. Para acceder a estas, es necesario aprobar una prueba espec\u00edfica de car\u00e1cter te\u00f3rico y pr\u00e1ctico. En algunos casos se puede evitar dicha prueba acreditando una cierta experiencia previa.<\/p>\n\n\n\n<p>\u00bfY t\u00fa? \u00bfHas realizado alguno de estos cursos? <strong>No olvides compartir tu opini\u00f3n con los dem\u00e1s estudiantes en Emagister<\/strong> (tanto si los has realizado a trav\u00e9s de nuestra plataforma como si no), y as\u00ed estar\u00e1s ayudando a que otras personas elijan su mejor formaci\u00f3n.<\/p>\n\n\n\n<p><\/p>\n\n\n\n<p><\/p>\n","protected":false},"excerpt":{"rendered":"<p>Para ser profesor o profesora de Formaci\u00f3n Profesional, adem\u00e1s de tener una serie de conocimientos y competencias, es necesaria una &#8230; <a title=\"Qu\u00e9 necesitas para ser profesor de FP\" class=\"read-more\" href=\"https:\/\/www.emagister.com\/blog\/necesitas-profesor-fp\/\" aria-label=\"M\u00e1s en Qu\u00e9 necesitas para ser profesor de FP\">Leer m\u00e1s<\/a><\/p>\n","protected":false},"author":239,"featured_media":132217,"comment_status":"open","ping_status":"closed","sticky":false,"template":"","format":"standard","meta":{"_acf_changed":false,"inline_featured_image":false,"footnotes":""},"categories":[8405],"tags":[4,96,181,607,7644,7645],"class_list":["post-36526","post","type-post","status-publish","format-standard","has-post-thumbnail","hentry","category-maestros-profesores-educacion","tag-oposiciones","tag-formacion-profesional","tag-profesor","tag-fp","tag-profesor-de-fp","tag-profesor-de-formacion-profesional","generate-columns","tablet-grid-50","mobile-grid-100","grid-parent","grid-25"],"acf":{"mostrar_faldon":"1","texto_faldon":"Prepara tus oposiciones a profesor de FP","link_faldon":"https:\/\/www.emagister.com\/oposiciones-convocatorias\/oposiciones-profesor-formacion-profesional-tematica-14.htm","link_texto_faldon":"Ver cursos","estilo_titulo":"","hreflang":[{"url":""}],"fecha":"publication","noticiasElPais":{"custom_snippet_image":false,"custom_snippet_title":"","custom_snippet_description":""},"noticiasLaVanguardia":{"custom_snippet_image":false,"custom_snippet_title":"","custom_snippet_description":""},"bannerid1":"","bannerid2":"","link_button_faldon":""},"yoast_head":"<!-- This site is optimized with the Yoast SEO Premium plugin v18.1 (Yoast SEO v27.0) - https:\/\/yoast.com\/product\/yoast-seo-premium-wordpress\/ -->\n<title>Qu\u00e9 necesitas para ser profesor de FP - Blog Emagister<\/title>\n<meta name=\"description\" content=\"Informaci\u00f3n sobre los requisitos para ser profesor de Formaci\u00f3n Profesional, as\u00ed como de las oposiciones y la bolsa de profesores interinos de FP.\" \/>\n<meta name=\"robots\" content=\"index, follow\" \/>\n<link rel=\"canonical\" href=\"https:\/\/www.emagister.com\/blog\/necesitas-profesor-fp\/\" \/>\n<meta property=\"og:locale\" content=\"es_ES\" \/>\n<meta property=\"og:type\" content=\"article\" \/>\n<meta property=\"og:title\" content=\"Qu\u00e9 necesitas para ser profesor de FP\" \/>\n<meta property=\"og:description\" content=\"Informaci\u00f3n sobre los requisitos para ser profesor de Formaci\u00f3n Profesional, as\u00ed como de las oposiciones y la bolsa de profesores interinos de FP.\" \/>\n<meta property=\"og:url\" content=\"https:\/\/www.emagister.com\/blog\/necesitas-profesor-fp\/\" \/>\n<meta property=\"og:site_name\" content=\"Blog Emagister\" \/>\n<meta property=\"article:publisher\" content=\"https:\/\/www.facebook.com\/Emagister\/\" \/>\n<meta property=\"article:published_time\" content=\"2023-01-17T11:14:10+00:00\" \/>\n<meta property=\"article:modified_time\" content=\"2023-01-17T11:14:12+00:00\" \/>\n<meta property=\"og:image\" content=\"https:\/\/www.emagister.com\/blog\/wp-content\/uploads\/2020\/10\/profesor.jpg\" \/>\n\t<meta property=\"og:image:width\" content=\"2100\" \/>\n\t<meta property=\"og:image:height\" content=\"1308\" \/>\n\t<meta property=\"og:image:type\" content=\"image\/jpeg\" \/>\n<meta name=\"author\" content=\"Hugo Camacho\" \/>\n<meta name=\"twitter:card\" content=\"summary_large_image\" \/>\n<meta name=\"twitter:creator\" content=\"@emagister\" \/>\n<meta name=\"twitter:site\" content=\"@emagister\" \/>\n<meta name=\"twitter:label1\" content=\"Escrito por\" \/>\n\t<meta name=\"twitter:data1\" content=\"Hugo Camacho\" \/>\n\t<meta name=\"twitter:label2\" content=\"Tiempo de lectura\" \/>\n\t<meta name=\"twitter:data2\" content=\"4 minutos\" \/>\n<script type=\"application\/ld+json\" class=\"yoast-schema-graph\">{\"@context\":\"https:\/\/schema.org\",\"@graph\":[{\"@type\":\"Article\",\"@id\":\"https:\/\/www.emagister.com\/blog\/necesitas-profesor-fp\/#article\",\"isPartOf\":{\"@id\":\"https:\/\/www.emagister.com\/blog\/necesitas-profesor-fp\/\"},\"author\":{\"name\":\"Hugo Camacho\",\"@id\":\"https:\/\/www.emagister.com\/blog\/#\/schema\/person\/28f27c7cf3749310a61c60f303044b8f\"},\"headline\":\"Qu\u00e9 necesitas para ser profesor de FP\",\"datePublished\":\"2023-01-17T11:14:10+00:00\",\"dateModified\":\"2023-01-17T11:14:12+00:00\",\"mainEntityOfPage\":{\"@id\":\"https:\/\/www.emagister.com\/blog\/necesitas-profesor-fp\/\"},\"wordCount\":844,\"commentCount\":865,\"publisher\":{\"@id\":\"https:\/\/www.emagister.com\/blog\/#organization\"},\"image\":{\"@id\":\"https:\/\/www.emagister.com\/blog\/necesitas-profesor-fp\/#primaryimage\"},\"thumbnailUrl\":\"https:\/\/www.emagister.com\/blog\/wp-content\/uploads\/2020\/10\/profesor.jpg\",\"keywords\":[\"oposiciones\",\"formaci\u00f3n profesional\",\"profesor\",\"fp\",\"profesor de FP\",\"profesor de formaci\u00f3n profesional\"],\"articleSection\":[\"Oposiciones Educaci\u00f3n\"],\"inLanguage\":\"es\",\"potentialAction\":[{\"@type\":\"CommentAction\",\"name\":\"Comment\",\"target\":[\"https:\/\/www.emagister.com\/blog\/necesitas-profesor-fp\/#respond\"]}]},{\"@type\":\"WebPage\",\"@id\":\"https:\/\/www.emagister.com\/blog\/necesitas-profesor-fp\/\",\"url\":\"https:\/\/www.emagister.com\/blog\/necesitas-profesor-fp\/\",\"name\":\"Qu\u00e9 necesitas para ser profesor de FP - Blog Emagister\",\"isPartOf\":{\"@id\":\"https:\/\/www.emagister.com\/blog\/#website\"},\"primaryImageOfPage\":{\"@id\":\"https:\/\/www.emagister.com\/blog\/necesitas-profesor-fp\/#primaryimage\"},\"image\":{\"@id\":\"https:\/\/www.emagister.com\/blog\/necesitas-profesor-fp\/#primaryimage\"},\"thumbnailUrl\":\"https:\/\/www.emagister.com\/blog\/wp-content\/uploads\/2020\/10\/profesor.jpg\",\"datePublished\":\"2023-01-17T11:14:10+00:00\",\"dateModified\":\"2023-01-17T11:14:12+00:00\",\"description\":\"Informaci\u00f3n sobre los requisitos para ser profesor de Formaci\u00f3n Profesional, as\u00ed como de las oposiciones y la bolsa de profesores interinos de FP.\",\"breadcrumb\":{\"@id\":\"https:\/\/www.emagister.com\/blog\/necesitas-profesor-fp\/#breadcrumb\"},\"inLanguage\":\"es\",\"potentialAction\":[{\"@type\":\"ReadAction\",\"target\":[\"https:\/\/www.emagister.com\/blog\/necesitas-profesor-fp\/\"]}]},{\"@type\":\"ImageObject\",\"inLanguage\":\"es\",\"@id\":\"https:\/\/www.emagister.com\/blog\/necesitas-profesor-fp\/#primaryimage\",\"url\":\"https:\/\/www.emagister.com\/blog\/wp-content\/uploads\/2020\/10\/profesor.jpg\",\"contentUrl\":\"https:\/\/www.emagister.com\/blog\/wp-content\/uploads\/2020\/10\/profesor.jpg\",\"width\":2100,\"height\":1308,\"caption\":\"Portrait of mature teacher standing in university library and looking at camera with copy space. Happy mid adult lecturer at classroom standing after giving lecture. Satisfied high school teacher smiling and looking at camera while his studets studying in background.\"},{\"@type\":\"BreadcrumbList\",\"@id\":\"https:\/\/www.emagister.com\/blog\/necesitas-profesor-fp\/#breadcrumb\",\"itemListElement\":[{\"@type\":\"ListItem\",\"position\":1,\"name\":\"Blog Emagister\",\"item\":\"https:\/\/www.emagister.com\/blog\/\"},{\"@type\":\"ListItem\",\"position\":2,\"name\":\"Preparar oposiciones\",\"item\":\"https:\/\/www.emagister.com\/blog\/oposiciones\/\"},{\"@type\":\"ListItem\",\"position\":3,\"name\":\"Oposiciones Educaci\u00f3n\",\"item\":\"https:\/\/www.emagister.com\/blog\/oposiciones\/maestros-profesores-educacion\/\"},{\"@type\":\"ListItem\",\"position\":4,\"name\":\"Qu\u00e9 necesitas para ser profesor de FP\"}]},{\"@type\":\"WebSite\",\"@id\":\"https:\/\/www.emagister.com\/blog\/#website\",\"url\":\"https:\/\/www.emagister.com\/blog\/\",\"name\":\"Blog Emagister\",\"description\":\"Gu\u00eda de orientaci\u00f3n sobre estudios y tendencias de formaci\u00f3n\",\"publisher\":{\"@id\":\"https:\/\/www.emagister.com\/blog\/#organization\"},\"potentialAction\":[{\"@type\":\"SearchAction\",\"target\":{\"@type\":\"EntryPoint\",\"urlTemplate\":\"https:\/\/www.emagister.com\/blog\/?s={search_term_string}\"},\"query-input\":{\"@type\":\"PropertyValueSpecification\",\"valueRequired\":true,\"valueName\":\"search_term_string\"}}],\"inLanguage\":\"es\"},{\"@type\":\"Organization\",\"@id\":\"https:\/\/www.emagister.com\/blog\/#organization\",\"name\":\"Emagister\",\"url\":\"https:\/\/www.emagister.com\/blog\/\",\"logo\":{\"@type\":\"ImageObject\",\"inLanguage\":\"es\",\"@id\":\"https:\/\/www.emagister.com\/blog\/#\/schema\/logo\/image\/\",\"url\":\"https:\/\/www.emagister.com\/blog\/wp-content\/uploads\/2017\/02\/photo.png\",\"contentUrl\":\"https:\/\/www.emagister.com\/blog\/wp-content\/uploads\/2017\/02\/photo.png\",\"width\":120,\"height\":120,\"caption\":\"Emagister\"},\"image\":{\"@id\":\"https:\/\/www.emagister.com\/blog\/#\/schema\/logo\/image\/\"},\"sameAs\":[\"https:\/\/www.facebook.com\/Emagister\/\",\"https:\/\/x.com\/emagister\",\"https:\/\/www.instagram.com\/emagister\/\",\"https:\/\/www.linkedin.com\/company\/emagister-com\/\",\"https:\/\/www.pinterest.es\/emagister\/\",\"https:\/\/www.youtube.com\/user\/emagister\/\",\"https:\/\/es.wikipedia.org\/wiki\/Emagister\"]},{\"@type\":\"Person\",\"@id\":\"https:\/\/www.emagister.com\/blog\/#\/schema\/person\/28f27c7cf3749310a61c60f303044b8f\",\"name\":\"Hugo Camacho\",\"image\":{\"@type\":\"ImageObject\",\"inLanguage\":\"es\",\"@id\":\"https:\/\/www.emagister.com\/blog\/#\/schema\/person\/image\/\",\"url\":\"https:\/\/secure.gravatar.com\/avatar\/a852e9add3f822f8eacd959bb01fae3e0f7b481687d9242779fc73e5eb0f29c1?s=96&r=g\",\"contentUrl\":\"https:\/\/secure.gravatar.com\/avatar\/a852e9add3f822f8eacd959bb01fae3e0f7b481687d9242779fc73e5eb0f29c1?s=96&r=g\",\"caption\":\"Hugo Camacho\"},\"sameAs\":[\"https:\/\/www.emagister.com\"],\"url\":\"https:\/\/www.emagister.com\/blog\/author\/hugo-camacho\/\"}]}<\/script>\n<!-- \/ Yoast SEO Premium plugin. -->","yoast_head_json":{"title":"Qu\u00e9 necesitas para ser profesor de FP - Blog Emagister","description":"Informaci\u00f3n sobre los requisitos para ser profesor de Formaci\u00f3n Profesional, as\u00ed como de las oposiciones y la bolsa de profesores interinos de FP.","robots":{"index":"index","follow":"follow"},"canonical":"https:\/\/www.emagister.com\/blog\/necesitas-profesor-fp\/","og_locale":"es_ES","og_type":"article","og_title":"Qu\u00e9 necesitas para ser profesor de FP","og_description":"Informaci\u00f3n sobre los requisitos para ser profesor de Formaci\u00f3n Profesional, as\u00ed como de las oposiciones y la bolsa de profesores interinos de FP.","og_url":"https:\/\/www.emagister.com\/blog\/necesitas-profesor-fp\/","og_site_name":"Blog Emagister","article_publisher":"https:\/\/www.facebook.com\/Emagister\/","article_published_time":"2023-01-17T11:14:10+00:00","article_modified_time":"2023-01-17T11:14:12+00:00","og_image":[{"width":2100,"height":1308,"url":"https:\/\/www.emagister.com\/blog\/wp-content\/uploads\/2020\/10\/profesor.jpg","type":"image\/jpeg"}],"author":"Hugo Camacho","twitter_card":"summary_large_image","twitter_creator":"@emagister","twitter_site":"@emagister","twitter_misc":{"Escrito por":"Hugo Camacho","Tiempo de lectura":"4 minutos"},"schema":{"@context":"https:\/\/schema.org","@graph":[{"@type":"Article","@id":"https:\/\/www.emagister.com\/blog\/necesitas-profesor-fp\/#article","isPartOf":{"@id":"https:\/\/www.emagister.com\/blog\/necesitas-profesor-fp\/"},"author":{"name":"Hugo Camacho","@id":"https:\/\/www.emagister.com\/blog\/#\/schema\/person\/28f27c7cf3749310a61c60f303044b8f"},"headline":"Qu\u00e9 necesitas para ser profesor de FP","datePublished":"2023-01-17T11:14:10+00:00","dateModified":"2023-01-17T11:14:12+00:00","mainEntityOfPage":{"@id":"https:\/\/www.emagister.com\/blog\/necesitas-profesor-fp\/"},"wordCount":844,"commentCount":865,"publisher":{"@id":"https:\/\/www.emagister.com\/blog\/#organization"},"image":{"@id":"https:\/\/www.emagister.com\/blog\/necesitas-profesor-fp\/#primaryimage"},"thumbnailUrl":"https:\/\/www.emagister.com\/blog\/wp-content\/uploads\/2020\/10\/profesor.jpg","keywords":["oposiciones","formaci\u00f3n profesional","profesor","fp","profesor de FP","profesor de formaci\u00f3n profesional"],"articleSection":["Oposiciones Educaci\u00f3n"],"inLanguage":"es","potentialAction":[{"@type":"CommentAction","name":"Comment","target":["https:\/\/www.emagister.com\/blog\/necesitas-profesor-fp\/#respond"]}]},{"@type":"WebPage","@id":"https:\/\/www.emagister.com\/blog\/necesitas-profesor-fp\/","url":"https:\/\/www.emagister.com\/blog\/necesitas-profesor-fp\/","name":"Qu\u00e9 necesitas para ser profesor de FP - Blog Emagister","isPartOf":{"@id":"https:\/\/www.emagister.com\/blog\/#website"},"primaryImageOfPage":{"@id":"https:\/\/www.emagister.com\/blog\/necesitas-profesor-fp\/#primaryimage"},"image":{"@id":"https:\/\/www.emagister.com\/blog\/necesitas-profesor-fp\/#primaryimage"},"thumbnailUrl":"https:\/\/www.emagister.com\/blog\/wp-content\/uploads\/2020\/10\/profesor.jpg","datePublished":"2023-01-17T11:14:10+00:00","dateModified":"2023-01-17T11:14:12+00:00","description":"Informaci\u00f3n sobre los requisitos para ser profesor de Formaci\u00f3n Profesional, as\u00ed como de las oposiciones y la bolsa de profesores interinos de FP.","breadcrumb":{"@id":"https:\/\/www.emagister.com\/blog\/necesitas-profesor-fp\/#breadcrumb"},"inLanguage":"es","potentialAction":[{"@type":"ReadAction","target":["https:\/\/www.emagister.com\/blog\/necesitas-profesor-fp\/"]}]},{"@type":"ImageObject","inLanguage":"es","@id":"https:\/\/www.emagister.com\/blog\/necesitas-profesor-fp\/#primaryimage","url":"https:\/\/www.emagister.com\/blog\/wp-content\/uploads\/2020\/10\/profesor.jpg","contentUrl":"https:\/\/www.emagister.com\/blog\/wp-content\/uploads\/2020\/10\/profesor.jpg","width":2100,"height":1308,"caption":"Portrait of mature teacher standing in university library and looking at camera with copy space. Happy mid adult lecturer at classroom standing after giving lecture. Satisfied high school teacher smiling and looking at camera while his studets studying in background."},{"@type":"BreadcrumbList","@id":"https:\/\/www.emagister.com\/blog\/necesitas-profesor-fp\/#breadcrumb","itemListElement":[{"@type":"ListItem","position":1,"name":"Blog Emagister","item":"https:\/\/www.emagister.com\/blog\/"},{"@type":"ListItem","position":2,"name":"Preparar oposiciones","item":"https:\/\/www.emagister.com\/blog\/oposiciones\/"},{"@type":"ListItem","position":3,"name":"Oposiciones Educaci\u00f3n","item":"https:\/\/www.emagister.com\/blog\/oposiciones\/maestros-profesores-educacion\/"},{"@type":"ListItem","position":4,"name":"Qu\u00e9 necesitas para ser profesor de FP"}]},{"@type":"WebSite","@id":"https:\/\/www.emagister.com\/blog\/#website","url":"https:\/\/www.emagister.com\/blog\/","name":"Blog Emagister","description":"Gu\u00eda de orientaci\u00f3n sobre estudios y tendencias de formaci\u00f3n","publisher":{"@id":"https:\/\/www.emagister.com\/blog\/#organization"},"potentialAction":[{"@type":"SearchAction","target":{"@type":"EntryPoint","urlTemplate":"https:\/\/www.emagister.com\/blog\/?s={search_term_string}"},"query-input":{"@type":"PropertyValueSpecification","valueRequired":true,"valueName":"search_term_string"}}],"inLanguage":"es"},{"@type":"Organization","@id":"https:\/\/www.emagister.com\/blog\/#organization","name":"Emagister","url":"https:\/\/www.emagister.com\/blog\/","logo":{"@type":"ImageObject","inLanguage":"es","@id":"https:\/\/www.emagister.com\/blog\/#\/schema\/logo\/image\/","url":"https:\/\/www.emagister.com\/blog\/wp-content\/uploads\/2017\/02\/photo.png","contentUrl":"https:\/\/www.emagister.com\/blog\/wp-content\/uploads\/2017\/02\/photo.png","width":120,"height":120,"caption":"Emagister"},"image":{"@id":"https:\/\/www.emagister.com\/blog\/#\/schema\/logo\/image\/"},"sameAs":["https:\/\/www.facebook.com\/Emagister\/","https:\/\/x.com\/emagister","https:\/\/www.instagram.com\/emagister\/","https:\/\/www.linkedin.com\/company\/emagister-com\/","https:\/\/www.pinterest.es\/emagister\/","https:\/\/www.youtube.com\/user\/emagister\/","https:\/\/es.wikipedia.org\/wiki\/Emagister"]},{"@type":"Person","@id":"https:\/\/www.emagister.com\/blog\/#\/schema\/person\/28f27c7cf3749310a61c60f303044b8f","name":"Hugo Camacho","image":{"@type":"ImageObject","inLanguage":"es","@id":"https:\/\/www.emagister.com\/blog\/#\/schema\/person\/image\/","url":"https:\/\/secure.gravatar.com\/avatar\/a852e9add3f822f8eacd959bb01fae3e0f7b481687d9242779fc73e5eb0f29c1?s=96&r=g","contentUrl":"https:\/\/secure.gravatar.com\/avatar\/a852e9add3f822f8eacd959bb01fae3e0f7b481687d9242779fc73e5eb0f29c1?s=96&r=g","caption":"Hugo Camacho"},"sameAs":["https:\/\/www.emagister.com"],"url":"https:\/\/www.emagister.com\/blog\/author\/hugo-camacho\/"}]}},"_links":{"self":[{"href":"https:\/\/www.emagister.com\/blog\/wp-json\/wp\/v2\/posts\/36526","targetHints":{"allow":["GET"]}}],"collection":[{"href":"https:\/\/www.emagister.com\/blog\/wp-json\/wp\/v2\/posts"}],"about":[{"href":"https:\/\/www.emagister.com\/blog\/wp-json\/wp\/v2\/types\/post"}],"author":[{"embeddable":true,"href":"https:\/\/www.emagister.com\/blog\/wp-json\/wp\/v2\/users\/239"}],"replies":[{"embeddable":true,"href":"https:\/\/www.emagister.com\/blog\/wp-json\/wp\/v2\/comments?post=36526"}],"version-history":[{"count":4,"href":"https:\/\/www.emagister.com\/blog\/wp-json\/wp\/v2\/posts\/36526\/revisions"}],"predecessor-version":[{"id":152468,"href":"https:\/\/www.emagister.com\/blog\/wp-json\/wp\/v2\/posts\/36526\/revisions\/152468"}],"wp:featuredmedia":[{"embeddable":true,"href":"https:\/\/www.emagister.com\/blog\/wp-json\/wp\/v2\/media\/132217"}],"wp:attachment":[{"href":"https:\/\/www.emagister.com\/blog\/wp-json\/wp\/v2\/media?parent=36526"}],"wp:term":[{"taxonomy":"category","embeddable":true,"href":"https:\/\/www.emagister.com\/blog\/wp-json\/wp\/v2\/categories?post=36526"},{"taxonomy":"post_tag","embeddable":true,"href":"https:\/\/www.emagister.com\/blog\/wp-json\/wp\/v2\/tags?post=36526"}],"curies":[{"name":"wp","href":"https:\/\/api.w.org\/{rel}","templated":true}]}}