{"id":52664,"date":"2017-11-14T17:49:53","date_gmt":"2017-11-14T16:49:53","guid":{"rendered":"https:\/\/www.emagister.com\/blog\/?p=52664"},"modified":"2021-04-27T09:57:49","modified_gmt":"2021-04-27T07:57:49","slug":"auxiliar-enfermeria-cuidado-la-diabetes","status":"publish","type":"post","link":"https:\/\/www.emagister.com\/blog\/auxiliar-enfermeria-cuidado-la-diabetes\/","title":{"rendered":"El auxiliar de enfermer\u00eda y el cuidado de la diabetes"},"content":{"rendered":"<p style=\"text-align: justify;\">El 14 de noviembre es el <strong>D\u00eda Mundial de la Diabetes<\/strong>. Cada d\u00eda es m\u00e1s notorio el impacto de la atenci\u00f3n a las personas con diabetes especialmente en hospitales, cl\u00ednicas o residencias geri\u00e1tricas. En este sentido, <strong>el trabajo diario de los auxiliares de enfermer\u00eda es esencial<\/strong><strong>\u00a0<\/strong>para que los pacientes de esta afecci\u00f3n cr\u00f3nica reciban una atenci\u00f3n eficiente.<!--more--><\/p>\n<h3 style=\"text-align: justify;\"><strong>Causas y prevenci\u00f3n de la diabetes (H2)<\/strong><\/h3>\n<p style=\"text-align: justify;\">La diabetes es la elevaci\u00f3n de los niveles de az\u00facar (glucosa) en la sangre por encima de los l\u00edmites m\u00e9dicos correctos como consecuencia del d\u00e9ficit de insulina. La mitad de los pacientes con <strong>diabetes tipo 2<\/strong> (vinculada a la edad) tienen m\u00e1s de 65 a\u00f1os y m\u00e1s de un tercio de los espa\u00f1oles mayores de 75 a\u00f1os padece esta tipolog\u00eda.<\/p>\n<p style=\"text-align: justify;\">Por el contrario, en\u00a0 las personas que padecen <strong>diabetes tipo 1<\/strong>, su cuerpo no produce insulina. Esto les genera un problema ya que el cuerpo necesita insulina para extraer la glucosa de los alimentos y transformarla en energ\u00eda. Por ello, la persona con este tipo de diabetes debe inyectarse insulina todos los d\u00edas.<\/p>\n<p style=\"text-align: justify;\">Mantener niveles elevados de az\u00facar en sangre produce da\u00f1os silenciosos en muchos tejidos, coraz\u00f3n, cerebro, ri\u00f1\u00f3n, vista (retina) y, en general, en el \u00e1rbol vascular y las arterias. Por eso hay que diagnosticarla lo antes posible y retrasar estas complicaciones. La diabetes tipo 2, que afecta al 90% de la poblaci\u00f3n diab\u00e9tica, se puede prevenir mejorando los estilos de vida, la alimentaci\u00f3n y la actividad f\u00edsica. El cumplimiento del <strong>r\u00e9gimen terap\u00e9utico\u00a0<\/strong>establecido por el m\u00e9dico en las enfermedades cr\u00f3nicas y la calidad de vida, en especial en la diabetes, resulta crucial.<\/p>\n<h3 style=\"text-align: justify;\"><strong>El auxiliar de enfermer\u00eda, figura clave en el tratamiento de la diabetes (H2)<\/strong><\/h3>\n<h3><strong><a href=\"https:\/\/www.emagister.com\/ifp-innovacion-formacion-profesional-grupo-planeta-cursos-145826-centrodetalles.htm\" target=\"_blank\" rel=\"noopener\"><img loading=\"lazy\" decoding=\"async\" class=\"alignright wp-image-24232 size-full\" src=\"https:\/\/www.emagister.com\/blog\/wp-content\/uploads\/2016\/04\/ifp_planeta_vertical.png\" alt=\"ifp_planeta_vertical\" width=\"137\" height=\"81\" srcset=\"https:\/\/www.emagister.com\/blog\/wp-content\/uploads\/2016\/04\/ifp_planeta_vertical.png 137w, https:\/\/www.emagister.com\/blog\/wp-content\/uploads\/2016\/04\/ifp_planeta_vertical-80x47.png 80w\" sizes=\"auto, (max-width: 137px) 100vw, 137px\" \/><\/a><\/strong><\/h3>\n<p style=\"text-align: justify;\">Seg\u00fan la <strong>Organizaci\u00f3n Mundial de la Salud<\/strong> (OMS), en el mundo hay 422 millones de personas con diabetes, y en el 2030 las muertes por diabetes podr\u00edan multiplicarse por dos. El diagn\u00f3stico y una detecci\u00f3n precoz son clave para las diabetes de todo tipo, as\u00ed como los <strong>cuidados de enfermer\u00eda<\/strong>, que deber\u00e1n proporcionar una atenci\u00f3n muy espec\u00edfica a este tipo de pacientes, ya sea en hospitales, cl\u00ednicas o residencias geri\u00e1tricas.<\/p>\n<p style=\"text-align: justify;\">Y es que en los pacientes diab\u00e9ticos es vital el control de la <strong>hiperglucemia<\/strong> o nivel elevado de glucosa para evitar las complicaciones asociadas al mal control de su enfermedad. Estos problemas pueden desembocar en ceguera, lesiones renales, de los nervios o pie diab\u00e9tico.<\/p>\n<p style=\"text-align: justify;\">Pero el cuidado asistencial del auxiliar de enfermer\u00eda al paciente diab\u00e9tico no se ci\u00f1e tan solo a la parte cl\u00ednica. Tambi\u00e9n es vital la empat\u00eda del auxiliar de enfermer\u00eda, e incluso la pedagog\u00eda que aporte a la persona con alg\u00fan tipo de diabetes con el objetivo de llevar un mejor control de la enfermedad y, por ende, mayor calidad de vida.<\/p>\n<h3 style=\"text-align: justify;\"><strong>Auxiliar de enfermer\u00eda: la segunda profesi\u00f3n con m\u00e1s contrataciones laborales (H2)<\/strong><\/h3>\n<p style=\"text-align: justify;\">El ciclo de formaci\u00f3n profesional de <strong>Grado Medio de Auxiliar de Enfermer\u00eda<\/strong> ha sido la segunda profesi\u00f3n con m\u00e1s contrataciones en el mercado laboral espa\u00f1ol en 2016. Con 146.509 contrataciones el pasado a\u00f1o, un 2,74%\u00a0 m\u00e1s que en 2015, se consolida en segunda posici\u00f3n por detr\u00e1s del ciclo formativo de Grado Medio en Gesti\u00f3n Administrativa. Adem\u00e1s, es el ciclo m\u00e1s demandado dentro el sector sanitario y uno de los perfiles laborales m\u00e1s demandados en las econom\u00edas europeas m\u00e1s potentes, como las de Reino Unido o Alemania.<\/p>\n<p style=\"text-align: justify;\">Si tienes vocaci\u00f3n de servicio en el \u00e1mbito del sector sanitario y te gusta el trato con las personas, puedes encontrar en el<strong>\u00a0<\/strong><strong>Grado Medio en Cuidados Auxiliares de Enfermer\u00eda<\/strong>\u00a0de\u00a0<strong>iFP<\/strong>\u00a0la mejor opci\u00f3n para formarse. Adem\u00e1s, tienes la oportunidad de cursar este grado oficial por las tardes en el centro de formaci\u00f3n profesional de\u00a0iFP Barcelona.<\/p>\n<p style=\"text-align: justify;\">Apuesta por tu futuro laboral en www.ifp.es<\/p>\n<p>&nbsp;<\/p>\n<h4>Fuente: Blog\u00a0iFP<\/h4>\n","protected":false},"excerpt":{"rendered":"<p>El 14 de noviembre es el D\u00eda Mundial de la Diabetes. Cada d\u00eda es m\u00e1s notorio el impacto de la &#8230; <a title=\"El auxiliar de enfermer\u00eda y el cuidado de la diabetes\" class=\"read-more\" href=\"https:\/\/www.emagister.com\/blog\/auxiliar-enfermeria-cuidado-la-diabetes\/\" aria-label=\"M\u00e1s en El auxiliar de enfermer\u00eda y el cuidado de la diabetes\">Leer m\u00e1s<\/a><\/p>\n","protected":false},"author":285,"featured_media":52665,"comment_status":"open","ping_status":"closed","sticky":false,"template":"","format":"standard","meta":{"_acf_changed":false,"inline_featured_image":false,"footnotes":""},"categories":[785],"tags":[3639,3857,5999,10141,96,607,739,815,2832,3264,3265,3267],"class_list":["post-52664","post","type-post","status-publish","format-standard","has-post-thumbnail","hentry","category-nuestros-clientes","tag-ifp-grupo-planeta","tag-diabetes","tag-enfermedad","tag-noticiaselpais","tag-formacion-profesional","tag-fp","tag-salud","tag-sanidad","tag-noticias-de-centros-de-formacion","tag-3264","tag-centros-de-formacion","tag-ifp","generate-columns","tablet-grid-50","mobile-grid-100","grid-parent","grid-25"],"acf":{"estilo_titulo":"","mostrar_faldon":"-1","texto_faldon":"","link_faldon":"","link_texto_faldon":"","hreflang":false,"fecha":"no"},"yoast_head":"<!-- This site is optimized with the Yoast SEO Premium plugin v18.1 (Yoast SEO v27.0) - https:\/\/yoast.com\/product\/yoast-seo-premium-wordpress\/ -->\n<title>El auxiliar de enfermer\u00eda y el cuidado de la diabetes - Blog Emagister<\/title>\n<meta name=\"robots\" content=\"index, follow\" \/>\n<link rel=\"canonical\" href=\"https:\/\/www.emagister.com\/blog\/auxiliar-enfermeria-cuidado-la-diabetes\/\" \/>\n<meta property=\"og:locale\" content=\"es_ES\" \/>\n<meta property=\"og:type\" content=\"article\" \/>\n<meta property=\"og:title\" content=\"El auxiliar de enfermer\u00eda y el cuidado de la diabetes\" \/>\n<meta property=\"og:description\" content=\"El 14 de noviembre es el D\u00eda Mundial de la Diabetes. Cada d\u00eda es m\u00e1s notorio el impacto de la ... Leer m\u00e1s\" \/>\n<meta property=\"og:url\" content=\"https:\/\/www.emagister.com\/blog\/auxiliar-enfermeria-cuidado-la-diabetes\/\" \/>\n<meta property=\"og:site_name\" content=\"Blog Emagister\" \/>\n<meta property=\"article:publisher\" content=\"https:\/\/www.facebook.com\/Emagister\/\" \/>\n<meta property=\"article:published_time\" content=\"2017-11-14T16:49:53+00:00\" \/>\n<meta property=\"article:modified_time\" content=\"2021-04-27T07:57:49+00:00\" \/>\n<meta property=\"og:image\" content=\"https:\/\/www.emagister.com\/blog\/wp-content\/uploads\/2017\/11\/9166198_m.jpg\" \/>\n\t<meta property=\"og:image:width\" content=\"848\" \/>\n\t<meta property=\"og:image:height\" content=\"565\" \/>\n\t<meta property=\"og:image:type\" content=\"image\/jpeg\" \/>\n<meta name=\"author\" content=\"Blog Emagister\" \/>\n<meta name=\"twitter:card\" content=\"summary_large_image\" \/>\n<meta name=\"twitter:creator\" content=\"@emagister\" \/>\n<meta name=\"twitter:site\" content=\"@emagister\" \/>\n<meta name=\"twitter:label1\" content=\"Escrito por\" \/>\n\t<meta name=\"twitter:data1\" content=\"Blog Emagister\" \/>\n\t<meta name=\"twitter:label2\" content=\"Tiempo de lectura\" \/>\n\t<meta name=\"twitter:data2\" content=\"3 minutos\" \/>\n<script type=\"application\/ld+json\" class=\"yoast-schema-graph\">{\"@context\":\"https:\/\/schema.org\",\"@graph\":[{\"@type\":\"Article\",\"@id\":\"https:\/\/www.emagister.com\/blog\/auxiliar-enfermeria-cuidado-la-diabetes\/#article\",\"isPartOf\":{\"@id\":\"https:\/\/www.emagister.com\/blog\/auxiliar-enfermeria-cuidado-la-diabetes\/\"},\"author\":{\"name\":\"Blog Emagister\",\"@id\":\"https:\/\/www.emagister.com\/blog\/#\/schema\/person\/776af158d79a20bccf84defca072a501\"},\"headline\":\"El auxiliar de enfermer\u00eda y el cuidado de la diabetes\",\"datePublished\":\"2017-11-14T16:49:53+00:00\",\"dateModified\":\"2021-04-27T07:57:49+00:00\",\"mainEntityOfPage\":{\"@id\":\"https:\/\/www.emagister.com\/blog\/auxiliar-enfermeria-cuidado-la-diabetes\/\"},\"wordCount\":705,\"commentCount\":0,\"publisher\":{\"@id\":\"https:\/\/www.emagister.com\/blog\/#organization\"},\"image\":{\"@id\":\"https:\/\/www.emagister.com\/blog\/auxiliar-enfermeria-cuidado-la-diabetes\/#primaryimage\"},\"thumbnailUrl\":\"https:\/\/www.emagister.com\/blog\/wp-content\/uploads\/2017\/11\/9166198_m.jpg\",\"keywords\":[\"iFP - Grupo Planeta\",\"diabetes\",\"enfermedad\",\"noticiasElPais\",\"formaci\u00f3n profesional\",\"fp\",\"salud\",\"sanidad\",\"Noticias de centros de formaci\u00f3n\",\"99997192958079401036578245531488\",\"Centros de formaci\u00f3n\",\"IFP\"],\"articleSection\":[\"Nuestros clientes\"],\"inLanguage\":\"es\",\"potentialAction\":[{\"@type\":\"CommentAction\",\"name\":\"Comment\",\"target\":[\"https:\/\/www.emagister.com\/blog\/auxiliar-enfermeria-cuidado-la-diabetes\/#respond\"]}]},{\"@type\":\"WebPage\",\"@id\":\"https:\/\/www.emagister.com\/blog\/auxiliar-enfermeria-cuidado-la-diabetes\/\",\"url\":\"https:\/\/www.emagister.com\/blog\/auxiliar-enfermeria-cuidado-la-diabetes\/\",\"name\":\"El auxiliar de enfermer\u00eda y el cuidado de la diabetes - Blog Emagister\",\"isPartOf\":{\"@id\":\"https:\/\/www.emagister.com\/blog\/#website\"},\"primaryImageOfPage\":{\"@id\":\"https:\/\/www.emagister.com\/blog\/auxiliar-enfermeria-cuidado-la-diabetes\/#primaryimage\"},\"image\":{\"@id\":\"https:\/\/www.emagister.com\/blog\/auxiliar-enfermeria-cuidado-la-diabetes\/#primaryimage\"},\"thumbnailUrl\":\"https:\/\/www.emagister.com\/blog\/wp-content\/uploads\/2017\/11\/9166198_m.jpg\",\"datePublished\":\"2017-11-14T16:49:53+00:00\",\"dateModified\":\"2021-04-27T07:57:49+00:00\",\"breadcrumb\":{\"@id\":\"https:\/\/www.emagister.com\/blog\/auxiliar-enfermeria-cuidado-la-diabetes\/#breadcrumb\"},\"inLanguage\":\"es\",\"potentialAction\":[{\"@type\":\"ReadAction\",\"target\":[\"https:\/\/www.emagister.com\/blog\/auxiliar-enfermeria-cuidado-la-diabetes\/\"]}]},{\"@type\":\"ImageObject\",\"inLanguage\":\"es\",\"@id\":\"https:\/\/www.emagister.com\/blog\/auxiliar-enfermeria-cuidado-la-diabetes\/#primaryimage\",\"url\":\"https:\/\/www.emagister.com\/blog\/wp-content\/uploads\/2017\/11\/9166198_m.jpg\",\"contentUrl\":\"https:\/\/www.emagister.com\/blog\/wp-content\/uploads\/2017\/11\/9166198_m.jpg\",\"width\":848,\"height\":565},{\"@type\":\"BreadcrumbList\",\"@id\":\"https:\/\/www.emagister.com\/blog\/auxiliar-enfermeria-cuidado-la-diabetes\/#breadcrumb\",\"itemListElement\":[{\"@type\":\"ListItem\",\"position\":1,\"name\":\"Blog Emagister\",\"item\":\"https:\/\/www.emagister.com\/blog\/\"},{\"@type\":\"ListItem\",\"position\":2,\"name\":\"Nuestros clientes\",\"item\":\"https:\/\/www.emagister.com\/blog\/nuestros-clientes\/\"},{\"@type\":\"ListItem\",\"position\":3,\"name\":\"El auxiliar de enfermer\u00eda y el cuidado de la diabetes\"}]},{\"@type\":\"WebSite\",\"@id\":\"https:\/\/www.emagister.com\/blog\/#website\",\"url\":\"https:\/\/www.emagister.com\/blog\/\",\"name\":\"Blog Emagister\",\"description\":\"Gu\u00eda de orientaci\u00f3n sobre estudios y tendencias de formaci\u00f3n\",\"publisher\":{\"@id\":\"https:\/\/www.emagister.com\/blog\/#organization\"},\"potentialAction\":[{\"@type\":\"SearchAction\",\"target\":{\"@type\":\"EntryPoint\",\"urlTemplate\":\"https:\/\/www.emagister.com\/blog\/?s={search_term_string}\"},\"query-input\":{\"@type\":\"PropertyValueSpecification\",\"valueRequired\":true,\"valueName\":\"search_term_string\"}}],\"inLanguage\":\"es\"},{\"@type\":\"Organization\",\"@id\":\"https:\/\/www.emagister.com\/blog\/#organization\",\"name\":\"Emagister\",\"url\":\"https:\/\/www.emagister.com\/blog\/\",\"logo\":{\"@type\":\"ImageObject\",\"inLanguage\":\"es\",\"@id\":\"https:\/\/www.emagister.com\/blog\/#\/schema\/logo\/image\/\",\"url\":\"https:\/\/www.emagister.com\/blog\/wp-content\/uploads\/2017\/02\/photo.png\",\"contentUrl\":\"https:\/\/www.emagister.com\/blog\/wp-content\/uploads\/2017\/02\/photo.png\",\"width\":120,\"height\":120,\"caption\":\"Emagister\"},\"image\":{\"@id\":\"https:\/\/www.emagister.com\/blog\/#\/schema\/logo\/image\/\"},\"sameAs\":[\"https:\/\/www.facebook.com\/Emagister\/\",\"https:\/\/x.com\/emagister\",\"https:\/\/www.instagram.com\/emagister\/\",\"https:\/\/www.linkedin.com\/company\/emagister-com\/\",\"https:\/\/www.pinterest.es\/emagister\/\",\"https:\/\/www.youtube.com\/user\/emagister\/\",\"https:\/\/es.wikipedia.org\/wiki\/Emagister\"]},{\"@type\":\"Person\",\"@id\":\"https:\/\/www.emagister.com\/blog\/#\/schema\/person\/776af158d79a20bccf84defca072a501\",\"name\":\"Blog Emagister\",\"image\":{\"@type\":\"ImageObject\",\"inLanguage\":\"es\",\"@id\":\"https:\/\/www.emagister.com\/blog\/#\/schema\/person\/image\/\",\"url\":\"https:\/\/secure.gravatar.com\/avatar\/44dc9fc526e06eb47a16c88f9b66a081ab656cfa8d8ad442778aa78886bdaff1?s=96&r=g\",\"contentUrl\":\"https:\/\/secure.gravatar.com\/avatar\/44dc9fc526e06eb47a16c88f9b66a081ab656cfa8d8ad442778aa78886bdaff1?s=96&r=g\",\"caption\":\"Blog Emagister\"},\"url\":\"https:\/\/www.emagister.com\/blog\/author\/blog-emagister\/\"}]}<\/script>\n<!-- \/ Yoast SEO Premium plugin. -->","yoast_head_json":{"title":"El auxiliar de enfermer\u00eda y el cuidado de la diabetes - Blog Emagister","robots":{"index":"index","follow":"follow"},"canonical":"https:\/\/www.emagister.com\/blog\/auxiliar-enfermeria-cuidado-la-diabetes\/","og_locale":"es_ES","og_type":"article","og_title":"El auxiliar de enfermer\u00eda y el cuidado de la diabetes","og_description":"El 14 de noviembre es el D\u00eda Mundial de la Diabetes. Cada d\u00eda es m\u00e1s notorio el impacto de la ... Leer m\u00e1s","og_url":"https:\/\/www.emagister.com\/blog\/auxiliar-enfermeria-cuidado-la-diabetes\/","og_site_name":"Blog Emagister","article_publisher":"https:\/\/www.facebook.com\/Emagister\/","article_published_time":"2017-11-14T16:49:53+00:00","article_modified_time":"2021-04-27T07:57:49+00:00","og_image":[{"width":848,"height":565,"url":"https:\/\/www.emagister.com\/blog\/wp-content\/uploads\/2017\/11\/9166198_m.jpg","type":"image\/jpeg"}],"author":"Blog Emagister","twitter_card":"summary_large_image","twitter_creator":"@emagister","twitter_site":"@emagister","twitter_misc":{"Escrito por":"Blog Emagister","Tiempo de lectura":"3 minutos"},"schema":{"@context":"https:\/\/schema.org","@graph":[{"@type":"Article","@id":"https:\/\/www.emagister.com\/blog\/auxiliar-enfermeria-cuidado-la-diabetes\/#article","isPartOf":{"@id":"https:\/\/www.emagister.com\/blog\/auxiliar-enfermeria-cuidado-la-diabetes\/"},"author":{"name":"Blog Emagister","@id":"https:\/\/www.emagister.com\/blog\/#\/schema\/person\/776af158d79a20bccf84defca072a501"},"headline":"El auxiliar de enfermer\u00eda y el cuidado de la diabetes","datePublished":"2017-11-14T16:49:53+00:00","dateModified":"2021-04-27T07:57:49+00:00","mainEntityOfPage":{"@id":"https:\/\/www.emagister.com\/blog\/auxiliar-enfermeria-cuidado-la-diabetes\/"},"wordCount":705,"commentCount":0,"publisher":{"@id":"https:\/\/www.emagister.com\/blog\/#organization"},"image":{"@id":"https:\/\/www.emagister.com\/blog\/auxiliar-enfermeria-cuidado-la-diabetes\/#primaryimage"},"thumbnailUrl":"https:\/\/www.emagister.com\/blog\/wp-content\/uploads\/2017\/11\/9166198_m.jpg","keywords":["iFP - Grupo Planeta","diabetes","enfermedad","noticiasElPais","formaci\u00f3n profesional","fp","salud","sanidad","Noticias de centros de formaci\u00f3n","99997192958079401036578245531488","Centros de formaci\u00f3n","IFP"],"articleSection":["Nuestros clientes"],"inLanguage":"es","potentialAction":[{"@type":"CommentAction","name":"Comment","target":["https:\/\/www.emagister.com\/blog\/auxiliar-enfermeria-cuidado-la-diabetes\/#respond"]}]},{"@type":"WebPage","@id":"https:\/\/www.emagister.com\/blog\/auxiliar-enfermeria-cuidado-la-diabetes\/","url":"https:\/\/www.emagister.com\/blog\/auxiliar-enfermeria-cuidado-la-diabetes\/","name":"El auxiliar de enfermer\u00eda y el cuidado de la diabetes - Blog Emagister","isPartOf":{"@id":"https:\/\/www.emagister.com\/blog\/#website"},"primaryImageOfPage":{"@id":"https:\/\/www.emagister.com\/blog\/auxiliar-enfermeria-cuidado-la-diabetes\/#primaryimage"},"image":{"@id":"https:\/\/www.emagister.com\/blog\/auxiliar-enfermeria-cuidado-la-diabetes\/#primaryimage"},"thumbnailUrl":"https:\/\/www.emagister.com\/blog\/wp-content\/uploads\/2017\/11\/9166198_m.jpg","datePublished":"2017-11-14T16:49:53+00:00","dateModified":"2021-04-27T07:57:49+00:00","breadcrumb":{"@id":"https:\/\/www.emagister.com\/blog\/auxiliar-enfermeria-cuidado-la-diabetes\/#breadcrumb"},"inLanguage":"es","potentialAction":[{"@type":"ReadAction","target":["https:\/\/www.emagister.com\/blog\/auxiliar-enfermeria-cuidado-la-diabetes\/"]}]},{"@type":"ImageObject","inLanguage":"es","@id":"https:\/\/www.emagister.com\/blog\/auxiliar-enfermeria-cuidado-la-diabetes\/#primaryimage","url":"https:\/\/www.emagister.com\/blog\/wp-content\/uploads\/2017\/11\/9166198_m.jpg","contentUrl":"https:\/\/www.emagister.com\/blog\/wp-content\/uploads\/2017\/11\/9166198_m.jpg","width":848,"height":565},{"@type":"BreadcrumbList","@id":"https:\/\/www.emagister.com\/blog\/auxiliar-enfermeria-cuidado-la-diabetes\/#breadcrumb","itemListElement":[{"@type":"ListItem","position":1,"name":"Blog Emagister","item":"https:\/\/www.emagister.com\/blog\/"},{"@type":"ListItem","position":2,"name":"Nuestros clientes","item":"https:\/\/www.emagister.com\/blog\/nuestros-clientes\/"},{"@type":"ListItem","position":3,"name":"El auxiliar de enfermer\u00eda y el cuidado de la diabetes"}]},{"@type":"WebSite","@id":"https:\/\/www.emagister.com\/blog\/#website","url":"https:\/\/www.emagister.com\/blog\/","name":"Blog Emagister","description":"Gu\u00eda de orientaci\u00f3n sobre estudios y tendencias de formaci\u00f3n","publisher":{"@id":"https:\/\/www.emagister.com\/blog\/#organization"},"potentialAction":[{"@type":"SearchAction","target":{"@type":"EntryPoint","urlTemplate":"https:\/\/www.emagister.com\/blog\/?s={search_term_string}"},"query-input":{"@type":"PropertyValueSpecification","valueRequired":true,"valueName":"search_term_string"}}],"inLanguage":"es"},{"@type":"Organization","@id":"https:\/\/www.emagister.com\/blog\/#organization","name":"Emagister","url":"https:\/\/www.emagister.com\/blog\/","logo":{"@type":"ImageObject","inLanguage":"es","@id":"https:\/\/www.emagister.com\/blog\/#\/schema\/logo\/image\/","url":"https:\/\/www.emagister.com\/blog\/wp-content\/uploads\/2017\/02\/photo.png","contentUrl":"https:\/\/www.emagister.com\/blog\/wp-content\/uploads\/2017\/02\/photo.png","width":120,"height":120,"caption":"Emagister"},"image":{"@id":"https:\/\/www.emagister.com\/blog\/#\/schema\/logo\/image\/"},"sameAs":["https:\/\/www.facebook.com\/Emagister\/","https:\/\/x.com\/emagister","https:\/\/www.instagram.com\/emagister\/","https:\/\/www.linkedin.com\/company\/emagister-com\/","https:\/\/www.pinterest.es\/emagister\/","https:\/\/www.youtube.com\/user\/emagister\/","https:\/\/es.wikipedia.org\/wiki\/Emagister"]},{"@type":"Person","@id":"https:\/\/www.emagister.com\/blog\/#\/schema\/person\/776af158d79a20bccf84defca072a501","name":"Blog Emagister","image":{"@type":"ImageObject","inLanguage":"es","@id":"https:\/\/www.emagister.com\/blog\/#\/schema\/person\/image\/","url":"https:\/\/secure.gravatar.com\/avatar\/44dc9fc526e06eb47a16c88f9b66a081ab656cfa8d8ad442778aa78886bdaff1?s=96&r=g","contentUrl":"https:\/\/secure.gravatar.com\/avatar\/44dc9fc526e06eb47a16c88f9b66a081ab656cfa8d8ad442778aa78886bdaff1?s=96&r=g","caption":"Blog Emagister"},"url":"https:\/\/www.emagister.com\/blog\/author\/blog-emagister\/"}]}},"_links":{"self":[{"href":"https:\/\/www.emagister.com\/blog\/wp-json\/wp\/v2\/posts\/52664","targetHints":{"allow":["GET"]}}],"collection":[{"href":"https:\/\/www.emagister.com\/blog\/wp-json\/wp\/v2\/posts"}],"about":[{"href":"https:\/\/www.emagister.com\/blog\/wp-json\/wp\/v2\/types\/post"}],"author":[{"embeddable":true,"href":"https:\/\/www.emagister.com\/blog\/wp-json\/wp\/v2\/users\/285"}],"replies":[{"embeddable":true,"href":"https:\/\/www.emagister.com\/blog\/wp-json\/wp\/v2\/comments?post=52664"}],"version-history":[{"count":1,"href":"https:\/\/www.emagister.com\/blog\/wp-json\/wp\/v2\/posts\/52664\/revisions"}],"predecessor-version":[{"id":118005,"href":"https:\/\/www.emagister.com\/blog\/wp-json\/wp\/v2\/posts\/52664\/revisions\/118005"}],"wp:featuredmedia":[{"embeddable":true,"href":"https:\/\/www.emagister.com\/blog\/wp-json\/wp\/v2\/media\/52665"}],"wp:attachment":[{"href":"https:\/\/www.emagister.com\/blog\/wp-json\/wp\/v2\/media?parent=52664"}],"wp:term":[{"taxonomy":"category","embeddable":true,"href":"https:\/\/www.emagister.com\/blog\/wp-json\/wp\/v2\/categories?post=52664"},{"taxonomy":"post_tag","embeddable":true,"href":"https:\/\/www.emagister.com\/blog\/wp-json\/wp\/v2\/tags?post=52664"}],"curies":[{"name":"wp","href":"https:\/\/api.w.org\/{rel}","templated":true}]}}