{"id":52673,"date":"2017-11-15T11:51:18","date_gmt":"2017-11-15T10:51:18","guid":{"rendered":"https:\/\/www.emagister.com\/blog\/?p=52673"},"modified":"2021-05-21T12:45:59","modified_gmt":"2021-05-21T10:45:59","slug":"te-dedicas-la-peluqueria-no-te-pierdas-estas-5-becas","status":"publish","type":"post","link":"https:\/\/www.emagister.com\/blog\/te-dedicas-la-peluqueria-no-te-pierdas-estas-5-becas\/","title":{"rendered":"\u00bfTe dedicas a la peluquer\u00eda? \u00a1No te pierdas estas 5 becas para formarte!"},"content":{"rendered":"<p style=\"text-align: justify;\">El mundo de la<a href=\"https:\/\/www.emagister.com\/cursos-peluqueria-tematica-820.htm\" target=\"_blank\" rel=\"noopener noreferrer\"><strong> peluquer\u00eda<\/strong><\/a> est\u00e1 muy vinculado a los <strong>cambios de la moda<\/strong>. Pero para un peluquero tambi\u00e9n es esencial saberse adaptar a los gustos de cada cliente, tanto si apuesta por las \u00faltimas tendencias como si prefiere un look m\u00e1s tradicional. Por este motivo, los profesionales en activo (y los estudiantes de peluquer\u00eda) necesitan estar al d\u00eda y reciclarse constantemente.&nbsp;<!--more--><\/p>\n<p style=\"text-align: justify;\">Sin embargo, no todo el mundo tiene la oportunidad de realizar cursos a menudo. Igualmente, financiar los estudios de <strong><a href=\"https:\/\/www.emagister.com\/formacion-profesional\/curso-formacion-profesional-imagen-personal-stematica-83.htm\" target=\"_blank\" rel=\"noopener noreferrer\">Formaci\u00f3n Profesional <\/a><\/strong>no resulta sencillo para todos los alumnos. Por suerte, en el \u00e1mbito de la est\u00e9tica y la imagen tambi\u00e9n existen <a href=\"https:\/\/www.emagister.com\/blog\/becas\/\" target=\"_blank\" rel=\"noopener\"><strong>becas<\/strong><\/a> para revertir esta situaci\u00f3n. Las becas provienen tanto del \u00e1mbito <strong>p\u00fablico<\/strong> como del <strong>privado<\/strong> y est\u00e1n pensadas para estudiantes o profesionales en activo seg\u00fan el caso.<\/p>\n<p style=\"text-align: justify;\">\u00bfQuieres completar tu curr\u00edculum con una nueva experiencia? \u00bfBuscas una formaci\u00f3n que mejore tu perfil profesional? Pues no te olvides de consultar <a href=\"https:\/\/www.emagister.com\/cursos-peluqueria-tematica-820.htm?idTipoCurso=1000\" target=\"_blank\" rel=\"noopener noreferrer\"><strong>los cursos de peluquer\u00eda<\/strong><\/a> disponibles en Emagister. En este post te ofrecemos 5 becas para que puedas estudiar sin preocuparte por los recursos. \u00a1Inf\u00f3rmate y elige la que mejor se adapte a tus necesidades!<\/p>\n<h3 style=\"text-align: justify;\"><strong>El top 5 de becas en peluquer\u00eda<\/strong><\/h3>\n<ol style=\"text-align: justify;\">\n<li><strong>MEC. <\/strong>Los alumnos de los ciclos formativos de la familia Imagen personal pueden pedir ayudas al Ministerio de Educaci\u00f3n, Cultura y Deporte. Se trata de las becas para estudios no universitarios. Esto incluye el t\u00edtulo de T\u00e9cnico en Peluquer\u00eda y Cosm\u00e9tica Capilar y el de&nbsp;<span style=\"line-height: inherit;\">T\u00e9cnico Superior en Estilismo y Direcci\u00f3n de Peluquer\u00eda.<\/span><\/li>\n<li><strong>Fundaci\u00f3n VMV Cosmetic Group. <\/strong>Las becas est\u00e1n pensadas para iniciar los estudios de peluquer\u00eda desde un nivel b\u00e1sico. En concreto, subvencionan el 50% del coste mensual de los estudios, que puede llegar a un m\u00e1ximo de 70 euros al mes. Es imprescindible pedir la ayuda antes de matricularse en la academia.<\/li>\n<li><strong>ANCEPE.<\/strong> La Asociaci\u00f3n Nacional de Centros de Ense\u00f1anza de Peluquer\u00eda y Est\u00e9tica dispone de dos becas durante el curso 2017-2018. Una est\u00e1 pensada para alumnos de peluquer\u00eda y otra para estudiantes de est\u00e9tica. Los candidatos pueden presentar sus solicitudes hasta el 30 de noviembre de 2017.<\/li>\n<li><strong>Instituto Francis.<\/strong> Estas 5 becas cubren el 50% de la matr\u00edcula de un curso subvencionado en la escuela Thuya. Si est\u00e1s desempleado o no sabes qu\u00e9 estudiar, esta es la ayuda que est\u00e1s buscando. Adem\u00e1s, se pueden pedir becas para formarse en otros sectores, como la caracterizaci\u00f3n, la asesor\u00eda de imagen o la est\u00e9tica.<\/li>\n<li><strong>L&#8217;\u00d3real Impulsa.<\/strong> Otra de las becas m\u00e1s conocidas en el mundo de la peluquer\u00eda. Esta ayuda se traduce en un importe de 600 euros y est\u00e1 destinada a alumnos de FP. Actualmente, no hay ninguna convocatoria disponible.<\/li>\n<\/ol>\n<p>\u00bfQuieres descubrir toda la oferta formativa de peluquer\u00eda? Ponte en contacto con <strong><a href=\"https:\/\/www.emagister.com\" target=\"_blank\" rel=\"noopener noreferrer\">Emagister<\/a> <\/strong>y te ayudaremos a encontrar el curso perfecto para ti.<\/p>\n","protected":false},"excerpt":{"rendered":"<p>El mundo de la peluquer\u00eda est\u00e1 muy vinculado a los cambios de la moda. Pero para un peluquero tambi\u00e9n es &#8230; <a title=\"\u00bfTe dedicas a la peluquer\u00eda? \u00a1No te pierdas estas 5 becas para formarte!\" class=\"read-more\" href=\"https:\/\/www.emagister.com\/blog\/te-dedicas-la-peluqueria-no-te-pierdas-estas-5-becas\/\" aria-label=\"M\u00e1s en \u00bfTe dedicas a la peluquer\u00eda? \u00a1No te pierdas estas 5 becas para formarte!\">Leer m\u00e1s<\/a><\/p>\n","protected":false},"author":255,"featured_media":93952,"comment_status":"open","ping_status":"closed","sticky":false,"template":"","format":"standard","meta":{"_acf_changed":false,"inline_featured_image":false,"footnotes":""},"categories":[8339,8350,8364,8416],"tags":[855,4801,4920,4921,6229,7976],"class_list":["post-52673","post","type-post","status-publish","format-standard","has-post-thumbnail","hentry","category-fp","category-ayudas-desempleados","category-financiar-estudios","category-estetica","tag-peluqueria","tag-becas-y-ayudas","tag-becas-para-formacion","tag-becas-para-el-estudio","tag-curso-de-peluqueria","tag-fp-basica-de-peluqueria-y-estetica","generate-columns","tablet-grid-50","mobile-grid-100","grid-parent","grid-25"],"acf":{"estilo_titulo":"","mostrar_faldon":"-1","texto_faldon":"Descubre todos los cursos de peluquer\u00eda","link_faldon":"https:\/\/www.emagister.com\/cursos-peluqueria-tematica-820.htm","link_texto_faldon":"","hreflang":[{"url":""}],"fecha":"no","noticiasElPais":{"custom_snippet_image":false,"custom_snippet_title":"","custom_snippet_description":""},"noticiasLaVanguardia":{"custom_snippet_image":false,"custom_snippet_title":"","custom_snippet_description":""}},"yoast_head":"<!-- This site is optimized with the Yoast SEO Premium plugin v18.1 (Yoast SEO v27.0) - https:\/\/yoast.com\/product\/yoast-seo-premium-wordpress\/ -->\n<title>\u00bfTe dedicas a la peluquer\u00eda? \u00a1No te pierdas estas 5 becas para formarte! - Blog Emagister<\/title>\n<meta name=\"description\" content=\"\u00bfEres un apasionado de la peluquer\u00eda y necesitas financiar tu formaci\u00f3n mediante una beca? No te pierdas estas 5 ayudas para profesionales y estudiantes.\" \/>\n<meta name=\"robots\" content=\"index, follow\" \/>\n<link rel=\"canonical\" href=\"https:\/\/www.emagister.com\/blog\/te-dedicas-la-peluqueria-no-te-pierdas-estas-5-becas\/\" \/>\n<meta property=\"og:locale\" content=\"es_ES\" \/>\n<meta property=\"og:type\" content=\"article\" \/>\n<meta property=\"og:title\" content=\"\u00bfTe dedicas a la peluquer\u00eda? \u00a1No te pierdas estas 5 becas para formarte!\" \/>\n<meta property=\"og:description\" content=\"\u00bfEres un apasionado de la peluquer\u00eda y necesitas financiar tu formaci\u00f3n mediante una beca? No te pierdas estas 5 ayudas para profesionales y estudiantes.\" \/>\n<meta property=\"og:url\" content=\"https:\/\/www.emagister.com\/blog\/te-dedicas-la-peluqueria-no-te-pierdas-estas-5-becas\/\" \/>\n<meta property=\"og:site_name\" content=\"Blog Emagister\" \/>\n<meta property=\"article:publisher\" content=\"https:\/\/www.facebook.com\/Emagister\/\" \/>\n<meta property=\"article:published_time\" content=\"2017-11-15T10:51:18+00:00\" \/>\n<meta property=\"article:modified_time\" content=\"2021-05-21T10:45:59+00:00\" \/>\n<meta property=\"og:image\" content=\"https:\/\/www.emagister.com\/blog\/wp-content\/uploads\/2017\/11\/GettyImages-522305300.jpg\" \/>\n\t<meta property=\"og:image:width\" content=\"1918\" \/>\n\t<meta property=\"og:image:height\" content=\"1280\" \/>\n\t<meta property=\"og:image:type\" content=\"image\/jpeg\" \/>\n<meta name=\"author\" content=\"Laura Gonz\u00e0lez\" \/>\n<meta name=\"twitter:card\" content=\"summary_large_image\" \/>\n<meta name=\"twitter:creator\" content=\"@emagister\" \/>\n<meta name=\"twitter:site\" content=\"@emagister\" \/>\n<meta name=\"twitter:label1\" content=\"Escrito por\" \/>\n\t<meta name=\"twitter:data1\" content=\"Laura Gonz\u00e0lez\" \/>\n\t<meta name=\"twitter:label2\" content=\"Tiempo de lectura\" \/>\n\t<meta name=\"twitter:data2\" content=\"3 minutos\" \/>\n<script type=\"application\/ld+json\" class=\"yoast-schema-graph\">{\"@context\":\"https:\/\/schema.org\",\"@graph\":[{\"@type\":\"Article\",\"@id\":\"https:\/\/www.emagister.com\/blog\/te-dedicas-la-peluqueria-no-te-pierdas-estas-5-becas\/#article\",\"isPartOf\":{\"@id\":\"https:\/\/www.emagister.com\/blog\/te-dedicas-la-peluqueria-no-te-pierdas-estas-5-becas\/\"},\"author\":{\"name\":\"Laura Gonz\u00e0lez\",\"@id\":\"https:\/\/www.emagister.com\/blog\/#\/schema\/person\/141b37b56d8029c99a901d83b24ec28f\"},\"headline\":\"\u00bfTe dedicas a la peluquer\u00eda? \u00a1No te pierdas estas 5 becas para formarte!\",\"datePublished\":\"2017-11-15T10:51:18+00:00\",\"dateModified\":\"2021-05-21T10:45:59+00:00\",\"mainEntityOfPage\":{\"@id\":\"https:\/\/www.emagister.com\/blog\/te-dedicas-la-peluqueria-no-te-pierdas-estas-5-becas\/\"},\"wordCount\":510,\"commentCount\":22,\"publisher\":{\"@id\":\"https:\/\/www.emagister.com\/blog\/#organization\"},\"image\":{\"@id\":\"https:\/\/www.emagister.com\/blog\/te-dedicas-la-peluqueria-no-te-pierdas-estas-5-becas\/#primaryimage\"},\"thumbnailUrl\":\"https:\/\/www.emagister.com\/blog\/wp-content\/uploads\/2017\/11\/GettyImages-522305300.jpg\",\"keywords\":[\"peluquer\u00eda\",\"becas y ayudas\",\"becas para formaci\u00f3n\",\"becas para el estudio\",\"curso de peluquer\u00eda\",\"FP B\u00e1sica de Peluquer\u00eda y Est\u00e9tica\"],\"articleSection\":[\"Formaci\u00f3n profesional\",\"Becas y ayudas a desempleados\",\"C\u00f3mo financiar estudios\",\"Profesiones de Est\u00e9tica\"],\"inLanguage\":\"es\",\"potentialAction\":[{\"@type\":\"CommentAction\",\"name\":\"Comment\",\"target\":[\"https:\/\/www.emagister.com\/blog\/te-dedicas-la-peluqueria-no-te-pierdas-estas-5-becas\/#respond\"]}]},{\"@type\":\"WebPage\",\"@id\":\"https:\/\/www.emagister.com\/blog\/te-dedicas-la-peluqueria-no-te-pierdas-estas-5-becas\/\",\"url\":\"https:\/\/www.emagister.com\/blog\/te-dedicas-la-peluqueria-no-te-pierdas-estas-5-becas\/\",\"name\":\"\u00bfTe dedicas a la peluquer\u00eda? \u00a1No te pierdas estas 5 becas para formarte! - Blog Emagister\",\"isPartOf\":{\"@id\":\"https:\/\/www.emagister.com\/blog\/#website\"},\"primaryImageOfPage\":{\"@id\":\"https:\/\/www.emagister.com\/blog\/te-dedicas-la-peluqueria-no-te-pierdas-estas-5-becas\/#primaryimage\"},\"image\":{\"@id\":\"https:\/\/www.emagister.com\/blog\/te-dedicas-la-peluqueria-no-te-pierdas-estas-5-becas\/#primaryimage\"},\"thumbnailUrl\":\"https:\/\/www.emagister.com\/blog\/wp-content\/uploads\/2017\/11\/GettyImages-522305300.jpg\",\"datePublished\":\"2017-11-15T10:51:18+00:00\",\"dateModified\":\"2021-05-21T10:45:59+00:00\",\"description\":\"\u00bfEres un apasionado de la peluquer\u00eda y necesitas financiar tu formaci\u00f3n mediante una beca? No te pierdas estas 5 ayudas para profesionales y estudiantes.\",\"breadcrumb\":{\"@id\":\"https:\/\/www.emagister.com\/blog\/te-dedicas-la-peluqueria-no-te-pierdas-estas-5-becas\/#breadcrumb\"},\"inLanguage\":\"es\",\"potentialAction\":[{\"@type\":\"ReadAction\",\"target\":[\"https:\/\/www.emagister.com\/blog\/te-dedicas-la-peluqueria-no-te-pierdas-estas-5-becas\/\"]}]},{\"@type\":\"ImageObject\",\"inLanguage\":\"es\",\"@id\":\"https:\/\/www.emagister.com\/blog\/te-dedicas-la-peluqueria-no-te-pierdas-estas-5-becas\/#primaryimage\",\"url\":\"https:\/\/www.emagister.com\/blog\/wp-content\/uploads\/2017\/11\/GettyImages-522305300.jpg\",\"contentUrl\":\"https:\/\/www.emagister.com\/blog\/wp-content\/uploads\/2017\/11\/GettyImages-522305300.jpg\",\"width\":1918,\"height\":1280,\"caption\":\"Side view of young bearded man getting haircut by hairdresser while sitting in chair at barbershop\"},{\"@type\":\"BreadcrumbList\",\"@id\":\"https:\/\/www.emagister.com\/blog\/te-dedicas-la-peluqueria-no-te-pierdas-estas-5-becas\/#breadcrumb\",\"itemListElement\":[{\"@type\":\"ListItem\",\"position\":1,\"name\":\"Blog Emagister\",\"item\":\"https:\/\/www.emagister.com\/blog\/\"},{\"@type\":\"ListItem\",\"position\":2,\"name\":\"Becas y ayudas\",\"item\":\"https:\/\/www.emagister.com\/blog\/becas\/\"},{\"@type\":\"ListItem\",\"position\":3,\"name\":\"C\u00f3mo financiar estudios\",\"item\":\"https:\/\/www.emagister.com\/blog\/becas\/financiar-estudios\/\"},{\"@type\":\"ListItem\",\"position\":4,\"name\":\"\u00bfTe dedicas a la peluquer\u00eda? \u00a1No te pierdas estas 5 becas para formarte!\"}]},{\"@type\":\"WebSite\",\"@id\":\"https:\/\/www.emagister.com\/blog\/#website\",\"url\":\"https:\/\/www.emagister.com\/blog\/\",\"name\":\"Blog Emagister\",\"description\":\"Gu\u00eda de orientaci\u00f3n sobre estudios y tendencias de formaci\u00f3n\",\"publisher\":{\"@id\":\"https:\/\/www.emagister.com\/blog\/#organization\"},\"potentialAction\":[{\"@type\":\"SearchAction\",\"target\":{\"@type\":\"EntryPoint\",\"urlTemplate\":\"https:\/\/www.emagister.com\/blog\/?s={search_term_string}\"},\"query-input\":{\"@type\":\"PropertyValueSpecification\",\"valueRequired\":true,\"valueName\":\"search_term_string\"}}],\"inLanguage\":\"es\"},{\"@type\":\"Organization\",\"@id\":\"https:\/\/www.emagister.com\/blog\/#organization\",\"name\":\"Emagister\",\"url\":\"https:\/\/www.emagister.com\/blog\/\",\"logo\":{\"@type\":\"ImageObject\",\"inLanguage\":\"es\",\"@id\":\"https:\/\/www.emagister.com\/blog\/#\/schema\/logo\/image\/\",\"url\":\"https:\/\/www.emagister.com\/blog\/wp-content\/uploads\/2017\/02\/photo.png\",\"contentUrl\":\"https:\/\/www.emagister.com\/blog\/wp-content\/uploads\/2017\/02\/photo.png\",\"width\":120,\"height\":120,\"caption\":\"Emagister\"},\"image\":{\"@id\":\"https:\/\/www.emagister.com\/blog\/#\/schema\/logo\/image\/\"},\"sameAs\":[\"https:\/\/www.facebook.com\/Emagister\/\",\"https:\/\/x.com\/emagister\",\"https:\/\/www.instagram.com\/emagister\/\",\"https:\/\/www.linkedin.com\/company\/emagister-com\/\",\"https:\/\/www.pinterest.es\/emagister\/\",\"https:\/\/www.youtube.com\/user\/emagister\/\",\"https:\/\/es.wikipedia.org\/wiki\/Emagister\"]},{\"@type\":\"Person\",\"@id\":\"https:\/\/www.emagister.com\/blog\/#\/schema\/person\/141b37b56d8029c99a901d83b24ec28f\",\"name\":\"Laura Gonz\u00e0lez\",\"image\":{\"@type\":\"ImageObject\",\"inLanguage\":\"es\",\"@id\":\"https:\/\/www.emagister.com\/blog\/#\/schema\/person\/image\/\",\"url\":\"https:\/\/secure.gravatar.com\/avatar\/9efac18419d3b71d38e95cbb8122c1560396cf37c42a8e40dd590bdbdcdd8ffd?s=96&r=g\",\"contentUrl\":\"https:\/\/secure.gravatar.com\/avatar\/9efac18419d3b71d38e95cbb8122c1560396cf37c42a8e40dd590bdbdcdd8ffd?s=96&r=g\",\"caption\":\"Laura Gonz\u00e0lez\"},\"url\":\"https:\/\/www.emagister.com\/blog\/author\/laura-gonzalez\/\"}]}<\/script>\n<!-- \/ Yoast SEO Premium plugin. -->","yoast_head_json":{"title":"\u00bfTe dedicas a la peluquer\u00eda? \u00a1No te pierdas estas 5 becas para formarte! - Blog Emagister","description":"\u00bfEres un apasionado de la peluquer\u00eda y necesitas financiar tu formaci\u00f3n mediante una beca? No te pierdas estas 5 ayudas para profesionales y estudiantes.","robots":{"index":"index","follow":"follow"},"canonical":"https:\/\/www.emagister.com\/blog\/te-dedicas-la-peluqueria-no-te-pierdas-estas-5-becas\/","og_locale":"es_ES","og_type":"article","og_title":"\u00bfTe dedicas a la peluquer\u00eda? \u00a1No te pierdas estas 5 becas para formarte!","og_description":"\u00bfEres un apasionado de la peluquer\u00eda y necesitas financiar tu formaci\u00f3n mediante una beca? No te pierdas estas 5 ayudas para profesionales y estudiantes.","og_url":"https:\/\/www.emagister.com\/blog\/te-dedicas-la-peluqueria-no-te-pierdas-estas-5-becas\/","og_site_name":"Blog Emagister","article_publisher":"https:\/\/www.facebook.com\/Emagister\/","article_published_time":"2017-11-15T10:51:18+00:00","article_modified_time":"2021-05-21T10:45:59+00:00","og_image":[{"width":1918,"height":1280,"url":"https:\/\/www.emagister.com\/blog\/wp-content\/uploads\/2017\/11\/GettyImages-522305300.jpg","type":"image\/jpeg"}],"author":"Laura Gonz\u00e0lez","twitter_card":"summary_large_image","twitter_creator":"@emagister","twitter_site":"@emagister","twitter_misc":{"Escrito por":"Laura Gonz\u00e0lez","Tiempo de lectura":"3 minutos"},"schema":{"@context":"https:\/\/schema.org","@graph":[{"@type":"Article","@id":"https:\/\/www.emagister.com\/blog\/te-dedicas-la-peluqueria-no-te-pierdas-estas-5-becas\/#article","isPartOf":{"@id":"https:\/\/www.emagister.com\/blog\/te-dedicas-la-peluqueria-no-te-pierdas-estas-5-becas\/"},"author":{"name":"Laura Gonz\u00e0lez","@id":"https:\/\/www.emagister.com\/blog\/#\/schema\/person\/141b37b56d8029c99a901d83b24ec28f"},"headline":"\u00bfTe dedicas a la peluquer\u00eda? \u00a1No te pierdas estas 5 becas para formarte!","datePublished":"2017-11-15T10:51:18+00:00","dateModified":"2021-05-21T10:45:59+00:00","mainEntityOfPage":{"@id":"https:\/\/www.emagister.com\/blog\/te-dedicas-la-peluqueria-no-te-pierdas-estas-5-becas\/"},"wordCount":510,"commentCount":22,"publisher":{"@id":"https:\/\/www.emagister.com\/blog\/#organization"},"image":{"@id":"https:\/\/www.emagister.com\/blog\/te-dedicas-la-peluqueria-no-te-pierdas-estas-5-becas\/#primaryimage"},"thumbnailUrl":"https:\/\/www.emagister.com\/blog\/wp-content\/uploads\/2017\/11\/GettyImages-522305300.jpg","keywords":["peluquer\u00eda","becas y ayudas","becas para formaci\u00f3n","becas para el estudio","curso de peluquer\u00eda","FP B\u00e1sica de Peluquer\u00eda y Est\u00e9tica"],"articleSection":["Formaci\u00f3n profesional","Becas y ayudas a desempleados","C\u00f3mo financiar estudios","Profesiones de Est\u00e9tica"],"inLanguage":"es","potentialAction":[{"@type":"CommentAction","name":"Comment","target":["https:\/\/www.emagister.com\/blog\/te-dedicas-la-peluqueria-no-te-pierdas-estas-5-becas\/#respond"]}]},{"@type":"WebPage","@id":"https:\/\/www.emagister.com\/blog\/te-dedicas-la-peluqueria-no-te-pierdas-estas-5-becas\/","url":"https:\/\/www.emagister.com\/blog\/te-dedicas-la-peluqueria-no-te-pierdas-estas-5-becas\/","name":"\u00bfTe dedicas a la peluquer\u00eda? \u00a1No te pierdas estas 5 becas para formarte! - Blog Emagister","isPartOf":{"@id":"https:\/\/www.emagister.com\/blog\/#website"},"primaryImageOfPage":{"@id":"https:\/\/www.emagister.com\/blog\/te-dedicas-la-peluqueria-no-te-pierdas-estas-5-becas\/#primaryimage"},"image":{"@id":"https:\/\/www.emagister.com\/blog\/te-dedicas-la-peluqueria-no-te-pierdas-estas-5-becas\/#primaryimage"},"thumbnailUrl":"https:\/\/www.emagister.com\/blog\/wp-content\/uploads\/2017\/11\/GettyImages-522305300.jpg","datePublished":"2017-11-15T10:51:18+00:00","dateModified":"2021-05-21T10:45:59+00:00","description":"\u00bfEres un apasionado de la peluquer\u00eda y necesitas financiar tu formaci\u00f3n mediante una beca? No te pierdas estas 5 ayudas para profesionales y estudiantes.","breadcrumb":{"@id":"https:\/\/www.emagister.com\/blog\/te-dedicas-la-peluqueria-no-te-pierdas-estas-5-becas\/#breadcrumb"},"inLanguage":"es","potentialAction":[{"@type":"ReadAction","target":["https:\/\/www.emagister.com\/blog\/te-dedicas-la-peluqueria-no-te-pierdas-estas-5-becas\/"]}]},{"@type":"ImageObject","inLanguage":"es","@id":"https:\/\/www.emagister.com\/blog\/te-dedicas-la-peluqueria-no-te-pierdas-estas-5-becas\/#primaryimage","url":"https:\/\/www.emagister.com\/blog\/wp-content\/uploads\/2017\/11\/GettyImages-522305300.jpg","contentUrl":"https:\/\/www.emagister.com\/blog\/wp-content\/uploads\/2017\/11\/GettyImages-522305300.jpg","width":1918,"height":1280,"caption":"Side view of young bearded man getting haircut by hairdresser while sitting in chair at barbershop"},{"@type":"BreadcrumbList","@id":"https:\/\/www.emagister.com\/blog\/te-dedicas-la-peluqueria-no-te-pierdas-estas-5-becas\/#breadcrumb","itemListElement":[{"@type":"ListItem","position":1,"name":"Blog Emagister","item":"https:\/\/www.emagister.com\/blog\/"},{"@type":"ListItem","position":2,"name":"Becas y ayudas","item":"https:\/\/www.emagister.com\/blog\/becas\/"},{"@type":"ListItem","position":3,"name":"C\u00f3mo financiar estudios","item":"https:\/\/www.emagister.com\/blog\/becas\/financiar-estudios\/"},{"@type":"ListItem","position":4,"name":"\u00bfTe dedicas a la peluquer\u00eda? \u00a1No te pierdas estas 5 becas para formarte!"}]},{"@type":"WebSite","@id":"https:\/\/www.emagister.com\/blog\/#website","url":"https:\/\/www.emagister.com\/blog\/","name":"Blog Emagister","description":"Gu\u00eda de orientaci\u00f3n sobre estudios y tendencias de formaci\u00f3n","publisher":{"@id":"https:\/\/www.emagister.com\/blog\/#organization"},"potentialAction":[{"@type":"SearchAction","target":{"@type":"EntryPoint","urlTemplate":"https:\/\/www.emagister.com\/blog\/?s={search_term_string}"},"query-input":{"@type":"PropertyValueSpecification","valueRequired":true,"valueName":"search_term_string"}}],"inLanguage":"es"},{"@type":"Organization","@id":"https:\/\/www.emagister.com\/blog\/#organization","name":"Emagister","url":"https:\/\/www.emagister.com\/blog\/","logo":{"@type":"ImageObject","inLanguage":"es","@id":"https:\/\/www.emagister.com\/blog\/#\/schema\/logo\/image\/","url":"https:\/\/www.emagister.com\/blog\/wp-content\/uploads\/2017\/02\/photo.png","contentUrl":"https:\/\/www.emagister.com\/blog\/wp-content\/uploads\/2017\/02\/photo.png","width":120,"height":120,"caption":"Emagister"},"image":{"@id":"https:\/\/www.emagister.com\/blog\/#\/schema\/logo\/image\/"},"sameAs":["https:\/\/www.facebook.com\/Emagister\/","https:\/\/x.com\/emagister","https:\/\/www.instagram.com\/emagister\/","https:\/\/www.linkedin.com\/company\/emagister-com\/","https:\/\/www.pinterest.es\/emagister\/","https:\/\/www.youtube.com\/user\/emagister\/","https:\/\/es.wikipedia.org\/wiki\/Emagister"]},{"@type":"Person","@id":"https:\/\/www.emagister.com\/blog\/#\/schema\/person\/141b37b56d8029c99a901d83b24ec28f","name":"Laura Gonz\u00e0lez","image":{"@type":"ImageObject","inLanguage":"es","@id":"https:\/\/www.emagister.com\/blog\/#\/schema\/person\/image\/","url":"https:\/\/secure.gravatar.com\/avatar\/9efac18419d3b71d38e95cbb8122c1560396cf37c42a8e40dd590bdbdcdd8ffd?s=96&r=g","contentUrl":"https:\/\/secure.gravatar.com\/avatar\/9efac18419d3b71d38e95cbb8122c1560396cf37c42a8e40dd590bdbdcdd8ffd?s=96&r=g","caption":"Laura Gonz\u00e0lez"},"url":"https:\/\/www.emagister.com\/blog\/author\/laura-gonzalez\/"}]}},"_links":{"self":[{"href":"https:\/\/www.emagister.com\/blog\/wp-json\/wp\/v2\/posts\/52673","targetHints":{"allow":["GET"]}}],"collection":[{"href":"https:\/\/www.emagister.com\/blog\/wp-json\/wp\/v2\/posts"}],"about":[{"href":"https:\/\/www.emagister.com\/blog\/wp-json\/wp\/v2\/types\/post"}],"author":[{"embeddable":true,"href":"https:\/\/www.emagister.com\/blog\/wp-json\/wp\/v2\/users\/255"}],"replies":[{"embeddable":true,"href":"https:\/\/www.emagister.com\/blog\/wp-json\/wp\/v2\/comments?post=52673"}],"version-history":[{"count":3,"href":"https:\/\/www.emagister.com\/blog\/wp-json\/wp\/v2\/posts\/52673\/revisions"}],"predecessor-version":[{"id":128116,"href":"https:\/\/www.emagister.com\/blog\/wp-json\/wp\/v2\/posts\/52673\/revisions\/128116"}],"wp:featuredmedia":[{"embeddable":true,"href":"https:\/\/www.emagister.com\/blog\/wp-json\/wp\/v2\/media\/93952"}],"wp:attachment":[{"href":"https:\/\/www.emagister.com\/blog\/wp-json\/wp\/v2\/media?parent=52673"}],"wp:term":[{"taxonomy":"category","embeddable":true,"href":"https:\/\/www.emagister.com\/blog\/wp-json\/wp\/v2\/categories?post=52673"},{"taxonomy":"post_tag","embeddable":true,"href":"https:\/\/www.emagister.com\/blog\/wp-json\/wp\/v2\/tags?post=52673"}],"curies":[{"name":"wp","href":"https:\/\/api.w.org\/{rel}","templated":true}]}}