{"id":58871,"date":"2018-02-21T21:25:53","date_gmt":"2018-02-21T20:25:53","guid":{"rendered":"https:\/\/www.emagister.com\/blog\/?p=58871"},"modified":"2021-04-27T10:36:25","modified_gmt":"2021-04-27T08:36:25","slug":"necesario-replanteamiento-radical-la-formacion-los-profesores","status":"publish","type":"post","link":"https:\/\/www.emagister.com\/blog\/necesario-replanteamiento-radical-la-formacion-los-profesores\/","title":{"rendered":"\u201cEs necesario un replanteamiento radical de la formaci\u00f3n de los profesores\u201d"},"content":{"rendered":"<p style=\"text-align: justify\">La sociedad y las necesidades laborales cambian como consecuencia de una innovaci\u00f3n tecnol\u00f3gica que no cesa. Pero \u00bflo hacen la escuela y las dem\u00e1s instituciones educativas? Se dan pasos relevantes, pero insuficientes para todo el conjunto del sistema educativo. Si de verdad se quiere avanzar, <strong>\u201ces necesario un replanteamiento radical de la formaci\u00f3n de los profesores\u201d, advierte Javier Tour\u00f3n<\/strong>, Vicerrector de Innovaci\u00f3n y Desarrollo Educativo de la Universidad Internacional de La Rioja (UNIR).<!--more--><\/p>\n<p style=\"text-align: justify\"><img loading=\"lazy\" decoding=\"async\" class=\"alignleft size-medium wp-image-58874\" src=\"https:\/\/www.emagister.com\/blog\/wp-content\/uploads\/2018\/02\/A85I9573-300x200.jpg\" alt=\"\" width=\"300\" height=\"200\" \/>Y es en este contexto donde se enmarca el innovador proyecto de UNIR. <strong>La Escuela de formaci\u00f3n de profesores en Tecnolog\u00eda Educativa, Competencias Digitales y Desarrollo del Talento<\/strong>, que esta tarde se ha presentado oficialmente en Madrid ante una nutrida asistencia compuesta por docentes, directores de centros escolares y dem\u00e1s educadores.<\/p>\n<p style=\"text-align: justify\">Una puesta de largo que ha contado con la asistencia de un destacado socio, <strong>Google for Education<\/strong>. Ambas entidades han alcanzado un acuerdo \u2013el primero con una universidad espa\u00f1ola- que permitir\u00e1 formar anualmente a un millar de docentes en las m\u00e1s novedosas competencias digitales y educativas.<\/p>\n<p style=\"text-align: justify\">\u201cNuestro trabajo desde el equipo de Google for Education consiste principalmente en inspirar, ayudar y empoderar a profesores, directores, responsables TIC-TAC, colegios y universidades a mejorar y transformar el aprendizaje con la ayuda de nuestras herramientas y programas espec\u00edficos para educaci\u00f3n\u201d, ha explicado\u00a0<strong>Gonzalo Romero<\/strong>, Education Adoption Manager de Google Espa\u00f1a. \u201cClaro ejemplo de ello\u201d, ha especificado, es \u201cel programa de certificaci\u00f3n de Google for Education que va a ofrecer la Escuela de Profesores de UNIR\u201d.<\/p>\n<p style=\"text-align: justify\">Precisamente este curso es uno de los m\u00e1s de cinco con los que se estrena esta escuela cuyo objetivo es el de \u201ccolaborar en esta revoluci\u00f3n silenciosa\u201d y ayudar a los docentes \u2013y en general al sistema educativo- a que se desarrollen, promuevan un aprendizaje innovador y se adapten al entorno actual, fuertemente digitalizado y cambiante.<\/p>\n<p style=\"text-align: justify\"><strong>\u201cNo hay otra soluci\u00f3n que abordar una transformaci\u00f3n de la escuela<\/strong> en la que esta se centre en el aprendizaje y no en la ense\u00f1anza, que transforme los roles de profesor y alumno\u201d, ha insistido Tour\u00f3n. Para este experto en Altas Capacidades, se trata de que los docentes ya no sean \u201cexpositores y transmisores de conocimientos ni la \u00fanica fuente de los mismos\u201d y que los alumnos dejen de ser \u201csujetos pacientes que escuchan, anotan, memorizan y repiten\u201d.<a href=\"https:\/\/www.emagister.com\/unir-universidad-internet-cursos-173258-centrodetalles.htm\" target=\"_blank\" rel=\"noopener\"><img loading=\"lazy\" decoding=\"async\" class=\"alignright wp-image-30819 size-thumbnail\" src=\"\/\/www.emagister.com\/blog\/wp-content\/uploads\/2016\/10\/UNIR-150x150.png\" alt=\"UNIR\" width=\"150\" height=\"150\" \/><\/a><\/p>\n<p style=\"text-align: justify\">Un cambio, una revoluci\u00f3n, a la que las escuelas se ven abocadas si quieren ser de utilidad a sus alumnos. En contra de lo que ocurr\u00eda hace unas d\u00e9cadas, no basta con saber. \u201cSiendo lo principal, no es suficiente. Ahora, adem\u00e1s de saber, es importante saber hacer, saber pensar con hondura y creatividad, resolver problemas, trabajar en equipo, estar alfabetizado digitalmente, etc.\u201d, ha recalcado Tour\u00f3n, convencido de que <strong>\u201cdebemos cambiar para que el aprendizaje de los alumnos se adapte a las necesidades actuales\u201d<\/strong>.<\/p>\n<p style=\"text-align: justify\">En la misma l\u00ednea ha intervenido Romero durante la demostraci\u00f3n del curso Google forEducation que han realizado en tiempo real. \u201cAhora, <strong>los profesores tienen la gran responsabilidad de ejercer como agentes de cambio en su d\u00eda a d\u00eda<\/strong> y tenemos que apoyar y reconocer su labor m\u00e1s que nunca. La inversi\u00f3n en el desarrollo profesional docente es clave para poder desarrollar las competencias adecuadas y atender a las necesidades de los educadores de hoy ante un futuro incierto y cambiante\u201d, ha recalcado. Todo un reto al que \u201cla tecnolog\u00eda e Internet pueden apoyar\u201d y contribuir a \u201chacerlo posible de manera democr\u00e1tica\u201d.<\/p>\n<p style=\"text-align: justify\">Es ah\u00ed donde se enmarca el <strong>objetivo principal de la Escuela de Profesores de <a href=\"https:\/\/www.emagister.com\/unir-universidad-internet-cursos-173258-centrodetalles.htm\" target=\"_blank\" rel=\"noopener\">UNIR<\/a><\/strong>: formar y capacitar a maestros y futuros maestros para ense\u00f1ar a trav\u00e9s de las TIC y mejorar sus competencias digitales. Para conseguirlo, Google forEducation desempe\u00f1a un papel primordial, puesto que sus herramientas permitir\u00e1n a los educadores crear espacios virtuales completamente seguros, dise\u00f1ar intranets con Google Sites o formularios con Google Form.<\/p>\n<p style=\"text-align: justify\">Adem\u00e1s, tendr\u00e1n la oportunidad de desarrollar sus clases en el entorno 3D de The Education District y podr\u00e1n generar sus propios recursos did\u00e1cticos gracias a GSuite y a la plataforma Classroom. Los docentes que superen los ex\u00e1menes oficiales de Google obtendr\u00e1n su certificaci\u00f3n en los niveles 1 y 2. Adem\u00e1s, el claustro de este curso est\u00e1 formado por profesores expertos en metodolog\u00edas docentes y certificados como Google Trainer.<\/p>\n<div class=\"courses\"><div class=\"course\"><div class=\"inside\"><a href=\"https:\/\/www.emagister.com\/master-oficial-ux-unir-cursos-3264122.htm\" class=\"course_name directory\">M\u00e1ster Universitario en Dise\u00f1o de Experiencia de Usuario<\/a><div class=\"course_center\">UNIR, la Universidad en Internet<\/div><div class=\"course_rating\"><svg fill=\"none\" height=\"13\" viewBox=\"0 0 13 13\" width=\"13\" xmlns=\"http:\/\/www.w3.org\/2000\/svg\"><path d=\"m5.79999.990059-1.58 3.220001-3.549999.52c-.6399996.09-.9.87-.43 1.32l2.559999 2.51-.6 3.53004c-.11.64.56 1.12 1.13.82l3.18-1.67v-10.680041c-.29 0-.56.14-.71.43z\" fill=\"#f5ba41\"\/><path d=\"m10.8 12.0901-.6-3.53004 2.57-2.5c.46-.45.21-1.23-.43-1.33l-3.56-.52-1.58-3.220001c-.15-.28-.42-.43-.7-.43v10.680041l3.18 1.67c.56.3 1.23-.18 1.12-.82z\" fill=\"#e5e5e5\"\/><\/svg><\/i><svg fill=\"none\" height=\"13\" viewBox=\"0 0 13 13\" width=\"13\" xmlns=\"http:\/\/www.w3.org\/2000\/svg\"><path d=\"m5.79999.990059-1.58 3.220001-3.549999.52c-.6399996.09-.9.87-.43 1.32l2.559999 2.51-.6 3.53004c-.11.64.56 1.12 1.13.82l3.18-1.67v-10.680041c-.29 0-.56.14-.71.43z\" fill=\"#f5ba41\"\/><path d=\"m10.8 12.0901-.6-3.53004 2.57-2.5c.46-.45.21-1.23-.43-1.33l-3.56-.52-1.58-3.220001c-.15-.28-.42-.43-.7-.43v10.680041l3.18 1.67c.56.3 1.23-.18 1.12-.82z\" fill=\"#e5e5e5\"\/><\/svg><\/i><svg fill=\"none\" height=\"13\" viewBox=\"0 0 13 13\" width=\"13\" xmlns=\"http:\/\/www.w3.org\/2000\/svg\"><path d=\"m5.79999.990059-1.58 3.220001-3.549999.52c-.6399996.09-.9.87-.43 1.32l2.559999 2.51-.6 3.53004c-.11.64.56 1.12 1.13.82l3.18-1.67v-10.680041c-.29 0-.56.14-.71.43z\" fill=\"#f5ba41\"\/><path d=\"m10.8 12.0901-.6-3.53004 2.57-2.5c.46-.45.21-1.23-.43-1.33l-3.56-.52-1.58-3.220001c-.15-.28-.42-.43-.7-.43v10.680041l3.18 1.67c.56.3 1.23-.18 1.12-.82z\" fill=\"#e5e5e5\"\/><\/svg><\/i><svg height=\"14\" viewBox=\"0 0 15 14\" width=\"15\" xmlns=\"http:\/\/www.w3.org\/2000\/svg\"><path d=\"m7.293 11.013-4.315 2.269.824-4.805-3.492-3.404 4.825-.7 2.158-4.373 2.158 4.372 4.825.701-3.492 3.404.825 4.805z\" fill=\"#e5e5e5\" fill-rule=\"evenodd\"\/><\/svg><\/i><svg height=\"14\" viewBox=\"0 0 15 14\" width=\"15\" xmlns=\"http:\/\/www.w3.org\/2000\/svg\"><path d=\"m7.293 11.013-4.315 2.269.824-4.805-3.492-3.404 4.825-.7 2.158-4.373 2.158 4.372 4.825.701-3.492 3.404.825 4.805z\" fill=\"#e5e5e5\" fill-rule=\"evenodd\"\/><\/svg><\/i><\/div><div class=\"course_price\"><div class=\"course_price_text\">Precio a consultar<\/div><\/div><a href=\"https:\/\/www.emagister.com\/master-oficial-ux-unir-cursos-3264122.htm\" class=\"course_button directory\">Ver m\u00e1s<\/a><\/div><\/div><div class=\"course\"><div class=\"inside\"><a href=\"https:\/\/www.emagister.com\/master-universitario-direccion-gestion-sanitaria-cursos-3264098.htm\" class=\"course_name directory\">M\u00e1ster Universitario en Direcci\u00f3n y Gesti\u00f3n Sanitaria<\/a><div class=\"course_center\">UNIR, la Universidad en Internet<\/div><div class=\"course_rating\"><svg fill=\"none\" height=\"13\" viewBox=\"0 0 13 13\" width=\"13\" xmlns=\"http:\/\/www.w3.org\/2000\/svg\"><path d=\"m5.79999.990059-1.58 3.220001-3.549999.52c-.6399996.09-.9.87-.43 1.32l2.559999 2.51-.6 3.53004c-.11.64.56 1.12 1.13.82l3.18-1.67v-10.680041c-.29 0-.56.14-.71.43z\" fill=\"#f5ba41\"\/><path d=\"m10.8 12.0901-.6-3.53004 2.57-2.5c.46-.45.21-1.23-.43-1.33l-3.56-.52-1.58-3.220001c-.15-.28-.42-.43-.7-.43v10.680041l3.18 1.67c.56.3 1.23-.18 1.12-.82z\" fill=\"#e5e5e5\"\/><\/svg><\/i><svg fill=\"none\" height=\"13\" viewBox=\"0 0 13 13\" width=\"13\" xmlns=\"http:\/\/www.w3.org\/2000\/svg\"><path d=\"m5.79999.990059-1.58 3.220001-3.549999.52c-.6399996.09-.9.87-.43 1.32l2.559999 2.51-.6 3.53004c-.11.64.56 1.12 1.13.82l3.18-1.67v-10.680041c-.29 0-.56.14-.71.43z\" fill=\"#f5ba41\"\/><path d=\"m10.8 12.0901-.6-3.53004 2.57-2.5c.46-.45.21-1.23-.43-1.33l-3.56-.52-1.58-3.220001c-.15-.28-.42-.43-.7-.43v10.680041l3.18 1.67c.56.3 1.23-.18 1.12-.82z\" fill=\"#e5e5e5\"\/><\/svg><\/i><svg fill=\"none\" height=\"13\" viewBox=\"0 0 13 13\" width=\"13\" xmlns=\"http:\/\/www.w3.org\/2000\/svg\"><path d=\"m5.79999.990059-1.58 3.220001-3.549999.52c-.6399996.09-.9.87-.43 1.32l2.559999 2.51-.6 3.53004c-.11.64.56 1.12 1.13.82l3.18-1.67v-10.680041c-.29 0-.56.14-.71.43z\" fill=\"#f5ba41\"\/><path d=\"m10.8 12.0901-.6-3.53004 2.57-2.5c.46-.45.21-1.23-.43-1.33l-3.56-.52-1.58-3.220001c-.15-.28-.42-.43-.7-.43v10.680041l3.18 1.67c.56.3 1.23-.18 1.12-.82z\" fill=\"#e5e5e5\"\/><\/svg><\/i><svg fill=\"none\" height=\"13\" viewBox=\"0 0 13 13\" width=\"13\" xmlns=\"http:\/\/www.w3.org\/2000\/svg\"><path d=\"m5.79999.990059-1.58 3.220001-3.549999.52c-.6399996.09-.9.87-.43 1.32l2.559999 2.51-.6 3.53004c-.11.64.56 1.12 1.13.82l3.18-1.67v-10.680041c-.29 0-.56.14-.71.43z\" fill=\"#f5ba41\"\/><path d=\"m10.8 12.0901-.6-3.53004 2.57-2.5c.46-.45.21-1.23-.43-1.33l-3.56-.52-1.58-3.220001c-.15-.28-.42-.43-.7-.43v10.680041l3.18 1.67c.56.3 1.23-.18 1.12-.82z\" fill=\"#e5e5e5\"\/><\/svg><\/i><svg fill=\"none\" height=\"13\" viewBox=\"0 0 13 13\" width=\"13\" xmlns=\"http:\/\/www.w3.org\/2000\/svg\"><path d=\"m5.79999.990059-1.58 3.220001-3.549999.52c-.6399996.09-.9.87-.43 1.32l2.559999 2.51-.6 3.53004c-.11.64.56 1.12 1.13.82l3.18-1.67v-10.680041c-.29 0-.56.14-.71.43z\" fill=\"#f5ba41\"\/><path d=\"m10.8 12.0901-.6-3.53004 2.57-2.5c.46-.45.21-1.23-.43-1.33l-3.56-.52-1.58-3.220001c-.15-.28-.42-.43-.7-.43v10.680041l3.18 1.67c.56.3 1.23-.18 1.12-.82z\" fill=\"#e5e5e5\"\/><\/svg><\/i><\/div><div class=\"course_price\"><div class=\"course_price_text\">Precio a consultar<\/div><\/div><a href=\"https:\/\/www.emagister.com\/master-universitario-direccion-gestion-sanitaria-cursos-3264098.htm\" class=\"course_button directory\">Ver m\u00e1s<\/a><\/div><\/div><div class=\"courses_more_wpr\"><span class=\"courses_more directory ofuscado\" onclick=\"window.location.href='https:\/\/www.emagister.com\/web\/search?q=UNIR&#038;token=668d173c-ff0d-4d4f-bd13-3db820a3b96a&#038;segment=1&#038;sort=purePPL&#038;idCentro=99997192958079401036578245558919';\">Ver todos los cursos<svg height=\"20\" viewBox=\"0 0 20 20\" width=\"20\" xmlns=\"http:\/\/www.w3.org\/2000\/svg\"><path d=\"m12.77 10.332-4.602 4.531c-.184.184-.48.184-.664 0l-.277-.277c-.184-.184-.184-.48 0-.664l3.996-3.922-3.993-3.922c-.183-.183-.183-.48 0-.664l.278-.277c.183-.184.48-.184.664 0l4.601 4.531c.18.184.18.48-.003.664z\" fill=\"#4cb7ac\" fill-rule=\"evenodd\"\/><\/svg><\/span><\/div><\/div>\n<h5><\/h5>\n<h5>Fuente: <a href=\"https:\/\/www.emagister.com\/unir-universidad-internet-cursos-173258-centrodetalles.htm\" target=\"_blank\" rel=\"noopener\">UNIR<\/a><\/h5>\n","protected":false},"excerpt":{"rendered":"<p>La sociedad y las necesidades laborales cambian como consecuencia de una innovaci\u00f3n tecnol\u00f3gica que no cesa. Pero \u00bflo hacen la &#8230; <a title=\"\u201cEs necesario un replanteamiento radical de la formaci\u00f3n de los profesores\u201d\" class=\"read-more\" href=\"https:\/\/www.emagister.com\/blog\/necesario-replanteamiento-radical-la-formacion-los-profesores\/\" aria-label=\"M\u00e1s en \u201cEs necesario un replanteamiento radical de la formaci\u00f3n de los profesores\u201d\">Leer m\u00e1s<\/a><\/p>\n","protected":false},"author":160,"featured_media":58873,"comment_status":"open","ping_status":"closed","sticky":false,"template":"","format":"standard","meta":{"_acf_changed":false,"inline_featured_image":false,"footnotes":""},"categories":[785],"tags":[186,2832,3265,6167,6201,6202,9128,10141],"class_list":["post-58871","post","type-post","status-publish","format-standard","has-post-thumbnail","hentry","category-nuestros-clientes","tag-profesores","tag-noticias-de-centros-de-formacion","tag-centros-de-formacion","tag-formacion-de-profesores","tag-6201","tag-unir","tag-centros-universitarios","tag-noticiaselpais","generate-columns","tablet-grid-50","mobile-grid-100","grid-parent","grid-25"],"acf":{"mostrar_faldon":"-1","texto_faldon":"","link_faldon":"","link_texto_faldon":"","estilo_titulo":""},"yoast_head":"<!-- This site is optimized with the Yoast SEO Premium plugin v18.1 (Yoast SEO v27.0) - https:\/\/yoast.com\/product\/yoast-seo-premium-wordpress\/ -->\n<title>\u201cEs necesario un replanteamiento radical de la formaci\u00f3n de los profesores\u201d - Blog Emagister<\/title>\n<meta name=\"robots\" content=\"index, follow\" \/>\n<link rel=\"canonical\" href=\"https:\/\/www.emagister.com\/blog\/necesario-replanteamiento-radical-la-formacion-los-profesores\/\" \/>\n<meta property=\"og:locale\" content=\"es_ES\" \/>\n<meta property=\"og:type\" content=\"article\" \/>\n<meta property=\"og:title\" content=\"\u201cEs necesario un replanteamiento radical de la formaci\u00f3n de los profesores\u201d\" \/>\n<meta property=\"og:description\" content=\"La sociedad y las necesidades laborales cambian como consecuencia de una innovaci\u00f3n tecnol\u00f3gica que no cesa. Pero \u00bflo hacen la ... Leer m\u00e1s\" \/>\n<meta property=\"og:url\" content=\"https:\/\/www.emagister.com\/blog\/necesario-replanteamiento-radical-la-formacion-los-profesores\/\" \/>\n<meta property=\"og:site_name\" content=\"Blog Emagister\" \/>\n<meta property=\"article:publisher\" content=\"https:\/\/www.facebook.com\/Emagister\/\" \/>\n<meta property=\"article:published_time\" content=\"2018-02-21T20:25:53+00:00\" \/>\n<meta property=\"article:modified_time\" content=\"2021-04-27T08:36:25+00:00\" \/>\n<meta property=\"og:image\" content=\"https:\/\/www.emagister.com\/blog\/wp-content\/uploads\/2018\/02\/A85I9585.jpg\" \/>\n\t<meta property=\"og:image:width\" content=\"1920\" \/>\n\t<meta property=\"og:image:height\" content=\"1280\" \/>\n\t<meta property=\"og:image:type\" content=\"image\/jpeg\" \/>\n<meta name=\"author\" content=\"Carlos Gonz\u00e1lez\" \/>\n<meta name=\"twitter:card\" content=\"summary_large_image\" \/>\n<meta name=\"twitter:creator\" content=\"@emagister\" \/>\n<meta name=\"twitter:site\" content=\"@emagister\" \/>\n<meta name=\"twitter:label1\" content=\"Escrito por\" \/>\n\t<meta name=\"twitter:data1\" content=\"Carlos Gonz\u00e1lez\" \/>\n\t<meta name=\"twitter:label2\" content=\"Tiempo de lectura\" \/>\n\t<meta name=\"twitter:data2\" content=\"4 minutos\" \/>\n<script type=\"application\/ld+json\" class=\"yoast-schema-graph\">{\"@context\":\"https:\/\/schema.org\",\"@graph\":[{\"@type\":\"Article\",\"@id\":\"https:\/\/www.emagister.com\/blog\/necesario-replanteamiento-radical-la-formacion-los-profesores\/#article\",\"isPartOf\":{\"@id\":\"https:\/\/www.emagister.com\/blog\/necesario-replanteamiento-radical-la-formacion-los-profesores\/\"},\"author\":{\"name\":\"Carlos Gonz\u00e1lez\",\"@id\":\"https:\/\/www.emagister.com\/blog\/#\/schema\/person\/9ce79b5f872bb07f9a9b2049231a2dd3\"},\"headline\":\"\u201cEs necesario un replanteamiento radical de la formaci\u00f3n de los profesores\u201d\",\"datePublished\":\"2018-02-21T20:25:53+00:00\",\"dateModified\":\"2021-04-27T08:36:25+00:00\",\"mainEntityOfPage\":{\"@id\":\"https:\/\/www.emagister.com\/blog\/necesario-replanteamiento-radical-la-formacion-los-profesores\/\"},\"wordCount\":777,\"commentCount\":0,\"publisher\":{\"@id\":\"https:\/\/www.emagister.com\/blog\/#organization\"},\"image\":{\"@id\":\"https:\/\/www.emagister.com\/blog\/necesario-replanteamiento-radical-la-formacion-los-profesores\/#primaryimage\"},\"thumbnailUrl\":\"https:\/\/www.emagister.com\/blog\/wp-content\/uploads\/2018\/02\/A85I9585.jpg\",\"keywords\":[\"Recursos para profesores y maestros\",\"Noticias de centros de formaci\u00f3n\",\"Centros de formaci\u00f3n\",\"formaci\u00f3n de profesores\",\"99997192958079401036578245558919\",\"UNIR\",\"centros universitarios\",\"noticiasElPais\"],\"articleSection\":[\"Nuestros clientes\"],\"inLanguage\":\"es\",\"potentialAction\":[{\"@type\":\"CommentAction\",\"name\":\"Comment\",\"target\":[\"https:\/\/www.emagister.com\/blog\/necesario-replanteamiento-radical-la-formacion-los-profesores\/#respond\"]}]},{\"@type\":\"WebPage\",\"@id\":\"https:\/\/www.emagister.com\/blog\/necesario-replanteamiento-radical-la-formacion-los-profesores\/\",\"url\":\"https:\/\/www.emagister.com\/blog\/necesario-replanteamiento-radical-la-formacion-los-profesores\/\",\"name\":\"\u201cEs necesario un replanteamiento radical de la formaci\u00f3n de los profesores\u201d - Blog Emagister\",\"isPartOf\":{\"@id\":\"https:\/\/www.emagister.com\/blog\/#website\"},\"primaryImageOfPage\":{\"@id\":\"https:\/\/www.emagister.com\/blog\/necesario-replanteamiento-radical-la-formacion-los-profesores\/#primaryimage\"},\"image\":{\"@id\":\"https:\/\/www.emagister.com\/blog\/necesario-replanteamiento-radical-la-formacion-los-profesores\/#primaryimage\"},\"thumbnailUrl\":\"https:\/\/www.emagister.com\/blog\/wp-content\/uploads\/2018\/02\/A85I9585.jpg\",\"datePublished\":\"2018-02-21T20:25:53+00:00\",\"dateModified\":\"2021-04-27T08:36:25+00:00\",\"breadcrumb\":{\"@id\":\"https:\/\/www.emagister.com\/blog\/necesario-replanteamiento-radical-la-formacion-los-profesores\/#breadcrumb\"},\"inLanguage\":\"es\",\"potentialAction\":[{\"@type\":\"ReadAction\",\"target\":[\"https:\/\/www.emagister.com\/blog\/necesario-replanteamiento-radical-la-formacion-los-profesores\/\"]}]},{\"@type\":\"ImageObject\",\"inLanguage\":\"es\",\"@id\":\"https:\/\/www.emagister.com\/blog\/necesario-replanteamiento-radical-la-formacion-los-profesores\/#primaryimage\",\"url\":\"https:\/\/www.emagister.com\/blog\/wp-content\/uploads\/2018\/02\/A85I9585.jpg\",\"contentUrl\":\"https:\/\/www.emagister.com\/blog\/wp-content\/uploads\/2018\/02\/A85I9585.jpg\",\"width\":1920,\"height\":1280},{\"@type\":\"BreadcrumbList\",\"@id\":\"https:\/\/www.emagister.com\/blog\/necesario-replanteamiento-radical-la-formacion-los-profesores\/#breadcrumb\",\"itemListElement\":[{\"@type\":\"ListItem\",\"position\":1,\"name\":\"Blog Emagister\",\"item\":\"https:\/\/www.emagister.com\/blog\/\"},{\"@type\":\"ListItem\",\"position\":2,\"name\":\"Nuestros clientes\",\"item\":\"https:\/\/www.emagister.com\/blog\/nuestros-clientes\/\"},{\"@type\":\"ListItem\",\"position\":3,\"name\":\"\u201cEs necesario un replanteamiento radical de la formaci\u00f3n de los profesores\u201d\"}]},{\"@type\":\"WebSite\",\"@id\":\"https:\/\/www.emagister.com\/blog\/#website\",\"url\":\"https:\/\/www.emagister.com\/blog\/\",\"name\":\"Blog Emagister\",\"description\":\"Gu\u00eda de orientaci\u00f3n sobre estudios y tendencias de formaci\u00f3n\",\"publisher\":{\"@id\":\"https:\/\/www.emagister.com\/blog\/#organization\"},\"potentialAction\":[{\"@type\":\"SearchAction\",\"target\":{\"@type\":\"EntryPoint\",\"urlTemplate\":\"https:\/\/www.emagister.com\/blog\/?s={search_term_string}\"},\"query-input\":{\"@type\":\"PropertyValueSpecification\",\"valueRequired\":true,\"valueName\":\"search_term_string\"}}],\"inLanguage\":\"es\"},{\"@type\":\"Organization\",\"@id\":\"https:\/\/www.emagister.com\/blog\/#organization\",\"name\":\"Emagister\",\"url\":\"https:\/\/www.emagister.com\/blog\/\",\"logo\":{\"@type\":\"ImageObject\",\"inLanguage\":\"es\",\"@id\":\"https:\/\/www.emagister.com\/blog\/#\/schema\/logo\/image\/\",\"url\":\"https:\/\/www.emagister.com\/blog\/wp-content\/uploads\/2017\/02\/photo.png\",\"contentUrl\":\"https:\/\/www.emagister.com\/blog\/wp-content\/uploads\/2017\/02\/photo.png\",\"width\":120,\"height\":120,\"caption\":\"Emagister\"},\"image\":{\"@id\":\"https:\/\/www.emagister.com\/blog\/#\/schema\/logo\/image\/\"},\"sameAs\":[\"https:\/\/www.facebook.com\/Emagister\/\",\"https:\/\/x.com\/emagister\",\"https:\/\/www.instagram.com\/emagister\/\",\"https:\/\/www.linkedin.com\/company\/emagister-com\/\",\"https:\/\/www.pinterest.es\/emagister\/\",\"https:\/\/www.youtube.com\/user\/emagister\/\",\"https:\/\/es.wikipedia.org\/wiki\/Emagister\"]},{\"@type\":\"Person\",\"@id\":\"https:\/\/www.emagister.com\/blog\/#\/schema\/person\/9ce79b5f872bb07f9a9b2049231a2dd3\",\"name\":\"Carlos Gonz\u00e1lez\",\"image\":{\"@type\":\"ImageObject\",\"inLanguage\":\"es\",\"@id\":\"https:\/\/www.emagister.com\/blog\/#\/schema\/person\/image\/\",\"url\":\"https:\/\/secure.gravatar.com\/avatar\/6c871c929d17d4969e1ce19e7f4e6f90f185d2976651045a8a8cd5eb86c1d5ef?s=96&r=g\",\"contentUrl\":\"https:\/\/secure.gravatar.com\/avatar\/6c871c929d17d4969e1ce19e7f4e6f90f185d2976651045a8a8cd5eb86c1d5ef?s=96&r=g\",\"caption\":\"Carlos Gonz\u00e1lez\"},\"sameAs\":[\"https:\/\/www.emagister.com\"],\"url\":\"https:\/\/www.emagister.com\/blog\/author\/cgonzalez\/\"}]}<\/script>\n<!-- \/ Yoast SEO Premium plugin. -->","yoast_head_json":{"title":"\u201cEs necesario un replanteamiento radical de la formaci\u00f3n de los profesores\u201d - Blog Emagister","robots":{"index":"index","follow":"follow"},"canonical":"https:\/\/www.emagister.com\/blog\/necesario-replanteamiento-radical-la-formacion-los-profesores\/","og_locale":"es_ES","og_type":"article","og_title":"\u201cEs necesario un replanteamiento radical de la formaci\u00f3n de los profesores\u201d","og_description":"La sociedad y las necesidades laborales cambian como consecuencia de una innovaci\u00f3n tecnol\u00f3gica que no cesa. Pero \u00bflo hacen la ... Leer m\u00e1s","og_url":"https:\/\/www.emagister.com\/blog\/necesario-replanteamiento-radical-la-formacion-los-profesores\/","og_site_name":"Blog Emagister","article_publisher":"https:\/\/www.facebook.com\/Emagister\/","article_published_time":"2018-02-21T20:25:53+00:00","article_modified_time":"2021-04-27T08:36:25+00:00","og_image":[{"width":1920,"height":1280,"url":"https:\/\/www.emagister.com\/blog\/wp-content\/uploads\/2018\/02\/A85I9585.jpg","type":"image\/jpeg"}],"author":"Carlos Gonz\u00e1lez","twitter_card":"summary_large_image","twitter_creator":"@emagister","twitter_site":"@emagister","twitter_misc":{"Escrito por":"Carlos Gonz\u00e1lez","Tiempo de lectura":"4 minutos"},"schema":{"@context":"https:\/\/schema.org","@graph":[{"@type":"Article","@id":"https:\/\/www.emagister.com\/blog\/necesario-replanteamiento-radical-la-formacion-los-profesores\/#article","isPartOf":{"@id":"https:\/\/www.emagister.com\/blog\/necesario-replanteamiento-radical-la-formacion-los-profesores\/"},"author":{"name":"Carlos Gonz\u00e1lez","@id":"https:\/\/www.emagister.com\/blog\/#\/schema\/person\/9ce79b5f872bb07f9a9b2049231a2dd3"},"headline":"\u201cEs necesario un replanteamiento radical de la formaci\u00f3n de los profesores\u201d","datePublished":"2018-02-21T20:25:53+00:00","dateModified":"2021-04-27T08:36:25+00:00","mainEntityOfPage":{"@id":"https:\/\/www.emagister.com\/blog\/necesario-replanteamiento-radical-la-formacion-los-profesores\/"},"wordCount":777,"commentCount":0,"publisher":{"@id":"https:\/\/www.emagister.com\/blog\/#organization"},"image":{"@id":"https:\/\/www.emagister.com\/blog\/necesario-replanteamiento-radical-la-formacion-los-profesores\/#primaryimage"},"thumbnailUrl":"https:\/\/www.emagister.com\/blog\/wp-content\/uploads\/2018\/02\/A85I9585.jpg","keywords":["Recursos para profesores y maestros","Noticias de centros de formaci\u00f3n","Centros de formaci\u00f3n","formaci\u00f3n de profesores","99997192958079401036578245558919","UNIR","centros universitarios","noticiasElPais"],"articleSection":["Nuestros clientes"],"inLanguage":"es","potentialAction":[{"@type":"CommentAction","name":"Comment","target":["https:\/\/www.emagister.com\/blog\/necesario-replanteamiento-radical-la-formacion-los-profesores\/#respond"]}]},{"@type":"WebPage","@id":"https:\/\/www.emagister.com\/blog\/necesario-replanteamiento-radical-la-formacion-los-profesores\/","url":"https:\/\/www.emagister.com\/blog\/necesario-replanteamiento-radical-la-formacion-los-profesores\/","name":"\u201cEs necesario un replanteamiento radical de la formaci\u00f3n de los profesores\u201d - Blog Emagister","isPartOf":{"@id":"https:\/\/www.emagister.com\/blog\/#website"},"primaryImageOfPage":{"@id":"https:\/\/www.emagister.com\/blog\/necesario-replanteamiento-radical-la-formacion-los-profesores\/#primaryimage"},"image":{"@id":"https:\/\/www.emagister.com\/blog\/necesario-replanteamiento-radical-la-formacion-los-profesores\/#primaryimage"},"thumbnailUrl":"https:\/\/www.emagister.com\/blog\/wp-content\/uploads\/2018\/02\/A85I9585.jpg","datePublished":"2018-02-21T20:25:53+00:00","dateModified":"2021-04-27T08:36:25+00:00","breadcrumb":{"@id":"https:\/\/www.emagister.com\/blog\/necesario-replanteamiento-radical-la-formacion-los-profesores\/#breadcrumb"},"inLanguage":"es","potentialAction":[{"@type":"ReadAction","target":["https:\/\/www.emagister.com\/blog\/necesario-replanteamiento-radical-la-formacion-los-profesores\/"]}]},{"@type":"ImageObject","inLanguage":"es","@id":"https:\/\/www.emagister.com\/blog\/necesario-replanteamiento-radical-la-formacion-los-profesores\/#primaryimage","url":"https:\/\/www.emagister.com\/blog\/wp-content\/uploads\/2018\/02\/A85I9585.jpg","contentUrl":"https:\/\/www.emagister.com\/blog\/wp-content\/uploads\/2018\/02\/A85I9585.jpg","width":1920,"height":1280},{"@type":"BreadcrumbList","@id":"https:\/\/www.emagister.com\/blog\/necesario-replanteamiento-radical-la-formacion-los-profesores\/#breadcrumb","itemListElement":[{"@type":"ListItem","position":1,"name":"Blog Emagister","item":"https:\/\/www.emagister.com\/blog\/"},{"@type":"ListItem","position":2,"name":"Nuestros clientes","item":"https:\/\/www.emagister.com\/blog\/nuestros-clientes\/"},{"@type":"ListItem","position":3,"name":"\u201cEs necesario un replanteamiento radical de la formaci\u00f3n de los profesores\u201d"}]},{"@type":"WebSite","@id":"https:\/\/www.emagister.com\/blog\/#website","url":"https:\/\/www.emagister.com\/blog\/","name":"Blog Emagister","description":"Gu\u00eda de orientaci\u00f3n sobre estudios y tendencias de formaci\u00f3n","publisher":{"@id":"https:\/\/www.emagister.com\/blog\/#organization"},"potentialAction":[{"@type":"SearchAction","target":{"@type":"EntryPoint","urlTemplate":"https:\/\/www.emagister.com\/blog\/?s={search_term_string}"},"query-input":{"@type":"PropertyValueSpecification","valueRequired":true,"valueName":"search_term_string"}}],"inLanguage":"es"},{"@type":"Organization","@id":"https:\/\/www.emagister.com\/blog\/#organization","name":"Emagister","url":"https:\/\/www.emagister.com\/blog\/","logo":{"@type":"ImageObject","inLanguage":"es","@id":"https:\/\/www.emagister.com\/blog\/#\/schema\/logo\/image\/","url":"https:\/\/www.emagister.com\/blog\/wp-content\/uploads\/2017\/02\/photo.png","contentUrl":"https:\/\/www.emagister.com\/blog\/wp-content\/uploads\/2017\/02\/photo.png","width":120,"height":120,"caption":"Emagister"},"image":{"@id":"https:\/\/www.emagister.com\/blog\/#\/schema\/logo\/image\/"},"sameAs":["https:\/\/www.facebook.com\/Emagister\/","https:\/\/x.com\/emagister","https:\/\/www.instagram.com\/emagister\/","https:\/\/www.linkedin.com\/company\/emagister-com\/","https:\/\/www.pinterest.es\/emagister\/","https:\/\/www.youtube.com\/user\/emagister\/","https:\/\/es.wikipedia.org\/wiki\/Emagister"]},{"@type":"Person","@id":"https:\/\/www.emagister.com\/blog\/#\/schema\/person\/9ce79b5f872bb07f9a9b2049231a2dd3","name":"Carlos Gonz\u00e1lez","image":{"@type":"ImageObject","inLanguage":"es","@id":"https:\/\/www.emagister.com\/blog\/#\/schema\/person\/image\/","url":"https:\/\/secure.gravatar.com\/avatar\/6c871c929d17d4969e1ce19e7f4e6f90f185d2976651045a8a8cd5eb86c1d5ef?s=96&r=g","contentUrl":"https:\/\/secure.gravatar.com\/avatar\/6c871c929d17d4969e1ce19e7f4e6f90f185d2976651045a8a8cd5eb86c1d5ef?s=96&r=g","caption":"Carlos Gonz\u00e1lez"},"sameAs":["https:\/\/www.emagister.com"],"url":"https:\/\/www.emagister.com\/blog\/author\/cgonzalez\/"}]}},"_links":{"self":[{"href":"https:\/\/www.emagister.com\/blog\/wp-json\/wp\/v2\/posts\/58871","targetHints":{"allow":["GET"]}}],"collection":[{"href":"https:\/\/www.emagister.com\/blog\/wp-json\/wp\/v2\/posts"}],"about":[{"href":"https:\/\/www.emagister.com\/blog\/wp-json\/wp\/v2\/types\/post"}],"author":[{"embeddable":true,"href":"https:\/\/www.emagister.com\/blog\/wp-json\/wp\/v2\/users\/160"}],"replies":[{"embeddable":true,"href":"https:\/\/www.emagister.com\/blog\/wp-json\/wp\/v2\/comments?post=58871"}],"version-history":[{"count":1,"href":"https:\/\/www.emagister.com\/blog\/wp-json\/wp\/v2\/posts\/58871\/revisions"}],"predecessor-version":[{"id":120824,"href":"https:\/\/www.emagister.com\/blog\/wp-json\/wp\/v2\/posts\/58871\/revisions\/120824"}],"wp:featuredmedia":[{"embeddable":true,"href":"https:\/\/www.emagister.com\/blog\/wp-json\/wp\/v2\/media\/58873"}],"wp:attachment":[{"href":"https:\/\/www.emagister.com\/blog\/wp-json\/wp\/v2\/media?parent=58871"}],"wp:term":[{"taxonomy":"category","embeddable":true,"href":"https:\/\/www.emagister.com\/blog\/wp-json\/wp\/v2\/categories?post=58871"},{"taxonomy":"post_tag","embeddable":true,"href":"https:\/\/www.emagister.com\/blog\/wp-json\/wp\/v2\/tags?post=58871"}],"curies":[{"name":"wp","href":"https:\/\/api.w.org\/{rel}","templated":true}]}}