{"id":61424,"date":"2018-04-16T15:05:05","date_gmt":"2018-04-16T13:05:05","guid":{"rendered":"https:\/\/www.emagister.com\/blog\/?p=61424"},"modified":"2021-05-03T11:59:42","modified_gmt":"2021-05-03T09:59:42","slug":"unos-padres-viajan-en-autocaravana-durante-20-dias-eligen-la-mejor-escuela-para-su-hija","status":"publish","type":"post","link":"https:\/\/www.emagister.com\/blog\/unos-padres-viajan-en-autocaravana-durante-20-dias-eligen-la-mejor-escuela-para-su-hija\/","title":{"rendered":"Unos padres viajan en autocaravana durante 20 d\u00edas y eligen la mejor escuela para su hija"},"content":{"rendered":"<p style=\"text-align: justify\"><strong>Pilar<\/strong> y<strong> Sergi<\/strong> son los padres de Marina, una alumna de la escuela rural de l&#8217;Estany. L&#8217;Estany es una localidad de 400 habitantes situada en el centro de Catalu\u00f1a, Pilar, Sergi y Marina se han adaptado de maravilla a su nuevo hogar. Esta historia empieza como muchas otras. De hecho, a simple vista, no tiene nada de extraordinario. Sin embargo, hay una palabra clave en el relato, una palabra que lo cambia todo:\u00a0<em>autocaravana<\/em>. Y es que, cuando Marina cumpli\u00f3 14 meses, sus padres dejaron total o parcialmente el trabajo con el objetivo de buscar <a href=\"https:\/\/www.emagister.com\/cursos-educacion-infantil-tematica-776.htm\" target=\"_blank\" rel=\"noopener\"><strong>la mejor escuela para su hija<\/strong><\/a>.\u00a0<!--more--><\/p>\n<p style=\"text-align: justify\">\u00bfC\u00f3mo? Pues viajando en autocaravana por toda Catalu\u00f1a y otros lugares de Espa\u00f1a. Tardaron <strong>20 d\u00edas<\/strong> en encontrar el centro que buscaban, pero lo ten\u00edan claro: la proximidad no era el \u00fanico criterio a tener en cuenta. \u00abNosotros no hemos elegido la escuela que est\u00e1 m\u00e1s cerca de casa, sino que hemos salido a buscar<strong> <a href=\"https:\/\/www.emagister.com\/cursos-jardin-infancia-online-kwonline-1000000921.htm\" target=\"_blank\" rel=\"noopener\">la mejor escuela<\/a><\/strong>\u00ab, explican.\u00a0\u00a0La escuela de l&#8217;Estany fue la que acab\u00f3 convenciendo a toda la familia, que buscaba un espacio diferente para que Marina creciera como persona: \u00abVimos que hab\u00eda diferentes ritmos. Cada ni\u00f1o tiene su propia manera de desarrollarse y de ser. Hay diferentes tipos de inteligencia. Aqu\u00ed permiten que cada ni\u00f1o pueda desarrollarse, y eso tambi\u00e9n provoca que crezca su autoestima\u00bb, apunta Sergi.<\/p>\n<p style=\"text-align: justify\">De momento, los tres viven en la autocaravana, aunque no descartan alquilar un piso durante las pr\u00f3ximas semanas. Tanto Pilar como Sergi reconocen que el <a href=\"https:\/\/www.emagister.com\/blog\/tag\/teletrabajo\/\" target=\"_blank\" rel=\"noopener\"><strong>teletrabajo<\/strong> <\/a>les ha facilitado bastante las cosas. Ella ya era aut\u00f3noma antes del viaje, por lo que puede trabajar con un ordenador desde el veh\u00edculo. Por otra parte, Sergi ha reorientado su vida profesional y tambi\u00e9n trabaja desde casa. La pareja est\u00e1 satisfecha y ya hace planes de futuro: cuando crezca el hijo que esperan (Pilar est\u00e1 embarazada actualmente), los cuatro\u00a0<strong>buscar\u00e1n el mejor instituto<\/strong> para seguir form\u00e1ndose.<\/p>\n<div class=\"courses\"><div class=\"course\"><div class=\"inside\"><span class=\"course_name directory ofuscado\" onclick=\"window.location.href='https:\/\/www.emagister.com\/criaza-autorregulada-ser-padres-conscientes-cursos-3143333.htm';\">Criaza Autorregulada: Ser padres conscientes.<\/span><div class=\"course_center\">La Quinta&#039;l Texu<\/div><div class=\"course_rating\"><i class=\"course_rating_star\"><\/i><\/div><div class=\"course_price\">100 \u20ac<\/div><span class=\"course_button directory ofuscado\" onclick=\"window.location.href='https:\/\/www.emagister.com\/criaza-autorregulada-ser-padres-conscientes-cursos-3143333.htm';\">Ver m\u00e1s<\/span><\/div><\/div><div class=\"course\"><div class=\"inside\"><a href=\"https:\/\/www.emagister.com\/como-ser-buen-padre-cursos-2740950.htm\" class=\"course_name directory\">Curso para Padres Novatos<\/a><div class=\"course_center\">Cenproex<\/div><div class=\"course_rating\"><i class=\"course_rating_star\"><\/i><\/div><div class=\"course_price\"><div class=\"course_price_text\">Precio a consultar<\/div><\/div><a href=\"https:\/\/www.emagister.com\/como-ser-buen-padre-cursos-2740950.htm\" class=\"course_button directory\">Ver m\u00e1s<\/a><\/div><\/div><div class=\"courses_more_wpr\"><span class=\"courses_more directory ofuscado\" onclick=\"window.location.href='https:\/\/www.emagister.com\/web\/search?q=ser%20padres&#038;token=668d173c-ff0d-4d4f-bd13-3db820a3b96a&#038;segment=1&#038;sort=purePPL';\">Ver todos los cursos<svg height=\"20\" viewBox=\"0 0 20 20\" width=\"20\" xmlns=\"http:\/\/www.w3.org\/2000\/svg\"><path d=\"m12.77 10.332-4.602 4.531c-.184.184-.48.184-.664 0l-.277-.277c-.184-.184-.184-.48 0-.664l3.996-3.922-3.993-3.922c-.183-.183-.183-.48 0-.664l.278-.277c.183-.184.48-.184.664 0l4.601 4.531c.18.184.18.48-.003.664z\" fill=\"#4cb7ac\" fill-rule=\"evenodd\"\/><\/svg><\/span><\/div><\/div>\n<h3 style=\"text-align: justify\"><strong>\u00bfQu\u00e9 nos ense\u00f1a la historia del viaje en autocaravana para elegir escuela?<\/strong><\/h3>\n<ol style=\"text-align: justify\">\n<li style=\"text-align: justify\"><strong>La proximidad no es el \u00fanico criterio v\u00e1lido.<\/strong> Aunque la proximidad con el domicilio familiar es uno de los aspectos que se suele valorar m\u00e1s, hay otros factores a tener en cuenta. Por ejemplo, la filosof\u00eda de la escuela, el n\u00famero de alumnos, el entorno, la educaci\u00f3n en la diversidad, etc. En este caso, Pilar y Sergi valoran que su hija pueda crecer en contacto con la naturaleza y lejos de las aulas masificadas.<\/li>\n<li style=\"text-align: justify\"><strong>El teletrabajo garantiza la libertad de movimientos.\u00a0<\/strong>El viaje de Pilar y Sergi hubiera sido mucho m\u00e1s complicado sin la posibilidad de trabajar a distancia. Esta historia confirma que el teletrabajo ofrece mayor flexilibilidad, tanto en el \u00e1mbito de la conciliaci\u00f3n familiar como en el de libertad de movimientos.<\/li>\n<li style=\"text-align: justify\"><strong>Vivir en una autocaravana, otra manera de gestionar la vida en familia.\u00a0<\/strong>Los padres de Marina se plantean alquilar un pisto cuando nazca su segundo hijo, pero de momento viven en la misma autocaravana donde viajaron durante 20 d\u00edas. As\u00ed pues, practican la convivencia familiar en un espacio distinto: la autogesti\u00f3n es fundamental.<\/li>\n<\/ol>\n<p style=\"text-align: justify\"><strong>Fuente: TV3<\/strong><\/p>\n<div class=\"courses\"><div class=\"course\"><div class=\"inside\"><a href=\"https:\/\/www.emagister.com\/master-innovacion-educacion-infantil-cursos-3761172.htm\" class=\"course_name directory\">M\u00e1ster en innovaci\u00f3n en educaci\u00f3n infantil<\/a><div class=\"course_center\">UNIR, la Universidad en Internet<\/div><div class=\"course_rating\"><svg fill=\"none\" height=\"13\" viewBox=\"0 0 13 13\" width=\"13\" xmlns=\"http:\/\/www.w3.org\/2000\/svg\"><path d=\"m5.79999.990059-1.58 3.220001-3.549999.52c-.6399996.09-.9.87-.43 1.32l2.559999 2.51-.6 3.53004c-.11.64.56 1.12 1.13.82l3.18-1.67v-10.680041c-.29 0-.56.14-.71.43z\" fill=\"#f5ba41\"\/><path d=\"m10.8 12.0901-.6-3.53004 2.57-2.5c.46-.45.21-1.23-.43-1.33l-3.56-.52-1.58-3.220001c-.15-.28-.42-.43-.7-.43v10.680041l3.18 1.67c.56.3 1.23-.18 1.12-.82z\" fill=\"#e5e5e5\"\/><\/svg><\/i><svg fill=\"none\" height=\"13\" viewBox=\"0 0 13 13\" width=\"13\" xmlns=\"http:\/\/www.w3.org\/2000\/svg\"><path d=\"m5.79999.990059-1.58 3.220001-3.549999.52c-.6399996.09-.9.87-.43 1.32l2.559999 2.51-.6 3.53004c-.11.64.56 1.12 1.13.82l3.18-1.67v-10.680041c-.29 0-.56.14-.71.43z\" fill=\"#f5ba41\"\/><path d=\"m10.8 12.0901-.6-3.53004 2.57-2.5c.46-.45.21-1.23-.43-1.33l-3.56-.52-1.58-3.220001c-.15-.28-.42-.43-.7-.43v10.680041l3.18 1.67c.56.3 1.23-.18 1.12-.82z\" fill=\"#e5e5e5\"\/><\/svg><\/i><svg fill=\"none\" height=\"13\" viewBox=\"0 0 13 13\" width=\"13\" xmlns=\"http:\/\/www.w3.org\/2000\/svg\"><path d=\"m5.79999.990059-1.58 3.220001-3.549999.52c-.6399996.09-.9.87-.43 1.32l2.559999 2.51-.6 3.53004c-.11.64.56 1.12 1.13.82l3.18-1.67v-10.680041c-.29 0-.56.14-.71.43z\" fill=\"#f5ba41\"\/><path d=\"m10.8 12.0901-.6-3.53004 2.57-2.5c.46-.45.21-1.23-.43-1.33l-3.56-.52-1.58-3.220001c-.15-.28-.42-.43-.7-.43v10.680041l3.18 1.67c.56.3 1.23-.18 1.12-.82z\" fill=\"#e5e5e5\"\/><\/svg><\/i><svg fill=\"none\" height=\"13\" viewBox=\"0 0 13 13\" width=\"13\" xmlns=\"http:\/\/www.w3.org\/2000\/svg\"><path d=\"m5.79999.990059-1.58 3.220001-3.549999.52c-.6399996.09-.9.87-.43 1.32l2.559999 2.51-.6 3.53004c-.11.64.56 1.12 1.13.82l3.18-1.67v-10.680041c-.29 0-.56.14-.71.43z\" fill=\"#f5ba41\"\/><path d=\"m10.8 12.0901-.6-3.53004 2.57-2.5c.46-.45.21-1.23-.43-1.33l-3.56-.52-1.58-3.220001c-.15-.28-.42-.43-.7-.43v10.680041l3.18 1.67c.56.3 1.23-.18 1.12-.82z\" fill=\"#e5e5e5\"\/><\/svg><\/i><svg height=\"14\" viewBox=\"0 0 15 14\" width=\"15\" xmlns=\"http:\/\/www.w3.org\/2000\/svg\"><path d=\"m7.293 11.013-4.315 2.269.824-4.805-3.492-3.404 4.825-.7 2.158-4.373 2.158 4.372 4.825.701-3.492 3.404.825 4.805z\" fill=\"#e5e5e5\" fill-rule=\"evenodd\"\/><\/svg><\/i><\/div><div class=\"course_price\"><div class=\"course_price_text\">Precio a consultar<\/div><\/div><a href=\"https:\/\/www.emagister.com\/master-innovacion-educacion-infantil-cursos-3761172.htm\" class=\"course_button directory\">Ver m\u00e1s<\/a><\/div><\/div><div class=\"course\"><div class=\"inside\"><span class=\"course_name directory ofuscado\" onclick=\"window.location.href='https:\/\/www.emagister.com\/grado-educacion-infantil-cursos-3805305.htm';\">Grado en Educaci\u00f3n Infantil<\/span><div class=\"course_center\">UNIE UNIVERSIDAD<\/div><div class=\"course_rating\"><i class=\"course_rating_star\"><\/i><\/div><div class=\"course_price\"><div class=\"course_price_text\">Precio a consultar<\/div><\/div><span class=\"course_button directory ofuscado\" onclick=\"window.location.href='https:\/\/www.emagister.com\/grado-educacion-infantil-cursos-3805305.htm';\">Ver m\u00e1s<\/span><\/div><\/div><div class=\"courses_more_wpr\"><span class=\"courses_more directory ofuscado\" onclick=\"window.location.href='https:\/\/www.emagister.com\/web\/search?q=educaci\u00f3n%20infantil&#038;token=668d173c-ff0d-4d4f-bd13-3db820a3b96a&#038;segment=1&#038;sort=purePPL';\">Ver todos los cursos<svg height=\"20\" viewBox=\"0 0 20 20\" width=\"20\" xmlns=\"http:\/\/www.w3.org\/2000\/svg\"><path d=\"m12.77 10.332-4.602 4.531c-.184.184-.48.184-.664 0l-.277-.277c-.184-.184-.184-.48 0-.664l3.996-3.922-3.993-3.922c-.183-.183-.183-.48 0-.664l.278-.277c.183-.184.48-.184.664 0l4.601 4.531c.18.184.18.48-.003.664z\" fill=\"#4cb7ac\" fill-rule=\"evenodd\"\/><\/svg><\/span><\/div><\/div>\n","protected":false},"excerpt":{"rendered":"<p>Pilar y Sergi son los padres de Marina, una alumna de la escuela rural de l&#8217;Estany. L&#8217;Estany es una localidad &#8230; <a title=\"Unos padres viajan en autocaravana durante 20 d\u00edas y eligen la mejor escuela para su hija\" class=\"read-more\" href=\"https:\/\/www.emagister.com\/blog\/unos-padres-viajan-en-autocaravana-durante-20-dias-eligen-la-mejor-escuela-para-su-hija\/\" aria-label=\"M\u00e1s en Unos padres viajan en autocaravana durante 20 d\u00edas y eligen la mejor escuela para su hija\">Leer m\u00e1s<\/a><\/p>\n","protected":false},"author":255,"featured_media":61426,"comment_status":"open","ping_status":"closed","sticky":false,"template":"","format":"standard","meta":{"_acf_changed":false,"inline_featured_image":false,"footnotes":""},"categories":[8336],"tags":[7269,1025,1283,2233],"class_list":["post-61424","post","type-post","status-publish","format-standard","has-post-thumbnail","hentry","category-noticias","tag-actividad-rural","tag-educacion-infantil","tag-ser-padres","tag-ser-padres-hoy","generate-columns","tablet-grid-50","mobile-grid-100","grid-parent","grid-25"],"acf":{"mostrar_faldon":"-1","texto_faldon":"","link_faldon":"","link_texto_faldon":"","estilo_titulo":""},"yoast_head":"<!-- This site is optimized with the Yoast SEO Premium plugin v18.1 (Yoast SEO v27.0) - https:\/\/yoast.com\/product\/yoast-seo-premium-wordpress\/ -->\n<title>Unos padres viajan en autocaravana durante 20 d\u00edas y eligen la mejor escuela para su hija - Blog Emagister<\/title>\n<meta name=\"description\" content=\"Pilar y Sergi han viajado durante 20 d\u00edas en autocaravana buscando la mejor escuela para su hija Marina. Al final, han elegido una escuela rural en Catalu\u00f1a\" \/>\n<meta name=\"robots\" content=\"index, follow\" \/>\n<link rel=\"canonical\" href=\"https:\/\/www.emagister.com\/blog\/unos-padres-viajan-en-autocaravana-durante-20-dias-eligen-la-mejor-escuela-para-su-hija\/\" \/>\n<meta property=\"og:locale\" content=\"es_ES\" \/>\n<meta property=\"og:type\" content=\"article\" \/>\n<meta property=\"og:title\" content=\"Unos padres viajan en autocaravana durante 20 d\u00edas y eligen la mejor escuela para su hija\" \/>\n<meta property=\"og:description\" content=\"Pilar y Sergi han viajado durante 20 d\u00edas en autocaravana buscando la mejor escuela para su hija Marina. Al final, han elegido una escuela rural en Catalu\u00f1a\" \/>\n<meta property=\"og:url\" content=\"https:\/\/www.emagister.com\/blog\/unos-padres-viajan-en-autocaravana-durante-20-dias-eligen-la-mejor-escuela-para-su-hija\/\" \/>\n<meta property=\"og:site_name\" content=\"Blog Emagister\" \/>\n<meta property=\"article:publisher\" content=\"https:\/\/www.facebook.com\/Emagister\/\" \/>\n<meta property=\"article:published_time\" content=\"2018-04-16T13:05:05+00:00\" \/>\n<meta property=\"article:modified_time\" content=\"2021-05-03T09:59:42+00:00\" \/>\n<meta property=\"og:image\" content=\"https:\/\/www.emagister.com\/blog\/wp-content\/uploads\/2018\/04\/caravana.jpg\" \/>\n\t<meta property=\"og:image:width\" content=\"670\" \/>\n\t<meta property=\"og:image:height\" content=\"378\" \/>\n\t<meta property=\"og:image:type\" content=\"image\/jpeg\" \/>\n<meta name=\"author\" content=\"Laura Gonz\u00e0lez\" \/>\n<meta name=\"twitter:card\" content=\"summary_large_image\" \/>\n<meta name=\"twitter:creator\" content=\"@emagister\" \/>\n<meta name=\"twitter:site\" content=\"@emagister\" \/>\n<meta name=\"twitter:label1\" content=\"Escrito por\" \/>\n\t<meta name=\"twitter:data1\" content=\"Laura Gonz\u00e0lez\" \/>\n\t<meta name=\"twitter:label2\" content=\"Tiempo de lectura\" \/>\n\t<meta name=\"twitter:data2\" content=\"3 minutos\" \/>\n<script type=\"application\/ld+json\" class=\"yoast-schema-graph\">{\"@context\":\"https:\/\/schema.org\",\"@graph\":[{\"@type\":\"Article\",\"@id\":\"https:\/\/www.emagister.com\/blog\/unos-padres-viajan-en-autocaravana-durante-20-dias-eligen-la-mejor-escuela-para-su-hija\/#article\",\"isPartOf\":{\"@id\":\"https:\/\/www.emagister.com\/blog\/unos-padres-viajan-en-autocaravana-durante-20-dias-eligen-la-mejor-escuela-para-su-hija\/\"},\"author\":{\"name\":\"Laura Gonz\u00e0lez\",\"@id\":\"https:\/\/www.emagister.com\/blog\/#\/schema\/person\/141b37b56d8029c99a901d83b24ec28f\"},\"headline\":\"Unos padres viajan en autocaravana durante 20 d\u00edas y eligen la mejor escuela para su hija\",\"datePublished\":\"2018-04-16T13:05:05+00:00\",\"dateModified\":\"2021-05-03T09:59:42+00:00\",\"mainEntityOfPage\":{\"@id\":\"https:\/\/www.emagister.com\/blog\/unos-padres-viajan-en-autocaravana-durante-20-dias-eligen-la-mejor-escuela-para-su-hija\/\"},\"wordCount\":591,\"commentCount\":0,\"publisher\":{\"@id\":\"https:\/\/www.emagister.com\/blog\/#organization\"},\"image\":{\"@id\":\"https:\/\/www.emagister.com\/blog\/unos-padres-viajan-en-autocaravana-durante-20-dias-eligen-la-mejor-escuela-para-su-hija\/#primaryimage\"},\"thumbnailUrl\":\"https:\/\/www.emagister.com\/blog\/wp-content\/uploads\/2018\/04\/caravana.jpg\",\"keywords\":[\"actividad rural\",\"educaci\u00f3n infantil\",\"ser padres\",\"ser padres hoy\"],\"articleSection\":[\"Actualidad Emagister\"],\"inLanguage\":\"es\",\"potentialAction\":[{\"@type\":\"CommentAction\",\"name\":\"Comment\",\"target\":[\"https:\/\/www.emagister.com\/blog\/unos-padres-viajan-en-autocaravana-durante-20-dias-eligen-la-mejor-escuela-para-su-hija\/#respond\"]}]},{\"@type\":\"WebPage\",\"@id\":\"https:\/\/www.emagister.com\/blog\/unos-padres-viajan-en-autocaravana-durante-20-dias-eligen-la-mejor-escuela-para-su-hija\/\",\"url\":\"https:\/\/www.emagister.com\/blog\/unos-padres-viajan-en-autocaravana-durante-20-dias-eligen-la-mejor-escuela-para-su-hija\/\",\"name\":\"Unos padres viajan en autocaravana durante 20 d\u00edas y eligen la mejor escuela para su hija - Blog Emagister\",\"isPartOf\":{\"@id\":\"https:\/\/www.emagister.com\/blog\/#website\"},\"primaryImageOfPage\":{\"@id\":\"https:\/\/www.emagister.com\/blog\/unos-padres-viajan-en-autocaravana-durante-20-dias-eligen-la-mejor-escuela-para-su-hija\/#primaryimage\"},\"image\":{\"@id\":\"https:\/\/www.emagister.com\/blog\/unos-padres-viajan-en-autocaravana-durante-20-dias-eligen-la-mejor-escuela-para-su-hija\/#primaryimage\"},\"thumbnailUrl\":\"https:\/\/www.emagister.com\/blog\/wp-content\/uploads\/2018\/04\/caravana.jpg\",\"datePublished\":\"2018-04-16T13:05:05+00:00\",\"dateModified\":\"2021-05-03T09:59:42+00:00\",\"description\":\"Pilar y Sergi han viajado durante 20 d\u00edas en autocaravana buscando la mejor escuela para su hija Marina. Al final, han elegido una escuela rural en Catalu\u00f1a\",\"breadcrumb\":{\"@id\":\"https:\/\/www.emagister.com\/blog\/unos-padres-viajan-en-autocaravana-durante-20-dias-eligen-la-mejor-escuela-para-su-hija\/#breadcrumb\"},\"inLanguage\":\"es\",\"potentialAction\":[{\"@type\":\"ReadAction\",\"target\":[\"https:\/\/www.emagister.com\/blog\/unos-padres-viajan-en-autocaravana-durante-20-dias-eligen-la-mejor-escuela-para-su-hija\/\"]}]},{\"@type\":\"ImageObject\",\"inLanguage\":\"es\",\"@id\":\"https:\/\/www.emagister.com\/blog\/unos-padres-viajan-en-autocaravana-durante-20-dias-eligen-la-mejor-escuela-para-su-hija\/#primaryimage\",\"url\":\"https:\/\/www.emagister.com\/blog\/wp-content\/uploads\/2018\/04\/caravana.jpg\",\"contentUrl\":\"https:\/\/www.emagister.com\/blog\/wp-content\/uploads\/2018\/04\/caravana.jpg\",\"width\":670,\"height\":378,\"caption\":\"caravana\"},{\"@type\":\"BreadcrumbList\",\"@id\":\"https:\/\/www.emagister.com\/blog\/unos-padres-viajan-en-autocaravana-durante-20-dias-eligen-la-mejor-escuela-para-su-hija\/#breadcrumb\",\"itemListElement\":[{\"@type\":\"ListItem\",\"position\":1,\"name\":\"Blog Emagister\",\"item\":\"https:\/\/www.emagister.com\/blog\/\"},{\"@type\":\"ListItem\",\"position\":2,\"name\":\"Actualidad Emagister\",\"item\":\"https:\/\/www.emagister.com\/blog\/noticias\/\"},{\"@type\":\"ListItem\",\"position\":3,\"name\":\"Unos padres viajan en autocaravana durante 20 d\u00edas y eligen la mejor escuela para su hija\"}]},{\"@type\":\"WebSite\",\"@id\":\"https:\/\/www.emagister.com\/blog\/#website\",\"url\":\"https:\/\/www.emagister.com\/blog\/\",\"name\":\"Blog Emagister\",\"description\":\"Gu\u00eda de orientaci\u00f3n sobre estudios y tendencias de formaci\u00f3n\",\"publisher\":{\"@id\":\"https:\/\/www.emagister.com\/blog\/#organization\"},\"potentialAction\":[{\"@type\":\"SearchAction\",\"target\":{\"@type\":\"EntryPoint\",\"urlTemplate\":\"https:\/\/www.emagister.com\/blog\/?s={search_term_string}\"},\"query-input\":{\"@type\":\"PropertyValueSpecification\",\"valueRequired\":true,\"valueName\":\"search_term_string\"}}],\"inLanguage\":\"es\"},{\"@type\":\"Organization\",\"@id\":\"https:\/\/www.emagister.com\/blog\/#organization\",\"name\":\"Emagister\",\"url\":\"https:\/\/www.emagister.com\/blog\/\",\"logo\":{\"@type\":\"ImageObject\",\"inLanguage\":\"es\",\"@id\":\"https:\/\/www.emagister.com\/blog\/#\/schema\/logo\/image\/\",\"url\":\"https:\/\/www.emagister.com\/blog\/wp-content\/uploads\/2017\/02\/photo.png\",\"contentUrl\":\"https:\/\/www.emagister.com\/blog\/wp-content\/uploads\/2017\/02\/photo.png\",\"width\":120,\"height\":120,\"caption\":\"Emagister\"},\"image\":{\"@id\":\"https:\/\/www.emagister.com\/blog\/#\/schema\/logo\/image\/\"},\"sameAs\":[\"https:\/\/www.facebook.com\/Emagister\/\",\"https:\/\/x.com\/emagister\",\"https:\/\/www.instagram.com\/emagister\/\",\"https:\/\/www.linkedin.com\/company\/emagister-com\/\",\"https:\/\/www.pinterest.es\/emagister\/\",\"https:\/\/www.youtube.com\/user\/emagister\/\",\"https:\/\/es.wikipedia.org\/wiki\/Emagister\"]},{\"@type\":\"Person\",\"@id\":\"https:\/\/www.emagister.com\/blog\/#\/schema\/person\/141b37b56d8029c99a901d83b24ec28f\",\"name\":\"Laura Gonz\u00e0lez\",\"image\":{\"@type\":\"ImageObject\",\"inLanguage\":\"es\",\"@id\":\"https:\/\/www.emagister.com\/blog\/#\/schema\/person\/image\/\",\"url\":\"https:\/\/secure.gravatar.com\/avatar\/9efac18419d3b71d38e95cbb8122c1560396cf37c42a8e40dd590bdbdcdd8ffd?s=96&r=g\",\"contentUrl\":\"https:\/\/secure.gravatar.com\/avatar\/9efac18419d3b71d38e95cbb8122c1560396cf37c42a8e40dd590bdbdcdd8ffd?s=96&r=g\",\"caption\":\"Laura Gonz\u00e0lez\"},\"url\":\"https:\/\/www.emagister.com\/blog\/author\/laura-gonzalez\/\"}]}<\/script>\n<!-- \/ Yoast SEO Premium plugin. -->","yoast_head_json":{"title":"Unos padres viajan en autocaravana durante 20 d\u00edas y eligen la mejor escuela para su hija - Blog Emagister","description":"Pilar y Sergi han viajado durante 20 d\u00edas en autocaravana buscando la mejor escuela para su hija Marina. Al final, han elegido una escuela rural en Catalu\u00f1a","robots":{"index":"index","follow":"follow"},"canonical":"https:\/\/www.emagister.com\/blog\/unos-padres-viajan-en-autocaravana-durante-20-dias-eligen-la-mejor-escuela-para-su-hija\/","og_locale":"es_ES","og_type":"article","og_title":"Unos padres viajan en autocaravana durante 20 d\u00edas y eligen la mejor escuela para su hija","og_description":"Pilar y Sergi han viajado durante 20 d\u00edas en autocaravana buscando la mejor escuela para su hija Marina. Al final, han elegido una escuela rural en Catalu\u00f1a","og_url":"https:\/\/www.emagister.com\/blog\/unos-padres-viajan-en-autocaravana-durante-20-dias-eligen-la-mejor-escuela-para-su-hija\/","og_site_name":"Blog Emagister","article_publisher":"https:\/\/www.facebook.com\/Emagister\/","article_published_time":"2018-04-16T13:05:05+00:00","article_modified_time":"2021-05-03T09:59:42+00:00","og_image":[{"width":670,"height":378,"url":"https:\/\/www.emagister.com\/blog\/wp-content\/uploads\/2018\/04\/caravana.jpg","type":"image\/jpeg"}],"author":"Laura Gonz\u00e0lez","twitter_card":"summary_large_image","twitter_creator":"@emagister","twitter_site":"@emagister","twitter_misc":{"Escrito por":"Laura Gonz\u00e0lez","Tiempo de lectura":"3 minutos"},"schema":{"@context":"https:\/\/schema.org","@graph":[{"@type":"Article","@id":"https:\/\/www.emagister.com\/blog\/unos-padres-viajan-en-autocaravana-durante-20-dias-eligen-la-mejor-escuela-para-su-hija\/#article","isPartOf":{"@id":"https:\/\/www.emagister.com\/blog\/unos-padres-viajan-en-autocaravana-durante-20-dias-eligen-la-mejor-escuela-para-su-hija\/"},"author":{"name":"Laura Gonz\u00e0lez","@id":"https:\/\/www.emagister.com\/blog\/#\/schema\/person\/141b37b56d8029c99a901d83b24ec28f"},"headline":"Unos padres viajan en autocaravana durante 20 d\u00edas y eligen la mejor escuela para su hija","datePublished":"2018-04-16T13:05:05+00:00","dateModified":"2021-05-03T09:59:42+00:00","mainEntityOfPage":{"@id":"https:\/\/www.emagister.com\/blog\/unos-padres-viajan-en-autocaravana-durante-20-dias-eligen-la-mejor-escuela-para-su-hija\/"},"wordCount":591,"commentCount":0,"publisher":{"@id":"https:\/\/www.emagister.com\/blog\/#organization"},"image":{"@id":"https:\/\/www.emagister.com\/blog\/unos-padres-viajan-en-autocaravana-durante-20-dias-eligen-la-mejor-escuela-para-su-hija\/#primaryimage"},"thumbnailUrl":"https:\/\/www.emagister.com\/blog\/wp-content\/uploads\/2018\/04\/caravana.jpg","keywords":["actividad rural","educaci\u00f3n infantil","ser padres","ser padres hoy"],"articleSection":["Actualidad Emagister"],"inLanguage":"es","potentialAction":[{"@type":"CommentAction","name":"Comment","target":["https:\/\/www.emagister.com\/blog\/unos-padres-viajan-en-autocaravana-durante-20-dias-eligen-la-mejor-escuela-para-su-hija\/#respond"]}]},{"@type":"WebPage","@id":"https:\/\/www.emagister.com\/blog\/unos-padres-viajan-en-autocaravana-durante-20-dias-eligen-la-mejor-escuela-para-su-hija\/","url":"https:\/\/www.emagister.com\/blog\/unos-padres-viajan-en-autocaravana-durante-20-dias-eligen-la-mejor-escuela-para-su-hija\/","name":"Unos padres viajan en autocaravana durante 20 d\u00edas y eligen la mejor escuela para su hija - Blog Emagister","isPartOf":{"@id":"https:\/\/www.emagister.com\/blog\/#website"},"primaryImageOfPage":{"@id":"https:\/\/www.emagister.com\/blog\/unos-padres-viajan-en-autocaravana-durante-20-dias-eligen-la-mejor-escuela-para-su-hija\/#primaryimage"},"image":{"@id":"https:\/\/www.emagister.com\/blog\/unos-padres-viajan-en-autocaravana-durante-20-dias-eligen-la-mejor-escuela-para-su-hija\/#primaryimage"},"thumbnailUrl":"https:\/\/www.emagister.com\/blog\/wp-content\/uploads\/2018\/04\/caravana.jpg","datePublished":"2018-04-16T13:05:05+00:00","dateModified":"2021-05-03T09:59:42+00:00","description":"Pilar y Sergi han viajado durante 20 d\u00edas en autocaravana buscando la mejor escuela para su hija Marina. Al final, han elegido una escuela rural en Catalu\u00f1a","breadcrumb":{"@id":"https:\/\/www.emagister.com\/blog\/unos-padres-viajan-en-autocaravana-durante-20-dias-eligen-la-mejor-escuela-para-su-hija\/#breadcrumb"},"inLanguage":"es","potentialAction":[{"@type":"ReadAction","target":["https:\/\/www.emagister.com\/blog\/unos-padres-viajan-en-autocaravana-durante-20-dias-eligen-la-mejor-escuela-para-su-hija\/"]}]},{"@type":"ImageObject","inLanguage":"es","@id":"https:\/\/www.emagister.com\/blog\/unos-padres-viajan-en-autocaravana-durante-20-dias-eligen-la-mejor-escuela-para-su-hija\/#primaryimage","url":"https:\/\/www.emagister.com\/blog\/wp-content\/uploads\/2018\/04\/caravana.jpg","contentUrl":"https:\/\/www.emagister.com\/blog\/wp-content\/uploads\/2018\/04\/caravana.jpg","width":670,"height":378,"caption":"caravana"},{"@type":"BreadcrumbList","@id":"https:\/\/www.emagister.com\/blog\/unos-padres-viajan-en-autocaravana-durante-20-dias-eligen-la-mejor-escuela-para-su-hija\/#breadcrumb","itemListElement":[{"@type":"ListItem","position":1,"name":"Blog Emagister","item":"https:\/\/www.emagister.com\/blog\/"},{"@type":"ListItem","position":2,"name":"Actualidad Emagister","item":"https:\/\/www.emagister.com\/blog\/noticias\/"},{"@type":"ListItem","position":3,"name":"Unos padres viajan en autocaravana durante 20 d\u00edas y eligen la mejor escuela para su hija"}]},{"@type":"WebSite","@id":"https:\/\/www.emagister.com\/blog\/#website","url":"https:\/\/www.emagister.com\/blog\/","name":"Blog Emagister","description":"Gu\u00eda de orientaci\u00f3n sobre estudios y tendencias de formaci\u00f3n","publisher":{"@id":"https:\/\/www.emagister.com\/blog\/#organization"},"potentialAction":[{"@type":"SearchAction","target":{"@type":"EntryPoint","urlTemplate":"https:\/\/www.emagister.com\/blog\/?s={search_term_string}"},"query-input":{"@type":"PropertyValueSpecification","valueRequired":true,"valueName":"search_term_string"}}],"inLanguage":"es"},{"@type":"Organization","@id":"https:\/\/www.emagister.com\/blog\/#organization","name":"Emagister","url":"https:\/\/www.emagister.com\/blog\/","logo":{"@type":"ImageObject","inLanguage":"es","@id":"https:\/\/www.emagister.com\/blog\/#\/schema\/logo\/image\/","url":"https:\/\/www.emagister.com\/blog\/wp-content\/uploads\/2017\/02\/photo.png","contentUrl":"https:\/\/www.emagister.com\/blog\/wp-content\/uploads\/2017\/02\/photo.png","width":120,"height":120,"caption":"Emagister"},"image":{"@id":"https:\/\/www.emagister.com\/blog\/#\/schema\/logo\/image\/"},"sameAs":["https:\/\/www.facebook.com\/Emagister\/","https:\/\/x.com\/emagister","https:\/\/www.instagram.com\/emagister\/","https:\/\/www.linkedin.com\/company\/emagister-com\/","https:\/\/www.pinterest.es\/emagister\/","https:\/\/www.youtube.com\/user\/emagister\/","https:\/\/es.wikipedia.org\/wiki\/Emagister"]},{"@type":"Person","@id":"https:\/\/www.emagister.com\/blog\/#\/schema\/person\/141b37b56d8029c99a901d83b24ec28f","name":"Laura Gonz\u00e0lez","image":{"@type":"ImageObject","inLanguage":"es","@id":"https:\/\/www.emagister.com\/blog\/#\/schema\/person\/image\/","url":"https:\/\/secure.gravatar.com\/avatar\/9efac18419d3b71d38e95cbb8122c1560396cf37c42a8e40dd590bdbdcdd8ffd?s=96&r=g","contentUrl":"https:\/\/secure.gravatar.com\/avatar\/9efac18419d3b71d38e95cbb8122c1560396cf37c42a8e40dd590bdbdcdd8ffd?s=96&r=g","caption":"Laura Gonz\u00e0lez"},"url":"https:\/\/www.emagister.com\/blog\/author\/laura-gonzalez\/"}]}},"_links":{"self":[{"href":"https:\/\/www.emagister.com\/blog\/wp-json\/wp\/v2\/posts\/61424","targetHints":{"allow":["GET"]}}],"collection":[{"href":"https:\/\/www.emagister.com\/blog\/wp-json\/wp\/v2\/posts"}],"about":[{"href":"https:\/\/www.emagister.com\/blog\/wp-json\/wp\/v2\/types\/post"}],"author":[{"embeddable":true,"href":"https:\/\/www.emagister.com\/blog\/wp-json\/wp\/v2\/users\/255"}],"replies":[{"embeddable":true,"href":"https:\/\/www.emagister.com\/blog\/wp-json\/wp\/v2\/comments?post=61424"}],"version-history":[{"count":1,"href":"https:\/\/www.emagister.com\/blog\/wp-json\/wp\/v2\/posts\/61424\/revisions"}],"predecessor-version":[{"id":125257,"href":"https:\/\/www.emagister.com\/blog\/wp-json\/wp\/v2\/posts\/61424\/revisions\/125257"}],"wp:featuredmedia":[{"embeddable":true,"href":"https:\/\/www.emagister.com\/blog\/wp-json\/wp\/v2\/media\/61426"}],"wp:attachment":[{"href":"https:\/\/www.emagister.com\/blog\/wp-json\/wp\/v2\/media?parent=61424"}],"wp:term":[{"taxonomy":"category","embeddable":true,"href":"https:\/\/www.emagister.com\/blog\/wp-json\/wp\/v2\/categories?post=61424"},{"taxonomy":"post_tag","embeddable":true,"href":"https:\/\/www.emagister.com\/blog\/wp-json\/wp\/v2\/tags?post=61424"}],"curies":[{"name":"wp","href":"https:\/\/api.w.org\/{rel}","templated":true}]}}