{"id":63005,"date":"2018-05-04T11:54:17","date_gmt":"2018-05-04T09:54:17","guid":{"rendered":"https:\/\/www.emagister.com\/blog\/?p=63005"},"modified":"2021-05-03T12:05:57","modified_gmt":"2021-05-03T10:05:57","slug":"instagram-anade-filtro-zafarse-del-bullying","status":"publish","type":"post","link":"https:\/\/www.emagister.com\/blog\/instagram-anade-filtro-zafarse-del-bullying\/","title":{"rendered":"Instagram a\u00f1ade un filtro para zafarse del bullying"},"content":{"rendered":"<p style=\"text-align: justify;\">El d\u00eda 2 de mayo se conmemora el <strong><a href=\"https:\/\/www.emagister.com\/cursos-bullying-kwes-36988.htm\" target=\"_blank\" rel=\"noopener\">D\u00eda Internacional contra el Acoso Escolar<\/a><\/strong>. Pero lo cierto es que las iniciativas contra el<strong><a href=\"https:\/\/www.emagister.com\/blog\/tag\/bullying\/\" target=\"_blank\" rel=\"noopener\"> <em>bullying<\/em>\u00a0<\/a><\/strong>son bienvenidas cualquier d\u00eda del a\u00f1o: desde programas de intervenci\u00f3n educativa hasta prevenci\u00f3n en las redes sociales. Por suerte, en este segundo \u00e1mbito, se han producido novedades destacadas. Instagram ha decidido introducir un nuevo filtro en los comentarios para evitar el acoso. Concretamente, esta criba se centra en los insultos relacionados con cuestiones f\u00edsicas. \u00bfC\u00f3mo funciona? Pues muy sencillo: la red social utiliza un sistema autom\u00e1tico basado en\u00a0<em><strong>machine learning<\/strong>\u00a0<\/em>(inteligencia artificial) para detectar los comentarios ofensivos. Por otra parte, permite que los usuarios filtren comentarios que contengan ciertas palabras o emojis.<!--more--><\/p>\n<p style=\"text-align: justify;\">Aunque se trata de un buen sistema, mantener <a href=\"https:\/\/www.emagister.com\/blog\/ciberbullying-definicion-caracteristicas-tipologias\/\" target=\"_blank\" rel=\"noopener\"><strong>totalmente libre de acoso una red social<\/strong> <\/a>con m\u00e1s de\u00a0800 millones de usuarios\u00a0es casi imposible. El\u00a0<em>body-shaming<\/em>, (la cr\u00edtica ofensiva a la apariencia f\u00edsica),<em>\u00a0<\/em>por ejemplo, es algo que se manifiesta en Instagram con cierta regularidad. Esta nueva herramienta tiene como base un filtro anterior, que se centraba en la prevenci\u00f3n de los ataques a grupos de riesgo. Pero hay una diferencia entre este filtro y el anterior: <strong>la intervenci\u00f3n del due\u00f1o de la cuenta<\/strong>. De hecho, el filtro puede ser activado o desactivado por el mismo usuario. Es decir, si una persona cree que corre el riesgo de ser acosada en Instagram puede utilizar este sistema, pero tambi\u00e9n puede prescindir de \u00e9l cuando le convenga. \u00bfY t\u00fa? \u00bfCrees que esta iniciativa de Instagram va a tener \u00e9xito? \u00bfSe te ocurre alguna otra iniciativa para combatir el <em>bullying<\/em>? \u00a1Comparte tu experiencia con nosotros en un comentario!<\/p>\n<h3 style=\"text-align: justify;\"><strong>\u00bfQu\u00e9 aprendemos de esta iniciativa de Instagram para evitar el <em>bullying<\/em>?<\/strong><\/h3>\n<ol style=\"text-align: justify;\">\n<li><strong>Si no quieres que haya comentarios ofensivos, no los hagas.<\/strong> \u00bfTe sorprende que haya que tomar este tipo de iniciativas para una interacci\u00f3n saludable en las redes sociales? Pues despierta: el bullying a trav\u00e9s de las redes es una realidad. Y conviene hacer autocr\u00edtica. Si alguna vez has insultado a alguien por su apariencia f\u00edsica (ya sea personalmente o a trav\u00e9s de <a href=\"https:\/\/www.emagister.com\/blog\/tag\/instagram\/\" target=\"_blank\" rel=\"noopener\">Instagram<\/a>) piensa en las consecuencias de tus acciones. Sin insultos ni agresiones, este tipo de controles no ser\u00edan necesarios. \u00a1Acabar con el acoso es responsabilidad de todos!<\/li>\n<li><strong>Las redes sociales, activas ante los acosadores.<\/strong> Las redes sociales tienen ventajas, pero tambi\u00e9n inconvenientes. La posibilidad de lanzar comentarios desde el anonimato crea, demasiado a menudo, un clima de impunidad ante los acosadores. En este sentido, celebramos que se incluyan filtros para evitar usos inapropiados de Instagram. Sin embargo, hay que recordar que los comentarios ofensivos no solo se centran en el cuerpo. Precisamente por eso, es tan dif\u00edcil erradicar del todo el <em>bullying<\/em> en las redes.<\/li>\n<li><strong>Twitter, la asignatura pendiente.\u00a0<\/strong> El filtro de Instagram fomentar\u00e1 las interacciones sanas y respetuosas entre los usuarios. No obstante, hay otras redes sociales (como por ejemplo <a href=\"https:\/\/www.emagister.com\/blog\/tag\/twitter\/\" target=\"_blank\" rel=\"noopener\">Twitter<\/a>) con un largo camino por recorrer. \u00a1Esperemos que tomen nota de la iniciativa de Instagram!<\/li>\n<\/ol>\n<p style=\"text-align: justify;\"><strong>Fuente: Trece Bits<\/strong><\/p>\n","protected":false},"excerpt":{"rendered":"<p>El d\u00eda 2 de mayo se conmemora el D\u00eda Internacional contra el Acoso Escolar. Pero lo cierto es que las &#8230; <a title=\"Instagram a\u00f1ade un filtro para zafarse del bullying\" class=\"read-more\" href=\"https:\/\/www.emagister.com\/blog\/instagram-anade-filtro-zafarse-del-bullying\/\" aria-label=\"M\u00e1s en Instagram a\u00f1ade un filtro para zafarse del bullying\">Leer m\u00e1s<\/a><\/p>\n","protected":false},"author":255,"featured_media":63020,"comment_status":"open","ping_status":"closed","sticky":false,"template":"","format":"standard","meta":{"_acf_changed":false,"inline_featured_image":false,"footnotes":""},"categories":[8336],"tags":[533,3294,6597,8268,8936],"class_list":["post-63005","post","type-post","status-publish","format-standard","has-post-thumbnail","hentry","category-noticias","tag-instagram","tag-ciberbullying","tag-cyberbullying","tag-ciber-bullying","tag-bullying-escolar","generate-columns","tablet-grid-50","mobile-grid-100","grid-parent","grid-25"],"acf":{"mostrar_faldon":"-1","texto_faldon":"","link_faldon":"","link_texto_faldon":"","estilo_titulo":""},"yoast_head":"<!-- This site is optimized with the Yoast SEO Premium plugin v18.1 (Yoast SEO v27.0) - https:\/\/yoast.com\/product\/yoast-seo-premium-wordpress\/ -->\n<title>Instagram a\u00f1ade un filtro para zafarse del bullying - Blog Emagister<\/title>\n<meta name=\"description\" content=\"Instagram controlar\u00e1 los comentarios ofensivos por cuestiones f\u00edsicas a trav\u00e9s de un filtro. \u00bfSu objetivo? Reducir el bullyng en las redes. \u00a1Toma nota!\" \/>\n<meta name=\"robots\" content=\"index, follow\" \/>\n<link rel=\"canonical\" href=\"https:\/\/www.emagister.com\/blog\/instagram-anade-filtro-zafarse-del-bullying\/\" \/>\n<meta property=\"og:locale\" content=\"es_ES\" \/>\n<meta property=\"og:type\" content=\"article\" \/>\n<meta property=\"og:title\" content=\"Instagram a\u00f1ade un filtro para zafarse del bullying\" \/>\n<meta property=\"og:description\" content=\"Instagram controlar\u00e1 los comentarios ofensivos por cuestiones f\u00edsicas a trav\u00e9s de un filtro. \u00bfSu objetivo? Reducir el bullyng en las redes. \u00a1Toma nota!\" \/>\n<meta property=\"og:url\" content=\"https:\/\/www.emagister.com\/blog\/instagram-anade-filtro-zafarse-del-bullying\/\" \/>\n<meta property=\"og:site_name\" content=\"Blog Emagister\" \/>\n<meta property=\"article:publisher\" content=\"https:\/\/www.facebook.com\/Emagister\/\" \/>\n<meta property=\"article:published_time\" content=\"2018-05-04T09:54:17+00:00\" \/>\n<meta property=\"article:modified_time\" content=\"2021-05-03T10:05:57+00:00\" \/>\n<meta property=\"og:image\" content=\"https:\/\/www.emagister.com\/blog\/wp-content\/uploads\/2018\/05\/instagram.jpg\" \/>\n\t<meta property=\"og:image:width\" content=\"800\" \/>\n\t<meta property=\"og:image:height\" content=\"445\" \/>\n\t<meta property=\"og:image:type\" content=\"image\/jpeg\" \/>\n<meta name=\"author\" content=\"Laura Gonz\u00e0lez\" \/>\n<meta name=\"twitter:card\" content=\"summary_large_image\" \/>\n<meta name=\"twitter:creator\" content=\"@emagister\" \/>\n<meta name=\"twitter:site\" content=\"@emagister\" \/>\n<meta name=\"twitter:label1\" content=\"Escrito por\" \/>\n\t<meta name=\"twitter:data1\" content=\"Laura Gonz\u00e0lez\" \/>\n\t<meta name=\"twitter:label2\" content=\"Tiempo de lectura\" \/>\n\t<meta name=\"twitter:data2\" content=\"3 minutos\" \/>\n<script type=\"application\/ld+json\" class=\"yoast-schema-graph\">{\"@context\":\"https:\/\/schema.org\",\"@graph\":[{\"@type\":\"Article\",\"@id\":\"https:\/\/www.emagister.com\/blog\/instagram-anade-filtro-zafarse-del-bullying\/#article\",\"isPartOf\":{\"@id\":\"https:\/\/www.emagister.com\/blog\/instagram-anade-filtro-zafarse-del-bullying\/\"},\"author\":{\"name\":\"Laura Gonz\u00e0lez\",\"@id\":\"https:\/\/www.emagister.com\/blog\/#\/schema\/person\/141b37b56d8029c99a901d83b24ec28f\"},\"headline\":\"Instagram a\u00f1ade un filtro para zafarse del bullying\",\"datePublished\":\"2018-05-04T09:54:17+00:00\",\"dateModified\":\"2021-05-03T10:05:57+00:00\",\"mainEntityOfPage\":{\"@id\":\"https:\/\/www.emagister.com\/blog\/instagram-anade-filtro-zafarse-del-bullying\/\"},\"wordCount\":526,\"commentCount\":0,\"publisher\":{\"@id\":\"https:\/\/www.emagister.com\/blog\/#organization\"},\"image\":{\"@id\":\"https:\/\/www.emagister.com\/blog\/instagram-anade-filtro-zafarse-del-bullying\/#primaryimage\"},\"thumbnailUrl\":\"https:\/\/www.emagister.com\/blog\/wp-content\/uploads\/2018\/05\/instagram.jpg\",\"keywords\":[\"instagram\",\"ciberbullying\",\"cyberbullying\",\"ciber bullying\",\"bullying escolar\"],\"articleSection\":[\"Actualidad Emagister\"],\"inLanguage\":\"es\",\"potentialAction\":[{\"@type\":\"CommentAction\",\"name\":\"Comment\",\"target\":[\"https:\/\/www.emagister.com\/blog\/instagram-anade-filtro-zafarse-del-bullying\/#respond\"]}]},{\"@type\":\"WebPage\",\"@id\":\"https:\/\/www.emagister.com\/blog\/instagram-anade-filtro-zafarse-del-bullying\/\",\"url\":\"https:\/\/www.emagister.com\/blog\/instagram-anade-filtro-zafarse-del-bullying\/\",\"name\":\"Instagram a\u00f1ade un filtro para zafarse del bullying - Blog Emagister\",\"isPartOf\":{\"@id\":\"https:\/\/www.emagister.com\/blog\/#website\"},\"primaryImageOfPage\":{\"@id\":\"https:\/\/www.emagister.com\/blog\/instagram-anade-filtro-zafarse-del-bullying\/#primaryimage\"},\"image\":{\"@id\":\"https:\/\/www.emagister.com\/blog\/instagram-anade-filtro-zafarse-del-bullying\/#primaryimage\"},\"thumbnailUrl\":\"https:\/\/www.emagister.com\/blog\/wp-content\/uploads\/2018\/05\/instagram.jpg\",\"datePublished\":\"2018-05-04T09:54:17+00:00\",\"dateModified\":\"2021-05-03T10:05:57+00:00\",\"description\":\"Instagram controlar\u00e1 los comentarios ofensivos por cuestiones f\u00edsicas a trav\u00e9s de un filtro. \u00bfSu objetivo? Reducir el bullyng en las redes. \u00a1Toma nota!\",\"breadcrumb\":{\"@id\":\"https:\/\/www.emagister.com\/blog\/instagram-anade-filtro-zafarse-del-bullying\/#breadcrumb\"},\"inLanguage\":\"es\",\"potentialAction\":[{\"@type\":\"ReadAction\",\"target\":[\"https:\/\/www.emagister.com\/blog\/instagram-anade-filtro-zafarse-del-bullying\/\"]}]},{\"@type\":\"ImageObject\",\"inLanguage\":\"es\",\"@id\":\"https:\/\/www.emagister.com\/blog\/instagram-anade-filtro-zafarse-del-bullying\/#primaryimage\",\"url\":\"https:\/\/www.emagister.com\/blog\/wp-content\/uploads\/2018\/05\/instagram.jpg\",\"contentUrl\":\"https:\/\/www.emagister.com\/blog\/wp-content\/uploads\/2018\/05\/instagram.jpg\",\"width\":800,\"height\":445,\"caption\":\"Bullying\"},{\"@type\":\"BreadcrumbList\",\"@id\":\"https:\/\/www.emagister.com\/blog\/instagram-anade-filtro-zafarse-del-bullying\/#breadcrumb\",\"itemListElement\":[{\"@type\":\"ListItem\",\"position\":1,\"name\":\"Blog Emagister\",\"item\":\"https:\/\/www.emagister.com\/blog\/\"},{\"@type\":\"ListItem\",\"position\":2,\"name\":\"Actualidad Emagister\",\"item\":\"https:\/\/www.emagister.com\/blog\/noticias\/\"},{\"@type\":\"ListItem\",\"position\":3,\"name\":\"Instagram a\u00f1ade un filtro para zafarse del bullying\"}]},{\"@type\":\"WebSite\",\"@id\":\"https:\/\/www.emagister.com\/blog\/#website\",\"url\":\"https:\/\/www.emagister.com\/blog\/\",\"name\":\"Blog Emagister\",\"description\":\"Gu\u00eda de orientaci\u00f3n sobre estudios y tendencias de formaci\u00f3n\",\"publisher\":{\"@id\":\"https:\/\/www.emagister.com\/blog\/#organization\"},\"potentialAction\":[{\"@type\":\"SearchAction\",\"target\":{\"@type\":\"EntryPoint\",\"urlTemplate\":\"https:\/\/www.emagister.com\/blog\/?s={search_term_string}\"},\"query-input\":{\"@type\":\"PropertyValueSpecification\",\"valueRequired\":true,\"valueName\":\"search_term_string\"}}],\"inLanguage\":\"es\"},{\"@type\":\"Organization\",\"@id\":\"https:\/\/www.emagister.com\/blog\/#organization\",\"name\":\"Emagister\",\"url\":\"https:\/\/www.emagister.com\/blog\/\",\"logo\":{\"@type\":\"ImageObject\",\"inLanguage\":\"es\",\"@id\":\"https:\/\/www.emagister.com\/blog\/#\/schema\/logo\/image\/\",\"url\":\"https:\/\/www.emagister.com\/blog\/wp-content\/uploads\/2017\/02\/photo.png\",\"contentUrl\":\"https:\/\/www.emagister.com\/blog\/wp-content\/uploads\/2017\/02\/photo.png\",\"width\":120,\"height\":120,\"caption\":\"Emagister\"},\"image\":{\"@id\":\"https:\/\/www.emagister.com\/blog\/#\/schema\/logo\/image\/\"},\"sameAs\":[\"https:\/\/www.facebook.com\/Emagister\/\",\"https:\/\/x.com\/emagister\",\"https:\/\/www.instagram.com\/emagister\/\",\"https:\/\/www.linkedin.com\/company\/emagister-com\/\",\"https:\/\/www.pinterest.es\/emagister\/\",\"https:\/\/www.youtube.com\/user\/emagister\/\",\"https:\/\/es.wikipedia.org\/wiki\/Emagister\"]},{\"@type\":\"Person\",\"@id\":\"https:\/\/www.emagister.com\/blog\/#\/schema\/person\/141b37b56d8029c99a901d83b24ec28f\",\"name\":\"Laura Gonz\u00e0lez\",\"image\":{\"@type\":\"ImageObject\",\"inLanguage\":\"es\",\"@id\":\"https:\/\/www.emagister.com\/blog\/#\/schema\/person\/image\/\",\"url\":\"https:\/\/secure.gravatar.com\/avatar\/9efac18419d3b71d38e95cbb8122c1560396cf37c42a8e40dd590bdbdcdd8ffd?s=96&r=g\",\"contentUrl\":\"https:\/\/secure.gravatar.com\/avatar\/9efac18419d3b71d38e95cbb8122c1560396cf37c42a8e40dd590bdbdcdd8ffd?s=96&r=g\",\"caption\":\"Laura Gonz\u00e0lez\"},\"url\":\"https:\/\/www.emagister.com\/blog\/author\/laura-gonzalez\/\"}]}<\/script>\n<!-- \/ Yoast SEO Premium plugin. -->","yoast_head_json":{"title":"Instagram a\u00f1ade un filtro para zafarse del bullying - Blog Emagister","description":"Instagram controlar\u00e1 los comentarios ofensivos por cuestiones f\u00edsicas a trav\u00e9s de un filtro. \u00bfSu objetivo? Reducir el bullyng en las redes. \u00a1Toma nota!","robots":{"index":"index","follow":"follow"},"canonical":"https:\/\/www.emagister.com\/blog\/instagram-anade-filtro-zafarse-del-bullying\/","og_locale":"es_ES","og_type":"article","og_title":"Instagram a\u00f1ade un filtro para zafarse del bullying","og_description":"Instagram controlar\u00e1 los comentarios ofensivos por cuestiones f\u00edsicas a trav\u00e9s de un filtro. \u00bfSu objetivo? Reducir el bullyng en las redes. \u00a1Toma nota!","og_url":"https:\/\/www.emagister.com\/blog\/instagram-anade-filtro-zafarse-del-bullying\/","og_site_name":"Blog Emagister","article_publisher":"https:\/\/www.facebook.com\/Emagister\/","article_published_time":"2018-05-04T09:54:17+00:00","article_modified_time":"2021-05-03T10:05:57+00:00","og_image":[{"width":800,"height":445,"url":"https:\/\/www.emagister.com\/blog\/wp-content\/uploads\/2018\/05\/instagram.jpg","type":"image\/jpeg"}],"author":"Laura Gonz\u00e0lez","twitter_card":"summary_large_image","twitter_creator":"@emagister","twitter_site":"@emagister","twitter_misc":{"Escrito por":"Laura Gonz\u00e0lez","Tiempo de lectura":"3 minutos"},"schema":{"@context":"https:\/\/schema.org","@graph":[{"@type":"Article","@id":"https:\/\/www.emagister.com\/blog\/instagram-anade-filtro-zafarse-del-bullying\/#article","isPartOf":{"@id":"https:\/\/www.emagister.com\/blog\/instagram-anade-filtro-zafarse-del-bullying\/"},"author":{"name":"Laura Gonz\u00e0lez","@id":"https:\/\/www.emagister.com\/blog\/#\/schema\/person\/141b37b56d8029c99a901d83b24ec28f"},"headline":"Instagram a\u00f1ade un filtro para zafarse del bullying","datePublished":"2018-05-04T09:54:17+00:00","dateModified":"2021-05-03T10:05:57+00:00","mainEntityOfPage":{"@id":"https:\/\/www.emagister.com\/blog\/instagram-anade-filtro-zafarse-del-bullying\/"},"wordCount":526,"commentCount":0,"publisher":{"@id":"https:\/\/www.emagister.com\/blog\/#organization"},"image":{"@id":"https:\/\/www.emagister.com\/blog\/instagram-anade-filtro-zafarse-del-bullying\/#primaryimage"},"thumbnailUrl":"https:\/\/www.emagister.com\/blog\/wp-content\/uploads\/2018\/05\/instagram.jpg","keywords":["instagram","ciberbullying","cyberbullying","ciber bullying","bullying escolar"],"articleSection":["Actualidad Emagister"],"inLanguage":"es","potentialAction":[{"@type":"CommentAction","name":"Comment","target":["https:\/\/www.emagister.com\/blog\/instagram-anade-filtro-zafarse-del-bullying\/#respond"]}]},{"@type":"WebPage","@id":"https:\/\/www.emagister.com\/blog\/instagram-anade-filtro-zafarse-del-bullying\/","url":"https:\/\/www.emagister.com\/blog\/instagram-anade-filtro-zafarse-del-bullying\/","name":"Instagram a\u00f1ade un filtro para zafarse del bullying - Blog Emagister","isPartOf":{"@id":"https:\/\/www.emagister.com\/blog\/#website"},"primaryImageOfPage":{"@id":"https:\/\/www.emagister.com\/blog\/instagram-anade-filtro-zafarse-del-bullying\/#primaryimage"},"image":{"@id":"https:\/\/www.emagister.com\/blog\/instagram-anade-filtro-zafarse-del-bullying\/#primaryimage"},"thumbnailUrl":"https:\/\/www.emagister.com\/blog\/wp-content\/uploads\/2018\/05\/instagram.jpg","datePublished":"2018-05-04T09:54:17+00:00","dateModified":"2021-05-03T10:05:57+00:00","description":"Instagram controlar\u00e1 los comentarios ofensivos por cuestiones f\u00edsicas a trav\u00e9s de un filtro. \u00bfSu objetivo? Reducir el bullyng en las redes. \u00a1Toma nota!","breadcrumb":{"@id":"https:\/\/www.emagister.com\/blog\/instagram-anade-filtro-zafarse-del-bullying\/#breadcrumb"},"inLanguage":"es","potentialAction":[{"@type":"ReadAction","target":["https:\/\/www.emagister.com\/blog\/instagram-anade-filtro-zafarse-del-bullying\/"]}]},{"@type":"ImageObject","inLanguage":"es","@id":"https:\/\/www.emagister.com\/blog\/instagram-anade-filtro-zafarse-del-bullying\/#primaryimage","url":"https:\/\/www.emagister.com\/blog\/wp-content\/uploads\/2018\/05\/instagram.jpg","contentUrl":"https:\/\/www.emagister.com\/blog\/wp-content\/uploads\/2018\/05\/instagram.jpg","width":800,"height":445,"caption":"Bullying"},{"@type":"BreadcrumbList","@id":"https:\/\/www.emagister.com\/blog\/instagram-anade-filtro-zafarse-del-bullying\/#breadcrumb","itemListElement":[{"@type":"ListItem","position":1,"name":"Blog Emagister","item":"https:\/\/www.emagister.com\/blog\/"},{"@type":"ListItem","position":2,"name":"Actualidad Emagister","item":"https:\/\/www.emagister.com\/blog\/noticias\/"},{"@type":"ListItem","position":3,"name":"Instagram a\u00f1ade un filtro para zafarse del bullying"}]},{"@type":"WebSite","@id":"https:\/\/www.emagister.com\/blog\/#website","url":"https:\/\/www.emagister.com\/blog\/","name":"Blog Emagister","description":"Gu\u00eda de orientaci\u00f3n sobre estudios y tendencias de formaci\u00f3n","publisher":{"@id":"https:\/\/www.emagister.com\/blog\/#organization"},"potentialAction":[{"@type":"SearchAction","target":{"@type":"EntryPoint","urlTemplate":"https:\/\/www.emagister.com\/blog\/?s={search_term_string}"},"query-input":{"@type":"PropertyValueSpecification","valueRequired":true,"valueName":"search_term_string"}}],"inLanguage":"es"},{"@type":"Organization","@id":"https:\/\/www.emagister.com\/blog\/#organization","name":"Emagister","url":"https:\/\/www.emagister.com\/blog\/","logo":{"@type":"ImageObject","inLanguage":"es","@id":"https:\/\/www.emagister.com\/blog\/#\/schema\/logo\/image\/","url":"https:\/\/www.emagister.com\/blog\/wp-content\/uploads\/2017\/02\/photo.png","contentUrl":"https:\/\/www.emagister.com\/blog\/wp-content\/uploads\/2017\/02\/photo.png","width":120,"height":120,"caption":"Emagister"},"image":{"@id":"https:\/\/www.emagister.com\/blog\/#\/schema\/logo\/image\/"},"sameAs":["https:\/\/www.facebook.com\/Emagister\/","https:\/\/x.com\/emagister","https:\/\/www.instagram.com\/emagister\/","https:\/\/www.linkedin.com\/company\/emagister-com\/","https:\/\/www.pinterest.es\/emagister\/","https:\/\/www.youtube.com\/user\/emagister\/","https:\/\/es.wikipedia.org\/wiki\/Emagister"]},{"@type":"Person","@id":"https:\/\/www.emagister.com\/blog\/#\/schema\/person\/141b37b56d8029c99a901d83b24ec28f","name":"Laura Gonz\u00e0lez","image":{"@type":"ImageObject","inLanguage":"es","@id":"https:\/\/www.emagister.com\/blog\/#\/schema\/person\/image\/","url":"https:\/\/secure.gravatar.com\/avatar\/9efac18419d3b71d38e95cbb8122c1560396cf37c42a8e40dd590bdbdcdd8ffd?s=96&r=g","contentUrl":"https:\/\/secure.gravatar.com\/avatar\/9efac18419d3b71d38e95cbb8122c1560396cf37c42a8e40dd590bdbdcdd8ffd?s=96&r=g","caption":"Laura Gonz\u00e0lez"},"url":"https:\/\/www.emagister.com\/blog\/author\/laura-gonzalez\/"}]}},"_links":{"self":[{"href":"https:\/\/www.emagister.com\/blog\/wp-json\/wp\/v2\/posts\/63005","targetHints":{"allow":["GET"]}}],"collection":[{"href":"https:\/\/www.emagister.com\/blog\/wp-json\/wp\/v2\/posts"}],"about":[{"href":"https:\/\/www.emagister.com\/blog\/wp-json\/wp\/v2\/types\/post"}],"author":[{"embeddable":true,"href":"https:\/\/www.emagister.com\/blog\/wp-json\/wp\/v2\/users\/255"}],"replies":[{"embeddable":true,"href":"https:\/\/www.emagister.com\/blog\/wp-json\/wp\/v2\/comments?post=63005"}],"version-history":[{"count":1,"href":"https:\/\/www.emagister.com\/blog\/wp-json\/wp\/v2\/posts\/63005\/revisions"}],"predecessor-version":[{"id":125950,"href":"https:\/\/www.emagister.com\/blog\/wp-json\/wp\/v2\/posts\/63005\/revisions\/125950"}],"wp:featuredmedia":[{"embeddable":true,"href":"https:\/\/www.emagister.com\/blog\/wp-json\/wp\/v2\/media\/63020"}],"wp:attachment":[{"href":"https:\/\/www.emagister.com\/blog\/wp-json\/wp\/v2\/media?parent=63005"}],"wp:term":[{"taxonomy":"category","embeddable":true,"href":"https:\/\/www.emagister.com\/blog\/wp-json\/wp\/v2\/categories?post=63005"},{"taxonomy":"post_tag","embeddable":true,"href":"https:\/\/www.emagister.com\/blog\/wp-json\/wp\/v2\/tags?post=63005"}],"curies":[{"name":"wp","href":"https:\/\/api.w.org\/{rel}","templated":true}]}}