{"id":65131,"date":"2018-06-14T12:50:10","date_gmt":"2018-06-14T10:50:10","guid":{"rendered":"https:\/\/www.emagister.com\/blog\/?p=65131"},"modified":"2021-06-15T09:31:23","modified_gmt":"2021-06-15T07:31:23","slug":"afrontar-futuro-hoy-dia","status":"publish","type":"post","link":"https:\/\/www.emagister.com\/blog\/afrontar-futuro-hoy-dia\/","title":{"rendered":"\u00bfC\u00f3mo afrontar tu futuro? \u00a1Hoy es el d\u00eda!"},"content":{"rendered":"<h5 style=\"text-align: justify\"><em>Barcelona Activa: # j\u00f3venes #talento e # innovaci\u00f3n.<\/em><\/h5>\n<p>&nbsp;<\/p>\n<p style=\"text-align: justify\">Barcelona activa a<strong>puesta directamente por los j\u00f3venes, el talento y la innovaci\u00f3n<\/strong>. Nuestros j\u00f3venes son nuestro futuro y especialmente para &nbsp;ellos Barcelona Activa dispone de varios servicios para ayudarles y acompa\u00f1arles en la b\u00fasqueda de empleo, la <strong>mejora de perfil profesional o para emprender un negocio.<\/strong><\/p>\n<p style=\"text-align: justify\">Se suele decir que los j\u00f3venes a\u00fan no est\u00e1n preparados para muchos trabajos pero\u2026 <strong>\u00bfSe les da las oportunidades adecuadas?<\/strong> &nbsp;En muchas ocasiones se requiere que nuestros j\u00f3venes no mayores de 25 a\u00f1os se licencien y tengan previa experiencia en muchos casos de varios a\u00f1os. Ciertamente algo improbable sino se les tiende la mano para ello.<\/p>\n<p style=\"text-align: justify\">Ante un panorama en cierta forma intranquilizador <strong>surgen instituciones que apoyan a los j\u00f3venes<\/strong>. De forma que lo que amenazaba lluvia, se convierta en &nbsp;un camino al \u00e9xito personal y profesional. Adem\u00e1s de estas aportaciones a nuestros j\u00f3venes, Barcelona activa,&nbsp; agencia de desarrollo local del Ayuntamiento de Barcelona, vela para conseguir una <strong>econom\u00eda m\u00e1s social, sostenible y equilibrada<\/strong> que responda a un modelo m\u00e1s justo de creaci\u00f3n, mantenimiento y reparto de la riqueza y el empleo en la ciudad.<\/p>\n<p style=\"text-align: justify\">Actualmente, Barcelona Activa dispone de un gran abanico de programas de <strong><u>formaci\u00f3n<\/u><\/strong>, adem\u00e1s de proyectos como Barcelona Treball Joves, Cibern\u00e0rium o Cases d\u2019Oficis, con los que te ayudar\u00e1n a descubrir tu vocaci\u00f3n y te facilitar\u00e1n el camino hacia el mercado laboral, sin dejar atr\u00e1s las competencias tecnol\u00f3gicas que te aportar\u00e1n un plus en tu curr\u00edculum.<\/p>\n<p style=\"text-align: justify\">J\u00f3venes de Barcelona, si cre\u00e9is que #HOYESELDIA de<strong> encarar vuestro futuro profesional<\/strong> y quer\u00e9is iniciar o mejorar vuestras competencias laborales, <strong>descubrir cu\u00e1l es vuestro trabajo id\u00f3neo, dominar las \u00faltimas tendencias tecnol\u00f3gicas o aprender una nueva profesi\u00f3n<\/strong>, Barcelona Activa os tiende la mano para marcar la diferencia. Ellos lo hacen <strong>POSIBLE<\/strong>, t\u00fa lo har\u00e1s <strong>REAL<\/strong>.<\/p>\n<p>&nbsp;<\/p>\n<p><iframe loading=\"lazy\" title=\"Forma&#039;t amb Barcelona Activa - Cases d&#039;Oficis\" width=\"1200\" height=\"675\" src=\"https:\/\/www.youtube.com\/embed\/96HDArq9jkQ?feature=oembed&#038;enablejsapi=1&#038;origin=https:\/\/www.emagister.com\" frameborder=\"0\" allow=\"accelerometer; autoplay; clipboard-write; encrypted-media; gyroscope; picture-in-picture\" allowfullscreen><\/iframe><\/p>\n<p>&nbsp;<\/p>\n<div class=\"courses\"><div class=\"course\"><div class=\"inside\"><a href=\"https:\/\/www.emagister.com\/master-formacion-permanente-psicologia-infantil-juvenil-cursos-3793053.htm\" class=\"course_name directory\">M\u00e1ster de Formaci\u00f3n Permanente en Psicolog\u00eda Infantil y Juvenil + 60 Cr\u00e9ditos ECTS<\/a><div class=\"course_center\">INESALUD<\/div><div class=\"course_rating\"><i class=\"course_rating_star\"><\/i><\/div><div class=\"course_price\"><div class=\"course_price_text\">Precio Emagister<\/div><del>2.995 \u20ac<\/del>  2.295 \u20ac<\/div><a href=\"https:\/\/www.emagister.com\/master-formacion-permanente-psicologia-infantil-juvenil-cursos-3793053.htm\" class=\"course_button directory\">Ver m\u00e1s<\/a><\/div><\/div><div class=\"course\"><div class=\"inside\"><a href=\"https:\/\/www.emagister.com\/psicologia-infantil-juvenil-cursos-3786172.htm\" class=\"course_name directory\">Curso T\u00e9cnico en Psicolog\u00eda Infantil y Juvenil<\/a><div class=\"course_center\">CEAC<\/div><div class=\"course_rating\"><svg fill=\"none\" height=\"13\" viewBox=\"0 0 13 13\" width=\"13\" xmlns=\"http:\/\/www.w3.org\/2000\/svg\"><path d=\"m5.79999.990059-1.58 3.220001-3.549999.52c-.6399996.09-.9.87-.43 1.32l2.559999 2.51-.6 3.53004c-.11.64.56 1.12 1.13.82l3.18-1.67v-10.680041c-.29 0-.56.14-.71.43z\" fill=\"#f5ba41\"\/><path d=\"m10.8 12.0901-.6-3.53004 2.57-2.5c.46-.45.21-1.23-.43-1.33l-3.56-.52-1.58-3.220001c-.15-.28-.42-.43-.7-.43v10.680041l3.18 1.67c.56.3 1.23-.18 1.12-.82z\" fill=\"#e5e5e5\"\/><\/svg><\/i><svg fill=\"none\" height=\"13\" viewBox=\"0 0 13 13\" width=\"13\" xmlns=\"http:\/\/www.w3.org\/2000\/svg\"><path d=\"m5.79999.990059-1.58 3.220001-3.549999.52c-.6399996.09-.9.87-.43 1.32l2.559999 2.51-.6 3.53004c-.11.64.56 1.12 1.13.82l3.18-1.67v-10.680041c-.29 0-.56.14-.71.43z\" fill=\"#f5ba41\"\/><path d=\"m10.8 12.0901-.6-3.53004 2.57-2.5c.46-.45.21-1.23-.43-1.33l-3.56-.52-1.58-3.220001c-.15-.28-.42-.43-.7-.43v10.680041l3.18 1.67c.56.3 1.23-.18 1.12-.82z\" fill=\"#e5e5e5\"\/><\/svg><\/i><svg fill=\"none\" height=\"13\" viewBox=\"0 0 13 13\" width=\"13\" xmlns=\"http:\/\/www.w3.org\/2000\/svg\"><path d=\"m5.79999.990059-1.58 3.220001-3.549999.52c-.6399996.09-.9.87-.43 1.32l2.559999 2.51-.6 3.53004c-.11.64.56 1.12 1.13.82l3.18-1.67v-10.680041c-.29 0-.56.14-.71.43z\" fill=\"#f5ba41\"\/><path d=\"m10.8 12.0901-.6-3.53004 2.57-2.5c.46-.45.21-1.23-.43-1.33l-3.56-.52-1.58-3.220001c-.15-.28-.42-.43-.7-.43v10.680041l3.18 1.67c.56.3 1.23-.18 1.12-.82z\" fill=\"#e5e5e5\"\/><\/svg><\/i><svg fill=\"none\" height=\"13\" viewBox=\"0 0 13 13\" width=\"13\" xmlns=\"http:\/\/www.w3.org\/2000\/svg\"><path d=\"m5.79999.990059-1.58 3.220001-3.549999.52c-.6399996.09-.9.87-.43 1.32l2.559999 2.51-.6 3.53004c-.11.64.56 1.12 1.13.82l3.18-1.67v-10.680041c-.29 0-.56.14-.71.43z\" fill=\"#f5ba41\"\/><path d=\"m10.8 12.0901-.6-3.53004 2.57-2.5c.46-.45.21-1.23-.43-1.33l-3.56-.52-1.58-3.220001c-.15-.28-.42-.43-.7-.43v10.680041l3.18 1.67c.56.3 1.23-.18 1.12-.82z\" fill=\"#e5e5e5\"\/><\/svg><\/i><svg fill=\"none\" height=\"13\" viewBox=\"0 0 13 13\" width=\"13\" xmlns=\"http:\/\/www.w3.org\/2000\/svg\"><path d=\"m5.79999.990059-1.58 3.220001-3.549999.52c-.6399996.09-.9.87-.43 1.32l2.559999 2.51-.6 3.53004c-.11.64.56 1.12 1.13.82l3.18-1.67v-10.680041c-.29 0-.56.14-.71.43z\" fill=\"#f5ba41\"\/><path d=\"m10.8 12.0901-.6-3.53004 2.57-2.5c.46-.45.21-1.23-.43-1.33l-3.56-.52-1.58-3.220001c-.15-.28-.42-.43-.7-.43v10.680041l3.18 1.67c.56.3 1.23-.18 1.12-.82z\" fill=\"#e5e5e5\"\/><\/svg><\/i><\/div><div class=\"course_price\">2.525 \u20ac<\/div><a href=\"https:\/\/www.emagister.com\/psicologia-infantil-juvenil-cursos-3786172.htm\" class=\"course_button directory\">Ver m\u00e1s<\/a><\/div><\/div><div class=\"courses_more_wpr\"><span class=\"courses_more directory ofuscado\" onclick=\"window.location.href='https:\/\/www.emagister.com\/web\/search?q=formaci\u00f3n%20juvenil&#038;token=668d173c-ff0d-4d4f-bd13-3db820a3b96a&#038;segment=1&#038;sort=purePPL';\">Ver todos los cursos<svg height=\"20\" viewBox=\"0 0 20 20\" width=\"20\" xmlns=\"http:\/\/www.w3.org\/2000\/svg\"><path d=\"m12.77 10.332-4.602 4.531c-.184.184-.48.184-.664 0l-.277-.277c-.184-.184-.184-.48 0-.664l3.996-3.922-3.993-3.922c-.183-.183-.183-.48 0-.664l.278-.277c.183-.184.48-.184.664 0l4.601 4.531c.18.184.18.48-.003.664z\" fill=\"#4cb7ac\" fill-rule=\"evenodd\"\/><\/svg><\/span><\/div><\/div>\n","protected":false},"excerpt":{"rendered":"<p>Barcelona Activa: # j\u00f3venes #talento e # innovaci\u00f3n. &nbsp; Barcelona activa apuesta directamente por los j\u00f3venes, el talento y la &#8230; <a title=\"\u00bfC\u00f3mo afrontar tu futuro? \u00a1Hoy es el d\u00eda!\" class=\"read-more\" href=\"https:\/\/www.emagister.com\/blog\/afrontar-futuro-hoy-dia\/\" aria-label=\"M\u00e1s en \u00bfC\u00f3mo afrontar tu futuro? \u00a1Hoy es el d\u00eda!\">Leer m\u00e1s<\/a><\/p>\n","protected":false},"author":160,"featured_media":65233,"comment_status":"open","ping_status":"closed","sticky":false,"template":"","format":"standard","meta":{"_acf_changed":false,"inline_featured_image":false,"footnotes":""},"categories":[8336],"tags":[1949,2169,10033,10034,10035,92,105,532],"class_list":["post-65131","post","type-post","status-publish","format-standard","has-post-thumbnail","hentry","category-noticias","tag-desarrollo-profesional","tag-competencias-profesionales","tag-barcelona-activa","tag-ocupacion-juvenil","tag-formacion-juvenil","tag-formacion","tag-empleabilidad","tag-tecnologia-2","generate-columns","tablet-grid-50","mobile-grid-100","grid-parent","grid-25"],"acf":{"mostrar_faldon":"-1","texto_faldon":"","link_faldon":"","link_texto_faldon":"","estilo_titulo":"","noticiasElPais":{"custom_snippet_image":false,"custom_snippet_title":"","custom_snippet_description":""},"noticiasLaVanguardia":{"custom_snippet_image":false,"custom_snippet_title":"","custom_snippet_description":""},"hreflang":[{"url":""}],"fecha":"no"},"yoast_head":"<!-- This site is optimized with the Yoast SEO Premium plugin v18.1 (Yoast SEO v27.0) - https:\/\/yoast.com\/product\/yoast-seo-premium-wordpress\/ -->\n<title>\u00bfC\u00f3mo afrontar tu futuro? \u00a1Hoy es el d\u00eda! - Blog Emagister<\/title>\n<meta name=\"robots\" content=\"index, follow\" \/>\n<link rel=\"canonical\" href=\"https:\/\/www.emagister.com\/blog\/afrontar-futuro-hoy-dia\/\" \/>\n<meta property=\"og:locale\" content=\"es_ES\" \/>\n<meta property=\"og:type\" content=\"article\" \/>\n<meta property=\"og:title\" content=\"\u00bfC\u00f3mo afrontar tu futuro? \u00a1Hoy es el d\u00eda!\" \/>\n<meta property=\"og:description\" content=\"Barcelona Activa: # j\u00f3venes #talento e # innovaci\u00f3n. &nbsp; Barcelona activa apuesta directamente por los j\u00f3venes, el talento y la ... Leer m\u00e1s\" \/>\n<meta property=\"og:url\" content=\"https:\/\/www.emagister.com\/blog\/afrontar-futuro-hoy-dia\/\" \/>\n<meta property=\"og:site_name\" content=\"Blog Emagister\" \/>\n<meta property=\"article:publisher\" content=\"https:\/\/www.facebook.com\/Emagister\/\" \/>\n<meta property=\"article:published_time\" content=\"2018-06-14T10:50:10+00:00\" \/>\n<meta property=\"article:modified_time\" content=\"2021-06-15T07:31:23+00:00\" \/>\n<meta property=\"og:image\" content=\"https:\/\/www.emagister.com\/blog\/wp-content\/uploads\/2018\/06\/aus5354.jpg\" \/>\n\t<meta property=\"og:image:width\" content=\"1920\" \/>\n\t<meta property=\"og:image:height\" content=\"1280\" \/>\n\t<meta property=\"og:image:type\" content=\"image\/jpeg\" \/>\n<meta name=\"author\" content=\"Carlos Gonz\u00e1lez\" \/>\n<meta name=\"twitter:card\" content=\"summary_large_image\" \/>\n<meta name=\"twitter:creator\" content=\"@emagister\" \/>\n<meta name=\"twitter:site\" content=\"@emagister\" \/>\n<meta name=\"twitter:label1\" content=\"Escrito por\" \/>\n\t<meta name=\"twitter:data1\" content=\"Carlos Gonz\u00e1lez\" \/>\n\t<meta name=\"twitter:label2\" content=\"Tiempo de lectura\" \/>\n\t<meta name=\"twitter:data2\" content=\"2 minutos\" \/>\n<script type=\"application\/ld+json\" class=\"yoast-schema-graph\">{\"@context\":\"https:\/\/schema.org\",\"@graph\":[{\"@type\":\"Article\",\"@id\":\"https:\/\/www.emagister.com\/blog\/afrontar-futuro-hoy-dia\/#article\",\"isPartOf\":{\"@id\":\"https:\/\/www.emagister.com\/blog\/afrontar-futuro-hoy-dia\/\"},\"author\":{\"name\":\"Carlos Gonz\u00e1lez\",\"@id\":\"https:\/\/www.emagister.com\/blog\/#\/schema\/person\/9ce79b5f872bb07f9a9b2049231a2dd3\"},\"headline\":\"\u00bfC\u00f3mo afrontar tu futuro? \u00a1Hoy es el d\u00eda!\",\"datePublished\":\"2018-06-14T10:50:10+00:00\",\"dateModified\":\"2021-06-15T07:31:23+00:00\",\"mainEntityOfPage\":{\"@id\":\"https:\/\/www.emagister.com\/blog\/afrontar-futuro-hoy-dia\/\"},\"wordCount\":380,\"commentCount\":0,\"publisher\":{\"@id\":\"https:\/\/www.emagister.com\/blog\/#organization\"},\"image\":{\"@id\":\"https:\/\/www.emagister.com\/blog\/afrontar-futuro-hoy-dia\/#primaryimage\"},\"thumbnailUrl\":\"https:\/\/www.emagister.com\/blog\/wp-content\/uploads\/2018\/06\/aus5354.jpg\",\"keywords\":[\"desarrollo profesional\",\"competencias profesionales\",\"Barcelona Activa\",\"Ocupaci\u00f3n juvenil\",\"formaci\u00f3n juvenil\",\"formaci\u00f3n\",\"empleabilidad\",\"tecnolog\u00eda\"],\"articleSection\":[\"Actualidad Emagister\"],\"inLanguage\":\"es\",\"potentialAction\":[{\"@type\":\"CommentAction\",\"name\":\"Comment\",\"target\":[\"https:\/\/www.emagister.com\/blog\/afrontar-futuro-hoy-dia\/#respond\"]}]},{\"@type\":\"WebPage\",\"@id\":\"https:\/\/www.emagister.com\/blog\/afrontar-futuro-hoy-dia\/\",\"url\":\"https:\/\/www.emagister.com\/blog\/afrontar-futuro-hoy-dia\/\",\"name\":\"\u00bfC\u00f3mo afrontar tu futuro? \u00a1Hoy es el d\u00eda! - Blog Emagister\",\"isPartOf\":{\"@id\":\"https:\/\/www.emagister.com\/blog\/#website\"},\"primaryImageOfPage\":{\"@id\":\"https:\/\/www.emagister.com\/blog\/afrontar-futuro-hoy-dia\/#primaryimage\"},\"image\":{\"@id\":\"https:\/\/www.emagister.com\/blog\/afrontar-futuro-hoy-dia\/#primaryimage\"},\"thumbnailUrl\":\"https:\/\/www.emagister.com\/blog\/wp-content\/uploads\/2018\/06\/aus5354.jpg\",\"datePublished\":\"2018-06-14T10:50:10+00:00\",\"dateModified\":\"2021-06-15T07:31:23+00:00\",\"breadcrumb\":{\"@id\":\"https:\/\/www.emagister.com\/blog\/afrontar-futuro-hoy-dia\/#breadcrumb\"},\"inLanguage\":\"es\",\"potentialAction\":[{\"@type\":\"ReadAction\",\"target\":[\"https:\/\/www.emagister.com\/blog\/afrontar-futuro-hoy-dia\/\"]}]},{\"@type\":\"ImageObject\",\"inLanguage\":\"es\",\"@id\":\"https:\/\/www.emagister.com\/blog\/afrontar-futuro-hoy-dia\/#primaryimage\",\"url\":\"https:\/\/www.emagister.com\/blog\/wp-content\/uploads\/2018\/06\/aus5354.jpg\",\"contentUrl\":\"https:\/\/www.emagister.com\/blog\/wp-content\/uploads\/2018\/06\/aus5354.jpg\",\"width\":1920,\"height\":1280},{\"@type\":\"BreadcrumbList\",\"@id\":\"https:\/\/www.emagister.com\/blog\/afrontar-futuro-hoy-dia\/#breadcrumb\",\"itemListElement\":[{\"@type\":\"ListItem\",\"position\":1,\"name\":\"Blog Emagister\",\"item\":\"https:\/\/www.emagister.com\/blog\/\"},{\"@type\":\"ListItem\",\"position\":2,\"name\":\"Actualidad Emagister\",\"item\":\"https:\/\/www.emagister.com\/blog\/noticias\/\"},{\"@type\":\"ListItem\",\"position\":3,\"name\":\"\u00bfC\u00f3mo afrontar tu futuro? \u00a1Hoy es el d\u00eda!\"}]},{\"@type\":\"WebSite\",\"@id\":\"https:\/\/www.emagister.com\/blog\/#website\",\"url\":\"https:\/\/www.emagister.com\/blog\/\",\"name\":\"Blog Emagister\",\"description\":\"Gu\u00eda de orientaci\u00f3n sobre estudios y tendencias de formaci\u00f3n\",\"publisher\":{\"@id\":\"https:\/\/www.emagister.com\/blog\/#organization\"},\"potentialAction\":[{\"@type\":\"SearchAction\",\"target\":{\"@type\":\"EntryPoint\",\"urlTemplate\":\"https:\/\/www.emagister.com\/blog\/?s={search_term_string}\"},\"query-input\":{\"@type\":\"PropertyValueSpecification\",\"valueRequired\":true,\"valueName\":\"search_term_string\"}}],\"inLanguage\":\"es\"},{\"@type\":\"Organization\",\"@id\":\"https:\/\/www.emagister.com\/blog\/#organization\",\"name\":\"Emagister\",\"url\":\"https:\/\/www.emagister.com\/blog\/\",\"logo\":{\"@type\":\"ImageObject\",\"inLanguage\":\"es\",\"@id\":\"https:\/\/www.emagister.com\/blog\/#\/schema\/logo\/image\/\",\"url\":\"https:\/\/www.emagister.com\/blog\/wp-content\/uploads\/2017\/02\/photo.png\",\"contentUrl\":\"https:\/\/www.emagister.com\/blog\/wp-content\/uploads\/2017\/02\/photo.png\",\"width\":120,\"height\":120,\"caption\":\"Emagister\"},\"image\":{\"@id\":\"https:\/\/www.emagister.com\/blog\/#\/schema\/logo\/image\/\"},\"sameAs\":[\"https:\/\/www.facebook.com\/Emagister\/\",\"https:\/\/x.com\/emagister\",\"https:\/\/www.instagram.com\/emagister\/\",\"https:\/\/www.linkedin.com\/company\/emagister-com\/\",\"https:\/\/www.pinterest.es\/emagister\/\",\"https:\/\/www.youtube.com\/user\/emagister\/\",\"https:\/\/es.wikipedia.org\/wiki\/Emagister\"]},{\"@type\":\"Person\",\"@id\":\"https:\/\/www.emagister.com\/blog\/#\/schema\/person\/9ce79b5f872bb07f9a9b2049231a2dd3\",\"name\":\"Carlos Gonz\u00e1lez\",\"image\":{\"@type\":\"ImageObject\",\"inLanguage\":\"es\",\"@id\":\"https:\/\/www.emagister.com\/blog\/#\/schema\/person\/image\/\",\"url\":\"https:\/\/secure.gravatar.com\/avatar\/6c871c929d17d4969e1ce19e7f4e6f90f185d2976651045a8a8cd5eb86c1d5ef?s=96&r=g\",\"contentUrl\":\"https:\/\/secure.gravatar.com\/avatar\/6c871c929d17d4969e1ce19e7f4e6f90f185d2976651045a8a8cd5eb86c1d5ef?s=96&r=g\",\"caption\":\"Carlos Gonz\u00e1lez\"},\"sameAs\":[\"https:\/\/www.emagister.com\"],\"url\":\"https:\/\/www.emagister.com\/blog\/author\/cgonzalez\/\"}]}<\/script>\n<!-- \/ Yoast SEO Premium plugin. -->","yoast_head_json":{"title":"\u00bfC\u00f3mo afrontar tu futuro? \u00a1Hoy es el d\u00eda! - Blog Emagister","robots":{"index":"index","follow":"follow"},"canonical":"https:\/\/www.emagister.com\/blog\/afrontar-futuro-hoy-dia\/","og_locale":"es_ES","og_type":"article","og_title":"\u00bfC\u00f3mo afrontar tu futuro? \u00a1Hoy es el d\u00eda!","og_description":"Barcelona Activa: # j\u00f3venes #talento e # innovaci\u00f3n. &nbsp; Barcelona activa apuesta directamente por los j\u00f3venes, el talento y la ... Leer m\u00e1s","og_url":"https:\/\/www.emagister.com\/blog\/afrontar-futuro-hoy-dia\/","og_site_name":"Blog Emagister","article_publisher":"https:\/\/www.facebook.com\/Emagister\/","article_published_time":"2018-06-14T10:50:10+00:00","article_modified_time":"2021-06-15T07:31:23+00:00","og_image":[{"width":1920,"height":1280,"url":"https:\/\/www.emagister.com\/blog\/wp-content\/uploads\/2018\/06\/aus5354.jpg","type":"image\/jpeg"}],"author":"Carlos Gonz\u00e1lez","twitter_card":"summary_large_image","twitter_creator":"@emagister","twitter_site":"@emagister","twitter_misc":{"Escrito por":"Carlos Gonz\u00e1lez","Tiempo de lectura":"2 minutos"},"schema":{"@context":"https:\/\/schema.org","@graph":[{"@type":"Article","@id":"https:\/\/www.emagister.com\/blog\/afrontar-futuro-hoy-dia\/#article","isPartOf":{"@id":"https:\/\/www.emagister.com\/blog\/afrontar-futuro-hoy-dia\/"},"author":{"name":"Carlos Gonz\u00e1lez","@id":"https:\/\/www.emagister.com\/blog\/#\/schema\/person\/9ce79b5f872bb07f9a9b2049231a2dd3"},"headline":"\u00bfC\u00f3mo afrontar tu futuro? \u00a1Hoy es el d\u00eda!","datePublished":"2018-06-14T10:50:10+00:00","dateModified":"2021-06-15T07:31:23+00:00","mainEntityOfPage":{"@id":"https:\/\/www.emagister.com\/blog\/afrontar-futuro-hoy-dia\/"},"wordCount":380,"commentCount":0,"publisher":{"@id":"https:\/\/www.emagister.com\/blog\/#organization"},"image":{"@id":"https:\/\/www.emagister.com\/blog\/afrontar-futuro-hoy-dia\/#primaryimage"},"thumbnailUrl":"https:\/\/www.emagister.com\/blog\/wp-content\/uploads\/2018\/06\/aus5354.jpg","keywords":["desarrollo profesional","competencias profesionales","Barcelona Activa","Ocupaci\u00f3n juvenil","formaci\u00f3n juvenil","formaci\u00f3n","empleabilidad","tecnolog\u00eda"],"articleSection":["Actualidad Emagister"],"inLanguage":"es","potentialAction":[{"@type":"CommentAction","name":"Comment","target":["https:\/\/www.emagister.com\/blog\/afrontar-futuro-hoy-dia\/#respond"]}]},{"@type":"WebPage","@id":"https:\/\/www.emagister.com\/blog\/afrontar-futuro-hoy-dia\/","url":"https:\/\/www.emagister.com\/blog\/afrontar-futuro-hoy-dia\/","name":"\u00bfC\u00f3mo afrontar tu futuro? \u00a1Hoy es el d\u00eda! - Blog Emagister","isPartOf":{"@id":"https:\/\/www.emagister.com\/blog\/#website"},"primaryImageOfPage":{"@id":"https:\/\/www.emagister.com\/blog\/afrontar-futuro-hoy-dia\/#primaryimage"},"image":{"@id":"https:\/\/www.emagister.com\/blog\/afrontar-futuro-hoy-dia\/#primaryimage"},"thumbnailUrl":"https:\/\/www.emagister.com\/blog\/wp-content\/uploads\/2018\/06\/aus5354.jpg","datePublished":"2018-06-14T10:50:10+00:00","dateModified":"2021-06-15T07:31:23+00:00","breadcrumb":{"@id":"https:\/\/www.emagister.com\/blog\/afrontar-futuro-hoy-dia\/#breadcrumb"},"inLanguage":"es","potentialAction":[{"@type":"ReadAction","target":["https:\/\/www.emagister.com\/blog\/afrontar-futuro-hoy-dia\/"]}]},{"@type":"ImageObject","inLanguage":"es","@id":"https:\/\/www.emagister.com\/blog\/afrontar-futuro-hoy-dia\/#primaryimage","url":"https:\/\/www.emagister.com\/blog\/wp-content\/uploads\/2018\/06\/aus5354.jpg","contentUrl":"https:\/\/www.emagister.com\/blog\/wp-content\/uploads\/2018\/06\/aus5354.jpg","width":1920,"height":1280},{"@type":"BreadcrumbList","@id":"https:\/\/www.emagister.com\/blog\/afrontar-futuro-hoy-dia\/#breadcrumb","itemListElement":[{"@type":"ListItem","position":1,"name":"Blog Emagister","item":"https:\/\/www.emagister.com\/blog\/"},{"@type":"ListItem","position":2,"name":"Actualidad Emagister","item":"https:\/\/www.emagister.com\/blog\/noticias\/"},{"@type":"ListItem","position":3,"name":"\u00bfC\u00f3mo afrontar tu futuro? \u00a1Hoy es el d\u00eda!"}]},{"@type":"WebSite","@id":"https:\/\/www.emagister.com\/blog\/#website","url":"https:\/\/www.emagister.com\/blog\/","name":"Blog Emagister","description":"Gu\u00eda de orientaci\u00f3n sobre estudios y tendencias de formaci\u00f3n","publisher":{"@id":"https:\/\/www.emagister.com\/blog\/#organization"},"potentialAction":[{"@type":"SearchAction","target":{"@type":"EntryPoint","urlTemplate":"https:\/\/www.emagister.com\/blog\/?s={search_term_string}"},"query-input":{"@type":"PropertyValueSpecification","valueRequired":true,"valueName":"search_term_string"}}],"inLanguage":"es"},{"@type":"Organization","@id":"https:\/\/www.emagister.com\/blog\/#organization","name":"Emagister","url":"https:\/\/www.emagister.com\/blog\/","logo":{"@type":"ImageObject","inLanguage":"es","@id":"https:\/\/www.emagister.com\/blog\/#\/schema\/logo\/image\/","url":"https:\/\/www.emagister.com\/blog\/wp-content\/uploads\/2017\/02\/photo.png","contentUrl":"https:\/\/www.emagister.com\/blog\/wp-content\/uploads\/2017\/02\/photo.png","width":120,"height":120,"caption":"Emagister"},"image":{"@id":"https:\/\/www.emagister.com\/blog\/#\/schema\/logo\/image\/"},"sameAs":["https:\/\/www.facebook.com\/Emagister\/","https:\/\/x.com\/emagister","https:\/\/www.instagram.com\/emagister\/","https:\/\/www.linkedin.com\/company\/emagister-com\/","https:\/\/www.pinterest.es\/emagister\/","https:\/\/www.youtube.com\/user\/emagister\/","https:\/\/es.wikipedia.org\/wiki\/Emagister"]},{"@type":"Person","@id":"https:\/\/www.emagister.com\/blog\/#\/schema\/person\/9ce79b5f872bb07f9a9b2049231a2dd3","name":"Carlos Gonz\u00e1lez","image":{"@type":"ImageObject","inLanguage":"es","@id":"https:\/\/www.emagister.com\/blog\/#\/schema\/person\/image\/","url":"https:\/\/secure.gravatar.com\/avatar\/6c871c929d17d4969e1ce19e7f4e6f90f185d2976651045a8a8cd5eb86c1d5ef?s=96&r=g","contentUrl":"https:\/\/secure.gravatar.com\/avatar\/6c871c929d17d4969e1ce19e7f4e6f90f185d2976651045a8a8cd5eb86c1d5ef?s=96&r=g","caption":"Carlos Gonz\u00e1lez"},"sameAs":["https:\/\/www.emagister.com"],"url":"https:\/\/www.emagister.com\/blog\/author\/cgonzalez\/"}]}},"_links":{"self":[{"href":"https:\/\/www.emagister.com\/blog\/wp-json\/wp\/v2\/posts\/65131","targetHints":{"allow":["GET"]}}],"collection":[{"href":"https:\/\/www.emagister.com\/blog\/wp-json\/wp\/v2\/posts"}],"about":[{"href":"https:\/\/www.emagister.com\/blog\/wp-json\/wp\/v2\/types\/post"}],"author":[{"embeddable":true,"href":"https:\/\/www.emagister.com\/blog\/wp-json\/wp\/v2\/users\/160"}],"replies":[{"embeddable":true,"href":"https:\/\/www.emagister.com\/blog\/wp-json\/wp\/v2\/comments?post=65131"}],"version-history":[{"count":2,"href":"https:\/\/www.emagister.com\/blog\/wp-json\/wp\/v2\/posts\/65131\/revisions"}],"predecessor-version":[{"id":130038,"href":"https:\/\/www.emagister.com\/blog\/wp-json\/wp\/v2\/posts\/65131\/revisions\/130038"}],"wp:featuredmedia":[{"embeddable":true,"href":"https:\/\/www.emagister.com\/blog\/wp-json\/wp\/v2\/media\/65233"}],"wp:attachment":[{"href":"https:\/\/www.emagister.com\/blog\/wp-json\/wp\/v2\/media?parent=65131"}],"wp:term":[{"taxonomy":"category","embeddable":true,"href":"https:\/\/www.emagister.com\/blog\/wp-json\/wp\/v2\/categories?post=65131"},{"taxonomy":"post_tag","embeddable":true,"href":"https:\/\/www.emagister.com\/blog\/wp-json\/wp\/v2\/tags?post=65131"}],"curies":[{"name":"wp","href":"https:\/\/api.w.org\/{rel}","templated":true}]}}