{"id":65619,"date":"2018-06-25T16:13:28","date_gmt":"2018-06-25T14:13:28","guid":{"rendered":"https:\/\/www.emagister.com\/blog\/?p=65619"},"modified":"2021-05-03T12:01:20","modified_gmt":"2021-05-03T10:01:20","slug":"save-the-children-propone-la-educacion-sexual-como-asignatura-obligatoria","status":"publish","type":"post","link":"https:\/\/www.emagister.com\/blog\/save-the-children-propone-la-educacion-sexual-como-asignatura-obligatoria\/","title":{"rendered":"Save the Children propone la educaci\u00f3n sexual como asignatura obligatoria"},"content":{"rendered":"<p style=\"text-align: justify;\"><strong>Save the Children<\/strong> quiere que se cree una nueva materia para combatir la violencia machista desde las aulas: la asignatura de<strong> educaci\u00f3n sexual.<\/strong>\u00a0 Y es que la ONG vive con preocupaci\u00f3n el aumento de denuncias por agresiones que se ha producido en los \u00faltimos meses. Por este motivo, Save the Childen apuesta por aplicar pol\u00edticas de prevenci\u00f3n a edades muy tempranas. De hecho, las estad\u00edsticas muestran que esta problem\u00e1tica social aparece cada vez de forma m\u00e1s prematura. Los n\u00fameros hablan solos. Desde hace un a\u00f1o, las denuncias por <a href=\"https:\/\/www.emagister.com\/cursos-violencia-genero-kwes-37605.htm\" target=\"_blank\" rel=\"noopener\"><strong>violencia de g\u00e9nero<\/strong> <\/a>entre menores de edad han subido un 15%. Seg\u00fan Emilie Rivas, responsable de pol\u00edticas de infancia en Save the Children, la necesidad de introducir la educaci\u00f3n sexual en la escuela tiene motivos de peso: \u00abNuestras conclusiones se basan en estudios realizados en Estados Unidos y en Canad\u00e1. Estos an\u00e1lisis demuestran que los programas estables de educaci\u00f3n sexoafectiva ayudan a prevenir la violencia\u00bb, explica.\u00a0<!--more--><\/p>\n<p style=\"text-align: justify;\">Por su parte, directora de sensibilizaci\u00f3n de pol\u00edticas de la infancia de la ONG, Ana Sastre, considera que la clave es fomentar los valores de <strong>igualdad<\/strong> y <strong>no violencia<\/strong>. \u00abNecesitamos escuelas que eduquen en la igualdad y en el respeto. Es decir, que no refuercen los <a href=\"https:\/\/www.emagister.com\/cursos-igualdad-genero-kwes-37437.htm\" target=\"_blank\" rel=\"noopener\"><strong>roles de g\u00e9nero<\/strong> <\/a>y promuevan las relaciones afectivas y sexuales sanas. Creemos que una asignatura reglada de educaci\u00f3n sexual en todos los niveles educativos puede contribuir a ello.\u00bb, apunta. En resumen, pues, la ONG defiende que conviene romper con el tab\u00fa y no dejar los debates de g\u00e9nero para edades adultas. \u00bfY t\u00fa? \u00bfRecibiste educaci\u00f3n sexoafectiva durante tu etapa escolar? \u00bfEchaste en falta tratar alg\u00fan aspecto?<\/p>\n<h3 style=\"text-align: justify;\"><strong>\u00bfQu\u00e9 demuestra la propuesta de Save the Children sobre la educaci\u00f3n sexual?<\/strong><\/h3>\n<ol style=\"text-align: justify;\">\n<li><strong>No hay una mala edad para hablar de sexo y relaciones personales.<\/strong> Aunque hablar de relaciones sexoafectivas con los m\u00e1s peque\u00f1os puede provocar cierto respeto, hay que dejar cualquier prejuicio atr\u00e1s. En otras palabras, nadie dice que sea f\u00e1cil sacar este tema a la palestra, pero se trata de adaptar el discurso seg\u00fan la edad de los alumnos. En resumen, hay que exponer el mensaje con naturalidad y, sobre todo, sin ning\u00fan tipo de verg\u00fcenza.<\/li>\n<li><strong>La educaci\u00f3n sexoafectiva no es solo cosa de la universidad.<\/strong> Cada vez son m\u00e1s las personas que se interesan por los estudios de g\u00e9nero y se forman en este \u00e1mbito. De hecho, existe un grado <a href=\"https:\/\/www.emagister.com\/universidades\/carreras-universitarias-igualdad-genero-kwes-37437.htm\" target=\"_blank\" rel=\"noopener\">(y varios m\u00e1steres) <\/a>especializados en feminismo y todas las cuestiones vinculadas a este movimiento. Sea como sea, no hay que ver este tipo de formaciones como \u00abuna cosa para mayores\u00bb. Es m\u00e1s, si la asignatura de educaci\u00f3n sexual tiene \u00e9xito en edades tempranas puede generar m\u00e1s inter\u00e9s por la lucha activa contra la violencia durante la vida adulta.<\/li>\n<li><strong>La escuela, piedra angular de la formaci\u00f3n afectiva.<\/strong> \u00bfPara qu\u00e9 sirve la escuela? \u00bfPara memorizar temarios cerrados o para ayudar a crecer a futuros ciudadanos cr\u00edticos y comprometidos? Sin duda, la segunda opci\u00f3n es mucho m\u00e1s beneficiosa para nuestra sociedad. En este sentido, la educaci\u00f3n sexual no es ninguna excepci\u00f3n. Precisamente por eso, cada vez m\u00e1s voces apuestan por introducirla en las aulas. \u00a1Estamos atentos a las novedades!<\/li>\n<\/ol>\n<p style=\"text-align: justify;\"><strong>Fuente: 324<\/strong><\/p>\n","protected":false},"excerpt":{"rendered":"<p>Save the Children quiere que se cree una nueva materia para combatir la violencia machista desde las aulas: la asignatura &#8230; <a title=\"Save the Children propone la educaci\u00f3n sexual como asignatura obligatoria\" class=\"read-more\" href=\"https:\/\/www.emagister.com\/blog\/save-the-children-propone-la-educacion-sexual-como-asignatura-obligatoria\/\" aria-label=\"M\u00e1s en Save the Children propone la educaci\u00f3n sexual como asignatura obligatoria\">Leer m\u00e1s<\/a><\/p>\n","protected":false},"author":255,"featured_media":65634,"comment_status":"open","ping_status":"closed","sticky":false,"template":"","format":"standard","meta":{"_acf_changed":false,"inline_featured_image":false,"footnotes":""},"categories":[8336],"tags":[1904,3055,5918,6823,9853],"class_list":["post-65619","post","type-post","status-publish","format-standard","has-post-thumbnail","hentry","category-noticias","tag-igualdad-de-genero","tag-formacion-sexual","tag-violencia-de-genero","tag-violencia-machista","tag-feminismo","generate-columns","tablet-grid-50","mobile-grid-100","grid-parent","grid-25"],"acf":{"mostrar_faldon":"-1","texto_faldon":"","link_faldon":"","link_texto_faldon":"","estilo_titulo":""},"yoast_head":"<!-- This site is optimized with the Yoast SEO Premium plugin v18.1 (Yoast SEO v27.0) - https:\/\/yoast.com\/product\/yoast-seo-premium-wordpress\/ -->\n<title>Save the Children propone la educaci\u00f3n sexual como asignatura obligatoria - Blog Emagister<\/title>\n<meta name=\"description\" content=\"Save the Children apuesta por introducir la asignatura de educaci\u00f3n sexual en las escuelas con el objetivo de reducir la violencia machista entre menores.\" \/>\n<meta name=\"robots\" content=\"index, follow\" \/>\n<link rel=\"canonical\" href=\"https:\/\/www.emagister.com\/blog\/save-the-children-propone-la-educacion-sexual-como-asignatura-obligatoria\/\" \/>\n<meta property=\"og:locale\" content=\"es_ES\" \/>\n<meta property=\"og:type\" content=\"article\" \/>\n<meta property=\"og:title\" content=\"Save the Children propone la educaci\u00f3n sexual como asignatura obligatoria\" \/>\n<meta property=\"og:description\" content=\"Save the Children apuesta por introducir la asignatura de educaci\u00f3n sexual en las escuelas con el objetivo de reducir la violencia machista entre menores.\" \/>\n<meta property=\"og:url\" content=\"https:\/\/www.emagister.com\/blog\/save-the-children-propone-la-educacion-sexual-como-asignatura-obligatoria\/\" \/>\n<meta property=\"og:site_name\" content=\"Blog Emagister\" \/>\n<meta property=\"article:publisher\" content=\"https:\/\/www.facebook.com\/Emagister\/\" \/>\n<meta property=\"article:published_time\" content=\"2018-06-25T14:13:28+00:00\" \/>\n<meta property=\"article:modified_time\" content=\"2021-05-03T10:01:20+00:00\" \/>\n<meta property=\"og:image\" content=\"https:\/\/www.emagister.com\/blog\/wp-content\/uploads\/2018\/06\/educaci\u00f3n-sexual.jpg\" \/>\n\t<meta property=\"og:image:width\" content=\"1920\" \/>\n\t<meta property=\"og:image:height\" content=\"1280\" \/>\n\t<meta property=\"og:image:type\" content=\"image\/jpeg\" \/>\n<meta name=\"author\" content=\"Laura Gonz\u00e0lez\" \/>\n<meta name=\"twitter:card\" content=\"summary_large_image\" \/>\n<meta name=\"twitter:creator\" content=\"@emagister\" \/>\n<meta name=\"twitter:site\" content=\"@emagister\" \/>\n<meta name=\"twitter:label1\" content=\"Escrito por\" \/>\n\t<meta name=\"twitter:data1\" content=\"Laura Gonz\u00e0lez\" \/>\n\t<meta name=\"twitter:label2\" content=\"Tiempo de lectura\" \/>\n\t<meta name=\"twitter:data2\" content=\"3 minutos\" \/>\n<script type=\"application\/ld+json\" class=\"yoast-schema-graph\">{\"@context\":\"https:\/\/schema.org\",\"@graph\":[{\"@type\":\"Article\",\"@id\":\"https:\/\/www.emagister.com\/blog\/save-the-children-propone-la-educacion-sexual-como-asignatura-obligatoria\/#article\",\"isPartOf\":{\"@id\":\"https:\/\/www.emagister.com\/blog\/save-the-children-propone-la-educacion-sexual-como-asignatura-obligatoria\/\"},\"author\":{\"name\":\"Laura Gonz\u00e0lez\",\"@id\":\"https:\/\/www.emagister.com\/blog\/#\/schema\/person\/141b37b56d8029c99a901d83b24ec28f\"},\"headline\":\"Save the Children propone la educaci\u00f3n sexual como asignatura obligatoria\",\"datePublished\":\"2018-06-25T14:13:28+00:00\",\"dateModified\":\"2021-05-03T10:01:20+00:00\",\"mainEntityOfPage\":{\"@id\":\"https:\/\/www.emagister.com\/blog\/save-the-children-propone-la-educacion-sexual-como-asignatura-obligatoria\/\"},\"wordCount\":570,\"commentCount\":0,\"publisher\":{\"@id\":\"https:\/\/www.emagister.com\/blog\/#organization\"},\"image\":{\"@id\":\"https:\/\/www.emagister.com\/blog\/save-the-children-propone-la-educacion-sexual-como-asignatura-obligatoria\/#primaryimage\"},\"thumbnailUrl\":\"https:\/\/www.emagister.com\/blog\/wp-content\/uploads\/2018\/06\/educaci\u00f3n-sexual.jpg\",\"keywords\":[\"igualdad de g\u00e9nero\",\"formaci\u00f3n sexual\",\"violencia de g\u00e9nero\",\"violencia machista\",\"feminismo\"],\"articleSection\":[\"Actualidad Emagister\"],\"inLanguage\":\"es\",\"potentialAction\":[{\"@type\":\"CommentAction\",\"name\":\"Comment\",\"target\":[\"https:\/\/www.emagister.com\/blog\/save-the-children-propone-la-educacion-sexual-como-asignatura-obligatoria\/#respond\"]}]},{\"@type\":\"WebPage\",\"@id\":\"https:\/\/www.emagister.com\/blog\/save-the-children-propone-la-educacion-sexual-como-asignatura-obligatoria\/\",\"url\":\"https:\/\/www.emagister.com\/blog\/save-the-children-propone-la-educacion-sexual-como-asignatura-obligatoria\/\",\"name\":\"Save the Children propone la educaci\u00f3n sexual como asignatura obligatoria - Blog Emagister\",\"isPartOf\":{\"@id\":\"https:\/\/www.emagister.com\/blog\/#website\"},\"primaryImageOfPage\":{\"@id\":\"https:\/\/www.emagister.com\/blog\/save-the-children-propone-la-educacion-sexual-como-asignatura-obligatoria\/#primaryimage\"},\"image\":{\"@id\":\"https:\/\/www.emagister.com\/blog\/save-the-children-propone-la-educacion-sexual-como-asignatura-obligatoria\/#primaryimage\"},\"thumbnailUrl\":\"https:\/\/www.emagister.com\/blog\/wp-content\/uploads\/2018\/06\/educaci\u00f3n-sexual.jpg\",\"datePublished\":\"2018-06-25T14:13:28+00:00\",\"dateModified\":\"2021-05-03T10:01:20+00:00\",\"description\":\"Save the Children apuesta por introducir la asignatura de educaci\u00f3n sexual en las escuelas con el objetivo de reducir la violencia machista entre menores.\",\"breadcrumb\":{\"@id\":\"https:\/\/www.emagister.com\/blog\/save-the-children-propone-la-educacion-sexual-como-asignatura-obligatoria\/#breadcrumb\"},\"inLanguage\":\"es\",\"potentialAction\":[{\"@type\":\"ReadAction\",\"target\":[\"https:\/\/www.emagister.com\/blog\/save-the-children-propone-la-educacion-sexual-como-asignatura-obligatoria\/\"]}]},{\"@type\":\"ImageObject\",\"inLanguage\":\"es\",\"@id\":\"https:\/\/www.emagister.com\/blog\/save-the-children-propone-la-educacion-sexual-como-asignatura-obligatoria\/#primaryimage\",\"url\":\"https:\/\/www.emagister.com\/blog\/wp-content\/uploads\/2018\/06\/educaci\u00f3n-sexual.jpg\",\"contentUrl\":\"https:\/\/www.emagister.com\/blog\/wp-content\/uploads\/2018\/06\/educaci\u00f3n-sexual.jpg\",\"width\":1920,\"height\":1280,\"caption\":\"educaci\u00f3n sexual\"},{\"@type\":\"BreadcrumbList\",\"@id\":\"https:\/\/www.emagister.com\/blog\/save-the-children-propone-la-educacion-sexual-como-asignatura-obligatoria\/#breadcrumb\",\"itemListElement\":[{\"@type\":\"ListItem\",\"position\":1,\"name\":\"Blog Emagister\",\"item\":\"https:\/\/www.emagister.com\/blog\/\"},{\"@type\":\"ListItem\",\"position\":2,\"name\":\"Actualidad Emagister\",\"item\":\"https:\/\/www.emagister.com\/blog\/noticias\/\"},{\"@type\":\"ListItem\",\"position\":3,\"name\":\"Save the Children propone la educaci\u00f3n sexual como asignatura obligatoria\"}]},{\"@type\":\"WebSite\",\"@id\":\"https:\/\/www.emagister.com\/blog\/#website\",\"url\":\"https:\/\/www.emagister.com\/blog\/\",\"name\":\"Blog Emagister\",\"description\":\"Gu\u00eda de orientaci\u00f3n sobre estudios y tendencias de formaci\u00f3n\",\"publisher\":{\"@id\":\"https:\/\/www.emagister.com\/blog\/#organization\"},\"potentialAction\":[{\"@type\":\"SearchAction\",\"target\":{\"@type\":\"EntryPoint\",\"urlTemplate\":\"https:\/\/www.emagister.com\/blog\/?s={search_term_string}\"},\"query-input\":{\"@type\":\"PropertyValueSpecification\",\"valueRequired\":true,\"valueName\":\"search_term_string\"}}],\"inLanguage\":\"es\"},{\"@type\":\"Organization\",\"@id\":\"https:\/\/www.emagister.com\/blog\/#organization\",\"name\":\"Emagister\",\"url\":\"https:\/\/www.emagister.com\/blog\/\",\"logo\":{\"@type\":\"ImageObject\",\"inLanguage\":\"es\",\"@id\":\"https:\/\/www.emagister.com\/blog\/#\/schema\/logo\/image\/\",\"url\":\"https:\/\/www.emagister.com\/blog\/wp-content\/uploads\/2017\/02\/photo.png\",\"contentUrl\":\"https:\/\/www.emagister.com\/blog\/wp-content\/uploads\/2017\/02\/photo.png\",\"width\":120,\"height\":120,\"caption\":\"Emagister\"},\"image\":{\"@id\":\"https:\/\/www.emagister.com\/blog\/#\/schema\/logo\/image\/\"},\"sameAs\":[\"https:\/\/www.facebook.com\/Emagister\/\",\"https:\/\/x.com\/emagister\",\"https:\/\/www.instagram.com\/emagister\/\",\"https:\/\/www.linkedin.com\/company\/emagister-com\/\",\"https:\/\/www.pinterest.es\/emagister\/\",\"https:\/\/www.youtube.com\/user\/emagister\/\",\"https:\/\/es.wikipedia.org\/wiki\/Emagister\"]},{\"@type\":\"Person\",\"@id\":\"https:\/\/www.emagister.com\/blog\/#\/schema\/person\/141b37b56d8029c99a901d83b24ec28f\",\"name\":\"Laura Gonz\u00e0lez\",\"image\":{\"@type\":\"ImageObject\",\"inLanguage\":\"es\",\"@id\":\"https:\/\/www.emagister.com\/blog\/#\/schema\/person\/image\/\",\"url\":\"https:\/\/secure.gravatar.com\/avatar\/9efac18419d3b71d38e95cbb8122c1560396cf37c42a8e40dd590bdbdcdd8ffd?s=96&r=g\",\"contentUrl\":\"https:\/\/secure.gravatar.com\/avatar\/9efac18419d3b71d38e95cbb8122c1560396cf37c42a8e40dd590bdbdcdd8ffd?s=96&r=g\",\"caption\":\"Laura Gonz\u00e0lez\"},\"url\":\"https:\/\/www.emagister.com\/blog\/author\/laura-gonzalez\/\"}]}<\/script>\n<!-- \/ Yoast SEO Premium plugin. -->","yoast_head_json":{"title":"Save the Children propone la educaci\u00f3n sexual como asignatura obligatoria - Blog Emagister","description":"Save the Children apuesta por introducir la asignatura de educaci\u00f3n sexual en las escuelas con el objetivo de reducir la violencia machista entre menores.","robots":{"index":"index","follow":"follow"},"canonical":"https:\/\/www.emagister.com\/blog\/save-the-children-propone-la-educacion-sexual-como-asignatura-obligatoria\/","og_locale":"es_ES","og_type":"article","og_title":"Save the Children propone la educaci\u00f3n sexual como asignatura obligatoria","og_description":"Save the Children apuesta por introducir la asignatura de educaci\u00f3n sexual en las escuelas con el objetivo de reducir la violencia machista entre menores.","og_url":"https:\/\/www.emagister.com\/blog\/save-the-children-propone-la-educacion-sexual-como-asignatura-obligatoria\/","og_site_name":"Blog Emagister","article_publisher":"https:\/\/www.facebook.com\/Emagister\/","article_published_time":"2018-06-25T14:13:28+00:00","article_modified_time":"2021-05-03T10:01:20+00:00","og_image":[{"width":1920,"height":1280,"url":"https:\/\/www.emagister.com\/blog\/wp-content\/uploads\/2018\/06\/educaci\u00f3n-sexual.jpg","type":"image\/jpeg"}],"author":"Laura Gonz\u00e0lez","twitter_card":"summary_large_image","twitter_creator":"@emagister","twitter_site":"@emagister","twitter_misc":{"Escrito por":"Laura Gonz\u00e0lez","Tiempo de lectura":"3 minutos"},"schema":{"@context":"https:\/\/schema.org","@graph":[{"@type":"Article","@id":"https:\/\/www.emagister.com\/blog\/save-the-children-propone-la-educacion-sexual-como-asignatura-obligatoria\/#article","isPartOf":{"@id":"https:\/\/www.emagister.com\/blog\/save-the-children-propone-la-educacion-sexual-como-asignatura-obligatoria\/"},"author":{"name":"Laura Gonz\u00e0lez","@id":"https:\/\/www.emagister.com\/blog\/#\/schema\/person\/141b37b56d8029c99a901d83b24ec28f"},"headline":"Save the Children propone la educaci\u00f3n sexual como asignatura obligatoria","datePublished":"2018-06-25T14:13:28+00:00","dateModified":"2021-05-03T10:01:20+00:00","mainEntityOfPage":{"@id":"https:\/\/www.emagister.com\/blog\/save-the-children-propone-la-educacion-sexual-como-asignatura-obligatoria\/"},"wordCount":570,"commentCount":0,"publisher":{"@id":"https:\/\/www.emagister.com\/blog\/#organization"},"image":{"@id":"https:\/\/www.emagister.com\/blog\/save-the-children-propone-la-educacion-sexual-como-asignatura-obligatoria\/#primaryimage"},"thumbnailUrl":"https:\/\/www.emagister.com\/blog\/wp-content\/uploads\/2018\/06\/educaci\u00f3n-sexual.jpg","keywords":["igualdad de g\u00e9nero","formaci\u00f3n sexual","violencia de g\u00e9nero","violencia machista","feminismo"],"articleSection":["Actualidad Emagister"],"inLanguage":"es","potentialAction":[{"@type":"CommentAction","name":"Comment","target":["https:\/\/www.emagister.com\/blog\/save-the-children-propone-la-educacion-sexual-como-asignatura-obligatoria\/#respond"]}]},{"@type":"WebPage","@id":"https:\/\/www.emagister.com\/blog\/save-the-children-propone-la-educacion-sexual-como-asignatura-obligatoria\/","url":"https:\/\/www.emagister.com\/blog\/save-the-children-propone-la-educacion-sexual-como-asignatura-obligatoria\/","name":"Save the Children propone la educaci\u00f3n sexual como asignatura obligatoria - Blog Emagister","isPartOf":{"@id":"https:\/\/www.emagister.com\/blog\/#website"},"primaryImageOfPage":{"@id":"https:\/\/www.emagister.com\/blog\/save-the-children-propone-la-educacion-sexual-como-asignatura-obligatoria\/#primaryimage"},"image":{"@id":"https:\/\/www.emagister.com\/blog\/save-the-children-propone-la-educacion-sexual-como-asignatura-obligatoria\/#primaryimage"},"thumbnailUrl":"https:\/\/www.emagister.com\/blog\/wp-content\/uploads\/2018\/06\/educaci\u00f3n-sexual.jpg","datePublished":"2018-06-25T14:13:28+00:00","dateModified":"2021-05-03T10:01:20+00:00","description":"Save the Children apuesta por introducir la asignatura de educaci\u00f3n sexual en las escuelas con el objetivo de reducir la violencia machista entre menores.","breadcrumb":{"@id":"https:\/\/www.emagister.com\/blog\/save-the-children-propone-la-educacion-sexual-como-asignatura-obligatoria\/#breadcrumb"},"inLanguage":"es","potentialAction":[{"@type":"ReadAction","target":["https:\/\/www.emagister.com\/blog\/save-the-children-propone-la-educacion-sexual-como-asignatura-obligatoria\/"]}]},{"@type":"ImageObject","inLanguage":"es","@id":"https:\/\/www.emagister.com\/blog\/save-the-children-propone-la-educacion-sexual-como-asignatura-obligatoria\/#primaryimage","url":"https:\/\/www.emagister.com\/blog\/wp-content\/uploads\/2018\/06\/educaci\u00f3n-sexual.jpg","contentUrl":"https:\/\/www.emagister.com\/blog\/wp-content\/uploads\/2018\/06\/educaci\u00f3n-sexual.jpg","width":1920,"height":1280,"caption":"educaci\u00f3n sexual"},{"@type":"BreadcrumbList","@id":"https:\/\/www.emagister.com\/blog\/save-the-children-propone-la-educacion-sexual-como-asignatura-obligatoria\/#breadcrumb","itemListElement":[{"@type":"ListItem","position":1,"name":"Blog Emagister","item":"https:\/\/www.emagister.com\/blog\/"},{"@type":"ListItem","position":2,"name":"Actualidad Emagister","item":"https:\/\/www.emagister.com\/blog\/noticias\/"},{"@type":"ListItem","position":3,"name":"Save the Children propone la educaci\u00f3n sexual como asignatura obligatoria"}]},{"@type":"WebSite","@id":"https:\/\/www.emagister.com\/blog\/#website","url":"https:\/\/www.emagister.com\/blog\/","name":"Blog Emagister","description":"Gu\u00eda de orientaci\u00f3n sobre estudios y tendencias de formaci\u00f3n","publisher":{"@id":"https:\/\/www.emagister.com\/blog\/#organization"},"potentialAction":[{"@type":"SearchAction","target":{"@type":"EntryPoint","urlTemplate":"https:\/\/www.emagister.com\/blog\/?s={search_term_string}"},"query-input":{"@type":"PropertyValueSpecification","valueRequired":true,"valueName":"search_term_string"}}],"inLanguage":"es"},{"@type":"Organization","@id":"https:\/\/www.emagister.com\/blog\/#organization","name":"Emagister","url":"https:\/\/www.emagister.com\/blog\/","logo":{"@type":"ImageObject","inLanguage":"es","@id":"https:\/\/www.emagister.com\/blog\/#\/schema\/logo\/image\/","url":"https:\/\/www.emagister.com\/blog\/wp-content\/uploads\/2017\/02\/photo.png","contentUrl":"https:\/\/www.emagister.com\/blog\/wp-content\/uploads\/2017\/02\/photo.png","width":120,"height":120,"caption":"Emagister"},"image":{"@id":"https:\/\/www.emagister.com\/blog\/#\/schema\/logo\/image\/"},"sameAs":["https:\/\/www.facebook.com\/Emagister\/","https:\/\/x.com\/emagister","https:\/\/www.instagram.com\/emagister\/","https:\/\/www.linkedin.com\/company\/emagister-com\/","https:\/\/www.pinterest.es\/emagister\/","https:\/\/www.youtube.com\/user\/emagister\/","https:\/\/es.wikipedia.org\/wiki\/Emagister"]},{"@type":"Person","@id":"https:\/\/www.emagister.com\/blog\/#\/schema\/person\/141b37b56d8029c99a901d83b24ec28f","name":"Laura Gonz\u00e0lez","image":{"@type":"ImageObject","inLanguage":"es","@id":"https:\/\/www.emagister.com\/blog\/#\/schema\/person\/image\/","url":"https:\/\/secure.gravatar.com\/avatar\/9efac18419d3b71d38e95cbb8122c1560396cf37c42a8e40dd590bdbdcdd8ffd?s=96&r=g","contentUrl":"https:\/\/secure.gravatar.com\/avatar\/9efac18419d3b71d38e95cbb8122c1560396cf37c42a8e40dd590bdbdcdd8ffd?s=96&r=g","caption":"Laura Gonz\u00e0lez"},"url":"https:\/\/www.emagister.com\/blog\/author\/laura-gonzalez\/"}]}},"_links":{"self":[{"href":"https:\/\/www.emagister.com\/blog\/wp-json\/wp\/v2\/posts\/65619","targetHints":{"allow":["GET"]}}],"collection":[{"href":"https:\/\/www.emagister.com\/blog\/wp-json\/wp\/v2\/posts"}],"about":[{"href":"https:\/\/www.emagister.com\/blog\/wp-json\/wp\/v2\/types\/post"}],"author":[{"embeddable":true,"href":"https:\/\/www.emagister.com\/blog\/wp-json\/wp\/v2\/users\/255"}],"replies":[{"embeddable":true,"href":"https:\/\/www.emagister.com\/blog\/wp-json\/wp\/v2\/comments?post=65619"}],"version-history":[{"count":1,"href":"https:\/\/www.emagister.com\/blog\/wp-json\/wp\/v2\/posts\/65619\/revisions"}],"predecessor-version":[{"id":125430,"href":"https:\/\/www.emagister.com\/blog\/wp-json\/wp\/v2\/posts\/65619\/revisions\/125430"}],"wp:featuredmedia":[{"embeddable":true,"href":"https:\/\/www.emagister.com\/blog\/wp-json\/wp\/v2\/media\/65634"}],"wp:attachment":[{"href":"https:\/\/www.emagister.com\/blog\/wp-json\/wp\/v2\/media?parent=65619"}],"wp:term":[{"taxonomy":"category","embeddable":true,"href":"https:\/\/www.emagister.com\/blog\/wp-json\/wp\/v2\/categories?post=65619"},{"taxonomy":"post_tag","embeddable":true,"href":"https:\/\/www.emagister.com\/blog\/wp-json\/wp\/v2\/tags?post=65619"}],"curies":[{"name":"wp","href":"https:\/\/api.w.org\/{rel}","templated":true}]}}