{"id":65737,"date":"2018-06-26T15:25:10","date_gmt":"2018-06-26T13:25:10","guid":{"rendered":"https:\/\/www.emagister.com\/blog\/?p=65737"},"modified":"2018-06-26T15:26:08","modified_gmt":"2018-06-26T13:26:08","slug":"5-consejos-para-elegir-la-mejor-formacion-en-verano","status":"publish","type":"post","link":"https:\/\/www.emagister.com\/blog\/5-consejos-para-elegir-la-mejor-formacion-en-verano\/","title":{"rendered":"5 consejos para elegir la mejor formaci\u00f3n en verano"},"content":{"rendered":"<p style=\"text-align: justify;\">El<strong> verano<\/strong> suele ser una \u00e9poca de descanso acad\u00e9mico en las escuelas y las universidades. Sin embargo, esto no significa que debamos renunciar a la formaci\u00f3n. De hecho, la segunda estaci\u00f3n del a\u00f1o nos brinda la oportunidad de aprender cosas nuevas desde otra perspectiva. Por ejemplo, apunt\u00e1ndonos a <a href=\"https:\/\/www.emagister.com\/subvencionados\/\" target=\"_blank\" rel=\"noopener\"><strong>cursos m\u00e1s breves o espec\u00edficos<\/strong><\/a>. Por otra parte, hay muchas personas que aprovechan las vacaciones del curso escolar para resolver asignaturas pendientes. Es el caso de los alumnos que quieren mejorar su nivel de<a href=\"https:\/\/www.emagister.com\/cursos-idiomas-tematica-460.htm\" target=\"_blank\" rel=\"noopener\"><strong> idiomas<\/strong> <\/a>o los que deciden sacarse el <a href=\"https:\/\/www.emagister.com\/cursos-carnet-conducir-kwes-148.htm\" target=\"_blank\" rel=\"noopener\"><strong>carnet de conducir<\/strong> <\/a>en pleno julio.\u00a0<!--more--><\/p>\n<p style=\"text-align: justify;\">Sea como sea, una cosa est\u00e1 clara: cada vez hay m\u00e1s oferta formativa en <strong>cualquier modalidad<\/strong>. Y, en este sentido, el verano no es ninguna excepci\u00f3n. Pero, \u00bfc\u00f3mo elegir sin miedo a equivocarnos? En este post, te presentamos 5 ideas para que elijas el curso que se adapte mejor a tus necesidades. \u00bfY t\u00fa? \u00bfQu\u00e9 trucos utilizas para aprovechar los meses m\u00e1s calurosos del a\u00f1o? \u00a1Comparte tu experiencia con nosotros en un comentario!<\/p>\n<h3 style=\"text-align: justify;\"><strong>5 tips para elegir los mejores cursos en verano<\/strong><\/h3>\n<ol style=\"text-align: justify;\">\n<li style=\"text-align: justify;\"><strong>Establece tus objetivos.<\/strong>\u00a0Antes de nada, es recomendable que tengas claro por qu\u00e9 quieres seguir form\u00e1ndote y en qu\u00e9 \u00e1mbito. \u00bfTu objetivo es mejorar tu perfil profesional? \u00bfBuscas un curso que te aporte conocimientos por simple placer? Reflexiona sobre tus intereses personales (tanto si estudias como si trabajas) y toma una decisi\u00f3n meditada.<\/li>\n<li style=\"text-align: justify;\"><strong>Analiza la oferta formativa sin prisas.<\/strong>\u00a0A d\u00eda de hoy, existen cursos con caracter\u00edsticas muy diversas. As\u00ed pues, el grado de adaptabilidad a las necesidades del alumno es cada vez m\u00e1s elevado. Por ejemplo, se puede elegir entre la modalidad presencial, semipresencial o a distancia. Por otra parte, tambi\u00e9n existen cursos gratuitos por Internet (MOOC) y otras formaciones subvencionadas.<\/li>\n<li style=\"text-align: justify;\"><strong>F\u00edjate bien en el contenido de los cursos.<\/strong>\u00a0Ya que la oferta de cursos es variada, no te precipites antes de tomar una decisi\u00f3n. Ten en cuenta que los cursos de verano suelen ser cortos y, en consecuencia, los temarios se plantean de manera espec\u00edfica y concisa. Consulta el plan de estudios antes de matricularte.<\/li>\n<li style=\"text-align: justify;\"><strong>Decide qu\u00e9 calendario vas a seguir.<\/strong>\u00a0\u00bfTe interesa estudiar solo durante el mes de julio o te planteas realizar una formaci\u00f3n durante todo el verano? Sea como sea, decide cu\u00e1nto tiempo vas a dedicar al estudio y no te olvides de regarlarte una peque\u00f1a escapada de desconexi\u00f3n.<\/li>\n<li style=\"text-align: justify;\"><strong>Plant\u00e9ate estudiar en el extranjero.<\/strong>\u00a0Si no tienes trabajo y has finiquitado tus compromisos acad\u00e9micos de larga duraci\u00f3n, puedes plantearte una estancia breve en otro pa\u00eds. No solo para aprender idiomas, sino para adquirir m\u00e1s competencias en tu \u00e1mbito de trabajo. \u00a1Atr\u00e9vete!<\/li>\n<\/ol>\n<p style=\"text-align: justify;\">\u00bfTodav\u00eda no sabes qu\u00e9 formaci\u00f3n elegir? Pues echa un vistazo al <a href=\"https:\/\/www.emagister.com\" target=\"_blank\" rel=\"noopener\"><strong>buscador de cursos de Emagister<\/strong><\/a> y ponte manos a la obra. \u00a1Cualquier \u00e9poca del a\u00f1o es buena para aprender m\u00e1s!<\/p>\n","protected":false},"excerpt":{"rendered":"<p>El verano suele ser una \u00e9poca de descanso acad\u00e9mico en las escuelas y las universidades. Sin embargo, esto no significa &#8230; <a title=\"5 consejos para elegir la mejor formaci\u00f3n en verano\" class=\"read-more\" href=\"https:\/\/www.emagister.com\/blog\/5-consejos-para-elegir-la-mejor-formacion-en-verano\/\" aria-label=\"M\u00e1s en 5 consejos para elegir la mejor formaci\u00f3n en verano\">Leer m\u00e1s<\/a><\/p>\n","protected":false},"author":255,"featured_media":65741,"comment_status":"open","ping_status":"closed","sticky":false,"template":"","format":"standard","meta":{"_acf_changed":false,"inline_featured_image":false,"footnotes":""},"categories":[8517],"tags":[981,5317,199,866,902],"class_list":["post-65737","post","type-post","status-publish","format-standard","has-post-thumbnail","hentry","category-formacion-continua","tag-verano","tag-estudiar-en-verano","tag-cursos-de-verano","tag-mooc","tag-estudios-verano","generate-columns","tablet-grid-50","mobile-grid-100","grid-parent","grid-25"],"acf":{"mostrar_faldon":"-1","texto_faldon":"","link_faldon":"","link_texto_faldon":"","estilo_titulo":""},"yoast_head":"<!-- This site is optimized with the Yoast SEO Premium plugin v18.1 (Yoast SEO v27.0) - https:\/\/yoast.com\/product\/yoast-seo-premium-wordpress\/ -->\n<title>5 consejos para elegir la mejor formaci\u00f3n en verano - Blog Emagister<\/title>\n<meta name=\"description\" content=\"El verano suele ser una \u00e9poca de vacaciones acad\u00e9micas, pero no tienes por qu\u00e9 renunciar a la formaci\u00f3n en esta \u00e9poca del a\u00f1o. Te lo explicamos.\" \/>\n<meta name=\"robots\" content=\"index, follow\" \/>\n<link rel=\"canonical\" href=\"https:\/\/www.emagister.com\/blog\/5-consejos-para-elegir-la-mejor-formacion-en-verano\/\" \/>\n<meta property=\"og:locale\" content=\"es_ES\" \/>\n<meta property=\"og:type\" content=\"article\" \/>\n<meta property=\"og:title\" content=\"5 consejos para elegir la mejor formaci\u00f3n en verano\" \/>\n<meta property=\"og:description\" content=\"El verano suele ser una \u00e9poca de vacaciones acad\u00e9micas, pero no tienes por qu\u00e9 renunciar a la formaci\u00f3n en esta \u00e9poca del a\u00f1o. Te lo explicamos.\" \/>\n<meta property=\"og:url\" content=\"https:\/\/www.emagister.com\/blog\/5-consejos-para-elegir-la-mejor-formacion-en-verano\/\" \/>\n<meta property=\"og:site_name\" content=\"Blog Emagister\" \/>\n<meta property=\"article:publisher\" content=\"https:\/\/www.facebook.com\/Emagister\/\" \/>\n<meta property=\"article:published_time\" content=\"2018-06-26T13:25:10+00:00\" \/>\n<meta property=\"article:modified_time\" content=\"2018-06-26T13:26:08+00:00\" \/>\n<meta property=\"og:image\" content=\"https:\/\/www.emagister.com\/blog\/wp-content\/uploads\/2018\/06\/cursos-verano.jpg\" \/>\n\t<meta property=\"og:image:width\" content=\"1920\" \/>\n\t<meta property=\"og:image:height\" content=\"1280\" \/>\n\t<meta property=\"og:image:type\" content=\"image\/jpeg\" \/>\n<meta name=\"author\" content=\"Laura Gonz\u00e0lez\" \/>\n<meta name=\"twitter:card\" content=\"summary_large_image\" \/>\n<meta name=\"twitter:creator\" content=\"@emagister\" \/>\n<meta name=\"twitter:site\" content=\"@emagister\" \/>\n<meta name=\"twitter:label1\" content=\"Escrito por\" \/>\n\t<meta name=\"twitter:data1\" content=\"Laura Gonz\u00e0lez\" \/>\n\t<meta name=\"twitter:label2\" content=\"Tiempo de lectura\" \/>\n\t<meta name=\"twitter:data2\" content=\"2 minutos\" \/>\n<script type=\"application\/ld+json\" class=\"yoast-schema-graph\">{\"@context\":\"https:\/\/schema.org\",\"@graph\":[{\"@type\":\"Article\",\"@id\":\"https:\/\/www.emagister.com\/blog\/5-consejos-para-elegir-la-mejor-formacion-en-verano\/#article\",\"isPartOf\":{\"@id\":\"https:\/\/www.emagister.com\/blog\/5-consejos-para-elegir-la-mejor-formacion-en-verano\/\"},\"author\":{\"name\":\"Laura Gonz\u00e0lez\",\"@id\":\"https:\/\/www.emagister.com\/blog\/#\/schema\/person\/141b37b56d8029c99a901d83b24ec28f\"},\"headline\":\"5 consejos para elegir la mejor formaci\u00f3n en verano\",\"datePublished\":\"2018-06-26T13:25:10+00:00\",\"dateModified\":\"2018-06-26T13:26:08+00:00\",\"mainEntityOfPage\":{\"@id\":\"https:\/\/www.emagister.com\/blog\/5-consejos-para-elegir-la-mejor-formacion-en-verano\/\"},\"wordCount\":506,\"commentCount\":0,\"publisher\":{\"@id\":\"https:\/\/www.emagister.com\/blog\/#organization\"},\"image\":{\"@id\":\"https:\/\/www.emagister.com\/blog\/5-consejos-para-elegir-la-mejor-formacion-en-verano\/#primaryimage\"},\"thumbnailUrl\":\"https:\/\/www.emagister.com\/blog\/wp-content\/uploads\/2018\/06\/cursos-verano.jpg\",\"keywords\":[\"verano\",\"estudiar en verano\",\"cursos de verano\",\"MOOC\",\"estudios verano\"],\"articleSection\":[\"Formaci\u00f3n continua\"],\"inLanguage\":\"es\",\"potentialAction\":[{\"@type\":\"CommentAction\",\"name\":\"Comment\",\"target\":[\"https:\/\/www.emagister.com\/blog\/5-consejos-para-elegir-la-mejor-formacion-en-verano\/#respond\"]}]},{\"@type\":\"WebPage\",\"@id\":\"https:\/\/www.emagister.com\/blog\/5-consejos-para-elegir-la-mejor-formacion-en-verano\/\",\"url\":\"https:\/\/www.emagister.com\/blog\/5-consejos-para-elegir-la-mejor-formacion-en-verano\/\",\"name\":\"5 consejos para elegir la mejor formaci\u00f3n en verano - Blog Emagister\",\"isPartOf\":{\"@id\":\"https:\/\/www.emagister.com\/blog\/#website\"},\"primaryImageOfPage\":{\"@id\":\"https:\/\/www.emagister.com\/blog\/5-consejos-para-elegir-la-mejor-formacion-en-verano\/#primaryimage\"},\"image\":{\"@id\":\"https:\/\/www.emagister.com\/blog\/5-consejos-para-elegir-la-mejor-formacion-en-verano\/#primaryimage\"},\"thumbnailUrl\":\"https:\/\/www.emagister.com\/blog\/wp-content\/uploads\/2018\/06\/cursos-verano.jpg\",\"datePublished\":\"2018-06-26T13:25:10+00:00\",\"dateModified\":\"2018-06-26T13:26:08+00:00\",\"description\":\"El verano suele ser una \u00e9poca de vacaciones acad\u00e9micas, pero no tienes por qu\u00e9 renunciar a la formaci\u00f3n en esta \u00e9poca del a\u00f1o. Te lo explicamos.\",\"breadcrumb\":{\"@id\":\"https:\/\/www.emagister.com\/blog\/5-consejos-para-elegir-la-mejor-formacion-en-verano\/#breadcrumb\"},\"inLanguage\":\"es\",\"potentialAction\":[{\"@type\":\"ReadAction\",\"target\":[\"https:\/\/www.emagister.com\/blog\/5-consejos-para-elegir-la-mejor-formacion-en-verano\/\"]}]},{\"@type\":\"ImageObject\",\"inLanguage\":\"es\",\"@id\":\"https:\/\/www.emagister.com\/blog\/5-consejos-para-elegir-la-mejor-formacion-en-verano\/#primaryimage\",\"url\":\"https:\/\/www.emagister.com\/blog\/wp-content\/uploads\/2018\/06\/cursos-verano.jpg\",\"contentUrl\":\"https:\/\/www.emagister.com\/blog\/wp-content\/uploads\/2018\/06\/cursos-verano.jpg\",\"width\":1920,\"height\":1280,\"caption\":\"cursos verano\"},{\"@type\":\"BreadcrumbList\",\"@id\":\"https:\/\/www.emagister.com\/blog\/5-consejos-para-elegir-la-mejor-formacion-en-verano\/#breadcrumb\",\"itemListElement\":[{\"@type\":\"ListItem\",\"position\":1,\"name\":\"Blog Emagister\",\"item\":\"https:\/\/www.emagister.com\/blog\/\"},{\"@type\":\"ListItem\",\"position\":2,\"name\":\"Formaci\u00f3n continua\",\"item\":\"https:\/\/www.emagister.com\/blog\/formacion-continua\/\"},{\"@type\":\"ListItem\",\"position\":3,\"name\":\"5 consejos para elegir la mejor formaci\u00f3n en verano\"}]},{\"@type\":\"WebSite\",\"@id\":\"https:\/\/www.emagister.com\/blog\/#website\",\"url\":\"https:\/\/www.emagister.com\/blog\/\",\"name\":\"Blog Emagister\",\"description\":\"Gu\u00eda de orientaci\u00f3n sobre estudios y tendencias de formaci\u00f3n\",\"publisher\":{\"@id\":\"https:\/\/www.emagister.com\/blog\/#organization\"},\"potentialAction\":[{\"@type\":\"SearchAction\",\"target\":{\"@type\":\"EntryPoint\",\"urlTemplate\":\"https:\/\/www.emagister.com\/blog\/?s={search_term_string}\"},\"query-input\":{\"@type\":\"PropertyValueSpecification\",\"valueRequired\":true,\"valueName\":\"search_term_string\"}}],\"inLanguage\":\"es\"},{\"@type\":\"Organization\",\"@id\":\"https:\/\/www.emagister.com\/blog\/#organization\",\"name\":\"Emagister\",\"url\":\"https:\/\/www.emagister.com\/blog\/\",\"logo\":{\"@type\":\"ImageObject\",\"inLanguage\":\"es\",\"@id\":\"https:\/\/www.emagister.com\/blog\/#\/schema\/logo\/image\/\",\"url\":\"https:\/\/www.emagister.com\/blog\/wp-content\/uploads\/2017\/02\/photo.png\",\"contentUrl\":\"https:\/\/www.emagister.com\/blog\/wp-content\/uploads\/2017\/02\/photo.png\",\"width\":120,\"height\":120,\"caption\":\"Emagister\"},\"image\":{\"@id\":\"https:\/\/www.emagister.com\/blog\/#\/schema\/logo\/image\/\"},\"sameAs\":[\"https:\/\/www.facebook.com\/Emagister\/\",\"https:\/\/x.com\/emagister\",\"https:\/\/www.instagram.com\/emagister\/\",\"https:\/\/www.linkedin.com\/company\/emagister-com\/\",\"https:\/\/www.pinterest.es\/emagister\/\",\"https:\/\/www.youtube.com\/user\/emagister\/\",\"https:\/\/es.wikipedia.org\/wiki\/Emagister\"]},{\"@type\":\"Person\",\"@id\":\"https:\/\/www.emagister.com\/blog\/#\/schema\/person\/141b37b56d8029c99a901d83b24ec28f\",\"name\":\"Laura Gonz\u00e0lez\",\"image\":{\"@type\":\"ImageObject\",\"inLanguage\":\"es\",\"@id\":\"https:\/\/www.emagister.com\/blog\/#\/schema\/person\/image\/\",\"url\":\"https:\/\/secure.gravatar.com\/avatar\/9efac18419d3b71d38e95cbb8122c1560396cf37c42a8e40dd590bdbdcdd8ffd?s=96&r=g\",\"contentUrl\":\"https:\/\/secure.gravatar.com\/avatar\/9efac18419d3b71d38e95cbb8122c1560396cf37c42a8e40dd590bdbdcdd8ffd?s=96&r=g\",\"caption\":\"Laura Gonz\u00e0lez\"},\"url\":\"https:\/\/www.emagister.com\/blog\/author\/laura-gonzalez\/\"}]}<\/script>\n<!-- \/ Yoast SEO Premium plugin. -->","yoast_head_json":{"title":"5 consejos para elegir la mejor formaci\u00f3n en verano - Blog Emagister","description":"El verano suele ser una \u00e9poca de vacaciones acad\u00e9micas, pero no tienes por qu\u00e9 renunciar a la formaci\u00f3n en esta \u00e9poca del a\u00f1o. Te lo explicamos.","robots":{"index":"index","follow":"follow"},"canonical":"https:\/\/www.emagister.com\/blog\/5-consejos-para-elegir-la-mejor-formacion-en-verano\/","og_locale":"es_ES","og_type":"article","og_title":"5 consejos para elegir la mejor formaci\u00f3n en verano","og_description":"El verano suele ser una \u00e9poca de vacaciones acad\u00e9micas, pero no tienes por qu\u00e9 renunciar a la formaci\u00f3n en esta \u00e9poca del a\u00f1o. Te lo explicamos.","og_url":"https:\/\/www.emagister.com\/blog\/5-consejos-para-elegir-la-mejor-formacion-en-verano\/","og_site_name":"Blog Emagister","article_publisher":"https:\/\/www.facebook.com\/Emagister\/","article_published_time":"2018-06-26T13:25:10+00:00","article_modified_time":"2018-06-26T13:26:08+00:00","og_image":[{"width":1920,"height":1280,"url":"https:\/\/www.emagister.com\/blog\/wp-content\/uploads\/2018\/06\/cursos-verano.jpg","type":"image\/jpeg"}],"author":"Laura Gonz\u00e0lez","twitter_card":"summary_large_image","twitter_creator":"@emagister","twitter_site":"@emagister","twitter_misc":{"Escrito por":"Laura Gonz\u00e0lez","Tiempo de lectura":"2 minutos"},"schema":{"@context":"https:\/\/schema.org","@graph":[{"@type":"Article","@id":"https:\/\/www.emagister.com\/blog\/5-consejos-para-elegir-la-mejor-formacion-en-verano\/#article","isPartOf":{"@id":"https:\/\/www.emagister.com\/blog\/5-consejos-para-elegir-la-mejor-formacion-en-verano\/"},"author":{"name":"Laura Gonz\u00e0lez","@id":"https:\/\/www.emagister.com\/blog\/#\/schema\/person\/141b37b56d8029c99a901d83b24ec28f"},"headline":"5 consejos para elegir la mejor formaci\u00f3n en verano","datePublished":"2018-06-26T13:25:10+00:00","dateModified":"2018-06-26T13:26:08+00:00","mainEntityOfPage":{"@id":"https:\/\/www.emagister.com\/blog\/5-consejos-para-elegir-la-mejor-formacion-en-verano\/"},"wordCount":506,"commentCount":0,"publisher":{"@id":"https:\/\/www.emagister.com\/blog\/#organization"},"image":{"@id":"https:\/\/www.emagister.com\/blog\/5-consejos-para-elegir-la-mejor-formacion-en-verano\/#primaryimage"},"thumbnailUrl":"https:\/\/www.emagister.com\/blog\/wp-content\/uploads\/2018\/06\/cursos-verano.jpg","keywords":["verano","estudiar en verano","cursos de verano","MOOC","estudios verano"],"articleSection":["Formaci\u00f3n continua"],"inLanguage":"es","potentialAction":[{"@type":"CommentAction","name":"Comment","target":["https:\/\/www.emagister.com\/blog\/5-consejos-para-elegir-la-mejor-formacion-en-verano\/#respond"]}]},{"@type":"WebPage","@id":"https:\/\/www.emagister.com\/blog\/5-consejos-para-elegir-la-mejor-formacion-en-verano\/","url":"https:\/\/www.emagister.com\/blog\/5-consejos-para-elegir-la-mejor-formacion-en-verano\/","name":"5 consejos para elegir la mejor formaci\u00f3n en verano - Blog Emagister","isPartOf":{"@id":"https:\/\/www.emagister.com\/blog\/#website"},"primaryImageOfPage":{"@id":"https:\/\/www.emagister.com\/blog\/5-consejos-para-elegir-la-mejor-formacion-en-verano\/#primaryimage"},"image":{"@id":"https:\/\/www.emagister.com\/blog\/5-consejos-para-elegir-la-mejor-formacion-en-verano\/#primaryimage"},"thumbnailUrl":"https:\/\/www.emagister.com\/blog\/wp-content\/uploads\/2018\/06\/cursos-verano.jpg","datePublished":"2018-06-26T13:25:10+00:00","dateModified":"2018-06-26T13:26:08+00:00","description":"El verano suele ser una \u00e9poca de vacaciones acad\u00e9micas, pero no tienes por qu\u00e9 renunciar a la formaci\u00f3n en esta \u00e9poca del a\u00f1o. Te lo explicamos.","breadcrumb":{"@id":"https:\/\/www.emagister.com\/blog\/5-consejos-para-elegir-la-mejor-formacion-en-verano\/#breadcrumb"},"inLanguage":"es","potentialAction":[{"@type":"ReadAction","target":["https:\/\/www.emagister.com\/blog\/5-consejos-para-elegir-la-mejor-formacion-en-verano\/"]}]},{"@type":"ImageObject","inLanguage":"es","@id":"https:\/\/www.emagister.com\/blog\/5-consejos-para-elegir-la-mejor-formacion-en-verano\/#primaryimage","url":"https:\/\/www.emagister.com\/blog\/wp-content\/uploads\/2018\/06\/cursos-verano.jpg","contentUrl":"https:\/\/www.emagister.com\/blog\/wp-content\/uploads\/2018\/06\/cursos-verano.jpg","width":1920,"height":1280,"caption":"cursos verano"},{"@type":"BreadcrumbList","@id":"https:\/\/www.emagister.com\/blog\/5-consejos-para-elegir-la-mejor-formacion-en-verano\/#breadcrumb","itemListElement":[{"@type":"ListItem","position":1,"name":"Blog Emagister","item":"https:\/\/www.emagister.com\/blog\/"},{"@type":"ListItem","position":2,"name":"Formaci\u00f3n continua","item":"https:\/\/www.emagister.com\/blog\/formacion-continua\/"},{"@type":"ListItem","position":3,"name":"5 consejos para elegir la mejor formaci\u00f3n en verano"}]},{"@type":"WebSite","@id":"https:\/\/www.emagister.com\/blog\/#website","url":"https:\/\/www.emagister.com\/blog\/","name":"Blog Emagister","description":"Gu\u00eda de orientaci\u00f3n sobre estudios y tendencias de formaci\u00f3n","publisher":{"@id":"https:\/\/www.emagister.com\/blog\/#organization"},"potentialAction":[{"@type":"SearchAction","target":{"@type":"EntryPoint","urlTemplate":"https:\/\/www.emagister.com\/blog\/?s={search_term_string}"},"query-input":{"@type":"PropertyValueSpecification","valueRequired":true,"valueName":"search_term_string"}}],"inLanguage":"es"},{"@type":"Organization","@id":"https:\/\/www.emagister.com\/blog\/#organization","name":"Emagister","url":"https:\/\/www.emagister.com\/blog\/","logo":{"@type":"ImageObject","inLanguage":"es","@id":"https:\/\/www.emagister.com\/blog\/#\/schema\/logo\/image\/","url":"https:\/\/www.emagister.com\/blog\/wp-content\/uploads\/2017\/02\/photo.png","contentUrl":"https:\/\/www.emagister.com\/blog\/wp-content\/uploads\/2017\/02\/photo.png","width":120,"height":120,"caption":"Emagister"},"image":{"@id":"https:\/\/www.emagister.com\/blog\/#\/schema\/logo\/image\/"},"sameAs":["https:\/\/www.facebook.com\/Emagister\/","https:\/\/x.com\/emagister","https:\/\/www.instagram.com\/emagister\/","https:\/\/www.linkedin.com\/company\/emagister-com\/","https:\/\/www.pinterest.es\/emagister\/","https:\/\/www.youtube.com\/user\/emagister\/","https:\/\/es.wikipedia.org\/wiki\/Emagister"]},{"@type":"Person","@id":"https:\/\/www.emagister.com\/blog\/#\/schema\/person\/141b37b56d8029c99a901d83b24ec28f","name":"Laura Gonz\u00e0lez","image":{"@type":"ImageObject","inLanguage":"es","@id":"https:\/\/www.emagister.com\/blog\/#\/schema\/person\/image\/","url":"https:\/\/secure.gravatar.com\/avatar\/9efac18419d3b71d38e95cbb8122c1560396cf37c42a8e40dd590bdbdcdd8ffd?s=96&r=g","contentUrl":"https:\/\/secure.gravatar.com\/avatar\/9efac18419d3b71d38e95cbb8122c1560396cf37c42a8e40dd590bdbdcdd8ffd?s=96&r=g","caption":"Laura Gonz\u00e0lez"},"url":"https:\/\/www.emagister.com\/blog\/author\/laura-gonzalez\/"}]}},"_links":{"self":[{"href":"https:\/\/www.emagister.com\/blog\/wp-json\/wp\/v2\/posts\/65737","targetHints":{"allow":["GET"]}}],"collection":[{"href":"https:\/\/www.emagister.com\/blog\/wp-json\/wp\/v2\/posts"}],"about":[{"href":"https:\/\/www.emagister.com\/blog\/wp-json\/wp\/v2\/types\/post"}],"author":[{"embeddable":true,"href":"https:\/\/www.emagister.com\/blog\/wp-json\/wp\/v2\/users\/255"}],"replies":[{"embeddable":true,"href":"https:\/\/www.emagister.com\/blog\/wp-json\/wp\/v2\/comments?post=65737"}],"version-history":[{"count":0,"href":"https:\/\/www.emagister.com\/blog\/wp-json\/wp\/v2\/posts\/65737\/revisions"}],"wp:featuredmedia":[{"embeddable":true,"href":"https:\/\/www.emagister.com\/blog\/wp-json\/wp\/v2\/media\/65741"}],"wp:attachment":[{"href":"https:\/\/www.emagister.com\/blog\/wp-json\/wp\/v2\/media?parent=65737"}],"wp:term":[{"taxonomy":"category","embeddable":true,"href":"https:\/\/www.emagister.com\/blog\/wp-json\/wp\/v2\/categories?post=65737"},{"taxonomy":"post_tag","embeddable":true,"href":"https:\/\/www.emagister.com\/blog\/wp-json\/wp\/v2\/tags?post=65737"}],"curies":[{"name":"wp","href":"https:\/\/api.w.org\/{rel}","templated":true}]}}