{"id":71719,"date":"2019-07-26T10:01:49","date_gmt":"2019-07-26T08:01:49","guid":{"rendered":"https:\/\/www.emagister.com\/blog\/?p=71719"},"modified":"2019-07-26T12:54:22","modified_gmt":"2019-07-26T10:54:22","slug":"consulta-las-notas-de-corte-del-curso-2018-2019","status":"publish","type":"post","link":"https:\/\/www.emagister.com\/blog\/consulta-las-notas-de-corte-del-curso-2018-2019\/","title":{"rendered":"Consulta las notas de corte del curso 2019-2020"},"content":{"rendered":"<p style=\"text-align: justify;\">Durante los \u00faltimos meses del curso, la\u00a0<a href=\"https:\/\/www.emagister.com\/cursos-selectividad-kwes-9647.htm\" target=\"_blank\" rel=\"noopener\"><strong>Selectividad<\/strong><\/a>\u00a0es la preocupaci\u00f3n m\u00e1s frecuente entre los alumnos de Bachillerato. Sin embargo, una vez superadas las PAU, aparecen nuevos quebraderos de cabeza. Por ejemplo, la publicaci\u00f3n de las\u00a0<strong>notas de corte<\/strong>\u00a0una vez realizadas la solicitudes de acceso. Como sabes, la nota de corte de un grado es la calificaci\u00f3n m\u00e1s baja de entre todos los estudiantes admitidos. Es decir, si la cifra establecida es un 7,1 podr\u00e1n cursar la carrera todos aquellas personas que tengan una nota media de 7,1 o m\u00e1s. Pero. \u00bfc\u00f3mo se establece esta cifra l\u00edmite?\u00a0<!--more--><span id=\"more-62127\"><\/span><\/p>\n<p style=\"text-align: justify;\">Para empezar, tienes que saber que cada estudiante obtiene una\u00a0<strong>nota de acceso<\/strong>. Esta cifra debe ser igual o superior a la nota de corte de la carrera que quiere cursar. \u00bfC\u00f3mo se calcula la nota de acceso? Pues muy f\u00e1cil: un 60% sale de la media obtenida en el\u00a0<a href=\"https:\/\/www.emagister.com\/cursos-bachillerato-kwes-6047.htm\" target=\"_blank\" rel=\"noopener\"><strong>Bachillerato<\/strong><\/a>, mientras que el otro 40% es la nota obtenida de las PAU. En cambio, si has cursado un\u00a0<a href=\"https:\/\/www.emagister.com\/formacion-profesional\/\" target=\"_blank\" rel=\"noopener\"><strong>ciclo formativo de grado superior<\/strong>\u00a0<\/a>el 100% de la nota se obtiene de tu expediente acad\u00e9mico. \u00bfVas a empezar una carrera en septiembre y tienes curiosidad por saber cu\u00e1les son las notas de corte de este curso? Te lo ponemos f\u00e1cil: <strong>cons\u00faltalas aqu\u00ed<\/strong>.<\/p>\n<p>&nbsp;<\/p>\n<p><img loading=\"lazy\" decoding=\"async\" class=\"aligncenter wp-image-71805 size-full\" src=\"https:\/\/www.emagister.com\/blog\/wp-content\/uploads\/2018\/07\/screenshot-www.elmundo.es-2018.07.25-09-20-14.png\" alt=\"notas de corte el mundo\" width=\"1518\" height=\"248\" srcset=\"https:\/\/www.emagister.com\/blog\/wp-content\/uploads\/2018\/07\/screenshot-www.elmundo.es-2018.07.25-09-20-14.png 1518w, https:\/\/www.emagister.com\/blog\/wp-content\/uploads\/2018\/07\/screenshot-www.elmundo.es-2018.07.25-09-20-14-80x13.png 80w\" sizes=\"auto, (max-width: 1518px) 100vw, 1518px\" \/><\/p>\n<p>&nbsp;<\/p>\n<div class=\"courses\"><div class=\"course\"><div class=\"inside\"><a href=\"https:\/\/www.emagister.com\/grado-comunicacion-audiovisual-cursos-2846907.htm\" class=\"course_name directory\">Grado en Comunicaci\u00f3n Audiovisual<\/a><div class=\"course_center\">Universidad Pontificia de Salamanca<\/div><div class=\"course_rating\"><svg fill=\"none\" height=\"13\" viewBox=\"0 0 13 13\" width=\"13\" xmlns=\"http:\/\/www.w3.org\/2000\/svg\"><path d=\"m5.79999.990059-1.58 3.220001-3.549999.52c-.6399996.09-.9.87-.43 1.32l2.559999 2.51-.6 3.53004c-.11.64.56 1.12 1.13.82l3.18-1.67v-10.680041c-.29 0-.56.14-.71.43z\" fill=\"#f5ba41\"\/><path d=\"m10.8 12.0901-.6-3.53004 2.57-2.5c.46-.45.21-1.23-.43-1.33l-3.56-.52-1.58-3.220001c-.15-.28-.42-.43-.7-.43v10.680041l3.18 1.67c.56.3 1.23-.18 1.12-.82z\" fill=\"#e5e5e5\"\/><\/svg><\/i><svg fill=\"none\" height=\"13\" viewBox=\"0 0 13 13\" width=\"13\" xmlns=\"http:\/\/www.w3.org\/2000\/svg\"><path d=\"m5.79999.990059-1.58 3.220001-3.549999.52c-.6399996.09-.9.87-.43 1.32l2.559999 2.51-.6 3.53004c-.11.64.56 1.12 1.13.82l3.18-1.67v-10.680041c-.29 0-.56.14-.71.43z\" fill=\"#f5ba41\"\/><path d=\"m10.8 12.0901-.6-3.53004 2.57-2.5c.46-.45.21-1.23-.43-1.33l-3.56-.52-1.58-3.220001c-.15-.28-.42-.43-.7-.43v10.680041l3.18 1.67c.56.3 1.23-.18 1.12-.82z\" fill=\"#e5e5e5\"\/><\/svg><\/i><svg fill=\"none\" height=\"13\" viewBox=\"0 0 13 13\" width=\"13\" xmlns=\"http:\/\/www.w3.org\/2000\/svg\"><path d=\"m5.79999.990059-1.58 3.220001-3.549999.52c-.6399996.09-.9.87-.43 1.32l2.559999 2.51-.6 3.53004c-.11.64.56 1.12 1.13.82l3.18-1.67v-10.680041c-.29 0-.56.14-.71.43z\" fill=\"#f5ba41\"\/><path d=\"m10.8 12.0901-.6-3.53004 2.57-2.5c.46-.45.21-1.23-.43-1.33l-3.56-.52-1.58-3.220001c-.15-.28-.42-.43-.7-.43v10.680041l3.18 1.67c.56.3 1.23-.18 1.12-.82z\" fill=\"#e5e5e5\"\/><\/svg><\/i><svg fill=\"none\" height=\"13\" viewBox=\"0 0 13 13\" width=\"13\" xmlns=\"http:\/\/www.w3.org\/2000\/svg\"><path d=\"m5.79999.990059-1.58 3.220001-3.549999.52c-.6399996.09-.9.87-.43 1.32l2.559999 2.51-.6 3.53004c-.11.64.56 1.12 1.13.82l3.18-1.67v-10.680041c-.29 0-.56.14-.71.43z\" fill=\"#f5ba41\"\/><path d=\"m10.8 12.0901-.6-3.53004 2.57-2.5c.46-.45.21-1.23-.43-1.33l-3.56-.52-1.58-3.220001c-.15-.28-.42-.43-.7-.43v10.680041l3.18 1.67c.56.3 1.23-.18 1.12-.82z\" fill=\"#e5e5e5\"\/><\/svg><\/i><svg fill=\"none\" height=\"13\" viewBox=\"0 0 13 13\" width=\"13\" xmlns=\"http:\/\/www.w3.org\/2000\/svg\"><path d=\"m5.79999.990059-1.58 3.220001-3.549999.52c-.6399996.09-.9.87-.43 1.32l2.559999 2.51-.6 3.53004c-.11.64.56 1.12 1.13.82l3.18-1.67v-10.680041c-.29 0-.56.14-.71.43z\" fill=\"#f5ba41\"\/><path d=\"m10.8 12.0901-.6-3.53004 2.57-2.5c.46-.45.21-1.23-.43-1.33l-3.56-.52-1.58-3.220001c-.15-.28-.42-.43-.7-.43v10.680041l3.18 1.67c.56.3 1.23-.18 1.12-.82z\" fill=\"#e5e5e5\"\/><\/svg><\/i><\/div><div class=\"course_price\">7.560 \u20ac<\/div><a href=\"https:\/\/www.emagister.com\/grado-comunicacion-audiovisual-cursos-2846907.htm\" class=\"course_button directory\">Ver m\u00e1s<\/a><\/div><\/div><div class=\"course\"><div class=\"inside\"><a href=\"https:\/\/www.emagister.com\/grado-universitario-administracion-direccion-empresas-ade-online-cursos-3800488.htm\" class=\"course_name directory\">Grado en Administraci\u00f3n y Direcci\u00f3n de Empresas<\/a><div class=\"course_center\">IUNIT<\/div><div class=\"course_rating\"><i class=\"course_rating_star\"><\/i><\/div><div class=\"course_price\"><div class=\"course_price_text\">Precio Emagister<\/div><del>5.100 \u20ac<\/del>  4.250 \u20ac<\/div><a href=\"https:\/\/www.emagister.com\/grado-universitario-administracion-direccion-empresas-ade-online-cursos-3800488.htm\" class=\"course_button directory\">Ver m\u00e1s<\/a><\/div><\/div><div class=\"courses_more_wpr\"><span class=\"courses_more directory ofuscado\" onclick=\"window.location.href='https:\/\/www.emagister.com\/web\/search?q=carreras%20universitarias&#038;token=668d173c-ff0d-4d4f-bd13-3db820a3b96a&#038;segment=1&#038;sort=purePPL';\">Ver todos los cursos<svg height=\"20\" viewBox=\"0 0 20 20\" width=\"20\" xmlns=\"http:\/\/www.w3.org\/2000\/svg\"><path d=\"m12.77 10.332-4.602 4.531c-.184.184-.48.184-.664 0l-.277-.277c-.184-.184-.184-.48 0-.664l3.996-3.922-3.993-3.922c-.183-.183-.183-.48 0-.664l.278-.277c.183-.184.48-.184.664 0l4.601 4.531c.18.184.18.48-.003.664z\" fill=\"#4cb7ac\" fill-rule=\"evenodd\"\/><\/svg><\/span><\/div><\/div>\n","protected":false},"excerpt":{"rendered":"<p>Durante los \u00faltimos meses del curso, la\u00a0Selectividad\u00a0es la preocupaci\u00f3n m\u00e1s frecuente entre los alumnos de Bachillerato. Sin embargo, una vez &#8230; <a title=\"Consulta las notas de corte del curso 2019-2020\" class=\"read-more\" href=\"https:\/\/www.emagister.com\/blog\/consulta-las-notas-de-corte-del-curso-2018-2019\/\" aria-label=\"M\u00e1s en Consulta las notas de corte del curso 2019-2020\">Leer m\u00e1s<\/a><\/p>\n","protected":false},"author":255,"featured_media":90512,"comment_status":"open","ping_status":"closed","sticky":false,"template":"","format":"standard","meta":{"_acf_changed":false,"inline_featured_image":false,"footnotes":""},"categories":[8336,8376,8502],"tags":[10183,206,1996,2476,10142],"class_list":["post-71719","post","type-post","status-publish","format-standard","has-post-thumbnail","hentry","category-noticias","category-elegir-carrera","category-acceso-universidad","tag-cobrandedsubhome_9_78","tag-nota-de-corte","tag-acceso-a-la-universidad-2","tag-grados-universitarios","tag-noticiaslavanguardia","generate-columns","tablet-grid-50","mobile-grid-100","grid-parent","grid-25"],"acf":{"mostrar_faldon":"1","texto_faldon":"Todas las carreras universitarias de las diferentes universidades","link_faldon":"https:\/\/www.emagister.com\/universidades\/","link_texto_faldon":"Ver grados","hreflang":false,"estilo_titulo":"","fecha":"no"},"yoast_head":"<!-- This site is optimized with the Yoast SEO Premium plugin v18.1 (Yoast SEO v27.0) - https:\/\/yoast.com\/product\/yoast-seo-premium-wordpress\/ -->\n<title>Consulta las notas de corte del curso 2019-2020 - Blog Emagister<\/title>\n<meta name=\"description\" content=\"\u00bfQuieres saber cu\u00e1les son las notas de corte que las universidades exigen este curso 2019-2020? \u00a1Cons\u00faltalas en el blog de Emagister!\" \/>\n<meta name=\"robots\" content=\"index, follow\" \/>\n<link rel=\"canonical\" href=\"https:\/\/www.emagister.com\/blog\/consulta-las-notas-de-corte-del-curso-2018-2019\/\" \/>\n<meta property=\"og:locale\" content=\"es_ES\" \/>\n<meta property=\"og:type\" content=\"article\" \/>\n<meta property=\"og:title\" content=\"Consulta las notas de corte del curso 2019-2020\" \/>\n<meta property=\"og:description\" content=\"\u00bfQuieres saber cu\u00e1les son las notas de corte que las universidades exigen este curso 2019-2020? \u00a1Cons\u00faltalas en el blog de Emagister!\" \/>\n<meta property=\"og:url\" content=\"https:\/\/www.emagister.com\/blog\/consulta-las-notas-de-corte-del-curso-2018-2019\/\" \/>\n<meta property=\"og:site_name\" content=\"Blog Emagister\" \/>\n<meta property=\"article:publisher\" content=\"https:\/\/www.facebook.com\/Emagister\/\" \/>\n<meta property=\"article:published_time\" content=\"2019-07-26T08:01:49+00:00\" \/>\n<meta property=\"article:modified_time\" content=\"2019-07-26T10:54:22+00:00\" \/>\n<meta property=\"og:image\" content=\"https:\/\/www.emagister.com\/blog\/wp-content\/uploads\/2019\/07\/adult-business-meeting-business-people-1438072-1.jpg\" \/>\n\t<meta property=\"og:image:width\" content=\"1919\" \/>\n\t<meta property=\"og:image:height\" content=\"1280\" \/>\n\t<meta property=\"og:image:type\" content=\"image\/jpeg\" \/>\n<meta name=\"author\" content=\"Laura Gonz\u00e0lez\" \/>\n<meta name=\"twitter:card\" content=\"summary_large_image\" \/>\n<meta name=\"twitter:creator\" content=\"@emagister\" \/>\n<meta name=\"twitter:site\" content=\"@emagister\" \/>\n<meta name=\"twitter:label1\" content=\"Escrito por\" \/>\n\t<meta name=\"twitter:data1\" content=\"Laura Gonz\u00e0lez\" \/>\n\t<meta name=\"twitter:label2\" content=\"Tiempo de lectura\" \/>\n\t<meta name=\"twitter:data2\" content=\"1 minuto\" \/>\n<script type=\"application\/ld+json\" class=\"yoast-schema-graph\">{\"@context\":\"https:\/\/schema.org\",\"@graph\":[{\"@type\":\"Article\",\"@id\":\"https:\/\/www.emagister.com\/blog\/consulta-las-notas-de-corte-del-curso-2018-2019\/#article\",\"isPartOf\":{\"@id\":\"https:\/\/www.emagister.com\/blog\/consulta-las-notas-de-corte-del-curso-2018-2019\/\"},\"author\":{\"name\":\"Laura Gonz\u00e0lez\",\"@id\":\"https:\/\/www.emagister.com\/blog\/#\/schema\/person\/141b37b56d8029c99a901d83b24ec28f\"},\"headline\":\"Consulta las notas de corte del curso 2019-2020\",\"datePublished\":\"2019-07-26T08:01:49+00:00\",\"dateModified\":\"2019-07-26T10:54:22+00:00\",\"mainEntityOfPage\":{\"@id\":\"https:\/\/www.emagister.com\/blog\/consulta-las-notas-de-corte-del-curso-2018-2019\/\"},\"wordCount\":251,\"commentCount\":0,\"publisher\":{\"@id\":\"https:\/\/www.emagister.com\/blog\/#organization\"},\"image\":{\"@id\":\"https:\/\/www.emagister.com\/blog\/consulta-las-notas-de-corte-del-curso-2018-2019\/#primaryimage\"},\"thumbnailUrl\":\"https:\/\/www.emagister.com\/blog\/wp-content\/uploads\/2019\/07\/adult-business-meeting-business-people-1438072-1.jpg\",\"keywords\":[\"cobrandedSubHome_9_78\",\"nota de corte\",\"acceso a la universidad\",\"grados universitarios\",\"noticiasLaVanguardia\"],\"articleSection\":[\"Actualidad Emagister\",\"Qu\u00e9 carrera elegir\",\"Acceso a la universidad\"],\"inLanguage\":\"es\",\"potentialAction\":[{\"@type\":\"CommentAction\",\"name\":\"Comment\",\"target\":[\"https:\/\/www.emagister.com\/blog\/consulta-las-notas-de-corte-del-curso-2018-2019\/#respond\"]}]},{\"@type\":\"WebPage\",\"@id\":\"https:\/\/www.emagister.com\/blog\/consulta-las-notas-de-corte-del-curso-2018-2019\/\",\"url\":\"https:\/\/www.emagister.com\/blog\/consulta-las-notas-de-corte-del-curso-2018-2019\/\",\"name\":\"Consulta las notas de corte del curso 2019-2020 - Blog Emagister\",\"isPartOf\":{\"@id\":\"https:\/\/www.emagister.com\/blog\/#website\"},\"primaryImageOfPage\":{\"@id\":\"https:\/\/www.emagister.com\/blog\/consulta-las-notas-de-corte-del-curso-2018-2019\/#primaryimage\"},\"image\":{\"@id\":\"https:\/\/www.emagister.com\/blog\/consulta-las-notas-de-corte-del-curso-2018-2019\/#primaryimage\"},\"thumbnailUrl\":\"https:\/\/www.emagister.com\/blog\/wp-content\/uploads\/2019\/07\/adult-business-meeting-business-people-1438072-1.jpg\",\"datePublished\":\"2019-07-26T08:01:49+00:00\",\"dateModified\":\"2019-07-26T10:54:22+00:00\",\"description\":\"\u00bfQuieres saber cu\u00e1les son las notas de corte que las universidades exigen este curso 2019-2020? \u00a1Cons\u00faltalas en el blog de Emagister!\",\"breadcrumb\":{\"@id\":\"https:\/\/www.emagister.com\/blog\/consulta-las-notas-de-corte-del-curso-2018-2019\/#breadcrumb\"},\"inLanguage\":\"es\",\"potentialAction\":[{\"@type\":\"ReadAction\",\"target\":[\"https:\/\/www.emagister.com\/blog\/consulta-las-notas-de-corte-del-curso-2018-2019\/\"]}]},{\"@type\":\"ImageObject\",\"inLanguage\":\"es\",\"@id\":\"https:\/\/www.emagister.com\/blog\/consulta-las-notas-de-corte-del-curso-2018-2019\/#primaryimage\",\"url\":\"https:\/\/www.emagister.com\/blog\/wp-content\/uploads\/2019\/07\/adult-business-meeting-business-people-1438072-1.jpg\",\"contentUrl\":\"https:\/\/www.emagister.com\/blog\/wp-content\/uploads\/2019\/07\/adult-business-meeting-business-people-1438072-1.jpg\",\"width\":1919,\"height\":1280,\"caption\":\"estudiantes universitarios\"},{\"@type\":\"BreadcrumbList\",\"@id\":\"https:\/\/www.emagister.com\/blog\/consulta-las-notas-de-corte-del-curso-2018-2019\/#breadcrumb\",\"itemListElement\":[{\"@type\":\"ListItem\",\"position\":1,\"name\":\"Blog Emagister\",\"item\":\"https:\/\/www.emagister.com\/blog\/\"},{\"@type\":\"ListItem\",\"position\":2,\"name\":\"Sistema educativo y titulaciones\",\"item\":\"https:\/\/www.emagister.com\/blog\/titulaciones\/\"},{\"@type\":\"ListItem\",\"position\":3,\"name\":\"Carreras universitarias\",\"item\":\"https:\/\/www.emagister.com\/blog\/titulaciones\/carreras\/\"},{\"@type\":\"ListItem\",\"position\":4,\"name\":\"Acceso a la universidad\",\"item\":\"https:\/\/www.emagister.com\/blog\/titulaciones\/carreras\/acceso-universidad\/\"},{\"@type\":\"ListItem\",\"position\":5,\"name\":\"Consulta las notas de corte del curso 2019-2020\"}]},{\"@type\":\"WebSite\",\"@id\":\"https:\/\/www.emagister.com\/blog\/#website\",\"url\":\"https:\/\/www.emagister.com\/blog\/\",\"name\":\"Blog Emagister\",\"description\":\"Gu\u00eda de orientaci\u00f3n sobre estudios y tendencias de formaci\u00f3n\",\"publisher\":{\"@id\":\"https:\/\/www.emagister.com\/blog\/#organization\"},\"potentialAction\":[{\"@type\":\"SearchAction\",\"target\":{\"@type\":\"EntryPoint\",\"urlTemplate\":\"https:\/\/www.emagister.com\/blog\/?s={search_term_string}\"},\"query-input\":{\"@type\":\"PropertyValueSpecification\",\"valueRequired\":true,\"valueName\":\"search_term_string\"}}],\"inLanguage\":\"es\"},{\"@type\":\"Organization\",\"@id\":\"https:\/\/www.emagister.com\/blog\/#organization\",\"name\":\"Emagister\",\"url\":\"https:\/\/www.emagister.com\/blog\/\",\"logo\":{\"@type\":\"ImageObject\",\"inLanguage\":\"es\",\"@id\":\"https:\/\/www.emagister.com\/blog\/#\/schema\/logo\/image\/\",\"url\":\"https:\/\/www.emagister.com\/blog\/wp-content\/uploads\/2017\/02\/photo.png\",\"contentUrl\":\"https:\/\/www.emagister.com\/blog\/wp-content\/uploads\/2017\/02\/photo.png\",\"width\":120,\"height\":120,\"caption\":\"Emagister\"},\"image\":{\"@id\":\"https:\/\/www.emagister.com\/blog\/#\/schema\/logo\/image\/\"},\"sameAs\":[\"https:\/\/www.facebook.com\/Emagister\/\",\"https:\/\/x.com\/emagister\",\"https:\/\/www.instagram.com\/emagister\/\",\"https:\/\/www.linkedin.com\/company\/emagister-com\/\",\"https:\/\/www.pinterest.es\/emagister\/\",\"https:\/\/www.youtube.com\/user\/emagister\/\",\"https:\/\/es.wikipedia.org\/wiki\/Emagister\"]},{\"@type\":\"Person\",\"@id\":\"https:\/\/www.emagister.com\/blog\/#\/schema\/person\/141b37b56d8029c99a901d83b24ec28f\",\"name\":\"Laura Gonz\u00e0lez\",\"image\":{\"@type\":\"ImageObject\",\"inLanguage\":\"es\",\"@id\":\"https:\/\/www.emagister.com\/blog\/#\/schema\/person\/image\/\",\"url\":\"https:\/\/secure.gravatar.com\/avatar\/9efac18419d3b71d38e95cbb8122c1560396cf37c42a8e40dd590bdbdcdd8ffd?s=96&r=g\",\"contentUrl\":\"https:\/\/secure.gravatar.com\/avatar\/9efac18419d3b71d38e95cbb8122c1560396cf37c42a8e40dd590bdbdcdd8ffd?s=96&r=g\",\"caption\":\"Laura Gonz\u00e0lez\"},\"url\":\"https:\/\/www.emagister.com\/blog\/author\/laura-gonzalez\/\"}]}<\/script>\n<!-- \/ Yoast SEO Premium plugin. -->","yoast_head_json":{"title":"Consulta las notas de corte del curso 2019-2020 - Blog Emagister","description":"\u00bfQuieres saber cu\u00e1les son las notas de corte que las universidades exigen este curso 2019-2020? \u00a1Cons\u00faltalas en el blog de Emagister!","robots":{"index":"index","follow":"follow"},"canonical":"https:\/\/www.emagister.com\/blog\/consulta-las-notas-de-corte-del-curso-2018-2019\/","og_locale":"es_ES","og_type":"article","og_title":"Consulta las notas de corte del curso 2019-2020","og_description":"\u00bfQuieres saber cu\u00e1les son las notas de corte que las universidades exigen este curso 2019-2020? \u00a1Cons\u00faltalas en el blog de Emagister!","og_url":"https:\/\/www.emagister.com\/blog\/consulta-las-notas-de-corte-del-curso-2018-2019\/","og_site_name":"Blog Emagister","article_publisher":"https:\/\/www.facebook.com\/Emagister\/","article_published_time":"2019-07-26T08:01:49+00:00","article_modified_time":"2019-07-26T10:54:22+00:00","og_image":[{"width":1919,"height":1280,"url":"https:\/\/www.emagister.com\/blog\/wp-content\/uploads\/2019\/07\/adult-business-meeting-business-people-1438072-1.jpg","type":"image\/jpeg"}],"author":"Laura Gonz\u00e0lez","twitter_card":"summary_large_image","twitter_creator":"@emagister","twitter_site":"@emagister","twitter_misc":{"Escrito por":"Laura Gonz\u00e0lez","Tiempo de lectura":"1 minuto"},"schema":{"@context":"https:\/\/schema.org","@graph":[{"@type":"Article","@id":"https:\/\/www.emagister.com\/blog\/consulta-las-notas-de-corte-del-curso-2018-2019\/#article","isPartOf":{"@id":"https:\/\/www.emagister.com\/blog\/consulta-las-notas-de-corte-del-curso-2018-2019\/"},"author":{"name":"Laura Gonz\u00e0lez","@id":"https:\/\/www.emagister.com\/blog\/#\/schema\/person\/141b37b56d8029c99a901d83b24ec28f"},"headline":"Consulta las notas de corte del curso 2019-2020","datePublished":"2019-07-26T08:01:49+00:00","dateModified":"2019-07-26T10:54:22+00:00","mainEntityOfPage":{"@id":"https:\/\/www.emagister.com\/blog\/consulta-las-notas-de-corte-del-curso-2018-2019\/"},"wordCount":251,"commentCount":0,"publisher":{"@id":"https:\/\/www.emagister.com\/blog\/#organization"},"image":{"@id":"https:\/\/www.emagister.com\/blog\/consulta-las-notas-de-corte-del-curso-2018-2019\/#primaryimage"},"thumbnailUrl":"https:\/\/www.emagister.com\/blog\/wp-content\/uploads\/2019\/07\/adult-business-meeting-business-people-1438072-1.jpg","keywords":["cobrandedSubHome_9_78","nota de corte","acceso a la universidad","grados universitarios","noticiasLaVanguardia"],"articleSection":["Actualidad Emagister","Qu\u00e9 carrera elegir","Acceso a la universidad"],"inLanguage":"es","potentialAction":[{"@type":"CommentAction","name":"Comment","target":["https:\/\/www.emagister.com\/blog\/consulta-las-notas-de-corte-del-curso-2018-2019\/#respond"]}]},{"@type":"WebPage","@id":"https:\/\/www.emagister.com\/blog\/consulta-las-notas-de-corte-del-curso-2018-2019\/","url":"https:\/\/www.emagister.com\/blog\/consulta-las-notas-de-corte-del-curso-2018-2019\/","name":"Consulta las notas de corte del curso 2019-2020 - Blog Emagister","isPartOf":{"@id":"https:\/\/www.emagister.com\/blog\/#website"},"primaryImageOfPage":{"@id":"https:\/\/www.emagister.com\/blog\/consulta-las-notas-de-corte-del-curso-2018-2019\/#primaryimage"},"image":{"@id":"https:\/\/www.emagister.com\/blog\/consulta-las-notas-de-corte-del-curso-2018-2019\/#primaryimage"},"thumbnailUrl":"https:\/\/www.emagister.com\/blog\/wp-content\/uploads\/2019\/07\/adult-business-meeting-business-people-1438072-1.jpg","datePublished":"2019-07-26T08:01:49+00:00","dateModified":"2019-07-26T10:54:22+00:00","description":"\u00bfQuieres saber cu\u00e1les son las notas de corte que las universidades exigen este curso 2019-2020? \u00a1Cons\u00faltalas en el blog de Emagister!","breadcrumb":{"@id":"https:\/\/www.emagister.com\/blog\/consulta-las-notas-de-corte-del-curso-2018-2019\/#breadcrumb"},"inLanguage":"es","potentialAction":[{"@type":"ReadAction","target":["https:\/\/www.emagister.com\/blog\/consulta-las-notas-de-corte-del-curso-2018-2019\/"]}]},{"@type":"ImageObject","inLanguage":"es","@id":"https:\/\/www.emagister.com\/blog\/consulta-las-notas-de-corte-del-curso-2018-2019\/#primaryimage","url":"https:\/\/www.emagister.com\/blog\/wp-content\/uploads\/2019\/07\/adult-business-meeting-business-people-1438072-1.jpg","contentUrl":"https:\/\/www.emagister.com\/blog\/wp-content\/uploads\/2019\/07\/adult-business-meeting-business-people-1438072-1.jpg","width":1919,"height":1280,"caption":"estudiantes universitarios"},{"@type":"BreadcrumbList","@id":"https:\/\/www.emagister.com\/blog\/consulta-las-notas-de-corte-del-curso-2018-2019\/#breadcrumb","itemListElement":[{"@type":"ListItem","position":1,"name":"Blog Emagister","item":"https:\/\/www.emagister.com\/blog\/"},{"@type":"ListItem","position":2,"name":"Sistema educativo y titulaciones","item":"https:\/\/www.emagister.com\/blog\/titulaciones\/"},{"@type":"ListItem","position":3,"name":"Carreras universitarias","item":"https:\/\/www.emagister.com\/blog\/titulaciones\/carreras\/"},{"@type":"ListItem","position":4,"name":"Acceso a la universidad","item":"https:\/\/www.emagister.com\/blog\/titulaciones\/carreras\/acceso-universidad\/"},{"@type":"ListItem","position":5,"name":"Consulta las notas de corte del curso 2019-2020"}]},{"@type":"WebSite","@id":"https:\/\/www.emagister.com\/blog\/#website","url":"https:\/\/www.emagister.com\/blog\/","name":"Blog Emagister","description":"Gu\u00eda de orientaci\u00f3n sobre estudios y tendencias de formaci\u00f3n","publisher":{"@id":"https:\/\/www.emagister.com\/blog\/#organization"},"potentialAction":[{"@type":"SearchAction","target":{"@type":"EntryPoint","urlTemplate":"https:\/\/www.emagister.com\/blog\/?s={search_term_string}"},"query-input":{"@type":"PropertyValueSpecification","valueRequired":true,"valueName":"search_term_string"}}],"inLanguage":"es"},{"@type":"Organization","@id":"https:\/\/www.emagister.com\/blog\/#organization","name":"Emagister","url":"https:\/\/www.emagister.com\/blog\/","logo":{"@type":"ImageObject","inLanguage":"es","@id":"https:\/\/www.emagister.com\/blog\/#\/schema\/logo\/image\/","url":"https:\/\/www.emagister.com\/blog\/wp-content\/uploads\/2017\/02\/photo.png","contentUrl":"https:\/\/www.emagister.com\/blog\/wp-content\/uploads\/2017\/02\/photo.png","width":120,"height":120,"caption":"Emagister"},"image":{"@id":"https:\/\/www.emagister.com\/blog\/#\/schema\/logo\/image\/"},"sameAs":["https:\/\/www.facebook.com\/Emagister\/","https:\/\/x.com\/emagister","https:\/\/www.instagram.com\/emagister\/","https:\/\/www.linkedin.com\/company\/emagister-com\/","https:\/\/www.pinterest.es\/emagister\/","https:\/\/www.youtube.com\/user\/emagister\/","https:\/\/es.wikipedia.org\/wiki\/Emagister"]},{"@type":"Person","@id":"https:\/\/www.emagister.com\/blog\/#\/schema\/person\/141b37b56d8029c99a901d83b24ec28f","name":"Laura Gonz\u00e0lez","image":{"@type":"ImageObject","inLanguage":"es","@id":"https:\/\/www.emagister.com\/blog\/#\/schema\/person\/image\/","url":"https:\/\/secure.gravatar.com\/avatar\/9efac18419d3b71d38e95cbb8122c1560396cf37c42a8e40dd590bdbdcdd8ffd?s=96&r=g","contentUrl":"https:\/\/secure.gravatar.com\/avatar\/9efac18419d3b71d38e95cbb8122c1560396cf37c42a8e40dd590bdbdcdd8ffd?s=96&r=g","caption":"Laura Gonz\u00e0lez"},"url":"https:\/\/www.emagister.com\/blog\/author\/laura-gonzalez\/"}]}},"_links":{"self":[{"href":"https:\/\/www.emagister.com\/blog\/wp-json\/wp\/v2\/posts\/71719","targetHints":{"allow":["GET"]}}],"collection":[{"href":"https:\/\/www.emagister.com\/blog\/wp-json\/wp\/v2\/posts"}],"about":[{"href":"https:\/\/www.emagister.com\/blog\/wp-json\/wp\/v2\/types\/post"}],"author":[{"embeddable":true,"href":"https:\/\/www.emagister.com\/blog\/wp-json\/wp\/v2\/users\/255"}],"replies":[{"embeddable":true,"href":"https:\/\/www.emagister.com\/blog\/wp-json\/wp\/v2\/comments?post=71719"}],"version-history":[{"count":0,"href":"https:\/\/www.emagister.com\/blog\/wp-json\/wp\/v2\/posts\/71719\/revisions"}],"wp:featuredmedia":[{"embeddable":true,"href":"https:\/\/www.emagister.com\/blog\/wp-json\/wp\/v2\/media\/90512"}],"wp:attachment":[{"href":"https:\/\/www.emagister.com\/blog\/wp-json\/wp\/v2\/media?parent=71719"}],"wp:term":[{"taxonomy":"category","embeddable":true,"href":"https:\/\/www.emagister.com\/blog\/wp-json\/wp\/v2\/categories?post=71719"},{"taxonomy":"post_tag","embeddable":true,"href":"https:\/\/www.emagister.com\/blog\/wp-json\/wp\/v2\/tags?post=71719"}],"curies":[{"name":"wp","href":"https:\/\/api.w.org\/{rel}","templated":true}]}}