{"id":73208,"date":"2019-08-20T15:33:21","date_gmt":"2019-08-20T13:33:21","guid":{"rendered":"https:\/\/www.emagister.com\/blog\/?p=73208"},"modified":"2019-10-21T13:17:04","modified_gmt":"2019-10-21T11:17:04","slug":"consulta-el-calendario-escolar-del-curso-2019-2020-por-comunidades","status":"publish","type":"post","link":"https:\/\/www.emagister.com\/blog\/consulta-el-calendario-escolar-del-curso-2019-2020-por-comunidades\/","title":{"rendered":"Consulta el calendario escolar del curso 2019-2020 por comunidades"},"content":{"rendered":"<p style=\"text-align: justify;\">Cada a\u00f1o nos preguntamos qu\u00e9 d\u00eda festivos en nuestras respectivas comunidades podremos disfrutar respecto al\u00a0<strong>calendario escolar,\u00a0<\/strong>por ello te dejamos este\u00a0<em>post<\/em> con los calendarios de cada Comunidad Aut\u00f3noma.\u00a0La ley dicta que debe ser 175 el n\u00famero m\u00ednimo de d\u00edas lectivos, aunque ese n\u00famero puede variar. En <strong>Andaluc\u00eda<\/strong>, por ejemplo, son 178 d\u00edas los que los ni\u00f1os acuden a clase, mientras en <strong>Arag\u00f3n<\/strong> son 176 para primaria, y 173 para bachillerato. \u00bfTodav\u00eda no sabes qu\u00e9 d\u00edas van a ser festivos en tu comunidad? \u00a1Consulta el calendario!<\/p>\n<p><!--more--><\/p>\n<div class=\"courses\"><div class=\"course\"><div class=\"inside\"><span class=\"course_name directory ofuscado\" onclick=\"window.location.href='https:\/\/www.emagister.com\/grado-educacion-infantil-cursos-3805305.htm';\">Grado en Educaci\u00f3n Infantil<\/span><div class=\"course_center\">UNIE UNIVERSIDAD<\/div><div class=\"course_rating\"><i class=\"course_rating_star\"><\/i><\/div><div class=\"course_price\"><div class=\"course_price_text\">Precio a consultar<\/div><\/div><span class=\"course_button directory ofuscado\" onclick=\"window.location.href='https:\/\/www.emagister.com\/grado-educacion-infantil-cursos-3805305.htm';\">Ver m\u00e1s<\/span><\/div><\/div><div class=\"course\"><div class=\"inside\"><a href=\"https:\/\/www.emagister.com\/grado-maestro-educacion-infantil-cursos-3468021.htm\" class=\"course_name directory\">Grado en Maestro en Educaci\u00f3n Infantil<\/a><div class=\"course_center\">Universidad Cat\u00f3lica de \u00c1vila.<\/div><div class=\"course_rating\"><svg fill=\"none\" height=\"13\" viewBox=\"0 0 13 13\" width=\"13\" xmlns=\"http:\/\/www.w3.org\/2000\/svg\"><path d=\"m5.79999.990059-1.58 3.220001-3.549999.52c-.6399996.09-.9.87-.43 1.32l2.559999 2.51-.6 3.53004c-.11.64.56 1.12 1.13.82l3.18-1.67v-10.680041c-.29 0-.56.14-.71.43z\" fill=\"#f5ba41\"\/><path d=\"m10.8 12.0901-.6-3.53004 2.57-2.5c.46-.45.21-1.23-.43-1.33l-3.56-.52-1.58-3.220001c-.15-.28-.42-.43-.7-.43v10.680041l3.18 1.67c.56.3 1.23-.18 1.12-.82z\" fill=\"#e5e5e5\"\/><\/svg><\/i><svg fill=\"none\" height=\"13\" viewBox=\"0 0 13 13\" width=\"13\" xmlns=\"http:\/\/www.w3.org\/2000\/svg\"><path d=\"m5.79999.990059-1.58 3.220001-3.549999.52c-.6399996.09-.9.87-.43 1.32l2.559999 2.51-.6 3.53004c-.11.64.56 1.12 1.13.82l3.18-1.67v-10.680041c-.29 0-.56.14-.71.43z\" fill=\"#f5ba41\"\/><path d=\"m10.8 12.0901-.6-3.53004 2.57-2.5c.46-.45.21-1.23-.43-1.33l-3.56-.52-1.58-3.220001c-.15-.28-.42-.43-.7-.43v10.680041l3.18 1.67c.56.3 1.23-.18 1.12-.82z\" fill=\"#e5e5e5\"\/><\/svg><\/i><svg fill=\"none\" height=\"13\" viewBox=\"0 0 13 13\" width=\"13\" xmlns=\"http:\/\/www.w3.org\/2000\/svg\"><path d=\"m5.79999.990059-1.58 3.220001-3.549999.52c-.6399996.09-.9.87-.43 1.32l2.559999 2.51-.6 3.53004c-.11.64.56 1.12 1.13.82l3.18-1.67v-10.680041c-.29 0-.56.14-.71.43z\" fill=\"#f5ba41\"\/><path d=\"m10.8 12.0901-.6-3.53004 2.57-2.5c.46-.45.21-1.23-.43-1.33l-3.56-.52-1.58-3.220001c-.15-.28-.42-.43-.7-.43v10.680041l3.18 1.67c.56.3 1.23-.18 1.12-.82z\" fill=\"#e5e5e5\"\/><\/svg><\/i><svg fill=\"none\" height=\"13\" viewBox=\"0 0 13 13\" width=\"13\" xmlns=\"http:\/\/www.w3.org\/2000\/svg\"><path d=\"m5.79999.990059-1.58 3.220001-3.549999.52c-.6399996.09-.9.87-.43 1.32l2.559999 2.51-.6 3.53004c-.11.64.56 1.12 1.13.82l3.18-1.67v-10.680041c-.29 0-.56.14-.71.43z\" fill=\"#f5ba41\"\/><path d=\"m10.8 12.0901-.6-3.53004 2.57-2.5c.46-.45.21-1.23-.43-1.33l-3.56-.52-1.58-3.220001c-.15-.28-.42-.43-.7-.43v10.680041l3.18 1.67c.56.3 1.23-.18 1.12-.82z\" fill=\"#e5e5e5\"\/><\/svg><\/i><svg fill=\"none\" height=\"13\" viewBox=\"0 0 13 13\" width=\"13\" xmlns=\"http:\/\/www.w3.org\/2000\/svg\"><path d=\"m5.79999.990059-1.58 3.220001-3.549999.52c-.6399996.09-.9.87-.43 1.32l2.559999 2.51-.6 3.53004c-.11.64.56 1.12 1.13.82l3.18-1.67v-10.680041c-.29 0-.56.14-.71.43z\" fill=\"#f5ba41\"\/><path d=\"m10.8 12.0901-.6-3.53004 2.57-2.5c.46-.45.21-1.23-.43-1.33l-3.56-.52-1.58-3.220001c-.15-.28-.42-.43-.7-.43v10.680041l3.18 1.67c.56.3 1.23-.18 1.12-.82z\" fill=\"#e5e5e5\"\/><\/svg><\/i><\/div><div class=\"course_price\">2.700 \u20ac<\/div><a href=\"https:\/\/www.emagister.com\/grado-maestro-educacion-infantil-cursos-3468021.htm\" class=\"course_button directory\">Ver m\u00e1s<\/a><\/div><\/div><div class=\"courses_more_wpr\"><span class=\"courses_more directory ofuscado\" onclick=\"window.location.href='https:\/\/www.emagister.com\/web\/search?q=educaci\u00f3n%20infantil&#038;token=668d173c-ff0d-4d4f-bd13-3db820a3b96a&#038;segment=1&#038;sort=purePPL';\">Ver todos los cursos<svg height=\"20\" viewBox=\"0 0 20 20\" width=\"20\" xmlns=\"http:\/\/www.w3.org\/2000\/svg\"><path d=\"m12.77 10.332-4.602 4.531c-.184.184-.48.184-.664 0l-.277-.277c-.184-.184-.184-.48 0-.664l3.996-3.922-3.993-3.922c-.183-.183-.183-.48 0-.664l.278-.277c.183-.184.48-.184.664 0l4.601 4.531c.18.184.18.48-.003.664z\" fill=\"#4cb7ac\" fill-rule=\"evenodd\"\/><\/svg><\/span><\/div><\/div>\n<h3 style=\"text-align: justify;\"><strong>Andaluc\u00eda<\/strong><\/h3>\n<p style=\"text-align: justify;\">La Junta de Andaluc\u00eda ya ha dado a conocer los d\u00edas lectivos del pr\u00f3ximo curso. La mayor parte de las provincias comienzan sus clases durante la segunda semana de septiembre, y finalizan sobre el 22 de junio, aunque cada una tiene sus fechas establecidas. En lo que casi todas coinciden es en los periodos vacacionales, especialmente\u00a0en lo que respecta a la Navidad y la Semana Santa, aunque tambi\u00e9n existen variaciones en funci\u00f3n de las diferentes zonas.<\/p>\n<p>M\u00e1s informaci\u00f3n:<strong> calendario escolar Andaluc\u00eda<\/strong><\/p>\n<h3 style=\"text-align: justify;\"><strong>Arag\u00f3n<\/strong><\/h3>\n<p style=\"text-align: justify;\">En Arag\u00f3n, en\u00a0Infantil, Primaria y Educaci\u00f3n Especial el curso\u00a0escolar\u00a02019-2020\u00a0comenzar\u00e1 el martes 10 de septiembre de 2019 y finalizar\u00e1 el viernes 19 de junio de 2020. En Secundaria, Bachillerato y Formaci\u00f3n Profesional comenzar\u00e1n las clases el viernes 13 de septiembre y finalizar\u00e1n el martes 23 de junio.<\/p>\n<p>M\u00e1s informaci\u00f3n: <strong>calendario escolar Arag\u00f3n<\/strong><\/p>\n<h3 style=\"text-align: justify;\"><strong>Asturias<\/strong><\/h3>\n<p style=\"text-align: justify;\">La comunidad aut\u00f3noma de\u00a0Asturias, vivir\u00e1 este retorno a las escuelas el 2 de septiembre de 2019, que se extender\u00e1n hasta el 30 de junio de 2020 (a excepci\u00f3n de los centros de ense\u00f1anzas art\u00edsticas superiores, que finalizar\u00e1n el 17 de julio). En cuanto a las vacaciones de Navidad, se comprenden entre los d\u00edas 23 de diciembre de 2019 al 7 de enero de 2020. En Semana Santa disfrutar\u00e1n de sus festivos entre el 6 y el 12 de abril de 2020. Y las vacaciones de verano empezar\u00e1n el 1 de julio hasta el comienzo del pr\u00f3ximo curso.<\/p>\n<p>M\u00e1s informaci\u00f3n: <strong>calendario escolar Asturias<\/strong><\/p>\n<h3 style=\"text-align: justify;\"><strong>Islas Baleares<\/strong><\/h3>\n<p style=\"text-align: justify;\">Los alumnos de Infantil, Primaria, Secundaria, Bachillerato y los estudiantes de educaci\u00f3n especial de las Islas Baleares iniciar\u00e1n el curso 2018\/2019 el pr\u00f3ximo 11 de septiembre y lo finalizar\u00e1n viernes 19 de junio. Las vacaciones de Navidad ir\u00e1n del 23 de diciembre (lunes) al 7 de enero (martes) mientras que la Semana Santa empezar\u00e1 el 9 de abril (jueves) y finalizar\u00e1 el lunes 19.<\/p>\n<p style=\"text-align: justify;\">M\u00e1s informaci\u00f3n:<strong> calendario escolar Baleares<\/strong><\/p>\n<h3 style=\"text-align: justify;\"><strong>Islas Canarias<\/strong><\/h3>\n<p>En las Islas Canarias arrancan las clases para alumnos de Educaci\u00f3n Infantil y Primaria el 9 de septiembre y para los alumnos de ESO, Formaci\u00f3n Profesional B\u00e1sica, Bachillerato, el 11 de septiembre, y acabar\u00e1n el 19 de junio. Respecto a las vacaciones de Navidad ser\u00e1n del 23 de diciembre al 7 de enero y en Semana Santa del 6 al 10 de abril. Adem\u00e1s, cada isla disfrutar\u00e1 de su festivo particular entre octubre y diciembre de 2019.<\/p>\n<p>M\u00e1s informaci\u00f3n: <strong>calendario escolar Islas Canarias<\/strong><\/p>\n<h3 style=\"text-align: justify;\"><strong>Cantabria<\/strong><\/h3>\n<p style=\"text-align: justify;\">El calendario escolar de Cantabria para el pr\u00f3ximo curso se establece de la siguiente forma: Educaci\u00f3n Infantil, Primaria y Centros de Educaci\u00f3n Especial empezar\u00e1n el 9 de septiembre mientras que Educaci\u00f3n Secundaria Obligatoria, Bachillerato y Formaci\u00f3n Profesional el d\u00eda 11. Y terminar\u00e1n el 23 y el 25 respectivamente. El curso tendr\u00e1 un sistema bimestral lo que significa que cada 2 meses tendr\u00e1n unos d\u00edas de descanso incluyendo las vacaciones de navidad, carnaval y semana santa.\u00a0Los d\u00edas\u00a01 y 6 de enero,\u00a09 y 10 de abril\u00a0y\u00a01 de mayo\u00a0de 2020, en caso de no ser declarados oficialmente\u00a0festivos, ser\u00e1n\u00a0d\u00edas no lectivos. Por lo tanto las\u00a0vacaciones de navidad\u00a0ser\u00e1n del\u00a021 de diciembre 2019 al 7 de enero 2020\u00a0y las de\u00a0semana santa del 9 al 19 de abril de 2020.<\/p>\n<p>M\u00e1s informaci\u00f3n: <strong>calendario escolar Cantabria<\/strong><\/p>\n<h3 style=\"text-align: justify;\"><strong>Castilla &#8211; La Mancha<\/strong><\/h3>\n<p style=\"text-align: justify;\">Los alumnos de Infantil y Primaria de Castilla &#8211; La Mancha comenzar\u00e1n el pr\u00f3ximo curso el 9 de septiembre y lo finalizar\u00e1n el 18 de junio. Por su parte, el curso para los estudiantes de Secundaria y Bachillerato ir\u00e1 del 12 de septiembre al 23 de junio.El periodo de vacaciones de Navidad ir\u00e1 del 21 de diciembre al 7 de enero y la Semana Santa del 4 al 13 de abril. Adem\u00e1s,\u00a0El\u00a0D\u00eda de la Ense\u00f1anza\u00a0se celebrar\u00e1 el\u00a022 de noviembre de 2019 y la semana de\u00a0carnaval\u00a0tendr\u00e1 lugar desde el\u00a020 de febrero\u00a0(Jueves Lardero) hasta el\u00a026 de febrero\u00a0(Mi\u00e9rcoles de Ceniza).<\/p>\n<p>M\u00e1s informaci\u00f3n: <strong>calendario escolar Castilla- La Mancha<\/strong><\/p>\n<h3 style=\"text-align: justify;\"><strong>Castilla y Le\u00f3n<\/strong><\/h3>\n<p style=\"text-align: justify;\">Los alumnos del segundo ciclo de Educaci\u00f3n Infantil, Primaria y Educaci\u00f3n Especial ser\u00e1n los primeros en acudir a clase en Castilla y Le\u00f3n. Lo har\u00e1n el 9 de septiembre y finalizar\u00e1n el curso 2019\/2020 el 23 de junio. Por su parte, los estudiantes de Educaci\u00f3n Secundaria Obligatoria y Bachillerato iniciar\u00e1n el curso el 16 de septiembre. Adem\u00e1s, tendr\u00e1n como d\u00edas no lectivos el 31 de octubre (D\u00eda del Docente), 9 de diciembre, 24 y 25 de febrero\u00a0 (fiestas de Carnaval) y 23 de abril (D\u00eda de la comunidad) .Las vacaciones de Navidad ir\u00e1n del 21 de diciembre al 7 de enero (ambos incluidos) y la Semana Santa del 3 al 13 de abril.<\/p>\n<p>M\u00e1s informaci\u00f3n:<strong> calendario escolar Castilla\u00a0y Le\u00f3n<\/strong><\/p>\n<h3 style=\"text-align: justify;\"><strong>Catalu\u00f1a<\/strong><\/h3>\n<p style=\"text-align: justify;\">El curso escolar tanto los alumnos de segundo ciclo de Infantil, Primaria, Educaci\u00f3n Secundaria Obligatoria (ESO)\u00a0 y bachillerato comenzar\u00e1n el 12 de septiembre en Catalu\u00f1a y finalizar\u00e1 el 21 de junio. Las vacaciones de Navidad para los alumnos catalanes se enmarcar\u00e1n entre el 21 de diciembre y el 7 de enero y entre el 4 y el 13 de abril, las de Semana Santa.\u00a0La\u00a0semana blanca en Catalu\u00f1a 2020\u00a0tiene lugar\u00a0entre los d\u00edas 24 de febrero y 10 de marzo, a elecci\u00f3n de la\u00a0direcci\u00f3n de los centros educativos\u00a0que deciden celebrarla.<\/p>\n<p>M\u00e1s informaci\u00f3n: <strong>calendario escolar Catalu\u00f1a<\/strong><\/p>\n<h3 style=\"text-align: justify;\"><strong>Comunidad Valenciana<\/strong><\/h3>\n<p style=\"text-align: justify;\">En la Comunidad Valenciana, el curso escolar 2019-2020 arrancar\u00e1 el 9 de septiembre en Infantil, Primaria, Secundaria, Bachillerato y Formaci\u00f3n Profesional (FP). Para los escolares de Educaci\u00f3n Infantil y Primaria, las clases finalizar\u00e1n el 18 de junio, mientras que los estudiantes de Secundaria, Bachillerato y Formaci\u00f3n Profesional concluir\u00e1n el 16 de junio. En cuanto a los periodos de descanso, las vacaciones de Navidad se establecen del 21 de diciembre al 6 de enero y las de Pascua, del 9 al 20 de abril. Adem\u00e1s ser\u00e1n d\u00edas no lectivos el 9 de octubre (d\u00eda de la Comunitat Valenciana), el 12 de octubre , el 1 de noviembre (fiesta de Todos los Santos), el 6 de diciembre (d\u00eda de la Constituci\u00f3n), el 19 de marzo (San Jos\u00e9), y el 1 de mayo (fiesta del Trabajo).<\/p>\n<p>M\u00e1s informaci\u00f3n: <strong>calendario escolar Valencia<\/strong><\/p>\n<h3 style=\"text-align: justify;\"><strong>Extremadura<\/strong><\/h3>\n<p style=\"text-align: justify;\">Las actividades lectivas comenzar\u00e1n el 9 de septiembre para los alumnos extreme\u00f1os del segundo ciclo de Infantil, Primaria, Educaci\u00f3n Especial, ESO y Bachillerato. El curso 2019\/2020 finalizar\u00e1 el 16 de junio. En cuanto a los periodos no lectivos, estos ser\u00e1n del 21 de diciembre de 2019 al 6 de enero de 2020, ambos inclusive (Navidad) y del 9 de abril al 20 de abril de 2019, ambos inclusive (Semana Santa). Adem\u00e1s, ser\u00e1n d\u00edas no lectivos el 9 de septiembre, 1 de noviembre, 6 y 9 de diciembre, 27 de enero 2020, 24 y 25 de febrero y 1 de mayo.<\/p>\n<p>M\u00e1s informaci\u00f3n: <strong>calendario escolar Extremadura<\/strong><\/p>\n<h3 style=\"text-align: justify;\"><strong>Galicia<\/strong><\/h3>\n<p style=\"text-align: justify;\">Los alumnos gallegos m\u00e1s peque\u00f1os comenzar\u00e1n las clases el 11 de septiembre y finalizar\u00e1n el 19 de junio de 2020. Los estudiantes a partir de ESO iniciar\u00e1n las clases el 16 de septiembre y finalizar\u00e1n al mismo tiempo. Adem\u00e1s contar\u00e1n con tres per\u00edodos vacacionales: Navidad (desde el 21 de diciembre de 2019 hasta el 7 de enero de 2020, ambos inclusive); y Semana Santa (desde el 4 hasta el 13 de abril de 2019). A ellos se les sumar\u00e1n los festivos nacionales y de la comunidad.<\/p>\n<p>M\u00e1s informaci\u00f3n: <strong>calendario escolar Galicia<\/strong><\/p>\n<h3 style=\"text-align: justify;\"><strong>Madrid<\/strong><\/h3>\n<p style=\"text-align: justify;\">En Madrid, las clases para los alumnos de primaria comenzar\u00e1n el lunes 6 de septiembre de 2018 mientras que para los de Educaci\u00f3n Secundaria Obligatoria (ESO), Bachillerato, programas profesionales y FP lo har\u00e1n el 9 de septiembre. Por otra parte, el curso escolar finalizar\u00e1 el 22 y 23 de junio de 2020. Las vacaciones de Navidad ir\u00e1n del 21 de diciembre al 7 de enero, ambos inclusive, y las de Semana Santa entre el 3 y el 13 de abril. Adem\u00e1s, ser\u00e1n d\u00edas no lectivos el 12 de octubre, el 1 de noviembre, el 6 y 8 de diciembre, el 7 de enero, el 1 y 4 de marzo, el 9 y 19 de abril, el 3 de mayo y las fiestas de \u00e1mbito local que determine cada municipio.<\/p>\n<p>M\u00e1s informaci\u00f3n:<strong> calendario escolar Madrid<\/strong><\/p>\n<h3 style=\"text-align: justify;\"><strong>Murcia<\/strong><\/h3>\n<p style=\"text-align: justify;\">El curso escolar 2019-2020 comenzar\u00e1 en la Regi\u00f3n de Murcia entre el 6 y el 18 de septiembre\u00a0 (dependiendo de la poblaci\u00f3n y el nivel escolar) y finalizar\u00e1n entre el 16 y el 26 de junio para Educaci\u00f3n Infantil y Primaria y del 16 al 24 de junio en Secundaria, Bachillerato y Formaci\u00f3n Profesional. Antes de Navidad, ser\u00e1n festivos el 12 de octubre, 1 de noviembre, 6, 8 y 25 de diciembre. Las vacaciones de Navidad estar\u00e1n comprendidas entre el 24 de diciembre y el 6 de enero de 2020 y\u00a0 las de Semana Santa del 6 al 12 de abril de 2020.<\/p>\n<p>M\u00e1s informaci\u00f3n:<strong> calendario escolar Murcia<\/strong><\/p>\n<h3 style=\"text-align: justify;\"><strong>Navarra<\/strong><\/h3>\n<p style=\"text-align: justify;\">En cuanto al calendario escolar de Navarra para el curso 2019\/2020, cada centro educativo aprueba en base a unas determinadas normas su propias fechas. Sin embargo, la comunidad da un marco general que es el siguiente. Los alumnos de Educaci\u00f3n infantil, Educaci\u00f3n Primaria y Educaci\u00f3n Especial comenzar\u00e1n sus clases entre el 4 y 6 de septiembre y las terminar\u00e1n el 19 de junio. Por su parte, los estudiantes de Educaci\u00f3n Secundaria Obligatoria, Bachillerato y Formaci\u00f3n Profesional iniciar\u00e1n el 5 y 6 de septiembre y finalizar\u00e1n el 19 de junio. Las vacaciones de Navidad se enmarcar\u00e1n entre el 21 de diciembre de 2019 y el 7 de enero y las de Semana Santa desde el 9 al 19 de abril de 2020.<\/p>\n<p>M\u00e1s informaci\u00f3n:<strong> calendario escolar Navarra<\/strong><\/p>\n<h3 style=\"text-align: justify;\"><strong>Pa\u00eds Vasco<\/strong><\/h3>\n<p style=\"text-align: justify;\">El pr\u00f3ximo curso iniciar\u00e1 para los alumnos de Pa\u00eds Vasco el d\u00eda 9 de septiembre y terminar\u00e1 el 19 de junio para todos los cursos. El periodo de vacaciones de Navidad ir\u00e1 del 24 de diciembre al 6 de enero (ambos inclusive) y el de Semana Santa del 9 al 13 de abril.<\/p>\n<p>M\u00e1s informaci\u00f3n: <strong>calendario escolar Pa\u00eds Vasco<\/strong><\/p>\n<h3 style=\"text-align: justify;\"><strong>La Rioja <\/strong><\/h3>\n<p style=\"text-align: justify;\">En La Rioja, Infantil y Primaria iniciar\u00e1 el curso 2019\/2020 el 6 de septiembre y terminar\u00e1 el 22 de junio. Secundaria empieza el 9 de septiembre y termina el 23 de junio. En cuanto a los periodos no lectivos se suman a Navidad (del 21 de diciembre al 7 de enero) y Semana Santa (del 9 al 19 de abril) y el d\u00eda 9 de junio D\u00eda de la Rioja, a estos d\u00edas se suman los nacionales.<\/p>\n<p>M\u00e1s informaci\u00f3n:<strong> calendario escolar La Rioja<\/strong><\/p>\n<h3 style=\"text-align: justify;\"><strong>Ceuta y Melilla<\/strong><\/h3>\n<p style=\"text-align: justify;\">En Ceuta y Melilla, las clases comenzar\u00e1n tanto en los colegios de Infantil y Primaria como en Educaci\u00f3n Secundaria Obligatoria (ESO) y Bachillerato el martes de 10 de septiembre y terminar\u00e1n el 22 de junio. El periodo festivo de Navidad ir\u00e1 del 21 de diciembre al 7 de enero y el de Semana Santa del 28 de marzo al 12 de abril.<\/p>\n<p>M\u00e1s informaci\u00f3n:<strong> calendario escolar Ceuta y Melilla<\/strong><\/p>\n<p style=\"text-align: justify;\"><strong>Fuente: campamentos.info<\/strong><\/p>\n<div class=\"courses\"><div class=\"course\"><div class=\"inside\"><a href=\"https:\/\/www.emagister.com\/master-universitario-formacion-del-profesorado-educacion-secundaria-obligatoria-bachillerato-formacion-profesion-cursos-3762328.htm\" class=\"course_name directory\">M\u00e1ster Universitario en Formaci\u00f3n del Profesorado de Educaci\u00f3n Secundaria Obligatoria, Bachillerato, Formaci\u00f3n Profesional y Ense\u00f1anza de Idiomas<\/a><div class=\"course_center\">UNIE UNIVERSIDAD<\/div><div class=\"course_rating\"><svg fill=\"none\" height=\"13\" viewBox=\"0 0 13 13\" width=\"13\" xmlns=\"http:\/\/www.w3.org\/2000\/svg\"><path d=\"m5.79999.990059-1.58 3.220001-3.549999.52c-.6399996.09-.9.87-.43 1.32l2.559999 2.51-.6 3.53004c-.11.64.56 1.12 1.13.82l3.18-1.67v-10.680041c-.29 0-.56.14-.71.43z\" fill=\"#f5ba41\"\/><path d=\"m10.8 12.0901-.6-3.53004 2.57-2.5c.46-.45.21-1.23-.43-1.33l-3.56-.52-1.58-3.220001c-.15-.28-.42-.43-.7-.43v10.680041l3.18 1.67c.56.3 1.23-.18 1.12-.82z\" fill=\"#e5e5e5\"\/><\/svg><\/i><svg fill=\"none\" height=\"13\" viewBox=\"0 0 13 13\" width=\"13\" xmlns=\"http:\/\/www.w3.org\/2000\/svg\"><path d=\"m5.79999.990059-1.58 3.220001-3.549999.52c-.6399996.09-.9.87-.43 1.32l2.559999 2.51-.6 3.53004c-.11.64.56 1.12 1.13.82l3.18-1.67v-10.680041c-.29 0-.56.14-.71.43z\" fill=\"#f5ba41\"\/><path d=\"m10.8 12.0901-.6-3.53004 2.57-2.5c.46-.45.21-1.23-.43-1.33l-3.56-.52-1.58-3.220001c-.15-.28-.42-.43-.7-.43v10.680041l3.18 1.67c.56.3 1.23-.18 1.12-.82z\" fill=\"#e5e5e5\"\/><\/svg><\/i><svg fill=\"none\" height=\"13\" viewBox=\"0 0 13 13\" width=\"13\" xmlns=\"http:\/\/www.w3.org\/2000\/svg\"><path d=\"m5.79999.990059-1.58 3.220001-3.549999.52c-.6399996.09-.9.87-.43 1.32l2.559999 2.51-.6 3.53004c-.11.64.56 1.12 1.13.82l3.18-1.67v-10.680041c-.29 0-.56.14-.71.43z\" fill=\"#f5ba41\"\/><path d=\"m10.8 12.0901-.6-3.53004 2.57-2.5c.46-.45.21-1.23-.43-1.33l-3.56-.52-1.58-3.220001c-.15-.28-.42-.43-.7-.43v10.680041l3.18 1.67c.56.3 1.23-.18 1.12-.82z\" fill=\"#e5e5e5\"\/><\/svg><\/i><svg height=\"14\" viewBox=\"0 0 15 14\" width=\"15\" xmlns=\"http:\/\/www.w3.org\/2000\/svg\"><path d=\"m7.293 11.013-4.315 2.269.824-4.805-3.492-3.404 4.825-.7 2.158-4.373 2.158 4.372 4.825.701-3.492 3.404.825 4.805z\" fill=\"#e5e5e5\" fill-rule=\"evenodd\"\/><\/svg><\/i><svg height=\"14\" viewBox=\"0 0 15 14\" width=\"15\" xmlns=\"http:\/\/www.w3.org\/2000\/svg\"><path d=\"m7.293 11.013-4.315 2.269.824-4.805-3.492-3.404 4.825-.7 2.158-4.373 2.158 4.372 4.825.701-3.492 3.404.825 4.805z\" fill=\"#e5e5e5\" fill-rule=\"evenodd\"\/><\/svg><\/i><\/div><div class=\"course_price\"><div class=\"course_price_text\">Precio a consultar<\/div><\/div><a href=\"https:\/\/www.emagister.com\/master-universitario-formacion-del-profesorado-educacion-secundaria-obligatoria-bachillerato-formacion-profesion-cursos-3762328.htm\" class=\"course_button directory\">Ver m\u00e1s<\/a><\/div><\/div><div class=\"course\"><div class=\"inside\"><a href=\"https:\/\/www.emagister.com\/master-universitario-didactica-biologia-geologia-educacion-secundaria-bachillerato-cursos-3771735.htm\" class=\"course_name directory\">M\u00e1ster Universitario en Did\u00e1ctica de la Biolog\u00eda y la Geolog\u00eda en Educaci\u00f3n Secundaria y Bachillerato<\/a><div class=\"course_center\">UNIR, la Universidad en Internet<\/div><div class=\"course_rating\"><svg fill=\"none\" height=\"13\" viewBox=\"0 0 13 13\" width=\"13\" xmlns=\"http:\/\/www.w3.org\/2000\/svg\"><path d=\"m5.79999.990059-1.58 3.220001-3.549999.52c-.6399996.09-.9.87-.43 1.32l2.559999 2.51-.6 3.53004c-.11.64.56 1.12 1.13.82l3.18-1.67v-10.680041c-.29 0-.56.14-.71.43z\" fill=\"#f5ba41\"\/><path d=\"m10.8 12.0901-.6-3.53004 2.57-2.5c.46-.45.21-1.23-.43-1.33l-3.56-.52-1.58-3.220001c-.15-.28-.42-.43-.7-.43v10.680041l3.18 1.67c.56.3 1.23-.18 1.12-.82z\" fill=\"#e5e5e5\"\/><\/svg><\/i><svg fill=\"none\" height=\"13\" viewBox=\"0 0 13 13\" width=\"13\" xmlns=\"http:\/\/www.w3.org\/2000\/svg\"><path d=\"m5.79999.990059-1.58 3.220001-3.549999.52c-.6399996.09-.9.87-.43 1.32l2.559999 2.51-.6 3.53004c-.11.64.56 1.12 1.13.82l3.18-1.67v-10.680041c-.29 0-.56.14-.71.43z\" fill=\"#f5ba41\"\/><path d=\"m10.8 12.0901-.6-3.53004 2.57-2.5c.46-.45.21-1.23-.43-1.33l-3.56-.52-1.58-3.220001c-.15-.28-.42-.43-.7-.43v10.680041l3.18 1.67c.56.3 1.23-.18 1.12-.82z\" fill=\"#e5e5e5\"\/><\/svg><\/i><svg fill=\"none\" height=\"13\" viewBox=\"0 0 13 13\" width=\"13\" xmlns=\"http:\/\/www.w3.org\/2000\/svg\"><path d=\"m5.79999.990059-1.58 3.220001-3.549999.52c-.6399996.09-.9.87-.43 1.32l2.559999 2.51-.6 3.53004c-.11.64.56 1.12 1.13.82l3.18-1.67v-10.680041c-.29 0-.56.14-.71.43z\" fill=\"#f5ba41\"\/><path d=\"m10.8 12.0901-.6-3.53004 2.57-2.5c.46-.45.21-1.23-.43-1.33l-3.56-.52-1.58-3.220001c-.15-.28-.42-.43-.7-.43v10.680041l3.18 1.67c.56.3 1.23-.18 1.12-.82z\" fill=\"#e5e5e5\"\/><\/svg><\/i><svg fill=\"none\" height=\"13\" viewBox=\"0 0 13 13\" width=\"13\" xmlns=\"http:\/\/www.w3.org\/2000\/svg\"><path d=\"m5.79999.990059-1.58 3.220001-3.549999.52c-.6399996.09-.9.87-.43 1.32l2.559999 2.51-.6 3.53004c-.11.64.56 1.12 1.13.82l3.18-1.67v-10.680041c-.29 0-.56.14-.71.43z\" fill=\"#f5ba41\"\/><path d=\"m10.8 12.0901-.6-3.53004 2.57-2.5c.46-.45.21-1.23-.43-1.33l-3.56-.52-1.58-3.220001c-.15-.28-.42-.43-.7-.43v10.680041l3.18 1.67c.56.3 1.23-.18 1.12-.82z\" fill=\"#e5e5e5\"\/><\/svg><\/i><svg fill=\"none\" height=\"13\" viewBox=\"0 0 13 13\" width=\"13\" xmlns=\"http:\/\/www.w3.org\/2000\/svg\"><path d=\"m5.79999.990059-1.58 3.220001-3.549999.52c-.6399996.09-.9.87-.43 1.32l2.559999 2.51-.6 3.53004c-.11.64.56 1.12 1.13.82l3.18-1.67v-10.680041c-.29 0-.56.14-.71.43z\" fill=\"#f5ba41\"\/><path d=\"m10.8 12.0901-.6-3.53004 2.57-2.5c.46-.45.21-1.23-.43-1.33l-3.56-.52-1.58-3.220001c-.15-.28-.42-.43-.7-.43v10.680041l3.18 1.67c.56.3 1.23-.18 1.12-.82z\" fill=\"#e5e5e5\"\/><\/svg><\/i><\/div><div class=\"course_price\"><div class=\"course_price_text\">Precio a consultar<\/div><\/div><a href=\"https:\/\/www.emagister.com\/master-universitario-didactica-biologia-geologia-educacion-secundaria-bachillerato-cursos-3771735.htm\" class=\"course_button directory\">Ver m\u00e1s<\/a><\/div><\/div><div class=\"courses_more_wpr\"><span class=\"courses_more directory ofuscado\" onclick=\"window.location.href='https:\/\/www.emagister.com\/web\/search?q=educaci\u00f3n%20secundaria&#038;token=668d173c-ff0d-4d4f-bd13-3db820a3b96a&#038;segment=1&#038;sort=purePPL';\">Ver todos los cursos<svg height=\"20\" viewBox=\"0 0 20 20\" width=\"20\" xmlns=\"http:\/\/www.w3.org\/2000\/svg\"><path d=\"m12.77 10.332-4.602 4.531c-.184.184-.48.184-.664 0l-.277-.277c-.184-.184-.184-.48 0-.664l3.996-3.922-3.993-3.922c-.183-.183-.183-.48 0-.664l.278-.277c.183-.184.48-.184.664 0l4.601 4.531c.18.184.18.48-.003.664z\" fill=\"#4cb7ac\" fill-rule=\"evenodd\"\/><\/svg><\/span><\/div><\/div>\n<p>No dudes en contactar con <strong><a href=\"https:\/\/www.emagister.com\/contact\/student\" target=\"_blank\" rel=\"noopener\">Emagister<\/a> <\/strong>para cualquier duda o informaci\u00f3n sobre alg\u00fan curso.<\/p>\n","protected":false},"excerpt":{"rendered":"<p>Cada a\u00f1o nos preguntamos qu\u00e9 d\u00eda festivos en nuestras respectivas comunidades podremos disfrutar respecto al\u00a0calendario escolar,\u00a0por ello te dejamos este\u00a0post &#8230; <a title=\"Consulta el calendario escolar del curso 2019-2020 por comunidades\" class=\"read-more\" href=\"https:\/\/www.emagister.com\/blog\/consulta-el-calendario-escolar-del-curso-2019-2020-por-comunidades\/\" aria-label=\"M\u00e1s en Consulta el calendario escolar del curso 2019-2020 por comunidades\">Leer m\u00e1s<\/a><\/p>\n","protected":false},"author":285,"featured_media":93987,"comment_status":"open","ping_status":"closed","sticky":false,"template":"","format":"standard","meta":{"_acf_changed":false,"inline_featured_image":false,"footnotes":""},"categories":[8329],"tags":[8540,9058,894],"class_list":["post-73208","post","type-post","status-publish","format-standard","has-post-thumbnail","hentry","category-titulaciones","tag-calendario-escolar","tag-curso-academico","tag-calendario","generate-columns","tablet-grid-50","mobile-grid-100","grid-parent","grid-25"],"acf":{"mostrar_faldon":"-1","texto_faldon":"Consulta todos los cursos de Emagister","link_faldon":"https:\/\/www.emagister.com","link_texto_faldon":"","hreflang":false,"estilo_titulo":"","fecha":"publication"},"yoast_head":"<!-- This site is optimized with the Yoast SEO Premium plugin v18.1 (Yoast SEO v27.0) - https:\/\/yoast.com\/product\/yoast-seo-premium-wordpress\/ -->\n<title>Consulta el calendario escolar del curso 2019-2020 por comunidades - Blog Emagister<\/title>\n<meta name=\"description\" content=\"\u00bfQuieres saber qu\u00e9 d\u00edas no son lectivos en tu Comunidad Aut\u00f3noma? Septiembre ya est\u00e1 a la vuelta de la esquina: consulta el calendario acad\u00e9mico 2018-2019.\" \/>\n<meta name=\"robots\" content=\"index, follow\" \/>\n<link rel=\"canonical\" href=\"https:\/\/www.emagister.com\/blog\/consulta-el-calendario-escolar-del-curso-2019-2020-por-comunidades\/\" \/>\n<meta property=\"og:locale\" content=\"es_ES\" \/>\n<meta property=\"og:type\" content=\"article\" \/>\n<meta property=\"og:title\" content=\"Consulta el calendario escolar del curso 2019-2020 por comunidades\" \/>\n<meta property=\"og:description\" content=\"\u00bfQuieres saber qu\u00e9 d\u00edas no son lectivos en tu Comunidad Aut\u00f3noma? Septiembre ya est\u00e1 a la vuelta de la esquina: consulta el calendario acad\u00e9mico 2018-2019.\" \/>\n<meta property=\"og:url\" content=\"https:\/\/www.emagister.com\/blog\/consulta-el-calendario-escolar-del-curso-2019-2020-por-comunidades\/\" \/>\n<meta property=\"og:site_name\" content=\"Blog Emagister\" \/>\n<meta property=\"article:publisher\" content=\"https:\/\/www.facebook.com\/Emagister\/\" \/>\n<meta property=\"article:published_time\" content=\"2019-08-20T13:33:21+00:00\" \/>\n<meta property=\"article:modified_time\" content=\"2019-10-21T11:17:04+00:00\" \/>\n<meta property=\"og:image\" content=\"https:\/\/www.emagister.com\/blog\/wp-content\/uploads\/2018\/08\/GettyImages-1031384160.jpg\" \/>\n\t<meta property=\"og:image:width\" content=\"1920\" \/>\n\t<meta property=\"og:image:height\" content=\"1280\" \/>\n\t<meta property=\"og:image:type\" content=\"image\/jpeg\" \/>\n<meta name=\"author\" content=\"Blog Emagister\" \/>\n<meta name=\"twitter:card\" content=\"summary_large_image\" \/>\n<meta name=\"twitter:creator\" content=\"@emagister\" \/>\n<meta name=\"twitter:site\" content=\"@emagister\" \/>\n<meta name=\"twitter:label1\" content=\"Escrito por\" \/>\n\t<meta name=\"twitter:data1\" content=\"Blog Emagister\" \/>\n\t<meta name=\"twitter:label2\" content=\"Tiempo de lectura\" \/>\n\t<meta name=\"twitter:data2\" content=\"10 minutos\" \/>\n<script type=\"application\/ld+json\" class=\"yoast-schema-graph\">{\"@context\":\"https:\/\/schema.org\",\"@graph\":[{\"@type\":\"Article\",\"@id\":\"https:\/\/www.emagister.com\/blog\/consulta-el-calendario-escolar-del-curso-2019-2020-por-comunidades\/#article\",\"isPartOf\":{\"@id\":\"https:\/\/www.emagister.com\/blog\/consulta-el-calendario-escolar-del-curso-2019-2020-por-comunidades\/\"},\"author\":{\"name\":\"Blog Emagister\",\"@id\":\"https:\/\/www.emagister.com\/blog\/#\/schema\/person\/776af158d79a20bccf84defca072a501\"},\"headline\":\"Consulta el calendario escolar del curso 2019-2020 por comunidades\",\"datePublished\":\"2019-08-20T13:33:21+00:00\",\"dateModified\":\"2019-10-21T11:17:04+00:00\",\"mainEntityOfPage\":{\"@id\":\"https:\/\/www.emagister.com\/blog\/consulta-el-calendario-escolar-del-curso-2019-2020-por-comunidades\/\"},\"wordCount\":1959,\"commentCount\":0,\"publisher\":{\"@id\":\"https:\/\/www.emagister.com\/blog\/#organization\"},\"image\":{\"@id\":\"https:\/\/www.emagister.com\/blog\/consulta-el-calendario-escolar-del-curso-2019-2020-por-comunidades\/#primaryimage\"},\"thumbnailUrl\":\"https:\/\/www.emagister.com\/blog\/wp-content\/uploads\/2018\/08\/GettyImages-1031384160.jpg\",\"keywords\":[\"calendario escolar\",\"curso acad\u00e9mico\",\"calendario\"],\"articleSection\":[\"Sistema educativo y titulaciones\"],\"inLanguage\":\"es\",\"potentialAction\":[{\"@type\":\"CommentAction\",\"name\":\"Comment\",\"target\":[\"https:\/\/www.emagister.com\/blog\/consulta-el-calendario-escolar-del-curso-2019-2020-por-comunidades\/#respond\"]}]},{\"@type\":\"WebPage\",\"@id\":\"https:\/\/www.emagister.com\/blog\/consulta-el-calendario-escolar-del-curso-2019-2020-por-comunidades\/\",\"url\":\"https:\/\/www.emagister.com\/blog\/consulta-el-calendario-escolar-del-curso-2019-2020-por-comunidades\/\",\"name\":\"Consulta el calendario escolar del curso 2019-2020 por comunidades - Blog Emagister\",\"isPartOf\":{\"@id\":\"https:\/\/www.emagister.com\/blog\/#website\"},\"primaryImageOfPage\":{\"@id\":\"https:\/\/www.emagister.com\/blog\/consulta-el-calendario-escolar-del-curso-2019-2020-por-comunidades\/#primaryimage\"},\"image\":{\"@id\":\"https:\/\/www.emagister.com\/blog\/consulta-el-calendario-escolar-del-curso-2019-2020-por-comunidades\/#primaryimage\"},\"thumbnailUrl\":\"https:\/\/www.emagister.com\/blog\/wp-content\/uploads\/2018\/08\/GettyImages-1031384160.jpg\",\"datePublished\":\"2019-08-20T13:33:21+00:00\",\"dateModified\":\"2019-10-21T11:17:04+00:00\",\"description\":\"\u00bfQuieres saber qu\u00e9 d\u00edas no son lectivos en tu Comunidad Aut\u00f3noma? Septiembre ya est\u00e1 a la vuelta de la esquina: consulta el calendario acad\u00e9mico 2018-2019.\",\"breadcrumb\":{\"@id\":\"https:\/\/www.emagister.com\/blog\/consulta-el-calendario-escolar-del-curso-2019-2020-por-comunidades\/#breadcrumb\"},\"inLanguage\":\"es\",\"potentialAction\":[{\"@type\":\"ReadAction\",\"target\":[\"https:\/\/www.emagister.com\/blog\/consulta-el-calendario-escolar-del-curso-2019-2020-por-comunidades\/\"]}]},{\"@type\":\"ImageObject\",\"inLanguage\":\"es\",\"@id\":\"https:\/\/www.emagister.com\/blog\/consulta-el-calendario-escolar-del-curso-2019-2020-por-comunidades\/#primaryimage\",\"url\":\"https:\/\/www.emagister.com\/blog\/wp-content\/uploads\/2018\/08\/GettyImages-1031384160.jpg\",\"contentUrl\":\"https:\/\/www.emagister.com\/blog\/wp-content\/uploads\/2018\/08\/GettyImages-1031384160.jpg\",\"width\":1920,\"height\":1280,\"caption\":\"Primary school kids run holding hands in corridor, close up\"},{\"@type\":\"BreadcrumbList\",\"@id\":\"https:\/\/www.emagister.com\/blog\/consulta-el-calendario-escolar-del-curso-2019-2020-por-comunidades\/#breadcrumb\",\"itemListElement\":[{\"@type\":\"ListItem\",\"position\":1,\"name\":\"Blog Emagister\",\"item\":\"https:\/\/www.emagister.com\/blog\/\"},{\"@type\":\"ListItem\",\"position\":2,\"name\":\"Sistema educativo y titulaciones\",\"item\":\"https:\/\/www.emagister.com\/blog\/titulaciones\/\"},{\"@type\":\"ListItem\",\"position\":3,\"name\":\"Consulta el calendario escolar del curso 2019-2020 por comunidades\"}]},{\"@type\":\"WebSite\",\"@id\":\"https:\/\/www.emagister.com\/blog\/#website\",\"url\":\"https:\/\/www.emagister.com\/blog\/\",\"name\":\"Blog Emagister\",\"description\":\"Gu\u00eda de orientaci\u00f3n sobre estudios y tendencias de formaci\u00f3n\",\"publisher\":{\"@id\":\"https:\/\/www.emagister.com\/blog\/#organization\"},\"potentialAction\":[{\"@type\":\"SearchAction\",\"target\":{\"@type\":\"EntryPoint\",\"urlTemplate\":\"https:\/\/www.emagister.com\/blog\/?s={search_term_string}\"},\"query-input\":{\"@type\":\"PropertyValueSpecification\",\"valueRequired\":true,\"valueName\":\"search_term_string\"}}],\"inLanguage\":\"es\"},{\"@type\":\"Organization\",\"@id\":\"https:\/\/www.emagister.com\/blog\/#organization\",\"name\":\"Emagister\",\"url\":\"https:\/\/www.emagister.com\/blog\/\",\"logo\":{\"@type\":\"ImageObject\",\"inLanguage\":\"es\",\"@id\":\"https:\/\/www.emagister.com\/blog\/#\/schema\/logo\/image\/\",\"url\":\"https:\/\/www.emagister.com\/blog\/wp-content\/uploads\/2017\/02\/photo.png\",\"contentUrl\":\"https:\/\/www.emagister.com\/blog\/wp-content\/uploads\/2017\/02\/photo.png\",\"width\":120,\"height\":120,\"caption\":\"Emagister\"},\"image\":{\"@id\":\"https:\/\/www.emagister.com\/blog\/#\/schema\/logo\/image\/\"},\"sameAs\":[\"https:\/\/www.facebook.com\/Emagister\/\",\"https:\/\/x.com\/emagister\",\"https:\/\/www.instagram.com\/emagister\/\",\"https:\/\/www.linkedin.com\/company\/emagister-com\/\",\"https:\/\/www.pinterest.es\/emagister\/\",\"https:\/\/www.youtube.com\/user\/emagister\/\",\"https:\/\/es.wikipedia.org\/wiki\/Emagister\"]},{\"@type\":\"Person\",\"@id\":\"https:\/\/www.emagister.com\/blog\/#\/schema\/person\/776af158d79a20bccf84defca072a501\",\"name\":\"Blog Emagister\",\"image\":{\"@type\":\"ImageObject\",\"inLanguage\":\"es\",\"@id\":\"https:\/\/www.emagister.com\/blog\/#\/schema\/person\/image\/\",\"url\":\"https:\/\/secure.gravatar.com\/avatar\/44dc9fc526e06eb47a16c88f9b66a081ab656cfa8d8ad442778aa78886bdaff1?s=96&r=g\",\"contentUrl\":\"https:\/\/secure.gravatar.com\/avatar\/44dc9fc526e06eb47a16c88f9b66a081ab656cfa8d8ad442778aa78886bdaff1?s=96&r=g\",\"caption\":\"Blog Emagister\"},\"url\":\"https:\/\/www.emagister.com\/blog\/author\/blog-emagister\/\"}]}<\/script>\n<!-- \/ Yoast SEO Premium plugin. -->","yoast_head_json":{"title":"Consulta el calendario escolar del curso 2019-2020 por comunidades - Blog Emagister","description":"\u00bfQuieres saber qu\u00e9 d\u00edas no son lectivos en tu Comunidad Aut\u00f3noma? Septiembre ya est\u00e1 a la vuelta de la esquina: consulta el calendario acad\u00e9mico 2018-2019.","robots":{"index":"index","follow":"follow"},"canonical":"https:\/\/www.emagister.com\/blog\/consulta-el-calendario-escolar-del-curso-2019-2020-por-comunidades\/","og_locale":"es_ES","og_type":"article","og_title":"Consulta el calendario escolar del curso 2019-2020 por comunidades","og_description":"\u00bfQuieres saber qu\u00e9 d\u00edas no son lectivos en tu Comunidad Aut\u00f3noma? Septiembre ya est\u00e1 a la vuelta de la esquina: consulta el calendario acad\u00e9mico 2018-2019.","og_url":"https:\/\/www.emagister.com\/blog\/consulta-el-calendario-escolar-del-curso-2019-2020-por-comunidades\/","og_site_name":"Blog Emagister","article_publisher":"https:\/\/www.facebook.com\/Emagister\/","article_published_time":"2019-08-20T13:33:21+00:00","article_modified_time":"2019-10-21T11:17:04+00:00","og_image":[{"width":1920,"height":1280,"url":"https:\/\/www.emagister.com\/blog\/wp-content\/uploads\/2018\/08\/GettyImages-1031384160.jpg","type":"image\/jpeg"}],"author":"Blog Emagister","twitter_card":"summary_large_image","twitter_creator":"@emagister","twitter_site":"@emagister","twitter_misc":{"Escrito por":"Blog Emagister","Tiempo de lectura":"10 minutos"},"schema":{"@context":"https:\/\/schema.org","@graph":[{"@type":"Article","@id":"https:\/\/www.emagister.com\/blog\/consulta-el-calendario-escolar-del-curso-2019-2020-por-comunidades\/#article","isPartOf":{"@id":"https:\/\/www.emagister.com\/blog\/consulta-el-calendario-escolar-del-curso-2019-2020-por-comunidades\/"},"author":{"name":"Blog Emagister","@id":"https:\/\/www.emagister.com\/blog\/#\/schema\/person\/776af158d79a20bccf84defca072a501"},"headline":"Consulta el calendario escolar del curso 2019-2020 por comunidades","datePublished":"2019-08-20T13:33:21+00:00","dateModified":"2019-10-21T11:17:04+00:00","mainEntityOfPage":{"@id":"https:\/\/www.emagister.com\/blog\/consulta-el-calendario-escolar-del-curso-2019-2020-por-comunidades\/"},"wordCount":1959,"commentCount":0,"publisher":{"@id":"https:\/\/www.emagister.com\/blog\/#organization"},"image":{"@id":"https:\/\/www.emagister.com\/blog\/consulta-el-calendario-escolar-del-curso-2019-2020-por-comunidades\/#primaryimage"},"thumbnailUrl":"https:\/\/www.emagister.com\/blog\/wp-content\/uploads\/2018\/08\/GettyImages-1031384160.jpg","keywords":["calendario escolar","curso acad\u00e9mico","calendario"],"articleSection":["Sistema educativo y titulaciones"],"inLanguage":"es","potentialAction":[{"@type":"CommentAction","name":"Comment","target":["https:\/\/www.emagister.com\/blog\/consulta-el-calendario-escolar-del-curso-2019-2020-por-comunidades\/#respond"]}]},{"@type":"WebPage","@id":"https:\/\/www.emagister.com\/blog\/consulta-el-calendario-escolar-del-curso-2019-2020-por-comunidades\/","url":"https:\/\/www.emagister.com\/blog\/consulta-el-calendario-escolar-del-curso-2019-2020-por-comunidades\/","name":"Consulta el calendario escolar del curso 2019-2020 por comunidades - Blog Emagister","isPartOf":{"@id":"https:\/\/www.emagister.com\/blog\/#website"},"primaryImageOfPage":{"@id":"https:\/\/www.emagister.com\/blog\/consulta-el-calendario-escolar-del-curso-2019-2020-por-comunidades\/#primaryimage"},"image":{"@id":"https:\/\/www.emagister.com\/blog\/consulta-el-calendario-escolar-del-curso-2019-2020-por-comunidades\/#primaryimage"},"thumbnailUrl":"https:\/\/www.emagister.com\/blog\/wp-content\/uploads\/2018\/08\/GettyImages-1031384160.jpg","datePublished":"2019-08-20T13:33:21+00:00","dateModified":"2019-10-21T11:17:04+00:00","description":"\u00bfQuieres saber qu\u00e9 d\u00edas no son lectivos en tu Comunidad Aut\u00f3noma? Septiembre ya est\u00e1 a la vuelta de la esquina: consulta el calendario acad\u00e9mico 2018-2019.","breadcrumb":{"@id":"https:\/\/www.emagister.com\/blog\/consulta-el-calendario-escolar-del-curso-2019-2020-por-comunidades\/#breadcrumb"},"inLanguage":"es","potentialAction":[{"@type":"ReadAction","target":["https:\/\/www.emagister.com\/blog\/consulta-el-calendario-escolar-del-curso-2019-2020-por-comunidades\/"]}]},{"@type":"ImageObject","inLanguage":"es","@id":"https:\/\/www.emagister.com\/blog\/consulta-el-calendario-escolar-del-curso-2019-2020-por-comunidades\/#primaryimage","url":"https:\/\/www.emagister.com\/blog\/wp-content\/uploads\/2018\/08\/GettyImages-1031384160.jpg","contentUrl":"https:\/\/www.emagister.com\/blog\/wp-content\/uploads\/2018\/08\/GettyImages-1031384160.jpg","width":1920,"height":1280,"caption":"Primary school kids run holding hands in corridor, close up"},{"@type":"BreadcrumbList","@id":"https:\/\/www.emagister.com\/blog\/consulta-el-calendario-escolar-del-curso-2019-2020-por-comunidades\/#breadcrumb","itemListElement":[{"@type":"ListItem","position":1,"name":"Blog Emagister","item":"https:\/\/www.emagister.com\/blog\/"},{"@type":"ListItem","position":2,"name":"Sistema educativo y titulaciones","item":"https:\/\/www.emagister.com\/blog\/titulaciones\/"},{"@type":"ListItem","position":3,"name":"Consulta el calendario escolar del curso 2019-2020 por comunidades"}]},{"@type":"WebSite","@id":"https:\/\/www.emagister.com\/blog\/#website","url":"https:\/\/www.emagister.com\/blog\/","name":"Blog Emagister","description":"Gu\u00eda de orientaci\u00f3n sobre estudios y tendencias de formaci\u00f3n","publisher":{"@id":"https:\/\/www.emagister.com\/blog\/#organization"},"potentialAction":[{"@type":"SearchAction","target":{"@type":"EntryPoint","urlTemplate":"https:\/\/www.emagister.com\/blog\/?s={search_term_string}"},"query-input":{"@type":"PropertyValueSpecification","valueRequired":true,"valueName":"search_term_string"}}],"inLanguage":"es"},{"@type":"Organization","@id":"https:\/\/www.emagister.com\/blog\/#organization","name":"Emagister","url":"https:\/\/www.emagister.com\/blog\/","logo":{"@type":"ImageObject","inLanguage":"es","@id":"https:\/\/www.emagister.com\/blog\/#\/schema\/logo\/image\/","url":"https:\/\/www.emagister.com\/blog\/wp-content\/uploads\/2017\/02\/photo.png","contentUrl":"https:\/\/www.emagister.com\/blog\/wp-content\/uploads\/2017\/02\/photo.png","width":120,"height":120,"caption":"Emagister"},"image":{"@id":"https:\/\/www.emagister.com\/blog\/#\/schema\/logo\/image\/"},"sameAs":["https:\/\/www.facebook.com\/Emagister\/","https:\/\/x.com\/emagister","https:\/\/www.instagram.com\/emagister\/","https:\/\/www.linkedin.com\/company\/emagister-com\/","https:\/\/www.pinterest.es\/emagister\/","https:\/\/www.youtube.com\/user\/emagister\/","https:\/\/es.wikipedia.org\/wiki\/Emagister"]},{"@type":"Person","@id":"https:\/\/www.emagister.com\/blog\/#\/schema\/person\/776af158d79a20bccf84defca072a501","name":"Blog Emagister","image":{"@type":"ImageObject","inLanguage":"es","@id":"https:\/\/www.emagister.com\/blog\/#\/schema\/person\/image\/","url":"https:\/\/secure.gravatar.com\/avatar\/44dc9fc526e06eb47a16c88f9b66a081ab656cfa8d8ad442778aa78886bdaff1?s=96&r=g","contentUrl":"https:\/\/secure.gravatar.com\/avatar\/44dc9fc526e06eb47a16c88f9b66a081ab656cfa8d8ad442778aa78886bdaff1?s=96&r=g","caption":"Blog Emagister"},"url":"https:\/\/www.emagister.com\/blog\/author\/blog-emagister\/"}]}},"_links":{"self":[{"href":"https:\/\/www.emagister.com\/blog\/wp-json\/wp\/v2\/posts\/73208","targetHints":{"allow":["GET"]}}],"collection":[{"href":"https:\/\/www.emagister.com\/blog\/wp-json\/wp\/v2\/posts"}],"about":[{"href":"https:\/\/www.emagister.com\/blog\/wp-json\/wp\/v2\/types\/post"}],"author":[{"embeddable":true,"href":"https:\/\/www.emagister.com\/blog\/wp-json\/wp\/v2\/users\/285"}],"replies":[{"embeddable":true,"href":"https:\/\/www.emagister.com\/blog\/wp-json\/wp\/v2\/comments?post=73208"}],"version-history":[{"count":0,"href":"https:\/\/www.emagister.com\/blog\/wp-json\/wp\/v2\/posts\/73208\/revisions"}],"wp:featuredmedia":[{"embeddable":true,"href":"https:\/\/www.emagister.com\/blog\/wp-json\/wp\/v2\/media\/93987"}],"wp:attachment":[{"href":"https:\/\/www.emagister.com\/blog\/wp-json\/wp\/v2\/media?parent=73208"}],"wp:term":[{"taxonomy":"category","embeddable":true,"href":"https:\/\/www.emagister.com\/blog\/wp-json\/wp\/v2\/categories?post=73208"},{"taxonomy":"post_tag","embeddable":true,"href":"https:\/\/www.emagister.com\/blog\/wp-json\/wp\/v2\/tags?post=73208"}],"curies":[{"name":"wp","href":"https:\/\/api.w.org\/{rel}","templated":true}]}}