{"id":74534,"date":"2018-09-26T16:12:11","date_gmt":"2018-09-26T14:12:11","guid":{"rendered":"https:\/\/www.emagister.com\/blog\/?p=74534"},"modified":"2021-05-03T12:05:32","modified_gmt":"2021-05-03T10:05:32","slug":"las-fechas-clave-del-mir-2018-2019","status":"publish","type":"post","link":"https:\/\/www.emagister.com\/blog\/las-fechas-clave-del-mir-2018-2019\/","title":{"rendered":"Las fechas clave del MIR 2018-2019"},"content":{"rendered":"<p style=\"text-align: justify;\">El <a href=\"https:\/\/www.emagister.com\/cursos-medicina-tematica-102.htm\" target=\"_blank\" rel=\"noopener\"><strong>M\u00e9dico Interno Residente (MIR)<\/strong><\/a>\u00a0es el sistema de formaci\u00f3n de especialistas m\u00e9dicos que existe en Espa\u00f1a desde el a\u00f1o 1976. As\u00ed pues, podr\u00edamos decir que se trata del<strong> \u00faltimo paso antes de empezar a ejercer<\/strong> como profesional de la medicina. Por este motivo, los estudiantes esperan con especial inter\u00e9s la convocatoria anual. Este mes de septiembre se han hecho p\u00fablicas, a trav\u00e9s del Bolet\u00edn Oficial del Estado (BOE), las fechas clave para los candidatos. Te las presentamos a continuaci\u00f3n.<\/p>\n<p style=\"text-align: justify;\">Sea como sea, ten en cuenta que para examinarse es necesario haberse inscrito entre los d\u00edas<strong> 17 y 26 de septiembre<\/strong> del 2018, ambos inclusive. \u00bfY t\u00fa? \u00bfQuieres estudiar la carrera de Medicina? \u00a1Consulta<strong> <a href=\"https:\/\/www.emagister.com\/universidades\/grado-medicina-tit-249.htm\" target=\"_blank\" rel=\"noopener\">las opciones disponibles en Emagister<\/a><\/strong>\u00a0y elige la universidad que m\u00e1s te convenza. Ah, y si no has logrado superar la nota de corte establecida te recomendamos este post <strong><a href=\"https:\/\/www.emagister.com\/blog\/puedo-entrar-medicina-no-llego-la-nota-corte\/\" target=\"_blank\" rel=\"noopener\">con alternativas para acceder al grado<\/a><\/strong> que deseas. \u00a1T\u00fa puedes!<\/p>\n<h3><strong>El MIR 2018-2019, resumido en 6 fechas clave<\/strong><\/h3>\n<ul>\n<li>2 de febrero: examen MIR.<\/li>\n<li>5 de febrero: publicaci\u00f3n de las plantillas.<\/li>\n<li>6 de febrero: plazo de reclamaciones.<\/li>\n<li>25 de febrero: resultados provisionales.<\/li>\n<li>22 de abril: asignaci\u00f3n de plazas.<\/li>\n<li>27 de mayo: incorporaci\u00f3n R1<\/li>\n<\/ul>\n<p>\u00a1Mucha suerte a todos los examinandos!<\/p>\n","protected":false},"excerpt":{"rendered":"<p>El M\u00e9dico Interno Residente (MIR)\u00a0es el sistema de formaci\u00f3n de especialistas m\u00e9dicos que existe en Espa\u00f1a desde el a\u00f1o 1976. &#8230; <a title=\"Las fechas clave del MIR 2018-2019\" class=\"read-more\" href=\"https:\/\/www.emagister.com\/blog\/las-fechas-clave-del-mir-2018-2019\/\" aria-label=\"M\u00e1s en Las fechas clave del MIR 2018-2019\">Leer m\u00e1s<\/a><\/p>\n","protected":false},"author":255,"featured_media":74550,"comment_status":"open","ping_status":"closed","sticky":false,"template":"","format":"standard","meta":{"_acf_changed":false,"inline_featured_image":false,"footnotes":""},"categories":[8329],"tags":[587,1590],"class_list":["post-74534","post","type-post","status-publish","format-standard","has-post-thumbnail","hentry","category-titulaciones","tag-medicina","tag-mir","generate-columns","tablet-grid-50","mobile-grid-100","grid-parent","grid-25"],"acf":{"mostrar_faldon":"-1","texto_faldon":"","link_faldon":"","link_texto_faldon":"","hreflang":false,"estilo_titulo":""},"yoast_head":"<!-- This site is optimized with the Yoast SEO Premium plugin v18.1 (Yoast SEO v27.0) - https:\/\/yoast.com\/product\/yoast-seo-premium-wordpress\/ -->\n<title>Las fechas clave del MIR 2018-2019 - Blog Emagister<\/title>\n<meta name=\"description\" content=\"\u00bfTe presentas al MIR del curso 2018-2019? Te presentamos las fechas clave resumidas en este post. \u00a1Ten el calendario siempre a mano! \u00a1Mucha suerte!\" \/>\n<meta name=\"robots\" content=\"index, follow\" \/>\n<link rel=\"canonical\" href=\"https:\/\/www.emagister.com\/blog\/las-fechas-clave-del-mir-2018-2019\/\" \/>\n<meta property=\"og:locale\" content=\"es_ES\" \/>\n<meta property=\"og:type\" content=\"article\" \/>\n<meta property=\"og:title\" content=\"Las fechas clave del MIR 2018-2019\" \/>\n<meta property=\"og:description\" content=\"\u00bfTe presentas al MIR del curso 2018-2019? Te presentamos las fechas clave resumidas en este post. \u00a1Ten el calendario siempre a mano! \u00a1Mucha suerte!\" \/>\n<meta property=\"og:url\" content=\"https:\/\/www.emagister.com\/blog\/las-fechas-clave-del-mir-2018-2019\/\" \/>\n<meta property=\"og:site_name\" content=\"Blog Emagister\" \/>\n<meta property=\"article:publisher\" content=\"https:\/\/www.facebook.com\/Emagister\/\" \/>\n<meta property=\"article:published_time\" content=\"2018-09-26T14:12:11+00:00\" \/>\n<meta property=\"article:modified_time\" content=\"2021-05-03T10:05:32+00:00\" \/>\n<meta property=\"og:image\" content=\"https:\/\/www.emagister.com\/blog\/wp-content\/uploads\/2018\/09\/mir.jpg\" \/>\n\t<meta property=\"og:image:width\" content=\"1918\" \/>\n\t<meta property=\"og:image:height\" content=\"1280\" \/>\n\t<meta property=\"og:image:type\" content=\"image\/jpeg\" \/>\n<meta name=\"author\" content=\"Laura Gonz\u00e0lez\" \/>\n<meta name=\"twitter:card\" content=\"summary_large_image\" \/>\n<meta name=\"twitter:creator\" content=\"@emagister\" \/>\n<meta name=\"twitter:site\" content=\"@emagister\" \/>\n<meta name=\"twitter:label1\" content=\"Escrito por\" \/>\n\t<meta name=\"twitter:data1\" content=\"Laura Gonz\u00e0lez\" \/>\n\t<meta name=\"twitter:label2\" content=\"Tiempo de lectura\" \/>\n\t<meta name=\"twitter:data2\" content=\"1 minuto\" \/>\n<script type=\"application\/ld+json\" class=\"yoast-schema-graph\">{\"@context\":\"https:\/\/schema.org\",\"@graph\":[{\"@type\":\"Article\",\"@id\":\"https:\/\/www.emagister.com\/blog\/las-fechas-clave-del-mir-2018-2019\/#article\",\"isPartOf\":{\"@id\":\"https:\/\/www.emagister.com\/blog\/las-fechas-clave-del-mir-2018-2019\/\"},\"author\":{\"name\":\"Laura Gonz\u00e0lez\",\"@id\":\"https:\/\/www.emagister.com\/blog\/#\/schema\/person\/141b37b56d8029c99a901d83b24ec28f\"},\"headline\":\"Las fechas clave del MIR 2018-2019\",\"datePublished\":\"2018-09-26T14:12:11+00:00\",\"dateModified\":\"2021-05-03T10:05:32+00:00\",\"mainEntityOfPage\":{\"@id\":\"https:\/\/www.emagister.com\/blog\/las-fechas-clave-del-mir-2018-2019\/\"},\"wordCount\":212,\"commentCount\":0,\"publisher\":{\"@id\":\"https:\/\/www.emagister.com\/blog\/#organization\"},\"image\":{\"@id\":\"https:\/\/www.emagister.com\/blog\/las-fechas-clave-del-mir-2018-2019\/#primaryimage\"},\"thumbnailUrl\":\"https:\/\/www.emagister.com\/blog\/wp-content\/uploads\/2018\/09\/mir.jpg\",\"keywords\":[\"medicina\",\"MIR\"],\"articleSection\":[\"Sistema educativo y titulaciones\"],\"inLanguage\":\"es\",\"potentialAction\":[{\"@type\":\"CommentAction\",\"name\":\"Comment\",\"target\":[\"https:\/\/www.emagister.com\/blog\/las-fechas-clave-del-mir-2018-2019\/#respond\"]}]},{\"@type\":\"WebPage\",\"@id\":\"https:\/\/www.emagister.com\/blog\/las-fechas-clave-del-mir-2018-2019\/\",\"url\":\"https:\/\/www.emagister.com\/blog\/las-fechas-clave-del-mir-2018-2019\/\",\"name\":\"Las fechas clave del MIR 2018-2019 - Blog Emagister\",\"isPartOf\":{\"@id\":\"https:\/\/www.emagister.com\/blog\/#website\"},\"primaryImageOfPage\":{\"@id\":\"https:\/\/www.emagister.com\/blog\/las-fechas-clave-del-mir-2018-2019\/#primaryimage\"},\"image\":{\"@id\":\"https:\/\/www.emagister.com\/blog\/las-fechas-clave-del-mir-2018-2019\/#primaryimage\"},\"thumbnailUrl\":\"https:\/\/www.emagister.com\/blog\/wp-content\/uploads\/2018\/09\/mir.jpg\",\"datePublished\":\"2018-09-26T14:12:11+00:00\",\"dateModified\":\"2021-05-03T10:05:32+00:00\",\"description\":\"\u00bfTe presentas al MIR del curso 2018-2019? Te presentamos las fechas clave resumidas en este post. \u00a1Ten el calendario siempre a mano! \u00a1Mucha suerte!\",\"breadcrumb\":{\"@id\":\"https:\/\/www.emagister.com\/blog\/las-fechas-clave-del-mir-2018-2019\/#breadcrumb\"},\"inLanguage\":\"es\",\"potentialAction\":[{\"@type\":\"ReadAction\",\"target\":[\"https:\/\/www.emagister.com\/blog\/las-fechas-clave-del-mir-2018-2019\/\"]}]},{\"@type\":\"ImageObject\",\"inLanguage\":\"es\",\"@id\":\"https:\/\/www.emagister.com\/blog\/las-fechas-clave-del-mir-2018-2019\/#primaryimage\",\"url\":\"https:\/\/www.emagister.com\/blog\/wp-content\/uploads\/2018\/09\/mir.jpg\",\"contentUrl\":\"https:\/\/www.emagister.com\/blog\/wp-content\/uploads\/2018\/09\/mir.jpg\",\"width\":1918,\"height\":1280,\"caption\":\"MIR\"},{\"@type\":\"BreadcrumbList\",\"@id\":\"https:\/\/www.emagister.com\/blog\/las-fechas-clave-del-mir-2018-2019\/#breadcrumb\",\"itemListElement\":[{\"@type\":\"ListItem\",\"position\":1,\"name\":\"Blog Emagister\",\"item\":\"https:\/\/www.emagister.com\/blog\/\"},{\"@type\":\"ListItem\",\"position\":2,\"name\":\"Sistema educativo y titulaciones\",\"item\":\"https:\/\/www.emagister.com\/blog\/titulaciones\/\"},{\"@type\":\"ListItem\",\"position\":3,\"name\":\"Las fechas clave del MIR 2018-2019\"}]},{\"@type\":\"WebSite\",\"@id\":\"https:\/\/www.emagister.com\/blog\/#website\",\"url\":\"https:\/\/www.emagister.com\/blog\/\",\"name\":\"Blog Emagister\",\"description\":\"Gu\u00eda de orientaci\u00f3n sobre estudios y tendencias de formaci\u00f3n\",\"publisher\":{\"@id\":\"https:\/\/www.emagister.com\/blog\/#organization\"},\"potentialAction\":[{\"@type\":\"SearchAction\",\"target\":{\"@type\":\"EntryPoint\",\"urlTemplate\":\"https:\/\/www.emagister.com\/blog\/?s={search_term_string}\"},\"query-input\":{\"@type\":\"PropertyValueSpecification\",\"valueRequired\":true,\"valueName\":\"search_term_string\"}}],\"inLanguage\":\"es\"},{\"@type\":\"Organization\",\"@id\":\"https:\/\/www.emagister.com\/blog\/#organization\",\"name\":\"Emagister\",\"url\":\"https:\/\/www.emagister.com\/blog\/\",\"logo\":{\"@type\":\"ImageObject\",\"inLanguage\":\"es\",\"@id\":\"https:\/\/www.emagister.com\/blog\/#\/schema\/logo\/image\/\",\"url\":\"https:\/\/www.emagister.com\/blog\/wp-content\/uploads\/2017\/02\/photo.png\",\"contentUrl\":\"https:\/\/www.emagister.com\/blog\/wp-content\/uploads\/2017\/02\/photo.png\",\"width\":120,\"height\":120,\"caption\":\"Emagister\"},\"image\":{\"@id\":\"https:\/\/www.emagister.com\/blog\/#\/schema\/logo\/image\/\"},\"sameAs\":[\"https:\/\/www.facebook.com\/Emagister\/\",\"https:\/\/x.com\/emagister\",\"https:\/\/www.instagram.com\/emagister\/\",\"https:\/\/www.linkedin.com\/company\/emagister-com\/\",\"https:\/\/www.pinterest.es\/emagister\/\",\"https:\/\/www.youtube.com\/user\/emagister\/\",\"https:\/\/es.wikipedia.org\/wiki\/Emagister\"]},{\"@type\":\"Person\",\"@id\":\"https:\/\/www.emagister.com\/blog\/#\/schema\/person\/141b37b56d8029c99a901d83b24ec28f\",\"name\":\"Laura Gonz\u00e0lez\",\"image\":{\"@type\":\"ImageObject\",\"inLanguage\":\"es\",\"@id\":\"https:\/\/www.emagister.com\/blog\/#\/schema\/person\/image\/\",\"url\":\"https:\/\/secure.gravatar.com\/avatar\/9efac18419d3b71d38e95cbb8122c1560396cf37c42a8e40dd590bdbdcdd8ffd?s=96&r=g\",\"contentUrl\":\"https:\/\/secure.gravatar.com\/avatar\/9efac18419d3b71d38e95cbb8122c1560396cf37c42a8e40dd590bdbdcdd8ffd?s=96&r=g\",\"caption\":\"Laura Gonz\u00e0lez\"},\"url\":\"https:\/\/www.emagister.com\/blog\/author\/laura-gonzalez\/\"}]}<\/script>\n<!-- \/ Yoast SEO Premium plugin. -->","yoast_head_json":{"title":"Las fechas clave del MIR 2018-2019 - Blog Emagister","description":"\u00bfTe presentas al MIR del curso 2018-2019? Te presentamos las fechas clave resumidas en este post. \u00a1Ten el calendario siempre a mano! \u00a1Mucha suerte!","robots":{"index":"index","follow":"follow"},"canonical":"https:\/\/www.emagister.com\/blog\/las-fechas-clave-del-mir-2018-2019\/","og_locale":"es_ES","og_type":"article","og_title":"Las fechas clave del MIR 2018-2019","og_description":"\u00bfTe presentas al MIR del curso 2018-2019? Te presentamos las fechas clave resumidas en este post. \u00a1Ten el calendario siempre a mano! \u00a1Mucha suerte!","og_url":"https:\/\/www.emagister.com\/blog\/las-fechas-clave-del-mir-2018-2019\/","og_site_name":"Blog Emagister","article_publisher":"https:\/\/www.facebook.com\/Emagister\/","article_published_time":"2018-09-26T14:12:11+00:00","article_modified_time":"2021-05-03T10:05:32+00:00","og_image":[{"width":1918,"height":1280,"url":"https:\/\/www.emagister.com\/blog\/wp-content\/uploads\/2018\/09\/mir.jpg","type":"image\/jpeg"}],"author":"Laura Gonz\u00e0lez","twitter_card":"summary_large_image","twitter_creator":"@emagister","twitter_site":"@emagister","twitter_misc":{"Escrito por":"Laura Gonz\u00e0lez","Tiempo de lectura":"1 minuto"},"schema":{"@context":"https:\/\/schema.org","@graph":[{"@type":"Article","@id":"https:\/\/www.emagister.com\/blog\/las-fechas-clave-del-mir-2018-2019\/#article","isPartOf":{"@id":"https:\/\/www.emagister.com\/blog\/las-fechas-clave-del-mir-2018-2019\/"},"author":{"name":"Laura Gonz\u00e0lez","@id":"https:\/\/www.emagister.com\/blog\/#\/schema\/person\/141b37b56d8029c99a901d83b24ec28f"},"headline":"Las fechas clave del MIR 2018-2019","datePublished":"2018-09-26T14:12:11+00:00","dateModified":"2021-05-03T10:05:32+00:00","mainEntityOfPage":{"@id":"https:\/\/www.emagister.com\/blog\/las-fechas-clave-del-mir-2018-2019\/"},"wordCount":212,"commentCount":0,"publisher":{"@id":"https:\/\/www.emagister.com\/blog\/#organization"},"image":{"@id":"https:\/\/www.emagister.com\/blog\/las-fechas-clave-del-mir-2018-2019\/#primaryimage"},"thumbnailUrl":"https:\/\/www.emagister.com\/blog\/wp-content\/uploads\/2018\/09\/mir.jpg","keywords":["medicina","MIR"],"articleSection":["Sistema educativo y titulaciones"],"inLanguage":"es","potentialAction":[{"@type":"CommentAction","name":"Comment","target":["https:\/\/www.emagister.com\/blog\/las-fechas-clave-del-mir-2018-2019\/#respond"]}]},{"@type":"WebPage","@id":"https:\/\/www.emagister.com\/blog\/las-fechas-clave-del-mir-2018-2019\/","url":"https:\/\/www.emagister.com\/blog\/las-fechas-clave-del-mir-2018-2019\/","name":"Las fechas clave del MIR 2018-2019 - Blog Emagister","isPartOf":{"@id":"https:\/\/www.emagister.com\/blog\/#website"},"primaryImageOfPage":{"@id":"https:\/\/www.emagister.com\/blog\/las-fechas-clave-del-mir-2018-2019\/#primaryimage"},"image":{"@id":"https:\/\/www.emagister.com\/blog\/las-fechas-clave-del-mir-2018-2019\/#primaryimage"},"thumbnailUrl":"https:\/\/www.emagister.com\/blog\/wp-content\/uploads\/2018\/09\/mir.jpg","datePublished":"2018-09-26T14:12:11+00:00","dateModified":"2021-05-03T10:05:32+00:00","description":"\u00bfTe presentas al MIR del curso 2018-2019? Te presentamos las fechas clave resumidas en este post. \u00a1Ten el calendario siempre a mano! \u00a1Mucha suerte!","breadcrumb":{"@id":"https:\/\/www.emagister.com\/blog\/las-fechas-clave-del-mir-2018-2019\/#breadcrumb"},"inLanguage":"es","potentialAction":[{"@type":"ReadAction","target":["https:\/\/www.emagister.com\/blog\/las-fechas-clave-del-mir-2018-2019\/"]}]},{"@type":"ImageObject","inLanguage":"es","@id":"https:\/\/www.emagister.com\/blog\/las-fechas-clave-del-mir-2018-2019\/#primaryimage","url":"https:\/\/www.emagister.com\/blog\/wp-content\/uploads\/2018\/09\/mir.jpg","contentUrl":"https:\/\/www.emagister.com\/blog\/wp-content\/uploads\/2018\/09\/mir.jpg","width":1918,"height":1280,"caption":"MIR"},{"@type":"BreadcrumbList","@id":"https:\/\/www.emagister.com\/blog\/las-fechas-clave-del-mir-2018-2019\/#breadcrumb","itemListElement":[{"@type":"ListItem","position":1,"name":"Blog Emagister","item":"https:\/\/www.emagister.com\/blog\/"},{"@type":"ListItem","position":2,"name":"Sistema educativo y titulaciones","item":"https:\/\/www.emagister.com\/blog\/titulaciones\/"},{"@type":"ListItem","position":3,"name":"Las fechas clave del MIR 2018-2019"}]},{"@type":"WebSite","@id":"https:\/\/www.emagister.com\/blog\/#website","url":"https:\/\/www.emagister.com\/blog\/","name":"Blog Emagister","description":"Gu\u00eda de orientaci\u00f3n sobre estudios y tendencias de formaci\u00f3n","publisher":{"@id":"https:\/\/www.emagister.com\/blog\/#organization"},"potentialAction":[{"@type":"SearchAction","target":{"@type":"EntryPoint","urlTemplate":"https:\/\/www.emagister.com\/blog\/?s={search_term_string}"},"query-input":{"@type":"PropertyValueSpecification","valueRequired":true,"valueName":"search_term_string"}}],"inLanguage":"es"},{"@type":"Organization","@id":"https:\/\/www.emagister.com\/blog\/#organization","name":"Emagister","url":"https:\/\/www.emagister.com\/blog\/","logo":{"@type":"ImageObject","inLanguage":"es","@id":"https:\/\/www.emagister.com\/blog\/#\/schema\/logo\/image\/","url":"https:\/\/www.emagister.com\/blog\/wp-content\/uploads\/2017\/02\/photo.png","contentUrl":"https:\/\/www.emagister.com\/blog\/wp-content\/uploads\/2017\/02\/photo.png","width":120,"height":120,"caption":"Emagister"},"image":{"@id":"https:\/\/www.emagister.com\/blog\/#\/schema\/logo\/image\/"},"sameAs":["https:\/\/www.facebook.com\/Emagister\/","https:\/\/x.com\/emagister","https:\/\/www.instagram.com\/emagister\/","https:\/\/www.linkedin.com\/company\/emagister-com\/","https:\/\/www.pinterest.es\/emagister\/","https:\/\/www.youtube.com\/user\/emagister\/","https:\/\/es.wikipedia.org\/wiki\/Emagister"]},{"@type":"Person","@id":"https:\/\/www.emagister.com\/blog\/#\/schema\/person\/141b37b56d8029c99a901d83b24ec28f","name":"Laura Gonz\u00e0lez","image":{"@type":"ImageObject","inLanguage":"es","@id":"https:\/\/www.emagister.com\/blog\/#\/schema\/person\/image\/","url":"https:\/\/secure.gravatar.com\/avatar\/9efac18419d3b71d38e95cbb8122c1560396cf37c42a8e40dd590bdbdcdd8ffd?s=96&r=g","contentUrl":"https:\/\/secure.gravatar.com\/avatar\/9efac18419d3b71d38e95cbb8122c1560396cf37c42a8e40dd590bdbdcdd8ffd?s=96&r=g","caption":"Laura Gonz\u00e0lez"},"url":"https:\/\/www.emagister.com\/blog\/author\/laura-gonzalez\/"}]}},"_links":{"self":[{"href":"https:\/\/www.emagister.com\/blog\/wp-json\/wp\/v2\/posts\/74534","targetHints":{"allow":["GET"]}}],"collection":[{"href":"https:\/\/www.emagister.com\/blog\/wp-json\/wp\/v2\/posts"}],"about":[{"href":"https:\/\/www.emagister.com\/blog\/wp-json\/wp\/v2\/types\/post"}],"author":[{"embeddable":true,"href":"https:\/\/www.emagister.com\/blog\/wp-json\/wp\/v2\/users\/255"}],"replies":[{"embeddable":true,"href":"https:\/\/www.emagister.com\/blog\/wp-json\/wp\/v2\/comments?post=74534"}],"version-history":[{"count":1,"href":"https:\/\/www.emagister.com\/blog\/wp-json\/wp\/v2\/posts\/74534\/revisions"}],"predecessor-version":[{"id":125899,"href":"https:\/\/www.emagister.com\/blog\/wp-json\/wp\/v2\/posts\/74534\/revisions\/125899"}],"wp:featuredmedia":[{"embeddable":true,"href":"https:\/\/www.emagister.com\/blog\/wp-json\/wp\/v2\/media\/74550"}],"wp:attachment":[{"href":"https:\/\/www.emagister.com\/blog\/wp-json\/wp\/v2\/media?parent=74534"}],"wp:term":[{"taxonomy":"category","embeddable":true,"href":"https:\/\/www.emagister.com\/blog\/wp-json\/wp\/v2\/categories?post=74534"},{"taxonomy":"post_tag","embeddable":true,"href":"https:\/\/www.emagister.com\/blog\/wp-json\/wp\/v2\/tags?post=74534"}],"curies":[{"name":"wp","href":"https:\/\/api.w.org\/{rel}","templated":true}]}}