{"id":76210,"date":"2018-11-04T14:44:27","date_gmt":"2018-11-04T13:44:27","guid":{"rendered":"https:\/\/www.emagister.com\/blog\/?p=76210"},"modified":"2018-11-04T14:44:27","modified_gmt":"2018-11-04T13:44:27","slug":"carlos-santamaria-un-genio-universitario-de-12-anos","status":"publish","type":"post","link":"https:\/\/www.emagister.com\/blog\/carlos-santamaria-un-genio-universitario-de-12-anos\/","title":{"rendered":"Carlos Santamar\u00eda, un genio universitario de 12 a\u00f1os"},"content":{"rendered":"<p style=\"text-align: justify;\">La mayor\u00eda de ni\u00f1os de 12 a\u00f1os se preparan para ir al instituto e iniciar la Educaci\u00f3n Secundaria Obligatoria. Sin embargo, hay otros que hacen gala de un <strong><a href=\"https:\/\/www.emagister.com\/cursos-altas-capacidades-intelectuales-kwes-1000001834.htm\" target=\"_blank\" rel=\"noopener\">talento precoz<\/a><\/strong> y ya asisten a las clases de la universidad. Este es el caso de <strong>Carlos Santamar\u00eda D\u00edaz<\/strong>, un ni\u00f1o mexicano que con solo 12 a\u00f1os ha empezado la carrera de\u00a0<a href=\"https:\/\/www.emagister.com\/cursos-fisica-tematica-474.htm\" target=\"_blank\" rel=\"noopener\"><strong>F\u00edsica\u00a0m\u00e9dica<\/strong><\/a>\u00a0en la <strong><a href=\"https:\/\/www.emagister.com.mx\/s\/ingreso_unam-231674.htm\" target=\"_blank\" rel=\"noopener\">Universidad Nacional Aut\u00f3noma de M\u00e9xico (UNAM)<\/a><\/strong>. Se trata de la universidad p\u00fablica m\u00e1s grande del pa\u00eds. El nombre de Carlos ha entrado en los libros de historia de M\u00e9xico: nunca antes un estudiante de 12 a\u00f1os hab\u00eda logrado tal reto.<!--more--><\/p>\n<p style=\"text-align: justify;\">Sea como sea, los hechos no sorprenden del todo. Y es que con casi 9 a\u00f1os el ni\u00f1o ya acab\u00f3 <strong>m\u00f3dulos en dos diplomados<\/strong>. Uno de ellos era sobre <a href=\"https:\/\/www.emagister.com\/cursos-quimica-tematica-32.htm\" target=\"_blank\" rel=\"noopener\"><strong>qu\u00edmica anal\u00edtica<\/strong><\/a> y el otro de bioqu\u00edmica y <a href=\"https:\/\/www.emagister.com\/cursos-biologia-tematica-319.htm\" target=\"_blank\" rel=\"noopener\"><strong>biolog\u00eda molecular<\/strong><\/a> para la industria farmac\u00e9utica. \u00bfC\u00f3mo afronta Carlos la etapa de la universidad? Pues con las mismas ganas que el resto de estudiantes de primer curso:\u00a0\u201cS\u00f3lo quiero estudiar; si me cierran las puertas, me meter\u00e9 por las ventanas\u201d, explica en una entrevista concedida a la revista de la universidad. \u00bfY t\u00fa? \u00bfConoces casos similares al de Carlos? \u00a1Comparte tu experiencia con nosotros!<\/p>\n<div class=\"courses\"><div class=\"course\"><div class=\"inside\"><a href=\"https:\/\/www.emagister.com\/master-estrategias-educativas-psicologicas-para-altas-capacidades-cursos-3810835.htm\" class=\"course_name directory\">M\u00e1ster en Estrategias Educativas y Psicol\u00f3gicas para Altas Capacidades + Titulaci\u00f3n universitaria<\/a><div class=\"course_center\">EDUCA BUSINESS SCHOOL<\/div><div class=\"course_rating\"><i class=\"course_rating_star\"><\/i><\/div><div class=\"course_price\"><div class=\"course_price_text\">Precio Emagister<\/div><del>2.495 \u20ac<\/del>  1.895 \u20ac<\/div><a href=\"https:\/\/www.emagister.com\/master-estrategias-educativas-psicologicas-para-altas-capacidades-cursos-3810835.htm\" class=\"course_button directory\">Ver m\u00e1s<\/a><\/div><\/div><div class=\"course\"><div class=\"inside\"><span class=\"course_name directory ofuscado\" onclick=\"window.location.href='https:\/\/www.emagister.com\/master-europeo-intervencion-psicoeducativa-ninos-altas-capacidades-cursos-3790322.htm';\">M\u00e1ster Europeo en Intervenci\u00f3n Psicoeducativa con Ni\u00f1os con Altas Capacidades<\/span><div class=\"course_center\">Euroinnova International Online Education_<\/div><div class=\"course_rating\"><i class=\"course_rating_star\"><\/i><\/div><div class=\"course_price\"><div class=\"course_price_text\">Precio Emagister<\/div><del>2.495 \u20ac<\/del>  1.895 \u20ac<\/div><span class=\"course_button directory ofuscado\" onclick=\"window.location.href='https:\/\/www.emagister.com\/master-europeo-intervencion-psicoeducativa-ninos-altas-capacidades-cursos-3790322.htm';\">Ver m\u00e1s<\/span><\/div><\/div><div class=\"courses_more_wpr\"><span class=\"courses_more directory ofuscado\" onclick=\"window.location.href='https:\/\/www.emagister.com\/web\/search?q=altas%20capacidades&#038;token=668d173c-ff0d-4d4f-bd13-3db820a3b96a&#038;segment=1&#038;sort=purePPL';\">Ver todos los cursos<svg height=\"20\" viewBox=\"0 0 20 20\" width=\"20\" xmlns=\"http:\/\/www.w3.org\/2000\/svg\"><path d=\"m12.77 10.332-4.602 4.531c-.184.184-.48.184-.664 0l-.277-.277c-.184-.184-.184-.48 0-.664l3.996-3.922-3.993-3.922c-.183-.183-.183-.48 0-.664l.278-.277c.183-.184.48-.184.664 0l4.601 4.531c.18.184.18.48-.003.664z\" fill=\"#4cb7ac\" fill-rule=\"evenodd\"\/><\/svg><\/span><\/div><\/div>\n<h3 style=\"text-align: justify;\"><strong>\u00bfQu\u00e9 nos ense\u00f1a la historia de Carlos Santamar\u00eda?<\/strong><\/h3>\n<ol style=\"text-align: justify;\">\n<li><strong>Un caso excepcional pero no \u00fanico.<\/strong> La historia de Carlos Santamar\u00eda recuerda, en cierta manera, a la de\u00a0<a href=\"https:\/\/www.emagister.com\/blog\/laurent-simons-el-nino-prodigio-que-empezara-la-universidad-con-ocho-anos\/\" target=\"_blank\" rel=\"noopener\">Laurent Simons<\/a>. Laurent es un ni\u00f1o belga que empez\u00f3 la universidad con ocho a\u00f1os, avalado por un talento extraordinario en el \u00e1rea de <a href=\"https:\/\/www.emagister.com\/cursos-matematicas-tematica-472.htm\" target=\"_blank\" rel=\"noopener\">matem\u00e1ticas<\/a>. Aunque estos chicos demuestran que el \u00e9xito no tiene edad, tambi\u00e9n abren un serio debate en el \u00e1mbito educativo: \u00bfun menor de edad es suficientemente maduro para asistir a la universidad?<\/li>\n<li><strong>La convivencia, un handicap pendiente de superar.\u00a0<\/strong>La convivencia con otros ni\u00f1os ha sido un poco m\u00e1s dif\u00edcil\u201d, reconoce Carlos. Y es que una cosa son las habilidades acad\u00e9micas y otra bien distinta las habilidades sociales. Si bien es importante aprovechar el potencial escolar, no hay que olvidar el ocio ni la relaci\u00f3n con otros j\u00f3venes de edades cercanas.<\/li>\n<li><strong>Las adaptaciones curriculares, una herramienta para potenciar el talento.<\/strong>\u00a0Es importante que los docentes est\u00e9n preparados para atender a un alumno que destaca por encima de la media. En este sentido, uno de los retos m\u00e1s habituales es que el alumno no se aburra en el aula ni pierda el tiempo.<\/li>\n<\/ol>\n<p style=\"text-align: justify;\"><strong>Fuente: <em>La Vanguardia<\/em><\/strong><\/p>\n<div class=\"courses\"><div class=\"course\"><div class=\"inside\"><a href=\"https:\/\/www.emagister.com\/master-universitario-pedagogia-musical-cursos-3692780.htm\" class=\"course_name directory\">M\u00e1ster Universitario en Pedagog\u00eda Musical<\/a><div class=\"course_center\">UNIR, la Universidad en Internet<\/div><div class=\"course_rating\"><svg fill=\"none\" height=\"13\" viewBox=\"0 0 13 13\" width=\"13\" xmlns=\"http:\/\/www.w3.org\/2000\/svg\"><path d=\"m5.79999.990059-1.58 3.220001-3.549999.52c-.6399996.09-.9.87-.43 1.32l2.559999 2.51-.6 3.53004c-.11.64.56 1.12 1.13.82l3.18-1.67v-10.680041c-.29 0-.56.14-.71.43z\" fill=\"#f5ba41\"\/><path d=\"m10.8 12.0901-.6-3.53004 2.57-2.5c.46-.45.21-1.23-.43-1.33l-3.56-.52-1.58-3.220001c-.15-.28-.42-.43-.7-.43v10.680041l3.18 1.67c.56.3 1.23-.18 1.12-.82z\" fill=\"#e5e5e5\"\/><\/svg><\/i><svg fill=\"none\" height=\"13\" viewBox=\"0 0 13 13\" width=\"13\" xmlns=\"http:\/\/www.w3.org\/2000\/svg\"><path d=\"m5.79999.990059-1.58 3.220001-3.549999.52c-.6399996.09-.9.87-.43 1.32l2.559999 2.51-.6 3.53004c-.11.64.56 1.12 1.13.82l3.18-1.67v-10.680041c-.29 0-.56.14-.71.43z\" fill=\"#f5ba41\"\/><path d=\"m10.8 12.0901-.6-3.53004 2.57-2.5c.46-.45.21-1.23-.43-1.33l-3.56-.52-1.58-3.220001c-.15-.28-.42-.43-.7-.43v10.680041l3.18 1.67c.56.3 1.23-.18 1.12-.82z\" fill=\"#e5e5e5\"\/><\/svg><\/i><svg fill=\"none\" height=\"13\" viewBox=\"0 0 13 13\" width=\"13\" xmlns=\"http:\/\/www.w3.org\/2000\/svg\"><path d=\"m5.79999.990059-1.58 3.220001-3.549999.52c-.6399996.09-.9.87-.43 1.32l2.559999 2.51-.6 3.53004c-.11.64.56 1.12 1.13.82l3.18-1.67v-10.680041c-.29 0-.56.14-.71.43z\" fill=\"#f5ba41\"\/><path d=\"m10.8 12.0901-.6-3.53004 2.57-2.5c.46-.45.21-1.23-.43-1.33l-3.56-.52-1.58-3.220001c-.15-.28-.42-.43-.7-.43v10.680041l3.18 1.67c.56.3 1.23-.18 1.12-.82z\" fill=\"#e5e5e5\"\/><\/svg><\/i><svg fill=\"none\" height=\"13\" viewBox=\"0 0 13 13\" width=\"13\" xmlns=\"http:\/\/www.w3.org\/2000\/svg\"><path d=\"m5.79999.990059-1.58 3.220001-3.549999.52c-.6399996.09-.9.87-.43 1.32l2.559999 2.51-.6 3.53004c-.11.64.56 1.12 1.13.82l3.18-1.67v-10.680041c-.29 0-.56.14-.71.43z\" fill=\"#f5ba41\"\/><path d=\"m10.8 12.0901-.6-3.53004 2.57-2.5c.46-.45.21-1.23-.43-1.33l-3.56-.52-1.58-3.220001c-.15-.28-.42-.43-.7-.43v10.680041l3.18 1.67c.56.3 1.23-.18 1.12-.82z\" fill=\"#e5e5e5\"\/><\/svg><\/i><svg fill=\"none\" height=\"13\" viewBox=\"0 0 13 13\" width=\"13\" xmlns=\"http:\/\/www.w3.org\/2000\/svg\"><path d=\"m5.79999.990059-1.58 3.220001-3.549999.52c-.6399996.09-.9.87-.43 1.32l2.559999 2.51-.6 3.53004c-.11.64.56 1.12 1.13.82l3.18-1.67v-10.680041c-.29 0-.56.14-.71.43z\" fill=\"#f5ba41\"\/><path d=\"m10.8 12.0901-.6-3.53004 2.57-2.5c.46-.45.21-1.23-.43-1.33l-3.56-.52-1.58-3.220001c-.15-.28-.42-.43-.7-.43v10.680041l3.18 1.67c.56.3 1.23-.18 1.12-.82z\" fill=\"#e5e5e5\"\/><\/svg><\/i><\/div><div class=\"course_price\"><div class=\"course_price_text\">Precio a consultar<\/div><\/div><a href=\"https:\/\/www.emagister.com\/master-universitario-pedagogia-musical-cursos-3692780.htm\" class=\"course_button directory\">Ver m\u00e1s<\/a><\/div><\/div><div class=\"course\"><div class=\"inside\"><span class=\"course_name directory ofuscado\" onclick=\"window.location.href='https:\/\/www.emagister.com\/master-educacion-pedagogia-cursos-3823435.htm';\">M\u00e1ster en Educaci\u00f3n y Pedagog\u00eda<\/span><div class=\"course_center\">CEUPE - Centro Europeo de Postgrado y Empresa<\/div><div class=\"course_rating\"><i class=\"course_rating_star\"><\/i><\/div><div class=\"course_price\"><div class=\"course_price_text\">Precio Emagister<\/div><del>2.805 \u20ac<\/del>  1.700 \u20ac<\/div><span class=\"course_button directory ofuscado\" onclick=\"window.location.href='https:\/\/www.emagister.com\/master-educacion-pedagogia-cursos-3823435.htm';\">Ver m\u00e1s<\/span><\/div><\/div><div class=\"courses_more_wpr\"><span class=\"courses_more directory ofuscado\" onclick=\"window.location.href='https:\/\/www.emagister.com\/web\/search?q=pedagog\u00eda&#038;token=668d173c-ff0d-4d4f-bd13-3db820a3b96a&#038;segment=1&#038;sort=purePPL';\">Ver todos los cursos<svg height=\"20\" viewBox=\"0 0 20 20\" width=\"20\" xmlns=\"http:\/\/www.w3.org\/2000\/svg\"><path d=\"m12.77 10.332-4.602 4.531c-.184.184-.48.184-.664 0l-.277-.277c-.184-.184-.184-.48 0-.664l3.996-3.922-3.993-3.922c-.183-.183-.183-.48 0-.664l.278-.277c.183-.184.48-.184.664 0l4.601 4.531c.18.184.18.48-.003.664z\" fill=\"#4cb7ac\" fill-rule=\"evenodd\"\/><\/svg><\/span><\/div><\/div>\n","protected":false},"excerpt":{"rendered":"<p>La mayor\u00eda de ni\u00f1os de 12 a\u00f1os se preparan para ir al instituto e iniciar la Educaci\u00f3n Secundaria Obligatoria. Sin &#8230; <a title=\"Carlos Santamar\u00eda, un genio universitario de 12 a\u00f1os\" class=\"read-more\" href=\"https:\/\/www.emagister.com\/blog\/carlos-santamaria-un-genio-universitario-de-12-anos\/\" aria-label=\"M\u00e1s en Carlos Santamar\u00eda, un genio universitario de 12 a\u00f1os\">Leer m\u00e1s<\/a><\/p>\n","protected":false},"author":255,"featured_media":76211,"comment_status":"open","ping_status":"closed","sticky":false,"template":"","format":"standard","meta":{"_acf_changed":false,"inline_featured_image":false,"footnotes":""},"categories":[8336],"tags":[115,487,647,1067,9153],"class_list":["post-76210","post","type-post","status-publish","format-standard","has-post-thumbnail","hentry","category-noticias","tag-emagister-mexico","tag-educacion-mexico","tag-mexico","tag-fisica","tag-ninos-prodigio","generate-columns","tablet-grid-50","mobile-grid-100","grid-parent","grid-25"],"acf":{"mostrar_faldon":"-1","texto_faldon":"","link_faldon":"","link_texto_faldon":"","hreflang":false,"estilo_titulo":""},"yoast_head":"<!-- This site is optimized with the Yoast SEO Premium plugin v18.1 (Yoast SEO v27.5) - https:\/\/yoast.com\/product\/yoast-seo-premium-wordpress\/ -->\n<title>Carlos Santamar\u00eda, un genio universitario de 12 a\u00f1os - Blog Emagister<\/title>\n<meta name=\"description\" content=\"Carlos Santamar\u00eda ha conseguido acceder a la universidad mexicana con solo 12. Te explicamos la historia de este ni\u00f1o prodigio. \u00a1Toma nota!\" \/>\n<meta name=\"robots\" content=\"index, follow\" \/>\n<link rel=\"canonical\" href=\"https:\/\/www.emagister.com\/blog\/carlos-santamaria-un-genio-universitario-de-12-anos\/\" \/>\n<meta property=\"og:locale\" content=\"es_ES\" \/>\n<meta property=\"og:type\" content=\"article\" \/>\n<meta property=\"og:title\" content=\"Carlos Santamar\u00eda, un genio universitario de 12 a\u00f1os\" \/>\n<meta property=\"og:description\" content=\"Carlos Santamar\u00eda ha conseguido acceder a la universidad mexicana con solo 12. Te explicamos la historia de este ni\u00f1o prodigio. \u00a1Toma nota!\" \/>\n<meta property=\"og:url\" content=\"https:\/\/www.emagister.com\/blog\/carlos-santamaria-un-genio-universitario-de-12-anos\/\" \/>\n<meta property=\"og:site_name\" content=\"Blog Emagister\" \/>\n<meta property=\"article:publisher\" content=\"https:\/\/www.facebook.com\/Emagister\/\" \/>\n<meta property=\"article:published_time\" content=\"2018-11-04T13:44:27+00:00\" \/>\n<meta property=\"og:image\" content=\"https:\/\/www.emagister.com\/blog\/wp-content\/uploads\/2018\/11\/carlos-santamar\u00eda.jpg\" \/>\n\t<meta property=\"og:image:width\" content=\"660\" \/>\n\t<meta property=\"og:image:height\" content=\"371\" \/>\n\t<meta property=\"og:image:type\" content=\"image\/jpeg\" \/>\n<meta name=\"author\" content=\"Laura Gonz\u00e0lez\" \/>\n<meta name=\"twitter:card\" content=\"summary_large_image\" \/>\n<meta name=\"twitter:creator\" content=\"@emagister\" \/>\n<meta name=\"twitter:site\" content=\"@emagister\" \/>\n<meta name=\"twitter:label1\" content=\"Escrito por\" \/>\n\t<meta name=\"twitter:data1\" content=\"Laura Gonz\u00e0lez\" \/>\n\t<meta name=\"twitter:label2\" content=\"Tiempo de lectura\" \/>\n\t<meta name=\"twitter:data2\" content=\"2 minutos\" \/>\n<script type=\"application\/ld+json\" class=\"yoast-schema-graph\">{\"@context\":\"https:\\\/\\\/schema.org\",\"@graph\":[{\"@type\":\"Article\",\"@id\":\"https:\\\/\\\/www.emagister.com\\\/blog\\\/carlos-santamaria-un-genio-universitario-de-12-anos\\\/#article\",\"isPartOf\":{\"@id\":\"https:\\\/\\\/www.emagister.com\\\/blog\\\/carlos-santamaria-un-genio-universitario-de-12-anos\\\/\"},\"author\":{\"name\":\"Laura Gonz\u00e0lez\",\"@id\":\"https:\\\/\\\/www.emagister.com\\\/blog\\\/#\\\/schema\\\/person\\\/141b37b56d8029c99a901d83b24ec28f\"},\"headline\":\"Carlos Santamar\u00eda, un genio universitario de 12 a\u00f1os\",\"datePublished\":\"2018-11-04T13:44:27+00:00\",\"mainEntityOfPage\":{\"@id\":\"https:\\\/\\\/www.emagister.com\\\/blog\\\/carlos-santamaria-un-genio-universitario-de-12-anos\\\/\"},\"wordCount\":481,\"commentCount\":0,\"publisher\":{\"@id\":\"https:\\\/\\\/www.emagister.com\\\/blog\\\/#organization\"},\"image\":{\"@id\":\"https:\\\/\\\/www.emagister.com\\\/blog\\\/carlos-santamaria-un-genio-universitario-de-12-anos\\\/#primaryimage\"},\"thumbnailUrl\":\"https:\\\/\\\/www.emagister.com\\\/blog\\\/wp-content\\\/uploads\\\/2018\\\/11\\\/carlos-santamar\u00eda.jpg\",\"keywords\":[\"Emagister M\u00e9xico\",\"educaci\u00f3n Mexico\",\"Mexico\",\"f\u00edsica\",\"ni\u00f1os prodigio\"],\"articleSection\":[\"Actualidad Emagister\"],\"inLanguage\":\"es\",\"potentialAction\":[{\"@type\":\"CommentAction\",\"name\":\"Comment\",\"target\":[\"https:\\\/\\\/www.emagister.com\\\/blog\\\/carlos-santamaria-un-genio-universitario-de-12-anos\\\/#respond\"]}]},{\"@type\":\"WebPage\",\"@id\":\"https:\\\/\\\/www.emagister.com\\\/blog\\\/carlos-santamaria-un-genio-universitario-de-12-anos\\\/\",\"url\":\"https:\\\/\\\/www.emagister.com\\\/blog\\\/carlos-santamaria-un-genio-universitario-de-12-anos\\\/\",\"name\":\"Carlos Santamar\u00eda, un genio universitario de 12 a\u00f1os - Blog Emagister\",\"isPartOf\":{\"@id\":\"https:\\\/\\\/www.emagister.com\\\/blog\\\/#website\"},\"primaryImageOfPage\":{\"@id\":\"https:\\\/\\\/www.emagister.com\\\/blog\\\/carlos-santamaria-un-genio-universitario-de-12-anos\\\/#primaryimage\"},\"image\":{\"@id\":\"https:\\\/\\\/www.emagister.com\\\/blog\\\/carlos-santamaria-un-genio-universitario-de-12-anos\\\/#primaryimage\"},\"thumbnailUrl\":\"https:\\\/\\\/www.emagister.com\\\/blog\\\/wp-content\\\/uploads\\\/2018\\\/11\\\/carlos-santamar\u00eda.jpg\",\"datePublished\":\"2018-11-04T13:44:27+00:00\",\"description\":\"Carlos Santamar\u00eda ha conseguido acceder a la universidad mexicana con solo 12. Te explicamos la historia de este ni\u00f1o prodigio. \u00a1Toma nota!\",\"breadcrumb\":{\"@id\":\"https:\\\/\\\/www.emagister.com\\\/blog\\\/carlos-santamaria-un-genio-universitario-de-12-anos\\\/#breadcrumb\"},\"inLanguage\":\"es\",\"potentialAction\":[{\"@type\":\"ReadAction\",\"target\":[\"https:\\\/\\\/www.emagister.com\\\/blog\\\/carlos-santamaria-un-genio-universitario-de-12-anos\\\/\"]}]},{\"@type\":\"ImageObject\",\"inLanguage\":\"es\",\"@id\":\"https:\\\/\\\/www.emagister.com\\\/blog\\\/carlos-santamaria-un-genio-universitario-de-12-anos\\\/#primaryimage\",\"url\":\"https:\\\/\\\/www.emagister.com\\\/blog\\\/wp-content\\\/uploads\\\/2018\\\/11\\\/carlos-santamar\u00eda.jpg\",\"contentUrl\":\"https:\\\/\\\/www.emagister.com\\\/blog\\\/wp-content\\\/uploads\\\/2018\\\/11\\\/carlos-santamar\u00eda.jpg\",\"width\":660,\"height\":371,\"caption\":\"Carlos Santamar\u00eda\"},{\"@type\":\"BreadcrumbList\",\"@id\":\"https:\\\/\\\/www.emagister.com\\\/blog\\\/carlos-santamaria-un-genio-universitario-de-12-anos\\\/#breadcrumb\",\"itemListElement\":[{\"@type\":\"ListItem\",\"position\":1,\"name\":\"Blog Emagister\",\"item\":\"https:\\\/\\\/www.emagister.com\\\/blog\\\/\"},{\"@type\":\"ListItem\",\"position\":2,\"name\":\"Actualidad Emagister\",\"item\":\"https:\\\/\\\/www.emagister.com\\\/blog\\\/noticias\\\/\"},{\"@type\":\"ListItem\",\"position\":3,\"name\":\"Carlos Santamar\u00eda, un genio universitario de 12 a\u00f1os\"}]},{\"@type\":\"WebSite\",\"@id\":\"https:\\\/\\\/www.emagister.com\\\/blog\\\/#website\",\"url\":\"https:\\\/\\\/www.emagister.com\\\/blog\\\/\",\"name\":\"Blog Emagister\",\"description\":\"Gu\u00eda de orientaci\u00f3n sobre estudios y tendencias de formaci\u00f3n\",\"publisher\":{\"@id\":\"https:\\\/\\\/www.emagister.com\\\/blog\\\/#organization\"},\"potentialAction\":[{\"@type\":\"SearchAction\",\"target\":{\"@type\":\"EntryPoint\",\"urlTemplate\":\"https:\\\/\\\/www.emagister.com\\\/blog\\\/?s={search_term_string}\"},\"query-input\":{\"@type\":\"PropertyValueSpecification\",\"valueRequired\":true,\"valueName\":\"search_term_string\"}}],\"inLanguage\":\"es\"},{\"@type\":\"Organization\",\"@id\":\"https:\\\/\\\/www.emagister.com\\\/blog\\\/#organization\",\"name\":\"Emagister\",\"url\":\"https:\\\/\\\/www.emagister.com\\\/blog\\\/\",\"logo\":{\"@type\":\"ImageObject\",\"inLanguage\":\"es\",\"@id\":\"https:\\\/\\\/www.emagister.com\\\/blog\\\/#\\\/schema\\\/logo\\\/image\\\/\",\"url\":\"https:\\\/\\\/www.emagister.com\\\/blog\\\/wp-content\\\/uploads\\\/2017\\\/02\\\/photo.png\",\"contentUrl\":\"https:\\\/\\\/www.emagister.com\\\/blog\\\/wp-content\\\/uploads\\\/2017\\\/02\\\/photo.png\",\"width\":120,\"height\":120,\"caption\":\"Emagister\"},\"image\":{\"@id\":\"https:\\\/\\\/www.emagister.com\\\/blog\\\/#\\\/schema\\\/logo\\\/image\\\/\"},\"sameAs\":[\"https:\\\/\\\/www.facebook.com\\\/Emagister\\\/\",\"https:\\\/\\\/x.com\\\/emagister\",\"https:\\\/\\\/www.instagram.com\\\/emagister\\\/\",\"https:\\\/\\\/www.linkedin.com\\\/company\\\/emagister-com\\\/\",\"https:\\\/\\\/www.pinterest.es\\\/emagister\\\/\",\"https:\\\/\\\/www.youtube.com\\\/user\\\/emagister\\\/\",\"https:\\\/\\\/es.wikipedia.org\\\/wiki\\\/Emagister\"]},{\"@type\":\"Person\",\"@id\":\"https:\\\/\\\/www.emagister.com\\\/blog\\\/#\\\/schema\\\/person\\\/141b37b56d8029c99a901d83b24ec28f\",\"name\":\"Laura Gonz\u00e0lez\",\"image\":{\"@type\":\"ImageObject\",\"inLanguage\":\"es\",\"@id\":\"https:\\\/\\\/secure.gravatar.com\\\/avatar\\\/9efac18419d3b71d38e95cbb8122c1560396cf37c42a8e40dd590bdbdcdd8ffd?s=96&r=g\",\"url\":\"https:\\\/\\\/secure.gravatar.com\\\/avatar\\\/9efac18419d3b71d38e95cbb8122c1560396cf37c42a8e40dd590bdbdcdd8ffd?s=96&r=g\",\"contentUrl\":\"https:\\\/\\\/secure.gravatar.com\\\/avatar\\\/9efac18419d3b71d38e95cbb8122c1560396cf37c42a8e40dd590bdbdcdd8ffd?s=96&r=g\",\"caption\":\"Laura Gonz\u00e0lez\"},\"url\":\"https:\\\/\\\/www.emagister.com\\\/blog\\\/author\\\/laura-gonzalez\\\/\"}]}<\/script>\n<!-- \/ Yoast SEO Premium plugin. -->","yoast_head_json":{"title":"Carlos Santamar\u00eda, un genio universitario de 12 a\u00f1os - Blog Emagister","description":"Carlos Santamar\u00eda ha conseguido acceder a la universidad mexicana con solo 12. Te explicamos la historia de este ni\u00f1o prodigio. \u00a1Toma nota!","robots":{"index":"index","follow":"follow"},"canonical":"https:\/\/www.emagister.com\/blog\/carlos-santamaria-un-genio-universitario-de-12-anos\/","og_locale":"es_ES","og_type":"article","og_title":"Carlos Santamar\u00eda, un genio universitario de 12 a\u00f1os","og_description":"Carlos Santamar\u00eda ha conseguido acceder a la universidad mexicana con solo 12. Te explicamos la historia de este ni\u00f1o prodigio. \u00a1Toma nota!","og_url":"https:\/\/www.emagister.com\/blog\/carlos-santamaria-un-genio-universitario-de-12-anos\/","og_site_name":"Blog Emagister","article_publisher":"https:\/\/www.facebook.com\/Emagister\/","article_published_time":"2018-11-04T13:44:27+00:00","og_image":[{"width":660,"height":371,"url":"https:\/\/www.emagister.com\/blog\/wp-content\/uploads\/2018\/11\/carlos-santamar\u00eda.jpg","type":"image\/jpeg"}],"author":"Laura Gonz\u00e0lez","twitter_card":"summary_large_image","twitter_creator":"@emagister","twitter_site":"@emagister","twitter_misc":{"Escrito por":"Laura Gonz\u00e0lez","Tiempo de lectura":"2 minutos"},"schema":{"@context":"https:\/\/schema.org","@graph":[{"@type":"Article","@id":"https:\/\/www.emagister.com\/blog\/carlos-santamaria-un-genio-universitario-de-12-anos\/#article","isPartOf":{"@id":"https:\/\/www.emagister.com\/blog\/carlos-santamaria-un-genio-universitario-de-12-anos\/"},"author":{"name":"Laura Gonz\u00e0lez","@id":"https:\/\/www.emagister.com\/blog\/#\/schema\/person\/141b37b56d8029c99a901d83b24ec28f"},"headline":"Carlos Santamar\u00eda, un genio universitario de 12 a\u00f1os","datePublished":"2018-11-04T13:44:27+00:00","mainEntityOfPage":{"@id":"https:\/\/www.emagister.com\/blog\/carlos-santamaria-un-genio-universitario-de-12-anos\/"},"wordCount":481,"commentCount":0,"publisher":{"@id":"https:\/\/www.emagister.com\/blog\/#organization"},"image":{"@id":"https:\/\/www.emagister.com\/blog\/carlos-santamaria-un-genio-universitario-de-12-anos\/#primaryimage"},"thumbnailUrl":"https:\/\/www.emagister.com\/blog\/wp-content\/uploads\/2018\/11\/carlos-santamar\u00eda.jpg","keywords":["Emagister M\u00e9xico","educaci\u00f3n Mexico","Mexico","f\u00edsica","ni\u00f1os prodigio"],"articleSection":["Actualidad Emagister"],"inLanguage":"es","potentialAction":[{"@type":"CommentAction","name":"Comment","target":["https:\/\/www.emagister.com\/blog\/carlos-santamaria-un-genio-universitario-de-12-anos\/#respond"]}]},{"@type":"WebPage","@id":"https:\/\/www.emagister.com\/blog\/carlos-santamaria-un-genio-universitario-de-12-anos\/","url":"https:\/\/www.emagister.com\/blog\/carlos-santamaria-un-genio-universitario-de-12-anos\/","name":"Carlos Santamar\u00eda, un genio universitario de 12 a\u00f1os - Blog Emagister","isPartOf":{"@id":"https:\/\/www.emagister.com\/blog\/#website"},"primaryImageOfPage":{"@id":"https:\/\/www.emagister.com\/blog\/carlos-santamaria-un-genio-universitario-de-12-anos\/#primaryimage"},"image":{"@id":"https:\/\/www.emagister.com\/blog\/carlos-santamaria-un-genio-universitario-de-12-anos\/#primaryimage"},"thumbnailUrl":"https:\/\/www.emagister.com\/blog\/wp-content\/uploads\/2018\/11\/carlos-santamar\u00eda.jpg","datePublished":"2018-11-04T13:44:27+00:00","description":"Carlos Santamar\u00eda ha conseguido acceder a la universidad mexicana con solo 12. Te explicamos la historia de este ni\u00f1o prodigio. \u00a1Toma nota!","breadcrumb":{"@id":"https:\/\/www.emagister.com\/blog\/carlos-santamaria-un-genio-universitario-de-12-anos\/#breadcrumb"},"inLanguage":"es","potentialAction":[{"@type":"ReadAction","target":["https:\/\/www.emagister.com\/blog\/carlos-santamaria-un-genio-universitario-de-12-anos\/"]}]},{"@type":"ImageObject","inLanguage":"es","@id":"https:\/\/www.emagister.com\/blog\/carlos-santamaria-un-genio-universitario-de-12-anos\/#primaryimage","url":"https:\/\/www.emagister.com\/blog\/wp-content\/uploads\/2018\/11\/carlos-santamar\u00eda.jpg","contentUrl":"https:\/\/www.emagister.com\/blog\/wp-content\/uploads\/2018\/11\/carlos-santamar\u00eda.jpg","width":660,"height":371,"caption":"Carlos Santamar\u00eda"},{"@type":"BreadcrumbList","@id":"https:\/\/www.emagister.com\/blog\/carlos-santamaria-un-genio-universitario-de-12-anos\/#breadcrumb","itemListElement":[{"@type":"ListItem","position":1,"name":"Blog Emagister","item":"https:\/\/www.emagister.com\/blog\/"},{"@type":"ListItem","position":2,"name":"Actualidad Emagister","item":"https:\/\/www.emagister.com\/blog\/noticias\/"},{"@type":"ListItem","position":3,"name":"Carlos Santamar\u00eda, un genio universitario de 12 a\u00f1os"}]},{"@type":"WebSite","@id":"https:\/\/www.emagister.com\/blog\/#website","url":"https:\/\/www.emagister.com\/blog\/","name":"Blog Emagister","description":"Gu\u00eda de orientaci\u00f3n sobre estudios y tendencias de formaci\u00f3n","publisher":{"@id":"https:\/\/www.emagister.com\/blog\/#organization"},"potentialAction":[{"@type":"SearchAction","target":{"@type":"EntryPoint","urlTemplate":"https:\/\/www.emagister.com\/blog\/?s={search_term_string}"},"query-input":{"@type":"PropertyValueSpecification","valueRequired":true,"valueName":"search_term_string"}}],"inLanguage":"es"},{"@type":"Organization","@id":"https:\/\/www.emagister.com\/blog\/#organization","name":"Emagister","url":"https:\/\/www.emagister.com\/blog\/","logo":{"@type":"ImageObject","inLanguage":"es","@id":"https:\/\/www.emagister.com\/blog\/#\/schema\/logo\/image\/","url":"https:\/\/www.emagister.com\/blog\/wp-content\/uploads\/2017\/02\/photo.png","contentUrl":"https:\/\/www.emagister.com\/blog\/wp-content\/uploads\/2017\/02\/photo.png","width":120,"height":120,"caption":"Emagister"},"image":{"@id":"https:\/\/www.emagister.com\/blog\/#\/schema\/logo\/image\/"},"sameAs":["https:\/\/www.facebook.com\/Emagister\/","https:\/\/x.com\/emagister","https:\/\/www.instagram.com\/emagister\/","https:\/\/www.linkedin.com\/company\/emagister-com\/","https:\/\/www.pinterest.es\/emagister\/","https:\/\/www.youtube.com\/user\/emagister\/","https:\/\/es.wikipedia.org\/wiki\/Emagister"]},{"@type":"Person","@id":"https:\/\/www.emagister.com\/blog\/#\/schema\/person\/141b37b56d8029c99a901d83b24ec28f","name":"Laura Gonz\u00e0lez","image":{"@type":"ImageObject","inLanguage":"es","@id":"https:\/\/secure.gravatar.com\/avatar\/9efac18419d3b71d38e95cbb8122c1560396cf37c42a8e40dd590bdbdcdd8ffd?s=96&r=g","url":"https:\/\/secure.gravatar.com\/avatar\/9efac18419d3b71d38e95cbb8122c1560396cf37c42a8e40dd590bdbdcdd8ffd?s=96&r=g","contentUrl":"https:\/\/secure.gravatar.com\/avatar\/9efac18419d3b71d38e95cbb8122c1560396cf37c42a8e40dd590bdbdcdd8ffd?s=96&r=g","caption":"Laura Gonz\u00e0lez"},"url":"https:\/\/www.emagister.com\/blog\/author\/laura-gonzalez\/"}]}},"_links":{"self":[{"href":"https:\/\/www.emagister.com\/blog\/wp-json\/wp\/v2\/posts\/76210","targetHints":{"allow":["GET"]}}],"collection":[{"href":"https:\/\/www.emagister.com\/blog\/wp-json\/wp\/v2\/posts"}],"about":[{"href":"https:\/\/www.emagister.com\/blog\/wp-json\/wp\/v2\/types\/post"}],"author":[{"embeddable":true,"href":"https:\/\/www.emagister.com\/blog\/wp-json\/wp\/v2\/users\/255"}],"replies":[{"embeddable":true,"href":"https:\/\/www.emagister.com\/blog\/wp-json\/wp\/v2\/comments?post=76210"}],"version-history":[{"count":0,"href":"https:\/\/www.emagister.com\/blog\/wp-json\/wp\/v2\/posts\/76210\/revisions"}],"wp:featuredmedia":[{"embeddable":true,"href":"https:\/\/www.emagister.com\/blog\/wp-json\/wp\/v2\/media\/76211"}],"wp:attachment":[{"href":"https:\/\/www.emagister.com\/blog\/wp-json\/wp\/v2\/media?parent=76210"}],"wp:term":[{"taxonomy":"category","embeddable":true,"href":"https:\/\/www.emagister.com\/blog\/wp-json\/wp\/v2\/categories?post=76210"},{"taxonomy":"post_tag","embeddable":true,"href":"https:\/\/www.emagister.com\/blog\/wp-json\/wp\/v2\/tags?post=76210"}],"curies":[{"name":"wp","href":"https:\/\/api.w.org\/{rel}","templated":true}]}}