{"id":77714,"date":"2018-12-13T14:03:21","date_gmt":"2018-12-13T13:03:21","guid":{"rendered":"https:\/\/www.emagister.com\/blog\/?p=77714"},"modified":"2021-05-03T12:03:14","modified_gmt":"2021-05-03T10:03:14","slug":"que-cambios-aportara-la-tecnologia-a-la-formacion-en-las-empresas-este-2019","status":"publish","type":"post","link":"https:\/\/www.emagister.com\/blog\/que-cambios-aportara-la-tecnologia-a-la-formacion-en-las-empresas-este-2019\/","title":{"rendered":"\u00bfQu\u00e9 cambios aportar\u00e1 la tecnolog\u00eda a la formaci\u00f3n en las empresas este 2019?"},"content":{"rendered":"<p style=\"text-align: justify;\"><span style=\"font-weight: 400;\">Cada nuevo a\u00f1o es una promesa de nuevas oportunidades para la formaci\u00f3n en el entorno laboral y, en los \u00faltimos a\u00f1os con la tecnolog\u00eda, las oportunidades se multiplican.<\/span><!--more--><\/p>\n<p style=\"text-align: justify;\"><div class=\"courses\"><div class=\"course\"><div class=\"inside\"><a href=\"https:\/\/www.emagister.com\/master-inteligencia-artificial-tecnologias-disruptivas-para-innovacion-industria-4-0-cursos-3811934.htm\" class=\"course_name directory\">M\u00e1ster en Inteligencia Artificial y Tecnolog\u00edas Disruptivas para la Innovaci\u00f3n en la Industria 4.0<\/a><div class=\"course_center\">Instituto Europeo de Posgrado (IEP)<\/div><div class=\"course_rating\"><svg fill=\"none\" height=\"13\" viewBox=\"0 0 13 13\" width=\"13\" xmlns=\"http:\/\/www.w3.org\/2000\/svg\"><path d=\"m5.79999.990059-1.58 3.220001-3.549999.52c-.6399996.09-.9.87-.43 1.32l2.559999 2.51-.6 3.53004c-.11.64.56 1.12 1.13.82l3.18-1.67v-10.680041c-.29 0-.56.14-.71.43z\" fill=\"#f5ba41\"\/><path d=\"m10.8 12.0901-.6-3.53004 2.57-2.5c.46-.45.21-1.23-.43-1.33l-3.56-.52-1.58-3.220001c-.15-.28-.42-.43-.7-.43v10.680041l3.18 1.67c.56.3 1.23-.18 1.12-.82z\" fill=\"#e5e5e5\"\/><\/svg><\/i><svg fill=\"none\" height=\"13\" viewBox=\"0 0 13 13\" width=\"13\" xmlns=\"http:\/\/www.w3.org\/2000\/svg\"><path d=\"m5.79999.990059-1.58 3.220001-3.549999.52c-.6399996.09-.9.87-.43 1.32l2.559999 2.51-.6 3.53004c-.11.64.56 1.12 1.13.82l3.18-1.67v-10.680041c-.29 0-.56.14-.71.43z\" fill=\"#f5ba41\"\/><path d=\"m10.8 12.0901-.6-3.53004 2.57-2.5c.46-.45.21-1.23-.43-1.33l-3.56-.52-1.58-3.220001c-.15-.28-.42-.43-.7-.43v10.680041l3.18 1.67c.56.3 1.23-.18 1.12-.82z\" fill=\"#e5e5e5\"\/><\/svg><\/i><svg fill=\"none\" height=\"13\" viewBox=\"0 0 13 13\" width=\"13\" xmlns=\"http:\/\/www.w3.org\/2000\/svg\"><path d=\"m5.79999.990059-1.58 3.220001-3.549999.52c-.6399996.09-.9.87-.43 1.32l2.559999 2.51-.6 3.53004c-.11.64.56 1.12 1.13.82l3.18-1.67v-10.680041c-.29 0-.56.14-.71.43z\" fill=\"#f5ba41\"\/><path d=\"m10.8 12.0901-.6-3.53004 2.57-2.5c.46-.45.21-1.23-.43-1.33l-3.56-.52-1.58-3.220001c-.15-.28-.42-.43-.7-.43v10.680041l3.18 1.67c.56.3 1.23-.18 1.12-.82z\" fill=\"#e5e5e5\"\/><\/svg><\/i><svg fill=\"none\" height=\"13\" viewBox=\"0 0 13 13\" width=\"13\" xmlns=\"http:\/\/www.w3.org\/2000\/svg\"><path d=\"m5.79999.990059-1.58 3.220001-3.549999.52c-.6399996.09-.9.87-.43 1.32l2.559999 2.51-.6 3.53004c-.11.64.56 1.12 1.13.82l3.18-1.67v-10.680041c-.29 0-.56.14-.71.43z\" fill=\"#f5ba41\"\/><path d=\"m10.8 12.0901-.6-3.53004 2.57-2.5c.46-.45.21-1.23-.43-1.33l-3.56-.52-1.58-3.220001c-.15-.28-.42-.43-.7-.43v10.680041l3.18 1.67c.56.3 1.23-.18 1.12-.82z\" fill=\"#e5e5e5\"\/><\/svg><\/i><svg fill=\"none\" height=\"13\" viewBox=\"0 0 13 13\" width=\"13\" xmlns=\"http:\/\/www.w3.org\/2000\/svg\"><path d=\"m5.79999.990059-1.58 3.220001-3.549999.52c-.6399996.09-.9.87-.43 1.32l2.559999 2.51-.6 3.53004c-.11.64.56 1.12 1.13.82l3.18-1.67v-10.680041c-.29 0-.56.14-.71.43z\" fill=\"#f5ba41\"\/><path d=\"m10.8 12.0901-.6-3.53004 2.57-2.5c.46-.45.21-1.23-.43-1.33l-3.56-.52-1.58-3.220001c-.15-.28-.42-.43-.7-.43v10.680041l3.18 1.67c.56.3 1.23-.18 1.12-.82z\" fill=\"#e5e5e5\"\/><\/svg><\/i><\/div><div class=\"course_price\"><div class=\"course_price_text\">Precio Emagister<\/div><del>7.750 \u20ac<\/del>  3.643 \u20ac<\/div><a href=\"https:\/\/www.emagister.com\/master-inteligencia-artificial-tecnologias-disruptivas-para-innovacion-industria-4-0-cursos-3811934.htm\" class=\"course_button directory\">Ver m\u00e1s<\/a><\/div><\/div><div class=\"course\"><div class=\"inside\"><a href=\"https:\/\/www.emagister.com\/master-universitario-tecnologia-educativa-cursos-3787983.htm\" class=\"course_name directory\">M\u00e1ster Universitario en Tecnolog\u00eda Educativa<\/a><div class=\"course_center\">UNIE UNIVERSIDAD<\/div><div class=\"course_rating\"><svg fill=\"none\" height=\"13\" viewBox=\"0 0 13 13\" width=\"13\" xmlns=\"http:\/\/www.w3.org\/2000\/svg\"><path d=\"m5.79999.990059-1.58 3.220001-3.549999.52c-.6399996.09-.9.87-.43 1.32l2.559999 2.51-.6 3.53004c-.11.64.56 1.12 1.13.82l3.18-1.67v-10.680041c-.29 0-.56.14-.71.43z\" fill=\"#f5ba41\"\/><path d=\"m10.8 12.0901-.6-3.53004 2.57-2.5c.46-.45.21-1.23-.43-1.33l-3.56-.52-1.58-3.220001c-.15-.28-.42-.43-.7-.43v10.680041l3.18 1.67c.56.3 1.23-.18 1.12-.82z\" fill=\"#e5e5e5\"\/><\/svg><\/i><svg fill=\"none\" height=\"13\" viewBox=\"0 0 13 13\" width=\"13\" xmlns=\"http:\/\/www.w3.org\/2000\/svg\"><path d=\"m5.79999.990059-1.58 3.220001-3.549999.52c-.6399996.09-.9.87-.43 1.32l2.559999 2.51-.6 3.53004c-.11.64.56 1.12 1.13.82l3.18-1.67v-10.680041c-.29 0-.56.14-.71.43z\" fill=\"#f5ba41\"\/><path d=\"m10.8 12.0901-.6-3.53004 2.57-2.5c.46-.45.21-1.23-.43-1.33l-3.56-.52-1.58-3.220001c-.15-.28-.42-.43-.7-.43v10.680041l3.18 1.67c.56.3 1.23-.18 1.12-.82z\" fill=\"#e5e5e5\"\/><\/svg><\/i><svg fill=\"none\" height=\"13\" viewBox=\"0 0 13 13\" width=\"13\" xmlns=\"http:\/\/www.w3.org\/2000\/svg\"><path d=\"m5.79999.990059-1.58 3.220001-3.549999.52c-.6399996.09-.9.87-.43 1.32l2.559999 2.51-.6 3.53004c-.11.64.56 1.12 1.13.82l3.18-1.67v-10.680041c-.29 0-.56.14-.71.43z\" fill=\"#f5ba41\"\/><path d=\"m10.8 12.0901-.6-3.53004 2.57-2.5c.46-.45.21-1.23-.43-1.33l-3.56-.52-1.58-3.220001c-.15-.28-.42-.43-.7-.43v10.680041l3.18 1.67c.56.3 1.23-.18 1.12-.82z\" fill=\"#e5e5e5\"\/><\/svg><\/i><svg fill=\"none\" height=\"13\" viewBox=\"0 0 13 13\" width=\"13\" xmlns=\"http:\/\/www.w3.org\/2000\/svg\"><path d=\"m5.79999.990059-1.58 3.220001-3.549999.52c-.6399996.09-.9.87-.43 1.32l2.559999 2.51-.6 3.53004c-.11.64.56 1.12 1.13.82l3.18-1.67v-10.680041c-.29 0-.56.14-.71.43z\" fill=\"#f5ba41\"\/><path d=\"m10.8 12.0901-.6-3.53004 2.57-2.5c.46-.45.21-1.23-.43-1.33l-3.56-.52-1.58-3.220001c-.15-.28-.42-.43-.7-.43v10.680041l3.18 1.67c.56.3 1.23-.18 1.12-.82z\" fill=\"#e5e5e5\"\/><\/svg><\/i><svg fill=\"none\" height=\"13\" viewBox=\"0 0 13 13\" width=\"13\" xmlns=\"http:\/\/www.w3.org\/2000\/svg\"><path d=\"m5.79999.990059-1.58 3.220001-3.549999.52c-.6399996.09-.9.87-.43 1.32l2.559999 2.51-.6 3.53004c-.11.64.56 1.12 1.13.82l3.18-1.67v-10.680041c-.29 0-.56.14-.71.43z\" fill=\"#f5ba41\"\/><path d=\"m10.8 12.0901-.6-3.53004 2.57-2.5c.46-.45.21-1.23-.43-1.33l-3.56-.52-1.58-3.220001c-.15-.28-.42-.43-.7-.43v10.680041l3.18 1.67c.56.3 1.23-.18 1.12-.82z\" fill=\"#e5e5e5\"\/><\/svg><\/i><\/div><div class=\"course_price\"><div class=\"course_price_text\">Precio a consultar<\/div><\/div><a href=\"https:\/\/www.emagister.com\/master-universitario-tecnologia-educativa-cursos-3787983.htm\" class=\"course_button directory\">Ver m\u00e1s<\/a><\/div><\/div><div class=\"courses_more_wpr\"><span class=\"courses_more directory ofuscado\" onclick=\"window.location.href='https:\/\/www.emagister.com\/web\/search?q=tecnolog\u00eda&#038;token=668d173c-ff0d-4d4f-bd13-3db820a3b96a&#038;segment=1&#038;sort=purePPL';\">Ver todos los cursos<svg height=\"20\" viewBox=\"0 0 20 20\" width=\"20\" xmlns=\"http:\/\/www.w3.org\/2000\/svg\"><path d=\"m12.77 10.332-4.602 4.531c-.184.184-.48.184-.664 0l-.277-.277c-.184-.184-.184-.48 0-.664l3.996-3.922-3.993-3.922c-.183-.183-.183-.48 0-.664l.278-.277c.183-.184.48-.184.664 0l4.601 4.531c.18.184.18.48-.003.664z\" fill=\"#4cb7ac\" fill-rule=\"evenodd\"\/><\/svg><\/span><\/div><\/div><\/p>\n<p style=\"text-align: justify;\"><span style=\"font-weight: 400;\">La llegada de la <strong>tecnolog\u00eda<\/strong> a todos los \u00e1mbitos de vida, incluido el laboral, propicia cambios en la manera de trabajar. No obstante, no todos los empleados est\u00e1n familiarizados con el entorno digital. Es por eso que la formaci\u00f3n en el entorno laboral es tan importante. Sin embargo, al tiempo que las empresas llevan a cabo su transformaci\u00f3n digital deben formar a sus empleados para que est\u00e9n al d\u00eda con el actual ecosistema repleto de habilidades en constante evoluci\u00f3n.<\/span><\/p>\n<p style=\"text-align: justify;\"><span style=\"font-weight: 400;\">Las empresas tienen una gran oportunidad a la vista, pero tambi\u00e9n una gran responsabilidad: Dar las herramientas necesarias a sus empleados para poder integrarse en estos <a href=\"https:\/\/www.emagister.com\/blog\/programas-informaticos-dominar-encontrar-trabajo\/\">nuevos entornos digitales<\/a> y poder progresar en su puesto de trabajo.<\/span><\/p>\n<h3 style=\"text-align: justify;\"><strong>3 predicciones de aprendizaje para el pr\u00f3ximo 2019<\/strong><\/h3>\n<ul style=\"text-align: justify;\">\n<li><span style=\"font-weight: 400;\">La <strong>personalizaci\u00f3n<\/strong> ser\u00e1 clave en la actualizaci\u00f3n de las <a href=\"https:\/\/www.emagister.com\/blog\/10-consejos-mejorar-lider-ambito-profesional\/\">habilidades profesionales<\/a> y la creaci\u00f3n de comunidades de conocimiento ser\u00e1 una realidad, creando el &#8216;aprendizaje social&#8217; y haciendo que peso a trav\u00e9s de las herramientas de social media y foros internos de de la empresa, que permitir\u00e1n a los empleados conectarse con compa\u00f1eros para intercambiar consejos y conocimientos. Una comunidad dentro de la misma comunidad de la empresa.<\/span><\/li>\n<li><span style=\"font-weight: 400;\">Los <strong>chatbots<\/strong> ser\u00e1n los futuros asistentes personales de formaci\u00f3n. Adem\u00e1s la formaci\u00f3n en las compa\u00f1\u00edas en 2019 mezclar\u00e1 ense\u00f1anza tradicional en aula, aprendizaje social entre compa\u00f1eros, realidad aumentada y virtual y <a href=\"https:\/\/www.emagister.com\/blog\/10-consejos-mejorar-lider-ambito-profesional\/\">coaching individual<\/a>. Este \u00faltimo tiene un papel importante en el proceso de aprendizaje de trabajador. Si se cuenta con este perfil en el puesto de trabajo la adaptaci\u00f3n del empleado a los cambios es m\u00e1s asertiva y positiva.<\/span><\/li>\n<li><span style=\"font-weight: 400;\">Los equipos de formaci\u00f3n y desarrollo construir\u00e1n el \u2018<strong>dream team\u2019\u00a0<\/strong>digital. Para acompa\u00f1ar la transformaci\u00f3n digital, los departamentos de formaci\u00f3n deber\u00e1n adaptarse tambi\u00e9n y adquirir nuevas habilidades que les permitan redise\u00f1ar toda la experiencia de aprendizaje en la compa\u00f1\u00eda<\/span><\/li>\n<\/ul>\n<p><em><strong>Fuente: equiposytalento.com<\/strong><\/em><\/p>\n<p style=\"text-align: justify;\"><div class=\"courses\"><div class=\"course\"><div class=\"inside\"><a href=\"https:\/\/www.emagister.com\/master-ingenieria-software-cursos-3823698.htm\" class=\"course_name directory\">M\u00e1ster en Ingenier\u00eda de Software<\/a><div class=\"course_center\">Instituto Europeo de Posgrado (IEP)<\/div><div class=\"course_rating\"><i class=\"course_rating_star\"><\/i><\/div><div class=\"course_price\"><div class=\"course_price_text\">Precio Emagister<\/div><del>7.750 \u20ac<\/del>  3.643 \u20ac<\/div><a href=\"https:\/\/www.emagister.com\/master-ingenieria-software-cursos-3823698.htm\" class=\"course_button directory\">Ver m\u00e1s<\/a><\/div><\/div><div class=\"course\"><div class=\"inside\"><a href=\"https:\/\/www.emagister.com\/master-universitario-formacion-del-profesorado-educacion-secundaria-obligatoria-bachillerato-formacion-profesion-cursos-3808553.htm\" class=\"course_name directory\">M\u00e1ster Universitario en Formaci\u00f3n del Profesorado de Educaci\u00f3n Secundaria Obligatoria, Bachillerato, Formaci\u00f3n Profesional y Ense\u00f1anza de Idiomas. Especialidad en Inform\u00e1tica y Tecnolog\u00eda<\/a><div class=\"course_center\">UNIE UNIVERSIDAD<\/div><div class=\"course_rating\"><svg fill=\"none\" height=\"13\" viewBox=\"0 0 13 13\" width=\"13\" xmlns=\"http:\/\/www.w3.org\/2000\/svg\"><path d=\"m5.79999.990059-1.58 3.220001-3.549999.52c-.6399996.09-.9.87-.43 1.32l2.559999 2.51-.6 3.53004c-.11.64.56 1.12 1.13.82l3.18-1.67v-10.680041c-.29 0-.56.14-.71.43z\" fill=\"#f5ba41\"\/><path d=\"m10.8 12.0901-.6-3.53004 2.57-2.5c.46-.45.21-1.23-.43-1.33l-3.56-.52-1.58-3.220001c-.15-.28-.42-.43-.7-.43v10.680041l3.18 1.67c.56.3 1.23-.18 1.12-.82z\" fill=\"#e5e5e5\"\/><\/svg><\/i><svg fill=\"none\" height=\"13\" viewBox=\"0 0 13 13\" width=\"13\" xmlns=\"http:\/\/www.w3.org\/2000\/svg\"><path d=\"m5.79999.990059-1.58 3.220001-3.549999.52c-.6399996.09-.9.87-.43 1.32l2.559999 2.51-.6 3.53004c-.11.64.56 1.12 1.13.82l3.18-1.67v-10.680041c-.29 0-.56.14-.71.43z\" fill=\"#f5ba41\"\/><path d=\"m10.8 12.0901-.6-3.53004 2.57-2.5c.46-.45.21-1.23-.43-1.33l-3.56-.52-1.58-3.220001c-.15-.28-.42-.43-.7-.43v10.680041l3.18 1.67c.56.3 1.23-.18 1.12-.82z\" fill=\"#e5e5e5\"\/><\/svg><\/i><svg fill=\"none\" height=\"13\" viewBox=\"0 0 13 13\" width=\"13\" xmlns=\"http:\/\/www.w3.org\/2000\/svg\"><path d=\"m5.79999.990059-1.58 3.220001-3.549999.52c-.6399996.09-.9.87-.43 1.32l2.559999 2.51-.6 3.53004c-.11.64.56 1.12 1.13.82l3.18-1.67v-10.680041c-.29 0-.56.14-.71.43z\" fill=\"#f5ba41\"\/><path d=\"m10.8 12.0901-.6-3.53004 2.57-2.5c.46-.45.21-1.23-.43-1.33l-3.56-.52-1.58-3.220001c-.15-.28-.42-.43-.7-.43v10.680041l3.18 1.67c.56.3 1.23-.18 1.12-.82z\" fill=\"#e5e5e5\"\/><\/svg><\/i><svg fill=\"none\" height=\"13\" viewBox=\"0 0 13 13\" width=\"13\" xmlns=\"http:\/\/www.w3.org\/2000\/svg\"><path d=\"m5.79999.990059-1.58 3.220001-3.549999.52c-.6399996.09-.9.87-.43 1.32l2.559999 2.51-.6 3.53004c-.11.64.56 1.12 1.13.82l3.18-1.67v-10.680041c-.29 0-.56.14-.71.43z\" fill=\"#f5ba41\"\/><path d=\"m10.8 12.0901-.6-3.53004 2.57-2.5c.46-.45.21-1.23-.43-1.33l-3.56-.52-1.58-3.220001c-.15-.28-.42-.43-.7-.43v10.680041l3.18 1.67c.56.3 1.23-.18 1.12-.82z\" fill=\"#e5e5e5\"\/><\/svg><\/i><svg fill=\"none\" height=\"13\" viewBox=\"0 0 13 13\" width=\"13\" xmlns=\"http:\/\/www.w3.org\/2000\/svg\"><path d=\"m5.79999.990059-1.58 3.220001-3.549999.52c-.6399996.09-.9.87-.43 1.32l2.559999 2.51-.6 3.53004c-.11.64.56 1.12 1.13.82l3.18-1.67v-10.680041c-.29 0-.56.14-.71.43z\" fill=\"#f5ba41\"\/><path d=\"m10.8 12.0901-.6-3.53004 2.57-2.5c.46-.45.21-1.23-.43-1.33l-3.56-.52-1.58-3.220001c-.15-.28-.42-.43-.7-.43v10.680041l3.18 1.67c.56.3 1.23-.18 1.12-.82z\" fill=\"#e5e5e5\"\/><\/svg><\/i><\/div><div class=\"course_price\"><div class=\"course_price_text\">Precio a consultar<\/div><\/div><a href=\"https:\/\/www.emagister.com\/master-universitario-formacion-del-profesorado-educacion-secundaria-obligatoria-bachillerato-formacion-profesion-cursos-3808553.htm\" class=\"course_button directory\">Ver m\u00e1s<\/a><\/div><\/div><div class=\"courses_more_wpr\"><span class=\"courses_more directory ofuscado\" onclick=\"window.location.href='https:\/\/www.emagister.com\/web\/search?q=inform\u00e1tica&#038;token=668d173c-ff0d-4d4f-bd13-3db820a3b96a&#038;segment=1&#038;sort=purePPL';\">Ver todos los cursos<svg height=\"20\" viewBox=\"0 0 20 20\" width=\"20\" xmlns=\"http:\/\/www.w3.org\/2000\/svg\"><path d=\"m12.77 10.332-4.602 4.531c-.184.184-.48.184-.664 0l-.277-.277c-.184-.184-.184-.48 0-.664l3.996-3.922-3.993-3.922c-.183-.183-.183-.48 0-.664l.278-.277c.183-.184.48-.184.664 0l4.601 4.531c.18.184.18.48-.003.664z\" fill=\"#4cb7ac\" fill-rule=\"evenodd\"\/><\/svg><\/span><\/div><\/div><\/p>\n","protected":false},"excerpt":{"rendered":"<p>Cada nuevo a\u00f1o es una promesa de nuevas oportunidades para la formaci\u00f3n en el entorno laboral y, en los \u00faltimos &#8230; <a title=\"\u00bfQu\u00e9 cambios aportar\u00e1 la tecnolog\u00eda a la formaci\u00f3n en las empresas este 2019?\" class=\"read-more\" href=\"https:\/\/www.emagister.com\/blog\/que-cambios-aportara-la-tecnologia-a-la-formacion-en-las-empresas-este-2019\/\" aria-label=\"M\u00e1s en \u00bfQu\u00e9 cambios aportar\u00e1 la tecnolog\u00eda a la formaci\u00f3n en las empresas este 2019?\">Leer m\u00e1s<\/a><\/p>\n","protected":false},"author":277,"featured_media":77720,"comment_status":"open","ping_status":"closed","sticky":false,"template":"","format":"standard","meta":{"_acf_changed":false,"inline_featured_image":false,"footnotes":""},"categories":[520,772,8381],"tags":[92,532,3905,4643,8193,9718,10370],"class_list":["post-77714","post","type-post","status-publish","format-standard","has-post-thumbnail","hentry","category-educacion-2","category-desarrollo-personal","category-mercado-laboral","tag-formacion","tag-tecnologia-2","tag-formas-de-aprendizaje","tag-coaching-ejecutivo","tag-formacion-tecnologica","tag-tendencias-digitales","tag-profesional","generate-columns","tablet-grid-50","mobile-grid-100","grid-parent","grid-25"],"acf":{"mostrar_faldon":"-1","texto_faldon":"","link_faldon":"","link_texto_faldon":"","hreflang":false,"estilo_titulo":""},"yoast_head":"<!-- This site is optimized with the Yoast SEO Premium plugin v18.1 (Yoast SEO v27.0) - https:\/\/yoast.com\/product\/yoast-seo-premium-wordpress\/ -->\n<title>\u00bfQu\u00e9 cambios aportar\u00e1 la tecnolog\u00eda a la formaci\u00f3n en las empresas este 2019? - Blog Emagister<\/title>\n<meta name=\"description\" content=\"Cada nuevo a\u00f1o es una promesa de nuevas oportunidades para la formaci\u00f3n en el entorno laboral y, en los \u00faltimos a\u00f1os con la tecnolog\u00eda.\" \/>\n<meta name=\"robots\" content=\"index, follow\" \/>\n<link rel=\"canonical\" href=\"https:\/\/www.emagister.com\/blog\/que-cambios-aportara-la-tecnologia-a-la-formacion-en-las-empresas-este-2019\/\" \/>\n<meta property=\"og:locale\" content=\"es_ES\" \/>\n<meta property=\"og:type\" content=\"article\" \/>\n<meta property=\"og:title\" content=\"\u00bfQu\u00e9 cambios aportar\u00e1 la tecnolog\u00eda a la formaci\u00f3n en las empresas este 2019?\" \/>\n<meta property=\"og:description\" content=\"Cada nuevo a\u00f1o es una promesa de nuevas oportunidades para la formaci\u00f3n en el entorno laboral y, en los \u00faltimos a\u00f1os con la tecnolog\u00eda.\" \/>\n<meta property=\"og:url\" content=\"https:\/\/www.emagister.com\/blog\/que-cambios-aportara-la-tecnologia-a-la-formacion-en-las-empresas-este-2019\/\" \/>\n<meta property=\"og:site_name\" content=\"Blog Emagister\" \/>\n<meta property=\"article:publisher\" content=\"https:\/\/www.facebook.com\/Emagister\/\" \/>\n<meta property=\"article:published_time\" content=\"2018-12-13T13:03:21+00:00\" \/>\n<meta property=\"article:modified_time\" content=\"2021-05-03T10:03:14+00:00\" \/>\n<meta property=\"og:image\" content=\"https:\/\/www.emagister.com\/blog\/wp-content\/uploads\/2018\/12\/ThinkstockPhotos-924520134.jpg\" \/>\n\t<meta property=\"og:image:width\" content=\"509\" \/>\n\t<meta property=\"og:image:height\" content=\"339\" \/>\n\t<meta property=\"og:image:type\" content=\"image\/jpeg\" \/>\n<meta name=\"author\" content=\"Marta Trap\u00e9\" \/>\n<meta name=\"twitter:card\" content=\"summary_large_image\" \/>\n<meta name=\"twitter:creator\" content=\"@emagister\" \/>\n<meta name=\"twitter:site\" content=\"@emagister\" \/>\n<meta name=\"twitter:label1\" content=\"Escrito por\" \/>\n\t<meta name=\"twitter:data1\" content=\"Marta Trap\u00e9\" \/>\n\t<meta name=\"twitter:label2\" content=\"Tiempo de lectura\" \/>\n\t<meta name=\"twitter:data2\" content=\"2 minutos\" \/>\n<script type=\"application\/ld+json\" class=\"yoast-schema-graph\">{\"@context\":\"https:\/\/schema.org\",\"@graph\":[{\"@type\":\"Article\",\"@id\":\"https:\/\/www.emagister.com\/blog\/que-cambios-aportara-la-tecnologia-a-la-formacion-en-las-empresas-este-2019\/#article\",\"isPartOf\":{\"@id\":\"https:\/\/www.emagister.com\/blog\/que-cambios-aportara-la-tecnologia-a-la-formacion-en-las-empresas-este-2019\/\"},\"author\":{\"name\":\"Marta Trap\u00e9\",\"@id\":\"https:\/\/www.emagister.com\/blog\/#\/schema\/person\/43561579cf9a10db326f00524d5f26a5\"},\"headline\":\"\u00bfQu\u00e9 cambios aportar\u00e1 la tecnolog\u00eda a la formaci\u00f3n en las empresas este 2019?\",\"datePublished\":\"2018-12-13T13:03:21+00:00\",\"dateModified\":\"2021-05-03T10:03:14+00:00\",\"mainEntityOfPage\":{\"@id\":\"https:\/\/www.emagister.com\/blog\/que-cambios-aportara-la-tecnologia-a-la-formacion-en-las-empresas-este-2019\/\"},\"wordCount\":412,\"commentCount\":0,\"publisher\":{\"@id\":\"https:\/\/www.emagister.com\/blog\/#organization\"},\"image\":{\"@id\":\"https:\/\/www.emagister.com\/blog\/que-cambios-aportara-la-tecnologia-a-la-formacion-en-las-empresas-este-2019\/#primaryimage\"},\"thumbnailUrl\":\"https:\/\/www.emagister.com\/blog\/wp-content\/uploads\/2018\/12\/ThinkstockPhotos-924520134.jpg\",\"keywords\":[\"formaci\u00f3n\",\"tecnolog\u00eda\",\"formas de aprendizaje\",\"coaching ejecutivo\",\"formaci\u00f3n tecnol\u00f3gica\",\"tendencias digitales\",\"profesional\"],\"articleSection\":[\"Tendencias en educaci\u00f3n\",\"Desarrollo personal\",\"Mercado laboral\"],\"inLanguage\":\"es\",\"potentialAction\":[{\"@type\":\"CommentAction\",\"name\":\"Comment\",\"target\":[\"https:\/\/www.emagister.com\/blog\/que-cambios-aportara-la-tecnologia-a-la-formacion-en-las-empresas-este-2019\/#respond\"]}]},{\"@type\":\"WebPage\",\"@id\":\"https:\/\/www.emagister.com\/blog\/que-cambios-aportara-la-tecnologia-a-la-formacion-en-las-empresas-este-2019\/\",\"url\":\"https:\/\/www.emagister.com\/blog\/que-cambios-aportara-la-tecnologia-a-la-formacion-en-las-empresas-este-2019\/\",\"name\":\"\u00bfQu\u00e9 cambios aportar\u00e1 la tecnolog\u00eda a la formaci\u00f3n en las empresas este 2019? - Blog Emagister\",\"isPartOf\":{\"@id\":\"https:\/\/www.emagister.com\/blog\/#website\"},\"primaryImageOfPage\":{\"@id\":\"https:\/\/www.emagister.com\/blog\/que-cambios-aportara-la-tecnologia-a-la-formacion-en-las-empresas-este-2019\/#primaryimage\"},\"image\":{\"@id\":\"https:\/\/www.emagister.com\/blog\/que-cambios-aportara-la-tecnologia-a-la-formacion-en-las-empresas-este-2019\/#primaryimage\"},\"thumbnailUrl\":\"https:\/\/www.emagister.com\/blog\/wp-content\/uploads\/2018\/12\/ThinkstockPhotos-924520134.jpg\",\"datePublished\":\"2018-12-13T13:03:21+00:00\",\"dateModified\":\"2021-05-03T10:03:14+00:00\",\"description\":\"Cada nuevo a\u00f1o es una promesa de nuevas oportunidades para la formaci\u00f3n en el entorno laboral y, en los \u00faltimos a\u00f1os con la tecnolog\u00eda.\",\"breadcrumb\":{\"@id\":\"https:\/\/www.emagister.com\/blog\/que-cambios-aportara-la-tecnologia-a-la-formacion-en-las-empresas-este-2019\/#breadcrumb\"},\"inLanguage\":\"es\",\"potentialAction\":[{\"@type\":\"ReadAction\",\"target\":[\"https:\/\/www.emagister.com\/blog\/que-cambios-aportara-la-tecnologia-a-la-formacion-en-las-empresas-este-2019\/\"]}]},{\"@type\":\"ImageObject\",\"inLanguage\":\"es\",\"@id\":\"https:\/\/www.emagister.com\/blog\/que-cambios-aportara-la-tecnologia-a-la-formacion-en-las-empresas-este-2019\/#primaryimage\",\"url\":\"https:\/\/www.emagister.com\/blog\/wp-content\/uploads\/2018\/12\/ThinkstockPhotos-924520134.jpg\",\"contentUrl\":\"https:\/\/www.emagister.com\/blog\/wp-content\/uploads\/2018\/12\/ThinkstockPhotos-924520134.jpg\",\"width\":509,\"height\":339,\"caption\":\"Formaci\u00f3n empresas\"},{\"@type\":\"BreadcrumbList\",\"@id\":\"https:\/\/www.emagister.com\/blog\/que-cambios-aportara-la-tecnologia-a-la-formacion-en-las-empresas-este-2019\/#breadcrumb\",\"itemListElement\":[{\"@type\":\"ListItem\",\"position\":1,\"name\":\"Blog Emagister\",\"item\":\"https:\/\/www.emagister.com\/blog\/\"},{\"@type\":\"ListItem\",\"position\":2,\"name\":\"Sistema educativo y titulaciones\",\"item\":\"https:\/\/www.emagister.com\/blog\/titulaciones\/\"},{\"@type\":\"ListItem\",\"position\":3,\"name\":\"Tendencias en educaci\u00f3n\",\"item\":\"https:\/\/www.emagister.com\/blog\/titulaciones\/educacion-2\/\"},{\"@type\":\"ListItem\",\"position\":4,\"name\":\"\u00bfQu\u00e9 cambios aportar\u00e1 la tecnolog\u00eda a la formaci\u00f3n en las empresas este 2019?\"}]},{\"@type\":\"WebSite\",\"@id\":\"https:\/\/www.emagister.com\/blog\/#website\",\"url\":\"https:\/\/www.emagister.com\/blog\/\",\"name\":\"Blog Emagister\",\"description\":\"Gu\u00eda de orientaci\u00f3n sobre estudios y tendencias de formaci\u00f3n\",\"publisher\":{\"@id\":\"https:\/\/www.emagister.com\/blog\/#organization\"},\"potentialAction\":[{\"@type\":\"SearchAction\",\"target\":{\"@type\":\"EntryPoint\",\"urlTemplate\":\"https:\/\/www.emagister.com\/blog\/?s={search_term_string}\"},\"query-input\":{\"@type\":\"PropertyValueSpecification\",\"valueRequired\":true,\"valueName\":\"search_term_string\"}}],\"inLanguage\":\"es\"},{\"@type\":\"Organization\",\"@id\":\"https:\/\/www.emagister.com\/blog\/#organization\",\"name\":\"Emagister\",\"url\":\"https:\/\/www.emagister.com\/blog\/\",\"logo\":{\"@type\":\"ImageObject\",\"inLanguage\":\"es\",\"@id\":\"https:\/\/www.emagister.com\/blog\/#\/schema\/logo\/image\/\",\"url\":\"https:\/\/www.emagister.com\/blog\/wp-content\/uploads\/2017\/02\/photo.png\",\"contentUrl\":\"https:\/\/www.emagister.com\/blog\/wp-content\/uploads\/2017\/02\/photo.png\",\"width\":120,\"height\":120,\"caption\":\"Emagister\"},\"image\":{\"@id\":\"https:\/\/www.emagister.com\/blog\/#\/schema\/logo\/image\/\"},\"sameAs\":[\"https:\/\/www.facebook.com\/Emagister\/\",\"https:\/\/x.com\/emagister\",\"https:\/\/www.instagram.com\/emagister\/\",\"https:\/\/www.linkedin.com\/company\/emagister-com\/\",\"https:\/\/www.pinterest.es\/emagister\/\",\"https:\/\/www.youtube.com\/user\/emagister\/\",\"https:\/\/es.wikipedia.org\/wiki\/Emagister\"]},{\"@type\":\"Person\",\"@id\":\"https:\/\/www.emagister.com\/blog\/#\/schema\/person\/43561579cf9a10db326f00524d5f26a5\",\"name\":\"Marta Trap\u00e9\",\"image\":{\"@type\":\"ImageObject\",\"inLanguage\":\"es\",\"@id\":\"https:\/\/www.emagister.com\/blog\/#\/schema\/person\/image\/\",\"url\":\"https:\/\/secure.gravatar.com\/avatar\/3c789ca246ecafd5189e935f3645c0958149b83aecab67769b4f55909196c991?s=96&r=g\",\"contentUrl\":\"https:\/\/secure.gravatar.com\/avatar\/3c789ca246ecafd5189e935f3645c0958149b83aecab67769b4f55909196c991?s=96&r=g\",\"caption\":\"Marta Trap\u00e9\"},\"url\":\"https:\/\/www.emagister.com\/blog\/author\/mtrape\/\"}]}<\/script>\n<!-- \/ Yoast SEO Premium plugin. -->","yoast_head_json":{"title":"\u00bfQu\u00e9 cambios aportar\u00e1 la tecnolog\u00eda a la formaci\u00f3n en las empresas este 2019? - Blog Emagister","description":"Cada nuevo a\u00f1o es una promesa de nuevas oportunidades para la formaci\u00f3n en el entorno laboral y, en los \u00faltimos a\u00f1os con la tecnolog\u00eda.","robots":{"index":"index","follow":"follow"},"canonical":"https:\/\/www.emagister.com\/blog\/que-cambios-aportara-la-tecnologia-a-la-formacion-en-las-empresas-este-2019\/","og_locale":"es_ES","og_type":"article","og_title":"\u00bfQu\u00e9 cambios aportar\u00e1 la tecnolog\u00eda a la formaci\u00f3n en las empresas este 2019?","og_description":"Cada nuevo a\u00f1o es una promesa de nuevas oportunidades para la formaci\u00f3n en el entorno laboral y, en los \u00faltimos a\u00f1os con la tecnolog\u00eda.","og_url":"https:\/\/www.emagister.com\/blog\/que-cambios-aportara-la-tecnologia-a-la-formacion-en-las-empresas-este-2019\/","og_site_name":"Blog Emagister","article_publisher":"https:\/\/www.facebook.com\/Emagister\/","article_published_time":"2018-12-13T13:03:21+00:00","article_modified_time":"2021-05-03T10:03:14+00:00","og_image":[{"width":509,"height":339,"url":"https:\/\/www.emagister.com\/blog\/wp-content\/uploads\/2018\/12\/ThinkstockPhotos-924520134.jpg","type":"image\/jpeg"}],"author":"Marta Trap\u00e9","twitter_card":"summary_large_image","twitter_creator":"@emagister","twitter_site":"@emagister","twitter_misc":{"Escrito por":"Marta Trap\u00e9","Tiempo de lectura":"2 minutos"},"schema":{"@context":"https:\/\/schema.org","@graph":[{"@type":"Article","@id":"https:\/\/www.emagister.com\/blog\/que-cambios-aportara-la-tecnologia-a-la-formacion-en-las-empresas-este-2019\/#article","isPartOf":{"@id":"https:\/\/www.emagister.com\/blog\/que-cambios-aportara-la-tecnologia-a-la-formacion-en-las-empresas-este-2019\/"},"author":{"name":"Marta Trap\u00e9","@id":"https:\/\/www.emagister.com\/blog\/#\/schema\/person\/43561579cf9a10db326f00524d5f26a5"},"headline":"\u00bfQu\u00e9 cambios aportar\u00e1 la tecnolog\u00eda a la formaci\u00f3n en las empresas este 2019?","datePublished":"2018-12-13T13:03:21+00:00","dateModified":"2021-05-03T10:03:14+00:00","mainEntityOfPage":{"@id":"https:\/\/www.emagister.com\/blog\/que-cambios-aportara-la-tecnologia-a-la-formacion-en-las-empresas-este-2019\/"},"wordCount":412,"commentCount":0,"publisher":{"@id":"https:\/\/www.emagister.com\/blog\/#organization"},"image":{"@id":"https:\/\/www.emagister.com\/blog\/que-cambios-aportara-la-tecnologia-a-la-formacion-en-las-empresas-este-2019\/#primaryimage"},"thumbnailUrl":"https:\/\/www.emagister.com\/blog\/wp-content\/uploads\/2018\/12\/ThinkstockPhotos-924520134.jpg","keywords":["formaci\u00f3n","tecnolog\u00eda","formas de aprendizaje","coaching ejecutivo","formaci\u00f3n tecnol\u00f3gica","tendencias digitales","profesional"],"articleSection":["Tendencias en educaci\u00f3n","Desarrollo personal","Mercado laboral"],"inLanguage":"es","potentialAction":[{"@type":"CommentAction","name":"Comment","target":["https:\/\/www.emagister.com\/blog\/que-cambios-aportara-la-tecnologia-a-la-formacion-en-las-empresas-este-2019\/#respond"]}]},{"@type":"WebPage","@id":"https:\/\/www.emagister.com\/blog\/que-cambios-aportara-la-tecnologia-a-la-formacion-en-las-empresas-este-2019\/","url":"https:\/\/www.emagister.com\/blog\/que-cambios-aportara-la-tecnologia-a-la-formacion-en-las-empresas-este-2019\/","name":"\u00bfQu\u00e9 cambios aportar\u00e1 la tecnolog\u00eda a la formaci\u00f3n en las empresas este 2019? - Blog Emagister","isPartOf":{"@id":"https:\/\/www.emagister.com\/blog\/#website"},"primaryImageOfPage":{"@id":"https:\/\/www.emagister.com\/blog\/que-cambios-aportara-la-tecnologia-a-la-formacion-en-las-empresas-este-2019\/#primaryimage"},"image":{"@id":"https:\/\/www.emagister.com\/blog\/que-cambios-aportara-la-tecnologia-a-la-formacion-en-las-empresas-este-2019\/#primaryimage"},"thumbnailUrl":"https:\/\/www.emagister.com\/blog\/wp-content\/uploads\/2018\/12\/ThinkstockPhotos-924520134.jpg","datePublished":"2018-12-13T13:03:21+00:00","dateModified":"2021-05-03T10:03:14+00:00","description":"Cada nuevo a\u00f1o es una promesa de nuevas oportunidades para la formaci\u00f3n en el entorno laboral y, en los \u00faltimos a\u00f1os con la tecnolog\u00eda.","breadcrumb":{"@id":"https:\/\/www.emagister.com\/blog\/que-cambios-aportara-la-tecnologia-a-la-formacion-en-las-empresas-este-2019\/#breadcrumb"},"inLanguage":"es","potentialAction":[{"@type":"ReadAction","target":["https:\/\/www.emagister.com\/blog\/que-cambios-aportara-la-tecnologia-a-la-formacion-en-las-empresas-este-2019\/"]}]},{"@type":"ImageObject","inLanguage":"es","@id":"https:\/\/www.emagister.com\/blog\/que-cambios-aportara-la-tecnologia-a-la-formacion-en-las-empresas-este-2019\/#primaryimage","url":"https:\/\/www.emagister.com\/blog\/wp-content\/uploads\/2018\/12\/ThinkstockPhotos-924520134.jpg","contentUrl":"https:\/\/www.emagister.com\/blog\/wp-content\/uploads\/2018\/12\/ThinkstockPhotos-924520134.jpg","width":509,"height":339,"caption":"Formaci\u00f3n empresas"},{"@type":"BreadcrumbList","@id":"https:\/\/www.emagister.com\/blog\/que-cambios-aportara-la-tecnologia-a-la-formacion-en-las-empresas-este-2019\/#breadcrumb","itemListElement":[{"@type":"ListItem","position":1,"name":"Blog Emagister","item":"https:\/\/www.emagister.com\/blog\/"},{"@type":"ListItem","position":2,"name":"Sistema educativo y titulaciones","item":"https:\/\/www.emagister.com\/blog\/titulaciones\/"},{"@type":"ListItem","position":3,"name":"Tendencias en educaci\u00f3n","item":"https:\/\/www.emagister.com\/blog\/titulaciones\/educacion-2\/"},{"@type":"ListItem","position":4,"name":"\u00bfQu\u00e9 cambios aportar\u00e1 la tecnolog\u00eda a la formaci\u00f3n en las empresas este 2019?"}]},{"@type":"WebSite","@id":"https:\/\/www.emagister.com\/blog\/#website","url":"https:\/\/www.emagister.com\/blog\/","name":"Blog Emagister","description":"Gu\u00eda de orientaci\u00f3n sobre estudios y tendencias de formaci\u00f3n","publisher":{"@id":"https:\/\/www.emagister.com\/blog\/#organization"},"potentialAction":[{"@type":"SearchAction","target":{"@type":"EntryPoint","urlTemplate":"https:\/\/www.emagister.com\/blog\/?s={search_term_string}"},"query-input":{"@type":"PropertyValueSpecification","valueRequired":true,"valueName":"search_term_string"}}],"inLanguage":"es"},{"@type":"Organization","@id":"https:\/\/www.emagister.com\/blog\/#organization","name":"Emagister","url":"https:\/\/www.emagister.com\/blog\/","logo":{"@type":"ImageObject","inLanguage":"es","@id":"https:\/\/www.emagister.com\/blog\/#\/schema\/logo\/image\/","url":"https:\/\/www.emagister.com\/blog\/wp-content\/uploads\/2017\/02\/photo.png","contentUrl":"https:\/\/www.emagister.com\/blog\/wp-content\/uploads\/2017\/02\/photo.png","width":120,"height":120,"caption":"Emagister"},"image":{"@id":"https:\/\/www.emagister.com\/blog\/#\/schema\/logo\/image\/"},"sameAs":["https:\/\/www.facebook.com\/Emagister\/","https:\/\/x.com\/emagister","https:\/\/www.instagram.com\/emagister\/","https:\/\/www.linkedin.com\/company\/emagister-com\/","https:\/\/www.pinterest.es\/emagister\/","https:\/\/www.youtube.com\/user\/emagister\/","https:\/\/es.wikipedia.org\/wiki\/Emagister"]},{"@type":"Person","@id":"https:\/\/www.emagister.com\/blog\/#\/schema\/person\/43561579cf9a10db326f00524d5f26a5","name":"Marta Trap\u00e9","image":{"@type":"ImageObject","inLanguage":"es","@id":"https:\/\/www.emagister.com\/blog\/#\/schema\/person\/image\/","url":"https:\/\/secure.gravatar.com\/avatar\/3c789ca246ecafd5189e935f3645c0958149b83aecab67769b4f55909196c991?s=96&r=g","contentUrl":"https:\/\/secure.gravatar.com\/avatar\/3c789ca246ecafd5189e935f3645c0958149b83aecab67769b4f55909196c991?s=96&r=g","caption":"Marta Trap\u00e9"},"url":"https:\/\/www.emagister.com\/blog\/author\/mtrape\/"}]}},"_links":{"self":[{"href":"https:\/\/www.emagister.com\/blog\/wp-json\/wp\/v2\/posts\/77714","targetHints":{"allow":["GET"]}}],"collection":[{"href":"https:\/\/www.emagister.com\/blog\/wp-json\/wp\/v2\/posts"}],"about":[{"href":"https:\/\/www.emagister.com\/blog\/wp-json\/wp\/v2\/types\/post"}],"author":[{"embeddable":true,"href":"https:\/\/www.emagister.com\/blog\/wp-json\/wp\/v2\/users\/277"}],"replies":[{"embeddable":true,"href":"https:\/\/www.emagister.com\/blog\/wp-json\/wp\/v2\/comments?post=77714"}],"version-history":[{"count":1,"href":"https:\/\/www.emagister.com\/blog\/wp-json\/wp\/v2\/posts\/77714\/revisions"}],"predecessor-version":[{"id":125601,"href":"https:\/\/www.emagister.com\/blog\/wp-json\/wp\/v2\/posts\/77714\/revisions\/125601"}],"wp:featuredmedia":[{"embeddable":true,"href":"https:\/\/www.emagister.com\/blog\/wp-json\/wp\/v2\/media\/77720"}],"wp:attachment":[{"href":"https:\/\/www.emagister.com\/blog\/wp-json\/wp\/v2\/media?parent=77714"}],"wp:term":[{"taxonomy":"category","embeddable":true,"href":"https:\/\/www.emagister.com\/blog\/wp-json\/wp\/v2\/categories?post=77714"},{"taxonomy":"post_tag","embeddable":true,"href":"https:\/\/www.emagister.com\/blog\/wp-json\/wp\/v2\/tags?post=77714"}],"curies":[{"name":"wp","href":"https:\/\/api.w.org\/{rel}","templated":true}]}}