{"id":79573,"date":"2019-01-14T12:07:50","date_gmt":"2019-01-14T11:07:50","guid":{"rendered":"https:\/\/www.emagister.com\/blog\/?p=79573"},"modified":"2019-03-28T14:47:40","modified_gmt":"2019-03-28T13:47:40","slug":"como-trabajar-en-el-sector-it","status":"publish","type":"post","link":"https:\/\/www.emagister.com\/blog\/como-trabajar-en-el-sector-it\/","title":{"rendered":"C\u00f3mo trabajar en el sector IT"},"content":{"rendered":"<p style=\"text-align: justify;\">La demanda de perfiles en el sector IT tendr\u00e1 un incremento de un 9,3 % hasta el a\u00f1o 2020 en todo el mundo. Por lo que los expertos en Inform\u00e1tica y telecomunicaciones\u00a0<strong>seguir\u00e1n siendo los m\u00e1s buscados del mercado laboral.\u00a0<\/strong><!--more--><\/p>\n<p style=\"text-align: justify;\"><div class=\"courses\"><div class=\"course\"><div class=\"inside\"><a href=\"https:\/\/www.emagister.com\/master-direccion-sistemas-tecnologia-empresarial-cursos-3605550.htm\" class=\"course_name directory\">M\u00e1ster en Direcci\u00f3n de Sistemas y Tecnolog\u00eda Empresarial<\/a><div class=\"course_center\">IMF Smart Education<\/div><div class=\"course_rating\"><svg fill=\"none\" height=\"13\" viewBox=\"0 0 13 13\" width=\"13\" xmlns=\"http:\/\/www.w3.org\/2000\/svg\"><path d=\"m5.79999.990059-1.58 3.220001-3.549999.52c-.6399996.09-.9.87-.43 1.32l2.559999 2.51-.6 3.53004c-.11.64.56 1.12 1.13.82l3.18-1.67v-10.680041c-.29 0-.56.14-.71.43z\" fill=\"#f5ba41\"\/><path d=\"m10.8 12.0901-.6-3.53004 2.57-2.5c.46-.45.21-1.23-.43-1.33l-3.56-.52-1.58-3.220001c-.15-.28-.42-.43-.7-.43v10.680041l3.18 1.67c.56.3 1.23-.18 1.12-.82z\" fill=\"#e5e5e5\"\/><\/svg><\/i><svg fill=\"none\" height=\"13\" viewBox=\"0 0 13 13\" width=\"13\" xmlns=\"http:\/\/www.w3.org\/2000\/svg\"><path d=\"m5.79999.990059-1.58 3.220001-3.549999.52c-.6399996.09-.9.87-.43 1.32l2.559999 2.51-.6 3.53004c-.11.64.56 1.12 1.13.82l3.18-1.67v-10.680041c-.29 0-.56.14-.71.43z\" fill=\"#f5ba41\"\/><path d=\"m10.8 12.0901-.6-3.53004 2.57-2.5c.46-.45.21-1.23-.43-1.33l-3.56-.52-1.58-3.220001c-.15-.28-.42-.43-.7-.43v10.680041l3.18 1.67c.56.3 1.23-.18 1.12-.82z\" fill=\"#e5e5e5\"\/><\/svg><\/i><svg fill=\"none\" height=\"13\" viewBox=\"0 0 13 13\" width=\"13\" xmlns=\"http:\/\/www.w3.org\/2000\/svg\"><path d=\"m5.79999.990059-1.58 3.220001-3.549999.52c-.6399996.09-.9.87-.43 1.32l2.559999 2.51-.6 3.53004c-.11.64.56 1.12 1.13.82l3.18-1.67v-10.680041c-.29 0-.56.14-.71.43z\" fill=\"#f5ba41\"\/><path d=\"m10.8 12.0901-.6-3.53004 2.57-2.5c.46-.45.21-1.23-.43-1.33l-3.56-.52-1.58-3.220001c-.15-.28-.42-.43-.7-.43v10.680041l3.18 1.67c.56.3 1.23-.18 1.12-.82z\" fill=\"#e5e5e5\"\/><\/svg><\/i><svg fill=\"none\" height=\"13\" viewBox=\"0 0 13 13\" width=\"13\" xmlns=\"http:\/\/www.w3.org\/2000\/svg\"><path d=\"m5.79999.990059-1.58 3.220001-3.549999.52c-.6399996.09-.9.87-.43 1.32l2.559999 2.51-.6 3.53004c-.11.64.56 1.12 1.13.82l3.18-1.67v-10.680041c-.29 0-.56.14-.71.43z\" fill=\"#f5ba41\"\/><path d=\"m10.8 12.0901-.6-3.53004 2.57-2.5c.46-.45.21-1.23-.43-1.33l-3.56-.52-1.58-3.220001c-.15-.28-.42-.43-.7-.43v10.680041l3.18 1.67c.56.3 1.23-.18 1.12-.82z\" fill=\"#e5e5e5\"\/><\/svg><\/i><svg height=\"14\" viewBox=\"0 0 15 14\" width=\"15\" xmlns=\"http:\/\/www.w3.org\/2000\/svg\"><path d=\"m7.293 11.013-4.315 2.269.824-4.805-3.492-3.404 4.825-.7 2.158-4.373 2.158 4.372 4.825.701-3.492 3.404.825 4.805z\" fill=\"#e5e5e5\" fill-rule=\"evenodd\"\/><\/svg><\/i><\/div><div class=\"course_price\"><div class=\"course_price_text\"><\/div><del>9.300 \u20ac<\/del>  2.790 \u20ac<\/div><a href=\"https:\/\/www.emagister.com\/master-direccion-sistemas-tecnologia-empresarial-cursos-3605550.htm\" class=\"course_button directory\">Ver m\u00e1s<\/a><\/div><\/div><div class=\"course\"><div class=\"inside\"><a href=\"https:\/\/www.emagister.com\/master-direccion-sistemas-tecnologia-empresarial-cursos-2962109.htm\" class=\"course_name directory\">M\u00e1ster en Direcci\u00f3n de Sistemas y Tecnolog\u00eda Empresarial<\/a><div class=\"course_center\">IMF Smart Education<\/div><div class=\"course_rating\"><svg fill=\"none\" height=\"13\" viewBox=\"0 0 13 13\" width=\"13\" xmlns=\"http:\/\/www.w3.org\/2000\/svg\"><path d=\"m5.79999.990059-1.58 3.220001-3.549999.52c-.6399996.09-.9.87-.43 1.32l2.559999 2.51-.6 3.53004c-.11.64.56 1.12 1.13.82l3.18-1.67v-10.680041c-.29 0-.56.14-.71.43z\" fill=\"#f5ba41\"\/><path d=\"m10.8 12.0901-.6-3.53004 2.57-2.5c.46-.45.21-1.23-.43-1.33l-3.56-.52-1.58-3.220001c-.15-.28-.42-.43-.7-.43v10.680041l3.18 1.67c.56.3 1.23-.18 1.12-.82z\" fill=\"#e5e5e5\"\/><\/svg><\/i><svg fill=\"none\" height=\"13\" viewBox=\"0 0 13 13\" width=\"13\" xmlns=\"http:\/\/www.w3.org\/2000\/svg\"><path d=\"m5.79999.990059-1.58 3.220001-3.549999.52c-.6399996.09-.9.87-.43 1.32l2.559999 2.51-.6 3.53004c-.11.64.56 1.12 1.13.82l3.18-1.67v-10.680041c-.29 0-.56.14-.71.43z\" fill=\"#f5ba41\"\/><path d=\"m10.8 12.0901-.6-3.53004 2.57-2.5c.46-.45.21-1.23-.43-1.33l-3.56-.52-1.58-3.220001c-.15-.28-.42-.43-.7-.43v10.680041l3.18 1.67c.56.3 1.23-.18 1.12-.82z\" fill=\"#e5e5e5\"\/><\/svg><\/i><svg fill=\"none\" height=\"13\" viewBox=\"0 0 13 13\" width=\"13\" xmlns=\"http:\/\/www.w3.org\/2000\/svg\"><path d=\"m5.79999.990059-1.58 3.220001-3.549999.52c-.6399996.09-.9.87-.43 1.32l2.559999 2.51-.6 3.53004c-.11.64.56 1.12 1.13.82l3.18-1.67v-10.680041c-.29 0-.56.14-.71.43z\" fill=\"#f5ba41\"\/><path d=\"m10.8 12.0901-.6-3.53004 2.57-2.5c.46-.45.21-1.23-.43-1.33l-3.56-.52-1.58-3.220001c-.15-.28-.42-.43-.7-.43v10.680041l3.18 1.67c.56.3 1.23-.18 1.12-.82z\" fill=\"#e5e5e5\"\/><\/svg><\/i><svg fill=\"none\" height=\"13\" viewBox=\"0 0 13 13\" width=\"13\" xmlns=\"http:\/\/www.w3.org\/2000\/svg\"><path d=\"m5.79999.990059-1.58 3.220001-3.549999.52c-.6399996.09-.9.87-.43 1.32l2.559999 2.51-.6 3.53004c-.11.64.56 1.12 1.13.82l3.18-1.67v-10.680041c-.29 0-.56.14-.71.43z\" fill=\"#f5ba41\"\/><path d=\"m10.8 12.0901-.6-3.53004 2.57-2.5c.46-.45.21-1.23-.43-1.33l-3.56-.52-1.58-3.220001c-.15-.28-.42-.43-.7-.43v10.680041l3.18 1.67c.56.3 1.23-.18 1.12-.82z\" fill=\"#e5e5e5\"\/><\/svg><\/i><svg height=\"14\" viewBox=\"0 0 15 14\" width=\"15\" xmlns=\"http:\/\/www.w3.org\/2000\/svg\"><path d=\"m7.293 11.013-4.315 2.269.824-4.805-3.492-3.404 4.825-.7 2.158-4.373 2.158 4.372 4.825.701-3.492 3.404.825 4.805z\" fill=\"#e5e5e5\" fill-rule=\"evenodd\"\/><\/svg><\/i><\/div><div class=\"course_price\"><div class=\"course_price_text\"><\/div><del>9.300 \u20ac<\/del>  2.790 \u20ac<\/div><a href=\"https:\/\/www.emagister.com\/master-direccion-sistemas-tecnologia-empresarial-cursos-2962109.htm\" class=\"course_button directory\">Ver m\u00e1s<\/a><\/div><\/div><div class=\"courses_more_wpr\"><span class=\"courses_more directory ofuscado\" onclick=\"window.location.href='https:\/\/www.emagister.com\/web\/search?q=IT&#038;token=668d173c-ff0d-4d4f-bd13-3db820a3b96a&#038;segment=1&#038;sort=purePPL&#038;idCentro=99997192958079401036578245514618';\">Ver todos los cursos<svg height=\"20\" viewBox=\"0 0 20 20\" width=\"20\" xmlns=\"http:\/\/www.w3.org\/2000\/svg\"><path d=\"m12.77 10.332-4.602 4.531c-.184.184-.48.184-.664 0l-.277-.277c-.184-.184-.184-.48 0-.664l3.996-3.922-3.993-3.922c-.183-.183-.183-.48 0-.664l.278-.277c.183-.184.48-.184.664 0l4.601 4.531c.18.184.18.48-.003.664z\" fill=\"#4cb7ac\" fill-rule=\"evenodd\"\/><\/svg><\/span><\/div><\/div><\/p>\n<p style=\"text-align: justify;\">Vamos a hablaros en esta entrada de los skills que son m\u00e1s requeridos para trabajar en este sector y que debemos estudiar para poder hacerlo.<\/p>\n<h3 style=\"text-align: justify;\"><span id=\"Trabajar_en_el_Sector_IT\" class=\"ez-toc-section\">\u00bfC\u00f3mo trabajar en el Sector IT?<\/span><\/h3>\n<p style=\"text-align: justify;\">Tal como os coment\u00e1bamos en una entrada anterior titulada: \u201c<strong>TICs: Los puestos y contratos m\u00e1s demandados en Espa\u00f1a<\/strong>\u201d debido al\u00a0<strong>aumento de un 20% en la demanda de perfiles especializados<\/strong>\u00a0en este campo, el sector IT crear\u00e1 hasta 900.000 nuevos puestos de trabajo antes de 2020.<\/p>\n<p style=\"text-align: justify;\">En ese mismo post facilit\u00e1bamos otro dato muy importante relativo al empleo en el sector IT; ese dato lo aportaba una de las patronales del sector tecnol\u00f3gico,\u00a0<strong>DigitalES,\u00a0<\/strong>seg\u00fan\u00a0la cual,\u00a0actualmente existen 10.000 empleos vacantes en nuestro pa\u00eds por falta de\u00a0<strong>profesionales cualificados.\u00a0<\/strong>\u00a0<em>(Seg\u00fan un estudio efectuado en julio entre sus empresas asociadas, y una de cada cuatro empresas tiene \u201cdificultades para encontrar a los candidatos adecuados\u201d)<\/em>.<\/p>\n<p style=\"text-align: justify;\">En el mismo sentido se pronunciaba la agrupaci\u00f3n de empresas del sector que afirma que Espa\u00f1a tendr\u00e1 en 2020 medio mill\u00f3n de vacantes en perfiles t\u00e9cnicos para la que no habr\u00e1 profesionales preparados, seg\u00fan los datos aportados por la Comisi\u00f3n Europea.<\/p>\n<p>Dentro de este nuevo sector, se encuentran varios perfiles. El puesto de trabajo mejor pagado es el de\u00a0<strong>Chief Information Officer<\/strong>\u00a0(CIO) con un salario bruto anual de 250.000 euros, m\u00e1s un variable del 50%.<\/p>\n<p style=\"text-align: justify;\">Adem\u00e1s cabe destacar el<strong>\u00a0Chief Technical Officer<\/strong>\u00a0o (CTO) con un salario anual de 150.000 euros y un variable del 30%.<\/p>\n<h3 style=\"text-align: justify;\"><span id=\"Competencias_mas_demandadas_en_el_sector_IT\" class=\"ez-toc-section\">Competencias con m\u00e1s demandas en el sector IT<\/span><\/h3>\n<p style=\"text-align: justify;\">Para trabajar en este sector y de conformidad con un\u00a0documento de DIGITALEUROPE, la asociaci\u00f3n que representa al sector IT en Europa, entre las competencias m\u00e1s demandadas para los puestos de trabajo de este sector cabe mencionar:<\/p>\n<ul style=\"text-align: justify;\">\n<li>La seguridad digital.<\/li>\n<li>Las redes empresariales.<\/li>\n<li>El an\u00e1lisis de datos masivos.<\/li>\n<li>El Internet de las cosas.<\/li>\n<li>Las tecnolog\u00edas m\u00f3viles.<\/li>\n<li>La computaci\u00f3n en nube.<\/li>\n<li>La gesti\u00f3n del cambio en las empresas.<\/li>\n<li>La base de datos InMemory.<\/li>\n<li>El servicio integrado de productos.<\/li>\n<li>Tecnolog\u00edas de \u00abredes inteligentes\u00bb o interfaces innovadoras.<\/li>\n<\/ul>\n<h3 style=\"text-align: justify;\"><span id=\"Formacion\" class=\"ez-toc-section\">\u00bfQu\u00e9 estudiar para trabajar en el sector IT?<\/span><\/h3>\n<p style=\"text-align: justify;\">Para llegar a trabajar en el sector IT, aparte de las competencias que acabamos de listar, es fundamental la formaci\u00f3n.<\/p>\n<p style=\"text-align: justify;\">Dependiendo de la especializaci\u00f3n que queramos obtener dentro del sector, Big Data, Ciberseguridad o Deep Learning, os dejamos aqu\u00ed los enlaces a tres masteres que te ayudar\u00e1n a conseguir los conocimientos necesarios para entrar en el sector IT.<\/p>\n<h3 style=\"text-align: justify;\"><span id=\"Big_Data\" class=\"ez-toc-section\">Big Data<\/span><\/h3>\n<p style=\"text-align: justify;\"><span class=\"title\"><strong>Master en Big Data y Business Analytics (Online o Semipresencial).\u00a0<\/strong><\/span><span class=\"title\">Este master es perfecto para tener una visi\u00f3n global de las\u00a0<strong>tecnolog\u00edas Big Data,\u00a0<\/strong>su uso, as\u00ed como una formaci\u00f3n pr\u00e1ctica en t\u00e9cnicas anal\u00edticas para el negocio (<strong>Business Analytics<\/strong>). Te permite c<\/span><span class=\"description\">onseguir un doble t\u00edtulo de la UCJC e IMF en la carrera con m\u00e1s futuro.\u00a0<\/span><\/p>\n<h3 style=\"text-align: justify;\"><span id=\"Ciberseguridad\" class=\"ez-toc-section\">Ciberseguridad<\/span><\/h3>\n<p style=\"text-align: justify;\"><strong>M\u00e1ster en Ciberseguridad.\u00a0<\/strong>Este m\u00e1ster te capacita para convertirte en un especialista en seguridad de la informaci\u00f3n. A trav\u00e9s de el lograr\u00e1s:<\/p>\n<ul style=\"text-align: justify;\">\n<li>En primer lugar : Adquirir las capacidades necesarias para obtener, mantener y procesar evidencias digitales utilizando procedimientos y herramientas espec\u00edficas.<\/li>\n<li>En segundo lugar: Desarrollar t\u00e9cnicas y utilizar herramientas que exploten al m\u00e1ximo tus habilidades y conocimientos para la realizaci\u00f3n de pruebas de intrusi\u00f3n a sistemas y redes.<\/li>\n<li>En tercer lugar: Obtener una visi\u00f3n general e introductoria al mundo de la ciberseguridad, explicando los ataques m\u00e1s relevantes y c\u00f3mo vencerlos.<\/li>\n<\/ul>\n<h3 style=\"text-align: justify;\"><span id=\"Deep_Learning\" class=\"ez-toc-section\">Deep Learning<\/span><\/h3>\n<p style=\"text-align: justify;\"><strong>Master en Deep Learning<\/strong>\u00a0v<span class=\"description\">alorado entre los mejores m\u00e1steres en Deep Learning e Inteligencia Artificial.\u00a0<\/span><\/p>\n<p style=\"text-align: justify;\">En los \u00faltimos a\u00f1os se han producido grandes avances en el desarrollo e implantaci\u00f3n de la inteligencia artificial en proyectos empresariales. Las empresas que hacen un uso masivo de datos (<strong>Big Data<\/strong>) deben comenzar a usar deep learning para mejorar su rendimiento y acciones en el mercado. Se calcula que\u00a0en 2022 el trabajo de<span id=\"tecnologia\" class=\"main\"><span class=\"cuerpo-texto \">\u00a0una de cada cinco personas estar\u00e1 relacionado con la inteligencia artificial.\u00a0<\/span><\/span><\/p>\n<p style=\"text-align: justify;\"><em>Fuente: IMF<\/em><\/p>\n<p style=\"text-align: justify;\"><div class=\"courses\"><div class=\"course\"><div class=\"inside\"><a href=\"https:\/\/www.emagister.com\/master-executive-software-development-cursos-3785227.htm\" class=\"course_name directory\">M\u00e1ster en Desarrollo de Software Online<\/a><div class=\"course_center\">IMF Smart Education<\/div><div class=\"course_rating\"><i class=\"course_rating_star\"><\/i><\/div><div class=\"course_price\"><div class=\"course_price_text\"><\/div><del>12.000 \u20ac<\/del>  10.200 \u20ac<\/div><a href=\"https:\/\/www.emagister.com\/master-executive-software-development-cursos-3785227.htm\" class=\"course_button directory\">Ver m\u00e1s<\/a><\/div><\/div><div class=\"course\"><div class=\"inside\"><a href=\"https:\/\/www.emagister.com\/experto-analista-auditoria-sistemas-redes-cursos-3727581.htm\" class=\"course_name directory\">Experto Analista en Auditor\u00eda de Sistemas y Redes (en colaboraci\u00f3n con Deloitte)<\/a><div class=\"course_center\">IMF Smart Education<\/div><div class=\"course_rating\"><svg fill=\"none\" height=\"13\" viewBox=\"0 0 13 13\" width=\"13\" xmlns=\"http:\/\/www.w3.org\/2000\/svg\"><path d=\"m5.79999.990059-1.58 3.220001-3.549999.52c-.6399996.09-.9.87-.43 1.32l2.559999 2.51-.6 3.53004c-.11.64.56 1.12 1.13.82l3.18-1.67v-10.680041c-.29 0-.56.14-.71.43z\" fill=\"#f5ba41\"\/><path d=\"m10.8 12.0901-.6-3.53004 2.57-2.5c.46-.45.21-1.23-.43-1.33l-3.56-.52-1.58-3.220001c-.15-.28-.42-.43-.7-.43v10.680041l3.18 1.67c.56.3 1.23-.18 1.12-.82z\" fill=\"#e5e5e5\"\/><\/svg><\/i><svg fill=\"none\" height=\"13\" viewBox=\"0 0 13 13\" width=\"13\" xmlns=\"http:\/\/www.w3.org\/2000\/svg\"><path d=\"m5.79999.990059-1.58 3.220001-3.549999.52c-.6399996.09-.9.87-.43 1.32l2.559999 2.51-.6 3.53004c-.11.64.56 1.12 1.13.82l3.18-1.67v-10.680041c-.29 0-.56.14-.71.43z\" fill=\"#f5ba41\"\/><path d=\"m10.8 12.0901-.6-3.53004 2.57-2.5c.46-.45.21-1.23-.43-1.33l-3.56-.52-1.58-3.220001c-.15-.28-.42-.43-.7-.43v10.680041l3.18 1.67c.56.3 1.23-.18 1.12-.82z\" fill=\"#e5e5e5\"\/><\/svg><\/i><svg fill=\"none\" height=\"13\" viewBox=\"0 0 13 13\" width=\"13\" xmlns=\"http:\/\/www.w3.org\/2000\/svg\"><path d=\"m5.79999.990059-1.58 3.220001-3.549999.52c-.6399996.09-.9.87-.43 1.32l2.559999 2.51-.6 3.53004c-.11.64.56 1.12 1.13.82l3.18-1.67v-10.680041c-.29 0-.56.14-.71.43z\" fill=\"#f5ba41\"\/><path d=\"m10.8 12.0901-.6-3.53004 2.57-2.5c.46-.45.21-1.23-.43-1.33l-3.56-.52-1.58-3.220001c-.15-.28-.42-.43-.7-.43v10.680041l3.18 1.67c.56.3 1.23-.18 1.12-.82z\" fill=\"#e5e5e5\"\/><\/svg><\/i><svg fill=\"none\" height=\"13\" viewBox=\"0 0 13 13\" width=\"13\" xmlns=\"http:\/\/www.w3.org\/2000\/svg\"><path d=\"m5.79999.990059-1.58 3.220001-3.549999.52c-.6399996.09-.9.87-.43 1.32l2.559999 2.51-.6 3.53004c-.11.64.56 1.12 1.13.82l3.18-1.67v-10.680041c-.29 0-.56.14-.71.43z\" fill=\"#f5ba41\"\/><path d=\"m10.8 12.0901-.6-3.53004 2.57-2.5c.46-.45.21-1.23-.43-1.33l-3.56-.52-1.58-3.220001c-.15-.28-.42-.43-.7-.43v10.680041l3.18 1.67c.56.3 1.23-.18 1.12-.82z\" fill=\"#e5e5e5\"\/><\/svg><\/i><svg fill=\"none\" height=\"13\" viewBox=\"0 0 13 13\" width=\"13\" xmlns=\"http:\/\/www.w3.org\/2000\/svg\"><path d=\"m5.79999.990059-1.58 3.220001-3.549999.52c-.6399996.09-.9.87-.43 1.32l2.559999 2.51-.6 3.53004c-.11.64.56 1.12 1.13.82l3.18-1.67v-10.680041c-.29 0-.56.14-.71.43z\" fill=\"#f5ba41\"\/><path d=\"m10.8 12.0901-.6-3.53004 2.57-2.5c.46-.45.21-1.23-.43-1.33l-3.56-.52-1.58-3.220001c-.15-.28-.42-.43-.7-.43v10.680041l3.18 1.67c.56.3 1.23-.18 1.12-.82z\" fill=\"#e5e5e5\"\/><\/svg><\/i><\/div><div class=\"course_price\"><div class=\"course_price_text\"><\/div><del>2.730 \u20ac<\/del>  1.911 \u20ac<\/div><a href=\"https:\/\/www.emagister.com\/experto-analista-auditoria-sistemas-redes-cursos-3727581.htm\" class=\"course_button directory\">Ver m\u00e1s<\/a><\/div><\/div><div class=\"courses_more_wpr\"><span class=\"courses_more directory ofuscado\" onclick=\"window.location.href='https:\/\/www.emagister.com\/web\/search?q=Programaci\u00f3n&#038;token=668d173c-ff0d-4d4f-bd13-3db820a3b96a&#038;segment=1&#038;sort=purePPL&#038;idCentro=99997192958079401036578245514618';\">Ver todos los cursos<svg height=\"20\" viewBox=\"0 0 20 20\" width=\"20\" xmlns=\"http:\/\/www.w3.org\/2000\/svg\"><path d=\"m12.77 10.332-4.602 4.531c-.184.184-.48.184-.664 0l-.277-.277c-.184-.184-.184-.48 0-.664l3.996-3.922-3.993-3.922c-.183-.183-.183-.48 0-.664l.278-.277c.183-.184.48-.184.664 0l4.601 4.531c.18.184.18.48-.003.664z\" fill=\"#4cb7ac\" fill-rule=\"evenodd\"\/><\/svg><\/span><\/div><\/div><\/p>\n","protected":false},"excerpt":{"rendered":"<p>La demanda de perfiles en el sector IT tendr\u00e1 un incremento de un 9,3 % hasta el a\u00f1o 2020 en &#8230; <a title=\"C\u00f3mo trabajar en el sector IT\" class=\"read-more\" href=\"https:\/\/www.emagister.com\/blog\/como-trabajar-en-el-sector-it\/\" aria-label=\"M\u00e1s en C\u00f3mo trabajar en el sector IT\">Leer m\u00e1s<\/a><\/p>\n","protected":false},"author":277,"featured_media":79575,"comment_status":"open","ping_status":"closed","sticky":false,"template":"","format":"standard","meta":{"_acf_changed":false,"inline_featured_image":false,"footnotes":""},"categories":[785,8336],"tags":[9993,10141,10396,10425,10560,1696,2832,2938,3090,3091],"class_list":["post-79573","post","type-post","status-publish","format-standard","has-post-thumbnail","hentry","category-nuestros-clientes","category-noticias","tag-it","tag-noticiaselpais","tag-noticias-de-centros","tag-sector-it","tag-ij_sector_center_99997192958079401036578245514618_10","tag-imf","tag-noticias-de-centros-de-formacion","tag-escuela-de-negocios","tag-imf-business-school","tag-3091","generate-columns","tablet-grid-50","mobile-grid-100","grid-parent","grid-25"],"acf":{"mostrar_faldon":"-1","texto_faldon":"","link_faldon":"","link_texto_faldon":"","hreflang":false,"estilo_titulo":""},"yoast_head":"<!-- This site is optimized with the Yoast SEO Premium plugin v18.1 (Yoast SEO v27.0) - https:\/\/yoast.com\/product\/yoast-seo-premium-wordpress\/ -->\n<title>C\u00f3mo trabajar en el sector IT - Blog Emagister<\/title>\n<meta name=\"description\" content=\"La demanda de perfiles en el sector IT tendr\u00e1 un incremento de un 9,3 % hasta el a\u00f1o 2020 en todo el mundo. Son los perfiles m\u00e1s demandados.\" \/>\n<meta name=\"robots\" content=\"index, follow\" \/>\n<link rel=\"canonical\" href=\"https:\/\/www.emagister.com\/blog\/como-trabajar-en-el-sector-it\/\" \/>\n<meta property=\"og:locale\" content=\"es_ES\" \/>\n<meta property=\"og:type\" content=\"article\" \/>\n<meta property=\"og:title\" content=\"C\u00f3mo trabajar en el sector IT\" \/>\n<meta property=\"og:description\" content=\"La demanda de perfiles en el sector IT tendr\u00e1 un incremento de un 9,3 % hasta el a\u00f1o 2020 en todo el mundo. Son los perfiles m\u00e1s demandados.\" \/>\n<meta property=\"og:url\" content=\"https:\/\/www.emagister.com\/blog\/como-trabajar-en-el-sector-it\/\" \/>\n<meta property=\"og:site_name\" content=\"Blog Emagister\" \/>\n<meta property=\"article:publisher\" content=\"https:\/\/www.facebook.com\/Emagister\/\" \/>\n<meta property=\"article:published_time\" content=\"2019-01-14T11:07:50+00:00\" \/>\n<meta property=\"article:modified_time\" content=\"2019-03-28T13:47:40+00:00\" \/>\n<meta property=\"og:image\" content=\"https:\/\/www.emagister.com\/blog\/wp-content\/uploads\/2019\/01\/ai-artificial-intelligence-code-34676.jpg\" \/>\n\t<meta property=\"og:image:width\" content=\"1920\" \/>\n\t<meta property=\"og:image:height\" content=\"1280\" \/>\n\t<meta property=\"og:image:type\" content=\"image\/jpeg\" \/>\n<meta name=\"author\" content=\"Marta Trap\u00e9\" \/>\n<meta name=\"twitter:card\" content=\"summary_large_image\" \/>\n<meta name=\"twitter:creator\" content=\"@emagister\" \/>\n<meta name=\"twitter:site\" content=\"@emagister\" \/>\n<meta name=\"twitter:label1\" content=\"Escrito por\" \/>\n\t<meta name=\"twitter:data1\" content=\"Marta Trap\u00e9\" \/>\n\t<meta name=\"twitter:label2\" content=\"Tiempo de lectura\" \/>\n\t<meta name=\"twitter:data2\" content=\"4 minutos\" \/>\n<script type=\"application\/ld+json\" class=\"yoast-schema-graph\">{\"@context\":\"https:\/\/schema.org\",\"@graph\":[{\"@type\":\"Article\",\"@id\":\"https:\/\/www.emagister.com\/blog\/como-trabajar-en-el-sector-it\/#article\",\"isPartOf\":{\"@id\":\"https:\/\/www.emagister.com\/blog\/como-trabajar-en-el-sector-it\/\"},\"author\":{\"name\":\"Marta Trap\u00e9\",\"@id\":\"https:\/\/www.emagister.com\/blog\/#\/schema\/person\/43561579cf9a10db326f00524d5f26a5\"},\"headline\":\"C\u00f3mo trabajar en el sector IT\",\"datePublished\":\"2019-01-14T11:07:50+00:00\",\"dateModified\":\"2019-03-28T13:47:40+00:00\",\"mainEntityOfPage\":{\"@id\":\"https:\/\/www.emagister.com\/blog\/como-trabajar-en-el-sector-it\/\"},\"wordCount\":760,\"commentCount\":0,\"publisher\":{\"@id\":\"https:\/\/www.emagister.com\/blog\/#organization\"},\"image\":{\"@id\":\"https:\/\/www.emagister.com\/blog\/como-trabajar-en-el-sector-it\/#primaryimage\"},\"thumbnailUrl\":\"https:\/\/www.emagister.com\/blog\/wp-content\/uploads\/2019\/01\/ai-artificial-intelligence-code-34676.jpg\",\"keywords\":[\"IT\",\"noticiasElPais\",\"noticias de centros\",\"sector IT\",\"ij_sector_center_99997192958079401036578245514618_10\",\"IMF\",\"Noticias de centros de formaci\u00f3n\",\"Escuela de negocios\",\"IMF Business School\",\"99997192958079401036578245514618\"],\"articleSection\":[\"Nuestros clientes\",\"Actualidad Emagister\"],\"inLanguage\":\"es\",\"potentialAction\":[{\"@type\":\"CommentAction\",\"name\":\"Comment\",\"target\":[\"https:\/\/www.emagister.com\/blog\/como-trabajar-en-el-sector-it\/#respond\"]}]},{\"@type\":\"WebPage\",\"@id\":\"https:\/\/www.emagister.com\/blog\/como-trabajar-en-el-sector-it\/\",\"url\":\"https:\/\/www.emagister.com\/blog\/como-trabajar-en-el-sector-it\/\",\"name\":\"C\u00f3mo trabajar en el sector IT - Blog Emagister\",\"isPartOf\":{\"@id\":\"https:\/\/www.emagister.com\/blog\/#website\"},\"primaryImageOfPage\":{\"@id\":\"https:\/\/www.emagister.com\/blog\/como-trabajar-en-el-sector-it\/#primaryimage\"},\"image\":{\"@id\":\"https:\/\/www.emagister.com\/blog\/como-trabajar-en-el-sector-it\/#primaryimage\"},\"thumbnailUrl\":\"https:\/\/www.emagister.com\/blog\/wp-content\/uploads\/2019\/01\/ai-artificial-intelligence-code-34676.jpg\",\"datePublished\":\"2019-01-14T11:07:50+00:00\",\"dateModified\":\"2019-03-28T13:47:40+00:00\",\"description\":\"La demanda de perfiles en el sector IT tendr\u00e1 un incremento de un 9,3 % hasta el a\u00f1o 2020 en todo el mundo. Son los perfiles m\u00e1s demandados.\",\"breadcrumb\":{\"@id\":\"https:\/\/www.emagister.com\/blog\/como-trabajar-en-el-sector-it\/#breadcrumb\"},\"inLanguage\":\"es\",\"potentialAction\":[{\"@type\":\"ReadAction\",\"target\":[\"https:\/\/www.emagister.com\/blog\/como-trabajar-en-el-sector-it\/\"]}]},{\"@type\":\"ImageObject\",\"inLanguage\":\"es\",\"@id\":\"https:\/\/www.emagister.com\/blog\/como-trabajar-en-el-sector-it\/#primaryimage\",\"url\":\"https:\/\/www.emagister.com\/blog\/wp-content\/uploads\/2019\/01\/ai-artificial-intelligence-code-34676.jpg\",\"contentUrl\":\"https:\/\/www.emagister.com\/blog\/wp-content\/uploads\/2019\/01\/ai-artificial-intelligence-code-34676.jpg\",\"width\":1920,\"height\":1280,\"caption\":\"Sector IT\"},{\"@type\":\"BreadcrumbList\",\"@id\":\"https:\/\/www.emagister.com\/blog\/como-trabajar-en-el-sector-it\/#breadcrumb\",\"itemListElement\":[{\"@type\":\"ListItem\",\"position\":1,\"name\":\"Blog Emagister\",\"item\":\"https:\/\/www.emagister.com\/blog\/\"},{\"@type\":\"ListItem\",\"position\":2,\"name\":\"Nuestros clientes\",\"item\":\"https:\/\/www.emagister.com\/blog\/nuestros-clientes\/\"},{\"@type\":\"ListItem\",\"position\":3,\"name\":\"C\u00f3mo trabajar en el sector IT\"}]},{\"@type\":\"WebSite\",\"@id\":\"https:\/\/www.emagister.com\/blog\/#website\",\"url\":\"https:\/\/www.emagister.com\/blog\/\",\"name\":\"Blog Emagister\",\"description\":\"Gu\u00eda de orientaci\u00f3n sobre estudios y tendencias de formaci\u00f3n\",\"publisher\":{\"@id\":\"https:\/\/www.emagister.com\/blog\/#organization\"},\"potentialAction\":[{\"@type\":\"SearchAction\",\"target\":{\"@type\":\"EntryPoint\",\"urlTemplate\":\"https:\/\/www.emagister.com\/blog\/?s={search_term_string}\"},\"query-input\":{\"@type\":\"PropertyValueSpecification\",\"valueRequired\":true,\"valueName\":\"search_term_string\"}}],\"inLanguage\":\"es\"},{\"@type\":\"Organization\",\"@id\":\"https:\/\/www.emagister.com\/blog\/#organization\",\"name\":\"Emagister\",\"url\":\"https:\/\/www.emagister.com\/blog\/\",\"logo\":{\"@type\":\"ImageObject\",\"inLanguage\":\"es\",\"@id\":\"https:\/\/www.emagister.com\/blog\/#\/schema\/logo\/image\/\",\"url\":\"https:\/\/www.emagister.com\/blog\/wp-content\/uploads\/2017\/02\/photo.png\",\"contentUrl\":\"https:\/\/www.emagister.com\/blog\/wp-content\/uploads\/2017\/02\/photo.png\",\"width\":120,\"height\":120,\"caption\":\"Emagister\"},\"image\":{\"@id\":\"https:\/\/www.emagister.com\/blog\/#\/schema\/logo\/image\/\"},\"sameAs\":[\"https:\/\/www.facebook.com\/Emagister\/\",\"https:\/\/x.com\/emagister\",\"https:\/\/www.instagram.com\/emagister\/\",\"https:\/\/www.linkedin.com\/company\/emagister-com\/\",\"https:\/\/www.pinterest.es\/emagister\/\",\"https:\/\/www.youtube.com\/user\/emagister\/\",\"https:\/\/es.wikipedia.org\/wiki\/Emagister\"]},{\"@type\":\"Person\",\"@id\":\"https:\/\/www.emagister.com\/blog\/#\/schema\/person\/43561579cf9a10db326f00524d5f26a5\",\"name\":\"Marta Trap\u00e9\",\"image\":{\"@type\":\"ImageObject\",\"inLanguage\":\"es\",\"@id\":\"https:\/\/www.emagister.com\/blog\/#\/schema\/person\/image\/\",\"url\":\"https:\/\/secure.gravatar.com\/avatar\/3c789ca246ecafd5189e935f3645c0958149b83aecab67769b4f55909196c991?s=96&r=g\",\"contentUrl\":\"https:\/\/secure.gravatar.com\/avatar\/3c789ca246ecafd5189e935f3645c0958149b83aecab67769b4f55909196c991?s=96&r=g\",\"caption\":\"Marta Trap\u00e9\"},\"url\":\"https:\/\/www.emagister.com\/blog\/author\/mtrape\/\"}]}<\/script>\n<!-- \/ Yoast SEO Premium plugin. -->","yoast_head_json":{"title":"C\u00f3mo trabajar en el sector IT - Blog Emagister","description":"La demanda de perfiles en el sector IT tendr\u00e1 un incremento de un 9,3 % hasta el a\u00f1o 2020 en todo el mundo. Son los perfiles m\u00e1s demandados.","robots":{"index":"index","follow":"follow"},"canonical":"https:\/\/www.emagister.com\/blog\/como-trabajar-en-el-sector-it\/","og_locale":"es_ES","og_type":"article","og_title":"C\u00f3mo trabajar en el sector IT","og_description":"La demanda de perfiles en el sector IT tendr\u00e1 un incremento de un 9,3 % hasta el a\u00f1o 2020 en todo el mundo. Son los perfiles m\u00e1s demandados.","og_url":"https:\/\/www.emagister.com\/blog\/como-trabajar-en-el-sector-it\/","og_site_name":"Blog Emagister","article_publisher":"https:\/\/www.facebook.com\/Emagister\/","article_published_time":"2019-01-14T11:07:50+00:00","article_modified_time":"2019-03-28T13:47:40+00:00","og_image":[{"width":1920,"height":1280,"url":"https:\/\/www.emagister.com\/blog\/wp-content\/uploads\/2019\/01\/ai-artificial-intelligence-code-34676.jpg","type":"image\/jpeg"}],"author":"Marta Trap\u00e9","twitter_card":"summary_large_image","twitter_creator":"@emagister","twitter_site":"@emagister","twitter_misc":{"Escrito por":"Marta Trap\u00e9","Tiempo de lectura":"4 minutos"},"schema":{"@context":"https:\/\/schema.org","@graph":[{"@type":"Article","@id":"https:\/\/www.emagister.com\/blog\/como-trabajar-en-el-sector-it\/#article","isPartOf":{"@id":"https:\/\/www.emagister.com\/blog\/como-trabajar-en-el-sector-it\/"},"author":{"name":"Marta Trap\u00e9","@id":"https:\/\/www.emagister.com\/blog\/#\/schema\/person\/43561579cf9a10db326f00524d5f26a5"},"headline":"C\u00f3mo trabajar en el sector IT","datePublished":"2019-01-14T11:07:50+00:00","dateModified":"2019-03-28T13:47:40+00:00","mainEntityOfPage":{"@id":"https:\/\/www.emagister.com\/blog\/como-trabajar-en-el-sector-it\/"},"wordCount":760,"commentCount":0,"publisher":{"@id":"https:\/\/www.emagister.com\/blog\/#organization"},"image":{"@id":"https:\/\/www.emagister.com\/blog\/como-trabajar-en-el-sector-it\/#primaryimage"},"thumbnailUrl":"https:\/\/www.emagister.com\/blog\/wp-content\/uploads\/2019\/01\/ai-artificial-intelligence-code-34676.jpg","keywords":["IT","noticiasElPais","noticias de centros","sector IT","ij_sector_center_99997192958079401036578245514618_10","IMF","Noticias de centros de formaci\u00f3n","Escuela de negocios","IMF Business School","99997192958079401036578245514618"],"articleSection":["Nuestros clientes","Actualidad Emagister"],"inLanguage":"es","potentialAction":[{"@type":"CommentAction","name":"Comment","target":["https:\/\/www.emagister.com\/blog\/como-trabajar-en-el-sector-it\/#respond"]}]},{"@type":"WebPage","@id":"https:\/\/www.emagister.com\/blog\/como-trabajar-en-el-sector-it\/","url":"https:\/\/www.emagister.com\/blog\/como-trabajar-en-el-sector-it\/","name":"C\u00f3mo trabajar en el sector IT - Blog Emagister","isPartOf":{"@id":"https:\/\/www.emagister.com\/blog\/#website"},"primaryImageOfPage":{"@id":"https:\/\/www.emagister.com\/blog\/como-trabajar-en-el-sector-it\/#primaryimage"},"image":{"@id":"https:\/\/www.emagister.com\/blog\/como-trabajar-en-el-sector-it\/#primaryimage"},"thumbnailUrl":"https:\/\/www.emagister.com\/blog\/wp-content\/uploads\/2019\/01\/ai-artificial-intelligence-code-34676.jpg","datePublished":"2019-01-14T11:07:50+00:00","dateModified":"2019-03-28T13:47:40+00:00","description":"La demanda de perfiles en el sector IT tendr\u00e1 un incremento de un 9,3 % hasta el a\u00f1o 2020 en todo el mundo. Son los perfiles m\u00e1s demandados.","breadcrumb":{"@id":"https:\/\/www.emagister.com\/blog\/como-trabajar-en-el-sector-it\/#breadcrumb"},"inLanguage":"es","potentialAction":[{"@type":"ReadAction","target":["https:\/\/www.emagister.com\/blog\/como-trabajar-en-el-sector-it\/"]}]},{"@type":"ImageObject","inLanguage":"es","@id":"https:\/\/www.emagister.com\/blog\/como-trabajar-en-el-sector-it\/#primaryimage","url":"https:\/\/www.emagister.com\/blog\/wp-content\/uploads\/2019\/01\/ai-artificial-intelligence-code-34676.jpg","contentUrl":"https:\/\/www.emagister.com\/blog\/wp-content\/uploads\/2019\/01\/ai-artificial-intelligence-code-34676.jpg","width":1920,"height":1280,"caption":"Sector IT"},{"@type":"BreadcrumbList","@id":"https:\/\/www.emagister.com\/blog\/como-trabajar-en-el-sector-it\/#breadcrumb","itemListElement":[{"@type":"ListItem","position":1,"name":"Blog Emagister","item":"https:\/\/www.emagister.com\/blog\/"},{"@type":"ListItem","position":2,"name":"Nuestros clientes","item":"https:\/\/www.emagister.com\/blog\/nuestros-clientes\/"},{"@type":"ListItem","position":3,"name":"C\u00f3mo trabajar en el sector IT"}]},{"@type":"WebSite","@id":"https:\/\/www.emagister.com\/blog\/#website","url":"https:\/\/www.emagister.com\/blog\/","name":"Blog Emagister","description":"Gu\u00eda de orientaci\u00f3n sobre estudios y tendencias de formaci\u00f3n","publisher":{"@id":"https:\/\/www.emagister.com\/blog\/#organization"},"potentialAction":[{"@type":"SearchAction","target":{"@type":"EntryPoint","urlTemplate":"https:\/\/www.emagister.com\/blog\/?s={search_term_string}"},"query-input":{"@type":"PropertyValueSpecification","valueRequired":true,"valueName":"search_term_string"}}],"inLanguage":"es"},{"@type":"Organization","@id":"https:\/\/www.emagister.com\/blog\/#organization","name":"Emagister","url":"https:\/\/www.emagister.com\/blog\/","logo":{"@type":"ImageObject","inLanguage":"es","@id":"https:\/\/www.emagister.com\/blog\/#\/schema\/logo\/image\/","url":"https:\/\/www.emagister.com\/blog\/wp-content\/uploads\/2017\/02\/photo.png","contentUrl":"https:\/\/www.emagister.com\/blog\/wp-content\/uploads\/2017\/02\/photo.png","width":120,"height":120,"caption":"Emagister"},"image":{"@id":"https:\/\/www.emagister.com\/blog\/#\/schema\/logo\/image\/"},"sameAs":["https:\/\/www.facebook.com\/Emagister\/","https:\/\/x.com\/emagister","https:\/\/www.instagram.com\/emagister\/","https:\/\/www.linkedin.com\/company\/emagister-com\/","https:\/\/www.pinterest.es\/emagister\/","https:\/\/www.youtube.com\/user\/emagister\/","https:\/\/es.wikipedia.org\/wiki\/Emagister"]},{"@type":"Person","@id":"https:\/\/www.emagister.com\/blog\/#\/schema\/person\/43561579cf9a10db326f00524d5f26a5","name":"Marta Trap\u00e9","image":{"@type":"ImageObject","inLanguage":"es","@id":"https:\/\/www.emagister.com\/blog\/#\/schema\/person\/image\/","url":"https:\/\/secure.gravatar.com\/avatar\/3c789ca246ecafd5189e935f3645c0958149b83aecab67769b4f55909196c991?s=96&r=g","contentUrl":"https:\/\/secure.gravatar.com\/avatar\/3c789ca246ecafd5189e935f3645c0958149b83aecab67769b4f55909196c991?s=96&r=g","caption":"Marta Trap\u00e9"},"url":"https:\/\/www.emagister.com\/blog\/author\/mtrape\/"}]}},"_links":{"self":[{"href":"https:\/\/www.emagister.com\/blog\/wp-json\/wp\/v2\/posts\/79573","targetHints":{"allow":["GET"]}}],"collection":[{"href":"https:\/\/www.emagister.com\/blog\/wp-json\/wp\/v2\/posts"}],"about":[{"href":"https:\/\/www.emagister.com\/blog\/wp-json\/wp\/v2\/types\/post"}],"author":[{"embeddable":true,"href":"https:\/\/www.emagister.com\/blog\/wp-json\/wp\/v2\/users\/277"}],"replies":[{"embeddable":true,"href":"https:\/\/www.emagister.com\/blog\/wp-json\/wp\/v2\/comments?post=79573"}],"version-history":[{"count":0,"href":"https:\/\/www.emagister.com\/blog\/wp-json\/wp\/v2\/posts\/79573\/revisions"}],"wp:featuredmedia":[{"embeddable":true,"href":"https:\/\/www.emagister.com\/blog\/wp-json\/wp\/v2\/media\/79575"}],"wp:attachment":[{"href":"https:\/\/www.emagister.com\/blog\/wp-json\/wp\/v2\/media?parent=79573"}],"wp:term":[{"taxonomy":"category","embeddable":true,"href":"https:\/\/www.emagister.com\/blog\/wp-json\/wp\/v2\/categories?post=79573"},{"taxonomy":"post_tag","embeddable":true,"href":"https:\/\/www.emagister.com\/blog\/wp-json\/wp\/v2\/tags?post=79573"}],"curies":[{"name":"wp","href":"https:\/\/api.w.org\/{rel}","templated":true}]}}