{"id":79624,"date":"2019-01-14T17:22:19","date_gmt":"2019-01-14T16:22:19","guid":{"rendered":"https:\/\/www.emagister.com\/blog\/?p=79624"},"modified":"2019-01-14T17:28:49","modified_gmt":"2019-01-14T16:28:49","slug":"8-indicadores-de-que-ya-es-hora-de-cambiar-de-trabajo","status":"publish","type":"post","link":"https:\/\/www.emagister.com\/blog\/8-indicadores-de-que-ya-es-hora-de-cambiar-de-trabajo\/","title":{"rendered":"8 indicadores de que ya es hora de cambiar de trabajo"},"content":{"rendered":"<p style=\"text-align: justify;\"><span style=\"font-weight: 400;\">Siempre que entra un a\u00f1o nuevo nos vienen las prisas para realizar cambios en nuestras vidas. Eso pasa tanto a nivel personal como a nivel profesional. Es hora de pensar en el futuro, hacia d\u00f3nde vas y hacia d\u00f3nde no quieres ir aunque eso suponga pensar en dejar tu trabajo actual.<\/span><!--more--><\/p>\n<div class=\"courses\"><div class=\"course\"><div class=\"inside\"><a href=\"https:\/\/www.emagister.com\/master-direccion-rrhh-desarrollo-digital-talento-cursos-3394062.htm\" class=\"course_name directory\">Master en Direcci\u00f3n de RRHH y Desarrollo Digital de Talento<\/a><div class=\"course_center\">Instituto Europeo de Posgrado (IEP)<\/div><div class=\"course_rating\"><svg fill=\"none\" height=\"13\" viewBox=\"0 0 13 13\" width=\"13\" xmlns=\"http:\/\/www.w3.org\/2000\/svg\"><path d=\"m5.79999.990059-1.58 3.220001-3.549999.52c-.6399996.09-.9.87-.43 1.32l2.559999 2.51-.6 3.53004c-.11.64.56 1.12 1.13.82l3.18-1.67v-10.680041c-.29 0-.56.14-.71.43z\" fill=\"#f5ba41\"\/><path d=\"m10.8 12.0901-.6-3.53004 2.57-2.5c.46-.45.21-1.23-.43-1.33l-3.56-.52-1.58-3.220001c-.15-.28-.42-.43-.7-.43v10.680041l3.18 1.67c.56.3 1.23-.18 1.12-.82z\" fill=\"#e5e5e5\"\/><\/svg><\/i><svg fill=\"none\" height=\"13\" viewBox=\"0 0 13 13\" width=\"13\" xmlns=\"http:\/\/www.w3.org\/2000\/svg\"><path d=\"m5.79999.990059-1.58 3.220001-3.549999.52c-.6399996.09-.9.87-.43 1.32l2.559999 2.51-.6 3.53004c-.11.64.56 1.12 1.13.82l3.18-1.67v-10.680041c-.29 0-.56.14-.71.43z\" fill=\"#f5ba41\"\/><path d=\"m10.8 12.0901-.6-3.53004 2.57-2.5c.46-.45.21-1.23-.43-1.33l-3.56-.52-1.58-3.220001c-.15-.28-.42-.43-.7-.43v10.680041l3.18 1.67c.56.3 1.23-.18 1.12-.82z\" fill=\"#e5e5e5\"\/><\/svg><\/i><svg fill=\"none\" height=\"13\" viewBox=\"0 0 13 13\" width=\"13\" xmlns=\"http:\/\/www.w3.org\/2000\/svg\"><path d=\"m5.79999.990059-1.58 3.220001-3.549999.52c-.6399996.09-.9.87-.43 1.32l2.559999 2.51-.6 3.53004c-.11.64.56 1.12 1.13.82l3.18-1.67v-10.680041c-.29 0-.56.14-.71.43z\" fill=\"#f5ba41\"\/><path d=\"m10.8 12.0901-.6-3.53004 2.57-2.5c.46-.45.21-1.23-.43-1.33l-3.56-.52-1.58-3.220001c-.15-.28-.42-.43-.7-.43v10.680041l3.18 1.67c.56.3 1.23-.18 1.12-.82z\" fill=\"#e5e5e5\"\/><\/svg><\/i><svg fill=\"none\" height=\"13\" viewBox=\"0 0 13 13\" width=\"13\" xmlns=\"http:\/\/www.w3.org\/2000\/svg\"><path d=\"m5.79999.990059-1.58 3.220001-3.549999.52c-.6399996.09-.9.87-.43 1.32l2.559999 2.51-.6 3.53004c-.11.64.56 1.12 1.13.82l3.18-1.67v-10.680041c-.29 0-.56.14-.71.43z\" fill=\"#f5ba41\"\/><path d=\"m10.8 12.0901-.6-3.53004 2.57-2.5c.46-.45.21-1.23-.43-1.33l-3.56-.52-1.58-3.220001c-.15-.28-.42-.43-.7-.43v10.680041l3.18 1.67c.56.3 1.23-.18 1.12-.82z\" fill=\"#e5e5e5\"\/><\/svg><\/i><svg fill=\"none\" height=\"13\" viewBox=\"0 0 13 13\" width=\"13\" xmlns=\"http:\/\/www.w3.org\/2000\/svg\"><path d=\"m5.79999.990059-1.58 3.220001-3.549999.52c-.6399996.09-.9.87-.43 1.32l2.559999 2.51-.6 3.53004c-.11.64.56 1.12 1.13.82l3.18-1.67v-10.680041c-.29 0-.56.14-.71.43z\" fill=\"#f5ba41\"\/><path d=\"m10.8 12.0901-.6-3.53004 2.57-2.5c.46-.45.21-1.23-.43-1.33l-3.56-.52-1.58-3.220001c-.15-.28-.42-.43-.7-.43v10.680041l3.18 1.67c.56.3 1.23-.18 1.12-.82z\" fill=\"#e5e5e5\"\/><\/svg><\/i><\/div><div class=\"course_price\"><div class=\"course_price_text\">Precio Emagister<\/div><del>7.750 \u20ac<\/del>  3.643 \u20ac<\/div><a href=\"https:\/\/www.emagister.com\/master-direccion-rrhh-desarrollo-digital-talento-cursos-3394062.htm\" class=\"course_button directory\">Ver m\u00e1s<\/a><\/div><\/div><div class=\"course\"><div class=\"inside\"><a href=\"https:\/\/www.emagister.com\/especializacion-gestion-recursos-humanos-gestion-equipos-cursos-2715250.htm\" class=\"course_name directory\">M\u00e1ster Funcional en Direcci\u00f3n de Recursos Humanos<\/a><div class=\"course_center\">EAE Online \u2013 Blended<\/div><div class=\"course_rating\"><svg fill=\"none\" height=\"13\" viewBox=\"0 0 13 13\" width=\"13\" xmlns=\"http:\/\/www.w3.org\/2000\/svg\"><path d=\"m5.79999.990059-1.58 3.220001-3.549999.52c-.6399996.09-.9.87-.43 1.32l2.559999 2.51-.6 3.53004c-.11.64.56 1.12 1.13.82l3.18-1.67v-10.680041c-.29 0-.56.14-.71.43z\" fill=\"#f5ba41\"\/><path d=\"m10.8 12.0901-.6-3.53004 2.57-2.5c.46-.45.21-1.23-.43-1.33l-3.56-.52-1.58-3.220001c-.15-.28-.42-.43-.7-.43v10.680041l3.18 1.67c.56.3 1.23-.18 1.12-.82z\" fill=\"#e5e5e5\"\/><\/svg><\/i><svg fill=\"none\" height=\"13\" viewBox=\"0 0 13 13\" width=\"13\" xmlns=\"http:\/\/www.w3.org\/2000\/svg\"><path d=\"m5.79999.990059-1.58 3.220001-3.549999.52c-.6399996.09-.9.87-.43 1.32l2.559999 2.51-.6 3.53004c-.11.64.56 1.12 1.13.82l3.18-1.67v-10.680041c-.29 0-.56.14-.71.43z\" fill=\"#f5ba41\"\/><path d=\"m10.8 12.0901-.6-3.53004 2.57-2.5c.46-.45.21-1.23-.43-1.33l-3.56-.52-1.58-3.220001c-.15-.28-.42-.43-.7-.43v10.680041l3.18 1.67c.56.3 1.23-.18 1.12-.82z\" fill=\"#e5e5e5\"\/><\/svg><\/i><svg fill=\"none\" height=\"13\" viewBox=\"0 0 13 13\" width=\"13\" xmlns=\"http:\/\/www.w3.org\/2000\/svg\"><path d=\"m5.79999.990059-1.58 3.220001-3.549999.52c-.6399996.09-.9.87-.43 1.32l2.559999 2.51-.6 3.53004c-.11.64.56 1.12 1.13.82l3.18-1.67v-10.680041c-.29 0-.56.14-.71.43z\" fill=\"#f5ba41\"\/><path d=\"m10.8 12.0901-.6-3.53004 2.57-2.5c.46-.45.21-1.23-.43-1.33l-3.56-.52-1.58-3.220001c-.15-.28-.42-.43-.7-.43v10.680041l3.18 1.67c.56.3 1.23-.18 1.12-.82z\" fill=\"#e5e5e5\"\/><\/svg><\/i><svg fill=\"none\" height=\"13\" viewBox=\"0 0 13 13\" width=\"13\" xmlns=\"http:\/\/www.w3.org\/2000\/svg\"><path d=\"m5.79999.990059-1.58 3.220001-3.549999.52c-.6399996.09-.9.87-.43 1.32l2.559999 2.51-.6 3.53004c-.11.64.56 1.12 1.13.82l3.18-1.67v-10.680041c-.29 0-.56.14-.71.43z\" fill=\"#f5ba41\"\/><path d=\"m10.8 12.0901-.6-3.53004 2.57-2.5c.46-.45.21-1.23-.43-1.33l-3.56-.52-1.58-3.220001c-.15-.28-.42-.43-.7-.43v10.680041l3.18 1.67c.56.3 1.23-.18 1.12-.82z\" fill=\"#e5e5e5\"\/><\/svg><\/i><svg fill=\"none\" height=\"13\" viewBox=\"0 0 13 13\" width=\"13\" xmlns=\"http:\/\/www.w3.org\/2000\/svg\"><path d=\"m5.79999.990059-1.58 3.220001-3.549999.52c-.6399996.09-.9.87-.43 1.32l2.559999 2.51-.6 3.53004c-.11.64.56 1.12 1.13.82l3.18-1.67v-10.680041c-.29 0-.56.14-.71.43z\" fill=\"#f5ba41\"\/><path d=\"m10.8 12.0901-.6-3.53004 2.57-2.5c.46-.45.21-1.23-.43-1.33l-3.56-.52-1.58-3.220001c-.15-.28-.42-.43-.7-.43v10.680041l3.18 1.67c.56.3 1.23-.18 1.12-.82z\" fill=\"#e5e5e5\"\/><\/svg><\/i><\/div><div class=\"course_price\"><div class=\"course_price_text\">Precio Emagister<\/div><del>9.950 \u20ac<\/del>  5.970 \u20ac<\/div><a href=\"https:\/\/www.emagister.com\/especializacion-gestion-recursos-humanos-gestion-equipos-cursos-2715250.htm\" class=\"course_button directory\">Ver m\u00e1s<\/a><\/div><\/div><div class=\"courses_more_wpr\"><span class=\"courses_more directory ofuscado\" onclick=\"window.location.href='https:\/\/www.emagister.com\/web\/search?q=Recursos%20humanos&#038;token=668d173c-ff0d-4d4f-bd13-3db820a3b96a&#038;segment=1&#038;sort=purePPL';\">Ver todos los cursos<svg height=\"20\" viewBox=\"0 0 20 20\" width=\"20\" xmlns=\"http:\/\/www.w3.org\/2000\/svg\"><path d=\"m12.77 10.332-4.602 4.531c-.184.184-.48.184-.664 0l-.277-.277c-.184-.184-.184-.48 0-.664l3.996-3.922-3.993-3.922c-.183-.183-.183-.48 0-.664l.278-.277c.183-.184.48-.184.664 0l4.601 4.531c.18.184.18.48-.003.664z\" fill=\"#4cb7ac\" fill-rule=\"evenodd\"\/><\/svg><\/span><\/div><\/div>\n<p style=\"text-align: justify;\"><span style=\"font-weight: 400;\">En este proceso es muy importante detectar aquellas pistas que te indican que tu tiempo en la empresa ha terminado. Aprende a identificarlas con esta peque\u00f1a gu\u00eda.<\/span><\/p>\n<h3 style=\"text-align: justify;\">8 se\u00f1ales de que ha llegado la hora de cambiar:<\/h3>\n<ol style=\"text-align: justify;\">\n<li><span style=\"font-weight: 400;\">Vuelves a casa rezumando <strong>energ\u00eda negativa<\/strong>: Una cosa es quejarse en el lugar de trabajo, lo hacemos todos y es algo normal. A\u00fan as\u00ed, el problema viene cuando esta actitud se mantiene incluso cuando est\u00e1s en tu tiempo de calidad. Esto no es nada sano.<\/span><\/li>\n<li><strong>Rutina, comodidad y monoton\u00eda<\/strong>: Al contrario de lo que se suele pensar, todas aquellas personas que se sienten inc\u00f3modos y salen a la zona de confort suelen ser las que m\u00e1s prosperan en sus carreras. Sal de ah\u00ed.<\/li>\n<li>Tienes que recordarte constantemente que <strong>\u201csolo es un trabajo\u201d<\/strong>: Si ya usas esta muletilla para calmarte y no agobiarte&#8230;definitivamente ha llegado la hora de buscar nuevas metas.<\/li>\n<li>\u00a0<strong>Tu trabajo ya no es un reto para ti:<\/strong> Llevas tiempo haciendo lo mismo y notas que te motiva el equivalente a un cero enorme. No obstante, si no buscas nuevos retos, al final tus d\u00edas en la empresa ser\u00e1n de irritaci\u00f3n, aburrimiento y desidia. \u00a1Ponte las pilas!<\/li>\n<li><strong>Has perdido las \u201cganas\u201d de ir a trabajar<\/strong>: \u00bfAcabas de tener unos d\u00edas libres y no quieres volver? \u00bfTe pasa siempre que tienes d\u00edas libres\/vacaciones? Claramente lo que haces no te motiva. \u00a1A cambiar!<\/li>\n<li><strong>Te equivocas en tonter\u00edas<\/strong>: Todos nos equivocamos alguna que otra vez, sin embargo si ves que tus errores son muy tontos y pierdes concentraci\u00f3n, haz un pensamiento. Ha llegado el momento de tomar decisiones.<\/li>\n<li><strong>El ambiente en la oficina es t\u00f3xico<\/strong>: Estar 8h todos los d\u00edas en un ambiente t\u00f3xico te puede llevar a la depresi\u00f3n a pesar de que intentes mantener tu buen humor. No lo consientas.<\/li>\n<li><strong>Est\u00e1s f\u00edsica y mentalmente exhausto<\/strong>: Has perdido todo el fuelle que te caracterizaba. La energ\u00eda vital y hasta las sonrisas ma\u00f1aneras. Este cansancio no te ayuda a desarrollar tu trabajo y, \u00e9ste, seguro se resiente.<\/li>\n<\/ol>\n<p style=\"text-align: justify;\"><span style=\"font-weight: 400;\">Resumiendo: Si est\u00e1s leyendo esto y te identificas con algunas de estas se\u00f1ales o, incluso con todas, no dudes m\u00e1s. Actualiza tu C.V y l\u00e1nzate a la aventura.<\/span><\/p>\n<p>Fuente: <strong>Ticbeat<\/strong><\/p>\n<div class=\"courses\"><div class=\"course\"><div class=\"inside\"><a href=\"https:\/\/www.emagister.com\/grado-recursos-humanos-relaciones-laborales-cursos-3777275.htm\" class=\"course_name directory\">Grado en Recursos Humanos y Relaciones Laborales<\/a><div class=\"course_center\">VIU - Universidad Internacional de Valencia<\/div><div class=\"course_rating\"><svg fill=\"none\" height=\"13\" viewBox=\"0 0 13 13\" width=\"13\" xmlns=\"http:\/\/www.w3.org\/2000\/svg\"><path d=\"m5.79999.990059-1.58 3.220001-3.549999.52c-.6399996.09-.9.87-.43 1.32l2.559999 2.51-.6 3.53004c-.11.64.56 1.12 1.13.82l3.18-1.67v-10.680041c-.29 0-.56.14-.71.43z\" fill=\"#f5ba41\"\/><path d=\"m10.8 12.0901-.6-3.53004 2.57-2.5c.46-.45.21-1.23-.43-1.33l-3.56-.52-1.58-3.220001c-.15-.28-.42-.43-.7-.43v10.680041l3.18 1.67c.56.3 1.23-.18 1.12-.82z\" fill=\"#e5e5e5\"\/><\/svg><\/i><svg fill=\"none\" height=\"13\" viewBox=\"0 0 13 13\" width=\"13\" xmlns=\"http:\/\/www.w3.org\/2000\/svg\"><path d=\"m5.79999.990059-1.58 3.220001-3.549999.52c-.6399996.09-.9.87-.43 1.32l2.559999 2.51-.6 3.53004c-.11.64.56 1.12 1.13.82l3.18-1.67v-10.680041c-.29 0-.56.14-.71.43z\" fill=\"#f5ba41\"\/><path d=\"m10.8 12.0901-.6-3.53004 2.57-2.5c.46-.45.21-1.23-.43-1.33l-3.56-.52-1.58-3.220001c-.15-.28-.42-.43-.7-.43v10.680041l3.18 1.67c.56.3 1.23-.18 1.12-.82z\" fill=\"#e5e5e5\"\/><\/svg><\/i><svg fill=\"none\" height=\"13\" viewBox=\"0 0 13 13\" width=\"13\" xmlns=\"http:\/\/www.w3.org\/2000\/svg\"><path d=\"m5.79999.990059-1.58 3.220001-3.549999.52c-.6399996.09-.9.87-.43 1.32l2.559999 2.51-.6 3.53004c-.11.64.56 1.12 1.13.82l3.18-1.67v-10.680041c-.29 0-.56.14-.71.43z\" fill=\"#f5ba41\"\/><path d=\"m10.8 12.0901-.6-3.53004 2.57-2.5c.46-.45.21-1.23-.43-1.33l-3.56-.52-1.58-3.220001c-.15-.28-.42-.43-.7-.43v10.680041l3.18 1.67c.56.3 1.23-.18 1.12-.82z\" fill=\"#e5e5e5\"\/><\/svg><\/i><svg fill=\"none\" height=\"13\" viewBox=\"0 0 13 13\" width=\"13\" xmlns=\"http:\/\/www.w3.org\/2000\/svg\"><path d=\"m5.79999.990059-1.58 3.220001-3.549999.52c-.6399996.09-.9.87-.43 1.32l2.559999 2.51-.6 3.53004c-.11.64.56 1.12 1.13.82l3.18-1.67v-10.680041c-.29 0-.56.14-.71.43z\" fill=\"#f5ba41\"\/><path d=\"m10.8 12.0901-.6-3.53004 2.57-2.5c.46-.45.21-1.23-.43-1.33l-3.56-.52-1.58-3.220001c-.15-.28-.42-.43-.7-.43v10.680041l3.18 1.67c.56.3 1.23-.18 1.12-.82z\" fill=\"#e5e5e5\"\/><\/svg><\/i><svg fill=\"none\" height=\"13\" viewBox=\"0 0 13 13\" width=\"13\" xmlns=\"http:\/\/www.w3.org\/2000\/svg\"><path d=\"m5.79999.990059-1.58 3.220001-3.549999.52c-.6399996.09-.9.87-.43 1.32l2.559999 2.51-.6 3.53004c-.11.64.56 1.12 1.13.82l3.18-1.67v-10.680041c-.29 0-.56.14-.71.43z\" fill=\"#f5ba41\"\/><path d=\"m10.8 12.0901-.6-3.53004 2.57-2.5c.46-.45.21-1.23-.43-1.33l-3.56-.52-1.58-3.220001c-.15-.28-.42-.43-.7-.43v10.680041l3.18 1.67c.56.3 1.23-.18 1.12-.82z\" fill=\"#e5e5e5\"\/><\/svg><\/i><\/div><div class=\"course_price\"><div class=\"course_price_text\">Precio a consultar<\/div><\/div><a href=\"https:\/\/www.emagister.com\/grado-recursos-humanos-relaciones-laborales-cursos-3777275.htm\" class=\"course_button directory\">Ver m\u00e1s<\/a><\/div><\/div><div class=\"course\"><div class=\"inside\"><a href=\"https:\/\/www.emagister.com\/curso-adaptacion-al-grado-recursos-humanos-relaciones-laborales-para-diplomados-cursos-3733203.htm\" class=\"course_name directory\">Adaptaci\u00f3n al Grado en Recursos Humanos y Relaciones Laborales<\/a><div class=\"course_center\">UNIR, la Universidad en Internet<\/div><div class=\"course_rating\"><svg fill=\"none\" height=\"13\" viewBox=\"0 0 13 13\" width=\"13\" xmlns=\"http:\/\/www.w3.org\/2000\/svg\"><path d=\"m5.79999.990059-1.58 3.220001-3.549999.52c-.6399996.09-.9.87-.43 1.32l2.559999 2.51-.6 3.53004c-.11.64.56 1.12 1.13.82l3.18-1.67v-10.680041c-.29 0-.56.14-.71.43z\" fill=\"#f5ba41\"\/><path d=\"m10.8 12.0901-.6-3.53004 2.57-2.5c.46-.45.21-1.23-.43-1.33l-3.56-.52-1.58-3.220001c-.15-.28-.42-.43-.7-.43v10.680041l3.18 1.67c.56.3 1.23-.18 1.12-.82z\" fill=\"#e5e5e5\"\/><\/svg><\/i><svg fill=\"none\" height=\"13\" viewBox=\"0 0 13 13\" width=\"13\" xmlns=\"http:\/\/www.w3.org\/2000\/svg\"><path d=\"m5.79999.990059-1.58 3.220001-3.549999.52c-.6399996.09-.9.87-.43 1.32l2.559999 2.51-.6 3.53004c-.11.64.56 1.12 1.13.82l3.18-1.67v-10.680041c-.29 0-.56.14-.71.43z\" fill=\"#f5ba41\"\/><path d=\"m10.8 12.0901-.6-3.53004 2.57-2.5c.46-.45.21-1.23-.43-1.33l-3.56-.52-1.58-3.220001c-.15-.28-.42-.43-.7-.43v10.680041l3.18 1.67c.56.3 1.23-.18 1.12-.82z\" fill=\"#e5e5e5\"\/><\/svg><\/i><svg fill=\"none\" height=\"13\" viewBox=\"0 0 13 13\" width=\"13\" xmlns=\"http:\/\/www.w3.org\/2000\/svg\"><path d=\"m5.79999.990059-1.58 3.220001-3.549999.52c-.6399996.09-.9.87-.43 1.32l2.559999 2.51-.6 3.53004c-.11.64.56 1.12 1.13.82l3.18-1.67v-10.680041c-.29 0-.56.14-.71.43z\" fill=\"#f5ba41\"\/><path d=\"m10.8 12.0901-.6-3.53004 2.57-2.5c.46-.45.21-1.23-.43-1.33l-3.56-.52-1.58-3.220001c-.15-.28-.42-.43-.7-.43v10.680041l3.18 1.67c.56.3 1.23-.18 1.12-.82z\" fill=\"#e5e5e5\"\/><\/svg><\/i><svg fill=\"none\" height=\"13\" viewBox=\"0 0 13 13\" width=\"13\" xmlns=\"http:\/\/www.w3.org\/2000\/svg\"><path d=\"m5.79999.990059-1.58 3.220001-3.549999.52c-.6399996.09-.9.87-.43 1.32l2.559999 2.51-.6 3.53004c-.11.64.56 1.12 1.13.82l3.18-1.67v-10.680041c-.29 0-.56.14-.71.43z\" fill=\"#f5ba41\"\/><path d=\"m10.8 12.0901-.6-3.53004 2.57-2.5c.46-.45.21-1.23-.43-1.33l-3.56-.52-1.58-3.220001c-.15-.28-.42-.43-.7-.43v10.680041l3.18 1.67c.56.3 1.23-.18 1.12-.82z\" fill=\"#e5e5e5\"\/><\/svg><\/i><svg height=\"14\" viewBox=\"0 0 15 14\" width=\"15\" xmlns=\"http:\/\/www.w3.org\/2000\/svg\"><path d=\"m7.293 11.013-4.315 2.269.824-4.805-3.492-3.404 4.825-.7 2.158-4.373 2.158 4.372 4.825.701-3.492 3.404.825 4.805z\" fill=\"#e5e5e5\" fill-rule=\"evenodd\"\/><\/svg><\/i><\/div><div class=\"course_price\"><div class=\"course_price_text\">Precio a consultar<\/div><\/div><a href=\"https:\/\/www.emagister.com\/curso-adaptacion-al-grado-recursos-humanos-relaciones-laborales-para-diplomados-cursos-3733203.htm\" class=\"course_button directory\">Ver m\u00e1s<\/a><\/div><\/div><div class=\"courses_more_wpr\"><span class=\"courses_more directory ofuscado\" onclick=\"window.location.href='https:\/\/www.emagister.com\/web\/search?q=relaciones%20laborales&#038;token=668d173c-ff0d-4d4f-bd13-3db820a3b96a&#038;segment=1&#038;sort=purePPL';\">Ver todos los cursos<svg height=\"20\" viewBox=\"0 0 20 20\" width=\"20\" xmlns=\"http:\/\/www.w3.org\/2000\/svg\"><path d=\"m12.77 10.332-4.602 4.531c-.184.184-.48.184-.664 0l-.277-.277c-.184-.184-.184-.48 0-.664l3.996-3.922-3.993-3.922c-.183-.183-.183-.48 0-.664l.278-.277c.183-.184.48-.184.664 0l4.601 4.531c.18.184.18.48-.003.664z\" fill=\"#4cb7ac\" fill-rule=\"evenodd\"\/><\/svg><\/span><\/div><\/div>\n<p>&nbsp;<\/p>\n","protected":false},"excerpt":{"rendered":"<p>Siempre que entra un a\u00f1o nuevo nos vienen las prisas para realizar cambios en nuestras vidas. Eso pasa tanto a &#8230; <a title=\"8 indicadores de que ya es hora de cambiar de trabajo\" class=\"read-more\" href=\"https:\/\/www.emagister.com\/blog\/8-indicadores-de-que-ya-es-hora-de-cambiar-de-trabajo\/\" aria-label=\"M\u00e1s en 8 indicadores de que ya es hora de cambiar de trabajo\">Leer m\u00e1s<\/a><\/p>\n","protected":false},"author":277,"featured_media":79628,"comment_status":"open","ping_status":"closed","sticky":false,"template":"","format":"standard","meta":{"_acf_changed":false,"inline_featured_image":false,"footnotes":""},"categories":[8334,8336,8381],"tags":[434,661,923,5526,10426],"class_list":["post-79624","post","type-post","status-publish","format-standard","has-post-thumbnail","hentry","category-empleo","category-noticias","category-mercado-laboral","tag-empleo","tag-trabajo","tag-recursos-humanos","tag-empleo-de-futuro","tag-psicologia-laboral","generate-columns","tablet-grid-50","mobile-grid-100","grid-parent","grid-25"],"acf":{"mostrar_faldon":"-1","texto_faldon":"","link_faldon":"","link_texto_faldon":"","hreflang":false,"estilo_titulo":""},"yoast_head":"<!-- This site is optimized with the Yoast SEO Premium plugin v18.1 (Yoast SEO v27.0) - https:\/\/yoast.com\/product\/yoast-seo-premium-wordpress\/ -->\n<title>8 indicadores de que ya es hora de cambiar de trabajo - Blog Emagister<\/title>\n<meta name=\"description\" content=\"Es hora de pensar en el futuro, hacia d\u00f3nde vas y hacia d\u00f3nde no quieres ir aunque eso suponga pensar en dejar tu trabajo actual.\" \/>\n<meta name=\"robots\" content=\"index, follow\" \/>\n<link rel=\"canonical\" href=\"https:\/\/www.emagister.com\/blog\/8-indicadores-de-que-ya-es-hora-de-cambiar-de-trabajo\/\" \/>\n<meta property=\"og:locale\" content=\"es_ES\" \/>\n<meta property=\"og:type\" content=\"article\" \/>\n<meta property=\"og:title\" content=\"8 indicadores de que ya es hora de cambiar de trabajo\" \/>\n<meta property=\"og:description\" content=\"Es hora de pensar en el futuro, hacia d\u00f3nde vas y hacia d\u00f3nde no quieres ir aunque eso suponga pensar en dejar tu trabajo actual.\" \/>\n<meta property=\"og:url\" content=\"https:\/\/www.emagister.com\/blog\/8-indicadores-de-que-ya-es-hora-de-cambiar-de-trabajo\/\" \/>\n<meta property=\"og:site_name\" content=\"Blog Emagister\" \/>\n<meta property=\"article:publisher\" content=\"https:\/\/www.facebook.com\/Emagister\/\" \/>\n<meta property=\"article:published_time\" content=\"2019-01-14T16:22:19+00:00\" \/>\n<meta property=\"article:modified_time\" content=\"2019-01-14T16:28:49+00:00\" \/>\n<meta property=\"og:image\" content=\"https:\/\/www.emagister.com\/blog\/wp-content\/uploads\/2019\/01\/design-desk-display-313690.jpg\" \/>\n\t<meta property=\"og:image:width\" content=\"1707\" \/>\n\t<meta property=\"og:image:height\" content=\"1280\" \/>\n\t<meta property=\"og:image:type\" content=\"image\/jpeg\" \/>\n<meta name=\"author\" content=\"Marta Trap\u00e9\" \/>\n<meta name=\"twitter:card\" content=\"summary_large_image\" \/>\n<meta name=\"twitter:creator\" content=\"@emagister\" \/>\n<meta name=\"twitter:site\" content=\"@emagister\" \/>\n<meta name=\"twitter:label1\" content=\"Escrito por\" \/>\n\t<meta name=\"twitter:data1\" content=\"Marta Trap\u00e9\" \/>\n\t<meta name=\"twitter:label2\" content=\"Tiempo de lectura\" \/>\n\t<meta name=\"twitter:data2\" content=\"2 minutos\" \/>\n<script type=\"application\/ld+json\" class=\"yoast-schema-graph\">{\"@context\":\"https:\/\/schema.org\",\"@graph\":[{\"@type\":\"Article\",\"@id\":\"https:\/\/www.emagister.com\/blog\/8-indicadores-de-que-ya-es-hora-de-cambiar-de-trabajo\/#article\",\"isPartOf\":{\"@id\":\"https:\/\/www.emagister.com\/blog\/8-indicadores-de-que-ya-es-hora-de-cambiar-de-trabajo\/\"},\"author\":{\"name\":\"Marta Trap\u00e9\",\"@id\":\"https:\/\/www.emagister.com\/blog\/#\/schema\/person\/43561579cf9a10db326f00524d5f26a5\"},\"headline\":\"8 indicadores de que ya es hora de cambiar de trabajo\",\"datePublished\":\"2019-01-14T16:22:19+00:00\",\"dateModified\":\"2019-01-14T16:28:49+00:00\",\"mainEntityOfPage\":{\"@id\":\"https:\/\/www.emagister.com\/blog\/8-indicadores-de-que-ya-es-hora-de-cambiar-de-trabajo\/\"},\"wordCount\":491,\"commentCount\":0,\"publisher\":{\"@id\":\"https:\/\/www.emagister.com\/blog\/#organization\"},\"image\":{\"@id\":\"https:\/\/www.emagister.com\/blog\/8-indicadores-de-que-ya-es-hora-de-cambiar-de-trabajo\/#primaryimage\"},\"thumbnailUrl\":\"https:\/\/www.emagister.com\/blog\/wp-content\/uploads\/2019\/01\/design-desk-display-313690.jpg\",\"keywords\":[\"empleo\",\"trabajo\",\"recursos humanos\",\"empleo de futuro\",\"psicolog\u00eda laboral\"],\"articleSection\":[\"Encontrar empleo\",\"Actualidad Emagister\",\"Mercado laboral\"],\"inLanguage\":\"es\",\"potentialAction\":[{\"@type\":\"CommentAction\",\"name\":\"Comment\",\"target\":[\"https:\/\/www.emagister.com\/blog\/8-indicadores-de-que-ya-es-hora-de-cambiar-de-trabajo\/#respond\"]}]},{\"@type\":\"WebPage\",\"@id\":\"https:\/\/www.emagister.com\/blog\/8-indicadores-de-que-ya-es-hora-de-cambiar-de-trabajo\/\",\"url\":\"https:\/\/www.emagister.com\/blog\/8-indicadores-de-que-ya-es-hora-de-cambiar-de-trabajo\/\",\"name\":\"8 indicadores de que ya es hora de cambiar de trabajo - Blog Emagister\",\"isPartOf\":{\"@id\":\"https:\/\/www.emagister.com\/blog\/#website\"},\"primaryImageOfPage\":{\"@id\":\"https:\/\/www.emagister.com\/blog\/8-indicadores-de-que-ya-es-hora-de-cambiar-de-trabajo\/#primaryimage\"},\"image\":{\"@id\":\"https:\/\/www.emagister.com\/blog\/8-indicadores-de-que-ya-es-hora-de-cambiar-de-trabajo\/#primaryimage\"},\"thumbnailUrl\":\"https:\/\/www.emagister.com\/blog\/wp-content\/uploads\/2019\/01\/design-desk-display-313690.jpg\",\"datePublished\":\"2019-01-14T16:22:19+00:00\",\"dateModified\":\"2019-01-14T16:28:49+00:00\",\"description\":\"Es hora de pensar en el futuro, hacia d\u00f3nde vas y hacia d\u00f3nde no quieres ir aunque eso suponga pensar en dejar tu trabajo actual.\",\"breadcrumb\":{\"@id\":\"https:\/\/www.emagister.com\/blog\/8-indicadores-de-que-ya-es-hora-de-cambiar-de-trabajo\/#breadcrumb\"},\"inLanguage\":\"es\",\"potentialAction\":[{\"@type\":\"ReadAction\",\"target\":[\"https:\/\/www.emagister.com\/blog\/8-indicadores-de-que-ya-es-hora-de-cambiar-de-trabajo\/\"]}]},{\"@type\":\"ImageObject\",\"inLanguage\":\"es\",\"@id\":\"https:\/\/www.emagister.com\/blog\/8-indicadores-de-que-ya-es-hora-de-cambiar-de-trabajo\/#primaryimage\",\"url\":\"https:\/\/www.emagister.com\/blog\/wp-content\/uploads\/2019\/01\/design-desk-display-313690.jpg\",\"contentUrl\":\"https:\/\/www.emagister.com\/blog\/wp-content\/uploads\/2019\/01\/design-desk-display-313690.jpg\",\"width\":1707,\"height\":1280,\"caption\":\"Cambiar trabajo\"},{\"@type\":\"BreadcrumbList\",\"@id\":\"https:\/\/www.emagister.com\/blog\/8-indicadores-de-que-ya-es-hora-de-cambiar-de-trabajo\/#breadcrumb\",\"itemListElement\":[{\"@type\":\"ListItem\",\"position\":1,\"name\":\"Blog Emagister\",\"item\":\"https:\/\/www.emagister.com\/blog\/\"},{\"@type\":\"ListItem\",\"position\":2,\"name\":\"Actualidad Emagister\",\"item\":\"https:\/\/www.emagister.com\/blog\/noticias\/\"},{\"@type\":\"ListItem\",\"position\":3,\"name\":\"8 indicadores de que ya es hora de cambiar de trabajo\"}]},{\"@type\":\"WebSite\",\"@id\":\"https:\/\/www.emagister.com\/blog\/#website\",\"url\":\"https:\/\/www.emagister.com\/blog\/\",\"name\":\"Blog Emagister\",\"description\":\"Gu\u00eda de orientaci\u00f3n sobre estudios y tendencias de formaci\u00f3n\",\"publisher\":{\"@id\":\"https:\/\/www.emagister.com\/blog\/#organization\"},\"potentialAction\":[{\"@type\":\"SearchAction\",\"target\":{\"@type\":\"EntryPoint\",\"urlTemplate\":\"https:\/\/www.emagister.com\/blog\/?s={search_term_string}\"},\"query-input\":{\"@type\":\"PropertyValueSpecification\",\"valueRequired\":true,\"valueName\":\"search_term_string\"}}],\"inLanguage\":\"es\"},{\"@type\":\"Organization\",\"@id\":\"https:\/\/www.emagister.com\/blog\/#organization\",\"name\":\"Emagister\",\"url\":\"https:\/\/www.emagister.com\/blog\/\",\"logo\":{\"@type\":\"ImageObject\",\"inLanguage\":\"es\",\"@id\":\"https:\/\/www.emagister.com\/blog\/#\/schema\/logo\/image\/\",\"url\":\"https:\/\/www.emagister.com\/blog\/wp-content\/uploads\/2017\/02\/photo.png\",\"contentUrl\":\"https:\/\/www.emagister.com\/blog\/wp-content\/uploads\/2017\/02\/photo.png\",\"width\":120,\"height\":120,\"caption\":\"Emagister\"},\"image\":{\"@id\":\"https:\/\/www.emagister.com\/blog\/#\/schema\/logo\/image\/\"},\"sameAs\":[\"https:\/\/www.facebook.com\/Emagister\/\",\"https:\/\/x.com\/emagister\",\"https:\/\/www.instagram.com\/emagister\/\",\"https:\/\/www.linkedin.com\/company\/emagister-com\/\",\"https:\/\/www.pinterest.es\/emagister\/\",\"https:\/\/www.youtube.com\/user\/emagister\/\",\"https:\/\/es.wikipedia.org\/wiki\/Emagister\"]},{\"@type\":\"Person\",\"@id\":\"https:\/\/www.emagister.com\/blog\/#\/schema\/person\/43561579cf9a10db326f00524d5f26a5\",\"name\":\"Marta Trap\u00e9\",\"image\":{\"@type\":\"ImageObject\",\"inLanguage\":\"es\",\"@id\":\"https:\/\/www.emagister.com\/blog\/#\/schema\/person\/image\/\",\"url\":\"https:\/\/secure.gravatar.com\/avatar\/3c789ca246ecafd5189e935f3645c0958149b83aecab67769b4f55909196c991?s=96&r=g\",\"contentUrl\":\"https:\/\/secure.gravatar.com\/avatar\/3c789ca246ecafd5189e935f3645c0958149b83aecab67769b4f55909196c991?s=96&r=g\",\"caption\":\"Marta Trap\u00e9\"},\"url\":\"https:\/\/www.emagister.com\/blog\/author\/mtrape\/\"}]}<\/script>\n<!-- \/ Yoast SEO Premium plugin. -->","yoast_head_json":{"title":"8 indicadores de que ya es hora de cambiar de trabajo - Blog Emagister","description":"Es hora de pensar en el futuro, hacia d\u00f3nde vas y hacia d\u00f3nde no quieres ir aunque eso suponga pensar en dejar tu trabajo actual.","robots":{"index":"index","follow":"follow"},"canonical":"https:\/\/www.emagister.com\/blog\/8-indicadores-de-que-ya-es-hora-de-cambiar-de-trabajo\/","og_locale":"es_ES","og_type":"article","og_title":"8 indicadores de que ya es hora de cambiar de trabajo","og_description":"Es hora de pensar en el futuro, hacia d\u00f3nde vas y hacia d\u00f3nde no quieres ir aunque eso suponga pensar en dejar tu trabajo actual.","og_url":"https:\/\/www.emagister.com\/blog\/8-indicadores-de-que-ya-es-hora-de-cambiar-de-trabajo\/","og_site_name":"Blog Emagister","article_publisher":"https:\/\/www.facebook.com\/Emagister\/","article_published_time":"2019-01-14T16:22:19+00:00","article_modified_time":"2019-01-14T16:28:49+00:00","og_image":[{"width":1707,"height":1280,"url":"https:\/\/www.emagister.com\/blog\/wp-content\/uploads\/2019\/01\/design-desk-display-313690.jpg","type":"image\/jpeg"}],"author":"Marta Trap\u00e9","twitter_card":"summary_large_image","twitter_creator":"@emagister","twitter_site":"@emagister","twitter_misc":{"Escrito por":"Marta Trap\u00e9","Tiempo de lectura":"2 minutos"},"schema":{"@context":"https:\/\/schema.org","@graph":[{"@type":"Article","@id":"https:\/\/www.emagister.com\/blog\/8-indicadores-de-que-ya-es-hora-de-cambiar-de-trabajo\/#article","isPartOf":{"@id":"https:\/\/www.emagister.com\/blog\/8-indicadores-de-que-ya-es-hora-de-cambiar-de-trabajo\/"},"author":{"name":"Marta Trap\u00e9","@id":"https:\/\/www.emagister.com\/blog\/#\/schema\/person\/43561579cf9a10db326f00524d5f26a5"},"headline":"8 indicadores de que ya es hora de cambiar de trabajo","datePublished":"2019-01-14T16:22:19+00:00","dateModified":"2019-01-14T16:28:49+00:00","mainEntityOfPage":{"@id":"https:\/\/www.emagister.com\/blog\/8-indicadores-de-que-ya-es-hora-de-cambiar-de-trabajo\/"},"wordCount":491,"commentCount":0,"publisher":{"@id":"https:\/\/www.emagister.com\/blog\/#organization"},"image":{"@id":"https:\/\/www.emagister.com\/blog\/8-indicadores-de-que-ya-es-hora-de-cambiar-de-trabajo\/#primaryimage"},"thumbnailUrl":"https:\/\/www.emagister.com\/blog\/wp-content\/uploads\/2019\/01\/design-desk-display-313690.jpg","keywords":["empleo","trabajo","recursos humanos","empleo de futuro","psicolog\u00eda laboral"],"articleSection":["Encontrar empleo","Actualidad Emagister","Mercado laboral"],"inLanguage":"es","potentialAction":[{"@type":"CommentAction","name":"Comment","target":["https:\/\/www.emagister.com\/blog\/8-indicadores-de-que-ya-es-hora-de-cambiar-de-trabajo\/#respond"]}]},{"@type":"WebPage","@id":"https:\/\/www.emagister.com\/blog\/8-indicadores-de-que-ya-es-hora-de-cambiar-de-trabajo\/","url":"https:\/\/www.emagister.com\/blog\/8-indicadores-de-que-ya-es-hora-de-cambiar-de-trabajo\/","name":"8 indicadores de que ya es hora de cambiar de trabajo - Blog Emagister","isPartOf":{"@id":"https:\/\/www.emagister.com\/blog\/#website"},"primaryImageOfPage":{"@id":"https:\/\/www.emagister.com\/blog\/8-indicadores-de-que-ya-es-hora-de-cambiar-de-trabajo\/#primaryimage"},"image":{"@id":"https:\/\/www.emagister.com\/blog\/8-indicadores-de-que-ya-es-hora-de-cambiar-de-trabajo\/#primaryimage"},"thumbnailUrl":"https:\/\/www.emagister.com\/blog\/wp-content\/uploads\/2019\/01\/design-desk-display-313690.jpg","datePublished":"2019-01-14T16:22:19+00:00","dateModified":"2019-01-14T16:28:49+00:00","description":"Es hora de pensar en el futuro, hacia d\u00f3nde vas y hacia d\u00f3nde no quieres ir aunque eso suponga pensar en dejar tu trabajo actual.","breadcrumb":{"@id":"https:\/\/www.emagister.com\/blog\/8-indicadores-de-que-ya-es-hora-de-cambiar-de-trabajo\/#breadcrumb"},"inLanguage":"es","potentialAction":[{"@type":"ReadAction","target":["https:\/\/www.emagister.com\/blog\/8-indicadores-de-que-ya-es-hora-de-cambiar-de-trabajo\/"]}]},{"@type":"ImageObject","inLanguage":"es","@id":"https:\/\/www.emagister.com\/blog\/8-indicadores-de-que-ya-es-hora-de-cambiar-de-trabajo\/#primaryimage","url":"https:\/\/www.emagister.com\/blog\/wp-content\/uploads\/2019\/01\/design-desk-display-313690.jpg","contentUrl":"https:\/\/www.emagister.com\/blog\/wp-content\/uploads\/2019\/01\/design-desk-display-313690.jpg","width":1707,"height":1280,"caption":"Cambiar trabajo"},{"@type":"BreadcrumbList","@id":"https:\/\/www.emagister.com\/blog\/8-indicadores-de-que-ya-es-hora-de-cambiar-de-trabajo\/#breadcrumb","itemListElement":[{"@type":"ListItem","position":1,"name":"Blog Emagister","item":"https:\/\/www.emagister.com\/blog\/"},{"@type":"ListItem","position":2,"name":"Actualidad Emagister","item":"https:\/\/www.emagister.com\/blog\/noticias\/"},{"@type":"ListItem","position":3,"name":"8 indicadores de que ya es hora de cambiar de trabajo"}]},{"@type":"WebSite","@id":"https:\/\/www.emagister.com\/blog\/#website","url":"https:\/\/www.emagister.com\/blog\/","name":"Blog Emagister","description":"Gu\u00eda de orientaci\u00f3n sobre estudios y tendencias de formaci\u00f3n","publisher":{"@id":"https:\/\/www.emagister.com\/blog\/#organization"},"potentialAction":[{"@type":"SearchAction","target":{"@type":"EntryPoint","urlTemplate":"https:\/\/www.emagister.com\/blog\/?s={search_term_string}"},"query-input":{"@type":"PropertyValueSpecification","valueRequired":true,"valueName":"search_term_string"}}],"inLanguage":"es"},{"@type":"Organization","@id":"https:\/\/www.emagister.com\/blog\/#organization","name":"Emagister","url":"https:\/\/www.emagister.com\/blog\/","logo":{"@type":"ImageObject","inLanguage":"es","@id":"https:\/\/www.emagister.com\/blog\/#\/schema\/logo\/image\/","url":"https:\/\/www.emagister.com\/blog\/wp-content\/uploads\/2017\/02\/photo.png","contentUrl":"https:\/\/www.emagister.com\/blog\/wp-content\/uploads\/2017\/02\/photo.png","width":120,"height":120,"caption":"Emagister"},"image":{"@id":"https:\/\/www.emagister.com\/blog\/#\/schema\/logo\/image\/"},"sameAs":["https:\/\/www.facebook.com\/Emagister\/","https:\/\/x.com\/emagister","https:\/\/www.instagram.com\/emagister\/","https:\/\/www.linkedin.com\/company\/emagister-com\/","https:\/\/www.pinterest.es\/emagister\/","https:\/\/www.youtube.com\/user\/emagister\/","https:\/\/es.wikipedia.org\/wiki\/Emagister"]},{"@type":"Person","@id":"https:\/\/www.emagister.com\/blog\/#\/schema\/person\/43561579cf9a10db326f00524d5f26a5","name":"Marta Trap\u00e9","image":{"@type":"ImageObject","inLanguage":"es","@id":"https:\/\/www.emagister.com\/blog\/#\/schema\/person\/image\/","url":"https:\/\/secure.gravatar.com\/avatar\/3c789ca246ecafd5189e935f3645c0958149b83aecab67769b4f55909196c991?s=96&r=g","contentUrl":"https:\/\/secure.gravatar.com\/avatar\/3c789ca246ecafd5189e935f3645c0958149b83aecab67769b4f55909196c991?s=96&r=g","caption":"Marta Trap\u00e9"},"url":"https:\/\/www.emagister.com\/blog\/author\/mtrape\/"}]}},"_links":{"self":[{"href":"https:\/\/www.emagister.com\/blog\/wp-json\/wp\/v2\/posts\/79624","targetHints":{"allow":["GET"]}}],"collection":[{"href":"https:\/\/www.emagister.com\/blog\/wp-json\/wp\/v2\/posts"}],"about":[{"href":"https:\/\/www.emagister.com\/blog\/wp-json\/wp\/v2\/types\/post"}],"author":[{"embeddable":true,"href":"https:\/\/www.emagister.com\/blog\/wp-json\/wp\/v2\/users\/277"}],"replies":[{"embeddable":true,"href":"https:\/\/www.emagister.com\/blog\/wp-json\/wp\/v2\/comments?post=79624"}],"version-history":[{"count":0,"href":"https:\/\/www.emagister.com\/blog\/wp-json\/wp\/v2\/posts\/79624\/revisions"}],"wp:featuredmedia":[{"embeddable":true,"href":"https:\/\/www.emagister.com\/blog\/wp-json\/wp\/v2\/media\/79628"}],"wp:attachment":[{"href":"https:\/\/www.emagister.com\/blog\/wp-json\/wp\/v2\/media?parent=79624"}],"wp:term":[{"taxonomy":"category","embeddable":true,"href":"https:\/\/www.emagister.com\/blog\/wp-json\/wp\/v2\/categories?post=79624"},{"taxonomy":"post_tag","embeddable":true,"href":"https:\/\/www.emagister.com\/blog\/wp-json\/wp\/v2\/tags?post=79624"}],"curies":[{"name":"wp","href":"https:\/\/api.w.org\/{rel}","templated":true}]}}