{"id":80459,"date":"2019-01-29T10:50:35","date_gmt":"2019-01-29T09:50:35","guid":{"rendered":"https:\/\/www.emagister.com\/blog\/?p=80459"},"modified":"2021-04-27T09:57:51","modified_gmt":"2021-04-27T07:57:51","slug":"el-proyecto-vital-de-las-personas-con-enfermedad-mental","status":"publish","type":"post","link":"https:\/\/www.emagister.com\/blog\/el-proyecto-vital-de-las-personas-con-enfermedad-mental\/","title":{"rendered":"El proyecto vital de las personas con enfermedad mental"},"content":{"rendered":"<p style=\"text-align: justify;\">El\u00a0<strong>I Congreso Nacional de Salud Mental, bajo el t\u00edtulo \u2018El proyecto vital de las personas con enfermedad mental\u2019<\/strong>, se celebrar\u00e1 entre los d\u00edas 18 y 22 de febrero de 2019.<\/p>\n<p style=\"text-align: justify;\"><!--more--><\/p>\n<p style=\"text-align: justify;\"><div class=\"courses\"><div class=\"course\"><div class=\"inside\"><a href=\"https:\/\/www.emagister.com\/master-humanizacion-asistencia-sanitaria-cursos-3439397.htm\" class=\"course_name directory\">M\u00e1ster en Humanizaci\u00f3n de la Asistencia Sanitaria<\/a><div class=\"course_center\">Cursos FNN<\/div><div class=\"course_rating\"><svg fill=\"none\" height=\"13\" viewBox=\"0 0 13 13\" width=\"13\" xmlns=\"http:\/\/www.w3.org\/2000\/svg\"><path d=\"m5.79999.990059-1.58 3.220001-3.549999.52c-.6399996.09-.9.87-.43 1.32l2.559999 2.51-.6 3.53004c-.11.64.56 1.12 1.13.82l3.18-1.67v-10.680041c-.29 0-.56.14-.71.43z\" fill=\"#f5ba41\"\/><path d=\"m10.8 12.0901-.6-3.53004 2.57-2.5c.46-.45.21-1.23-.43-1.33l-3.56-.52-1.58-3.220001c-.15-.28-.42-.43-.7-.43v10.680041l3.18 1.67c.56.3 1.23-.18 1.12-.82z\" fill=\"#e5e5e5\"\/><\/svg><\/i><svg fill=\"none\" height=\"13\" viewBox=\"0 0 13 13\" width=\"13\" xmlns=\"http:\/\/www.w3.org\/2000\/svg\"><path d=\"m5.79999.990059-1.58 3.220001-3.549999.52c-.6399996.09-.9.87-.43 1.32l2.559999 2.51-.6 3.53004c-.11.64.56 1.12 1.13.82l3.18-1.67v-10.680041c-.29 0-.56.14-.71.43z\" fill=\"#f5ba41\"\/><path d=\"m10.8 12.0901-.6-3.53004 2.57-2.5c.46-.45.21-1.23-.43-1.33l-3.56-.52-1.58-3.220001c-.15-.28-.42-.43-.7-.43v10.680041l3.18 1.67c.56.3 1.23-.18 1.12-.82z\" fill=\"#e5e5e5\"\/><\/svg><\/i><svg fill=\"none\" height=\"13\" viewBox=\"0 0 13 13\" width=\"13\" xmlns=\"http:\/\/www.w3.org\/2000\/svg\"><path d=\"m5.79999.990059-1.58 3.220001-3.549999.52c-.6399996.09-.9.87-.43 1.32l2.559999 2.51-.6 3.53004c-.11.64.56 1.12 1.13.82l3.18-1.67v-10.680041c-.29 0-.56.14-.71.43z\" fill=\"#f5ba41\"\/><path d=\"m10.8 12.0901-.6-3.53004 2.57-2.5c.46-.45.21-1.23-.43-1.33l-3.56-.52-1.58-3.220001c-.15-.28-.42-.43-.7-.43v10.680041l3.18 1.67c.56.3 1.23-.18 1.12-.82z\" fill=\"#e5e5e5\"\/><\/svg><\/i><svg fill=\"none\" height=\"13\" viewBox=\"0 0 13 13\" width=\"13\" xmlns=\"http:\/\/www.w3.org\/2000\/svg\"><path d=\"m5.79999.990059-1.58 3.220001-3.549999.52c-.6399996.09-.9.87-.43 1.32l2.559999 2.51-.6 3.53004c-.11.64.56 1.12 1.13.82l3.18-1.67v-10.680041c-.29 0-.56.14-.71.43z\" fill=\"#f5ba41\"\/><path d=\"m10.8 12.0901-.6-3.53004 2.57-2.5c.46-.45.21-1.23-.43-1.33l-3.56-.52-1.58-3.220001c-.15-.28-.42-.43-.7-.43v10.680041l3.18 1.67c.56.3 1.23-.18 1.12-.82z\" fill=\"#e5e5e5\"\/><\/svg><\/i><svg fill=\"none\" height=\"13\" viewBox=\"0 0 13 13\" width=\"13\" xmlns=\"http:\/\/www.w3.org\/2000\/svg\"><path d=\"m5.79999.990059-1.58 3.220001-3.549999.52c-.6399996.09-.9.87-.43 1.32l2.559999 2.51-.6 3.53004c-.11.64.56 1.12 1.13.82l3.18-1.67v-10.680041c-.29 0-.56.14-.71.43z\" fill=\"#f5ba41\"\/><path d=\"m10.8 12.0901-.6-3.53004 2.57-2.5c.46-.45.21-1.23-.43-1.33l-3.56-.52-1.58-3.220001c-.15-.28-.42-.43-.7-.43v10.680041l3.18 1.67c.56.3 1.23-.18 1.12-.82z\" fill=\"#e5e5e5\"\/><\/svg><\/i><\/div><div class=\"course_price\"><div class=\"course_price_text\"><\/div><del>2.200 \u20ac<\/del>  1.250 \u20ac<\/div><a href=\"https:\/\/www.emagister.com\/master-humanizacion-asistencia-sanitaria-cursos-3439397.htm\" class=\"course_button directory\">Ver m\u00e1s<\/a><\/div><\/div><div class=\"course\"><div class=\"inside\"><a href=\"https:\/\/www.emagister.com\/master-gestion-equipos-enfermeria-cursos-3439624.htm\" class=\"course_name directory\">M\u00e1ster en Gesti\u00f3n de Equipos de Enfermer\u00eda<\/a><div class=\"course_center\">Cursos FNN<\/div><div class=\"course_rating\"><svg fill=\"none\" height=\"13\" viewBox=\"0 0 13 13\" width=\"13\" xmlns=\"http:\/\/www.w3.org\/2000\/svg\"><path d=\"m5.79999.990059-1.58 3.220001-3.549999.52c-.6399996.09-.9.87-.43 1.32l2.559999 2.51-.6 3.53004c-.11.64.56 1.12 1.13.82l3.18-1.67v-10.680041c-.29 0-.56.14-.71.43z\" fill=\"#f5ba41\"\/><path d=\"m10.8 12.0901-.6-3.53004 2.57-2.5c.46-.45.21-1.23-.43-1.33l-3.56-.52-1.58-3.220001c-.15-.28-.42-.43-.7-.43v10.680041l3.18 1.67c.56.3 1.23-.18 1.12-.82z\" fill=\"#e5e5e5\"\/><\/svg><\/i><svg fill=\"none\" height=\"13\" viewBox=\"0 0 13 13\" width=\"13\" xmlns=\"http:\/\/www.w3.org\/2000\/svg\"><path d=\"m5.79999.990059-1.58 3.220001-3.549999.52c-.6399996.09-.9.87-.43 1.32l2.559999 2.51-.6 3.53004c-.11.64.56 1.12 1.13.82l3.18-1.67v-10.680041c-.29 0-.56.14-.71.43z\" fill=\"#f5ba41\"\/><path d=\"m10.8 12.0901-.6-3.53004 2.57-2.5c.46-.45.21-1.23-.43-1.33l-3.56-.52-1.58-3.220001c-.15-.28-.42-.43-.7-.43v10.680041l3.18 1.67c.56.3 1.23-.18 1.12-.82z\" fill=\"#e5e5e5\"\/><\/svg><\/i><svg fill=\"none\" height=\"13\" viewBox=\"0 0 13 13\" width=\"13\" xmlns=\"http:\/\/www.w3.org\/2000\/svg\"><path d=\"m5.79999.990059-1.58 3.220001-3.549999.52c-.6399996.09-.9.87-.43 1.32l2.559999 2.51-.6 3.53004c-.11.64.56 1.12 1.13.82l3.18-1.67v-10.680041c-.29 0-.56.14-.71.43z\" fill=\"#f5ba41\"\/><path d=\"m10.8 12.0901-.6-3.53004 2.57-2.5c.46-.45.21-1.23-.43-1.33l-3.56-.52-1.58-3.220001c-.15-.28-.42-.43-.7-.43v10.680041l3.18 1.67c.56.3 1.23-.18 1.12-.82z\" fill=\"#e5e5e5\"\/><\/svg><\/i><svg fill=\"none\" height=\"13\" viewBox=\"0 0 13 13\" width=\"13\" xmlns=\"http:\/\/www.w3.org\/2000\/svg\"><path d=\"m5.79999.990059-1.58 3.220001-3.549999.52c-.6399996.09-.9.87-.43 1.32l2.559999 2.51-.6 3.53004c-.11.64.56 1.12 1.13.82l3.18-1.67v-10.680041c-.29 0-.56.14-.71.43z\" fill=\"#f5ba41\"\/><path d=\"m10.8 12.0901-.6-3.53004 2.57-2.5c.46-.45.21-1.23-.43-1.33l-3.56-.52-1.58-3.220001c-.15-.28-.42-.43-.7-.43v10.680041l3.18 1.67c.56.3 1.23-.18 1.12-.82z\" fill=\"#e5e5e5\"\/><\/svg><\/i><svg fill=\"none\" height=\"13\" viewBox=\"0 0 13 13\" width=\"13\" xmlns=\"http:\/\/www.w3.org\/2000\/svg\"><path d=\"m5.79999.990059-1.58 3.220001-3.549999.52c-.6399996.09-.9.87-.43 1.32l2.559999 2.51-.6 3.53004c-.11.64.56 1.12 1.13.82l3.18-1.67v-10.680041c-.29 0-.56.14-.71.43z\" fill=\"#f5ba41\"\/><path d=\"m10.8 12.0901-.6-3.53004 2.57-2.5c.46-.45.21-1.23-.43-1.33l-3.56-.52-1.58-3.220001c-.15-.28-.42-.43-.7-.43v10.680041l3.18 1.67c.56.3 1.23-.18 1.12-.82z\" fill=\"#e5e5e5\"\/><\/svg><\/i><\/div><div class=\"course_price\"><div class=\"course_price_text\"><\/div><del>2.200 \u20ac<\/del>  1.250 \u20ac<\/div><a href=\"https:\/\/www.emagister.com\/master-gestion-equipos-enfermeria-cursos-3439624.htm\" class=\"course_button directory\">Ver m\u00e1s<\/a><\/div><\/div><div class=\"courses_more_wpr\"><span class=\"courses_more directory ofuscado\" onclick=\"window.location.href='https:\/\/www.emagister.com\/web\/search?q=T\u00e9cnico%20sanitario&#038;token=668d173c-ff0d-4d4f-bd13-3db820a3b96a&#038;segment=1&#038;sort=purePPL&#038;idCentro=99997192958079401036578245525977';\">Ver todos los cursos<svg height=\"20\" viewBox=\"0 0 20 20\" width=\"20\" xmlns=\"http:\/\/www.w3.org\/2000\/svg\"><path d=\"m12.77 10.332-4.602 4.531c-.184.184-.48.184-.664 0l-.277-.277c-.184-.184-.184-.48 0-.664l3.996-3.922-3.993-3.922c-.183-.183-.183-.48 0-.664l.278-.277c.183-.184.48-.184.664 0l4.601 4.531c.18.184.18.48-.003.664z\" fill=\"#4cb7ac\" fill-rule=\"evenodd\"\/><\/svg><\/span><\/div><\/div><\/p>\n<p style=\"text-align: justify;\">La cita, dirigida a M\u00e9dicos, Psic\u00f3logos, Enfermeras, Terapeutas Ocupaciones y T\u00e9cnicos en Cuidados Auxiliares de Enfermer\u00eda, pretende crear un entorno educativo en el que compartir conocimientos, investigaciones, experiencias y opiniones en el d\u00eda a d\u00eda de los cuidados y gesti\u00f3n de las enfermedades mentales, entre los diversos niveles asistenciales.<\/p>\n<p style=\"text-align: justify;\">En esta ocasi\u00f3n, el Congreso cuenta con la colaboraci\u00f3n especial del Colegio de Enfermer\u00eda del Principado de Asturias y el Colegio Oficial de Enfermer\u00eda de Lugo.<\/p>\n<h3 style=\"text-align: justify;\"><strong>Programa cient\u00edfico sobre enfermedades mentales<\/strong><\/h3>\n<p style=\"text-align: justify;\">La Conferencia Inaugural del Congreso estar\u00e1 a cargo del Dr. D. Manuel A. Franco, Jefe de Servicio de Psiquiatr\u00eda en el Complejo Asistencial de Zamora, Profesor Asociado de la Universidad de Salamanca y Miembro de la Real Academia de Medicina de Salamanca.<\/p>\n<p style=\"text-align: justify;\">Sobre\u00a0<strong>seguridad del paciente<\/strong><strong>\u00a0<\/strong>en Salud Mental, debatir\u00e1n en la primera mesa de exposici\u00f3n, Alberto Rando, enfermero de Continuidad Asistencial en el Hospital Universitario Infanta Cristina, junto con el Dr. Jes\u00fas Olea, enfermero especialista en Salud Mental y doctor en Psicolog\u00eda Cl\u00ednica, y el Dr. Rodrigo Puente, facultativo especialista en psiquiatr\u00eda en el Hospital Ram\u00f3n y Cajal y adjunto en el Hospital de Henares.<\/p>\n<p style=\"text-align: justify;\">La segunda jornada, se centrar\u00e1 en\u00a0<strong>experiencias innovadoras<\/strong>\u00a0en Salud Mental, de la mano del Dr. Felipe Soto, Jefe de \u00c1rea en la Fundaci\u00f3n Intras Zamora; Esteban del Pozo, enfermero especialista en salud mental y responsable de Enfermer\u00eda de Calidad y Apoyo a la Investigaci\u00f3n en el Hospital Dr. R. Lafora; finalizando la jornada con las \u00faltimas actualizaciones en\u00a0<strong>investigaci\u00f3n<\/strong>\u00a0en salud mental.<\/p>\n<p style=\"text-align: justify;\">La tercera jornada pondr\u00e1 el foco en la\u00a0<strong>humanizaci\u00f3n<\/strong>, de la mano del Dr. Diego Ayuso, Secretario General del Consejo General de Enfermer\u00eda, y en la\u00a0<strong>comunicaci\u00f3n<\/strong>\u00a0y manejo de la informaci\u00f3n en la pr\u00e1ctica cl\u00ednica, centrados en los principios y valores, el\u00a0afrontamiento de la muerte\u00a0y la transmisi\u00f3n de las malas noticias.<\/p>\n<p style=\"text-align: justify;\">En las dos \u00faltimas jornada, se ahondar\u00e1 en la\u00a0<strong>seguridad<\/strong>\u00a0del paciente y la autoprotecci\u00f3n y la actualidad en el\u00a0<strong>marco legal<\/strong>\u00a0de las asistencia sanitaria.<\/p>\n<h3 style=\"text-align: justify;\"><strong>Calendario, fecha y precio<\/strong><\/h3>\n<ul style=\"text-align: justify;\">\n<li>Fecha l\u00edmite para presentaci\u00f3n de trabajos: 12 de febrero de 2019<\/li>\n<li>Fecha l\u00edmite para inscripci\u00f3n en el congreso: 17 de febrero de 2019<\/li>\n<li>Precio inscripci\u00f3n: 70\u20ac<\/li>\n<\/ul>\n<h3 style=\"text-align: justify;\"><strong>Los congresos virtuales sobre salud mental<\/strong><\/h3>\n<p style=\"text-align: justify;\">Los\u00a0congresos nacionales virtuales\u00a0pretenden crear un entorno educativo en el que compartir conocimientos, investigaciones, experiencias y opiniones en el d\u00eda a d\u00eda relacionada con los cuidados.<\/p>\n<p style=\"text-align: justify;\">Esta modalidad de congresos se celebran en modalidad virtual, permitiendo al asistente disfrutar de la flexibilidad que otorga este formato, pero sin renunciar a la experiencia de participar en un entorno de intercambio de conocimiento.<\/p>\n<p style=\"text-align: justify;\">Y todo ello en\u00a0un entorno web dise\u00f1ado espec\u00edficamente para el mismo y dotado de herramientas de apoyo y comunicaci\u00f3n, el cual estar\u00e1 abierto a los asistentes del congreso solo durante los d\u00edas de celebraci\u00f3n del mismo.<\/p>\n<p style=\"text-align: justify;\">Fuente: <strong>Fnn<\/strong><\/p>\n<p style=\"text-align: justify;\"><\/p>\n<p style=\"text-align: justify;\">\n","protected":false},"excerpt":{"rendered":"<p>El\u00a0I Congreso Nacional de Salud Mental, bajo el t\u00edtulo \u2018El proyecto vital de las personas con enfermedad mental\u2019, se celebrar\u00e1 &#8230; <a title=\"El proyecto vital de las personas con enfermedad mental\" class=\"read-more\" href=\"https:\/\/www.emagister.com\/blog\/el-proyecto-vital-de-las-personas-con-enfermedad-mental\/\" aria-label=\"M\u00e1s en El proyecto vital de las personas con enfermedad mental\">Leer m\u00e1s<\/a><\/p>\n","protected":false},"author":277,"featured_media":80460,"comment_status":"open","ping_status":"closed","sticky":false,"template":"","format":"standard","meta":{"_acf_changed":false,"inline_featured_image":false,"footnotes":""},"categories":[785,8336],"tags":[2832,9775,9776,10141,10396],"class_list":["post-80459","post","type-post","status-publish","format-standard","has-post-thumbnail","hentry","category-nuestros-clientes","category-noticias","tag-noticias-de-centros-de-formacion","tag-cursos-fnn","tag-9776","tag-noticiaselpais","tag-noticias-de-centros","generate-columns","tablet-grid-50","mobile-grid-100","grid-parent","grid-25"],"acf":{"mostrar_faldon":"-1","texto_faldon":"","link_faldon":"","link_texto_faldon":"","hreflang":false,"estilo_titulo":""},"yoast_head":"<!-- This site is optimized with the Yoast SEO Premium plugin v18.1 (Yoast SEO v27.0) - https:\/\/yoast.com\/product\/yoast-seo-premium-wordpress\/ -->\n<title>El proyecto vital de las personas con enfermedad mental - Blog Emagister<\/title>\n<meta name=\"description\" content=\"El\u00a0I Congreso Nacional de Salud Mental, llamado \u2018El proyecto vital de las personas con enfermedad mental\u2019, se celebrar\u00e1 entre los d\u00edas 18 y 22 de febrero.\" \/>\n<meta name=\"robots\" content=\"index, follow\" \/>\n<link rel=\"canonical\" href=\"https:\/\/www.emagister.com\/blog\/el-proyecto-vital-de-las-personas-con-enfermedad-mental\/\" \/>\n<meta property=\"og:locale\" content=\"es_ES\" \/>\n<meta property=\"og:type\" content=\"article\" \/>\n<meta property=\"og:title\" content=\"El proyecto vital de las personas con enfermedad mental\" \/>\n<meta property=\"og:description\" content=\"El\u00a0I Congreso Nacional de Salud Mental, llamado \u2018El proyecto vital de las personas con enfermedad mental\u2019, se celebrar\u00e1 entre los d\u00edas 18 y 22 de febrero.\" \/>\n<meta property=\"og:url\" content=\"https:\/\/www.emagister.com\/blog\/el-proyecto-vital-de-las-personas-con-enfermedad-mental\/\" \/>\n<meta property=\"og:site_name\" content=\"Blog Emagister\" \/>\n<meta property=\"article:publisher\" content=\"https:\/\/www.facebook.com\/Emagister\/\" \/>\n<meta property=\"article:published_time\" content=\"2019-01-29T09:50:35+00:00\" \/>\n<meta property=\"article:modified_time\" content=\"2021-04-27T07:57:51+00:00\" \/>\n<meta property=\"og:image\" content=\"https:\/\/www.emagister.com\/blog\/wp-content\/uploads\/2019\/01\/addiction-antibiotic-capsules-360622.jpg\" \/>\n\t<meta property=\"og:image:width\" content=\"1920\" \/>\n\t<meta property=\"og:image:height\" content=\"1280\" \/>\n\t<meta property=\"og:image:type\" content=\"image\/jpeg\" \/>\n<meta name=\"author\" content=\"Marta Trap\u00e9\" \/>\n<meta name=\"twitter:card\" content=\"summary_large_image\" \/>\n<meta name=\"twitter:creator\" content=\"@emagister\" \/>\n<meta name=\"twitter:site\" content=\"@emagister\" \/>\n<meta name=\"twitter:label1\" content=\"Escrito por\" \/>\n\t<meta name=\"twitter:data1\" content=\"Marta Trap\u00e9\" \/>\n\t<meta name=\"twitter:label2\" content=\"Tiempo de lectura\" \/>\n\t<meta name=\"twitter:data2\" content=\"3 minutos\" \/>\n<script type=\"application\/ld+json\" class=\"yoast-schema-graph\">{\"@context\":\"https:\/\/schema.org\",\"@graph\":[{\"@type\":\"Article\",\"@id\":\"https:\/\/www.emagister.com\/blog\/el-proyecto-vital-de-las-personas-con-enfermedad-mental\/#article\",\"isPartOf\":{\"@id\":\"https:\/\/www.emagister.com\/blog\/el-proyecto-vital-de-las-personas-con-enfermedad-mental\/\"},\"author\":{\"name\":\"Marta Trap\u00e9\",\"@id\":\"https:\/\/www.emagister.com\/blog\/#\/schema\/person\/43561579cf9a10db326f00524d5f26a5\"},\"headline\":\"El proyecto vital de las personas con enfermedad mental\",\"datePublished\":\"2019-01-29T09:50:35+00:00\",\"dateModified\":\"2021-04-27T07:57:51+00:00\",\"mainEntityOfPage\":{\"@id\":\"https:\/\/www.emagister.com\/blog\/el-proyecto-vital-de-las-personas-con-enfermedad-mental\/\"},\"wordCount\":580,\"commentCount\":0,\"publisher\":{\"@id\":\"https:\/\/www.emagister.com\/blog\/#organization\"},\"image\":{\"@id\":\"https:\/\/www.emagister.com\/blog\/el-proyecto-vital-de-las-personas-con-enfermedad-mental\/#primaryimage\"},\"thumbnailUrl\":\"https:\/\/www.emagister.com\/blog\/wp-content\/uploads\/2019\/01\/addiction-antibiotic-capsules-360622.jpg\",\"keywords\":[\"Noticias de centros de formaci\u00f3n\",\"Cursos FNN\",\"99997192958079401036578245525977\",\"noticiasElPais\",\"noticias de centros\"],\"articleSection\":[\"Nuestros clientes\",\"Actualidad Emagister\"],\"inLanguage\":\"es\",\"potentialAction\":[{\"@type\":\"CommentAction\",\"name\":\"Comment\",\"target\":[\"https:\/\/www.emagister.com\/blog\/el-proyecto-vital-de-las-personas-con-enfermedad-mental\/#respond\"]}]},{\"@type\":\"WebPage\",\"@id\":\"https:\/\/www.emagister.com\/blog\/el-proyecto-vital-de-las-personas-con-enfermedad-mental\/\",\"url\":\"https:\/\/www.emagister.com\/blog\/el-proyecto-vital-de-las-personas-con-enfermedad-mental\/\",\"name\":\"El proyecto vital de las personas con enfermedad mental - Blog Emagister\",\"isPartOf\":{\"@id\":\"https:\/\/www.emagister.com\/blog\/#website\"},\"primaryImageOfPage\":{\"@id\":\"https:\/\/www.emagister.com\/blog\/el-proyecto-vital-de-las-personas-con-enfermedad-mental\/#primaryimage\"},\"image\":{\"@id\":\"https:\/\/www.emagister.com\/blog\/el-proyecto-vital-de-las-personas-con-enfermedad-mental\/#primaryimage\"},\"thumbnailUrl\":\"https:\/\/www.emagister.com\/blog\/wp-content\/uploads\/2019\/01\/addiction-antibiotic-capsules-360622.jpg\",\"datePublished\":\"2019-01-29T09:50:35+00:00\",\"dateModified\":\"2021-04-27T07:57:51+00:00\",\"description\":\"El\u00a0I Congreso Nacional de Salud Mental, llamado \u2018El proyecto vital de las personas con enfermedad mental\u2019, se celebrar\u00e1 entre los d\u00edas 18 y 22 de febrero.\",\"breadcrumb\":{\"@id\":\"https:\/\/www.emagister.com\/blog\/el-proyecto-vital-de-las-personas-con-enfermedad-mental\/#breadcrumb\"},\"inLanguage\":\"es\",\"potentialAction\":[{\"@type\":\"ReadAction\",\"target\":[\"https:\/\/www.emagister.com\/blog\/el-proyecto-vital-de-las-personas-con-enfermedad-mental\/\"]}]},{\"@type\":\"ImageObject\",\"inLanguage\":\"es\",\"@id\":\"https:\/\/www.emagister.com\/blog\/el-proyecto-vital-de-las-personas-con-enfermedad-mental\/#primaryimage\",\"url\":\"https:\/\/www.emagister.com\/blog\/wp-content\/uploads\/2019\/01\/addiction-antibiotic-capsules-360622.jpg\",\"contentUrl\":\"https:\/\/www.emagister.com\/blog\/wp-content\/uploads\/2019\/01\/addiction-antibiotic-capsules-360622.jpg\",\"width\":1920,\"height\":1280,\"caption\":\"salud mental\"},{\"@type\":\"BreadcrumbList\",\"@id\":\"https:\/\/www.emagister.com\/blog\/el-proyecto-vital-de-las-personas-con-enfermedad-mental\/#breadcrumb\",\"itemListElement\":[{\"@type\":\"ListItem\",\"position\":1,\"name\":\"Blog Emagister\",\"item\":\"https:\/\/www.emagister.com\/blog\/\"},{\"@type\":\"ListItem\",\"position\":2,\"name\":\"Nuestros clientes\",\"item\":\"https:\/\/www.emagister.com\/blog\/nuestros-clientes\/\"},{\"@type\":\"ListItem\",\"position\":3,\"name\":\"El proyecto vital de las personas con enfermedad mental\"}]},{\"@type\":\"WebSite\",\"@id\":\"https:\/\/www.emagister.com\/blog\/#website\",\"url\":\"https:\/\/www.emagister.com\/blog\/\",\"name\":\"Blog Emagister\",\"description\":\"Gu\u00eda de orientaci\u00f3n sobre estudios y tendencias de formaci\u00f3n\",\"publisher\":{\"@id\":\"https:\/\/www.emagister.com\/blog\/#organization\"},\"potentialAction\":[{\"@type\":\"SearchAction\",\"target\":{\"@type\":\"EntryPoint\",\"urlTemplate\":\"https:\/\/www.emagister.com\/blog\/?s={search_term_string}\"},\"query-input\":{\"@type\":\"PropertyValueSpecification\",\"valueRequired\":true,\"valueName\":\"search_term_string\"}}],\"inLanguage\":\"es\"},{\"@type\":\"Organization\",\"@id\":\"https:\/\/www.emagister.com\/blog\/#organization\",\"name\":\"Emagister\",\"url\":\"https:\/\/www.emagister.com\/blog\/\",\"logo\":{\"@type\":\"ImageObject\",\"inLanguage\":\"es\",\"@id\":\"https:\/\/www.emagister.com\/blog\/#\/schema\/logo\/image\/\",\"url\":\"https:\/\/www.emagister.com\/blog\/wp-content\/uploads\/2017\/02\/photo.png\",\"contentUrl\":\"https:\/\/www.emagister.com\/blog\/wp-content\/uploads\/2017\/02\/photo.png\",\"width\":120,\"height\":120,\"caption\":\"Emagister\"},\"image\":{\"@id\":\"https:\/\/www.emagister.com\/blog\/#\/schema\/logo\/image\/\"},\"sameAs\":[\"https:\/\/www.facebook.com\/Emagister\/\",\"https:\/\/x.com\/emagister\",\"https:\/\/www.instagram.com\/emagister\/\",\"https:\/\/www.linkedin.com\/company\/emagister-com\/\",\"https:\/\/www.pinterest.es\/emagister\/\",\"https:\/\/www.youtube.com\/user\/emagister\/\",\"https:\/\/es.wikipedia.org\/wiki\/Emagister\"]},{\"@type\":\"Person\",\"@id\":\"https:\/\/www.emagister.com\/blog\/#\/schema\/person\/43561579cf9a10db326f00524d5f26a5\",\"name\":\"Marta Trap\u00e9\",\"image\":{\"@type\":\"ImageObject\",\"inLanguage\":\"es\",\"@id\":\"https:\/\/www.emagister.com\/blog\/#\/schema\/person\/image\/\",\"url\":\"https:\/\/secure.gravatar.com\/avatar\/3c789ca246ecafd5189e935f3645c0958149b83aecab67769b4f55909196c991?s=96&r=g\",\"contentUrl\":\"https:\/\/secure.gravatar.com\/avatar\/3c789ca246ecafd5189e935f3645c0958149b83aecab67769b4f55909196c991?s=96&r=g\",\"caption\":\"Marta Trap\u00e9\"},\"url\":\"https:\/\/www.emagister.com\/blog\/author\/mtrape\/\"}]}<\/script>\n<!-- \/ Yoast SEO Premium plugin. -->","yoast_head_json":{"title":"El proyecto vital de las personas con enfermedad mental - Blog Emagister","description":"El\u00a0I Congreso Nacional de Salud Mental, llamado \u2018El proyecto vital de las personas con enfermedad mental\u2019, se celebrar\u00e1 entre los d\u00edas 18 y 22 de febrero.","robots":{"index":"index","follow":"follow"},"canonical":"https:\/\/www.emagister.com\/blog\/el-proyecto-vital-de-las-personas-con-enfermedad-mental\/","og_locale":"es_ES","og_type":"article","og_title":"El proyecto vital de las personas con enfermedad mental","og_description":"El\u00a0I Congreso Nacional de Salud Mental, llamado \u2018El proyecto vital de las personas con enfermedad mental\u2019, se celebrar\u00e1 entre los d\u00edas 18 y 22 de febrero.","og_url":"https:\/\/www.emagister.com\/blog\/el-proyecto-vital-de-las-personas-con-enfermedad-mental\/","og_site_name":"Blog Emagister","article_publisher":"https:\/\/www.facebook.com\/Emagister\/","article_published_time":"2019-01-29T09:50:35+00:00","article_modified_time":"2021-04-27T07:57:51+00:00","og_image":[{"width":1920,"height":1280,"url":"https:\/\/www.emagister.com\/blog\/wp-content\/uploads\/2019\/01\/addiction-antibiotic-capsules-360622.jpg","type":"image\/jpeg"}],"author":"Marta Trap\u00e9","twitter_card":"summary_large_image","twitter_creator":"@emagister","twitter_site":"@emagister","twitter_misc":{"Escrito por":"Marta Trap\u00e9","Tiempo de lectura":"3 minutos"},"schema":{"@context":"https:\/\/schema.org","@graph":[{"@type":"Article","@id":"https:\/\/www.emagister.com\/blog\/el-proyecto-vital-de-las-personas-con-enfermedad-mental\/#article","isPartOf":{"@id":"https:\/\/www.emagister.com\/blog\/el-proyecto-vital-de-las-personas-con-enfermedad-mental\/"},"author":{"name":"Marta Trap\u00e9","@id":"https:\/\/www.emagister.com\/blog\/#\/schema\/person\/43561579cf9a10db326f00524d5f26a5"},"headline":"El proyecto vital de las personas con enfermedad mental","datePublished":"2019-01-29T09:50:35+00:00","dateModified":"2021-04-27T07:57:51+00:00","mainEntityOfPage":{"@id":"https:\/\/www.emagister.com\/blog\/el-proyecto-vital-de-las-personas-con-enfermedad-mental\/"},"wordCount":580,"commentCount":0,"publisher":{"@id":"https:\/\/www.emagister.com\/blog\/#organization"},"image":{"@id":"https:\/\/www.emagister.com\/blog\/el-proyecto-vital-de-las-personas-con-enfermedad-mental\/#primaryimage"},"thumbnailUrl":"https:\/\/www.emagister.com\/blog\/wp-content\/uploads\/2019\/01\/addiction-antibiotic-capsules-360622.jpg","keywords":["Noticias de centros de formaci\u00f3n","Cursos FNN","99997192958079401036578245525977","noticiasElPais","noticias de centros"],"articleSection":["Nuestros clientes","Actualidad Emagister"],"inLanguage":"es","potentialAction":[{"@type":"CommentAction","name":"Comment","target":["https:\/\/www.emagister.com\/blog\/el-proyecto-vital-de-las-personas-con-enfermedad-mental\/#respond"]}]},{"@type":"WebPage","@id":"https:\/\/www.emagister.com\/blog\/el-proyecto-vital-de-las-personas-con-enfermedad-mental\/","url":"https:\/\/www.emagister.com\/blog\/el-proyecto-vital-de-las-personas-con-enfermedad-mental\/","name":"El proyecto vital de las personas con enfermedad mental - Blog Emagister","isPartOf":{"@id":"https:\/\/www.emagister.com\/blog\/#website"},"primaryImageOfPage":{"@id":"https:\/\/www.emagister.com\/blog\/el-proyecto-vital-de-las-personas-con-enfermedad-mental\/#primaryimage"},"image":{"@id":"https:\/\/www.emagister.com\/blog\/el-proyecto-vital-de-las-personas-con-enfermedad-mental\/#primaryimage"},"thumbnailUrl":"https:\/\/www.emagister.com\/blog\/wp-content\/uploads\/2019\/01\/addiction-antibiotic-capsules-360622.jpg","datePublished":"2019-01-29T09:50:35+00:00","dateModified":"2021-04-27T07:57:51+00:00","description":"El\u00a0I Congreso Nacional de Salud Mental, llamado \u2018El proyecto vital de las personas con enfermedad mental\u2019, se celebrar\u00e1 entre los d\u00edas 18 y 22 de febrero.","breadcrumb":{"@id":"https:\/\/www.emagister.com\/blog\/el-proyecto-vital-de-las-personas-con-enfermedad-mental\/#breadcrumb"},"inLanguage":"es","potentialAction":[{"@type":"ReadAction","target":["https:\/\/www.emagister.com\/blog\/el-proyecto-vital-de-las-personas-con-enfermedad-mental\/"]}]},{"@type":"ImageObject","inLanguage":"es","@id":"https:\/\/www.emagister.com\/blog\/el-proyecto-vital-de-las-personas-con-enfermedad-mental\/#primaryimage","url":"https:\/\/www.emagister.com\/blog\/wp-content\/uploads\/2019\/01\/addiction-antibiotic-capsules-360622.jpg","contentUrl":"https:\/\/www.emagister.com\/blog\/wp-content\/uploads\/2019\/01\/addiction-antibiotic-capsules-360622.jpg","width":1920,"height":1280,"caption":"salud mental"},{"@type":"BreadcrumbList","@id":"https:\/\/www.emagister.com\/blog\/el-proyecto-vital-de-las-personas-con-enfermedad-mental\/#breadcrumb","itemListElement":[{"@type":"ListItem","position":1,"name":"Blog Emagister","item":"https:\/\/www.emagister.com\/blog\/"},{"@type":"ListItem","position":2,"name":"Nuestros clientes","item":"https:\/\/www.emagister.com\/blog\/nuestros-clientes\/"},{"@type":"ListItem","position":3,"name":"El proyecto vital de las personas con enfermedad mental"}]},{"@type":"WebSite","@id":"https:\/\/www.emagister.com\/blog\/#website","url":"https:\/\/www.emagister.com\/blog\/","name":"Blog Emagister","description":"Gu\u00eda de orientaci\u00f3n sobre estudios y tendencias de formaci\u00f3n","publisher":{"@id":"https:\/\/www.emagister.com\/blog\/#organization"},"potentialAction":[{"@type":"SearchAction","target":{"@type":"EntryPoint","urlTemplate":"https:\/\/www.emagister.com\/blog\/?s={search_term_string}"},"query-input":{"@type":"PropertyValueSpecification","valueRequired":true,"valueName":"search_term_string"}}],"inLanguage":"es"},{"@type":"Organization","@id":"https:\/\/www.emagister.com\/blog\/#organization","name":"Emagister","url":"https:\/\/www.emagister.com\/blog\/","logo":{"@type":"ImageObject","inLanguage":"es","@id":"https:\/\/www.emagister.com\/blog\/#\/schema\/logo\/image\/","url":"https:\/\/www.emagister.com\/blog\/wp-content\/uploads\/2017\/02\/photo.png","contentUrl":"https:\/\/www.emagister.com\/blog\/wp-content\/uploads\/2017\/02\/photo.png","width":120,"height":120,"caption":"Emagister"},"image":{"@id":"https:\/\/www.emagister.com\/blog\/#\/schema\/logo\/image\/"},"sameAs":["https:\/\/www.facebook.com\/Emagister\/","https:\/\/x.com\/emagister","https:\/\/www.instagram.com\/emagister\/","https:\/\/www.linkedin.com\/company\/emagister-com\/","https:\/\/www.pinterest.es\/emagister\/","https:\/\/www.youtube.com\/user\/emagister\/","https:\/\/es.wikipedia.org\/wiki\/Emagister"]},{"@type":"Person","@id":"https:\/\/www.emagister.com\/blog\/#\/schema\/person\/43561579cf9a10db326f00524d5f26a5","name":"Marta Trap\u00e9","image":{"@type":"ImageObject","inLanguage":"es","@id":"https:\/\/www.emagister.com\/blog\/#\/schema\/person\/image\/","url":"https:\/\/secure.gravatar.com\/avatar\/3c789ca246ecafd5189e935f3645c0958149b83aecab67769b4f55909196c991?s=96&r=g","contentUrl":"https:\/\/secure.gravatar.com\/avatar\/3c789ca246ecafd5189e935f3645c0958149b83aecab67769b4f55909196c991?s=96&r=g","caption":"Marta Trap\u00e9"},"url":"https:\/\/www.emagister.com\/blog\/author\/mtrape\/"}]}},"_links":{"self":[{"href":"https:\/\/www.emagister.com\/blog\/wp-json\/wp\/v2\/posts\/80459","targetHints":{"allow":["GET"]}}],"collection":[{"href":"https:\/\/www.emagister.com\/blog\/wp-json\/wp\/v2\/posts"}],"about":[{"href":"https:\/\/www.emagister.com\/blog\/wp-json\/wp\/v2\/types\/post"}],"author":[{"embeddable":true,"href":"https:\/\/www.emagister.com\/blog\/wp-json\/wp\/v2\/users\/277"}],"replies":[{"embeddable":true,"href":"https:\/\/www.emagister.com\/blog\/wp-json\/wp\/v2\/comments?post=80459"}],"version-history":[{"count":1,"href":"https:\/\/www.emagister.com\/blog\/wp-json\/wp\/v2\/posts\/80459\/revisions"}],"predecessor-version":[{"id":118009,"href":"https:\/\/www.emagister.com\/blog\/wp-json\/wp\/v2\/posts\/80459\/revisions\/118009"}],"wp:featuredmedia":[{"embeddable":true,"href":"https:\/\/www.emagister.com\/blog\/wp-json\/wp\/v2\/media\/80460"}],"wp:attachment":[{"href":"https:\/\/www.emagister.com\/blog\/wp-json\/wp\/v2\/media?parent=80459"}],"wp:term":[{"taxonomy":"category","embeddable":true,"href":"https:\/\/www.emagister.com\/blog\/wp-json\/wp\/v2\/categories?post=80459"},{"taxonomy":"post_tag","embeddable":true,"href":"https:\/\/www.emagister.com\/blog\/wp-json\/wp\/v2\/tags?post=80459"}],"curies":[{"name":"wp","href":"https:\/\/api.w.org\/{rel}","templated":true}]}}