{"id":80667,"date":"2019-02-04T15:57:52","date_gmt":"2019-02-04T14:57:52","guid":{"rendered":"https:\/\/www.emagister.com\/blog\/?p=80667"},"modified":"2021-06-14T09:43:50","modified_gmt":"2021-06-14T07:43:50","slug":"el-espanol-como-herramienta-de-trabajo","status":"publish","type":"post","link":"https:\/\/www.emagister.com\/blog\/el-espanol-como-herramienta-de-trabajo\/","title":{"rendered":"El espa\u00f1ol como herramienta de trabajo"},"content":{"rendered":"<p class=\"p1\" style=\"text-align: justify;\">En el mundo existen m\u00e1s de 400 millones de personas cuyo idioma nativo es el espa\u00f1ol. Se trata del segundo idioma m\u00e1s extendido despu\u00e9s del chino. Nuestra lengua es, adem\u00e1s, el tercer idioma m\u00e1s estudiado<span class=\"Apple-converted-space\">&nbsp; <\/span>despu\u00e9s del ingl\u00e9s y el franc\u00e9s.<!--more--><\/p>\n\n<p class=\"p1\" style=\"text-align: justify;\">Con estos datos y teniendo en cuenta la<span class=\"Apple-converted-space\">&nbsp; <\/span>globalizaci\u00f3n y las necesidades de exportaci\u00f3n de las empresas, el idioma se convierte en una necesaria herramienta util\u00edsima a la hora de acercar productos y servicios a cualquier parte del mundo.<\/p>\n<p class=\"p1\" style=\"text-align: justify;\">Internet y el comercio electr\u00f3nico despunta como medio m\u00e1s eficaz a la hora de hacer llegar estos productos y servicios a los consumidores.<span class=\"Apple-converted-space\">&nbsp; <\/span><\/p>\n<p class=\"p1\" style=\"text-align: justify;\">Las ventas por internet aumentan a\u00f1o a a\u00f1o y las empresas, por tanto, deben de hacer esfuerzos para presentar a los clientes una marca segura y que d\u00e9 confianza.<span class=\"Apple-converted-space\">&nbsp; <\/span>Para ello es imprescindible que<span class=\"Apple-converted-space\">&nbsp; <\/span>aquello que se quiera vender, su descripci\u00f3n y las condiciones que pone el cliente resulten claras y cercanas al p\u00fablico objetivo.<\/p>\n<p class=\"p1\" style=\"text-align: justify;\">El uso de traductores autom\u00e1ticos se demuestra como poco \u00fatil  -cuando no perjudicial- en este sentido pues los errores que dejan suelen ser garrafales.<\/p>\n<p class=\"p1\" style=\"text-align: justify;\">Las empresas<span class=\"Apple-converted-space\">&nbsp; <\/span>cuidan el dise\u00f1o y tambi\u00e9n las palabras a trav\u00e9s de las cuales llegan a sus clientes de forma efectiva. As\u00ed se establece una relaci\u00f3n de confianza y una fidelidad inalcanzable para las que descuidan estos aspectos.<\/p>\n<p class=\"p1\" style=\"text-align: justify;\">Existen muchos profesionales dedicados al lenguaje: los traductores, que internacionalizan los productos; los correctores, que cuidan y pulen el lenguaje y los redactores que son capaces de presentar los productos de forma atractiva para aumentar las ventas.<\/p>\n<p class=\"p1\" style=\"text-align: justify;\">Sin olvidar, por supuesto, a los profesores de espa\u00f1ol, que extienden nuestra lengua y cultura m\u00e1s all\u00e1 de nuestras fronteras.<\/p>\n<p class=\"p1\" style=\"text-align: justify;\">Empresas como C\u00e1lamo &amp; Cran, que lleva m\u00e1s de veinte a\u00f1os formando este tipo de profesionales, ofrece una formaci\u00f3n especializada con el espa\u00f1ol como punto de partida. Muchas empresas y organismos han confiado en su formaci\u00f3n y servicios como f\u00f3rmula \u00fatil para internacionalizarse y llegar m\u00e1s all\u00e1 de sus fronteras.<\/p>\n<p class=\"p1\" style=\"text-align: justify;\">\u00bfY tu? \u00bfquieres salidas laborales, mitos y oportunidades existen en el trabajo como formador de Espa\u00f1ol para extranjeros? Tienes respuesta a todas estas preguntas en el art\u00edculo del Blog de C\u00e1lamo&amp;Cran. \u00a1No te lo pierdas!<\/p>\n<p>Fuente: C\u00e1lamo &amp; Cran<\/p>\n\n","protected":false},"excerpt":{"rendered":"<p>En el mundo existen m\u00e1s de 400 millones de personas cuyo idioma nativo es el espa\u00f1ol. Se trata del segundo &#8230; <a title=\"El espa\u00f1ol como herramienta de trabajo\" class=\"read-more\" href=\"https:\/\/www.emagister.com\/blog\/el-espanol-como-herramienta-de-trabajo\/\" aria-label=\"M\u00e1s en El espa\u00f1ol como herramienta de trabajo\">Leer m\u00e1s<\/a><\/p>\n","protected":false},"author":277,"featured_media":80670,"comment_status":"open","ping_status":"closed","sticky":false,"template":"","format":"standard","meta":{"_acf_changed":false,"inline_featured_image":false,"footnotes":""},"categories":[785,8336,8366],"tags":[2832,2839,2868,3265,10141],"class_list":["post-80667","post","type-post","status-publish","format-standard","has-post-thumbnail","hentry","category-nuestros-clientes","category-noticias","category-aprender-idiomas","tag-noticias-de-centros-de-formacion","tag-calamo-cran","tag-2868","tag-centros-de-formacion","tag-noticiaselpais","generate-columns","tablet-grid-50","mobile-grid-100","grid-parent","grid-25"],"acf":{"mostrar_faldon":"-1","texto_faldon":"","link_faldon":"","link_texto_faldon":"","hreflang":[{"url":""}],"estilo_titulo":"","noticiasElPais":{"custom_snippet_image":false,"custom_snippet_title":"","custom_snippet_description":""},"noticiasLaVanguardia":{"custom_snippet_image":false,"custom_snippet_title":"","custom_snippet_description":""},"fecha":"no"},"yoast_head":"<!-- This site is optimized with the Yoast SEO Premium plugin v18.1 (Yoast SEO v27.0) - https:\/\/yoast.com\/product\/yoast-seo-premium-wordpress\/ -->\n<title>El espa\u00f1ol como herramienta de trabajo - Blog Emagister<\/title>\n<meta name=\"description\" content=\"En el mundo existen m\u00e1s de 400 millones de personas cuyo idioma nativo es el espa\u00f1ol. Se trata del segundo idioma m\u00e1s extendido despu\u00e9s del chino.\" \/>\n<meta name=\"robots\" content=\"index, follow\" \/>\n<link rel=\"canonical\" href=\"https:\/\/www.emagister.com\/blog\/el-espanol-como-herramienta-de-trabajo\/\" \/>\n<meta property=\"og:locale\" content=\"es_ES\" \/>\n<meta property=\"og:type\" content=\"article\" \/>\n<meta property=\"og:title\" content=\"El espa\u00f1ol como herramienta de trabajo\" \/>\n<meta property=\"og:description\" content=\"En el mundo existen m\u00e1s de 400 millones de personas cuyo idioma nativo es el espa\u00f1ol. Se trata del segundo idioma m\u00e1s extendido despu\u00e9s del chino.\" \/>\n<meta property=\"og:url\" content=\"https:\/\/www.emagister.com\/blog\/el-espanol-como-herramienta-de-trabajo\/\" \/>\n<meta property=\"og:site_name\" content=\"Blog Emagister\" \/>\n<meta property=\"article:publisher\" content=\"https:\/\/www.facebook.com\/Emagister\/\" \/>\n<meta property=\"article:published_time\" content=\"2019-02-04T14:57:52+00:00\" \/>\n<meta property=\"article:modified_time\" content=\"2021-06-14T07:43:50+00:00\" \/>\n<meta property=\"og:image\" content=\"https:\/\/www.emagister.com\/blog\/wp-content\/uploads\/2019\/02\/adult-brainstorming-briefing-1270950.jpg\" \/>\n\t<meta property=\"og:image:width\" content=\"1920\" \/>\n\t<meta property=\"og:image:height\" content=\"1280\" \/>\n\t<meta property=\"og:image:type\" content=\"image\/jpeg\" \/>\n<meta name=\"author\" content=\"Marta Trap\u00e9\" \/>\n<meta name=\"twitter:card\" content=\"summary_large_image\" \/>\n<meta name=\"twitter:creator\" content=\"@emagister\" \/>\n<meta name=\"twitter:site\" content=\"@emagister\" \/>\n<meta name=\"twitter:label1\" content=\"Escrito por\" \/>\n\t<meta name=\"twitter:data1\" content=\"Marta Trap\u00e9\" \/>\n\t<meta name=\"twitter:label2\" content=\"Tiempo de lectura\" \/>\n\t<meta name=\"twitter:data2\" content=\"2 minutos\" \/>\n<script type=\"application\/ld+json\" class=\"yoast-schema-graph\">{\"@context\":\"https:\/\/schema.org\",\"@graph\":[{\"@type\":\"Article\",\"@id\":\"https:\/\/www.emagister.com\/blog\/el-espanol-como-herramienta-de-trabajo\/#article\",\"isPartOf\":{\"@id\":\"https:\/\/www.emagister.com\/blog\/el-espanol-como-herramienta-de-trabajo\/\"},\"author\":{\"name\":\"Marta Trap\u00e9\",\"@id\":\"https:\/\/www.emagister.com\/blog\/#\/schema\/person\/43561579cf9a10db326f00524d5f26a5\"},\"headline\":\"El espa\u00f1ol como herramienta de trabajo\",\"datePublished\":\"2019-02-04T14:57:52+00:00\",\"dateModified\":\"2021-06-14T07:43:50+00:00\",\"mainEntityOfPage\":{\"@id\":\"https:\/\/www.emagister.com\/blog\/el-espanol-como-herramienta-de-trabajo\/\"},\"wordCount\":451,\"commentCount\":0,\"publisher\":{\"@id\":\"https:\/\/www.emagister.com\/blog\/#organization\"},\"image\":{\"@id\":\"https:\/\/www.emagister.com\/blog\/el-espanol-como-herramienta-de-trabajo\/#primaryimage\"},\"thumbnailUrl\":\"https:\/\/www.emagister.com\/blog\/wp-content\/uploads\/2019\/02\/adult-brainstorming-briefing-1270950.jpg\",\"keywords\":[\"Noticias de centros de formaci\u00f3n\",\"C\u00e1lamo &amp; Cran\",\"64790050022454515369707052574566\",\"Centros de formaci\u00f3n\",\"noticiasElPais\"],\"articleSection\":[\"Nuestros clientes\",\"Actualidad Emagister\",\"Aprender idiomas\"],\"inLanguage\":\"es\",\"potentialAction\":[{\"@type\":\"CommentAction\",\"name\":\"Comment\",\"target\":[\"https:\/\/www.emagister.com\/blog\/el-espanol-como-herramienta-de-trabajo\/#respond\"]}]},{\"@type\":\"WebPage\",\"@id\":\"https:\/\/www.emagister.com\/blog\/el-espanol-como-herramienta-de-trabajo\/\",\"url\":\"https:\/\/www.emagister.com\/blog\/el-espanol-como-herramienta-de-trabajo\/\",\"name\":\"El espa\u00f1ol como herramienta de trabajo - Blog Emagister\",\"isPartOf\":{\"@id\":\"https:\/\/www.emagister.com\/blog\/#website\"},\"primaryImageOfPage\":{\"@id\":\"https:\/\/www.emagister.com\/blog\/el-espanol-como-herramienta-de-trabajo\/#primaryimage\"},\"image\":{\"@id\":\"https:\/\/www.emagister.com\/blog\/el-espanol-como-herramienta-de-trabajo\/#primaryimage\"},\"thumbnailUrl\":\"https:\/\/www.emagister.com\/blog\/wp-content\/uploads\/2019\/02\/adult-brainstorming-briefing-1270950.jpg\",\"datePublished\":\"2019-02-04T14:57:52+00:00\",\"dateModified\":\"2021-06-14T07:43:50+00:00\",\"description\":\"En el mundo existen m\u00e1s de 400 millones de personas cuyo idioma nativo es el espa\u00f1ol. Se trata del segundo idioma m\u00e1s extendido despu\u00e9s del chino.\",\"breadcrumb\":{\"@id\":\"https:\/\/www.emagister.com\/blog\/el-espanol-como-herramienta-de-trabajo\/#breadcrumb\"},\"inLanguage\":\"es\",\"potentialAction\":[{\"@type\":\"ReadAction\",\"target\":[\"https:\/\/www.emagister.com\/blog\/el-espanol-como-herramienta-de-trabajo\/\"]}]},{\"@type\":\"ImageObject\",\"inLanguage\":\"es\",\"@id\":\"https:\/\/www.emagister.com\/blog\/el-espanol-como-herramienta-de-trabajo\/#primaryimage\",\"url\":\"https:\/\/www.emagister.com\/blog\/wp-content\/uploads\/2019\/02\/adult-brainstorming-briefing-1270950.jpg\",\"contentUrl\":\"https:\/\/www.emagister.com\/blog\/wp-content\/uploads\/2019\/02\/adult-brainstorming-briefing-1270950.jpg\",\"width\":1920,\"height\":1280,\"caption\":\"Espa\u00f1ol\"},{\"@type\":\"BreadcrumbList\",\"@id\":\"https:\/\/www.emagister.com\/blog\/el-espanol-como-herramienta-de-trabajo\/#breadcrumb\",\"itemListElement\":[{\"@type\":\"ListItem\",\"position\":1,\"name\":\"Blog Emagister\",\"item\":\"https:\/\/www.emagister.com\/blog\/\"},{\"@type\":\"ListItem\",\"position\":2,\"name\":\"Nuestros clientes\",\"item\":\"https:\/\/www.emagister.com\/blog\/nuestros-clientes\/\"},{\"@type\":\"ListItem\",\"position\":3,\"name\":\"El espa\u00f1ol como herramienta de trabajo\"}]},{\"@type\":\"WebSite\",\"@id\":\"https:\/\/www.emagister.com\/blog\/#website\",\"url\":\"https:\/\/www.emagister.com\/blog\/\",\"name\":\"Blog Emagister\",\"description\":\"Gu\u00eda de orientaci\u00f3n sobre estudios y tendencias de formaci\u00f3n\",\"publisher\":{\"@id\":\"https:\/\/www.emagister.com\/blog\/#organization\"},\"potentialAction\":[{\"@type\":\"SearchAction\",\"target\":{\"@type\":\"EntryPoint\",\"urlTemplate\":\"https:\/\/www.emagister.com\/blog\/?s={search_term_string}\"},\"query-input\":{\"@type\":\"PropertyValueSpecification\",\"valueRequired\":true,\"valueName\":\"search_term_string\"}}],\"inLanguage\":\"es\"},{\"@type\":\"Organization\",\"@id\":\"https:\/\/www.emagister.com\/blog\/#organization\",\"name\":\"Emagister\",\"url\":\"https:\/\/www.emagister.com\/blog\/\",\"logo\":{\"@type\":\"ImageObject\",\"inLanguage\":\"es\",\"@id\":\"https:\/\/www.emagister.com\/blog\/#\/schema\/logo\/image\/\",\"url\":\"https:\/\/www.emagister.com\/blog\/wp-content\/uploads\/2017\/02\/photo.png\",\"contentUrl\":\"https:\/\/www.emagister.com\/blog\/wp-content\/uploads\/2017\/02\/photo.png\",\"width\":120,\"height\":120,\"caption\":\"Emagister\"},\"image\":{\"@id\":\"https:\/\/www.emagister.com\/blog\/#\/schema\/logo\/image\/\"},\"sameAs\":[\"https:\/\/www.facebook.com\/Emagister\/\",\"https:\/\/x.com\/emagister\",\"https:\/\/www.instagram.com\/emagister\/\",\"https:\/\/www.linkedin.com\/company\/emagister-com\/\",\"https:\/\/www.pinterest.es\/emagister\/\",\"https:\/\/www.youtube.com\/user\/emagister\/\",\"https:\/\/es.wikipedia.org\/wiki\/Emagister\"]},{\"@type\":\"Person\",\"@id\":\"https:\/\/www.emagister.com\/blog\/#\/schema\/person\/43561579cf9a10db326f00524d5f26a5\",\"name\":\"Marta Trap\u00e9\",\"image\":{\"@type\":\"ImageObject\",\"inLanguage\":\"es\",\"@id\":\"https:\/\/www.emagister.com\/blog\/#\/schema\/person\/image\/\",\"url\":\"https:\/\/secure.gravatar.com\/avatar\/3c789ca246ecafd5189e935f3645c0958149b83aecab67769b4f55909196c991?s=96&r=g\",\"contentUrl\":\"https:\/\/secure.gravatar.com\/avatar\/3c789ca246ecafd5189e935f3645c0958149b83aecab67769b4f55909196c991?s=96&r=g\",\"caption\":\"Marta Trap\u00e9\"},\"url\":\"https:\/\/www.emagister.com\/blog\/author\/mtrape\/\"}]}<\/script>\n<!-- \/ Yoast SEO Premium plugin. -->","yoast_head_json":{"title":"El espa\u00f1ol como herramienta de trabajo - Blog Emagister","description":"En el mundo existen m\u00e1s de 400 millones de personas cuyo idioma nativo es el espa\u00f1ol. Se trata del segundo idioma m\u00e1s extendido despu\u00e9s del chino.","robots":{"index":"index","follow":"follow"},"canonical":"https:\/\/www.emagister.com\/blog\/el-espanol-como-herramienta-de-trabajo\/","og_locale":"es_ES","og_type":"article","og_title":"El espa\u00f1ol como herramienta de trabajo","og_description":"En el mundo existen m\u00e1s de 400 millones de personas cuyo idioma nativo es el espa\u00f1ol. Se trata del segundo idioma m\u00e1s extendido despu\u00e9s del chino.","og_url":"https:\/\/www.emagister.com\/blog\/el-espanol-como-herramienta-de-trabajo\/","og_site_name":"Blog Emagister","article_publisher":"https:\/\/www.facebook.com\/Emagister\/","article_published_time":"2019-02-04T14:57:52+00:00","article_modified_time":"2021-06-14T07:43:50+00:00","og_image":[{"width":1920,"height":1280,"url":"https:\/\/www.emagister.com\/blog\/wp-content\/uploads\/2019\/02\/adult-brainstorming-briefing-1270950.jpg","type":"image\/jpeg"}],"author":"Marta Trap\u00e9","twitter_card":"summary_large_image","twitter_creator":"@emagister","twitter_site":"@emagister","twitter_misc":{"Escrito por":"Marta Trap\u00e9","Tiempo de lectura":"2 minutos"},"schema":{"@context":"https:\/\/schema.org","@graph":[{"@type":"Article","@id":"https:\/\/www.emagister.com\/blog\/el-espanol-como-herramienta-de-trabajo\/#article","isPartOf":{"@id":"https:\/\/www.emagister.com\/blog\/el-espanol-como-herramienta-de-trabajo\/"},"author":{"name":"Marta Trap\u00e9","@id":"https:\/\/www.emagister.com\/blog\/#\/schema\/person\/43561579cf9a10db326f00524d5f26a5"},"headline":"El espa\u00f1ol como herramienta de trabajo","datePublished":"2019-02-04T14:57:52+00:00","dateModified":"2021-06-14T07:43:50+00:00","mainEntityOfPage":{"@id":"https:\/\/www.emagister.com\/blog\/el-espanol-como-herramienta-de-trabajo\/"},"wordCount":451,"commentCount":0,"publisher":{"@id":"https:\/\/www.emagister.com\/blog\/#organization"},"image":{"@id":"https:\/\/www.emagister.com\/blog\/el-espanol-como-herramienta-de-trabajo\/#primaryimage"},"thumbnailUrl":"https:\/\/www.emagister.com\/blog\/wp-content\/uploads\/2019\/02\/adult-brainstorming-briefing-1270950.jpg","keywords":["Noticias de centros de formaci\u00f3n","C\u00e1lamo &amp; Cran","64790050022454515369707052574566","Centros de formaci\u00f3n","noticiasElPais"],"articleSection":["Nuestros clientes","Actualidad Emagister","Aprender idiomas"],"inLanguage":"es","potentialAction":[{"@type":"CommentAction","name":"Comment","target":["https:\/\/www.emagister.com\/blog\/el-espanol-como-herramienta-de-trabajo\/#respond"]}]},{"@type":"WebPage","@id":"https:\/\/www.emagister.com\/blog\/el-espanol-como-herramienta-de-trabajo\/","url":"https:\/\/www.emagister.com\/blog\/el-espanol-como-herramienta-de-trabajo\/","name":"El espa\u00f1ol como herramienta de trabajo - Blog Emagister","isPartOf":{"@id":"https:\/\/www.emagister.com\/blog\/#website"},"primaryImageOfPage":{"@id":"https:\/\/www.emagister.com\/blog\/el-espanol-como-herramienta-de-trabajo\/#primaryimage"},"image":{"@id":"https:\/\/www.emagister.com\/blog\/el-espanol-como-herramienta-de-trabajo\/#primaryimage"},"thumbnailUrl":"https:\/\/www.emagister.com\/blog\/wp-content\/uploads\/2019\/02\/adult-brainstorming-briefing-1270950.jpg","datePublished":"2019-02-04T14:57:52+00:00","dateModified":"2021-06-14T07:43:50+00:00","description":"En el mundo existen m\u00e1s de 400 millones de personas cuyo idioma nativo es el espa\u00f1ol. Se trata del segundo idioma m\u00e1s extendido despu\u00e9s del chino.","breadcrumb":{"@id":"https:\/\/www.emagister.com\/blog\/el-espanol-como-herramienta-de-trabajo\/#breadcrumb"},"inLanguage":"es","potentialAction":[{"@type":"ReadAction","target":["https:\/\/www.emagister.com\/blog\/el-espanol-como-herramienta-de-trabajo\/"]}]},{"@type":"ImageObject","inLanguage":"es","@id":"https:\/\/www.emagister.com\/blog\/el-espanol-como-herramienta-de-trabajo\/#primaryimage","url":"https:\/\/www.emagister.com\/blog\/wp-content\/uploads\/2019\/02\/adult-brainstorming-briefing-1270950.jpg","contentUrl":"https:\/\/www.emagister.com\/blog\/wp-content\/uploads\/2019\/02\/adult-brainstorming-briefing-1270950.jpg","width":1920,"height":1280,"caption":"Espa\u00f1ol"},{"@type":"BreadcrumbList","@id":"https:\/\/www.emagister.com\/blog\/el-espanol-como-herramienta-de-trabajo\/#breadcrumb","itemListElement":[{"@type":"ListItem","position":1,"name":"Blog Emagister","item":"https:\/\/www.emagister.com\/blog\/"},{"@type":"ListItem","position":2,"name":"Nuestros clientes","item":"https:\/\/www.emagister.com\/blog\/nuestros-clientes\/"},{"@type":"ListItem","position":3,"name":"El espa\u00f1ol como herramienta de trabajo"}]},{"@type":"WebSite","@id":"https:\/\/www.emagister.com\/blog\/#website","url":"https:\/\/www.emagister.com\/blog\/","name":"Blog Emagister","description":"Gu\u00eda de orientaci\u00f3n sobre estudios y tendencias de formaci\u00f3n","publisher":{"@id":"https:\/\/www.emagister.com\/blog\/#organization"},"potentialAction":[{"@type":"SearchAction","target":{"@type":"EntryPoint","urlTemplate":"https:\/\/www.emagister.com\/blog\/?s={search_term_string}"},"query-input":{"@type":"PropertyValueSpecification","valueRequired":true,"valueName":"search_term_string"}}],"inLanguage":"es"},{"@type":"Organization","@id":"https:\/\/www.emagister.com\/blog\/#organization","name":"Emagister","url":"https:\/\/www.emagister.com\/blog\/","logo":{"@type":"ImageObject","inLanguage":"es","@id":"https:\/\/www.emagister.com\/blog\/#\/schema\/logo\/image\/","url":"https:\/\/www.emagister.com\/blog\/wp-content\/uploads\/2017\/02\/photo.png","contentUrl":"https:\/\/www.emagister.com\/blog\/wp-content\/uploads\/2017\/02\/photo.png","width":120,"height":120,"caption":"Emagister"},"image":{"@id":"https:\/\/www.emagister.com\/blog\/#\/schema\/logo\/image\/"},"sameAs":["https:\/\/www.facebook.com\/Emagister\/","https:\/\/x.com\/emagister","https:\/\/www.instagram.com\/emagister\/","https:\/\/www.linkedin.com\/company\/emagister-com\/","https:\/\/www.pinterest.es\/emagister\/","https:\/\/www.youtube.com\/user\/emagister\/","https:\/\/es.wikipedia.org\/wiki\/Emagister"]},{"@type":"Person","@id":"https:\/\/www.emagister.com\/blog\/#\/schema\/person\/43561579cf9a10db326f00524d5f26a5","name":"Marta Trap\u00e9","image":{"@type":"ImageObject","inLanguage":"es","@id":"https:\/\/www.emagister.com\/blog\/#\/schema\/person\/image\/","url":"https:\/\/secure.gravatar.com\/avatar\/3c789ca246ecafd5189e935f3645c0958149b83aecab67769b4f55909196c991?s=96&r=g","contentUrl":"https:\/\/secure.gravatar.com\/avatar\/3c789ca246ecafd5189e935f3645c0958149b83aecab67769b4f55909196c991?s=96&r=g","caption":"Marta Trap\u00e9"},"url":"https:\/\/www.emagister.com\/blog\/author\/mtrape\/"}]}},"_links":{"self":[{"href":"https:\/\/www.emagister.com\/blog\/wp-json\/wp\/v2\/posts\/80667","targetHints":{"allow":["GET"]}}],"collection":[{"href":"https:\/\/www.emagister.com\/blog\/wp-json\/wp\/v2\/posts"}],"about":[{"href":"https:\/\/www.emagister.com\/blog\/wp-json\/wp\/v2\/types\/post"}],"author":[{"embeddable":true,"href":"https:\/\/www.emagister.com\/blog\/wp-json\/wp\/v2\/users\/277"}],"replies":[{"embeddable":true,"href":"https:\/\/www.emagister.com\/blog\/wp-json\/wp\/v2\/comments?post=80667"}],"version-history":[{"count":2,"href":"https:\/\/www.emagister.com\/blog\/wp-json\/wp\/v2\/posts\/80667\/revisions"}],"predecessor-version":[{"id":129713,"href":"https:\/\/www.emagister.com\/blog\/wp-json\/wp\/v2\/posts\/80667\/revisions\/129713"}],"wp:featuredmedia":[{"embeddable":true,"href":"https:\/\/www.emagister.com\/blog\/wp-json\/wp\/v2\/media\/80670"}],"wp:attachment":[{"href":"https:\/\/www.emagister.com\/blog\/wp-json\/wp\/v2\/media?parent=80667"}],"wp:term":[{"taxonomy":"category","embeddable":true,"href":"https:\/\/www.emagister.com\/blog\/wp-json\/wp\/v2\/categories?post=80667"},{"taxonomy":"post_tag","embeddable":true,"href":"https:\/\/www.emagister.com\/blog\/wp-json\/wp\/v2\/tags?post=80667"}],"curies":[{"name":"wp","href":"https:\/\/api.w.org\/{rel}","templated":true}]}}