{"id":81851,"date":"2019-03-04T21:53:27","date_gmt":"2019-03-04T20:53:27","guid":{"rendered":"https:\/\/www.emagister.com\/blog\/?p=81851"},"modified":"2021-05-03T12:04:49","modified_gmt":"2021-05-03T10:04:49","slug":"mas-de-500-alumnos-de-fp-concienciados-en-la-lucha-contra-el-cancer","status":"publish","type":"post","link":"https:\/\/www.emagister.com\/blog\/mas-de-500-alumnos-de-fp-concienciados-en-la-lucha-contra-el-cancer\/","title":{"rendered":"M\u00e1s de 500 alumnos de FP concienciados en la Lucha contra el C\u00e1ncer"},"content":{"rendered":"<p style=\"text-align: justify;\">Los alumnos\/as de Cesur Sevilla y Cesur Sevilla CAFD realizaron ayer, mi\u00e9rcoles 6 de febrero, sus \u201c<strong>III JORNADAS DE CONCIENCIACI\u00d3N CON LA LUCHA CONTRA EL C\u00c1NCER<\/strong>\u201d con motivo de la celebraci\u00f3n del <strong>D\u00eda Mundial Contra el C\u00e1ncer<\/strong>, una jornada llena de actividades l\u00fadicas y educativas encaminadas a la concienciaci\u00f3n de la lucha contra el c\u00e1ncer desde la prevenci\u00f3n.<!--more--><\/p>\n<p style=\"text-align: justify;\">Desde el ciclo formativo de Marketing y Publicidad se realiz\u00f3 un concurso de carteles para anunciar la jornada, seleccionando como ganador el cartel que mejor ilustraba de forma general la lucha diaria frente a estas enfermedades.<\/p>\n<p style=\"text-align: justify;\">Por parte de la Dra. Lola Torres Cuadro, de la Asociaci\u00f3n Espa\u00f1ola Contra el C\u00e1ncer (AECC), los alumnos recibieron una charla sobre \u201cC\u00f3mo comer para prevenir el c\u00e1ncer\u201d. Dicha charla pudo disfrutarse desde cualquier parte, tanto dentro como fuera del centro, a trav\u00e9s del canal de <em>youtube<\/em> de CESUR, transmitiendo en <em>streaming<\/em> (en directo) con ayuda de los materiales y el equipo formado por los profesores y alumnos del ciclo formativo de Realizaci\u00f3n Audiovisual.<\/p>\n<p style=\"text-align: justify;\">Tras la charla, los m\u00e1s de 500 alumnos que conforman la modalidad presencial de los diferentes ciclos formativos, realizaron una marcha por colores representativos de cada uno de los tipos de c\u00e1ncer, hacia el Parque del Alamillo. Ya all\u00ed les esperaban un sinf\u00edn de actividades como una Gymkana organizada y creada por los alumnos de cada ciclo (de Sanidad, sociocultural, imagen y sonido, marketing y actividades deportivas) donde los alumnos iban sellando un pasaporte de actividades, recordando con nostalgia aquel que se intentaba rellenar en la EXPO del 92.<\/p>\n<p style=\"text-align: justify;\">Para recaudar los casi 2000\u20ac destinados para la AECC, los docentes y alumnos\/as, encabezados por la profesora del ciclo de Higiene Bucodental, Elena Le\u00f3n, habilitaron una t\u00f3mbola de art\u00edculos ofrecidos por casas comerciales, entidades y empresas privadas, manualidades realizadas por alumnos y docentes; un bingo, donde los ganadores recib\u00edan regalos valorados altamente, as\u00ed como una rifa de un jam\u00f3n.<a href=\"https:\/\/www.emagister.com\/cesur-formacion-cursos-44023-centrodetalles.htm\" target=\"_blank\" rel=\"noopener\"><img loading=\"lazy\" decoding=\"async\" class=\"alignright wp-image-23521 size-thumbnail\" src=\"https:\/\/www.emagister.com\/blog\/wp-content\/uploads\/2016\/03\/cesur_400x400-220x190.jpg\" alt=\"cesur_400x400\" width=\"220\" height=\"190\" \/><\/a><\/p>\n<p style=\"text-align: justify;\">Para festejar la jornada, se realiz\u00f3 todos los asistentes participaron en el <em>FLASMOB<\/em> con la canci\u00f3n RESISTIR\u00c9 (remezclada por los alumnos del ciclo de Video Disc-jockey), un karaoke junto a una \u201cbatalla de rap\u201d (batalla de gallos) y un puesto de pintacaras (organizado por los alumnos del ciclo de Educaci\u00f3n Infantil).<\/p>\n<p style=\"text-align: justify;\">Con esta iniciativa, Cesur Sevilla se une a la conmemoraci\u00f3n de la lucha constante que han tenido diversas organizaciones a nivel mundial en contra de esta enfermedad.<\/p>\n<h5>Fuente:\u00a0Noticias CESUR<\/h5>\n","protected":false},"excerpt":{"rendered":"<p>Los alumnos\/as de Cesur Sevilla y Cesur Sevilla CAFD realizaron ayer, mi\u00e9rcoles 6 de febrero, sus \u201cIII JORNADAS DE CONCIENCIACI\u00d3N &#8230; <a title=\"M\u00e1s de 500 alumnos de FP concienciados en la Lucha contra el C\u00e1ncer\" class=\"read-more\" href=\"https:\/\/www.emagister.com\/blog\/mas-de-500-alumnos-de-fp-concienciados-en-la-lucha-contra-el-cancer\/\" aria-label=\"M\u00e1s en M\u00e1s de 500 alumnos de FP concienciados en la Lucha contra el C\u00e1ncer\">Leer m\u00e1s<\/a><\/p>\n","protected":false},"author":255,"featured_media":81852,"comment_status":"open","ping_status":"closed","sticky":false,"template":"","format":"standard","meta":{"_acf_changed":false,"inline_featured_image":false,"footnotes":""},"categories":[8336],"tags":[2832,3227,3232,3265,7967,9629,10141,10365],"class_list":["post-81851","post","type-post","status-publish","format-standard","has-post-thumbnail","hentry","category-noticias","tag-noticias-de-centros-de-formacion","tag-3227","tag-cesur","tag-centros-de-formacion","tag-cesur-formacion","tag-centro-superior-de-formacion-europa-sur-s-a","tag-noticiaselpais","tag-centros-formacion","generate-columns","tablet-grid-50","mobile-grid-100","grid-parent","grid-25"],"acf":{"mostrar_faldon":"-1","texto_faldon":"","link_faldon":"","link_texto_faldon":"","hreflang":false,"estilo_titulo":""},"yoast_head":"<!-- This site is optimized with the Yoast SEO Premium plugin v18.1 (Yoast SEO v27.0) - https:\/\/yoast.com\/product\/yoast-seo-premium-wordpress\/ -->\n<title>M\u00e1s de 500 alumnos de FP concienciados en la Lucha contra el C\u00e1ncer - Blog Emagister<\/title>\n<meta name=\"robots\" content=\"index, follow\" \/>\n<link rel=\"canonical\" href=\"https:\/\/www.emagister.com\/blog\/mas-de-500-alumnos-de-fp-concienciados-en-la-lucha-contra-el-cancer\/\" \/>\n<meta property=\"og:locale\" content=\"es_ES\" \/>\n<meta property=\"og:type\" content=\"article\" \/>\n<meta property=\"og:title\" content=\"M\u00e1s de 500 alumnos de FP concienciados en la Lucha contra el C\u00e1ncer\" \/>\n<meta property=\"og:description\" content=\"Los alumnos\/as de Cesur Sevilla y Cesur Sevilla CAFD realizaron ayer, mi\u00e9rcoles 6 de febrero, sus \u201cIII JORNADAS DE CONCIENCIACI\u00d3N ... Leer m\u00e1s\" \/>\n<meta property=\"og:url\" content=\"https:\/\/www.emagister.com\/blog\/mas-de-500-alumnos-de-fp-concienciados-en-la-lucha-contra-el-cancer\/\" \/>\n<meta property=\"og:site_name\" content=\"Blog Emagister\" \/>\n<meta property=\"article:publisher\" content=\"https:\/\/www.facebook.com\/Emagister\/\" \/>\n<meta property=\"article:published_time\" content=\"2019-03-04T20:53:27+00:00\" \/>\n<meta property=\"article:modified_time\" content=\"2021-05-03T10:04:49+00:00\" \/>\n<meta property=\"og:image\" content=\"https:\/\/www.emagister.com\/blog\/wp-content\/uploads\/2019\/03\/cesur-2.jpg\" \/>\n\t<meta property=\"og:image:width\" content=\"1600\" \/>\n\t<meta property=\"og:image:height\" content=\"1200\" \/>\n\t<meta property=\"og:image:type\" content=\"image\/jpeg\" \/>\n<meta name=\"author\" content=\"Laura Gonz\u00e0lez\" \/>\n<meta name=\"twitter:card\" content=\"summary_large_image\" \/>\n<meta name=\"twitter:creator\" content=\"@emagister\" \/>\n<meta name=\"twitter:site\" content=\"@emagister\" \/>\n<meta name=\"twitter:label1\" content=\"Escrito por\" \/>\n\t<meta name=\"twitter:data1\" content=\"Laura Gonz\u00e0lez\" \/>\n\t<meta name=\"twitter:label2\" content=\"Tiempo de lectura\" \/>\n\t<meta name=\"twitter:data2\" content=\"2 minutos\" \/>\n<script type=\"application\/ld+json\" class=\"yoast-schema-graph\">{\"@context\":\"https:\/\/schema.org\",\"@graph\":[{\"@type\":\"Article\",\"@id\":\"https:\/\/www.emagister.com\/blog\/mas-de-500-alumnos-de-fp-concienciados-en-la-lucha-contra-el-cancer\/#article\",\"isPartOf\":{\"@id\":\"https:\/\/www.emagister.com\/blog\/mas-de-500-alumnos-de-fp-concienciados-en-la-lucha-contra-el-cancer\/\"},\"author\":{\"name\":\"Laura Gonz\u00e0lez\",\"@id\":\"https:\/\/www.emagister.com\/blog\/#\/schema\/person\/141b37b56d8029c99a901d83b24ec28f\"},\"headline\":\"M\u00e1s de 500 alumnos de FP concienciados en la Lucha contra el C\u00e1ncer\",\"datePublished\":\"2019-03-04T20:53:27+00:00\",\"dateModified\":\"2021-05-03T10:04:49+00:00\",\"mainEntityOfPage\":{\"@id\":\"https:\/\/www.emagister.com\/blog\/mas-de-500-alumnos-de-fp-concienciados-en-la-lucha-contra-el-cancer\/\"},\"wordCount\":437,\"commentCount\":0,\"publisher\":{\"@id\":\"https:\/\/www.emagister.com\/blog\/#organization\"},\"image\":{\"@id\":\"https:\/\/www.emagister.com\/blog\/mas-de-500-alumnos-de-fp-concienciados-en-la-lucha-contra-el-cancer\/#primaryimage\"},\"thumbnailUrl\":\"https:\/\/www.emagister.com\/blog\/wp-content\/uploads\/2019\/03\/cesur-2.jpg\",\"keywords\":[\"Noticias de centros de formaci\u00f3n\",\"61426010060256666951664866534566\",\"CESUR\",\"Centros de formaci\u00f3n\",\"Cesur Formaci\u00f3n\",\"Centro Superior de Formaci\u00f3n Europa Sur S.A.\",\"noticiasElPais\",\"centros formaci\u00f3n\"],\"articleSection\":[\"Actualidad Emagister\"],\"inLanguage\":\"es\",\"potentialAction\":[{\"@type\":\"CommentAction\",\"name\":\"Comment\",\"target\":[\"https:\/\/www.emagister.com\/blog\/mas-de-500-alumnos-de-fp-concienciados-en-la-lucha-contra-el-cancer\/#respond\"]}]},{\"@type\":\"WebPage\",\"@id\":\"https:\/\/www.emagister.com\/blog\/mas-de-500-alumnos-de-fp-concienciados-en-la-lucha-contra-el-cancer\/\",\"url\":\"https:\/\/www.emagister.com\/blog\/mas-de-500-alumnos-de-fp-concienciados-en-la-lucha-contra-el-cancer\/\",\"name\":\"M\u00e1s de 500 alumnos de FP concienciados en la Lucha contra el C\u00e1ncer - Blog Emagister\",\"isPartOf\":{\"@id\":\"https:\/\/www.emagister.com\/blog\/#website\"},\"primaryImageOfPage\":{\"@id\":\"https:\/\/www.emagister.com\/blog\/mas-de-500-alumnos-de-fp-concienciados-en-la-lucha-contra-el-cancer\/#primaryimage\"},\"image\":{\"@id\":\"https:\/\/www.emagister.com\/blog\/mas-de-500-alumnos-de-fp-concienciados-en-la-lucha-contra-el-cancer\/#primaryimage\"},\"thumbnailUrl\":\"https:\/\/www.emagister.com\/blog\/wp-content\/uploads\/2019\/03\/cesur-2.jpg\",\"datePublished\":\"2019-03-04T20:53:27+00:00\",\"dateModified\":\"2021-05-03T10:04:49+00:00\",\"breadcrumb\":{\"@id\":\"https:\/\/www.emagister.com\/blog\/mas-de-500-alumnos-de-fp-concienciados-en-la-lucha-contra-el-cancer\/#breadcrumb\"},\"inLanguage\":\"es\",\"potentialAction\":[{\"@type\":\"ReadAction\",\"target\":[\"https:\/\/www.emagister.com\/blog\/mas-de-500-alumnos-de-fp-concienciados-en-la-lucha-contra-el-cancer\/\"]}]},{\"@type\":\"ImageObject\",\"inLanguage\":\"es\",\"@id\":\"https:\/\/www.emagister.com\/blog\/mas-de-500-alumnos-de-fp-concienciados-en-la-lucha-contra-el-cancer\/#primaryimage\",\"url\":\"https:\/\/www.emagister.com\/blog\/wp-content\/uploads\/2019\/03\/cesur-2.jpg\",\"contentUrl\":\"https:\/\/www.emagister.com\/blog\/wp-content\/uploads\/2019\/03\/cesur-2.jpg\",\"width\":1600,\"height\":1200},{\"@type\":\"BreadcrumbList\",\"@id\":\"https:\/\/www.emagister.com\/blog\/mas-de-500-alumnos-de-fp-concienciados-en-la-lucha-contra-el-cancer\/#breadcrumb\",\"itemListElement\":[{\"@type\":\"ListItem\",\"position\":1,\"name\":\"Blog Emagister\",\"item\":\"https:\/\/www.emagister.com\/blog\/\"},{\"@type\":\"ListItem\",\"position\":2,\"name\":\"Actualidad Emagister\",\"item\":\"https:\/\/www.emagister.com\/blog\/noticias\/\"},{\"@type\":\"ListItem\",\"position\":3,\"name\":\"M\u00e1s de 500 alumnos de FP concienciados en la Lucha contra el C\u00e1ncer\"}]},{\"@type\":\"WebSite\",\"@id\":\"https:\/\/www.emagister.com\/blog\/#website\",\"url\":\"https:\/\/www.emagister.com\/blog\/\",\"name\":\"Blog Emagister\",\"description\":\"Gu\u00eda de orientaci\u00f3n sobre estudios y tendencias de formaci\u00f3n\",\"publisher\":{\"@id\":\"https:\/\/www.emagister.com\/blog\/#organization\"},\"potentialAction\":[{\"@type\":\"SearchAction\",\"target\":{\"@type\":\"EntryPoint\",\"urlTemplate\":\"https:\/\/www.emagister.com\/blog\/?s={search_term_string}\"},\"query-input\":{\"@type\":\"PropertyValueSpecification\",\"valueRequired\":true,\"valueName\":\"search_term_string\"}}],\"inLanguage\":\"es\"},{\"@type\":\"Organization\",\"@id\":\"https:\/\/www.emagister.com\/blog\/#organization\",\"name\":\"Emagister\",\"url\":\"https:\/\/www.emagister.com\/blog\/\",\"logo\":{\"@type\":\"ImageObject\",\"inLanguage\":\"es\",\"@id\":\"https:\/\/www.emagister.com\/blog\/#\/schema\/logo\/image\/\",\"url\":\"https:\/\/www.emagister.com\/blog\/wp-content\/uploads\/2017\/02\/photo.png\",\"contentUrl\":\"https:\/\/www.emagister.com\/blog\/wp-content\/uploads\/2017\/02\/photo.png\",\"width\":120,\"height\":120,\"caption\":\"Emagister\"},\"image\":{\"@id\":\"https:\/\/www.emagister.com\/blog\/#\/schema\/logo\/image\/\"},\"sameAs\":[\"https:\/\/www.facebook.com\/Emagister\/\",\"https:\/\/x.com\/emagister\",\"https:\/\/www.instagram.com\/emagister\/\",\"https:\/\/www.linkedin.com\/company\/emagister-com\/\",\"https:\/\/www.pinterest.es\/emagister\/\",\"https:\/\/www.youtube.com\/user\/emagister\/\",\"https:\/\/es.wikipedia.org\/wiki\/Emagister\"]},{\"@type\":\"Person\",\"@id\":\"https:\/\/www.emagister.com\/blog\/#\/schema\/person\/141b37b56d8029c99a901d83b24ec28f\",\"name\":\"Laura Gonz\u00e0lez\",\"image\":{\"@type\":\"ImageObject\",\"inLanguage\":\"es\",\"@id\":\"https:\/\/www.emagister.com\/blog\/#\/schema\/person\/image\/\",\"url\":\"https:\/\/secure.gravatar.com\/avatar\/9efac18419d3b71d38e95cbb8122c1560396cf37c42a8e40dd590bdbdcdd8ffd?s=96&r=g\",\"contentUrl\":\"https:\/\/secure.gravatar.com\/avatar\/9efac18419d3b71d38e95cbb8122c1560396cf37c42a8e40dd590bdbdcdd8ffd?s=96&r=g\",\"caption\":\"Laura Gonz\u00e0lez\"},\"url\":\"https:\/\/www.emagister.com\/blog\/author\/laura-gonzalez\/\"}]}<\/script>\n<!-- \/ Yoast SEO Premium plugin. -->","yoast_head_json":{"title":"M\u00e1s de 500 alumnos de FP concienciados en la Lucha contra el C\u00e1ncer - Blog Emagister","robots":{"index":"index","follow":"follow"},"canonical":"https:\/\/www.emagister.com\/blog\/mas-de-500-alumnos-de-fp-concienciados-en-la-lucha-contra-el-cancer\/","og_locale":"es_ES","og_type":"article","og_title":"M\u00e1s de 500 alumnos de FP concienciados en la Lucha contra el C\u00e1ncer","og_description":"Los alumnos\/as de Cesur Sevilla y Cesur Sevilla CAFD realizaron ayer, mi\u00e9rcoles 6 de febrero, sus \u201cIII JORNADAS DE CONCIENCIACI\u00d3N ... Leer m\u00e1s","og_url":"https:\/\/www.emagister.com\/blog\/mas-de-500-alumnos-de-fp-concienciados-en-la-lucha-contra-el-cancer\/","og_site_name":"Blog Emagister","article_publisher":"https:\/\/www.facebook.com\/Emagister\/","article_published_time":"2019-03-04T20:53:27+00:00","article_modified_time":"2021-05-03T10:04:49+00:00","og_image":[{"width":1600,"height":1200,"url":"https:\/\/www.emagister.com\/blog\/wp-content\/uploads\/2019\/03\/cesur-2.jpg","type":"image\/jpeg"}],"author":"Laura Gonz\u00e0lez","twitter_card":"summary_large_image","twitter_creator":"@emagister","twitter_site":"@emagister","twitter_misc":{"Escrito por":"Laura Gonz\u00e0lez","Tiempo de lectura":"2 minutos"},"schema":{"@context":"https:\/\/schema.org","@graph":[{"@type":"Article","@id":"https:\/\/www.emagister.com\/blog\/mas-de-500-alumnos-de-fp-concienciados-en-la-lucha-contra-el-cancer\/#article","isPartOf":{"@id":"https:\/\/www.emagister.com\/blog\/mas-de-500-alumnos-de-fp-concienciados-en-la-lucha-contra-el-cancer\/"},"author":{"name":"Laura Gonz\u00e0lez","@id":"https:\/\/www.emagister.com\/blog\/#\/schema\/person\/141b37b56d8029c99a901d83b24ec28f"},"headline":"M\u00e1s de 500 alumnos de FP concienciados en la Lucha contra el C\u00e1ncer","datePublished":"2019-03-04T20:53:27+00:00","dateModified":"2021-05-03T10:04:49+00:00","mainEntityOfPage":{"@id":"https:\/\/www.emagister.com\/blog\/mas-de-500-alumnos-de-fp-concienciados-en-la-lucha-contra-el-cancer\/"},"wordCount":437,"commentCount":0,"publisher":{"@id":"https:\/\/www.emagister.com\/blog\/#organization"},"image":{"@id":"https:\/\/www.emagister.com\/blog\/mas-de-500-alumnos-de-fp-concienciados-en-la-lucha-contra-el-cancer\/#primaryimage"},"thumbnailUrl":"https:\/\/www.emagister.com\/blog\/wp-content\/uploads\/2019\/03\/cesur-2.jpg","keywords":["Noticias de centros de formaci\u00f3n","61426010060256666951664866534566","CESUR","Centros de formaci\u00f3n","Cesur Formaci\u00f3n","Centro Superior de Formaci\u00f3n Europa Sur S.A.","noticiasElPais","centros formaci\u00f3n"],"articleSection":["Actualidad Emagister"],"inLanguage":"es","potentialAction":[{"@type":"CommentAction","name":"Comment","target":["https:\/\/www.emagister.com\/blog\/mas-de-500-alumnos-de-fp-concienciados-en-la-lucha-contra-el-cancer\/#respond"]}]},{"@type":"WebPage","@id":"https:\/\/www.emagister.com\/blog\/mas-de-500-alumnos-de-fp-concienciados-en-la-lucha-contra-el-cancer\/","url":"https:\/\/www.emagister.com\/blog\/mas-de-500-alumnos-de-fp-concienciados-en-la-lucha-contra-el-cancer\/","name":"M\u00e1s de 500 alumnos de FP concienciados en la Lucha contra el C\u00e1ncer - Blog Emagister","isPartOf":{"@id":"https:\/\/www.emagister.com\/blog\/#website"},"primaryImageOfPage":{"@id":"https:\/\/www.emagister.com\/blog\/mas-de-500-alumnos-de-fp-concienciados-en-la-lucha-contra-el-cancer\/#primaryimage"},"image":{"@id":"https:\/\/www.emagister.com\/blog\/mas-de-500-alumnos-de-fp-concienciados-en-la-lucha-contra-el-cancer\/#primaryimage"},"thumbnailUrl":"https:\/\/www.emagister.com\/blog\/wp-content\/uploads\/2019\/03\/cesur-2.jpg","datePublished":"2019-03-04T20:53:27+00:00","dateModified":"2021-05-03T10:04:49+00:00","breadcrumb":{"@id":"https:\/\/www.emagister.com\/blog\/mas-de-500-alumnos-de-fp-concienciados-en-la-lucha-contra-el-cancer\/#breadcrumb"},"inLanguage":"es","potentialAction":[{"@type":"ReadAction","target":["https:\/\/www.emagister.com\/blog\/mas-de-500-alumnos-de-fp-concienciados-en-la-lucha-contra-el-cancer\/"]}]},{"@type":"ImageObject","inLanguage":"es","@id":"https:\/\/www.emagister.com\/blog\/mas-de-500-alumnos-de-fp-concienciados-en-la-lucha-contra-el-cancer\/#primaryimage","url":"https:\/\/www.emagister.com\/blog\/wp-content\/uploads\/2019\/03\/cesur-2.jpg","contentUrl":"https:\/\/www.emagister.com\/blog\/wp-content\/uploads\/2019\/03\/cesur-2.jpg","width":1600,"height":1200},{"@type":"BreadcrumbList","@id":"https:\/\/www.emagister.com\/blog\/mas-de-500-alumnos-de-fp-concienciados-en-la-lucha-contra-el-cancer\/#breadcrumb","itemListElement":[{"@type":"ListItem","position":1,"name":"Blog Emagister","item":"https:\/\/www.emagister.com\/blog\/"},{"@type":"ListItem","position":2,"name":"Actualidad Emagister","item":"https:\/\/www.emagister.com\/blog\/noticias\/"},{"@type":"ListItem","position":3,"name":"M\u00e1s de 500 alumnos de FP concienciados en la Lucha contra el C\u00e1ncer"}]},{"@type":"WebSite","@id":"https:\/\/www.emagister.com\/blog\/#website","url":"https:\/\/www.emagister.com\/blog\/","name":"Blog Emagister","description":"Gu\u00eda de orientaci\u00f3n sobre estudios y tendencias de formaci\u00f3n","publisher":{"@id":"https:\/\/www.emagister.com\/blog\/#organization"},"potentialAction":[{"@type":"SearchAction","target":{"@type":"EntryPoint","urlTemplate":"https:\/\/www.emagister.com\/blog\/?s={search_term_string}"},"query-input":{"@type":"PropertyValueSpecification","valueRequired":true,"valueName":"search_term_string"}}],"inLanguage":"es"},{"@type":"Organization","@id":"https:\/\/www.emagister.com\/blog\/#organization","name":"Emagister","url":"https:\/\/www.emagister.com\/blog\/","logo":{"@type":"ImageObject","inLanguage":"es","@id":"https:\/\/www.emagister.com\/blog\/#\/schema\/logo\/image\/","url":"https:\/\/www.emagister.com\/blog\/wp-content\/uploads\/2017\/02\/photo.png","contentUrl":"https:\/\/www.emagister.com\/blog\/wp-content\/uploads\/2017\/02\/photo.png","width":120,"height":120,"caption":"Emagister"},"image":{"@id":"https:\/\/www.emagister.com\/blog\/#\/schema\/logo\/image\/"},"sameAs":["https:\/\/www.facebook.com\/Emagister\/","https:\/\/x.com\/emagister","https:\/\/www.instagram.com\/emagister\/","https:\/\/www.linkedin.com\/company\/emagister-com\/","https:\/\/www.pinterest.es\/emagister\/","https:\/\/www.youtube.com\/user\/emagister\/","https:\/\/es.wikipedia.org\/wiki\/Emagister"]},{"@type":"Person","@id":"https:\/\/www.emagister.com\/blog\/#\/schema\/person\/141b37b56d8029c99a901d83b24ec28f","name":"Laura Gonz\u00e0lez","image":{"@type":"ImageObject","inLanguage":"es","@id":"https:\/\/www.emagister.com\/blog\/#\/schema\/person\/image\/","url":"https:\/\/secure.gravatar.com\/avatar\/9efac18419d3b71d38e95cbb8122c1560396cf37c42a8e40dd590bdbdcdd8ffd?s=96&r=g","contentUrl":"https:\/\/secure.gravatar.com\/avatar\/9efac18419d3b71d38e95cbb8122c1560396cf37c42a8e40dd590bdbdcdd8ffd?s=96&r=g","caption":"Laura Gonz\u00e0lez"},"url":"https:\/\/www.emagister.com\/blog\/author\/laura-gonzalez\/"}]}},"_links":{"self":[{"href":"https:\/\/www.emagister.com\/blog\/wp-json\/wp\/v2\/posts\/81851","targetHints":{"allow":["GET"]}}],"collection":[{"href":"https:\/\/www.emagister.com\/blog\/wp-json\/wp\/v2\/posts"}],"about":[{"href":"https:\/\/www.emagister.com\/blog\/wp-json\/wp\/v2\/types\/post"}],"author":[{"embeddable":true,"href":"https:\/\/www.emagister.com\/blog\/wp-json\/wp\/v2\/users\/255"}],"replies":[{"embeddable":true,"href":"https:\/\/www.emagister.com\/blog\/wp-json\/wp\/v2\/comments?post=81851"}],"version-history":[{"count":1,"href":"https:\/\/www.emagister.com\/blog\/wp-json\/wp\/v2\/posts\/81851\/revisions"}],"predecessor-version":[{"id":125810,"href":"https:\/\/www.emagister.com\/blog\/wp-json\/wp\/v2\/posts\/81851\/revisions\/125810"}],"wp:featuredmedia":[{"embeddable":true,"href":"https:\/\/www.emagister.com\/blog\/wp-json\/wp\/v2\/media\/81852"}],"wp:attachment":[{"href":"https:\/\/www.emagister.com\/blog\/wp-json\/wp\/v2\/media?parent=81851"}],"wp:term":[{"taxonomy":"category","embeddable":true,"href":"https:\/\/www.emagister.com\/blog\/wp-json\/wp\/v2\/categories?post=81851"},{"taxonomy":"post_tag","embeddable":true,"href":"https:\/\/www.emagister.com\/blog\/wp-json\/wp\/v2\/tags?post=81851"}],"curies":[{"name":"wp","href":"https:\/\/api.w.org\/{rel}","templated":true}]}}