{"id":90012,"date":"2019-08-05T16:22:40","date_gmt":"2019-08-05T14:22:40","guid":{"rendered":"https:\/\/www.emagister.com\/blog\/?p=90012"},"modified":"2021-05-21T14:11:37","modified_gmt":"2021-05-21T12:11:37","slug":"telas-y-tejidos-caracteristicas-y-usos","status":"publish","type":"post","link":"https:\/\/www.emagister.com\/blog\/telas-y-tejidos-caracteristicas-y-usos\/","title":{"rendered":"Telas y tejidos: caracter\u00edsticas y usos"},"content":{"rendered":"<p style=\"text-align: justify;\">Una de las se\u00f1as que nos identifican y definen nuestro estilo es la vestimenta. Elegimos con atenci\u00f3n cada pieza de ropa y nos reflejamos en algunas de ellas sobre todo con las m\u00e1s \u00fanicas e inigualables. Pero, \u00bfQu\u00e9 es que convierte el ropaje en algo tan especial? Unas de las caracter\u00edsticas m\u00e1s importantes son las&nbsp;<b>telas<\/b>&nbsp;o el tipo tejido con el que cada pieza est\u00e1 fabricada.<\/p>\n<p style=\"text-align: justify;\">Son muchos los tipos de telas que se pueden combinar para que cada pieza de ropa sea un mundo. Desde el algod\u00f3n, la lana hasta la seda y el lino. Cada una de estas se convierte en una se\u00f1a de identidad para nosotros.<\/p>\n<h2 style=\"text-align: justify;\"><span style=\"font-weight: 400;\">\u00bfPor qu\u00e9 es importante saber escoger las telas adecuadas?<\/span><\/h2>\n<p style=\"text-align: justify;\">Elegir qu\u00e9 tejido utilizar no es una decisi\u00f3n f\u00e1cil. Escoger el equivocado podr\u00eda dar como resultado una vestimenta inc\u00f3moda, f\u00e1cil de estropear o imposible de llevar bien. Por eso, es necesario reconocer que cada g\u00e9nero de tela tiene sus caracter\u00edsticas y un dise\u00f1ador, por ejemplo, tiene que ser capaz de reconocerlas y escoger la m\u00e1s apropiadas a cada pieza de ropa.<\/p>\n<p style=\"text-align: justify;\">De hecho, las fibras y, en general, los materiales escogidos son esenciales y de estos dependen, por ejemplo, la suavidad y elasticidad, as\u00ed como, la calidez y la ca\u00edda de cada pieza.<\/p>\n<p style=\"text-align: justify;\">Por otro lado, lo m\u00e1s importante es el uso que se dar\u00e1 a cada vestimenta. Por ejemplo, utilizando un tejido compacto y grueso, se puede crear un jersey perfecto para el fr\u00edo invernal. Al mismo tiempo, una tela de seda, con fibras finas y ligeras, se convertir\u00e1 en una pieza de ropa suave y fresca perfecta para la temporada primaveral.<\/p>\n<p style=\"text-align: justify;\"><span style=\"font-weight: 400;\">Hoy en d\u00eda, en cambio,&nbsp; se suele crear piezas con telas que no reflejan su uso habitual. Por ejemplo, es f\u00e1cil ahora ver por la calle chicas con chanclas con&nbsp;\u00abpelito\u00bb o tops cortos de lana en verano.<\/span><\/p>\n<p style=\"text-align: justify;\">Realmente, las marcas m\u00e1s conocidas de la industria textil dise\u00f1an basando su creatividad en par\u00e1metros est\u00e9ticos m\u00e1s que funcionales.&nbsp;Esta novedad en el mundo de la moda nos hace replantear la utilidad de muchas prendas y redescubrir vestimentas, d\u00e1ndole nuevos estilos y usos. Esta reci\u00e9n ola de estilo, hace que la ropa se haya convertido en una se\u00f1a m\u00e1s de nuestra identidad, que refleja nuestra creatividad, estado de \u00e1nimo y atrevimiento al mundo. Nadie elige su vestuario por mera necesidad.<\/p>\n<p style=\"text-align: justify;\">Contin\u00faa leyendo nuestro art\u00edculo y descubre los <strong>cinco tipos de tela<\/strong>&nbsp;m\u00e1s de moda y c\u00f3mo aprovecharlos como har\u00eda un verdadero artista de la moda:<\/p>\n<h3 style=\"text-align: justify;\"><span style=\"font-weight: 400;\">Algod\u00f3n<\/span><\/h3>\n<p style=\"text-align: justify;\">Uno de los tejidos m\u00e1s populares sigue siendo, sin duda, el algod\u00f3n, de origen vegetal, utilizado para elaborar la mayor\u00eda de las prendas, como camisetas, jers\u00e9is finos, vestidos, tops, pantalones, faldas y mucho m\u00e1s.<\/p>\n<p style=\"text-align: justify;\">El algod\u00f3n es un tejido econ\u00f3mico, multifuncional y, al mismo tiempo, suave al tacto y de buena conservaci\u00f3n. Se considera como una de las telas m\u00e1s seguras y ergon\u00f3micas, y de esta se fabrican tambi\u00e9n otros tejidos, como el sat\u00e9n,&nbsp;<span style=\"font-weight: 400;\">muy suave y sedoso, su tela brillante se utiliza,&nbsp;<\/span>normalmente, para la lencer\u00eda y la ropa para dormir, y el <em>denim<\/em>, tejido t\u00edpico de los vaqueros.<\/p>\n<p style=\"text-align: justify;\"><div class=\"courses\"><div class=\"course\"><div class=\"inside\"><a href=\"https:\/\/www.emagister.com\/master-calidad-editorial-cursos-3605337.htm\" class=\"course_name directory\">M\u00c1STER EN CALIDAD EDITORIAL<\/a><div class=\"course_center\">SAN ANASTASIO INTERNATIONAL SCHOOL<\/div><div class=\"course_rating\"><svg fill=\"none\" height=\"13\" viewBox=\"0 0 13 13\" width=\"13\" xmlns=\"http:\/\/www.w3.org\/2000\/svg\"><path d=\"m5.79999.990059-1.58 3.220001-3.549999.52c-.6399996.09-.9.87-.43 1.32l2.559999 2.51-.6 3.53004c-.11.64.56 1.12 1.13.82l3.18-1.67v-10.680041c-.29 0-.56.14-.71.43z\" fill=\"#f5ba41\"\/><path d=\"m10.8 12.0901-.6-3.53004 2.57-2.5c.46-.45.21-1.23-.43-1.33l-3.56-.52-1.58-3.220001c-.15-.28-.42-.43-.7-.43v10.680041l3.18 1.67c.56.3 1.23-.18 1.12-.82z\" fill=\"#e5e5e5\"\/><\/svg><\/i><svg fill=\"none\" height=\"13\" viewBox=\"0 0 13 13\" width=\"13\" xmlns=\"http:\/\/www.w3.org\/2000\/svg\"><path d=\"m5.79999.990059-1.58 3.220001-3.549999.52c-.6399996.09-.9.87-.43 1.32l2.559999 2.51-.6 3.53004c-.11.64.56 1.12 1.13.82l3.18-1.67v-10.680041c-.29 0-.56.14-.71.43z\" fill=\"#f5ba41\"\/><path d=\"m10.8 12.0901-.6-3.53004 2.57-2.5c.46-.45.21-1.23-.43-1.33l-3.56-.52-1.58-3.220001c-.15-.28-.42-.43-.7-.43v10.680041l3.18 1.67c.56.3 1.23-.18 1.12-.82z\" fill=\"#e5e5e5\"\/><\/svg><\/i><svg fill=\"none\" height=\"13\" viewBox=\"0 0 13 13\" width=\"13\" xmlns=\"http:\/\/www.w3.org\/2000\/svg\"><path d=\"m5.79999.990059-1.58 3.220001-3.549999.52c-.6399996.09-.9.87-.43 1.32l2.559999 2.51-.6 3.53004c-.11.64.56 1.12 1.13.82l3.18-1.67v-10.680041c-.29 0-.56.14-.71.43z\" fill=\"#f5ba41\"\/><path d=\"m10.8 12.0901-.6-3.53004 2.57-2.5c.46-.45.21-1.23-.43-1.33l-3.56-.52-1.58-3.220001c-.15-.28-.42-.43-.7-.43v10.680041l3.18 1.67c.56.3 1.23-.18 1.12-.82z\" fill=\"#e5e5e5\"\/><\/svg><\/i><svg fill=\"none\" height=\"13\" viewBox=\"0 0 13 13\" width=\"13\" xmlns=\"http:\/\/www.w3.org\/2000\/svg\"><path d=\"m5.79999.990059-1.58 3.220001-3.549999.52c-.6399996.09-.9.87-.43 1.32l2.559999 2.51-.6 3.53004c-.11.64.56 1.12 1.13.82l3.18-1.67v-10.680041c-.29 0-.56.14-.71.43z\" fill=\"#f5ba41\"\/><path d=\"m10.8 12.0901-.6-3.53004 2.57-2.5c.46-.45.21-1.23-.43-1.33l-3.56-.52-1.58-3.220001c-.15-.28-.42-.43-.7-.43v10.680041l3.18 1.67c.56.3 1.23-.18 1.12-.82z\" fill=\"#e5e5e5\"\/><\/svg><\/i><svg fill=\"none\" height=\"13\" viewBox=\"0 0 13 13\" width=\"13\" xmlns=\"http:\/\/www.w3.org\/2000\/svg\"><path d=\"m5.79999.990059-1.58 3.220001-3.549999.52c-.6399996.09-.9.87-.43 1.32l2.559999 2.51-.6 3.53004c-.11.64.56 1.12 1.13.82l3.18-1.67v-10.680041c-.29 0-.56.14-.71.43z\" fill=\"#f5ba41\"\/><path d=\"m10.8 12.0901-.6-3.53004 2.57-2.5c.46-.45.21-1.23-.43-1.33l-3.56-.52-1.58-3.220001c-.15-.28-.42-.43-.7-.43v10.680041l3.18 1.67c.56.3 1.23-.18 1.12-.82z\" fill=\"#e5e5e5\"\/><\/svg><\/i><\/div><div class=\"course_price\"><div class=\"course_price_text\">Precio Emagister<\/div><del>840 \u20ac<\/del>  420 \u20ac<\/div><a href=\"https:\/\/www.emagister.com\/master-calidad-editorial-cursos-3605337.htm\" class=\"course_button directory\">Ver m\u00e1s<\/a><\/div><\/div><div class=\"course\"><div class=\"inside\"><a href=\"https:\/\/www.emagister.com\/master-asesoria-imagen-vestuario-moda-cursos-3605317.htm\" class=\"course_name directory\">M\u00e1ster en Asesor\u00eda de Imagen, Vestuario y Moda<\/a><div class=\"course_center\">SAN ANASTASIO INTERNATIONAL SCHOOL<\/div><div class=\"course_rating\"><svg fill=\"none\" height=\"13\" viewBox=\"0 0 13 13\" width=\"13\" xmlns=\"http:\/\/www.w3.org\/2000\/svg\"><path d=\"m5.79999.990059-1.58 3.220001-3.549999.52c-.6399996.09-.9.87-.43 1.32l2.559999 2.51-.6 3.53004c-.11.64.56 1.12 1.13.82l3.18-1.67v-10.680041c-.29 0-.56.14-.71.43z\" fill=\"#f5ba41\"\/><path d=\"m10.8 12.0901-.6-3.53004 2.57-2.5c.46-.45.21-1.23-.43-1.33l-3.56-.52-1.58-3.220001c-.15-.28-.42-.43-.7-.43v10.680041l3.18 1.67c.56.3 1.23-.18 1.12-.82z\" fill=\"#e5e5e5\"\/><\/svg><\/i><svg fill=\"none\" height=\"13\" viewBox=\"0 0 13 13\" width=\"13\" xmlns=\"http:\/\/www.w3.org\/2000\/svg\"><path d=\"m5.79999.990059-1.58 3.220001-3.549999.52c-.6399996.09-.9.87-.43 1.32l2.559999 2.51-.6 3.53004c-.11.64.56 1.12 1.13.82l3.18-1.67v-10.680041c-.29 0-.56.14-.71.43z\" fill=\"#f5ba41\"\/><path d=\"m10.8 12.0901-.6-3.53004 2.57-2.5c.46-.45.21-1.23-.43-1.33l-3.56-.52-1.58-3.220001c-.15-.28-.42-.43-.7-.43v10.680041l3.18 1.67c.56.3 1.23-.18 1.12-.82z\" fill=\"#e5e5e5\"\/><\/svg><\/i><svg fill=\"none\" height=\"13\" viewBox=\"0 0 13 13\" width=\"13\" xmlns=\"http:\/\/www.w3.org\/2000\/svg\"><path d=\"m5.79999.990059-1.58 3.220001-3.549999.52c-.6399996.09-.9.87-.43 1.32l2.559999 2.51-.6 3.53004c-.11.64.56 1.12 1.13.82l3.18-1.67v-10.680041c-.29 0-.56.14-.71.43z\" fill=\"#f5ba41\"\/><path d=\"m10.8 12.0901-.6-3.53004 2.57-2.5c.46-.45.21-1.23-.43-1.33l-3.56-.52-1.58-3.220001c-.15-.28-.42-.43-.7-.43v10.680041l3.18 1.67c.56.3 1.23-.18 1.12-.82z\" fill=\"#e5e5e5\"\/><\/svg><\/i><svg fill=\"none\" height=\"13\" viewBox=\"0 0 13 13\" width=\"13\" xmlns=\"http:\/\/www.w3.org\/2000\/svg\"><path d=\"m5.79999.990059-1.58 3.220001-3.549999.52c-.6399996.09-.9.87-.43 1.32l2.559999 2.51-.6 3.53004c-.11.64.56 1.12 1.13.82l3.18-1.67v-10.680041c-.29 0-.56.14-.71.43z\" fill=\"#f5ba41\"\/><path d=\"m10.8 12.0901-.6-3.53004 2.57-2.5c.46-.45.21-1.23-.43-1.33l-3.56-.52-1.58-3.220001c-.15-.28-.42-.43-.7-.43v10.680041l3.18 1.67c.56.3 1.23-.18 1.12-.82z\" fill=\"#e5e5e5\"\/><\/svg><\/i><svg fill=\"none\" height=\"13\" viewBox=\"0 0 13 13\" width=\"13\" xmlns=\"http:\/\/www.w3.org\/2000\/svg\"><path d=\"m5.79999.990059-1.58 3.220001-3.549999.52c-.6399996.09-.9.87-.43 1.32l2.559999 2.51-.6 3.53004c-.11.64.56 1.12 1.13.82l3.18-1.67v-10.680041c-.29 0-.56.14-.71.43z\" fill=\"#f5ba41\"\/><path d=\"m10.8 12.0901-.6-3.53004 2.57-2.5c.46-.45.21-1.23-.43-1.33l-3.56-.52-1.58-3.220001c-.15-.28-.42-.43-.7-.43v10.680041l3.18 1.67c.56.3 1.23-.18 1.12-.82z\" fill=\"#e5e5e5\"\/><\/svg><\/i><\/div><div class=\"course_price\"><div class=\"course_price_text\">Precio Emagister<\/div><del>840 \u20ac<\/del>  420 \u20ac<\/div><a href=\"https:\/\/www.emagister.com\/master-asesoria-imagen-vestuario-moda-cursos-3605317.htm\" class=\"course_button directory\">Ver m\u00e1s<\/a><\/div><\/div><div class=\"courses_more_wpr\"><span class=\"courses_more directory ofuscado\" onclick=\"window.location.href='https:\/\/www.emagister.com\/web\/search?q=San%20Anastasio%20Design%20School&#038;token=668d173c-ff0d-4d4f-bd13-3db820a3b96a&#038;segment=1&#038;sort=purePPL&#038;idCentro=99997192958079401036578245632319';\">Ver todos los cursos<svg height=\"20\" viewBox=\"0 0 20 20\" width=\"20\" xmlns=\"http:\/\/www.w3.org\/2000\/svg\"><path d=\"m12.77 10.332-4.602 4.531c-.184.184-.48.184-.664 0l-.277-.277c-.184-.184-.184-.48 0-.664l3.996-3.922-3.993-3.922c-.183-.183-.183-.48 0-.664l.278-.277c.183-.184.48-.184.664 0l4.601 4.531c.18.184.18.48-.003.664z\" fill=\"#4cb7ac\" fill-rule=\"evenodd\"\/><\/svg><\/span><\/div><\/div><\/p>\n<h3 style=\"text-align: justify;\"><span style=\"font-weight: 400;\">Lino<\/span><\/h3>\n<p style=\"text-align: justify;\">El lino, fresco y ligero, es&nbsp;una de las telas de origen vegetal m\u00e1s antiguas que existen.&nbsp; Este tejido, con mayor calidad que el algod\u00f3n, puede aguantar altas temperaturas y es muy resistente. pero, a pesar de su alta calidad, no es muy el\u00e1stico y puede llegar a deformarse.<\/p>\n<h3 style=\"text-align: justify;\"><span style=\"font-weight: 400;\">Lana<\/span><\/h3>\n<p style=\"text-align: justify;\"><span style=\"font-weight: 400;\">La lana es una teja animal que se recaba&nbsp;<\/span>del pelaje de las ovejas. Hay lanas que si no est\u00e1n bien pulidas pueden causar picaz\u00f3n en la piel y resultar muy inc\u00f3modas, en este caso, normalmente, se trata de lana sint\u00e9tica. La lana verdadera suele tener un coste m\u00e1s elevado, pero su calidad es mucho mejor y la tela es muy resistente y el\u00e1stica. Este tejido, adem\u00e1s, es muy c\u00e1lido e ideal para los meses m\u00e1s fr\u00edo del a\u00f1o.<\/p>\n<h3 style=\"text-align: justify;\"><span style=\"font-weight: 400;\">Piel<\/span><\/h3>\n<p style=\"text-align: justify;\"><span style=\"font-weight: 400;\">Como indica su nombre, este tejido deriva de la piel de animales y, por esta raz\u00f3n, suele actualmente generar mucha pol\u00e9mica.<strong>&nbsp;<\/strong><\/span><\/p>\n<p style=\"text-align: justify;\"><span style=\"font-weight: 400;\">Debido al auge del vegetarianismo y veganismo, as\u00ed como la protecci\u00f3n de animales que, est\u00e1n en peligro de extinci\u00f3n a causa del uso de su piel para fabricar prendas o accesorios, muchas marcas han optado por elaborar sus productos con piel sint\u00e9tica para evitar la p\u00e9rdida de ventas. Hay numerosos colectivos que realizan campa\u00f1as de concienciaci\u00f3n para evitar que se sacrifique a much\u00edsimas especies de animales por esta causa. Por esta raz\u00f3n, a pesar de por su alta calidad, puede que sea una tela tan cara.<a href=\"https:\/\/www.emagister.com\/san-anastasio-international-school-cursos-1152478-centrodetalles.htm\" target=\"_blank\" rel=\"noopener\"><img loading=\"lazy\" decoding=\"async\" class=\"wp-image-87030 alignright\" src=\"https:\/\/www.emagister.com\/blog\/wp-content\/uploads\/2019\/05\/san-anastasio.jpg\" alt=\"\" width=\"138\" height=\"127\" srcset=\"https:\/\/www.emagister.com\/blog\/wp-content\/uploads\/2019\/05\/san-anastasio.jpg 152w, https:\/\/www.emagister.com\/blog\/wp-content\/uploads\/2019\/05\/san-anastasio-80x74.jpg 80w\" sizes=\"auto, (max-width: 138px) 100vw, 138px\" \/><\/a><\/span><\/p>\n<h3 style=\"text-align: justify;\"><span style=\"font-weight: 400;\">Seda<\/span><\/h3>\n<p style=\"text-align: justify;\"><span style=\"font-weight: 400;\">Esta \u00faltima es una&nbsp;<\/span>de las telas m\u00e1s caras. La seda, ligera y c\u00f3moda, se obtiene de los gusanos de seda y es un tejido muy transpirable pero tambi\u00e9n muy delicado. Eso lo hace muy complicado y dif\u00edcil de lavar, porque puede estropearse f\u00e1cilmente.&nbsp;<span style=\"font-weight: 400;\">La seda m\u00e1s cara proviene de China y, para tratarla, los maestros que la trabajan utilizan t\u00e9cnicas muy sofisticadas.<\/span><\/p>\n<p style=\"text-align: justify;\"><span style=\"font-weight: 400;\">Ahora que conoces las caracter\u00edsticas de los tejidos m\u00e1s utilizados, podr\u00e1s elaborar prendas de ropa combinando las telas entre s\u00ed y creando <em>looks<\/em> \u00fanicos y transgresores; vestimenta con multitud de texturas, que sean c\u00f3modas, pr\u00e1cticas y, por supuesto, al paso con la moda.<\/span><\/p>\n<p style=\"text-align: justify;\">\u00bfQuieres descubrir como crear tu pieza de ropa y convertirte en un <em>fashion designer<\/em>? Encuentra tu curso ideal en <a href=\"https:\/\/www.emagister.com\" target=\"_blank\" rel=\"noopener\">Emagister<\/a> y <a href=\"https:\/\/www.emagister.com\/contact\/student\" target=\"_blank\" rel=\"noopener\">cont\u00e1ctanos<\/a> para descubrir todo lo que tienes que saber para convertirte en un gur\u00fa de la moda.<\/p>\n","protected":false},"excerpt":{"rendered":"<p>Una de las se\u00f1as que nos identifican y definen nuestro estilo es la vestimenta. Elegimos con atenci\u00f3n cada pieza de &#8230; <a title=\"Telas y tejidos: caracter\u00edsticas y usos\" class=\"read-more\" href=\"https:\/\/www.emagister.com\/blog\/telas-y-tejidos-caracteristicas-y-usos\/\" aria-label=\"M\u00e1s en Telas y tejidos: caracter\u00edsticas y usos\">Leer m\u00e1s<\/a><\/p>\n","protected":false},"author":283,"featured_media":90404,"comment_status":"open","ping_status":"closed","sticky":false,"template":"","format":"standard","meta":{"_acf_changed":false,"inline_featured_image":false,"footnotes":""},"categories":[785],"tags":[2832,5467,5605,6465,10141,10396,10813,10815],"class_list":["post-90012","post","type-post","status-publish","format-standard","has-post-thumbnail","hentry","category-nuestros-clientes","tag-noticias-de-centros-de-formacion","tag-creacion-de-moda","tag-centros-de-formaciom","tag-disenador-de-moda","tag-noticiaselpais","tag-noticias-de-centros","tag-10813","tag-ij_sector_center_99997192958079401036578245632319_16","generate-columns","tablet-grid-50","mobile-grid-100","grid-parent","grid-25"],"acf":{"mostrar_faldon":"-1","texto_faldon":"","link_faldon":"https:\/\/www.emagister.com\/san-anastasio-international-school-cursos-1152478-centrodetalles.htm","link_texto_faldon":"","hreflang":[{"url":""}],"estilo_titulo":"","fecha":"no","noticiasElPais":{"custom_snippet_image":false,"custom_snippet_title":"","custom_snippet_description":""},"noticiasLaVanguardia":{"custom_snippet_image":false,"custom_snippet_title":"","custom_snippet_description":""}},"yoast_head":"<!-- This site is optimized with the Yoast SEO Premium plugin v18.1 (Yoast SEO v27.0) - https:\/\/yoast.com\/product\/yoast-seo-premium-wordpress\/ -->\n<title>Telas y tejidos: caracter\u00edsticas y usos - Blog Emagister<\/title>\n<meta name=\"robots\" content=\"index, follow\" \/>\n<link rel=\"canonical\" href=\"https:\/\/www.emagister.com\/blog\/telas-y-tejidos-caracteristicas-y-usos\/\" \/>\n<meta property=\"og:locale\" content=\"es_ES\" \/>\n<meta property=\"og:type\" content=\"article\" \/>\n<meta property=\"og:title\" content=\"Telas y tejidos: caracter\u00edsticas y usos\" \/>\n<meta property=\"og:description\" content=\"Una de las se\u00f1as que nos identifican y definen nuestro estilo es la vestimenta. Elegimos con atenci\u00f3n cada pieza de ... Leer m\u00e1s\" \/>\n<meta property=\"og:url\" content=\"https:\/\/www.emagister.com\/blog\/telas-y-tejidos-caracteristicas-y-usos\/\" \/>\n<meta property=\"og:site_name\" content=\"Blog Emagister\" \/>\n<meta property=\"article:publisher\" content=\"https:\/\/www.facebook.com\/Emagister\/\" \/>\n<meta property=\"article:published_time\" content=\"2019-08-05T14:22:40+00:00\" \/>\n<meta property=\"article:modified_time\" content=\"2021-05-21T12:11:37+00:00\" \/>\n<meta property=\"og:image\" content=\"https:\/\/www.emagister.com\/blog\/wp-content\/uploads\/2019\/07\/GettyImages-105680592.jpg\" \/>\n\t<meta property=\"og:image:width\" content=\"724\" \/>\n\t<meta property=\"og:image:height\" content=\"483\" \/>\n\t<meta property=\"og:image:type\" content=\"image\/jpeg\" \/>\n<meta name=\"author\" content=\"Martina Scalera\" \/>\n<meta name=\"twitter:card\" content=\"summary_large_image\" \/>\n<meta name=\"twitter:creator\" content=\"@emagister\" \/>\n<meta name=\"twitter:site\" content=\"@emagister\" \/>\n<meta name=\"twitter:label1\" content=\"Escrito por\" \/>\n\t<meta name=\"twitter:data1\" content=\"Martina Scalera\" \/>\n\t<meta name=\"twitter:label2\" content=\"Tiempo de lectura\" \/>\n\t<meta name=\"twitter:data2\" content=\"5 minutos\" \/>\n<script type=\"application\/ld+json\" class=\"yoast-schema-graph\">{\"@context\":\"https:\/\/schema.org\",\"@graph\":[{\"@type\":\"Article\",\"@id\":\"https:\/\/www.emagister.com\/blog\/telas-y-tejidos-caracteristicas-y-usos\/#article\",\"isPartOf\":{\"@id\":\"https:\/\/www.emagister.com\/blog\/telas-y-tejidos-caracteristicas-y-usos\/\"},\"author\":{\"name\":\"Martina Scalera\",\"@id\":\"https:\/\/www.emagister.com\/blog\/#\/schema\/person\/eb679c7a75ca9b41e5e92d695c9e9b42\"},\"headline\":\"Telas y tejidos: caracter\u00edsticas y usos\",\"datePublished\":\"2019-08-05T14:22:40+00:00\",\"dateModified\":\"2021-05-21T12:11:37+00:00\",\"mainEntityOfPage\":{\"@id\":\"https:\/\/www.emagister.com\/blog\/telas-y-tejidos-caracteristicas-y-usos\/\"},\"wordCount\":1033,\"commentCount\":0,\"publisher\":{\"@id\":\"https:\/\/www.emagister.com\/blog\/#organization\"},\"image\":{\"@id\":\"https:\/\/www.emagister.com\/blog\/telas-y-tejidos-caracteristicas-y-usos\/#primaryimage\"},\"thumbnailUrl\":\"https:\/\/www.emagister.com\/blog\/wp-content\/uploads\/2019\/07\/GettyImages-105680592.jpg\",\"keywords\":[\"Noticias de centros de formaci\u00f3n\",\"creaci\u00f3n de moda\",\"centros de formaci\u00f3m\",\"dise\u00f1ador de moda\",\"noticiasElPais\",\"noticias de centros\",\"99997192958079401036578245632319\",\"ij_sector_center_99997192958079401036578245632319_16\"],\"articleSection\":[\"Nuestros clientes\"],\"inLanguage\":\"es\",\"potentialAction\":[{\"@type\":\"CommentAction\",\"name\":\"Comment\",\"target\":[\"https:\/\/www.emagister.com\/blog\/telas-y-tejidos-caracteristicas-y-usos\/#respond\"]}]},{\"@type\":\"WebPage\",\"@id\":\"https:\/\/www.emagister.com\/blog\/telas-y-tejidos-caracteristicas-y-usos\/\",\"url\":\"https:\/\/www.emagister.com\/blog\/telas-y-tejidos-caracteristicas-y-usos\/\",\"name\":\"Telas y tejidos: caracter\u00edsticas y usos - Blog Emagister\",\"isPartOf\":{\"@id\":\"https:\/\/www.emagister.com\/blog\/#website\"},\"primaryImageOfPage\":{\"@id\":\"https:\/\/www.emagister.com\/blog\/telas-y-tejidos-caracteristicas-y-usos\/#primaryimage\"},\"image\":{\"@id\":\"https:\/\/www.emagister.com\/blog\/telas-y-tejidos-caracteristicas-y-usos\/#primaryimage\"},\"thumbnailUrl\":\"https:\/\/www.emagister.com\/blog\/wp-content\/uploads\/2019\/07\/GettyImages-105680592.jpg\",\"datePublished\":\"2019-08-05T14:22:40+00:00\",\"dateModified\":\"2021-05-21T12:11:37+00:00\",\"breadcrumb\":{\"@id\":\"https:\/\/www.emagister.com\/blog\/telas-y-tejidos-caracteristicas-y-usos\/#breadcrumb\"},\"inLanguage\":\"es\",\"potentialAction\":[{\"@type\":\"ReadAction\",\"target\":[\"https:\/\/www.emagister.com\/blog\/telas-y-tejidos-caracteristicas-y-usos\/\"]}]},{\"@type\":\"ImageObject\",\"inLanguage\":\"es\",\"@id\":\"https:\/\/www.emagister.com\/blog\/telas-y-tejidos-caracteristicas-y-usos\/#primaryimage\",\"url\":\"https:\/\/www.emagister.com\/blog\/wp-content\/uploads\/2019\/07\/GettyImages-105680592.jpg\",\"contentUrl\":\"https:\/\/www.emagister.com\/blog\/wp-content\/uploads\/2019\/07\/GettyImages-105680592.jpg\",\"width\":724,\"height\":483,\"caption\":\"Silk scarves from India in a marketplace.\"},{\"@type\":\"BreadcrumbList\",\"@id\":\"https:\/\/www.emagister.com\/blog\/telas-y-tejidos-caracteristicas-y-usos\/#breadcrumb\",\"itemListElement\":[{\"@type\":\"ListItem\",\"position\":1,\"name\":\"Blog Emagister\",\"item\":\"https:\/\/www.emagister.com\/blog\/\"},{\"@type\":\"ListItem\",\"position\":2,\"name\":\"Nuestros clientes\",\"item\":\"https:\/\/www.emagister.com\/blog\/nuestros-clientes\/\"},{\"@type\":\"ListItem\",\"position\":3,\"name\":\"Telas y tejidos: caracter\u00edsticas y usos\"}]},{\"@type\":\"WebSite\",\"@id\":\"https:\/\/www.emagister.com\/blog\/#website\",\"url\":\"https:\/\/www.emagister.com\/blog\/\",\"name\":\"Blog Emagister\",\"description\":\"Gu\u00eda de orientaci\u00f3n sobre estudios y tendencias de formaci\u00f3n\",\"publisher\":{\"@id\":\"https:\/\/www.emagister.com\/blog\/#organization\"},\"potentialAction\":[{\"@type\":\"SearchAction\",\"target\":{\"@type\":\"EntryPoint\",\"urlTemplate\":\"https:\/\/www.emagister.com\/blog\/?s={search_term_string}\"},\"query-input\":{\"@type\":\"PropertyValueSpecification\",\"valueRequired\":true,\"valueName\":\"search_term_string\"}}],\"inLanguage\":\"es\"},{\"@type\":\"Organization\",\"@id\":\"https:\/\/www.emagister.com\/blog\/#organization\",\"name\":\"Emagister\",\"url\":\"https:\/\/www.emagister.com\/blog\/\",\"logo\":{\"@type\":\"ImageObject\",\"inLanguage\":\"es\",\"@id\":\"https:\/\/www.emagister.com\/blog\/#\/schema\/logo\/image\/\",\"url\":\"https:\/\/www.emagister.com\/blog\/wp-content\/uploads\/2017\/02\/photo.png\",\"contentUrl\":\"https:\/\/www.emagister.com\/blog\/wp-content\/uploads\/2017\/02\/photo.png\",\"width\":120,\"height\":120,\"caption\":\"Emagister\"},\"image\":{\"@id\":\"https:\/\/www.emagister.com\/blog\/#\/schema\/logo\/image\/\"},\"sameAs\":[\"https:\/\/www.facebook.com\/Emagister\/\",\"https:\/\/x.com\/emagister\",\"https:\/\/www.instagram.com\/emagister\/\",\"https:\/\/www.linkedin.com\/company\/emagister-com\/\",\"https:\/\/www.pinterest.es\/emagister\/\",\"https:\/\/www.youtube.com\/user\/emagister\/\",\"https:\/\/es.wikipedia.org\/wiki\/Emagister\"]},{\"@type\":\"Person\",\"@id\":\"https:\/\/www.emagister.com\/blog\/#\/schema\/person\/eb679c7a75ca9b41e5e92d695c9e9b42\",\"name\":\"Martina Scalera\",\"image\":{\"@type\":\"ImageObject\",\"inLanguage\":\"es\",\"@id\":\"https:\/\/www.emagister.com\/blog\/#\/schema\/person\/image\/\",\"url\":\"https:\/\/secure.gravatar.com\/avatar\/5ea48f9b87a2604b534b2e0df6ac13b48f12f6a5bf52f5d37c62d63ca9ac3637?s=96&r=g\",\"contentUrl\":\"https:\/\/secure.gravatar.com\/avatar\/5ea48f9b87a2604b534b2e0df6ac13b48f12f6a5bf52f5d37c62d63ca9ac3637?s=96&r=g\",\"caption\":\"Martina Scalera\"},\"url\":\"https:\/\/www.emagister.com\/blog\/author\/mscalera\/\"}]}<\/script>\n<!-- \/ Yoast SEO Premium plugin. -->","yoast_head_json":{"title":"Telas y tejidos: caracter\u00edsticas y usos - Blog Emagister","robots":{"index":"index","follow":"follow"},"canonical":"https:\/\/www.emagister.com\/blog\/telas-y-tejidos-caracteristicas-y-usos\/","og_locale":"es_ES","og_type":"article","og_title":"Telas y tejidos: caracter\u00edsticas y usos","og_description":"Una de las se\u00f1as que nos identifican y definen nuestro estilo es la vestimenta. Elegimos con atenci\u00f3n cada pieza de ... Leer m\u00e1s","og_url":"https:\/\/www.emagister.com\/blog\/telas-y-tejidos-caracteristicas-y-usos\/","og_site_name":"Blog Emagister","article_publisher":"https:\/\/www.facebook.com\/Emagister\/","article_published_time":"2019-08-05T14:22:40+00:00","article_modified_time":"2021-05-21T12:11:37+00:00","og_image":[{"width":724,"height":483,"url":"https:\/\/www.emagister.com\/blog\/wp-content\/uploads\/2019\/07\/GettyImages-105680592.jpg","type":"image\/jpeg"}],"author":"Martina Scalera","twitter_card":"summary_large_image","twitter_creator":"@emagister","twitter_site":"@emagister","twitter_misc":{"Escrito por":"Martina Scalera","Tiempo de lectura":"5 minutos"},"schema":{"@context":"https:\/\/schema.org","@graph":[{"@type":"Article","@id":"https:\/\/www.emagister.com\/blog\/telas-y-tejidos-caracteristicas-y-usos\/#article","isPartOf":{"@id":"https:\/\/www.emagister.com\/blog\/telas-y-tejidos-caracteristicas-y-usos\/"},"author":{"name":"Martina Scalera","@id":"https:\/\/www.emagister.com\/blog\/#\/schema\/person\/eb679c7a75ca9b41e5e92d695c9e9b42"},"headline":"Telas y tejidos: caracter\u00edsticas y usos","datePublished":"2019-08-05T14:22:40+00:00","dateModified":"2021-05-21T12:11:37+00:00","mainEntityOfPage":{"@id":"https:\/\/www.emagister.com\/blog\/telas-y-tejidos-caracteristicas-y-usos\/"},"wordCount":1033,"commentCount":0,"publisher":{"@id":"https:\/\/www.emagister.com\/blog\/#organization"},"image":{"@id":"https:\/\/www.emagister.com\/blog\/telas-y-tejidos-caracteristicas-y-usos\/#primaryimage"},"thumbnailUrl":"https:\/\/www.emagister.com\/blog\/wp-content\/uploads\/2019\/07\/GettyImages-105680592.jpg","keywords":["Noticias de centros de formaci\u00f3n","creaci\u00f3n de moda","centros de formaci\u00f3m","dise\u00f1ador de moda","noticiasElPais","noticias de centros","99997192958079401036578245632319","ij_sector_center_99997192958079401036578245632319_16"],"articleSection":["Nuestros clientes"],"inLanguage":"es","potentialAction":[{"@type":"CommentAction","name":"Comment","target":["https:\/\/www.emagister.com\/blog\/telas-y-tejidos-caracteristicas-y-usos\/#respond"]}]},{"@type":"WebPage","@id":"https:\/\/www.emagister.com\/blog\/telas-y-tejidos-caracteristicas-y-usos\/","url":"https:\/\/www.emagister.com\/blog\/telas-y-tejidos-caracteristicas-y-usos\/","name":"Telas y tejidos: caracter\u00edsticas y usos - Blog Emagister","isPartOf":{"@id":"https:\/\/www.emagister.com\/blog\/#website"},"primaryImageOfPage":{"@id":"https:\/\/www.emagister.com\/blog\/telas-y-tejidos-caracteristicas-y-usos\/#primaryimage"},"image":{"@id":"https:\/\/www.emagister.com\/blog\/telas-y-tejidos-caracteristicas-y-usos\/#primaryimage"},"thumbnailUrl":"https:\/\/www.emagister.com\/blog\/wp-content\/uploads\/2019\/07\/GettyImages-105680592.jpg","datePublished":"2019-08-05T14:22:40+00:00","dateModified":"2021-05-21T12:11:37+00:00","breadcrumb":{"@id":"https:\/\/www.emagister.com\/blog\/telas-y-tejidos-caracteristicas-y-usos\/#breadcrumb"},"inLanguage":"es","potentialAction":[{"@type":"ReadAction","target":["https:\/\/www.emagister.com\/blog\/telas-y-tejidos-caracteristicas-y-usos\/"]}]},{"@type":"ImageObject","inLanguage":"es","@id":"https:\/\/www.emagister.com\/blog\/telas-y-tejidos-caracteristicas-y-usos\/#primaryimage","url":"https:\/\/www.emagister.com\/blog\/wp-content\/uploads\/2019\/07\/GettyImages-105680592.jpg","contentUrl":"https:\/\/www.emagister.com\/blog\/wp-content\/uploads\/2019\/07\/GettyImages-105680592.jpg","width":724,"height":483,"caption":"Silk scarves from India in a marketplace."},{"@type":"BreadcrumbList","@id":"https:\/\/www.emagister.com\/blog\/telas-y-tejidos-caracteristicas-y-usos\/#breadcrumb","itemListElement":[{"@type":"ListItem","position":1,"name":"Blog Emagister","item":"https:\/\/www.emagister.com\/blog\/"},{"@type":"ListItem","position":2,"name":"Nuestros clientes","item":"https:\/\/www.emagister.com\/blog\/nuestros-clientes\/"},{"@type":"ListItem","position":3,"name":"Telas y tejidos: caracter\u00edsticas y usos"}]},{"@type":"WebSite","@id":"https:\/\/www.emagister.com\/blog\/#website","url":"https:\/\/www.emagister.com\/blog\/","name":"Blog Emagister","description":"Gu\u00eda de orientaci\u00f3n sobre estudios y tendencias de formaci\u00f3n","publisher":{"@id":"https:\/\/www.emagister.com\/blog\/#organization"},"potentialAction":[{"@type":"SearchAction","target":{"@type":"EntryPoint","urlTemplate":"https:\/\/www.emagister.com\/blog\/?s={search_term_string}"},"query-input":{"@type":"PropertyValueSpecification","valueRequired":true,"valueName":"search_term_string"}}],"inLanguage":"es"},{"@type":"Organization","@id":"https:\/\/www.emagister.com\/blog\/#organization","name":"Emagister","url":"https:\/\/www.emagister.com\/blog\/","logo":{"@type":"ImageObject","inLanguage":"es","@id":"https:\/\/www.emagister.com\/blog\/#\/schema\/logo\/image\/","url":"https:\/\/www.emagister.com\/blog\/wp-content\/uploads\/2017\/02\/photo.png","contentUrl":"https:\/\/www.emagister.com\/blog\/wp-content\/uploads\/2017\/02\/photo.png","width":120,"height":120,"caption":"Emagister"},"image":{"@id":"https:\/\/www.emagister.com\/blog\/#\/schema\/logo\/image\/"},"sameAs":["https:\/\/www.facebook.com\/Emagister\/","https:\/\/x.com\/emagister","https:\/\/www.instagram.com\/emagister\/","https:\/\/www.linkedin.com\/company\/emagister-com\/","https:\/\/www.pinterest.es\/emagister\/","https:\/\/www.youtube.com\/user\/emagister\/","https:\/\/es.wikipedia.org\/wiki\/Emagister"]},{"@type":"Person","@id":"https:\/\/www.emagister.com\/blog\/#\/schema\/person\/eb679c7a75ca9b41e5e92d695c9e9b42","name":"Martina Scalera","image":{"@type":"ImageObject","inLanguage":"es","@id":"https:\/\/www.emagister.com\/blog\/#\/schema\/person\/image\/","url":"https:\/\/secure.gravatar.com\/avatar\/5ea48f9b87a2604b534b2e0df6ac13b48f12f6a5bf52f5d37c62d63ca9ac3637?s=96&r=g","contentUrl":"https:\/\/secure.gravatar.com\/avatar\/5ea48f9b87a2604b534b2e0df6ac13b48f12f6a5bf52f5d37c62d63ca9ac3637?s=96&r=g","caption":"Martina Scalera"},"url":"https:\/\/www.emagister.com\/blog\/author\/mscalera\/"}]}},"_links":{"self":[{"href":"https:\/\/www.emagister.com\/blog\/wp-json\/wp\/v2\/posts\/90012","targetHints":{"allow":["GET"]}}],"collection":[{"href":"https:\/\/www.emagister.com\/blog\/wp-json\/wp\/v2\/posts"}],"about":[{"href":"https:\/\/www.emagister.com\/blog\/wp-json\/wp\/v2\/types\/post"}],"author":[{"embeddable":true,"href":"https:\/\/www.emagister.com\/blog\/wp-json\/wp\/v2\/users\/283"}],"replies":[{"embeddable":true,"href":"https:\/\/www.emagister.com\/blog\/wp-json\/wp\/v2\/comments?post=90012"}],"version-history":[{"count":2,"href":"https:\/\/www.emagister.com\/blog\/wp-json\/wp\/v2\/posts\/90012\/revisions"}],"predecessor-version":[{"id":128561,"href":"https:\/\/www.emagister.com\/blog\/wp-json\/wp\/v2\/posts\/90012\/revisions\/128561"}],"wp:featuredmedia":[{"embeddable":true,"href":"https:\/\/www.emagister.com\/blog\/wp-json\/wp\/v2\/media\/90404"}],"wp:attachment":[{"href":"https:\/\/www.emagister.com\/blog\/wp-json\/wp\/v2\/media?parent=90012"}],"wp:term":[{"taxonomy":"category","embeddable":true,"href":"https:\/\/www.emagister.com\/blog\/wp-json\/wp\/v2\/categories?post=90012"},{"taxonomy":"post_tag","embeddable":true,"href":"https:\/\/www.emagister.com\/blog\/wp-json\/wp\/v2\/tags?post=90012"}],"curies":[{"name":"wp","href":"https:\/\/api.w.org\/{rel}","templated":true}]}}