{"id":92111,"date":"2019-09-09T15:20:31","date_gmt":"2019-09-09T13:20:31","guid":{"rendered":"https:\/\/www.emagister.com\/blog\/?p=92111"},"modified":"2021-05-03T12:00:42","modified_gmt":"2021-05-03T10:00:42","slug":"soluciones-de-empleabilidad-salud-y-tecnologia-un-futuro-digital","status":"publish","type":"post","link":"https:\/\/www.emagister.com\/blog\/soluciones-de-empleabilidad-salud-y-tecnologia-un-futuro-digital\/","title":{"rendered":"Soluciones de empleabilidad: salud y tecnolog\u00eda, un futuro digital"},"content":{"rendered":"<p>El pasado mi\u00e9rcoles, el peri\u00f3dico <em><strong>El Pa\u00eds <\/strong><\/em>public\u00f3 en su apartado dedicado a la formaci\u00f3n una nota sobre las profesiones que triunfar\u00e1n el pr\u00f3ximo a\u00f1o 2020. Entre ellas, se destac\u00f3 principalmente a los sectores de la salud y la tecnolog\u00eda. Cuando lleg\u00f3 el turno de hablar sobre empleabilidad y formaci\u00f3n online, la posta la tom\u00f3 Joan Ram\u00f3n Castell\u00f3, CMO &amp; Co-Founder de <strong>Emagister<\/strong>, quien dio precisiones al respecto.<\/p>\n<hr \/>\n<p><!--more--><\/p>\n<p lang=\"ES-ES\" xml:lang=\"ES-ES\"><em>El Pa\u00eds<\/em>\u00a0comenz\u00f3 a indagar en las profesiones que mayor perspectiva laboral presentar\u00edan de cara al futuro. All\u00ed destac\u00f3, principalmente, a la salud y la tecnolog\u00eda como las dos ramas que mayor crecimiento presentar\u00e1n en el mediano y largo plazo.<\/p>\n<p lang=\"ES-ES\" xml:lang=\"ES-ES\">\u00bfQu\u00e9 debe pesar m\u00e1s a la hora de escoger los estudios superiores: la vocaci\u00f3n personal o las salidas profesionales posibles?, se preguntaron desde <em>El Pa\u00eds. L<\/em>a respuesta qued\u00f3 en manos de diferentes expertos, quienes dieron su mirada desde distintos \u00e1ngulos. \u201cLo importante es que la gente se forme en lo que verdaderamente quiere, y en lo que crea que puede ser bueno. No es recomendable que estudien algo solo por la empleabilidad, sino tambi\u00e9n por la vocaci\u00f3n; lo ideal es que encuentren un equilibrio entre estos dos factores\u201d, explic\u00f3 Joan Ram\u00f3n Castell\u00f3, director de Marketing y\u00a0cofundador de <strong>Emagister<\/strong>.<\/p>\n<p lang=\"ES-ES\" xml:lang=\"ES-ES\">Mientras que, cuando se pregunt\u00f3 por el gran crecimiento de la formaci\u00f3n online, Joan Ram\u00f3n explic\u00f3 que el usuario\u00a0\u201cque usa este tipo de formaci\u00f3n como una palanca de ascenso profesional o como complemento para obtener m\u00e1s y mejores habilidades y, con ello, nuevas oportunidades dentro del competitivo mundo laboral\u201d.<\/p>\n<p lang=\"ES-ES\" xml:lang=\"ES-ES\">Agradecemos a <em>El Pa\u00eds<\/em>\u00a0por esta grata menci\u00f3n y los invitamos a leer la nota completa haciendo clic en el siguiente <strong>enlace<\/strong>.<\/p>\n<div class=\"courses\"><div class=\"course\"><div class=\"inside\"><a href=\"https:\/\/www.emagister.com\/formacion-laboral-ocupacional-cursos-3461037.htm\" class=\"course_name directory\">FORMACI\u00d3N LABORAL Y OCUPACIONAL<\/a><div class=\"course_center\">Carval Formacion sl<\/div><div class=\"course_rating\"><i class=\"course_rating_star\"><\/i><\/div><div class=\"course_price\">189 \u20ac<\/div><a href=\"https:\/\/www.emagister.com\/formacion-laboral-ocupacional-cursos-3461037.htm\" class=\"course_button directory\">Ver m\u00e1s<\/a><\/div><\/div><div class=\"course\"><div class=\"inside\"><a href=\"https:\/\/www.emagister.com\/manipulacion-productos-quimicos-limpieza-desinfeccion-cursos-3644590.htm\" class=\"course_name directory\">Manipulaci\u00f3n de Productos Qu\u00edmicos, Limpieza y Desinfecci\u00f3n<\/a><div class=\"course_center\">EMSEMUL, S.L.<\/div><div class=\"course_rating\"><svg fill=\"none\" height=\"13\" viewBox=\"0 0 13 13\" width=\"13\" xmlns=\"http:\/\/www.w3.org\/2000\/svg\"><path d=\"m5.79999.990059-1.58 3.220001-3.549999.52c-.6399996.09-.9.87-.43 1.32l2.559999 2.51-.6 3.53004c-.11.64.56 1.12 1.13.82l3.18-1.67v-10.680041c-.29 0-.56.14-.71.43z\" fill=\"#f5ba41\"\/><path d=\"m10.8 12.0901-.6-3.53004 2.57-2.5c.46-.45.21-1.23-.43-1.33l-3.56-.52-1.58-3.220001c-.15-.28-.42-.43-.7-.43v10.680041l3.18 1.67c.56.3 1.23-.18 1.12-.82z\" fill=\"#e5e5e5\"\/><\/svg><\/i><svg fill=\"none\" height=\"13\" viewBox=\"0 0 13 13\" width=\"13\" xmlns=\"http:\/\/www.w3.org\/2000\/svg\"><path d=\"m5.79999.990059-1.58 3.220001-3.549999.52c-.6399996.09-.9.87-.43 1.32l2.559999 2.51-.6 3.53004c-.11.64.56 1.12 1.13.82l3.18-1.67v-10.680041c-.29 0-.56.14-.71.43z\" fill=\"#f5ba41\"\/><path d=\"m10.8 12.0901-.6-3.53004 2.57-2.5c.46-.45.21-1.23-.43-1.33l-3.56-.52-1.58-3.220001c-.15-.28-.42-.43-.7-.43v10.680041l3.18 1.67c.56.3 1.23-.18 1.12-.82z\" fill=\"#e5e5e5\"\/><\/svg><\/i><svg fill=\"none\" height=\"13\" viewBox=\"0 0 13 13\" width=\"13\" xmlns=\"http:\/\/www.w3.org\/2000\/svg\"><path d=\"m5.79999.990059-1.58 3.220001-3.549999.52c-.6399996.09-.9.87-.43 1.32l2.559999 2.51-.6 3.53004c-.11.64.56 1.12 1.13.82l3.18-1.67v-10.680041c-.29 0-.56.14-.71.43z\" fill=\"#f5ba41\"\/><path d=\"m10.8 12.0901-.6-3.53004 2.57-2.5c.46-.45.21-1.23-.43-1.33l-3.56-.52-1.58-3.220001c-.15-.28-.42-.43-.7-.43v10.680041l3.18 1.67c.56.3 1.23-.18 1.12-.82z\" fill=\"#e5e5e5\"\/><\/svg><\/i><svg fill=\"none\" height=\"13\" viewBox=\"0 0 13 13\" width=\"13\" xmlns=\"http:\/\/www.w3.org\/2000\/svg\"><path d=\"m5.79999.990059-1.58 3.220001-3.549999.52c-.6399996.09-.9.87-.43 1.32l2.559999 2.51-.6 3.53004c-.11.64.56 1.12 1.13.82l3.18-1.67v-10.680041c-.29 0-.56.14-.71.43z\" fill=\"#f5ba41\"\/><path d=\"m10.8 12.0901-.6-3.53004 2.57-2.5c.46-.45.21-1.23-.43-1.33l-3.56-.52-1.58-3.220001c-.15-.28-.42-.43-.7-.43v10.680041l3.18 1.67c.56.3 1.23-.18 1.12-.82z\" fill=\"#e5e5e5\"\/><\/svg><\/i><svg fill=\"none\" height=\"13\" viewBox=\"0 0 13 13\" width=\"13\" xmlns=\"http:\/\/www.w3.org\/2000\/svg\"><path d=\"m5.79999.990059-1.58 3.220001-3.549999.52c-.6399996.09-.9.87-.43 1.32l2.559999 2.51-.6 3.53004c-.11.64.56 1.12 1.13.82l3.18-1.67v-10.680041c-.29 0-.56.14-.71.43z\" fill=\"#f5ba41\"\/><path d=\"m10.8 12.0901-.6-3.53004 2.57-2.5c.46-.45.21-1.23-.43-1.33l-3.56-.52-1.58-3.220001c-.15-.28-.42-.43-.7-.43v10.680041l3.18 1.67c.56.3 1.23-.18 1.12-.82z\" fill=\"#e5e5e5\"\/><\/svg><\/i><\/div><div class=\"course_price\">116 \u20ac<\/div><a href=\"https:\/\/www.emagister.com\/manipulacion-productos-quimicos-limpieza-desinfeccion-cursos-3644590.htm\" class=\"course_button directory\">Ver m\u00e1s<\/a><\/div><\/div><div class=\"courses_more_wpr\"><span class=\"courses_more directory ofuscado\" onclick=\"window.location.href='https:\/\/www.emagister.com\/web\/search?q=acceso%20profesi\u00f3n&#038;token=668d173c-ff0d-4d4f-bd13-3db820a3b96a&#038;idTipoCurso=1000&#038;segment=1&#038;idTipoImpartAgrupado=3&#038;sort=purePPL';\">Ver todos los cursos<svg height=\"20\" viewBox=\"0 0 20 20\" width=\"20\" xmlns=\"http:\/\/www.w3.org\/2000\/svg\"><path d=\"m12.77 10.332-4.602 4.531c-.184.184-.48.184-.664 0l-.277-.277c-.184-.184-.184-.48 0-.664l3.996-3.922-3.993-3.922c-.183-.183-.183-.48 0-.664l.278-.277c.183-.184.48-.184.664 0l4.601 4.531c.18.184.18.48-.003.664z\" fill=\"#4cb7ac\" fill-rule=\"evenodd\"\/><\/svg><\/span><\/div><\/div>\n","protected":false},"excerpt":{"rendered":"<p>El pasado mi\u00e9rcoles, el peri\u00f3dico El Pa\u00eds public\u00f3 en su apartado dedicado a la formaci\u00f3n una nota sobre las profesiones &#8230; <a title=\"Soluciones de empleabilidad: salud y tecnolog\u00eda, un futuro digital\" class=\"read-more\" href=\"https:\/\/www.emagister.com\/blog\/soluciones-de-empleabilidad-salud-y-tecnologia-un-futuro-digital\/\" aria-label=\"M\u00e1s en Soluciones de empleabilidad: salud y tecnolog\u00eda, un futuro digital\">Leer m\u00e1s<\/a><\/p>\n","protected":false},"author":282,"featured_media":92122,"comment_status":"open","ping_status":"closed","sticky":false,"template":"","format":"standard","meta":{"_acf_changed":false,"inline_featured_image":false,"footnotes":""},"categories":[8335],"tags":[7,1274],"class_list":["post-92111","post","type-post","status-publish","format-standard","has-post-thumbnail","hentry","category-profesiones","tag-emagister","tag-el-pais","generate-columns","tablet-grid-50","mobile-grid-100","grid-parent","grid-25"],"acf":{"mostrar_faldon":"-1","texto_faldon":"","link_faldon":"","link_texto_faldon":"","hreflang":false,"estilo_titulo":"","fecha":"publication"},"yoast_head":"<!-- This site is optimized with the Yoast SEO Premium plugin v18.1 (Yoast SEO v27.0) - https:\/\/yoast.com\/product\/yoast-seo-premium-wordpress\/ -->\n<title>Soluciones de empleabilidad: salud y tecnolog\u00eda, un futuro digital - Blog Emagister<\/title>\n<meta name=\"description\" content=\"En di\u00e1logo con el El Pa\u00eds, Joan Ram\u00f3n Castell\u00f3, co-founder de Emagister, explic\u00f3 la perpectiva del portal en cuanto al crecimiento de la formaci\u00f3n online.\" \/>\n<meta name=\"robots\" content=\"index, follow\" \/>\n<link rel=\"canonical\" href=\"https:\/\/www.emagister.com\/blog\/soluciones-de-empleabilidad-salud-y-tecnologia-un-futuro-digital\/\" \/>\n<meta property=\"og:locale\" content=\"es_ES\" \/>\n<meta property=\"og:type\" content=\"article\" \/>\n<meta property=\"og:title\" content=\"Soluciones de empleabilidad: salud y tecnolog\u00eda, un futuro digital\" \/>\n<meta property=\"og:description\" content=\"En di\u00e1logo con el El Pa\u00eds, Joan Ram\u00f3n Castell\u00f3, co-founder de Emagister, explic\u00f3 la perpectiva del portal en cuanto al crecimiento de la formaci\u00f3n online.\" \/>\n<meta property=\"og:url\" content=\"https:\/\/www.emagister.com\/blog\/soluciones-de-empleabilidad-salud-y-tecnologia-un-futuro-digital\/\" \/>\n<meta property=\"og:site_name\" content=\"Blog Emagister\" \/>\n<meta property=\"article:publisher\" content=\"https:\/\/www.facebook.com\/Emagister\/\" \/>\n<meta property=\"article:published_time\" content=\"2019-09-09T13:20:31+00:00\" \/>\n<meta property=\"article:modified_time\" content=\"2021-05-03T10:00:42+00:00\" \/>\n<meta property=\"og:image\" content=\"https:\/\/www.emagister.com\/blog\/wp-content\/uploads\/2019\/09\/GettyImages-1007730000.jpg\" \/>\n\t<meta property=\"og:image:width\" content=\"724\" \/>\n\t<meta property=\"og:image:height\" content=\"370\" \/>\n\t<meta property=\"og:image:type\" content=\"image\/jpeg\" \/>\n<meta name=\"author\" content=\"Valent\u00edn\" \/>\n<meta name=\"twitter:card\" content=\"summary_large_image\" \/>\n<meta name=\"twitter:creator\" content=\"@emagister\" \/>\n<meta name=\"twitter:site\" content=\"@emagister\" \/>\n<meta name=\"twitter:label1\" content=\"Escrito por\" \/>\n\t<meta name=\"twitter:data1\" content=\"Valent\u00edn\" \/>\n\t<meta name=\"twitter:label2\" content=\"Tiempo de lectura\" \/>\n\t<meta name=\"twitter:data2\" content=\"2 minutos\" \/>\n<script type=\"application\/ld+json\" class=\"yoast-schema-graph\">{\"@context\":\"https:\/\/schema.org\",\"@graph\":[{\"@type\":\"Article\",\"@id\":\"https:\/\/www.emagister.com\/blog\/soluciones-de-empleabilidad-salud-y-tecnologia-un-futuro-digital\/#article\",\"isPartOf\":{\"@id\":\"https:\/\/www.emagister.com\/blog\/soluciones-de-empleabilidad-salud-y-tecnologia-un-futuro-digital\/\"},\"author\":{\"name\":\"Valent\u00edn\",\"@id\":\"https:\/\/www.emagister.com\/blog\/#\/schema\/person\/21aa38c7af5701987bf8168d76799f82\"},\"headline\":\"Soluciones de empleabilidad: salud y tecnolog\u00eda, un futuro digital\",\"datePublished\":\"2019-09-09T13:20:31+00:00\",\"dateModified\":\"2021-05-03T10:00:42+00:00\",\"mainEntityOfPage\":{\"@id\":\"https:\/\/www.emagister.com\/blog\/soluciones-de-empleabilidad-salud-y-tecnologia-un-futuro-digital\/\"},\"wordCount\":338,\"commentCount\":0,\"publisher\":{\"@id\":\"https:\/\/www.emagister.com\/blog\/#organization\"},\"image\":{\"@id\":\"https:\/\/www.emagister.com\/blog\/soluciones-de-empleabilidad-salud-y-tecnologia-un-futuro-digital\/#primaryimage\"},\"thumbnailUrl\":\"https:\/\/www.emagister.com\/blog\/wp-content\/uploads\/2019\/09\/GettyImages-1007730000.jpg\",\"keywords\":[\"emagister\",\"EL PA\u00cdS\"],\"articleSection\":[\"Profesiones con futuro\"],\"inLanguage\":\"es\",\"potentialAction\":[{\"@type\":\"CommentAction\",\"name\":\"Comment\",\"target\":[\"https:\/\/www.emagister.com\/blog\/soluciones-de-empleabilidad-salud-y-tecnologia-un-futuro-digital\/#respond\"]}]},{\"@type\":\"WebPage\",\"@id\":\"https:\/\/www.emagister.com\/blog\/soluciones-de-empleabilidad-salud-y-tecnologia-un-futuro-digital\/\",\"url\":\"https:\/\/www.emagister.com\/blog\/soluciones-de-empleabilidad-salud-y-tecnologia-un-futuro-digital\/\",\"name\":\"Soluciones de empleabilidad: salud y tecnolog\u00eda, un futuro digital - Blog Emagister\",\"isPartOf\":{\"@id\":\"https:\/\/www.emagister.com\/blog\/#website\"},\"primaryImageOfPage\":{\"@id\":\"https:\/\/www.emagister.com\/blog\/soluciones-de-empleabilidad-salud-y-tecnologia-un-futuro-digital\/#primaryimage\"},\"image\":{\"@id\":\"https:\/\/www.emagister.com\/blog\/soluciones-de-empleabilidad-salud-y-tecnologia-un-futuro-digital\/#primaryimage\"},\"thumbnailUrl\":\"https:\/\/www.emagister.com\/blog\/wp-content\/uploads\/2019\/09\/GettyImages-1007730000.jpg\",\"datePublished\":\"2019-09-09T13:20:31+00:00\",\"dateModified\":\"2021-05-03T10:00:42+00:00\",\"description\":\"En di\u00e1logo con el El Pa\u00eds, Joan Ram\u00f3n Castell\u00f3, co-founder de Emagister, explic\u00f3 la perpectiva del portal en cuanto al crecimiento de la formaci\u00f3n online.\",\"breadcrumb\":{\"@id\":\"https:\/\/www.emagister.com\/blog\/soluciones-de-empleabilidad-salud-y-tecnologia-un-futuro-digital\/#breadcrumb\"},\"inLanguage\":\"es\",\"potentialAction\":[{\"@type\":\"ReadAction\",\"target\":[\"https:\/\/www.emagister.com\/blog\/soluciones-de-empleabilidad-salud-y-tecnologia-un-futuro-digital\/\"]}]},{\"@type\":\"ImageObject\",\"inLanguage\":\"es\",\"@id\":\"https:\/\/www.emagister.com\/blog\/soluciones-de-empleabilidad-salud-y-tecnologia-un-futuro-digital\/#primaryimage\",\"url\":\"https:\/\/www.emagister.com\/blog\/wp-content\/uploads\/2019\/09\/GettyImages-1007730000.jpg\",\"contentUrl\":\"https:\/\/www.emagister.com\/blog\/wp-content\/uploads\/2019\/09\/GettyImages-1007730000.jpg\",\"width\":724,\"height\":370},{\"@type\":\"BreadcrumbList\",\"@id\":\"https:\/\/www.emagister.com\/blog\/soluciones-de-empleabilidad-salud-y-tecnologia-un-futuro-digital\/#breadcrumb\",\"itemListElement\":[{\"@type\":\"ListItem\",\"position\":1,\"name\":\"Blog Emagister\",\"item\":\"https:\/\/www.emagister.com\/blog\/\"},{\"@type\":\"ListItem\",\"position\":2,\"name\":\"Profesiones con futuro\",\"item\":\"https:\/\/www.emagister.com\/blog\/profesiones\/\"},{\"@type\":\"ListItem\",\"position\":3,\"name\":\"Soluciones de empleabilidad: salud y tecnolog\u00eda, un futuro digital\"}]},{\"@type\":\"WebSite\",\"@id\":\"https:\/\/www.emagister.com\/blog\/#website\",\"url\":\"https:\/\/www.emagister.com\/blog\/\",\"name\":\"Blog Emagister\",\"description\":\"Gu\u00eda de orientaci\u00f3n sobre estudios y tendencias de formaci\u00f3n\",\"publisher\":{\"@id\":\"https:\/\/www.emagister.com\/blog\/#organization\"},\"potentialAction\":[{\"@type\":\"SearchAction\",\"target\":{\"@type\":\"EntryPoint\",\"urlTemplate\":\"https:\/\/www.emagister.com\/blog\/?s={search_term_string}\"},\"query-input\":{\"@type\":\"PropertyValueSpecification\",\"valueRequired\":true,\"valueName\":\"search_term_string\"}}],\"inLanguage\":\"es\"},{\"@type\":\"Organization\",\"@id\":\"https:\/\/www.emagister.com\/blog\/#organization\",\"name\":\"Emagister\",\"url\":\"https:\/\/www.emagister.com\/blog\/\",\"logo\":{\"@type\":\"ImageObject\",\"inLanguage\":\"es\",\"@id\":\"https:\/\/www.emagister.com\/blog\/#\/schema\/logo\/image\/\",\"url\":\"https:\/\/www.emagister.com\/blog\/wp-content\/uploads\/2017\/02\/photo.png\",\"contentUrl\":\"https:\/\/www.emagister.com\/blog\/wp-content\/uploads\/2017\/02\/photo.png\",\"width\":120,\"height\":120,\"caption\":\"Emagister\"},\"image\":{\"@id\":\"https:\/\/www.emagister.com\/blog\/#\/schema\/logo\/image\/\"},\"sameAs\":[\"https:\/\/www.facebook.com\/Emagister\/\",\"https:\/\/x.com\/emagister\",\"https:\/\/www.instagram.com\/emagister\/\",\"https:\/\/www.linkedin.com\/company\/emagister-com\/\",\"https:\/\/www.pinterest.es\/emagister\/\",\"https:\/\/www.youtube.com\/user\/emagister\/\",\"https:\/\/es.wikipedia.org\/wiki\/Emagister\"]},{\"@type\":\"Person\",\"@id\":\"https:\/\/www.emagister.com\/blog\/#\/schema\/person\/21aa38c7af5701987bf8168d76799f82\",\"name\":\"Valent\u00edn\",\"image\":{\"@type\":\"ImageObject\",\"inLanguage\":\"es\",\"@id\":\"https:\/\/www.emagister.com\/blog\/#\/schema\/person\/image\/\",\"url\":\"https:\/\/secure.gravatar.com\/avatar\/0d706013d8a5d492bff6310eec7d568171ce417a0c0cc85feca0d172e1a67987?s=96&r=g\",\"contentUrl\":\"https:\/\/secure.gravatar.com\/avatar\/0d706013d8a5d492bff6310eec7d568171ce417a0c0cc85feca0d172e1a67987?s=96&r=g\",\"caption\":\"Valent\u00edn\"},\"url\":\"https:\/\/www.emagister.com\/blog\/author\/valentin-jauregi\/\"}]}<\/script>\n<!-- \/ Yoast SEO Premium plugin. -->","yoast_head_json":{"title":"Soluciones de empleabilidad: salud y tecnolog\u00eda, un futuro digital - Blog Emagister","description":"En di\u00e1logo con el El Pa\u00eds, Joan Ram\u00f3n Castell\u00f3, co-founder de Emagister, explic\u00f3 la perpectiva del portal en cuanto al crecimiento de la formaci\u00f3n online.","robots":{"index":"index","follow":"follow"},"canonical":"https:\/\/www.emagister.com\/blog\/soluciones-de-empleabilidad-salud-y-tecnologia-un-futuro-digital\/","og_locale":"es_ES","og_type":"article","og_title":"Soluciones de empleabilidad: salud y tecnolog\u00eda, un futuro digital","og_description":"En di\u00e1logo con el El Pa\u00eds, Joan Ram\u00f3n Castell\u00f3, co-founder de Emagister, explic\u00f3 la perpectiva del portal en cuanto al crecimiento de la formaci\u00f3n online.","og_url":"https:\/\/www.emagister.com\/blog\/soluciones-de-empleabilidad-salud-y-tecnologia-un-futuro-digital\/","og_site_name":"Blog Emagister","article_publisher":"https:\/\/www.facebook.com\/Emagister\/","article_published_time":"2019-09-09T13:20:31+00:00","article_modified_time":"2021-05-03T10:00:42+00:00","og_image":[{"width":724,"height":370,"url":"https:\/\/www.emagister.com\/blog\/wp-content\/uploads\/2019\/09\/GettyImages-1007730000.jpg","type":"image\/jpeg"}],"author":"Valent\u00edn","twitter_card":"summary_large_image","twitter_creator":"@emagister","twitter_site":"@emagister","twitter_misc":{"Escrito por":"Valent\u00edn","Tiempo de lectura":"2 minutos"},"schema":{"@context":"https:\/\/schema.org","@graph":[{"@type":"Article","@id":"https:\/\/www.emagister.com\/blog\/soluciones-de-empleabilidad-salud-y-tecnologia-un-futuro-digital\/#article","isPartOf":{"@id":"https:\/\/www.emagister.com\/blog\/soluciones-de-empleabilidad-salud-y-tecnologia-un-futuro-digital\/"},"author":{"name":"Valent\u00edn","@id":"https:\/\/www.emagister.com\/blog\/#\/schema\/person\/21aa38c7af5701987bf8168d76799f82"},"headline":"Soluciones de empleabilidad: salud y tecnolog\u00eda, un futuro digital","datePublished":"2019-09-09T13:20:31+00:00","dateModified":"2021-05-03T10:00:42+00:00","mainEntityOfPage":{"@id":"https:\/\/www.emagister.com\/blog\/soluciones-de-empleabilidad-salud-y-tecnologia-un-futuro-digital\/"},"wordCount":338,"commentCount":0,"publisher":{"@id":"https:\/\/www.emagister.com\/blog\/#organization"},"image":{"@id":"https:\/\/www.emagister.com\/blog\/soluciones-de-empleabilidad-salud-y-tecnologia-un-futuro-digital\/#primaryimage"},"thumbnailUrl":"https:\/\/www.emagister.com\/blog\/wp-content\/uploads\/2019\/09\/GettyImages-1007730000.jpg","keywords":["emagister","EL PA\u00cdS"],"articleSection":["Profesiones con futuro"],"inLanguage":"es","potentialAction":[{"@type":"CommentAction","name":"Comment","target":["https:\/\/www.emagister.com\/blog\/soluciones-de-empleabilidad-salud-y-tecnologia-un-futuro-digital\/#respond"]}]},{"@type":"WebPage","@id":"https:\/\/www.emagister.com\/blog\/soluciones-de-empleabilidad-salud-y-tecnologia-un-futuro-digital\/","url":"https:\/\/www.emagister.com\/blog\/soluciones-de-empleabilidad-salud-y-tecnologia-un-futuro-digital\/","name":"Soluciones de empleabilidad: salud y tecnolog\u00eda, un futuro digital - Blog Emagister","isPartOf":{"@id":"https:\/\/www.emagister.com\/blog\/#website"},"primaryImageOfPage":{"@id":"https:\/\/www.emagister.com\/blog\/soluciones-de-empleabilidad-salud-y-tecnologia-un-futuro-digital\/#primaryimage"},"image":{"@id":"https:\/\/www.emagister.com\/blog\/soluciones-de-empleabilidad-salud-y-tecnologia-un-futuro-digital\/#primaryimage"},"thumbnailUrl":"https:\/\/www.emagister.com\/blog\/wp-content\/uploads\/2019\/09\/GettyImages-1007730000.jpg","datePublished":"2019-09-09T13:20:31+00:00","dateModified":"2021-05-03T10:00:42+00:00","description":"En di\u00e1logo con el El Pa\u00eds, Joan Ram\u00f3n Castell\u00f3, co-founder de Emagister, explic\u00f3 la perpectiva del portal en cuanto al crecimiento de la formaci\u00f3n online.","breadcrumb":{"@id":"https:\/\/www.emagister.com\/blog\/soluciones-de-empleabilidad-salud-y-tecnologia-un-futuro-digital\/#breadcrumb"},"inLanguage":"es","potentialAction":[{"@type":"ReadAction","target":["https:\/\/www.emagister.com\/blog\/soluciones-de-empleabilidad-salud-y-tecnologia-un-futuro-digital\/"]}]},{"@type":"ImageObject","inLanguage":"es","@id":"https:\/\/www.emagister.com\/blog\/soluciones-de-empleabilidad-salud-y-tecnologia-un-futuro-digital\/#primaryimage","url":"https:\/\/www.emagister.com\/blog\/wp-content\/uploads\/2019\/09\/GettyImages-1007730000.jpg","contentUrl":"https:\/\/www.emagister.com\/blog\/wp-content\/uploads\/2019\/09\/GettyImages-1007730000.jpg","width":724,"height":370},{"@type":"BreadcrumbList","@id":"https:\/\/www.emagister.com\/blog\/soluciones-de-empleabilidad-salud-y-tecnologia-un-futuro-digital\/#breadcrumb","itemListElement":[{"@type":"ListItem","position":1,"name":"Blog Emagister","item":"https:\/\/www.emagister.com\/blog\/"},{"@type":"ListItem","position":2,"name":"Profesiones con futuro","item":"https:\/\/www.emagister.com\/blog\/profesiones\/"},{"@type":"ListItem","position":3,"name":"Soluciones de empleabilidad: salud y tecnolog\u00eda, un futuro digital"}]},{"@type":"WebSite","@id":"https:\/\/www.emagister.com\/blog\/#website","url":"https:\/\/www.emagister.com\/blog\/","name":"Blog Emagister","description":"Gu\u00eda de orientaci\u00f3n sobre estudios y tendencias de formaci\u00f3n","publisher":{"@id":"https:\/\/www.emagister.com\/blog\/#organization"},"potentialAction":[{"@type":"SearchAction","target":{"@type":"EntryPoint","urlTemplate":"https:\/\/www.emagister.com\/blog\/?s={search_term_string}"},"query-input":{"@type":"PropertyValueSpecification","valueRequired":true,"valueName":"search_term_string"}}],"inLanguage":"es"},{"@type":"Organization","@id":"https:\/\/www.emagister.com\/blog\/#organization","name":"Emagister","url":"https:\/\/www.emagister.com\/blog\/","logo":{"@type":"ImageObject","inLanguage":"es","@id":"https:\/\/www.emagister.com\/blog\/#\/schema\/logo\/image\/","url":"https:\/\/www.emagister.com\/blog\/wp-content\/uploads\/2017\/02\/photo.png","contentUrl":"https:\/\/www.emagister.com\/blog\/wp-content\/uploads\/2017\/02\/photo.png","width":120,"height":120,"caption":"Emagister"},"image":{"@id":"https:\/\/www.emagister.com\/blog\/#\/schema\/logo\/image\/"},"sameAs":["https:\/\/www.facebook.com\/Emagister\/","https:\/\/x.com\/emagister","https:\/\/www.instagram.com\/emagister\/","https:\/\/www.linkedin.com\/company\/emagister-com\/","https:\/\/www.pinterest.es\/emagister\/","https:\/\/www.youtube.com\/user\/emagister\/","https:\/\/es.wikipedia.org\/wiki\/Emagister"]},{"@type":"Person","@id":"https:\/\/www.emagister.com\/blog\/#\/schema\/person\/21aa38c7af5701987bf8168d76799f82","name":"Valent\u00edn","image":{"@type":"ImageObject","inLanguage":"es","@id":"https:\/\/www.emagister.com\/blog\/#\/schema\/person\/image\/","url":"https:\/\/secure.gravatar.com\/avatar\/0d706013d8a5d492bff6310eec7d568171ce417a0c0cc85feca0d172e1a67987?s=96&r=g","contentUrl":"https:\/\/secure.gravatar.com\/avatar\/0d706013d8a5d492bff6310eec7d568171ce417a0c0cc85feca0d172e1a67987?s=96&r=g","caption":"Valent\u00edn"},"url":"https:\/\/www.emagister.com\/blog\/author\/valentin-jauregi\/"}]}},"_links":{"self":[{"href":"https:\/\/www.emagister.com\/blog\/wp-json\/wp\/v2\/posts\/92111","targetHints":{"allow":["GET"]}}],"collection":[{"href":"https:\/\/www.emagister.com\/blog\/wp-json\/wp\/v2\/posts"}],"about":[{"href":"https:\/\/www.emagister.com\/blog\/wp-json\/wp\/v2\/types\/post"}],"author":[{"embeddable":true,"href":"https:\/\/www.emagister.com\/blog\/wp-json\/wp\/v2\/users\/282"}],"replies":[{"embeddable":true,"href":"https:\/\/www.emagister.com\/blog\/wp-json\/wp\/v2\/comments?post=92111"}],"version-history":[{"count":1,"href":"https:\/\/www.emagister.com\/blog\/wp-json\/wp\/v2\/posts\/92111\/revisions"}],"predecessor-version":[{"id":125384,"href":"https:\/\/www.emagister.com\/blog\/wp-json\/wp\/v2\/posts\/92111\/revisions\/125384"}],"wp:featuredmedia":[{"embeddable":true,"href":"https:\/\/www.emagister.com\/blog\/wp-json\/wp\/v2\/media\/92122"}],"wp:attachment":[{"href":"https:\/\/www.emagister.com\/blog\/wp-json\/wp\/v2\/media?parent=92111"}],"wp:term":[{"taxonomy":"category","embeddable":true,"href":"https:\/\/www.emagister.com\/blog\/wp-json\/wp\/v2\/categories?post=92111"},{"taxonomy":"post_tag","embeddable":true,"href":"https:\/\/www.emagister.com\/blog\/wp-json\/wp\/v2\/tags?post=92111"}],"curies":[{"name":"wp","href":"https:\/\/api.w.org\/{rel}","templated":true}]}}