{"id":98093,"date":"2022-12-07T11:44:11","date_gmt":"2022-12-07T10:44:11","guid":{"rendered":"https:\/\/www.emagister.com\/blog\/?p=98093"},"modified":"2022-12-07T11:44:13","modified_gmt":"2022-12-07T10:44:13","slug":"como-propulsar-el-desarrollo-personal","status":"publish","type":"post","link":"https:\/\/www.emagister.com\/blog\/como-propulsar-el-desarrollo-personal\/","title":{"rendered":"\u00bfC\u00f3mo propulsar el desarrollo personal?"},"content":{"rendered":"\n<p><span style=\"font-weight: 400;\">Durante un d\u00eda se toman decisiones constantemente, unas m\u00e1s pertinentes que otras, de ah\u00ed la intranquilidad que se sufre ocasionalmente. No siempre se toma la decisi\u00f3n adecuada. Por este motivo puede uno sentirse mal con uno mismo, bajo de motivaci\u00f3n. Y el&nbsp;<\/span><b>desarrollo personal<\/b><span style=\"font-weight: 400;\">&nbsp;<\/span><span style=\"font-weight: 400;\">queda paralizado. \u00bfC\u00f3mo eludirlo? En la publicaci\u00f3n de hoy se har\u00e1 referencia al pensamiento contraf\u00e1ctico, un ejercicio mental b\u00e1sico para rebatir las reflexiones negativas y ver la parte positiva de cada contexto.<\/span><\/p>\n\n\n\n<h2 class=\"wp-block-heading\" id=\"h-pensamiento-contrafactico-para-el-desarrollo-personal\"><span style=\"font-weight: 400;\">Pensamiento contraf\u00e1ctico para el desarrollo personal<\/span><\/h2>\n\n\n\n<p><span style=\"font-weight: 400;\">Todo el mundo se ha preguntado alguna vez c\u00f3mo habr\u00eda sido su vida si hubiese tomado una decisi\u00f3n en lugar de otra. Si una persona se deja influenciar por estos pensamientos, la autoestimna puede verse afectada en gran medida, ya sea para bien o para mal.<\/span><\/p>\n\n\n\n<p><span style=\"font-weight: 400;\">Este ejercicio mental es el que los entendidos llaman&nbsp;<\/span><b>pensamiento contraf\u00e1ctico<\/b><span style=\"font-weight: 400;\">, que no es m\u00e1s que plantear situaciones distintas. El \u00abno saber\u00bb entra dentro del desconocimiento humano perfectamente imperfecto. Esta inquietud puede conllevar un malestar ps\u00edquico, pero tambi\u00e9n puedo aportar ventajas para el desarrollo personal de los humanos.<\/span><\/p>\n\n\n\n<h2 class=\"wp-block-heading\" id=\"h-que-ventajas-tiene-para-la-superacion-personal\"><span style=\"font-weight: 400;\">\u00bfQu\u00e9 ventajas tiene para la superaci\u00f3n personal?<\/span><\/h2>\n\n\n\n<p><span style=\"font-weight: 400;\">Hay que ser conscientes que este tipo de pensamientos pueden ser perjudiciales en cuanto se llega a la obsesi\u00f3n. Pensar que hubiera sido mejor una vida si se hubiera optado por un camino diferente. Es recomendable pararse cuando existe una invasi\u00f3n de pensamientos negativos. Hay que tomar aire y buscar la parte positiva de la situaci\u00f3n, que siempre la hay.<\/span><\/p>\n\n\n\n<p><span style=\"font-weight: 400;\">Para el correcto desarrollo personal, el pensamiento contraf\u00e1ctico ayuda a evitar errores del pasado para no volver a tropezar con la misma piedra. Ayuda, por lo tanto, a reorganizar y prever mejor los pasos a seguir. En estos contextos la experiencia juega un rol clave.<\/span><\/p>\n\n\n<div class=\"wp-block-image\">\n<figure class=\"alignright\"><a href=\"https:\/\/www.emagister.com\/escuela-postgrado-psicologia-psiquiatria-cursos-1138567-centrodetalles.htm\" target=\"_blank\" rel=\"noopener\"><img loading=\"lazy\" decoding=\"async\" width=\"220\" height=\"147\" src=\"https:\/\/www.emagister.com\/blog\/wp-content\/uploads\/2019\/11\/escuela-de-postagrado-de-psicolog\u00eda-y-psiquiatr\u00eda.jpg\" alt=\"\" class=\"wp-image-96443\" srcset=\"https:\/\/www.emagister.com\/blog\/wp-content\/uploads\/2019\/11\/escuela-de-postagrado-de-psicolog\u00eda-y-psiquiatr\u00eda.jpg 220w, https:\/\/www.emagister.com\/blog\/wp-content\/uploads\/2019\/11\/escuela-de-postagrado-de-psicolog\u00eda-y-psiquiatr\u00eda-80x53.jpg 80w\" sizes=\"auto, (max-width: 220px) 100vw, 220px\" \/><\/a><\/figure>\n<\/div>\n\n\n<p><span style=\"font-weight: 400;\">Y no \u00fanicamente ayuda a no cometer antiguos errores sino tambi\u00e9n a sentirse satisfecho de uno mismo, factor clave para el&nbsp;<\/span><b>desarrollo personal<\/b><span style=\"font-weight: 400;\">. En vez de fomentar el pensamiento contraf\u00e1ctico de forma negativa, se debe formular de nuevo y encontrar el lado positivo. Por ejemplo, \u00absi no hubiera enviado el curr\u00edculum a esta empresa, no me habr\u00edan contratado\u00bb. La motivaci\u00f3n necesaria siempre se encuentra mirando hacia adelante.<\/span><\/p>\n\n\n\n<p><span style=\"font-weight: 400;\">\u00bfConoces la <a href=\"https:\/\/www.emagister.com\/escuela-postgrado-psicologia-psiquiatria-cursos-1138567-centrodetalles.htm\" target=\"_blank\" rel=\"noopener\">Escuela de Postgrado de Psicolog\u00eda y Psiquiatr\u00eda<\/a>? Escribe a Emagister si tienes cualquier consulta.<\/span><\/p>\n\n\n\n<p><span style=\"font-weight: 400;\">Si has cursado alg\u00fan curso en la Escuela de Postgrado de Psicolog\u00eda y Psiquiatr\u00eda o est\u00e1s en ello, \u00a1escr\u00edbenos tus vivencias!<\/span><\/p>\n","protected":false},"excerpt":{"rendered":"<p>Durante un d\u00eda se toman decisiones constantemente, unas m\u00e1s pertinentes que otras, de ah\u00ed la intranquilidad que se sufre ocasionalmente. &#8230; <a title=\"\u00bfC\u00f3mo propulsar el desarrollo personal?\" class=\"read-more\" href=\"https:\/\/www.emagister.com\/blog\/como-propulsar-el-desarrollo-personal\/\" aria-label=\"M\u00e1s en \u00bfC\u00f3mo propulsar el desarrollo personal?\">Leer m\u00e1s<\/a><\/p>\n","protected":false},"author":285,"featured_media":98094,"comment_status":"open","ping_status":"closed","sticky":false,"template":"","format":"standard","meta":{"_acf_changed":false,"inline_featured_image":false,"footnotes":""},"categories":[772,785],"tags":[2832,3265,9899,12263],"class_list":["post-98093","post","type-post","status-publish","format-standard","has-post-thumbnail","hentry","category-desarrollo-personal","category-nuestros-clientes","tag-noticias-de-centros-de-formacion","tag-centros-de-formacion","tag-escuela-de-postgrado-de-psicologia-y-psiquiatria","tag-ij_sector_center_99997192958079401036578245618408_140","generate-columns","tablet-grid-50","mobile-grid-100","grid-parent","grid-25"],"acf":{"mostrar_faldon":"1","texto_faldon":"Toda la formaci\u00f3n sobre crecimiento personal","link_faldon":"https:\/\/www.emagister.com\/cursos-crecimiento-personal-tematica-548.htm","link_texto_faldon":"Ver cursos","hreflang":[{"url":""}],"estilo_titulo":"","fecha":"no","noticiasElPais":{"custom_snippet_image":false,"custom_snippet_title":"","custom_snippet_description":""},"noticiasLaVanguardia":{"custom_snippet_image":false,"custom_snippet_title":"","custom_snippet_description":""}},"yoast_head":"<!-- This site is optimized with the Yoast SEO Premium plugin v18.1 (Yoast SEO v27.0) - https:\/\/yoast.com\/product\/yoast-seo-premium-wordpress\/ -->\n<title>\u00bfC\u00f3mo propulsar el desarrollo personal? - Blog Emagister<\/title>\n<meta name=\"description\" content=\"Durante un d\u00eda se toman decisiones constantemente, unas m\u00e1s pertinentes que otras, de ah\u00ed la intranquilidad que se sufre ocasionalmente. No siempre se toma la decisi\u00f3n adecuada. Por este motivo puede uno sentirse mal con uno mismo, bajo de motivaci\u00f3n. Y el\u00a0desarrollo personal\u00a0queda paralizado. \u00bfC\u00f3mo eludirlo? En la publicaci\u00f3n de hoy se har\u00e1 referencia al pensamiento contraf\u00e1ctico, un ejercicio mental b\u00e1sico para rebatir las reflexiones negativas y ver la parte positiva de cada contexto.\" \/>\n<meta name=\"robots\" content=\"index, follow\" \/>\n<link rel=\"canonical\" href=\"https:\/\/www.emagister.com\/blog\/como-propulsar-el-desarrollo-personal\/\" \/>\n<meta property=\"og:locale\" content=\"es_ES\" \/>\n<meta property=\"og:type\" content=\"article\" \/>\n<meta property=\"og:title\" content=\"\u00bfC\u00f3mo propulsar el desarrollo personal?\" \/>\n<meta property=\"og:description\" content=\"Durante un d\u00eda se toman decisiones constantemente, unas m\u00e1s pertinentes que otras, de ah\u00ed la intranquilidad que se sufre ocasionalmente. No siempre se toma la decisi\u00f3n adecuada. Por este motivo puede uno sentirse mal con uno mismo, bajo de motivaci\u00f3n. Y el\u00a0desarrollo personal\u00a0queda paralizado. \u00bfC\u00f3mo eludirlo? En la publicaci\u00f3n de hoy se har\u00e1 referencia al pensamiento contraf\u00e1ctico, un ejercicio mental b\u00e1sico para rebatir las reflexiones negativas y ver la parte positiva de cada contexto.\" \/>\n<meta property=\"og:url\" content=\"https:\/\/www.emagister.com\/blog\/como-propulsar-el-desarrollo-personal\/\" \/>\n<meta property=\"og:site_name\" content=\"Blog Emagister\" \/>\n<meta property=\"article:publisher\" content=\"https:\/\/www.facebook.com\/Emagister\/\" \/>\n<meta property=\"article:published_time\" content=\"2022-12-07T10:44:11+00:00\" \/>\n<meta property=\"article:modified_time\" content=\"2022-12-07T10:44:13+00:00\" \/>\n<meta property=\"og:image\" content=\"https:\/\/www.emagister.com\/blog\/wp-content\/uploads\/2019\/12\/Desarrollo-personal.png\" \/>\n\t<meta property=\"og:image:width\" content=\"1430\" \/>\n\t<meta property=\"og:image:height\" content=\"942\" \/>\n\t<meta property=\"og:image:type\" content=\"image\/png\" \/>\n<meta name=\"author\" content=\"Blog Emagister\" \/>\n<meta name=\"twitter:card\" content=\"summary_large_image\" \/>\n<meta name=\"twitter:creator\" content=\"@emagister\" \/>\n<meta name=\"twitter:site\" content=\"@emagister\" \/>\n<meta name=\"twitter:label1\" content=\"Escrito por\" \/>\n\t<meta name=\"twitter:data1\" content=\"Blog Emagister\" \/>\n\t<meta name=\"twitter:label2\" content=\"Tiempo de lectura\" \/>\n\t<meta name=\"twitter:data2\" content=\"2 minutos\" \/>\n<script type=\"application\/ld+json\" class=\"yoast-schema-graph\">{\"@context\":\"https:\/\/schema.org\",\"@graph\":[{\"@type\":\"Article\",\"@id\":\"https:\/\/www.emagister.com\/blog\/como-propulsar-el-desarrollo-personal\/#article\",\"isPartOf\":{\"@id\":\"https:\/\/www.emagister.com\/blog\/como-propulsar-el-desarrollo-personal\/\"},\"author\":{\"name\":\"Blog Emagister\",\"@id\":\"https:\/\/www.emagister.com\/blog\/#\/schema\/person\/776af158d79a20bccf84defca072a501\"},\"headline\":\"\u00bfC\u00f3mo propulsar el desarrollo personal?\",\"datePublished\":\"2022-12-07T10:44:11+00:00\",\"dateModified\":\"2022-12-07T10:44:13+00:00\",\"mainEntityOfPage\":{\"@id\":\"https:\/\/www.emagister.com\/blog\/como-propulsar-el-desarrollo-personal\/\"},\"wordCount\":435,\"commentCount\":0,\"publisher\":{\"@id\":\"https:\/\/www.emagister.com\/blog\/#organization\"},\"image\":{\"@id\":\"https:\/\/www.emagister.com\/blog\/como-propulsar-el-desarrollo-personal\/#primaryimage\"},\"thumbnailUrl\":\"https:\/\/www.emagister.com\/blog\/wp-content\/uploads\/2019\/12\/Desarrollo-personal.png\",\"keywords\":[\"Noticias de centros de formaci\u00f3n\",\"Centros de formaci\u00f3n\",\"Escuela de Postgrado de Psicolog\u00eda y Psiquiatr\u00eda\",\"ij_sector_center_99997192958079401036578245618408_140\"],\"articleSection\":[\"Desarrollo personal\",\"Nuestros clientes\"],\"inLanguage\":\"es\",\"potentialAction\":[{\"@type\":\"CommentAction\",\"name\":\"Comment\",\"target\":[\"https:\/\/www.emagister.com\/blog\/como-propulsar-el-desarrollo-personal\/#respond\"]}]},{\"@type\":\"WebPage\",\"@id\":\"https:\/\/www.emagister.com\/blog\/como-propulsar-el-desarrollo-personal\/\",\"url\":\"https:\/\/www.emagister.com\/blog\/como-propulsar-el-desarrollo-personal\/\",\"name\":\"\u00bfC\u00f3mo propulsar el desarrollo personal? - Blog Emagister\",\"isPartOf\":{\"@id\":\"https:\/\/www.emagister.com\/blog\/#website\"},\"primaryImageOfPage\":{\"@id\":\"https:\/\/www.emagister.com\/blog\/como-propulsar-el-desarrollo-personal\/#primaryimage\"},\"image\":{\"@id\":\"https:\/\/www.emagister.com\/blog\/como-propulsar-el-desarrollo-personal\/#primaryimage\"},\"thumbnailUrl\":\"https:\/\/www.emagister.com\/blog\/wp-content\/uploads\/2019\/12\/Desarrollo-personal.png\",\"datePublished\":\"2022-12-07T10:44:11+00:00\",\"dateModified\":\"2022-12-07T10:44:13+00:00\",\"description\":\"Durante un d\u00eda se toman decisiones constantemente, unas m\u00e1s pertinentes que otras, de ah\u00ed la intranquilidad que se sufre ocasionalmente. No siempre se toma la decisi\u00f3n adecuada. Por este motivo puede uno sentirse mal con uno mismo, bajo de motivaci\u00f3n. Y el\u00a0desarrollo personal\u00a0queda paralizado. \u00bfC\u00f3mo eludirlo? En la publicaci\u00f3n de hoy se har\u00e1 referencia al pensamiento contraf\u00e1ctico, un ejercicio mental b\u00e1sico para rebatir las reflexiones negativas y ver la parte positiva de cada contexto.\",\"breadcrumb\":{\"@id\":\"https:\/\/www.emagister.com\/blog\/como-propulsar-el-desarrollo-personal\/#breadcrumb\"},\"inLanguage\":\"es\",\"potentialAction\":[{\"@type\":\"ReadAction\",\"target\":[\"https:\/\/www.emagister.com\/blog\/como-propulsar-el-desarrollo-personal\/\"]}]},{\"@type\":\"ImageObject\",\"inLanguage\":\"es\",\"@id\":\"https:\/\/www.emagister.com\/blog\/como-propulsar-el-desarrollo-personal\/#primaryimage\",\"url\":\"https:\/\/www.emagister.com\/blog\/wp-content\/uploads\/2019\/12\/Desarrollo-personal.png\",\"contentUrl\":\"https:\/\/www.emagister.com\/blog\/wp-content\/uploads\/2019\/12\/Desarrollo-personal.png\",\"width\":1430,\"height\":942},{\"@type\":\"BreadcrumbList\",\"@id\":\"https:\/\/www.emagister.com\/blog\/como-propulsar-el-desarrollo-personal\/#breadcrumb\",\"itemListElement\":[{\"@type\":\"ListItem\",\"position\":1,\"name\":\"Blog Emagister\",\"item\":\"https:\/\/www.emagister.com\/blog\/\"},{\"@type\":\"ListItem\",\"position\":2,\"name\":\"Formaci\u00f3n continua\",\"item\":\"https:\/\/www.emagister.com\/blog\/formacion-continua\/\"},{\"@type\":\"ListItem\",\"position\":3,\"name\":\"Desarrollo personal\",\"item\":\"https:\/\/www.emagister.com\/blog\/formacion-continua\/desarrollo-personal\/\"},{\"@type\":\"ListItem\",\"position\":4,\"name\":\"\u00bfC\u00f3mo propulsar el desarrollo personal?\"}]},{\"@type\":\"WebSite\",\"@id\":\"https:\/\/www.emagister.com\/blog\/#website\",\"url\":\"https:\/\/www.emagister.com\/blog\/\",\"name\":\"Blog Emagister\",\"description\":\"Gu\u00eda de orientaci\u00f3n sobre estudios y tendencias de formaci\u00f3n\",\"publisher\":{\"@id\":\"https:\/\/www.emagister.com\/blog\/#organization\"},\"potentialAction\":[{\"@type\":\"SearchAction\",\"target\":{\"@type\":\"EntryPoint\",\"urlTemplate\":\"https:\/\/www.emagister.com\/blog\/?s={search_term_string}\"},\"query-input\":{\"@type\":\"PropertyValueSpecification\",\"valueRequired\":true,\"valueName\":\"search_term_string\"}}],\"inLanguage\":\"es\"},{\"@type\":\"Organization\",\"@id\":\"https:\/\/www.emagister.com\/blog\/#organization\",\"name\":\"Emagister\",\"url\":\"https:\/\/www.emagister.com\/blog\/\",\"logo\":{\"@type\":\"ImageObject\",\"inLanguage\":\"es\",\"@id\":\"https:\/\/www.emagister.com\/blog\/#\/schema\/logo\/image\/\",\"url\":\"https:\/\/www.emagister.com\/blog\/wp-content\/uploads\/2017\/02\/photo.png\",\"contentUrl\":\"https:\/\/www.emagister.com\/blog\/wp-content\/uploads\/2017\/02\/photo.png\",\"width\":120,\"height\":120,\"caption\":\"Emagister\"},\"image\":{\"@id\":\"https:\/\/www.emagister.com\/blog\/#\/schema\/logo\/image\/\"},\"sameAs\":[\"https:\/\/www.facebook.com\/Emagister\/\",\"https:\/\/x.com\/emagister\",\"https:\/\/www.instagram.com\/emagister\/\",\"https:\/\/www.linkedin.com\/company\/emagister-com\/\",\"https:\/\/www.pinterest.es\/emagister\/\",\"https:\/\/www.youtube.com\/user\/emagister\/\",\"https:\/\/es.wikipedia.org\/wiki\/Emagister\"]},{\"@type\":\"Person\",\"@id\":\"https:\/\/www.emagister.com\/blog\/#\/schema\/person\/776af158d79a20bccf84defca072a501\",\"name\":\"Blog Emagister\",\"image\":{\"@type\":\"ImageObject\",\"inLanguage\":\"es\",\"@id\":\"https:\/\/www.emagister.com\/blog\/#\/schema\/person\/image\/\",\"url\":\"https:\/\/secure.gravatar.com\/avatar\/44dc9fc526e06eb47a16c88f9b66a081ab656cfa8d8ad442778aa78886bdaff1?s=96&r=g\",\"contentUrl\":\"https:\/\/secure.gravatar.com\/avatar\/44dc9fc526e06eb47a16c88f9b66a081ab656cfa8d8ad442778aa78886bdaff1?s=96&r=g\",\"caption\":\"Blog Emagister\"},\"url\":\"https:\/\/www.emagister.com\/blog\/author\/blog-emagister\/\"}]}<\/script>\n<!-- \/ Yoast SEO Premium plugin. -->","yoast_head_json":{"title":"\u00bfC\u00f3mo propulsar el desarrollo personal? - Blog Emagister","description":"Durante un d\u00eda se toman decisiones constantemente, unas m\u00e1s pertinentes que otras, de ah\u00ed la intranquilidad que se sufre ocasionalmente. No siempre se toma la decisi\u00f3n adecuada. Por este motivo puede uno sentirse mal con uno mismo, bajo de motivaci\u00f3n. Y el\u00a0desarrollo personal\u00a0queda paralizado. \u00bfC\u00f3mo eludirlo? En la publicaci\u00f3n de hoy se har\u00e1 referencia al pensamiento contraf\u00e1ctico, un ejercicio mental b\u00e1sico para rebatir las reflexiones negativas y ver la parte positiva de cada contexto.","robots":{"index":"index","follow":"follow"},"canonical":"https:\/\/www.emagister.com\/blog\/como-propulsar-el-desarrollo-personal\/","og_locale":"es_ES","og_type":"article","og_title":"\u00bfC\u00f3mo propulsar el desarrollo personal?","og_description":"Durante un d\u00eda se toman decisiones constantemente, unas m\u00e1s pertinentes que otras, de ah\u00ed la intranquilidad que se sufre ocasionalmente. No siempre se toma la decisi\u00f3n adecuada. Por este motivo puede uno sentirse mal con uno mismo, bajo de motivaci\u00f3n. Y el\u00a0desarrollo personal\u00a0queda paralizado. \u00bfC\u00f3mo eludirlo? En la publicaci\u00f3n de hoy se har\u00e1 referencia al pensamiento contraf\u00e1ctico, un ejercicio mental b\u00e1sico para rebatir las reflexiones negativas y ver la parte positiva de cada contexto.","og_url":"https:\/\/www.emagister.com\/blog\/como-propulsar-el-desarrollo-personal\/","og_site_name":"Blog Emagister","article_publisher":"https:\/\/www.facebook.com\/Emagister\/","article_published_time":"2022-12-07T10:44:11+00:00","article_modified_time":"2022-12-07T10:44:13+00:00","og_image":[{"width":1430,"height":942,"url":"https:\/\/www.emagister.com\/blog\/wp-content\/uploads\/2019\/12\/Desarrollo-personal.png","type":"image\/png"}],"author":"Blog Emagister","twitter_card":"summary_large_image","twitter_creator":"@emagister","twitter_site":"@emagister","twitter_misc":{"Escrito por":"Blog Emagister","Tiempo de lectura":"2 minutos"},"schema":{"@context":"https:\/\/schema.org","@graph":[{"@type":"Article","@id":"https:\/\/www.emagister.com\/blog\/como-propulsar-el-desarrollo-personal\/#article","isPartOf":{"@id":"https:\/\/www.emagister.com\/blog\/como-propulsar-el-desarrollo-personal\/"},"author":{"name":"Blog Emagister","@id":"https:\/\/www.emagister.com\/blog\/#\/schema\/person\/776af158d79a20bccf84defca072a501"},"headline":"\u00bfC\u00f3mo propulsar el desarrollo personal?","datePublished":"2022-12-07T10:44:11+00:00","dateModified":"2022-12-07T10:44:13+00:00","mainEntityOfPage":{"@id":"https:\/\/www.emagister.com\/blog\/como-propulsar-el-desarrollo-personal\/"},"wordCount":435,"commentCount":0,"publisher":{"@id":"https:\/\/www.emagister.com\/blog\/#organization"},"image":{"@id":"https:\/\/www.emagister.com\/blog\/como-propulsar-el-desarrollo-personal\/#primaryimage"},"thumbnailUrl":"https:\/\/www.emagister.com\/blog\/wp-content\/uploads\/2019\/12\/Desarrollo-personal.png","keywords":["Noticias de centros de formaci\u00f3n","Centros de formaci\u00f3n","Escuela de Postgrado de Psicolog\u00eda y Psiquiatr\u00eda","ij_sector_center_99997192958079401036578245618408_140"],"articleSection":["Desarrollo personal","Nuestros clientes"],"inLanguage":"es","potentialAction":[{"@type":"CommentAction","name":"Comment","target":["https:\/\/www.emagister.com\/blog\/como-propulsar-el-desarrollo-personal\/#respond"]}]},{"@type":"WebPage","@id":"https:\/\/www.emagister.com\/blog\/como-propulsar-el-desarrollo-personal\/","url":"https:\/\/www.emagister.com\/blog\/como-propulsar-el-desarrollo-personal\/","name":"\u00bfC\u00f3mo propulsar el desarrollo personal? - Blog Emagister","isPartOf":{"@id":"https:\/\/www.emagister.com\/blog\/#website"},"primaryImageOfPage":{"@id":"https:\/\/www.emagister.com\/blog\/como-propulsar-el-desarrollo-personal\/#primaryimage"},"image":{"@id":"https:\/\/www.emagister.com\/blog\/como-propulsar-el-desarrollo-personal\/#primaryimage"},"thumbnailUrl":"https:\/\/www.emagister.com\/blog\/wp-content\/uploads\/2019\/12\/Desarrollo-personal.png","datePublished":"2022-12-07T10:44:11+00:00","dateModified":"2022-12-07T10:44:13+00:00","description":"Durante un d\u00eda se toman decisiones constantemente, unas m\u00e1s pertinentes que otras, de ah\u00ed la intranquilidad que se sufre ocasionalmente. No siempre se toma la decisi\u00f3n adecuada. Por este motivo puede uno sentirse mal con uno mismo, bajo de motivaci\u00f3n. Y el\u00a0desarrollo personal\u00a0queda paralizado. \u00bfC\u00f3mo eludirlo? En la publicaci\u00f3n de hoy se har\u00e1 referencia al pensamiento contraf\u00e1ctico, un ejercicio mental b\u00e1sico para rebatir las reflexiones negativas y ver la parte positiva de cada contexto.","breadcrumb":{"@id":"https:\/\/www.emagister.com\/blog\/como-propulsar-el-desarrollo-personal\/#breadcrumb"},"inLanguage":"es","potentialAction":[{"@type":"ReadAction","target":["https:\/\/www.emagister.com\/blog\/como-propulsar-el-desarrollo-personal\/"]}]},{"@type":"ImageObject","inLanguage":"es","@id":"https:\/\/www.emagister.com\/blog\/como-propulsar-el-desarrollo-personal\/#primaryimage","url":"https:\/\/www.emagister.com\/blog\/wp-content\/uploads\/2019\/12\/Desarrollo-personal.png","contentUrl":"https:\/\/www.emagister.com\/blog\/wp-content\/uploads\/2019\/12\/Desarrollo-personal.png","width":1430,"height":942},{"@type":"BreadcrumbList","@id":"https:\/\/www.emagister.com\/blog\/como-propulsar-el-desarrollo-personal\/#breadcrumb","itemListElement":[{"@type":"ListItem","position":1,"name":"Blog Emagister","item":"https:\/\/www.emagister.com\/blog\/"},{"@type":"ListItem","position":2,"name":"Formaci\u00f3n continua","item":"https:\/\/www.emagister.com\/blog\/formacion-continua\/"},{"@type":"ListItem","position":3,"name":"Desarrollo personal","item":"https:\/\/www.emagister.com\/blog\/formacion-continua\/desarrollo-personal\/"},{"@type":"ListItem","position":4,"name":"\u00bfC\u00f3mo propulsar el desarrollo personal?"}]},{"@type":"WebSite","@id":"https:\/\/www.emagister.com\/blog\/#website","url":"https:\/\/www.emagister.com\/blog\/","name":"Blog Emagister","description":"Gu\u00eda de orientaci\u00f3n sobre estudios y tendencias de formaci\u00f3n","publisher":{"@id":"https:\/\/www.emagister.com\/blog\/#organization"},"potentialAction":[{"@type":"SearchAction","target":{"@type":"EntryPoint","urlTemplate":"https:\/\/www.emagister.com\/blog\/?s={search_term_string}"},"query-input":{"@type":"PropertyValueSpecification","valueRequired":true,"valueName":"search_term_string"}}],"inLanguage":"es"},{"@type":"Organization","@id":"https:\/\/www.emagister.com\/blog\/#organization","name":"Emagister","url":"https:\/\/www.emagister.com\/blog\/","logo":{"@type":"ImageObject","inLanguage":"es","@id":"https:\/\/www.emagister.com\/blog\/#\/schema\/logo\/image\/","url":"https:\/\/www.emagister.com\/blog\/wp-content\/uploads\/2017\/02\/photo.png","contentUrl":"https:\/\/www.emagister.com\/blog\/wp-content\/uploads\/2017\/02\/photo.png","width":120,"height":120,"caption":"Emagister"},"image":{"@id":"https:\/\/www.emagister.com\/blog\/#\/schema\/logo\/image\/"},"sameAs":["https:\/\/www.facebook.com\/Emagister\/","https:\/\/x.com\/emagister","https:\/\/www.instagram.com\/emagister\/","https:\/\/www.linkedin.com\/company\/emagister-com\/","https:\/\/www.pinterest.es\/emagister\/","https:\/\/www.youtube.com\/user\/emagister\/","https:\/\/es.wikipedia.org\/wiki\/Emagister"]},{"@type":"Person","@id":"https:\/\/www.emagister.com\/blog\/#\/schema\/person\/776af158d79a20bccf84defca072a501","name":"Blog Emagister","image":{"@type":"ImageObject","inLanguage":"es","@id":"https:\/\/www.emagister.com\/blog\/#\/schema\/person\/image\/","url":"https:\/\/secure.gravatar.com\/avatar\/44dc9fc526e06eb47a16c88f9b66a081ab656cfa8d8ad442778aa78886bdaff1?s=96&r=g","contentUrl":"https:\/\/secure.gravatar.com\/avatar\/44dc9fc526e06eb47a16c88f9b66a081ab656cfa8d8ad442778aa78886bdaff1?s=96&r=g","caption":"Blog Emagister"},"url":"https:\/\/www.emagister.com\/blog\/author\/blog-emagister\/"}]}},"_links":{"self":[{"href":"https:\/\/www.emagister.com\/blog\/wp-json\/wp\/v2\/posts\/98093","targetHints":{"allow":["GET"]}}],"collection":[{"href":"https:\/\/www.emagister.com\/blog\/wp-json\/wp\/v2\/posts"}],"about":[{"href":"https:\/\/www.emagister.com\/blog\/wp-json\/wp\/v2\/types\/post"}],"author":[{"embeddable":true,"href":"https:\/\/www.emagister.com\/blog\/wp-json\/wp\/v2\/users\/285"}],"replies":[{"embeddable":true,"href":"https:\/\/www.emagister.com\/blog\/wp-json\/wp\/v2\/comments?post=98093"}],"version-history":[{"count":3,"href":"https:\/\/www.emagister.com\/blog\/wp-json\/wp\/v2\/posts\/98093\/revisions"}],"predecessor-version":[{"id":151645,"href":"https:\/\/www.emagister.com\/blog\/wp-json\/wp\/v2\/posts\/98093\/revisions\/151645"}],"wp:featuredmedia":[{"embeddable":true,"href":"https:\/\/www.emagister.com\/blog\/wp-json\/wp\/v2\/media\/98094"}],"wp:attachment":[{"href":"https:\/\/www.emagister.com\/blog\/wp-json\/wp\/v2\/media?parent=98093"}],"wp:term":[{"taxonomy":"category","embeddable":true,"href":"https:\/\/www.emagister.com\/blog\/wp-json\/wp\/v2\/categories?post=98093"},{"taxonomy":"post_tag","embeddable":true,"href":"https:\/\/www.emagister.com\/blog\/wp-json\/wp\/v2\/tags?post=98093"}],"curies":[{"name":"wp","href":"https:\/\/api.w.org\/{rel}","templated":true}]}}